{"id":24144,"date":"2015-06-04T19:01:54","date_gmt":"2015-06-04T17:01:54","guid":{"rendered":"http:\/\/www.aclanester56.com\/velo\/?p=24144"},"modified":"2015-06-04T19:01:54","modified_gmt":"2015-06-04T17:01:54","slug":"toutes-les-courses-du-week-end-du-6-et-7-juin-2015-a-lac-lanester","status":"publish","type":"post","link":"https:\/\/www.aclanester56.com\/velo\/toutes-les-courses-du-week-end-du-6-et-7-juin-2015-a-lac-lanester\/","title":{"rendered":"Toutes les courses du week end du  6 et 7  Juin 2015 \u00e0 l&rsquo;AC Lanester"},"content":{"rendered":"<p><!--more--><\/p>\n<p>Ce week end ca va encore faire des kilom\u00e8tres \u00e0 L&rsquo;AC Lanester entre La Loire Atlantique (Chateaubriant) , Le finist\u00e8re ( Din\u00e9ault , R\u00e9d\u00e9n\u00e9, Cleden Poher), L&rsquo;ile et Vilaine (Foug\u00e8res) \u00a0et bien entendu le Morbihan (Plouay, St Jean de villenard), les c\u00f4tes d&rsquo;Armor (Le Hingl\u00e9) , Le club sera repr\u00e9sent\u00e9 dans tous les d\u00e9partements bretons !<\/p>\n<p>Souhaitons a tous nos coureurs petits et grands bonne chance et bonne course \u00e0 vous tous \u00a0!<\/p>\n<p>&nbsp;<\/p>\n<p><strong>Chateaubriant \u00a01-2-3+J :<\/strong><\/p>\n<ul>\n<li>BOURGOUGNON STEPHANE<\/li>\n<\/ul>\n<p>&nbsp;<\/p>\n<p><strong>Dineault Dames<\/strong><\/p>\n<ul>\n<li>SEVENO CHLOE<\/li>\n<\/ul>\n<p>&nbsp;<\/p>\n<p><strong>Foug\u00e8res Cadets<\/strong><\/p>\n<ul>\n<li>REVOLT LE BOUEDEC JOHANN<\/li>\n<\/ul>\n<p>&nbsp;<\/p>\n<p><strong>R\u00e9d\u00e9n\u00e9 \u00a03cat \u00a0juniors PC Open<\/strong><\/p>\n<ul>\n<li>LE BAIL HUGO<\/li>\n<li>LE BRUCHEC BENOIT<\/li>\n<li>LE CROM VICTOR<\/li>\n<li>LE GAL JEROME<\/li>\n<li>LE GAL MATHIEU<\/li>\n<li>LE PROVOST ALEXANDRE<\/li>\n<li>MOREAC FLORIAN H<\/li>\n<li>ROUZAU THIBAULT<\/li>\n<li>SELO YOANN<\/li>\n<\/ul>\n<p>&nbsp;<\/p>\n<p><strong>Le Hingl\u00e9 Championnat de Bretagne<\/strong><\/p>\n<ul>\n<li>BOURGOUGNON St\u00e9phane<\/li>\n<li>LE CALVE Gr\u00e9goire<\/li>\n<li>HAYE Benjamin<\/li>\n<li>KERGUEN Jordan<\/li>\n<\/ul>\n<p>&nbsp;<\/p>\n<p><strong>Cleden Poher Piste\u00a0<\/strong><\/p>\n<ul>\n<li>DUVAL Benjamin<\/li>\n<li>BALTENWECK Mewen<\/li>\n<\/ul>\n<p>&nbsp;<\/p>\n<p><strong>Plouay cat 1-2-3 Juniors<\/strong><\/p>\n<ul>\n<li>BALTENWECK MEWEN<\/li>\n<li>LE MOUELLIC ANDY<\/li>\n<li>SIBY MICKAEL H<\/li>\n<li>SINNER CHRISTOPHE<\/li>\n<\/ul>\n<p>&nbsp;<\/p>\n<p><strong>Plouay Cadets\u00a0<\/strong><\/p>\n<ul>\n<li>JUSTUM AXEL<\/li>\n<li>LE CHENADEC ANTOINE<\/li>\n<li>LE CROM CHARLES<\/li>\n<\/ul>\n<p>&nbsp;<\/p>\n<p><strong>Plouay Ecole de Cyclisme<\/strong><\/p>\n<ul>\n<li>CADORET THEOTIME<\/li>\n<li>COUGOULAT NOE<\/li>\n<li>LE COZ ALEXANDRE<\/li>\n<li>LOEZIC LOUENN<\/li>\n<li>LOUSSOUAN LUCAS<\/li>\n<\/ul>\n<p>&nbsp;<\/p>\n<p><strong>Plouay Minimes<\/strong><\/p>\n<ul>\n<li>CADORET THEOTIM<\/li>\n<li>COUGOULAT NOE<\/li>\n<li>LE COZ ALEXANDRE<\/li>\n<li>LOEZIC LOUENN<\/li>\n<li>LOUSSOUAN LUCAS<\/li>\n<\/ul>\n<p>&nbsp;<\/p>\n<p><strong>Plouay Pass<\/strong><\/p>\n<ul>\n<li>LE COZ STEPHANE<\/li>\n<\/ul>\n<p>&nbsp;<\/p>\n<p><strong>St Jean de Villenard<\/strong><\/p>\n<ul>\n<li>ANDRE NATHAN<\/li>\n<\/ul>\n<p>&nbsp;<\/p>\n<p>&nbsp;<\/p>\n","protected":false},"excerpt":{"rendered":"","protected":false},"author":2,"featured_media":24145,"comment_status":"open","ping_status":"open","sticky":false,"template":"","format":"standard","meta":{"ngg_post_thumbnail":0,"footnotes":""},"categories":[5,4,6,74],"tags":[],"class_list":["post-24144","post","type-post","status-publish","format-standard","has-post-thumbnail","hentry","category-ac-lanester-56","category-competitions","category-les-rendez-vous","category-piste"],"yoast_head":"<!-- This site is optimized with the Yoast SEO plugin v27.5 - https:\/\/yoast.com\/product\/yoast-seo-wordpress\/ -->\n<title>Toutes les courses du week end du 6 et 7 Juin 2015 \u00e0 l&#039;AC Lanester - Avenir Cycliste Lanester 56<\/title>\n<meta name=\"robots\" content=\"index, follow, max-snippet:-1, max-image-preview:large, max-video-preview:-1\" \/>\n<link rel=\"canonical\" href=\"https:\/\/www.aclanester56.com\/velo\/toutes-les-courses-du-week-end-du-6-et-7-juin-2015-a-lac-lanester\/\" \/>\n<meta property=\"og:locale\" content=\"fr_FR\" \/>\n<meta property=\"og:type\" content=\"article\" \/>\n<meta property=\"og:title\" content=\"Toutes les courses du week end du 6 et 7 Juin 2015 \u00e0 l&#039;AC Lanester - Avenir Cycliste Lanester 56\" \/>\n<meta property=\"og:url\" content=\"https:\/\/www.aclanester56.com\/velo\/toutes-les-courses-du-week-end-du-6-et-7-juin-2015-a-lac-lanester\/\" \/>\n<meta property=\"og:site_name\" content=\"Avenir Cycliste Lanester 56\" \/>\n<meta property=\"article:publisher\" content=\"https:\/\/www.facebook.com\/pages\/AC-Lanester-56\/190286300991242?fref=ts\" \/>\n<meta property=\"article:published_time\" content=\"2015-06-04T17:01:54+00:00\" \/>\n<meta property=\"og:image\" content=\"https:\/\/www.aclanester56.com\/velo\/wp-content\/uploads\/2015\/06\/route-du-scorff-JB-027.jpg\" \/>\n\t<meta property=\"og:image:width\" content=\"1024\" \/>\n\t<meta property=\"og:image:height\" content=\"687\" \/>\n\t<meta property=\"og:image:type\" content=\"image\/jpeg\" \/>\n<meta name=\"author\" content=\"stephane\" \/>\n<meta name=\"twitter:label1\" content=\"\u00c9crit par\" \/>\n\t<meta name=\"twitter:data1\" content=\"stephane\" \/>\n\t<meta name=\"twitter:label2\" content=\"Dur\u00e9e de lecture estim\u00e9e\" \/>\n\t<meta name=\"twitter:data2\" content=\"1 minute\" \/>\n<script type=\"application\/ld+json\" class=\"yoast-schema-graph\">{\"@context\":\"https:\\\/\\\/schema.org\",\"@graph\":[{\"@type\":\"Article\",\"@id\":\"https:\\\/\\\/www.aclanester56.com\\\/velo\\\/toutes-les-courses-du-week-end-du-6-et-7-juin-2015-a-lac-lanester\\\/#article\",\"isPartOf\":{\"@id\":\"https:\\\/\\\/www.aclanester56.com\\\/velo\\\/toutes-les-courses-du-week-end-du-6-et-7-juin-2015-a-lac-lanester\\\/\"},\"author\":{\"name\":\"stephane\",\"@id\":\"https:\\\/\\\/www.aclanester56.com\\\/velo\\\/#\\\/schema\\\/person\\\/c844661e64a578ca46639cb0ae764de6\"},\"headline\":\"Toutes les courses du week end du 6 et 7 Juin 2015 \u00e0 l&rsquo;AC Lanester\",\"datePublished\":\"2015-06-04T17:01:54+00:00\",\"mainEntityOfPage\":{\"@id\":\"https:\\\/\\\/www.aclanester56.com\\\/velo\\\/toutes-les-courses-du-week-end-du-6-et-7-juin-2015-a-lac-lanester\\\/\"},\"wordCount\":235,\"commentCount\":0,\"publisher\":{\"@id\":\"https:\\\/\\\/www.aclanester56.com\\\/velo\\\/#organization\"},\"image\":{\"@id\":\"https:\\\/\\\/www.aclanester56.com\\\/velo\\\/toutes-les-courses-du-week-end-du-6-et-7-juin-2015-a-lac-lanester\\\/#primaryimage\"},\"thumbnailUrl\":\"https:\\\/\\\/www.aclanester56.com\\\/velo\\\/wp-content\\\/uploads\\\/2015\\\/06\\\/route-du-scorff-JB-027.jpg\",\"articleSection\":[\"AC LANESTER 56\",\"Les comp\u00e9titions\",\"Les rendez-vous\",\"Piste\"],\"inLanguage\":\"fr-FR\",\"potentialAction\":[{\"@type\":\"CommentAction\",\"name\":\"Comment\",\"target\":[\"https:\\\/\\\/www.aclanester56.com\\\/velo\\\/toutes-les-courses-du-week-end-du-6-et-7-juin-2015-a-lac-lanester\\\/#respond\"]}]},{\"@type\":\"WebPage\",\"@id\":\"https:\\\/\\\/www.aclanester56.com\\\/velo\\\/toutes-les-courses-du-week-end-du-6-et-7-juin-2015-a-lac-lanester\\\/\",\"url\":\"https:\\\/\\\/www.aclanester56.com\\\/velo\\\/toutes-les-courses-du-week-end-du-6-et-7-juin-2015-a-lac-lanester\\\/\",\"name\":\"Toutes les courses du week end du 6 et 7 Juin 2015 \u00e0 l'AC Lanester - Avenir Cycliste Lanester 56\",\"isPartOf\":{\"@id\":\"https:\\\/\\\/www.aclanester56.com\\\/velo\\\/#website\"},\"primaryImageOfPage\":{\"@id\":\"https:\\\/\\\/www.aclanester56.com\\\/velo\\\/toutes-les-courses-du-week-end-du-6-et-7-juin-2015-a-lac-lanester\\\/#primaryimage\"},\"image\":{\"@id\":\"https:\\\/\\\/www.aclanester56.com\\\/velo\\\/toutes-les-courses-du-week-end-du-6-et-7-juin-2015-a-lac-lanester\\\/#primaryimage\"},\"thumbnailUrl\":\"https:\\\/\\\/www.aclanester56.com\\\/velo\\\/wp-content\\\/uploads\\\/2015\\\/06\\\/route-du-scorff-JB-027.jpg\",\"datePublished\":\"2015-06-04T17:01:54+00:00\",\"inLanguage\":\"fr-FR\",\"potentialAction\":[{\"@type\":\"ReadAction\",\"target\":[\"https:\\\/\\\/www.aclanester56.com\\\/velo\\\/toutes-les-courses-du-week-end-du-6-et-7-juin-2015-a-lac-lanester\\\/\"]}]},{\"@type\":\"ImageObject\",\"inLanguage\":\"fr-FR\",\"@id\":\"https:\\\/\\\/www.aclanester56.com\\\/velo\\\/toutes-les-courses-du-week-end-du-6-et-7-juin-2015-a-lac-lanester\\\/#primaryimage\",\"url\":\"https:\\\/\\\/www.aclanester56.com\\\/velo\\\/wp-content\\\/uploads\\\/2015\\\/06\\\/route-du-scorff-JB-027.jpg\",\"contentUrl\":\"https:\\\/\\\/www.aclanester56.com\\\/velo\\\/wp-content\\\/uploads\\\/2015\\\/06\\\/route-du-scorff-JB-027.jpg\",\"width\":1024,\"height\":687},{\"@type\":\"WebSite\",\"@id\":\"https:\\\/\\\/www.aclanester56.com\\\/velo\\\/#website\",\"url\":\"https:\\\/\\\/www.aclanester56.com\\\/velo\\\/\",\"name\":\"Avenir Cycliste Lanester 56\",\"description\":\"Club cycliste de l&#039;AC LANESTER 56\",\"publisher\":{\"@id\":\"https:\\\/\\\/www.aclanester56.com\\\/velo\\\/#organization\"},\"potentialAction\":[{\"@type\":\"SearchAction\",\"target\":{\"@type\":\"EntryPoint\",\"urlTemplate\":\"https:\\\/\\\/www.aclanester56.com\\\/velo\\\/?s={search_term_string}\"},\"query-input\":{\"@type\":\"PropertyValueSpecification\",\"valueRequired\":true,\"valueName\":\"search_term_string\"}}],\"inLanguage\":\"fr-FR\"},{\"@type\":\"Organization\",\"@id\":\"https:\\\/\\\/www.aclanester56.com\\\/velo\\\/#organization\",\"name\":\"Avenir Cycliste Lanester 56\",\"url\":\"https:\\\/\\\/www.aclanester56.com\\\/velo\\\/\",\"logo\":{\"@type\":\"ImageObject\",\"inLanguage\":\"fr-FR\",\"@id\":\"https:\\\/\\\/www.aclanester56.com\\\/velo\\\/#\\\/schema\\\/logo\\\/image\\\/\",\"url\":\"https:\\\/\\\/www.aclanester56.com\\\/velo\\\/wp-content\\\/uploads\\\/2013\\\/04\\\/logo-ACL.jpg\",\"contentUrl\":\"https:\\\/\\\/www.aclanester56.com\\\/velo\\\/wp-content\\\/uploads\\\/2013\\\/04\\\/logo-ACL.jpg\",\"width\":400,\"height\":334,\"caption\":\"Avenir Cycliste Lanester 56\"},\"image\":{\"@id\":\"https:\\\/\\\/www.aclanester56.com\\\/velo\\\/#\\\/schema\\\/logo\\\/image\\\/\"},\"sameAs\":[\"https:\\\/\\\/www.facebook.com\\\/pages\\\/AC-Lanester-56\\\/190286300991242?fref=ts\"]},{\"@type\":\"Person\",\"@id\":\"https:\\\/\\\/www.aclanester56.com\\\/velo\\\/#\\\/schema\\\/person\\\/c844661e64a578ca46639cb0ae764de6\",\"name\":\"stephane\",\"url\":\"https:\\\/\\\/www.aclanester56.com\\\/velo\\\/author\\\/stephane\\\/\"}]}<\/script>\n<!-- \/ Yoast SEO plugin. -->","yoast_head_json":{"title":"Toutes les courses du week end du 6 et 7 Juin 2015 \u00e0 l'AC Lanester - Avenir Cycliste Lanester 56","robots":{"index":"index","follow":"follow","max-snippet":"max-snippet:-1","max-image-preview":"max-image-preview:large","max-video-preview":"max-video-preview:-1"},"canonical":"https:\/\/www.aclanester56.com\/velo\/toutes-les-courses-du-week-end-du-6-et-7-juin-2015-a-lac-lanester\/","og_locale":"fr_FR","og_type":"article","og_title":"Toutes les courses du week end du 6 et 7 Juin 2015 \u00e0 l'AC Lanester - Avenir Cycliste Lanester 56","og_url":"https:\/\/www.aclanester56.com\/velo\/toutes-les-courses-du-week-end-du-6-et-7-juin-2015-a-lac-lanester\/","og_site_name":"Avenir Cycliste Lanester 56","article_publisher":"https:\/\/www.facebook.com\/pages\/AC-Lanester-56\/190286300991242?fref=ts","article_published_time":"2015-06-04T17:01:54+00:00","og_image":[{"width":1024,"height":687,"url":"https:\/\/www.aclanester56.com\/velo\/wp-content\/uploads\/2015\/06\/route-du-scorff-JB-027.jpg","type":"image\/jpeg"}],"author":"stephane","twitter_misc":{"\u00c9crit par":"stephane","Dur\u00e9e de lecture estim\u00e9e":"1 minute"},"schema":{"@context":"https:\/\/schema.org","@graph":[{"@type":"Article","@id":"https:\/\/www.aclanester56.com\/velo\/toutes-les-courses-du-week-end-du-6-et-7-juin-2015-a-lac-lanester\/#article","isPartOf":{"@id":"https:\/\/www.aclanester56.com\/velo\/toutes-les-courses-du-week-end-du-6-et-7-juin-2015-a-lac-lanester\/"},"author":{"name":"stephane","@id":"https:\/\/www.aclanester56.com\/velo\/#\/schema\/person\/c844661e64a578ca46639cb0ae764de6"},"headline":"Toutes les courses du week end du 6 et 7 Juin 2015 \u00e0 l&rsquo;AC Lanester","datePublished":"2015-06-04T17:01:54+00:00","mainEntityOfPage":{"@id":"https:\/\/www.aclanester56.com\/velo\/toutes-les-courses-du-week-end-du-6-et-7-juin-2015-a-lac-lanester\/"},"wordCount":235,"commentCount":0,"publisher":{"@id":"https:\/\/www.aclanester56.com\/velo\/#organization"},"image":{"@id":"https:\/\/www.aclanester56.com\/velo\/toutes-les-courses-du-week-end-du-6-et-7-juin-2015-a-lac-lanester\/#primaryimage"},"thumbnailUrl":"https:\/\/www.aclanester56.com\/velo\/wp-content\/uploads\/2015\/06\/route-du-scorff-JB-027.jpg","articleSection":["AC LANESTER 56","Les comp\u00e9titions","Les rendez-vous","Piste"],"inLanguage":"fr-FR","potentialAction":[{"@type":"CommentAction","name":"Comment","target":["https:\/\/www.aclanester56.com\/velo\/toutes-les-courses-du-week-end-du-6-et-7-juin-2015-a-lac-lanester\/#respond"]}]},{"@type":"WebPage","@id":"https:\/\/www.aclanester56.com\/velo\/toutes-les-courses-du-week-end-du-6-et-7-juin-2015-a-lac-lanester\/","url":"https:\/\/www.aclanester56.com\/velo\/toutes-les-courses-du-week-end-du-6-et-7-juin-2015-a-lac-lanester\/","name":"Toutes les courses du week end du 6 et 7 Juin 2015 \u00e0 l'AC Lanester - Avenir Cycliste Lanester 56","isPartOf":{"@id":"https:\/\/www.aclanester56.com\/velo\/#website"},"primaryImageOfPage":{"@id":"https:\/\/www.aclanester56.com\/velo\/toutes-les-courses-du-week-end-du-6-et-7-juin-2015-a-lac-lanester\/#primaryimage"},"image":{"@id":"https:\/\/www.aclanester56.com\/velo\/toutes-les-courses-du-week-end-du-6-et-7-juin-2015-a-lac-lanester\/#primaryimage"},"thumbnailUrl":"https:\/\/www.aclanester56.com\/velo\/wp-content\/uploads\/2015\/06\/route-du-scorff-JB-027.jpg","datePublished":"2015-06-04T17:01:54+00:00","inLanguage":"fr-FR","potentialAction":[{"@type":"ReadAction","target":["https:\/\/www.aclanester56.com\/velo\/toutes-les-courses-du-week-end-du-6-et-7-juin-2015-a-lac-lanester\/"]}]},{"@type":"ImageObject","inLanguage":"fr-FR","@id":"https:\/\/www.aclanester56.com\/velo\/toutes-les-courses-du-week-end-du-6-et-7-juin-2015-a-lac-lanester\/#primaryimage","url":"https:\/\/www.aclanester56.com\/velo\/wp-content\/uploads\/2015\/06\/route-du-scorff-JB-027.jpg","contentUrl":"https:\/\/www.aclanester56.com\/velo\/wp-content\/uploads\/2015\/06\/route-du-scorff-JB-027.jpg","width":1024,"height":687},{"@type":"WebSite","@id":"https:\/\/www.aclanester56.com\/velo\/#website","url":"https:\/\/www.aclanester56.com\/velo\/","name":"Avenir Cycliste Lanester 56","description":"Club cycliste de l&#039;AC LANESTER 56","publisher":{"@id":"https:\/\/www.aclanester56.com\/velo\/#organization"},"potentialAction":[{"@type":"SearchAction","target":{"@type":"EntryPoint","urlTemplate":"https:\/\/www.aclanester56.com\/velo\/?s={search_term_string}"},"query-input":{"@type":"PropertyValueSpecification","valueRequired":true,"valueName":"search_term_string"}}],"inLanguage":"fr-FR"},{"@type":"Organization","@id":"https:\/\/www.aclanester56.com\/velo\/#organization","name":"Avenir Cycliste Lanester 56","url":"https:\/\/www.aclanester56.com\/velo\/","logo":{"@type":"ImageObject","inLanguage":"fr-FR","@id":"https:\/\/www.aclanester56.com\/velo\/#\/schema\/logo\/image\/","url":"https:\/\/www.aclanester56.com\/velo\/wp-content\/uploads\/2013\/04\/logo-ACL.jpg","contentUrl":"https:\/\/www.aclanester56.com\/velo\/wp-content\/uploads\/2013\/04\/logo-ACL.jpg","width":400,"height":334,"caption":"Avenir Cycliste Lanester 56"},"image":{"@id":"https:\/\/www.aclanester56.com\/velo\/#\/schema\/logo\/image\/"},"sameAs":["https:\/\/www.facebook.com\/pages\/AC-Lanester-56\/190286300991242?fref=ts"]},{"@type":"Person","@id":"https:\/\/www.aclanester56.com\/velo\/#\/schema\/person\/c844661e64a578ca46639cb0ae764de6","name":"stephane","url":"https:\/\/www.aclanester56.com\/velo\/author\/stephane\/"}]}},"_links":{"self":[{"href":"https:\/\/www.aclanester56.com\/velo\/wp-json\/wp\/v2\/posts\/24144","targetHints":{"allow":["GET"]}}],"collection":[{"href":"https:\/\/www.aclanester56.com\/velo\/wp-json\/wp\/v2\/posts"}],"about":[{"href":"https:\/\/www.aclanester56.com\/velo\/wp-json\/wp\/v2\/types\/post"}],"author":[{"embeddable":true,"href":"https:\/\/www.aclanester56.com\/velo\/wp-json\/wp\/v2\/users\/2"}],"replies":[{"embeddable":true,"href":"https:\/\/www.aclanester56.com\/velo\/wp-json\/wp\/v2\/comments?post=24144"}],"version-history":[{"count":1,"href":"https:\/\/www.aclanester56.com\/velo\/wp-json\/wp\/v2\/posts\/24144\/revisions"}],"predecessor-version":[{"id":24146,"href":"https:\/\/www.aclanester56.com\/velo\/wp-json\/wp\/v2\/posts\/24144\/revisions\/24146"}],"wp:featuredmedia":[{"embeddable":true,"href":"https:\/\/www.aclanester56.com\/velo\/wp-json\/wp\/v2\/media\/24145"}],"wp:attachment":[{"href":"https:\/\/www.aclanester56.com\/velo\/wp-json\/wp\/v2\/media?parent=24144"}],"wp:term":[{"taxonomy":"category","embeddable":true,"href":"https:\/\/www.aclanester56.com\/velo\/wp-json\/wp\/v2\/categories?post=24144"},{"taxonomy":"post_tag","embeddable":true,"href":"https:\/\/www.aclanester56.com\/velo\/wp-json\/wp\/v2\/tags?post=24144"}],"curies":[{"name":"wp","href":"https:\/\/api.w.org\/{rel}","templated":true}]}}