{"id":24687,"date":"2015-06-10T12:59:16","date_gmt":"2015-06-10T10:59:16","guid":{"rendered":"http:\/\/www.aclanester56.com\/velo\/?p=24687"},"modified":"2015-06-10T13:07:06","modified_gmt":"2015-06-10T11:07:06","slug":"les-resultats-de-la-piste-cleden-poher","status":"publish","type":"post","link":"https:\/\/www.aclanester56.com\/velo\/les-resultats-de-la-piste-cleden-poher\/","title":{"rendered":"Les r\u00e9sultats de la Piste Cleden-Poher"},"content":{"rendered":"<p><!--more--><\/p>\n<p>Voici les r\u00e9sultats de la piste , challenge r\u00e9gional du 6 juin qui s&rsquo;est d\u00e9roul\u00e9 \u00e0 Cleden Poher :<\/p>\n<p>KEIRIN<\/p>\n<table style=\"height: 286px;\" border=\"1\" width=\"845\" cellspacing=\"0\" cellpadding=\"0\" align=\"left\">\n<tbody>\n<tr>\n<td nowrap=\"nowrap\">1<\/td>\n<td nowrap=\"nowrap\"><span style=\"color: #ff6600;\">DUVAL<\/span><\/td>\n<td nowrap=\"nowrap\"><span style=\"color: #ff6600;\">Benjamin<\/span><\/td>\n<td nowrap=\"nowrap\"><span style=\"color: #ff6600;\">AC LANESTER<\/span><\/td>\n<\/tr>\n<tr>\n<td nowrap=\"nowrap\">2<\/td>\n<td nowrap=\"nowrap\">HENAFF<\/td>\n<td nowrap=\"nowrap\">Brendan<\/td>\n<td nowrap=\"nowrap\">UC CARHAIX<\/td>\n<\/tr>\n<tr>\n<td nowrap=\"nowrap\">3<\/td>\n<td nowrap=\"nowrap\">LESAGE<\/td>\n<td nowrap=\"nowrap\">Pierre<\/td>\n<td nowrap=\"nowrap\">B.I.C. 2000<\/td>\n<\/tr>\n<tr>\n<td nowrap=\"nowrap\">4<\/td>\n<td nowrap=\"nowrap\">SEGUI<\/td>\n<td nowrap=\"nowrap\">Damien<\/td>\n<td nowrap=\"nowrap\">AC TREGUNC<\/td>\n<\/tr>\n<tr>\n<td nowrap=\"nowrap\">5<\/td>\n<td nowrap=\"nowrap\"><span style=\"color: #ff6600;\">BALTENWECK<\/span><\/td>\n<td nowrap=\"nowrap\"><span style=\"color: #ff6600;\">Mewen<\/span><\/td>\n<td nowrap=\"nowrap\"><span style=\"color: #ff6600;\">AC LANESTER<\/span><\/td>\n<\/tr>\n<tr>\n<td nowrap=\"nowrap\">6<\/td>\n<td nowrap=\"nowrap\">LE TALLEC<\/td>\n<td nowrap=\"nowrap\">Jeremy<\/td>\n<td nowrap=\"nowrap\">MCC<\/td>\n<\/tr>\n<tr>\n<td nowrap=\"nowrap\">7<\/td>\n<td nowrap=\"nowrap\">DURAND<\/td>\n<td nowrap=\"nowrap\">Thomas<\/td>\n<td nowrap=\"nowrap\">VS TREGUEUX<\/td>\n<\/tr>\n<tr>\n<td nowrap=\"nowrap\">8<\/td>\n<td nowrap=\"nowrap\">DOUAUD<\/td>\n<td style=\"text-align: left;\" nowrap=\"nowrap\">Fabien<\/td>\n<td nowrap=\"nowrap\">UC CARHAIX<\/td>\n<\/tr>\n<tr>\n<td nowrap=\"nowrap\">9<\/td>\n<td nowrap=\"nowrap\">LE BORGNE<\/td>\n<td nowrap=\"nowrap\">Benoit<\/td>\n<td nowrap=\"nowrap\">VS QUIMPER<\/td>\n<\/tr>\n<tr>\n<td nowrap=\"nowrap\">10<\/td>\n<td nowrap=\"nowrap\">LE CHAMPION<\/td>\n<td nowrap=\"nowrap\">Morgan<\/td>\n<td nowrap=\"nowrap\">VS TREGUEUX<\/td>\n<\/tr>\n<tr>\n<td nowrap=\"nowrap\">11<\/td>\n<td nowrap=\"nowrap\">LE HIR<\/td>\n<td nowrap=\"nowrap\">Adrien<\/td>\n<td nowrap=\"nowrap\">VS PLABENNEC<\/td>\n<\/tr>\n<\/tbody>\n<\/table>\n<p>&nbsp;<\/p>\n<p>&nbsp;<\/p>\n<p>&nbsp;<\/p>\n<p>&nbsp;<\/p>\n<p>&nbsp;<\/p>\n<p>&nbsp;<\/p>\n<p>&nbsp;<\/p>\n<p>&nbsp;<\/p>\n<p>Merci \u00e0 Val\u00e9rie D. pour les photos.<\/p>\n<p><!-- default-view.php -->\n<div\n\tclass=\"ngg-galleryoverview default-view\n\t ngg-ajax-pagination-none\t\"\n\tid=\"ngg-gallery-119ec20cfb9c81853d0dc410a8b69d65-1\"\n\tdata-nextgen-gallery-id=\"226\"\n\tdata-gallery-id=\"226\"\n\t\tdata-gallery-name=\"cleden-poher-piste-juin-2015\"\n\t>\n\n\t\t<!-- Thumbnails -->\n\t\t\t\t<div id=\"ngg-image-0\" class=\"ngg-gallery-thumbnail-box\n\t\t\t\t\t\t\t\t\t\t\t\"\n\t\t\t>\n\t\t\t\t\t\t<div class=\"ngg-gallery-thumbnail\">\n\t\t<a href=\"https:\/\/www.aclanester56.com\/velo\/wp-content\/gallery\/cleden-poher-piste-juin-2015\/cleden-poher-juin-2015-VD-011.JPG?t=1433933631\"\n\t\t\ttitle=\"\"\n\t\t\tdata-src=\"https:\/\/www.aclanester56.com\/velo\/wp-content\/gallery\/cleden-poher-piste-juin-2015\/cleden-poher-juin-2015-VD-011.JPG?t=1433933631\"\n\t\t\tdata-thumbnail=\"https:\/\/www.aclanester56.com\/velo\/wp-content\/gallery\/cleden-poher-piste-juin-2015\/thumbs\/thumbs_cleden-poher-juin-2015-VD-011.JPG?t=1433933631\"\n\t\t\tdata-image-id=\"8921\"\n\t\t\tdata-image-name=\"cleden-poher-juin-2015-VD-011.JPG\"\n\t\t\tdata-title=\"cleden-poher-juin-2015-VD-011\"\n\t\t\tdata-description=\"\"\n\t\t\tdata-image-slug=\"cleden-poher-juin-2015-vd-011\"\n\t\t\t\t\t\t\t\t\t\t\t\t\t\t\t\t\t\t\t\tclass=\"ngg-simplelightbox\" rel=\"119ec20cfb9c81853d0dc410a8b69d65\">\n\t\t\t\t\t\t\t\t<img\n\t\t\t\t\ttitle=\"cleden-poher-juin-2015-VD-011\"\n\t\t\t\t\talt=\"cleden-poher-juin-2015-VD-011\"\n\t\t\t\t\tsrc=\"https:\/\/www.aclanester56.com\/velo\/wp-content\/gallery\/cleden-poher-piste-juin-2015\/thumbs\/thumbs_cleden-poher-juin-2015-VD-011.JPG?t=1433933631\"\n\t\t\t\t\twidth=\"100\"\n\t\t\t\t\theight=\"100\"\n\t\t\t\t\tstyle=\"max-width:100%;\"\n\t\t\t\t\/>\n\t\t\t<\/a>\n\t\t<\/div>\n\t\t\t\t\t\t\t<\/div>\n\t\t\t\n\t\t\t\t<div id=\"ngg-image-1\" class=\"ngg-gallery-thumbnail-box\n\t\t\t\t\t\t\t\t\t\t\t\"\n\t\t\t>\n\t\t\t\t\t\t<div class=\"ngg-gallery-thumbnail\">\n\t\t<a href=\"https:\/\/www.aclanester56.com\/velo\/wp-content\/gallery\/cleden-poher-piste-juin-2015\/cleden-poher-juin-2015-VD-021.JPG?t=1433933653\"\n\t\t\ttitle=\"\"\n\t\t\tdata-src=\"https:\/\/www.aclanester56.com\/velo\/wp-content\/gallery\/cleden-poher-piste-juin-2015\/cleden-poher-juin-2015-VD-021.JPG?t=1433933653\"\n\t\t\tdata-thumbnail=\"https:\/\/www.aclanester56.com\/velo\/wp-content\/gallery\/cleden-poher-piste-juin-2015\/thumbs\/thumbs_cleden-poher-juin-2015-VD-021.JPG?t=1433933653\"\n\t\t\tdata-image-id=\"8931\"\n\t\t\tdata-image-name=\"cleden-poher-juin-2015-VD-021.JPG\"\n\t\t\tdata-title=\"cleden-poher-juin-2015-VD-021\"\n\t\t\tdata-description=\"\"\n\t\t\tdata-image-slug=\"cleden-poher-juin-2015-vd-021\"\n\t\t\t\t\t\t\t\t\t\t\t\t\t\t\t\t\t\t\t\tclass=\"ngg-simplelightbox\" rel=\"119ec20cfb9c81853d0dc410a8b69d65\">\n\t\t\t\t\t\t\t\t<img\n\t\t\t\t\ttitle=\"cleden-poher-juin-2015-VD-021\"\n\t\t\t\t\talt=\"cleden-poher-juin-2015-VD-021\"\n\t\t\t\t\tsrc=\"https:\/\/www.aclanester56.com\/velo\/wp-content\/gallery\/cleden-poher-piste-juin-2015\/thumbs\/thumbs_cleden-poher-juin-2015-VD-021.JPG?t=1433933653\"\n\t\t\t\t\twidth=\"100\"\n\t\t\t\t\theight=\"100\"\n\t\t\t\t\tstyle=\"max-width:100%;\"\n\t\t\t\t\/>\n\t\t\t<\/a>\n\t\t<\/div>\n\t\t\t\t\t\t\t<\/div>\n\t\t\t\n\t\t\t\t<div id=\"ngg-image-2\" class=\"ngg-gallery-thumbnail-box\n\t\t\t\t\t\t\t\t\t\t\t\"\n\t\t\t>\n\t\t\t\t\t\t<div class=\"ngg-gallery-thumbnail\">\n\t\t<a href=\"https:\/\/www.aclanester56.com\/velo\/wp-content\/gallery\/cleden-poher-piste-juin-2015\/cleden-poher-juin-2015-VD-020.JPG?t=1433933651\"\n\t\t\ttitle=\"\"\n\t\t\tdata-src=\"https:\/\/www.aclanester56.com\/velo\/wp-content\/gallery\/cleden-poher-piste-juin-2015\/cleden-poher-juin-2015-VD-020.JPG?t=1433933651\"\n\t\t\tdata-thumbnail=\"https:\/\/www.aclanester56.com\/velo\/wp-content\/gallery\/cleden-poher-piste-juin-2015\/thumbs\/thumbs_cleden-poher-juin-2015-VD-020.JPG?t=1433933651\"\n\t\t\tdata-image-id=\"8930\"\n\t\t\tdata-image-name=\"cleden-poher-juin-2015-VD-020.JPG\"\n\t\t\tdata-title=\"cleden-poher-juin-2015-VD-020\"\n\t\t\tdata-description=\"\"\n\t\t\tdata-image-slug=\"cleden-poher-juin-2015-vd-020\"\n\t\t\t\t\t\t\t\t\t\t\t\t\t\t\t\t\t\t\t\tclass=\"ngg-simplelightbox\" rel=\"119ec20cfb9c81853d0dc410a8b69d65\">\n\t\t\t\t\t\t\t\t<img\n\t\t\t\t\ttitle=\"cleden-poher-juin-2015-VD-020\"\n\t\t\t\t\talt=\"cleden-poher-juin-2015-VD-020\"\n\t\t\t\t\tsrc=\"https:\/\/www.aclanester56.com\/velo\/wp-content\/gallery\/cleden-poher-piste-juin-2015\/thumbs\/thumbs_cleden-poher-juin-2015-VD-020.JPG?t=1433933651\"\n\t\t\t\t\twidth=\"100\"\n\t\t\t\t\theight=\"100\"\n\t\t\t\t\tstyle=\"max-width:100%;\"\n\t\t\t\t\/>\n\t\t\t<\/a>\n\t\t<\/div>\n\t\t\t\t\t\t\t<\/div>\n\t\t\t\n\t\t\t\t<div id=\"ngg-image-3\" class=\"ngg-gallery-thumbnail-box\n\t\t\t\t\t\t\t\t\t\t\t\"\n\t\t\t>\n\t\t\t\t\t\t<div class=\"ngg-gallery-thumbnail\">\n\t\t<a href=\"https:\/\/www.aclanester56.com\/velo\/wp-content\/gallery\/cleden-poher-piste-juin-2015\/cleden-poher-juin-2015-VD-019.JPG?t=1433933648\"\n\t\t\ttitle=\"\"\n\t\t\tdata-src=\"https:\/\/www.aclanester56.com\/velo\/wp-content\/gallery\/cleden-poher-piste-juin-2015\/cleden-poher-juin-2015-VD-019.JPG?t=1433933648\"\n\t\t\tdata-thumbnail=\"https:\/\/www.aclanester56.com\/velo\/wp-content\/gallery\/cleden-poher-piste-juin-2015\/thumbs\/thumbs_cleden-poher-juin-2015-VD-019.JPG?t=1433933648\"\n\t\t\tdata-image-id=\"8929\"\n\t\t\tdata-image-name=\"cleden-poher-juin-2015-VD-019.JPG\"\n\t\t\tdata-title=\"cleden-poher-juin-2015-VD-019\"\n\t\t\tdata-description=\"\"\n\t\t\tdata-image-slug=\"cleden-poher-juin-2015-vd-019\"\n\t\t\t\t\t\t\t\t\t\t\t\t\t\t\t\t\t\t\t\tclass=\"ngg-simplelightbox\" rel=\"119ec20cfb9c81853d0dc410a8b69d65\">\n\t\t\t\t\t\t\t\t<img\n\t\t\t\t\ttitle=\"cleden-poher-juin-2015-VD-019\"\n\t\t\t\t\talt=\"cleden-poher-juin-2015-VD-019\"\n\t\t\t\t\tsrc=\"https:\/\/www.aclanester56.com\/velo\/wp-content\/gallery\/cleden-poher-piste-juin-2015\/thumbs\/thumbs_cleden-poher-juin-2015-VD-019.JPG?t=1433933648\"\n\t\t\t\t\twidth=\"100\"\n\t\t\t\t\theight=\"100\"\n\t\t\t\t\tstyle=\"max-width:100%;\"\n\t\t\t\t\/>\n\t\t\t<\/a>\n\t\t<\/div>\n\t\t\t\t\t\t\t<\/div>\n\t\t\t\n\t\t\t\t<div id=\"ngg-image-4\" class=\"ngg-gallery-thumbnail-box\n\t\t\t\t\t\t\t\t\t\t\t\"\n\t\t\t>\n\t\t\t\t\t\t<div class=\"ngg-gallery-thumbnail\">\n\t\t<a href=\"https:\/\/www.aclanester56.com\/velo\/wp-content\/gallery\/cleden-poher-piste-juin-2015\/cleden-poher-juin-2015-VD-018.JPG?t=1433933646\"\n\t\t\ttitle=\"\"\n\t\t\tdata-src=\"https:\/\/www.aclanester56.com\/velo\/wp-content\/gallery\/cleden-poher-piste-juin-2015\/cleden-poher-juin-2015-VD-018.JPG?t=1433933646\"\n\t\t\tdata-thumbnail=\"https:\/\/www.aclanester56.com\/velo\/wp-content\/gallery\/cleden-poher-piste-juin-2015\/thumbs\/thumbs_cleden-poher-juin-2015-VD-018.JPG?t=1433933646\"\n\t\t\tdata-image-id=\"8928\"\n\t\t\tdata-image-name=\"cleden-poher-juin-2015-VD-018.JPG\"\n\t\t\tdata-title=\"cleden-poher-juin-2015-VD-018\"\n\t\t\tdata-description=\"\"\n\t\t\tdata-image-slug=\"cleden-poher-juin-2015-vd-018\"\n\t\t\t\t\t\t\t\t\t\t\t\t\t\t\t\t\t\t\t\tclass=\"ngg-simplelightbox\" rel=\"119ec20cfb9c81853d0dc410a8b69d65\">\n\t\t\t\t\t\t\t\t<img\n\t\t\t\t\ttitle=\"cleden-poher-juin-2015-VD-018\"\n\t\t\t\t\talt=\"cleden-poher-juin-2015-VD-018\"\n\t\t\t\t\tsrc=\"https:\/\/www.aclanester56.com\/velo\/wp-content\/gallery\/cleden-poher-piste-juin-2015\/thumbs\/thumbs_cleden-poher-juin-2015-VD-018.JPG?t=1433933646\"\n\t\t\t\t\twidth=\"100\"\n\t\t\t\t\theight=\"100\"\n\t\t\t\t\tstyle=\"max-width:100%;\"\n\t\t\t\t\/>\n\t\t\t<\/a>\n\t\t<\/div>\n\t\t\t\t\t\t\t<\/div>\n\t\t\t\n\t\t\t\t<div id=\"ngg-image-5\" class=\"ngg-gallery-thumbnail-box\n\t\t\t\t\t\t\t\t\t\t\t\"\n\t\t\t>\n\t\t\t\t\t\t<div class=\"ngg-gallery-thumbnail\">\n\t\t<a href=\"https:\/\/www.aclanester56.com\/velo\/wp-content\/gallery\/cleden-poher-piste-juin-2015\/cleden-poher-juin-2015-VD-017.JPG?t=1433933643\"\n\t\t\ttitle=\"\"\n\t\t\tdata-src=\"https:\/\/www.aclanester56.com\/velo\/wp-content\/gallery\/cleden-poher-piste-juin-2015\/cleden-poher-juin-2015-VD-017.JPG?t=1433933643\"\n\t\t\tdata-thumbnail=\"https:\/\/www.aclanester56.com\/velo\/wp-content\/gallery\/cleden-poher-piste-juin-2015\/thumbs\/thumbs_cleden-poher-juin-2015-VD-017.JPG?t=1433933643\"\n\t\t\tdata-image-id=\"8927\"\n\t\t\tdata-image-name=\"cleden-poher-juin-2015-VD-017.JPG\"\n\t\t\tdata-title=\"cleden-poher-juin-2015-VD-017\"\n\t\t\tdata-description=\"\"\n\t\t\tdata-image-slug=\"cleden-poher-juin-2015-vd-017\"\n\t\t\t\t\t\t\t\t\t\t\t\t\t\t\t\t\t\t\t\tclass=\"ngg-simplelightbox\" rel=\"119ec20cfb9c81853d0dc410a8b69d65\">\n\t\t\t\t\t\t\t\t<img\n\t\t\t\t\ttitle=\"cleden-poher-juin-2015-VD-017\"\n\t\t\t\t\talt=\"cleden-poher-juin-2015-VD-017\"\n\t\t\t\t\tsrc=\"https:\/\/www.aclanester56.com\/velo\/wp-content\/gallery\/cleden-poher-piste-juin-2015\/thumbs\/thumbs_cleden-poher-juin-2015-VD-017.JPG?t=1433933643\"\n\t\t\t\t\twidth=\"100\"\n\t\t\t\t\theight=\"100\"\n\t\t\t\t\tstyle=\"max-width:100%;\"\n\t\t\t\t\/>\n\t\t\t<\/a>\n\t\t<\/div>\n\t\t\t\t\t\t\t<\/div>\n\t\t\t\n\t\t\t\t<div id=\"ngg-image-6\" class=\"ngg-gallery-thumbnail-box\n\t\t\t\t\t\t\t\t\t\t\t\"\n\t\t\t>\n\t\t\t\t\t\t<div class=\"ngg-gallery-thumbnail\">\n\t\t<a href=\"https:\/\/www.aclanester56.com\/velo\/wp-content\/gallery\/cleden-poher-piste-juin-2015\/cleden-poher-juin-2015-VD-016.JPG?t=1433933641\"\n\t\t\ttitle=\"\"\n\t\t\tdata-src=\"https:\/\/www.aclanester56.com\/velo\/wp-content\/gallery\/cleden-poher-piste-juin-2015\/cleden-poher-juin-2015-VD-016.JPG?t=1433933641\"\n\t\t\tdata-thumbnail=\"https:\/\/www.aclanester56.com\/velo\/wp-content\/gallery\/cleden-poher-piste-juin-2015\/thumbs\/thumbs_cleden-poher-juin-2015-VD-016.JPG?t=1433933641\"\n\t\t\tdata-image-id=\"8926\"\n\t\t\tdata-image-name=\"cleden-poher-juin-2015-VD-016.JPG\"\n\t\t\tdata-title=\"cleden-poher-juin-2015-VD-016\"\n\t\t\tdata-description=\"\"\n\t\t\tdata-image-slug=\"cleden-poher-juin-2015-vd-016\"\n\t\t\t\t\t\t\t\t\t\t\t\t\t\t\t\t\t\t\t\tclass=\"ngg-simplelightbox\" rel=\"119ec20cfb9c81853d0dc410a8b69d65\">\n\t\t\t\t\t\t\t\t<img\n\t\t\t\t\ttitle=\"cleden-poher-juin-2015-VD-016\"\n\t\t\t\t\talt=\"cleden-poher-juin-2015-VD-016\"\n\t\t\t\t\tsrc=\"https:\/\/www.aclanester56.com\/velo\/wp-content\/gallery\/cleden-poher-piste-juin-2015\/thumbs\/thumbs_cleden-poher-juin-2015-VD-016.JPG?t=1433933641\"\n\t\t\t\t\twidth=\"100\"\n\t\t\t\t\theight=\"100\"\n\t\t\t\t\tstyle=\"max-width:100%;\"\n\t\t\t\t\/>\n\t\t\t<\/a>\n\t\t<\/div>\n\t\t\t\t\t\t\t<\/div>\n\t\t\t\n\t\t\t\t<div id=\"ngg-image-7\" class=\"ngg-gallery-thumbnail-box\n\t\t\t\t\t\t\t\t\t\t\t\"\n\t\t\t>\n\t\t\t\t\t\t<div class=\"ngg-gallery-thumbnail\">\n\t\t<a href=\"https:\/\/www.aclanester56.com\/velo\/wp-content\/gallery\/cleden-poher-piste-juin-2015\/cleden-poher-juin-2015-VD-015.JPG?t=1433933639\"\n\t\t\ttitle=\"\"\n\t\t\tdata-src=\"https:\/\/www.aclanester56.com\/velo\/wp-content\/gallery\/cleden-poher-piste-juin-2015\/cleden-poher-juin-2015-VD-015.JPG?t=1433933639\"\n\t\t\tdata-thumbnail=\"https:\/\/www.aclanester56.com\/velo\/wp-content\/gallery\/cleden-poher-piste-juin-2015\/thumbs\/thumbs_cleden-poher-juin-2015-VD-015.JPG?t=1433933639\"\n\t\t\tdata-image-id=\"8925\"\n\t\t\tdata-image-name=\"cleden-poher-juin-2015-VD-015.JPG\"\n\t\t\tdata-title=\"cleden-poher-juin-2015-VD-015\"\n\t\t\tdata-description=\"\"\n\t\t\tdata-image-slug=\"cleden-poher-juin-2015-vd-015\"\n\t\t\t\t\t\t\t\t\t\t\t\t\t\t\t\t\t\t\t\tclass=\"ngg-simplelightbox\" rel=\"119ec20cfb9c81853d0dc410a8b69d65\">\n\t\t\t\t\t\t\t\t<img\n\t\t\t\t\ttitle=\"cleden-poher-juin-2015-VD-015\"\n\t\t\t\t\talt=\"cleden-poher-juin-2015-VD-015\"\n\t\t\t\t\tsrc=\"https:\/\/www.aclanester56.com\/velo\/wp-content\/gallery\/cleden-poher-piste-juin-2015\/thumbs\/thumbs_cleden-poher-juin-2015-VD-015.JPG?t=1433933639\"\n\t\t\t\t\twidth=\"100\"\n\t\t\t\t\theight=\"100\"\n\t\t\t\t\tstyle=\"max-width:100%;\"\n\t\t\t\t\/>\n\t\t\t<\/a>\n\t\t<\/div>\n\t\t\t\t\t\t\t<\/div>\n\t\t\t\n\t\t\t\t<div id=\"ngg-image-8\" class=\"ngg-gallery-thumbnail-box\n\t\t\t\t\t\t\t\t\t\t\t\"\n\t\t\t>\n\t\t\t\t\t\t<div class=\"ngg-gallery-thumbnail\">\n\t\t<a href=\"https:\/\/www.aclanester56.com\/velo\/wp-content\/gallery\/cleden-poher-piste-juin-2015\/cleden-poher-juin-2015-VD-014.JPG?t=1433933637\"\n\t\t\ttitle=\"\"\n\t\t\tdata-src=\"https:\/\/www.aclanester56.com\/velo\/wp-content\/gallery\/cleden-poher-piste-juin-2015\/cleden-poher-juin-2015-VD-014.JPG?t=1433933637\"\n\t\t\tdata-thumbnail=\"https:\/\/www.aclanester56.com\/velo\/wp-content\/gallery\/cleden-poher-piste-juin-2015\/thumbs\/thumbs_cleden-poher-juin-2015-VD-014.JPG?t=1433933637\"\n\t\t\tdata-image-id=\"8924\"\n\t\t\tdata-image-name=\"cleden-poher-juin-2015-VD-014.JPG\"\n\t\t\tdata-title=\"cleden-poher-juin-2015-VD-014\"\n\t\t\tdata-description=\"\"\n\t\t\tdata-image-slug=\"cleden-poher-juin-2015-vd-014\"\n\t\t\t\t\t\t\t\t\t\t\t\t\t\t\t\t\t\t\t\tclass=\"ngg-simplelightbox\" rel=\"119ec20cfb9c81853d0dc410a8b69d65\">\n\t\t\t\t\t\t\t\t<img\n\t\t\t\t\ttitle=\"cleden-poher-juin-2015-VD-014\"\n\t\t\t\t\talt=\"cleden-poher-juin-2015-VD-014\"\n\t\t\t\t\tsrc=\"https:\/\/www.aclanester56.com\/velo\/wp-content\/gallery\/cleden-poher-piste-juin-2015\/thumbs\/thumbs_cleden-poher-juin-2015-VD-014.JPG?t=1433933637\"\n\t\t\t\t\twidth=\"100\"\n\t\t\t\t\theight=\"100\"\n\t\t\t\t\tstyle=\"max-width:100%;\"\n\t\t\t\t\/>\n\t\t\t<\/a>\n\t\t<\/div>\n\t\t\t\t\t\t\t<\/div>\n\t\t\t\n\t\t\t\t<div id=\"ngg-image-9\" class=\"ngg-gallery-thumbnail-box\n\t\t\t\t\t\t\t\t\t\t\t\"\n\t\t\t>\n\t\t\t\t\t\t<div class=\"ngg-gallery-thumbnail\">\n\t\t<a href=\"https:\/\/www.aclanester56.com\/velo\/wp-content\/gallery\/cleden-poher-piste-juin-2015\/cleden-poher-juin-2015-VD-013.JPG?t=1433933635\"\n\t\t\ttitle=\"\"\n\t\t\tdata-src=\"https:\/\/www.aclanester56.com\/velo\/wp-content\/gallery\/cleden-poher-piste-juin-2015\/cleden-poher-juin-2015-VD-013.JPG?t=1433933635\"\n\t\t\tdata-thumbnail=\"https:\/\/www.aclanester56.com\/velo\/wp-content\/gallery\/cleden-poher-piste-juin-2015\/thumbs\/thumbs_cleden-poher-juin-2015-VD-013.JPG?t=1433933635\"\n\t\t\tdata-image-id=\"8923\"\n\t\t\tdata-image-name=\"cleden-poher-juin-2015-VD-013.JPG\"\n\t\t\tdata-title=\"cleden-poher-juin-2015-VD-013\"\n\t\t\tdata-description=\"\"\n\t\t\tdata-image-slug=\"cleden-poher-juin-2015-vd-013\"\n\t\t\t\t\t\t\t\t\t\t\t\t\t\t\t\t\t\t\t\tclass=\"ngg-simplelightbox\" rel=\"119ec20cfb9c81853d0dc410a8b69d65\">\n\t\t\t\t\t\t\t\t<img\n\t\t\t\t\ttitle=\"cleden-poher-juin-2015-VD-013\"\n\t\t\t\t\talt=\"cleden-poher-juin-2015-VD-013\"\n\t\t\t\t\tsrc=\"https:\/\/www.aclanester56.com\/velo\/wp-content\/gallery\/cleden-poher-piste-juin-2015\/thumbs\/thumbs_cleden-poher-juin-2015-VD-013.JPG?t=1433933635\"\n\t\t\t\t\twidth=\"100\"\n\t\t\t\t\theight=\"100\"\n\t\t\t\t\tstyle=\"max-width:100%;\"\n\t\t\t\t\/>\n\t\t\t<\/a>\n\t\t<\/div>\n\t\t\t\t\t\t\t<\/div>\n\t\t\t\n\t\t\t\t<div id=\"ngg-image-10\" class=\"ngg-gallery-thumbnail-box\n\t\t\t\t\t\t\t\t\t\t\t\"\n\t\t\t>\n\t\t\t\t\t\t<div class=\"ngg-gallery-thumbnail\">\n\t\t<a href=\"https:\/\/www.aclanester56.com\/velo\/wp-content\/gallery\/cleden-poher-piste-juin-2015\/cleden-poher-juin-2015-VD-012.JPG?t=1433933633\"\n\t\t\ttitle=\"\"\n\t\t\tdata-src=\"https:\/\/www.aclanester56.com\/velo\/wp-content\/gallery\/cleden-poher-piste-juin-2015\/cleden-poher-juin-2015-VD-012.JPG?t=1433933633\"\n\t\t\tdata-thumbnail=\"https:\/\/www.aclanester56.com\/velo\/wp-content\/gallery\/cleden-poher-piste-juin-2015\/thumbs\/thumbs_cleden-poher-juin-2015-VD-012.JPG?t=1433933633\"\n\t\t\tdata-image-id=\"8922\"\n\t\t\tdata-image-name=\"cleden-poher-juin-2015-VD-012.JPG\"\n\t\t\tdata-title=\"cleden-poher-juin-2015-VD-012\"\n\t\t\tdata-description=\"\"\n\t\t\tdata-image-slug=\"cleden-poher-juin-2015-vd-012\"\n\t\t\t\t\t\t\t\t\t\t\t\t\t\t\t\t\t\t\t\tclass=\"ngg-simplelightbox\" rel=\"119ec20cfb9c81853d0dc410a8b69d65\">\n\t\t\t\t\t\t\t\t<img\n\t\t\t\t\ttitle=\"cleden-poher-juin-2015-VD-012\"\n\t\t\t\t\talt=\"cleden-poher-juin-2015-VD-012\"\n\t\t\t\t\tsrc=\"https:\/\/www.aclanester56.com\/velo\/wp-content\/gallery\/cleden-poher-piste-juin-2015\/thumbs\/thumbs_cleden-poher-juin-2015-VD-012.JPG?t=1433933633\"\n\t\t\t\t\twidth=\"100\"\n\t\t\t\t\theight=\"100\"\n\t\t\t\t\tstyle=\"max-width:100%;\"\n\t\t\t\t\/>\n\t\t\t<\/a>\n\t\t<\/div>\n\t\t\t\t\t\t\t<\/div>\n\t\t\t\n\t\t\t\t<div id=\"ngg-image-11\" class=\"ngg-gallery-thumbnail-box\n\t\t\t\t\t\t\t\t\t\t\t\"\n\t\t\t>\n\t\t\t\t\t\t<div class=\"ngg-gallery-thumbnail\">\n\t\t<a href=\"https:\/\/www.aclanester56.com\/velo\/wp-content\/gallery\/cleden-poher-piste-juin-2015\/cleden-poher-juin-2015-VD-001.JPG?t=1598627058\"\n\t\t\ttitle=\"\"\n\t\t\tdata-src=\"https:\/\/www.aclanester56.com\/velo\/wp-content\/gallery\/cleden-poher-piste-juin-2015\/cleden-poher-juin-2015-VD-001.JPG?t=1598627058\"\n\t\t\tdata-thumbnail=\"https:\/\/www.aclanester56.com\/velo\/wp-content\/gallery\/cleden-poher-piste-juin-2015\/thumbs\/thumbs_cleden-poher-juin-2015-VD-001.JPG?t=1598627058\"\n\t\t\tdata-image-id=\"8911\"\n\t\t\tdata-image-name=\"cleden-poher-juin-2015-VD-001.JPG\"\n\t\t\tdata-title=\"cleden-poher-juin-2015-VD-001\"\n\t\t\tdata-description=\"\"\n\t\t\tdata-image-slug=\"cleden-poher-juin-2015-vd-001\"\n\t\t\t\t\t\t\t\t\t\t\t\t\t\t\t\t\t\t\t\tclass=\"ngg-simplelightbox\" rel=\"119ec20cfb9c81853d0dc410a8b69d65\">\n\t\t\t\t\t\t\t\t<img\n\t\t\t\t\ttitle=\"cleden-poher-juin-2015-VD-001\"\n\t\t\t\t\talt=\"cleden-poher-juin-2015-VD-001\"\n\t\t\t\t\tsrc=\"https:\/\/www.aclanester56.com\/velo\/wp-content\/gallery\/cleden-poher-piste-juin-2015\/thumbs\/thumbs_cleden-poher-juin-2015-VD-001.JPG?t=1598627058\"\n\t\t\t\t\twidth=\"100\"\n\t\t\t\t\theight=\"100\"\n\t\t\t\t\tstyle=\"max-width:100%;\"\n\t\t\t\t\/>\n\t\t\t<\/a>\n\t\t<\/div>\n\t\t\t\t\t\t\t<\/div>\n\t\t\t\n\t\t\t\t<div id=\"ngg-image-12\" class=\"ngg-gallery-thumbnail-box\n\t\t\t\t\t\t\t\t\t\t\t\"\n\t\t\t>\n\t\t\t\t\t\t<div class=\"ngg-gallery-thumbnail\">\n\t\t<a href=\"https:\/\/www.aclanester56.com\/velo\/wp-content\/gallery\/cleden-poher-piste-juin-2015\/cleden-poher-juin-2015-VD-010.JPG?t=1433933629\"\n\t\t\ttitle=\"\"\n\t\t\tdata-src=\"https:\/\/www.aclanester56.com\/velo\/wp-content\/gallery\/cleden-poher-piste-juin-2015\/cleden-poher-juin-2015-VD-010.JPG?t=1433933629\"\n\t\t\tdata-thumbnail=\"https:\/\/www.aclanester56.com\/velo\/wp-content\/gallery\/cleden-poher-piste-juin-2015\/thumbs\/thumbs_cleden-poher-juin-2015-VD-010.JPG?t=1433933629\"\n\t\t\tdata-image-id=\"8920\"\n\t\t\tdata-image-name=\"cleden-poher-juin-2015-VD-010.JPG\"\n\t\t\tdata-title=\"cleden-poher-juin-2015-VD-010\"\n\t\t\tdata-description=\"\"\n\t\t\tdata-image-slug=\"cleden-poher-juin-2015-vd-010\"\n\t\t\t\t\t\t\t\t\t\t\t\t\t\t\t\t\t\t\t\tclass=\"ngg-simplelightbox\" rel=\"119ec20cfb9c81853d0dc410a8b69d65\">\n\t\t\t\t\t\t\t\t<img\n\t\t\t\t\ttitle=\"cleden-poher-juin-2015-VD-010\"\n\t\t\t\t\talt=\"cleden-poher-juin-2015-VD-010\"\n\t\t\t\t\tsrc=\"https:\/\/www.aclanester56.com\/velo\/wp-content\/gallery\/cleden-poher-piste-juin-2015\/thumbs\/thumbs_cleden-poher-juin-2015-VD-010.JPG?t=1433933629\"\n\t\t\t\t\twidth=\"100\"\n\t\t\t\t\theight=\"100\"\n\t\t\t\t\tstyle=\"max-width:100%;\"\n\t\t\t\t\/>\n\t\t\t<\/a>\n\t\t<\/div>\n\t\t\t\t\t\t\t<\/div>\n\t\t\t\n\t\t\t\t<div id=\"ngg-image-13\" class=\"ngg-gallery-thumbnail-box\n\t\t\t\t\t\t\t\t\t\t\t\"\n\t\t\t>\n\t\t\t\t\t\t<div class=\"ngg-gallery-thumbnail\">\n\t\t<a href=\"https:\/\/www.aclanester56.com\/velo\/wp-content\/gallery\/cleden-poher-piste-juin-2015\/cleden-poher-juin-2015-VD-009.JPG?t=1433933626\"\n\t\t\ttitle=\"\"\n\t\t\tdata-src=\"https:\/\/www.aclanester56.com\/velo\/wp-content\/gallery\/cleden-poher-piste-juin-2015\/cleden-poher-juin-2015-VD-009.JPG?t=1433933626\"\n\t\t\tdata-thumbnail=\"https:\/\/www.aclanester56.com\/velo\/wp-content\/gallery\/cleden-poher-piste-juin-2015\/thumbs\/thumbs_cleden-poher-juin-2015-VD-009.JPG?t=1433933626\"\n\t\t\tdata-image-id=\"8919\"\n\t\t\tdata-image-name=\"cleden-poher-juin-2015-VD-009.JPG\"\n\t\t\tdata-title=\"cleden-poher-juin-2015-VD-009\"\n\t\t\tdata-description=\"\"\n\t\t\tdata-image-slug=\"cleden-poher-juin-2015-vd-009\"\n\t\t\t\t\t\t\t\t\t\t\t\t\t\t\t\t\t\t\t\tclass=\"ngg-simplelightbox\" rel=\"119ec20cfb9c81853d0dc410a8b69d65\">\n\t\t\t\t\t\t\t\t<img\n\t\t\t\t\ttitle=\"cleden-poher-juin-2015-VD-009\"\n\t\t\t\t\talt=\"cleden-poher-juin-2015-VD-009\"\n\t\t\t\t\tsrc=\"https:\/\/www.aclanester56.com\/velo\/wp-content\/gallery\/cleden-poher-piste-juin-2015\/thumbs\/thumbs_cleden-poher-juin-2015-VD-009.JPG?t=1433933626\"\n\t\t\t\t\twidth=\"100\"\n\t\t\t\t\theight=\"100\"\n\t\t\t\t\tstyle=\"max-width:100%;\"\n\t\t\t\t\/>\n\t\t\t<\/a>\n\t\t<\/div>\n\t\t\t\t\t\t\t<\/div>\n\t\t\t\n\t\t\t\t<div id=\"ngg-image-14\" class=\"ngg-gallery-thumbnail-box\n\t\t\t\t\t\t\t\t\t\t\t\"\n\t\t\t>\n\t\t\t\t\t\t<div class=\"ngg-gallery-thumbnail\">\n\t\t<a href=\"https:\/\/www.aclanester56.com\/velo\/wp-content\/gallery\/cleden-poher-piste-juin-2015\/cleden-poher-juin-2015-VD-008.JPG?t=1433933624\"\n\t\t\ttitle=\"\"\n\t\t\tdata-src=\"https:\/\/www.aclanester56.com\/velo\/wp-content\/gallery\/cleden-poher-piste-juin-2015\/cleden-poher-juin-2015-VD-008.JPG?t=1433933624\"\n\t\t\tdata-thumbnail=\"https:\/\/www.aclanester56.com\/velo\/wp-content\/gallery\/cleden-poher-piste-juin-2015\/thumbs\/thumbs_cleden-poher-juin-2015-VD-008.JPG?t=1433933624\"\n\t\t\tdata-image-id=\"8918\"\n\t\t\tdata-image-name=\"cleden-poher-juin-2015-VD-008.JPG\"\n\t\t\tdata-title=\"cleden-poher-juin-2015-VD-008\"\n\t\t\tdata-description=\"\"\n\t\t\tdata-image-slug=\"cleden-poher-juin-2015-vd-008\"\n\t\t\t\t\t\t\t\t\t\t\t\t\t\t\t\t\t\t\t\tclass=\"ngg-simplelightbox\" rel=\"119ec20cfb9c81853d0dc410a8b69d65\">\n\t\t\t\t\t\t\t\t<img\n\t\t\t\t\ttitle=\"cleden-poher-juin-2015-VD-008\"\n\t\t\t\t\talt=\"cleden-poher-juin-2015-VD-008\"\n\t\t\t\t\tsrc=\"https:\/\/www.aclanester56.com\/velo\/wp-content\/gallery\/cleden-poher-piste-juin-2015\/thumbs\/thumbs_cleden-poher-juin-2015-VD-008.JPG?t=1433933624\"\n\t\t\t\t\twidth=\"100\"\n\t\t\t\t\theight=\"100\"\n\t\t\t\t\tstyle=\"max-width:100%;\"\n\t\t\t\t\/>\n\t\t\t<\/a>\n\t\t<\/div>\n\t\t\t\t\t\t\t<\/div>\n\t\t\t\n\t\t\t\t<div id=\"ngg-image-15\" class=\"ngg-gallery-thumbnail-box\n\t\t\t\t\t\t\t\t\t\t\t\"\n\t\t\t>\n\t\t\t\t\t\t<div class=\"ngg-gallery-thumbnail\">\n\t\t<a href=\"https:\/\/www.aclanester56.com\/velo\/wp-content\/gallery\/cleden-poher-piste-juin-2015\/cleden-poher-juin-2015-VD-007.JPG?t=1433933622\"\n\t\t\ttitle=\"\"\n\t\t\tdata-src=\"https:\/\/www.aclanester56.com\/velo\/wp-content\/gallery\/cleden-poher-piste-juin-2015\/cleden-poher-juin-2015-VD-007.JPG?t=1433933622\"\n\t\t\tdata-thumbnail=\"https:\/\/www.aclanester56.com\/velo\/wp-content\/gallery\/cleden-poher-piste-juin-2015\/thumbs\/thumbs_cleden-poher-juin-2015-VD-007.JPG?t=1433933622\"\n\t\t\tdata-image-id=\"8917\"\n\t\t\tdata-image-name=\"cleden-poher-juin-2015-VD-007.JPG\"\n\t\t\tdata-title=\"cleden-poher-juin-2015-VD-007\"\n\t\t\tdata-description=\"\"\n\t\t\tdata-image-slug=\"cleden-poher-juin-2015-vd-007\"\n\t\t\t\t\t\t\t\t\t\t\t\t\t\t\t\t\t\t\t\tclass=\"ngg-simplelightbox\" rel=\"119ec20cfb9c81853d0dc410a8b69d65\">\n\t\t\t\t\t\t\t\t<img\n\t\t\t\t\ttitle=\"cleden-poher-juin-2015-VD-007\"\n\t\t\t\t\talt=\"cleden-poher-juin-2015-VD-007\"\n\t\t\t\t\tsrc=\"https:\/\/www.aclanester56.com\/velo\/wp-content\/gallery\/cleden-poher-piste-juin-2015\/thumbs\/thumbs_cleden-poher-juin-2015-VD-007.JPG?t=1433933622\"\n\t\t\t\t\twidth=\"100\"\n\t\t\t\t\theight=\"100\"\n\t\t\t\t\tstyle=\"max-width:100%;\"\n\t\t\t\t\/>\n\t\t\t<\/a>\n\t\t<\/div>\n\t\t\t\t\t\t\t<\/div>\n\t\t\t\n\t\t\t\t<div id=\"ngg-image-16\" class=\"ngg-gallery-thumbnail-box\n\t\t\t\t\t\t\t\t\t\t\t\"\n\t\t\t>\n\t\t\t\t\t\t<div class=\"ngg-gallery-thumbnail\">\n\t\t<a href=\"https:\/\/www.aclanester56.com\/velo\/wp-content\/gallery\/cleden-poher-piste-juin-2015\/cleden-poher-juin-2015-VD-006.JPG?t=1433933619\"\n\t\t\ttitle=\"\"\n\t\t\tdata-src=\"https:\/\/www.aclanester56.com\/velo\/wp-content\/gallery\/cleden-poher-piste-juin-2015\/cleden-poher-juin-2015-VD-006.JPG?t=1433933619\"\n\t\t\tdata-thumbnail=\"https:\/\/www.aclanester56.com\/velo\/wp-content\/gallery\/cleden-poher-piste-juin-2015\/thumbs\/thumbs_cleden-poher-juin-2015-VD-006.JPG?t=1433933619\"\n\t\t\tdata-image-id=\"8916\"\n\t\t\tdata-image-name=\"cleden-poher-juin-2015-VD-006.JPG\"\n\t\t\tdata-title=\"cleden-poher-juin-2015-VD-006\"\n\t\t\tdata-description=\"\"\n\t\t\tdata-image-slug=\"cleden-poher-juin-2015-vd-006\"\n\t\t\t\t\t\t\t\t\t\t\t\t\t\t\t\t\t\t\t\tclass=\"ngg-simplelightbox\" rel=\"119ec20cfb9c81853d0dc410a8b69d65\">\n\t\t\t\t\t\t\t\t<img\n\t\t\t\t\ttitle=\"cleden-poher-juin-2015-VD-006\"\n\t\t\t\t\talt=\"cleden-poher-juin-2015-VD-006\"\n\t\t\t\t\tsrc=\"https:\/\/www.aclanester56.com\/velo\/wp-content\/gallery\/cleden-poher-piste-juin-2015\/thumbs\/thumbs_cleden-poher-juin-2015-VD-006.JPG?t=1433933619\"\n\t\t\t\t\twidth=\"100\"\n\t\t\t\t\theight=\"100\"\n\t\t\t\t\tstyle=\"max-width:100%;\"\n\t\t\t\t\/>\n\t\t\t<\/a>\n\t\t<\/div>\n\t\t\t\t\t\t\t<\/div>\n\t\t\t\n\t\t\t\t<div id=\"ngg-image-17\" class=\"ngg-gallery-thumbnail-box\n\t\t\t\t\t\t\t\t\t\t\t\"\n\t\t\t>\n\t\t\t\t\t\t<div class=\"ngg-gallery-thumbnail\">\n\t\t<a href=\"https:\/\/www.aclanester56.com\/velo\/wp-content\/gallery\/cleden-poher-piste-juin-2015\/cleden-poher-juin-2015-VD-005.JPG?t=1433933617\"\n\t\t\ttitle=\"\"\n\t\t\tdata-src=\"https:\/\/www.aclanester56.com\/velo\/wp-content\/gallery\/cleden-poher-piste-juin-2015\/cleden-poher-juin-2015-VD-005.JPG?t=1433933617\"\n\t\t\tdata-thumbnail=\"https:\/\/www.aclanester56.com\/velo\/wp-content\/gallery\/cleden-poher-piste-juin-2015\/thumbs\/thumbs_cleden-poher-juin-2015-VD-005.JPG?t=1433933617\"\n\t\t\tdata-image-id=\"8915\"\n\t\t\tdata-image-name=\"cleden-poher-juin-2015-VD-005.JPG\"\n\t\t\tdata-title=\"cleden-poher-juin-2015-VD-005\"\n\t\t\tdata-description=\"\"\n\t\t\tdata-image-slug=\"cleden-poher-juin-2015-vd-005\"\n\t\t\t\t\t\t\t\t\t\t\t\t\t\t\t\t\t\t\t\tclass=\"ngg-simplelightbox\" rel=\"119ec20cfb9c81853d0dc410a8b69d65\">\n\t\t\t\t\t\t\t\t<img\n\t\t\t\t\ttitle=\"cleden-poher-juin-2015-VD-005\"\n\t\t\t\t\talt=\"cleden-poher-juin-2015-VD-005\"\n\t\t\t\t\tsrc=\"https:\/\/www.aclanester56.com\/velo\/wp-content\/gallery\/cleden-poher-piste-juin-2015\/thumbs\/thumbs_cleden-poher-juin-2015-VD-005.JPG?t=1433933617\"\n\t\t\t\t\twidth=\"100\"\n\t\t\t\t\theight=\"100\"\n\t\t\t\t\tstyle=\"max-width:100%;\"\n\t\t\t\t\/>\n\t\t\t<\/a>\n\t\t<\/div>\n\t\t\t\t\t\t\t<\/div>\n\t\t\t\n\t\t\t\t<div id=\"ngg-image-18\" class=\"ngg-gallery-thumbnail-box\n\t\t\t\t\t\t\t\t\t\t\t\"\n\t\t\t>\n\t\t\t\t\t\t<div class=\"ngg-gallery-thumbnail\">\n\t\t<a href=\"https:\/\/www.aclanester56.com\/velo\/wp-content\/gallery\/cleden-poher-piste-juin-2015\/cleden-poher-juin-2015-VD-004.JPG?t=1433933613\"\n\t\t\ttitle=\"\"\n\t\t\tdata-src=\"https:\/\/www.aclanester56.com\/velo\/wp-content\/gallery\/cleden-poher-piste-juin-2015\/cleden-poher-juin-2015-VD-004.JPG?t=1433933613\"\n\t\t\tdata-thumbnail=\"https:\/\/www.aclanester56.com\/velo\/wp-content\/gallery\/cleden-poher-piste-juin-2015\/thumbs\/thumbs_cleden-poher-juin-2015-VD-004.JPG?t=1433933613\"\n\t\t\tdata-image-id=\"8914\"\n\t\t\tdata-image-name=\"cleden-poher-juin-2015-VD-004.JPG\"\n\t\t\tdata-title=\"cleden-poher-juin-2015-VD-004\"\n\t\t\tdata-description=\"\"\n\t\t\tdata-image-slug=\"cleden-poher-juin-2015-vd-004\"\n\t\t\t\t\t\t\t\t\t\t\t\t\t\t\t\t\t\t\t\tclass=\"ngg-simplelightbox\" rel=\"119ec20cfb9c81853d0dc410a8b69d65\">\n\t\t\t\t\t\t\t\t<img\n\t\t\t\t\ttitle=\"cleden-poher-juin-2015-VD-004\"\n\t\t\t\t\talt=\"cleden-poher-juin-2015-VD-004\"\n\t\t\t\t\tsrc=\"https:\/\/www.aclanester56.com\/velo\/wp-content\/gallery\/cleden-poher-piste-juin-2015\/thumbs\/thumbs_cleden-poher-juin-2015-VD-004.JPG?t=1433933613\"\n\t\t\t\t\twidth=\"100\"\n\t\t\t\t\theight=\"100\"\n\t\t\t\t\tstyle=\"max-width:100%;\"\n\t\t\t\t\/>\n\t\t\t<\/a>\n\t\t<\/div>\n\t\t\t\t\t\t\t<\/div>\n\t\t\t\n\t\t\t\t<div id=\"ngg-image-19\" class=\"ngg-gallery-thumbnail-box\n\t\t\t\t\t\t\t\t\t\t\t\"\n\t\t\t>\n\t\t\t\t\t\t<div class=\"ngg-gallery-thumbnail\">\n\t\t<a href=\"https:\/\/www.aclanester56.com\/velo\/wp-content\/gallery\/cleden-poher-piste-juin-2015\/cleden-poher-juin-2015-VD-003.JPG?t=1433933611\"\n\t\t\ttitle=\"\"\n\t\t\tdata-src=\"https:\/\/www.aclanester56.com\/velo\/wp-content\/gallery\/cleden-poher-piste-juin-2015\/cleden-poher-juin-2015-VD-003.JPG?t=1433933611\"\n\t\t\tdata-thumbnail=\"https:\/\/www.aclanester56.com\/velo\/wp-content\/gallery\/cleden-poher-piste-juin-2015\/thumbs\/thumbs_cleden-poher-juin-2015-VD-003.JPG?t=1433933611\"\n\t\t\tdata-image-id=\"8913\"\n\t\t\tdata-image-name=\"cleden-poher-juin-2015-VD-003.JPG\"\n\t\t\tdata-title=\"cleden-poher-juin-2015-VD-003\"\n\t\t\tdata-description=\"\"\n\t\t\tdata-image-slug=\"cleden-poher-juin-2015-vd-003\"\n\t\t\t\t\t\t\t\t\t\t\t\t\t\t\t\t\t\t\t\tclass=\"ngg-simplelightbox\" rel=\"119ec20cfb9c81853d0dc410a8b69d65\">\n\t\t\t\t\t\t\t\t<img\n\t\t\t\t\ttitle=\"cleden-poher-juin-2015-VD-003\"\n\t\t\t\t\talt=\"cleden-poher-juin-2015-VD-003\"\n\t\t\t\t\tsrc=\"https:\/\/www.aclanester56.com\/velo\/wp-content\/gallery\/cleden-poher-piste-juin-2015\/thumbs\/thumbs_cleden-poher-juin-2015-VD-003.JPG?t=1433933611\"\n\t\t\t\t\twidth=\"100\"\n\t\t\t\t\theight=\"100\"\n\t\t\t\t\tstyle=\"max-width:100%;\"\n\t\t\t\t\/>\n\t\t\t<\/a>\n\t\t<\/div>\n\t\t\t\t\t\t\t<\/div>\n\t\t\t\n\t\t\t\t<div id=\"ngg-image-20\" class=\"ngg-gallery-thumbnail-box\n\t\t\t\t\t\t\t\t\t\t\t\"\n\t\t\t>\n\t\t\t\t\t\t<div class=\"ngg-gallery-thumbnail\">\n\t\t<a href=\"https:\/\/www.aclanester56.com\/velo\/wp-content\/gallery\/cleden-poher-piste-juin-2015\/cleden-poher-juin-2015-VD-002.JPG?t=1433933608\"\n\t\t\ttitle=\"\"\n\t\t\tdata-src=\"https:\/\/www.aclanester56.com\/velo\/wp-content\/gallery\/cleden-poher-piste-juin-2015\/cleden-poher-juin-2015-VD-002.JPG?t=1433933608\"\n\t\t\tdata-thumbnail=\"https:\/\/www.aclanester56.com\/velo\/wp-content\/gallery\/cleden-poher-piste-juin-2015\/thumbs\/thumbs_cleden-poher-juin-2015-VD-002.JPG?t=1433933608\"\n\t\t\tdata-image-id=\"8912\"\n\t\t\tdata-image-name=\"cleden-poher-juin-2015-VD-002.JPG\"\n\t\t\tdata-title=\"cleden-poher-juin-2015-VD-002\"\n\t\t\tdata-description=\"\"\n\t\t\tdata-image-slug=\"cleden-poher-juin-2015-vd-002\"\n\t\t\t\t\t\t\t\t\t\t\t\t\t\t\t\t\t\t\t\tclass=\"ngg-simplelightbox\" rel=\"119ec20cfb9c81853d0dc410a8b69d65\">\n\t\t\t\t\t\t\t\t<img\n\t\t\t\t\ttitle=\"cleden-poher-juin-2015-VD-002\"\n\t\t\t\t\talt=\"cleden-poher-juin-2015-VD-002\"\n\t\t\t\t\tsrc=\"https:\/\/www.aclanester56.com\/velo\/wp-content\/gallery\/cleden-poher-piste-juin-2015\/thumbs\/thumbs_cleden-poher-juin-2015-VD-002.JPG?t=1433933608\"\n\t\t\t\t\twidth=\"100\"\n\t\t\t\t\theight=\"100\"\n\t\t\t\t\tstyle=\"max-width:100%;\"\n\t\t\t\t\/>\n\t\t\t<\/a>\n\t\t<\/div>\n\t\t\t\t\t\t\t<\/div>\n\t\t\t\n\t\n\t<br style=\"clear: both\" \/>\n\n\t\n\t\t<div class=\"ngg-clear\"><\/div>\n\t<\/div>\n<\/p>\n","protected":false},"excerpt":{"rendered":"","protected":false},"author":2,"featured_media":24724,"comment_status":"open","ping_status":"open","sticky":false,"template":"","format":"standard","meta":{"ngg_post_thumbnail":0,"footnotes":""},"categories":[5,16],"tags":[],"class_list":["post-24687","post","type-post","status-publish","format-standard","has-post-thumbnail","hentry","category-ac-lanester-56","category-resultats"],"yoast_head":"<!-- This site is optimized with the Yoast SEO plugin v27.5 - https:\/\/yoast.com\/product\/yoast-seo-wordpress\/ -->\n<title>Les r\u00e9sultats de la Piste Cleden-Poher - Avenir Cycliste Lanester 56<\/title>\n<meta name=\"robots\" content=\"index, follow, max-snippet:-1, max-image-preview:large, max-video-preview:-1\" \/>\n<link rel=\"canonical\" href=\"https:\/\/www.aclanester56.com\/velo\/les-resultats-de-la-piste-cleden-poher\/\" \/>\n<meta property=\"og:locale\" content=\"fr_FR\" \/>\n<meta property=\"og:type\" content=\"article\" \/>\n<meta property=\"og:title\" content=\"Les r\u00e9sultats de la Piste Cleden-Poher - Avenir Cycliste Lanester 56\" \/>\n<meta property=\"og:url\" content=\"https:\/\/www.aclanester56.com\/velo\/les-resultats-de-la-piste-cleden-poher\/\" \/>\n<meta property=\"og:site_name\" content=\"Avenir Cycliste Lanester 56\" \/>\n<meta property=\"article:publisher\" content=\"https:\/\/www.facebook.com\/pages\/AC-Lanester-56\/190286300991242?fref=ts\" \/>\n<meta property=\"article:published_time\" content=\"2015-06-10T10:59:16+00:00\" \/>\n<meta property=\"article:modified_time\" content=\"2015-06-10T11:07:06+00:00\" \/>\n<meta property=\"og:image\" content=\"https:\/\/www.aclanester56.com\/velo\/wp-content\/uploads\/2015\/06\/cleden-poher-juin-2015-VD-015.jpg\" \/>\n\t<meta property=\"og:image:width\" content=\"1024\" \/>\n\t<meta property=\"og:image:height\" content=\"768\" \/>\n\t<meta property=\"og:image:type\" content=\"image\/jpeg\" \/>\n<meta name=\"author\" content=\"stephane\" \/>\n<meta name=\"twitter:label1\" content=\"\u00c9crit par\" \/>\n\t<meta name=\"twitter:data1\" content=\"stephane\" \/>\n<script type=\"application\/ld+json\" class=\"yoast-schema-graph\">{\"@context\":\"https:\\\/\\\/schema.org\",\"@graph\":[{\"@type\":\"Article\",\"@id\":\"https:\\\/\\\/www.aclanester56.com\\\/velo\\\/les-resultats-de-la-piste-cleden-poher\\\/#article\",\"isPartOf\":{\"@id\":\"https:\\\/\\\/www.aclanester56.com\\\/velo\\\/les-resultats-de-la-piste-cleden-poher\\\/\"},\"author\":{\"name\":\"stephane\",\"@id\":\"https:\\\/\\\/www.aclanester56.com\\\/velo\\\/#\\\/schema\\\/person\\\/c844661e64a578ca46639cb0ae764de6\"},\"headline\":\"Les r\u00e9sultats de la Piste Cleden-Poher\",\"datePublished\":\"2015-06-10T10:59:16+00:00\",\"dateModified\":\"2015-06-10T11:07:06+00:00\",\"mainEntityOfPage\":{\"@id\":\"https:\\\/\\\/www.aclanester56.com\\\/velo\\\/les-resultats-de-la-piste-cleden-poher\\\/\"},\"wordCount\":89,\"commentCount\":0,\"publisher\":{\"@id\":\"https:\\\/\\\/www.aclanester56.com\\\/velo\\\/#organization\"},\"image\":{\"@id\":\"https:\\\/\\\/www.aclanester56.com\\\/velo\\\/les-resultats-de-la-piste-cleden-poher\\\/#primaryimage\"},\"thumbnailUrl\":\"https:\\\/\\\/www.aclanester56.com\\\/velo\\\/wp-content\\\/uploads\\\/2015\\\/06\\\/cleden-poher-juin-2015-VD-015.jpg\",\"articleSection\":[\"AC LANESTER 56\",\"R\u00e9sultats\"],\"inLanguage\":\"fr-FR\",\"potentialAction\":[{\"@type\":\"CommentAction\",\"name\":\"Comment\",\"target\":[\"https:\\\/\\\/www.aclanester56.com\\\/velo\\\/les-resultats-de-la-piste-cleden-poher\\\/#respond\"]}]},{\"@type\":\"WebPage\",\"@id\":\"https:\\\/\\\/www.aclanester56.com\\\/velo\\\/les-resultats-de-la-piste-cleden-poher\\\/\",\"url\":\"https:\\\/\\\/www.aclanester56.com\\\/velo\\\/les-resultats-de-la-piste-cleden-poher\\\/\",\"name\":\"Les r\u00e9sultats de la Piste Cleden-Poher - Avenir Cycliste Lanester 56\",\"isPartOf\":{\"@id\":\"https:\\\/\\\/www.aclanester56.com\\\/velo\\\/#website\"},\"primaryImageOfPage\":{\"@id\":\"https:\\\/\\\/www.aclanester56.com\\\/velo\\\/les-resultats-de-la-piste-cleden-poher\\\/#primaryimage\"},\"image\":{\"@id\":\"https:\\\/\\\/www.aclanester56.com\\\/velo\\\/les-resultats-de-la-piste-cleden-poher\\\/#primaryimage\"},\"thumbnailUrl\":\"https:\\\/\\\/www.aclanester56.com\\\/velo\\\/wp-content\\\/uploads\\\/2015\\\/06\\\/cleden-poher-juin-2015-VD-015.jpg\",\"datePublished\":\"2015-06-10T10:59:16+00:00\",\"dateModified\":\"2015-06-10T11:07:06+00:00\",\"inLanguage\":\"fr-FR\",\"potentialAction\":[{\"@type\":\"ReadAction\",\"target\":[\"https:\\\/\\\/www.aclanester56.com\\\/velo\\\/les-resultats-de-la-piste-cleden-poher\\\/\"]}]},{\"@type\":\"ImageObject\",\"inLanguage\":\"fr-FR\",\"@id\":\"https:\\\/\\\/www.aclanester56.com\\\/velo\\\/les-resultats-de-la-piste-cleden-poher\\\/#primaryimage\",\"url\":\"https:\\\/\\\/www.aclanester56.com\\\/velo\\\/wp-content\\\/uploads\\\/2015\\\/06\\\/cleden-poher-juin-2015-VD-015.jpg\",\"contentUrl\":\"https:\\\/\\\/www.aclanester56.com\\\/velo\\\/wp-content\\\/uploads\\\/2015\\\/06\\\/cleden-poher-juin-2015-VD-015.jpg\",\"width\":1024,\"height\":768},{\"@type\":\"WebSite\",\"@id\":\"https:\\\/\\\/www.aclanester56.com\\\/velo\\\/#website\",\"url\":\"https:\\\/\\\/www.aclanester56.com\\\/velo\\\/\",\"name\":\"Avenir Cycliste Lanester 56\",\"description\":\"Club cycliste de l&#039;AC LANESTER 56\",\"publisher\":{\"@id\":\"https:\\\/\\\/www.aclanester56.com\\\/velo\\\/#organization\"},\"potentialAction\":[{\"@type\":\"SearchAction\",\"target\":{\"@type\":\"EntryPoint\",\"urlTemplate\":\"https:\\\/\\\/www.aclanester56.com\\\/velo\\\/?s={search_term_string}\"},\"query-input\":{\"@type\":\"PropertyValueSpecification\",\"valueRequired\":true,\"valueName\":\"search_term_string\"}}],\"inLanguage\":\"fr-FR\"},{\"@type\":\"Organization\",\"@id\":\"https:\\\/\\\/www.aclanester56.com\\\/velo\\\/#organization\",\"name\":\"Avenir Cycliste Lanester 56\",\"url\":\"https:\\\/\\\/www.aclanester56.com\\\/velo\\\/\",\"logo\":{\"@type\":\"ImageObject\",\"inLanguage\":\"fr-FR\",\"@id\":\"https:\\\/\\\/www.aclanester56.com\\\/velo\\\/#\\\/schema\\\/logo\\\/image\\\/\",\"url\":\"https:\\\/\\\/www.aclanester56.com\\\/velo\\\/wp-content\\\/uploads\\\/2013\\\/04\\\/logo-ACL.jpg\",\"contentUrl\":\"https:\\\/\\\/www.aclanester56.com\\\/velo\\\/wp-content\\\/uploads\\\/2013\\\/04\\\/logo-ACL.jpg\",\"width\":400,\"height\":334,\"caption\":\"Avenir Cycliste Lanester 56\"},\"image\":{\"@id\":\"https:\\\/\\\/www.aclanester56.com\\\/velo\\\/#\\\/schema\\\/logo\\\/image\\\/\"},\"sameAs\":[\"https:\\\/\\\/www.facebook.com\\\/pages\\\/AC-Lanester-56\\\/190286300991242?fref=ts\"]},{\"@type\":\"Person\",\"@id\":\"https:\\\/\\\/www.aclanester56.com\\\/velo\\\/#\\\/schema\\\/person\\\/c844661e64a578ca46639cb0ae764de6\",\"name\":\"stephane\",\"url\":\"https:\\\/\\\/www.aclanester56.com\\\/velo\\\/author\\\/stephane\\\/\"}]}<\/script>\n<!-- \/ Yoast SEO plugin. -->","yoast_head_json":{"title":"Les r\u00e9sultats de la Piste Cleden-Poher - Avenir Cycliste Lanester 56","robots":{"index":"index","follow":"follow","max-snippet":"max-snippet:-1","max-image-preview":"max-image-preview:large","max-video-preview":"max-video-preview:-1"},"canonical":"https:\/\/www.aclanester56.com\/velo\/les-resultats-de-la-piste-cleden-poher\/","og_locale":"fr_FR","og_type":"article","og_title":"Les r\u00e9sultats de la Piste Cleden-Poher - Avenir Cycliste Lanester 56","og_url":"https:\/\/www.aclanester56.com\/velo\/les-resultats-de-la-piste-cleden-poher\/","og_site_name":"Avenir Cycliste Lanester 56","article_publisher":"https:\/\/www.facebook.com\/pages\/AC-Lanester-56\/190286300991242?fref=ts","article_published_time":"2015-06-10T10:59:16+00:00","article_modified_time":"2015-06-10T11:07:06+00:00","og_image":[{"width":1024,"height":768,"url":"https:\/\/www.aclanester56.com\/velo\/wp-content\/uploads\/2015\/06\/cleden-poher-juin-2015-VD-015.jpg","type":"image\/jpeg"}],"author":"stephane","twitter_misc":{"\u00c9crit par":"stephane"},"schema":{"@context":"https:\/\/schema.org","@graph":[{"@type":"Article","@id":"https:\/\/www.aclanester56.com\/velo\/les-resultats-de-la-piste-cleden-poher\/#article","isPartOf":{"@id":"https:\/\/www.aclanester56.com\/velo\/les-resultats-de-la-piste-cleden-poher\/"},"author":{"name":"stephane","@id":"https:\/\/www.aclanester56.com\/velo\/#\/schema\/person\/c844661e64a578ca46639cb0ae764de6"},"headline":"Les r\u00e9sultats de la Piste Cleden-Poher","datePublished":"2015-06-10T10:59:16+00:00","dateModified":"2015-06-10T11:07:06+00:00","mainEntityOfPage":{"@id":"https:\/\/www.aclanester56.com\/velo\/les-resultats-de-la-piste-cleden-poher\/"},"wordCount":89,"commentCount":0,"publisher":{"@id":"https:\/\/www.aclanester56.com\/velo\/#organization"},"image":{"@id":"https:\/\/www.aclanester56.com\/velo\/les-resultats-de-la-piste-cleden-poher\/#primaryimage"},"thumbnailUrl":"https:\/\/www.aclanester56.com\/velo\/wp-content\/uploads\/2015\/06\/cleden-poher-juin-2015-VD-015.jpg","articleSection":["AC LANESTER 56","R\u00e9sultats"],"inLanguage":"fr-FR","potentialAction":[{"@type":"CommentAction","name":"Comment","target":["https:\/\/www.aclanester56.com\/velo\/les-resultats-de-la-piste-cleden-poher\/#respond"]}]},{"@type":"WebPage","@id":"https:\/\/www.aclanester56.com\/velo\/les-resultats-de-la-piste-cleden-poher\/","url":"https:\/\/www.aclanester56.com\/velo\/les-resultats-de-la-piste-cleden-poher\/","name":"Les r\u00e9sultats de la Piste Cleden-Poher - Avenir Cycliste Lanester 56","isPartOf":{"@id":"https:\/\/www.aclanester56.com\/velo\/#website"},"primaryImageOfPage":{"@id":"https:\/\/www.aclanester56.com\/velo\/les-resultats-de-la-piste-cleden-poher\/#primaryimage"},"image":{"@id":"https:\/\/www.aclanester56.com\/velo\/les-resultats-de-la-piste-cleden-poher\/#primaryimage"},"thumbnailUrl":"https:\/\/www.aclanester56.com\/velo\/wp-content\/uploads\/2015\/06\/cleden-poher-juin-2015-VD-015.jpg","datePublished":"2015-06-10T10:59:16+00:00","dateModified":"2015-06-10T11:07:06+00:00","inLanguage":"fr-FR","potentialAction":[{"@type":"ReadAction","target":["https:\/\/www.aclanester56.com\/velo\/les-resultats-de-la-piste-cleden-poher\/"]}]},{"@type":"ImageObject","inLanguage":"fr-FR","@id":"https:\/\/www.aclanester56.com\/velo\/les-resultats-de-la-piste-cleden-poher\/#primaryimage","url":"https:\/\/www.aclanester56.com\/velo\/wp-content\/uploads\/2015\/06\/cleden-poher-juin-2015-VD-015.jpg","contentUrl":"https:\/\/www.aclanester56.com\/velo\/wp-content\/uploads\/2015\/06\/cleden-poher-juin-2015-VD-015.jpg","width":1024,"height":768},{"@type":"WebSite","@id":"https:\/\/www.aclanester56.com\/velo\/#website","url":"https:\/\/www.aclanester56.com\/velo\/","name":"Avenir Cycliste Lanester 56","description":"Club cycliste de l&#039;AC LANESTER 56","publisher":{"@id":"https:\/\/www.aclanester56.com\/velo\/#organization"},"potentialAction":[{"@type":"SearchAction","target":{"@type":"EntryPoint","urlTemplate":"https:\/\/www.aclanester56.com\/velo\/?s={search_term_string}"},"query-input":{"@type":"PropertyValueSpecification","valueRequired":true,"valueName":"search_term_string"}}],"inLanguage":"fr-FR"},{"@type":"Organization","@id":"https:\/\/www.aclanester56.com\/velo\/#organization","name":"Avenir Cycliste Lanester 56","url":"https:\/\/www.aclanester56.com\/velo\/","logo":{"@type":"ImageObject","inLanguage":"fr-FR","@id":"https:\/\/www.aclanester56.com\/velo\/#\/schema\/logo\/image\/","url":"https:\/\/www.aclanester56.com\/velo\/wp-content\/uploads\/2013\/04\/logo-ACL.jpg","contentUrl":"https:\/\/www.aclanester56.com\/velo\/wp-content\/uploads\/2013\/04\/logo-ACL.jpg","width":400,"height":334,"caption":"Avenir Cycliste Lanester 56"},"image":{"@id":"https:\/\/www.aclanester56.com\/velo\/#\/schema\/logo\/image\/"},"sameAs":["https:\/\/www.facebook.com\/pages\/AC-Lanester-56\/190286300991242?fref=ts"]},{"@type":"Person","@id":"https:\/\/www.aclanester56.com\/velo\/#\/schema\/person\/c844661e64a578ca46639cb0ae764de6","name":"stephane","url":"https:\/\/www.aclanester56.com\/velo\/author\/stephane\/"}]}},"_links":{"self":[{"href":"https:\/\/www.aclanester56.com\/velo\/wp-json\/wp\/v2\/posts\/24687","targetHints":{"allow":["GET"]}}],"collection":[{"href":"https:\/\/www.aclanester56.com\/velo\/wp-json\/wp\/v2\/posts"}],"about":[{"href":"https:\/\/www.aclanester56.com\/velo\/wp-json\/wp\/v2\/types\/post"}],"author":[{"embeddable":true,"href":"https:\/\/www.aclanester56.com\/velo\/wp-json\/wp\/v2\/users\/2"}],"replies":[{"embeddable":true,"href":"https:\/\/www.aclanester56.com\/velo\/wp-json\/wp\/v2\/comments?post=24687"}],"version-history":[{"count":2,"href":"https:\/\/www.aclanester56.com\/velo\/wp-json\/wp\/v2\/posts\/24687\/revisions"}],"predecessor-version":[{"id":24727,"href":"https:\/\/www.aclanester56.com\/velo\/wp-json\/wp\/v2\/posts\/24687\/revisions\/24727"}],"wp:featuredmedia":[{"embeddable":true,"href":"https:\/\/www.aclanester56.com\/velo\/wp-json\/wp\/v2\/media\/24724"}],"wp:attachment":[{"href":"https:\/\/www.aclanester56.com\/velo\/wp-json\/wp\/v2\/media?parent=24687"}],"wp:term":[{"taxonomy":"category","embeddable":true,"href":"https:\/\/www.aclanester56.com\/velo\/wp-json\/wp\/v2\/categories?post=24687"},{"taxonomy":"post_tag","embeddable":true,"href":"https:\/\/www.aclanester56.com\/velo\/wp-json\/wp\/v2\/tags?post=24687"}],"curies":[{"name":"wp","href":"https:\/\/api.w.org\/{rel}","templated":true}]}}