{"id":25179,"date":"2015-06-19T20:49:58","date_gmt":"2015-06-19T18:49:58","guid":{"rendered":"http:\/\/www.aclanester56.com\/velo\/?p=25179"},"modified":"2015-06-19T20:51:04","modified_gmt":"2015-06-19T18:51:04","slug":"ce-week-end-fete-de-la-musique-et-aussi-les-courses-a-lanester","status":"publish","type":"post","link":"https:\/\/www.aclanester56.com\/velo\/ce-week-end-fete-de-la-musique-et-aussi-les-courses-a-lanester\/","title":{"rendered":"Ce week end : F\u00eate de la musique et  aussi les courses \u00e0 Lanester"},"content":{"rendered":"<p><!--more--><\/p>\n<p>Ce week end meme si Dimanche sera le jour le plus long de l&rsquo;ann\u00e9e , le club va encore faire des kilom\u00e8tres et esp\u00e9rons ramenez des victoires !<\/p>\n<p>D\u00e9j\u00e0 2 Victoires ce jour avec Karl en piste aux championnat de France \u00e0 Roubaix !<\/p>\n<p>Alors Profitez , roulez et gagnez \u00a0! Voici la longue liste des rendez-vous du week end ! et n&rsquo;oubliez pas vos appareils photos !<\/p>\n<p><strong>Dimance 21 Juin 2015 Boistrudan 1ere Cat<\/strong><\/p>\n<ul>\n<li>LE CALVE Gregoire<\/li>\n<\/ul>\n<p><strong>Samedi \u00a020 Juin 2015 Daoulas Cadet<\/strong><\/p>\n<ul>\n<li>REVOLT LE BOUEDEC Johann<\/li>\n<\/ul>\n<p><strong>Dimanche 21 Juin Guillac Ecole de Cyclisme<\/strong><\/p>\n<ul>\n<li>Cadoret Th\u00e9otime<\/li>\n<\/ul>\n<p><strong>Dimanche 21 juin Guillac Minimes<\/strong><\/p>\n<ul>\n<li>Cadoret Celestin<\/li>\n<\/ul>\n<p><strong>Dimanche \u00a021 juin Kerstran Auray 3eme Cat -Juniors<\/strong><\/p>\n<ul>\n<li>CAZUGUEL TONY<\/li>\n<li>DUVAL BENJAMIN<\/li>\n<li>LE BRUCHEC BENOIT<\/li>\n<li>LE GAL MATHIEU<\/li>\n<li>LE MOUELLIC ANDY<\/li>\n<li>LE PROVOST ALEXANDRE<\/li>\n<li>MOREAC FLORIAN<\/li>\n<\/ul>\n<p><strong>Dimanche 21 juin \u00a02015 Kerstran Auray Cadets<\/strong><\/p>\n<ul>\n<li>AUDIC\u00a0Dylan<\/li>\n<li>JUSTUM Axel<\/li>\n<li>LE CHENADEC Antoine<\/li>\n<li>LE CROM\u00a0Charles<\/li>\n<\/ul>\n<p><strong>Dimanche 21 juin \u00a02015 Messac Juniors<\/strong><\/p>\n<ul>\n<li>ANDRE Nathan<\/li>\n<li>ROUZAU Thibault<\/li>\n<li>BALTENWECK Mewen<\/li>\n<li>LE CROM Victor<\/li>\n<li>LE BAIL Hugo<\/li>\n<\/ul>\n<p><strong>Samedi \u00a020 juin 2015 \u00a0Pordic Piste<\/strong><\/p>\n<ul>\n<li>DUVAL Benjamin<\/li>\n<li>LE MOUELLIC Andy<\/li>\n<\/ul>\n<p><strong>Samedi \u00a020 juin \u00a02015 Plestin Trigavou Minime<\/strong><\/p>\n<ul>\n<li>LE COZ Pierre<\/li>\n<\/ul>\n<p><strong>Samedi \u00a020 juin \u00a02015 Plestin Trigavou\u00a0Pass cyclisme<\/strong><\/p>\n<ul>\n<li>LE COZ St\u00e9phane<\/li>\n<\/ul>\n<p><strong>Dimanche 21 Juin Plougastel Daoulas Cadet<\/strong><\/p>\n<ul>\n<li>REVOLT LE BOUEDEC\u00a0Johann<\/li>\n<\/ul>\n<p><strong>Dimanche 21 juin 2015 Prinqiau Pass cyclisme<\/strong><\/p>\n<ul>\n<li>DESBOIS R\u00e9gis<\/li>\n<\/ul>\n<p><strong>Dimanche \u00a021 juin 2015 \u00a02-3eme Cat -Juniors<\/strong><\/p>\n<ul>\n<li>LE GAL\u00a0J\u00e9rome<\/li>\n<li>SIBY\u00a0Mickael<\/li>\n<li>SINNER\u00a0Christophe<\/li>\n<\/ul>\n<p><strong>Week end du 20-21 Juin \u00a02015 Championnat de France sur Piste\u00a0<\/strong><\/p>\n<ul>\n<li>CHANDAVOINE Karl<\/li>\n<li>LE TELLIER Tony<\/li>\n<\/ul>\n","protected":false},"excerpt":{"rendered":"","protected":false},"author":2,"featured_media":25180,"comment_status":"open","ping_status":"open","sticky":false,"template":"","format":"standard","meta":{"ngg_post_thumbnail":0,"footnotes":""},"categories":[5,6],"tags":[],"class_list":["post-25179","post","type-post","status-publish","format-standard","has-post-thumbnail","hentry","category-ac-lanester-56","category-les-rendez-vous"],"yoast_head":"<!-- This site is optimized with the Yoast SEO plugin v27.5 - https:\/\/yoast.com\/product\/yoast-seo-wordpress\/ -->\n<title>Ce week end : F\u00eate de la musique et aussi les courses \u00e0 Lanester - Avenir Cycliste Lanester 56<\/title>\n<meta name=\"robots\" content=\"index, follow, max-snippet:-1, max-image-preview:large, max-video-preview:-1\" \/>\n<link rel=\"canonical\" href=\"https:\/\/www.aclanester56.com\/velo\/ce-week-end-fete-de-la-musique-et-aussi-les-courses-a-lanester\/\" \/>\n<meta property=\"og:locale\" content=\"fr_FR\" \/>\n<meta property=\"og:type\" content=\"article\" \/>\n<meta property=\"og:title\" content=\"Ce week end : F\u00eate de la musique et aussi les courses \u00e0 Lanester - Avenir Cycliste Lanester 56\" \/>\n<meta property=\"og:url\" content=\"https:\/\/www.aclanester56.com\/velo\/ce-week-end-fete-de-la-musique-et-aussi-les-courses-a-lanester\/\" \/>\n<meta property=\"og:site_name\" content=\"Avenir Cycliste Lanester 56\" \/>\n<meta property=\"article:publisher\" content=\"https:\/\/www.facebook.com\/pages\/AC-Lanester-56\/190286300991242?fref=ts\" \/>\n<meta property=\"article:published_time\" content=\"2015-06-19T18:49:58+00:00\" \/>\n<meta property=\"article:modified_time\" content=\"2015-06-19T18:51:04+00:00\" \/>\n<meta property=\"og:image\" content=\"https:\/\/www.aclanester56.com\/velo\/wp-content\/uploads\/2015\/06\/Tremeven-juin-2015-014.jpg\" \/>\n\t<meta property=\"og:image:width\" content=\"1024\" \/>\n\t<meta property=\"og:image:height\" content=\"683\" \/>\n\t<meta property=\"og:image:type\" content=\"image\/jpeg\" \/>\n<meta name=\"author\" content=\"stephane\" \/>\n<meta name=\"twitter:label1\" content=\"\u00c9crit par\" \/>\n\t<meta name=\"twitter:data1\" content=\"stephane\" \/>\n\t<meta name=\"twitter:label2\" content=\"Dur\u00e9e de lecture estim\u00e9e\" \/>\n\t<meta name=\"twitter:data2\" content=\"1 minute\" \/>\n<script type=\"application\/ld+json\" class=\"yoast-schema-graph\">{\"@context\":\"https:\\\/\\\/schema.org\",\"@graph\":[{\"@type\":\"Article\",\"@id\":\"https:\\\/\\\/www.aclanester56.com\\\/velo\\\/ce-week-end-fete-de-la-musique-et-aussi-les-courses-a-lanester\\\/#article\",\"isPartOf\":{\"@id\":\"https:\\\/\\\/www.aclanester56.com\\\/velo\\\/ce-week-end-fete-de-la-musique-et-aussi-les-courses-a-lanester\\\/\"},\"author\":{\"name\":\"stephane\",\"@id\":\"https:\\\/\\\/www.aclanester56.com\\\/velo\\\/#\\\/schema\\\/person\\\/c844661e64a578ca46639cb0ae764de6\"},\"headline\":\"Ce week end : F\u00eate de la musique et aussi les courses \u00e0 Lanester\",\"datePublished\":\"2015-06-19T18:49:58+00:00\",\"dateModified\":\"2015-06-19T18:51:04+00:00\",\"mainEntityOfPage\":{\"@id\":\"https:\\\/\\\/www.aclanester56.com\\\/velo\\\/ce-week-end-fete-de-la-musique-et-aussi-les-courses-a-lanester\\\/\"},\"wordCount\":236,\"commentCount\":0,\"publisher\":{\"@id\":\"https:\\\/\\\/www.aclanester56.com\\\/velo\\\/#organization\"},\"image\":{\"@id\":\"https:\\\/\\\/www.aclanester56.com\\\/velo\\\/ce-week-end-fete-de-la-musique-et-aussi-les-courses-a-lanester\\\/#primaryimage\"},\"thumbnailUrl\":\"https:\\\/\\\/www.aclanester56.com\\\/velo\\\/wp-content\\\/uploads\\\/2015\\\/06\\\/Tremeven-juin-2015-014.jpg\",\"articleSection\":[\"AC LANESTER 56\",\"Les rendez-vous\"],\"inLanguage\":\"fr-FR\",\"potentialAction\":[{\"@type\":\"CommentAction\",\"name\":\"Comment\",\"target\":[\"https:\\\/\\\/www.aclanester56.com\\\/velo\\\/ce-week-end-fete-de-la-musique-et-aussi-les-courses-a-lanester\\\/#respond\"]}]},{\"@type\":\"WebPage\",\"@id\":\"https:\\\/\\\/www.aclanester56.com\\\/velo\\\/ce-week-end-fete-de-la-musique-et-aussi-les-courses-a-lanester\\\/\",\"url\":\"https:\\\/\\\/www.aclanester56.com\\\/velo\\\/ce-week-end-fete-de-la-musique-et-aussi-les-courses-a-lanester\\\/\",\"name\":\"Ce week end : F\u00eate de la musique et aussi les courses \u00e0 Lanester - Avenir Cycliste Lanester 56\",\"isPartOf\":{\"@id\":\"https:\\\/\\\/www.aclanester56.com\\\/velo\\\/#website\"},\"primaryImageOfPage\":{\"@id\":\"https:\\\/\\\/www.aclanester56.com\\\/velo\\\/ce-week-end-fete-de-la-musique-et-aussi-les-courses-a-lanester\\\/#primaryimage\"},\"image\":{\"@id\":\"https:\\\/\\\/www.aclanester56.com\\\/velo\\\/ce-week-end-fete-de-la-musique-et-aussi-les-courses-a-lanester\\\/#primaryimage\"},\"thumbnailUrl\":\"https:\\\/\\\/www.aclanester56.com\\\/velo\\\/wp-content\\\/uploads\\\/2015\\\/06\\\/Tremeven-juin-2015-014.jpg\",\"datePublished\":\"2015-06-19T18:49:58+00:00\",\"dateModified\":\"2015-06-19T18:51:04+00:00\",\"inLanguage\":\"fr-FR\",\"potentialAction\":[{\"@type\":\"ReadAction\",\"target\":[\"https:\\\/\\\/www.aclanester56.com\\\/velo\\\/ce-week-end-fete-de-la-musique-et-aussi-les-courses-a-lanester\\\/\"]}]},{\"@type\":\"ImageObject\",\"inLanguage\":\"fr-FR\",\"@id\":\"https:\\\/\\\/www.aclanester56.com\\\/velo\\\/ce-week-end-fete-de-la-musique-et-aussi-les-courses-a-lanester\\\/#primaryimage\",\"url\":\"https:\\\/\\\/www.aclanester56.com\\\/velo\\\/wp-content\\\/uploads\\\/2015\\\/06\\\/Tremeven-juin-2015-014.jpg\",\"contentUrl\":\"https:\\\/\\\/www.aclanester56.com\\\/velo\\\/wp-content\\\/uploads\\\/2015\\\/06\\\/Tremeven-juin-2015-014.jpg\",\"width\":1024,\"height\":683},{\"@type\":\"WebSite\",\"@id\":\"https:\\\/\\\/www.aclanester56.com\\\/velo\\\/#website\",\"url\":\"https:\\\/\\\/www.aclanester56.com\\\/velo\\\/\",\"name\":\"Avenir Cycliste Lanester 56\",\"description\":\"Club cycliste de l&#039;AC LANESTER 56\",\"publisher\":{\"@id\":\"https:\\\/\\\/www.aclanester56.com\\\/velo\\\/#organization\"},\"potentialAction\":[{\"@type\":\"SearchAction\",\"target\":{\"@type\":\"EntryPoint\",\"urlTemplate\":\"https:\\\/\\\/www.aclanester56.com\\\/velo\\\/?s={search_term_string}\"},\"query-input\":{\"@type\":\"PropertyValueSpecification\",\"valueRequired\":true,\"valueName\":\"search_term_string\"}}],\"inLanguage\":\"fr-FR\"},{\"@type\":\"Organization\",\"@id\":\"https:\\\/\\\/www.aclanester56.com\\\/velo\\\/#organization\",\"name\":\"Avenir Cycliste Lanester 56\",\"url\":\"https:\\\/\\\/www.aclanester56.com\\\/velo\\\/\",\"logo\":{\"@type\":\"ImageObject\",\"inLanguage\":\"fr-FR\",\"@id\":\"https:\\\/\\\/www.aclanester56.com\\\/velo\\\/#\\\/schema\\\/logo\\\/image\\\/\",\"url\":\"https:\\\/\\\/www.aclanester56.com\\\/velo\\\/wp-content\\\/uploads\\\/2013\\\/04\\\/logo-ACL.jpg\",\"contentUrl\":\"https:\\\/\\\/www.aclanester56.com\\\/velo\\\/wp-content\\\/uploads\\\/2013\\\/04\\\/logo-ACL.jpg\",\"width\":400,\"height\":334,\"caption\":\"Avenir Cycliste Lanester 56\"},\"image\":{\"@id\":\"https:\\\/\\\/www.aclanester56.com\\\/velo\\\/#\\\/schema\\\/logo\\\/image\\\/\"},\"sameAs\":[\"https:\\\/\\\/www.facebook.com\\\/pages\\\/AC-Lanester-56\\\/190286300991242?fref=ts\"]},{\"@type\":\"Person\",\"@id\":\"https:\\\/\\\/www.aclanester56.com\\\/velo\\\/#\\\/schema\\\/person\\\/c844661e64a578ca46639cb0ae764de6\",\"name\":\"stephane\",\"url\":\"https:\\\/\\\/www.aclanester56.com\\\/velo\\\/author\\\/stephane\\\/\"}]}<\/script>\n<!-- \/ Yoast SEO plugin. -->","yoast_head_json":{"title":"Ce week end : F\u00eate de la musique et aussi les courses \u00e0 Lanester - Avenir Cycliste Lanester 56","robots":{"index":"index","follow":"follow","max-snippet":"max-snippet:-1","max-image-preview":"max-image-preview:large","max-video-preview":"max-video-preview:-1"},"canonical":"https:\/\/www.aclanester56.com\/velo\/ce-week-end-fete-de-la-musique-et-aussi-les-courses-a-lanester\/","og_locale":"fr_FR","og_type":"article","og_title":"Ce week end : F\u00eate de la musique et aussi les courses \u00e0 Lanester - Avenir Cycliste Lanester 56","og_url":"https:\/\/www.aclanester56.com\/velo\/ce-week-end-fete-de-la-musique-et-aussi-les-courses-a-lanester\/","og_site_name":"Avenir Cycliste Lanester 56","article_publisher":"https:\/\/www.facebook.com\/pages\/AC-Lanester-56\/190286300991242?fref=ts","article_published_time":"2015-06-19T18:49:58+00:00","article_modified_time":"2015-06-19T18:51:04+00:00","og_image":[{"width":1024,"height":683,"url":"https:\/\/www.aclanester56.com\/velo\/wp-content\/uploads\/2015\/06\/Tremeven-juin-2015-014.jpg","type":"image\/jpeg"}],"author":"stephane","twitter_misc":{"\u00c9crit par":"stephane","Dur\u00e9e de lecture estim\u00e9e":"1 minute"},"schema":{"@context":"https:\/\/schema.org","@graph":[{"@type":"Article","@id":"https:\/\/www.aclanester56.com\/velo\/ce-week-end-fete-de-la-musique-et-aussi-les-courses-a-lanester\/#article","isPartOf":{"@id":"https:\/\/www.aclanester56.com\/velo\/ce-week-end-fete-de-la-musique-et-aussi-les-courses-a-lanester\/"},"author":{"name":"stephane","@id":"https:\/\/www.aclanester56.com\/velo\/#\/schema\/person\/c844661e64a578ca46639cb0ae764de6"},"headline":"Ce week end : F\u00eate de la musique et aussi les courses \u00e0 Lanester","datePublished":"2015-06-19T18:49:58+00:00","dateModified":"2015-06-19T18:51:04+00:00","mainEntityOfPage":{"@id":"https:\/\/www.aclanester56.com\/velo\/ce-week-end-fete-de-la-musique-et-aussi-les-courses-a-lanester\/"},"wordCount":236,"commentCount":0,"publisher":{"@id":"https:\/\/www.aclanester56.com\/velo\/#organization"},"image":{"@id":"https:\/\/www.aclanester56.com\/velo\/ce-week-end-fete-de-la-musique-et-aussi-les-courses-a-lanester\/#primaryimage"},"thumbnailUrl":"https:\/\/www.aclanester56.com\/velo\/wp-content\/uploads\/2015\/06\/Tremeven-juin-2015-014.jpg","articleSection":["AC LANESTER 56","Les rendez-vous"],"inLanguage":"fr-FR","potentialAction":[{"@type":"CommentAction","name":"Comment","target":["https:\/\/www.aclanester56.com\/velo\/ce-week-end-fete-de-la-musique-et-aussi-les-courses-a-lanester\/#respond"]}]},{"@type":"WebPage","@id":"https:\/\/www.aclanester56.com\/velo\/ce-week-end-fete-de-la-musique-et-aussi-les-courses-a-lanester\/","url":"https:\/\/www.aclanester56.com\/velo\/ce-week-end-fete-de-la-musique-et-aussi-les-courses-a-lanester\/","name":"Ce week end : F\u00eate de la musique et aussi les courses \u00e0 Lanester - Avenir Cycliste Lanester 56","isPartOf":{"@id":"https:\/\/www.aclanester56.com\/velo\/#website"},"primaryImageOfPage":{"@id":"https:\/\/www.aclanester56.com\/velo\/ce-week-end-fete-de-la-musique-et-aussi-les-courses-a-lanester\/#primaryimage"},"image":{"@id":"https:\/\/www.aclanester56.com\/velo\/ce-week-end-fete-de-la-musique-et-aussi-les-courses-a-lanester\/#primaryimage"},"thumbnailUrl":"https:\/\/www.aclanester56.com\/velo\/wp-content\/uploads\/2015\/06\/Tremeven-juin-2015-014.jpg","datePublished":"2015-06-19T18:49:58+00:00","dateModified":"2015-06-19T18:51:04+00:00","inLanguage":"fr-FR","potentialAction":[{"@type":"ReadAction","target":["https:\/\/www.aclanester56.com\/velo\/ce-week-end-fete-de-la-musique-et-aussi-les-courses-a-lanester\/"]}]},{"@type":"ImageObject","inLanguage":"fr-FR","@id":"https:\/\/www.aclanester56.com\/velo\/ce-week-end-fete-de-la-musique-et-aussi-les-courses-a-lanester\/#primaryimage","url":"https:\/\/www.aclanester56.com\/velo\/wp-content\/uploads\/2015\/06\/Tremeven-juin-2015-014.jpg","contentUrl":"https:\/\/www.aclanester56.com\/velo\/wp-content\/uploads\/2015\/06\/Tremeven-juin-2015-014.jpg","width":1024,"height":683},{"@type":"WebSite","@id":"https:\/\/www.aclanester56.com\/velo\/#website","url":"https:\/\/www.aclanester56.com\/velo\/","name":"Avenir Cycliste Lanester 56","description":"Club cycliste de l&#039;AC LANESTER 56","publisher":{"@id":"https:\/\/www.aclanester56.com\/velo\/#organization"},"potentialAction":[{"@type":"SearchAction","target":{"@type":"EntryPoint","urlTemplate":"https:\/\/www.aclanester56.com\/velo\/?s={search_term_string}"},"query-input":{"@type":"PropertyValueSpecification","valueRequired":true,"valueName":"search_term_string"}}],"inLanguage":"fr-FR"},{"@type":"Organization","@id":"https:\/\/www.aclanester56.com\/velo\/#organization","name":"Avenir Cycliste Lanester 56","url":"https:\/\/www.aclanester56.com\/velo\/","logo":{"@type":"ImageObject","inLanguage":"fr-FR","@id":"https:\/\/www.aclanester56.com\/velo\/#\/schema\/logo\/image\/","url":"https:\/\/www.aclanester56.com\/velo\/wp-content\/uploads\/2013\/04\/logo-ACL.jpg","contentUrl":"https:\/\/www.aclanester56.com\/velo\/wp-content\/uploads\/2013\/04\/logo-ACL.jpg","width":400,"height":334,"caption":"Avenir Cycliste Lanester 56"},"image":{"@id":"https:\/\/www.aclanester56.com\/velo\/#\/schema\/logo\/image\/"},"sameAs":["https:\/\/www.facebook.com\/pages\/AC-Lanester-56\/190286300991242?fref=ts"]},{"@type":"Person","@id":"https:\/\/www.aclanester56.com\/velo\/#\/schema\/person\/c844661e64a578ca46639cb0ae764de6","name":"stephane","url":"https:\/\/www.aclanester56.com\/velo\/author\/stephane\/"}]}},"_links":{"self":[{"href":"https:\/\/www.aclanester56.com\/velo\/wp-json\/wp\/v2\/posts\/25179","targetHints":{"allow":["GET"]}}],"collection":[{"href":"https:\/\/www.aclanester56.com\/velo\/wp-json\/wp\/v2\/posts"}],"about":[{"href":"https:\/\/www.aclanester56.com\/velo\/wp-json\/wp\/v2\/types\/post"}],"author":[{"embeddable":true,"href":"https:\/\/www.aclanester56.com\/velo\/wp-json\/wp\/v2\/users\/2"}],"replies":[{"embeddable":true,"href":"https:\/\/www.aclanester56.com\/velo\/wp-json\/wp\/v2\/comments?post=25179"}],"version-history":[{"count":3,"href":"https:\/\/www.aclanester56.com\/velo\/wp-json\/wp\/v2\/posts\/25179\/revisions"}],"predecessor-version":[{"id":25183,"href":"https:\/\/www.aclanester56.com\/velo\/wp-json\/wp\/v2\/posts\/25179\/revisions\/25183"}],"wp:featuredmedia":[{"embeddable":true,"href":"https:\/\/www.aclanester56.com\/velo\/wp-json\/wp\/v2\/media\/25180"}],"wp:attachment":[{"href":"https:\/\/www.aclanester56.com\/velo\/wp-json\/wp\/v2\/media?parent=25179"}],"wp:term":[{"taxonomy":"category","embeddable":true,"href":"https:\/\/www.aclanester56.com\/velo\/wp-json\/wp\/v2\/categories?post=25179"},{"taxonomy":"post_tag","embeddable":true,"href":"https:\/\/www.aclanester56.com\/velo\/wp-json\/wp\/v2\/tags?post=25179"}],"curies":[{"name":"wp","href":"https:\/\/api.w.org\/{rel}","templated":true}]}}