{"id":2531,"date":"2010-05-08T11:33:09","date_gmt":"2010-05-08T10:33:09","guid":{"rendered":"http:\/\/www.aclanester56.com\/velo\/?p=2531"},"modified":"2010-05-08T19:38:21","modified_gmt":"2010-05-08T18:38:21","slug":"deuxieme-etape-de-lessor-breton","status":"publish","type":"post","link":"https:\/\/www.aclanester56.com\/velo\/deuxieme-etape-de-lessor-breton\/","title":{"rendered":"Deuxi\u00e8me \u00e9tape de l&rsquo;essor breton"},"content":{"rendered":"<p><a href=\"http:\/\/www.aclanester56.com\/velo\/wp-content\/uploads\/2010\/05\/essor1.jpg\"><img loading=\"lazy\" decoding=\"async\" class=\"alignleft size-medium wp-image-2539\" src=\"http:\/\/www.aclanester56.com\/velo\/wp-content\/uploads\/2010\/05\/essor1-199x300.jpg\" alt=\"\" width=\"140\" height=\"212\" srcset=\"https:\/\/www.aclanester56.com\/velo\/wp-content\/uploads\/2010\/05\/essor1-199x300.jpg 199w, https:\/\/www.aclanester56.com\/velo\/wp-content\/uploads\/2010\/05\/essor1.jpg 425w\" sizes=\"auto, (max-width: 140px) 100vw, 140px\" \/><\/a><\/p>\n<p><br class=\"spacer_\" \/><\/p>\n<p><br class=\"spacer_\" \/><\/p>\n<p><br class=\"spacer_\" \/><\/p>\n<p><br class=\"spacer_\" \/><\/p>\n<p><br class=\"spacer_\" \/><\/p>\n<p><br class=\"spacer_\" \/><\/p>\n<p><br class=\"spacer_\" \/><\/p>\n<p>5eme place au g\u00e9n\u00e9ral pour Yohann David&#8230;<\/p>\n<p><br class=\"spacer_\" \/><\/p>\n<p><!--more--><\/p>\n<p><strong>Classement de la 2e \u00e9tape :<\/strong><br \/>\n 1\u00a0TORTELIER\u00a0 Etienne\u00a0\u00a0  \u00a0SOJ\u00a0\u00a0 \u00a03 h:52 mn:05 s<br \/>\n 2\u00a0LABORIE\u00a0 Christophe\u00a0\u00a0 \u00a0SOJ\u00a0\u00a0 \u00a00 mn:00 s<br \/>\n 3\u00a0TULIK\u00a0  Ang\u00e9lo\u00a0\u00a0 \u00a0VEN\u00a0\u00a0 \u00a00 mn:04 s<br \/>\n 4\u00a0GUYOT\u00a0 Yann\u00a0\u00a0 \u00a0SOJ\u00a0\u00a0 \u00a00 mn:58 s<br \/>\n 5 a<span style=\"color: #ff0000;\">DAVID\u00a0  Yoann\u00a0\u00a0 \u00a0ACL\u00a0\u00a0 \u00a01 mn:06 s<\/span><br \/>\n 6\u00a0VAN KEIRSBULCK\u00a0 Guillaume\u00a0\u00a0 \u00a0BEV\u00a0\u00a0 \u00a01  mn:09 s<br \/>\n 7\u00a0POUX\u00a0 Paul\u00a0\u00a0 \u00a0SOJ\u00a0\u00a0 \u00a01 mn:50 s<br \/>\n 8\u00a0CHEVAL\u00a0 Sylvain\u00a0\u00a0  \u00a0BIC\u00a0\u00a0 \u00a01 mn:50 s<br \/>\n 9\u00a0ROMAN\u00a0 Martial\u00a0\u00a0 \u00a0UNA\u00a0\u00a0 \u00a01 mn:50 s<br \/>\n 10\u00a0PIVOIS\u00a0  Yann\u00a0\u00a0 \u00a0CPO\u00a0\u00a0 \u00a01 mn:50 s<br \/>\n 11\u00a0BRUN\u00a0 Xavier\u00a0\u00a0 \u00a0ECS\u00a0\u00a0 \u00a01 mn:55 s<br \/>\n 12\u00a0STAELEN\u00a0  Marc\u00a0\u00a0 \u00a0CAC\u00a0\u00a0 \u00a01 mn:58 s<br \/>\n 13\u00a0ORTIZ\u00a0 J\u00e9r\u00e9my\u00a0\u00a0 \u00a0CAC\u00a0\u00a0 \u00a01 mn:58 s<br \/>\n 14\u00a0ZIELINSKI\u00a0  Piotr\u00a0\u00a0 \u00a0VPL\u00a0\u00a0 \u00a02 mn:04 s<br \/>\n 15\u00a0HARRISSON\u00a0 Owen\u00a0\u00a0 \u00a0HEN\u00a0\u00a0 \u00a02 mn:19 s<br \/>\n 16\u00a0VAN  DEN NOORTGATE\u00a0 K\u00e9vin\u00a0\u00a0 \u00a0NHL\u00a0\u00a0 \u00a02 mn:24 s<br \/>\n 17\u00a0DEPOORTER\u00a0 Dries\u00a0\u00a0  \u00a0NHL\u00a0\u00a0 \u00a02 mn:33 s<br \/>\n 18\u00a0GRIFFITHS\u00a0 Andrew\u00a0\u00a0 \u00a0NHL\u00a0\u00a0 \u00a02 mn:37 s<br \/>\n 19\u00a0BERNAUDEAU\u00a0  Mathieu\u00a0\u00a0 \u00a0VEN\u00a0\u00a0 \u00a02 mn:37 s<br \/>\n 20\u00a0SCHULTZ\u00a0 Silver\u00a0\u00a0 \u00a0ECS\u00a0\u00a0 \u00a02 mn:37 s<br \/>\n 21\u00a0VANDERSANDE\u00a0  Tosh\u00a0\u00a0 \u00a0BEV\u00a0\u00a0 \u00a02 mn:37 s<br \/>\n 22\u00a0RAVALEU\u00a0 St\u00e9fan\u00a0\u00a0 \u00a0VCC\u00a0\u00a0 \u00a02 mn:51 s<br \/>\n 23\u00a0LE  GUEVEL\u00a0 Simon\u00a0\u00a0 \u00a0HEN\u00a0\u00a0 \u00a02 mn:51 s<br \/>\n 24\u00a0CHOPIN\u00a0 David\u00a0\u00a0 \u00a0HEN\u00a0\u00a0 \u00a02 mn:51  s<br \/>\n 25\u00a0LANCON\u00a0 Fran\u00e7ois\u00a0\u00a0 \u00a0BIC\u00a0\u00a0 \u00a02 mn:51 s<br \/>\n 26\u00a0CHAN TSIN\u00a0 Romain\u00a0\u00a0  \u00a0VCC\u00a0\u00a0 \u00a02 mn:51 s<br \/>\n 27\u00a0BELGY\u00a0 Guillaume\u00a0\u00a0 \u00a0CPO\u00a0\u00a0 \u00a02 mn:51 s<br \/>\n 28\u00a0VIGNES\u00a0  Anthony\u00a0\u00a0 \u00a0UNA\u00a0\u00a0 \u00a02 mn:51 s<br \/>\n 29\u00a0<span style=\"color: #ff0000;\">BARGUIL\u00a0 Warren\u00a0\u00a0 \u00a0ACL\u00a0\u00a0 \u00a02 mn:51 s<\/span><br \/>\n 30\u00a0<span style=\"color: #ff0000;\">SADOUDI\u00a0  Kevin\u00a0\u00a0 \u00a0ACL\u00a0\u00a0 \u00a02 mn:51 s<\/span><br \/>\n 31\u00a0VAN AGTMAAL\u00a0 Peter\u00a0\u00a0 \u00a0MCT\u00a0\u00a0 \u00a02 mn:51 s<br \/>\n 32\u00a0LE  FUSTEC\u00a0 Damien\u00a0\u00a0 \u00a0MOS\u00a0\u00a0 \u00a02 mn:51 s<br \/>\n 33\u00a0<span style=\"color: #ff0000;\">RAULT\u00a0 Yann\u00a0\u00a0 \u00a0ACL\u00a0\u00a0 \u00a02 mn:51 s<\/span><br \/>\n 34\u00a0JEGOU\u00a0  Julien\u00a0\u00a0 \u00a0CAM\u00a0\u00a0 \u00a02 mn:51 s<br \/>\n 35\u00a0DAMIENS\u00a0 Bastien\u00a0\u00a0 \u00a0CPO\u00a0\u00a0 \u00a02 mn:51 s<br \/>\n 36\u00a0LE  GAC\u00a0 Laurent\u00a0\u00a0 \u00a0BIC\u00a0\u00a0 \u00a02 mn:51 s<br \/>\n 37\u00a0VERHELST\u00a0 Louis\u00a0\u00a0 \u00a0BEV\u00a0\u00a0 \u00a02  mn:51 s<br \/>\n 38\u00a0NAULEAU\u00a0 Bryan\u00a0\u00a0 \u00a0VEN\u00a0\u00a0 \u00a02 mn:51 s<br \/>\n 39\u00a0VERHAEGHE\u00a0  Sander\u00a0\u00a0 \u00a0NHL\u00a0\u00a0 \u00a02 mn:51 s<br \/>\n 40\u00a0KAMPHUIS\u00a0 Sebastiaan\u00a0\u00a0 \u00a0MCT\u00a0\u00a0 \u00a02 mn:51 s<br \/>\n 41\u00a0LOUYEST\u00a0  Edouard\u00a0\u00a0 \u00a0SOJ\u00a0\u00a0 \u00a03 mn:01 s<br \/>\n 42\u00a0GOUEDARD\u00a0 Simon\u00a0\u00a0 \u00a0VPL\u00a0\u00a0 \u00a03 mn:01 s<br \/>\n 43\u00a0BELGY\u00a0  Julien\u00a0\u00a0 \u00a0VEN\u00a0\u00a0 \u00a03 mn:01 s<br \/>\n 44\u00a0MANGHAM\u00a0 Wade\u00a0\u00a0 \u00a0CAC\u00a0\u00a0 \u00a04 mn:00 s<br \/>\n 45\u00a0VERMOTE\u00a0  Alphonse\u00a0\u00a0 \u00a0BEV\u00a0\u00a0 \u00a02 mn:51 s<br \/>\n 46\u00a0PETILLEAU\u00a0 Julien\u00a0\u00a0 \u00a0CPO\u00a0\u00a0 \u00a05 mn:21 s<br \/>\n 47\u00a0VAN  PLATERINGEN\u00a0 Martin\u00a0\u00a0 \u00a0MCT\u00a0\u00a0 \u00a07 mn:58 s<br \/>\n 48\u00a0BRETHOUX\u00a0 Damien\u00a0\u00a0 \u00a0ECS\u00a0\u00a0  \u00a011 mn:38 s<br \/>\n 49\u00a0DEVRIENDT\u00a0 Tom\u00a0\u00a0 \u00a0NHL\u00a0\u00a0 \u00a011 mn:44 s<br \/>\n 50\u00a0VAN DE  WAETER\u00a0 Sean\u00a0\u00a0 \u00a0NHL\u00a0\u00a0 \u00a012 mn:16 s<br \/>\n 51 TIMMER\u00a0 Mathijs\u00a0\u00a0 \u00a0MCT\u00a0\u00a0 \u00a012  mn:16 s<br \/>\n 52\u00a0GALE\u00a0 Philip\u00a0\u00a0 \u00a0HEN\u00a0\u00a0 \u00a012 mn:16 s<br \/>\n 53\u00a0HARMS\u00a0 Jos\u00a0\u00a0  \u00a0MCT\u00a0\u00a0 \u00a012 mn:16 s<br \/>\n 54\u00a0CROSBIE\u00a0 Nicolas\u00a0\u00a0 \u00a0MOS\u00a0\u00a0 \u00a012 mn:16 s<br \/>\n 55\u00a0LE  GALL\u00a0 Lo\u00efc\u00a0\u00a0 \u00a0MOS\u00a0\u00a0 \u00a012 mn:16 s<br \/>\n 56\u00a0CARDINEAU\u00a0 Fr\u00e9d\u00e9ric\u00a0\u00a0 \u00a0MOS\u00a0\u00a0 \u00a012  mn:16 s<br \/>\n 57\u00a0SMET\u00a0 Romain\u00a0\u00a0 \u00a0MOS\u00a0\u00a0 \u00a012 mn:16 s<br \/>\n 58\u00a0SIMON\u00a0 Gw\u00e9na\u00ebl\u00a0\u00a0  \u00a0BIC\u00a0\u00a0 \u00a012 mn:16 s<br \/>\n 59\u00a0BLANQUEFORT\u00a0 Sylvain\u00a0\u00a0 \u00a0MOS\u00a0\u00a0 \u00a012 mn:16 s<br \/>\n 60\u00a0MAILLET\u00a0  Josselin\u00a0\u00a0 \u00a0VEN\u00a0\u00a0 \u00a012 mn:16 s<br \/>\n 61\u00a0PERON\u00a0 Korentin\u00a0\u00a0 \u00a0SOJ\u00a0\u00a0 \u00a012 mn:16 s<br \/>\n 62\u00a0LE  BELLEC\u00a0 Ga\u00ebl\u00a0\u00a0 \u00a0CAM\u00a0\u00a0 \u00a012 mn:16 s<br \/>\n 63\u00a0REZA\u00a0 K\u00e9vin\u00a0\u00a0 \u00a0VEN\u00a0\u00a0 \u00a012 mn:16 s<br \/>\n 64\u00a0FUSCO\u00a0  Erwan\u00a0\u00a0 \u00a0VPL\u00a0\u00a0 \u00a012 mn:16 s<br \/>\n 65\u00a0JARRY\u00a0 Alexis\u00a0\u00a0 \u00a0CPO\u00a0\u00a0 \u00a012 mn:16 s<br \/>\n 66\u00a0BROUSSE\u00a0  Paul\u00a0\u00a0 \u00a0CPO\u00a0\u00a0 \u00a012 mn:16 s<br \/>\n 67\u00a0GONNET\u00a0 Julien\u00a0\u00a0 \u00a0UNA\u00a0\u00a0 \u00a012 mn:16 s<br \/>\n 68\u00a0MAHEAU\u00a0  Jean Philippe\u00a0\u00a0 \u00a0UNA\u00a0\u00a0 \u00a012 mn:16 s<br \/>\n 69\u00a0PARDINI\u00a0 Olivier\u00a0\u00a0 \u00a0BEV\u00a0\u00a0 \u00a012  mn:16 s<br \/>\n 70\u00a0DESRIAC\u00a0 Ga\u00ebl\u00a0\u00a0 \u00a0CAM\u00a0\u00a0 \u00a012 mn:16 s<br \/>\n 71\u00a0<span style=\"color: #ff0000;\">RAGOT\u00a0 Vincent\u00a0\u00a0  \u00a0ACL\u00a0\u00a0 \u00a012 mn:16 s<\/span><br \/>\n 72\u00a0LE CALVE\u00a0 Gr\u00e9goire\u00a0\u00a0 \u00a0HEN\u00a0\u00a0 \u00a012 mn:16 s<br \/>\n 73\u00a0LEBRETON\u00a0  Romain\u00a0\u00a0 \u00a0VCC\u00a0\u00a0 \u00a012 mn:16 s<br \/>\n 74\u00a0COLLIN\u00a0 K\u00e9vin\u00a0\u00a0 \u00a0BIC\u00a0\u00a0 \u00a014 mn:07 s<br \/>\n 75\u00a0COPELAND\u00a0  Tom\u00a0\u00a0 \u00a0BIC\u00a0\u00a0 \u00a014 mn:07 s<br \/>\n 76\u00a0LEMOINE\u00a0 Joseph\u00a0\u00a0 \u00a0VCC\u00a0\u00a0 \u00a015 mn:09 s<br \/>\n 77\u00a0BOUDARD\u00a0  Samuel\u00a0\u00a0 \u00a0VPL\u00a0\u00a0 \u00a015 mn:48 s<br \/>\n 78\u00a0JAFFRELOT\u00a0 Wilfried\u00a0\u00a0 \u00a0CAM\u00a0\u00a0 \u00a015  mn:48 s<br \/>\n 79\u00a0MALLEGOL\u00a0 Florent\u00a0\u00a0 \u00a0CAM\u00a0\u00a0 \u00a017 mn:32 s<br \/>\n 80\u00a0<span style=\"color: #ff0000;\">GUEGO\u00a0  Vincent\u00a0\u00a0 \u00a0ACL\u00a0\u00a0 \u00a018 mn:06 s<\/span><br \/>\n 81\u00a0RENOU\u00a0 Micka\u00ebl\u00a0\u00a0 \u00a0UNA\u00a0\u00a0 \u00a020 mn:33 s<br \/>\n 82\u00a0FLAVIEN\u00a0  Marc\u00a0\u00a0 \u00a0ECS\u00a0\u00a0 \u00a025 mn:16 s<br \/>\n 83\u00a0POULARD\u00a0 Morgan\u00a0\u00a0 \u00a0ECS\u00a0\u00a0 \u00a025 mn:30 s<br \/>\n 84\u00a0BRET\u00a0  Ludovic\u00a0\u00a0 \u00a0UNA\u00a0\u00a0 \u00a027 mn:30 s<br \/>\n 85\u00a0MADEC\u00a0 Arnaud\u00a0\u00a0 \u00a0VPL\u00a0\u00a0 \u00a027 mn:46 s<br \/>\n 86\u00a0ROCHER\u00a0  Ga\u00ebtan\u00a0\u00a0 \u00a0VPL\u00a0\u00a0 \u00a027 mn:46 s<\/p>\n<p><strong>Abandons :<\/strong><br \/>\n 87  ATZORI\u00a0 Umberto\u00a0\u00a0 \u00a0MCT\u00a0\u00a0\u00a0\u00a0<br \/>\n 88 DE JONGHE\u00a0 K\u00e9vin\u00a0\u00a0 \u00a0BEV\u00a0\u00a0\u00a0<br \/>\n 89\u00a0CHANCRIN\u00a0  Camille\u00a0\u00a0 \u00a0ECS\u00a0\u00a0\u00a0\u00a0<br \/>\n 90\u00a0GERBAUD\u00a0 Guillaume\u00a0\u00a0 \u00a0CAC\u00a0\u00a0\u00a0\u00a0<br \/>\n 91\u00a0LE  MONTAGNER\u00a0 Maxime\u00a0\u00a0 \u00a0CAM\u00a0\u00a0\u00a0<br \/>\n 92\u00a0AUBERGER\u00a0 Florian\u00a0\u00a0 \u00a0HEN\u00a0\u00a0\u00a0<br \/>\n 93\u00a0BRUAND\u00a0  Emmanuel\u00a0\u00a0 \u00a0VCC\u00a0\u00a0\u00a0\u00a0<br \/>\n 94\u00a0BRAULT\u00a0 Kevin\u00a0\u00a0 \u00a0VCC\u00a0\u00a0\u00a0<br \/>\n <strong><br \/>\n Classement  g\u00e9n\u00e9ral : <\/strong><br \/>\n 1\u00a0LABORIE\u00a0 Christophe\u00a0\u00a0 \u00a0SOJ\u00a0\u00a0\u00a0 en 07:00:36 \u00a0 <br \/>\n 2\u00a0TORTELIER\u00a0  Etienne\u00a0\u00a0 \u00a0SOJ\u00a0\u00a0 \u00a00 mn:09 s\u00a0\u00a0 \u00a0<br \/>\n 3\u00a0TULIK\u00a0 Ang\u00e9lo\u00a0\u00a0 \u00a0VEN\u00a0\u00a0 \u00a00 mn:18  s\u00a0\u00a0 \u00a0<br \/>\n 4\u00a0GUYOT\u00a0 Yann\u00a0\u00a0 \u00a0SOJ\u00a0\u00a0 \u00a01 mn:19 s\u00a0\u00a0 \u00a0<br \/>\n 5<span style=\"color: #ff0000;\"> <strong>DAVID\u00a0 Yoann\u00a0\u00a0  \u00a0ACL\u00a0\u00a0 \u00a01 mn:27 s<\/strong><\/span> <br \/>\n 6\u00a0VAN KEIRSBULCK\u00a0 Guillaume\u00a0\u00a0 \u00a0BEV\u00a0\u00a0 \u00a01 mn:30  s\u00a0\u00a0 \u00a0<br \/>\n 7 CHEVAL\u00a0 Sylvain\u00a0\u00a0 \u00a0BIC\u00a0\u00a0 \u00a02 mn:11 s\u00a0\u00a0 \u00a0<br \/>\n 8\u00a0PIVOIS\u00a0 Yann\u00a0\u00a0  \u00a0CPO\u00a0\u00a0 \u00a02 mn:11 s\u00a0\u00a0 \u00a0<br \/>\n 9\u00a0ROMAN\u00a0 Martial\u00a0\u00a0 \u00a0UNA\u00a0\u00a0 \u00a02 mn:11 s\u00a0\u00a0 \u00a0<br \/>\n 10\u00a0POUX\u00a0  Paul\u00a0\u00a0 \u00a0SOJ\u00a0\u00a0 \u00a02 mn:11 s\u00a0\u00a0 \u00a0<br \/>\n 11\u00a0BRUN\u00a0 Xavier\u00a0\u00a0 \u00a0ECS\u00a0\u00a0 \u00a02 mn:16 s\u00a0\u00a0 \u00a0<br \/>\n 12\u00a0ORTIZ\u00a0  J\u00e9r\u00e9my\u00a0\u00a0 \u00a0CAC\u00a0\u00a0 \u00a02 mn:19 s\u00a0\u00a0 \u00a0<br \/>\n 13\u00a0STAELEN\u00a0 Marc\u00a0\u00a0 \u00a0CAC\u00a0\u00a0 \u00a02 mn:19  s\u00a0\u00a0 \u00a0<br \/>\n 14\u00a0ZIELINSKI\u00a0 Piotr\u00a0\u00a0 \u00a0VPL\u00a0\u00a0 \u00a02 mn:25 s\u00a0\u00a0 \u00a0<br \/>\n 15\u00a0DEPOORTER\u00a0  Dries\u00a0\u00a0 \u00a0NHL\u00a0\u00a0 \u00a02 mn:44 s\u00a0\u00a0 \u00a0<br \/>\n 16\u00a0VAN DEN NOORTGATE\u00a0 K\u00e9vin\u00a0\u00a0 \u00a0NHL\u00a0\u00a0 \u00a02  mn:45 s\u00a0\u00a0 \u00a0<br \/>\n 17\u00a0BERNAUDEAU\u00a0 Mathieu\u00a0\u00a0 \u00a0VEN\u00a0\u00a0 \u00a02 mn:56 s\u00a0\u00a0 \u00a0<br \/>\n 18\u00a0SCHULTZ\u00a0  Silver\u00a0\u00a0 \u00a0ECS\u00a0\u00a0 \u00a02 mn:58 s\u00a0\u00a0 \u00a0<br \/>\n 19\u00a0GRIFFITHS\u00a0 Andrew\u00a0\u00a0 \u00a0NHL\u00a0\u00a0 \u00a02  mn:58 s\u00a0\u00a0 \u00a0<br \/>\n 20\u00a0VANDERSANDE\u00a0 Tosh\u00a0\u00a0 \u00a0BEV\u00a0\u00a0 \u00a02 mn:58 s\u00a0\u00a0 \u00a0<br \/>\n 21\u00a0HARRISSON\u00a0  Owen\u00a0\u00a0 \u00a0HEN\u00a0\u00a0 \u00a03 mn:05 s\u00a0\u00a0 \u00a0<br \/>\n 22\u00a0VERMOTE\u00a0 Alphonse\u00a0\u00a0 \u00a0BEV\u00a0\u00a0 \u00a03 mn:08  s\u00a0\u00a0 \u00a0<br \/>\n 23\u00a0LE FUSTEC\u00a0 Damien\u00a0\u00a0 \u00a0MOS\u00a0\u00a0 \u00a03 mn:09 s\u00a0\u00a0 \u00a0<br \/>\n 24\u00a0VERHELST\u00a0  Louis\u00a0\u00a0 \u00a0BEV\u00a0\u00a0 \u00a03 mn:11 s\u00a0\u00a0 \u00a0<br \/>\n 25\u00a0CHAN TSIN\u00a0 Romain\u00a0\u00a0 \u00a0VCC\u00a0\u00a0 \u00a03 mn:12  s\u00a0\u00a0 \u00a0<br \/>\n 26\u00a0<span style=\"color: #ff0000;\"><strong>BARGUIL\u00a0 Warren\u00a0\u00a0 \u00a0ACL\u00a0\u00a0 \u00a03 mn:12 s<\/strong><\/span> <br \/>\n 27\u00a0CHOPIN\u00a0  David\u00a0\u00a0 \u00a0HEN\u00a0\u00a0 \u00a03 mn:12 s\u00a0\u00a0 \u00a0<br \/>\n 28 VERHAEGHE\u00a0 Sander\u00a0\u00a0 \u00a0NHL\u00a0\u00a0 \u00a03 mn:12  s\u00a0\u00a0 \u00a0<br \/>\n 29\u00a0LANCON\u00a0 Fran\u00e7ois\u00a0\u00a0 \u00a0BIC\u00a0\u00a0 \u00a03 mn:12 s\u00a0\u00a0 \u00a0<br \/>\n 30\u00a0LE GUEVEL\u00a0  Simon\u00a0\u00a0 \u00a0HEN\u00a0\u00a0 \u00a03 mn:12 s\u00a0\u00a0 \u00a0<br \/>\n 31\u00a0VAN AGTMAAL\u00a0 Peter\u00a0\u00a0 \u00a0MCT\u00a0\u00a0 \u00a03 mn:12  s\u00a0\u00a0 \u00a0<br \/>\n 32\u00a0LE GAC\u00a0 Laurent\u00a0\u00a0 \u00a0BIC\u00a0\u00a0 \u00a03 mn:12 s\u00a0\u00a0 \u00a0<br \/>\n 33\u00a0<span style=\"color: #ff0000;\"><strong>SADOUDI\u00a0  Kevin\u00a0\u00a0 \u00a0ACL\u00a0\u00a0 \u00a03 mn:12 s <\/strong><\/span> <br \/>\n 34\u00a0NAULEAU\u00a0 Bryan\u00a0\u00a0 \u00a0VEN\u00a0\u00a0 \u00a03 mn:12 s\u00a0\u00a0  \u00a0<br \/>\n 35\u00a0VIGNES\u00a0 Anthony\u00a0\u00a0 \u00a0UNA\u00a0\u00a0 \u00a03 mn:12 s\u00a0\u00a0 \u00a0<br \/>\n 36\u00a0KAMPHUIS\u00a0  Sebastiaan\u00a0\u00a0 \u00a0MCT\u00a0\u00a0 \u00a03 mn:12 s\u00a0\u00a0 \u00a0<br \/>\n 37\u00a0<span style=\"color: #ff0000;\"><strong>RAULT\u00a0 Yann\u00a0\u00a0 \u00a0ACL\u00a0\u00a0 \u00a03 mn:12  s<\/strong><\/span> <br \/>\n 38\u00a0RAVALEU\u00a0 St\u00e9fan\u00a0\u00a0 \u00a0VCC\u00a0\u00a0 \u00a03 mn:12 s\u00a0\u00a0 \u00a0<br \/>\n 39\u00a0BELGY\u00a0  Guillaume\u00a0\u00a0 \u00a0CPO\u00a0\u00a0 \u00a03 mn:12 s\u00a0\u00a0 \u00a0<br \/>\n 40\u00a0JEGOU\u00a0 Julien\u00a0\u00a0 \u00a0CAM\u00a0\u00a0 \u00a03 mn:12  s\u00a0\u00a0 \u00a0<br \/>\n 41\u00a0DAMIENS\u00a0 Bastien\u00a0\u00a0 \u00a0CPO\u00a0\u00a0 \u00a03 mn:12 s\u00a0\u00a0 \u00a0<br \/>\n 42\u00a0BELGY\u00a0  Julien\u00a0\u00a0 \u00a0VEN\u00a0\u00a0 \u00a03 mn:19 s\u00a0\u00a0 \u00a0<br \/>\n 43\u00a0GOUEDARD\u00a0 Simon\u00a0\u00a0 \u00a0VPL\u00a0\u00a0 \u00a03 mn:22  s\u00a0\u00a0 \u00a0<br \/>\n 44\u00a0LOUYEST\u00a0 Edouard\u00a0\u00a0 \u00a0SOJ\u00a0\u00a0 \u00a03 mn:22 s\u00a0\u00a0 \u00a0<br \/>\n 45\u00a0MANGHAM\u00a0  Wade\u00a0\u00a0 \u00a0CAC\u00a0\u00a0 \u00a04 mn:21 s\u00a0\u00a0 \u00a0<br \/>\n 46\u00a0PETILLEAU\u00a0 Julien\u00a0\u00a0 \u00a0CPO\u00a0\u00a0 \u00a05 mn:42  s\u00a0\u00a0 \u00a0<br \/>\n 47\u00a0VAN PLATERINGEN\u00a0 Martin\u00a0\u00a0 \u00a0MCT\u00a0\u00a0 \u00a08 mn:44 s\u00a0\u00a0 \u00a0<br \/>\n 48\u00a0BRETHOUX\u00a0  Damien\u00a0\u00a0 \u00a0ECS\u00a0\u00a0 \u00a011 mn:59 s\u00a0\u00a0 \u00a0<br \/>\n 49\u00a0DEVRIENDT\u00a0 Tom\u00a0\u00a0 \u00a0NHL\u00a0\u00a0 \u00a012 mn:05  s\u00a0\u00a0 \u00a0<br \/>\n 50\u00a0BLANQUEFORT\u00a0 Sylvain\u00a0\u00a0 \u00a0MOS\u00a0\u00a0 \u00a012 mn:36 s\u00a0\u00a0 \u00a0<br \/>\n 51\u00a0JARRY\u00a0  Alexis\u00a0\u00a0 \u00a0CPO\u00a0\u00a0 \u00a012 mn:37 s\u00a0\u00a0 \u00a0<br \/>\n 52\u00a0VAN DE WAETER\u00a0 Sean\u00a0\u00a0 \u00a0NHL\u00a0\u00a0 \u00a012  mn:37 s\u00a0\u00a0 \u00a0<br \/>\n 53\u00a0SMET\u00a0 Romain\u00a0\u00a0 \u00a0MOS\u00a0\u00a0 \u00a012 mn:37 s\u00a0\u00a0 \u00a0<br \/>\n 54\u00a0MAHEAU\u00a0  Jean Philippe\u00a0\u00a0 \u00a0UNA\u00a0\u00a0 \u00a012 mn:37 s\u00a0\u00a0 \u00a0<br \/>\n 55\u00a0LEBRETON\u00a0 Romain\u00a0\u00a0 \u00a0VCC\u00a0\u00a0  \u00a012 mn:37 s\u00a0\u00a0 \u00a0<br \/>\n 56\u00a0LE BELLEC\u00a0 Ga\u00ebl\u00a0\u00a0 \u00a0CAM\u00a0\u00a0 \u00a012 mn:37 s\u00a0\u00a0 \u00a0<br \/>\n 57\u00a0CROSBIE\u00a0  Nicolas\u00a0\u00a0 \u00a0MOS\u00a0\u00a0 \u00a012 mn:37 s\u00a0\u00a0 \u00a0<br \/>\n 58\u00a0HARMS\u00a0 Jos\u00a0\u00a0 \u00a0MCT\u00a0\u00a0 \u00a012 mn:37  s\u00a0\u00a0 \u00a0<br \/>\n 59\u00a0LE GALL\u00a0 Lo\u00efc\u00a0\u00a0 \u00a0MOS\u00a0\u00a0 \u00a012 mn:37 s\u00a0\u00a0 \u00a0<br \/>\n 60\u00a0PARDINI\u00a0  Olivier\u00a0\u00a0 \u00a0BEV\u00a0\u00a0 \u00a012 mn:37 s\u00a0\u00a0 \u00a0<br \/>\n 61\u00a0DESRIAC\u00a0 Ga\u00ebl\u00a0\u00a0 \u00a0CAM\u00a0\u00a0 \u00a012 mn:37  s\u00a0\u00a0 \u00a0<br \/>\n 62\u00a0SIMON\u00a0 Gw\u00e9na\u00ebl\u00a0\u00a0 \u00a0BIC\u00a0\u00a0 \u00a012 mn:37 s\u00a0\u00a0 \u00a0<br \/>\n 63\u00a0CARDINEAU\u00a0  Fr\u00e9d\u00e9ric\u00a0\u00a0 \u00a0MOS\u00a0\u00a0 \u00a012 mn:37 s\u00a0\u00a0 \u00a0<br \/>\n 64\u00a0BROUSSE\u00a0 Paul\u00a0\u00a0 \u00a0CPO\u00a0\u00a0 \u00a012 mn:37  s\u00a0\u00a0 \u00a0<br \/>\n 65\u00a0GALE\u00a0 Philip\u00a0\u00a0 \u00a0HEN\u00a0\u00a0 \u00a012 mn:37 s\u00a0\u00a0 \u00a0<br \/>\n 66\u00a0PERON\u00a0  Korentin\u00a0\u00a0 \u00a0SOJ\u00a0\u00a0 \u00a012 mn:37 s\u00a0\u00a0 \u00a0<br \/>\n 67<span style=\"color: #ff0000;\"> <strong>RAGOT\u00a0 Vincent\u00a0\u00a0 \u00a0ACL\u00a0\u00a0 \u00a012  mn:37 s <\/strong><\/span> <br \/>\n 68\u00a0GONNET\u00a0 Julien\u00a0\u00a0 \u00a0UNA\u00a0\u00a0 \u00a012 mn:37 s\u00a0\u00a0 \u00a0<br \/>\n 69\u00a0REZA\u00a0  K\u00e9vin\u00a0\u00a0 \u00a0VEN\u00a0\u00a0 \u00a012 mn:37 s\u00a0\u00a0 \u00a0<br \/>\n 70\u00a0MAILLET\u00a0 Josselin\u00a0\u00a0 \u00a0VEN\u00a0\u00a0 \u00a013  mn:02 s\u00a0\u00a0 \u00a0<br \/>\n 71\u00a0COPELAND\u00a0 Tom\u00a0\u00a0 \u00a0BIC\u00a0\u00a0 \u00a014 mn:28 s\u00a0\u00a0 \u00a0<br \/>\n 72\u00a0LEMOINE\u00a0  Joseph\u00a0\u00a0 \u00a0VCC\u00a0\u00a0 \u00a015 mn:55 s\u00a0\u00a0 \u00a0<br \/>\n 73\u00a0JAFFRELOT\u00a0 Wilfried\u00a0\u00a0 \u00a0CAM\u00a0\u00a0 \u00a016  mn:09 s\u00a0\u00a0 \u00a0<br \/>\n 74\u00a0BOUDARD\u00a0 Samuel\u00a0\u00a0 \u00a0VPL\u00a0\u00a0 \u00a016 mn:09 s\u00a0\u00a0 \u00a0<br \/>\n 75\u00a0MALLEGOL\u00a0  Florent\u00a0\u00a0 \u00a0CAM\u00a0\u00a0 \u00a017 mn:53 s\u00a0\u00a0 \u00a0<br \/>\n 76\u00a0TIMMER\u00a0 Mathijs\u00a0\u00a0 \u00a0MCT\u00a0\u00a0 \u00a018  mn:17 s\u00a0\u00a0 \u00a0<br \/>\n 77\u00a0<span style=\"color: #ff0000;\"><strong>GUEGO\u00a0 Vincent\u00a0\u00a0 \u00a0ACL\u00a0\u00a0 \u00a018 mn:27 s <\/strong><\/span> <br \/>\n 78\u00a0FUSCO\u00a0  Erwan\u00a0\u00a0 \u00a0VPL\u00a0\u00a0 \u00a023 mn:14 s\u00a0\u00a0 \u00a0<br \/>\n 79\u00a0RENOU\u00a0 Micka\u00ebl\u00a0\u00a0 \u00a0UNA\u00a0\u00a0 \u00a023 mn:30  s\u00a0\u00a0 \u00a0<br \/>\n 80\u00a0FLAVIEN\u00a0 Marc\u00a0\u00a0 \u00a0ECS\u00a0\u00a0 \u00a025 mn:37 s\u00a0\u00a0 \u00a0<br \/>\n 81\u00a0POULARD\u00a0  Morgan\u00a0\u00a0 \u00a0ECS\u00a0\u00a0 \u00a026 mn:16 s\u00a0\u00a0 \u00a0<br \/>\n 82\u00a0BRET\u00a0 Ludovic\u00a0\u00a0 \u00a0UNA\u00a0\u00a0 \u00a027 mn:51  s\u00a0\u00a0 \u00a0<br \/>\n 83\u00a0ROCHER\u00a0 Ga\u00ebtan\u00a0\u00a0 \u00a0VPL\u00a0\u00a0 \u00a028 mn:07 s\u00a0\u00a0 \u00a0<br \/>\n 84\u00a0MADEC\u00a0  Arnaud\u00a0\u00a0 \u00a0VPL\u00a0\u00a0 \u00a028 mn:07 s\u00a0\u00a0 \u00a0<br \/>\n 85\u00a0LE CALVE\u00a0 Gr\u00e9goire\u00a0\u00a0 \u00a0HEN\u00a0\u00a0 \u00a029  mn:47 s\u00a0\u00a0 \u00a0<br \/>\n 86\u00a0COLLIN\u00a0 K\u00e9vin\u00a0\u00a0 \u00a0BIC\u00a0\u00a0 \u00a036 mn:12 s\u00a0\u00a0\u00a0 <br \/>\n <em><br \/>\n <\/em><\/p>\n","protected":false},"excerpt":{"rendered":"<p>5eme place au g\u00e9n\u00e9ral pour Yohann David&#8230;<\/p>\n","protected":false},"author":14,"featured_media":2539,"comment_status":"open","ping_status":"open","sticky":false,"template":"","format":"standard","meta":{"ngg_post_thumbnail":0,"footnotes":""},"categories":[5,14,17],"tags":[],"class_list":["post-2531","post","type-post","status-publish","format-standard","has-post-thumbnail","hentry","category-ac-lanester-56","category-actualites-dn","category-resultats-dn"],"yoast_head":"<!-- This site is optimized with the Yoast SEO plugin v27.5 - https:\/\/yoast.com\/product\/yoast-seo-wordpress\/ -->\n<title>Deuxi\u00e8me \u00e9tape de l&#039;essor breton - Avenir Cycliste Lanester 56<\/title>\n<meta name=\"robots\" content=\"index, follow, max-snippet:-1, max-image-preview:large, max-video-preview:-1\" \/>\n<link rel=\"canonical\" href=\"https:\/\/www.aclanester56.com\/velo\/deuxieme-etape-de-lessor-breton\/\" \/>\n<meta property=\"og:locale\" content=\"fr_FR\" \/>\n<meta property=\"og:type\" content=\"article\" \/>\n<meta property=\"og:title\" content=\"Deuxi\u00e8me \u00e9tape de l&#039;essor breton - Avenir Cycliste Lanester 56\" \/>\n<meta property=\"og:description\" content=\"5eme place au g\u00e9n\u00e9ral pour Yohann David&#8230;\" \/>\n<meta property=\"og:url\" content=\"https:\/\/www.aclanester56.com\/velo\/deuxieme-etape-de-lessor-breton\/\" \/>\n<meta property=\"og:site_name\" content=\"Avenir Cycliste Lanester 56\" \/>\n<meta property=\"article:publisher\" content=\"https:\/\/www.facebook.com\/pages\/AC-Lanester-56\/190286300991242?fref=ts\" \/>\n<meta property=\"article:published_time\" content=\"2010-05-08T10:33:09+00:00\" \/>\n<meta property=\"article:modified_time\" content=\"2010-05-08T18:38:21+00:00\" \/>\n<meta property=\"og:image\" content=\"https:\/\/www.aclanester56.com\/velo\/wp-content\/uploads\/2010\/05\/essor1.jpg\" \/>\n\t<meta property=\"og:image:width\" content=\"425\" \/>\n\t<meta property=\"og:image:height\" content=\"640\" \/>\n\t<meta property=\"og:image:type\" content=\"image\/jpeg\" \/>\n<meta name=\"author\" content=\"Jean-Christophe\" \/>\n<meta name=\"twitter:label1\" content=\"\u00c9crit par\" \/>\n\t<meta name=\"twitter:data1\" content=\"Jean-Christophe\" \/>\n\t<meta name=\"twitter:label2\" content=\"Dur\u00e9e de lecture estim\u00e9e\" \/>\n\t<meta name=\"twitter:data2\" content=\"5 minutes\" \/>\n<script type=\"application\/ld+json\" class=\"yoast-schema-graph\">{\"@context\":\"https:\\\/\\\/schema.org\",\"@graph\":[{\"@type\":\"Article\",\"@id\":\"https:\\\/\\\/www.aclanester56.com\\\/velo\\\/deuxieme-etape-de-lessor-breton\\\/#article\",\"isPartOf\":{\"@id\":\"https:\\\/\\\/www.aclanester56.com\\\/velo\\\/deuxieme-etape-de-lessor-breton\\\/\"},\"author\":{\"name\":\"Jean-Christophe\",\"@id\":\"https:\\\/\\\/www.aclanester56.com\\\/velo\\\/#\\\/schema\\\/person\\\/ca2a44a5fd969e9dd846c72d3b33bc01\"},\"headline\":\"Deuxi\u00e8me \u00e9tape de l&rsquo;essor breton\",\"datePublished\":\"2010-05-08T10:33:09+00:00\",\"dateModified\":\"2010-05-08T18:38:21+00:00\",\"mainEntityOfPage\":{\"@id\":\"https:\\\/\\\/www.aclanester56.com\\\/velo\\\/deuxieme-etape-de-lessor-breton\\\/\"},\"wordCount\":978,\"commentCount\":0,\"publisher\":{\"@id\":\"https:\\\/\\\/www.aclanester56.com\\\/velo\\\/#organization\"},\"image\":{\"@id\":\"https:\\\/\\\/www.aclanester56.com\\\/velo\\\/deuxieme-etape-de-lessor-breton\\\/#primaryimage\"},\"thumbnailUrl\":\"https:\\\/\\\/www.aclanester56.com\\\/velo\\\/wp-content\\\/uploads\\\/2010\\\/05\\\/essor1.jpg\",\"articleSection\":[\"AC LANESTER 56\",\"Actualit\u00e9s DN\",\"R\u00e9sultats DN\"],\"inLanguage\":\"fr-FR\",\"potentialAction\":[{\"@type\":\"CommentAction\",\"name\":\"Comment\",\"target\":[\"https:\\\/\\\/www.aclanester56.com\\\/velo\\\/deuxieme-etape-de-lessor-breton\\\/#respond\"]}]},{\"@type\":\"WebPage\",\"@id\":\"https:\\\/\\\/www.aclanester56.com\\\/velo\\\/deuxieme-etape-de-lessor-breton\\\/\",\"url\":\"https:\\\/\\\/www.aclanester56.com\\\/velo\\\/deuxieme-etape-de-lessor-breton\\\/\",\"name\":\"Deuxi\u00e8me \u00e9tape de l'essor breton - Avenir Cycliste Lanester 56\",\"isPartOf\":{\"@id\":\"https:\\\/\\\/www.aclanester56.com\\\/velo\\\/#website\"},\"primaryImageOfPage\":{\"@id\":\"https:\\\/\\\/www.aclanester56.com\\\/velo\\\/deuxieme-etape-de-lessor-breton\\\/#primaryimage\"},\"image\":{\"@id\":\"https:\\\/\\\/www.aclanester56.com\\\/velo\\\/deuxieme-etape-de-lessor-breton\\\/#primaryimage\"},\"thumbnailUrl\":\"https:\\\/\\\/www.aclanester56.com\\\/velo\\\/wp-content\\\/uploads\\\/2010\\\/05\\\/essor1.jpg\",\"datePublished\":\"2010-05-08T10:33:09+00:00\",\"dateModified\":\"2010-05-08T18:38:21+00:00\",\"inLanguage\":\"fr-FR\",\"potentialAction\":[{\"@type\":\"ReadAction\",\"target\":[\"https:\\\/\\\/www.aclanester56.com\\\/velo\\\/deuxieme-etape-de-lessor-breton\\\/\"]}]},{\"@type\":\"ImageObject\",\"inLanguage\":\"fr-FR\",\"@id\":\"https:\\\/\\\/www.aclanester56.com\\\/velo\\\/deuxieme-etape-de-lessor-breton\\\/#primaryimage\",\"url\":\"https:\\\/\\\/www.aclanester56.com\\\/velo\\\/wp-content\\\/uploads\\\/2010\\\/05\\\/essor1.jpg\",\"contentUrl\":\"https:\\\/\\\/www.aclanester56.com\\\/velo\\\/wp-content\\\/uploads\\\/2010\\\/05\\\/essor1.jpg\",\"width\":425,\"height\":640},{\"@type\":\"WebSite\",\"@id\":\"https:\\\/\\\/www.aclanester56.com\\\/velo\\\/#website\",\"url\":\"https:\\\/\\\/www.aclanester56.com\\\/velo\\\/\",\"name\":\"Avenir Cycliste Lanester 56\",\"description\":\"Club cycliste de l&#039;AC LANESTER 56\",\"publisher\":{\"@id\":\"https:\\\/\\\/www.aclanester56.com\\\/velo\\\/#organization\"},\"potentialAction\":[{\"@type\":\"SearchAction\",\"target\":{\"@type\":\"EntryPoint\",\"urlTemplate\":\"https:\\\/\\\/www.aclanester56.com\\\/velo\\\/?s={search_term_string}\"},\"query-input\":{\"@type\":\"PropertyValueSpecification\",\"valueRequired\":true,\"valueName\":\"search_term_string\"}}],\"inLanguage\":\"fr-FR\"},{\"@type\":\"Organization\",\"@id\":\"https:\\\/\\\/www.aclanester56.com\\\/velo\\\/#organization\",\"name\":\"Avenir Cycliste Lanester 56\",\"url\":\"https:\\\/\\\/www.aclanester56.com\\\/velo\\\/\",\"logo\":{\"@type\":\"ImageObject\",\"inLanguage\":\"fr-FR\",\"@id\":\"https:\\\/\\\/www.aclanester56.com\\\/velo\\\/#\\\/schema\\\/logo\\\/image\\\/\",\"url\":\"https:\\\/\\\/www.aclanester56.com\\\/velo\\\/wp-content\\\/uploads\\\/2013\\\/04\\\/logo-ACL.jpg\",\"contentUrl\":\"https:\\\/\\\/www.aclanester56.com\\\/velo\\\/wp-content\\\/uploads\\\/2013\\\/04\\\/logo-ACL.jpg\",\"width\":400,\"height\":334,\"caption\":\"Avenir Cycliste Lanester 56\"},\"image\":{\"@id\":\"https:\\\/\\\/www.aclanester56.com\\\/velo\\\/#\\\/schema\\\/logo\\\/image\\\/\"},\"sameAs\":[\"https:\\\/\\\/www.facebook.com\\\/pages\\\/AC-Lanester-56\\\/190286300991242?fref=ts\"]},{\"@type\":\"Person\",\"@id\":\"https:\\\/\\\/www.aclanester56.com\\\/velo\\\/#\\\/schema\\\/person\\\/ca2a44a5fd969e9dd846c72d3b33bc01\",\"name\":\"Jean-Christophe\",\"url\":\"https:\\\/\\\/www.aclanester56.com\\\/velo\\\/author\\\/jeanchristophe\\\/\"}]}<\/script>\n<!-- \/ Yoast SEO plugin. -->","yoast_head_json":{"title":"Deuxi\u00e8me \u00e9tape de l'essor breton - Avenir Cycliste Lanester 56","robots":{"index":"index","follow":"follow","max-snippet":"max-snippet:-1","max-image-preview":"max-image-preview:large","max-video-preview":"max-video-preview:-1"},"canonical":"https:\/\/www.aclanester56.com\/velo\/deuxieme-etape-de-lessor-breton\/","og_locale":"fr_FR","og_type":"article","og_title":"Deuxi\u00e8me \u00e9tape de l'essor breton - Avenir Cycliste Lanester 56","og_description":"5eme place au g\u00e9n\u00e9ral pour Yohann David&#8230;","og_url":"https:\/\/www.aclanester56.com\/velo\/deuxieme-etape-de-lessor-breton\/","og_site_name":"Avenir Cycliste Lanester 56","article_publisher":"https:\/\/www.facebook.com\/pages\/AC-Lanester-56\/190286300991242?fref=ts","article_published_time":"2010-05-08T10:33:09+00:00","article_modified_time":"2010-05-08T18:38:21+00:00","og_image":[{"width":425,"height":640,"url":"https:\/\/www.aclanester56.com\/velo\/wp-content\/uploads\/2010\/05\/essor1.jpg","type":"image\/jpeg"}],"author":"Jean-Christophe","twitter_misc":{"\u00c9crit par":"Jean-Christophe","Dur\u00e9e de lecture estim\u00e9e":"5 minutes"},"schema":{"@context":"https:\/\/schema.org","@graph":[{"@type":"Article","@id":"https:\/\/www.aclanester56.com\/velo\/deuxieme-etape-de-lessor-breton\/#article","isPartOf":{"@id":"https:\/\/www.aclanester56.com\/velo\/deuxieme-etape-de-lessor-breton\/"},"author":{"name":"Jean-Christophe","@id":"https:\/\/www.aclanester56.com\/velo\/#\/schema\/person\/ca2a44a5fd969e9dd846c72d3b33bc01"},"headline":"Deuxi\u00e8me \u00e9tape de l&rsquo;essor breton","datePublished":"2010-05-08T10:33:09+00:00","dateModified":"2010-05-08T18:38:21+00:00","mainEntityOfPage":{"@id":"https:\/\/www.aclanester56.com\/velo\/deuxieme-etape-de-lessor-breton\/"},"wordCount":978,"commentCount":0,"publisher":{"@id":"https:\/\/www.aclanester56.com\/velo\/#organization"},"image":{"@id":"https:\/\/www.aclanester56.com\/velo\/deuxieme-etape-de-lessor-breton\/#primaryimage"},"thumbnailUrl":"https:\/\/www.aclanester56.com\/velo\/wp-content\/uploads\/2010\/05\/essor1.jpg","articleSection":["AC LANESTER 56","Actualit\u00e9s DN","R\u00e9sultats DN"],"inLanguage":"fr-FR","potentialAction":[{"@type":"CommentAction","name":"Comment","target":["https:\/\/www.aclanester56.com\/velo\/deuxieme-etape-de-lessor-breton\/#respond"]}]},{"@type":"WebPage","@id":"https:\/\/www.aclanester56.com\/velo\/deuxieme-etape-de-lessor-breton\/","url":"https:\/\/www.aclanester56.com\/velo\/deuxieme-etape-de-lessor-breton\/","name":"Deuxi\u00e8me \u00e9tape de l'essor breton - Avenir Cycliste Lanester 56","isPartOf":{"@id":"https:\/\/www.aclanester56.com\/velo\/#website"},"primaryImageOfPage":{"@id":"https:\/\/www.aclanester56.com\/velo\/deuxieme-etape-de-lessor-breton\/#primaryimage"},"image":{"@id":"https:\/\/www.aclanester56.com\/velo\/deuxieme-etape-de-lessor-breton\/#primaryimage"},"thumbnailUrl":"https:\/\/www.aclanester56.com\/velo\/wp-content\/uploads\/2010\/05\/essor1.jpg","datePublished":"2010-05-08T10:33:09+00:00","dateModified":"2010-05-08T18:38:21+00:00","inLanguage":"fr-FR","potentialAction":[{"@type":"ReadAction","target":["https:\/\/www.aclanester56.com\/velo\/deuxieme-etape-de-lessor-breton\/"]}]},{"@type":"ImageObject","inLanguage":"fr-FR","@id":"https:\/\/www.aclanester56.com\/velo\/deuxieme-etape-de-lessor-breton\/#primaryimage","url":"https:\/\/www.aclanester56.com\/velo\/wp-content\/uploads\/2010\/05\/essor1.jpg","contentUrl":"https:\/\/www.aclanester56.com\/velo\/wp-content\/uploads\/2010\/05\/essor1.jpg","width":425,"height":640},{"@type":"WebSite","@id":"https:\/\/www.aclanester56.com\/velo\/#website","url":"https:\/\/www.aclanester56.com\/velo\/","name":"Avenir Cycliste Lanester 56","description":"Club cycliste de l&#039;AC LANESTER 56","publisher":{"@id":"https:\/\/www.aclanester56.com\/velo\/#organization"},"potentialAction":[{"@type":"SearchAction","target":{"@type":"EntryPoint","urlTemplate":"https:\/\/www.aclanester56.com\/velo\/?s={search_term_string}"},"query-input":{"@type":"PropertyValueSpecification","valueRequired":true,"valueName":"search_term_string"}}],"inLanguage":"fr-FR"},{"@type":"Organization","@id":"https:\/\/www.aclanester56.com\/velo\/#organization","name":"Avenir Cycliste Lanester 56","url":"https:\/\/www.aclanester56.com\/velo\/","logo":{"@type":"ImageObject","inLanguage":"fr-FR","@id":"https:\/\/www.aclanester56.com\/velo\/#\/schema\/logo\/image\/","url":"https:\/\/www.aclanester56.com\/velo\/wp-content\/uploads\/2013\/04\/logo-ACL.jpg","contentUrl":"https:\/\/www.aclanester56.com\/velo\/wp-content\/uploads\/2013\/04\/logo-ACL.jpg","width":400,"height":334,"caption":"Avenir Cycliste Lanester 56"},"image":{"@id":"https:\/\/www.aclanester56.com\/velo\/#\/schema\/logo\/image\/"},"sameAs":["https:\/\/www.facebook.com\/pages\/AC-Lanester-56\/190286300991242?fref=ts"]},{"@type":"Person","@id":"https:\/\/www.aclanester56.com\/velo\/#\/schema\/person\/ca2a44a5fd969e9dd846c72d3b33bc01","name":"Jean-Christophe","url":"https:\/\/www.aclanester56.com\/velo\/author\/jeanchristophe\/"}]}},"_links":{"self":[{"href":"https:\/\/www.aclanester56.com\/velo\/wp-json\/wp\/v2\/posts\/2531","targetHints":{"allow":["GET"]}}],"collection":[{"href":"https:\/\/www.aclanester56.com\/velo\/wp-json\/wp\/v2\/posts"}],"about":[{"href":"https:\/\/www.aclanester56.com\/velo\/wp-json\/wp\/v2\/types\/post"}],"author":[{"embeddable":true,"href":"https:\/\/www.aclanester56.com\/velo\/wp-json\/wp\/v2\/users\/14"}],"replies":[{"embeddable":true,"href":"https:\/\/www.aclanester56.com\/velo\/wp-json\/wp\/v2\/comments?post=2531"}],"version-history":[{"count":0,"href":"https:\/\/www.aclanester56.com\/velo\/wp-json\/wp\/v2\/posts\/2531\/revisions"}],"wp:featuredmedia":[{"embeddable":true,"href":"https:\/\/www.aclanester56.com\/velo\/wp-json\/wp\/v2\/media\/2539"}],"wp:attachment":[{"href":"https:\/\/www.aclanester56.com\/velo\/wp-json\/wp\/v2\/media?parent=2531"}],"wp:term":[{"taxonomy":"category","embeddable":true,"href":"https:\/\/www.aclanester56.com\/velo\/wp-json\/wp\/v2\/categories?post=2531"},{"taxonomy":"post_tag","embeddable":true,"href":"https:\/\/www.aclanester56.com\/velo\/wp-json\/wp\/v2\/tags?post=2531"}],"curies":[{"name":"wp","href":"https:\/\/api.w.org\/{rel}","templated":true}]}}