{"id":25443,"date":"2015-06-22T21:34:47","date_gmt":"2015-06-22T19:34:47","guid":{"rendered":"http:\/\/www.aclanester56.com\/velo\/?p=25443"},"modified":"2015-06-22T21:58:17","modified_gmt":"2015-06-22T19:58:17","slug":"les-resultats-du-weekend-le-plus-long","status":"publish","type":"post","link":"https:\/\/www.aclanester56.com\/velo\/les-resultats-du-weekend-le-plus-long\/","title":{"rendered":"Les r\u00e9sultats du weekend le plus long"},"content":{"rendered":"<p><!--more--><\/p>\n<p>Ce weekend encore , pas mal de kilom\u00e8tres aval\u00e9s par nos coureurs !<\/p>\n<p>Voici deux galeries de photos \u00e0 Auray :<\/p>\n<p>Cadets<\/p>\n<p><!-- default-view.php -->\n<div\n\tclass=\"ngg-galleryoverview default-view\n\t ngg-ajax-pagination-none\t\"\n\tid=\"ngg-gallery-bc32bbdf7d1a0d365bad961b8d1ad64a-1\"\n\tdata-nextgen-gallery-id=\"233\"\n\tdata-gallery-id=\"233\"\n\t\tdata-gallery-name=\"Kerstran-Juin-2015-Cadet\"\n\t>\n\n\t\t<!-- Thumbnails -->\n\t\t\t\t<div id=\"ngg-image-0\" class=\"ngg-gallery-thumbnail-box\n\t\t\t\t\t\t\t\t\t\t\t\"\n\t\t\t>\n\t\t\t\t\t\t<div class=\"ngg-gallery-thumbnail\">\n\t\t<a href=\"https:\/\/www.aclanester56.com\/velo\/wp-content\/gallery\/kerstran-juin-2015-cadet\/Auray-Kerstran-juin-2015-048.JPG?t=1434919405\"\n\t\t\ttitle=\"\"\n\t\t\tdata-src=\"https:\/\/www.aclanester56.com\/velo\/wp-content\/gallery\/kerstran-juin-2015-cadet\/Auray-Kerstran-juin-2015-048.JPG?t=1434919405\"\n\t\t\tdata-thumbnail=\"https:\/\/www.aclanester56.com\/velo\/wp-content\/gallery\/kerstran-juin-2015-cadet\/thumbs\/thumbs_Auray-Kerstran-juin-2015-048.JPG?t=1434919405\"\n\t\t\tdata-image-id=\"9181\"\n\t\t\tdata-image-name=\"Auray-Kerstran-juin-2015-048.JPG\"\n\t\t\tdata-title=\"Auray-Kerstran-juin-2015-048\"\n\t\t\tdata-description=\"\"\n\t\t\tdata-image-slug=\"auray-kerstran-juin-2015-048\"\n\t\t\t\t\t\t\t\t\t\t\t\t\t\t\t\t\t\t\t\tclass=\"ngg-simplelightbox\" rel=\"bc32bbdf7d1a0d365bad961b8d1ad64a\">\n\t\t\t\t\t\t\t\t<img\n\t\t\t\t\ttitle=\"Auray-Kerstran-juin-2015-048\"\n\t\t\t\t\talt=\"Auray-Kerstran-juin-2015-048\"\n\t\t\t\t\tsrc=\"https:\/\/www.aclanester56.com\/velo\/wp-content\/gallery\/kerstran-juin-2015-cadet\/thumbs\/thumbs_Auray-Kerstran-juin-2015-048.JPG?t=1434919405\"\n\t\t\t\t\twidth=\"100\"\n\t\t\t\t\theight=\"100\"\n\t\t\t\t\tstyle=\"max-width:100%;\"\n\t\t\t\t\/>\n\t\t\t<\/a>\n\t\t<\/div>\n\t\t\t\t\t\t\t<\/div>\n\t\t\t\n\t\t\t\t<div id=\"ngg-image-1\" class=\"ngg-gallery-thumbnail-box\n\t\t\t\t\t\t\t\t\t\t\t\"\n\t\t\t>\n\t\t\t\t\t\t<div class=\"ngg-gallery-thumbnail\">\n\t\t<a href=\"https:\/\/www.aclanester56.com\/velo\/wp-content\/gallery\/kerstran-juin-2015-cadet\/Auray-Kerstran-juin-2015-032.JPG?t=1434919369\"\n\t\t\ttitle=\"\"\n\t\t\tdata-src=\"https:\/\/www.aclanester56.com\/velo\/wp-content\/gallery\/kerstran-juin-2015-cadet\/Auray-Kerstran-juin-2015-032.JPG?t=1434919369\"\n\t\t\tdata-thumbnail=\"https:\/\/www.aclanester56.com\/velo\/wp-content\/gallery\/kerstran-juin-2015-cadet\/thumbs\/thumbs_Auray-Kerstran-juin-2015-032.JPG?t=1434919369\"\n\t\t\tdata-image-id=\"9157\"\n\t\t\tdata-image-name=\"Auray-Kerstran-juin-2015-032.JPG\"\n\t\t\tdata-title=\"Auray-Kerstran-juin-2015-032\"\n\t\t\tdata-description=\"\"\n\t\t\tdata-image-slug=\"auray-kerstran-juin-2015-032\"\n\t\t\t\t\t\t\t\t\t\t\t\t\t\t\t\t\t\t\t\tclass=\"ngg-simplelightbox\" rel=\"bc32bbdf7d1a0d365bad961b8d1ad64a\">\n\t\t\t\t\t\t\t\t<img\n\t\t\t\t\ttitle=\"Auray-Kerstran-juin-2015-032\"\n\t\t\t\t\talt=\"Auray-Kerstran-juin-2015-032\"\n\t\t\t\t\tsrc=\"https:\/\/www.aclanester56.com\/velo\/wp-content\/gallery\/kerstran-juin-2015-cadet\/thumbs\/thumbs_Auray-Kerstran-juin-2015-032.JPG?t=1434919369\"\n\t\t\t\t\twidth=\"100\"\n\t\t\t\t\theight=\"100\"\n\t\t\t\t\tstyle=\"max-width:100%;\"\n\t\t\t\t\/>\n\t\t\t<\/a>\n\t\t<\/div>\n\t\t\t\t\t\t\t<\/div>\n\t\t\t\n\t\t\t\t<div id=\"ngg-image-2\" class=\"ngg-gallery-thumbnail-box\n\t\t\t\t\t\t\t\t\t\t\t\"\n\t\t\t>\n\t\t\t\t\t\t<div class=\"ngg-gallery-thumbnail\">\n\t\t<a href=\"https:\/\/www.aclanester56.com\/velo\/wp-content\/gallery\/kerstran-juin-2015-cadet\/Auray-Kerstran-juin-2015-033.JPG?t=1434919371\"\n\t\t\ttitle=\"\"\n\t\t\tdata-src=\"https:\/\/www.aclanester56.com\/velo\/wp-content\/gallery\/kerstran-juin-2015-cadet\/Auray-Kerstran-juin-2015-033.JPG?t=1434919371\"\n\t\t\tdata-thumbnail=\"https:\/\/www.aclanester56.com\/velo\/wp-content\/gallery\/kerstran-juin-2015-cadet\/thumbs\/thumbs_Auray-Kerstran-juin-2015-033.JPG?t=1434919371\"\n\t\t\tdata-image-id=\"9158\"\n\t\t\tdata-image-name=\"Auray-Kerstran-juin-2015-033.JPG\"\n\t\t\tdata-title=\"Auray-Kerstran-juin-2015-033\"\n\t\t\tdata-description=\"\"\n\t\t\tdata-image-slug=\"auray-kerstran-juin-2015-033\"\n\t\t\t\t\t\t\t\t\t\t\t\t\t\t\t\t\t\t\t\tclass=\"ngg-simplelightbox\" rel=\"bc32bbdf7d1a0d365bad961b8d1ad64a\">\n\t\t\t\t\t\t\t\t<img\n\t\t\t\t\ttitle=\"Auray-Kerstran-juin-2015-033\"\n\t\t\t\t\talt=\"Auray-Kerstran-juin-2015-033\"\n\t\t\t\t\tsrc=\"https:\/\/www.aclanester56.com\/velo\/wp-content\/gallery\/kerstran-juin-2015-cadet\/thumbs\/thumbs_Auray-Kerstran-juin-2015-033.JPG?t=1434919371\"\n\t\t\t\t\twidth=\"100\"\n\t\t\t\t\theight=\"100\"\n\t\t\t\t\tstyle=\"max-width:100%;\"\n\t\t\t\t\/>\n\t\t\t<\/a>\n\t\t<\/div>\n\t\t\t\t\t\t\t<\/div>\n\t\t\t\n\t\t\t\t<div id=\"ngg-image-3\" class=\"ngg-gallery-thumbnail-box\n\t\t\t\t\t\t\t\t\t\t\t\"\n\t\t\t>\n\t\t\t\t\t\t<div class=\"ngg-gallery-thumbnail\">\n\t\t<a href=\"https:\/\/www.aclanester56.com\/velo\/wp-content\/gallery\/kerstran-juin-2015-cadet\/Auray-Kerstran-juin-2015-034.JPG?t=1434919374\"\n\t\t\ttitle=\"\"\n\t\t\tdata-src=\"https:\/\/www.aclanester56.com\/velo\/wp-content\/gallery\/kerstran-juin-2015-cadet\/Auray-Kerstran-juin-2015-034.JPG?t=1434919374\"\n\t\t\tdata-thumbnail=\"https:\/\/www.aclanester56.com\/velo\/wp-content\/gallery\/kerstran-juin-2015-cadet\/thumbs\/thumbs_Auray-Kerstran-juin-2015-034.JPG?t=1434919374\"\n\t\t\tdata-image-id=\"9159\"\n\t\t\tdata-image-name=\"Auray-Kerstran-juin-2015-034.JPG\"\n\t\t\tdata-title=\"Auray-Kerstran-juin-2015-034\"\n\t\t\tdata-description=\"\"\n\t\t\tdata-image-slug=\"auray-kerstran-juin-2015-034\"\n\t\t\t\t\t\t\t\t\t\t\t\t\t\t\t\t\t\t\t\tclass=\"ngg-simplelightbox\" rel=\"bc32bbdf7d1a0d365bad961b8d1ad64a\">\n\t\t\t\t\t\t\t\t<img\n\t\t\t\t\ttitle=\"Auray-Kerstran-juin-2015-034\"\n\t\t\t\t\talt=\"Auray-Kerstran-juin-2015-034\"\n\t\t\t\t\tsrc=\"https:\/\/www.aclanester56.com\/velo\/wp-content\/gallery\/kerstran-juin-2015-cadet\/thumbs\/thumbs_Auray-Kerstran-juin-2015-034.JPG?t=1434919374\"\n\t\t\t\t\twidth=\"100\"\n\t\t\t\t\theight=\"100\"\n\t\t\t\t\tstyle=\"max-width:100%;\"\n\t\t\t\t\/>\n\t\t\t<\/a>\n\t\t<\/div>\n\t\t\t\t\t\t\t<\/div>\n\t\t\t\n\t\t\t\t<div id=\"ngg-image-4\" class=\"ngg-gallery-thumbnail-box\n\t\t\t\t\t\t\t\t\t\t\t\"\n\t\t\t>\n\t\t\t\t\t\t<div class=\"ngg-gallery-thumbnail\">\n\t\t<a href=\"https:\/\/www.aclanester56.com\/velo\/wp-content\/gallery\/kerstran-juin-2015-cadet\/Auray-Kerstran-juin-2015-035.JPG?t=1434919377\"\n\t\t\ttitle=\"\"\n\t\t\tdata-src=\"https:\/\/www.aclanester56.com\/velo\/wp-content\/gallery\/kerstran-juin-2015-cadet\/Auray-Kerstran-juin-2015-035.JPG?t=1434919377\"\n\t\t\tdata-thumbnail=\"https:\/\/www.aclanester56.com\/velo\/wp-content\/gallery\/kerstran-juin-2015-cadet\/thumbs\/thumbs_Auray-Kerstran-juin-2015-035.JPG?t=1434919377\"\n\t\t\tdata-image-id=\"9162\"\n\t\t\tdata-image-name=\"Auray-Kerstran-juin-2015-035.JPG\"\n\t\t\tdata-title=\"Auray-Kerstran-juin-2015-035\"\n\t\t\tdata-description=\"\"\n\t\t\tdata-image-slug=\"auray-kerstran-juin-2015-035\"\n\t\t\t\t\t\t\t\t\t\t\t\t\t\t\t\t\t\t\t\tclass=\"ngg-simplelightbox\" rel=\"bc32bbdf7d1a0d365bad961b8d1ad64a\">\n\t\t\t\t\t\t\t\t<img\n\t\t\t\t\ttitle=\"Auray-Kerstran-juin-2015-035\"\n\t\t\t\t\talt=\"Auray-Kerstran-juin-2015-035\"\n\t\t\t\t\tsrc=\"https:\/\/www.aclanester56.com\/velo\/wp-content\/gallery\/kerstran-juin-2015-cadet\/thumbs\/thumbs_Auray-Kerstran-juin-2015-035.JPG?t=1434919377\"\n\t\t\t\t\twidth=\"100\"\n\t\t\t\t\theight=\"100\"\n\t\t\t\t\tstyle=\"max-width:100%;\"\n\t\t\t\t\/>\n\t\t\t<\/a>\n\t\t<\/div>\n\t\t\t\t\t\t\t<\/div>\n\t\t\t\n\t\t\t\t<div id=\"ngg-image-5\" class=\"ngg-gallery-thumbnail-box\n\t\t\t\t\t\t\t\t\t\t\t\"\n\t\t\t>\n\t\t\t\t\t\t<div class=\"ngg-gallery-thumbnail\">\n\t\t<a href=\"https:\/\/www.aclanester56.com\/velo\/wp-content\/gallery\/kerstran-juin-2015-cadet\/Auray-Kerstran-juin-2015-038.JPG?t=1434919381\"\n\t\t\ttitle=\"\"\n\t\t\tdata-src=\"https:\/\/www.aclanester56.com\/velo\/wp-content\/gallery\/kerstran-juin-2015-cadet\/Auray-Kerstran-juin-2015-038.JPG?t=1434919381\"\n\t\t\tdata-thumbnail=\"https:\/\/www.aclanester56.com\/velo\/wp-content\/gallery\/kerstran-juin-2015-cadet\/thumbs\/thumbs_Auray-Kerstran-juin-2015-038.JPG?t=1434919381\"\n\t\t\tdata-image-id=\"9164\"\n\t\t\tdata-image-name=\"Auray-Kerstran-juin-2015-038.JPG\"\n\t\t\tdata-title=\"Auray-Kerstran-juin-2015-038\"\n\t\t\tdata-description=\"\"\n\t\t\tdata-image-slug=\"auray-kerstran-juin-2015-038\"\n\t\t\t\t\t\t\t\t\t\t\t\t\t\t\t\t\t\t\t\tclass=\"ngg-simplelightbox\" rel=\"bc32bbdf7d1a0d365bad961b8d1ad64a\">\n\t\t\t\t\t\t\t\t<img\n\t\t\t\t\ttitle=\"Auray-Kerstran-juin-2015-038\"\n\t\t\t\t\talt=\"Auray-Kerstran-juin-2015-038\"\n\t\t\t\t\tsrc=\"https:\/\/www.aclanester56.com\/velo\/wp-content\/gallery\/kerstran-juin-2015-cadet\/thumbs\/thumbs_Auray-Kerstran-juin-2015-038.JPG?t=1434919381\"\n\t\t\t\t\twidth=\"100\"\n\t\t\t\t\theight=\"100\"\n\t\t\t\t\tstyle=\"max-width:100%;\"\n\t\t\t\t\/>\n\t\t\t<\/a>\n\t\t<\/div>\n\t\t\t\t\t\t\t<\/div>\n\t\t\t\n\t\t\t\t<div id=\"ngg-image-6\" class=\"ngg-gallery-thumbnail-box\n\t\t\t\t\t\t\t\t\t\t\t\"\n\t\t\t>\n\t\t\t\t\t\t<div class=\"ngg-gallery-thumbnail\">\n\t\t<a href=\"https:\/\/www.aclanester56.com\/velo\/wp-content\/gallery\/kerstran-juin-2015-cadet\/Auray-Kerstran-juin-2015-039.JPG?t=1434919384\"\n\t\t\ttitle=\"\"\n\t\t\tdata-src=\"https:\/\/www.aclanester56.com\/velo\/wp-content\/gallery\/kerstran-juin-2015-cadet\/Auray-Kerstran-juin-2015-039.JPG?t=1434919384\"\n\t\t\tdata-thumbnail=\"https:\/\/www.aclanester56.com\/velo\/wp-content\/gallery\/kerstran-juin-2015-cadet\/thumbs\/thumbs_Auray-Kerstran-juin-2015-039.JPG?t=1434919384\"\n\t\t\tdata-image-id=\"9167\"\n\t\t\tdata-image-name=\"Auray-Kerstran-juin-2015-039.JPG\"\n\t\t\tdata-title=\"Auray-Kerstran-juin-2015-039\"\n\t\t\tdata-description=\"\"\n\t\t\tdata-image-slug=\"auray-kerstran-juin-2015-039\"\n\t\t\t\t\t\t\t\t\t\t\t\t\t\t\t\t\t\t\t\tclass=\"ngg-simplelightbox\" rel=\"bc32bbdf7d1a0d365bad961b8d1ad64a\">\n\t\t\t\t\t\t\t\t<img\n\t\t\t\t\ttitle=\"Auray-Kerstran-juin-2015-039\"\n\t\t\t\t\talt=\"Auray-Kerstran-juin-2015-039\"\n\t\t\t\t\tsrc=\"https:\/\/www.aclanester56.com\/velo\/wp-content\/gallery\/kerstran-juin-2015-cadet\/thumbs\/thumbs_Auray-Kerstran-juin-2015-039.JPG?t=1434919384\"\n\t\t\t\t\twidth=\"100\"\n\t\t\t\t\theight=\"100\"\n\t\t\t\t\tstyle=\"max-width:100%;\"\n\t\t\t\t\/>\n\t\t\t<\/a>\n\t\t<\/div>\n\t\t\t\t\t\t\t<\/div>\n\t\t\t\n\t\t\t\t<div id=\"ngg-image-7\" class=\"ngg-gallery-thumbnail-box\n\t\t\t\t\t\t\t\t\t\t\t\"\n\t\t\t>\n\t\t\t\t\t\t<div class=\"ngg-gallery-thumbnail\">\n\t\t<a href=\"https:\/\/www.aclanester56.com\/velo\/wp-content\/gallery\/kerstran-juin-2015-cadet\/Auray-Kerstran-juin-2015-042.JPG?t=1434919388\"\n\t\t\ttitle=\"\"\n\t\t\tdata-src=\"https:\/\/www.aclanester56.com\/velo\/wp-content\/gallery\/kerstran-juin-2015-cadet\/Auray-Kerstran-juin-2015-042.JPG?t=1434919388\"\n\t\t\tdata-thumbnail=\"https:\/\/www.aclanester56.com\/velo\/wp-content\/gallery\/kerstran-juin-2015-cadet\/thumbs\/thumbs_Auray-Kerstran-juin-2015-042.JPG?t=1434919388\"\n\t\t\tdata-image-id=\"9169\"\n\t\t\tdata-image-name=\"Auray-Kerstran-juin-2015-042.JPG\"\n\t\t\tdata-title=\"Auray-Kerstran-juin-2015-042\"\n\t\t\tdata-description=\"\"\n\t\t\tdata-image-slug=\"auray-kerstran-juin-2015-042\"\n\t\t\t\t\t\t\t\t\t\t\t\t\t\t\t\t\t\t\t\tclass=\"ngg-simplelightbox\" rel=\"bc32bbdf7d1a0d365bad961b8d1ad64a\">\n\t\t\t\t\t\t\t\t<img\n\t\t\t\t\ttitle=\"Auray-Kerstran-juin-2015-042\"\n\t\t\t\t\talt=\"Auray-Kerstran-juin-2015-042\"\n\t\t\t\t\tsrc=\"https:\/\/www.aclanester56.com\/velo\/wp-content\/gallery\/kerstran-juin-2015-cadet\/thumbs\/thumbs_Auray-Kerstran-juin-2015-042.JPG?t=1434919388\"\n\t\t\t\t\twidth=\"100\"\n\t\t\t\t\theight=\"100\"\n\t\t\t\t\tstyle=\"max-width:100%;\"\n\t\t\t\t\/>\n\t\t\t<\/a>\n\t\t<\/div>\n\t\t\t\t\t\t\t<\/div>\n\t\t\t\n\t\t\t\t<div id=\"ngg-image-8\" class=\"ngg-gallery-thumbnail-box\n\t\t\t\t\t\t\t\t\t\t\t\"\n\t\t\t>\n\t\t\t\t\t\t<div class=\"ngg-gallery-thumbnail\">\n\t\t<a href=\"https:\/\/www.aclanester56.com\/velo\/wp-content\/gallery\/kerstran-juin-2015-cadet\/Auray-Kerstran-juin-2015-043.JPG?t=1434919391\"\n\t\t\ttitle=\"\"\n\t\t\tdata-src=\"https:\/\/www.aclanester56.com\/velo\/wp-content\/gallery\/kerstran-juin-2015-cadet\/Auray-Kerstran-juin-2015-043.JPG?t=1434919391\"\n\t\t\tdata-thumbnail=\"https:\/\/www.aclanester56.com\/velo\/wp-content\/gallery\/kerstran-juin-2015-cadet\/thumbs\/thumbs_Auray-Kerstran-juin-2015-043.JPG?t=1434919391\"\n\t\t\tdata-image-id=\"9171\"\n\t\t\tdata-image-name=\"Auray-Kerstran-juin-2015-043.JPG\"\n\t\t\tdata-title=\"Auray-Kerstran-juin-2015-043\"\n\t\t\tdata-description=\"\"\n\t\t\tdata-image-slug=\"auray-kerstran-juin-2015-043\"\n\t\t\t\t\t\t\t\t\t\t\t\t\t\t\t\t\t\t\t\tclass=\"ngg-simplelightbox\" rel=\"bc32bbdf7d1a0d365bad961b8d1ad64a\">\n\t\t\t\t\t\t\t\t<img\n\t\t\t\t\ttitle=\"Auray-Kerstran-juin-2015-043\"\n\t\t\t\t\talt=\"Auray-Kerstran-juin-2015-043\"\n\t\t\t\t\tsrc=\"https:\/\/www.aclanester56.com\/velo\/wp-content\/gallery\/kerstran-juin-2015-cadet\/thumbs\/thumbs_Auray-Kerstran-juin-2015-043.JPG?t=1434919391\"\n\t\t\t\t\twidth=\"100\"\n\t\t\t\t\theight=\"100\"\n\t\t\t\t\tstyle=\"max-width:100%;\"\n\t\t\t\t\/>\n\t\t\t<\/a>\n\t\t<\/div>\n\t\t\t\t\t\t\t<\/div>\n\t\t\t\n\t\t\t\t<div id=\"ngg-image-9\" class=\"ngg-gallery-thumbnail-box\n\t\t\t\t\t\t\t\t\t\t\t\"\n\t\t\t>\n\t\t\t\t\t\t<div class=\"ngg-gallery-thumbnail\">\n\t\t<a href=\"https:\/\/www.aclanester56.com\/velo\/wp-content\/gallery\/kerstran-juin-2015-cadet\/Auray-Kerstran-juin-2015-045.JPG?t=1434919394\"\n\t\t\ttitle=\"\"\n\t\t\tdata-src=\"https:\/\/www.aclanester56.com\/velo\/wp-content\/gallery\/kerstran-juin-2015-cadet\/Auray-Kerstran-juin-2015-045.JPG?t=1434919394\"\n\t\t\tdata-thumbnail=\"https:\/\/www.aclanester56.com\/velo\/wp-content\/gallery\/kerstran-juin-2015-cadet\/thumbs\/thumbs_Auray-Kerstran-juin-2015-045.JPG?t=1434919394\"\n\t\t\tdata-image-id=\"9173\"\n\t\t\tdata-image-name=\"Auray-Kerstran-juin-2015-045.JPG\"\n\t\t\tdata-title=\"Auray-Kerstran-juin-2015-045\"\n\t\t\tdata-description=\"\"\n\t\t\tdata-image-slug=\"auray-kerstran-juin-2015-045\"\n\t\t\t\t\t\t\t\t\t\t\t\t\t\t\t\t\t\t\t\tclass=\"ngg-simplelightbox\" rel=\"bc32bbdf7d1a0d365bad961b8d1ad64a\">\n\t\t\t\t\t\t\t\t<img\n\t\t\t\t\ttitle=\"Auray-Kerstran-juin-2015-045\"\n\t\t\t\t\talt=\"Auray-Kerstran-juin-2015-045\"\n\t\t\t\t\tsrc=\"https:\/\/www.aclanester56.com\/velo\/wp-content\/gallery\/kerstran-juin-2015-cadet\/thumbs\/thumbs_Auray-Kerstran-juin-2015-045.JPG?t=1434919394\"\n\t\t\t\t\twidth=\"100\"\n\t\t\t\t\theight=\"100\"\n\t\t\t\t\tstyle=\"max-width:100%;\"\n\t\t\t\t\/>\n\t\t\t<\/a>\n\t\t<\/div>\n\t\t\t\t\t\t\t<\/div>\n\t\t\t\n\t\t\t\t<div id=\"ngg-image-10\" class=\"ngg-gallery-thumbnail-box\n\t\t\t\t\t\t\t\t\t\t\t\"\n\t\t\t>\n\t\t\t\t\t\t<div class=\"ngg-gallery-thumbnail\">\n\t\t<a href=\"https:\/\/www.aclanester56.com\/velo\/wp-content\/gallery\/kerstran-juin-2015-cadet\/Auray-Kerstran-juin-2015-046.JPG?t=1434919398\"\n\t\t\ttitle=\"\"\n\t\t\tdata-src=\"https:\/\/www.aclanester56.com\/velo\/wp-content\/gallery\/kerstran-juin-2015-cadet\/Auray-Kerstran-juin-2015-046.JPG?t=1434919398\"\n\t\t\tdata-thumbnail=\"https:\/\/www.aclanester56.com\/velo\/wp-content\/gallery\/kerstran-juin-2015-cadet\/thumbs\/thumbs_Auray-Kerstran-juin-2015-046.JPG?t=1434919398\"\n\t\t\tdata-image-id=\"9176\"\n\t\t\tdata-image-name=\"Auray-Kerstran-juin-2015-046.JPG\"\n\t\t\tdata-title=\"Auray-Kerstran-juin-2015-046\"\n\t\t\tdata-description=\"\"\n\t\t\tdata-image-slug=\"auray-kerstran-juin-2015-046\"\n\t\t\t\t\t\t\t\t\t\t\t\t\t\t\t\t\t\t\t\tclass=\"ngg-simplelightbox\" rel=\"bc32bbdf7d1a0d365bad961b8d1ad64a\">\n\t\t\t\t\t\t\t\t<img\n\t\t\t\t\ttitle=\"Auray-Kerstran-juin-2015-046\"\n\t\t\t\t\talt=\"Auray-Kerstran-juin-2015-046\"\n\t\t\t\t\tsrc=\"https:\/\/www.aclanester56.com\/velo\/wp-content\/gallery\/kerstran-juin-2015-cadet\/thumbs\/thumbs_Auray-Kerstran-juin-2015-046.JPG?t=1434919398\"\n\t\t\t\t\twidth=\"100\"\n\t\t\t\t\theight=\"100\"\n\t\t\t\t\tstyle=\"max-width:100%;\"\n\t\t\t\t\/>\n\t\t\t<\/a>\n\t\t<\/div>\n\t\t\t\t\t\t\t<\/div>\n\t\t\t\n\t\t\t\t<div id=\"ngg-image-11\" class=\"ngg-gallery-thumbnail-box\n\t\t\t\t\t\t\t\t\t\t\t\"\n\t\t\t>\n\t\t\t\t\t\t<div class=\"ngg-gallery-thumbnail\">\n\t\t<a href=\"https:\/\/www.aclanester56.com\/velo\/wp-content\/gallery\/kerstran-juin-2015-cadet\/Auray-Kerstran-juin-2015-047.JPG?t=1434919401\"\n\t\t\ttitle=\"\"\n\t\t\tdata-src=\"https:\/\/www.aclanester56.com\/velo\/wp-content\/gallery\/kerstran-juin-2015-cadet\/Auray-Kerstran-juin-2015-047.JPG?t=1434919401\"\n\t\t\tdata-thumbnail=\"https:\/\/www.aclanester56.com\/velo\/wp-content\/gallery\/kerstran-juin-2015-cadet\/thumbs\/thumbs_Auray-Kerstran-juin-2015-047.JPG?t=1434919401\"\n\t\t\tdata-image-id=\"9178\"\n\t\t\tdata-image-name=\"Auray-Kerstran-juin-2015-047.JPG\"\n\t\t\tdata-title=\"Auray-Kerstran-juin-2015-047\"\n\t\t\tdata-description=\"\"\n\t\t\tdata-image-slug=\"auray-kerstran-juin-2015-047\"\n\t\t\t\t\t\t\t\t\t\t\t\t\t\t\t\t\t\t\t\tclass=\"ngg-simplelightbox\" rel=\"bc32bbdf7d1a0d365bad961b8d1ad64a\">\n\t\t\t\t\t\t\t\t<img\n\t\t\t\t\ttitle=\"Auray-Kerstran-juin-2015-047\"\n\t\t\t\t\talt=\"Auray-Kerstran-juin-2015-047\"\n\t\t\t\t\tsrc=\"https:\/\/www.aclanester56.com\/velo\/wp-content\/gallery\/kerstran-juin-2015-cadet\/thumbs\/thumbs_Auray-Kerstran-juin-2015-047.JPG?t=1434919401\"\n\t\t\t\t\twidth=\"100\"\n\t\t\t\t\theight=\"100\"\n\t\t\t\t\tstyle=\"max-width:100%;\"\n\t\t\t\t\/>\n\t\t\t<\/a>\n\t\t<\/div>\n\t\t\t\t\t\t\t<\/div>\n\t\t\t\n\t\t\t\t<div id=\"ngg-image-12\" class=\"ngg-gallery-thumbnail-box\n\t\t\t\t\t\t\t\t\t\t\t\"\n\t\t\t>\n\t\t\t\t\t\t<div class=\"ngg-gallery-thumbnail\">\n\t\t<a href=\"https:\/\/www.aclanester56.com\/velo\/wp-content\/gallery\/kerstran-juin-2015-cadet\/Auray-Kerstran-juin-2015-031.JPG?t=1434919367\"\n\t\t\ttitle=\"\"\n\t\t\tdata-src=\"https:\/\/www.aclanester56.com\/velo\/wp-content\/gallery\/kerstran-juin-2015-cadet\/Auray-Kerstran-juin-2015-031.JPG?t=1434919367\"\n\t\t\tdata-thumbnail=\"https:\/\/www.aclanester56.com\/velo\/wp-content\/gallery\/kerstran-juin-2015-cadet\/thumbs\/thumbs_Auray-Kerstran-juin-2015-031.JPG?t=1434919367\"\n\t\t\tdata-image-id=\"9156\"\n\t\t\tdata-image-name=\"Auray-Kerstran-juin-2015-031.JPG\"\n\t\t\tdata-title=\"Auray-Kerstran-juin-2015-031\"\n\t\t\tdata-description=\"\"\n\t\t\tdata-image-slug=\"auray-kerstran-juin-2015-031\"\n\t\t\t\t\t\t\t\t\t\t\t\t\t\t\t\t\t\t\t\tclass=\"ngg-simplelightbox\" rel=\"bc32bbdf7d1a0d365bad961b8d1ad64a\">\n\t\t\t\t\t\t\t\t<img\n\t\t\t\t\ttitle=\"Auray-Kerstran-juin-2015-031\"\n\t\t\t\t\talt=\"Auray-Kerstran-juin-2015-031\"\n\t\t\t\t\tsrc=\"https:\/\/www.aclanester56.com\/velo\/wp-content\/gallery\/kerstran-juin-2015-cadet\/thumbs\/thumbs_Auray-Kerstran-juin-2015-031.JPG?t=1434919367\"\n\t\t\t\t\twidth=\"100\"\n\t\t\t\t\theight=\"100\"\n\t\t\t\t\tstyle=\"max-width:100%;\"\n\t\t\t\t\/>\n\t\t\t<\/a>\n\t\t<\/div>\n\t\t\t\t\t\t\t<\/div>\n\t\t\t\n\t\t\t\t<div id=\"ngg-image-13\" class=\"ngg-gallery-thumbnail-box\n\t\t\t\t\t\t\t\t\t\t\t\"\n\t\t\t>\n\t\t\t\t\t\t<div class=\"ngg-gallery-thumbnail\">\n\t\t<a href=\"https:\/\/www.aclanester56.com\/velo\/wp-content\/gallery\/kerstran-juin-2015-cadet\/Auray-Kerstran-juin-2015-049.JPG?t=1434919408\"\n\t\t\ttitle=\"\"\n\t\t\tdata-src=\"https:\/\/www.aclanester56.com\/velo\/wp-content\/gallery\/kerstran-juin-2015-cadet\/Auray-Kerstran-juin-2015-049.JPG?t=1434919408\"\n\t\t\tdata-thumbnail=\"https:\/\/www.aclanester56.com\/velo\/wp-content\/gallery\/kerstran-juin-2015-cadet\/thumbs\/thumbs_Auray-Kerstran-juin-2015-049.JPG?t=1434919408\"\n\t\t\tdata-image-id=\"9183\"\n\t\t\tdata-image-name=\"Auray-Kerstran-juin-2015-049.JPG\"\n\t\t\tdata-title=\"Auray-Kerstran-juin-2015-049\"\n\t\t\tdata-description=\"\"\n\t\t\tdata-image-slug=\"auray-kerstran-juin-2015-049\"\n\t\t\t\t\t\t\t\t\t\t\t\t\t\t\t\t\t\t\t\tclass=\"ngg-simplelightbox\" rel=\"bc32bbdf7d1a0d365bad961b8d1ad64a\">\n\t\t\t\t\t\t\t\t<img\n\t\t\t\t\ttitle=\"Auray-Kerstran-juin-2015-049\"\n\t\t\t\t\talt=\"Auray-Kerstran-juin-2015-049\"\n\t\t\t\t\tsrc=\"https:\/\/www.aclanester56.com\/velo\/wp-content\/gallery\/kerstran-juin-2015-cadet\/thumbs\/thumbs_Auray-Kerstran-juin-2015-049.JPG?t=1434919408\"\n\t\t\t\t\twidth=\"100\"\n\t\t\t\t\theight=\"100\"\n\t\t\t\t\tstyle=\"max-width:100%;\"\n\t\t\t\t\/>\n\t\t\t<\/a>\n\t\t<\/div>\n\t\t\t\t\t\t\t<\/div>\n\t\t\t\n\t\t\t\t<div id=\"ngg-image-14\" class=\"ngg-gallery-thumbnail-box\n\t\t\t\t\t\t\t\t\t\t\t\"\n\t\t\t>\n\t\t\t\t\t\t<div class=\"ngg-gallery-thumbnail\">\n\t\t<a href=\"https:\/\/www.aclanester56.com\/velo\/wp-content\/gallery\/kerstran-juin-2015-cadet\/Auray-Kerstran-juin-2015-050.JPG?t=1434919412\"\n\t\t\ttitle=\"\"\n\t\t\tdata-src=\"https:\/\/www.aclanester56.com\/velo\/wp-content\/gallery\/kerstran-juin-2015-cadet\/Auray-Kerstran-juin-2015-050.JPG?t=1434919412\"\n\t\t\tdata-thumbnail=\"https:\/\/www.aclanester56.com\/velo\/wp-content\/gallery\/kerstran-juin-2015-cadet\/thumbs\/thumbs_Auray-Kerstran-juin-2015-050.JPG?t=1434919412\"\n\t\t\tdata-image-id=\"9185\"\n\t\t\tdata-image-name=\"Auray-Kerstran-juin-2015-050.JPG\"\n\t\t\tdata-title=\"Auray-Kerstran-juin-2015-050\"\n\t\t\tdata-description=\"\"\n\t\t\tdata-image-slug=\"auray-kerstran-juin-2015-050\"\n\t\t\t\t\t\t\t\t\t\t\t\t\t\t\t\t\t\t\t\tclass=\"ngg-simplelightbox\" rel=\"bc32bbdf7d1a0d365bad961b8d1ad64a\">\n\t\t\t\t\t\t\t\t<img\n\t\t\t\t\ttitle=\"Auray-Kerstran-juin-2015-050\"\n\t\t\t\t\talt=\"Auray-Kerstran-juin-2015-050\"\n\t\t\t\t\tsrc=\"https:\/\/www.aclanester56.com\/velo\/wp-content\/gallery\/kerstran-juin-2015-cadet\/thumbs\/thumbs_Auray-Kerstran-juin-2015-050.JPG?t=1434919412\"\n\t\t\t\t\twidth=\"100\"\n\t\t\t\t\theight=\"100\"\n\t\t\t\t\tstyle=\"max-width:100%;\"\n\t\t\t\t\/>\n\t\t\t<\/a>\n\t\t<\/div>\n\t\t\t\t\t\t\t<\/div>\n\t\t\t\n\t\t\t\t<div id=\"ngg-image-15\" class=\"ngg-gallery-thumbnail-box\n\t\t\t\t\t\t\t\t\t\t\t\"\n\t\t\t>\n\t\t\t\t\t\t<div class=\"ngg-gallery-thumbnail\">\n\t\t<a href=\"https:\/\/www.aclanester56.com\/velo\/wp-content\/gallery\/kerstran-juin-2015-cadet\/Auray-Kerstran-juin-2015-051.JPG?t=1434919415\"\n\t\t\ttitle=\"\"\n\t\t\tdata-src=\"https:\/\/www.aclanester56.com\/velo\/wp-content\/gallery\/kerstran-juin-2015-cadet\/Auray-Kerstran-juin-2015-051.JPG?t=1434919415\"\n\t\t\tdata-thumbnail=\"https:\/\/www.aclanester56.com\/velo\/wp-content\/gallery\/kerstran-juin-2015-cadet\/thumbs\/thumbs_Auray-Kerstran-juin-2015-051.JPG?t=1434919415\"\n\t\t\tdata-image-id=\"9187\"\n\t\t\tdata-image-name=\"Auray-Kerstran-juin-2015-051.JPG\"\n\t\t\tdata-title=\"Auray-Kerstran-juin-2015-051\"\n\t\t\tdata-description=\"\"\n\t\t\tdata-image-slug=\"auray-kerstran-juin-2015-051\"\n\t\t\t\t\t\t\t\t\t\t\t\t\t\t\t\t\t\t\t\tclass=\"ngg-simplelightbox\" rel=\"bc32bbdf7d1a0d365bad961b8d1ad64a\">\n\t\t\t\t\t\t\t\t<img\n\t\t\t\t\ttitle=\"Auray-Kerstran-juin-2015-051\"\n\t\t\t\t\talt=\"Auray-Kerstran-juin-2015-051\"\n\t\t\t\t\tsrc=\"https:\/\/www.aclanester56.com\/velo\/wp-content\/gallery\/kerstran-juin-2015-cadet\/thumbs\/thumbs_Auray-Kerstran-juin-2015-051.JPG?t=1434919415\"\n\t\t\t\t\twidth=\"100\"\n\t\t\t\t\theight=\"100\"\n\t\t\t\t\tstyle=\"max-width:100%;\"\n\t\t\t\t\/>\n\t\t\t<\/a>\n\t\t<\/div>\n\t\t\t\t\t\t\t<\/div>\n\t\t\t\n\t\t\t\t<div id=\"ngg-image-16\" class=\"ngg-gallery-thumbnail-box\n\t\t\t\t\t\t\t\t\t\t\t\"\n\t\t\t>\n\t\t\t\t\t\t<div class=\"ngg-gallery-thumbnail\">\n\t\t<a href=\"https:\/\/www.aclanester56.com\/velo\/wp-content\/gallery\/kerstran-juin-2015-cadet\/Auray-Kerstran-juin-2015-052.JPG?t=1434919419\"\n\t\t\ttitle=\"\"\n\t\t\tdata-src=\"https:\/\/www.aclanester56.com\/velo\/wp-content\/gallery\/kerstran-juin-2015-cadet\/Auray-Kerstran-juin-2015-052.JPG?t=1434919419\"\n\t\t\tdata-thumbnail=\"https:\/\/www.aclanester56.com\/velo\/wp-content\/gallery\/kerstran-juin-2015-cadet\/thumbs\/thumbs_Auray-Kerstran-juin-2015-052.JPG?t=1434919419\"\n\t\t\tdata-image-id=\"9188\"\n\t\t\tdata-image-name=\"Auray-Kerstran-juin-2015-052.JPG\"\n\t\t\tdata-title=\"Auray-Kerstran-juin-2015-052\"\n\t\t\tdata-description=\"\"\n\t\t\tdata-image-slug=\"auray-kerstran-juin-2015-052\"\n\t\t\t\t\t\t\t\t\t\t\t\t\t\t\t\t\t\t\t\tclass=\"ngg-simplelightbox\" rel=\"bc32bbdf7d1a0d365bad961b8d1ad64a\">\n\t\t\t\t\t\t\t\t<img\n\t\t\t\t\ttitle=\"Auray-Kerstran-juin-2015-052\"\n\t\t\t\t\talt=\"Auray-Kerstran-juin-2015-052\"\n\t\t\t\t\tsrc=\"https:\/\/www.aclanester56.com\/velo\/wp-content\/gallery\/kerstran-juin-2015-cadet\/thumbs\/thumbs_Auray-Kerstran-juin-2015-052.JPG?t=1434919419\"\n\t\t\t\t\twidth=\"100\"\n\t\t\t\t\theight=\"100\"\n\t\t\t\t\tstyle=\"max-width:100%;\"\n\t\t\t\t\/>\n\t\t\t<\/a>\n\t\t<\/div>\n\t\t\t\t\t\t\t<\/div>\n\t\t\t\n\t\t\t\t<div id=\"ngg-image-17\" class=\"ngg-gallery-thumbnail-box\n\t\t\t\t\t\t\t\t\t\t\t\"\n\t\t\t>\n\t\t\t\t\t\t<div class=\"ngg-gallery-thumbnail\">\n\t\t<a href=\"https:\/\/www.aclanester56.com\/velo\/wp-content\/gallery\/kerstran-juin-2015-cadet\/Auray-Kerstran-juin-2015-053.JPG?t=1434919421\"\n\t\t\ttitle=\"\"\n\t\t\tdata-src=\"https:\/\/www.aclanester56.com\/velo\/wp-content\/gallery\/kerstran-juin-2015-cadet\/Auray-Kerstran-juin-2015-053.JPG?t=1434919421\"\n\t\t\tdata-thumbnail=\"https:\/\/www.aclanester56.com\/velo\/wp-content\/gallery\/kerstran-juin-2015-cadet\/thumbs\/thumbs_Auray-Kerstran-juin-2015-053.JPG?t=1434919421\"\n\t\t\tdata-image-id=\"9190\"\n\t\t\tdata-image-name=\"Auray-Kerstran-juin-2015-053.JPG\"\n\t\t\tdata-title=\"Auray-Kerstran-juin-2015-053\"\n\t\t\tdata-description=\"\"\n\t\t\tdata-image-slug=\"auray-kerstran-juin-2015-053\"\n\t\t\t\t\t\t\t\t\t\t\t\t\t\t\t\t\t\t\t\tclass=\"ngg-simplelightbox\" rel=\"bc32bbdf7d1a0d365bad961b8d1ad64a\">\n\t\t\t\t\t\t\t\t<img\n\t\t\t\t\ttitle=\"Auray-Kerstran-juin-2015-053\"\n\t\t\t\t\talt=\"Auray-Kerstran-juin-2015-053\"\n\t\t\t\t\tsrc=\"https:\/\/www.aclanester56.com\/velo\/wp-content\/gallery\/kerstran-juin-2015-cadet\/thumbs\/thumbs_Auray-Kerstran-juin-2015-053.JPG?t=1434919421\"\n\t\t\t\t\twidth=\"100\"\n\t\t\t\t\theight=\"100\"\n\t\t\t\t\tstyle=\"max-width:100%;\"\n\t\t\t\t\/>\n\t\t\t<\/a>\n\t\t<\/div>\n\t\t\t\t\t\t\t<\/div>\n\t\t\t\n\t\t\t\t<div id=\"ngg-image-18\" class=\"ngg-gallery-thumbnail-box\n\t\t\t\t\t\t\t\t\t\t\t\"\n\t\t\t>\n\t\t\t\t\t\t<div class=\"ngg-gallery-thumbnail\">\n\t\t<a href=\"https:\/\/www.aclanester56.com\/velo\/wp-content\/gallery\/kerstran-juin-2015-cadet\/Auray-Kerstran-juin-2015-054.JPG?t=1434919424\"\n\t\t\ttitle=\"\"\n\t\t\tdata-src=\"https:\/\/www.aclanester56.com\/velo\/wp-content\/gallery\/kerstran-juin-2015-cadet\/Auray-Kerstran-juin-2015-054.JPG?t=1434919424\"\n\t\t\tdata-thumbnail=\"https:\/\/www.aclanester56.com\/velo\/wp-content\/gallery\/kerstran-juin-2015-cadet\/thumbs\/thumbs_Auray-Kerstran-juin-2015-054.JPG?t=1434919424\"\n\t\t\tdata-image-id=\"9192\"\n\t\t\tdata-image-name=\"Auray-Kerstran-juin-2015-054.JPG\"\n\t\t\tdata-title=\"Auray-Kerstran-juin-2015-054\"\n\t\t\tdata-description=\"\"\n\t\t\tdata-image-slug=\"auray-kerstran-juin-2015-054\"\n\t\t\t\t\t\t\t\t\t\t\t\t\t\t\t\t\t\t\t\tclass=\"ngg-simplelightbox\" rel=\"bc32bbdf7d1a0d365bad961b8d1ad64a\">\n\t\t\t\t\t\t\t\t<img\n\t\t\t\t\ttitle=\"Auray-Kerstran-juin-2015-054\"\n\t\t\t\t\talt=\"Auray-Kerstran-juin-2015-054\"\n\t\t\t\t\tsrc=\"https:\/\/www.aclanester56.com\/velo\/wp-content\/gallery\/kerstran-juin-2015-cadet\/thumbs\/thumbs_Auray-Kerstran-juin-2015-054.JPG?t=1434919424\"\n\t\t\t\t\twidth=\"100\"\n\t\t\t\t\theight=\"100\"\n\t\t\t\t\tstyle=\"max-width:100%;\"\n\t\t\t\t\/>\n\t\t\t<\/a>\n\t\t<\/div>\n\t\t\t\t\t\t\t<\/div>\n\t\t\t\n\t\t\t\t<div id=\"ngg-image-19\" class=\"ngg-gallery-thumbnail-box\n\t\t\t\t\t\t\t\t\t\t\t\"\n\t\t\t>\n\t\t\t\t\t\t<div class=\"ngg-gallery-thumbnail\">\n\t\t<a href=\"https:\/\/www.aclanester56.com\/velo\/wp-content\/gallery\/kerstran-juin-2015-cadet\/Auray-Kerstran-juin-2015-055.JPG?t=1434919427\"\n\t\t\ttitle=\"\"\n\t\t\tdata-src=\"https:\/\/www.aclanester56.com\/velo\/wp-content\/gallery\/kerstran-juin-2015-cadet\/Auray-Kerstran-juin-2015-055.JPG?t=1434919427\"\n\t\t\tdata-thumbnail=\"https:\/\/www.aclanester56.com\/velo\/wp-content\/gallery\/kerstran-juin-2015-cadet\/thumbs\/thumbs_Auray-Kerstran-juin-2015-055.JPG?t=1434919427\"\n\t\t\tdata-image-id=\"9194\"\n\t\t\tdata-image-name=\"Auray-Kerstran-juin-2015-055.JPG\"\n\t\t\tdata-title=\"Auray-Kerstran-juin-2015-055\"\n\t\t\tdata-description=\"\"\n\t\t\tdata-image-slug=\"auray-kerstran-juin-2015-055\"\n\t\t\t\t\t\t\t\t\t\t\t\t\t\t\t\t\t\t\t\tclass=\"ngg-simplelightbox\" rel=\"bc32bbdf7d1a0d365bad961b8d1ad64a\">\n\t\t\t\t\t\t\t\t<img\n\t\t\t\t\ttitle=\"Auray-Kerstran-juin-2015-055\"\n\t\t\t\t\talt=\"Auray-Kerstran-juin-2015-055\"\n\t\t\t\t\tsrc=\"https:\/\/www.aclanester56.com\/velo\/wp-content\/gallery\/kerstran-juin-2015-cadet\/thumbs\/thumbs_Auray-Kerstran-juin-2015-055.JPG?t=1434919427\"\n\t\t\t\t\twidth=\"100\"\n\t\t\t\t\theight=\"100\"\n\t\t\t\t\tstyle=\"max-width:100%;\"\n\t\t\t\t\/>\n\t\t\t<\/a>\n\t\t<\/div>\n\t\t\t\t\t\t\t<\/div>\n\t\t\t\n\t\t\t\t<div id=\"ngg-image-20\" class=\"ngg-gallery-thumbnail-box\n\t\t\t\t\t\t\t\t\t\t\t\"\n\t\t\t>\n\t\t\t\t\t\t<div class=\"ngg-gallery-thumbnail\">\n\t\t<a href=\"https:\/\/www.aclanester56.com\/velo\/wp-content\/gallery\/kerstran-juin-2015-cadet\/Auray-Kerstran-juin-2015-056.JPG?t=1434919431\"\n\t\t\ttitle=\"\"\n\t\t\tdata-src=\"https:\/\/www.aclanester56.com\/velo\/wp-content\/gallery\/kerstran-juin-2015-cadet\/Auray-Kerstran-juin-2015-056.JPG?t=1434919431\"\n\t\t\tdata-thumbnail=\"https:\/\/www.aclanester56.com\/velo\/wp-content\/gallery\/kerstran-juin-2015-cadet\/thumbs\/thumbs_Auray-Kerstran-juin-2015-056.JPG?t=1434919431\"\n\t\t\tdata-image-id=\"9197\"\n\t\t\tdata-image-name=\"Auray-Kerstran-juin-2015-056.JPG\"\n\t\t\tdata-title=\"Auray-Kerstran-juin-2015-056\"\n\t\t\tdata-description=\"\"\n\t\t\tdata-image-slug=\"auray-kerstran-juin-2015-056\"\n\t\t\t\t\t\t\t\t\t\t\t\t\t\t\t\t\t\t\t\tclass=\"ngg-simplelightbox\" rel=\"bc32bbdf7d1a0d365bad961b8d1ad64a\">\n\t\t\t\t\t\t\t\t<img\n\t\t\t\t\ttitle=\"Auray-Kerstran-juin-2015-056\"\n\t\t\t\t\talt=\"Auray-Kerstran-juin-2015-056\"\n\t\t\t\t\tsrc=\"https:\/\/www.aclanester56.com\/velo\/wp-content\/gallery\/kerstran-juin-2015-cadet\/thumbs\/thumbs_Auray-Kerstran-juin-2015-056.JPG?t=1434919431\"\n\t\t\t\t\twidth=\"100\"\n\t\t\t\t\theight=\"100\"\n\t\t\t\t\tstyle=\"max-width:100%;\"\n\t\t\t\t\/>\n\t\t\t<\/a>\n\t\t<\/div>\n\t\t\t\t\t\t\t<\/div>\n\t\t\t\n\t\t\t\t<div id=\"ngg-image-21\" class=\"ngg-gallery-thumbnail-box\n\t\t\t\t\t\t\t\t\t\t\t\"\n\t\t\t>\n\t\t\t\t\t\t<div class=\"ngg-gallery-thumbnail\">\n\t\t<a href=\"https:\/\/www.aclanester56.com\/velo\/wp-content\/gallery\/kerstran-juin-2015-cadet\/Auray-Kerstran-juin-2015-057.JPG?t=1434919434\"\n\t\t\ttitle=\"\"\n\t\t\tdata-src=\"https:\/\/www.aclanester56.com\/velo\/wp-content\/gallery\/kerstran-juin-2015-cadet\/Auray-Kerstran-juin-2015-057.JPG?t=1434919434\"\n\t\t\tdata-thumbnail=\"https:\/\/www.aclanester56.com\/velo\/wp-content\/gallery\/kerstran-juin-2015-cadet\/thumbs\/thumbs_Auray-Kerstran-juin-2015-057.JPG?t=1434919434\"\n\t\t\tdata-image-id=\"9199\"\n\t\t\tdata-image-name=\"Auray-Kerstran-juin-2015-057.JPG\"\n\t\t\tdata-title=\"Auray-Kerstran-juin-2015-057\"\n\t\t\tdata-description=\"\"\n\t\t\tdata-image-slug=\"auray-kerstran-juin-2015-057\"\n\t\t\t\t\t\t\t\t\t\t\t\t\t\t\t\t\t\t\t\tclass=\"ngg-simplelightbox\" rel=\"bc32bbdf7d1a0d365bad961b8d1ad64a\">\n\t\t\t\t\t\t\t\t<img\n\t\t\t\t\ttitle=\"Auray-Kerstran-juin-2015-057\"\n\t\t\t\t\talt=\"Auray-Kerstran-juin-2015-057\"\n\t\t\t\t\tsrc=\"https:\/\/www.aclanester56.com\/velo\/wp-content\/gallery\/kerstran-juin-2015-cadet\/thumbs\/thumbs_Auray-Kerstran-juin-2015-057.JPG?t=1434919434\"\n\t\t\t\t\twidth=\"100\"\n\t\t\t\t\theight=\"100\"\n\t\t\t\t\tstyle=\"max-width:100%;\"\n\t\t\t\t\/>\n\t\t\t<\/a>\n\t\t<\/div>\n\t\t\t\t\t\t\t<\/div>\n\t\t\t\n\t\t\t\t<div id=\"ngg-image-22\" class=\"ngg-gallery-thumbnail-box\n\t\t\t\t\t\t\t\t\t\t\t\"\n\t\t\t>\n\t\t\t\t\t\t<div class=\"ngg-gallery-thumbnail\">\n\t\t<a href=\"https:\/\/www.aclanester56.com\/velo\/wp-content\/gallery\/kerstran-juin-2015-cadet\/Auray-Kerstran-juin-2015-080.JPG?t=1434919437\"\n\t\t\ttitle=\"\"\n\t\t\tdata-src=\"https:\/\/www.aclanester56.com\/velo\/wp-content\/gallery\/kerstran-juin-2015-cadet\/Auray-Kerstran-juin-2015-080.JPG?t=1434919437\"\n\t\t\tdata-thumbnail=\"https:\/\/www.aclanester56.com\/velo\/wp-content\/gallery\/kerstran-juin-2015-cadet\/thumbs\/thumbs_Auray-Kerstran-juin-2015-080.JPG?t=1434919437\"\n\t\t\tdata-image-id=\"9201\"\n\t\t\tdata-image-name=\"Auray-Kerstran-juin-2015-080.JPG\"\n\t\t\tdata-title=\"Auray-Kerstran-juin-2015-080\"\n\t\t\tdata-description=\"\"\n\t\t\tdata-image-slug=\"auray-kerstran-juin-2015-080\"\n\t\t\t\t\t\t\t\t\t\t\t\t\t\t\t\t\t\t\t\tclass=\"ngg-simplelightbox\" rel=\"bc32bbdf7d1a0d365bad961b8d1ad64a\">\n\t\t\t\t\t\t\t\t<img\n\t\t\t\t\ttitle=\"Auray-Kerstran-juin-2015-080\"\n\t\t\t\t\talt=\"Auray-Kerstran-juin-2015-080\"\n\t\t\t\t\tsrc=\"https:\/\/www.aclanester56.com\/velo\/wp-content\/gallery\/kerstran-juin-2015-cadet\/thumbs\/thumbs_Auray-Kerstran-juin-2015-080.JPG?t=1434919437\"\n\t\t\t\t\twidth=\"100\"\n\t\t\t\t\theight=\"100\"\n\t\t\t\t\tstyle=\"max-width:100%;\"\n\t\t\t\t\/>\n\t\t\t<\/a>\n\t\t<\/div>\n\t\t\t\t\t\t\t<\/div>\n\t\t\t\n\t\t\t\t<div id=\"ngg-image-23\" class=\"ngg-gallery-thumbnail-box\n\t\t\t\t\t\t\t\t\t\t\t\"\n\t\t\t>\n\t\t\t\t\t\t<div class=\"ngg-gallery-thumbnail\">\n\t\t<a href=\"https:\/\/www.aclanester56.com\/velo\/wp-content\/gallery\/kerstran-juin-2015-cadet\/Auray-Kerstran-juin-2015-081.JPG?t=1434919440\"\n\t\t\ttitle=\"\"\n\t\t\tdata-src=\"https:\/\/www.aclanester56.com\/velo\/wp-content\/gallery\/kerstran-juin-2015-cadet\/Auray-Kerstran-juin-2015-081.JPG?t=1434919440\"\n\t\t\tdata-thumbnail=\"https:\/\/www.aclanester56.com\/velo\/wp-content\/gallery\/kerstran-juin-2015-cadet\/thumbs\/thumbs_Auray-Kerstran-juin-2015-081.JPG?t=1434919440\"\n\t\t\tdata-image-id=\"9203\"\n\t\t\tdata-image-name=\"Auray-Kerstran-juin-2015-081.JPG\"\n\t\t\tdata-title=\"Auray-Kerstran-juin-2015-081\"\n\t\t\tdata-description=\"\"\n\t\t\tdata-image-slug=\"auray-kerstran-juin-2015-081\"\n\t\t\t\t\t\t\t\t\t\t\t\t\t\t\t\t\t\t\t\tclass=\"ngg-simplelightbox\" rel=\"bc32bbdf7d1a0d365bad961b8d1ad64a\">\n\t\t\t\t\t\t\t\t<img\n\t\t\t\t\ttitle=\"Auray-Kerstran-juin-2015-081\"\n\t\t\t\t\talt=\"Auray-Kerstran-juin-2015-081\"\n\t\t\t\t\tsrc=\"https:\/\/www.aclanester56.com\/velo\/wp-content\/gallery\/kerstran-juin-2015-cadet\/thumbs\/thumbs_Auray-Kerstran-juin-2015-081.JPG?t=1434919440\"\n\t\t\t\t\twidth=\"100\"\n\t\t\t\t\theight=\"100\"\n\t\t\t\t\tstyle=\"max-width:100%;\"\n\t\t\t\t\/>\n\t\t\t<\/a>\n\t\t<\/div>\n\t\t\t\t\t\t\t<\/div>\n\t\t\t\n\t\t\t\t<div id=\"ngg-image-24\" class=\"ngg-gallery-thumbnail-box\n\t\t\t\t\t\t\t\t\t\t\t\"\n\t\t\t>\n\t\t\t\t\t\t<div class=\"ngg-gallery-thumbnail\">\n\t\t<a href=\"https:\/\/www.aclanester56.com\/velo\/wp-content\/gallery\/kerstran-juin-2015-cadet\/Auray-Kerstran-juin-2015-018.JPG?t=1434919340\"\n\t\t\ttitle=\"\"\n\t\t\tdata-src=\"https:\/\/www.aclanester56.com\/velo\/wp-content\/gallery\/kerstran-juin-2015-cadet\/Auray-Kerstran-juin-2015-018.JPG?t=1434919340\"\n\t\t\tdata-thumbnail=\"https:\/\/www.aclanester56.com\/velo\/wp-content\/gallery\/kerstran-juin-2015-cadet\/thumbs\/thumbs_Auray-Kerstran-juin-2015-018.JPG?t=1434919340\"\n\t\t\tdata-image-id=\"9145\"\n\t\t\tdata-image-name=\"Auray-Kerstran-juin-2015-018.JPG\"\n\t\t\tdata-title=\"Auray-Kerstran-juin-2015-018\"\n\t\t\tdata-description=\"\"\n\t\t\tdata-image-slug=\"auray-kerstran-juin-2015-018\"\n\t\t\t\t\t\t\t\t\t\t\t\t\t\t\t\t\t\t\t\tclass=\"ngg-simplelightbox\" rel=\"bc32bbdf7d1a0d365bad961b8d1ad64a\">\n\t\t\t\t\t\t\t\t<img\n\t\t\t\t\ttitle=\"Auray-Kerstran-juin-2015-018\"\n\t\t\t\t\talt=\"Auray-Kerstran-juin-2015-018\"\n\t\t\t\t\tsrc=\"https:\/\/www.aclanester56.com\/velo\/wp-content\/gallery\/kerstran-juin-2015-cadet\/thumbs\/thumbs_Auray-Kerstran-juin-2015-018.JPG?t=1434919340\"\n\t\t\t\t\twidth=\"100\"\n\t\t\t\t\theight=\"100\"\n\t\t\t\t\tstyle=\"max-width:100%;\"\n\t\t\t\t\/>\n\t\t\t<\/a>\n\t\t<\/div>\n\t\t\t\t\t\t\t<\/div>\n\t\t\t\n\t\t\t\t<div id=\"ngg-image-25\" class=\"ngg-gallery-thumbnail-box\n\t\t\t\t\t\t\t\t\t\t\t\"\n\t\t\t>\n\t\t\t\t\t\t<div class=\"ngg-gallery-thumbnail\">\n\t\t<a href=\"https:\/\/www.aclanester56.com\/velo\/wp-content\/gallery\/kerstran-juin-2015-cadet\/Auray-Kerstran-juin-2015-002.JPG?t=1434919318\"\n\t\t\ttitle=\"\"\n\t\t\tdata-src=\"https:\/\/www.aclanester56.com\/velo\/wp-content\/gallery\/kerstran-juin-2015-cadet\/Auray-Kerstran-juin-2015-002.JPG?t=1434919318\"\n\t\t\tdata-thumbnail=\"https:\/\/www.aclanester56.com\/velo\/wp-content\/gallery\/kerstran-juin-2015-cadet\/thumbs\/thumbs_Auray-Kerstran-juin-2015-002.JPG?t=1434919318\"\n\t\t\tdata-image-id=\"9134\"\n\t\t\tdata-image-name=\"Auray-Kerstran-juin-2015-002.JPG\"\n\t\t\tdata-title=\"Auray-Kerstran-juin-2015-002\"\n\t\t\tdata-description=\"\"\n\t\t\tdata-image-slug=\"auray-kerstran-juin-2015-002\"\n\t\t\t\t\t\t\t\t\t\t\t\t\t\t\t\t\t\t\t\tclass=\"ngg-simplelightbox\" rel=\"bc32bbdf7d1a0d365bad961b8d1ad64a\">\n\t\t\t\t\t\t\t\t<img\n\t\t\t\t\ttitle=\"Auray-Kerstran-juin-2015-002\"\n\t\t\t\t\talt=\"Auray-Kerstran-juin-2015-002\"\n\t\t\t\t\tsrc=\"https:\/\/www.aclanester56.com\/velo\/wp-content\/gallery\/kerstran-juin-2015-cadet\/thumbs\/thumbs_Auray-Kerstran-juin-2015-002.JPG?t=1434919318\"\n\t\t\t\t\twidth=\"100\"\n\t\t\t\t\theight=\"100\"\n\t\t\t\t\tstyle=\"max-width:100%;\"\n\t\t\t\t\/>\n\t\t\t<\/a>\n\t\t<\/div>\n\t\t\t\t\t\t\t<\/div>\n\t\t\t\n\t\t\t\t<div id=\"ngg-image-26\" class=\"ngg-gallery-thumbnail-box\n\t\t\t\t\t\t\t\t\t\t\t\"\n\t\t\t>\n\t\t\t\t\t\t<div class=\"ngg-gallery-thumbnail\">\n\t\t<a href=\"https:\/\/www.aclanester56.com\/velo\/wp-content\/gallery\/kerstran-juin-2015-cadet\/Auray-Kerstran-juin-2015-003.JPG?t=1434919320\"\n\t\t\ttitle=\"\"\n\t\t\tdata-src=\"https:\/\/www.aclanester56.com\/velo\/wp-content\/gallery\/kerstran-juin-2015-cadet\/Auray-Kerstran-juin-2015-003.JPG?t=1434919320\"\n\t\t\tdata-thumbnail=\"https:\/\/www.aclanester56.com\/velo\/wp-content\/gallery\/kerstran-juin-2015-cadet\/thumbs\/thumbs_Auray-Kerstran-juin-2015-003.JPG?t=1434919320\"\n\t\t\tdata-image-id=\"9135\"\n\t\t\tdata-image-name=\"Auray-Kerstran-juin-2015-003.JPG\"\n\t\t\tdata-title=\"Auray-Kerstran-juin-2015-003\"\n\t\t\tdata-description=\"\"\n\t\t\tdata-image-slug=\"auray-kerstran-juin-2015-003\"\n\t\t\t\t\t\t\t\t\t\t\t\t\t\t\t\t\t\t\t\tclass=\"ngg-simplelightbox\" rel=\"bc32bbdf7d1a0d365bad961b8d1ad64a\">\n\t\t\t\t\t\t\t\t<img\n\t\t\t\t\ttitle=\"Auray-Kerstran-juin-2015-003\"\n\t\t\t\t\talt=\"Auray-Kerstran-juin-2015-003\"\n\t\t\t\t\tsrc=\"https:\/\/www.aclanester56.com\/velo\/wp-content\/gallery\/kerstran-juin-2015-cadet\/thumbs\/thumbs_Auray-Kerstran-juin-2015-003.JPG?t=1434919320\"\n\t\t\t\t\twidth=\"100\"\n\t\t\t\t\theight=\"100\"\n\t\t\t\t\tstyle=\"max-width:100%;\"\n\t\t\t\t\/>\n\t\t\t<\/a>\n\t\t<\/div>\n\t\t\t\t\t\t\t<\/div>\n\t\t\t\n\t\t\t\t<div id=\"ngg-image-27\" class=\"ngg-gallery-thumbnail-box\n\t\t\t\t\t\t\t\t\t\t\t\"\n\t\t\t>\n\t\t\t\t\t\t<div class=\"ngg-gallery-thumbnail\">\n\t\t<a href=\"https:\/\/www.aclanester56.com\/velo\/wp-content\/gallery\/kerstran-juin-2015-cadet\/Auray-Kerstran-juin-2015-004.JPG?t=1434919322\"\n\t\t\ttitle=\"\"\n\t\t\tdata-src=\"https:\/\/www.aclanester56.com\/velo\/wp-content\/gallery\/kerstran-juin-2015-cadet\/Auray-Kerstran-juin-2015-004.JPG?t=1434919322\"\n\t\t\tdata-thumbnail=\"https:\/\/www.aclanester56.com\/velo\/wp-content\/gallery\/kerstran-juin-2015-cadet\/thumbs\/thumbs_Auray-Kerstran-juin-2015-004.JPG?t=1434919322\"\n\t\t\tdata-image-id=\"9136\"\n\t\t\tdata-image-name=\"Auray-Kerstran-juin-2015-004.JPG\"\n\t\t\tdata-title=\"Auray-Kerstran-juin-2015-004\"\n\t\t\tdata-description=\"\"\n\t\t\tdata-image-slug=\"auray-kerstran-juin-2015-004\"\n\t\t\t\t\t\t\t\t\t\t\t\t\t\t\t\t\t\t\t\tclass=\"ngg-simplelightbox\" rel=\"bc32bbdf7d1a0d365bad961b8d1ad64a\">\n\t\t\t\t\t\t\t\t<img\n\t\t\t\t\ttitle=\"Auray-Kerstran-juin-2015-004\"\n\t\t\t\t\talt=\"Auray-Kerstran-juin-2015-004\"\n\t\t\t\t\tsrc=\"https:\/\/www.aclanester56.com\/velo\/wp-content\/gallery\/kerstran-juin-2015-cadet\/thumbs\/thumbs_Auray-Kerstran-juin-2015-004.JPG?t=1434919322\"\n\t\t\t\t\twidth=\"100\"\n\t\t\t\t\theight=\"100\"\n\t\t\t\t\tstyle=\"max-width:100%;\"\n\t\t\t\t\/>\n\t\t\t<\/a>\n\t\t<\/div>\n\t\t\t\t\t\t\t<\/div>\n\t\t\t\n\t\t\t\t<div id=\"ngg-image-28\" class=\"ngg-gallery-thumbnail-box\n\t\t\t\t\t\t\t\t\t\t\t\"\n\t\t\t>\n\t\t\t\t\t\t<div class=\"ngg-gallery-thumbnail\">\n\t\t<a href=\"https:\/\/www.aclanester56.com\/velo\/wp-content\/gallery\/kerstran-juin-2015-cadet\/Auray-Kerstran-juin-2015-005.JPG?t=1434919323\"\n\t\t\ttitle=\"\"\n\t\t\tdata-src=\"https:\/\/www.aclanester56.com\/velo\/wp-content\/gallery\/kerstran-juin-2015-cadet\/Auray-Kerstran-juin-2015-005.JPG?t=1434919323\"\n\t\t\tdata-thumbnail=\"https:\/\/www.aclanester56.com\/velo\/wp-content\/gallery\/kerstran-juin-2015-cadet\/thumbs\/thumbs_Auray-Kerstran-juin-2015-005.JPG?t=1434919323\"\n\t\t\tdata-image-id=\"9137\"\n\t\t\tdata-image-name=\"Auray-Kerstran-juin-2015-005.JPG\"\n\t\t\tdata-title=\"Auray-Kerstran-juin-2015-005\"\n\t\t\tdata-description=\"\"\n\t\t\tdata-image-slug=\"auray-kerstran-juin-2015-005\"\n\t\t\t\t\t\t\t\t\t\t\t\t\t\t\t\t\t\t\t\tclass=\"ngg-simplelightbox\" rel=\"bc32bbdf7d1a0d365bad961b8d1ad64a\">\n\t\t\t\t\t\t\t\t<img\n\t\t\t\t\ttitle=\"Auray-Kerstran-juin-2015-005\"\n\t\t\t\t\talt=\"Auray-Kerstran-juin-2015-005\"\n\t\t\t\t\tsrc=\"https:\/\/www.aclanester56.com\/velo\/wp-content\/gallery\/kerstran-juin-2015-cadet\/thumbs\/thumbs_Auray-Kerstran-juin-2015-005.JPG?t=1434919323\"\n\t\t\t\t\twidth=\"100\"\n\t\t\t\t\theight=\"100\"\n\t\t\t\t\tstyle=\"max-width:100%;\"\n\t\t\t\t\/>\n\t\t\t<\/a>\n\t\t<\/div>\n\t\t\t\t\t\t\t<\/div>\n\t\t\t\n\t\t\t\t<div id=\"ngg-image-29\" class=\"ngg-gallery-thumbnail-box\n\t\t\t\t\t\t\t\t\t\t\t\"\n\t\t\t>\n\t\t\t\t\t\t<div class=\"ngg-gallery-thumbnail\">\n\t\t<a href=\"https:\/\/www.aclanester56.com\/velo\/wp-content\/gallery\/kerstran-juin-2015-cadet\/Auray-Kerstran-juin-2015-008.JPG?t=1434919324\"\n\t\t\ttitle=\"\"\n\t\t\tdata-src=\"https:\/\/www.aclanester56.com\/velo\/wp-content\/gallery\/kerstran-juin-2015-cadet\/Auray-Kerstran-juin-2015-008.JPG?t=1434919324\"\n\t\t\tdata-thumbnail=\"https:\/\/www.aclanester56.com\/velo\/wp-content\/gallery\/kerstran-juin-2015-cadet\/thumbs\/thumbs_Auray-Kerstran-juin-2015-008.JPG?t=1434919324\"\n\t\t\tdata-image-id=\"9138\"\n\t\t\tdata-image-name=\"Auray-Kerstran-juin-2015-008.JPG\"\n\t\t\tdata-title=\"Auray-Kerstran-juin-2015-008\"\n\t\t\tdata-description=\"\"\n\t\t\tdata-image-slug=\"auray-kerstran-juin-2015-008\"\n\t\t\t\t\t\t\t\t\t\t\t\t\t\t\t\t\t\t\t\tclass=\"ngg-simplelightbox\" rel=\"bc32bbdf7d1a0d365bad961b8d1ad64a\">\n\t\t\t\t\t\t\t\t<img\n\t\t\t\t\ttitle=\"Auray-Kerstran-juin-2015-008\"\n\t\t\t\t\talt=\"Auray-Kerstran-juin-2015-008\"\n\t\t\t\t\tsrc=\"https:\/\/www.aclanester56.com\/velo\/wp-content\/gallery\/kerstran-juin-2015-cadet\/thumbs\/thumbs_Auray-Kerstran-juin-2015-008.JPG?t=1434919324\"\n\t\t\t\t\twidth=\"100\"\n\t\t\t\t\theight=\"100\"\n\t\t\t\t\tstyle=\"max-width:100%;\"\n\t\t\t\t\/>\n\t\t\t<\/a>\n\t\t<\/div>\n\t\t\t\t\t\t\t<\/div>\n\t\t\t\n\t\t\t\t<div id=\"ngg-image-30\" class=\"ngg-gallery-thumbnail-box\n\t\t\t\t\t\t\t\t\t\t\t\"\n\t\t\t>\n\t\t\t\t\t\t<div class=\"ngg-gallery-thumbnail\">\n\t\t<a href=\"https:\/\/www.aclanester56.com\/velo\/wp-content\/gallery\/kerstran-juin-2015-cadet\/Auray-Kerstran-juin-2015-009.JPG?t=1434919327\"\n\t\t\ttitle=\"\"\n\t\t\tdata-src=\"https:\/\/www.aclanester56.com\/velo\/wp-content\/gallery\/kerstran-juin-2015-cadet\/Auray-Kerstran-juin-2015-009.JPG?t=1434919327\"\n\t\t\tdata-thumbnail=\"https:\/\/www.aclanester56.com\/velo\/wp-content\/gallery\/kerstran-juin-2015-cadet\/thumbs\/thumbs_Auray-Kerstran-juin-2015-009.JPG?t=1434919327\"\n\t\t\tdata-image-id=\"9139\"\n\t\t\tdata-image-name=\"Auray-Kerstran-juin-2015-009.JPG\"\n\t\t\tdata-title=\"Auray-Kerstran-juin-2015-009\"\n\t\t\tdata-description=\"\"\n\t\t\tdata-image-slug=\"auray-kerstran-juin-2015-009\"\n\t\t\t\t\t\t\t\t\t\t\t\t\t\t\t\t\t\t\t\tclass=\"ngg-simplelightbox\" rel=\"bc32bbdf7d1a0d365bad961b8d1ad64a\">\n\t\t\t\t\t\t\t\t<img\n\t\t\t\t\ttitle=\"Auray-Kerstran-juin-2015-009\"\n\t\t\t\t\talt=\"Auray-Kerstran-juin-2015-009\"\n\t\t\t\t\tsrc=\"https:\/\/www.aclanester56.com\/velo\/wp-content\/gallery\/kerstran-juin-2015-cadet\/thumbs\/thumbs_Auray-Kerstran-juin-2015-009.JPG?t=1434919327\"\n\t\t\t\t\twidth=\"100\"\n\t\t\t\t\theight=\"100\"\n\t\t\t\t\tstyle=\"max-width:100%;\"\n\t\t\t\t\/>\n\t\t\t<\/a>\n\t\t<\/div>\n\t\t\t\t\t\t\t<\/div>\n\t\t\t\n\t\t\t\t<div id=\"ngg-image-31\" class=\"ngg-gallery-thumbnail-box\n\t\t\t\t\t\t\t\t\t\t\t\"\n\t\t\t>\n\t\t\t\t\t\t<div class=\"ngg-gallery-thumbnail\">\n\t\t<a href=\"https:\/\/www.aclanester56.com\/velo\/wp-content\/gallery\/kerstran-juin-2015-cadet\/Auray-Kerstran-juin-2015-011.JPG?t=1434919329\"\n\t\t\ttitle=\"\"\n\t\t\tdata-src=\"https:\/\/www.aclanester56.com\/velo\/wp-content\/gallery\/kerstran-juin-2015-cadet\/Auray-Kerstran-juin-2015-011.JPG?t=1434919329\"\n\t\t\tdata-thumbnail=\"https:\/\/www.aclanester56.com\/velo\/wp-content\/gallery\/kerstran-juin-2015-cadet\/thumbs\/thumbs_Auray-Kerstran-juin-2015-011.JPG?t=1434919329\"\n\t\t\tdata-image-id=\"9140\"\n\t\t\tdata-image-name=\"Auray-Kerstran-juin-2015-011.JPG\"\n\t\t\tdata-title=\"Auray-Kerstran-juin-2015-011\"\n\t\t\tdata-description=\"\"\n\t\t\tdata-image-slug=\"auray-kerstran-juin-2015-011\"\n\t\t\t\t\t\t\t\t\t\t\t\t\t\t\t\t\t\t\t\tclass=\"ngg-simplelightbox\" rel=\"bc32bbdf7d1a0d365bad961b8d1ad64a\">\n\t\t\t\t\t\t\t\t<img\n\t\t\t\t\ttitle=\"Auray-Kerstran-juin-2015-011\"\n\t\t\t\t\talt=\"Auray-Kerstran-juin-2015-011\"\n\t\t\t\t\tsrc=\"https:\/\/www.aclanester56.com\/velo\/wp-content\/gallery\/kerstran-juin-2015-cadet\/thumbs\/thumbs_Auray-Kerstran-juin-2015-011.JPG?t=1434919329\"\n\t\t\t\t\twidth=\"100\"\n\t\t\t\t\theight=\"100\"\n\t\t\t\t\tstyle=\"max-width:100%;\"\n\t\t\t\t\/>\n\t\t\t<\/a>\n\t\t<\/div>\n\t\t\t\t\t\t\t<\/div>\n\t\t\t\n\t\t\t\t<div id=\"ngg-image-32\" class=\"ngg-gallery-thumbnail-box\n\t\t\t\t\t\t\t\t\t\t\t\"\n\t\t\t>\n\t\t\t\t\t\t<div class=\"ngg-gallery-thumbnail\">\n\t\t<a href=\"https:\/\/www.aclanester56.com\/velo\/wp-content\/gallery\/kerstran-juin-2015-cadet\/Auray-Kerstran-juin-2015-012.JPG?t=1434919331\"\n\t\t\ttitle=\"\"\n\t\t\tdata-src=\"https:\/\/www.aclanester56.com\/velo\/wp-content\/gallery\/kerstran-juin-2015-cadet\/Auray-Kerstran-juin-2015-012.JPG?t=1434919331\"\n\t\t\tdata-thumbnail=\"https:\/\/www.aclanester56.com\/velo\/wp-content\/gallery\/kerstran-juin-2015-cadet\/thumbs\/thumbs_Auray-Kerstran-juin-2015-012.JPG?t=1434919331\"\n\t\t\tdata-image-id=\"9141\"\n\t\t\tdata-image-name=\"Auray-Kerstran-juin-2015-012.JPG\"\n\t\t\tdata-title=\"Auray-Kerstran-juin-2015-012\"\n\t\t\tdata-description=\"\"\n\t\t\tdata-image-slug=\"auray-kerstran-juin-2015-012\"\n\t\t\t\t\t\t\t\t\t\t\t\t\t\t\t\t\t\t\t\tclass=\"ngg-simplelightbox\" rel=\"bc32bbdf7d1a0d365bad961b8d1ad64a\">\n\t\t\t\t\t\t\t\t<img\n\t\t\t\t\ttitle=\"Auray-Kerstran-juin-2015-012\"\n\t\t\t\t\talt=\"Auray-Kerstran-juin-2015-012\"\n\t\t\t\t\tsrc=\"https:\/\/www.aclanester56.com\/velo\/wp-content\/gallery\/kerstran-juin-2015-cadet\/thumbs\/thumbs_Auray-Kerstran-juin-2015-012.JPG?t=1434919331\"\n\t\t\t\t\twidth=\"100\"\n\t\t\t\t\theight=\"100\"\n\t\t\t\t\tstyle=\"max-width:100%;\"\n\t\t\t\t\/>\n\t\t\t<\/a>\n\t\t<\/div>\n\t\t\t\t\t\t\t<\/div>\n\t\t\t\n\t\t\t\t<div id=\"ngg-image-33\" class=\"ngg-gallery-thumbnail-box\n\t\t\t\t\t\t\t\t\t\t\t\"\n\t\t\t>\n\t\t\t\t\t\t<div class=\"ngg-gallery-thumbnail\">\n\t\t<a href=\"https:\/\/www.aclanester56.com\/velo\/wp-content\/gallery\/kerstran-juin-2015-cadet\/Auray-Kerstran-juin-2015-013.JPG?t=1434919334\"\n\t\t\ttitle=\"\"\n\t\t\tdata-src=\"https:\/\/www.aclanester56.com\/velo\/wp-content\/gallery\/kerstran-juin-2015-cadet\/Auray-Kerstran-juin-2015-013.JPG?t=1434919334\"\n\t\t\tdata-thumbnail=\"https:\/\/www.aclanester56.com\/velo\/wp-content\/gallery\/kerstran-juin-2015-cadet\/thumbs\/thumbs_Auray-Kerstran-juin-2015-013.JPG?t=1434919334\"\n\t\t\tdata-image-id=\"9142\"\n\t\t\tdata-image-name=\"Auray-Kerstran-juin-2015-013.JPG\"\n\t\t\tdata-title=\"Auray-Kerstran-juin-2015-013\"\n\t\t\tdata-description=\"\"\n\t\t\tdata-image-slug=\"auray-kerstran-juin-2015-013\"\n\t\t\t\t\t\t\t\t\t\t\t\t\t\t\t\t\t\t\t\tclass=\"ngg-simplelightbox\" rel=\"bc32bbdf7d1a0d365bad961b8d1ad64a\">\n\t\t\t\t\t\t\t\t<img\n\t\t\t\t\ttitle=\"Auray-Kerstran-juin-2015-013\"\n\t\t\t\t\talt=\"Auray-Kerstran-juin-2015-013\"\n\t\t\t\t\tsrc=\"https:\/\/www.aclanester56.com\/velo\/wp-content\/gallery\/kerstran-juin-2015-cadet\/thumbs\/thumbs_Auray-Kerstran-juin-2015-013.JPG?t=1434919334\"\n\t\t\t\t\twidth=\"100\"\n\t\t\t\t\theight=\"100\"\n\t\t\t\t\tstyle=\"max-width:100%;\"\n\t\t\t\t\/>\n\t\t\t<\/a>\n\t\t<\/div>\n\t\t\t\t\t\t\t<\/div>\n\t\t\t\n\t\t\t\t<div id=\"ngg-image-34\" class=\"ngg-gallery-thumbnail-box\n\t\t\t\t\t\t\t\t\t\t\t\"\n\t\t\t>\n\t\t\t\t\t\t<div class=\"ngg-gallery-thumbnail\">\n\t\t<a href=\"https:\/\/www.aclanester56.com\/velo\/wp-content\/gallery\/kerstran-juin-2015-cadet\/Auray-Kerstran-juin-2015-014.JPG?t=1434919336\"\n\t\t\ttitle=\"\"\n\t\t\tdata-src=\"https:\/\/www.aclanester56.com\/velo\/wp-content\/gallery\/kerstran-juin-2015-cadet\/Auray-Kerstran-juin-2015-014.JPG?t=1434919336\"\n\t\t\tdata-thumbnail=\"https:\/\/www.aclanester56.com\/velo\/wp-content\/gallery\/kerstran-juin-2015-cadet\/thumbs\/thumbs_Auray-Kerstran-juin-2015-014.JPG?t=1434919336\"\n\t\t\tdata-image-id=\"9143\"\n\t\t\tdata-image-name=\"Auray-Kerstran-juin-2015-014.JPG\"\n\t\t\tdata-title=\"Auray-Kerstran-juin-2015-014\"\n\t\t\tdata-description=\"\"\n\t\t\tdata-image-slug=\"auray-kerstran-juin-2015-014\"\n\t\t\t\t\t\t\t\t\t\t\t\t\t\t\t\t\t\t\t\tclass=\"ngg-simplelightbox\" rel=\"bc32bbdf7d1a0d365bad961b8d1ad64a\">\n\t\t\t\t\t\t\t\t<img\n\t\t\t\t\ttitle=\"Auray-Kerstran-juin-2015-014\"\n\t\t\t\t\talt=\"Auray-Kerstran-juin-2015-014\"\n\t\t\t\t\tsrc=\"https:\/\/www.aclanester56.com\/velo\/wp-content\/gallery\/kerstran-juin-2015-cadet\/thumbs\/thumbs_Auray-Kerstran-juin-2015-014.JPG?t=1434919336\"\n\t\t\t\t\twidth=\"100\"\n\t\t\t\t\theight=\"100\"\n\t\t\t\t\tstyle=\"max-width:100%;\"\n\t\t\t\t\/>\n\t\t\t<\/a>\n\t\t<\/div>\n\t\t\t\t\t\t\t<\/div>\n\t\t\t\n\t\t\t\t<div id=\"ngg-image-35\" class=\"ngg-gallery-thumbnail-box\n\t\t\t\t\t\t\t\t\t\t\t\"\n\t\t\t>\n\t\t\t\t\t\t<div class=\"ngg-gallery-thumbnail\">\n\t\t<a href=\"https:\/\/www.aclanester56.com\/velo\/wp-content\/gallery\/kerstran-juin-2015-cadet\/Auray-Kerstran-juin-2015-015.JPG?t=1434919338\"\n\t\t\ttitle=\"\"\n\t\t\tdata-src=\"https:\/\/www.aclanester56.com\/velo\/wp-content\/gallery\/kerstran-juin-2015-cadet\/Auray-Kerstran-juin-2015-015.JPG?t=1434919338\"\n\t\t\tdata-thumbnail=\"https:\/\/www.aclanester56.com\/velo\/wp-content\/gallery\/kerstran-juin-2015-cadet\/thumbs\/thumbs_Auray-Kerstran-juin-2015-015.JPG?t=1434919338\"\n\t\t\tdata-image-id=\"9144\"\n\t\t\tdata-image-name=\"Auray-Kerstran-juin-2015-015.JPG\"\n\t\t\tdata-title=\"Auray-Kerstran-juin-2015-015\"\n\t\t\tdata-description=\"\"\n\t\t\tdata-image-slug=\"auray-kerstran-juin-2015-015\"\n\t\t\t\t\t\t\t\t\t\t\t\t\t\t\t\t\t\t\t\tclass=\"ngg-simplelightbox\" rel=\"bc32bbdf7d1a0d365bad961b8d1ad64a\">\n\t\t\t\t\t\t\t\t<img\n\t\t\t\t\ttitle=\"Auray-Kerstran-juin-2015-015\"\n\t\t\t\t\talt=\"Auray-Kerstran-juin-2015-015\"\n\t\t\t\t\tsrc=\"https:\/\/www.aclanester56.com\/velo\/wp-content\/gallery\/kerstran-juin-2015-cadet\/thumbs\/thumbs_Auray-Kerstran-juin-2015-015.JPG?t=1434919338\"\n\t\t\t\t\twidth=\"100\"\n\t\t\t\t\theight=\"100\"\n\t\t\t\t\tstyle=\"max-width:100%;\"\n\t\t\t\t\/>\n\t\t\t<\/a>\n\t\t<\/div>\n\t\t\t\t\t\t\t<\/div>\n\t\t\t\n\t\t\t\t<div id=\"ngg-image-36\" class=\"ngg-gallery-thumbnail-box\n\t\t\t\t\t\t\t\t\t\t\t\"\n\t\t\t>\n\t\t\t\t\t\t<div class=\"ngg-gallery-thumbnail\">\n\t\t<a href=\"https:\/\/www.aclanester56.com\/velo\/wp-content\/gallery\/kerstran-juin-2015-cadet\/Auray-Kerstran-juin-2015-001.JPG?t=1598627056\"\n\t\t\ttitle=\"\"\n\t\t\tdata-src=\"https:\/\/www.aclanester56.com\/velo\/wp-content\/gallery\/kerstran-juin-2015-cadet\/Auray-Kerstran-juin-2015-001.JPG?t=1598627056\"\n\t\t\tdata-thumbnail=\"https:\/\/www.aclanester56.com\/velo\/wp-content\/gallery\/kerstran-juin-2015-cadet\/thumbs\/thumbs_Auray-Kerstran-juin-2015-001.JPG?t=1598627056\"\n\t\t\tdata-image-id=\"9133\"\n\t\t\tdata-image-name=\"Auray-Kerstran-juin-2015-001.JPG\"\n\t\t\tdata-title=\"Auray-Kerstran-juin-2015-001\"\n\t\t\tdata-description=\"\"\n\t\t\tdata-image-slug=\"auray-kerstran-juin-2015-001\"\n\t\t\t\t\t\t\t\t\t\t\t\t\t\t\t\t\t\t\t\tclass=\"ngg-simplelightbox\" rel=\"bc32bbdf7d1a0d365bad961b8d1ad64a\">\n\t\t\t\t\t\t\t\t<img\n\t\t\t\t\ttitle=\"Auray-Kerstran-juin-2015-001\"\n\t\t\t\t\talt=\"Auray-Kerstran-juin-2015-001\"\n\t\t\t\t\tsrc=\"https:\/\/www.aclanester56.com\/velo\/wp-content\/gallery\/kerstran-juin-2015-cadet\/thumbs\/thumbs_Auray-Kerstran-juin-2015-001.JPG?t=1598627056\"\n\t\t\t\t\twidth=\"100\"\n\t\t\t\t\theight=\"100\"\n\t\t\t\t\tstyle=\"max-width:100%;\"\n\t\t\t\t\/>\n\t\t\t<\/a>\n\t\t<\/div>\n\t\t\t\t\t\t\t<\/div>\n\t\t\t\n\t\t\t\t<div id=\"ngg-image-37\" class=\"ngg-gallery-thumbnail-box\n\t\t\t\t\t\t\t\t\t\t\t\"\n\t\t\t>\n\t\t\t\t\t\t<div class=\"ngg-gallery-thumbnail\">\n\t\t<a href=\"https:\/\/www.aclanester56.com\/velo\/wp-content\/gallery\/kerstran-juin-2015-cadet\/Auray-Kerstran-juin-2015-019.JPG?t=1434919342\"\n\t\t\ttitle=\"\"\n\t\t\tdata-src=\"https:\/\/www.aclanester56.com\/velo\/wp-content\/gallery\/kerstran-juin-2015-cadet\/Auray-Kerstran-juin-2015-019.JPG?t=1434919342\"\n\t\t\tdata-thumbnail=\"https:\/\/www.aclanester56.com\/velo\/wp-content\/gallery\/kerstran-juin-2015-cadet\/thumbs\/thumbs_Auray-Kerstran-juin-2015-019.JPG?t=1434919342\"\n\t\t\tdata-image-id=\"9146\"\n\t\t\tdata-image-name=\"Auray-Kerstran-juin-2015-019.JPG\"\n\t\t\tdata-title=\"Auray-Kerstran-juin-2015-019\"\n\t\t\tdata-description=\"\"\n\t\t\tdata-image-slug=\"auray-kerstran-juin-2015-019\"\n\t\t\t\t\t\t\t\t\t\t\t\t\t\t\t\t\t\t\t\tclass=\"ngg-simplelightbox\" rel=\"bc32bbdf7d1a0d365bad961b8d1ad64a\">\n\t\t\t\t\t\t\t\t<img\n\t\t\t\t\ttitle=\"Auray-Kerstran-juin-2015-019\"\n\t\t\t\t\talt=\"Auray-Kerstran-juin-2015-019\"\n\t\t\t\t\tsrc=\"https:\/\/www.aclanester56.com\/velo\/wp-content\/gallery\/kerstran-juin-2015-cadet\/thumbs\/thumbs_Auray-Kerstran-juin-2015-019.JPG?t=1434919342\"\n\t\t\t\t\twidth=\"100\"\n\t\t\t\t\theight=\"100\"\n\t\t\t\t\tstyle=\"max-width:100%;\"\n\t\t\t\t\/>\n\t\t\t<\/a>\n\t\t<\/div>\n\t\t\t\t\t\t\t<\/div>\n\t\t\t\n\t\t\t\t<div id=\"ngg-image-38\" class=\"ngg-gallery-thumbnail-box\n\t\t\t\t\t\t\t\t\t\t\t\"\n\t\t\t>\n\t\t\t\t\t\t<div class=\"ngg-gallery-thumbnail\">\n\t\t<a href=\"https:\/\/www.aclanester56.com\/velo\/wp-content\/gallery\/kerstran-juin-2015-cadet\/Auray-Kerstran-juin-2015-020.JPG?t=1434919344\"\n\t\t\ttitle=\"\"\n\t\t\tdata-src=\"https:\/\/www.aclanester56.com\/velo\/wp-content\/gallery\/kerstran-juin-2015-cadet\/Auray-Kerstran-juin-2015-020.JPG?t=1434919344\"\n\t\t\tdata-thumbnail=\"https:\/\/www.aclanester56.com\/velo\/wp-content\/gallery\/kerstran-juin-2015-cadet\/thumbs\/thumbs_Auray-Kerstran-juin-2015-020.JPG?t=1434919344\"\n\t\t\tdata-image-id=\"9147\"\n\t\t\tdata-image-name=\"Auray-Kerstran-juin-2015-020.JPG\"\n\t\t\tdata-title=\"Auray-Kerstran-juin-2015-020\"\n\t\t\tdata-description=\"\"\n\t\t\tdata-image-slug=\"auray-kerstran-juin-2015-020\"\n\t\t\t\t\t\t\t\t\t\t\t\t\t\t\t\t\t\t\t\tclass=\"ngg-simplelightbox\" rel=\"bc32bbdf7d1a0d365bad961b8d1ad64a\">\n\t\t\t\t\t\t\t\t<img\n\t\t\t\t\ttitle=\"Auray-Kerstran-juin-2015-020\"\n\t\t\t\t\talt=\"Auray-Kerstran-juin-2015-020\"\n\t\t\t\t\tsrc=\"https:\/\/www.aclanester56.com\/velo\/wp-content\/gallery\/kerstran-juin-2015-cadet\/thumbs\/thumbs_Auray-Kerstran-juin-2015-020.JPG?t=1434919344\"\n\t\t\t\t\twidth=\"100\"\n\t\t\t\t\theight=\"100\"\n\t\t\t\t\tstyle=\"max-width:100%;\"\n\t\t\t\t\/>\n\t\t\t<\/a>\n\t\t<\/div>\n\t\t\t\t\t\t\t<\/div>\n\t\t\t\n\t\t\t\t<div id=\"ngg-image-39\" class=\"ngg-gallery-thumbnail-box\n\t\t\t\t\t\t\t\t\t\t\t\"\n\t\t\t>\n\t\t\t\t\t\t<div class=\"ngg-gallery-thumbnail\">\n\t\t<a href=\"https:\/\/www.aclanester56.com\/velo\/wp-content\/gallery\/kerstran-juin-2015-cadet\/Auray-Kerstran-juin-2015-021.JPG?t=1434919346\"\n\t\t\ttitle=\"\"\n\t\t\tdata-src=\"https:\/\/www.aclanester56.com\/velo\/wp-content\/gallery\/kerstran-juin-2015-cadet\/Auray-Kerstran-juin-2015-021.JPG?t=1434919346\"\n\t\t\tdata-thumbnail=\"https:\/\/www.aclanester56.com\/velo\/wp-content\/gallery\/kerstran-juin-2015-cadet\/thumbs\/thumbs_Auray-Kerstran-juin-2015-021.JPG?t=1434919346\"\n\t\t\tdata-image-id=\"9148\"\n\t\t\tdata-image-name=\"Auray-Kerstran-juin-2015-021.JPG\"\n\t\t\tdata-title=\"Auray-Kerstran-juin-2015-021\"\n\t\t\tdata-description=\"\"\n\t\t\tdata-image-slug=\"auray-kerstran-juin-2015-021\"\n\t\t\t\t\t\t\t\t\t\t\t\t\t\t\t\t\t\t\t\tclass=\"ngg-simplelightbox\" rel=\"bc32bbdf7d1a0d365bad961b8d1ad64a\">\n\t\t\t\t\t\t\t\t<img\n\t\t\t\t\ttitle=\"Auray-Kerstran-juin-2015-021\"\n\t\t\t\t\talt=\"Auray-Kerstran-juin-2015-021\"\n\t\t\t\t\tsrc=\"https:\/\/www.aclanester56.com\/velo\/wp-content\/gallery\/kerstran-juin-2015-cadet\/thumbs\/thumbs_Auray-Kerstran-juin-2015-021.JPG?t=1434919346\"\n\t\t\t\t\twidth=\"100\"\n\t\t\t\t\theight=\"100\"\n\t\t\t\t\tstyle=\"max-width:100%;\"\n\t\t\t\t\/>\n\t\t\t<\/a>\n\t\t<\/div>\n\t\t\t\t\t\t\t<\/div>\n\t\t\t\n\t\t\t\t<div id=\"ngg-image-40\" class=\"ngg-gallery-thumbnail-box\n\t\t\t\t\t\t\t\t\t\t\t\"\n\t\t\t>\n\t\t\t\t\t\t<div class=\"ngg-gallery-thumbnail\">\n\t\t<a href=\"https:\/\/www.aclanester56.com\/velo\/wp-content\/gallery\/kerstran-juin-2015-cadet\/Auray-Kerstran-juin-2015-022.JPG?t=1434919348\"\n\t\t\ttitle=\"\"\n\t\t\tdata-src=\"https:\/\/www.aclanester56.com\/velo\/wp-content\/gallery\/kerstran-juin-2015-cadet\/Auray-Kerstran-juin-2015-022.JPG?t=1434919348\"\n\t\t\tdata-thumbnail=\"https:\/\/www.aclanester56.com\/velo\/wp-content\/gallery\/kerstran-juin-2015-cadet\/thumbs\/thumbs_Auray-Kerstran-juin-2015-022.JPG?t=1434919348\"\n\t\t\tdata-image-id=\"9149\"\n\t\t\tdata-image-name=\"Auray-Kerstran-juin-2015-022.JPG\"\n\t\t\tdata-title=\"Auray-Kerstran-juin-2015-022\"\n\t\t\tdata-description=\"\"\n\t\t\tdata-image-slug=\"auray-kerstran-juin-2015-022\"\n\t\t\t\t\t\t\t\t\t\t\t\t\t\t\t\t\t\t\t\tclass=\"ngg-simplelightbox\" rel=\"bc32bbdf7d1a0d365bad961b8d1ad64a\">\n\t\t\t\t\t\t\t\t<img\n\t\t\t\t\ttitle=\"Auray-Kerstran-juin-2015-022\"\n\t\t\t\t\talt=\"Auray-Kerstran-juin-2015-022\"\n\t\t\t\t\tsrc=\"https:\/\/www.aclanester56.com\/velo\/wp-content\/gallery\/kerstran-juin-2015-cadet\/thumbs\/thumbs_Auray-Kerstran-juin-2015-022.JPG?t=1434919348\"\n\t\t\t\t\twidth=\"100\"\n\t\t\t\t\theight=\"100\"\n\t\t\t\t\tstyle=\"max-width:100%;\"\n\t\t\t\t\/>\n\t\t\t<\/a>\n\t\t<\/div>\n\t\t\t\t\t\t\t<\/div>\n\t\t\t\n\t\t\t\t<div id=\"ngg-image-41\" class=\"ngg-gallery-thumbnail-box\n\t\t\t\t\t\t\t\t\t\t\t\"\n\t\t\t>\n\t\t\t\t\t\t<div class=\"ngg-gallery-thumbnail\">\n\t\t<a href=\"https:\/\/www.aclanester56.com\/velo\/wp-content\/gallery\/kerstran-juin-2015-cadet\/Auray-Kerstran-juin-2015-023.JPG?t=1434919350\"\n\t\t\ttitle=\"\"\n\t\t\tdata-src=\"https:\/\/www.aclanester56.com\/velo\/wp-content\/gallery\/kerstran-juin-2015-cadet\/Auray-Kerstran-juin-2015-023.JPG?t=1434919350\"\n\t\t\tdata-thumbnail=\"https:\/\/www.aclanester56.com\/velo\/wp-content\/gallery\/kerstran-juin-2015-cadet\/thumbs\/thumbs_Auray-Kerstran-juin-2015-023.JPG?t=1434919350\"\n\t\t\tdata-image-id=\"9150\"\n\t\t\tdata-image-name=\"Auray-Kerstran-juin-2015-023.JPG\"\n\t\t\tdata-title=\"Auray-Kerstran-juin-2015-023\"\n\t\t\tdata-description=\"\"\n\t\t\tdata-image-slug=\"auray-kerstran-juin-2015-023\"\n\t\t\t\t\t\t\t\t\t\t\t\t\t\t\t\t\t\t\t\tclass=\"ngg-simplelightbox\" rel=\"bc32bbdf7d1a0d365bad961b8d1ad64a\">\n\t\t\t\t\t\t\t\t<img\n\t\t\t\t\ttitle=\"Auray-Kerstran-juin-2015-023\"\n\t\t\t\t\talt=\"Auray-Kerstran-juin-2015-023\"\n\t\t\t\t\tsrc=\"https:\/\/www.aclanester56.com\/velo\/wp-content\/gallery\/kerstran-juin-2015-cadet\/thumbs\/thumbs_Auray-Kerstran-juin-2015-023.JPG?t=1434919350\"\n\t\t\t\t\twidth=\"100\"\n\t\t\t\t\theight=\"100\"\n\t\t\t\t\tstyle=\"max-width:100%;\"\n\t\t\t\t\/>\n\t\t\t<\/a>\n\t\t<\/div>\n\t\t\t\t\t\t\t<\/div>\n\t\t\t\n\t\t\t\t<div id=\"ngg-image-42\" class=\"ngg-gallery-thumbnail-box\n\t\t\t\t\t\t\t\t\t\t\t\"\n\t\t\t>\n\t\t\t\t\t\t<div class=\"ngg-gallery-thumbnail\">\n\t\t<a href=\"https:\/\/www.aclanester56.com\/velo\/wp-content\/gallery\/kerstran-juin-2015-cadet\/Auray-Kerstran-juin-2015-025.JPG?t=1434919352\"\n\t\t\ttitle=\"\"\n\t\t\tdata-src=\"https:\/\/www.aclanester56.com\/velo\/wp-content\/gallery\/kerstran-juin-2015-cadet\/Auray-Kerstran-juin-2015-025.JPG?t=1434919352\"\n\t\t\tdata-thumbnail=\"https:\/\/www.aclanester56.com\/velo\/wp-content\/gallery\/kerstran-juin-2015-cadet\/thumbs\/thumbs_Auray-Kerstran-juin-2015-025.JPG?t=1434919352\"\n\t\t\tdata-image-id=\"9151\"\n\t\t\tdata-image-name=\"Auray-Kerstran-juin-2015-025.JPG\"\n\t\t\tdata-title=\"Auray-Kerstran-juin-2015-025\"\n\t\t\tdata-description=\"\"\n\t\t\tdata-image-slug=\"auray-kerstran-juin-2015-025\"\n\t\t\t\t\t\t\t\t\t\t\t\t\t\t\t\t\t\t\t\tclass=\"ngg-simplelightbox\" rel=\"bc32bbdf7d1a0d365bad961b8d1ad64a\">\n\t\t\t\t\t\t\t\t<img\n\t\t\t\t\ttitle=\"Auray-Kerstran-juin-2015-025\"\n\t\t\t\t\talt=\"Auray-Kerstran-juin-2015-025\"\n\t\t\t\t\tsrc=\"https:\/\/www.aclanester56.com\/velo\/wp-content\/gallery\/kerstran-juin-2015-cadet\/thumbs\/thumbs_Auray-Kerstran-juin-2015-025.JPG?t=1434919352\"\n\t\t\t\t\twidth=\"100\"\n\t\t\t\t\theight=\"100\"\n\t\t\t\t\tstyle=\"max-width:100%;\"\n\t\t\t\t\/>\n\t\t\t<\/a>\n\t\t<\/div>\n\t\t\t\t\t\t\t<\/div>\n\t\t\t\n\t\t\t\t<div id=\"ngg-image-43\" class=\"ngg-gallery-thumbnail-box\n\t\t\t\t\t\t\t\t\t\t\t\"\n\t\t\t>\n\t\t\t\t\t\t<div class=\"ngg-gallery-thumbnail\">\n\t\t<a href=\"https:\/\/www.aclanester56.com\/velo\/wp-content\/gallery\/kerstran-juin-2015-cadet\/Auray-Kerstran-juin-2015-026.JPG?t=1434919355\"\n\t\t\ttitle=\"\"\n\t\t\tdata-src=\"https:\/\/www.aclanester56.com\/velo\/wp-content\/gallery\/kerstran-juin-2015-cadet\/Auray-Kerstran-juin-2015-026.JPG?t=1434919355\"\n\t\t\tdata-thumbnail=\"https:\/\/www.aclanester56.com\/velo\/wp-content\/gallery\/kerstran-juin-2015-cadet\/thumbs\/thumbs_Auray-Kerstran-juin-2015-026.JPG?t=1434919355\"\n\t\t\tdata-image-id=\"9152\"\n\t\t\tdata-image-name=\"Auray-Kerstran-juin-2015-026.JPG\"\n\t\t\tdata-title=\"Auray-Kerstran-juin-2015-026\"\n\t\t\tdata-description=\"\"\n\t\t\tdata-image-slug=\"auray-kerstran-juin-2015-026\"\n\t\t\t\t\t\t\t\t\t\t\t\t\t\t\t\t\t\t\t\tclass=\"ngg-simplelightbox\" rel=\"bc32bbdf7d1a0d365bad961b8d1ad64a\">\n\t\t\t\t\t\t\t\t<img\n\t\t\t\t\ttitle=\"Auray-Kerstran-juin-2015-026\"\n\t\t\t\t\talt=\"Auray-Kerstran-juin-2015-026\"\n\t\t\t\t\tsrc=\"https:\/\/www.aclanester56.com\/velo\/wp-content\/gallery\/kerstran-juin-2015-cadet\/thumbs\/thumbs_Auray-Kerstran-juin-2015-026.JPG?t=1434919355\"\n\t\t\t\t\twidth=\"100\"\n\t\t\t\t\theight=\"100\"\n\t\t\t\t\tstyle=\"max-width:100%;\"\n\t\t\t\t\/>\n\t\t\t<\/a>\n\t\t<\/div>\n\t\t\t\t\t\t\t<\/div>\n\t\t\t\n\t\t\t\t<div id=\"ngg-image-44\" class=\"ngg-gallery-thumbnail-box\n\t\t\t\t\t\t\t\t\t\t\t\"\n\t\t\t>\n\t\t\t\t\t\t<div class=\"ngg-gallery-thumbnail\">\n\t\t<a href=\"https:\/\/www.aclanester56.com\/velo\/wp-content\/gallery\/kerstran-juin-2015-cadet\/Auray-Kerstran-juin-2015-027.JPG?t=1434919357\"\n\t\t\ttitle=\"\"\n\t\t\tdata-src=\"https:\/\/www.aclanester56.com\/velo\/wp-content\/gallery\/kerstran-juin-2015-cadet\/Auray-Kerstran-juin-2015-027.JPG?t=1434919357\"\n\t\t\tdata-thumbnail=\"https:\/\/www.aclanester56.com\/velo\/wp-content\/gallery\/kerstran-juin-2015-cadet\/thumbs\/thumbs_Auray-Kerstran-juin-2015-027.JPG?t=1434919357\"\n\t\t\tdata-image-id=\"9153\"\n\t\t\tdata-image-name=\"Auray-Kerstran-juin-2015-027.JPG\"\n\t\t\tdata-title=\"Auray-Kerstran-juin-2015-027\"\n\t\t\tdata-description=\"\"\n\t\t\tdata-image-slug=\"auray-kerstran-juin-2015-027\"\n\t\t\t\t\t\t\t\t\t\t\t\t\t\t\t\t\t\t\t\tclass=\"ngg-simplelightbox\" rel=\"bc32bbdf7d1a0d365bad961b8d1ad64a\">\n\t\t\t\t\t\t\t\t<img\n\t\t\t\t\ttitle=\"Auray-Kerstran-juin-2015-027\"\n\t\t\t\t\talt=\"Auray-Kerstran-juin-2015-027\"\n\t\t\t\t\tsrc=\"https:\/\/www.aclanester56.com\/velo\/wp-content\/gallery\/kerstran-juin-2015-cadet\/thumbs\/thumbs_Auray-Kerstran-juin-2015-027.JPG?t=1434919357\"\n\t\t\t\t\twidth=\"100\"\n\t\t\t\t\theight=\"100\"\n\t\t\t\t\tstyle=\"max-width:100%;\"\n\t\t\t\t\/>\n\t\t\t<\/a>\n\t\t<\/div>\n\t\t\t\t\t\t\t<\/div>\n\t\t\t\n\t\t\t\t<div id=\"ngg-image-45\" class=\"ngg-gallery-thumbnail-box\n\t\t\t\t\t\t\t\t\t\t\t\"\n\t\t\t>\n\t\t\t\t\t\t<div class=\"ngg-gallery-thumbnail\">\n\t\t<a href=\"https:\/\/www.aclanester56.com\/velo\/wp-content\/gallery\/kerstran-juin-2015-cadet\/Auray-Kerstran-juin-2015-028.JPG?t=1434919362\"\n\t\t\ttitle=\"\"\n\t\t\tdata-src=\"https:\/\/www.aclanester56.com\/velo\/wp-content\/gallery\/kerstran-juin-2015-cadet\/Auray-Kerstran-juin-2015-028.JPG?t=1434919362\"\n\t\t\tdata-thumbnail=\"https:\/\/www.aclanester56.com\/velo\/wp-content\/gallery\/kerstran-juin-2015-cadet\/thumbs\/thumbs_Auray-Kerstran-juin-2015-028.JPG?t=1434919362\"\n\t\t\tdata-image-id=\"9154\"\n\t\t\tdata-image-name=\"Auray-Kerstran-juin-2015-028.JPG\"\n\t\t\tdata-title=\"Auray-Kerstran-juin-2015-028\"\n\t\t\tdata-description=\"\"\n\t\t\tdata-image-slug=\"auray-kerstran-juin-2015-028\"\n\t\t\t\t\t\t\t\t\t\t\t\t\t\t\t\t\t\t\t\tclass=\"ngg-simplelightbox\" rel=\"bc32bbdf7d1a0d365bad961b8d1ad64a\">\n\t\t\t\t\t\t\t\t<img\n\t\t\t\t\ttitle=\"Auray-Kerstran-juin-2015-028\"\n\t\t\t\t\talt=\"Auray-Kerstran-juin-2015-028\"\n\t\t\t\t\tsrc=\"https:\/\/www.aclanester56.com\/velo\/wp-content\/gallery\/kerstran-juin-2015-cadet\/thumbs\/thumbs_Auray-Kerstran-juin-2015-028.JPG?t=1434919362\"\n\t\t\t\t\twidth=\"100\"\n\t\t\t\t\theight=\"100\"\n\t\t\t\t\tstyle=\"max-width:100%;\"\n\t\t\t\t\/>\n\t\t\t<\/a>\n\t\t<\/div>\n\t\t\t\t\t\t\t<\/div>\n\t\t\t\n\t\t\t\t<div id=\"ngg-image-46\" class=\"ngg-gallery-thumbnail-box\n\t\t\t\t\t\t\t\t\t\t\t\"\n\t\t\t>\n\t\t\t\t\t\t<div class=\"ngg-gallery-thumbnail\">\n\t\t<a href=\"https:\/\/www.aclanester56.com\/velo\/wp-content\/gallery\/kerstran-juin-2015-cadet\/Auray-Kerstran-juin-2015-030.JPG?t=1434919365\"\n\t\t\ttitle=\"\"\n\t\t\tdata-src=\"https:\/\/www.aclanester56.com\/velo\/wp-content\/gallery\/kerstran-juin-2015-cadet\/Auray-Kerstran-juin-2015-030.JPG?t=1434919365\"\n\t\t\tdata-thumbnail=\"https:\/\/www.aclanester56.com\/velo\/wp-content\/gallery\/kerstran-juin-2015-cadet\/thumbs\/thumbs_Auray-Kerstran-juin-2015-030.JPG?t=1434919365\"\n\t\t\tdata-image-id=\"9155\"\n\t\t\tdata-image-name=\"Auray-Kerstran-juin-2015-030.JPG\"\n\t\t\tdata-title=\"Auray-Kerstran-juin-2015-030\"\n\t\t\tdata-description=\"\"\n\t\t\tdata-image-slug=\"auray-kerstran-juin-2015-030\"\n\t\t\t\t\t\t\t\t\t\t\t\t\t\t\t\t\t\t\t\tclass=\"ngg-simplelightbox\" rel=\"bc32bbdf7d1a0d365bad961b8d1ad64a\">\n\t\t\t\t\t\t\t\t<img\n\t\t\t\t\ttitle=\"Auray-Kerstran-juin-2015-030\"\n\t\t\t\t\talt=\"Auray-Kerstran-juin-2015-030\"\n\t\t\t\t\tsrc=\"https:\/\/www.aclanester56.com\/velo\/wp-content\/gallery\/kerstran-juin-2015-cadet\/thumbs\/thumbs_Auray-Kerstran-juin-2015-030.JPG?t=1434919365\"\n\t\t\t\t\twidth=\"100\"\n\t\t\t\t\theight=\"100\"\n\t\t\t\t\tstyle=\"max-width:100%;\"\n\t\t\t\t\/>\n\t\t\t<\/a>\n\t\t<\/div>\n\t\t\t\t\t\t\t<\/div>\n\t\t\t\n\t\n\t<br style=\"clear: both\" \/>\n\n\t\n\t\t<div class=\"ngg-clear\"><\/div>\n\t<\/div>\n<\/p>\n<p>Juniors :<\/p>\n<p><!-- default-view.php -->\n<div\n\tclass=\"ngg-galleryoverview default-view\n\t ngg-ajax-pagination-none\t\"\n\tid=\"ngg-gallery-c0120893db30ceaf565b3164804cb4ab-1\"\n\tdata-nextgen-gallery-id=\"234\"\n\tdata-gallery-id=\"234\"\n\t\tdata-gallery-name=\"Kerstran-Juin-2015-Juniors\"\n\t>\n\n\t\t<!-- Thumbnails -->\n\t\t\t\t<div id=\"ngg-image-0\" class=\"ngg-gallery-thumbnail-box\n\t\t\t\t\t\t\t\t\t\t\t\"\n\t\t\t>\n\t\t\t\t\t\t<div class=\"ngg-gallery-thumbnail\">\n\t\t<a href=\"https:\/\/www.aclanester56.com\/velo\/wp-content\/gallery\/kerstran-juin-2015-juniors\/Auray-Kerstran-juin-2015-089.JPG?t=1434919492\"\n\t\t\ttitle=\"\"\n\t\t\tdata-src=\"https:\/\/www.aclanester56.com\/velo\/wp-content\/gallery\/kerstran-juin-2015-juniors\/Auray-Kerstran-juin-2015-089.JPG?t=1434919492\"\n\t\t\tdata-thumbnail=\"https:\/\/www.aclanester56.com\/velo\/wp-content\/gallery\/kerstran-juin-2015-juniors\/thumbs\/thumbs_Auray-Kerstran-juin-2015-089.JPG?t=1434919492\"\n\t\t\tdata-image-id=\"9226\"\n\t\t\tdata-image-name=\"Auray-Kerstran-juin-2015-089.JPG\"\n\t\t\tdata-title=\"Auray-Kerstran-juin-2015-089\"\n\t\t\tdata-description=\"\"\n\t\t\tdata-image-slug=\"auray-kerstran-juin-2015-089\"\n\t\t\t\t\t\t\t\t\t\t\t\t\t\t\t\t\t\t\t\tclass=\"ngg-simplelightbox\" rel=\"c0120893db30ceaf565b3164804cb4ab\">\n\t\t\t\t\t\t\t\t<img\n\t\t\t\t\ttitle=\"Auray-Kerstran-juin-2015-089\"\n\t\t\t\t\talt=\"Auray-Kerstran-juin-2015-089\"\n\t\t\t\t\tsrc=\"https:\/\/www.aclanester56.com\/velo\/wp-content\/gallery\/kerstran-juin-2015-juniors\/thumbs\/thumbs_Auray-Kerstran-juin-2015-089.JPG?t=1434919492\"\n\t\t\t\t\twidth=\"100\"\n\t\t\t\t\theight=\"100\"\n\t\t\t\t\tstyle=\"max-width:100%;\"\n\t\t\t\t\/>\n\t\t\t<\/a>\n\t\t<\/div>\n\t\t\t\t\t\t\t<\/div>\n\t\t\t\n\t\t\t\t<div id=\"ngg-image-1\" class=\"ngg-gallery-thumbnail-box\n\t\t\t\t\t\t\t\t\t\t\t\"\n\t\t\t>\n\t\t\t\t\t\t<div class=\"ngg-gallery-thumbnail\">\n\t\t<a href=\"https:\/\/www.aclanester56.com\/velo\/wp-content\/gallery\/kerstran-juin-2015-juniors\/Auray-Kerstran-juin-2015-103.JPG?t=1434919515\"\n\t\t\ttitle=\"\"\n\t\t\tdata-src=\"https:\/\/www.aclanester56.com\/velo\/wp-content\/gallery\/kerstran-juin-2015-juniors\/Auray-Kerstran-juin-2015-103.JPG?t=1434919515\"\n\t\t\tdata-thumbnail=\"https:\/\/www.aclanester56.com\/velo\/wp-content\/gallery\/kerstran-juin-2015-juniors\/thumbs\/thumbs_Auray-Kerstran-juin-2015-103.JPG?t=1434919515\"\n\t\t\tdata-image-id=\"9235\"\n\t\t\tdata-image-name=\"Auray-Kerstran-juin-2015-103.JPG\"\n\t\t\tdata-title=\"Auray-Kerstran-juin-2015-103\"\n\t\t\tdata-description=\"\"\n\t\t\tdata-image-slug=\"auray-kerstran-juin-2015-103\"\n\t\t\t\t\t\t\t\t\t\t\t\t\t\t\t\t\t\t\t\tclass=\"ngg-simplelightbox\" rel=\"c0120893db30ceaf565b3164804cb4ab\">\n\t\t\t\t\t\t\t\t<img\n\t\t\t\t\ttitle=\"Auray-Kerstran-juin-2015-103\"\n\t\t\t\t\talt=\"Auray-Kerstran-juin-2015-103\"\n\t\t\t\t\tsrc=\"https:\/\/www.aclanester56.com\/velo\/wp-content\/gallery\/kerstran-juin-2015-juniors\/thumbs\/thumbs_Auray-Kerstran-juin-2015-103.JPG?t=1434919515\"\n\t\t\t\t\twidth=\"100\"\n\t\t\t\t\theight=\"100\"\n\t\t\t\t\tstyle=\"max-width:100%;\"\n\t\t\t\t\/>\n\t\t\t<\/a>\n\t\t<\/div>\n\t\t\t\t\t\t\t<\/div>\n\t\t\t\n\t\t\t\t<div id=\"ngg-image-2\" class=\"ngg-gallery-thumbnail-box\n\t\t\t\t\t\t\t\t\t\t\t\"\n\t\t\t>\n\t\t\t\t\t\t<div class=\"ngg-gallery-thumbnail\">\n\t\t<a href=\"https:\/\/www.aclanester56.com\/velo\/wp-content\/gallery\/kerstran-juin-2015-juniors\/Auray-Kerstran-juin-2015-102.JPG?t=1434919512\"\n\t\t\ttitle=\"\"\n\t\t\tdata-src=\"https:\/\/www.aclanester56.com\/velo\/wp-content\/gallery\/kerstran-juin-2015-juniors\/Auray-Kerstran-juin-2015-102.JPG?t=1434919512\"\n\t\t\tdata-thumbnail=\"https:\/\/www.aclanester56.com\/velo\/wp-content\/gallery\/kerstran-juin-2015-juniors\/thumbs\/thumbs_Auray-Kerstran-juin-2015-102.JPG?t=1434919512\"\n\t\t\tdata-image-id=\"9234\"\n\t\t\tdata-image-name=\"Auray-Kerstran-juin-2015-102.JPG\"\n\t\t\tdata-title=\"Auray-Kerstran-juin-2015-102\"\n\t\t\tdata-description=\"\"\n\t\t\tdata-image-slug=\"auray-kerstran-juin-2015-102\"\n\t\t\t\t\t\t\t\t\t\t\t\t\t\t\t\t\t\t\t\tclass=\"ngg-simplelightbox\" rel=\"c0120893db30ceaf565b3164804cb4ab\">\n\t\t\t\t\t\t\t\t<img\n\t\t\t\t\ttitle=\"Auray-Kerstran-juin-2015-102\"\n\t\t\t\t\talt=\"Auray-Kerstran-juin-2015-102\"\n\t\t\t\t\tsrc=\"https:\/\/www.aclanester56.com\/velo\/wp-content\/gallery\/kerstran-juin-2015-juniors\/thumbs\/thumbs_Auray-Kerstran-juin-2015-102.JPG?t=1434919512\"\n\t\t\t\t\twidth=\"100\"\n\t\t\t\t\theight=\"100\"\n\t\t\t\t\tstyle=\"max-width:100%;\"\n\t\t\t\t\/>\n\t\t\t<\/a>\n\t\t<\/div>\n\t\t\t\t\t\t\t<\/div>\n\t\t\t\n\t\t\t\t<div id=\"ngg-image-3\" class=\"ngg-gallery-thumbnail-box\n\t\t\t\t\t\t\t\t\t\t\t\"\n\t\t\t>\n\t\t\t\t\t\t<div class=\"ngg-gallery-thumbnail\">\n\t\t<a href=\"https:\/\/www.aclanester56.com\/velo\/wp-content\/gallery\/kerstran-juin-2015-juniors\/Auray-Kerstran-juin-2015-100.JPG?t=1434919510\"\n\t\t\ttitle=\"\"\n\t\t\tdata-src=\"https:\/\/www.aclanester56.com\/velo\/wp-content\/gallery\/kerstran-juin-2015-juniors\/Auray-Kerstran-juin-2015-100.JPG?t=1434919510\"\n\t\t\tdata-thumbnail=\"https:\/\/www.aclanester56.com\/velo\/wp-content\/gallery\/kerstran-juin-2015-juniors\/thumbs\/thumbs_Auray-Kerstran-juin-2015-100.JPG?t=1434919510\"\n\t\t\tdata-image-id=\"9233\"\n\t\t\tdata-image-name=\"Auray-Kerstran-juin-2015-100.JPG\"\n\t\t\tdata-title=\"Auray-Kerstran-juin-2015-100\"\n\t\t\tdata-description=\"\"\n\t\t\tdata-image-slug=\"auray-kerstran-juin-2015-100\"\n\t\t\t\t\t\t\t\t\t\t\t\t\t\t\t\t\t\t\t\tclass=\"ngg-simplelightbox\" rel=\"c0120893db30ceaf565b3164804cb4ab\">\n\t\t\t\t\t\t\t\t<img\n\t\t\t\t\ttitle=\"Auray-Kerstran-juin-2015-100\"\n\t\t\t\t\talt=\"Auray-Kerstran-juin-2015-100\"\n\t\t\t\t\tsrc=\"https:\/\/www.aclanester56.com\/velo\/wp-content\/gallery\/kerstran-juin-2015-juniors\/thumbs\/thumbs_Auray-Kerstran-juin-2015-100.JPG?t=1434919510\"\n\t\t\t\t\twidth=\"100\"\n\t\t\t\t\theight=\"100\"\n\t\t\t\t\tstyle=\"max-width:100%;\"\n\t\t\t\t\/>\n\t\t\t<\/a>\n\t\t<\/div>\n\t\t\t\t\t\t\t<\/div>\n\t\t\t\n\t\t\t\t<div id=\"ngg-image-4\" class=\"ngg-gallery-thumbnail-box\n\t\t\t\t\t\t\t\t\t\t\t\"\n\t\t\t>\n\t\t\t\t\t\t<div class=\"ngg-gallery-thumbnail\">\n\t\t<a href=\"https:\/\/www.aclanester56.com\/velo\/wp-content\/gallery\/kerstran-juin-2015-juniors\/Auray-Kerstran-juin-2015-097.JPG?t=1434919507\"\n\t\t\ttitle=\"\"\n\t\t\tdata-src=\"https:\/\/www.aclanester56.com\/velo\/wp-content\/gallery\/kerstran-juin-2015-juniors\/Auray-Kerstran-juin-2015-097.JPG?t=1434919507\"\n\t\t\tdata-thumbnail=\"https:\/\/www.aclanester56.com\/velo\/wp-content\/gallery\/kerstran-juin-2015-juniors\/thumbs\/thumbs_Auray-Kerstran-juin-2015-097.JPG?t=1434919507\"\n\t\t\tdata-image-id=\"9232\"\n\t\t\tdata-image-name=\"Auray-Kerstran-juin-2015-097.JPG\"\n\t\t\tdata-title=\"Auray-Kerstran-juin-2015-097\"\n\t\t\tdata-description=\"\"\n\t\t\tdata-image-slug=\"auray-kerstran-juin-2015-097\"\n\t\t\t\t\t\t\t\t\t\t\t\t\t\t\t\t\t\t\t\tclass=\"ngg-simplelightbox\" rel=\"c0120893db30ceaf565b3164804cb4ab\">\n\t\t\t\t\t\t\t\t<img\n\t\t\t\t\ttitle=\"Auray-Kerstran-juin-2015-097\"\n\t\t\t\t\talt=\"Auray-Kerstran-juin-2015-097\"\n\t\t\t\t\tsrc=\"https:\/\/www.aclanester56.com\/velo\/wp-content\/gallery\/kerstran-juin-2015-juniors\/thumbs\/thumbs_Auray-Kerstran-juin-2015-097.JPG?t=1434919507\"\n\t\t\t\t\twidth=\"100\"\n\t\t\t\t\theight=\"100\"\n\t\t\t\t\tstyle=\"max-width:100%;\"\n\t\t\t\t\/>\n\t\t\t<\/a>\n\t\t<\/div>\n\t\t\t\t\t\t\t<\/div>\n\t\t\t\n\t\t\t\t<div id=\"ngg-image-5\" class=\"ngg-gallery-thumbnail-box\n\t\t\t\t\t\t\t\t\t\t\t\"\n\t\t\t>\n\t\t\t\t\t\t<div class=\"ngg-gallery-thumbnail\">\n\t\t<a href=\"https:\/\/www.aclanester56.com\/velo\/wp-content\/gallery\/kerstran-juin-2015-juniors\/Auray-Kerstran-juin-2015-096.JPG?t=1434919505\"\n\t\t\ttitle=\"\"\n\t\t\tdata-src=\"https:\/\/www.aclanester56.com\/velo\/wp-content\/gallery\/kerstran-juin-2015-juniors\/Auray-Kerstran-juin-2015-096.JPG?t=1434919505\"\n\t\t\tdata-thumbnail=\"https:\/\/www.aclanester56.com\/velo\/wp-content\/gallery\/kerstran-juin-2015-juniors\/thumbs\/thumbs_Auray-Kerstran-juin-2015-096.JPG?t=1434919505\"\n\t\t\tdata-image-id=\"9231\"\n\t\t\tdata-image-name=\"Auray-Kerstran-juin-2015-096.JPG\"\n\t\t\tdata-title=\"Auray-Kerstran-juin-2015-096\"\n\t\t\tdata-description=\"\"\n\t\t\tdata-image-slug=\"auray-kerstran-juin-2015-096\"\n\t\t\t\t\t\t\t\t\t\t\t\t\t\t\t\t\t\t\t\tclass=\"ngg-simplelightbox\" rel=\"c0120893db30ceaf565b3164804cb4ab\">\n\t\t\t\t\t\t\t\t<img\n\t\t\t\t\ttitle=\"Auray-Kerstran-juin-2015-096\"\n\t\t\t\t\talt=\"Auray-Kerstran-juin-2015-096\"\n\t\t\t\t\tsrc=\"https:\/\/www.aclanester56.com\/velo\/wp-content\/gallery\/kerstran-juin-2015-juniors\/thumbs\/thumbs_Auray-Kerstran-juin-2015-096.JPG?t=1434919505\"\n\t\t\t\t\twidth=\"100\"\n\t\t\t\t\theight=\"100\"\n\t\t\t\t\tstyle=\"max-width:100%;\"\n\t\t\t\t\/>\n\t\t\t<\/a>\n\t\t<\/div>\n\t\t\t\t\t\t\t<\/div>\n\t\t\t\n\t\t\t\t<div id=\"ngg-image-6\" class=\"ngg-gallery-thumbnail-box\n\t\t\t\t\t\t\t\t\t\t\t\"\n\t\t\t>\n\t\t\t\t\t\t<div class=\"ngg-gallery-thumbnail\">\n\t\t<a href=\"https:\/\/www.aclanester56.com\/velo\/wp-content\/gallery\/kerstran-juin-2015-juniors\/Auray-Kerstran-juin-2015-095.JPG?t=1434919502\"\n\t\t\ttitle=\"\"\n\t\t\tdata-src=\"https:\/\/www.aclanester56.com\/velo\/wp-content\/gallery\/kerstran-juin-2015-juniors\/Auray-Kerstran-juin-2015-095.JPG?t=1434919502\"\n\t\t\tdata-thumbnail=\"https:\/\/www.aclanester56.com\/velo\/wp-content\/gallery\/kerstran-juin-2015-juniors\/thumbs\/thumbs_Auray-Kerstran-juin-2015-095.JPG?t=1434919502\"\n\t\t\tdata-image-id=\"9230\"\n\t\t\tdata-image-name=\"Auray-Kerstran-juin-2015-095.JPG\"\n\t\t\tdata-title=\"Auray-Kerstran-juin-2015-095\"\n\t\t\tdata-description=\"\"\n\t\t\tdata-image-slug=\"auray-kerstran-juin-2015-095\"\n\t\t\t\t\t\t\t\t\t\t\t\t\t\t\t\t\t\t\t\tclass=\"ngg-simplelightbox\" rel=\"c0120893db30ceaf565b3164804cb4ab\">\n\t\t\t\t\t\t\t\t<img\n\t\t\t\t\ttitle=\"Auray-Kerstran-juin-2015-095\"\n\t\t\t\t\talt=\"Auray-Kerstran-juin-2015-095\"\n\t\t\t\t\tsrc=\"https:\/\/www.aclanester56.com\/velo\/wp-content\/gallery\/kerstran-juin-2015-juniors\/thumbs\/thumbs_Auray-Kerstran-juin-2015-095.JPG?t=1434919502\"\n\t\t\t\t\twidth=\"100\"\n\t\t\t\t\theight=\"100\"\n\t\t\t\t\tstyle=\"max-width:100%;\"\n\t\t\t\t\/>\n\t\t\t<\/a>\n\t\t<\/div>\n\t\t\t\t\t\t\t<\/div>\n\t\t\t\n\t\t\t\t<div id=\"ngg-image-7\" class=\"ngg-gallery-thumbnail-box\n\t\t\t\t\t\t\t\t\t\t\t\"\n\t\t\t>\n\t\t\t\t\t\t<div class=\"ngg-gallery-thumbnail\">\n\t\t<a href=\"https:\/\/www.aclanester56.com\/velo\/wp-content\/gallery\/kerstran-juin-2015-juniors\/Auray-Kerstran-juin-2015-094.JPG?t=1434919500\"\n\t\t\ttitle=\"\"\n\t\t\tdata-src=\"https:\/\/www.aclanester56.com\/velo\/wp-content\/gallery\/kerstran-juin-2015-juniors\/Auray-Kerstran-juin-2015-094.JPG?t=1434919500\"\n\t\t\tdata-thumbnail=\"https:\/\/www.aclanester56.com\/velo\/wp-content\/gallery\/kerstran-juin-2015-juniors\/thumbs\/thumbs_Auray-Kerstran-juin-2015-094.JPG?t=1434919500\"\n\t\t\tdata-image-id=\"9229\"\n\t\t\tdata-image-name=\"Auray-Kerstran-juin-2015-094.JPG\"\n\t\t\tdata-title=\"Auray-Kerstran-juin-2015-094\"\n\t\t\tdata-description=\"\"\n\t\t\tdata-image-slug=\"auray-kerstran-juin-2015-094\"\n\t\t\t\t\t\t\t\t\t\t\t\t\t\t\t\t\t\t\t\tclass=\"ngg-simplelightbox\" rel=\"c0120893db30ceaf565b3164804cb4ab\">\n\t\t\t\t\t\t\t\t<img\n\t\t\t\t\ttitle=\"Auray-Kerstran-juin-2015-094\"\n\t\t\t\t\talt=\"Auray-Kerstran-juin-2015-094\"\n\t\t\t\t\tsrc=\"https:\/\/www.aclanester56.com\/velo\/wp-content\/gallery\/kerstran-juin-2015-juniors\/thumbs\/thumbs_Auray-Kerstran-juin-2015-094.JPG?t=1434919500\"\n\t\t\t\t\twidth=\"100\"\n\t\t\t\t\theight=\"100\"\n\t\t\t\t\tstyle=\"max-width:100%;\"\n\t\t\t\t\/>\n\t\t\t<\/a>\n\t\t<\/div>\n\t\t\t\t\t\t\t<\/div>\n\t\t\t\n\t\t\t\t<div id=\"ngg-image-8\" class=\"ngg-gallery-thumbnail-box\n\t\t\t\t\t\t\t\t\t\t\t\"\n\t\t\t>\n\t\t\t\t\t\t<div class=\"ngg-gallery-thumbnail\">\n\t\t<a href=\"https:\/\/www.aclanester56.com\/velo\/wp-content\/gallery\/kerstran-juin-2015-juniors\/Auray-Kerstran-juin-2015-093.JPG?t=1434919497\"\n\t\t\ttitle=\"\"\n\t\t\tdata-src=\"https:\/\/www.aclanester56.com\/velo\/wp-content\/gallery\/kerstran-juin-2015-juniors\/Auray-Kerstran-juin-2015-093.JPG?t=1434919497\"\n\t\t\tdata-thumbnail=\"https:\/\/www.aclanester56.com\/velo\/wp-content\/gallery\/kerstran-juin-2015-juniors\/thumbs\/thumbs_Auray-Kerstran-juin-2015-093.JPG?t=1434919497\"\n\t\t\tdata-image-id=\"9228\"\n\t\t\tdata-image-name=\"Auray-Kerstran-juin-2015-093.JPG\"\n\t\t\tdata-title=\"Auray-Kerstran-juin-2015-093\"\n\t\t\tdata-description=\"\"\n\t\t\tdata-image-slug=\"auray-kerstran-juin-2015-093\"\n\t\t\t\t\t\t\t\t\t\t\t\t\t\t\t\t\t\t\t\tclass=\"ngg-simplelightbox\" rel=\"c0120893db30ceaf565b3164804cb4ab\">\n\t\t\t\t\t\t\t\t<img\n\t\t\t\t\ttitle=\"Auray-Kerstran-juin-2015-093\"\n\t\t\t\t\talt=\"Auray-Kerstran-juin-2015-093\"\n\t\t\t\t\tsrc=\"https:\/\/www.aclanester56.com\/velo\/wp-content\/gallery\/kerstran-juin-2015-juniors\/thumbs\/thumbs_Auray-Kerstran-juin-2015-093.JPG?t=1434919497\"\n\t\t\t\t\twidth=\"100\"\n\t\t\t\t\theight=\"100\"\n\t\t\t\t\tstyle=\"max-width:100%;\"\n\t\t\t\t\/>\n\t\t\t<\/a>\n\t\t<\/div>\n\t\t\t\t\t\t\t<\/div>\n\t\t\t\n\t\t\t\t<div id=\"ngg-image-9\" class=\"ngg-gallery-thumbnail-box\n\t\t\t\t\t\t\t\t\t\t\t\"\n\t\t\t>\n\t\t\t\t\t\t<div class=\"ngg-gallery-thumbnail\">\n\t\t<a href=\"https:\/\/www.aclanester56.com\/velo\/wp-content\/gallery\/kerstran-juin-2015-juniors\/Auray-Kerstran-juin-2015-092.JPG?t=1434919495\"\n\t\t\ttitle=\"\"\n\t\t\tdata-src=\"https:\/\/www.aclanester56.com\/velo\/wp-content\/gallery\/kerstran-juin-2015-juniors\/Auray-Kerstran-juin-2015-092.JPG?t=1434919495\"\n\t\t\tdata-thumbnail=\"https:\/\/www.aclanester56.com\/velo\/wp-content\/gallery\/kerstran-juin-2015-juniors\/thumbs\/thumbs_Auray-Kerstran-juin-2015-092.JPG?t=1434919495\"\n\t\t\tdata-image-id=\"9227\"\n\t\t\tdata-image-name=\"Auray-Kerstran-juin-2015-092.JPG\"\n\t\t\tdata-title=\"Auray-Kerstran-juin-2015-092\"\n\t\t\tdata-description=\"\"\n\t\t\tdata-image-slug=\"auray-kerstran-juin-2015-092\"\n\t\t\t\t\t\t\t\t\t\t\t\t\t\t\t\t\t\t\t\tclass=\"ngg-simplelightbox\" rel=\"c0120893db30ceaf565b3164804cb4ab\">\n\t\t\t\t\t\t\t\t<img\n\t\t\t\t\ttitle=\"Auray-Kerstran-juin-2015-092\"\n\t\t\t\t\talt=\"Auray-Kerstran-juin-2015-092\"\n\t\t\t\t\tsrc=\"https:\/\/www.aclanester56.com\/velo\/wp-content\/gallery\/kerstran-juin-2015-juniors\/thumbs\/thumbs_Auray-Kerstran-juin-2015-092.JPG?t=1434919495\"\n\t\t\t\t\twidth=\"100\"\n\t\t\t\t\theight=\"100\"\n\t\t\t\t\tstyle=\"max-width:100%;\"\n\t\t\t\t\/>\n\t\t\t<\/a>\n\t\t<\/div>\n\t\t\t\t\t\t\t<\/div>\n\t\t\t\n\t\t\t\t<div id=\"ngg-image-10\" class=\"ngg-gallery-thumbnail-box\n\t\t\t\t\t\t\t\t\t\t\t\"\n\t\t\t>\n\t\t\t\t\t\t<div class=\"ngg-gallery-thumbnail\">\n\t\t<a href=\"https:\/\/www.aclanester56.com\/velo\/wp-content\/gallery\/kerstran-juin-2015-juniors\/Auray-Kerstran-juin-2015-104.JPG?t=1434919518\"\n\t\t\ttitle=\"\"\n\t\t\tdata-src=\"https:\/\/www.aclanester56.com\/velo\/wp-content\/gallery\/kerstran-juin-2015-juniors\/Auray-Kerstran-juin-2015-104.JPG?t=1434919518\"\n\t\t\tdata-thumbnail=\"https:\/\/www.aclanester56.com\/velo\/wp-content\/gallery\/kerstran-juin-2015-juniors\/thumbs\/thumbs_Auray-Kerstran-juin-2015-104.JPG?t=1434919518\"\n\t\t\tdata-image-id=\"9236\"\n\t\t\tdata-image-name=\"Auray-Kerstran-juin-2015-104.JPG\"\n\t\t\tdata-title=\"Auray-Kerstran-juin-2015-104\"\n\t\t\tdata-description=\"\"\n\t\t\tdata-image-slug=\"auray-kerstran-juin-2015-104\"\n\t\t\t\t\t\t\t\t\t\t\t\t\t\t\t\t\t\t\t\tclass=\"ngg-simplelightbox\" rel=\"c0120893db30ceaf565b3164804cb4ab\">\n\t\t\t\t\t\t\t\t<img\n\t\t\t\t\ttitle=\"Auray-Kerstran-juin-2015-104\"\n\t\t\t\t\talt=\"Auray-Kerstran-juin-2015-104\"\n\t\t\t\t\tsrc=\"https:\/\/www.aclanester56.com\/velo\/wp-content\/gallery\/kerstran-juin-2015-juniors\/thumbs\/thumbs_Auray-Kerstran-juin-2015-104.JPG?t=1434919518\"\n\t\t\t\t\twidth=\"100\"\n\t\t\t\t\theight=\"100\"\n\t\t\t\t\tstyle=\"max-width:100%;\"\n\t\t\t\t\/>\n\t\t\t<\/a>\n\t\t<\/div>\n\t\t\t\t\t\t\t<\/div>\n\t\t\t\n\t\t\t\t<div id=\"ngg-image-11\" class=\"ngg-gallery-thumbnail-box\n\t\t\t\t\t\t\t\t\t\t\t\"\n\t\t\t>\n\t\t\t\t\t\t<div class=\"ngg-gallery-thumbnail\">\n\t\t<a href=\"https:\/\/www.aclanester56.com\/velo\/wp-content\/gallery\/kerstran-juin-2015-juniors\/Auray-Kerstran-juin-2015-088.JPG?t=1434919490\"\n\t\t\ttitle=\"\"\n\t\t\tdata-src=\"https:\/\/www.aclanester56.com\/velo\/wp-content\/gallery\/kerstran-juin-2015-juniors\/Auray-Kerstran-juin-2015-088.JPG?t=1434919490\"\n\t\t\tdata-thumbnail=\"https:\/\/www.aclanester56.com\/velo\/wp-content\/gallery\/kerstran-juin-2015-juniors\/thumbs\/thumbs_Auray-Kerstran-juin-2015-088.JPG?t=1434919490\"\n\t\t\tdata-image-id=\"9225\"\n\t\t\tdata-image-name=\"Auray-Kerstran-juin-2015-088.JPG\"\n\t\t\tdata-title=\"Auray-Kerstran-juin-2015-088\"\n\t\t\tdata-description=\"\"\n\t\t\tdata-image-slug=\"auray-kerstran-juin-2015-088\"\n\t\t\t\t\t\t\t\t\t\t\t\t\t\t\t\t\t\t\t\tclass=\"ngg-simplelightbox\" rel=\"c0120893db30ceaf565b3164804cb4ab\">\n\t\t\t\t\t\t\t\t<img\n\t\t\t\t\ttitle=\"Auray-Kerstran-juin-2015-088\"\n\t\t\t\t\talt=\"Auray-Kerstran-juin-2015-088\"\n\t\t\t\t\tsrc=\"https:\/\/www.aclanester56.com\/velo\/wp-content\/gallery\/kerstran-juin-2015-juniors\/thumbs\/thumbs_Auray-Kerstran-juin-2015-088.JPG?t=1434919490\"\n\t\t\t\t\twidth=\"100\"\n\t\t\t\t\theight=\"100\"\n\t\t\t\t\tstyle=\"max-width:100%;\"\n\t\t\t\t\/>\n\t\t\t<\/a>\n\t\t<\/div>\n\t\t\t\t\t\t\t<\/div>\n\t\t\t\n\t\t\t\t<div id=\"ngg-image-12\" class=\"ngg-gallery-thumbnail-box\n\t\t\t\t\t\t\t\t\t\t\t\"\n\t\t\t>\n\t\t\t\t\t\t<div class=\"ngg-gallery-thumbnail\">\n\t\t<a href=\"https:\/\/www.aclanester56.com\/velo\/wp-content\/gallery\/kerstran-juin-2015-juniors\/Auray-Kerstran-juin-2015-086.JPG?t=1434919487\"\n\t\t\ttitle=\"\"\n\t\t\tdata-src=\"https:\/\/www.aclanester56.com\/velo\/wp-content\/gallery\/kerstran-juin-2015-juniors\/Auray-Kerstran-juin-2015-086.JPG?t=1434919487\"\n\t\t\tdata-thumbnail=\"https:\/\/www.aclanester56.com\/velo\/wp-content\/gallery\/kerstran-juin-2015-juniors\/thumbs\/thumbs_Auray-Kerstran-juin-2015-086.JPG?t=1434919487\"\n\t\t\tdata-image-id=\"9224\"\n\t\t\tdata-image-name=\"Auray-Kerstran-juin-2015-086.JPG\"\n\t\t\tdata-title=\"Auray-Kerstran-juin-2015-086\"\n\t\t\tdata-description=\"\"\n\t\t\tdata-image-slug=\"auray-kerstran-juin-2015-086\"\n\t\t\t\t\t\t\t\t\t\t\t\t\t\t\t\t\t\t\t\tclass=\"ngg-simplelightbox\" rel=\"c0120893db30ceaf565b3164804cb4ab\">\n\t\t\t\t\t\t\t\t<img\n\t\t\t\t\ttitle=\"Auray-Kerstran-juin-2015-086\"\n\t\t\t\t\talt=\"Auray-Kerstran-juin-2015-086\"\n\t\t\t\t\tsrc=\"https:\/\/www.aclanester56.com\/velo\/wp-content\/gallery\/kerstran-juin-2015-juniors\/thumbs\/thumbs_Auray-Kerstran-juin-2015-086.JPG?t=1434919487\"\n\t\t\t\t\twidth=\"100\"\n\t\t\t\t\theight=\"100\"\n\t\t\t\t\tstyle=\"max-width:100%;\"\n\t\t\t\t\/>\n\t\t\t<\/a>\n\t\t<\/div>\n\t\t\t\t\t\t\t<\/div>\n\t\t\t\n\t\t\t\t<div id=\"ngg-image-13\" class=\"ngg-gallery-thumbnail-box\n\t\t\t\t\t\t\t\t\t\t\t\"\n\t\t\t>\n\t\t\t\t\t\t<div class=\"ngg-gallery-thumbnail\">\n\t\t<a href=\"https:\/\/www.aclanester56.com\/velo\/wp-content\/gallery\/kerstran-juin-2015-juniors\/Auray-Kerstran-juin-2015-085.JPG?t=1434919484\"\n\t\t\ttitle=\"\"\n\t\t\tdata-src=\"https:\/\/www.aclanester56.com\/velo\/wp-content\/gallery\/kerstran-juin-2015-juniors\/Auray-Kerstran-juin-2015-085.JPG?t=1434919484\"\n\t\t\tdata-thumbnail=\"https:\/\/www.aclanester56.com\/velo\/wp-content\/gallery\/kerstran-juin-2015-juniors\/thumbs\/thumbs_Auray-Kerstran-juin-2015-085.JPG?t=1434919484\"\n\t\t\tdata-image-id=\"9223\"\n\t\t\tdata-image-name=\"Auray-Kerstran-juin-2015-085.JPG\"\n\t\t\tdata-title=\"Auray-Kerstran-juin-2015-085\"\n\t\t\tdata-description=\"\"\n\t\t\tdata-image-slug=\"auray-kerstran-juin-2015-085\"\n\t\t\t\t\t\t\t\t\t\t\t\t\t\t\t\t\t\t\t\tclass=\"ngg-simplelightbox\" rel=\"c0120893db30ceaf565b3164804cb4ab\">\n\t\t\t\t\t\t\t\t<img\n\t\t\t\t\ttitle=\"Auray-Kerstran-juin-2015-085\"\n\t\t\t\t\talt=\"Auray-Kerstran-juin-2015-085\"\n\t\t\t\t\tsrc=\"https:\/\/www.aclanester56.com\/velo\/wp-content\/gallery\/kerstran-juin-2015-juniors\/thumbs\/thumbs_Auray-Kerstran-juin-2015-085.JPG?t=1434919484\"\n\t\t\t\t\twidth=\"100\"\n\t\t\t\t\theight=\"100\"\n\t\t\t\t\tstyle=\"max-width:100%;\"\n\t\t\t\t\/>\n\t\t\t<\/a>\n\t\t<\/div>\n\t\t\t\t\t\t\t<\/div>\n\t\t\t\n\t\t\t\t<div id=\"ngg-image-14\" class=\"ngg-gallery-thumbnail-box\n\t\t\t\t\t\t\t\t\t\t\t\"\n\t\t\t>\n\t\t\t\t\t\t<div class=\"ngg-gallery-thumbnail\">\n\t\t<a href=\"https:\/\/www.aclanester56.com\/velo\/wp-content\/gallery\/kerstran-juin-2015-juniors\/Auray-Kerstran-juin-2015-084.JPG?t=1434919482\"\n\t\t\ttitle=\"\"\n\t\t\tdata-src=\"https:\/\/www.aclanester56.com\/velo\/wp-content\/gallery\/kerstran-juin-2015-juniors\/Auray-Kerstran-juin-2015-084.JPG?t=1434919482\"\n\t\t\tdata-thumbnail=\"https:\/\/www.aclanester56.com\/velo\/wp-content\/gallery\/kerstran-juin-2015-juniors\/thumbs\/thumbs_Auray-Kerstran-juin-2015-084.JPG?t=1434919482\"\n\t\t\tdata-image-id=\"9222\"\n\t\t\tdata-image-name=\"Auray-Kerstran-juin-2015-084.JPG\"\n\t\t\tdata-title=\"Auray-Kerstran-juin-2015-084\"\n\t\t\tdata-description=\"\"\n\t\t\tdata-image-slug=\"auray-kerstran-juin-2015-084\"\n\t\t\t\t\t\t\t\t\t\t\t\t\t\t\t\t\t\t\t\tclass=\"ngg-simplelightbox\" rel=\"c0120893db30ceaf565b3164804cb4ab\">\n\t\t\t\t\t\t\t\t<img\n\t\t\t\t\ttitle=\"Auray-Kerstran-juin-2015-084\"\n\t\t\t\t\talt=\"Auray-Kerstran-juin-2015-084\"\n\t\t\t\t\tsrc=\"https:\/\/www.aclanester56.com\/velo\/wp-content\/gallery\/kerstran-juin-2015-juniors\/thumbs\/thumbs_Auray-Kerstran-juin-2015-084.JPG?t=1434919482\"\n\t\t\t\t\twidth=\"100\"\n\t\t\t\t\theight=\"100\"\n\t\t\t\t\tstyle=\"max-width:100%;\"\n\t\t\t\t\/>\n\t\t\t<\/a>\n\t\t<\/div>\n\t\t\t\t\t\t\t<\/div>\n\t\t\t\n\t\t\t\t<div id=\"ngg-image-15\" class=\"ngg-gallery-thumbnail-box\n\t\t\t\t\t\t\t\t\t\t\t\"\n\t\t\t>\n\t\t\t\t\t\t<div class=\"ngg-gallery-thumbnail\">\n\t\t<a href=\"https:\/\/www.aclanester56.com\/velo\/wp-content\/gallery\/kerstran-juin-2015-juniors\/Auray-Kerstran-juin-2015-083.JPG?t=1434919480\"\n\t\t\ttitle=\"\"\n\t\t\tdata-src=\"https:\/\/www.aclanester56.com\/velo\/wp-content\/gallery\/kerstran-juin-2015-juniors\/Auray-Kerstran-juin-2015-083.JPG?t=1434919480\"\n\t\t\tdata-thumbnail=\"https:\/\/www.aclanester56.com\/velo\/wp-content\/gallery\/kerstran-juin-2015-juniors\/thumbs\/thumbs_Auray-Kerstran-juin-2015-083.JPG?t=1434919480\"\n\t\t\tdata-image-id=\"9221\"\n\t\t\tdata-image-name=\"Auray-Kerstran-juin-2015-083.JPG\"\n\t\t\tdata-title=\"Auray-Kerstran-juin-2015-083\"\n\t\t\tdata-description=\"\"\n\t\t\tdata-image-slug=\"auray-kerstran-juin-2015-083\"\n\t\t\t\t\t\t\t\t\t\t\t\t\t\t\t\t\t\t\t\tclass=\"ngg-simplelightbox\" rel=\"c0120893db30ceaf565b3164804cb4ab\">\n\t\t\t\t\t\t\t\t<img\n\t\t\t\t\ttitle=\"Auray-Kerstran-juin-2015-083\"\n\t\t\t\t\talt=\"Auray-Kerstran-juin-2015-083\"\n\t\t\t\t\tsrc=\"https:\/\/www.aclanester56.com\/velo\/wp-content\/gallery\/kerstran-juin-2015-juniors\/thumbs\/thumbs_Auray-Kerstran-juin-2015-083.JPG?t=1434919480\"\n\t\t\t\t\twidth=\"100\"\n\t\t\t\t\theight=\"100\"\n\t\t\t\t\tstyle=\"max-width:100%;\"\n\t\t\t\t\/>\n\t\t\t<\/a>\n\t\t<\/div>\n\t\t\t\t\t\t\t<\/div>\n\t\t\t\n\t\t\t\t<div id=\"ngg-image-16\" class=\"ngg-gallery-thumbnail-box\n\t\t\t\t\t\t\t\t\t\t\t\"\n\t\t\t>\n\t\t\t\t\t\t<div class=\"ngg-gallery-thumbnail\">\n\t\t<a href=\"https:\/\/www.aclanester56.com\/velo\/wp-content\/gallery\/kerstran-juin-2015-juniors\/Auray-Kerstran-juin-2015-082.JPG?t=1434919478\"\n\t\t\ttitle=\"\"\n\t\t\tdata-src=\"https:\/\/www.aclanester56.com\/velo\/wp-content\/gallery\/kerstran-juin-2015-juniors\/Auray-Kerstran-juin-2015-082.JPG?t=1434919478\"\n\t\t\tdata-thumbnail=\"https:\/\/www.aclanester56.com\/velo\/wp-content\/gallery\/kerstran-juin-2015-juniors\/thumbs\/thumbs_Auray-Kerstran-juin-2015-082.JPG?t=1434919478\"\n\t\t\tdata-image-id=\"9220\"\n\t\t\tdata-image-name=\"Auray-Kerstran-juin-2015-082.JPG\"\n\t\t\tdata-title=\"Auray-Kerstran-juin-2015-082\"\n\t\t\tdata-description=\"\"\n\t\t\tdata-image-slug=\"auray-kerstran-juin-2015-082\"\n\t\t\t\t\t\t\t\t\t\t\t\t\t\t\t\t\t\t\t\tclass=\"ngg-simplelightbox\" rel=\"c0120893db30ceaf565b3164804cb4ab\">\n\t\t\t\t\t\t\t\t<img\n\t\t\t\t\ttitle=\"Auray-Kerstran-juin-2015-082\"\n\t\t\t\t\talt=\"Auray-Kerstran-juin-2015-082\"\n\t\t\t\t\tsrc=\"https:\/\/www.aclanester56.com\/velo\/wp-content\/gallery\/kerstran-juin-2015-juniors\/thumbs\/thumbs_Auray-Kerstran-juin-2015-082.JPG?t=1434919478\"\n\t\t\t\t\twidth=\"100\"\n\t\t\t\t\theight=\"100\"\n\t\t\t\t\tstyle=\"max-width:100%;\"\n\t\t\t\t\/>\n\t\t\t<\/a>\n\t\t<\/div>\n\t\t\t\t\t\t\t<\/div>\n\t\t\t\n\t\t\t\t<div id=\"ngg-image-17\" class=\"ngg-gallery-thumbnail-box\n\t\t\t\t\t\t\t\t\t\t\t\"\n\t\t\t>\n\t\t\t\t\t\t<div class=\"ngg-gallery-thumbnail\">\n\t\t<a href=\"https:\/\/www.aclanester56.com\/velo\/wp-content\/gallery\/kerstran-juin-2015-juniors\/Auray-Kerstran-juin-2015-079.JPG?t=1434919475\"\n\t\t\ttitle=\"\"\n\t\t\tdata-src=\"https:\/\/www.aclanester56.com\/velo\/wp-content\/gallery\/kerstran-juin-2015-juniors\/Auray-Kerstran-juin-2015-079.JPG?t=1434919475\"\n\t\t\tdata-thumbnail=\"https:\/\/www.aclanester56.com\/velo\/wp-content\/gallery\/kerstran-juin-2015-juniors\/thumbs\/thumbs_Auray-Kerstran-juin-2015-079.JPG?t=1434919475\"\n\t\t\tdata-image-id=\"9219\"\n\t\t\tdata-image-name=\"Auray-Kerstran-juin-2015-079.JPG\"\n\t\t\tdata-title=\"Auray-Kerstran-juin-2015-079\"\n\t\t\tdata-description=\"\"\n\t\t\tdata-image-slug=\"auray-kerstran-juin-2015-079\"\n\t\t\t\t\t\t\t\t\t\t\t\t\t\t\t\t\t\t\t\tclass=\"ngg-simplelightbox\" rel=\"c0120893db30ceaf565b3164804cb4ab\">\n\t\t\t\t\t\t\t\t<img\n\t\t\t\t\ttitle=\"Auray-Kerstran-juin-2015-079\"\n\t\t\t\t\talt=\"Auray-Kerstran-juin-2015-079\"\n\t\t\t\t\tsrc=\"https:\/\/www.aclanester56.com\/velo\/wp-content\/gallery\/kerstran-juin-2015-juniors\/thumbs\/thumbs_Auray-Kerstran-juin-2015-079.JPG?t=1434919475\"\n\t\t\t\t\twidth=\"100\"\n\t\t\t\t\theight=\"100\"\n\t\t\t\t\tstyle=\"max-width:100%;\"\n\t\t\t\t\/>\n\t\t\t<\/a>\n\t\t<\/div>\n\t\t\t\t\t\t\t<\/div>\n\t\t\t\n\t\t\t\t<div id=\"ngg-image-18\" class=\"ngg-gallery-thumbnail-box\n\t\t\t\t\t\t\t\t\t\t\t\"\n\t\t\t>\n\t\t\t\t\t\t<div class=\"ngg-gallery-thumbnail\">\n\t\t<a href=\"https:\/\/www.aclanester56.com\/velo\/wp-content\/gallery\/kerstran-juin-2015-juniors\/Auray-Kerstran-juin-2015-077.JPG?t=1434919473\"\n\t\t\ttitle=\"\"\n\t\t\tdata-src=\"https:\/\/www.aclanester56.com\/velo\/wp-content\/gallery\/kerstran-juin-2015-juniors\/Auray-Kerstran-juin-2015-077.JPG?t=1434919473\"\n\t\t\tdata-thumbnail=\"https:\/\/www.aclanester56.com\/velo\/wp-content\/gallery\/kerstran-juin-2015-juniors\/thumbs\/thumbs_Auray-Kerstran-juin-2015-077.JPG?t=1434919473\"\n\t\t\tdata-image-id=\"9218\"\n\t\t\tdata-image-name=\"Auray-Kerstran-juin-2015-077.JPG\"\n\t\t\tdata-title=\"Auray-Kerstran-juin-2015-077\"\n\t\t\tdata-description=\"\"\n\t\t\tdata-image-slug=\"auray-kerstran-juin-2015-077\"\n\t\t\t\t\t\t\t\t\t\t\t\t\t\t\t\t\t\t\t\tclass=\"ngg-simplelightbox\" rel=\"c0120893db30ceaf565b3164804cb4ab\">\n\t\t\t\t\t\t\t\t<img\n\t\t\t\t\ttitle=\"Auray-Kerstran-juin-2015-077\"\n\t\t\t\t\talt=\"Auray-Kerstran-juin-2015-077\"\n\t\t\t\t\tsrc=\"https:\/\/www.aclanester56.com\/velo\/wp-content\/gallery\/kerstran-juin-2015-juniors\/thumbs\/thumbs_Auray-Kerstran-juin-2015-077.JPG?t=1434919473\"\n\t\t\t\t\twidth=\"100\"\n\t\t\t\t\theight=\"100\"\n\t\t\t\t\tstyle=\"max-width:100%;\"\n\t\t\t\t\/>\n\t\t\t<\/a>\n\t\t<\/div>\n\t\t\t\t\t\t\t<\/div>\n\t\t\t\n\t\t\t\t<div id=\"ngg-image-19\" class=\"ngg-gallery-thumbnail-box\n\t\t\t\t\t\t\t\t\t\t\t\"\n\t\t\t>\n\t\t\t\t\t\t<div class=\"ngg-gallery-thumbnail\">\n\t\t<a href=\"https:\/\/www.aclanester56.com\/velo\/wp-content\/gallery\/kerstran-juin-2015-juniors\/Auray-Kerstran-juin-2015-128.JPG?t=1434919543\"\n\t\t\ttitle=\"\"\n\t\t\tdata-src=\"https:\/\/www.aclanester56.com\/velo\/wp-content\/gallery\/kerstran-juin-2015-juniors\/Auray-Kerstran-juin-2015-128.JPG?t=1434919543\"\n\t\t\tdata-thumbnail=\"https:\/\/www.aclanester56.com\/velo\/wp-content\/gallery\/kerstran-juin-2015-juniors\/thumbs\/thumbs_Auray-Kerstran-juin-2015-128.JPG?t=1434919543\"\n\t\t\tdata-image-id=\"9245\"\n\t\t\tdata-image-name=\"Auray-Kerstran-juin-2015-128.JPG\"\n\t\t\tdata-title=\"Auray-Kerstran-juin-2015-128\"\n\t\t\tdata-description=\"\"\n\t\t\tdata-image-slug=\"auray-kerstran-juin-2015-128\"\n\t\t\t\t\t\t\t\t\t\t\t\t\t\t\t\t\t\t\t\tclass=\"ngg-simplelightbox\" rel=\"c0120893db30ceaf565b3164804cb4ab\">\n\t\t\t\t\t\t\t\t<img\n\t\t\t\t\ttitle=\"Auray-Kerstran-juin-2015-128\"\n\t\t\t\t\talt=\"Auray-Kerstran-juin-2015-128\"\n\t\t\t\t\tsrc=\"https:\/\/www.aclanester56.com\/velo\/wp-content\/gallery\/kerstran-juin-2015-juniors\/thumbs\/thumbs_Auray-Kerstran-juin-2015-128.JPG?t=1434919543\"\n\t\t\t\t\twidth=\"100\"\n\t\t\t\t\theight=\"100\"\n\t\t\t\t\tstyle=\"max-width:100%;\"\n\t\t\t\t\/>\n\t\t\t<\/a>\n\t\t<\/div>\n\t\t\t\t\t\t\t<\/div>\n\t\t\t\n\t\t\t\t<div id=\"ngg-image-20\" class=\"ngg-gallery-thumbnail-box\n\t\t\t\t\t\t\t\t\t\t\t\"\n\t\t\t>\n\t\t\t\t\t\t<div class=\"ngg-gallery-thumbnail\">\n\t\t<a href=\"https:\/\/www.aclanester56.com\/velo\/wp-content\/gallery\/kerstran-juin-2015-juniors\/Auray-Kerstran-juin-2015-146.JPG?t=1434919561\"\n\t\t\ttitle=\"\"\n\t\t\tdata-src=\"https:\/\/www.aclanester56.com\/velo\/wp-content\/gallery\/kerstran-juin-2015-juniors\/Auray-Kerstran-juin-2015-146.JPG?t=1434919561\"\n\t\t\tdata-thumbnail=\"https:\/\/www.aclanester56.com\/velo\/wp-content\/gallery\/kerstran-juin-2015-juniors\/thumbs\/thumbs_Auray-Kerstran-juin-2015-146.JPG?t=1434919561\"\n\t\t\tdata-image-id=\"9253\"\n\t\t\tdata-image-name=\"Auray-Kerstran-juin-2015-146.JPG\"\n\t\t\tdata-title=\"Auray-Kerstran-juin-2015-146\"\n\t\t\tdata-description=\"\"\n\t\t\tdata-image-slug=\"auray-kerstran-juin-2015-146\"\n\t\t\t\t\t\t\t\t\t\t\t\t\t\t\t\t\t\t\t\tclass=\"ngg-simplelightbox\" rel=\"c0120893db30ceaf565b3164804cb4ab\">\n\t\t\t\t\t\t\t\t<img\n\t\t\t\t\ttitle=\"Auray-Kerstran-juin-2015-146\"\n\t\t\t\t\talt=\"Auray-Kerstran-juin-2015-146\"\n\t\t\t\t\tsrc=\"https:\/\/www.aclanester56.com\/velo\/wp-content\/gallery\/kerstran-juin-2015-juniors\/thumbs\/thumbs_Auray-Kerstran-juin-2015-146.JPG?t=1434919561\"\n\t\t\t\t\twidth=\"100\"\n\t\t\t\t\theight=\"100\"\n\t\t\t\t\tstyle=\"max-width:100%;\"\n\t\t\t\t\/>\n\t\t\t<\/a>\n\t\t<\/div>\n\t\t\t\t\t\t\t<\/div>\n\t\t\t\n\t\t\t\t<div id=\"ngg-image-21\" class=\"ngg-gallery-thumbnail-box\n\t\t\t\t\t\t\t\t\t\t\t\"\n\t\t\t>\n\t\t\t\t\t\t<div class=\"ngg-gallery-thumbnail\">\n\t\t<a href=\"https:\/\/www.aclanester56.com\/velo\/wp-content\/gallery\/kerstran-juin-2015-juniors\/Auray-Kerstran-juin-2015-145.JPG?t=1434919559\"\n\t\t\ttitle=\"\"\n\t\t\tdata-src=\"https:\/\/www.aclanester56.com\/velo\/wp-content\/gallery\/kerstran-juin-2015-juniors\/Auray-Kerstran-juin-2015-145.JPG?t=1434919559\"\n\t\t\tdata-thumbnail=\"https:\/\/www.aclanester56.com\/velo\/wp-content\/gallery\/kerstran-juin-2015-juniors\/thumbs\/thumbs_Auray-Kerstran-juin-2015-145.JPG?t=1434919559\"\n\t\t\tdata-image-id=\"9252\"\n\t\t\tdata-image-name=\"Auray-Kerstran-juin-2015-145.JPG\"\n\t\t\tdata-title=\"Auray-Kerstran-juin-2015-145\"\n\t\t\tdata-description=\"\"\n\t\t\tdata-image-slug=\"auray-kerstran-juin-2015-145\"\n\t\t\t\t\t\t\t\t\t\t\t\t\t\t\t\t\t\t\t\tclass=\"ngg-simplelightbox\" rel=\"c0120893db30ceaf565b3164804cb4ab\">\n\t\t\t\t\t\t\t\t<img\n\t\t\t\t\ttitle=\"Auray-Kerstran-juin-2015-145\"\n\t\t\t\t\talt=\"Auray-Kerstran-juin-2015-145\"\n\t\t\t\t\tsrc=\"https:\/\/www.aclanester56.com\/velo\/wp-content\/gallery\/kerstran-juin-2015-juniors\/thumbs\/thumbs_Auray-Kerstran-juin-2015-145.JPG?t=1434919559\"\n\t\t\t\t\twidth=\"100\"\n\t\t\t\t\theight=\"100\"\n\t\t\t\t\tstyle=\"max-width:100%;\"\n\t\t\t\t\/>\n\t\t\t<\/a>\n\t\t<\/div>\n\t\t\t\t\t\t\t<\/div>\n\t\t\t\n\t\t\t\t<div id=\"ngg-image-22\" class=\"ngg-gallery-thumbnail-box\n\t\t\t\t\t\t\t\t\t\t\t\"\n\t\t\t>\n\t\t\t\t\t\t<div class=\"ngg-gallery-thumbnail\">\n\t\t<a href=\"https:\/\/www.aclanester56.com\/velo\/wp-content\/gallery\/kerstran-juin-2015-juniors\/Auray-Kerstran-juin-2015-144.JPG?t=1434919557\"\n\t\t\ttitle=\"\"\n\t\t\tdata-src=\"https:\/\/www.aclanester56.com\/velo\/wp-content\/gallery\/kerstran-juin-2015-juniors\/Auray-Kerstran-juin-2015-144.JPG?t=1434919557\"\n\t\t\tdata-thumbnail=\"https:\/\/www.aclanester56.com\/velo\/wp-content\/gallery\/kerstran-juin-2015-juniors\/thumbs\/thumbs_Auray-Kerstran-juin-2015-144.JPG?t=1434919557\"\n\t\t\tdata-image-id=\"9251\"\n\t\t\tdata-image-name=\"Auray-Kerstran-juin-2015-144.JPG\"\n\t\t\tdata-title=\"Auray-Kerstran-juin-2015-144\"\n\t\t\tdata-description=\"\"\n\t\t\tdata-image-slug=\"auray-kerstran-juin-2015-144\"\n\t\t\t\t\t\t\t\t\t\t\t\t\t\t\t\t\t\t\t\tclass=\"ngg-simplelightbox\" rel=\"c0120893db30ceaf565b3164804cb4ab\">\n\t\t\t\t\t\t\t\t<img\n\t\t\t\t\ttitle=\"Auray-Kerstran-juin-2015-144\"\n\t\t\t\t\talt=\"Auray-Kerstran-juin-2015-144\"\n\t\t\t\t\tsrc=\"https:\/\/www.aclanester56.com\/velo\/wp-content\/gallery\/kerstran-juin-2015-juniors\/thumbs\/thumbs_Auray-Kerstran-juin-2015-144.JPG?t=1434919557\"\n\t\t\t\t\twidth=\"100\"\n\t\t\t\t\theight=\"100\"\n\t\t\t\t\tstyle=\"max-width:100%;\"\n\t\t\t\t\/>\n\t\t\t<\/a>\n\t\t<\/div>\n\t\t\t\t\t\t\t<\/div>\n\t\t\t\n\t\t\t\t<div id=\"ngg-image-23\" class=\"ngg-gallery-thumbnail-box\n\t\t\t\t\t\t\t\t\t\t\t\"\n\t\t\t>\n\t\t\t\t\t\t<div class=\"ngg-gallery-thumbnail\">\n\t\t<a href=\"https:\/\/www.aclanester56.com\/velo\/wp-content\/gallery\/kerstran-juin-2015-juniors\/Auray-Kerstran-juin-2015-140.JPG?t=1434919555\"\n\t\t\ttitle=\"\"\n\t\t\tdata-src=\"https:\/\/www.aclanester56.com\/velo\/wp-content\/gallery\/kerstran-juin-2015-juniors\/Auray-Kerstran-juin-2015-140.JPG?t=1434919555\"\n\t\t\tdata-thumbnail=\"https:\/\/www.aclanester56.com\/velo\/wp-content\/gallery\/kerstran-juin-2015-juniors\/thumbs\/thumbs_Auray-Kerstran-juin-2015-140.JPG?t=1434919555\"\n\t\t\tdata-image-id=\"9250\"\n\t\t\tdata-image-name=\"Auray-Kerstran-juin-2015-140.JPG\"\n\t\t\tdata-title=\"Auray-Kerstran-juin-2015-140\"\n\t\t\tdata-description=\"\"\n\t\t\tdata-image-slug=\"auray-kerstran-juin-2015-140\"\n\t\t\t\t\t\t\t\t\t\t\t\t\t\t\t\t\t\t\t\tclass=\"ngg-simplelightbox\" rel=\"c0120893db30ceaf565b3164804cb4ab\">\n\t\t\t\t\t\t\t\t<img\n\t\t\t\t\ttitle=\"Auray-Kerstran-juin-2015-140\"\n\t\t\t\t\talt=\"Auray-Kerstran-juin-2015-140\"\n\t\t\t\t\tsrc=\"https:\/\/www.aclanester56.com\/velo\/wp-content\/gallery\/kerstran-juin-2015-juniors\/thumbs\/thumbs_Auray-Kerstran-juin-2015-140.JPG?t=1434919555\"\n\t\t\t\t\twidth=\"100\"\n\t\t\t\t\theight=\"100\"\n\t\t\t\t\tstyle=\"max-width:100%;\"\n\t\t\t\t\/>\n\t\t\t<\/a>\n\t\t<\/div>\n\t\t\t\t\t\t\t<\/div>\n\t\t\t\n\t\t\t\t<div id=\"ngg-image-24\" class=\"ngg-gallery-thumbnail-box\n\t\t\t\t\t\t\t\t\t\t\t\"\n\t\t\t>\n\t\t\t\t\t\t<div class=\"ngg-gallery-thumbnail\">\n\t\t<a href=\"https:\/\/www.aclanester56.com\/velo\/wp-content\/gallery\/kerstran-juin-2015-juniors\/Auray-Kerstran-juin-2015-139.JPG?t=1434919553\"\n\t\t\ttitle=\"\"\n\t\t\tdata-src=\"https:\/\/www.aclanester56.com\/velo\/wp-content\/gallery\/kerstran-juin-2015-juniors\/Auray-Kerstran-juin-2015-139.JPG?t=1434919553\"\n\t\t\tdata-thumbnail=\"https:\/\/www.aclanester56.com\/velo\/wp-content\/gallery\/kerstran-juin-2015-juniors\/thumbs\/thumbs_Auray-Kerstran-juin-2015-139.JPG?t=1434919553\"\n\t\t\tdata-image-id=\"9249\"\n\t\t\tdata-image-name=\"Auray-Kerstran-juin-2015-139.JPG\"\n\t\t\tdata-title=\"Auray-Kerstran-juin-2015-139\"\n\t\t\tdata-description=\"\"\n\t\t\tdata-image-slug=\"auray-kerstran-juin-2015-139\"\n\t\t\t\t\t\t\t\t\t\t\t\t\t\t\t\t\t\t\t\tclass=\"ngg-simplelightbox\" rel=\"c0120893db30ceaf565b3164804cb4ab\">\n\t\t\t\t\t\t\t\t<img\n\t\t\t\t\ttitle=\"Auray-Kerstran-juin-2015-139\"\n\t\t\t\t\talt=\"Auray-Kerstran-juin-2015-139\"\n\t\t\t\t\tsrc=\"https:\/\/www.aclanester56.com\/velo\/wp-content\/gallery\/kerstran-juin-2015-juniors\/thumbs\/thumbs_Auray-Kerstran-juin-2015-139.JPG?t=1434919553\"\n\t\t\t\t\twidth=\"100\"\n\t\t\t\t\theight=\"100\"\n\t\t\t\t\tstyle=\"max-width:100%;\"\n\t\t\t\t\/>\n\t\t\t<\/a>\n\t\t<\/div>\n\t\t\t\t\t\t\t<\/div>\n\t\t\t\n\t\t\t\t<div id=\"ngg-image-25\" class=\"ngg-gallery-thumbnail-box\n\t\t\t\t\t\t\t\t\t\t\t\"\n\t\t\t>\n\t\t\t\t\t\t<div class=\"ngg-gallery-thumbnail\">\n\t\t<a href=\"https:\/\/www.aclanester56.com\/velo\/wp-content\/gallery\/kerstran-juin-2015-juniors\/Auray-Kerstran-juin-2015-138.JPG?t=1434919551\"\n\t\t\ttitle=\"\"\n\t\t\tdata-src=\"https:\/\/www.aclanester56.com\/velo\/wp-content\/gallery\/kerstran-juin-2015-juniors\/Auray-Kerstran-juin-2015-138.JPG?t=1434919551\"\n\t\t\tdata-thumbnail=\"https:\/\/www.aclanester56.com\/velo\/wp-content\/gallery\/kerstran-juin-2015-juniors\/thumbs\/thumbs_Auray-Kerstran-juin-2015-138.JPG?t=1434919551\"\n\t\t\tdata-image-id=\"9248\"\n\t\t\tdata-image-name=\"Auray-Kerstran-juin-2015-138.JPG\"\n\t\t\tdata-title=\"Auray-Kerstran-juin-2015-138\"\n\t\t\tdata-description=\"\"\n\t\t\tdata-image-slug=\"auray-kerstran-juin-2015-138\"\n\t\t\t\t\t\t\t\t\t\t\t\t\t\t\t\t\t\t\t\tclass=\"ngg-simplelightbox\" rel=\"c0120893db30ceaf565b3164804cb4ab\">\n\t\t\t\t\t\t\t\t<img\n\t\t\t\t\ttitle=\"Auray-Kerstran-juin-2015-138\"\n\t\t\t\t\talt=\"Auray-Kerstran-juin-2015-138\"\n\t\t\t\t\tsrc=\"https:\/\/www.aclanester56.com\/velo\/wp-content\/gallery\/kerstran-juin-2015-juniors\/thumbs\/thumbs_Auray-Kerstran-juin-2015-138.JPG?t=1434919551\"\n\t\t\t\t\twidth=\"100\"\n\t\t\t\t\theight=\"100\"\n\t\t\t\t\tstyle=\"max-width:100%;\"\n\t\t\t\t\/>\n\t\t\t<\/a>\n\t\t<\/div>\n\t\t\t\t\t\t\t<\/div>\n\t\t\t\n\t\t\t\t<div id=\"ngg-image-26\" class=\"ngg-gallery-thumbnail-box\n\t\t\t\t\t\t\t\t\t\t\t\"\n\t\t\t>\n\t\t\t\t\t\t<div class=\"ngg-gallery-thumbnail\">\n\t\t<a href=\"https:\/\/www.aclanester56.com\/velo\/wp-content\/gallery\/kerstran-juin-2015-juniors\/Auray-Kerstran-juin-2015-137.JPG?t=1434919548\"\n\t\t\ttitle=\"\"\n\t\t\tdata-src=\"https:\/\/www.aclanester56.com\/velo\/wp-content\/gallery\/kerstran-juin-2015-juniors\/Auray-Kerstran-juin-2015-137.JPG?t=1434919548\"\n\t\t\tdata-thumbnail=\"https:\/\/www.aclanester56.com\/velo\/wp-content\/gallery\/kerstran-juin-2015-juniors\/thumbs\/thumbs_Auray-Kerstran-juin-2015-137.JPG?t=1434919548\"\n\t\t\tdata-image-id=\"9247\"\n\t\t\tdata-image-name=\"Auray-Kerstran-juin-2015-137.JPG\"\n\t\t\tdata-title=\"Auray-Kerstran-juin-2015-137\"\n\t\t\tdata-description=\"\"\n\t\t\tdata-image-slug=\"auray-kerstran-juin-2015-137\"\n\t\t\t\t\t\t\t\t\t\t\t\t\t\t\t\t\t\t\t\tclass=\"ngg-simplelightbox\" rel=\"c0120893db30ceaf565b3164804cb4ab\">\n\t\t\t\t\t\t\t\t<img\n\t\t\t\t\ttitle=\"Auray-Kerstran-juin-2015-137\"\n\t\t\t\t\talt=\"Auray-Kerstran-juin-2015-137\"\n\t\t\t\t\tsrc=\"https:\/\/www.aclanester56.com\/velo\/wp-content\/gallery\/kerstran-juin-2015-juniors\/thumbs\/thumbs_Auray-Kerstran-juin-2015-137.JPG?t=1434919548\"\n\t\t\t\t\twidth=\"100\"\n\t\t\t\t\theight=\"100\"\n\t\t\t\t\tstyle=\"max-width:100%;\"\n\t\t\t\t\/>\n\t\t\t<\/a>\n\t\t<\/div>\n\t\t\t\t\t\t\t<\/div>\n\t\t\t\n\t\t\t\t<div id=\"ngg-image-27\" class=\"ngg-gallery-thumbnail-box\n\t\t\t\t\t\t\t\t\t\t\t\"\n\t\t\t>\n\t\t\t\t\t\t<div class=\"ngg-gallery-thumbnail\">\n\t\t<a href=\"https:\/\/www.aclanester56.com\/velo\/wp-content\/gallery\/kerstran-juin-2015-juniors\/Auray-Kerstran-juin-2015-134.JPG?t=1434919546\"\n\t\t\ttitle=\"\"\n\t\t\tdata-src=\"https:\/\/www.aclanester56.com\/velo\/wp-content\/gallery\/kerstran-juin-2015-juniors\/Auray-Kerstran-juin-2015-134.JPG?t=1434919546\"\n\t\t\tdata-thumbnail=\"https:\/\/www.aclanester56.com\/velo\/wp-content\/gallery\/kerstran-juin-2015-juniors\/thumbs\/thumbs_Auray-Kerstran-juin-2015-134.JPG?t=1434919546\"\n\t\t\tdata-image-id=\"9246\"\n\t\t\tdata-image-name=\"Auray-Kerstran-juin-2015-134.JPG\"\n\t\t\tdata-title=\"Auray-Kerstran-juin-2015-134\"\n\t\t\tdata-description=\"\"\n\t\t\tdata-image-slug=\"auray-kerstran-juin-2015-134\"\n\t\t\t\t\t\t\t\t\t\t\t\t\t\t\t\t\t\t\t\tclass=\"ngg-simplelightbox\" rel=\"c0120893db30ceaf565b3164804cb4ab\">\n\t\t\t\t\t\t\t\t<img\n\t\t\t\t\ttitle=\"Auray-Kerstran-juin-2015-134\"\n\t\t\t\t\talt=\"Auray-Kerstran-juin-2015-134\"\n\t\t\t\t\tsrc=\"https:\/\/www.aclanester56.com\/velo\/wp-content\/gallery\/kerstran-juin-2015-juniors\/thumbs\/thumbs_Auray-Kerstran-juin-2015-134.JPG?t=1434919546\"\n\t\t\t\t\twidth=\"100\"\n\t\t\t\t\theight=\"100\"\n\t\t\t\t\tstyle=\"max-width:100%;\"\n\t\t\t\t\/>\n\t\t\t<\/a>\n\t\t<\/div>\n\t\t\t\t\t\t\t<\/div>\n\t\t\t\n\t\t\t\t<div id=\"ngg-image-28\" class=\"ngg-gallery-thumbnail-box\n\t\t\t\t\t\t\t\t\t\t\t\"\n\t\t\t>\n\t\t\t\t\t\t<div class=\"ngg-gallery-thumbnail\">\n\t\t<a href=\"https:\/\/www.aclanester56.com\/velo\/wp-content\/gallery\/kerstran-juin-2015-juniors\/Auray-Kerstran-juin-2015-075.JPG?t=1434919471\"\n\t\t\ttitle=\"\"\n\t\t\tdata-src=\"https:\/\/www.aclanester56.com\/velo\/wp-content\/gallery\/kerstran-juin-2015-juniors\/Auray-Kerstran-juin-2015-075.JPG?t=1434919471\"\n\t\t\tdata-thumbnail=\"https:\/\/www.aclanester56.com\/velo\/wp-content\/gallery\/kerstran-juin-2015-juniors\/thumbs\/thumbs_Auray-Kerstran-juin-2015-075.JPG?t=1434919471\"\n\t\t\tdata-image-id=\"9217\"\n\t\t\tdata-image-name=\"Auray-Kerstran-juin-2015-075.JPG\"\n\t\t\tdata-title=\"Auray-Kerstran-juin-2015-075\"\n\t\t\tdata-description=\"\"\n\t\t\tdata-image-slug=\"auray-kerstran-juin-2015-075\"\n\t\t\t\t\t\t\t\t\t\t\t\t\t\t\t\t\t\t\t\tclass=\"ngg-simplelightbox\" rel=\"c0120893db30ceaf565b3164804cb4ab\">\n\t\t\t\t\t\t\t\t<img\n\t\t\t\t\ttitle=\"Auray-Kerstran-juin-2015-075\"\n\t\t\t\t\talt=\"Auray-Kerstran-juin-2015-075\"\n\t\t\t\t\tsrc=\"https:\/\/www.aclanester56.com\/velo\/wp-content\/gallery\/kerstran-juin-2015-juniors\/thumbs\/thumbs_Auray-Kerstran-juin-2015-075.JPG?t=1434919471\"\n\t\t\t\t\twidth=\"100\"\n\t\t\t\t\theight=\"100\"\n\t\t\t\t\tstyle=\"max-width:100%;\"\n\t\t\t\t\/>\n\t\t\t<\/a>\n\t\t<\/div>\n\t\t\t\t\t\t\t<\/div>\n\t\t\t\n\t\t\t\t<div id=\"ngg-image-29\" class=\"ngg-gallery-thumbnail-box\n\t\t\t\t\t\t\t\t\t\t\t\"\n\t\t\t>\n\t\t\t\t\t\t<div class=\"ngg-gallery-thumbnail\">\n\t\t<a href=\"https:\/\/www.aclanester56.com\/velo\/wp-content\/gallery\/kerstran-juin-2015-juniors\/Auray-Kerstran-juin-2015-127.JPG?t=1434919540\"\n\t\t\ttitle=\"\"\n\t\t\tdata-src=\"https:\/\/www.aclanester56.com\/velo\/wp-content\/gallery\/kerstran-juin-2015-juniors\/Auray-Kerstran-juin-2015-127.JPG?t=1434919540\"\n\t\t\tdata-thumbnail=\"https:\/\/www.aclanester56.com\/velo\/wp-content\/gallery\/kerstran-juin-2015-juniors\/thumbs\/thumbs_Auray-Kerstran-juin-2015-127.JPG?t=1434919540\"\n\t\t\tdata-image-id=\"9244\"\n\t\t\tdata-image-name=\"Auray-Kerstran-juin-2015-127.JPG\"\n\t\t\tdata-title=\"Auray-Kerstran-juin-2015-127\"\n\t\t\tdata-description=\"\"\n\t\t\tdata-image-slug=\"auray-kerstran-juin-2015-127\"\n\t\t\t\t\t\t\t\t\t\t\t\t\t\t\t\t\t\t\t\tclass=\"ngg-simplelightbox\" rel=\"c0120893db30ceaf565b3164804cb4ab\">\n\t\t\t\t\t\t\t\t<img\n\t\t\t\t\ttitle=\"Auray-Kerstran-juin-2015-127\"\n\t\t\t\t\talt=\"Auray-Kerstran-juin-2015-127\"\n\t\t\t\t\tsrc=\"https:\/\/www.aclanester56.com\/velo\/wp-content\/gallery\/kerstran-juin-2015-juniors\/thumbs\/thumbs_Auray-Kerstran-juin-2015-127.JPG?t=1434919540\"\n\t\t\t\t\twidth=\"100\"\n\t\t\t\t\theight=\"100\"\n\t\t\t\t\tstyle=\"max-width:100%;\"\n\t\t\t\t\/>\n\t\t\t<\/a>\n\t\t<\/div>\n\t\t\t\t\t\t\t<\/div>\n\t\t\t\n\t\t\t\t<div id=\"ngg-image-30\" class=\"ngg-gallery-thumbnail-box\n\t\t\t\t\t\t\t\t\t\t\t\"\n\t\t\t>\n\t\t\t\t\t\t<div class=\"ngg-gallery-thumbnail\">\n\t\t<a href=\"https:\/\/www.aclanester56.com\/velo\/wp-content\/gallery\/kerstran-juin-2015-juniors\/Auray-Kerstran-juin-2015-123.JPG?t=1434919538\"\n\t\t\ttitle=\"\"\n\t\t\tdata-src=\"https:\/\/www.aclanester56.com\/velo\/wp-content\/gallery\/kerstran-juin-2015-juniors\/Auray-Kerstran-juin-2015-123.JPG?t=1434919538\"\n\t\t\tdata-thumbnail=\"https:\/\/www.aclanester56.com\/velo\/wp-content\/gallery\/kerstran-juin-2015-juniors\/thumbs\/thumbs_Auray-Kerstran-juin-2015-123.JPG?t=1434919538\"\n\t\t\tdata-image-id=\"9243\"\n\t\t\tdata-image-name=\"Auray-Kerstran-juin-2015-123.JPG\"\n\t\t\tdata-title=\"Auray-Kerstran-juin-2015-123\"\n\t\t\tdata-description=\"\"\n\t\t\tdata-image-slug=\"auray-kerstran-juin-2015-123\"\n\t\t\t\t\t\t\t\t\t\t\t\t\t\t\t\t\t\t\t\tclass=\"ngg-simplelightbox\" rel=\"c0120893db30ceaf565b3164804cb4ab\">\n\t\t\t\t\t\t\t\t<img\n\t\t\t\t\ttitle=\"Auray-Kerstran-juin-2015-123\"\n\t\t\t\t\talt=\"Auray-Kerstran-juin-2015-123\"\n\t\t\t\t\tsrc=\"https:\/\/www.aclanester56.com\/velo\/wp-content\/gallery\/kerstran-juin-2015-juniors\/thumbs\/thumbs_Auray-Kerstran-juin-2015-123.JPG?t=1434919538\"\n\t\t\t\t\twidth=\"100\"\n\t\t\t\t\theight=\"100\"\n\t\t\t\t\tstyle=\"max-width:100%;\"\n\t\t\t\t\/>\n\t\t\t<\/a>\n\t\t<\/div>\n\t\t\t\t\t\t\t<\/div>\n\t\t\t\n\t\t\t\t<div id=\"ngg-image-31\" class=\"ngg-gallery-thumbnail-box\n\t\t\t\t\t\t\t\t\t\t\t\"\n\t\t\t>\n\t\t\t\t\t\t<div class=\"ngg-gallery-thumbnail\">\n\t\t<a href=\"https:\/\/www.aclanester56.com\/velo\/wp-content\/gallery\/kerstran-juin-2015-juniors\/Auray-Kerstran-juin-2015-122.JPG?t=1434919535\"\n\t\t\ttitle=\"\"\n\t\t\tdata-src=\"https:\/\/www.aclanester56.com\/velo\/wp-content\/gallery\/kerstran-juin-2015-juniors\/Auray-Kerstran-juin-2015-122.JPG?t=1434919535\"\n\t\t\tdata-thumbnail=\"https:\/\/www.aclanester56.com\/velo\/wp-content\/gallery\/kerstran-juin-2015-juniors\/thumbs\/thumbs_Auray-Kerstran-juin-2015-122.JPG?t=1434919535\"\n\t\t\tdata-image-id=\"9242\"\n\t\t\tdata-image-name=\"Auray-Kerstran-juin-2015-122.JPG\"\n\t\t\tdata-title=\"Auray-Kerstran-juin-2015-122\"\n\t\t\tdata-description=\"\"\n\t\t\tdata-image-slug=\"auray-kerstran-juin-2015-122\"\n\t\t\t\t\t\t\t\t\t\t\t\t\t\t\t\t\t\t\t\tclass=\"ngg-simplelightbox\" rel=\"c0120893db30ceaf565b3164804cb4ab\">\n\t\t\t\t\t\t\t\t<img\n\t\t\t\t\ttitle=\"Auray-Kerstran-juin-2015-122\"\n\t\t\t\t\talt=\"Auray-Kerstran-juin-2015-122\"\n\t\t\t\t\tsrc=\"https:\/\/www.aclanester56.com\/velo\/wp-content\/gallery\/kerstran-juin-2015-juniors\/thumbs\/thumbs_Auray-Kerstran-juin-2015-122.JPG?t=1434919535\"\n\t\t\t\t\twidth=\"100\"\n\t\t\t\t\theight=\"100\"\n\t\t\t\t\tstyle=\"max-width:100%;\"\n\t\t\t\t\/>\n\t\t\t<\/a>\n\t\t<\/div>\n\t\t\t\t\t\t\t<\/div>\n\t\t\t\n\t\t\t\t<div id=\"ngg-image-32\" class=\"ngg-gallery-thumbnail-box\n\t\t\t\t\t\t\t\t\t\t\t\"\n\t\t\t>\n\t\t\t\t\t\t<div class=\"ngg-gallery-thumbnail\">\n\t\t<a href=\"https:\/\/www.aclanester56.com\/velo\/wp-content\/gallery\/kerstran-juin-2015-juniors\/Auray-Kerstran-juin-2015-117.JPG?t=1434919532\"\n\t\t\ttitle=\"\"\n\t\t\tdata-src=\"https:\/\/www.aclanester56.com\/velo\/wp-content\/gallery\/kerstran-juin-2015-juniors\/Auray-Kerstran-juin-2015-117.JPG?t=1434919532\"\n\t\t\tdata-thumbnail=\"https:\/\/www.aclanester56.com\/velo\/wp-content\/gallery\/kerstran-juin-2015-juniors\/thumbs\/thumbs_Auray-Kerstran-juin-2015-117.JPG?t=1434919532\"\n\t\t\tdata-image-id=\"9241\"\n\t\t\tdata-image-name=\"Auray-Kerstran-juin-2015-117.JPG\"\n\t\t\tdata-title=\"Auray-Kerstran-juin-2015-117\"\n\t\t\tdata-description=\"\"\n\t\t\tdata-image-slug=\"auray-kerstran-juin-2015-117\"\n\t\t\t\t\t\t\t\t\t\t\t\t\t\t\t\t\t\t\t\tclass=\"ngg-simplelightbox\" rel=\"c0120893db30ceaf565b3164804cb4ab\">\n\t\t\t\t\t\t\t\t<img\n\t\t\t\t\ttitle=\"Auray-Kerstran-juin-2015-117\"\n\t\t\t\t\talt=\"Auray-Kerstran-juin-2015-117\"\n\t\t\t\t\tsrc=\"https:\/\/www.aclanester56.com\/velo\/wp-content\/gallery\/kerstran-juin-2015-juniors\/thumbs\/thumbs_Auray-Kerstran-juin-2015-117.JPG?t=1434919532\"\n\t\t\t\t\twidth=\"100\"\n\t\t\t\t\theight=\"100\"\n\t\t\t\t\tstyle=\"max-width:100%;\"\n\t\t\t\t\/>\n\t\t\t<\/a>\n\t\t<\/div>\n\t\t\t\t\t\t\t<\/div>\n\t\t\t\n\t\t\t\t<div id=\"ngg-image-33\" class=\"ngg-gallery-thumbnail-box\n\t\t\t\t\t\t\t\t\t\t\t\"\n\t\t\t>\n\t\t\t\t\t\t<div class=\"ngg-gallery-thumbnail\">\n\t\t<a href=\"https:\/\/www.aclanester56.com\/velo\/wp-content\/gallery\/kerstran-juin-2015-juniors\/Auray-Kerstran-juin-2015-116.JPG?t=1434919529\"\n\t\t\ttitle=\"\"\n\t\t\tdata-src=\"https:\/\/www.aclanester56.com\/velo\/wp-content\/gallery\/kerstran-juin-2015-juniors\/Auray-Kerstran-juin-2015-116.JPG?t=1434919529\"\n\t\t\tdata-thumbnail=\"https:\/\/www.aclanester56.com\/velo\/wp-content\/gallery\/kerstran-juin-2015-juniors\/thumbs\/thumbs_Auray-Kerstran-juin-2015-116.JPG?t=1434919529\"\n\t\t\tdata-image-id=\"9240\"\n\t\t\tdata-image-name=\"Auray-Kerstran-juin-2015-116.JPG\"\n\t\t\tdata-title=\"Auray-Kerstran-juin-2015-116\"\n\t\t\tdata-description=\"\"\n\t\t\tdata-image-slug=\"auray-kerstran-juin-2015-116\"\n\t\t\t\t\t\t\t\t\t\t\t\t\t\t\t\t\t\t\t\tclass=\"ngg-simplelightbox\" rel=\"c0120893db30ceaf565b3164804cb4ab\">\n\t\t\t\t\t\t\t\t<img\n\t\t\t\t\ttitle=\"Auray-Kerstran-juin-2015-116\"\n\t\t\t\t\talt=\"Auray-Kerstran-juin-2015-116\"\n\t\t\t\t\tsrc=\"https:\/\/www.aclanester56.com\/velo\/wp-content\/gallery\/kerstran-juin-2015-juniors\/thumbs\/thumbs_Auray-Kerstran-juin-2015-116.JPG?t=1434919529\"\n\t\t\t\t\twidth=\"100\"\n\t\t\t\t\theight=\"100\"\n\t\t\t\t\tstyle=\"max-width:100%;\"\n\t\t\t\t\/>\n\t\t\t<\/a>\n\t\t<\/div>\n\t\t\t\t\t\t\t<\/div>\n\t\t\t\n\t\t\t\t<div id=\"ngg-image-34\" class=\"ngg-gallery-thumbnail-box\n\t\t\t\t\t\t\t\t\t\t\t\"\n\t\t\t>\n\t\t\t\t\t\t<div class=\"ngg-gallery-thumbnail\">\n\t\t<a href=\"https:\/\/www.aclanester56.com\/velo\/wp-content\/gallery\/kerstran-juin-2015-juniors\/Auray-Kerstran-juin-2015-109.JPG?t=1434919527\"\n\t\t\ttitle=\"\"\n\t\t\tdata-src=\"https:\/\/www.aclanester56.com\/velo\/wp-content\/gallery\/kerstran-juin-2015-juniors\/Auray-Kerstran-juin-2015-109.JPG?t=1434919527\"\n\t\t\tdata-thumbnail=\"https:\/\/www.aclanester56.com\/velo\/wp-content\/gallery\/kerstran-juin-2015-juniors\/thumbs\/thumbs_Auray-Kerstran-juin-2015-109.JPG?t=1434919527\"\n\t\t\tdata-image-id=\"9239\"\n\t\t\tdata-image-name=\"Auray-Kerstran-juin-2015-109.JPG\"\n\t\t\tdata-title=\"Auray-Kerstran-juin-2015-109\"\n\t\t\tdata-description=\"\"\n\t\t\tdata-image-slug=\"auray-kerstran-juin-2015-109\"\n\t\t\t\t\t\t\t\t\t\t\t\t\t\t\t\t\t\t\t\tclass=\"ngg-simplelightbox\" rel=\"c0120893db30ceaf565b3164804cb4ab\">\n\t\t\t\t\t\t\t\t<img\n\t\t\t\t\ttitle=\"Auray-Kerstran-juin-2015-109\"\n\t\t\t\t\talt=\"Auray-Kerstran-juin-2015-109\"\n\t\t\t\t\tsrc=\"https:\/\/www.aclanester56.com\/velo\/wp-content\/gallery\/kerstran-juin-2015-juniors\/thumbs\/thumbs_Auray-Kerstran-juin-2015-109.JPG?t=1434919527\"\n\t\t\t\t\twidth=\"100\"\n\t\t\t\t\theight=\"100\"\n\t\t\t\t\tstyle=\"max-width:100%;\"\n\t\t\t\t\/>\n\t\t\t<\/a>\n\t\t<\/div>\n\t\t\t\t\t\t\t<\/div>\n\t\t\t\n\t\t\t\t<div id=\"ngg-image-35\" class=\"ngg-gallery-thumbnail-box\n\t\t\t\t\t\t\t\t\t\t\t\"\n\t\t\t>\n\t\t\t\t\t\t<div class=\"ngg-gallery-thumbnail\">\n\t\t<a href=\"https:\/\/www.aclanester56.com\/velo\/wp-content\/gallery\/kerstran-juin-2015-juniors\/Auray-Kerstran-juin-2015-108.JPG?t=1434919524\"\n\t\t\ttitle=\"\"\n\t\t\tdata-src=\"https:\/\/www.aclanester56.com\/velo\/wp-content\/gallery\/kerstran-juin-2015-juniors\/Auray-Kerstran-juin-2015-108.JPG?t=1434919524\"\n\t\t\tdata-thumbnail=\"https:\/\/www.aclanester56.com\/velo\/wp-content\/gallery\/kerstran-juin-2015-juniors\/thumbs\/thumbs_Auray-Kerstran-juin-2015-108.JPG?t=1434919524\"\n\t\t\tdata-image-id=\"9238\"\n\t\t\tdata-image-name=\"Auray-Kerstran-juin-2015-108.JPG\"\n\t\t\tdata-title=\"Auray-Kerstran-juin-2015-108\"\n\t\t\tdata-description=\"\"\n\t\t\tdata-image-slug=\"auray-kerstran-juin-2015-108\"\n\t\t\t\t\t\t\t\t\t\t\t\t\t\t\t\t\t\t\t\tclass=\"ngg-simplelightbox\" rel=\"c0120893db30ceaf565b3164804cb4ab\">\n\t\t\t\t\t\t\t\t<img\n\t\t\t\t\ttitle=\"Auray-Kerstran-juin-2015-108\"\n\t\t\t\t\talt=\"Auray-Kerstran-juin-2015-108\"\n\t\t\t\t\tsrc=\"https:\/\/www.aclanester56.com\/velo\/wp-content\/gallery\/kerstran-juin-2015-juniors\/thumbs\/thumbs_Auray-Kerstran-juin-2015-108.JPG?t=1434919524\"\n\t\t\t\t\twidth=\"100\"\n\t\t\t\t\theight=\"100\"\n\t\t\t\t\tstyle=\"max-width:100%;\"\n\t\t\t\t\/>\n\t\t\t<\/a>\n\t\t<\/div>\n\t\t\t\t\t\t\t<\/div>\n\t\t\t\n\t\t\t\t<div id=\"ngg-image-36\" class=\"ngg-gallery-thumbnail-box\n\t\t\t\t\t\t\t\t\t\t\t\"\n\t\t\t>\n\t\t\t\t\t\t<div class=\"ngg-gallery-thumbnail\">\n\t\t<a href=\"https:\/\/www.aclanester56.com\/velo\/wp-content\/gallery\/kerstran-juin-2015-juniors\/Auray-Kerstran-juin-2015-107.JPG?t=1434919521\"\n\t\t\ttitle=\"\"\n\t\t\tdata-src=\"https:\/\/www.aclanester56.com\/velo\/wp-content\/gallery\/kerstran-juin-2015-juniors\/Auray-Kerstran-juin-2015-107.JPG?t=1434919521\"\n\t\t\tdata-thumbnail=\"https:\/\/www.aclanester56.com\/velo\/wp-content\/gallery\/kerstran-juin-2015-juniors\/thumbs\/thumbs_Auray-Kerstran-juin-2015-107.JPG?t=1434919521\"\n\t\t\tdata-image-id=\"9237\"\n\t\t\tdata-image-name=\"Auray-Kerstran-juin-2015-107.JPG\"\n\t\t\tdata-title=\"Auray-Kerstran-juin-2015-107\"\n\t\t\tdata-description=\"\"\n\t\t\tdata-image-slug=\"auray-kerstran-juin-2015-107\"\n\t\t\t\t\t\t\t\t\t\t\t\t\t\t\t\t\t\t\t\tclass=\"ngg-simplelightbox\" rel=\"c0120893db30ceaf565b3164804cb4ab\">\n\t\t\t\t\t\t\t\t<img\n\t\t\t\t\ttitle=\"Auray-Kerstran-juin-2015-107\"\n\t\t\t\t\talt=\"Auray-Kerstran-juin-2015-107\"\n\t\t\t\t\tsrc=\"https:\/\/www.aclanester56.com\/velo\/wp-content\/gallery\/kerstran-juin-2015-juniors\/thumbs\/thumbs_Auray-Kerstran-juin-2015-107.JPG?t=1434919521\"\n\t\t\t\t\twidth=\"100\"\n\t\t\t\t\theight=\"100\"\n\t\t\t\t\tstyle=\"max-width:100%;\"\n\t\t\t\t\/>\n\t\t\t<\/a>\n\t\t<\/div>\n\t\t\t\t\t\t\t<\/div>\n\t\t\t\n\t\t\t\t<div id=\"ngg-image-37\" class=\"ngg-gallery-thumbnail-box\n\t\t\t\t\t\t\t\t\t\t\t\"\n\t\t\t>\n\t\t\t\t\t\t<div class=\"ngg-gallery-thumbnail\">\n\t\t<a href=\"https:\/\/www.aclanester56.com\/velo\/wp-content\/gallery\/kerstran-juin-2015-juniors\/Auray-Kerstran-juin-2015-161.JPG?t=1434919396\"\n\t\t\ttitle=\"\"\n\t\t\tdata-src=\"https:\/\/www.aclanester56.com\/velo\/wp-content\/gallery\/kerstran-juin-2015-juniors\/Auray-Kerstran-juin-2015-161.JPG?t=1434919396\"\n\t\t\tdata-thumbnail=\"https:\/\/www.aclanester56.com\/velo\/wp-content\/gallery\/kerstran-juin-2015-juniors\/thumbs\/thumbs_Auray-Kerstran-juin-2015-161.JPG?t=1434919396\"\n\t\t\tdata-image-id=\"9175\"\n\t\t\tdata-image-name=\"Auray-Kerstran-juin-2015-161.JPG\"\n\t\t\tdata-title=\"Auray-Kerstran-juin-2015-161\"\n\t\t\tdata-description=\"\"\n\t\t\tdata-image-slug=\"auray-kerstran-juin-2015-161\"\n\t\t\t\t\t\t\t\t\t\t\t\t\t\t\t\t\t\t\t\tclass=\"ngg-simplelightbox\" rel=\"c0120893db30ceaf565b3164804cb4ab\">\n\t\t\t\t\t\t\t\t<img\n\t\t\t\t\ttitle=\"Auray-Kerstran-juin-2015-161\"\n\t\t\t\t\talt=\"Auray-Kerstran-juin-2015-161\"\n\t\t\t\t\tsrc=\"https:\/\/www.aclanester56.com\/velo\/wp-content\/gallery\/kerstran-juin-2015-juniors\/thumbs\/thumbs_Auray-Kerstran-juin-2015-161.JPG?t=1434919396\"\n\t\t\t\t\twidth=\"100\"\n\t\t\t\t\theight=\"100\"\n\t\t\t\t\tstyle=\"max-width:100%;\"\n\t\t\t\t\/>\n\t\t\t<\/a>\n\t\t<\/div>\n\t\t\t\t\t\t\t<\/div>\n\t\t\t\n\t\t\t\t<div id=\"ngg-image-38\" class=\"ngg-gallery-thumbnail-box\n\t\t\t\t\t\t\t\t\t\t\t\"\n\t\t\t>\n\t\t\t\t\t\t<div class=\"ngg-gallery-thumbnail\">\n\t\t<a href=\"https:\/\/www.aclanester56.com\/velo\/wp-content\/gallery\/kerstran-juin-2015-juniors\/Auray-Kerstran-juin-2015-176.JPG?t=1434919425\"\n\t\t\ttitle=\"\"\n\t\t\tdata-src=\"https:\/\/www.aclanester56.com\/velo\/wp-content\/gallery\/kerstran-juin-2015-juniors\/Auray-Kerstran-juin-2015-176.JPG?t=1434919425\"\n\t\t\tdata-thumbnail=\"https:\/\/www.aclanester56.com\/velo\/wp-content\/gallery\/kerstran-juin-2015-juniors\/thumbs\/thumbs_Auray-Kerstran-juin-2015-176.JPG?t=1434919425\"\n\t\t\tdata-image-id=\"9193\"\n\t\t\tdata-image-name=\"Auray-Kerstran-juin-2015-176.JPG\"\n\t\t\tdata-title=\"Auray-Kerstran-juin-2015-176\"\n\t\t\tdata-description=\"\"\n\t\t\tdata-image-slug=\"auray-kerstran-juin-2015-176\"\n\t\t\t\t\t\t\t\t\t\t\t\t\t\t\t\t\t\t\t\tclass=\"ngg-simplelightbox\" rel=\"c0120893db30ceaf565b3164804cb4ab\">\n\t\t\t\t\t\t\t\t<img\n\t\t\t\t\ttitle=\"Auray-Kerstran-juin-2015-176\"\n\t\t\t\t\talt=\"Auray-Kerstran-juin-2015-176\"\n\t\t\t\t\tsrc=\"https:\/\/www.aclanester56.com\/velo\/wp-content\/gallery\/kerstran-juin-2015-juniors\/thumbs\/thumbs_Auray-Kerstran-juin-2015-176.JPG?t=1434919425\"\n\t\t\t\t\twidth=\"100\"\n\t\t\t\t\theight=\"100\"\n\t\t\t\t\tstyle=\"max-width:100%;\"\n\t\t\t\t\/>\n\t\t\t<\/a>\n\t\t<\/div>\n\t\t\t\t\t\t\t<\/div>\n\t\t\t\n\t\t\t\t<div id=\"ngg-image-39\" class=\"ngg-gallery-thumbnail-box\n\t\t\t\t\t\t\t\t\t\t\t\"\n\t\t\t>\n\t\t\t\t\t\t<div class=\"ngg-gallery-thumbnail\">\n\t\t<a href=\"https:\/\/www.aclanester56.com\/velo\/wp-content\/gallery\/kerstran-juin-2015-juniors\/Auray-Kerstran-juin-2015-175.JPG?t=1434919422\"\n\t\t\ttitle=\"\"\n\t\t\tdata-src=\"https:\/\/www.aclanester56.com\/velo\/wp-content\/gallery\/kerstran-juin-2015-juniors\/Auray-Kerstran-juin-2015-175.JPG?t=1434919422\"\n\t\t\tdata-thumbnail=\"https:\/\/www.aclanester56.com\/velo\/wp-content\/gallery\/kerstran-juin-2015-juniors\/thumbs\/thumbs_Auray-Kerstran-juin-2015-175.JPG?t=1434919422\"\n\t\t\tdata-image-id=\"9191\"\n\t\t\tdata-image-name=\"Auray-Kerstran-juin-2015-175.JPG\"\n\t\t\tdata-title=\"Auray-Kerstran-juin-2015-175\"\n\t\t\tdata-description=\"\"\n\t\t\tdata-image-slug=\"auray-kerstran-juin-2015-175\"\n\t\t\t\t\t\t\t\t\t\t\t\t\t\t\t\t\t\t\t\tclass=\"ngg-simplelightbox\" rel=\"c0120893db30ceaf565b3164804cb4ab\">\n\t\t\t\t\t\t\t\t<img\n\t\t\t\t\ttitle=\"Auray-Kerstran-juin-2015-175\"\n\t\t\t\t\talt=\"Auray-Kerstran-juin-2015-175\"\n\t\t\t\t\tsrc=\"https:\/\/www.aclanester56.com\/velo\/wp-content\/gallery\/kerstran-juin-2015-juniors\/thumbs\/thumbs_Auray-Kerstran-juin-2015-175.JPG?t=1434919422\"\n\t\t\t\t\twidth=\"100\"\n\t\t\t\t\theight=\"100\"\n\t\t\t\t\tstyle=\"max-width:100%;\"\n\t\t\t\t\/>\n\t\t\t<\/a>\n\t\t<\/div>\n\t\t\t\t\t\t\t<\/div>\n\t\t\t\n\t\t\t\t<div id=\"ngg-image-40\" class=\"ngg-gallery-thumbnail-box\n\t\t\t\t\t\t\t\t\t\t\t\"\n\t\t\t>\n\t\t\t\t\t\t<div class=\"ngg-gallery-thumbnail\">\n\t\t<a href=\"https:\/\/www.aclanester56.com\/velo\/wp-content\/gallery\/kerstran-juin-2015-juniors\/Auray-Kerstran-juin-2015-174.JPG?t=1434919419\"\n\t\t\ttitle=\"\"\n\t\t\tdata-src=\"https:\/\/www.aclanester56.com\/velo\/wp-content\/gallery\/kerstran-juin-2015-juniors\/Auray-Kerstran-juin-2015-174.JPG?t=1434919419\"\n\t\t\tdata-thumbnail=\"https:\/\/www.aclanester56.com\/velo\/wp-content\/gallery\/kerstran-juin-2015-juniors\/thumbs\/thumbs_Auray-Kerstran-juin-2015-174.JPG?t=1434919419\"\n\t\t\tdata-image-id=\"9189\"\n\t\t\tdata-image-name=\"Auray-Kerstran-juin-2015-174.JPG\"\n\t\t\tdata-title=\"Auray-Kerstran-juin-2015-174\"\n\t\t\tdata-description=\"\"\n\t\t\tdata-image-slug=\"auray-kerstran-juin-2015-174\"\n\t\t\t\t\t\t\t\t\t\t\t\t\t\t\t\t\t\t\t\tclass=\"ngg-simplelightbox\" rel=\"c0120893db30ceaf565b3164804cb4ab\">\n\t\t\t\t\t\t\t\t<img\n\t\t\t\t\ttitle=\"Auray-Kerstran-juin-2015-174\"\n\t\t\t\t\talt=\"Auray-Kerstran-juin-2015-174\"\n\t\t\t\t\tsrc=\"https:\/\/www.aclanester56.com\/velo\/wp-content\/gallery\/kerstran-juin-2015-juniors\/thumbs\/thumbs_Auray-Kerstran-juin-2015-174.JPG?t=1434919419\"\n\t\t\t\t\twidth=\"100\"\n\t\t\t\t\theight=\"100\"\n\t\t\t\t\tstyle=\"max-width:100%;\"\n\t\t\t\t\/>\n\t\t\t<\/a>\n\t\t<\/div>\n\t\t\t\t\t\t\t<\/div>\n\t\t\t\n\t\t\t\t<div id=\"ngg-image-41\" class=\"ngg-gallery-thumbnail-box\n\t\t\t\t\t\t\t\t\t\t\t\"\n\t\t\t>\n\t\t\t\t\t\t<div class=\"ngg-gallery-thumbnail\">\n\t\t<a href=\"https:\/\/www.aclanester56.com\/velo\/wp-content\/gallery\/kerstran-juin-2015-juniors\/Auray-Kerstran-juin-2015-170.JPG?t=1434919415\"\n\t\t\ttitle=\"\"\n\t\t\tdata-src=\"https:\/\/www.aclanester56.com\/velo\/wp-content\/gallery\/kerstran-juin-2015-juniors\/Auray-Kerstran-juin-2015-170.JPG?t=1434919415\"\n\t\t\tdata-thumbnail=\"https:\/\/www.aclanester56.com\/velo\/wp-content\/gallery\/kerstran-juin-2015-juniors\/thumbs\/thumbs_Auray-Kerstran-juin-2015-170.JPG?t=1434919415\"\n\t\t\tdata-image-id=\"9186\"\n\t\t\tdata-image-name=\"Auray-Kerstran-juin-2015-170.JPG\"\n\t\t\tdata-title=\"Auray-Kerstran-juin-2015-170\"\n\t\t\tdata-description=\"\"\n\t\t\tdata-image-slug=\"auray-kerstran-juin-2015-170\"\n\t\t\t\t\t\t\t\t\t\t\t\t\t\t\t\t\t\t\t\tclass=\"ngg-simplelightbox\" rel=\"c0120893db30ceaf565b3164804cb4ab\">\n\t\t\t\t\t\t\t\t<img\n\t\t\t\t\ttitle=\"Auray-Kerstran-juin-2015-170\"\n\t\t\t\t\talt=\"Auray-Kerstran-juin-2015-170\"\n\t\t\t\t\tsrc=\"https:\/\/www.aclanester56.com\/velo\/wp-content\/gallery\/kerstran-juin-2015-juniors\/thumbs\/thumbs_Auray-Kerstran-juin-2015-170.JPG?t=1434919415\"\n\t\t\t\t\twidth=\"100\"\n\t\t\t\t\theight=\"100\"\n\t\t\t\t\tstyle=\"max-width:100%;\"\n\t\t\t\t\/>\n\t\t\t<\/a>\n\t\t<\/div>\n\t\t\t\t\t\t\t<\/div>\n\t\t\t\n\t\t\t\t<div id=\"ngg-image-42\" class=\"ngg-gallery-thumbnail-box\n\t\t\t\t\t\t\t\t\t\t\t\"\n\t\t\t>\n\t\t\t\t\t\t<div class=\"ngg-gallery-thumbnail\">\n\t\t<a href=\"https:\/\/www.aclanester56.com\/velo\/wp-content\/gallery\/kerstran-juin-2015-juniors\/Auray-Kerstran-juin-2015-169.JPG?t=1434919412\"\n\t\t\ttitle=\"\"\n\t\t\tdata-src=\"https:\/\/www.aclanester56.com\/velo\/wp-content\/gallery\/kerstran-juin-2015-juniors\/Auray-Kerstran-juin-2015-169.JPG?t=1434919412\"\n\t\t\tdata-thumbnail=\"https:\/\/www.aclanester56.com\/velo\/wp-content\/gallery\/kerstran-juin-2015-juniors\/thumbs\/thumbs_Auray-Kerstran-juin-2015-169.JPG?t=1434919412\"\n\t\t\tdata-image-id=\"9184\"\n\t\t\tdata-image-name=\"Auray-Kerstran-juin-2015-169.JPG\"\n\t\t\tdata-title=\"Auray-Kerstran-juin-2015-169\"\n\t\t\tdata-description=\"\"\n\t\t\tdata-image-slug=\"auray-kerstran-juin-2015-169\"\n\t\t\t\t\t\t\t\t\t\t\t\t\t\t\t\t\t\t\t\tclass=\"ngg-simplelightbox\" rel=\"c0120893db30ceaf565b3164804cb4ab\">\n\t\t\t\t\t\t\t\t<img\n\t\t\t\t\ttitle=\"Auray-Kerstran-juin-2015-169\"\n\t\t\t\t\talt=\"Auray-Kerstran-juin-2015-169\"\n\t\t\t\t\tsrc=\"https:\/\/www.aclanester56.com\/velo\/wp-content\/gallery\/kerstran-juin-2015-juniors\/thumbs\/thumbs_Auray-Kerstran-juin-2015-169.JPG?t=1434919412\"\n\t\t\t\t\twidth=\"100\"\n\t\t\t\t\theight=\"100\"\n\t\t\t\t\tstyle=\"max-width:100%;\"\n\t\t\t\t\/>\n\t\t\t<\/a>\n\t\t<\/div>\n\t\t\t\t\t\t\t<\/div>\n\t\t\t\n\t\t\t\t<div id=\"ngg-image-43\" class=\"ngg-gallery-thumbnail-box\n\t\t\t\t\t\t\t\t\t\t\t\"\n\t\t\t>\n\t\t\t\t\t\t<div class=\"ngg-gallery-thumbnail\">\n\t\t<a href=\"https:\/\/www.aclanester56.com\/velo\/wp-content\/gallery\/kerstran-juin-2015-juniors\/Auray-Kerstran-juin-2015-167.JPG?t=1434919408\"\n\t\t\ttitle=\"\"\n\t\t\tdata-src=\"https:\/\/www.aclanester56.com\/velo\/wp-content\/gallery\/kerstran-juin-2015-juniors\/Auray-Kerstran-juin-2015-167.JPG?t=1434919408\"\n\t\t\tdata-thumbnail=\"https:\/\/www.aclanester56.com\/velo\/wp-content\/gallery\/kerstran-juin-2015-juniors\/thumbs\/thumbs_Auray-Kerstran-juin-2015-167.JPG?t=1434919408\"\n\t\t\tdata-image-id=\"9182\"\n\t\t\tdata-image-name=\"Auray-Kerstran-juin-2015-167.JPG\"\n\t\t\tdata-title=\"Auray-Kerstran-juin-2015-167\"\n\t\t\tdata-description=\"\"\n\t\t\tdata-image-slug=\"auray-kerstran-juin-2015-167\"\n\t\t\t\t\t\t\t\t\t\t\t\t\t\t\t\t\t\t\t\tclass=\"ngg-simplelightbox\" rel=\"c0120893db30ceaf565b3164804cb4ab\">\n\t\t\t\t\t\t\t\t<img\n\t\t\t\t\ttitle=\"Auray-Kerstran-juin-2015-167\"\n\t\t\t\t\talt=\"Auray-Kerstran-juin-2015-167\"\n\t\t\t\t\tsrc=\"https:\/\/www.aclanester56.com\/velo\/wp-content\/gallery\/kerstran-juin-2015-juniors\/thumbs\/thumbs_Auray-Kerstran-juin-2015-167.JPG?t=1434919408\"\n\t\t\t\t\twidth=\"100\"\n\t\t\t\t\theight=\"100\"\n\t\t\t\t\tstyle=\"max-width:100%;\"\n\t\t\t\t\/>\n\t\t\t<\/a>\n\t\t<\/div>\n\t\t\t\t\t\t\t<\/div>\n\t\t\t\n\t\t\t\t<div id=\"ngg-image-44\" class=\"ngg-gallery-thumbnail-box\n\t\t\t\t\t\t\t\t\t\t\t\"\n\t\t\t>\n\t\t\t\t\t\t<div class=\"ngg-gallery-thumbnail\">\n\t\t<a href=\"https:\/\/www.aclanester56.com\/velo\/wp-content\/gallery\/kerstran-juin-2015-juniors\/Auray-Kerstran-juin-2015-166.JPG?t=1434919404\"\n\t\t\ttitle=\"\"\n\t\t\tdata-src=\"https:\/\/www.aclanester56.com\/velo\/wp-content\/gallery\/kerstran-juin-2015-juniors\/Auray-Kerstran-juin-2015-166.JPG?t=1434919404\"\n\t\t\tdata-thumbnail=\"https:\/\/www.aclanester56.com\/velo\/wp-content\/gallery\/kerstran-juin-2015-juniors\/thumbs\/thumbs_Auray-Kerstran-juin-2015-166.JPG?t=1434919404\"\n\t\t\tdata-image-id=\"9180\"\n\t\t\tdata-image-name=\"Auray-Kerstran-juin-2015-166.JPG\"\n\t\t\tdata-title=\"Auray-Kerstran-juin-2015-166\"\n\t\t\tdata-description=\"\"\n\t\t\tdata-image-slug=\"auray-kerstran-juin-2015-166\"\n\t\t\t\t\t\t\t\t\t\t\t\t\t\t\t\t\t\t\t\tclass=\"ngg-simplelightbox\" rel=\"c0120893db30ceaf565b3164804cb4ab\">\n\t\t\t\t\t\t\t\t<img\n\t\t\t\t\ttitle=\"Auray-Kerstran-juin-2015-166\"\n\t\t\t\t\talt=\"Auray-Kerstran-juin-2015-166\"\n\t\t\t\t\tsrc=\"https:\/\/www.aclanester56.com\/velo\/wp-content\/gallery\/kerstran-juin-2015-juniors\/thumbs\/thumbs_Auray-Kerstran-juin-2015-166.JPG?t=1434919404\"\n\t\t\t\t\twidth=\"100\"\n\t\t\t\t\theight=\"100\"\n\t\t\t\t\tstyle=\"max-width:100%;\"\n\t\t\t\t\/>\n\t\t\t<\/a>\n\t\t<\/div>\n\t\t\t\t\t\t\t<\/div>\n\t\t\t\n\t\t\t\t<div id=\"ngg-image-45\" class=\"ngg-gallery-thumbnail-box\n\t\t\t\t\t\t\t\t\t\t\t\"\n\t\t\t>\n\t\t\t\t\t\t<div class=\"ngg-gallery-thumbnail\">\n\t\t<a href=\"https:\/\/www.aclanester56.com\/velo\/wp-content\/gallery\/kerstran-juin-2015-juniors\/Auray-Kerstran-juin-2015-164.JPG?t=1434919401\"\n\t\t\ttitle=\"\"\n\t\t\tdata-src=\"https:\/\/www.aclanester56.com\/velo\/wp-content\/gallery\/kerstran-juin-2015-juniors\/Auray-Kerstran-juin-2015-164.JPG?t=1434919401\"\n\t\t\tdata-thumbnail=\"https:\/\/www.aclanester56.com\/velo\/wp-content\/gallery\/kerstran-juin-2015-juniors\/thumbs\/thumbs_Auray-Kerstran-juin-2015-164.JPG?t=1434919401\"\n\t\t\tdata-image-id=\"9179\"\n\t\t\tdata-image-name=\"Auray-Kerstran-juin-2015-164.JPG\"\n\t\t\tdata-title=\"Auray-Kerstran-juin-2015-164\"\n\t\t\tdata-description=\"\"\n\t\t\tdata-image-slug=\"auray-kerstran-juin-2015-164\"\n\t\t\t\t\t\t\t\t\t\t\t\t\t\t\t\t\t\t\t\tclass=\"ngg-simplelightbox\" rel=\"c0120893db30ceaf565b3164804cb4ab\">\n\t\t\t\t\t\t\t\t<img\n\t\t\t\t\ttitle=\"Auray-Kerstran-juin-2015-164\"\n\t\t\t\t\talt=\"Auray-Kerstran-juin-2015-164\"\n\t\t\t\t\tsrc=\"https:\/\/www.aclanester56.com\/velo\/wp-content\/gallery\/kerstran-juin-2015-juniors\/thumbs\/thumbs_Auray-Kerstran-juin-2015-164.JPG?t=1434919401\"\n\t\t\t\t\twidth=\"100\"\n\t\t\t\t\theight=\"100\"\n\t\t\t\t\tstyle=\"max-width:100%;\"\n\t\t\t\t\/>\n\t\t\t<\/a>\n\t\t<\/div>\n\t\t\t\t\t\t\t<\/div>\n\t\t\t\n\t\t\t\t<div id=\"ngg-image-46\" class=\"ngg-gallery-thumbnail-box\n\t\t\t\t\t\t\t\t\t\t\t\"\n\t\t\t>\n\t\t\t\t\t\t<div class=\"ngg-gallery-thumbnail\">\n\t\t<a href=\"https:\/\/www.aclanester56.com\/velo\/wp-content\/gallery\/kerstran-juin-2015-juniors\/Auray-Kerstran-juin-2015-162.JPG?t=1434919398\"\n\t\t\ttitle=\"\"\n\t\t\tdata-src=\"https:\/\/www.aclanester56.com\/velo\/wp-content\/gallery\/kerstran-juin-2015-juniors\/Auray-Kerstran-juin-2015-162.JPG?t=1434919398\"\n\t\t\tdata-thumbnail=\"https:\/\/www.aclanester56.com\/velo\/wp-content\/gallery\/kerstran-juin-2015-juniors\/thumbs\/thumbs_Auray-Kerstran-juin-2015-162.JPG?t=1434919398\"\n\t\t\tdata-image-id=\"9177\"\n\t\t\tdata-image-name=\"Auray-Kerstran-juin-2015-162.JPG\"\n\t\t\tdata-title=\"Auray-Kerstran-juin-2015-162\"\n\t\t\tdata-description=\"\"\n\t\t\tdata-image-slug=\"auray-kerstran-juin-2015-162\"\n\t\t\t\t\t\t\t\t\t\t\t\t\t\t\t\t\t\t\t\tclass=\"ngg-simplelightbox\" rel=\"c0120893db30ceaf565b3164804cb4ab\">\n\t\t\t\t\t\t\t\t<img\n\t\t\t\t\ttitle=\"Auray-Kerstran-juin-2015-162\"\n\t\t\t\t\talt=\"Auray-Kerstran-juin-2015-162\"\n\t\t\t\t\tsrc=\"https:\/\/www.aclanester56.com\/velo\/wp-content\/gallery\/kerstran-juin-2015-juniors\/thumbs\/thumbs_Auray-Kerstran-juin-2015-162.JPG?t=1434919398\"\n\t\t\t\t\twidth=\"100\"\n\t\t\t\t\theight=\"100\"\n\t\t\t\t\tstyle=\"max-width:100%;\"\n\t\t\t\t\/>\n\t\t\t<\/a>\n\t\t<\/div>\n\t\t\t\t\t\t\t<\/div>\n\t\t\t\n\t\t\t\t<div id=\"ngg-image-47\" class=\"ngg-gallery-thumbnail-box\n\t\t\t\t\t\t\t\t\t\t\t\"\n\t\t\t>\n\t\t\t\t\t\t<div class=\"ngg-gallery-thumbnail\">\n\t\t<a href=\"https:\/\/www.aclanester56.com\/velo\/wp-content\/gallery\/kerstran-juin-2015-juniors\/Auray-Kerstran-juin-2015-177.JPG?t=1434919428\"\n\t\t\ttitle=\"\"\n\t\t\tdata-src=\"https:\/\/www.aclanester56.com\/velo\/wp-content\/gallery\/kerstran-juin-2015-juniors\/Auray-Kerstran-juin-2015-177.JPG?t=1434919428\"\n\t\t\tdata-thumbnail=\"https:\/\/www.aclanester56.com\/velo\/wp-content\/gallery\/kerstran-juin-2015-juniors\/thumbs\/thumbs_Auray-Kerstran-juin-2015-177.JPG?t=1434919428\"\n\t\t\tdata-image-id=\"9195\"\n\t\t\tdata-image-name=\"Auray-Kerstran-juin-2015-177.JPG\"\n\t\t\tdata-title=\"Auray-Kerstran-juin-2015-177\"\n\t\t\tdata-description=\"\"\n\t\t\tdata-image-slug=\"auray-kerstran-juin-2015-177\"\n\t\t\t\t\t\t\t\t\t\t\t\t\t\t\t\t\t\t\t\tclass=\"ngg-simplelightbox\" rel=\"c0120893db30ceaf565b3164804cb4ab\">\n\t\t\t\t\t\t\t\t<img\n\t\t\t\t\ttitle=\"Auray-Kerstran-juin-2015-177\"\n\t\t\t\t\talt=\"Auray-Kerstran-juin-2015-177\"\n\t\t\t\t\tsrc=\"https:\/\/www.aclanester56.com\/velo\/wp-content\/gallery\/kerstran-juin-2015-juniors\/thumbs\/thumbs_Auray-Kerstran-juin-2015-177.JPG?t=1434919428\"\n\t\t\t\t\twidth=\"100\"\n\t\t\t\t\theight=\"100\"\n\t\t\t\t\tstyle=\"max-width:100%;\"\n\t\t\t\t\/>\n\t\t\t<\/a>\n\t\t<\/div>\n\t\t\t\t\t\t\t<\/div>\n\t\t\t\n\t\t\t\t<div id=\"ngg-image-48\" class=\"ngg-gallery-thumbnail-box\n\t\t\t\t\t\t\t\t\t\t\t\"\n\t\t\t>\n\t\t\t\t\t\t<div class=\"ngg-gallery-thumbnail\">\n\t\t<a href=\"https:\/\/www.aclanester56.com\/velo\/wp-content\/gallery\/kerstran-juin-2015-juniors\/Auray-Kerstran-juin-2015-160.JPG?t=1434919394\"\n\t\t\ttitle=\"\"\n\t\t\tdata-src=\"https:\/\/www.aclanester56.com\/velo\/wp-content\/gallery\/kerstran-juin-2015-juniors\/Auray-Kerstran-juin-2015-160.JPG?t=1434919394\"\n\t\t\tdata-thumbnail=\"https:\/\/www.aclanester56.com\/velo\/wp-content\/gallery\/kerstran-juin-2015-juniors\/thumbs\/thumbs_Auray-Kerstran-juin-2015-160.JPG?t=1434919394\"\n\t\t\tdata-image-id=\"9174\"\n\t\t\tdata-image-name=\"Auray-Kerstran-juin-2015-160.JPG\"\n\t\t\tdata-title=\"Auray-Kerstran-juin-2015-160\"\n\t\t\tdata-description=\"\"\n\t\t\tdata-image-slug=\"auray-kerstran-juin-2015-160\"\n\t\t\t\t\t\t\t\t\t\t\t\t\t\t\t\t\t\t\t\tclass=\"ngg-simplelightbox\" rel=\"c0120893db30ceaf565b3164804cb4ab\">\n\t\t\t\t\t\t\t\t<img\n\t\t\t\t\ttitle=\"Auray-Kerstran-juin-2015-160\"\n\t\t\t\t\talt=\"Auray-Kerstran-juin-2015-160\"\n\t\t\t\t\tsrc=\"https:\/\/www.aclanester56.com\/velo\/wp-content\/gallery\/kerstran-juin-2015-juniors\/thumbs\/thumbs_Auray-Kerstran-juin-2015-160.JPG?t=1434919394\"\n\t\t\t\t\twidth=\"100\"\n\t\t\t\t\theight=\"100\"\n\t\t\t\t\tstyle=\"max-width:100%;\"\n\t\t\t\t\/>\n\t\t\t<\/a>\n\t\t<\/div>\n\t\t\t\t\t\t\t<\/div>\n\t\t\t\n\t\t\t\t<div id=\"ngg-image-49\" class=\"ngg-gallery-thumbnail-box\n\t\t\t\t\t\t\t\t\t\t\t\"\n\t\t\t>\n\t\t\t\t\t\t<div class=\"ngg-gallery-thumbnail\">\n\t\t<a href=\"https:\/\/www.aclanester56.com\/velo\/wp-content\/gallery\/kerstran-juin-2015-juniors\/Auray-Kerstran-juin-2015-159.JPG?t=1434919391\"\n\t\t\ttitle=\"\"\n\t\t\tdata-src=\"https:\/\/www.aclanester56.com\/velo\/wp-content\/gallery\/kerstran-juin-2015-juniors\/Auray-Kerstran-juin-2015-159.JPG?t=1434919391\"\n\t\t\tdata-thumbnail=\"https:\/\/www.aclanester56.com\/velo\/wp-content\/gallery\/kerstran-juin-2015-juniors\/thumbs\/thumbs_Auray-Kerstran-juin-2015-159.JPG?t=1434919391\"\n\t\t\tdata-image-id=\"9172\"\n\t\t\tdata-image-name=\"Auray-Kerstran-juin-2015-159.JPG\"\n\t\t\tdata-title=\"Auray-Kerstran-juin-2015-159\"\n\t\t\tdata-description=\"\"\n\t\t\tdata-image-slug=\"auray-kerstran-juin-2015-159\"\n\t\t\t\t\t\t\t\t\t\t\t\t\t\t\t\t\t\t\t\tclass=\"ngg-simplelightbox\" rel=\"c0120893db30ceaf565b3164804cb4ab\">\n\t\t\t\t\t\t\t\t<img\n\t\t\t\t\ttitle=\"Auray-Kerstran-juin-2015-159\"\n\t\t\t\t\talt=\"Auray-Kerstran-juin-2015-159\"\n\t\t\t\t\tsrc=\"https:\/\/www.aclanester56.com\/velo\/wp-content\/gallery\/kerstran-juin-2015-juniors\/thumbs\/thumbs_Auray-Kerstran-juin-2015-159.JPG?t=1434919391\"\n\t\t\t\t\twidth=\"100\"\n\t\t\t\t\theight=\"100\"\n\t\t\t\t\tstyle=\"max-width:100%;\"\n\t\t\t\t\/>\n\t\t\t<\/a>\n\t\t<\/div>\n\t\t\t\t\t\t\t<\/div>\n\t\t\t\n\t\t\t\t<div id=\"ngg-image-50\" class=\"ngg-gallery-thumbnail-box\n\t\t\t\t\t\t\t\t\t\t\t\"\n\t\t\t>\n\t\t\t\t\t\t<div class=\"ngg-gallery-thumbnail\">\n\t\t<a href=\"https:\/\/www.aclanester56.com\/velo\/wp-content\/gallery\/kerstran-juin-2015-juniors\/Auray-Kerstran-juin-2015-158.JPG?t=1434919388\"\n\t\t\ttitle=\"\"\n\t\t\tdata-src=\"https:\/\/www.aclanester56.com\/velo\/wp-content\/gallery\/kerstran-juin-2015-juniors\/Auray-Kerstran-juin-2015-158.JPG?t=1434919388\"\n\t\t\tdata-thumbnail=\"https:\/\/www.aclanester56.com\/velo\/wp-content\/gallery\/kerstran-juin-2015-juniors\/thumbs\/thumbs_Auray-Kerstran-juin-2015-158.JPG?t=1434919388\"\n\t\t\tdata-image-id=\"9170\"\n\t\t\tdata-image-name=\"Auray-Kerstran-juin-2015-158.JPG\"\n\t\t\tdata-title=\"Auray-Kerstran-juin-2015-158\"\n\t\t\tdata-description=\"\"\n\t\t\tdata-image-slug=\"auray-kerstran-juin-2015-158\"\n\t\t\t\t\t\t\t\t\t\t\t\t\t\t\t\t\t\t\t\tclass=\"ngg-simplelightbox\" rel=\"c0120893db30ceaf565b3164804cb4ab\">\n\t\t\t\t\t\t\t\t<img\n\t\t\t\t\ttitle=\"Auray-Kerstran-juin-2015-158\"\n\t\t\t\t\talt=\"Auray-Kerstran-juin-2015-158\"\n\t\t\t\t\tsrc=\"https:\/\/www.aclanester56.com\/velo\/wp-content\/gallery\/kerstran-juin-2015-juniors\/thumbs\/thumbs_Auray-Kerstran-juin-2015-158.JPG?t=1434919388\"\n\t\t\t\t\twidth=\"100\"\n\t\t\t\t\theight=\"100\"\n\t\t\t\t\tstyle=\"max-width:100%;\"\n\t\t\t\t\/>\n\t\t\t<\/a>\n\t\t<\/div>\n\t\t\t\t\t\t\t<\/div>\n\t\t\t\n\t\t\t\t<div id=\"ngg-image-51\" class=\"ngg-gallery-thumbnail-box\n\t\t\t\t\t\t\t\t\t\t\t\"\n\t\t\t>\n\t\t\t\t\t\t<div class=\"ngg-gallery-thumbnail\">\n\t\t<a href=\"https:\/\/www.aclanester56.com\/velo\/wp-content\/gallery\/kerstran-juin-2015-juniors\/Auray-Kerstran-juin-2015-157.JPG?t=1434919386\"\n\t\t\ttitle=\"\"\n\t\t\tdata-src=\"https:\/\/www.aclanester56.com\/velo\/wp-content\/gallery\/kerstran-juin-2015-juniors\/Auray-Kerstran-juin-2015-157.JPG?t=1434919386\"\n\t\t\tdata-thumbnail=\"https:\/\/www.aclanester56.com\/velo\/wp-content\/gallery\/kerstran-juin-2015-juniors\/thumbs\/thumbs_Auray-Kerstran-juin-2015-157.JPG?t=1434919386\"\n\t\t\tdata-image-id=\"9168\"\n\t\t\tdata-image-name=\"Auray-Kerstran-juin-2015-157.JPG\"\n\t\t\tdata-title=\"Auray-Kerstran-juin-2015-157\"\n\t\t\tdata-description=\"\"\n\t\t\tdata-image-slug=\"auray-kerstran-juin-2015-157\"\n\t\t\t\t\t\t\t\t\t\t\t\t\t\t\t\t\t\t\t\tclass=\"ngg-simplelightbox\" rel=\"c0120893db30ceaf565b3164804cb4ab\">\n\t\t\t\t\t\t\t\t<img\n\t\t\t\t\ttitle=\"Auray-Kerstran-juin-2015-157\"\n\t\t\t\t\talt=\"Auray-Kerstran-juin-2015-157\"\n\t\t\t\t\tsrc=\"https:\/\/www.aclanester56.com\/velo\/wp-content\/gallery\/kerstran-juin-2015-juniors\/thumbs\/thumbs_Auray-Kerstran-juin-2015-157.JPG?t=1434919386\"\n\t\t\t\t\twidth=\"100\"\n\t\t\t\t\theight=\"100\"\n\t\t\t\t\tstyle=\"max-width:100%;\"\n\t\t\t\t\/>\n\t\t\t<\/a>\n\t\t<\/div>\n\t\t\t\t\t\t\t<\/div>\n\t\t\t\n\t\t\t\t<div id=\"ngg-image-52\" class=\"ngg-gallery-thumbnail-box\n\t\t\t\t\t\t\t\t\t\t\t\"\n\t\t\t>\n\t\t\t\t\t\t<div class=\"ngg-gallery-thumbnail\">\n\t\t<a href=\"https:\/\/www.aclanester56.com\/velo\/wp-content\/gallery\/kerstran-juin-2015-juniors\/Auray-Kerstran-juin-2015-156.JPG?t=1434919384\"\n\t\t\ttitle=\"\"\n\t\t\tdata-src=\"https:\/\/www.aclanester56.com\/velo\/wp-content\/gallery\/kerstran-juin-2015-juniors\/Auray-Kerstran-juin-2015-156.JPG?t=1434919384\"\n\t\t\tdata-thumbnail=\"https:\/\/www.aclanester56.com\/velo\/wp-content\/gallery\/kerstran-juin-2015-juniors\/thumbs\/thumbs_Auray-Kerstran-juin-2015-156.JPG?t=1434919384\"\n\t\t\tdata-image-id=\"9166\"\n\t\t\tdata-image-name=\"Auray-Kerstran-juin-2015-156.JPG\"\n\t\t\tdata-title=\"Auray-Kerstran-juin-2015-156\"\n\t\t\tdata-description=\"\"\n\t\t\tdata-image-slug=\"auray-kerstran-juin-2015-156\"\n\t\t\t\t\t\t\t\t\t\t\t\t\t\t\t\t\t\t\t\tclass=\"ngg-simplelightbox\" rel=\"c0120893db30ceaf565b3164804cb4ab\">\n\t\t\t\t\t\t\t\t<img\n\t\t\t\t\ttitle=\"Auray-Kerstran-juin-2015-156\"\n\t\t\t\t\talt=\"Auray-Kerstran-juin-2015-156\"\n\t\t\t\t\tsrc=\"https:\/\/www.aclanester56.com\/velo\/wp-content\/gallery\/kerstran-juin-2015-juniors\/thumbs\/thumbs_Auray-Kerstran-juin-2015-156.JPG?t=1434919384\"\n\t\t\t\t\twidth=\"100\"\n\t\t\t\t\theight=\"100\"\n\t\t\t\t\tstyle=\"max-width:100%;\"\n\t\t\t\t\/>\n\t\t\t<\/a>\n\t\t<\/div>\n\t\t\t\t\t\t\t<\/div>\n\t\t\t\n\t\t\t\t<div id=\"ngg-image-53\" class=\"ngg-gallery-thumbnail-box\n\t\t\t\t\t\t\t\t\t\t\t\"\n\t\t\t>\n\t\t\t\t\t\t<div class=\"ngg-gallery-thumbnail\">\n\t\t<a href=\"https:\/\/www.aclanester56.com\/velo\/wp-content\/gallery\/kerstran-juin-2015-juniors\/Auray-Kerstran-juin-2015-154.JPG?t=1434919381\"\n\t\t\ttitle=\"\"\n\t\t\tdata-src=\"https:\/\/www.aclanester56.com\/velo\/wp-content\/gallery\/kerstran-juin-2015-juniors\/Auray-Kerstran-juin-2015-154.JPG?t=1434919381\"\n\t\t\tdata-thumbnail=\"https:\/\/www.aclanester56.com\/velo\/wp-content\/gallery\/kerstran-juin-2015-juniors\/thumbs\/thumbs_Auray-Kerstran-juin-2015-154.JPG?t=1434919381\"\n\t\t\tdata-image-id=\"9165\"\n\t\t\tdata-image-name=\"Auray-Kerstran-juin-2015-154.JPG\"\n\t\t\tdata-title=\"Auray-Kerstran-juin-2015-154\"\n\t\t\tdata-description=\"\"\n\t\t\tdata-image-slug=\"auray-kerstran-juin-2015-154\"\n\t\t\t\t\t\t\t\t\t\t\t\t\t\t\t\t\t\t\t\tclass=\"ngg-simplelightbox\" rel=\"c0120893db30ceaf565b3164804cb4ab\">\n\t\t\t\t\t\t\t\t<img\n\t\t\t\t\ttitle=\"Auray-Kerstran-juin-2015-154\"\n\t\t\t\t\talt=\"Auray-Kerstran-juin-2015-154\"\n\t\t\t\t\tsrc=\"https:\/\/www.aclanester56.com\/velo\/wp-content\/gallery\/kerstran-juin-2015-juniors\/thumbs\/thumbs_Auray-Kerstran-juin-2015-154.JPG?t=1434919381\"\n\t\t\t\t\twidth=\"100\"\n\t\t\t\t\theight=\"100\"\n\t\t\t\t\tstyle=\"max-width:100%;\"\n\t\t\t\t\/>\n\t\t\t<\/a>\n\t\t<\/div>\n\t\t\t\t\t\t\t<\/div>\n\t\t\t\n\t\t\t\t<div id=\"ngg-image-54\" class=\"ngg-gallery-thumbnail-box\n\t\t\t\t\t\t\t\t\t\t\t\"\n\t\t\t>\n\t\t\t\t\t\t<div class=\"ngg-gallery-thumbnail\">\n\t\t<a href=\"https:\/\/www.aclanester56.com\/velo\/wp-content\/gallery\/kerstran-juin-2015-juniors\/Auray-Kerstran-juin-2015-152.JPG?t=1434919379\"\n\t\t\ttitle=\"\"\n\t\t\tdata-src=\"https:\/\/www.aclanester56.com\/velo\/wp-content\/gallery\/kerstran-juin-2015-juniors\/Auray-Kerstran-juin-2015-152.JPG?t=1434919379\"\n\t\t\tdata-thumbnail=\"https:\/\/www.aclanester56.com\/velo\/wp-content\/gallery\/kerstran-juin-2015-juniors\/thumbs\/thumbs_Auray-Kerstran-juin-2015-152.JPG?t=1434919379\"\n\t\t\tdata-image-id=\"9163\"\n\t\t\tdata-image-name=\"Auray-Kerstran-juin-2015-152.JPG\"\n\t\t\tdata-title=\"Auray-Kerstran-juin-2015-152\"\n\t\t\tdata-description=\"\"\n\t\t\tdata-image-slug=\"auray-kerstran-juin-2015-152\"\n\t\t\t\t\t\t\t\t\t\t\t\t\t\t\t\t\t\t\t\tclass=\"ngg-simplelightbox\" rel=\"c0120893db30ceaf565b3164804cb4ab\">\n\t\t\t\t\t\t\t\t<img\n\t\t\t\t\ttitle=\"Auray-Kerstran-juin-2015-152\"\n\t\t\t\t\talt=\"Auray-Kerstran-juin-2015-152\"\n\t\t\t\t\tsrc=\"https:\/\/www.aclanester56.com\/velo\/wp-content\/gallery\/kerstran-juin-2015-juniors\/thumbs\/thumbs_Auray-Kerstran-juin-2015-152.JPG?t=1434919379\"\n\t\t\t\t\twidth=\"100\"\n\t\t\t\t\theight=\"100\"\n\t\t\t\t\tstyle=\"max-width:100%;\"\n\t\t\t\t\/>\n\t\t\t<\/a>\n\t\t<\/div>\n\t\t\t\t\t\t\t<\/div>\n\t\t\t\n\t\t\t\t<div id=\"ngg-image-55\" class=\"ngg-gallery-thumbnail-box\n\t\t\t\t\t\t\t\t\t\t\t\"\n\t\t\t>\n\t\t\t\t\t\t<div class=\"ngg-gallery-thumbnail\">\n\t\t<a href=\"https:\/\/www.aclanester56.com\/velo\/wp-content\/gallery\/kerstran-juin-2015-juniors\/Auray-Kerstran-juin-2015-150.JPG?t=1434919377\"\n\t\t\ttitle=\"\"\n\t\t\tdata-src=\"https:\/\/www.aclanester56.com\/velo\/wp-content\/gallery\/kerstran-juin-2015-juniors\/Auray-Kerstran-juin-2015-150.JPG?t=1434919377\"\n\t\t\tdata-thumbnail=\"https:\/\/www.aclanester56.com\/velo\/wp-content\/gallery\/kerstran-juin-2015-juniors\/thumbs\/thumbs_Auray-Kerstran-juin-2015-150.JPG?t=1434919377\"\n\t\t\tdata-image-id=\"9161\"\n\t\t\tdata-image-name=\"Auray-Kerstran-juin-2015-150.JPG\"\n\t\t\tdata-title=\"Auray-Kerstran-juin-2015-150\"\n\t\t\tdata-description=\"\"\n\t\t\tdata-image-slug=\"auray-kerstran-juin-2015-150\"\n\t\t\t\t\t\t\t\t\t\t\t\t\t\t\t\t\t\t\t\tclass=\"ngg-simplelightbox\" rel=\"c0120893db30ceaf565b3164804cb4ab\">\n\t\t\t\t\t\t\t\t<img\n\t\t\t\t\ttitle=\"Auray-Kerstran-juin-2015-150\"\n\t\t\t\t\talt=\"Auray-Kerstran-juin-2015-150\"\n\t\t\t\t\tsrc=\"https:\/\/www.aclanester56.com\/velo\/wp-content\/gallery\/kerstran-juin-2015-juniors\/thumbs\/thumbs_Auray-Kerstran-juin-2015-150.JPG?t=1434919377\"\n\t\t\t\t\twidth=\"100\"\n\t\t\t\t\theight=\"100\"\n\t\t\t\t\tstyle=\"max-width:100%;\"\n\t\t\t\t\/>\n\t\t\t<\/a>\n\t\t<\/div>\n\t\t\t\t\t\t\t<\/div>\n\t\t\t\n\t\t\t\t<div id=\"ngg-image-56\" class=\"ngg-gallery-thumbnail-box\n\t\t\t\t\t\t\t\t\t\t\t\"\n\t\t\t>\n\t\t\t\t\t\t<div class=\"ngg-gallery-thumbnail\">\n\t\t<a href=\"https:\/\/www.aclanester56.com\/velo\/wp-content\/gallery\/kerstran-juin-2015-juniors\/Auray-Kerstran-juin-2015-058.JPG?t=1434919450\"\n\t\t\ttitle=\"\"\n\t\t\tdata-src=\"https:\/\/www.aclanester56.com\/velo\/wp-content\/gallery\/kerstran-juin-2015-juniors\/Auray-Kerstran-juin-2015-058.JPG?t=1434919450\"\n\t\t\tdata-thumbnail=\"https:\/\/www.aclanester56.com\/velo\/wp-content\/gallery\/kerstran-juin-2015-juniors\/thumbs\/thumbs_Auray-Kerstran-juin-2015-058.JPG?t=1434919450\"\n\t\t\tdata-image-id=\"9208\"\n\t\t\tdata-image-name=\"Auray-Kerstran-juin-2015-058.JPG\"\n\t\t\tdata-title=\"Auray-Kerstran-juin-2015-058\"\n\t\t\tdata-description=\"\"\n\t\t\tdata-image-slug=\"auray-kerstran-juin-2015-058\"\n\t\t\t\t\t\t\t\t\t\t\t\t\t\t\t\t\t\t\t\tclass=\"ngg-simplelightbox\" rel=\"c0120893db30ceaf565b3164804cb4ab\">\n\t\t\t\t\t\t\t\t<img\n\t\t\t\t\ttitle=\"Auray-Kerstran-juin-2015-058\"\n\t\t\t\t\talt=\"Auray-Kerstran-juin-2015-058\"\n\t\t\t\t\tsrc=\"https:\/\/www.aclanester56.com\/velo\/wp-content\/gallery\/kerstran-juin-2015-juniors\/thumbs\/thumbs_Auray-Kerstran-juin-2015-058.JPG?t=1434919450\"\n\t\t\t\t\twidth=\"100\"\n\t\t\t\t\theight=\"100\"\n\t\t\t\t\tstyle=\"max-width:100%;\"\n\t\t\t\t\/>\n\t\t\t<\/a>\n\t\t<\/div>\n\t\t\t\t\t\t\t<\/div>\n\t\t\t\n\t\t\t\t<div id=\"ngg-image-57\" class=\"ngg-gallery-thumbnail-box\n\t\t\t\t\t\t\t\t\t\t\t\"\n\t\t\t>\n\t\t\t\t\t\t<div class=\"ngg-gallery-thumbnail\">\n\t\t<a href=\"https:\/\/www.aclanester56.com\/velo\/wp-content\/gallery\/kerstran-juin-2015-juniors\/Auray-Kerstran-juin-2015-071.JPG?t=1434919469\"\n\t\t\ttitle=\"\"\n\t\t\tdata-src=\"https:\/\/www.aclanester56.com\/velo\/wp-content\/gallery\/kerstran-juin-2015-juniors\/Auray-Kerstran-juin-2015-071.JPG?t=1434919469\"\n\t\t\tdata-thumbnail=\"https:\/\/www.aclanester56.com\/velo\/wp-content\/gallery\/kerstran-juin-2015-juniors\/thumbs\/thumbs_Auray-Kerstran-juin-2015-071.JPG?t=1434919469\"\n\t\t\tdata-image-id=\"9216\"\n\t\t\tdata-image-name=\"Auray-Kerstran-juin-2015-071.JPG\"\n\t\t\tdata-title=\"Auray-Kerstran-juin-2015-071\"\n\t\t\tdata-description=\"\"\n\t\t\tdata-image-slug=\"auray-kerstran-juin-2015-071\"\n\t\t\t\t\t\t\t\t\t\t\t\t\t\t\t\t\t\t\t\tclass=\"ngg-simplelightbox\" rel=\"c0120893db30ceaf565b3164804cb4ab\">\n\t\t\t\t\t\t\t\t<img\n\t\t\t\t\ttitle=\"Auray-Kerstran-juin-2015-071\"\n\t\t\t\t\talt=\"Auray-Kerstran-juin-2015-071\"\n\t\t\t\t\tsrc=\"https:\/\/www.aclanester56.com\/velo\/wp-content\/gallery\/kerstran-juin-2015-juniors\/thumbs\/thumbs_Auray-Kerstran-juin-2015-071.JPG?t=1434919469\"\n\t\t\t\t\twidth=\"100\"\n\t\t\t\t\theight=\"100\"\n\t\t\t\t\tstyle=\"max-width:100%;\"\n\t\t\t\t\/>\n\t\t\t<\/a>\n\t\t<\/div>\n\t\t\t\t\t\t\t<\/div>\n\t\t\t\n\t\t\t\t<div id=\"ngg-image-58\" class=\"ngg-gallery-thumbnail-box\n\t\t\t\t\t\t\t\t\t\t\t\"\n\t\t\t>\n\t\t\t\t\t\t<div class=\"ngg-gallery-thumbnail\">\n\t\t<a href=\"https:\/\/www.aclanester56.com\/velo\/wp-content\/gallery\/kerstran-juin-2015-juniors\/Auray-Kerstran-juin-2015-070.JPG?t=1434919466\"\n\t\t\ttitle=\"\"\n\t\t\tdata-src=\"https:\/\/www.aclanester56.com\/velo\/wp-content\/gallery\/kerstran-juin-2015-juniors\/Auray-Kerstran-juin-2015-070.JPG?t=1434919466\"\n\t\t\tdata-thumbnail=\"https:\/\/www.aclanester56.com\/velo\/wp-content\/gallery\/kerstran-juin-2015-juniors\/thumbs\/thumbs_Auray-Kerstran-juin-2015-070.JPG?t=1434919466\"\n\t\t\tdata-image-id=\"9215\"\n\t\t\tdata-image-name=\"Auray-Kerstran-juin-2015-070.JPG\"\n\t\t\tdata-title=\"Auray-Kerstran-juin-2015-070\"\n\t\t\tdata-description=\"\"\n\t\t\tdata-image-slug=\"auray-kerstran-juin-2015-070\"\n\t\t\t\t\t\t\t\t\t\t\t\t\t\t\t\t\t\t\t\tclass=\"ngg-simplelightbox\" rel=\"c0120893db30ceaf565b3164804cb4ab\">\n\t\t\t\t\t\t\t\t<img\n\t\t\t\t\ttitle=\"Auray-Kerstran-juin-2015-070\"\n\t\t\t\t\talt=\"Auray-Kerstran-juin-2015-070\"\n\t\t\t\t\tsrc=\"https:\/\/www.aclanester56.com\/velo\/wp-content\/gallery\/kerstran-juin-2015-juniors\/thumbs\/thumbs_Auray-Kerstran-juin-2015-070.JPG?t=1434919466\"\n\t\t\t\t\twidth=\"100\"\n\t\t\t\t\theight=\"100\"\n\t\t\t\t\tstyle=\"max-width:100%;\"\n\t\t\t\t\/>\n\t\t\t<\/a>\n\t\t<\/div>\n\t\t\t\t\t\t\t<\/div>\n\t\t\t\n\t\t\t\t<div id=\"ngg-image-59\" class=\"ngg-gallery-thumbnail-box\n\t\t\t\t\t\t\t\t\t\t\t\"\n\t\t\t>\n\t\t\t\t\t\t<div class=\"ngg-gallery-thumbnail\">\n\t\t<a href=\"https:\/\/www.aclanester56.com\/velo\/wp-content\/gallery\/kerstran-juin-2015-juniors\/Auray-Kerstran-juin-2015-069.JPG?t=1434919463\"\n\t\t\ttitle=\"\"\n\t\t\tdata-src=\"https:\/\/www.aclanester56.com\/velo\/wp-content\/gallery\/kerstran-juin-2015-juniors\/Auray-Kerstran-juin-2015-069.JPG?t=1434919463\"\n\t\t\tdata-thumbnail=\"https:\/\/www.aclanester56.com\/velo\/wp-content\/gallery\/kerstran-juin-2015-juniors\/thumbs\/thumbs_Auray-Kerstran-juin-2015-069.JPG?t=1434919463\"\n\t\t\tdata-image-id=\"9214\"\n\t\t\tdata-image-name=\"Auray-Kerstran-juin-2015-069.JPG\"\n\t\t\tdata-title=\"Auray-Kerstran-juin-2015-069\"\n\t\t\tdata-description=\"\"\n\t\t\tdata-image-slug=\"auray-kerstran-juin-2015-069\"\n\t\t\t\t\t\t\t\t\t\t\t\t\t\t\t\t\t\t\t\tclass=\"ngg-simplelightbox\" rel=\"c0120893db30ceaf565b3164804cb4ab\">\n\t\t\t\t\t\t\t\t<img\n\t\t\t\t\ttitle=\"Auray-Kerstran-juin-2015-069\"\n\t\t\t\t\talt=\"Auray-Kerstran-juin-2015-069\"\n\t\t\t\t\tsrc=\"https:\/\/www.aclanester56.com\/velo\/wp-content\/gallery\/kerstran-juin-2015-juniors\/thumbs\/thumbs_Auray-Kerstran-juin-2015-069.JPG?t=1434919463\"\n\t\t\t\t\twidth=\"100\"\n\t\t\t\t\theight=\"100\"\n\t\t\t\t\tstyle=\"max-width:100%;\"\n\t\t\t\t\/>\n\t\t\t<\/a>\n\t\t<\/div>\n\t\t\t\t\t\t\t<\/div>\n\t\t\t\n\t\t\t\t<div id=\"ngg-image-60\" class=\"ngg-gallery-thumbnail-box\n\t\t\t\t\t\t\t\t\t\t\t\"\n\t\t\t>\n\t\t\t\t\t\t<div class=\"ngg-gallery-thumbnail\">\n\t\t<a href=\"https:\/\/www.aclanester56.com\/velo\/wp-content\/gallery\/kerstran-juin-2015-juniors\/Auray-Kerstran-juin-2015-068.JPG?t=1434919461\"\n\t\t\ttitle=\"\"\n\t\t\tdata-src=\"https:\/\/www.aclanester56.com\/velo\/wp-content\/gallery\/kerstran-juin-2015-juniors\/Auray-Kerstran-juin-2015-068.JPG?t=1434919461\"\n\t\t\tdata-thumbnail=\"https:\/\/www.aclanester56.com\/velo\/wp-content\/gallery\/kerstran-juin-2015-juniors\/thumbs\/thumbs_Auray-Kerstran-juin-2015-068.JPG?t=1434919461\"\n\t\t\tdata-image-id=\"9213\"\n\t\t\tdata-image-name=\"Auray-Kerstran-juin-2015-068.JPG\"\n\t\t\tdata-title=\"Auray-Kerstran-juin-2015-068\"\n\t\t\tdata-description=\"\"\n\t\t\tdata-image-slug=\"auray-kerstran-juin-2015-068\"\n\t\t\t\t\t\t\t\t\t\t\t\t\t\t\t\t\t\t\t\tclass=\"ngg-simplelightbox\" rel=\"c0120893db30ceaf565b3164804cb4ab\">\n\t\t\t\t\t\t\t\t<img\n\t\t\t\t\ttitle=\"Auray-Kerstran-juin-2015-068\"\n\t\t\t\t\talt=\"Auray-Kerstran-juin-2015-068\"\n\t\t\t\t\tsrc=\"https:\/\/www.aclanester56.com\/velo\/wp-content\/gallery\/kerstran-juin-2015-juniors\/thumbs\/thumbs_Auray-Kerstran-juin-2015-068.JPG?t=1434919461\"\n\t\t\t\t\twidth=\"100\"\n\t\t\t\t\theight=\"100\"\n\t\t\t\t\tstyle=\"max-width:100%;\"\n\t\t\t\t\/>\n\t\t\t<\/a>\n\t\t<\/div>\n\t\t\t\t\t\t\t<\/div>\n\t\t\t\n\t\t\t\t<div id=\"ngg-image-61\" class=\"ngg-gallery-thumbnail-box\n\t\t\t\t\t\t\t\t\t\t\t\"\n\t\t\t>\n\t\t\t\t\t\t<div class=\"ngg-gallery-thumbnail\">\n\t\t<a href=\"https:\/\/www.aclanester56.com\/velo\/wp-content\/gallery\/kerstran-juin-2015-juniors\/Auray-Kerstran-juin-2015-064.JPG?t=1434919459\"\n\t\t\ttitle=\"\"\n\t\t\tdata-src=\"https:\/\/www.aclanester56.com\/velo\/wp-content\/gallery\/kerstran-juin-2015-juniors\/Auray-Kerstran-juin-2015-064.JPG?t=1434919459\"\n\t\t\tdata-thumbnail=\"https:\/\/www.aclanester56.com\/velo\/wp-content\/gallery\/kerstran-juin-2015-juniors\/thumbs\/thumbs_Auray-Kerstran-juin-2015-064.JPG?t=1434919459\"\n\t\t\tdata-image-id=\"9212\"\n\t\t\tdata-image-name=\"Auray-Kerstran-juin-2015-064.JPG\"\n\t\t\tdata-title=\"Auray-Kerstran-juin-2015-064\"\n\t\t\tdata-description=\"\"\n\t\t\tdata-image-slug=\"auray-kerstran-juin-2015-064\"\n\t\t\t\t\t\t\t\t\t\t\t\t\t\t\t\t\t\t\t\tclass=\"ngg-simplelightbox\" rel=\"c0120893db30ceaf565b3164804cb4ab\">\n\t\t\t\t\t\t\t\t<img\n\t\t\t\t\ttitle=\"Auray-Kerstran-juin-2015-064\"\n\t\t\t\t\talt=\"Auray-Kerstran-juin-2015-064\"\n\t\t\t\t\tsrc=\"https:\/\/www.aclanester56.com\/velo\/wp-content\/gallery\/kerstran-juin-2015-juniors\/thumbs\/thumbs_Auray-Kerstran-juin-2015-064.JPG?t=1434919459\"\n\t\t\t\t\twidth=\"100\"\n\t\t\t\t\theight=\"100\"\n\t\t\t\t\tstyle=\"max-width:100%;\"\n\t\t\t\t\/>\n\t\t\t<\/a>\n\t\t<\/div>\n\t\t\t\t\t\t\t<\/div>\n\t\t\t\n\t\t\t\t<div id=\"ngg-image-62\" class=\"ngg-gallery-thumbnail-box\n\t\t\t\t\t\t\t\t\t\t\t\"\n\t\t\t>\n\t\t\t\t\t\t<div class=\"ngg-gallery-thumbnail\">\n\t\t<a href=\"https:\/\/www.aclanester56.com\/velo\/wp-content\/gallery\/kerstran-juin-2015-juniors\/Auray-Kerstran-juin-2015-062.JPG?t=1434919456\"\n\t\t\ttitle=\"\"\n\t\t\tdata-src=\"https:\/\/www.aclanester56.com\/velo\/wp-content\/gallery\/kerstran-juin-2015-juniors\/Auray-Kerstran-juin-2015-062.JPG?t=1434919456\"\n\t\t\tdata-thumbnail=\"https:\/\/www.aclanester56.com\/velo\/wp-content\/gallery\/kerstran-juin-2015-juniors\/thumbs\/thumbs_Auray-Kerstran-juin-2015-062.JPG?t=1434919456\"\n\t\t\tdata-image-id=\"9211\"\n\t\t\tdata-image-name=\"Auray-Kerstran-juin-2015-062.JPG\"\n\t\t\tdata-title=\"Auray-Kerstran-juin-2015-062\"\n\t\t\tdata-description=\"\"\n\t\t\tdata-image-slug=\"auray-kerstran-juin-2015-062\"\n\t\t\t\t\t\t\t\t\t\t\t\t\t\t\t\t\t\t\t\tclass=\"ngg-simplelightbox\" rel=\"c0120893db30ceaf565b3164804cb4ab\">\n\t\t\t\t\t\t\t\t<img\n\t\t\t\t\ttitle=\"Auray-Kerstran-juin-2015-062\"\n\t\t\t\t\talt=\"Auray-Kerstran-juin-2015-062\"\n\t\t\t\t\tsrc=\"https:\/\/www.aclanester56.com\/velo\/wp-content\/gallery\/kerstran-juin-2015-juniors\/thumbs\/thumbs_Auray-Kerstran-juin-2015-062.JPG?t=1434919456\"\n\t\t\t\t\twidth=\"100\"\n\t\t\t\t\theight=\"100\"\n\t\t\t\t\tstyle=\"max-width:100%;\"\n\t\t\t\t\/>\n\t\t\t<\/a>\n\t\t<\/div>\n\t\t\t\t\t\t\t<\/div>\n\t\t\t\n\t\t\t\t<div id=\"ngg-image-63\" class=\"ngg-gallery-thumbnail-box\n\t\t\t\t\t\t\t\t\t\t\t\"\n\t\t\t>\n\t\t\t\t\t\t<div class=\"ngg-gallery-thumbnail\">\n\t\t<a href=\"https:\/\/www.aclanester56.com\/velo\/wp-content\/gallery\/kerstran-juin-2015-juniors\/Auray-Kerstran-juin-2015-060.JPG?t=1434919454\"\n\t\t\ttitle=\"\"\n\t\t\tdata-src=\"https:\/\/www.aclanester56.com\/velo\/wp-content\/gallery\/kerstran-juin-2015-juniors\/Auray-Kerstran-juin-2015-060.JPG?t=1434919454\"\n\t\t\tdata-thumbnail=\"https:\/\/www.aclanester56.com\/velo\/wp-content\/gallery\/kerstran-juin-2015-juniors\/thumbs\/thumbs_Auray-Kerstran-juin-2015-060.JPG?t=1434919454\"\n\t\t\tdata-image-id=\"9210\"\n\t\t\tdata-image-name=\"Auray-Kerstran-juin-2015-060.JPG\"\n\t\t\tdata-title=\"Auray-Kerstran-juin-2015-060\"\n\t\t\tdata-description=\"\"\n\t\t\tdata-image-slug=\"auray-kerstran-juin-2015-060\"\n\t\t\t\t\t\t\t\t\t\t\t\t\t\t\t\t\t\t\t\tclass=\"ngg-simplelightbox\" rel=\"c0120893db30ceaf565b3164804cb4ab\">\n\t\t\t\t\t\t\t\t<img\n\t\t\t\t\ttitle=\"Auray-Kerstran-juin-2015-060\"\n\t\t\t\t\talt=\"Auray-Kerstran-juin-2015-060\"\n\t\t\t\t\tsrc=\"https:\/\/www.aclanester56.com\/velo\/wp-content\/gallery\/kerstran-juin-2015-juniors\/thumbs\/thumbs_Auray-Kerstran-juin-2015-060.JPG?t=1434919454\"\n\t\t\t\t\twidth=\"100\"\n\t\t\t\t\theight=\"100\"\n\t\t\t\t\tstyle=\"max-width:100%;\"\n\t\t\t\t\/>\n\t\t\t<\/a>\n\t\t<\/div>\n\t\t\t\t\t\t\t<\/div>\n\t\t\t\n\t\t\t\t<div id=\"ngg-image-64\" class=\"ngg-gallery-thumbnail-box\n\t\t\t\t\t\t\t\t\t\t\t\"\n\t\t\t>\n\t\t\t\t\t\t<div class=\"ngg-gallery-thumbnail\">\n\t\t<a href=\"https:\/\/www.aclanester56.com\/velo\/wp-content\/gallery\/kerstran-juin-2015-juniors\/Auray-Kerstran-juin-2015-059.JPG?t=1434919452\"\n\t\t\ttitle=\"\"\n\t\t\tdata-src=\"https:\/\/www.aclanester56.com\/velo\/wp-content\/gallery\/kerstran-juin-2015-juniors\/Auray-Kerstran-juin-2015-059.JPG?t=1434919452\"\n\t\t\tdata-thumbnail=\"https:\/\/www.aclanester56.com\/velo\/wp-content\/gallery\/kerstran-juin-2015-juniors\/thumbs\/thumbs_Auray-Kerstran-juin-2015-059.JPG?t=1434919452\"\n\t\t\tdata-image-id=\"9209\"\n\t\t\tdata-image-name=\"Auray-Kerstran-juin-2015-059.JPG\"\n\t\t\tdata-title=\"Auray-Kerstran-juin-2015-059\"\n\t\t\tdata-description=\"\"\n\t\t\tdata-image-slug=\"auray-kerstran-juin-2015-059\"\n\t\t\t\t\t\t\t\t\t\t\t\t\t\t\t\t\t\t\t\tclass=\"ngg-simplelightbox\" rel=\"c0120893db30ceaf565b3164804cb4ab\">\n\t\t\t\t\t\t\t\t<img\n\t\t\t\t\ttitle=\"Auray-Kerstran-juin-2015-059\"\n\t\t\t\t\talt=\"Auray-Kerstran-juin-2015-059\"\n\t\t\t\t\tsrc=\"https:\/\/www.aclanester56.com\/velo\/wp-content\/gallery\/kerstran-juin-2015-juniors\/thumbs\/thumbs_Auray-Kerstran-juin-2015-059.JPG?t=1434919452\"\n\t\t\t\t\twidth=\"100\"\n\t\t\t\t\theight=\"100\"\n\t\t\t\t\tstyle=\"max-width:100%;\"\n\t\t\t\t\/>\n\t\t\t<\/a>\n\t\t<\/div>\n\t\t\t\t\t\t\t<\/div>\n\t\t\t\n\t\t\t\t<div id=\"ngg-image-65\" class=\"ngg-gallery-thumbnail-box\n\t\t\t\t\t\t\t\t\t\t\t\"\n\t\t\t>\n\t\t\t\t\t\t<div class=\"ngg-gallery-thumbnail\">\n\t\t<a href=\"https:\/\/www.aclanester56.com\/velo\/wp-content\/gallery\/kerstran-juin-2015-juniors\/Auray-Kerstran-juin-2015-147.JPG?t=1598627056\"\n\t\t\ttitle=\"\"\n\t\t\tdata-src=\"https:\/\/www.aclanester56.com\/velo\/wp-content\/gallery\/kerstran-juin-2015-juniors\/Auray-Kerstran-juin-2015-147.JPG?t=1598627056\"\n\t\t\tdata-thumbnail=\"https:\/\/www.aclanester56.com\/velo\/wp-content\/gallery\/kerstran-juin-2015-juniors\/thumbs\/thumbs_Auray-Kerstran-juin-2015-147.JPG?t=1598627056\"\n\t\t\tdata-image-id=\"9160\"\n\t\t\tdata-image-name=\"Auray-Kerstran-juin-2015-147.JPG\"\n\t\t\tdata-title=\"Auray-Kerstran-juin-2015-147\"\n\t\t\tdata-description=\"\"\n\t\t\tdata-image-slug=\"auray-kerstran-juin-2015-147\"\n\t\t\t\t\t\t\t\t\t\t\t\t\t\t\t\t\t\t\t\tclass=\"ngg-simplelightbox\" rel=\"c0120893db30ceaf565b3164804cb4ab\">\n\t\t\t\t\t\t\t\t<img\n\t\t\t\t\ttitle=\"Auray-Kerstran-juin-2015-147\"\n\t\t\t\t\talt=\"Auray-Kerstran-juin-2015-147\"\n\t\t\t\t\tsrc=\"https:\/\/www.aclanester56.com\/velo\/wp-content\/gallery\/kerstran-juin-2015-juniors\/thumbs\/thumbs_Auray-Kerstran-juin-2015-147.JPG?t=1598627056\"\n\t\t\t\t\twidth=\"100\"\n\t\t\t\t\theight=\"100\"\n\t\t\t\t\tstyle=\"max-width:100%;\"\n\t\t\t\t\/>\n\t\t\t<\/a>\n\t\t<\/div>\n\t\t\t\t\t\t\t<\/div>\n\t\t\t\n\t\t\t\t<div id=\"ngg-image-66\" class=\"ngg-gallery-thumbnail-box\n\t\t\t\t\t\t\t\t\t\t\t\"\n\t\t\t>\n\t\t\t\t\t\t<div class=\"ngg-gallery-thumbnail\">\n\t\t<a href=\"https:\/\/www.aclanester56.com\/velo\/wp-content\/gallery\/kerstran-juin-2015-juniors\/Auray-Kerstran-juin-2015-190.JPG?t=1434919448\"\n\t\t\ttitle=\"\"\n\t\t\tdata-src=\"https:\/\/www.aclanester56.com\/velo\/wp-content\/gallery\/kerstran-juin-2015-juniors\/Auray-Kerstran-juin-2015-190.JPG?t=1434919448\"\n\t\t\tdata-thumbnail=\"https:\/\/www.aclanester56.com\/velo\/wp-content\/gallery\/kerstran-juin-2015-juniors\/thumbs\/thumbs_Auray-Kerstran-juin-2015-190.JPG?t=1434919448\"\n\t\t\tdata-image-id=\"9207\"\n\t\t\tdata-image-name=\"Auray-Kerstran-juin-2015-190.JPG\"\n\t\t\tdata-title=\"Auray-Kerstran-juin-2015-190\"\n\t\t\tdata-description=\"\"\n\t\t\tdata-image-slug=\"auray-kerstran-juin-2015-190\"\n\t\t\t\t\t\t\t\t\t\t\t\t\t\t\t\t\t\t\t\tclass=\"ngg-simplelightbox\" rel=\"c0120893db30ceaf565b3164804cb4ab\">\n\t\t\t\t\t\t\t\t<img\n\t\t\t\t\ttitle=\"Auray-Kerstran-juin-2015-190\"\n\t\t\t\t\talt=\"Auray-Kerstran-juin-2015-190\"\n\t\t\t\t\tsrc=\"https:\/\/www.aclanester56.com\/velo\/wp-content\/gallery\/kerstran-juin-2015-juniors\/thumbs\/thumbs_Auray-Kerstran-juin-2015-190.JPG?t=1434919448\"\n\t\t\t\t\twidth=\"100\"\n\t\t\t\t\theight=\"100\"\n\t\t\t\t\tstyle=\"max-width:100%;\"\n\t\t\t\t\/>\n\t\t\t<\/a>\n\t\t<\/div>\n\t\t\t\t\t\t\t<\/div>\n\t\t\t\n\t\t\t\t<div id=\"ngg-image-67\" class=\"ngg-gallery-thumbnail-box\n\t\t\t\t\t\t\t\t\t\t\t\"\n\t\t\t>\n\t\t\t\t\t\t<div class=\"ngg-gallery-thumbnail\">\n\t\t<a href=\"https:\/\/www.aclanester56.com\/velo\/wp-content\/gallery\/kerstran-juin-2015-juniors\/Auray-Kerstran-juin-2015-189.JPG?t=1434919446\"\n\t\t\ttitle=\"\"\n\t\t\tdata-src=\"https:\/\/www.aclanester56.com\/velo\/wp-content\/gallery\/kerstran-juin-2015-juniors\/Auray-Kerstran-juin-2015-189.JPG?t=1434919446\"\n\t\t\tdata-thumbnail=\"https:\/\/www.aclanester56.com\/velo\/wp-content\/gallery\/kerstran-juin-2015-juniors\/thumbs\/thumbs_Auray-Kerstran-juin-2015-189.JPG?t=1434919446\"\n\t\t\tdata-image-id=\"9206\"\n\t\t\tdata-image-name=\"Auray-Kerstran-juin-2015-189.JPG\"\n\t\t\tdata-title=\"Auray-Kerstran-juin-2015-189\"\n\t\t\tdata-description=\"\"\n\t\t\tdata-image-slug=\"auray-kerstran-juin-2015-189\"\n\t\t\t\t\t\t\t\t\t\t\t\t\t\t\t\t\t\t\t\tclass=\"ngg-simplelightbox\" rel=\"c0120893db30ceaf565b3164804cb4ab\">\n\t\t\t\t\t\t\t\t<img\n\t\t\t\t\ttitle=\"Auray-Kerstran-juin-2015-189\"\n\t\t\t\t\talt=\"Auray-Kerstran-juin-2015-189\"\n\t\t\t\t\tsrc=\"https:\/\/www.aclanester56.com\/velo\/wp-content\/gallery\/kerstran-juin-2015-juniors\/thumbs\/thumbs_Auray-Kerstran-juin-2015-189.JPG?t=1434919446\"\n\t\t\t\t\twidth=\"100\"\n\t\t\t\t\theight=\"100\"\n\t\t\t\t\tstyle=\"max-width:100%;\"\n\t\t\t\t\/>\n\t\t\t<\/a>\n\t\t<\/div>\n\t\t\t\t\t\t\t<\/div>\n\t\t\t\n\t\t\t\t<div id=\"ngg-image-68\" class=\"ngg-gallery-thumbnail-box\n\t\t\t\t\t\t\t\t\t\t\t\"\n\t\t\t>\n\t\t\t\t\t\t<div class=\"ngg-gallery-thumbnail\">\n\t\t<a href=\"https:\/\/www.aclanester56.com\/velo\/wp-content\/gallery\/kerstran-juin-2015-juniors\/Auray-Kerstran-juin-2015-188.JPG?t=1434919444\"\n\t\t\ttitle=\"\"\n\t\t\tdata-src=\"https:\/\/www.aclanester56.com\/velo\/wp-content\/gallery\/kerstran-juin-2015-juniors\/Auray-Kerstran-juin-2015-188.JPG?t=1434919444\"\n\t\t\tdata-thumbnail=\"https:\/\/www.aclanester56.com\/velo\/wp-content\/gallery\/kerstran-juin-2015-juniors\/thumbs\/thumbs_Auray-Kerstran-juin-2015-188.JPG?t=1434919444\"\n\t\t\tdata-image-id=\"9205\"\n\t\t\tdata-image-name=\"Auray-Kerstran-juin-2015-188.JPG\"\n\t\t\tdata-title=\"Auray-Kerstran-juin-2015-188\"\n\t\t\tdata-description=\"\"\n\t\t\tdata-image-slug=\"auray-kerstran-juin-2015-188\"\n\t\t\t\t\t\t\t\t\t\t\t\t\t\t\t\t\t\t\t\tclass=\"ngg-simplelightbox\" rel=\"c0120893db30ceaf565b3164804cb4ab\">\n\t\t\t\t\t\t\t\t<img\n\t\t\t\t\ttitle=\"Auray-Kerstran-juin-2015-188\"\n\t\t\t\t\talt=\"Auray-Kerstran-juin-2015-188\"\n\t\t\t\t\tsrc=\"https:\/\/www.aclanester56.com\/velo\/wp-content\/gallery\/kerstran-juin-2015-juniors\/thumbs\/thumbs_Auray-Kerstran-juin-2015-188.JPG?t=1434919444\"\n\t\t\t\t\twidth=\"100\"\n\t\t\t\t\theight=\"100\"\n\t\t\t\t\tstyle=\"max-width:100%;\"\n\t\t\t\t\/>\n\t\t\t<\/a>\n\t\t<\/div>\n\t\t\t\t\t\t\t<\/div>\n\t\t\t\n\t\t\t\t<div id=\"ngg-image-69\" class=\"ngg-gallery-thumbnail-box\n\t\t\t\t\t\t\t\t\t\t\t\"\n\t\t\t>\n\t\t\t\t\t\t<div class=\"ngg-gallery-thumbnail\">\n\t\t<a href=\"https:\/\/www.aclanester56.com\/velo\/wp-content\/gallery\/kerstran-juin-2015-juniors\/Auray-Kerstran-juin-2015-187.JPG?t=1434919442\"\n\t\t\ttitle=\"\"\n\t\t\tdata-src=\"https:\/\/www.aclanester56.com\/velo\/wp-content\/gallery\/kerstran-juin-2015-juniors\/Auray-Kerstran-juin-2015-187.JPG?t=1434919442\"\n\t\t\tdata-thumbnail=\"https:\/\/www.aclanester56.com\/velo\/wp-content\/gallery\/kerstran-juin-2015-juniors\/thumbs\/thumbs_Auray-Kerstran-juin-2015-187.JPG?t=1434919442\"\n\t\t\tdata-image-id=\"9204\"\n\t\t\tdata-image-name=\"Auray-Kerstran-juin-2015-187.JPG\"\n\t\t\tdata-title=\"Auray-Kerstran-juin-2015-187\"\n\t\t\tdata-description=\"\"\n\t\t\tdata-image-slug=\"auray-kerstran-juin-2015-187\"\n\t\t\t\t\t\t\t\t\t\t\t\t\t\t\t\t\t\t\t\tclass=\"ngg-simplelightbox\" rel=\"c0120893db30ceaf565b3164804cb4ab\">\n\t\t\t\t\t\t\t\t<img\n\t\t\t\t\ttitle=\"Auray-Kerstran-juin-2015-187\"\n\t\t\t\t\talt=\"Auray-Kerstran-juin-2015-187\"\n\t\t\t\t\tsrc=\"https:\/\/www.aclanester56.com\/velo\/wp-content\/gallery\/kerstran-juin-2015-juniors\/thumbs\/thumbs_Auray-Kerstran-juin-2015-187.JPG?t=1434919442\"\n\t\t\t\t\twidth=\"100\"\n\t\t\t\t\theight=\"100\"\n\t\t\t\t\tstyle=\"max-width:100%;\"\n\t\t\t\t\/>\n\t\t\t<\/a>\n\t\t<\/div>\n\t\t\t\t\t\t\t<\/div>\n\t\t\t\n\t\t\t\t<div id=\"ngg-image-70\" class=\"ngg-gallery-thumbnail-box\n\t\t\t\t\t\t\t\t\t\t\t\"\n\t\t\t>\n\t\t\t\t\t\t<div class=\"ngg-gallery-thumbnail\">\n\t\t<a href=\"https:\/\/www.aclanester56.com\/velo\/wp-content\/gallery\/kerstran-juin-2015-juniors\/Auray-Kerstran-juin-2015-186.JPG?t=1434919440\"\n\t\t\ttitle=\"\"\n\t\t\tdata-src=\"https:\/\/www.aclanester56.com\/velo\/wp-content\/gallery\/kerstran-juin-2015-juniors\/Auray-Kerstran-juin-2015-186.JPG?t=1434919440\"\n\t\t\tdata-thumbnail=\"https:\/\/www.aclanester56.com\/velo\/wp-content\/gallery\/kerstran-juin-2015-juniors\/thumbs\/thumbs_Auray-Kerstran-juin-2015-186.JPG?t=1434919440\"\n\t\t\tdata-image-id=\"9202\"\n\t\t\tdata-image-name=\"Auray-Kerstran-juin-2015-186.JPG\"\n\t\t\tdata-title=\"Auray-Kerstran-juin-2015-186\"\n\t\t\tdata-description=\"\"\n\t\t\tdata-image-slug=\"auray-kerstran-juin-2015-186\"\n\t\t\t\t\t\t\t\t\t\t\t\t\t\t\t\t\t\t\t\tclass=\"ngg-simplelightbox\" rel=\"c0120893db30ceaf565b3164804cb4ab\">\n\t\t\t\t\t\t\t\t<img\n\t\t\t\t\ttitle=\"Auray-Kerstran-juin-2015-186\"\n\t\t\t\t\talt=\"Auray-Kerstran-juin-2015-186\"\n\t\t\t\t\tsrc=\"https:\/\/www.aclanester56.com\/velo\/wp-content\/gallery\/kerstran-juin-2015-juniors\/thumbs\/thumbs_Auray-Kerstran-juin-2015-186.JPG?t=1434919440\"\n\t\t\t\t\twidth=\"100\"\n\t\t\t\t\theight=\"100\"\n\t\t\t\t\tstyle=\"max-width:100%;\"\n\t\t\t\t\/>\n\t\t\t<\/a>\n\t\t<\/div>\n\t\t\t\t\t\t\t<\/div>\n\t\t\t\n\t\t\t\t<div id=\"ngg-image-71\" class=\"ngg-gallery-thumbnail-box\n\t\t\t\t\t\t\t\t\t\t\t\"\n\t\t\t>\n\t\t\t\t\t\t<div class=\"ngg-gallery-thumbnail\">\n\t\t<a href=\"https:\/\/www.aclanester56.com\/velo\/wp-content\/gallery\/kerstran-juin-2015-juniors\/Auray-Kerstran-juin-2015-185.JPG?t=1434919436\"\n\t\t\ttitle=\"\"\n\t\t\tdata-src=\"https:\/\/www.aclanester56.com\/velo\/wp-content\/gallery\/kerstran-juin-2015-juniors\/Auray-Kerstran-juin-2015-185.JPG?t=1434919436\"\n\t\t\tdata-thumbnail=\"https:\/\/www.aclanester56.com\/velo\/wp-content\/gallery\/kerstran-juin-2015-juniors\/thumbs\/thumbs_Auray-Kerstran-juin-2015-185.JPG?t=1434919436\"\n\t\t\tdata-image-id=\"9200\"\n\t\t\tdata-image-name=\"Auray-Kerstran-juin-2015-185.JPG\"\n\t\t\tdata-title=\"Auray-Kerstran-juin-2015-185\"\n\t\t\tdata-description=\"\"\n\t\t\tdata-image-slug=\"auray-kerstran-juin-2015-185\"\n\t\t\t\t\t\t\t\t\t\t\t\t\t\t\t\t\t\t\t\tclass=\"ngg-simplelightbox\" rel=\"c0120893db30ceaf565b3164804cb4ab\">\n\t\t\t\t\t\t\t\t<img\n\t\t\t\t\ttitle=\"Auray-Kerstran-juin-2015-185\"\n\t\t\t\t\talt=\"Auray-Kerstran-juin-2015-185\"\n\t\t\t\t\tsrc=\"https:\/\/www.aclanester56.com\/velo\/wp-content\/gallery\/kerstran-juin-2015-juniors\/thumbs\/thumbs_Auray-Kerstran-juin-2015-185.JPG?t=1434919436\"\n\t\t\t\t\twidth=\"100\"\n\t\t\t\t\theight=\"100\"\n\t\t\t\t\tstyle=\"max-width:100%;\"\n\t\t\t\t\/>\n\t\t\t<\/a>\n\t\t<\/div>\n\t\t\t\t\t\t\t<\/div>\n\t\t\t\n\t\t\t\t<div id=\"ngg-image-72\" class=\"ngg-gallery-thumbnail-box\n\t\t\t\t\t\t\t\t\t\t\t\"\n\t\t\t>\n\t\t\t\t\t\t<div class=\"ngg-gallery-thumbnail\">\n\t\t<a href=\"https:\/\/www.aclanester56.com\/velo\/wp-content\/gallery\/kerstran-juin-2015-juniors\/Auray-Kerstran-juin-2015-184.JPG?t=1434919433\"\n\t\t\ttitle=\"\"\n\t\t\tdata-src=\"https:\/\/www.aclanester56.com\/velo\/wp-content\/gallery\/kerstran-juin-2015-juniors\/Auray-Kerstran-juin-2015-184.JPG?t=1434919433\"\n\t\t\tdata-thumbnail=\"https:\/\/www.aclanester56.com\/velo\/wp-content\/gallery\/kerstran-juin-2015-juniors\/thumbs\/thumbs_Auray-Kerstran-juin-2015-184.JPG?t=1434919433\"\n\t\t\tdata-image-id=\"9198\"\n\t\t\tdata-image-name=\"Auray-Kerstran-juin-2015-184.JPG\"\n\t\t\tdata-title=\"Auray-Kerstran-juin-2015-184\"\n\t\t\tdata-description=\"\"\n\t\t\tdata-image-slug=\"auray-kerstran-juin-2015-184\"\n\t\t\t\t\t\t\t\t\t\t\t\t\t\t\t\t\t\t\t\tclass=\"ngg-simplelightbox\" rel=\"c0120893db30ceaf565b3164804cb4ab\">\n\t\t\t\t\t\t\t\t<img\n\t\t\t\t\ttitle=\"Auray-Kerstran-juin-2015-184\"\n\t\t\t\t\talt=\"Auray-Kerstran-juin-2015-184\"\n\t\t\t\t\tsrc=\"https:\/\/www.aclanester56.com\/velo\/wp-content\/gallery\/kerstran-juin-2015-juniors\/thumbs\/thumbs_Auray-Kerstran-juin-2015-184.JPG?t=1434919433\"\n\t\t\t\t\twidth=\"100\"\n\t\t\t\t\theight=\"100\"\n\t\t\t\t\tstyle=\"max-width:100%;\"\n\t\t\t\t\/>\n\t\t\t<\/a>\n\t\t<\/div>\n\t\t\t\t\t\t\t<\/div>\n\t\t\t\n\t\t\t\t<div id=\"ngg-image-73\" class=\"ngg-gallery-thumbnail-box\n\t\t\t\t\t\t\t\t\t\t\t\"\n\t\t\t>\n\t\t\t\t\t\t<div class=\"ngg-gallery-thumbnail\">\n\t\t<a href=\"https:\/\/www.aclanester56.com\/velo\/wp-content\/gallery\/kerstran-juin-2015-juniors\/Auray-Kerstran-juin-2015-180.JPG?t=1434919431\"\n\t\t\ttitle=\"\"\n\t\t\tdata-src=\"https:\/\/www.aclanester56.com\/velo\/wp-content\/gallery\/kerstran-juin-2015-juniors\/Auray-Kerstran-juin-2015-180.JPG?t=1434919431\"\n\t\t\tdata-thumbnail=\"https:\/\/www.aclanester56.com\/velo\/wp-content\/gallery\/kerstran-juin-2015-juniors\/thumbs\/thumbs_Auray-Kerstran-juin-2015-180.JPG?t=1434919431\"\n\t\t\tdata-image-id=\"9196\"\n\t\t\tdata-image-name=\"Auray-Kerstran-juin-2015-180.JPG\"\n\t\t\tdata-title=\"Auray-Kerstran-juin-2015-180\"\n\t\t\tdata-description=\"\"\n\t\t\tdata-image-slug=\"auray-kerstran-juin-2015-180\"\n\t\t\t\t\t\t\t\t\t\t\t\t\t\t\t\t\t\t\t\tclass=\"ngg-simplelightbox\" rel=\"c0120893db30ceaf565b3164804cb4ab\">\n\t\t\t\t\t\t\t\t<img\n\t\t\t\t\ttitle=\"Auray-Kerstran-juin-2015-180\"\n\t\t\t\t\talt=\"Auray-Kerstran-juin-2015-180\"\n\t\t\t\t\tsrc=\"https:\/\/www.aclanester56.com\/velo\/wp-content\/gallery\/kerstran-juin-2015-juniors\/thumbs\/thumbs_Auray-Kerstran-juin-2015-180.JPG?t=1434919431\"\n\t\t\t\t\twidth=\"100\"\n\t\t\t\t\theight=\"100\"\n\t\t\t\t\tstyle=\"max-width:100%;\"\n\t\t\t\t\/>\n\t\t\t<\/a>\n\t\t<\/div>\n\t\t\t\t\t\t\t<\/div>\n\t\t\t\n\t\n\t<br style=\"clear: both\" \/>\n\n\t\n\t\t<div class=\"ngg-clear\"><\/div>\n\t<\/div>\n<\/p>\n<p>Course de Messac \u00a0:<\/p>\n<p><!-- default-view.php -->\n<div\n\tclass=\"ngg-galleryoverview default-view\n\t ngg-ajax-pagination-none\t\"\n\tid=\"ngg-gallery-9ce6d6966a158ff05b2b7cd2003a0473-1\"\n\tdata-nextgen-gallery-id=\"235\"\n\tdata-gallery-id=\"235\"\n\t\tdata-gallery-name=\"Messac-juin-2015\"\n\t>\n\n\t\t<!-- Thumbnails -->\n\t\t\t\t<div id=\"ngg-image-0\" class=\"ngg-gallery-thumbnail-box\n\t\t\t\t\t\t\t\t\t\t\t\"\n\t\t\t>\n\t\t\t\t\t\t<div class=\"ngg-gallery-thumbnail\">\n\t\t<a href=\"https:\/\/www.aclanester56.com\/velo\/wp-content\/gallery\/messac-juin-2015\/messac-juin-2015-024.JPG?t=1435002960\"\n\t\t\ttitle=\"\"\n\t\t\tdata-src=\"https:\/\/www.aclanester56.com\/velo\/wp-content\/gallery\/messac-juin-2015\/messac-juin-2015-024.JPG?t=1435002960\"\n\t\t\tdata-thumbnail=\"https:\/\/www.aclanester56.com\/velo\/wp-content\/gallery\/messac-juin-2015\/thumbs\/thumbs_messac-juin-2015-024.JPG?t=1435002960\"\n\t\t\tdata-image-id=\"9270\"\n\t\t\tdata-image-name=\"messac-juin-2015-024.JPG\"\n\t\t\tdata-title=\"messac-juin-2015-024\"\n\t\t\tdata-description=\"\"\n\t\t\tdata-image-slug=\"messac-juin-2015-024\"\n\t\t\t\t\t\t\t\t\t\t\t\t\t\t\t\t\t\t\t\tclass=\"ngg-simplelightbox\" rel=\"9ce6d6966a158ff05b2b7cd2003a0473\">\n\t\t\t\t\t\t\t\t<img\n\t\t\t\t\ttitle=\"messac-juin-2015-024\"\n\t\t\t\t\talt=\"messac-juin-2015-024\"\n\t\t\t\t\tsrc=\"https:\/\/www.aclanester56.com\/velo\/wp-content\/gallery\/messac-juin-2015\/thumbs\/thumbs_messac-juin-2015-024.JPG?t=1435002960\"\n\t\t\t\t\twidth=\"100\"\n\t\t\t\t\theight=\"100\"\n\t\t\t\t\tstyle=\"max-width:100%;\"\n\t\t\t\t\/>\n\t\t\t<\/a>\n\t\t<\/div>\n\t\t\t\t\t\t\t<\/div>\n\t\t\t\n\t\t\t\t<div id=\"ngg-image-1\" class=\"ngg-gallery-thumbnail-box\n\t\t\t\t\t\t\t\t\t\t\t\"\n\t\t\t>\n\t\t\t\t\t\t<div class=\"ngg-gallery-thumbnail\">\n\t\t<a href=\"https:\/\/www.aclanester56.com\/velo\/wp-content\/gallery\/messac-juin-2015\/messac-juin-2015-049.JPG?t=1435002983\"\n\t\t\ttitle=\"\"\n\t\t\tdata-src=\"https:\/\/www.aclanester56.com\/velo\/wp-content\/gallery\/messac-juin-2015\/messac-juin-2015-049.JPG?t=1435002983\"\n\t\t\tdata-thumbnail=\"https:\/\/www.aclanester56.com\/velo\/wp-content\/gallery\/messac-juin-2015\/thumbs\/thumbs_messac-juin-2015-049.JPG?t=1435002983\"\n\t\t\tdata-image-id=\"9285\"\n\t\t\tdata-image-name=\"messac-juin-2015-049.JPG\"\n\t\t\tdata-title=\"messac-juin-2015-049\"\n\t\t\tdata-description=\"\"\n\t\t\tdata-image-slug=\"messac-juin-2015-049\"\n\t\t\t\t\t\t\t\t\t\t\t\t\t\t\t\t\t\t\t\tclass=\"ngg-simplelightbox\" rel=\"9ce6d6966a158ff05b2b7cd2003a0473\">\n\t\t\t\t\t\t\t\t<img\n\t\t\t\t\ttitle=\"messac-juin-2015-049\"\n\t\t\t\t\talt=\"messac-juin-2015-049\"\n\t\t\t\t\tsrc=\"https:\/\/www.aclanester56.com\/velo\/wp-content\/gallery\/messac-juin-2015\/thumbs\/thumbs_messac-juin-2015-049.JPG?t=1435002983\"\n\t\t\t\t\twidth=\"100\"\n\t\t\t\t\theight=\"100\"\n\t\t\t\t\tstyle=\"max-width:100%;\"\n\t\t\t\t\/>\n\t\t\t<\/a>\n\t\t<\/div>\n\t\t\t\t\t\t\t<\/div>\n\t\t\t\n\t\t\t\t<div id=\"ngg-image-2\" class=\"ngg-gallery-thumbnail-box\n\t\t\t\t\t\t\t\t\t\t\t\"\n\t\t\t>\n\t\t\t\t\t\t<div class=\"ngg-gallery-thumbnail\">\n\t\t<a href=\"https:\/\/www.aclanester56.com\/velo\/wp-content\/gallery\/messac-juin-2015\/messac-juin-2015-048.JPG?t=1435002981\"\n\t\t\ttitle=\"\"\n\t\t\tdata-src=\"https:\/\/www.aclanester56.com\/velo\/wp-content\/gallery\/messac-juin-2015\/messac-juin-2015-048.JPG?t=1435002981\"\n\t\t\tdata-thumbnail=\"https:\/\/www.aclanester56.com\/velo\/wp-content\/gallery\/messac-juin-2015\/thumbs\/thumbs_messac-juin-2015-048.JPG?t=1435002981\"\n\t\t\tdata-image-id=\"9284\"\n\t\t\tdata-image-name=\"messac-juin-2015-048.JPG\"\n\t\t\tdata-title=\"messac-juin-2015-048\"\n\t\t\tdata-description=\"\"\n\t\t\tdata-image-slug=\"messac-juin-2015-048\"\n\t\t\t\t\t\t\t\t\t\t\t\t\t\t\t\t\t\t\t\tclass=\"ngg-simplelightbox\" rel=\"9ce6d6966a158ff05b2b7cd2003a0473\">\n\t\t\t\t\t\t\t\t<img\n\t\t\t\t\ttitle=\"messac-juin-2015-048\"\n\t\t\t\t\talt=\"messac-juin-2015-048\"\n\t\t\t\t\tsrc=\"https:\/\/www.aclanester56.com\/velo\/wp-content\/gallery\/messac-juin-2015\/thumbs\/thumbs_messac-juin-2015-048.JPG?t=1435002981\"\n\t\t\t\t\twidth=\"100\"\n\t\t\t\t\theight=\"100\"\n\t\t\t\t\tstyle=\"max-width:100%;\"\n\t\t\t\t\/>\n\t\t\t<\/a>\n\t\t<\/div>\n\t\t\t\t\t\t\t<\/div>\n\t\t\t\n\t\t\t\t<div id=\"ngg-image-3\" class=\"ngg-gallery-thumbnail-box\n\t\t\t\t\t\t\t\t\t\t\t\"\n\t\t\t>\n\t\t\t\t\t\t<div class=\"ngg-gallery-thumbnail\">\n\t\t<a href=\"https:\/\/www.aclanester56.com\/velo\/wp-content\/gallery\/messac-juin-2015\/messac-juin-2015-047.JPG?t=1435002979\"\n\t\t\ttitle=\"\"\n\t\t\tdata-src=\"https:\/\/www.aclanester56.com\/velo\/wp-content\/gallery\/messac-juin-2015\/messac-juin-2015-047.JPG?t=1435002979\"\n\t\t\tdata-thumbnail=\"https:\/\/www.aclanester56.com\/velo\/wp-content\/gallery\/messac-juin-2015\/thumbs\/thumbs_messac-juin-2015-047.JPG?t=1435002979\"\n\t\t\tdata-image-id=\"9283\"\n\t\t\tdata-image-name=\"messac-juin-2015-047.JPG\"\n\t\t\tdata-title=\"messac-juin-2015-047\"\n\t\t\tdata-description=\"\"\n\t\t\tdata-image-slug=\"messac-juin-2015-047\"\n\t\t\t\t\t\t\t\t\t\t\t\t\t\t\t\t\t\t\t\tclass=\"ngg-simplelightbox\" rel=\"9ce6d6966a158ff05b2b7cd2003a0473\">\n\t\t\t\t\t\t\t\t<img\n\t\t\t\t\ttitle=\"messac-juin-2015-047\"\n\t\t\t\t\talt=\"messac-juin-2015-047\"\n\t\t\t\t\tsrc=\"https:\/\/www.aclanester56.com\/velo\/wp-content\/gallery\/messac-juin-2015\/thumbs\/thumbs_messac-juin-2015-047.JPG?t=1435002979\"\n\t\t\t\t\twidth=\"100\"\n\t\t\t\t\theight=\"100\"\n\t\t\t\t\tstyle=\"max-width:100%;\"\n\t\t\t\t\/>\n\t\t\t<\/a>\n\t\t<\/div>\n\t\t\t\t\t\t\t<\/div>\n\t\t\t\n\t\t\t\t<div id=\"ngg-image-4\" class=\"ngg-gallery-thumbnail-box\n\t\t\t\t\t\t\t\t\t\t\t\"\n\t\t\t>\n\t\t\t\t\t\t<div class=\"ngg-gallery-thumbnail\">\n\t\t<a href=\"https:\/\/www.aclanester56.com\/velo\/wp-content\/gallery\/messac-juin-2015\/messac-juin-2015-046.JPG?t=1435002978\"\n\t\t\ttitle=\"\"\n\t\t\tdata-src=\"https:\/\/www.aclanester56.com\/velo\/wp-content\/gallery\/messac-juin-2015\/messac-juin-2015-046.JPG?t=1435002978\"\n\t\t\tdata-thumbnail=\"https:\/\/www.aclanester56.com\/velo\/wp-content\/gallery\/messac-juin-2015\/thumbs\/thumbs_messac-juin-2015-046.JPG?t=1435002978\"\n\t\t\tdata-image-id=\"9282\"\n\t\t\tdata-image-name=\"messac-juin-2015-046.JPG\"\n\t\t\tdata-title=\"messac-juin-2015-046\"\n\t\t\tdata-description=\"\"\n\t\t\tdata-image-slug=\"messac-juin-2015-046\"\n\t\t\t\t\t\t\t\t\t\t\t\t\t\t\t\t\t\t\t\tclass=\"ngg-simplelightbox\" rel=\"9ce6d6966a158ff05b2b7cd2003a0473\">\n\t\t\t\t\t\t\t\t<img\n\t\t\t\t\ttitle=\"messac-juin-2015-046\"\n\t\t\t\t\talt=\"messac-juin-2015-046\"\n\t\t\t\t\tsrc=\"https:\/\/www.aclanester56.com\/velo\/wp-content\/gallery\/messac-juin-2015\/thumbs\/thumbs_messac-juin-2015-046.JPG?t=1435002978\"\n\t\t\t\t\twidth=\"100\"\n\t\t\t\t\theight=\"100\"\n\t\t\t\t\tstyle=\"max-width:100%;\"\n\t\t\t\t\/>\n\t\t\t<\/a>\n\t\t<\/div>\n\t\t\t\t\t\t\t<\/div>\n\t\t\t\n\t\t\t\t<div id=\"ngg-image-5\" class=\"ngg-gallery-thumbnail-box\n\t\t\t\t\t\t\t\t\t\t\t\"\n\t\t\t>\n\t\t\t\t\t\t<div class=\"ngg-gallery-thumbnail\">\n\t\t<a href=\"https:\/\/www.aclanester56.com\/velo\/wp-content\/gallery\/messac-juin-2015\/messac-juin-2015-045.JPG?t=1435002977\"\n\t\t\ttitle=\"\"\n\t\t\tdata-src=\"https:\/\/www.aclanester56.com\/velo\/wp-content\/gallery\/messac-juin-2015\/messac-juin-2015-045.JPG?t=1435002977\"\n\t\t\tdata-thumbnail=\"https:\/\/www.aclanester56.com\/velo\/wp-content\/gallery\/messac-juin-2015\/thumbs\/thumbs_messac-juin-2015-045.JPG?t=1435002977\"\n\t\t\tdata-image-id=\"9281\"\n\t\t\tdata-image-name=\"messac-juin-2015-045.JPG\"\n\t\t\tdata-title=\"messac-juin-2015-045\"\n\t\t\tdata-description=\"\"\n\t\t\tdata-image-slug=\"messac-juin-2015-045\"\n\t\t\t\t\t\t\t\t\t\t\t\t\t\t\t\t\t\t\t\tclass=\"ngg-simplelightbox\" rel=\"9ce6d6966a158ff05b2b7cd2003a0473\">\n\t\t\t\t\t\t\t\t<img\n\t\t\t\t\ttitle=\"messac-juin-2015-045\"\n\t\t\t\t\talt=\"messac-juin-2015-045\"\n\t\t\t\t\tsrc=\"https:\/\/www.aclanester56.com\/velo\/wp-content\/gallery\/messac-juin-2015\/thumbs\/thumbs_messac-juin-2015-045.JPG?t=1435002977\"\n\t\t\t\t\twidth=\"100\"\n\t\t\t\t\theight=\"100\"\n\t\t\t\t\tstyle=\"max-width:100%;\"\n\t\t\t\t\/>\n\t\t\t<\/a>\n\t\t<\/div>\n\t\t\t\t\t\t\t<\/div>\n\t\t\t\n\t\t\t\t<div id=\"ngg-image-6\" class=\"ngg-gallery-thumbnail-box\n\t\t\t\t\t\t\t\t\t\t\t\"\n\t\t\t>\n\t\t\t\t\t\t<div class=\"ngg-gallery-thumbnail\">\n\t\t<a href=\"https:\/\/www.aclanester56.com\/velo\/wp-content\/gallery\/messac-juin-2015\/messac-juin-2015-044.JPG?t=1435002975\"\n\t\t\ttitle=\"\"\n\t\t\tdata-src=\"https:\/\/www.aclanester56.com\/velo\/wp-content\/gallery\/messac-juin-2015\/messac-juin-2015-044.JPG?t=1435002975\"\n\t\t\tdata-thumbnail=\"https:\/\/www.aclanester56.com\/velo\/wp-content\/gallery\/messac-juin-2015\/thumbs\/thumbs_messac-juin-2015-044.JPG?t=1435002975\"\n\t\t\tdata-image-id=\"9280\"\n\t\t\tdata-image-name=\"messac-juin-2015-044.JPG\"\n\t\t\tdata-title=\"messac-juin-2015-044\"\n\t\t\tdata-description=\"\"\n\t\t\tdata-image-slug=\"messac-juin-2015-044\"\n\t\t\t\t\t\t\t\t\t\t\t\t\t\t\t\t\t\t\t\tclass=\"ngg-simplelightbox\" rel=\"9ce6d6966a158ff05b2b7cd2003a0473\">\n\t\t\t\t\t\t\t\t<img\n\t\t\t\t\ttitle=\"messac-juin-2015-044\"\n\t\t\t\t\talt=\"messac-juin-2015-044\"\n\t\t\t\t\tsrc=\"https:\/\/www.aclanester56.com\/velo\/wp-content\/gallery\/messac-juin-2015\/thumbs\/thumbs_messac-juin-2015-044.JPG?t=1435002975\"\n\t\t\t\t\twidth=\"100\"\n\t\t\t\t\theight=\"100\"\n\t\t\t\t\tstyle=\"max-width:100%;\"\n\t\t\t\t\/>\n\t\t\t<\/a>\n\t\t<\/div>\n\t\t\t\t\t\t\t<\/div>\n\t\t\t\n\t\t\t\t<div id=\"ngg-image-7\" class=\"ngg-gallery-thumbnail-box\n\t\t\t\t\t\t\t\t\t\t\t\"\n\t\t\t>\n\t\t\t\t\t\t<div class=\"ngg-gallery-thumbnail\">\n\t\t<a href=\"https:\/\/www.aclanester56.com\/velo\/wp-content\/gallery\/messac-juin-2015\/messac-juin-2015-043.JPG?t=1435002974\"\n\t\t\ttitle=\"\"\n\t\t\tdata-src=\"https:\/\/www.aclanester56.com\/velo\/wp-content\/gallery\/messac-juin-2015\/messac-juin-2015-043.JPG?t=1435002974\"\n\t\t\tdata-thumbnail=\"https:\/\/www.aclanester56.com\/velo\/wp-content\/gallery\/messac-juin-2015\/thumbs\/thumbs_messac-juin-2015-043.JPG?t=1435002974\"\n\t\t\tdata-image-id=\"9279\"\n\t\t\tdata-image-name=\"messac-juin-2015-043.JPG\"\n\t\t\tdata-title=\"messac-juin-2015-043\"\n\t\t\tdata-description=\"\"\n\t\t\tdata-image-slug=\"messac-juin-2015-043\"\n\t\t\t\t\t\t\t\t\t\t\t\t\t\t\t\t\t\t\t\tclass=\"ngg-simplelightbox\" rel=\"9ce6d6966a158ff05b2b7cd2003a0473\">\n\t\t\t\t\t\t\t\t<img\n\t\t\t\t\ttitle=\"messac-juin-2015-043\"\n\t\t\t\t\talt=\"messac-juin-2015-043\"\n\t\t\t\t\tsrc=\"https:\/\/www.aclanester56.com\/velo\/wp-content\/gallery\/messac-juin-2015\/thumbs\/thumbs_messac-juin-2015-043.JPG?t=1435002974\"\n\t\t\t\t\twidth=\"100\"\n\t\t\t\t\theight=\"100\"\n\t\t\t\t\tstyle=\"max-width:100%;\"\n\t\t\t\t\/>\n\t\t\t<\/a>\n\t\t<\/div>\n\t\t\t\t\t\t\t<\/div>\n\t\t\t\n\t\t\t\t<div id=\"ngg-image-8\" class=\"ngg-gallery-thumbnail-box\n\t\t\t\t\t\t\t\t\t\t\t\"\n\t\t\t>\n\t\t\t\t\t\t<div class=\"ngg-gallery-thumbnail\">\n\t\t<a href=\"https:\/\/www.aclanester56.com\/velo\/wp-content\/gallery\/messac-juin-2015\/messac-juin-2015-042.JPG?t=1435002973\"\n\t\t\ttitle=\"\"\n\t\t\tdata-src=\"https:\/\/www.aclanester56.com\/velo\/wp-content\/gallery\/messac-juin-2015\/messac-juin-2015-042.JPG?t=1435002973\"\n\t\t\tdata-thumbnail=\"https:\/\/www.aclanester56.com\/velo\/wp-content\/gallery\/messac-juin-2015\/thumbs\/thumbs_messac-juin-2015-042.JPG?t=1435002973\"\n\t\t\tdata-image-id=\"9278\"\n\t\t\tdata-image-name=\"messac-juin-2015-042.JPG\"\n\t\t\tdata-title=\"messac-juin-2015-042\"\n\t\t\tdata-description=\"\"\n\t\t\tdata-image-slug=\"messac-juin-2015-042\"\n\t\t\t\t\t\t\t\t\t\t\t\t\t\t\t\t\t\t\t\tclass=\"ngg-simplelightbox\" rel=\"9ce6d6966a158ff05b2b7cd2003a0473\">\n\t\t\t\t\t\t\t\t<img\n\t\t\t\t\ttitle=\"messac-juin-2015-042\"\n\t\t\t\t\talt=\"messac-juin-2015-042\"\n\t\t\t\t\tsrc=\"https:\/\/www.aclanester56.com\/velo\/wp-content\/gallery\/messac-juin-2015\/thumbs\/thumbs_messac-juin-2015-042.JPG?t=1435002973\"\n\t\t\t\t\twidth=\"100\"\n\t\t\t\t\theight=\"100\"\n\t\t\t\t\tstyle=\"max-width:100%;\"\n\t\t\t\t\/>\n\t\t\t<\/a>\n\t\t<\/div>\n\t\t\t\t\t\t\t<\/div>\n\t\t\t\n\t\t\t\t<div id=\"ngg-image-9\" class=\"ngg-gallery-thumbnail-box\n\t\t\t\t\t\t\t\t\t\t\t\"\n\t\t\t>\n\t\t\t\t\t\t<div class=\"ngg-gallery-thumbnail\">\n\t\t<a href=\"https:\/\/www.aclanester56.com\/velo\/wp-content\/gallery\/messac-juin-2015\/messac-juin-2015-041.JPG?t=1435002971\"\n\t\t\ttitle=\"\"\n\t\t\tdata-src=\"https:\/\/www.aclanester56.com\/velo\/wp-content\/gallery\/messac-juin-2015\/messac-juin-2015-041.JPG?t=1435002971\"\n\t\t\tdata-thumbnail=\"https:\/\/www.aclanester56.com\/velo\/wp-content\/gallery\/messac-juin-2015\/thumbs\/thumbs_messac-juin-2015-041.JPG?t=1435002971\"\n\t\t\tdata-image-id=\"9277\"\n\t\t\tdata-image-name=\"messac-juin-2015-041.JPG\"\n\t\t\tdata-title=\"messac-juin-2015-041\"\n\t\t\tdata-description=\"\"\n\t\t\tdata-image-slug=\"messac-juin-2015-041\"\n\t\t\t\t\t\t\t\t\t\t\t\t\t\t\t\t\t\t\t\tclass=\"ngg-simplelightbox\" rel=\"9ce6d6966a158ff05b2b7cd2003a0473\">\n\t\t\t\t\t\t\t\t<img\n\t\t\t\t\ttitle=\"messac-juin-2015-041\"\n\t\t\t\t\talt=\"messac-juin-2015-041\"\n\t\t\t\t\tsrc=\"https:\/\/www.aclanester56.com\/velo\/wp-content\/gallery\/messac-juin-2015\/thumbs\/thumbs_messac-juin-2015-041.JPG?t=1435002971\"\n\t\t\t\t\twidth=\"100\"\n\t\t\t\t\theight=\"100\"\n\t\t\t\t\tstyle=\"max-width:100%;\"\n\t\t\t\t\/>\n\t\t\t<\/a>\n\t\t<\/div>\n\t\t\t\t\t\t\t<\/div>\n\t\t\t\n\t\t\t\t<div id=\"ngg-image-10\" class=\"ngg-gallery-thumbnail-box\n\t\t\t\t\t\t\t\t\t\t\t\"\n\t\t\t>\n\t\t\t\t\t\t<div class=\"ngg-gallery-thumbnail\">\n\t\t<a href=\"https:\/\/www.aclanester56.com\/velo\/wp-content\/gallery\/messac-juin-2015\/messac-juin-2015-036.JPG?t=1435002970\"\n\t\t\ttitle=\"\"\n\t\t\tdata-src=\"https:\/\/www.aclanester56.com\/velo\/wp-content\/gallery\/messac-juin-2015\/messac-juin-2015-036.JPG?t=1435002970\"\n\t\t\tdata-thumbnail=\"https:\/\/www.aclanester56.com\/velo\/wp-content\/gallery\/messac-juin-2015\/thumbs\/thumbs_messac-juin-2015-036.JPG?t=1435002970\"\n\t\t\tdata-image-id=\"9276\"\n\t\t\tdata-image-name=\"messac-juin-2015-036.JPG\"\n\t\t\tdata-title=\"messac-juin-2015-036\"\n\t\t\tdata-description=\"\"\n\t\t\tdata-image-slug=\"messac-juin-2015-036\"\n\t\t\t\t\t\t\t\t\t\t\t\t\t\t\t\t\t\t\t\tclass=\"ngg-simplelightbox\" rel=\"9ce6d6966a158ff05b2b7cd2003a0473\">\n\t\t\t\t\t\t\t\t<img\n\t\t\t\t\ttitle=\"messac-juin-2015-036\"\n\t\t\t\t\talt=\"messac-juin-2015-036\"\n\t\t\t\t\tsrc=\"https:\/\/www.aclanester56.com\/velo\/wp-content\/gallery\/messac-juin-2015\/thumbs\/thumbs_messac-juin-2015-036.JPG?t=1435002970\"\n\t\t\t\t\twidth=\"100\"\n\t\t\t\t\theight=\"100\"\n\t\t\t\t\tstyle=\"max-width:100%;\"\n\t\t\t\t\/>\n\t\t\t<\/a>\n\t\t<\/div>\n\t\t\t\t\t\t\t<\/div>\n\t\t\t\n\t\t\t\t<div id=\"ngg-image-11\" class=\"ngg-gallery-thumbnail-box\n\t\t\t\t\t\t\t\t\t\t\t\"\n\t\t\t>\n\t\t\t\t\t\t<div class=\"ngg-gallery-thumbnail\">\n\t\t<a href=\"https:\/\/www.aclanester56.com\/velo\/wp-content\/gallery\/messac-juin-2015\/messac-juin-2015-033.JPG?t=1435002968\"\n\t\t\ttitle=\"\"\n\t\t\tdata-src=\"https:\/\/www.aclanester56.com\/velo\/wp-content\/gallery\/messac-juin-2015\/messac-juin-2015-033.JPG?t=1435002968\"\n\t\t\tdata-thumbnail=\"https:\/\/www.aclanester56.com\/velo\/wp-content\/gallery\/messac-juin-2015\/thumbs\/thumbs_messac-juin-2015-033.JPG?t=1435002968\"\n\t\t\tdata-image-id=\"9275\"\n\t\t\tdata-image-name=\"messac-juin-2015-033.JPG\"\n\t\t\tdata-title=\"messac-juin-2015-033\"\n\t\t\tdata-description=\"\"\n\t\t\tdata-image-slug=\"messac-juin-2015-033\"\n\t\t\t\t\t\t\t\t\t\t\t\t\t\t\t\t\t\t\t\tclass=\"ngg-simplelightbox\" rel=\"9ce6d6966a158ff05b2b7cd2003a0473\">\n\t\t\t\t\t\t\t\t<img\n\t\t\t\t\ttitle=\"messac-juin-2015-033\"\n\t\t\t\t\talt=\"messac-juin-2015-033\"\n\t\t\t\t\tsrc=\"https:\/\/www.aclanester56.com\/velo\/wp-content\/gallery\/messac-juin-2015\/thumbs\/thumbs_messac-juin-2015-033.JPG?t=1435002968\"\n\t\t\t\t\twidth=\"100\"\n\t\t\t\t\theight=\"100\"\n\t\t\t\t\tstyle=\"max-width:100%;\"\n\t\t\t\t\/>\n\t\t\t<\/a>\n\t\t<\/div>\n\t\t\t\t\t\t\t<\/div>\n\t\t\t\n\t\t\t\t<div id=\"ngg-image-12\" class=\"ngg-gallery-thumbnail-box\n\t\t\t\t\t\t\t\t\t\t\t\"\n\t\t\t>\n\t\t\t\t\t\t<div class=\"ngg-gallery-thumbnail\">\n\t\t<a href=\"https:\/\/www.aclanester56.com\/velo\/wp-content\/gallery\/messac-juin-2015\/messac-juin-2015-032.JPG?t=1435002966\"\n\t\t\ttitle=\"\"\n\t\t\tdata-src=\"https:\/\/www.aclanester56.com\/velo\/wp-content\/gallery\/messac-juin-2015\/messac-juin-2015-032.JPG?t=1435002966\"\n\t\t\tdata-thumbnail=\"https:\/\/www.aclanester56.com\/velo\/wp-content\/gallery\/messac-juin-2015\/thumbs\/thumbs_messac-juin-2015-032.JPG?t=1435002966\"\n\t\t\tdata-image-id=\"9274\"\n\t\t\tdata-image-name=\"messac-juin-2015-032.JPG\"\n\t\t\tdata-title=\"messac-juin-2015-032\"\n\t\t\tdata-description=\"\"\n\t\t\tdata-image-slug=\"messac-juin-2015-032\"\n\t\t\t\t\t\t\t\t\t\t\t\t\t\t\t\t\t\t\t\tclass=\"ngg-simplelightbox\" rel=\"9ce6d6966a158ff05b2b7cd2003a0473\">\n\t\t\t\t\t\t\t\t<img\n\t\t\t\t\ttitle=\"messac-juin-2015-032\"\n\t\t\t\t\talt=\"messac-juin-2015-032\"\n\t\t\t\t\tsrc=\"https:\/\/www.aclanester56.com\/velo\/wp-content\/gallery\/messac-juin-2015\/thumbs\/thumbs_messac-juin-2015-032.JPG?t=1435002966\"\n\t\t\t\t\twidth=\"100\"\n\t\t\t\t\theight=\"100\"\n\t\t\t\t\tstyle=\"max-width:100%;\"\n\t\t\t\t\/>\n\t\t\t<\/a>\n\t\t<\/div>\n\t\t\t\t\t\t\t<\/div>\n\t\t\t\n\t\t\t\t<div id=\"ngg-image-13\" class=\"ngg-gallery-thumbnail-box\n\t\t\t\t\t\t\t\t\t\t\t\"\n\t\t\t>\n\t\t\t\t\t\t<div class=\"ngg-gallery-thumbnail\">\n\t\t<a href=\"https:\/\/www.aclanester56.com\/velo\/wp-content\/gallery\/messac-juin-2015\/messac-juin-2015-031.JPG?t=1435002964\"\n\t\t\ttitle=\"\"\n\t\t\tdata-src=\"https:\/\/www.aclanester56.com\/velo\/wp-content\/gallery\/messac-juin-2015\/messac-juin-2015-031.JPG?t=1435002964\"\n\t\t\tdata-thumbnail=\"https:\/\/www.aclanester56.com\/velo\/wp-content\/gallery\/messac-juin-2015\/thumbs\/thumbs_messac-juin-2015-031.JPG?t=1435002964\"\n\t\t\tdata-image-id=\"9273\"\n\t\t\tdata-image-name=\"messac-juin-2015-031.JPG\"\n\t\t\tdata-title=\"messac-juin-2015-031\"\n\t\t\tdata-description=\"\"\n\t\t\tdata-image-slug=\"messac-juin-2015-031\"\n\t\t\t\t\t\t\t\t\t\t\t\t\t\t\t\t\t\t\t\tclass=\"ngg-simplelightbox\" rel=\"9ce6d6966a158ff05b2b7cd2003a0473\">\n\t\t\t\t\t\t\t\t<img\n\t\t\t\t\ttitle=\"messac-juin-2015-031\"\n\t\t\t\t\talt=\"messac-juin-2015-031\"\n\t\t\t\t\tsrc=\"https:\/\/www.aclanester56.com\/velo\/wp-content\/gallery\/messac-juin-2015\/thumbs\/thumbs_messac-juin-2015-031.JPG?t=1435002964\"\n\t\t\t\t\twidth=\"100\"\n\t\t\t\t\theight=\"100\"\n\t\t\t\t\tstyle=\"max-width:100%;\"\n\t\t\t\t\/>\n\t\t\t<\/a>\n\t\t<\/div>\n\t\t\t\t\t\t\t<\/div>\n\t\t\t\n\t\t\t\t<div id=\"ngg-image-14\" class=\"ngg-gallery-thumbnail-box\n\t\t\t\t\t\t\t\t\t\t\t\"\n\t\t\t>\n\t\t\t\t\t\t<div class=\"ngg-gallery-thumbnail\">\n\t\t<a href=\"https:\/\/www.aclanester56.com\/velo\/wp-content\/gallery\/messac-juin-2015\/messac-juin-2015-027.JPG?t=1435002962\"\n\t\t\ttitle=\"\"\n\t\t\tdata-src=\"https:\/\/www.aclanester56.com\/velo\/wp-content\/gallery\/messac-juin-2015\/messac-juin-2015-027.JPG?t=1435002962\"\n\t\t\tdata-thumbnail=\"https:\/\/www.aclanester56.com\/velo\/wp-content\/gallery\/messac-juin-2015\/thumbs\/thumbs_messac-juin-2015-027.JPG?t=1435002962\"\n\t\t\tdata-image-id=\"9272\"\n\t\t\tdata-image-name=\"messac-juin-2015-027.JPG\"\n\t\t\tdata-title=\"messac-juin-2015-027\"\n\t\t\tdata-description=\"\"\n\t\t\tdata-image-slug=\"messac-juin-2015-027\"\n\t\t\t\t\t\t\t\t\t\t\t\t\t\t\t\t\t\t\t\tclass=\"ngg-simplelightbox\" rel=\"9ce6d6966a158ff05b2b7cd2003a0473\">\n\t\t\t\t\t\t\t\t<img\n\t\t\t\t\ttitle=\"messac-juin-2015-027\"\n\t\t\t\t\talt=\"messac-juin-2015-027\"\n\t\t\t\t\tsrc=\"https:\/\/www.aclanester56.com\/velo\/wp-content\/gallery\/messac-juin-2015\/thumbs\/thumbs_messac-juin-2015-027.JPG?t=1435002962\"\n\t\t\t\t\twidth=\"100\"\n\t\t\t\t\theight=\"100\"\n\t\t\t\t\tstyle=\"max-width:100%;\"\n\t\t\t\t\/>\n\t\t\t<\/a>\n\t\t<\/div>\n\t\t\t\t\t\t\t<\/div>\n\t\t\t\n\t\t\t\t<div id=\"ngg-image-15\" class=\"ngg-gallery-thumbnail-box\n\t\t\t\t\t\t\t\t\t\t\t\"\n\t\t\t>\n\t\t\t\t\t\t<div class=\"ngg-gallery-thumbnail\">\n\t\t<a href=\"https:\/\/www.aclanester56.com\/velo\/wp-content\/gallery\/messac-juin-2015\/messac-juin-2015-026.JPG?t=1435002961\"\n\t\t\ttitle=\"\"\n\t\t\tdata-src=\"https:\/\/www.aclanester56.com\/velo\/wp-content\/gallery\/messac-juin-2015\/messac-juin-2015-026.JPG?t=1435002961\"\n\t\t\tdata-thumbnail=\"https:\/\/www.aclanester56.com\/velo\/wp-content\/gallery\/messac-juin-2015\/thumbs\/thumbs_messac-juin-2015-026.JPG?t=1435002961\"\n\t\t\tdata-image-id=\"9271\"\n\t\t\tdata-image-name=\"messac-juin-2015-026.JPG\"\n\t\t\tdata-title=\"messac-juin-2015-026\"\n\t\t\tdata-description=\"\"\n\t\t\tdata-image-slug=\"messac-juin-2015-026\"\n\t\t\t\t\t\t\t\t\t\t\t\t\t\t\t\t\t\t\t\tclass=\"ngg-simplelightbox\" rel=\"9ce6d6966a158ff05b2b7cd2003a0473\">\n\t\t\t\t\t\t\t\t<img\n\t\t\t\t\ttitle=\"messac-juin-2015-026\"\n\t\t\t\t\talt=\"messac-juin-2015-026\"\n\t\t\t\t\tsrc=\"https:\/\/www.aclanester56.com\/velo\/wp-content\/gallery\/messac-juin-2015\/thumbs\/thumbs_messac-juin-2015-026.JPG?t=1435002961\"\n\t\t\t\t\twidth=\"100\"\n\t\t\t\t\theight=\"100\"\n\t\t\t\t\tstyle=\"max-width:100%;\"\n\t\t\t\t\/>\n\t\t\t<\/a>\n\t\t<\/div>\n\t\t\t\t\t\t\t<\/div>\n\t\t\t\n\t\t\t\t<div id=\"ngg-image-16\" class=\"ngg-gallery-thumbnail-box\n\t\t\t\t\t\t\t\t\t\t\t\"\n\t\t\t>\n\t\t\t\t\t\t<div class=\"ngg-gallery-thumbnail\">\n\t\t<a href=\"https:\/\/www.aclanester56.com\/velo\/wp-content\/gallery\/messac-juin-2015\/messac-juin-2015-001.JPG?t=1598627055\"\n\t\t\ttitle=\"\"\n\t\t\tdata-src=\"https:\/\/www.aclanester56.com\/velo\/wp-content\/gallery\/messac-juin-2015\/messac-juin-2015-001.JPG?t=1598627055\"\n\t\t\tdata-thumbnail=\"https:\/\/www.aclanester56.com\/velo\/wp-content\/gallery\/messac-juin-2015\/thumbs\/thumbs_messac-juin-2015-001.JPG?t=1598627055\"\n\t\t\tdata-image-id=\"9254\"\n\t\t\tdata-image-name=\"messac-juin-2015-001.JPG\"\n\t\t\tdata-title=\"messac-juin-2015-001\"\n\t\t\tdata-description=\"\"\n\t\t\tdata-image-slug=\"messac-juin-2015-001\"\n\t\t\t\t\t\t\t\t\t\t\t\t\t\t\t\t\t\t\t\tclass=\"ngg-simplelightbox\" rel=\"9ce6d6966a158ff05b2b7cd2003a0473\">\n\t\t\t\t\t\t\t\t<img\n\t\t\t\t\ttitle=\"messac-juin-2015-001\"\n\t\t\t\t\talt=\"messac-juin-2015-001\"\n\t\t\t\t\tsrc=\"https:\/\/www.aclanester56.com\/velo\/wp-content\/gallery\/messac-juin-2015\/thumbs\/thumbs_messac-juin-2015-001.JPG?t=1598627055\"\n\t\t\t\t\twidth=\"100\"\n\t\t\t\t\theight=\"100\"\n\t\t\t\t\tstyle=\"max-width:100%;\"\n\t\t\t\t\/>\n\t\t\t<\/a>\n\t\t<\/div>\n\t\t\t\t\t\t\t<\/div>\n\t\t\t\n\t\t\t\t<div id=\"ngg-image-17\" class=\"ngg-gallery-thumbnail-box\n\t\t\t\t\t\t\t\t\t\t\t\"\n\t\t\t>\n\t\t\t\t\t\t<div class=\"ngg-gallery-thumbnail\">\n\t\t<a href=\"https:\/\/www.aclanester56.com\/velo\/wp-content\/gallery\/messac-juin-2015\/messac-juin-2015-023.JPG?t=1435002958\"\n\t\t\ttitle=\"\"\n\t\t\tdata-src=\"https:\/\/www.aclanester56.com\/velo\/wp-content\/gallery\/messac-juin-2015\/messac-juin-2015-023.JPG?t=1435002958\"\n\t\t\tdata-thumbnail=\"https:\/\/www.aclanester56.com\/velo\/wp-content\/gallery\/messac-juin-2015\/thumbs\/thumbs_messac-juin-2015-023.JPG?t=1435002958\"\n\t\t\tdata-image-id=\"9269\"\n\t\t\tdata-image-name=\"messac-juin-2015-023.JPG\"\n\t\t\tdata-title=\"messac-juin-2015-023\"\n\t\t\tdata-description=\"\"\n\t\t\tdata-image-slug=\"messac-juin-2015-023\"\n\t\t\t\t\t\t\t\t\t\t\t\t\t\t\t\t\t\t\t\tclass=\"ngg-simplelightbox\" rel=\"9ce6d6966a158ff05b2b7cd2003a0473\">\n\t\t\t\t\t\t\t\t<img\n\t\t\t\t\ttitle=\"messac-juin-2015-023\"\n\t\t\t\t\talt=\"messac-juin-2015-023\"\n\t\t\t\t\tsrc=\"https:\/\/www.aclanester56.com\/velo\/wp-content\/gallery\/messac-juin-2015\/thumbs\/thumbs_messac-juin-2015-023.JPG?t=1435002958\"\n\t\t\t\t\twidth=\"100\"\n\t\t\t\t\theight=\"100\"\n\t\t\t\t\tstyle=\"max-width:100%;\"\n\t\t\t\t\/>\n\t\t\t<\/a>\n\t\t<\/div>\n\t\t\t\t\t\t\t<\/div>\n\t\t\t\n\t\t\t\t<div id=\"ngg-image-18\" class=\"ngg-gallery-thumbnail-box\n\t\t\t\t\t\t\t\t\t\t\t\"\n\t\t\t>\n\t\t\t\t\t\t<div class=\"ngg-gallery-thumbnail\">\n\t\t<a href=\"https:\/\/www.aclanester56.com\/velo\/wp-content\/gallery\/messac-juin-2015\/messac-juin-2015-022.JPG?t=1435002956\"\n\t\t\ttitle=\"\"\n\t\t\tdata-src=\"https:\/\/www.aclanester56.com\/velo\/wp-content\/gallery\/messac-juin-2015\/messac-juin-2015-022.JPG?t=1435002956\"\n\t\t\tdata-thumbnail=\"https:\/\/www.aclanester56.com\/velo\/wp-content\/gallery\/messac-juin-2015\/thumbs\/thumbs_messac-juin-2015-022.JPG?t=1435002956\"\n\t\t\tdata-image-id=\"9268\"\n\t\t\tdata-image-name=\"messac-juin-2015-022.JPG\"\n\t\t\tdata-title=\"messac-juin-2015-022\"\n\t\t\tdata-description=\"\"\n\t\t\tdata-image-slug=\"messac-juin-2015-022\"\n\t\t\t\t\t\t\t\t\t\t\t\t\t\t\t\t\t\t\t\tclass=\"ngg-simplelightbox\" rel=\"9ce6d6966a158ff05b2b7cd2003a0473\">\n\t\t\t\t\t\t\t\t<img\n\t\t\t\t\ttitle=\"messac-juin-2015-022\"\n\t\t\t\t\talt=\"messac-juin-2015-022\"\n\t\t\t\t\tsrc=\"https:\/\/www.aclanester56.com\/velo\/wp-content\/gallery\/messac-juin-2015\/thumbs\/thumbs_messac-juin-2015-022.JPG?t=1435002956\"\n\t\t\t\t\twidth=\"100\"\n\t\t\t\t\theight=\"100\"\n\t\t\t\t\tstyle=\"max-width:100%;\"\n\t\t\t\t\/>\n\t\t\t<\/a>\n\t\t<\/div>\n\t\t\t\t\t\t\t<\/div>\n\t\t\t\n\t\t\t\t<div id=\"ngg-image-19\" class=\"ngg-gallery-thumbnail-box\n\t\t\t\t\t\t\t\t\t\t\t\"\n\t\t\t>\n\t\t\t\t\t\t<div class=\"ngg-gallery-thumbnail\">\n\t\t<a href=\"https:\/\/www.aclanester56.com\/velo\/wp-content\/gallery\/messac-juin-2015\/messac-juin-2015-018.JPG?t=1435002953\"\n\t\t\ttitle=\"\"\n\t\t\tdata-src=\"https:\/\/www.aclanester56.com\/velo\/wp-content\/gallery\/messac-juin-2015\/messac-juin-2015-018.JPG?t=1435002953\"\n\t\t\tdata-thumbnail=\"https:\/\/www.aclanester56.com\/velo\/wp-content\/gallery\/messac-juin-2015\/thumbs\/thumbs_messac-juin-2015-018.JPG?t=1435002953\"\n\t\t\tdata-image-id=\"9267\"\n\t\t\tdata-image-name=\"messac-juin-2015-018.JPG\"\n\t\t\tdata-title=\"messac-juin-2015-018\"\n\t\t\tdata-description=\"\"\n\t\t\tdata-image-slug=\"messac-juin-2015-018\"\n\t\t\t\t\t\t\t\t\t\t\t\t\t\t\t\t\t\t\t\tclass=\"ngg-simplelightbox\" rel=\"9ce6d6966a158ff05b2b7cd2003a0473\">\n\t\t\t\t\t\t\t\t<img\n\t\t\t\t\ttitle=\"messac-juin-2015-018\"\n\t\t\t\t\talt=\"messac-juin-2015-018\"\n\t\t\t\t\tsrc=\"https:\/\/www.aclanester56.com\/velo\/wp-content\/gallery\/messac-juin-2015\/thumbs\/thumbs_messac-juin-2015-018.JPG?t=1435002953\"\n\t\t\t\t\twidth=\"100\"\n\t\t\t\t\theight=\"100\"\n\t\t\t\t\tstyle=\"max-width:100%;\"\n\t\t\t\t\/>\n\t\t\t<\/a>\n\t\t<\/div>\n\t\t\t\t\t\t\t<\/div>\n\t\t\t\n\t\t\t\t<div id=\"ngg-image-20\" class=\"ngg-gallery-thumbnail-box\n\t\t\t\t\t\t\t\t\t\t\t\"\n\t\t\t>\n\t\t\t\t\t\t<div class=\"ngg-gallery-thumbnail\">\n\t\t<a href=\"https:\/\/www.aclanester56.com\/velo\/wp-content\/gallery\/messac-juin-2015\/messac-juin-2015-017.JPG?t=1435002950\"\n\t\t\ttitle=\"\"\n\t\t\tdata-src=\"https:\/\/www.aclanester56.com\/velo\/wp-content\/gallery\/messac-juin-2015\/messac-juin-2015-017.JPG?t=1435002950\"\n\t\t\tdata-thumbnail=\"https:\/\/www.aclanester56.com\/velo\/wp-content\/gallery\/messac-juin-2015\/thumbs\/thumbs_messac-juin-2015-017.JPG?t=1435002950\"\n\t\t\tdata-image-id=\"9266\"\n\t\t\tdata-image-name=\"messac-juin-2015-017.JPG\"\n\t\t\tdata-title=\"messac-juin-2015-017\"\n\t\t\tdata-description=\"\"\n\t\t\tdata-image-slug=\"messac-juin-2015-017\"\n\t\t\t\t\t\t\t\t\t\t\t\t\t\t\t\t\t\t\t\tclass=\"ngg-simplelightbox\" rel=\"9ce6d6966a158ff05b2b7cd2003a0473\">\n\t\t\t\t\t\t\t\t<img\n\t\t\t\t\ttitle=\"messac-juin-2015-017\"\n\t\t\t\t\talt=\"messac-juin-2015-017\"\n\t\t\t\t\tsrc=\"https:\/\/www.aclanester56.com\/velo\/wp-content\/gallery\/messac-juin-2015\/thumbs\/thumbs_messac-juin-2015-017.JPG?t=1435002950\"\n\t\t\t\t\twidth=\"100\"\n\t\t\t\t\theight=\"100\"\n\t\t\t\t\tstyle=\"max-width:100%;\"\n\t\t\t\t\/>\n\t\t\t<\/a>\n\t\t<\/div>\n\t\t\t\t\t\t\t<\/div>\n\t\t\t\n\t\t\t\t<div id=\"ngg-image-21\" class=\"ngg-gallery-thumbnail-box\n\t\t\t\t\t\t\t\t\t\t\t\"\n\t\t\t>\n\t\t\t\t\t\t<div class=\"ngg-gallery-thumbnail\">\n\t\t<a href=\"https:\/\/www.aclanester56.com\/velo\/wp-content\/gallery\/messac-juin-2015\/messac-juin-2015-016.JPG?t=1435002948\"\n\t\t\ttitle=\"\"\n\t\t\tdata-src=\"https:\/\/www.aclanester56.com\/velo\/wp-content\/gallery\/messac-juin-2015\/messac-juin-2015-016.JPG?t=1435002948\"\n\t\t\tdata-thumbnail=\"https:\/\/www.aclanester56.com\/velo\/wp-content\/gallery\/messac-juin-2015\/thumbs\/thumbs_messac-juin-2015-016.JPG?t=1435002948\"\n\t\t\tdata-image-id=\"9265\"\n\t\t\tdata-image-name=\"messac-juin-2015-016.JPG\"\n\t\t\tdata-title=\"messac-juin-2015-016\"\n\t\t\tdata-description=\"\"\n\t\t\tdata-image-slug=\"messac-juin-2015-016\"\n\t\t\t\t\t\t\t\t\t\t\t\t\t\t\t\t\t\t\t\tclass=\"ngg-simplelightbox\" rel=\"9ce6d6966a158ff05b2b7cd2003a0473\">\n\t\t\t\t\t\t\t\t<img\n\t\t\t\t\ttitle=\"messac-juin-2015-016\"\n\t\t\t\t\talt=\"messac-juin-2015-016\"\n\t\t\t\t\tsrc=\"https:\/\/www.aclanester56.com\/velo\/wp-content\/gallery\/messac-juin-2015\/thumbs\/thumbs_messac-juin-2015-016.JPG?t=1435002948\"\n\t\t\t\t\twidth=\"100\"\n\t\t\t\t\theight=\"100\"\n\t\t\t\t\tstyle=\"max-width:100%;\"\n\t\t\t\t\/>\n\t\t\t<\/a>\n\t\t<\/div>\n\t\t\t\t\t\t\t<\/div>\n\t\t\t\n\t\t\t\t<div id=\"ngg-image-22\" class=\"ngg-gallery-thumbnail-box\n\t\t\t\t\t\t\t\t\t\t\t\"\n\t\t\t>\n\t\t\t\t\t\t<div class=\"ngg-gallery-thumbnail\">\n\t\t<a href=\"https:\/\/www.aclanester56.com\/velo\/wp-content\/gallery\/messac-juin-2015\/messac-juin-2015-014.JPG?t=1435002946\"\n\t\t\ttitle=\"\"\n\t\t\tdata-src=\"https:\/\/www.aclanester56.com\/velo\/wp-content\/gallery\/messac-juin-2015\/messac-juin-2015-014.JPG?t=1435002946\"\n\t\t\tdata-thumbnail=\"https:\/\/www.aclanester56.com\/velo\/wp-content\/gallery\/messac-juin-2015\/thumbs\/thumbs_messac-juin-2015-014.JPG?t=1435002946\"\n\t\t\tdata-image-id=\"9264\"\n\t\t\tdata-image-name=\"messac-juin-2015-014.JPG\"\n\t\t\tdata-title=\"messac-juin-2015-014\"\n\t\t\tdata-description=\"\"\n\t\t\tdata-image-slug=\"messac-juin-2015-014\"\n\t\t\t\t\t\t\t\t\t\t\t\t\t\t\t\t\t\t\t\tclass=\"ngg-simplelightbox\" rel=\"9ce6d6966a158ff05b2b7cd2003a0473\">\n\t\t\t\t\t\t\t\t<img\n\t\t\t\t\ttitle=\"messac-juin-2015-014\"\n\t\t\t\t\talt=\"messac-juin-2015-014\"\n\t\t\t\t\tsrc=\"https:\/\/www.aclanester56.com\/velo\/wp-content\/gallery\/messac-juin-2015\/thumbs\/thumbs_messac-juin-2015-014.JPG?t=1435002946\"\n\t\t\t\t\twidth=\"100\"\n\t\t\t\t\theight=\"100\"\n\t\t\t\t\tstyle=\"max-width:100%;\"\n\t\t\t\t\/>\n\t\t\t<\/a>\n\t\t<\/div>\n\t\t\t\t\t\t\t<\/div>\n\t\t\t\n\t\t\t\t<div id=\"ngg-image-23\" class=\"ngg-gallery-thumbnail-box\n\t\t\t\t\t\t\t\t\t\t\t\"\n\t\t\t>\n\t\t\t\t\t\t<div class=\"ngg-gallery-thumbnail\">\n\t\t<a href=\"https:\/\/www.aclanester56.com\/velo\/wp-content\/gallery\/messac-juin-2015\/messac-juin-2015-013.JPG?t=1435002944\"\n\t\t\ttitle=\"\"\n\t\t\tdata-src=\"https:\/\/www.aclanester56.com\/velo\/wp-content\/gallery\/messac-juin-2015\/messac-juin-2015-013.JPG?t=1435002944\"\n\t\t\tdata-thumbnail=\"https:\/\/www.aclanester56.com\/velo\/wp-content\/gallery\/messac-juin-2015\/thumbs\/thumbs_messac-juin-2015-013.JPG?t=1435002944\"\n\t\t\tdata-image-id=\"9263\"\n\t\t\tdata-image-name=\"messac-juin-2015-013.JPG\"\n\t\t\tdata-title=\"messac-juin-2015-013\"\n\t\t\tdata-description=\"\"\n\t\t\tdata-image-slug=\"messac-juin-2015-013\"\n\t\t\t\t\t\t\t\t\t\t\t\t\t\t\t\t\t\t\t\tclass=\"ngg-simplelightbox\" rel=\"9ce6d6966a158ff05b2b7cd2003a0473\">\n\t\t\t\t\t\t\t\t<img\n\t\t\t\t\ttitle=\"messac-juin-2015-013\"\n\t\t\t\t\talt=\"messac-juin-2015-013\"\n\t\t\t\t\tsrc=\"https:\/\/www.aclanester56.com\/velo\/wp-content\/gallery\/messac-juin-2015\/thumbs\/thumbs_messac-juin-2015-013.JPG?t=1435002944\"\n\t\t\t\t\twidth=\"100\"\n\t\t\t\t\theight=\"100\"\n\t\t\t\t\tstyle=\"max-width:100%;\"\n\t\t\t\t\/>\n\t\t\t<\/a>\n\t\t<\/div>\n\t\t\t\t\t\t\t<\/div>\n\t\t\t\n\t\t\t\t<div id=\"ngg-image-24\" class=\"ngg-gallery-thumbnail-box\n\t\t\t\t\t\t\t\t\t\t\t\"\n\t\t\t>\n\t\t\t\t\t\t<div class=\"ngg-gallery-thumbnail\">\n\t\t<a href=\"https:\/\/www.aclanester56.com\/velo\/wp-content\/gallery\/messac-juin-2015\/messac-juin-2015-012.JPG?t=1435002942\"\n\t\t\ttitle=\"\"\n\t\t\tdata-src=\"https:\/\/www.aclanester56.com\/velo\/wp-content\/gallery\/messac-juin-2015\/messac-juin-2015-012.JPG?t=1435002942\"\n\t\t\tdata-thumbnail=\"https:\/\/www.aclanester56.com\/velo\/wp-content\/gallery\/messac-juin-2015\/thumbs\/thumbs_messac-juin-2015-012.JPG?t=1435002942\"\n\t\t\tdata-image-id=\"9262\"\n\t\t\tdata-image-name=\"messac-juin-2015-012.JPG\"\n\t\t\tdata-title=\"messac-juin-2015-012\"\n\t\t\tdata-description=\"\"\n\t\t\tdata-image-slug=\"messac-juin-2015-012\"\n\t\t\t\t\t\t\t\t\t\t\t\t\t\t\t\t\t\t\t\tclass=\"ngg-simplelightbox\" rel=\"9ce6d6966a158ff05b2b7cd2003a0473\">\n\t\t\t\t\t\t\t\t<img\n\t\t\t\t\ttitle=\"messac-juin-2015-012\"\n\t\t\t\t\talt=\"messac-juin-2015-012\"\n\t\t\t\t\tsrc=\"https:\/\/www.aclanester56.com\/velo\/wp-content\/gallery\/messac-juin-2015\/thumbs\/thumbs_messac-juin-2015-012.JPG?t=1435002942\"\n\t\t\t\t\twidth=\"100\"\n\t\t\t\t\theight=\"100\"\n\t\t\t\t\tstyle=\"max-width:100%;\"\n\t\t\t\t\/>\n\t\t\t<\/a>\n\t\t<\/div>\n\t\t\t\t\t\t\t<\/div>\n\t\t\t\n\t\t\t\t<div id=\"ngg-image-25\" class=\"ngg-gallery-thumbnail-box\n\t\t\t\t\t\t\t\t\t\t\t\"\n\t\t\t>\n\t\t\t\t\t\t<div class=\"ngg-gallery-thumbnail\">\n\t\t<a href=\"https:\/\/www.aclanester56.com\/velo\/wp-content\/gallery\/messac-juin-2015\/messac-juin-2015-010.JPG?t=1435002937\"\n\t\t\ttitle=\"\"\n\t\t\tdata-src=\"https:\/\/www.aclanester56.com\/velo\/wp-content\/gallery\/messac-juin-2015\/messac-juin-2015-010.JPG?t=1435002937\"\n\t\t\tdata-thumbnail=\"https:\/\/www.aclanester56.com\/velo\/wp-content\/gallery\/messac-juin-2015\/thumbs\/thumbs_messac-juin-2015-010.JPG?t=1435002937\"\n\t\t\tdata-image-id=\"9261\"\n\t\t\tdata-image-name=\"messac-juin-2015-010.JPG\"\n\t\t\tdata-title=\"messac-juin-2015-010\"\n\t\t\tdata-description=\"\"\n\t\t\tdata-image-slug=\"messac-juin-2015-010\"\n\t\t\t\t\t\t\t\t\t\t\t\t\t\t\t\t\t\t\t\tclass=\"ngg-simplelightbox\" rel=\"9ce6d6966a158ff05b2b7cd2003a0473\">\n\t\t\t\t\t\t\t\t<img\n\t\t\t\t\ttitle=\"messac-juin-2015-010\"\n\t\t\t\t\talt=\"messac-juin-2015-010\"\n\t\t\t\t\tsrc=\"https:\/\/www.aclanester56.com\/velo\/wp-content\/gallery\/messac-juin-2015\/thumbs\/thumbs_messac-juin-2015-010.JPG?t=1435002937\"\n\t\t\t\t\twidth=\"100\"\n\t\t\t\t\theight=\"100\"\n\t\t\t\t\tstyle=\"max-width:100%;\"\n\t\t\t\t\/>\n\t\t\t<\/a>\n\t\t<\/div>\n\t\t\t\t\t\t\t<\/div>\n\t\t\t\n\t\t\t\t<div id=\"ngg-image-26\" class=\"ngg-gallery-thumbnail-box\n\t\t\t\t\t\t\t\t\t\t\t\"\n\t\t\t>\n\t\t\t\t\t\t<div class=\"ngg-gallery-thumbnail\">\n\t\t<a href=\"https:\/\/www.aclanester56.com\/velo\/wp-content\/gallery\/messac-juin-2015\/messac-juin-2015-007.JPG?t=1435002933\"\n\t\t\ttitle=\"\"\n\t\t\tdata-src=\"https:\/\/www.aclanester56.com\/velo\/wp-content\/gallery\/messac-juin-2015\/messac-juin-2015-007.JPG?t=1435002933\"\n\t\t\tdata-thumbnail=\"https:\/\/www.aclanester56.com\/velo\/wp-content\/gallery\/messac-juin-2015\/thumbs\/thumbs_messac-juin-2015-007.JPG?t=1435002933\"\n\t\t\tdata-image-id=\"9260\"\n\t\t\tdata-image-name=\"messac-juin-2015-007.JPG\"\n\t\t\tdata-title=\"messac-juin-2015-007\"\n\t\t\tdata-description=\"\"\n\t\t\tdata-image-slug=\"messac-juin-2015-007\"\n\t\t\t\t\t\t\t\t\t\t\t\t\t\t\t\t\t\t\t\tclass=\"ngg-simplelightbox\" rel=\"9ce6d6966a158ff05b2b7cd2003a0473\">\n\t\t\t\t\t\t\t\t<img\n\t\t\t\t\ttitle=\"messac-juin-2015-007\"\n\t\t\t\t\talt=\"messac-juin-2015-007\"\n\t\t\t\t\tsrc=\"https:\/\/www.aclanester56.com\/velo\/wp-content\/gallery\/messac-juin-2015\/thumbs\/thumbs_messac-juin-2015-007.JPG?t=1435002933\"\n\t\t\t\t\twidth=\"100\"\n\t\t\t\t\theight=\"100\"\n\t\t\t\t\tstyle=\"max-width:100%;\"\n\t\t\t\t\/>\n\t\t\t<\/a>\n\t\t<\/div>\n\t\t\t\t\t\t\t<\/div>\n\t\t\t\n\t\t\t\t<div id=\"ngg-image-27\" class=\"ngg-gallery-thumbnail-box\n\t\t\t\t\t\t\t\t\t\t\t\"\n\t\t\t>\n\t\t\t\t\t\t<div class=\"ngg-gallery-thumbnail\">\n\t\t<a href=\"https:\/\/www.aclanester56.com\/velo\/wp-content\/gallery\/messac-juin-2015\/messac-juin-2015-006.JPG?t=1435002931\"\n\t\t\ttitle=\"\"\n\t\t\tdata-src=\"https:\/\/www.aclanester56.com\/velo\/wp-content\/gallery\/messac-juin-2015\/messac-juin-2015-006.JPG?t=1435002931\"\n\t\t\tdata-thumbnail=\"https:\/\/www.aclanester56.com\/velo\/wp-content\/gallery\/messac-juin-2015\/thumbs\/thumbs_messac-juin-2015-006.JPG?t=1435002931\"\n\t\t\tdata-image-id=\"9259\"\n\t\t\tdata-image-name=\"messac-juin-2015-006.JPG\"\n\t\t\tdata-title=\"messac-juin-2015-006\"\n\t\t\tdata-description=\"\"\n\t\t\tdata-image-slug=\"messac-juin-2015-006\"\n\t\t\t\t\t\t\t\t\t\t\t\t\t\t\t\t\t\t\t\tclass=\"ngg-simplelightbox\" rel=\"9ce6d6966a158ff05b2b7cd2003a0473\">\n\t\t\t\t\t\t\t\t<img\n\t\t\t\t\ttitle=\"messac-juin-2015-006\"\n\t\t\t\t\talt=\"messac-juin-2015-006\"\n\t\t\t\t\tsrc=\"https:\/\/www.aclanester56.com\/velo\/wp-content\/gallery\/messac-juin-2015\/thumbs\/thumbs_messac-juin-2015-006.JPG?t=1435002931\"\n\t\t\t\t\twidth=\"100\"\n\t\t\t\t\theight=\"100\"\n\t\t\t\t\tstyle=\"max-width:100%;\"\n\t\t\t\t\/>\n\t\t\t<\/a>\n\t\t<\/div>\n\t\t\t\t\t\t\t<\/div>\n\t\t\t\n\t\t\t\t<div id=\"ngg-image-28\" class=\"ngg-gallery-thumbnail-box\n\t\t\t\t\t\t\t\t\t\t\t\"\n\t\t\t>\n\t\t\t\t\t\t<div class=\"ngg-gallery-thumbnail\">\n\t\t<a href=\"https:\/\/www.aclanester56.com\/velo\/wp-content\/gallery\/messac-juin-2015\/messac-juin-2015-005.JPG?t=1435002929\"\n\t\t\ttitle=\"\"\n\t\t\tdata-src=\"https:\/\/www.aclanester56.com\/velo\/wp-content\/gallery\/messac-juin-2015\/messac-juin-2015-005.JPG?t=1435002929\"\n\t\t\tdata-thumbnail=\"https:\/\/www.aclanester56.com\/velo\/wp-content\/gallery\/messac-juin-2015\/thumbs\/thumbs_messac-juin-2015-005.JPG?t=1435002929\"\n\t\t\tdata-image-id=\"9258\"\n\t\t\tdata-image-name=\"messac-juin-2015-005.JPG\"\n\t\t\tdata-title=\"messac-juin-2015-005\"\n\t\t\tdata-description=\"\"\n\t\t\tdata-image-slug=\"messac-juin-2015-005\"\n\t\t\t\t\t\t\t\t\t\t\t\t\t\t\t\t\t\t\t\tclass=\"ngg-simplelightbox\" rel=\"9ce6d6966a158ff05b2b7cd2003a0473\">\n\t\t\t\t\t\t\t\t<img\n\t\t\t\t\ttitle=\"messac-juin-2015-005\"\n\t\t\t\t\talt=\"messac-juin-2015-005\"\n\t\t\t\t\tsrc=\"https:\/\/www.aclanester56.com\/velo\/wp-content\/gallery\/messac-juin-2015\/thumbs\/thumbs_messac-juin-2015-005.JPG?t=1435002929\"\n\t\t\t\t\twidth=\"100\"\n\t\t\t\t\theight=\"100\"\n\t\t\t\t\tstyle=\"max-width:100%;\"\n\t\t\t\t\/>\n\t\t\t<\/a>\n\t\t<\/div>\n\t\t\t\t\t\t\t<\/div>\n\t\t\t\n\t\t\t\t<div id=\"ngg-image-29\" class=\"ngg-gallery-thumbnail-box\n\t\t\t\t\t\t\t\t\t\t\t\"\n\t\t\t>\n\t\t\t\t\t\t<div class=\"ngg-gallery-thumbnail\">\n\t\t<a href=\"https:\/\/www.aclanester56.com\/velo\/wp-content\/gallery\/messac-juin-2015\/messac-juin-2015-004.JPG?t=1435002928\"\n\t\t\ttitle=\"\"\n\t\t\tdata-src=\"https:\/\/www.aclanester56.com\/velo\/wp-content\/gallery\/messac-juin-2015\/messac-juin-2015-004.JPG?t=1435002928\"\n\t\t\tdata-thumbnail=\"https:\/\/www.aclanester56.com\/velo\/wp-content\/gallery\/messac-juin-2015\/thumbs\/thumbs_messac-juin-2015-004.JPG?t=1435002928\"\n\t\t\tdata-image-id=\"9257\"\n\t\t\tdata-image-name=\"messac-juin-2015-004.JPG\"\n\t\t\tdata-title=\"messac-juin-2015-004\"\n\t\t\tdata-description=\"\"\n\t\t\tdata-image-slug=\"messac-juin-2015-004\"\n\t\t\t\t\t\t\t\t\t\t\t\t\t\t\t\t\t\t\t\tclass=\"ngg-simplelightbox\" rel=\"9ce6d6966a158ff05b2b7cd2003a0473\">\n\t\t\t\t\t\t\t\t<img\n\t\t\t\t\ttitle=\"messac-juin-2015-004\"\n\t\t\t\t\talt=\"messac-juin-2015-004\"\n\t\t\t\t\tsrc=\"https:\/\/www.aclanester56.com\/velo\/wp-content\/gallery\/messac-juin-2015\/thumbs\/thumbs_messac-juin-2015-004.JPG?t=1435002928\"\n\t\t\t\t\twidth=\"100\"\n\t\t\t\t\theight=\"100\"\n\t\t\t\t\tstyle=\"max-width:100%;\"\n\t\t\t\t\/>\n\t\t\t<\/a>\n\t\t<\/div>\n\t\t\t\t\t\t\t<\/div>\n\t\t\t\n\t\t\t\t<div id=\"ngg-image-30\" class=\"ngg-gallery-thumbnail-box\n\t\t\t\t\t\t\t\t\t\t\t\"\n\t\t\t>\n\t\t\t\t\t\t<div class=\"ngg-gallery-thumbnail\">\n\t\t<a href=\"https:\/\/www.aclanester56.com\/velo\/wp-content\/gallery\/messac-juin-2015\/messac-juin-2015-003.JPG?t=1435002926\"\n\t\t\ttitle=\"\"\n\t\t\tdata-src=\"https:\/\/www.aclanester56.com\/velo\/wp-content\/gallery\/messac-juin-2015\/messac-juin-2015-003.JPG?t=1435002926\"\n\t\t\tdata-thumbnail=\"https:\/\/www.aclanester56.com\/velo\/wp-content\/gallery\/messac-juin-2015\/thumbs\/thumbs_messac-juin-2015-003.JPG?t=1435002926\"\n\t\t\tdata-image-id=\"9256\"\n\t\t\tdata-image-name=\"messac-juin-2015-003.JPG\"\n\t\t\tdata-title=\"messac-juin-2015-003\"\n\t\t\tdata-description=\"\"\n\t\t\tdata-image-slug=\"messac-juin-2015-003\"\n\t\t\t\t\t\t\t\t\t\t\t\t\t\t\t\t\t\t\t\tclass=\"ngg-simplelightbox\" rel=\"9ce6d6966a158ff05b2b7cd2003a0473\">\n\t\t\t\t\t\t\t\t<img\n\t\t\t\t\ttitle=\"messac-juin-2015-003\"\n\t\t\t\t\talt=\"messac-juin-2015-003\"\n\t\t\t\t\tsrc=\"https:\/\/www.aclanester56.com\/velo\/wp-content\/gallery\/messac-juin-2015\/thumbs\/thumbs_messac-juin-2015-003.JPG?t=1435002926\"\n\t\t\t\t\twidth=\"100\"\n\t\t\t\t\theight=\"100\"\n\t\t\t\t\tstyle=\"max-width:100%;\"\n\t\t\t\t\/>\n\t\t\t<\/a>\n\t\t<\/div>\n\t\t\t\t\t\t\t<\/div>\n\t\t\t\n\t\t\t\t<div id=\"ngg-image-31\" class=\"ngg-gallery-thumbnail-box\n\t\t\t\t\t\t\t\t\t\t\t\"\n\t\t\t>\n\t\t\t\t\t\t<div class=\"ngg-gallery-thumbnail\">\n\t\t<a href=\"https:\/\/www.aclanester56.com\/velo\/wp-content\/gallery\/messac-juin-2015\/messac-juin-2015-002.JPG?t=1435002925\"\n\t\t\ttitle=\"\"\n\t\t\tdata-src=\"https:\/\/www.aclanester56.com\/velo\/wp-content\/gallery\/messac-juin-2015\/messac-juin-2015-002.JPG?t=1435002925\"\n\t\t\tdata-thumbnail=\"https:\/\/www.aclanester56.com\/velo\/wp-content\/gallery\/messac-juin-2015\/thumbs\/thumbs_messac-juin-2015-002.JPG?t=1435002925\"\n\t\t\tdata-image-id=\"9255\"\n\t\t\tdata-image-name=\"messac-juin-2015-002.JPG\"\n\t\t\tdata-title=\"messac-juin-2015-002\"\n\t\t\tdata-description=\"\"\n\t\t\tdata-image-slug=\"messac-juin-2015-002\"\n\t\t\t\t\t\t\t\t\t\t\t\t\t\t\t\t\t\t\t\tclass=\"ngg-simplelightbox\" rel=\"9ce6d6966a158ff05b2b7cd2003a0473\">\n\t\t\t\t\t\t\t\t<img\n\t\t\t\t\ttitle=\"messac-juin-2015-002\"\n\t\t\t\t\talt=\"messac-juin-2015-002\"\n\t\t\t\t\tsrc=\"https:\/\/www.aclanester56.com\/velo\/wp-content\/gallery\/messac-juin-2015\/thumbs\/thumbs_messac-juin-2015-002.JPG?t=1435002925\"\n\t\t\t\t\twidth=\"100\"\n\t\t\t\t\theight=\"100\"\n\t\t\t\t\tstyle=\"max-width:100%;\"\n\t\t\t\t\/>\n\t\t\t<\/a>\n\t\t<\/div>\n\t\t\t\t\t\t\t<\/div>\n\t\t\t\n\t\n\t<br style=\"clear: both\" \/>\n\n\t\n\t\t<div class=\"ngg-clear\"><\/div>\n\t<\/div>\n<\/p>\n<p>&nbsp;<\/p>\n<p>Vid\u00e9o de Auray :<\/p>\n<p><iframe loading=\"lazy\" src=\"https:\/\/www.youtube.com\/embed\/mgU9VILawu0?rel=0&amp;showinfo=0\" width=\"750\" height=\"422\" frameborder=\"0\" allowfullscreen=\"allowfullscreen\"><\/iframe><\/p>\n","protected":false},"excerpt":{"rendered":"","protected":false},"author":2,"featured_media":25444,"comment_status":"open","ping_status":"open","sticky":false,"template":"","format":"standard","meta":{"ngg_post_thumbnail":0,"footnotes":""},"categories":[5,16,22,21],"tags":[],"class_list":["post-25443","post","type-post","status-publish","format-standard","has-post-thumbnail","hentry","category-ac-lanester-56","category-resultats","category-resultats-cadets","category-resultats-juniors"],"yoast_head":"<!-- This site is optimized with the Yoast SEO plugin v27.5 - https:\/\/yoast.com\/product\/yoast-seo-wordpress\/ -->\n<title>Les r\u00e9sultats du weekend le plus long - Avenir Cycliste Lanester 56<\/title>\n<meta name=\"robots\" content=\"index, follow, max-snippet:-1, max-image-preview:large, max-video-preview:-1\" \/>\n<link rel=\"canonical\" href=\"https:\/\/www.aclanester56.com\/velo\/les-resultats-du-weekend-le-plus-long\/\" \/>\n<meta property=\"og:locale\" content=\"fr_FR\" \/>\n<meta property=\"og:type\" content=\"article\" \/>\n<meta property=\"og:title\" content=\"Les r\u00e9sultats du weekend le plus long - Avenir Cycliste Lanester 56\" \/>\n<meta property=\"og:url\" content=\"https:\/\/www.aclanester56.com\/velo\/les-resultats-du-weekend-le-plus-long\/\" \/>\n<meta property=\"og:site_name\" content=\"Avenir Cycliste Lanester 56\" \/>\n<meta property=\"article:publisher\" content=\"https:\/\/www.facebook.com\/pages\/AC-Lanester-56\/190286300991242?fref=ts\" \/>\n<meta property=\"article:published_time\" content=\"2015-06-22T19:34:47+00:00\" \/>\n<meta property=\"article:modified_time\" content=\"2015-06-22T19:58:17+00:00\" \/>\n<meta property=\"og:image\" content=\"https:\/\/www.aclanester56.com\/velo\/wp-content\/uploads\/2015\/06\/Auray-Kerstran-juin-2015-057.jpg\" \/>\n\t<meta property=\"og:image:width\" content=\"1024\" \/>\n\t<meta property=\"og:image:height\" content=\"683\" \/>\n\t<meta property=\"og:image:type\" content=\"image\/jpeg\" \/>\n<meta name=\"author\" content=\"stephane\" \/>\n<meta name=\"twitter:label1\" content=\"\u00c9crit par\" \/>\n\t<meta name=\"twitter:data1\" content=\"stephane\" \/>\n<script type=\"application\/ld+json\" class=\"yoast-schema-graph\">{\"@context\":\"https:\\\/\\\/schema.org\",\"@graph\":[{\"@type\":\"Article\",\"@id\":\"https:\\\/\\\/www.aclanester56.com\\\/velo\\\/les-resultats-du-weekend-le-plus-long\\\/#article\",\"isPartOf\":{\"@id\":\"https:\\\/\\\/www.aclanester56.com\\\/velo\\\/les-resultats-du-weekend-le-plus-long\\\/\"},\"author\":{\"name\":\"stephane\",\"@id\":\"https:\\\/\\\/www.aclanester56.com\\\/velo\\\/#\\\/schema\\\/person\\\/c844661e64a578ca46639cb0ae764de6\"},\"headline\":\"Les r\u00e9sultats du weekend le plus long\",\"datePublished\":\"2015-06-22T19:34:47+00:00\",\"dateModified\":\"2015-06-22T19:58:17+00:00\",\"mainEntityOfPage\":{\"@id\":\"https:\\\/\\\/www.aclanester56.com\\\/velo\\\/les-resultats-du-weekend-le-plus-long\\\/\"},\"wordCount\":37,\"commentCount\":0,\"publisher\":{\"@id\":\"https:\\\/\\\/www.aclanester56.com\\\/velo\\\/#organization\"},\"image\":{\"@id\":\"https:\\\/\\\/www.aclanester56.com\\\/velo\\\/les-resultats-du-weekend-le-plus-long\\\/#primaryimage\"},\"thumbnailUrl\":\"https:\\\/\\\/www.aclanester56.com\\\/velo\\\/wp-content\\\/uploads\\\/2015\\\/06\\\/Auray-Kerstran-juin-2015-057.jpg\",\"articleSection\":[\"AC LANESTER 56\",\"R\u00e9sultats\",\"R\u00e9sultats Cadets\",\"R\u00e9sultats Juniors\"],\"inLanguage\":\"fr-FR\",\"potentialAction\":[{\"@type\":\"CommentAction\",\"name\":\"Comment\",\"target\":[\"https:\\\/\\\/www.aclanester56.com\\\/velo\\\/les-resultats-du-weekend-le-plus-long\\\/#respond\"]}]},{\"@type\":\"WebPage\",\"@id\":\"https:\\\/\\\/www.aclanester56.com\\\/velo\\\/les-resultats-du-weekend-le-plus-long\\\/\",\"url\":\"https:\\\/\\\/www.aclanester56.com\\\/velo\\\/les-resultats-du-weekend-le-plus-long\\\/\",\"name\":\"Les r\u00e9sultats du weekend le plus long - Avenir Cycliste Lanester 56\",\"isPartOf\":{\"@id\":\"https:\\\/\\\/www.aclanester56.com\\\/velo\\\/#website\"},\"primaryImageOfPage\":{\"@id\":\"https:\\\/\\\/www.aclanester56.com\\\/velo\\\/les-resultats-du-weekend-le-plus-long\\\/#primaryimage\"},\"image\":{\"@id\":\"https:\\\/\\\/www.aclanester56.com\\\/velo\\\/les-resultats-du-weekend-le-plus-long\\\/#primaryimage\"},\"thumbnailUrl\":\"https:\\\/\\\/www.aclanester56.com\\\/velo\\\/wp-content\\\/uploads\\\/2015\\\/06\\\/Auray-Kerstran-juin-2015-057.jpg\",\"datePublished\":\"2015-06-22T19:34:47+00:00\",\"dateModified\":\"2015-06-22T19:58:17+00:00\",\"inLanguage\":\"fr-FR\",\"potentialAction\":[{\"@type\":\"ReadAction\",\"target\":[\"https:\\\/\\\/www.aclanester56.com\\\/velo\\\/les-resultats-du-weekend-le-plus-long\\\/\"]}]},{\"@type\":\"ImageObject\",\"inLanguage\":\"fr-FR\",\"@id\":\"https:\\\/\\\/www.aclanester56.com\\\/velo\\\/les-resultats-du-weekend-le-plus-long\\\/#primaryimage\",\"url\":\"https:\\\/\\\/www.aclanester56.com\\\/velo\\\/wp-content\\\/uploads\\\/2015\\\/06\\\/Auray-Kerstran-juin-2015-057.jpg\",\"contentUrl\":\"https:\\\/\\\/www.aclanester56.com\\\/velo\\\/wp-content\\\/uploads\\\/2015\\\/06\\\/Auray-Kerstran-juin-2015-057.jpg\",\"width\":1024,\"height\":683},{\"@type\":\"WebSite\",\"@id\":\"https:\\\/\\\/www.aclanester56.com\\\/velo\\\/#website\",\"url\":\"https:\\\/\\\/www.aclanester56.com\\\/velo\\\/\",\"name\":\"Avenir Cycliste Lanester 56\",\"description\":\"Club cycliste de l&#039;AC LANESTER 56\",\"publisher\":{\"@id\":\"https:\\\/\\\/www.aclanester56.com\\\/velo\\\/#organization\"},\"potentialAction\":[{\"@type\":\"SearchAction\",\"target\":{\"@type\":\"EntryPoint\",\"urlTemplate\":\"https:\\\/\\\/www.aclanester56.com\\\/velo\\\/?s={search_term_string}\"},\"query-input\":{\"@type\":\"PropertyValueSpecification\",\"valueRequired\":true,\"valueName\":\"search_term_string\"}}],\"inLanguage\":\"fr-FR\"},{\"@type\":\"Organization\",\"@id\":\"https:\\\/\\\/www.aclanester56.com\\\/velo\\\/#organization\",\"name\":\"Avenir Cycliste Lanester 56\",\"url\":\"https:\\\/\\\/www.aclanester56.com\\\/velo\\\/\",\"logo\":{\"@type\":\"ImageObject\",\"inLanguage\":\"fr-FR\",\"@id\":\"https:\\\/\\\/www.aclanester56.com\\\/velo\\\/#\\\/schema\\\/logo\\\/image\\\/\",\"url\":\"https:\\\/\\\/www.aclanester56.com\\\/velo\\\/wp-content\\\/uploads\\\/2013\\\/04\\\/logo-ACL.jpg\",\"contentUrl\":\"https:\\\/\\\/www.aclanester56.com\\\/velo\\\/wp-content\\\/uploads\\\/2013\\\/04\\\/logo-ACL.jpg\",\"width\":400,\"height\":334,\"caption\":\"Avenir Cycliste Lanester 56\"},\"image\":{\"@id\":\"https:\\\/\\\/www.aclanester56.com\\\/velo\\\/#\\\/schema\\\/logo\\\/image\\\/\"},\"sameAs\":[\"https:\\\/\\\/www.facebook.com\\\/pages\\\/AC-Lanester-56\\\/190286300991242?fref=ts\"]},{\"@type\":\"Person\",\"@id\":\"https:\\\/\\\/www.aclanester56.com\\\/velo\\\/#\\\/schema\\\/person\\\/c844661e64a578ca46639cb0ae764de6\",\"name\":\"stephane\",\"url\":\"https:\\\/\\\/www.aclanester56.com\\\/velo\\\/author\\\/stephane\\\/\"}]}<\/script>\n<!-- \/ Yoast SEO plugin. -->","yoast_head_json":{"title":"Les r\u00e9sultats du weekend le plus long - Avenir Cycliste Lanester 56","robots":{"index":"index","follow":"follow","max-snippet":"max-snippet:-1","max-image-preview":"max-image-preview:large","max-video-preview":"max-video-preview:-1"},"canonical":"https:\/\/www.aclanester56.com\/velo\/les-resultats-du-weekend-le-plus-long\/","og_locale":"fr_FR","og_type":"article","og_title":"Les r\u00e9sultats du weekend le plus long - Avenir Cycliste Lanester 56","og_url":"https:\/\/www.aclanester56.com\/velo\/les-resultats-du-weekend-le-plus-long\/","og_site_name":"Avenir Cycliste Lanester 56","article_publisher":"https:\/\/www.facebook.com\/pages\/AC-Lanester-56\/190286300991242?fref=ts","article_published_time":"2015-06-22T19:34:47+00:00","article_modified_time":"2015-06-22T19:58:17+00:00","og_image":[{"width":1024,"height":683,"url":"https:\/\/www.aclanester56.com\/velo\/wp-content\/uploads\/2015\/06\/Auray-Kerstran-juin-2015-057.jpg","type":"image\/jpeg"}],"author":"stephane","twitter_misc":{"\u00c9crit par":"stephane"},"schema":{"@context":"https:\/\/schema.org","@graph":[{"@type":"Article","@id":"https:\/\/www.aclanester56.com\/velo\/les-resultats-du-weekend-le-plus-long\/#article","isPartOf":{"@id":"https:\/\/www.aclanester56.com\/velo\/les-resultats-du-weekend-le-plus-long\/"},"author":{"name":"stephane","@id":"https:\/\/www.aclanester56.com\/velo\/#\/schema\/person\/c844661e64a578ca46639cb0ae764de6"},"headline":"Les r\u00e9sultats du weekend le plus long","datePublished":"2015-06-22T19:34:47+00:00","dateModified":"2015-06-22T19:58:17+00:00","mainEntityOfPage":{"@id":"https:\/\/www.aclanester56.com\/velo\/les-resultats-du-weekend-le-plus-long\/"},"wordCount":37,"commentCount":0,"publisher":{"@id":"https:\/\/www.aclanester56.com\/velo\/#organization"},"image":{"@id":"https:\/\/www.aclanester56.com\/velo\/les-resultats-du-weekend-le-plus-long\/#primaryimage"},"thumbnailUrl":"https:\/\/www.aclanester56.com\/velo\/wp-content\/uploads\/2015\/06\/Auray-Kerstran-juin-2015-057.jpg","articleSection":["AC LANESTER 56","R\u00e9sultats","R\u00e9sultats Cadets","R\u00e9sultats Juniors"],"inLanguage":"fr-FR","potentialAction":[{"@type":"CommentAction","name":"Comment","target":["https:\/\/www.aclanester56.com\/velo\/les-resultats-du-weekend-le-plus-long\/#respond"]}]},{"@type":"WebPage","@id":"https:\/\/www.aclanester56.com\/velo\/les-resultats-du-weekend-le-plus-long\/","url":"https:\/\/www.aclanester56.com\/velo\/les-resultats-du-weekend-le-plus-long\/","name":"Les r\u00e9sultats du weekend le plus long - Avenir Cycliste Lanester 56","isPartOf":{"@id":"https:\/\/www.aclanester56.com\/velo\/#website"},"primaryImageOfPage":{"@id":"https:\/\/www.aclanester56.com\/velo\/les-resultats-du-weekend-le-plus-long\/#primaryimage"},"image":{"@id":"https:\/\/www.aclanester56.com\/velo\/les-resultats-du-weekend-le-plus-long\/#primaryimage"},"thumbnailUrl":"https:\/\/www.aclanester56.com\/velo\/wp-content\/uploads\/2015\/06\/Auray-Kerstran-juin-2015-057.jpg","datePublished":"2015-06-22T19:34:47+00:00","dateModified":"2015-06-22T19:58:17+00:00","inLanguage":"fr-FR","potentialAction":[{"@type":"ReadAction","target":["https:\/\/www.aclanester56.com\/velo\/les-resultats-du-weekend-le-plus-long\/"]}]},{"@type":"ImageObject","inLanguage":"fr-FR","@id":"https:\/\/www.aclanester56.com\/velo\/les-resultats-du-weekend-le-plus-long\/#primaryimage","url":"https:\/\/www.aclanester56.com\/velo\/wp-content\/uploads\/2015\/06\/Auray-Kerstran-juin-2015-057.jpg","contentUrl":"https:\/\/www.aclanester56.com\/velo\/wp-content\/uploads\/2015\/06\/Auray-Kerstran-juin-2015-057.jpg","width":1024,"height":683},{"@type":"WebSite","@id":"https:\/\/www.aclanester56.com\/velo\/#website","url":"https:\/\/www.aclanester56.com\/velo\/","name":"Avenir Cycliste Lanester 56","description":"Club cycliste de l&#039;AC LANESTER 56","publisher":{"@id":"https:\/\/www.aclanester56.com\/velo\/#organization"},"potentialAction":[{"@type":"SearchAction","target":{"@type":"EntryPoint","urlTemplate":"https:\/\/www.aclanester56.com\/velo\/?s={search_term_string}"},"query-input":{"@type":"PropertyValueSpecification","valueRequired":true,"valueName":"search_term_string"}}],"inLanguage":"fr-FR"},{"@type":"Organization","@id":"https:\/\/www.aclanester56.com\/velo\/#organization","name":"Avenir Cycliste Lanester 56","url":"https:\/\/www.aclanester56.com\/velo\/","logo":{"@type":"ImageObject","inLanguage":"fr-FR","@id":"https:\/\/www.aclanester56.com\/velo\/#\/schema\/logo\/image\/","url":"https:\/\/www.aclanester56.com\/velo\/wp-content\/uploads\/2013\/04\/logo-ACL.jpg","contentUrl":"https:\/\/www.aclanester56.com\/velo\/wp-content\/uploads\/2013\/04\/logo-ACL.jpg","width":400,"height":334,"caption":"Avenir Cycliste Lanester 56"},"image":{"@id":"https:\/\/www.aclanester56.com\/velo\/#\/schema\/logo\/image\/"},"sameAs":["https:\/\/www.facebook.com\/pages\/AC-Lanester-56\/190286300991242?fref=ts"]},{"@type":"Person","@id":"https:\/\/www.aclanester56.com\/velo\/#\/schema\/person\/c844661e64a578ca46639cb0ae764de6","name":"stephane","url":"https:\/\/www.aclanester56.com\/velo\/author\/stephane\/"}]}},"_links":{"self":[{"href":"https:\/\/www.aclanester56.com\/velo\/wp-json\/wp\/v2\/posts\/25443","targetHints":{"allow":["GET"]}}],"collection":[{"href":"https:\/\/www.aclanester56.com\/velo\/wp-json\/wp\/v2\/posts"}],"about":[{"href":"https:\/\/www.aclanester56.com\/velo\/wp-json\/wp\/v2\/types\/post"}],"author":[{"embeddable":true,"href":"https:\/\/www.aclanester56.com\/velo\/wp-json\/wp\/v2\/users\/2"}],"replies":[{"embeddable":true,"href":"https:\/\/www.aclanester56.com\/velo\/wp-json\/wp\/v2\/comments?post=25443"}],"version-history":[{"count":3,"href":"https:\/\/www.aclanester56.com\/velo\/wp-json\/wp\/v2\/posts\/25443\/revisions"}],"predecessor-version":[{"id":25518,"href":"https:\/\/www.aclanester56.com\/velo\/wp-json\/wp\/v2\/posts\/25443\/revisions\/25518"}],"wp:featuredmedia":[{"embeddable":true,"href":"https:\/\/www.aclanester56.com\/velo\/wp-json\/wp\/v2\/media\/25444"}],"wp:attachment":[{"href":"https:\/\/www.aclanester56.com\/velo\/wp-json\/wp\/v2\/media?parent=25443"}],"wp:term":[{"taxonomy":"category","embeddable":true,"href":"https:\/\/www.aclanester56.com\/velo\/wp-json\/wp\/v2\/categories?post=25443"},{"taxonomy":"post_tag","embeddable":true,"href":"https:\/\/www.aclanester56.com\/velo\/wp-json\/wp\/v2\/tags?post=25443"}],"curies":[{"name":"wp","href":"https:\/\/api.w.org\/{rel}","templated":true}]}}