{"id":25736,"date":"2015-07-02T21:36:51","date_gmt":"2015-07-02T19:36:51","guid":{"rendered":"http:\/\/www.aclanester56.com\/velo\/?p=25736"},"modified":"2015-07-02T21:36:51","modified_gmt":"2015-07-02T19:36:51","slug":"les-courses-cyclistes-du-1er-weekend-de-juillet","status":"publish","type":"post","link":"https:\/\/www.aclanester56.com\/velo\/les-courses-cyclistes-du-1er-weekend-de-juillet\/","title":{"rendered":"Les courses cyclistes du 1er weekend de  juillet"},"content":{"rendered":"<p><!--more--><\/p>\n<p><span style=\"color: #ff0000;\"><strong>Samedi 4 juillet 2015<\/strong><\/span><\/p>\n<p><strong>Kernevel<\/strong><\/p>\n<ul>\n<li>BOURGOUGNON STEPHANE 1ere cat<\/li>\n<li>LE CALVE GREGOIRE 1ere cat<\/li>\n<li>NIVINOU MA\u00cbL 2eme cat<\/li>\n<\/ul>\n<p><strong>Quilly<\/strong><\/p>\n<ul>\n<li>HAYE BENJAMIN 2eme cat<\/li>\n<li>DESBOIS REGIS Pass<\/li>\n<\/ul>\n<p>&nbsp;<\/p>\n<p><span style=\"color: #ff0000;\"><strong>Dimanche 5 juillet 2015<\/strong><\/span><\/p>\n<p><strong>Avessac<\/strong><\/p>\n<ul>\n<li>HAYE BENJAMIN 2eme cat<\/li>\n<\/ul>\n<p><strong>Bourg-Blanc<\/strong><\/p>\n<ul>\n<li>CADORET THEOTIME Benjamin<\/li>\n<li>CADORET CELESTIN Minimes<\/li>\n<li>CORLAY LE BARON MAEVA Minimes<\/li>\n<\/ul>\n<p><strong>Bubry<\/strong><\/p>\n<ul>\n<li>LE GAL JEROME 3eme cat<\/li>\n<li>SINNER CHRISTOPHE 2eme cat<\/li>\n<li>AUDIC DYLAN\u00a0cadet<\/li>\n<li>JUSTUM AXEL\u00a0cadet<\/li>\n<li>SEVENO CHLOE cadet<\/li>\n<\/ul>\n<p><strong>Guilligomarch<\/strong><\/p>\n<ul>\n<li>KERGUEN JORDAN 2eme cat<\/li>\n<li>NIVINOU MA\u00cbL 2eme cat<\/li>\n<\/ul>\n<p><strong>Manche Ocean<\/strong><\/p>\n<ul>\n<li>BOURGOUGNON STEPHANE 1ere cat<\/li>\n<li>LE CALVE GREGOIRE 1ere cat<\/li>\n<\/ul>\n<p><strong>Treauray<\/strong><\/p>\n<ul>\n<li>LE BAIL HUGO H<\/li>\n<li>LE BARBIER LO\u00cfC<\/li>\n<li>LE BRUCHEC BENOIT<\/li>\n<li>\u00a0LE GAL MATHIEU<\/li>\n<li>\u00a0LE PROVOST ALEXANDRE<\/li>\n<li>MOREAC FLORIAN<\/li>\n<li>SELO YOANN<\/li>\n<\/ul>\n<p>&nbsp;<\/p>\n<p><span style=\"color: #ff0000;\"><strong>Samedi \u00a04 juillet 2015<\/strong><\/span><\/p>\n<p><strong>Championnat de Bretagne a PLOUHA\u00a0<\/strong><\/p>\n<ul>\n<li>LE COZ STEPHANE Pass<\/li>\n<\/ul>\n<p><span style=\"color: #ff0000;\"><strong>Dimanche 5 juillet 20105\u00a0<\/strong><\/span><\/p>\n<p><strong>Championnat de Bretagne a PEAULE :<\/strong><\/p>\n<ul>\n<li>LE CHENADEC Ewen Minimes<\/li>\n<li>LE CHENADEC Antoine cadet<\/li>\n<li>REVOLT Le bouedec Johann cadet<\/li>\n<li>BALTENWECK Mewen Junior<\/li>\n<li>ROUZAU Thibault Junior<\/li>\n<\/ul>\n<p><span style=\"color: #ff0000;\"><strong>Samedi 4 Juillet 2015 : -Ultrecht &#8211; Pays-Bas<\/strong><\/span><\/p>\n<p>D\u00e9part du 102\u00e8me Tour de France o\u00f9 Warren Barguil , coureur cycliste professionnel au club de l&rsquo;AC Lanester 56 , y participera pour la premi\u00e8re fois.<\/p>\n<p>Tout le club lui souhaite un bon Tour de France \u00a0!<\/p>\n<p>&nbsp;<\/p>\n","protected":false},"excerpt":{"rendered":"","protected":false},"author":2,"featured_media":25737,"comment_status":"open","ping_status":"open","sticky":false,"template":"","format":"standard","meta":{"ngg_post_thumbnail":0,"footnotes":""},"categories":[5,4],"tags":[],"class_list":["post-25736","post","type-post","status-publish","format-standard","has-post-thumbnail","hentry","category-ac-lanester-56","category-competitions"],"yoast_head":"<!-- This site is optimized with the Yoast SEO plugin v27.5 - https:\/\/yoast.com\/product\/yoast-seo-wordpress\/ -->\n<title>Les courses cyclistes du 1er weekend de juillet - Avenir Cycliste Lanester 56<\/title>\n<meta name=\"robots\" content=\"index, follow, max-snippet:-1, max-image-preview:large, max-video-preview:-1\" \/>\n<link rel=\"canonical\" href=\"https:\/\/www.aclanester56.com\/velo\/les-courses-cyclistes-du-1er-weekend-de-juillet\/\" \/>\n<meta property=\"og:locale\" content=\"fr_FR\" \/>\n<meta property=\"og:type\" content=\"article\" \/>\n<meta property=\"og:title\" content=\"Les courses cyclistes du 1er weekend de juillet - Avenir Cycliste Lanester 56\" \/>\n<meta property=\"og:url\" content=\"https:\/\/www.aclanester56.com\/velo\/les-courses-cyclistes-du-1er-weekend-de-juillet\/\" \/>\n<meta property=\"og:site_name\" content=\"Avenir Cycliste Lanester 56\" \/>\n<meta property=\"article:publisher\" content=\"https:\/\/www.facebook.com\/pages\/AC-Lanester-56\/190286300991242?fref=ts\" \/>\n<meta property=\"article:published_time\" content=\"2015-07-02T19:36:51+00:00\" \/>\n<meta property=\"og:image\" content=\"https:\/\/www.aclanester56.com\/velo\/wp-content\/uploads\/2015\/07\/Auray-Kerstran-juin-2015-109.jpg\" \/>\n\t<meta property=\"og:image:width\" content=\"1024\" \/>\n\t<meta property=\"og:image:height\" content=\"683\" \/>\n\t<meta property=\"og:image:type\" content=\"image\/jpeg\" \/>\n<meta name=\"author\" content=\"stephane\" \/>\n<meta name=\"twitter:label1\" content=\"\u00c9crit par\" \/>\n\t<meta name=\"twitter:data1\" content=\"stephane\" \/>\n\t<meta name=\"twitter:label2\" content=\"Dur\u00e9e de lecture estim\u00e9e\" \/>\n\t<meta name=\"twitter:data2\" content=\"1 minute\" \/>\n<script type=\"application\/ld+json\" class=\"yoast-schema-graph\">{\"@context\":\"https:\\\/\\\/schema.org\",\"@graph\":[{\"@type\":\"Article\",\"@id\":\"https:\\\/\\\/www.aclanester56.com\\\/velo\\\/les-courses-cyclistes-du-1er-weekend-de-juillet\\\/#article\",\"isPartOf\":{\"@id\":\"https:\\\/\\\/www.aclanester56.com\\\/velo\\\/les-courses-cyclistes-du-1er-weekend-de-juillet\\\/\"},\"author\":{\"name\":\"stephane\",\"@id\":\"https:\\\/\\\/www.aclanester56.com\\\/velo\\\/#\\\/schema\\\/person\\\/c844661e64a578ca46639cb0ae764de6\"},\"headline\":\"Les courses cyclistes du 1er weekend de juillet\",\"datePublished\":\"2015-07-02T19:36:51+00:00\",\"mainEntityOfPage\":{\"@id\":\"https:\\\/\\\/www.aclanester56.com\\\/velo\\\/les-courses-cyclistes-du-1er-weekend-de-juillet\\\/\"},\"wordCount\":194,\"commentCount\":0,\"publisher\":{\"@id\":\"https:\\\/\\\/www.aclanester56.com\\\/velo\\\/#organization\"},\"image\":{\"@id\":\"https:\\\/\\\/www.aclanester56.com\\\/velo\\\/les-courses-cyclistes-du-1er-weekend-de-juillet\\\/#primaryimage\"},\"thumbnailUrl\":\"https:\\\/\\\/www.aclanester56.com\\\/velo\\\/wp-content\\\/uploads\\\/2015\\\/07\\\/Auray-Kerstran-juin-2015-109.jpg\",\"articleSection\":[\"AC LANESTER 56\",\"Les comp\u00e9titions\"],\"inLanguage\":\"fr-FR\",\"potentialAction\":[{\"@type\":\"CommentAction\",\"name\":\"Comment\",\"target\":[\"https:\\\/\\\/www.aclanester56.com\\\/velo\\\/les-courses-cyclistes-du-1er-weekend-de-juillet\\\/#respond\"]}]},{\"@type\":\"WebPage\",\"@id\":\"https:\\\/\\\/www.aclanester56.com\\\/velo\\\/les-courses-cyclistes-du-1er-weekend-de-juillet\\\/\",\"url\":\"https:\\\/\\\/www.aclanester56.com\\\/velo\\\/les-courses-cyclistes-du-1er-weekend-de-juillet\\\/\",\"name\":\"Les courses cyclistes du 1er weekend de juillet - Avenir Cycliste Lanester 56\",\"isPartOf\":{\"@id\":\"https:\\\/\\\/www.aclanester56.com\\\/velo\\\/#website\"},\"primaryImageOfPage\":{\"@id\":\"https:\\\/\\\/www.aclanester56.com\\\/velo\\\/les-courses-cyclistes-du-1er-weekend-de-juillet\\\/#primaryimage\"},\"image\":{\"@id\":\"https:\\\/\\\/www.aclanester56.com\\\/velo\\\/les-courses-cyclistes-du-1er-weekend-de-juillet\\\/#primaryimage\"},\"thumbnailUrl\":\"https:\\\/\\\/www.aclanester56.com\\\/velo\\\/wp-content\\\/uploads\\\/2015\\\/07\\\/Auray-Kerstran-juin-2015-109.jpg\",\"datePublished\":\"2015-07-02T19:36:51+00:00\",\"inLanguage\":\"fr-FR\",\"potentialAction\":[{\"@type\":\"ReadAction\",\"target\":[\"https:\\\/\\\/www.aclanester56.com\\\/velo\\\/les-courses-cyclistes-du-1er-weekend-de-juillet\\\/\"]}]},{\"@type\":\"ImageObject\",\"inLanguage\":\"fr-FR\",\"@id\":\"https:\\\/\\\/www.aclanester56.com\\\/velo\\\/les-courses-cyclistes-du-1er-weekend-de-juillet\\\/#primaryimage\",\"url\":\"https:\\\/\\\/www.aclanester56.com\\\/velo\\\/wp-content\\\/uploads\\\/2015\\\/07\\\/Auray-Kerstran-juin-2015-109.jpg\",\"contentUrl\":\"https:\\\/\\\/www.aclanester56.com\\\/velo\\\/wp-content\\\/uploads\\\/2015\\\/07\\\/Auray-Kerstran-juin-2015-109.jpg\",\"width\":1024,\"height\":683},{\"@type\":\"WebSite\",\"@id\":\"https:\\\/\\\/www.aclanester56.com\\\/velo\\\/#website\",\"url\":\"https:\\\/\\\/www.aclanester56.com\\\/velo\\\/\",\"name\":\"Avenir Cycliste Lanester 56\",\"description\":\"Club cycliste de l&#039;AC LANESTER 56\",\"publisher\":{\"@id\":\"https:\\\/\\\/www.aclanester56.com\\\/velo\\\/#organization\"},\"potentialAction\":[{\"@type\":\"SearchAction\",\"target\":{\"@type\":\"EntryPoint\",\"urlTemplate\":\"https:\\\/\\\/www.aclanester56.com\\\/velo\\\/?s={search_term_string}\"},\"query-input\":{\"@type\":\"PropertyValueSpecification\",\"valueRequired\":true,\"valueName\":\"search_term_string\"}}],\"inLanguage\":\"fr-FR\"},{\"@type\":\"Organization\",\"@id\":\"https:\\\/\\\/www.aclanester56.com\\\/velo\\\/#organization\",\"name\":\"Avenir Cycliste Lanester 56\",\"url\":\"https:\\\/\\\/www.aclanester56.com\\\/velo\\\/\",\"logo\":{\"@type\":\"ImageObject\",\"inLanguage\":\"fr-FR\",\"@id\":\"https:\\\/\\\/www.aclanester56.com\\\/velo\\\/#\\\/schema\\\/logo\\\/image\\\/\",\"url\":\"https:\\\/\\\/www.aclanester56.com\\\/velo\\\/wp-content\\\/uploads\\\/2013\\\/04\\\/logo-ACL.jpg\",\"contentUrl\":\"https:\\\/\\\/www.aclanester56.com\\\/velo\\\/wp-content\\\/uploads\\\/2013\\\/04\\\/logo-ACL.jpg\",\"width\":400,\"height\":334,\"caption\":\"Avenir Cycliste Lanester 56\"},\"image\":{\"@id\":\"https:\\\/\\\/www.aclanester56.com\\\/velo\\\/#\\\/schema\\\/logo\\\/image\\\/\"},\"sameAs\":[\"https:\\\/\\\/www.facebook.com\\\/pages\\\/AC-Lanester-56\\\/190286300991242?fref=ts\"]},{\"@type\":\"Person\",\"@id\":\"https:\\\/\\\/www.aclanester56.com\\\/velo\\\/#\\\/schema\\\/person\\\/c844661e64a578ca46639cb0ae764de6\",\"name\":\"stephane\",\"url\":\"https:\\\/\\\/www.aclanester56.com\\\/velo\\\/author\\\/stephane\\\/\"}]}<\/script>\n<!-- \/ Yoast SEO plugin. -->","yoast_head_json":{"title":"Les courses cyclistes du 1er weekend de juillet - Avenir Cycliste Lanester 56","robots":{"index":"index","follow":"follow","max-snippet":"max-snippet:-1","max-image-preview":"max-image-preview:large","max-video-preview":"max-video-preview:-1"},"canonical":"https:\/\/www.aclanester56.com\/velo\/les-courses-cyclistes-du-1er-weekend-de-juillet\/","og_locale":"fr_FR","og_type":"article","og_title":"Les courses cyclistes du 1er weekend de juillet - Avenir Cycliste Lanester 56","og_url":"https:\/\/www.aclanester56.com\/velo\/les-courses-cyclistes-du-1er-weekend-de-juillet\/","og_site_name":"Avenir Cycliste Lanester 56","article_publisher":"https:\/\/www.facebook.com\/pages\/AC-Lanester-56\/190286300991242?fref=ts","article_published_time":"2015-07-02T19:36:51+00:00","og_image":[{"width":1024,"height":683,"url":"https:\/\/www.aclanester56.com\/velo\/wp-content\/uploads\/2015\/07\/Auray-Kerstran-juin-2015-109.jpg","type":"image\/jpeg"}],"author":"stephane","twitter_misc":{"\u00c9crit par":"stephane","Dur\u00e9e de lecture estim\u00e9e":"1 minute"},"schema":{"@context":"https:\/\/schema.org","@graph":[{"@type":"Article","@id":"https:\/\/www.aclanester56.com\/velo\/les-courses-cyclistes-du-1er-weekend-de-juillet\/#article","isPartOf":{"@id":"https:\/\/www.aclanester56.com\/velo\/les-courses-cyclistes-du-1er-weekend-de-juillet\/"},"author":{"name":"stephane","@id":"https:\/\/www.aclanester56.com\/velo\/#\/schema\/person\/c844661e64a578ca46639cb0ae764de6"},"headline":"Les courses cyclistes du 1er weekend de juillet","datePublished":"2015-07-02T19:36:51+00:00","mainEntityOfPage":{"@id":"https:\/\/www.aclanester56.com\/velo\/les-courses-cyclistes-du-1er-weekend-de-juillet\/"},"wordCount":194,"commentCount":0,"publisher":{"@id":"https:\/\/www.aclanester56.com\/velo\/#organization"},"image":{"@id":"https:\/\/www.aclanester56.com\/velo\/les-courses-cyclistes-du-1er-weekend-de-juillet\/#primaryimage"},"thumbnailUrl":"https:\/\/www.aclanester56.com\/velo\/wp-content\/uploads\/2015\/07\/Auray-Kerstran-juin-2015-109.jpg","articleSection":["AC LANESTER 56","Les comp\u00e9titions"],"inLanguage":"fr-FR","potentialAction":[{"@type":"CommentAction","name":"Comment","target":["https:\/\/www.aclanester56.com\/velo\/les-courses-cyclistes-du-1er-weekend-de-juillet\/#respond"]}]},{"@type":"WebPage","@id":"https:\/\/www.aclanester56.com\/velo\/les-courses-cyclistes-du-1er-weekend-de-juillet\/","url":"https:\/\/www.aclanester56.com\/velo\/les-courses-cyclistes-du-1er-weekend-de-juillet\/","name":"Les courses cyclistes du 1er weekend de juillet - Avenir Cycliste Lanester 56","isPartOf":{"@id":"https:\/\/www.aclanester56.com\/velo\/#website"},"primaryImageOfPage":{"@id":"https:\/\/www.aclanester56.com\/velo\/les-courses-cyclistes-du-1er-weekend-de-juillet\/#primaryimage"},"image":{"@id":"https:\/\/www.aclanester56.com\/velo\/les-courses-cyclistes-du-1er-weekend-de-juillet\/#primaryimage"},"thumbnailUrl":"https:\/\/www.aclanester56.com\/velo\/wp-content\/uploads\/2015\/07\/Auray-Kerstran-juin-2015-109.jpg","datePublished":"2015-07-02T19:36:51+00:00","inLanguage":"fr-FR","potentialAction":[{"@type":"ReadAction","target":["https:\/\/www.aclanester56.com\/velo\/les-courses-cyclistes-du-1er-weekend-de-juillet\/"]}]},{"@type":"ImageObject","inLanguage":"fr-FR","@id":"https:\/\/www.aclanester56.com\/velo\/les-courses-cyclistes-du-1er-weekend-de-juillet\/#primaryimage","url":"https:\/\/www.aclanester56.com\/velo\/wp-content\/uploads\/2015\/07\/Auray-Kerstran-juin-2015-109.jpg","contentUrl":"https:\/\/www.aclanester56.com\/velo\/wp-content\/uploads\/2015\/07\/Auray-Kerstran-juin-2015-109.jpg","width":1024,"height":683},{"@type":"WebSite","@id":"https:\/\/www.aclanester56.com\/velo\/#website","url":"https:\/\/www.aclanester56.com\/velo\/","name":"Avenir Cycliste Lanester 56","description":"Club cycliste de l&#039;AC LANESTER 56","publisher":{"@id":"https:\/\/www.aclanester56.com\/velo\/#organization"},"potentialAction":[{"@type":"SearchAction","target":{"@type":"EntryPoint","urlTemplate":"https:\/\/www.aclanester56.com\/velo\/?s={search_term_string}"},"query-input":{"@type":"PropertyValueSpecification","valueRequired":true,"valueName":"search_term_string"}}],"inLanguage":"fr-FR"},{"@type":"Organization","@id":"https:\/\/www.aclanester56.com\/velo\/#organization","name":"Avenir Cycliste Lanester 56","url":"https:\/\/www.aclanester56.com\/velo\/","logo":{"@type":"ImageObject","inLanguage":"fr-FR","@id":"https:\/\/www.aclanester56.com\/velo\/#\/schema\/logo\/image\/","url":"https:\/\/www.aclanester56.com\/velo\/wp-content\/uploads\/2013\/04\/logo-ACL.jpg","contentUrl":"https:\/\/www.aclanester56.com\/velo\/wp-content\/uploads\/2013\/04\/logo-ACL.jpg","width":400,"height":334,"caption":"Avenir Cycliste Lanester 56"},"image":{"@id":"https:\/\/www.aclanester56.com\/velo\/#\/schema\/logo\/image\/"},"sameAs":["https:\/\/www.facebook.com\/pages\/AC-Lanester-56\/190286300991242?fref=ts"]},{"@type":"Person","@id":"https:\/\/www.aclanester56.com\/velo\/#\/schema\/person\/c844661e64a578ca46639cb0ae764de6","name":"stephane","url":"https:\/\/www.aclanester56.com\/velo\/author\/stephane\/"}]}},"_links":{"self":[{"href":"https:\/\/www.aclanester56.com\/velo\/wp-json\/wp\/v2\/posts\/25736","targetHints":{"allow":["GET"]}}],"collection":[{"href":"https:\/\/www.aclanester56.com\/velo\/wp-json\/wp\/v2\/posts"}],"about":[{"href":"https:\/\/www.aclanester56.com\/velo\/wp-json\/wp\/v2\/types\/post"}],"author":[{"embeddable":true,"href":"https:\/\/www.aclanester56.com\/velo\/wp-json\/wp\/v2\/users\/2"}],"replies":[{"embeddable":true,"href":"https:\/\/www.aclanester56.com\/velo\/wp-json\/wp\/v2\/comments?post=25736"}],"version-history":[{"count":2,"href":"https:\/\/www.aclanester56.com\/velo\/wp-json\/wp\/v2\/posts\/25736\/revisions"}],"predecessor-version":[{"id":25739,"href":"https:\/\/www.aclanester56.com\/velo\/wp-json\/wp\/v2\/posts\/25736\/revisions\/25739"}],"wp:featuredmedia":[{"embeddable":true,"href":"https:\/\/www.aclanester56.com\/velo\/wp-json\/wp\/v2\/media\/25737"}],"wp:attachment":[{"href":"https:\/\/www.aclanester56.com\/velo\/wp-json\/wp\/v2\/media?parent=25736"}],"wp:term":[{"taxonomy":"category","embeddable":true,"href":"https:\/\/www.aclanester56.com\/velo\/wp-json\/wp\/v2\/categories?post=25736"},{"taxonomy":"post_tag","embeddable":true,"href":"https:\/\/www.aclanester56.com\/velo\/wp-json\/wp\/v2\/tags?post=25736"}],"curies":[{"name":"wp","href":"https:\/\/api.w.org\/{rel}","templated":true}]}}