{"id":2602,"date":"2010-05-11T12:29:12","date_gmt":"2010-05-11T11:29:12","guid":{"rendered":"http:\/\/www.aclanester56.com\/velo\/?p=2602"},"modified":"2011-01-17T13:31:59","modified_gmt":"2011-01-17T12:31:59","slug":"tro-div-ster-emission-du-10-mai-2010-ty-tele","status":"publish","type":"post","link":"https:\/\/www.aclanester56.com\/velo\/tro-div-ster-emission-du-10-mai-2010-ty-tele\/","title":{"rendered":"Tro Div Ster : Emission du 10 mai 2010  Ty T\u00e9l\u00e9"},"content":{"rendered":"<p>Bonjour ,<\/p>\n<p><img loading=\"lazy\" decoding=\"async\" src=\"http:\/\/tytele.fr\/images\/logo_ty_tele.png\" alt=\"\" width=\"165\" height=\"165\" \/><\/p>\n<p>\u00c9mission du 10 mai 2010\u00a0 18h00 : \u00ab\u00a0Sport 56\u00a0\u00bb<\/p>\n<p><!--more--><\/p>\n<p><br class=\"spacer_\" \/><\/p>\n<p><a href=\"http:\/\/tytele.fr\/?titre=sports-56&amp;mode=numEmission&amp;crit1=300&amp;id=1387\"><img loading=\"lazy\" decoding=\"async\" class=\"alignnone size-full wp-image-2603\" title=\"Emission Sport56 Ty T\u00e9l\u00e9\" src=\"http:\/\/www.aclanester56.com\/velo\/wp-content\/uploads\/2010\/05\/video-sport56.jpg\" alt=\"\" width=\"658\" height=\"397\" srcset=\"https:\/\/www.aclanester56.com\/velo\/wp-content\/uploads\/2010\/05\/video-sport56.jpg 658w, https:\/\/www.aclanester56.com\/velo\/wp-content\/uploads\/2010\/05\/video-sport56-300x181.jpg 300w\" sizes=\"auto, (max-width: 658px) 100vw, 658px\" \/><\/a><\/p>\n<p>(<em>cliquer sur la photo &#8230;.<\/em>)<\/p>\n<p>Pour information\u00a0\u00a0 a partir de 9mn 35 pour le dossier Tro Div Ster<\/p>\n<p><br class=\"spacer_\" \/><\/p>\n","protected":false},"excerpt":{"rendered":"<p>Bonjour , \u00c9mission du 10 mai 2010\u00a0 18h00 : \u00ab\u00a0Sport 56\u00a0\u00bb<\/p>\n","protected":false},"author":2,"featured_media":16034,"comment_status":"open","ping_status":"open","sticky":false,"template":"","format":"standard","meta":{"ngg_post_thumbnail":0,"footnotes":""},"categories":[5,8],"tags":[],"class_list":["post-2602","post","type-post","status-publish","format-standard","has-post-thumbnail","hentry","category-ac-lanester-56","category-tro-div-ster"],"yoast_head":"<!-- This site is optimized with the Yoast SEO plugin v27.5 - https:\/\/yoast.com\/product\/yoast-seo-wordpress\/ -->\n<title>Tro Div Ster : Emission du 10 mai 2010 Ty T\u00e9l\u00e9 - Avenir Cycliste Lanester 56<\/title>\n<meta name=\"robots\" content=\"index, follow, max-snippet:-1, max-image-preview:large, max-video-preview:-1\" \/>\n<link rel=\"canonical\" href=\"https:\/\/www.aclanester56.com\/velo\/tro-div-ster-emission-du-10-mai-2010-ty-tele\/\" \/>\n<meta property=\"og:locale\" content=\"fr_FR\" \/>\n<meta property=\"og:type\" content=\"article\" \/>\n<meta property=\"og:title\" content=\"Tro Div Ster : Emission du 10 mai 2010 Ty T\u00e9l\u00e9 - Avenir Cycliste Lanester 56\" \/>\n<meta property=\"og:description\" content=\"Bonjour , \u00c9mission du 10 mai 2010\u00a0 18h00 : \u00ab\u00a0Sport 56\u00a0\u00bb\" \/>\n<meta property=\"og:url\" content=\"https:\/\/www.aclanester56.com\/velo\/tro-div-ster-emission-du-10-mai-2010-ty-tele\/\" \/>\n<meta property=\"og:site_name\" content=\"Avenir Cycliste Lanester 56\" \/>\n<meta property=\"article:publisher\" content=\"https:\/\/www.facebook.com\/pages\/AC-Lanester-56\/190286300991242?fref=ts\" \/>\n<meta property=\"article:published_time\" content=\"2010-05-11T11:29:12+00:00\" \/>\n<meta property=\"article:modified_time\" content=\"2011-01-17T12:31:59+00:00\" \/>\n<meta property=\"og:image\" content=\"https:\/\/www.aclanester56.com\/velo\/wp-content\/uploads\/2013\/12\/logo_ty_tele.png\" \/>\n\t<meta property=\"og:image:width\" content=\"165\" \/>\n\t<meta property=\"og:image:height\" content=\"165\" \/>\n\t<meta property=\"og:image:type\" content=\"image\/png\" \/>\n<meta name=\"author\" content=\"stephane\" \/>\n<meta name=\"twitter:label1\" content=\"\u00c9crit par\" \/>\n\t<meta name=\"twitter:data1\" content=\"stephane\" \/>\n<script type=\"application\/ld+json\" class=\"yoast-schema-graph\">{\"@context\":\"https:\\\/\\\/schema.org\",\"@graph\":[{\"@type\":\"Article\",\"@id\":\"https:\\\/\\\/www.aclanester56.com\\\/velo\\\/tro-div-ster-emission-du-10-mai-2010-ty-tele\\\/#article\",\"isPartOf\":{\"@id\":\"https:\\\/\\\/www.aclanester56.com\\\/velo\\\/tro-div-ster-emission-du-10-mai-2010-ty-tele\\\/\"},\"author\":{\"name\":\"stephane\",\"@id\":\"https:\\\/\\\/www.aclanester56.com\\\/velo\\\/#\\\/schema\\\/person\\\/c844661e64a578ca46639cb0ae764de6\"},\"headline\":\"Tro Div Ster : Emission du 10 mai 2010 Ty T\u00e9l\u00e9\",\"datePublished\":\"2010-05-11T11:29:12+00:00\",\"dateModified\":\"2011-01-17T12:31:59+00:00\",\"mainEntityOfPage\":{\"@id\":\"https:\\\/\\\/www.aclanester56.com\\\/velo\\\/tro-div-ster-emission-du-10-mai-2010-ty-tele\\\/\"},\"wordCount\":31,\"commentCount\":0,\"publisher\":{\"@id\":\"https:\\\/\\\/www.aclanester56.com\\\/velo\\\/#organization\"},\"image\":{\"@id\":\"https:\\\/\\\/www.aclanester56.com\\\/velo\\\/tro-div-ster-emission-du-10-mai-2010-ty-tele\\\/#primaryimage\"},\"thumbnailUrl\":\"https:\\\/\\\/www.aclanester56.com\\\/velo\\\/wp-content\\\/uploads\\\/2013\\\/12\\\/logo_ty_tele.png\",\"articleSection\":[\"AC LANESTER 56\",\"Le Tro Div Ster\"],\"inLanguage\":\"fr-FR\",\"potentialAction\":[{\"@type\":\"CommentAction\",\"name\":\"Comment\",\"target\":[\"https:\\\/\\\/www.aclanester56.com\\\/velo\\\/tro-div-ster-emission-du-10-mai-2010-ty-tele\\\/#respond\"]}]},{\"@type\":\"WebPage\",\"@id\":\"https:\\\/\\\/www.aclanester56.com\\\/velo\\\/tro-div-ster-emission-du-10-mai-2010-ty-tele\\\/\",\"url\":\"https:\\\/\\\/www.aclanester56.com\\\/velo\\\/tro-div-ster-emission-du-10-mai-2010-ty-tele\\\/\",\"name\":\"Tro Div Ster : Emission du 10 mai 2010 Ty T\u00e9l\u00e9 - Avenir Cycliste Lanester 56\",\"isPartOf\":{\"@id\":\"https:\\\/\\\/www.aclanester56.com\\\/velo\\\/#website\"},\"primaryImageOfPage\":{\"@id\":\"https:\\\/\\\/www.aclanester56.com\\\/velo\\\/tro-div-ster-emission-du-10-mai-2010-ty-tele\\\/#primaryimage\"},\"image\":{\"@id\":\"https:\\\/\\\/www.aclanester56.com\\\/velo\\\/tro-div-ster-emission-du-10-mai-2010-ty-tele\\\/#primaryimage\"},\"thumbnailUrl\":\"https:\\\/\\\/www.aclanester56.com\\\/velo\\\/wp-content\\\/uploads\\\/2013\\\/12\\\/logo_ty_tele.png\",\"datePublished\":\"2010-05-11T11:29:12+00:00\",\"dateModified\":\"2011-01-17T12:31:59+00:00\",\"inLanguage\":\"fr-FR\",\"potentialAction\":[{\"@type\":\"ReadAction\",\"target\":[\"https:\\\/\\\/www.aclanester56.com\\\/velo\\\/tro-div-ster-emission-du-10-mai-2010-ty-tele\\\/\"]}]},{\"@type\":\"ImageObject\",\"inLanguage\":\"fr-FR\",\"@id\":\"https:\\\/\\\/www.aclanester56.com\\\/velo\\\/tro-div-ster-emission-du-10-mai-2010-ty-tele\\\/#primaryimage\",\"url\":\"https:\\\/\\\/www.aclanester56.com\\\/velo\\\/wp-content\\\/uploads\\\/2013\\\/12\\\/logo_ty_tele.png\",\"contentUrl\":\"https:\\\/\\\/www.aclanester56.com\\\/velo\\\/wp-content\\\/uploads\\\/2013\\\/12\\\/logo_ty_tele.png\",\"width\":165,\"height\":165},{\"@type\":\"WebSite\",\"@id\":\"https:\\\/\\\/www.aclanester56.com\\\/velo\\\/#website\",\"url\":\"https:\\\/\\\/www.aclanester56.com\\\/velo\\\/\",\"name\":\"Avenir Cycliste Lanester 56\",\"description\":\"Club cycliste de l&#039;AC LANESTER 56\",\"publisher\":{\"@id\":\"https:\\\/\\\/www.aclanester56.com\\\/velo\\\/#organization\"},\"potentialAction\":[{\"@type\":\"SearchAction\",\"target\":{\"@type\":\"EntryPoint\",\"urlTemplate\":\"https:\\\/\\\/www.aclanester56.com\\\/velo\\\/?s={search_term_string}\"},\"query-input\":{\"@type\":\"PropertyValueSpecification\",\"valueRequired\":true,\"valueName\":\"search_term_string\"}}],\"inLanguage\":\"fr-FR\"},{\"@type\":\"Organization\",\"@id\":\"https:\\\/\\\/www.aclanester56.com\\\/velo\\\/#organization\",\"name\":\"Avenir Cycliste Lanester 56\",\"url\":\"https:\\\/\\\/www.aclanester56.com\\\/velo\\\/\",\"logo\":{\"@type\":\"ImageObject\",\"inLanguage\":\"fr-FR\",\"@id\":\"https:\\\/\\\/www.aclanester56.com\\\/velo\\\/#\\\/schema\\\/logo\\\/image\\\/\",\"url\":\"https:\\\/\\\/www.aclanester56.com\\\/velo\\\/wp-content\\\/uploads\\\/2013\\\/04\\\/logo-ACL.jpg\",\"contentUrl\":\"https:\\\/\\\/www.aclanester56.com\\\/velo\\\/wp-content\\\/uploads\\\/2013\\\/04\\\/logo-ACL.jpg\",\"width\":400,\"height\":334,\"caption\":\"Avenir Cycliste Lanester 56\"},\"image\":{\"@id\":\"https:\\\/\\\/www.aclanester56.com\\\/velo\\\/#\\\/schema\\\/logo\\\/image\\\/\"},\"sameAs\":[\"https:\\\/\\\/www.facebook.com\\\/pages\\\/AC-Lanester-56\\\/190286300991242?fref=ts\"]},{\"@type\":\"Person\",\"@id\":\"https:\\\/\\\/www.aclanester56.com\\\/velo\\\/#\\\/schema\\\/person\\\/c844661e64a578ca46639cb0ae764de6\",\"name\":\"stephane\",\"url\":\"https:\\\/\\\/www.aclanester56.com\\\/velo\\\/author\\\/stephane\\\/\"}]}<\/script>\n<!-- \/ Yoast SEO plugin. -->","yoast_head_json":{"title":"Tro Div Ster : Emission du 10 mai 2010 Ty T\u00e9l\u00e9 - Avenir Cycliste Lanester 56","robots":{"index":"index","follow":"follow","max-snippet":"max-snippet:-1","max-image-preview":"max-image-preview:large","max-video-preview":"max-video-preview:-1"},"canonical":"https:\/\/www.aclanester56.com\/velo\/tro-div-ster-emission-du-10-mai-2010-ty-tele\/","og_locale":"fr_FR","og_type":"article","og_title":"Tro Div Ster : Emission du 10 mai 2010 Ty T\u00e9l\u00e9 - Avenir Cycliste Lanester 56","og_description":"Bonjour , \u00c9mission du 10 mai 2010\u00a0 18h00 : \u00ab\u00a0Sport 56\u00a0\u00bb","og_url":"https:\/\/www.aclanester56.com\/velo\/tro-div-ster-emission-du-10-mai-2010-ty-tele\/","og_site_name":"Avenir Cycliste Lanester 56","article_publisher":"https:\/\/www.facebook.com\/pages\/AC-Lanester-56\/190286300991242?fref=ts","article_published_time":"2010-05-11T11:29:12+00:00","article_modified_time":"2011-01-17T12:31:59+00:00","og_image":[{"width":165,"height":165,"url":"https:\/\/www.aclanester56.com\/velo\/wp-content\/uploads\/2013\/12\/logo_ty_tele.png","type":"image\/png"}],"author":"stephane","twitter_misc":{"\u00c9crit par":"stephane"},"schema":{"@context":"https:\/\/schema.org","@graph":[{"@type":"Article","@id":"https:\/\/www.aclanester56.com\/velo\/tro-div-ster-emission-du-10-mai-2010-ty-tele\/#article","isPartOf":{"@id":"https:\/\/www.aclanester56.com\/velo\/tro-div-ster-emission-du-10-mai-2010-ty-tele\/"},"author":{"name":"stephane","@id":"https:\/\/www.aclanester56.com\/velo\/#\/schema\/person\/c844661e64a578ca46639cb0ae764de6"},"headline":"Tro Div Ster : Emission du 10 mai 2010 Ty T\u00e9l\u00e9","datePublished":"2010-05-11T11:29:12+00:00","dateModified":"2011-01-17T12:31:59+00:00","mainEntityOfPage":{"@id":"https:\/\/www.aclanester56.com\/velo\/tro-div-ster-emission-du-10-mai-2010-ty-tele\/"},"wordCount":31,"commentCount":0,"publisher":{"@id":"https:\/\/www.aclanester56.com\/velo\/#organization"},"image":{"@id":"https:\/\/www.aclanester56.com\/velo\/tro-div-ster-emission-du-10-mai-2010-ty-tele\/#primaryimage"},"thumbnailUrl":"https:\/\/www.aclanester56.com\/velo\/wp-content\/uploads\/2013\/12\/logo_ty_tele.png","articleSection":["AC LANESTER 56","Le Tro Div Ster"],"inLanguage":"fr-FR","potentialAction":[{"@type":"CommentAction","name":"Comment","target":["https:\/\/www.aclanester56.com\/velo\/tro-div-ster-emission-du-10-mai-2010-ty-tele\/#respond"]}]},{"@type":"WebPage","@id":"https:\/\/www.aclanester56.com\/velo\/tro-div-ster-emission-du-10-mai-2010-ty-tele\/","url":"https:\/\/www.aclanester56.com\/velo\/tro-div-ster-emission-du-10-mai-2010-ty-tele\/","name":"Tro Div Ster : Emission du 10 mai 2010 Ty T\u00e9l\u00e9 - Avenir Cycliste Lanester 56","isPartOf":{"@id":"https:\/\/www.aclanester56.com\/velo\/#website"},"primaryImageOfPage":{"@id":"https:\/\/www.aclanester56.com\/velo\/tro-div-ster-emission-du-10-mai-2010-ty-tele\/#primaryimage"},"image":{"@id":"https:\/\/www.aclanester56.com\/velo\/tro-div-ster-emission-du-10-mai-2010-ty-tele\/#primaryimage"},"thumbnailUrl":"https:\/\/www.aclanester56.com\/velo\/wp-content\/uploads\/2013\/12\/logo_ty_tele.png","datePublished":"2010-05-11T11:29:12+00:00","dateModified":"2011-01-17T12:31:59+00:00","inLanguage":"fr-FR","potentialAction":[{"@type":"ReadAction","target":["https:\/\/www.aclanester56.com\/velo\/tro-div-ster-emission-du-10-mai-2010-ty-tele\/"]}]},{"@type":"ImageObject","inLanguage":"fr-FR","@id":"https:\/\/www.aclanester56.com\/velo\/tro-div-ster-emission-du-10-mai-2010-ty-tele\/#primaryimage","url":"https:\/\/www.aclanester56.com\/velo\/wp-content\/uploads\/2013\/12\/logo_ty_tele.png","contentUrl":"https:\/\/www.aclanester56.com\/velo\/wp-content\/uploads\/2013\/12\/logo_ty_tele.png","width":165,"height":165},{"@type":"WebSite","@id":"https:\/\/www.aclanester56.com\/velo\/#website","url":"https:\/\/www.aclanester56.com\/velo\/","name":"Avenir Cycliste Lanester 56","description":"Club cycliste de l&#039;AC LANESTER 56","publisher":{"@id":"https:\/\/www.aclanester56.com\/velo\/#organization"},"potentialAction":[{"@type":"SearchAction","target":{"@type":"EntryPoint","urlTemplate":"https:\/\/www.aclanester56.com\/velo\/?s={search_term_string}"},"query-input":{"@type":"PropertyValueSpecification","valueRequired":true,"valueName":"search_term_string"}}],"inLanguage":"fr-FR"},{"@type":"Organization","@id":"https:\/\/www.aclanester56.com\/velo\/#organization","name":"Avenir Cycliste Lanester 56","url":"https:\/\/www.aclanester56.com\/velo\/","logo":{"@type":"ImageObject","inLanguage":"fr-FR","@id":"https:\/\/www.aclanester56.com\/velo\/#\/schema\/logo\/image\/","url":"https:\/\/www.aclanester56.com\/velo\/wp-content\/uploads\/2013\/04\/logo-ACL.jpg","contentUrl":"https:\/\/www.aclanester56.com\/velo\/wp-content\/uploads\/2013\/04\/logo-ACL.jpg","width":400,"height":334,"caption":"Avenir Cycliste Lanester 56"},"image":{"@id":"https:\/\/www.aclanester56.com\/velo\/#\/schema\/logo\/image\/"},"sameAs":["https:\/\/www.facebook.com\/pages\/AC-Lanester-56\/190286300991242?fref=ts"]},{"@type":"Person","@id":"https:\/\/www.aclanester56.com\/velo\/#\/schema\/person\/c844661e64a578ca46639cb0ae764de6","name":"stephane","url":"https:\/\/www.aclanester56.com\/velo\/author\/stephane\/"}]}},"_links":{"self":[{"href":"https:\/\/www.aclanester56.com\/velo\/wp-json\/wp\/v2\/posts\/2602","targetHints":{"allow":["GET"]}}],"collection":[{"href":"https:\/\/www.aclanester56.com\/velo\/wp-json\/wp\/v2\/posts"}],"about":[{"href":"https:\/\/www.aclanester56.com\/velo\/wp-json\/wp\/v2\/types\/post"}],"author":[{"embeddable":true,"href":"https:\/\/www.aclanester56.com\/velo\/wp-json\/wp\/v2\/users\/2"}],"replies":[{"embeddable":true,"href":"https:\/\/www.aclanester56.com\/velo\/wp-json\/wp\/v2\/comments?post=2602"}],"version-history":[{"count":0,"href":"https:\/\/www.aclanester56.com\/velo\/wp-json\/wp\/v2\/posts\/2602\/revisions"}],"wp:featuredmedia":[{"embeddable":true,"href":"https:\/\/www.aclanester56.com\/velo\/wp-json\/wp\/v2\/media\/16034"}],"wp:attachment":[{"href":"https:\/\/www.aclanester56.com\/velo\/wp-json\/wp\/v2\/media?parent=2602"}],"wp:term":[{"taxonomy":"category","embeddable":true,"href":"https:\/\/www.aclanester56.com\/velo\/wp-json\/wp\/v2\/categories?post=2602"},{"taxonomy":"post_tag","embeddable":true,"href":"https:\/\/www.aclanester56.com\/velo\/wp-json\/wp\/v2\/tags?post=2602"}],"curies":[{"name":"wp","href":"https:\/\/api.w.org\/{rel}","templated":true}]}}