{"id":26454,"date":"2015-10-24T14:28:29","date_gmt":"2015-10-24T12:28:29","guid":{"rendered":"http:\/\/www.aclanester56.com\/velo\/?p=26454"},"modified":"2015-10-24T14:29:41","modified_gmt":"2015-10-24T12:29:41","slug":"thomas-denis-elu-cycliste-morbihanais-de-lannee-2015","status":"publish","type":"post","link":"https:\/\/www.aclanester56.com\/velo\/thomas-denis-elu-cycliste-morbihanais-de-lannee-2015\/","title":{"rendered":"Thomas Denis &#8211; Elu cycliste morbihanais de l&rsquo;ann\u00e9e 2015"},"content":{"rendered":"<p><!--more--><\/p>\n<p><a href=\"http:\/\/www.aclanester56.com\/velo\/wp-content\/uploads\/2015\/10\/Thomas-Denis-2.jpg\"><img loading=\"lazy\" decoding=\"async\" class=\"alignleft size-medium wp-image-26458\" src=\"http:\/\/www.aclanester56.com\/velo\/wp-content\/uploads\/2015\/10\/Thomas-Denis-2-204x300.jpg\" alt=\"Thomas-Denis-2\" width=\"204\" height=\"300\" srcset=\"https:\/\/www.aclanester56.com\/velo\/wp-content\/uploads\/2015\/10\/Thomas-Denis-2-204x300.jpg 204w, https:\/\/www.aclanester56.com\/velo\/wp-content\/uploads\/2015\/10\/Thomas-Denis-2-408x600.jpg 408w, https:\/\/www.aclanester56.com\/velo\/wp-content\/uploads\/2015\/10\/Thomas-Denis-2-306x450.jpg 306w, https:\/\/www.aclanester56.com\/velo\/wp-content\/uploads\/2015\/10\/Thomas-Denis-2-600x882.jpg 600w, https:\/\/www.aclanester56.com\/velo\/wp-content\/uploads\/2015\/10\/Thomas-Denis-2-68x100.jpg 68w, https:\/\/www.aclanester56.com\/velo\/wp-content\/uploads\/2015\/10\/Thomas-Denis-2.jpg 653w\" sizes=\"auto, (max-width: 204px) 100vw, 204px\" \/><\/a><\/p>\n<p>&nbsp;<\/p>\n<p>Le Cycliste Morbihannais de l&rsquo;Ann\u00e9e consacr\u00e9 ce soir par les votes sur le site du Comit\u00e9 du Morbihan de Cyclisme : Thomas DENIS (AC Lanester 56) ! \u2013 \u00e0 Vannes, Centre, France.<\/p>\n<p>&nbsp;<\/p>\n<p>Le champion de France de poursuite Thomas Denis a \u00e9t\u00e9 \u00e9lu Cycliste Morbihanais de l&rsquo;ann\u00e9e 2015 ! Le jeune coureur de l&rsquo;AC Lanester 56 va continuer sa progression en 2016 dans la meilleure \u00e9quipe amateure francaise, Vend\u00e9e U !<\/p>\n<p>&nbsp;<\/p>\n<p>&nbsp;<\/p>\n<p>&nbsp;<\/p>\n<p>Bonne route Thomas !<\/p>\n<p>&nbsp;<\/p>\n<p>&nbsp;<\/p>\n","protected":false},"excerpt":{"rendered":"","protected":false},"author":2,"featured_media":26457,"comment_status":"open","ping_status":"open","sticky":false,"template":"","format":"standard","meta":{"ngg_post_thumbnail":0,"footnotes":""},"categories":[5],"tags":[],"class_list":["post-26454","post","type-post","status-publish","format-standard","has-post-thumbnail","hentry","category-ac-lanester-56"],"yoast_head":"<!-- This site is optimized with the Yoast SEO plugin v27.5 - https:\/\/yoast.com\/product\/yoast-seo-wordpress\/ -->\n<title>Thomas Denis - Elu cycliste morbihanais de l&#039;ann\u00e9e 2015 - Avenir Cycliste Lanester 56<\/title>\n<meta name=\"robots\" content=\"index, follow, max-snippet:-1, max-image-preview:large, max-video-preview:-1\" \/>\n<link rel=\"canonical\" href=\"https:\/\/www.aclanester56.com\/velo\/thomas-denis-elu-cycliste-morbihanais-de-lannee-2015\/\" \/>\n<meta property=\"og:locale\" content=\"fr_FR\" \/>\n<meta property=\"og:type\" content=\"article\" \/>\n<meta property=\"og:title\" content=\"Thomas Denis - Elu cycliste morbihanais de l&#039;ann\u00e9e 2015 - Avenir Cycliste Lanester 56\" \/>\n<meta property=\"og:url\" content=\"https:\/\/www.aclanester56.com\/velo\/thomas-denis-elu-cycliste-morbihanais-de-lannee-2015\/\" \/>\n<meta property=\"og:site_name\" content=\"Avenir Cycliste Lanester 56\" \/>\n<meta property=\"article:publisher\" content=\"https:\/\/www.facebook.com\/pages\/AC-Lanester-56\/190286300991242?fref=ts\" \/>\n<meta property=\"article:published_time\" content=\"2015-10-24T12:28:29+00:00\" \/>\n<meta property=\"article:modified_time\" content=\"2015-10-24T12:29:41+00:00\" \/>\n<meta property=\"og:image\" content=\"https:\/\/www.aclanester56.com\/velo\/wp-content\/uploads\/2015\/10\/Thomas-DENIS.jpg\" \/>\n\t<meta property=\"og:image:width\" content=\"720\" \/>\n\t<meta property=\"og:image:height\" content=\"960\" \/>\n\t<meta property=\"og:image:type\" content=\"image\/jpeg\" \/>\n<meta name=\"author\" content=\"stephane\" \/>\n<meta name=\"twitter:label1\" content=\"\u00c9crit par\" \/>\n\t<meta name=\"twitter:data1\" content=\"stephane\" \/>\n<script type=\"application\/ld+json\" class=\"yoast-schema-graph\">{\"@context\":\"https:\\\/\\\/schema.org\",\"@graph\":[{\"@type\":\"Article\",\"@id\":\"https:\\\/\\\/www.aclanester56.com\\\/velo\\\/thomas-denis-elu-cycliste-morbihanais-de-lannee-2015\\\/#article\",\"isPartOf\":{\"@id\":\"https:\\\/\\\/www.aclanester56.com\\\/velo\\\/thomas-denis-elu-cycliste-morbihanais-de-lannee-2015\\\/\"},\"author\":{\"name\":\"stephane\",\"@id\":\"https:\\\/\\\/www.aclanester56.com\\\/velo\\\/#\\\/schema\\\/person\\\/c844661e64a578ca46639cb0ae764de6\"},\"headline\":\"Thomas Denis &#8211; Elu cycliste morbihanais de l&rsquo;ann\u00e9e 2015\",\"datePublished\":\"2015-10-24T12:28:29+00:00\",\"dateModified\":\"2015-10-24T12:29:41+00:00\",\"mainEntityOfPage\":{\"@id\":\"https:\\\/\\\/www.aclanester56.com\\\/velo\\\/thomas-denis-elu-cycliste-morbihanais-de-lannee-2015\\\/\"},\"wordCount\":83,\"commentCount\":0,\"publisher\":{\"@id\":\"https:\\\/\\\/www.aclanester56.com\\\/velo\\\/#organization\"},\"image\":{\"@id\":\"https:\\\/\\\/www.aclanester56.com\\\/velo\\\/thomas-denis-elu-cycliste-morbihanais-de-lannee-2015\\\/#primaryimage\"},\"thumbnailUrl\":\"https:\\\/\\\/www.aclanester56.com\\\/velo\\\/wp-content\\\/uploads\\\/2015\\\/10\\\/Thomas-DENIS.jpg\",\"articleSection\":[\"AC LANESTER 56\"],\"inLanguage\":\"fr-FR\",\"potentialAction\":[{\"@type\":\"CommentAction\",\"name\":\"Comment\",\"target\":[\"https:\\\/\\\/www.aclanester56.com\\\/velo\\\/thomas-denis-elu-cycliste-morbihanais-de-lannee-2015\\\/#respond\"]}]},{\"@type\":\"WebPage\",\"@id\":\"https:\\\/\\\/www.aclanester56.com\\\/velo\\\/thomas-denis-elu-cycliste-morbihanais-de-lannee-2015\\\/\",\"url\":\"https:\\\/\\\/www.aclanester56.com\\\/velo\\\/thomas-denis-elu-cycliste-morbihanais-de-lannee-2015\\\/\",\"name\":\"Thomas Denis - Elu cycliste morbihanais de l'ann\u00e9e 2015 - Avenir Cycliste Lanester 56\",\"isPartOf\":{\"@id\":\"https:\\\/\\\/www.aclanester56.com\\\/velo\\\/#website\"},\"primaryImageOfPage\":{\"@id\":\"https:\\\/\\\/www.aclanester56.com\\\/velo\\\/thomas-denis-elu-cycliste-morbihanais-de-lannee-2015\\\/#primaryimage\"},\"image\":{\"@id\":\"https:\\\/\\\/www.aclanester56.com\\\/velo\\\/thomas-denis-elu-cycliste-morbihanais-de-lannee-2015\\\/#primaryimage\"},\"thumbnailUrl\":\"https:\\\/\\\/www.aclanester56.com\\\/velo\\\/wp-content\\\/uploads\\\/2015\\\/10\\\/Thomas-DENIS.jpg\",\"datePublished\":\"2015-10-24T12:28:29+00:00\",\"dateModified\":\"2015-10-24T12:29:41+00:00\",\"inLanguage\":\"fr-FR\",\"potentialAction\":[{\"@type\":\"ReadAction\",\"target\":[\"https:\\\/\\\/www.aclanester56.com\\\/velo\\\/thomas-denis-elu-cycliste-morbihanais-de-lannee-2015\\\/\"]}]},{\"@type\":\"ImageObject\",\"inLanguage\":\"fr-FR\",\"@id\":\"https:\\\/\\\/www.aclanester56.com\\\/velo\\\/thomas-denis-elu-cycliste-morbihanais-de-lannee-2015\\\/#primaryimage\",\"url\":\"https:\\\/\\\/www.aclanester56.com\\\/velo\\\/wp-content\\\/uploads\\\/2015\\\/10\\\/Thomas-DENIS.jpg\",\"contentUrl\":\"https:\\\/\\\/www.aclanester56.com\\\/velo\\\/wp-content\\\/uploads\\\/2015\\\/10\\\/Thomas-DENIS.jpg\",\"width\":720,\"height\":960},{\"@type\":\"WebSite\",\"@id\":\"https:\\\/\\\/www.aclanester56.com\\\/velo\\\/#website\",\"url\":\"https:\\\/\\\/www.aclanester56.com\\\/velo\\\/\",\"name\":\"Avenir Cycliste Lanester 56\",\"description\":\"Club cycliste de l&#039;AC LANESTER 56\",\"publisher\":{\"@id\":\"https:\\\/\\\/www.aclanester56.com\\\/velo\\\/#organization\"},\"potentialAction\":[{\"@type\":\"SearchAction\",\"target\":{\"@type\":\"EntryPoint\",\"urlTemplate\":\"https:\\\/\\\/www.aclanester56.com\\\/velo\\\/?s={search_term_string}\"},\"query-input\":{\"@type\":\"PropertyValueSpecification\",\"valueRequired\":true,\"valueName\":\"search_term_string\"}}],\"inLanguage\":\"fr-FR\"},{\"@type\":\"Organization\",\"@id\":\"https:\\\/\\\/www.aclanester56.com\\\/velo\\\/#organization\",\"name\":\"Avenir Cycliste Lanester 56\",\"url\":\"https:\\\/\\\/www.aclanester56.com\\\/velo\\\/\",\"logo\":{\"@type\":\"ImageObject\",\"inLanguage\":\"fr-FR\",\"@id\":\"https:\\\/\\\/www.aclanester56.com\\\/velo\\\/#\\\/schema\\\/logo\\\/image\\\/\",\"url\":\"https:\\\/\\\/www.aclanester56.com\\\/velo\\\/wp-content\\\/uploads\\\/2013\\\/04\\\/logo-ACL.jpg\",\"contentUrl\":\"https:\\\/\\\/www.aclanester56.com\\\/velo\\\/wp-content\\\/uploads\\\/2013\\\/04\\\/logo-ACL.jpg\",\"width\":400,\"height\":334,\"caption\":\"Avenir Cycliste Lanester 56\"},\"image\":{\"@id\":\"https:\\\/\\\/www.aclanester56.com\\\/velo\\\/#\\\/schema\\\/logo\\\/image\\\/\"},\"sameAs\":[\"https:\\\/\\\/www.facebook.com\\\/pages\\\/AC-Lanester-56\\\/190286300991242?fref=ts\"]},{\"@type\":\"Person\",\"@id\":\"https:\\\/\\\/www.aclanester56.com\\\/velo\\\/#\\\/schema\\\/person\\\/c844661e64a578ca46639cb0ae764de6\",\"name\":\"stephane\",\"url\":\"https:\\\/\\\/www.aclanester56.com\\\/velo\\\/author\\\/stephane\\\/\"}]}<\/script>\n<!-- \/ Yoast SEO plugin. -->","yoast_head_json":{"title":"Thomas Denis - Elu cycliste morbihanais de l'ann\u00e9e 2015 - Avenir Cycliste Lanester 56","robots":{"index":"index","follow":"follow","max-snippet":"max-snippet:-1","max-image-preview":"max-image-preview:large","max-video-preview":"max-video-preview:-1"},"canonical":"https:\/\/www.aclanester56.com\/velo\/thomas-denis-elu-cycliste-morbihanais-de-lannee-2015\/","og_locale":"fr_FR","og_type":"article","og_title":"Thomas Denis - Elu cycliste morbihanais de l'ann\u00e9e 2015 - Avenir Cycliste Lanester 56","og_url":"https:\/\/www.aclanester56.com\/velo\/thomas-denis-elu-cycliste-morbihanais-de-lannee-2015\/","og_site_name":"Avenir Cycliste Lanester 56","article_publisher":"https:\/\/www.facebook.com\/pages\/AC-Lanester-56\/190286300991242?fref=ts","article_published_time":"2015-10-24T12:28:29+00:00","article_modified_time":"2015-10-24T12:29:41+00:00","og_image":[{"width":720,"height":960,"url":"https:\/\/www.aclanester56.com\/velo\/wp-content\/uploads\/2015\/10\/Thomas-DENIS.jpg","type":"image\/jpeg"}],"author":"stephane","twitter_misc":{"\u00c9crit par":"stephane"},"schema":{"@context":"https:\/\/schema.org","@graph":[{"@type":"Article","@id":"https:\/\/www.aclanester56.com\/velo\/thomas-denis-elu-cycliste-morbihanais-de-lannee-2015\/#article","isPartOf":{"@id":"https:\/\/www.aclanester56.com\/velo\/thomas-denis-elu-cycliste-morbihanais-de-lannee-2015\/"},"author":{"name":"stephane","@id":"https:\/\/www.aclanester56.com\/velo\/#\/schema\/person\/c844661e64a578ca46639cb0ae764de6"},"headline":"Thomas Denis &#8211; Elu cycliste morbihanais de l&rsquo;ann\u00e9e 2015","datePublished":"2015-10-24T12:28:29+00:00","dateModified":"2015-10-24T12:29:41+00:00","mainEntityOfPage":{"@id":"https:\/\/www.aclanester56.com\/velo\/thomas-denis-elu-cycliste-morbihanais-de-lannee-2015\/"},"wordCount":83,"commentCount":0,"publisher":{"@id":"https:\/\/www.aclanester56.com\/velo\/#organization"},"image":{"@id":"https:\/\/www.aclanester56.com\/velo\/thomas-denis-elu-cycliste-morbihanais-de-lannee-2015\/#primaryimage"},"thumbnailUrl":"https:\/\/www.aclanester56.com\/velo\/wp-content\/uploads\/2015\/10\/Thomas-DENIS.jpg","articleSection":["AC LANESTER 56"],"inLanguage":"fr-FR","potentialAction":[{"@type":"CommentAction","name":"Comment","target":["https:\/\/www.aclanester56.com\/velo\/thomas-denis-elu-cycliste-morbihanais-de-lannee-2015\/#respond"]}]},{"@type":"WebPage","@id":"https:\/\/www.aclanester56.com\/velo\/thomas-denis-elu-cycliste-morbihanais-de-lannee-2015\/","url":"https:\/\/www.aclanester56.com\/velo\/thomas-denis-elu-cycliste-morbihanais-de-lannee-2015\/","name":"Thomas Denis - Elu cycliste morbihanais de l'ann\u00e9e 2015 - Avenir Cycliste Lanester 56","isPartOf":{"@id":"https:\/\/www.aclanester56.com\/velo\/#website"},"primaryImageOfPage":{"@id":"https:\/\/www.aclanester56.com\/velo\/thomas-denis-elu-cycliste-morbihanais-de-lannee-2015\/#primaryimage"},"image":{"@id":"https:\/\/www.aclanester56.com\/velo\/thomas-denis-elu-cycliste-morbihanais-de-lannee-2015\/#primaryimage"},"thumbnailUrl":"https:\/\/www.aclanester56.com\/velo\/wp-content\/uploads\/2015\/10\/Thomas-DENIS.jpg","datePublished":"2015-10-24T12:28:29+00:00","dateModified":"2015-10-24T12:29:41+00:00","inLanguage":"fr-FR","potentialAction":[{"@type":"ReadAction","target":["https:\/\/www.aclanester56.com\/velo\/thomas-denis-elu-cycliste-morbihanais-de-lannee-2015\/"]}]},{"@type":"ImageObject","inLanguage":"fr-FR","@id":"https:\/\/www.aclanester56.com\/velo\/thomas-denis-elu-cycliste-morbihanais-de-lannee-2015\/#primaryimage","url":"https:\/\/www.aclanester56.com\/velo\/wp-content\/uploads\/2015\/10\/Thomas-DENIS.jpg","contentUrl":"https:\/\/www.aclanester56.com\/velo\/wp-content\/uploads\/2015\/10\/Thomas-DENIS.jpg","width":720,"height":960},{"@type":"WebSite","@id":"https:\/\/www.aclanester56.com\/velo\/#website","url":"https:\/\/www.aclanester56.com\/velo\/","name":"Avenir Cycliste Lanester 56","description":"Club cycliste de l&#039;AC LANESTER 56","publisher":{"@id":"https:\/\/www.aclanester56.com\/velo\/#organization"},"potentialAction":[{"@type":"SearchAction","target":{"@type":"EntryPoint","urlTemplate":"https:\/\/www.aclanester56.com\/velo\/?s={search_term_string}"},"query-input":{"@type":"PropertyValueSpecification","valueRequired":true,"valueName":"search_term_string"}}],"inLanguage":"fr-FR"},{"@type":"Organization","@id":"https:\/\/www.aclanester56.com\/velo\/#organization","name":"Avenir Cycliste Lanester 56","url":"https:\/\/www.aclanester56.com\/velo\/","logo":{"@type":"ImageObject","inLanguage":"fr-FR","@id":"https:\/\/www.aclanester56.com\/velo\/#\/schema\/logo\/image\/","url":"https:\/\/www.aclanester56.com\/velo\/wp-content\/uploads\/2013\/04\/logo-ACL.jpg","contentUrl":"https:\/\/www.aclanester56.com\/velo\/wp-content\/uploads\/2013\/04\/logo-ACL.jpg","width":400,"height":334,"caption":"Avenir Cycliste Lanester 56"},"image":{"@id":"https:\/\/www.aclanester56.com\/velo\/#\/schema\/logo\/image\/"},"sameAs":["https:\/\/www.facebook.com\/pages\/AC-Lanester-56\/190286300991242?fref=ts"]},{"@type":"Person","@id":"https:\/\/www.aclanester56.com\/velo\/#\/schema\/person\/c844661e64a578ca46639cb0ae764de6","name":"stephane","url":"https:\/\/www.aclanester56.com\/velo\/author\/stephane\/"}]}},"_links":{"self":[{"href":"https:\/\/www.aclanester56.com\/velo\/wp-json\/wp\/v2\/posts\/26454","targetHints":{"allow":["GET"]}}],"collection":[{"href":"https:\/\/www.aclanester56.com\/velo\/wp-json\/wp\/v2\/posts"}],"about":[{"href":"https:\/\/www.aclanester56.com\/velo\/wp-json\/wp\/v2\/types\/post"}],"author":[{"embeddable":true,"href":"https:\/\/www.aclanester56.com\/velo\/wp-json\/wp\/v2\/users\/2"}],"replies":[{"embeddable":true,"href":"https:\/\/www.aclanester56.com\/velo\/wp-json\/wp\/v2\/comments?post=26454"}],"version-history":[{"count":3,"href":"https:\/\/www.aclanester56.com\/velo\/wp-json\/wp\/v2\/posts\/26454\/revisions"}],"predecessor-version":[{"id":26463,"href":"https:\/\/www.aclanester56.com\/velo\/wp-json\/wp\/v2\/posts\/26454\/revisions\/26463"}],"wp:featuredmedia":[{"embeddable":true,"href":"https:\/\/www.aclanester56.com\/velo\/wp-json\/wp\/v2\/media\/26457"}],"wp:attachment":[{"href":"https:\/\/www.aclanester56.com\/velo\/wp-json\/wp\/v2\/media?parent=26454"}],"wp:term":[{"taxonomy":"category","embeddable":true,"href":"https:\/\/www.aclanester56.com\/velo\/wp-json\/wp\/v2\/categories?post=26454"},{"taxonomy":"post_tag","embeddable":true,"href":"https:\/\/www.aclanester56.com\/velo\/wp-json\/wp\/v2\/tags?post=26454"}],"curies":[{"name":"wp","href":"https:\/\/api.w.org\/{rel}","templated":true}]}}