{"id":26526,"date":"2015-11-21T17:25:07","date_gmt":"2015-11-21T15:25:07","guid":{"rendered":"http:\/\/www.aclanester56.com\/velo\/?p=26526"},"modified":"2015-11-21T17:56:54","modified_gmt":"2015-11-21T15:56:54","slug":"les-juniors-et-seniors-en-stage-de-reprise","status":"publish","type":"post","link":"https:\/\/www.aclanester56.com\/velo\/les-juniors-et-seniors-en-stage-de-reprise\/","title":{"rendered":"Les Juniors et Seniors en stage de reprise !"},"content":{"rendered":"<p><!--more--><\/p>\n<div id=\"attachment_26532\" style=\"width: 418px\" class=\"wp-caption alignright\"><a href=\"http:\/\/www.aclanester56.com\/velo\/wp-content\/uploads\/2015\/11\/WP_20151121_0032-e1448121178725.jpg\"><img loading=\"lazy\" decoding=\"async\" aria-describedby=\"caption-attachment-26532\" src=\"http:\/\/www.aclanester56.com\/velo\/wp-content\/uploads\/2015\/11\/WP_20151121_0032-e1448121178725.jpg\" alt=\"Quand les cyclistes deviennent footballeurs ... le temps d&#039;une petite partie de foot en salle !\" width=\"408\" height=\"229\" class=\"size-full wp-image-26532\" srcset=\"https:\/\/www.aclanester56.com\/velo\/wp-content\/uploads\/2015\/11\/WP_20151121_0032-e1448121178725.jpg 1631w, https:\/\/www.aclanester56.com\/velo\/wp-content\/uploads\/2015\/11\/WP_20151121_0032-e1448121178725-300x168.jpg 300w, https:\/\/www.aclanester56.com\/velo\/wp-content\/uploads\/2015\/11\/WP_20151121_0032-e1448121178725-800x449.jpg 800w, https:\/\/www.aclanester56.com\/velo\/wp-content\/uploads\/2015\/11\/WP_20151121_0032-e1448121178725-802x450.jpg 802w, https:\/\/www.aclanester56.com\/velo\/wp-content\/uploads\/2015\/11\/WP_20151121_0032-e1448121178725-600x337.jpg 600w, https:\/\/www.aclanester56.com\/velo\/wp-content\/uploads\/2015\/11\/WP_20151121_0032-e1448121178725-100x56.jpg 100w\" sizes=\"auto, (max-width: 408px) 100vw, 408px\" \/><\/a><p id=\"caption-attachment-26532\" class=\"wp-caption-text\">Quand les cyclistes deviennent footballeurs &#8230; le temps d&rsquo;une petite partie de foot en salle !<\/p><\/div>\n<p style=\"text-align: justify;\">Les Juniors et les 2\u00e8me Cat\u00e9gorie sont en stage pendant deux jours au centre de loisirs de Pen-Man\u00e9 \u00e0 Lanester. Au programme, s\u00e9ance ludique de renforcement musculaire, sport collectif et sortie VTT. \u00a0\u00ab\u00a0<strong><em>Ce <span class=\"il\">stage<\/span>\u00a0est\u00a0ax\u00e9 sur la coh\u00e9sion, de mani\u00e8re \u00e0 faire connaissance tous ensemble<\/em><\/strong>\u00ab\u00a0, explique\u00a0l\u2019entra\u00eeneur\u00a0J\u00e9r\u00f4me\u00a0Beldent.<\/p>\n<p style=\"text-align: justify;\">Samedi prochain, ce sera au tour des cadets de se r\u00e9unir en stage sur une journ\u00e9e !<\/p>\n","protected":false},"excerpt":{"rendered":"","protected":false},"author":14,"featured_media":26527,"comment_status":"open","ping_status":"open","sticky":false,"template":"","format":"standard","meta":{"ngg_post_thumbnail":0,"footnotes":""},"categories":[5,19,18,21],"tags":[],"class_list":["post-26526","post","type-post","status-publish","format-standard","has-post-thumbnail","hentry","category-ac-lanester-56","category-resultats-2eme-categorie","category-resultats-3eme-categorie","category-resultats-juniors"],"yoast_head":"<!-- This site is optimized with the Yoast SEO plugin v27.5 - https:\/\/yoast.com\/product\/yoast-seo-wordpress\/ -->\n<title>Les Juniors et Seniors en stage de reprise ! - Avenir Cycliste Lanester 56<\/title>\n<meta name=\"robots\" content=\"index, follow, max-snippet:-1, max-image-preview:large, max-video-preview:-1\" \/>\n<link rel=\"canonical\" href=\"https:\/\/www.aclanester56.com\/velo\/les-juniors-et-seniors-en-stage-de-reprise\/\" \/>\n<meta property=\"og:locale\" content=\"fr_FR\" \/>\n<meta property=\"og:type\" content=\"article\" \/>\n<meta property=\"og:title\" content=\"Les Juniors et Seniors en stage de reprise ! - Avenir Cycliste Lanester 56\" \/>\n<meta property=\"og:url\" content=\"https:\/\/www.aclanester56.com\/velo\/les-juniors-et-seniors-en-stage-de-reprise\/\" \/>\n<meta property=\"og:site_name\" content=\"Avenir Cycliste Lanester 56\" \/>\n<meta property=\"article:publisher\" content=\"https:\/\/www.facebook.com\/pages\/AC-Lanester-56\/190286300991242?fref=ts\" \/>\n<meta property=\"article:published_time\" content=\"2015-11-21T15:25:07+00:00\" \/>\n<meta property=\"article:modified_time\" content=\"2015-11-21T15:56:54+00:00\" \/>\n<meta property=\"og:image\" content=\"https:\/\/www.aclanester56.com\/velo\/wp-content\/uploads\/2015\/11\/WP_20151121_002-Copie.jpg\" \/>\n\t<meta property=\"og:image:width\" content=\"880\" \/>\n\t<meta property=\"og:image:height\" content=\"450\" \/>\n\t<meta property=\"og:image:type\" content=\"image\/jpeg\" \/>\n<meta name=\"author\" content=\"Jean-Christophe\" \/>\n<meta name=\"twitter:label1\" content=\"\u00c9crit par\" \/>\n\t<meta name=\"twitter:data1\" content=\"Jean-Christophe\" \/>\n<script type=\"application\/ld+json\" class=\"yoast-schema-graph\">{\"@context\":\"https:\\\/\\\/schema.org\",\"@graph\":[{\"@type\":\"Article\",\"@id\":\"https:\\\/\\\/www.aclanester56.com\\\/velo\\\/les-juniors-et-seniors-en-stage-de-reprise\\\/#article\",\"isPartOf\":{\"@id\":\"https:\\\/\\\/www.aclanester56.com\\\/velo\\\/les-juniors-et-seniors-en-stage-de-reprise\\\/\"},\"author\":{\"name\":\"Jean-Christophe\",\"@id\":\"https:\\\/\\\/www.aclanester56.com\\\/velo\\\/#\\\/schema\\\/person\\\/ca2a44a5fd969e9dd846c72d3b33bc01\"},\"headline\":\"Les Juniors et Seniors en stage de reprise !\",\"datePublished\":\"2015-11-21T15:25:07+00:00\",\"dateModified\":\"2015-11-21T15:56:54+00:00\",\"mainEntityOfPage\":{\"@id\":\"https:\\\/\\\/www.aclanester56.com\\\/velo\\\/les-juniors-et-seniors-en-stage-de-reprise\\\/\"},\"wordCount\":103,\"commentCount\":0,\"publisher\":{\"@id\":\"https:\\\/\\\/www.aclanester56.com\\\/velo\\\/#organization\"},\"image\":{\"@id\":\"https:\\\/\\\/www.aclanester56.com\\\/velo\\\/les-juniors-et-seniors-en-stage-de-reprise\\\/#primaryimage\"},\"thumbnailUrl\":\"https:\\\/\\\/www.aclanester56.com\\\/velo\\\/wp-content\\\/uploads\\\/2015\\\/11\\\/WP_20151121_002-Copie.jpg\",\"articleSection\":[\"AC LANESTER 56\",\"R\u00e9sultats 2eme cat\u00e9gorie\",\"R\u00e9sultats 3eme cat\u00e9gorie\",\"R\u00e9sultats Juniors\"],\"inLanguage\":\"fr-FR\",\"potentialAction\":[{\"@type\":\"CommentAction\",\"name\":\"Comment\",\"target\":[\"https:\\\/\\\/www.aclanester56.com\\\/velo\\\/les-juniors-et-seniors-en-stage-de-reprise\\\/#respond\"]}]},{\"@type\":\"WebPage\",\"@id\":\"https:\\\/\\\/www.aclanester56.com\\\/velo\\\/les-juniors-et-seniors-en-stage-de-reprise\\\/\",\"url\":\"https:\\\/\\\/www.aclanester56.com\\\/velo\\\/les-juniors-et-seniors-en-stage-de-reprise\\\/\",\"name\":\"Les Juniors et Seniors en stage de reprise ! - Avenir Cycliste Lanester 56\",\"isPartOf\":{\"@id\":\"https:\\\/\\\/www.aclanester56.com\\\/velo\\\/#website\"},\"primaryImageOfPage\":{\"@id\":\"https:\\\/\\\/www.aclanester56.com\\\/velo\\\/les-juniors-et-seniors-en-stage-de-reprise\\\/#primaryimage\"},\"image\":{\"@id\":\"https:\\\/\\\/www.aclanester56.com\\\/velo\\\/les-juniors-et-seniors-en-stage-de-reprise\\\/#primaryimage\"},\"thumbnailUrl\":\"https:\\\/\\\/www.aclanester56.com\\\/velo\\\/wp-content\\\/uploads\\\/2015\\\/11\\\/WP_20151121_002-Copie.jpg\",\"datePublished\":\"2015-11-21T15:25:07+00:00\",\"dateModified\":\"2015-11-21T15:56:54+00:00\",\"inLanguage\":\"fr-FR\",\"potentialAction\":[{\"@type\":\"ReadAction\",\"target\":[\"https:\\\/\\\/www.aclanester56.com\\\/velo\\\/les-juniors-et-seniors-en-stage-de-reprise\\\/\"]}]},{\"@type\":\"ImageObject\",\"inLanguage\":\"fr-FR\",\"@id\":\"https:\\\/\\\/www.aclanester56.com\\\/velo\\\/les-juniors-et-seniors-en-stage-de-reprise\\\/#primaryimage\",\"url\":\"https:\\\/\\\/www.aclanester56.com\\\/velo\\\/wp-content\\\/uploads\\\/2015\\\/11\\\/WP_20151121_002-Copie.jpg\",\"contentUrl\":\"https:\\\/\\\/www.aclanester56.com\\\/velo\\\/wp-content\\\/uploads\\\/2015\\\/11\\\/WP_20151121_002-Copie.jpg\",\"width\":880,\"height\":450},{\"@type\":\"WebSite\",\"@id\":\"https:\\\/\\\/www.aclanester56.com\\\/velo\\\/#website\",\"url\":\"https:\\\/\\\/www.aclanester56.com\\\/velo\\\/\",\"name\":\"Avenir Cycliste Lanester 56\",\"description\":\"Club cycliste de l&#039;AC LANESTER 56\",\"publisher\":{\"@id\":\"https:\\\/\\\/www.aclanester56.com\\\/velo\\\/#organization\"},\"potentialAction\":[{\"@type\":\"SearchAction\",\"target\":{\"@type\":\"EntryPoint\",\"urlTemplate\":\"https:\\\/\\\/www.aclanester56.com\\\/velo\\\/?s={search_term_string}\"},\"query-input\":{\"@type\":\"PropertyValueSpecification\",\"valueRequired\":true,\"valueName\":\"search_term_string\"}}],\"inLanguage\":\"fr-FR\"},{\"@type\":\"Organization\",\"@id\":\"https:\\\/\\\/www.aclanester56.com\\\/velo\\\/#organization\",\"name\":\"Avenir Cycliste Lanester 56\",\"url\":\"https:\\\/\\\/www.aclanester56.com\\\/velo\\\/\",\"logo\":{\"@type\":\"ImageObject\",\"inLanguage\":\"fr-FR\",\"@id\":\"https:\\\/\\\/www.aclanester56.com\\\/velo\\\/#\\\/schema\\\/logo\\\/image\\\/\",\"url\":\"https:\\\/\\\/www.aclanester56.com\\\/velo\\\/wp-content\\\/uploads\\\/2013\\\/04\\\/logo-ACL.jpg\",\"contentUrl\":\"https:\\\/\\\/www.aclanester56.com\\\/velo\\\/wp-content\\\/uploads\\\/2013\\\/04\\\/logo-ACL.jpg\",\"width\":400,\"height\":334,\"caption\":\"Avenir Cycliste Lanester 56\"},\"image\":{\"@id\":\"https:\\\/\\\/www.aclanester56.com\\\/velo\\\/#\\\/schema\\\/logo\\\/image\\\/\"},\"sameAs\":[\"https:\\\/\\\/www.facebook.com\\\/pages\\\/AC-Lanester-56\\\/190286300991242?fref=ts\"]},{\"@type\":\"Person\",\"@id\":\"https:\\\/\\\/www.aclanester56.com\\\/velo\\\/#\\\/schema\\\/person\\\/ca2a44a5fd969e9dd846c72d3b33bc01\",\"name\":\"Jean-Christophe\",\"url\":\"https:\\\/\\\/www.aclanester56.com\\\/velo\\\/author\\\/jeanchristophe\\\/\"}]}<\/script>\n<!-- \/ Yoast SEO plugin. -->","yoast_head_json":{"title":"Les Juniors et Seniors en stage de reprise ! - Avenir Cycliste Lanester 56","robots":{"index":"index","follow":"follow","max-snippet":"max-snippet:-1","max-image-preview":"max-image-preview:large","max-video-preview":"max-video-preview:-1"},"canonical":"https:\/\/www.aclanester56.com\/velo\/les-juniors-et-seniors-en-stage-de-reprise\/","og_locale":"fr_FR","og_type":"article","og_title":"Les Juniors et Seniors en stage de reprise ! - Avenir Cycliste Lanester 56","og_url":"https:\/\/www.aclanester56.com\/velo\/les-juniors-et-seniors-en-stage-de-reprise\/","og_site_name":"Avenir Cycliste Lanester 56","article_publisher":"https:\/\/www.facebook.com\/pages\/AC-Lanester-56\/190286300991242?fref=ts","article_published_time":"2015-11-21T15:25:07+00:00","article_modified_time":"2015-11-21T15:56:54+00:00","og_image":[{"width":880,"height":450,"url":"https:\/\/www.aclanester56.com\/velo\/wp-content\/uploads\/2015\/11\/WP_20151121_002-Copie.jpg","type":"image\/jpeg"}],"author":"Jean-Christophe","twitter_misc":{"\u00c9crit par":"Jean-Christophe"},"schema":{"@context":"https:\/\/schema.org","@graph":[{"@type":"Article","@id":"https:\/\/www.aclanester56.com\/velo\/les-juniors-et-seniors-en-stage-de-reprise\/#article","isPartOf":{"@id":"https:\/\/www.aclanester56.com\/velo\/les-juniors-et-seniors-en-stage-de-reprise\/"},"author":{"name":"Jean-Christophe","@id":"https:\/\/www.aclanester56.com\/velo\/#\/schema\/person\/ca2a44a5fd969e9dd846c72d3b33bc01"},"headline":"Les Juniors et Seniors en stage de reprise !","datePublished":"2015-11-21T15:25:07+00:00","dateModified":"2015-11-21T15:56:54+00:00","mainEntityOfPage":{"@id":"https:\/\/www.aclanester56.com\/velo\/les-juniors-et-seniors-en-stage-de-reprise\/"},"wordCount":103,"commentCount":0,"publisher":{"@id":"https:\/\/www.aclanester56.com\/velo\/#organization"},"image":{"@id":"https:\/\/www.aclanester56.com\/velo\/les-juniors-et-seniors-en-stage-de-reprise\/#primaryimage"},"thumbnailUrl":"https:\/\/www.aclanester56.com\/velo\/wp-content\/uploads\/2015\/11\/WP_20151121_002-Copie.jpg","articleSection":["AC LANESTER 56","R\u00e9sultats 2eme cat\u00e9gorie","R\u00e9sultats 3eme cat\u00e9gorie","R\u00e9sultats Juniors"],"inLanguage":"fr-FR","potentialAction":[{"@type":"CommentAction","name":"Comment","target":["https:\/\/www.aclanester56.com\/velo\/les-juniors-et-seniors-en-stage-de-reprise\/#respond"]}]},{"@type":"WebPage","@id":"https:\/\/www.aclanester56.com\/velo\/les-juniors-et-seniors-en-stage-de-reprise\/","url":"https:\/\/www.aclanester56.com\/velo\/les-juniors-et-seniors-en-stage-de-reprise\/","name":"Les Juniors et Seniors en stage de reprise ! - Avenir Cycliste Lanester 56","isPartOf":{"@id":"https:\/\/www.aclanester56.com\/velo\/#website"},"primaryImageOfPage":{"@id":"https:\/\/www.aclanester56.com\/velo\/les-juniors-et-seniors-en-stage-de-reprise\/#primaryimage"},"image":{"@id":"https:\/\/www.aclanester56.com\/velo\/les-juniors-et-seniors-en-stage-de-reprise\/#primaryimage"},"thumbnailUrl":"https:\/\/www.aclanester56.com\/velo\/wp-content\/uploads\/2015\/11\/WP_20151121_002-Copie.jpg","datePublished":"2015-11-21T15:25:07+00:00","dateModified":"2015-11-21T15:56:54+00:00","inLanguage":"fr-FR","potentialAction":[{"@type":"ReadAction","target":["https:\/\/www.aclanester56.com\/velo\/les-juniors-et-seniors-en-stage-de-reprise\/"]}]},{"@type":"ImageObject","inLanguage":"fr-FR","@id":"https:\/\/www.aclanester56.com\/velo\/les-juniors-et-seniors-en-stage-de-reprise\/#primaryimage","url":"https:\/\/www.aclanester56.com\/velo\/wp-content\/uploads\/2015\/11\/WP_20151121_002-Copie.jpg","contentUrl":"https:\/\/www.aclanester56.com\/velo\/wp-content\/uploads\/2015\/11\/WP_20151121_002-Copie.jpg","width":880,"height":450},{"@type":"WebSite","@id":"https:\/\/www.aclanester56.com\/velo\/#website","url":"https:\/\/www.aclanester56.com\/velo\/","name":"Avenir Cycliste Lanester 56","description":"Club cycliste de l&#039;AC LANESTER 56","publisher":{"@id":"https:\/\/www.aclanester56.com\/velo\/#organization"},"potentialAction":[{"@type":"SearchAction","target":{"@type":"EntryPoint","urlTemplate":"https:\/\/www.aclanester56.com\/velo\/?s={search_term_string}"},"query-input":{"@type":"PropertyValueSpecification","valueRequired":true,"valueName":"search_term_string"}}],"inLanguage":"fr-FR"},{"@type":"Organization","@id":"https:\/\/www.aclanester56.com\/velo\/#organization","name":"Avenir Cycliste Lanester 56","url":"https:\/\/www.aclanester56.com\/velo\/","logo":{"@type":"ImageObject","inLanguage":"fr-FR","@id":"https:\/\/www.aclanester56.com\/velo\/#\/schema\/logo\/image\/","url":"https:\/\/www.aclanester56.com\/velo\/wp-content\/uploads\/2013\/04\/logo-ACL.jpg","contentUrl":"https:\/\/www.aclanester56.com\/velo\/wp-content\/uploads\/2013\/04\/logo-ACL.jpg","width":400,"height":334,"caption":"Avenir Cycliste Lanester 56"},"image":{"@id":"https:\/\/www.aclanester56.com\/velo\/#\/schema\/logo\/image\/"},"sameAs":["https:\/\/www.facebook.com\/pages\/AC-Lanester-56\/190286300991242?fref=ts"]},{"@type":"Person","@id":"https:\/\/www.aclanester56.com\/velo\/#\/schema\/person\/ca2a44a5fd969e9dd846c72d3b33bc01","name":"Jean-Christophe","url":"https:\/\/www.aclanester56.com\/velo\/author\/jeanchristophe\/"}]}},"_links":{"self":[{"href":"https:\/\/www.aclanester56.com\/velo\/wp-json\/wp\/v2\/posts\/26526","targetHints":{"allow":["GET"]}}],"collection":[{"href":"https:\/\/www.aclanester56.com\/velo\/wp-json\/wp\/v2\/posts"}],"about":[{"href":"https:\/\/www.aclanester56.com\/velo\/wp-json\/wp\/v2\/types\/post"}],"author":[{"embeddable":true,"href":"https:\/\/www.aclanester56.com\/velo\/wp-json\/wp\/v2\/users\/14"}],"replies":[{"embeddable":true,"href":"https:\/\/www.aclanester56.com\/velo\/wp-json\/wp\/v2\/comments?post=26526"}],"version-history":[{"count":3,"href":"https:\/\/www.aclanester56.com\/velo\/wp-json\/wp\/v2\/posts\/26526\/revisions"}],"predecessor-version":[{"id":26534,"href":"https:\/\/www.aclanester56.com\/velo\/wp-json\/wp\/v2\/posts\/26526\/revisions\/26534"}],"wp:featuredmedia":[{"embeddable":true,"href":"https:\/\/www.aclanester56.com\/velo\/wp-json\/wp\/v2\/media\/26527"}],"wp:attachment":[{"href":"https:\/\/www.aclanester56.com\/velo\/wp-json\/wp\/v2\/media?parent=26526"}],"wp:term":[{"taxonomy":"category","embeddable":true,"href":"https:\/\/www.aclanester56.com\/velo\/wp-json\/wp\/v2\/categories?post=26526"},{"taxonomy":"post_tag","embeddable":true,"href":"https:\/\/www.aclanester56.com\/velo\/wp-json\/wp\/v2\/tags?post=26526"}],"curies":[{"name":"wp","href":"https:\/\/api.w.org\/{rel}","templated":true}]}}