{"id":27050,"date":"2016-02-12T23:19:00","date_gmt":"2016-02-12T21:19:00","guid":{"rendered":"http:\/\/www.aclanester56.com\/velo\/?p=27050"},"modified":"2016-02-12T23:29:09","modified_gmt":"2016-02-12T21:29:09","slug":"karl-chandavoine-presente-son-maillot-2016","status":"publish","type":"post","link":"https:\/\/www.aclanester56.com\/velo\/karl-chandavoine-presente-son-maillot-2016\/","title":{"rendered":"Karl Chandavoine pr\u00e9sente le maillot 2016 de l&rsquo;AC Lanester 56 !"},"content":{"rendered":"<p><!--more--><\/p>\n<p style=\"text-align: justify;\">A l&rsquo;occasion de la remise des \u00e9quipements aux coureurs ce vendredi soir, Karl Chandavoine s&rsquo;est\u00a0gentiment\u00a0pr\u00eat\u00e9 au jeu\u00a0de l&rsquo;essayage du nouveau maillot afin de vous le\u00a0pr\u00e9senter ! Et il faut avouer que le coureur porte bien ce nouveau maillot !<\/p>\n<p style=\"text-align: justify;\">Vous aurez \u00e9galement remarqu\u00e9 les\u00a0liser\u00e9s\u00a0bleu-blanc-rouge sur les manches&#8230; Ceux-ci ne sont pas des\u00a0nouvelles couleurs du maillot, ils renvoient bien-s\u00fbr\u00a0aux multiples titres de champion de France sur piste remport\u00e9s par le Lanest\u00e9rien.<\/p>\n<p style=\"text-align: justify;\">Pour rappel aux coureurs du club, il reste encore deux cr\u00e9neaux pour la remise des \u00e9quipements au local du club : ce samedi 12 f\u00e9vrier de 10h \u00e0 12h et mardi 16 f\u00e9vrier de 18h \u00e0 20h.<\/p>\n","protected":false},"excerpt":{"rendered":"","protected":false},"author":14,"featured_media":27051,"comment_status":"open","ping_status":"open","sticky":false,"template":"","format":"standard","meta":{"ngg_post_thumbnail":0,"footnotes":""},"categories":[5,6,74],"tags":[],"class_list":["post-27050","post","type-post","status-publish","format-standard","has-post-thumbnail","hentry","category-ac-lanester-56","category-les-rendez-vous","category-piste"],"yoast_head":"<!-- This site is optimized with the Yoast SEO plugin v27.5 - https:\/\/yoast.com\/product\/yoast-seo-wordpress\/ -->\n<title>Karl Chandavoine pr\u00e9sente le maillot 2016 de l&#039;AC Lanester 56 ! - Avenir Cycliste Lanester 56<\/title>\n<meta name=\"robots\" content=\"index, follow, max-snippet:-1, max-image-preview:large, max-video-preview:-1\" \/>\n<link rel=\"canonical\" href=\"https:\/\/www.aclanester56.com\/velo\/karl-chandavoine-presente-son-maillot-2016\/\" \/>\n<meta property=\"og:locale\" content=\"fr_FR\" \/>\n<meta property=\"og:type\" content=\"article\" \/>\n<meta property=\"og:title\" content=\"Karl Chandavoine pr\u00e9sente le maillot 2016 de l&#039;AC Lanester 56 ! - Avenir Cycliste Lanester 56\" \/>\n<meta property=\"og:url\" content=\"https:\/\/www.aclanester56.com\/velo\/karl-chandavoine-presente-son-maillot-2016\/\" \/>\n<meta property=\"og:site_name\" content=\"Avenir Cycliste Lanester 56\" \/>\n<meta property=\"article:publisher\" content=\"https:\/\/www.facebook.com\/pages\/AC-Lanester-56\/190286300991242?fref=ts\" \/>\n<meta property=\"article:published_time\" content=\"2016-02-12T21:19:00+00:00\" \/>\n<meta property=\"article:modified_time\" content=\"2016-02-12T21:29:09+00:00\" \/>\n<meta property=\"og:image\" content=\"https:\/\/www.aclanester56.com\/velo\/wp-content\/uploads\/2016\/02\/WP_20160212_002-Copie.jpg\" \/>\n\t<meta property=\"og:image:width\" content=\"800\" \/>\n\t<meta property=\"og:image:height\" content=\"450\" \/>\n\t<meta property=\"og:image:type\" content=\"image\/jpeg\" \/>\n<meta name=\"author\" content=\"Jean-Christophe\" \/>\n<meta name=\"twitter:label1\" content=\"\u00c9crit par\" \/>\n\t<meta name=\"twitter:data1\" content=\"Jean-Christophe\" \/>\n\t<meta name=\"twitter:label2\" content=\"Dur\u00e9e de lecture estim\u00e9e\" \/>\n\t<meta name=\"twitter:data2\" content=\"1 minute\" \/>\n<script type=\"application\/ld+json\" class=\"yoast-schema-graph\">{\"@context\":\"https:\\\/\\\/schema.org\",\"@graph\":[{\"@type\":\"Article\",\"@id\":\"https:\\\/\\\/www.aclanester56.com\\\/velo\\\/karl-chandavoine-presente-son-maillot-2016\\\/#article\",\"isPartOf\":{\"@id\":\"https:\\\/\\\/www.aclanester56.com\\\/velo\\\/karl-chandavoine-presente-son-maillot-2016\\\/\"},\"author\":{\"name\":\"Jean-Christophe\",\"@id\":\"https:\\\/\\\/www.aclanester56.com\\\/velo\\\/#\\\/schema\\\/person\\\/ca2a44a5fd969e9dd846c72d3b33bc01\"},\"headline\":\"Karl Chandavoine pr\u00e9sente le maillot 2016 de l&rsquo;AC Lanester 56 !\",\"datePublished\":\"2016-02-12T21:19:00+00:00\",\"dateModified\":\"2016-02-12T21:29:09+00:00\",\"mainEntityOfPage\":{\"@id\":\"https:\\\/\\\/www.aclanester56.com\\\/velo\\\/karl-chandavoine-presente-son-maillot-2016\\\/\"},\"wordCount\":126,\"commentCount\":0,\"publisher\":{\"@id\":\"https:\\\/\\\/www.aclanester56.com\\\/velo\\\/#organization\"},\"image\":{\"@id\":\"https:\\\/\\\/www.aclanester56.com\\\/velo\\\/karl-chandavoine-presente-son-maillot-2016\\\/#primaryimage\"},\"thumbnailUrl\":\"https:\\\/\\\/www.aclanester56.com\\\/velo\\\/wp-content\\\/uploads\\\/2016\\\/02\\\/WP_20160212_002-Copie.jpg\",\"articleSection\":[\"AC LANESTER 56\",\"Les rendez-vous\",\"Piste\"],\"inLanguage\":\"fr-FR\",\"potentialAction\":[{\"@type\":\"CommentAction\",\"name\":\"Comment\",\"target\":[\"https:\\\/\\\/www.aclanester56.com\\\/velo\\\/karl-chandavoine-presente-son-maillot-2016\\\/#respond\"]}]},{\"@type\":\"WebPage\",\"@id\":\"https:\\\/\\\/www.aclanester56.com\\\/velo\\\/karl-chandavoine-presente-son-maillot-2016\\\/\",\"url\":\"https:\\\/\\\/www.aclanester56.com\\\/velo\\\/karl-chandavoine-presente-son-maillot-2016\\\/\",\"name\":\"Karl Chandavoine pr\u00e9sente le maillot 2016 de l'AC Lanester 56 ! - Avenir Cycliste Lanester 56\",\"isPartOf\":{\"@id\":\"https:\\\/\\\/www.aclanester56.com\\\/velo\\\/#website\"},\"primaryImageOfPage\":{\"@id\":\"https:\\\/\\\/www.aclanester56.com\\\/velo\\\/karl-chandavoine-presente-son-maillot-2016\\\/#primaryimage\"},\"image\":{\"@id\":\"https:\\\/\\\/www.aclanester56.com\\\/velo\\\/karl-chandavoine-presente-son-maillot-2016\\\/#primaryimage\"},\"thumbnailUrl\":\"https:\\\/\\\/www.aclanester56.com\\\/velo\\\/wp-content\\\/uploads\\\/2016\\\/02\\\/WP_20160212_002-Copie.jpg\",\"datePublished\":\"2016-02-12T21:19:00+00:00\",\"dateModified\":\"2016-02-12T21:29:09+00:00\",\"inLanguage\":\"fr-FR\",\"potentialAction\":[{\"@type\":\"ReadAction\",\"target\":[\"https:\\\/\\\/www.aclanester56.com\\\/velo\\\/karl-chandavoine-presente-son-maillot-2016\\\/\"]}]},{\"@type\":\"ImageObject\",\"inLanguage\":\"fr-FR\",\"@id\":\"https:\\\/\\\/www.aclanester56.com\\\/velo\\\/karl-chandavoine-presente-son-maillot-2016\\\/#primaryimage\",\"url\":\"https:\\\/\\\/www.aclanester56.com\\\/velo\\\/wp-content\\\/uploads\\\/2016\\\/02\\\/WP_20160212_002-Copie.jpg\",\"contentUrl\":\"https:\\\/\\\/www.aclanester56.com\\\/velo\\\/wp-content\\\/uploads\\\/2016\\\/02\\\/WP_20160212_002-Copie.jpg\",\"width\":800,\"height\":450},{\"@type\":\"WebSite\",\"@id\":\"https:\\\/\\\/www.aclanester56.com\\\/velo\\\/#website\",\"url\":\"https:\\\/\\\/www.aclanester56.com\\\/velo\\\/\",\"name\":\"Avenir Cycliste Lanester 56\",\"description\":\"Club cycliste de l&#039;AC LANESTER 56\",\"publisher\":{\"@id\":\"https:\\\/\\\/www.aclanester56.com\\\/velo\\\/#organization\"},\"potentialAction\":[{\"@type\":\"SearchAction\",\"target\":{\"@type\":\"EntryPoint\",\"urlTemplate\":\"https:\\\/\\\/www.aclanester56.com\\\/velo\\\/?s={search_term_string}\"},\"query-input\":{\"@type\":\"PropertyValueSpecification\",\"valueRequired\":true,\"valueName\":\"search_term_string\"}}],\"inLanguage\":\"fr-FR\"},{\"@type\":\"Organization\",\"@id\":\"https:\\\/\\\/www.aclanester56.com\\\/velo\\\/#organization\",\"name\":\"Avenir Cycliste Lanester 56\",\"url\":\"https:\\\/\\\/www.aclanester56.com\\\/velo\\\/\",\"logo\":{\"@type\":\"ImageObject\",\"inLanguage\":\"fr-FR\",\"@id\":\"https:\\\/\\\/www.aclanester56.com\\\/velo\\\/#\\\/schema\\\/logo\\\/image\\\/\",\"url\":\"https:\\\/\\\/www.aclanester56.com\\\/velo\\\/wp-content\\\/uploads\\\/2013\\\/04\\\/logo-ACL.jpg\",\"contentUrl\":\"https:\\\/\\\/www.aclanester56.com\\\/velo\\\/wp-content\\\/uploads\\\/2013\\\/04\\\/logo-ACL.jpg\",\"width\":400,\"height\":334,\"caption\":\"Avenir Cycliste Lanester 56\"},\"image\":{\"@id\":\"https:\\\/\\\/www.aclanester56.com\\\/velo\\\/#\\\/schema\\\/logo\\\/image\\\/\"},\"sameAs\":[\"https:\\\/\\\/www.facebook.com\\\/pages\\\/AC-Lanester-56\\\/190286300991242?fref=ts\"]},{\"@type\":\"Person\",\"@id\":\"https:\\\/\\\/www.aclanester56.com\\\/velo\\\/#\\\/schema\\\/person\\\/ca2a44a5fd969e9dd846c72d3b33bc01\",\"name\":\"Jean-Christophe\",\"url\":\"https:\\\/\\\/www.aclanester56.com\\\/velo\\\/author\\\/jeanchristophe\\\/\"}]}<\/script>\n<!-- \/ Yoast SEO plugin. -->","yoast_head_json":{"title":"Karl Chandavoine pr\u00e9sente le maillot 2016 de l'AC Lanester 56 ! - Avenir Cycliste Lanester 56","robots":{"index":"index","follow":"follow","max-snippet":"max-snippet:-1","max-image-preview":"max-image-preview:large","max-video-preview":"max-video-preview:-1"},"canonical":"https:\/\/www.aclanester56.com\/velo\/karl-chandavoine-presente-son-maillot-2016\/","og_locale":"fr_FR","og_type":"article","og_title":"Karl Chandavoine pr\u00e9sente le maillot 2016 de l'AC Lanester 56 ! - Avenir Cycliste Lanester 56","og_url":"https:\/\/www.aclanester56.com\/velo\/karl-chandavoine-presente-son-maillot-2016\/","og_site_name":"Avenir Cycliste Lanester 56","article_publisher":"https:\/\/www.facebook.com\/pages\/AC-Lanester-56\/190286300991242?fref=ts","article_published_time":"2016-02-12T21:19:00+00:00","article_modified_time":"2016-02-12T21:29:09+00:00","og_image":[{"width":800,"height":450,"url":"https:\/\/www.aclanester56.com\/velo\/wp-content\/uploads\/2016\/02\/WP_20160212_002-Copie.jpg","type":"image\/jpeg"}],"author":"Jean-Christophe","twitter_misc":{"\u00c9crit par":"Jean-Christophe","Dur\u00e9e de lecture estim\u00e9e":"1 minute"},"schema":{"@context":"https:\/\/schema.org","@graph":[{"@type":"Article","@id":"https:\/\/www.aclanester56.com\/velo\/karl-chandavoine-presente-son-maillot-2016\/#article","isPartOf":{"@id":"https:\/\/www.aclanester56.com\/velo\/karl-chandavoine-presente-son-maillot-2016\/"},"author":{"name":"Jean-Christophe","@id":"https:\/\/www.aclanester56.com\/velo\/#\/schema\/person\/ca2a44a5fd969e9dd846c72d3b33bc01"},"headline":"Karl Chandavoine pr\u00e9sente le maillot 2016 de l&rsquo;AC Lanester 56 !","datePublished":"2016-02-12T21:19:00+00:00","dateModified":"2016-02-12T21:29:09+00:00","mainEntityOfPage":{"@id":"https:\/\/www.aclanester56.com\/velo\/karl-chandavoine-presente-son-maillot-2016\/"},"wordCount":126,"commentCount":0,"publisher":{"@id":"https:\/\/www.aclanester56.com\/velo\/#organization"},"image":{"@id":"https:\/\/www.aclanester56.com\/velo\/karl-chandavoine-presente-son-maillot-2016\/#primaryimage"},"thumbnailUrl":"https:\/\/www.aclanester56.com\/velo\/wp-content\/uploads\/2016\/02\/WP_20160212_002-Copie.jpg","articleSection":["AC LANESTER 56","Les rendez-vous","Piste"],"inLanguage":"fr-FR","potentialAction":[{"@type":"CommentAction","name":"Comment","target":["https:\/\/www.aclanester56.com\/velo\/karl-chandavoine-presente-son-maillot-2016\/#respond"]}]},{"@type":"WebPage","@id":"https:\/\/www.aclanester56.com\/velo\/karl-chandavoine-presente-son-maillot-2016\/","url":"https:\/\/www.aclanester56.com\/velo\/karl-chandavoine-presente-son-maillot-2016\/","name":"Karl Chandavoine pr\u00e9sente le maillot 2016 de l'AC Lanester 56 ! - Avenir Cycliste Lanester 56","isPartOf":{"@id":"https:\/\/www.aclanester56.com\/velo\/#website"},"primaryImageOfPage":{"@id":"https:\/\/www.aclanester56.com\/velo\/karl-chandavoine-presente-son-maillot-2016\/#primaryimage"},"image":{"@id":"https:\/\/www.aclanester56.com\/velo\/karl-chandavoine-presente-son-maillot-2016\/#primaryimage"},"thumbnailUrl":"https:\/\/www.aclanester56.com\/velo\/wp-content\/uploads\/2016\/02\/WP_20160212_002-Copie.jpg","datePublished":"2016-02-12T21:19:00+00:00","dateModified":"2016-02-12T21:29:09+00:00","inLanguage":"fr-FR","potentialAction":[{"@type":"ReadAction","target":["https:\/\/www.aclanester56.com\/velo\/karl-chandavoine-presente-son-maillot-2016\/"]}]},{"@type":"ImageObject","inLanguage":"fr-FR","@id":"https:\/\/www.aclanester56.com\/velo\/karl-chandavoine-presente-son-maillot-2016\/#primaryimage","url":"https:\/\/www.aclanester56.com\/velo\/wp-content\/uploads\/2016\/02\/WP_20160212_002-Copie.jpg","contentUrl":"https:\/\/www.aclanester56.com\/velo\/wp-content\/uploads\/2016\/02\/WP_20160212_002-Copie.jpg","width":800,"height":450},{"@type":"WebSite","@id":"https:\/\/www.aclanester56.com\/velo\/#website","url":"https:\/\/www.aclanester56.com\/velo\/","name":"Avenir Cycliste Lanester 56","description":"Club cycliste de l&#039;AC LANESTER 56","publisher":{"@id":"https:\/\/www.aclanester56.com\/velo\/#organization"},"potentialAction":[{"@type":"SearchAction","target":{"@type":"EntryPoint","urlTemplate":"https:\/\/www.aclanester56.com\/velo\/?s={search_term_string}"},"query-input":{"@type":"PropertyValueSpecification","valueRequired":true,"valueName":"search_term_string"}}],"inLanguage":"fr-FR"},{"@type":"Organization","@id":"https:\/\/www.aclanester56.com\/velo\/#organization","name":"Avenir Cycliste Lanester 56","url":"https:\/\/www.aclanester56.com\/velo\/","logo":{"@type":"ImageObject","inLanguage":"fr-FR","@id":"https:\/\/www.aclanester56.com\/velo\/#\/schema\/logo\/image\/","url":"https:\/\/www.aclanester56.com\/velo\/wp-content\/uploads\/2013\/04\/logo-ACL.jpg","contentUrl":"https:\/\/www.aclanester56.com\/velo\/wp-content\/uploads\/2013\/04\/logo-ACL.jpg","width":400,"height":334,"caption":"Avenir Cycliste Lanester 56"},"image":{"@id":"https:\/\/www.aclanester56.com\/velo\/#\/schema\/logo\/image\/"},"sameAs":["https:\/\/www.facebook.com\/pages\/AC-Lanester-56\/190286300991242?fref=ts"]},{"@type":"Person","@id":"https:\/\/www.aclanester56.com\/velo\/#\/schema\/person\/ca2a44a5fd969e9dd846c72d3b33bc01","name":"Jean-Christophe","url":"https:\/\/www.aclanester56.com\/velo\/author\/jeanchristophe\/"}]}},"_links":{"self":[{"href":"https:\/\/www.aclanester56.com\/velo\/wp-json\/wp\/v2\/posts\/27050","targetHints":{"allow":["GET"]}}],"collection":[{"href":"https:\/\/www.aclanester56.com\/velo\/wp-json\/wp\/v2\/posts"}],"about":[{"href":"https:\/\/www.aclanester56.com\/velo\/wp-json\/wp\/v2\/types\/post"}],"author":[{"embeddable":true,"href":"https:\/\/www.aclanester56.com\/velo\/wp-json\/wp\/v2\/users\/14"}],"replies":[{"embeddable":true,"href":"https:\/\/www.aclanester56.com\/velo\/wp-json\/wp\/v2\/comments?post=27050"}],"version-history":[{"count":3,"href":"https:\/\/www.aclanester56.com\/velo\/wp-json\/wp\/v2\/posts\/27050\/revisions"}],"predecessor-version":[{"id":27056,"href":"https:\/\/www.aclanester56.com\/velo\/wp-json\/wp\/v2\/posts\/27050\/revisions\/27056"}],"wp:featuredmedia":[{"embeddable":true,"href":"https:\/\/www.aclanester56.com\/velo\/wp-json\/wp\/v2\/media\/27051"}],"wp:attachment":[{"href":"https:\/\/www.aclanester56.com\/velo\/wp-json\/wp\/v2\/media?parent=27050"}],"wp:term":[{"taxonomy":"category","embeddable":true,"href":"https:\/\/www.aclanester56.com\/velo\/wp-json\/wp\/v2\/categories?post=27050"},{"taxonomy":"post_tag","embeddable":true,"href":"https:\/\/www.aclanester56.com\/velo\/wp-json\/wp\/v2\/tags?post=27050"}],"curies":[{"name":"wp","href":"https:\/\/api.w.org\/{rel}","templated":true}]}}