{"id":2727,"date":"2010-05-17T13:27:11","date_gmt":"2010-05-17T12:27:11","guid":{"rendered":"http:\/\/www.aclanester56.com\/velo\/?p=2727"},"modified":"2010-05-17T15:15:39","modified_gmt":"2010-05-17T14:15:39","slug":"au-tour-du-coglais-juniors%e2%80%a6-encore-la-poisse-a-l%e2%80%99acl56","status":"publish","type":"post","link":"https:\/\/www.aclanester56.com\/velo\/au-tour-du-coglais-juniors%e2%80%a6-encore-la-poisse-a-l%e2%80%99acl56\/","title":{"rendered":"AU TOUR DU COGLAIS JUNIORS\u2026. Encore la poisse \u00e0 l\u2019ACL56"},"content":{"rendered":"<p>Tout le timing \u00e9tait bien respect\u00e9, le repas pr\u00e8s de Liffr\u00e9, l\u2019\u00e9chauffement avec l\u2019entraineur\u2026 Juan n\u2019a pas tir\u00e9 un bon num\u00e9ro comme il nous l\u2019avait promis\u2026 D\u00e9but de la course et 500 m apr\u00e8s, chute collective et 5 de nos 6 juniors sont par terre. P\u00e9dalier tordu, roues pareils, casque cass\u00e9, porte bidon HS et j\u2019en passe sans oublier les plaies corporelles et les plaies \u00e0 l\u2019\u00e2me\u2026. Course neutralis\u00e9e.<\/p>\n<p><br class=\"spacer_\" \/><\/p>\n<p><!--more--><\/p>\n<p>Gros boulot de l\u2019\u00e9quipe de m\u00e9cano (p\u00e8re de F\u00e9lix et Juan et le chauffeur qui a fait un marathon entre la chute et la voiture\u2026). On a chang\u00e9 le v\u00e9lo de Thomas par celui de Benoit en changeant les p\u00e9dales et la hauteur de selle. Mon casque \u00e0 Gildas, roues chang\u00e9es\u2026 Seul Rodolphe n\u2019est pas tomb\u00e9\u2026<\/p>\n<p>La course repart\u2026 \u00e0 vive allure (40 km\/h \u00e0 la premi\u00e8re heure) et une attaque se fait en 2 temps avec Thomas et Anthony et une douzaine de gars. Les autres gars de chez nous font la course d\u2019\u00e9quipe derri\u00e8re et un contre se met en place (sans eux mais avec 3 de St Brieuc) qui ne reviendra jamais. Derri\u00e8re F\u00e9lix arr\u00eate suite \u00e0 des douleurs de genou cons\u00e9cutives \u00a0\u00e0 la chute et Rodolphe qui n\u2019\u00e9tait pas tomb\u00e9, tombe \u00e0 son tour et se re blesse sur le m\u00eame genou qu\u2019au CLM\u2026 Gildas parvient \u00e0 finir et Heimrick aussi.<\/p>\n<p>Devant Anthony et Thomas attaquent \u00e0 tour de r\u00f4le contrairement \u00e0 certains qui attendent le sprint\u2026 A\u00a0 l\u2019amorce de la derni\u00e8re bosse Anthony attaque mais peut \u00eatre mois s\u00e8chement que s\u2019il \u00e9tait rest\u00e9 dans les roues et se fait contr\u00e9 par Marin et Le Gal et parvient \u00e0 garder sa 3<sup>\u00e8me<\/sup> place. Thomas doit faire \u00a09\u00e8me et Gildas fini derri\u00e8re. St Brieuc gagne le classement par \u00e9quipe.<\/p>\n<p>BILAN\u2026<\/p>\n<p>Il faut anticiper pour le contr\u00f4le des braquets de fa\u00e7on \u00e0 ne pas rester derri\u00e8re au moment du d\u00e9part, bonne vision de la course avec 2 devant mais il aurait fallu qu\u2019un autre se glisse dans le contre (sans rouler\u2026) pour assurer le classement par \u00e9quipe. G\u00e9rer les efforts devant surtout si l\u2019\u00e9cart est suffisant et surtout si tout le monde ne participe pas aux efforts de l\u00a0\u2018\u00e9chapp\u00e9e. Il faut en \u00ab\u00a0garder\u00a0\u00bb pour le sprint\u2026 Belle course d\u2019\u00e9quipe et dommage que Gildas n\u2019ait pu prendre le contre et que Rodolphe soit encore tomb\u00e9\u2026<\/p>\n<p>Int\u00e9r\u00eat d\u2019avoir un \u00ab\u00a0bon\u00a0\u00bb m\u00e9cano et du mat\u00e9riel de rechange<\/p>\n<p>(bon\u00a0article de Benoit)<\/p>\n","protected":false},"excerpt":{"rendered":"<p>Tout le timing \u00e9tait bien respect\u00e9, le repas pr\u00e8s de Liffr\u00e9, l\u2019\u00e9chauffement avec l\u2019entraineur\u2026 Juan n\u2019a pas tir\u00e9 un bon [&hellip;]<\/p>\n","protected":false},"author":14,"featured_media":0,"comment_status":"open","ping_status":"open","sticky":false,"template":"","format":"standard","meta":{"ngg_post_thumbnail":0,"footnotes":""},"categories":[5,21],"tags":[],"class_list":["post-2727","post","type-post","status-publish","format-standard","hentry","category-ac-lanester-56","category-resultats-juniors"],"yoast_head":"<!-- This site is optimized with the Yoast SEO plugin v27.5 - https:\/\/yoast.com\/product\/yoast-seo-wordpress\/ -->\n<title>AU TOUR DU COGLAIS JUNIORS\u2026. Encore la poisse \u00e0 l\u2019ACL56 - Avenir Cycliste Lanester 56<\/title>\n<meta name=\"robots\" content=\"index, follow, max-snippet:-1, max-image-preview:large, max-video-preview:-1\" \/>\n<link rel=\"canonical\" href=\"https:\/\/www.aclanester56.com\/velo\/au-tour-du-coglais-juniors\u2026-encore-la-poisse-a-l\u2019acl56\/\" \/>\n<meta property=\"og:locale\" content=\"fr_FR\" \/>\n<meta property=\"og:type\" content=\"article\" \/>\n<meta property=\"og:title\" content=\"AU TOUR DU COGLAIS JUNIORS\u2026. Encore la poisse \u00e0 l\u2019ACL56 - Avenir Cycliste Lanester 56\" \/>\n<meta property=\"og:description\" content=\"Tout le timing \u00e9tait bien respect\u00e9, le repas pr\u00e8s de Liffr\u00e9, l\u2019\u00e9chauffement avec l\u2019entraineur\u2026 Juan n\u2019a pas tir\u00e9 un bon [&hellip;]\" \/>\n<meta property=\"og:url\" content=\"https:\/\/www.aclanester56.com\/velo\/au-tour-du-coglais-juniors\u2026-encore-la-poisse-a-l\u2019acl56\/\" \/>\n<meta property=\"og:site_name\" content=\"Avenir Cycliste Lanester 56\" \/>\n<meta property=\"article:publisher\" content=\"https:\/\/www.facebook.com\/pages\/AC-Lanester-56\/190286300991242?fref=ts\" \/>\n<meta property=\"article:published_time\" content=\"2010-05-17T12:27:11+00:00\" \/>\n<meta property=\"article:modified_time\" content=\"2010-05-17T14:15:39+00:00\" \/>\n<meta name=\"author\" content=\"Jean-Christophe\" \/>\n<meta name=\"twitter:label1\" content=\"\u00c9crit par\" \/>\n\t<meta name=\"twitter:data1\" content=\"Jean-Christophe\" \/>\n\t<meta name=\"twitter:label2\" content=\"Dur\u00e9e de lecture estim\u00e9e\" \/>\n\t<meta name=\"twitter:data2\" content=\"2 minutes\" \/>\n<script type=\"application\/ld+json\" class=\"yoast-schema-graph\">{\"@context\":\"https:\\\/\\\/schema.org\",\"@graph\":[{\"@type\":\"Article\",\"@id\":\"https:\\\/\\\/www.aclanester56.com\\\/velo\\\/au-tour-du-coglais-juniors%e2%80%a6-encore-la-poisse-a-l%e2%80%99acl56\\\/#article\",\"isPartOf\":{\"@id\":\"https:\\\/\\\/www.aclanester56.com\\\/velo\\\/au-tour-du-coglais-juniors%e2%80%a6-encore-la-poisse-a-l%e2%80%99acl56\\\/\"},\"author\":{\"name\":\"Jean-Christophe\",\"@id\":\"https:\\\/\\\/www.aclanester56.com\\\/velo\\\/#\\\/schema\\\/person\\\/ca2a44a5fd969e9dd846c72d3b33bc01\"},\"headline\":\"AU TOUR DU COGLAIS JUNIORS\u2026. Encore la poisse \u00e0 l\u2019ACL56\",\"datePublished\":\"2010-05-17T12:27:11+00:00\",\"dateModified\":\"2010-05-17T14:15:39+00:00\",\"mainEntityOfPage\":{\"@id\":\"https:\\\/\\\/www.aclanester56.com\\\/velo\\\/au-tour-du-coglais-juniors%e2%80%a6-encore-la-poisse-a-l%e2%80%99acl56\\\/\"},\"wordCount\":443,\"commentCount\":1,\"publisher\":{\"@id\":\"https:\\\/\\\/www.aclanester56.com\\\/velo\\\/#organization\"},\"articleSection\":[\"AC LANESTER 56\",\"R\u00e9sultats Juniors\"],\"inLanguage\":\"fr-FR\",\"potentialAction\":[{\"@type\":\"CommentAction\",\"name\":\"Comment\",\"target\":[\"https:\\\/\\\/www.aclanester56.com\\\/velo\\\/au-tour-du-coglais-juniors%e2%80%a6-encore-la-poisse-a-l%e2%80%99acl56\\\/#respond\"]}]},{\"@type\":\"WebPage\",\"@id\":\"https:\\\/\\\/www.aclanester56.com\\\/velo\\\/au-tour-du-coglais-juniors%e2%80%a6-encore-la-poisse-a-l%e2%80%99acl56\\\/\",\"url\":\"https:\\\/\\\/www.aclanester56.com\\\/velo\\\/au-tour-du-coglais-juniors%e2%80%a6-encore-la-poisse-a-l%e2%80%99acl56\\\/\",\"name\":\"AU TOUR DU COGLAIS JUNIORS\u2026. Encore la poisse \u00e0 l\u2019ACL56 - Avenir Cycliste Lanester 56\",\"isPartOf\":{\"@id\":\"https:\\\/\\\/www.aclanester56.com\\\/velo\\\/#website\"},\"datePublished\":\"2010-05-17T12:27:11+00:00\",\"dateModified\":\"2010-05-17T14:15:39+00:00\",\"inLanguage\":\"fr-FR\",\"potentialAction\":[{\"@type\":\"ReadAction\",\"target\":[\"https:\\\/\\\/www.aclanester56.com\\\/velo\\\/au-tour-du-coglais-juniors%e2%80%a6-encore-la-poisse-a-l%e2%80%99acl56\\\/\"]}]},{\"@type\":\"WebSite\",\"@id\":\"https:\\\/\\\/www.aclanester56.com\\\/velo\\\/#website\",\"url\":\"https:\\\/\\\/www.aclanester56.com\\\/velo\\\/\",\"name\":\"Avenir Cycliste Lanester 56\",\"description\":\"Club cycliste de l&#039;AC LANESTER 56\",\"publisher\":{\"@id\":\"https:\\\/\\\/www.aclanester56.com\\\/velo\\\/#organization\"},\"potentialAction\":[{\"@type\":\"SearchAction\",\"target\":{\"@type\":\"EntryPoint\",\"urlTemplate\":\"https:\\\/\\\/www.aclanester56.com\\\/velo\\\/?s={search_term_string}\"},\"query-input\":{\"@type\":\"PropertyValueSpecification\",\"valueRequired\":true,\"valueName\":\"search_term_string\"}}],\"inLanguage\":\"fr-FR\"},{\"@type\":\"Organization\",\"@id\":\"https:\\\/\\\/www.aclanester56.com\\\/velo\\\/#organization\",\"name\":\"Avenir Cycliste Lanester 56\",\"url\":\"https:\\\/\\\/www.aclanester56.com\\\/velo\\\/\",\"logo\":{\"@type\":\"ImageObject\",\"inLanguage\":\"fr-FR\",\"@id\":\"https:\\\/\\\/www.aclanester56.com\\\/velo\\\/#\\\/schema\\\/logo\\\/image\\\/\",\"url\":\"https:\\\/\\\/www.aclanester56.com\\\/velo\\\/wp-content\\\/uploads\\\/2013\\\/04\\\/logo-ACL.jpg\",\"contentUrl\":\"https:\\\/\\\/www.aclanester56.com\\\/velo\\\/wp-content\\\/uploads\\\/2013\\\/04\\\/logo-ACL.jpg\",\"width\":400,\"height\":334,\"caption\":\"Avenir Cycliste Lanester 56\"},\"image\":{\"@id\":\"https:\\\/\\\/www.aclanester56.com\\\/velo\\\/#\\\/schema\\\/logo\\\/image\\\/\"},\"sameAs\":[\"https:\\\/\\\/www.facebook.com\\\/pages\\\/AC-Lanester-56\\\/190286300991242?fref=ts\"]},{\"@type\":\"Person\",\"@id\":\"https:\\\/\\\/www.aclanester56.com\\\/velo\\\/#\\\/schema\\\/person\\\/ca2a44a5fd969e9dd846c72d3b33bc01\",\"name\":\"Jean-Christophe\",\"url\":\"https:\\\/\\\/www.aclanester56.com\\\/velo\\\/author\\\/jeanchristophe\\\/\"}]}<\/script>\n<!-- \/ Yoast SEO plugin. -->","yoast_head_json":{"title":"AU TOUR DU COGLAIS JUNIORS\u2026. Encore la poisse \u00e0 l\u2019ACL56 - Avenir Cycliste Lanester 56","robots":{"index":"index","follow":"follow","max-snippet":"max-snippet:-1","max-image-preview":"max-image-preview:large","max-video-preview":"max-video-preview:-1"},"canonical":"https:\/\/www.aclanester56.com\/velo\/au-tour-du-coglais-juniors\u2026-encore-la-poisse-a-l\u2019acl56\/","og_locale":"fr_FR","og_type":"article","og_title":"AU TOUR DU COGLAIS JUNIORS\u2026. Encore la poisse \u00e0 l\u2019ACL56 - Avenir Cycliste Lanester 56","og_description":"Tout le timing \u00e9tait bien respect\u00e9, le repas pr\u00e8s de Liffr\u00e9, l\u2019\u00e9chauffement avec l\u2019entraineur\u2026 Juan n\u2019a pas tir\u00e9 un bon [&hellip;]","og_url":"https:\/\/www.aclanester56.com\/velo\/au-tour-du-coglais-juniors\u2026-encore-la-poisse-a-l\u2019acl56\/","og_site_name":"Avenir Cycliste Lanester 56","article_publisher":"https:\/\/www.facebook.com\/pages\/AC-Lanester-56\/190286300991242?fref=ts","article_published_time":"2010-05-17T12:27:11+00:00","article_modified_time":"2010-05-17T14:15:39+00:00","author":"Jean-Christophe","twitter_misc":{"\u00c9crit par":"Jean-Christophe","Dur\u00e9e de lecture estim\u00e9e":"2 minutes"},"schema":{"@context":"https:\/\/schema.org","@graph":[{"@type":"Article","@id":"https:\/\/www.aclanester56.com\/velo\/au-tour-du-coglais-juniors%e2%80%a6-encore-la-poisse-a-l%e2%80%99acl56\/#article","isPartOf":{"@id":"https:\/\/www.aclanester56.com\/velo\/au-tour-du-coglais-juniors%e2%80%a6-encore-la-poisse-a-l%e2%80%99acl56\/"},"author":{"name":"Jean-Christophe","@id":"https:\/\/www.aclanester56.com\/velo\/#\/schema\/person\/ca2a44a5fd969e9dd846c72d3b33bc01"},"headline":"AU TOUR DU COGLAIS JUNIORS\u2026. Encore la poisse \u00e0 l\u2019ACL56","datePublished":"2010-05-17T12:27:11+00:00","dateModified":"2010-05-17T14:15:39+00:00","mainEntityOfPage":{"@id":"https:\/\/www.aclanester56.com\/velo\/au-tour-du-coglais-juniors%e2%80%a6-encore-la-poisse-a-l%e2%80%99acl56\/"},"wordCount":443,"commentCount":1,"publisher":{"@id":"https:\/\/www.aclanester56.com\/velo\/#organization"},"articleSection":["AC LANESTER 56","R\u00e9sultats Juniors"],"inLanguage":"fr-FR","potentialAction":[{"@type":"CommentAction","name":"Comment","target":["https:\/\/www.aclanester56.com\/velo\/au-tour-du-coglais-juniors%e2%80%a6-encore-la-poisse-a-l%e2%80%99acl56\/#respond"]}]},{"@type":"WebPage","@id":"https:\/\/www.aclanester56.com\/velo\/au-tour-du-coglais-juniors%e2%80%a6-encore-la-poisse-a-l%e2%80%99acl56\/","url":"https:\/\/www.aclanester56.com\/velo\/au-tour-du-coglais-juniors%e2%80%a6-encore-la-poisse-a-l%e2%80%99acl56\/","name":"AU TOUR DU COGLAIS JUNIORS\u2026. Encore la poisse \u00e0 l\u2019ACL56 - Avenir Cycliste Lanester 56","isPartOf":{"@id":"https:\/\/www.aclanester56.com\/velo\/#website"},"datePublished":"2010-05-17T12:27:11+00:00","dateModified":"2010-05-17T14:15:39+00:00","inLanguage":"fr-FR","potentialAction":[{"@type":"ReadAction","target":["https:\/\/www.aclanester56.com\/velo\/au-tour-du-coglais-juniors%e2%80%a6-encore-la-poisse-a-l%e2%80%99acl56\/"]}]},{"@type":"WebSite","@id":"https:\/\/www.aclanester56.com\/velo\/#website","url":"https:\/\/www.aclanester56.com\/velo\/","name":"Avenir Cycliste Lanester 56","description":"Club cycliste de l&#039;AC LANESTER 56","publisher":{"@id":"https:\/\/www.aclanester56.com\/velo\/#organization"},"potentialAction":[{"@type":"SearchAction","target":{"@type":"EntryPoint","urlTemplate":"https:\/\/www.aclanester56.com\/velo\/?s={search_term_string}"},"query-input":{"@type":"PropertyValueSpecification","valueRequired":true,"valueName":"search_term_string"}}],"inLanguage":"fr-FR"},{"@type":"Organization","@id":"https:\/\/www.aclanester56.com\/velo\/#organization","name":"Avenir Cycliste Lanester 56","url":"https:\/\/www.aclanester56.com\/velo\/","logo":{"@type":"ImageObject","inLanguage":"fr-FR","@id":"https:\/\/www.aclanester56.com\/velo\/#\/schema\/logo\/image\/","url":"https:\/\/www.aclanester56.com\/velo\/wp-content\/uploads\/2013\/04\/logo-ACL.jpg","contentUrl":"https:\/\/www.aclanester56.com\/velo\/wp-content\/uploads\/2013\/04\/logo-ACL.jpg","width":400,"height":334,"caption":"Avenir Cycliste Lanester 56"},"image":{"@id":"https:\/\/www.aclanester56.com\/velo\/#\/schema\/logo\/image\/"},"sameAs":["https:\/\/www.facebook.com\/pages\/AC-Lanester-56\/190286300991242?fref=ts"]},{"@type":"Person","@id":"https:\/\/www.aclanester56.com\/velo\/#\/schema\/person\/ca2a44a5fd969e9dd846c72d3b33bc01","name":"Jean-Christophe","url":"https:\/\/www.aclanester56.com\/velo\/author\/jeanchristophe\/"}]}},"_links":{"self":[{"href":"https:\/\/www.aclanester56.com\/velo\/wp-json\/wp\/v2\/posts\/2727","targetHints":{"allow":["GET"]}}],"collection":[{"href":"https:\/\/www.aclanester56.com\/velo\/wp-json\/wp\/v2\/posts"}],"about":[{"href":"https:\/\/www.aclanester56.com\/velo\/wp-json\/wp\/v2\/types\/post"}],"author":[{"embeddable":true,"href":"https:\/\/www.aclanester56.com\/velo\/wp-json\/wp\/v2\/users\/14"}],"replies":[{"embeddable":true,"href":"https:\/\/www.aclanester56.com\/velo\/wp-json\/wp\/v2\/comments?post=2727"}],"version-history":[{"count":0,"href":"https:\/\/www.aclanester56.com\/velo\/wp-json\/wp\/v2\/posts\/2727\/revisions"}],"wp:attachment":[{"href":"https:\/\/www.aclanester56.com\/velo\/wp-json\/wp\/v2\/media?parent=2727"}],"wp:term":[{"taxonomy":"category","embeddable":true,"href":"https:\/\/www.aclanester56.com\/velo\/wp-json\/wp\/v2\/categories?post=2727"},{"taxonomy":"post_tag","embeddable":true,"href":"https:\/\/www.aclanester56.com\/velo\/wp-json\/wp\/v2\/tags?post=2727"}],"curies":[{"name":"wp","href":"https:\/\/api.w.org\/{rel}","templated":true}]}}