{"id":27666,"date":"2016-04-09T00:05:43","date_gmt":"2016-04-08T23:05:43","guid":{"rendered":"http:\/\/www.aclanester56.com\/velo\/?p=27666"},"modified":"2016-04-21T15:42:27","modified_gmt":"2016-04-21T14:42:27","slug":"courses-weekend-9-10-avril","status":"publish","type":"post","link":"https:\/\/www.aclanester56.com\/velo\/courses-weekend-9-10-avril\/","title":{"rendered":"Les courses du weekend du 9 et 10 avril"},"content":{"rendered":"<p><!--more--><\/p>\n<p><strong>Allaire Redon \u00a0:<\/strong><\/p>\n<p>BRIEND ANTOINE<br \/>\nJUSTUM AXEL<br \/>\nLE BRUCHEC BENOIT<\/p>\n<p><strong>Redon-Redon<\/strong><\/p>\n<p>LE GAL MATHIEU<\/p>\n<p><strong>Moreac :<\/strong><\/p>\n<p>AUDIC DYLAN<br \/>\nBALTENWECK MEWEN<br \/>\nBOURGOUGNON STEPHANE<br \/>\nDUVAL BENJAMIN<br \/>\nGUIL VINCENT<br \/>\nLE BAIL HUGO<br \/>\nLE CHENADEC ANTOINE<br \/>\nLE CROM VICTOR<br \/>\nSINNER CHRISTOPHE<\/p>\n<p><strong>Persquen\u00a0<\/strong><\/p>\n<p>JEZEQUEL MEVEN<br \/>\nLE COZ PIERRE<br \/>\nLE CROM CHARLES<br \/>\nROYE CORENTIN<br \/>\nTHOMAS ENZO<\/p>\n<p><strong>Persquen Pass\u00a0<\/strong><\/p>\n<p>LE COZ STEPHANE<\/p>\n<p><strong>Queven EDC\u00a0<\/strong><\/p>\n<p>COUGOULAT NOE<br \/>\nDAMON HAEL<br \/>\nDUGUE Oscar<br \/>\nJEZEQUEL AWEN<br \/>\nJOSSO Meddy<br \/>\nLE CALVE Gautier<br \/>\nLOUSSOUARN LUCAS<br \/>\nTHOMAZO HANRION ESTEBAN<\/p>\n<p><strong>Quimperl\u00e9 Cadette<\/strong><\/p>\n<p>CORLAY LE BARON MAEVA<\/p>\n<p><strong>Quimperl\u00e9 Junior\u00a0<\/strong><\/p>\n<p>SEVENO CHLOE<\/p>\n<p><strong>St Vincent sur Oust<\/strong><\/p>\n<p>CADORET CELESTIN<\/p>\n<p><strong>St Yvi<\/strong><\/p>\n<p>NIVINOU MA\u00cbL<\/p>\n<p><strong>Piste Vannes<\/strong><\/p>\n<p>LE MOUELLIC Andy<br \/>\nDUVAL Benjamin<br \/>\nBALTENWECK Mewen<br \/>\nLE CAM Brendan<br \/>\nCADORET Th\u00e9otime<br \/>\nBACHIR Mehdi<br \/>\nENZO Thomas<\/p>\n<p>Nous remercions Cathy pour les engagements.<\/p>\n<p>&nbsp;<\/p>\n","protected":false},"excerpt":{"rendered":"","protected":false},"author":2,"featured_media":27668,"comment_status":"open","ping_status":"open","sticky":false,"template":"","format":"standard","meta":{"ngg_post_thumbnail":0,"footnotes":""},"categories":[5],"tags":[],"class_list":["post-27666","post","type-post","status-publish","format-standard","has-post-thumbnail","hentry","category-ac-lanester-56"],"yoast_head":"<!-- This site is optimized with the Yoast SEO plugin v27.5 - https:\/\/yoast.com\/product\/yoast-seo-wordpress\/ -->\n<title>Les courses du weekend du 9 et 10 avril - Avenir Cycliste Lanester 56<\/title>\n<meta name=\"robots\" content=\"index, follow, max-snippet:-1, max-image-preview:large, max-video-preview:-1\" \/>\n<link rel=\"canonical\" href=\"https:\/\/www.aclanester56.com\/velo\/courses-weekend-9-10-avril\/\" \/>\n<meta property=\"og:locale\" content=\"fr_FR\" \/>\n<meta property=\"og:type\" content=\"article\" \/>\n<meta property=\"og:title\" content=\"Les courses du weekend du 9 et 10 avril - Avenir Cycliste Lanester 56\" \/>\n<meta property=\"og:url\" content=\"https:\/\/www.aclanester56.com\/velo\/courses-weekend-9-10-avril\/\" \/>\n<meta property=\"og:site_name\" content=\"Avenir Cycliste Lanester 56\" \/>\n<meta property=\"article:publisher\" content=\"https:\/\/www.facebook.com\/pages\/AC-Lanester-56\/190286300991242?fref=ts\" \/>\n<meta property=\"article:published_time\" content=\"2016-04-08T23:05:43+00:00\" \/>\n<meta property=\"article:modified_time\" content=\"2016-04-21T14:42:27+00:00\" \/>\n<meta property=\"og:image\" content=\"https:\/\/www.aclanester56.com\/velo\/wp-content\/uploads\/ngg_featured\/Languidic-avril-2016-067.JPG\" \/>\n\t<meta property=\"og:image:width\" content=\"1024\" \/>\n\t<meta property=\"og:image:height\" content=\"683\" \/>\n\t<meta property=\"og:image:type\" content=\"image\/jpeg\" \/>\n<meta name=\"author\" content=\"stephane\" \/>\n<meta name=\"twitter:label1\" content=\"\u00c9crit par\" \/>\n\t<meta name=\"twitter:data1\" content=\"stephane\" \/>\n\t<meta name=\"twitter:label2\" content=\"Dur\u00e9e de lecture estim\u00e9e\" \/>\n\t<meta name=\"twitter:data2\" content=\"1 minute\" \/>\n<script type=\"application\/ld+json\" class=\"yoast-schema-graph\">{\"@context\":\"https:\\\/\\\/schema.org\",\"@graph\":[{\"@type\":\"Article\",\"@id\":\"https:\\\/\\\/www.aclanester56.com\\\/velo\\\/courses-weekend-9-10-avril\\\/#article\",\"isPartOf\":{\"@id\":\"https:\\\/\\\/www.aclanester56.com\\\/velo\\\/courses-weekend-9-10-avril\\\/\"},\"author\":{\"name\":\"stephane\",\"@id\":\"https:\\\/\\\/www.aclanester56.com\\\/velo\\\/#\\\/schema\\\/person\\\/c844661e64a578ca46639cb0ae764de6\"},\"headline\":\"Les courses du weekend du 9 et 10 avril\",\"datePublished\":\"2016-04-08T23:05:43+00:00\",\"dateModified\":\"2016-04-21T14:42:27+00:00\",\"mainEntityOfPage\":{\"@id\":\"https:\\\/\\\/www.aclanester56.com\\\/velo\\\/courses-weekend-9-10-avril\\\/\"},\"wordCount\":127,\"commentCount\":0,\"publisher\":{\"@id\":\"https:\\\/\\\/www.aclanester56.com\\\/velo\\\/#organization\"},\"image\":{\"@id\":\"https:\\\/\\\/www.aclanester56.com\\\/velo\\\/courses-weekend-9-10-avril\\\/#primaryimage\"},\"thumbnailUrl\":\"https:\\\/\\\/www.aclanester56.com\\\/velo\\\/wp-content\\\/uploads\\\/ngg_featured\\\/Languidic-avril-2016-067.JPG\",\"articleSection\":[\"AC LANESTER 56\"],\"inLanguage\":\"fr-FR\",\"potentialAction\":[{\"@type\":\"CommentAction\",\"name\":\"Comment\",\"target\":[\"https:\\\/\\\/www.aclanester56.com\\\/velo\\\/courses-weekend-9-10-avril\\\/#respond\"]}]},{\"@type\":\"WebPage\",\"@id\":\"https:\\\/\\\/www.aclanester56.com\\\/velo\\\/courses-weekend-9-10-avril\\\/\",\"url\":\"https:\\\/\\\/www.aclanester56.com\\\/velo\\\/courses-weekend-9-10-avril\\\/\",\"name\":\"Les courses du weekend du 9 et 10 avril - Avenir Cycliste Lanester 56\",\"isPartOf\":{\"@id\":\"https:\\\/\\\/www.aclanester56.com\\\/velo\\\/#website\"},\"primaryImageOfPage\":{\"@id\":\"https:\\\/\\\/www.aclanester56.com\\\/velo\\\/courses-weekend-9-10-avril\\\/#primaryimage\"},\"image\":{\"@id\":\"https:\\\/\\\/www.aclanester56.com\\\/velo\\\/courses-weekend-9-10-avril\\\/#primaryimage\"},\"thumbnailUrl\":\"https:\\\/\\\/www.aclanester56.com\\\/velo\\\/wp-content\\\/uploads\\\/ngg_featured\\\/Languidic-avril-2016-067.JPG\",\"datePublished\":\"2016-04-08T23:05:43+00:00\",\"dateModified\":\"2016-04-21T14:42:27+00:00\",\"inLanguage\":\"fr-FR\",\"potentialAction\":[{\"@type\":\"ReadAction\",\"target\":[\"https:\\\/\\\/www.aclanester56.com\\\/velo\\\/courses-weekend-9-10-avril\\\/\"]}]},{\"@type\":\"ImageObject\",\"inLanguage\":\"fr-FR\",\"@id\":\"https:\\\/\\\/www.aclanester56.com\\\/velo\\\/courses-weekend-9-10-avril\\\/#primaryimage\",\"url\":\"https:\\\/\\\/www.aclanester56.com\\\/velo\\\/wp-content\\\/uploads\\\/ngg_featured\\\/Languidic-avril-2016-067.JPG\",\"contentUrl\":\"https:\\\/\\\/www.aclanester56.com\\\/velo\\\/wp-content\\\/uploads\\\/ngg_featured\\\/Languidic-avril-2016-067.JPG\",\"width\":1024,\"height\":683},{\"@type\":\"WebSite\",\"@id\":\"https:\\\/\\\/www.aclanester56.com\\\/velo\\\/#website\",\"url\":\"https:\\\/\\\/www.aclanester56.com\\\/velo\\\/\",\"name\":\"Avenir Cycliste Lanester 56\",\"description\":\"Club cycliste de l&#039;AC LANESTER 56\",\"publisher\":{\"@id\":\"https:\\\/\\\/www.aclanester56.com\\\/velo\\\/#organization\"},\"potentialAction\":[{\"@type\":\"SearchAction\",\"target\":{\"@type\":\"EntryPoint\",\"urlTemplate\":\"https:\\\/\\\/www.aclanester56.com\\\/velo\\\/?s={search_term_string}\"},\"query-input\":{\"@type\":\"PropertyValueSpecification\",\"valueRequired\":true,\"valueName\":\"search_term_string\"}}],\"inLanguage\":\"fr-FR\"},{\"@type\":\"Organization\",\"@id\":\"https:\\\/\\\/www.aclanester56.com\\\/velo\\\/#organization\",\"name\":\"Avenir Cycliste Lanester 56\",\"url\":\"https:\\\/\\\/www.aclanester56.com\\\/velo\\\/\",\"logo\":{\"@type\":\"ImageObject\",\"inLanguage\":\"fr-FR\",\"@id\":\"https:\\\/\\\/www.aclanester56.com\\\/velo\\\/#\\\/schema\\\/logo\\\/image\\\/\",\"url\":\"https:\\\/\\\/www.aclanester56.com\\\/velo\\\/wp-content\\\/uploads\\\/2013\\\/04\\\/logo-ACL.jpg\",\"contentUrl\":\"https:\\\/\\\/www.aclanester56.com\\\/velo\\\/wp-content\\\/uploads\\\/2013\\\/04\\\/logo-ACL.jpg\",\"width\":400,\"height\":334,\"caption\":\"Avenir Cycliste Lanester 56\"},\"image\":{\"@id\":\"https:\\\/\\\/www.aclanester56.com\\\/velo\\\/#\\\/schema\\\/logo\\\/image\\\/\"},\"sameAs\":[\"https:\\\/\\\/www.facebook.com\\\/pages\\\/AC-Lanester-56\\\/190286300991242?fref=ts\"]},{\"@type\":\"Person\",\"@id\":\"https:\\\/\\\/www.aclanester56.com\\\/velo\\\/#\\\/schema\\\/person\\\/c844661e64a578ca46639cb0ae764de6\",\"name\":\"stephane\",\"url\":\"https:\\\/\\\/www.aclanester56.com\\\/velo\\\/author\\\/stephane\\\/\"}]}<\/script>\n<!-- \/ Yoast SEO plugin. -->","yoast_head_json":{"title":"Les courses du weekend du 9 et 10 avril - Avenir Cycliste Lanester 56","robots":{"index":"index","follow":"follow","max-snippet":"max-snippet:-1","max-image-preview":"max-image-preview:large","max-video-preview":"max-video-preview:-1"},"canonical":"https:\/\/www.aclanester56.com\/velo\/courses-weekend-9-10-avril\/","og_locale":"fr_FR","og_type":"article","og_title":"Les courses du weekend du 9 et 10 avril - Avenir Cycliste Lanester 56","og_url":"https:\/\/www.aclanester56.com\/velo\/courses-weekend-9-10-avril\/","og_site_name":"Avenir Cycliste Lanester 56","article_publisher":"https:\/\/www.facebook.com\/pages\/AC-Lanester-56\/190286300991242?fref=ts","article_published_time":"2016-04-08T23:05:43+00:00","article_modified_time":"2016-04-21T14:42:27+00:00","og_image":[{"width":1024,"height":683,"url":"https:\/\/www.aclanester56.com\/velo\/wp-content\/uploads\/ngg_featured\/Languidic-avril-2016-067.JPG","type":"image\/jpeg"}],"author":"stephane","twitter_misc":{"\u00c9crit par":"stephane","Dur\u00e9e de lecture estim\u00e9e":"1 minute"},"schema":{"@context":"https:\/\/schema.org","@graph":[{"@type":"Article","@id":"https:\/\/www.aclanester56.com\/velo\/courses-weekend-9-10-avril\/#article","isPartOf":{"@id":"https:\/\/www.aclanester56.com\/velo\/courses-weekend-9-10-avril\/"},"author":{"name":"stephane","@id":"https:\/\/www.aclanester56.com\/velo\/#\/schema\/person\/c844661e64a578ca46639cb0ae764de6"},"headline":"Les courses du weekend du 9 et 10 avril","datePublished":"2016-04-08T23:05:43+00:00","dateModified":"2016-04-21T14:42:27+00:00","mainEntityOfPage":{"@id":"https:\/\/www.aclanester56.com\/velo\/courses-weekend-9-10-avril\/"},"wordCount":127,"commentCount":0,"publisher":{"@id":"https:\/\/www.aclanester56.com\/velo\/#organization"},"image":{"@id":"https:\/\/www.aclanester56.com\/velo\/courses-weekend-9-10-avril\/#primaryimage"},"thumbnailUrl":"https:\/\/www.aclanester56.com\/velo\/wp-content\/uploads\/ngg_featured\/Languidic-avril-2016-067.JPG","articleSection":["AC LANESTER 56"],"inLanguage":"fr-FR","potentialAction":[{"@type":"CommentAction","name":"Comment","target":["https:\/\/www.aclanester56.com\/velo\/courses-weekend-9-10-avril\/#respond"]}]},{"@type":"WebPage","@id":"https:\/\/www.aclanester56.com\/velo\/courses-weekend-9-10-avril\/","url":"https:\/\/www.aclanester56.com\/velo\/courses-weekend-9-10-avril\/","name":"Les courses du weekend du 9 et 10 avril - Avenir Cycliste Lanester 56","isPartOf":{"@id":"https:\/\/www.aclanester56.com\/velo\/#website"},"primaryImageOfPage":{"@id":"https:\/\/www.aclanester56.com\/velo\/courses-weekend-9-10-avril\/#primaryimage"},"image":{"@id":"https:\/\/www.aclanester56.com\/velo\/courses-weekend-9-10-avril\/#primaryimage"},"thumbnailUrl":"https:\/\/www.aclanester56.com\/velo\/wp-content\/uploads\/ngg_featured\/Languidic-avril-2016-067.JPG","datePublished":"2016-04-08T23:05:43+00:00","dateModified":"2016-04-21T14:42:27+00:00","inLanguage":"fr-FR","potentialAction":[{"@type":"ReadAction","target":["https:\/\/www.aclanester56.com\/velo\/courses-weekend-9-10-avril\/"]}]},{"@type":"ImageObject","inLanguage":"fr-FR","@id":"https:\/\/www.aclanester56.com\/velo\/courses-weekend-9-10-avril\/#primaryimage","url":"https:\/\/www.aclanester56.com\/velo\/wp-content\/uploads\/ngg_featured\/Languidic-avril-2016-067.JPG","contentUrl":"https:\/\/www.aclanester56.com\/velo\/wp-content\/uploads\/ngg_featured\/Languidic-avril-2016-067.JPG","width":1024,"height":683},{"@type":"WebSite","@id":"https:\/\/www.aclanester56.com\/velo\/#website","url":"https:\/\/www.aclanester56.com\/velo\/","name":"Avenir Cycliste Lanester 56","description":"Club cycliste de l&#039;AC LANESTER 56","publisher":{"@id":"https:\/\/www.aclanester56.com\/velo\/#organization"},"potentialAction":[{"@type":"SearchAction","target":{"@type":"EntryPoint","urlTemplate":"https:\/\/www.aclanester56.com\/velo\/?s={search_term_string}"},"query-input":{"@type":"PropertyValueSpecification","valueRequired":true,"valueName":"search_term_string"}}],"inLanguage":"fr-FR"},{"@type":"Organization","@id":"https:\/\/www.aclanester56.com\/velo\/#organization","name":"Avenir Cycliste Lanester 56","url":"https:\/\/www.aclanester56.com\/velo\/","logo":{"@type":"ImageObject","inLanguage":"fr-FR","@id":"https:\/\/www.aclanester56.com\/velo\/#\/schema\/logo\/image\/","url":"https:\/\/www.aclanester56.com\/velo\/wp-content\/uploads\/2013\/04\/logo-ACL.jpg","contentUrl":"https:\/\/www.aclanester56.com\/velo\/wp-content\/uploads\/2013\/04\/logo-ACL.jpg","width":400,"height":334,"caption":"Avenir Cycliste Lanester 56"},"image":{"@id":"https:\/\/www.aclanester56.com\/velo\/#\/schema\/logo\/image\/"},"sameAs":["https:\/\/www.facebook.com\/pages\/AC-Lanester-56\/190286300991242?fref=ts"]},{"@type":"Person","@id":"https:\/\/www.aclanester56.com\/velo\/#\/schema\/person\/c844661e64a578ca46639cb0ae764de6","name":"stephane","url":"https:\/\/www.aclanester56.com\/velo\/author\/stephane\/"}]}},"_links":{"self":[{"href":"https:\/\/www.aclanester56.com\/velo\/wp-json\/wp\/v2\/posts\/27666","targetHints":{"allow":["GET"]}}],"collection":[{"href":"https:\/\/www.aclanester56.com\/velo\/wp-json\/wp\/v2\/posts"}],"about":[{"href":"https:\/\/www.aclanester56.com\/velo\/wp-json\/wp\/v2\/types\/post"}],"author":[{"embeddable":true,"href":"https:\/\/www.aclanester56.com\/velo\/wp-json\/wp\/v2\/users\/2"}],"replies":[{"embeddable":true,"href":"https:\/\/www.aclanester56.com\/velo\/wp-json\/wp\/v2\/comments?post=27666"}],"version-history":[{"count":3,"href":"https:\/\/www.aclanester56.com\/velo\/wp-json\/wp\/v2\/posts\/27666\/revisions"}],"predecessor-version":[{"id":27937,"href":"https:\/\/www.aclanester56.com\/velo\/wp-json\/wp\/v2\/posts\/27666\/revisions\/27937"}],"wp:featuredmedia":[{"embeddable":true,"href":"https:\/\/www.aclanester56.com\/velo\/wp-json\/wp\/v2\/media\/27668"}],"wp:attachment":[{"href":"https:\/\/www.aclanester56.com\/velo\/wp-json\/wp\/v2\/media?parent=27666"}],"wp:term":[{"taxonomy":"category","embeddable":true,"href":"https:\/\/www.aclanester56.com\/velo\/wp-json\/wp\/v2\/categories?post=27666"},{"taxonomy":"post_tag","embeddable":true,"href":"https:\/\/www.aclanester56.com\/velo\/wp-json\/wp\/v2\/tags?post=27666"}],"curies":[{"name":"wp","href":"https:\/\/api.w.org\/{rel}","templated":true}]}}