{"id":28385,"date":"2016-05-12T14:50:41","date_gmt":"2016-05-12T13:50:41","guid":{"rendered":"http:\/\/www.aclanester56.com\/velo\/?p=28385"},"modified":"2016-05-12T14:51:31","modified_gmt":"2016-05-12T13:51:31","slug":"lac-lanester-56-trophee-departemental-ecoles-de-cyclisme","status":"publish","type":"post","link":"https:\/\/www.aclanester56.com\/velo\/lac-lanester-56-trophee-departemental-ecoles-de-cyclisme\/","title":{"rendered":"L&rsquo;AC Lanester 56 au Troph\u00e9e D\u00e9partemental des Ecoles de Cyclisme"},"content":{"rendered":"<p><!--more--><\/p>\n<p style=\"text-align: justify;\">L&rsquo;Ecole de v\u00e9lo de l&rsquo;AC Lanester 56 a particip\u00e9 dimanche dernier au Troph\u00e9e D\u00e9partemental des Ecoles de Cyclisme \u00e0 Pluvigner.<\/p>\n<p style=\"text-align: justify;\">La matin\u00e9e \u00e9tait consacr\u00e9e \u00e0 des \u00e9preuves d&rsquo;adresse et de vitesse (60 m\u00e8tres d\u00e9part arr\u00eat\u00e9) pour les pr\u00e9-licenci\u00e9s, poussins et pupilles, et de cyclo-cross et vitesse (80 m\u00e8tres d\u00e9part arr\u00eat\u00e9) pour benjamins et minimes. Enfin, les \u00e9preuves sur route \u00e9taient disput\u00e9es l&rsquo;apr\u00e8s-midi.<\/p>\n<p style=\"text-align: justify;\">Les repr\u00e9sentants de l&rsquo;AC Lanester 56, qui se sont bien battus, \u00e9taient : Quentin LE BELLER, Oscar DUGUE, Sacha TULOW, No\u00e9 COUGOULAT, Soen LE BOUEDEC, Lucas LOUSSOUARN, Awen JEZEQUEL, Erell FOUSSADIER, Lukas LOEZIC, Esteban Thomazo-Hanrion, Clement LE BORGNE, Dylan BLANC BIHAN, Louenn LOEZIC, Kylian UHEL-JUHEL, Meddy JOSSO, Thomas FERRANT, Paul CANDHAL, Shane MC KAY et Mathieu FERRANT.<\/p>\n<p>Bravo \u00e0 tous !<\/p>\n<p><span style=\"text-decoration: underline;\"><strong>Classement :<\/strong><\/span><br \/>\n1er OC LOCMINE<br \/>\n2\u00e8me VELOCE VANNETAIS<br \/>\n3\u00e8me UC AURAY<br \/>\n4\u00e8me ACP BAUD<br \/>\n5\u00e8me SC MALESTROIT<br \/>\n6\u00e8me HENNEBONT CYCLIME<br \/>\n7\u00e8me EC QUEVEN<br \/>\n8\u00e8me EC PLUVIGNER<br \/>\n9\u00e8me AC LANESTER 56<br \/>\n10 \u00e8me VC PONTIVY<br \/>\n11\u00e8me UC INGUINIEL<br \/>\n12\u00e8me VC LANGUIDIC<br \/>\n13\u00e8me UCP JOSSELIN<\/p>\n<p style=\"text-align: justify;\"><!-- default-view.php -->\n<div\n\tclass=\"ngg-galleryoverview default-view\n\t ngg-ajax-pagination-none\t\"\n\tid=\"ngg-gallery-26a06a07f51d9388391fa836d142ff17-1\"\n\tdata-nextgen-gallery-id=\"263\"\n\tdata-gallery-id=\"263\"\n\t\tdata-gallery-name=\"Troph\u00e9e 56 EC\"\n\t>\n\n\t\t<!-- Thumbnails -->\n\t\t\t\t<div id=\"ngg-image-0\" class=\"ngg-gallery-thumbnail-box\n\t\t\t\t\t\t\t\t\t\t\t\"\n\t\t\t>\n\t\t\t\t\t\t<div class=\"ngg-gallery-thumbnail\">\n\t\t<a href=\"https:\/\/www.aclanester56.com\/velo\/wp-content\/gallery\/Troph%C3%A9e-56-EC\/trophe-departemental-211.JPG?t=1601040814\"\n\t\t\ttitle=\"\"\n\t\t\tdata-src=\"https:\/\/www.aclanester56.com\/velo\/wp-content\/gallery\/Troph%C3%A9e-56-EC\/trophe-departemental-211.JPG?t=1601040814\"\n\t\t\tdata-thumbnail=\"https:\/\/www.aclanester56.com\/velo\/wp-content\/gallery\/Troph%C3%A9e-56-EC\/thumbs\/thumbs_trophe-departemental-211.JPG?t=1601040814\"\n\t\t\tdata-image-id=\"10371\"\n\t\t\tdata-image-name=\"trophe-departemental-211.JPG\"\n\t\t\tdata-title=\"trophe departemental 211\"\n\t\t\tdata-description=\"\"\n\t\t\tdata-image-slug=\"trophe-departemental-211\"\n\t\t\t\t\t\t\t\t\t\t\t\t\t\t\t\t\t\t\t\tclass=\"ngg-simplelightbox\" rel=\"26a06a07f51d9388391fa836d142ff17\">\n\t\t\t\t\t\t\t\t<img\n\t\t\t\t\ttitle=\"trophe departemental 211\"\n\t\t\t\t\talt=\"trophe departemental 211\"\n\t\t\t\t\tsrc=\"https:\/\/www.aclanester56.com\/velo\/wp-content\/gallery\/Troph%C3%A9e-56-EC\/thumbs\/thumbs_trophe-departemental-211.JPG?t=1601040814\"\n\t\t\t\t\twidth=\"100\"\n\t\t\t\t\theight=\"100\"\n\t\t\t\t\tstyle=\"max-width:100%;\"\n\t\t\t\t\/>\n\t\t\t<\/a>\n\t\t<\/div>\n\t\t\t\t\t\t\t<\/div>\n\t\t\t\n\t\t\t\t<div id=\"ngg-image-1\" class=\"ngg-gallery-thumbnail-box\n\t\t\t\t\t\t\t\t\t\t\t\"\n\t\t\t>\n\t\t\t\t\t\t<div class=\"ngg-gallery-thumbnail\">\n\t\t<a href=\"https:\/\/www.aclanester56.com\/velo\/wp-content\/gallery\/Troph%C3%A9e-56-EC\/trophe-departemental-214.JPG?t=1463060889\"\n\t\t\ttitle=\"\"\n\t\t\tdata-src=\"https:\/\/www.aclanester56.com\/velo\/wp-content\/gallery\/Troph%C3%A9e-56-EC\/trophe-departemental-214.JPG?t=1463060889\"\n\t\t\tdata-thumbnail=\"https:\/\/www.aclanester56.com\/velo\/wp-content\/gallery\/Troph%C3%A9e-56-EC\/thumbs\/thumbs_trophe-departemental-214.JPG?t=1463060889\"\n\t\t\tdata-image-id=\"10372\"\n\t\t\tdata-image-name=\"trophe-departemental-214.JPG\"\n\t\t\tdata-title=\"trophe departemental 214\"\n\t\t\tdata-description=\"\"\n\t\t\tdata-image-slug=\"trophe-departemental-214\"\n\t\t\t\t\t\t\t\t\t\t\t\t\t\t\t\t\t\t\t\tclass=\"ngg-simplelightbox\" rel=\"26a06a07f51d9388391fa836d142ff17\">\n\t\t\t\t\t\t\t\t<img\n\t\t\t\t\ttitle=\"trophe departemental 214\"\n\t\t\t\t\talt=\"trophe departemental 214\"\n\t\t\t\t\tsrc=\"https:\/\/www.aclanester56.com\/velo\/wp-content\/gallery\/Troph%C3%A9e-56-EC\/thumbs\/thumbs_trophe-departemental-214.JPG?t=1463060889\"\n\t\t\t\t\twidth=\"100\"\n\t\t\t\t\theight=\"100\"\n\t\t\t\t\tstyle=\"max-width:100%;\"\n\t\t\t\t\/>\n\t\t\t<\/a>\n\t\t<\/div>\n\t\t\t\t\t\t\t<\/div>\n\t\t\t\n\t\t\t\t<div id=\"ngg-image-2\" class=\"ngg-gallery-thumbnail-box\n\t\t\t\t\t\t\t\t\t\t\t\"\n\t\t\t>\n\t\t\t\t\t\t<div class=\"ngg-gallery-thumbnail\">\n\t\t<a href=\"https:\/\/www.aclanester56.com\/velo\/wp-content\/gallery\/Troph%C3%A9e-56-EC\/trophe-departemental-215.JPG?t=1463060913\"\n\t\t\ttitle=\"\"\n\t\t\tdata-src=\"https:\/\/www.aclanester56.com\/velo\/wp-content\/gallery\/Troph%C3%A9e-56-EC\/trophe-departemental-215.JPG?t=1463060913\"\n\t\t\tdata-thumbnail=\"https:\/\/www.aclanester56.com\/velo\/wp-content\/gallery\/Troph%C3%A9e-56-EC\/thumbs\/thumbs_trophe-departemental-215.JPG?t=1463060913\"\n\t\t\tdata-image-id=\"10373\"\n\t\t\tdata-image-name=\"trophe-departemental-215.JPG\"\n\t\t\tdata-title=\"trophe departemental 215\"\n\t\t\tdata-description=\"\"\n\t\t\tdata-image-slug=\"trophe-departemental-215\"\n\t\t\t\t\t\t\t\t\t\t\t\t\t\t\t\t\t\t\t\tclass=\"ngg-simplelightbox\" rel=\"26a06a07f51d9388391fa836d142ff17\">\n\t\t\t\t\t\t\t\t<img\n\t\t\t\t\ttitle=\"trophe departemental 215\"\n\t\t\t\t\talt=\"trophe departemental 215\"\n\t\t\t\t\tsrc=\"https:\/\/www.aclanester56.com\/velo\/wp-content\/gallery\/Troph%C3%A9e-56-EC\/thumbs\/thumbs_trophe-departemental-215.JPG?t=1463060913\"\n\t\t\t\t\twidth=\"100\"\n\t\t\t\t\theight=\"100\"\n\t\t\t\t\tstyle=\"max-width:100%;\"\n\t\t\t\t\/>\n\t\t\t<\/a>\n\t\t<\/div>\n\t\t\t\t\t\t\t<\/div>\n\t\t\t\n\t\t\t\t<div id=\"ngg-image-3\" class=\"ngg-gallery-thumbnail-box\n\t\t\t\t\t\t\t\t\t\t\t\"\n\t\t\t>\n\t\t\t\t\t\t<div class=\"ngg-gallery-thumbnail\">\n\t\t<a href=\"https:\/\/www.aclanester56.com\/velo\/wp-content\/gallery\/Troph%C3%A9e-56-EC\/trophe-departemental-218.JPG?t=1463060932\"\n\t\t\ttitle=\"\"\n\t\t\tdata-src=\"https:\/\/www.aclanester56.com\/velo\/wp-content\/gallery\/Troph%C3%A9e-56-EC\/trophe-departemental-218.JPG?t=1463060932\"\n\t\t\tdata-thumbnail=\"https:\/\/www.aclanester56.com\/velo\/wp-content\/gallery\/Troph%C3%A9e-56-EC\/thumbs\/thumbs_trophe-departemental-218.JPG?t=1463060932\"\n\t\t\tdata-image-id=\"10374\"\n\t\t\tdata-image-name=\"trophe-departemental-218.JPG\"\n\t\t\tdata-title=\"trophe departemental 218\"\n\t\t\tdata-description=\"\"\n\t\t\tdata-image-slug=\"trophe-departemental-218\"\n\t\t\t\t\t\t\t\t\t\t\t\t\t\t\t\t\t\t\t\tclass=\"ngg-simplelightbox\" rel=\"26a06a07f51d9388391fa836d142ff17\">\n\t\t\t\t\t\t\t\t<img\n\t\t\t\t\ttitle=\"trophe departemental 218\"\n\t\t\t\t\talt=\"trophe departemental 218\"\n\t\t\t\t\tsrc=\"https:\/\/www.aclanester56.com\/velo\/wp-content\/gallery\/Troph%C3%A9e-56-EC\/thumbs\/thumbs_trophe-departemental-218.JPG?t=1463060932\"\n\t\t\t\t\twidth=\"100\"\n\t\t\t\t\theight=\"100\"\n\t\t\t\t\tstyle=\"max-width:100%;\"\n\t\t\t\t\/>\n\t\t\t<\/a>\n\t\t<\/div>\n\t\t\t\t\t\t\t<\/div>\n\t\t\t\n\t\t\t\t<div id=\"ngg-image-4\" class=\"ngg-gallery-thumbnail-box\n\t\t\t\t\t\t\t\t\t\t\t\"\n\t\t\t>\n\t\t\t\t\t\t<div class=\"ngg-gallery-thumbnail\">\n\t\t<a href=\"https:\/\/www.aclanester56.com\/velo\/wp-content\/gallery\/Troph%C3%A9e-56-EC\/trophe-departemental-219.JPG?t=1463060959\"\n\t\t\ttitle=\"\"\n\t\t\tdata-src=\"https:\/\/www.aclanester56.com\/velo\/wp-content\/gallery\/Troph%C3%A9e-56-EC\/trophe-departemental-219.JPG?t=1463060959\"\n\t\t\tdata-thumbnail=\"https:\/\/www.aclanester56.com\/velo\/wp-content\/gallery\/Troph%C3%A9e-56-EC\/thumbs\/thumbs_trophe-departemental-219.JPG?t=1463060959\"\n\t\t\tdata-image-id=\"10375\"\n\t\t\tdata-image-name=\"trophe-departemental-219.JPG\"\n\t\t\tdata-title=\"trophe departemental 219\"\n\t\t\tdata-description=\"\"\n\t\t\tdata-image-slug=\"trophe-departemental-219\"\n\t\t\t\t\t\t\t\t\t\t\t\t\t\t\t\t\t\t\t\tclass=\"ngg-simplelightbox\" rel=\"26a06a07f51d9388391fa836d142ff17\">\n\t\t\t\t\t\t\t\t<img\n\t\t\t\t\ttitle=\"trophe departemental 219\"\n\t\t\t\t\talt=\"trophe departemental 219\"\n\t\t\t\t\tsrc=\"https:\/\/www.aclanester56.com\/velo\/wp-content\/gallery\/Troph%C3%A9e-56-EC\/thumbs\/thumbs_trophe-departemental-219.JPG?t=1463060959\"\n\t\t\t\t\twidth=\"100\"\n\t\t\t\t\theight=\"100\"\n\t\t\t\t\tstyle=\"max-width:100%;\"\n\t\t\t\t\/>\n\t\t\t<\/a>\n\t\t<\/div>\n\t\t\t\t\t\t\t<\/div>\n\t\t\t\n\t\n\t<br style=\"clear: both\" \/>\n\n\t\n\t\t<div class=\"ngg-clear\"><\/div>\n\t<\/div>\n<\/p>\n","protected":false},"excerpt":{"rendered":"","protected":false},"author":14,"featured_media":28386,"comment_status":"open","ping_status":"open","sticky":false,"template":"","format":"standard","meta":{"ngg_post_thumbnail":0,"footnotes":""},"categories":[5,24],"tags":[],"class_list":["post-28385","post","type-post","status-publish","format-standard","has-post-thumbnail","hentry","category-ac-lanester-56","category-resultats-ecole-de-cyclisme"],"yoast_head":"<!-- This site is optimized with the Yoast SEO plugin v27.5 - https:\/\/yoast.com\/product\/yoast-seo-wordpress\/ -->\n<title>L&#039;AC Lanester 56 au Troph\u00e9e D\u00e9partemental des Ecoles de Cyclisme - Avenir Cycliste Lanester 56<\/title>\n<meta name=\"robots\" content=\"index, follow, max-snippet:-1, max-image-preview:large, max-video-preview:-1\" \/>\n<link rel=\"canonical\" href=\"https:\/\/www.aclanester56.com\/velo\/lac-lanester-56-trophee-departemental-ecoles-de-cyclisme\/\" \/>\n<meta property=\"og:locale\" content=\"fr_FR\" \/>\n<meta property=\"og:type\" content=\"article\" \/>\n<meta property=\"og:title\" content=\"L&#039;AC Lanester 56 au Troph\u00e9e D\u00e9partemental des Ecoles de Cyclisme - Avenir Cycliste Lanester 56\" \/>\n<meta property=\"og:url\" content=\"https:\/\/www.aclanester56.com\/velo\/lac-lanester-56-trophee-departemental-ecoles-de-cyclisme\/\" \/>\n<meta property=\"og:site_name\" content=\"Avenir Cycliste Lanester 56\" \/>\n<meta property=\"article:publisher\" content=\"https:\/\/www.facebook.com\/pages\/AC-Lanester-56\/190286300991242?fref=ts\" \/>\n<meta property=\"article:published_time\" content=\"2016-05-12T13:50:41+00:00\" \/>\n<meta property=\"article:modified_time\" content=\"2016-05-12T13:51:31+00:00\" \/>\n<meta property=\"og:image\" content=\"https:\/\/www.aclanester56.com\/velo\/wp-content\/uploads\/2016\/05\/trophe-departemental-211-Copie.jpg\" \/>\n\t<meta property=\"og:image:width\" content=\"880\" \/>\n\t<meta property=\"og:image:height\" content=\"450\" \/>\n\t<meta property=\"og:image:type\" content=\"image\/jpeg\" \/>\n<meta name=\"author\" content=\"Jean-Christophe\" \/>\n<meta name=\"twitter:label1\" content=\"\u00c9crit par\" \/>\n\t<meta name=\"twitter:data1\" content=\"Jean-Christophe\" \/>\n\t<meta name=\"twitter:label2\" content=\"Dur\u00e9e de lecture estim\u00e9e\" \/>\n\t<meta name=\"twitter:data2\" content=\"1 minute\" \/>\n<script type=\"application\/ld+json\" class=\"yoast-schema-graph\">{\"@context\":\"https:\\\/\\\/schema.org\",\"@graph\":[{\"@type\":\"Article\",\"@id\":\"https:\\\/\\\/www.aclanester56.com\\\/velo\\\/lac-lanester-56-trophee-departemental-ecoles-de-cyclisme\\\/#article\",\"isPartOf\":{\"@id\":\"https:\\\/\\\/www.aclanester56.com\\\/velo\\\/lac-lanester-56-trophee-departemental-ecoles-de-cyclisme\\\/\"},\"author\":{\"name\":\"Jean-Christophe\",\"@id\":\"https:\\\/\\\/www.aclanester56.com\\\/velo\\\/#\\\/schema\\\/person\\\/ca2a44a5fd969e9dd846c72d3b33bc01\"},\"headline\":\"L&rsquo;AC Lanester 56 au Troph\u00e9e D\u00e9partemental des Ecoles de Cyclisme\",\"datePublished\":\"2016-05-12T13:50:41+00:00\",\"dateModified\":\"2016-05-12T13:51:31+00:00\",\"mainEntityOfPage\":{\"@id\":\"https:\\\/\\\/www.aclanester56.com\\\/velo\\\/lac-lanester-56-trophee-departemental-ecoles-de-cyclisme\\\/\"},\"wordCount\":181,\"commentCount\":0,\"publisher\":{\"@id\":\"https:\\\/\\\/www.aclanester56.com\\\/velo\\\/#organization\"},\"image\":{\"@id\":\"https:\\\/\\\/www.aclanester56.com\\\/velo\\\/lac-lanester-56-trophee-departemental-ecoles-de-cyclisme\\\/#primaryimage\"},\"thumbnailUrl\":\"https:\\\/\\\/www.aclanester56.com\\\/velo\\\/wp-content\\\/uploads\\\/2016\\\/05\\\/trophe-departemental-211-Copie.jpg\",\"articleSection\":[\"AC LANESTER 56\",\"R\u00e9sultats Ecole de cyclisme\"],\"inLanguage\":\"fr-FR\",\"potentialAction\":[{\"@type\":\"CommentAction\",\"name\":\"Comment\",\"target\":[\"https:\\\/\\\/www.aclanester56.com\\\/velo\\\/lac-lanester-56-trophee-departemental-ecoles-de-cyclisme\\\/#respond\"]}]},{\"@type\":\"WebPage\",\"@id\":\"https:\\\/\\\/www.aclanester56.com\\\/velo\\\/lac-lanester-56-trophee-departemental-ecoles-de-cyclisme\\\/\",\"url\":\"https:\\\/\\\/www.aclanester56.com\\\/velo\\\/lac-lanester-56-trophee-departemental-ecoles-de-cyclisme\\\/\",\"name\":\"L'AC Lanester 56 au Troph\u00e9e D\u00e9partemental des Ecoles de Cyclisme - Avenir Cycliste Lanester 56\",\"isPartOf\":{\"@id\":\"https:\\\/\\\/www.aclanester56.com\\\/velo\\\/#website\"},\"primaryImageOfPage\":{\"@id\":\"https:\\\/\\\/www.aclanester56.com\\\/velo\\\/lac-lanester-56-trophee-departemental-ecoles-de-cyclisme\\\/#primaryimage\"},\"image\":{\"@id\":\"https:\\\/\\\/www.aclanester56.com\\\/velo\\\/lac-lanester-56-trophee-departemental-ecoles-de-cyclisme\\\/#primaryimage\"},\"thumbnailUrl\":\"https:\\\/\\\/www.aclanester56.com\\\/velo\\\/wp-content\\\/uploads\\\/2016\\\/05\\\/trophe-departemental-211-Copie.jpg\",\"datePublished\":\"2016-05-12T13:50:41+00:00\",\"dateModified\":\"2016-05-12T13:51:31+00:00\",\"inLanguage\":\"fr-FR\",\"potentialAction\":[{\"@type\":\"ReadAction\",\"target\":[\"https:\\\/\\\/www.aclanester56.com\\\/velo\\\/lac-lanester-56-trophee-departemental-ecoles-de-cyclisme\\\/\"]}]},{\"@type\":\"ImageObject\",\"inLanguage\":\"fr-FR\",\"@id\":\"https:\\\/\\\/www.aclanester56.com\\\/velo\\\/lac-lanester-56-trophee-departemental-ecoles-de-cyclisme\\\/#primaryimage\",\"url\":\"https:\\\/\\\/www.aclanester56.com\\\/velo\\\/wp-content\\\/uploads\\\/2016\\\/05\\\/trophe-departemental-211-Copie.jpg\",\"contentUrl\":\"https:\\\/\\\/www.aclanester56.com\\\/velo\\\/wp-content\\\/uploads\\\/2016\\\/05\\\/trophe-departemental-211-Copie.jpg\",\"width\":880,\"height\":450},{\"@type\":\"WebSite\",\"@id\":\"https:\\\/\\\/www.aclanester56.com\\\/velo\\\/#website\",\"url\":\"https:\\\/\\\/www.aclanester56.com\\\/velo\\\/\",\"name\":\"Avenir Cycliste Lanester 56\",\"description\":\"Club cycliste de l&#039;AC LANESTER 56\",\"publisher\":{\"@id\":\"https:\\\/\\\/www.aclanester56.com\\\/velo\\\/#organization\"},\"potentialAction\":[{\"@type\":\"SearchAction\",\"target\":{\"@type\":\"EntryPoint\",\"urlTemplate\":\"https:\\\/\\\/www.aclanester56.com\\\/velo\\\/?s={search_term_string}\"},\"query-input\":{\"@type\":\"PropertyValueSpecification\",\"valueRequired\":true,\"valueName\":\"search_term_string\"}}],\"inLanguage\":\"fr-FR\"},{\"@type\":\"Organization\",\"@id\":\"https:\\\/\\\/www.aclanester56.com\\\/velo\\\/#organization\",\"name\":\"Avenir Cycliste Lanester 56\",\"url\":\"https:\\\/\\\/www.aclanester56.com\\\/velo\\\/\",\"logo\":{\"@type\":\"ImageObject\",\"inLanguage\":\"fr-FR\",\"@id\":\"https:\\\/\\\/www.aclanester56.com\\\/velo\\\/#\\\/schema\\\/logo\\\/image\\\/\",\"url\":\"https:\\\/\\\/www.aclanester56.com\\\/velo\\\/wp-content\\\/uploads\\\/2013\\\/04\\\/logo-ACL.jpg\",\"contentUrl\":\"https:\\\/\\\/www.aclanester56.com\\\/velo\\\/wp-content\\\/uploads\\\/2013\\\/04\\\/logo-ACL.jpg\",\"width\":400,\"height\":334,\"caption\":\"Avenir Cycliste Lanester 56\"},\"image\":{\"@id\":\"https:\\\/\\\/www.aclanester56.com\\\/velo\\\/#\\\/schema\\\/logo\\\/image\\\/\"},\"sameAs\":[\"https:\\\/\\\/www.facebook.com\\\/pages\\\/AC-Lanester-56\\\/190286300991242?fref=ts\"]},{\"@type\":\"Person\",\"@id\":\"https:\\\/\\\/www.aclanester56.com\\\/velo\\\/#\\\/schema\\\/person\\\/ca2a44a5fd969e9dd846c72d3b33bc01\",\"name\":\"Jean-Christophe\",\"url\":\"https:\\\/\\\/www.aclanester56.com\\\/velo\\\/author\\\/jeanchristophe\\\/\"}]}<\/script>\n<!-- \/ Yoast SEO plugin. -->","yoast_head_json":{"title":"L'AC Lanester 56 au Troph\u00e9e D\u00e9partemental des Ecoles de Cyclisme - Avenir Cycliste Lanester 56","robots":{"index":"index","follow":"follow","max-snippet":"max-snippet:-1","max-image-preview":"max-image-preview:large","max-video-preview":"max-video-preview:-1"},"canonical":"https:\/\/www.aclanester56.com\/velo\/lac-lanester-56-trophee-departemental-ecoles-de-cyclisme\/","og_locale":"fr_FR","og_type":"article","og_title":"L'AC Lanester 56 au Troph\u00e9e D\u00e9partemental des Ecoles de Cyclisme - Avenir Cycliste Lanester 56","og_url":"https:\/\/www.aclanester56.com\/velo\/lac-lanester-56-trophee-departemental-ecoles-de-cyclisme\/","og_site_name":"Avenir Cycliste Lanester 56","article_publisher":"https:\/\/www.facebook.com\/pages\/AC-Lanester-56\/190286300991242?fref=ts","article_published_time":"2016-05-12T13:50:41+00:00","article_modified_time":"2016-05-12T13:51:31+00:00","og_image":[{"width":880,"height":450,"url":"https:\/\/www.aclanester56.com\/velo\/wp-content\/uploads\/2016\/05\/trophe-departemental-211-Copie.jpg","type":"image\/jpeg"}],"author":"Jean-Christophe","twitter_misc":{"\u00c9crit par":"Jean-Christophe","Dur\u00e9e de lecture estim\u00e9e":"1 minute"},"schema":{"@context":"https:\/\/schema.org","@graph":[{"@type":"Article","@id":"https:\/\/www.aclanester56.com\/velo\/lac-lanester-56-trophee-departemental-ecoles-de-cyclisme\/#article","isPartOf":{"@id":"https:\/\/www.aclanester56.com\/velo\/lac-lanester-56-trophee-departemental-ecoles-de-cyclisme\/"},"author":{"name":"Jean-Christophe","@id":"https:\/\/www.aclanester56.com\/velo\/#\/schema\/person\/ca2a44a5fd969e9dd846c72d3b33bc01"},"headline":"L&rsquo;AC Lanester 56 au Troph\u00e9e D\u00e9partemental des Ecoles de Cyclisme","datePublished":"2016-05-12T13:50:41+00:00","dateModified":"2016-05-12T13:51:31+00:00","mainEntityOfPage":{"@id":"https:\/\/www.aclanester56.com\/velo\/lac-lanester-56-trophee-departemental-ecoles-de-cyclisme\/"},"wordCount":181,"commentCount":0,"publisher":{"@id":"https:\/\/www.aclanester56.com\/velo\/#organization"},"image":{"@id":"https:\/\/www.aclanester56.com\/velo\/lac-lanester-56-trophee-departemental-ecoles-de-cyclisme\/#primaryimage"},"thumbnailUrl":"https:\/\/www.aclanester56.com\/velo\/wp-content\/uploads\/2016\/05\/trophe-departemental-211-Copie.jpg","articleSection":["AC LANESTER 56","R\u00e9sultats Ecole de cyclisme"],"inLanguage":"fr-FR","potentialAction":[{"@type":"CommentAction","name":"Comment","target":["https:\/\/www.aclanester56.com\/velo\/lac-lanester-56-trophee-departemental-ecoles-de-cyclisme\/#respond"]}]},{"@type":"WebPage","@id":"https:\/\/www.aclanester56.com\/velo\/lac-lanester-56-trophee-departemental-ecoles-de-cyclisme\/","url":"https:\/\/www.aclanester56.com\/velo\/lac-lanester-56-trophee-departemental-ecoles-de-cyclisme\/","name":"L'AC Lanester 56 au Troph\u00e9e D\u00e9partemental des Ecoles de Cyclisme - Avenir Cycliste Lanester 56","isPartOf":{"@id":"https:\/\/www.aclanester56.com\/velo\/#website"},"primaryImageOfPage":{"@id":"https:\/\/www.aclanester56.com\/velo\/lac-lanester-56-trophee-departemental-ecoles-de-cyclisme\/#primaryimage"},"image":{"@id":"https:\/\/www.aclanester56.com\/velo\/lac-lanester-56-trophee-departemental-ecoles-de-cyclisme\/#primaryimage"},"thumbnailUrl":"https:\/\/www.aclanester56.com\/velo\/wp-content\/uploads\/2016\/05\/trophe-departemental-211-Copie.jpg","datePublished":"2016-05-12T13:50:41+00:00","dateModified":"2016-05-12T13:51:31+00:00","inLanguage":"fr-FR","potentialAction":[{"@type":"ReadAction","target":["https:\/\/www.aclanester56.com\/velo\/lac-lanester-56-trophee-departemental-ecoles-de-cyclisme\/"]}]},{"@type":"ImageObject","inLanguage":"fr-FR","@id":"https:\/\/www.aclanester56.com\/velo\/lac-lanester-56-trophee-departemental-ecoles-de-cyclisme\/#primaryimage","url":"https:\/\/www.aclanester56.com\/velo\/wp-content\/uploads\/2016\/05\/trophe-departemental-211-Copie.jpg","contentUrl":"https:\/\/www.aclanester56.com\/velo\/wp-content\/uploads\/2016\/05\/trophe-departemental-211-Copie.jpg","width":880,"height":450},{"@type":"WebSite","@id":"https:\/\/www.aclanester56.com\/velo\/#website","url":"https:\/\/www.aclanester56.com\/velo\/","name":"Avenir Cycliste Lanester 56","description":"Club cycliste de l&#039;AC LANESTER 56","publisher":{"@id":"https:\/\/www.aclanester56.com\/velo\/#organization"},"potentialAction":[{"@type":"SearchAction","target":{"@type":"EntryPoint","urlTemplate":"https:\/\/www.aclanester56.com\/velo\/?s={search_term_string}"},"query-input":{"@type":"PropertyValueSpecification","valueRequired":true,"valueName":"search_term_string"}}],"inLanguage":"fr-FR"},{"@type":"Organization","@id":"https:\/\/www.aclanester56.com\/velo\/#organization","name":"Avenir Cycliste Lanester 56","url":"https:\/\/www.aclanester56.com\/velo\/","logo":{"@type":"ImageObject","inLanguage":"fr-FR","@id":"https:\/\/www.aclanester56.com\/velo\/#\/schema\/logo\/image\/","url":"https:\/\/www.aclanester56.com\/velo\/wp-content\/uploads\/2013\/04\/logo-ACL.jpg","contentUrl":"https:\/\/www.aclanester56.com\/velo\/wp-content\/uploads\/2013\/04\/logo-ACL.jpg","width":400,"height":334,"caption":"Avenir Cycliste Lanester 56"},"image":{"@id":"https:\/\/www.aclanester56.com\/velo\/#\/schema\/logo\/image\/"},"sameAs":["https:\/\/www.facebook.com\/pages\/AC-Lanester-56\/190286300991242?fref=ts"]},{"@type":"Person","@id":"https:\/\/www.aclanester56.com\/velo\/#\/schema\/person\/ca2a44a5fd969e9dd846c72d3b33bc01","name":"Jean-Christophe","url":"https:\/\/www.aclanester56.com\/velo\/author\/jeanchristophe\/"}]}},"_links":{"self":[{"href":"https:\/\/www.aclanester56.com\/velo\/wp-json\/wp\/v2\/posts\/28385","targetHints":{"allow":["GET"]}}],"collection":[{"href":"https:\/\/www.aclanester56.com\/velo\/wp-json\/wp\/v2\/posts"}],"about":[{"href":"https:\/\/www.aclanester56.com\/velo\/wp-json\/wp\/v2\/types\/post"}],"author":[{"embeddable":true,"href":"https:\/\/www.aclanester56.com\/velo\/wp-json\/wp\/v2\/users\/14"}],"replies":[{"embeddable":true,"href":"https:\/\/www.aclanester56.com\/velo\/wp-json\/wp\/v2\/comments?post=28385"}],"version-history":[{"count":2,"href":"https:\/\/www.aclanester56.com\/velo\/wp-json\/wp\/v2\/posts\/28385\/revisions"}],"predecessor-version":[{"id":28401,"href":"https:\/\/www.aclanester56.com\/velo\/wp-json\/wp\/v2\/posts\/28385\/revisions\/28401"}],"wp:featuredmedia":[{"embeddable":true,"href":"https:\/\/www.aclanester56.com\/velo\/wp-json\/wp\/v2\/media\/28386"}],"wp:attachment":[{"href":"https:\/\/www.aclanester56.com\/velo\/wp-json\/wp\/v2\/media?parent=28385"}],"wp:term":[{"taxonomy":"category","embeddable":true,"href":"https:\/\/www.aclanester56.com\/velo\/wp-json\/wp\/v2\/categories?post=28385"},{"taxonomy":"post_tag","embeddable":true,"href":"https:\/\/www.aclanester56.com\/velo\/wp-json\/wp\/v2\/tags?post=28385"}],"curies":[{"name":"wp","href":"https:\/\/api.w.org\/{rel}","templated":true}]}}