{"id":28477,"date":"2016-05-23T20:46:09","date_gmt":"2016-05-23T19:46:09","guid":{"rendered":"http:\/\/www.aclanester56.com\/velo\/?p=28477"},"modified":"2016-05-23T20:46:09","modified_gmt":"2016-05-23T19:46:09","slug":"excellents-resultats-lanesteriens-week-end-dernier","status":"publish","type":"post","link":"https:\/\/www.aclanester56.com\/velo\/excellents-resultats-lanesteriens-week-end-dernier\/","title":{"rendered":"Excellents r\u00e9sultats des Lanest\u00e9riens le week-end dernier !"},"content":{"rendered":"<p><!--more--><\/p>\n<p style=\"text-align: justify;\">Les jeunes coureurs de l&rsquo;AC Lanester 56 ont brill\u00e9 samedi sur les championnats de Bretagne sur piste (<a href=\"http:\/\/www.aclanester56.com\/velo\/championnats-de-bretagne-piste-plusieurs-maillots-a-hermine-lac-lanester-56\/\" target=\"_blank\">lire ici<\/a>), mais leurs co\u00e9quipiers se sont \u00e9galement mis en \u00e9vidence durant le week-end !<\/p>\n<p style=\"text-align: justify;\">A Loud\u00e9ac chez les Cadets, Charles Le Crom enregistre son tout premier podium, avec une belle 2\u00e8me place, tandis qu&rsquo;Ewen Le Chenadec termine 19\u00e8me.<\/p>\n<p style=\"text-align: justify;\">Sur l&rsquo;\u00e9preuve Juniors de Land\u00e9vant, nos jeunes se sont particuli\u00e8rement illustr\u00e9s puisqu&rsquo;on retrouve 4 Lanest\u00e9riens dans le top 15 ! Dylan Audic est 2\u00e8me, Axel Justum 5\u00e8me, Antoine Le Chenadec 7\u00e8me et Victor Le Crom 13\u00e8me !<\/p>\n","protected":false},"excerpt":{"rendered":"","protected":false},"author":14,"featured_media":28478,"comment_status":"open","ping_status":"open","sticky":false,"template":"","format":"standard","meta":{"ngg_post_thumbnail":0,"footnotes":""},"categories":[5,16,21],"tags":[],"class_list":["post-28477","post","type-post","status-publish","format-standard","has-post-thumbnail","hentry","category-ac-lanester-56","category-resultats","category-resultats-juniors"],"yoast_head":"<!-- This site is optimized with the Yoast SEO plugin v27.5 - https:\/\/yoast.com\/product\/yoast-seo-wordpress\/ -->\n<title>Excellents r\u00e9sultats des Lanest\u00e9riens le week-end dernier ! - Avenir Cycliste Lanester 56<\/title>\n<meta name=\"robots\" content=\"index, follow, max-snippet:-1, max-image-preview:large, max-video-preview:-1\" \/>\n<link rel=\"canonical\" href=\"https:\/\/www.aclanester56.com\/velo\/excellents-resultats-lanesteriens-week-end-dernier\/\" \/>\n<meta property=\"og:locale\" content=\"fr_FR\" \/>\n<meta property=\"og:type\" content=\"article\" \/>\n<meta property=\"og:title\" content=\"Excellents r\u00e9sultats des Lanest\u00e9riens le week-end dernier ! - Avenir Cycliste Lanester 56\" \/>\n<meta property=\"og:url\" content=\"https:\/\/www.aclanester56.com\/velo\/excellents-resultats-lanesteriens-week-end-dernier\/\" \/>\n<meta property=\"og:site_name\" content=\"Avenir Cycliste Lanester 56\" \/>\n<meta property=\"article:publisher\" content=\"https:\/\/www.facebook.com\/pages\/AC-Lanester-56\/190286300991242?fref=ts\" \/>\n<meta property=\"article:published_time\" content=\"2016-05-23T19:46:09+00:00\" \/>\n<meta property=\"og:image\" content=\"https:\/\/www.aclanester56.com\/velo\/wp-content\/uploads\/2016\/05\/IMG_0794-Copie.jpg\" \/>\n\t<meta property=\"og:image:width\" content=\"880\" \/>\n\t<meta property=\"og:image:height\" content=\"450\" \/>\n\t<meta property=\"og:image:type\" content=\"image\/jpeg\" \/>\n<meta name=\"author\" content=\"Jean-Christophe\" \/>\n<meta name=\"twitter:label1\" content=\"\u00c9crit par\" \/>\n\t<meta name=\"twitter:data1\" content=\"Jean-Christophe\" \/>\n<script type=\"application\/ld+json\" class=\"yoast-schema-graph\">{\"@context\":\"https:\\\/\\\/schema.org\",\"@graph\":[{\"@type\":\"Article\",\"@id\":\"https:\\\/\\\/www.aclanester56.com\\\/velo\\\/excellents-resultats-lanesteriens-week-end-dernier\\\/#article\",\"isPartOf\":{\"@id\":\"https:\\\/\\\/www.aclanester56.com\\\/velo\\\/excellents-resultats-lanesteriens-week-end-dernier\\\/\"},\"author\":{\"name\":\"Jean-Christophe\",\"@id\":\"https:\\\/\\\/www.aclanester56.com\\\/velo\\\/#\\\/schema\\\/person\\\/ca2a44a5fd969e9dd846c72d3b33bc01\"},\"headline\":\"Excellents r\u00e9sultats des Lanest\u00e9riens le week-end dernier !\",\"datePublished\":\"2016-05-23T19:46:09+00:00\",\"mainEntityOfPage\":{\"@id\":\"https:\\\/\\\/www.aclanester56.com\\\/velo\\\/excellents-resultats-lanesteriens-week-end-dernier\\\/\"},\"wordCount\":103,\"commentCount\":0,\"publisher\":{\"@id\":\"https:\\\/\\\/www.aclanester56.com\\\/velo\\\/#organization\"},\"image\":{\"@id\":\"https:\\\/\\\/www.aclanester56.com\\\/velo\\\/excellents-resultats-lanesteriens-week-end-dernier\\\/#primaryimage\"},\"thumbnailUrl\":\"https:\\\/\\\/www.aclanester56.com\\\/velo\\\/wp-content\\\/uploads\\\/2016\\\/05\\\/IMG_0794-Copie.jpg\",\"articleSection\":[\"AC LANESTER 56\",\"R\u00e9sultats\",\"R\u00e9sultats Juniors\"],\"inLanguage\":\"fr-FR\",\"potentialAction\":[{\"@type\":\"CommentAction\",\"name\":\"Comment\",\"target\":[\"https:\\\/\\\/www.aclanester56.com\\\/velo\\\/excellents-resultats-lanesteriens-week-end-dernier\\\/#respond\"]}]},{\"@type\":\"WebPage\",\"@id\":\"https:\\\/\\\/www.aclanester56.com\\\/velo\\\/excellents-resultats-lanesteriens-week-end-dernier\\\/\",\"url\":\"https:\\\/\\\/www.aclanester56.com\\\/velo\\\/excellents-resultats-lanesteriens-week-end-dernier\\\/\",\"name\":\"Excellents r\u00e9sultats des Lanest\u00e9riens le week-end dernier ! - Avenir Cycliste Lanester 56\",\"isPartOf\":{\"@id\":\"https:\\\/\\\/www.aclanester56.com\\\/velo\\\/#website\"},\"primaryImageOfPage\":{\"@id\":\"https:\\\/\\\/www.aclanester56.com\\\/velo\\\/excellents-resultats-lanesteriens-week-end-dernier\\\/#primaryimage\"},\"image\":{\"@id\":\"https:\\\/\\\/www.aclanester56.com\\\/velo\\\/excellents-resultats-lanesteriens-week-end-dernier\\\/#primaryimage\"},\"thumbnailUrl\":\"https:\\\/\\\/www.aclanester56.com\\\/velo\\\/wp-content\\\/uploads\\\/2016\\\/05\\\/IMG_0794-Copie.jpg\",\"datePublished\":\"2016-05-23T19:46:09+00:00\",\"inLanguage\":\"fr-FR\",\"potentialAction\":[{\"@type\":\"ReadAction\",\"target\":[\"https:\\\/\\\/www.aclanester56.com\\\/velo\\\/excellents-resultats-lanesteriens-week-end-dernier\\\/\"]}]},{\"@type\":\"ImageObject\",\"inLanguage\":\"fr-FR\",\"@id\":\"https:\\\/\\\/www.aclanester56.com\\\/velo\\\/excellents-resultats-lanesteriens-week-end-dernier\\\/#primaryimage\",\"url\":\"https:\\\/\\\/www.aclanester56.com\\\/velo\\\/wp-content\\\/uploads\\\/2016\\\/05\\\/IMG_0794-Copie.jpg\",\"contentUrl\":\"https:\\\/\\\/www.aclanester56.com\\\/velo\\\/wp-content\\\/uploads\\\/2016\\\/05\\\/IMG_0794-Copie.jpg\",\"width\":880,\"height\":450},{\"@type\":\"WebSite\",\"@id\":\"https:\\\/\\\/www.aclanester56.com\\\/velo\\\/#website\",\"url\":\"https:\\\/\\\/www.aclanester56.com\\\/velo\\\/\",\"name\":\"Avenir Cycliste Lanester 56\",\"description\":\"Club cycliste de l&#039;AC LANESTER 56\",\"publisher\":{\"@id\":\"https:\\\/\\\/www.aclanester56.com\\\/velo\\\/#organization\"},\"potentialAction\":[{\"@type\":\"SearchAction\",\"target\":{\"@type\":\"EntryPoint\",\"urlTemplate\":\"https:\\\/\\\/www.aclanester56.com\\\/velo\\\/?s={search_term_string}\"},\"query-input\":{\"@type\":\"PropertyValueSpecification\",\"valueRequired\":true,\"valueName\":\"search_term_string\"}}],\"inLanguage\":\"fr-FR\"},{\"@type\":\"Organization\",\"@id\":\"https:\\\/\\\/www.aclanester56.com\\\/velo\\\/#organization\",\"name\":\"Avenir Cycliste Lanester 56\",\"url\":\"https:\\\/\\\/www.aclanester56.com\\\/velo\\\/\",\"logo\":{\"@type\":\"ImageObject\",\"inLanguage\":\"fr-FR\",\"@id\":\"https:\\\/\\\/www.aclanester56.com\\\/velo\\\/#\\\/schema\\\/logo\\\/image\\\/\",\"url\":\"https:\\\/\\\/www.aclanester56.com\\\/velo\\\/wp-content\\\/uploads\\\/2013\\\/04\\\/logo-ACL.jpg\",\"contentUrl\":\"https:\\\/\\\/www.aclanester56.com\\\/velo\\\/wp-content\\\/uploads\\\/2013\\\/04\\\/logo-ACL.jpg\",\"width\":400,\"height\":334,\"caption\":\"Avenir Cycliste Lanester 56\"},\"image\":{\"@id\":\"https:\\\/\\\/www.aclanester56.com\\\/velo\\\/#\\\/schema\\\/logo\\\/image\\\/\"},\"sameAs\":[\"https:\\\/\\\/www.facebook.com\\\/pages\\\/AC-Lanester-56\\\/190286300991242?fref=ts\"]},{\"@type\":\"Person\",\"@id\":\"https:\\\/\\\/www.aclanester56.com\\\/velo\\\/#\\\/schema\\\/person\\\/ca2a44a5fd969e9dd846c72d3b33bc01\",\"name\":\"Jean-Christophe\",\"url\":\"https:\\\/\\\/www.aclanester56.com\\\/velo\\\/author\\\/jeanchristophe\\\/\"}]}<\/script>\n<!-- \/ Yoast SEO plugin. -->","yoast_head_json":{"title":"Excellents r\u00e9sultats des Lanest\u00e9riens le week-end dernier ! - Avenir Cycliste Lanester 56","robots":{"index":"index","follow":"follow","max-snippet":"max-snippet:-1","max-image-preview":"max-image-preview:large","max-video-preview":"max-video-preview:-1"},"canonical":"https:\/\/www.aclanester56.com\/velo\/excellents-resultats-lanesteriens-week-end-dernier\/","og_locale":"fr_FR","og_type":"article","og_title":"Excellents r\u00e9sultats des Lanest\u00e9riens le week-end dernier ! - Avenir Cycliste Lanester 56","og_url":"https:\/\/www.aclanester56.com\/velo\/excellents-resultats-lanesteriens-week-end-dernier\/","og_site_name":"Avenir Cycliste Lanester 56","article_publisher":"https:\/\/www.facebook.com\/pages\/AC-Lanester-56\/190286300991242?fref=ts","article_published_time":"2016-05-23T19:46:09+00:00","og_image":[{"width":880,"height":450,"url":"https:\/\/www.aclanester56.com\/velo\/wp-content\/uploads\/2016\/05\/IMG_0794-Copie.jpg","type":"image\/jpeg"}],"author":"Jean-Christophe","twitter_misc":{"\u00c9crit par":"Jean-Christophe"},"schema":{"@context":"https:\/\/schema.org","@graph":[{"@type":"Article","@id":"https:\/\/www.aclanester56.com\/velo\/excellents-resultats-lanesteriens-week-end-dernier\/#article","isPartOf":{"@id":"https:\/\/www.aclanester56.com\/velo\/excellents-resultats-lanesteriens-week-end-dernier\/"},"author":{"name":"Jean-Christophe","@id":"https:\/\/www.aclanester56.com\/velo\/#\/schema\/person\/ca2a44a5fd969e9dd846c72d3b33bc01"},"headline":"Excellents r\u00e9sultats des Lanest\u00e9riens le week-end dernier !","datePublished":"2016-05-23T19:46:09+00:00","mainEntityOfPage":{"@id":"https:\/\/www.aclanester56.com\/velo\/excellents-resultats-lanesteriens-week-end-dernier\/"},"wordCount":103,"commentCount":0,"publisher":{"@id":"https:\/\/www.aclanester56.com\/velo\/#organization"},"image":{"@id":"https:\/\/www.aclanester56.com\/velo\/excellents-resultats-lanesteriens-week-end-dernier\/#primaryimage"},"thumbnailUrl":"https:\/\/www.aclanester56.com\/velo\/wp-content\/uploads\/2016\/05\/IMG_0794-Copie.jpg","articleSection":["AC LANESTER 56","R\u00e9sultats","R\u00e9sultats Juniors"],"inLanguage":"fr-FR","potentialAction":[{"@type":"CommentAction","name":"Comment","target":["https:\/\/www.aclanester56.com\/velo\/excellents-resultats-lanesteriens-week-end-dernier\/#respond"]}]},{"@type":"WebPage","@id":"https:\/\/www.aclanester56.com\/velo\/excellents-resultats-lanesteriens-week-end-dernier\/","url":"https:\/\/www.aclanester56.com\/velo\/excellents-resultats-lanesteriens-week-end-dernier\/","name":"Excellents r\u00e9sultats des Lanest\u00e9riens le week-end dernier ! - Avenir Cycliste Lanester 56","isPartOf":{"@id":"https:\/\/www.aclanester56.com\/velo\/#website"},"primaryImageOfPage":{"@id":"https:\/\/www.aclanester56.com\/velo\/excellents-resultats-lanesteriens-week-end-dernier\/#primaryimage"},"image":{"@id":"https:\/\/www.aclanester56.com\/velo\/excellents-resultats-lanesteriens-week-end-dernier\/#primaryimage"},"thumbnailUrl":"https:\/\/www.aclanester56.com\/velo\/wp-content\/uploads\/2016\/05\/IMG_0794-Copie.jpg","datePublished":"2016-05-23T19:46:09+00:00","inLanguage":"fr-FR","potentialAction":[{"@type":"ReadAction","target":["https:\/\/www.aclanester56.com\/velo\/excellents-resultats-lanesteriens-week-end-dernier\/"]}]},{"@type":"ImageObject","inLanguage":"fr-FR","@id":"https:\/\/www.aclanester56.com\/velo\/excellents-resultats-lanesteriens-week-end-dernier\/#primaryimage","url":"https:\/\/www.aclanester56.com\/velo\/wp-content\/uploads\/2016\/05\/IMG_0794-Copie.jpg","contentUrl":"https:\/\/www.aclanester56.com\/velo\/wp-content\/uploads\/2016\/05\/IMG_0794-Copie.jpg","width":880,"height":450},{"@type":"WebSite","@id":"https:\/\/www.aclanester56.com\/velo\/#website","url":"https:\/\/www.aclanester56.com\/velo\/","name":"Avenir Cycliste Lanester 56","description":"Club cycliste de l&#039;AC LANESTER 56","publisher":{"@id":"https:\/\/www.aclanester56.com\/velo\/#organization"},"potentialAction":[{"@type":"SearchAction","target":{"@type":"EntryPoint","urlTemplate":"https:\/\/www.aclanester56.com\/velo\/?s={search_term_string}"},"query-input":{"@type":"PropertyValueSpecification","valueRequired":true,"valueName":"search_term_string"}}],"inLanguage":"fr-FR"},{"@type":"Organization","@id":"https:\/\/www.aclanester56.com\/velo\/#organization","name":"Avenir Cycliste Lanester 56","url":"https:\/\/www.aclanester56.com\/velo\/","logo":{"@type":"ImageObject","inLanguage":"fr-FR","@id":"https:\/\/www.aclanester56.com\/velo\/#\/schema\/logo\/image\/","url":"https:\/\/www.aclanester56.com\/velo\/wp-content\/uploads\/2013\/04\/logo-ACL.jpg","contentUrl":"https:\/\/www.aclanester56.com\/velo\/wp-content\/uploads\/2013\/04\/logo-ACL.jpg","width":400,"height":334,"caption":"Avenir Cycliste Lanester 56"},"image":{"@id":"https:\/\/www.aclanester56.com\/velo\/#\/schema\/logo\/image\/"},"sameAs":["https:\/\/www.facebook.com\/pages\/AC-Lanester-56\/190286300991242?fref=ts"]},{"@type":"Person","@id":"https:\/\/www.aclanester56.com\/velo\/#\/schema\/person\/ca2a44a5fd969e9dd846c72d3b33bc01","name":"Jean-Christophe","url":"https:\/\/www.aclanester56.com\/velo\/author\/jeanchristophe\/"}]}},"_links":{"self":[{"href":"https:\/\/www.aclanester56.com\/velo\/wp-json\/wp\/v2\/posts\/28477","targetHints":{"allow":["GET"]}}],"collection":[{"href":"https:\/\/www.aclanester56.com\/velo\/wp-json\/wp\/v2\/posts"}],"about":[{"href":"https:\/\/www.aclanester56.com\/velo\/wp-json\/wp\/v2\/types\/post"}],"author":[{"embeddable":true,"href":"https:\/\/www.aclanester56.com\/velo\/wp-json\/wp\/v2\/users\/14"}],"replies":[{"embeddable":true,"href":"https:\/\/www.aclanester56.com\/velo\/wp-json\/wp\/v2\/comments?post=28477"}],"version-history":[{"count":1,"href":"https:\/\/www.aclanester56.com\/velo\/wp-json\/wp\/v2\/posts\/28477\/revisions"}],"predecessor-version":[{"id":28479,"href":"https:\/\/www.aclanester56.com\/velo\/wp-json\/wp\/v2\/posts\/28477\/revisions\/28479"}],"wp:featuredmedia":[{"embeddable":true,"href":"https:\/\/www.aclanester56.com\/velo\/wp-json\/wp\/v2\/media\/28478"}],"wp:attachment":[{"href":"https:\/\/www.aclanester56.com\/velo\/wp-json\/wp\/v2\/media?parent=28477"}],"wp:term":[{"taxonomy":"category","embeddable":true,"href":"https:\/\/www.aclanester56.com\/velo\/wp-json\/wp\/v2\/categories?post=28477"},{"taxonomy":"post_tag","embeddable":true,"href":"https:\/\/www.aclanester56.com\/velo\/wp-json\/wp\/v2\/tags?post=28477"}],"curies":[{"name":"wp","href":"https:\/\/api.w.org\/{rel}","templated":true}]}}