{"id":28481,"date":"2016-05-28T22:29:58","date_gmt":"2016-05-28T21:29:58","guid":{"rendered":"http:\/\/www.aclanester56.com\/velo\/?p=28481"},"modified":"2016-05-30T14:38:44","modified_gmt":"2016-05-30T13:38:44","slug":"nouveau-titre-regional-piste-lac-lanester-56","status":"publish","type":"post","link":"https:\/\/www.aclanester56.com\/velo\/nouveau-titre-regional-piste-lac-lanester-56\/","title":{"rendered":"Un nouveau titre r\u00e9gional sur piste pour l&rsquo;AC Lanester 56 !"},"content":{"rendered":"<p><!--more--><\/p>\n<p style=\"text-align: justify;\">Apr\u00e8s avoir brill\u00e9 sur les championnats de Bretagne du sprint la semaine derni\u00e8re (<a href=\"http:\/\/www.aclanester56.com\/velo\/championnats-de-bretagne-piste-plusieurs-maillots-a-hermine-lac-lanester-56\/\" target=\"_blank\">lire ici<\/a>), les juniors\u00a0de l&rsquo;AC Lanester 56 se sont \u00e0 nouveau particuli\u00e8rement illustr\u00e9s ce samedi sur les\u00a0championnats de Bretagne du fond ! Sur l&rsquo;\u00e9preuve de poursuite par \u00e9quipes qui \u00e9tait un r\u00e9el\u00a0objectif, l&rsquo;AC Lanester 56 a \u00e9t\u00e9 en mesure de pr\u00e9senter deux \u00e9quipes au d\u00e9part, et ces deux \u00e9quipes sont mont\u00e9es sur le podium ! L&rsquo;\u00e9quipe emmen\u00e9e par Mewen Baltenweck, Gwenn Prot, Dylan Audic et Cl\u00e9ment Teisseire, remporte brillamment le titre face \u00e0 l&rsquo;EC Landerneau, tandis que la 2\u00e8me \u00e9quipe lanest\u00e9rienne compos\u00e9e de\u00a0Brendan Le Cam, Johann Le Bou\u00e9dec-Revolt, Hugo Le Bail et Antoine Le Chenadec, \u00e9choue de tr\u00e8s peu pour la 2\u00e8me place, ramenant tout de m\u00eame une belle m\u00e9daille de bronze !<\/p>\n<p style=\"text-align: justify;\">Ces excellentes performances concr\u00e9tisent l&rsquo;excellent travail r\u00e9alis\u00e9 avec leur\u00a0entra\u00eeneur\u00a0Xavier Teisseire depuis plusieurs mois. Sachant que six de ces huit \u00ab\u00a0moteurs\u00a0\u00bb sont en premi\u00e8re ann\u00e9e de Juniors, ils auront encore l&rsquo;occasion de travailler cette discipline, qui sera en plus tr\u00e8s b\u00e9n\u00e9fique pour la route !<\/p>\n<p style=\"text-align: justify;\">De plus, la paire\u00a0Mewen Baltenweck-Cl\u00e9ment Teisseire remporte \u00e9galement la m\u00e9daille de bronze de l&rsquo;Am\u00e9ricaine !<\/p>\n<p style=\"text-align: justify;\">Bravo \u00e0 tous !<\/p>\n<p style=\"text-align: justify;\"><em>Photos : Amandine Coz<\/em><\/p>\n<p style=\"text-align: justify;\"><!-- default-view.php -->\n<div\n\tclass=\"ngg-galleryoverview default-view\n\t ngg-ajax-pagination-none\t\"\n\tid=\"ngg-gallery-a61f861b36d32b24b47dbccc8b5114bf-1\"\n\tdata-nextgen-gallery-id=\"264\"\n\tdata-gallery-id=\"264\"\n\t\tdata-gallery-name=\"BZH Piste\"\n\t>\n\n\t\t<!-- Thumbnails -->\n\t\t\t\t<div id=\"ngg-image-0\" class=\"ngg-gallery-thumbnail-box\n\t\t\t\t\t\t\t\t\t\t\t\"\n\t\t\t>\n\t\t\t\t\t\t<div class=\"ngg-gallery-thumbnail\">\n\t\t<a href=\"https:\/\/www.aclanester56.com\/velo\/wp-content\/gallery\/BZH-Piste\/DSC_0106.JPG?t=1464615528\"\n\t\t\ttitle=\"\"\n\t\t\tdata-src=\"https:\/\/www.aclanester56.com\/velo\/wp-content\/gallery\/BZH-Piste\/DSC_0106.JPG?t=1464615528\"\n\t\t\tdata-thumbnail=\"https:\/\/www.aclanester56.com\/velo\/wp-content\/gallery\/BZH-Piste\/thumbs\/thumbs_DSC_0106.JPG?t=1464615528\"\n\t\t\tdata-image-id=\"10381\"\n\t\t\tdata-image-name=\"DSC_0106.JPG\"\n\t\t\tdata-title=\"DSC_0106\"\n\t\t\tdata-description=\"\"\n\t\t\tdata-image-slug=\"dsc_0106\"\n\t\t\t\t\t\t\t\t\t\t\t\t\t\t\t\t\t\t\t\tclass=\"ngg-simplelightbox\" rel=\"a61f861b36d32b24b47dbccc8b5114bf\">\n\t\t\t\t\t\t\t\t<img\n\t\t\t\t\ttitle=\"DSC_0106\"\n\t\t\t\t\talt=\"DSC_0106\"\n\t\t\t\t\tsrc=\"https:\/\/www.aclanester56.com\/velo\/wp-content\/gallery\/BZH-Piste\/thumbs\/thumbs_DSC_0106.JPG?t=1464615528\"\n\t\t\t\t\twidth=\"100\"\n\t\t\t\t\theight=\"100\"\n\t\t\t\t\tstyle=\"max-width:100%;\"\n\t\t\t\t\/>\n\t\t\t<\/a>\n\t\t<\/div>\n\t\t\t\t\t\t\t<\/div>\n\t\t\t\n\t\t\t\t<div id=\"ngg-image-1\" class=\"ngg-gallery-thumbnail-box\n\t\t\t\t\t\t\t\t\t\t\t\"\n\t\t\t>\n\t\t\t\t\t\t<div class=\"ngg-gallery-thumbnail\">\n\t\t<a href=\"https:\/\/www.aclanester56.com\/velo\/wp-content\/gallery\/BZH-Piste\/13310632_1017687958309466_4512435260526036857_n.jpg?t=1464471181\"\n\t\t\ttitle=\"\"\n\t\t\tdata-src=\"https:\/\/www.aclanester56.com\/velo\/wp-content\/gallery\/BZH-Piste\/13310632_1017687958309466_4512435260526036857_n.jpg?t=1464471181\"\n\t\t\tdata-thumbnail=\"https:\/\/www.aclanester56.com\/velo\/wp-content\/gallery\/BZH-Piste\/thumbs\/thumbs_13310632_1017687958309466_4512435260526036857_n.jpg?t=1464471181\"\n\t\t\tdata-image-id=\"10378\"\n\t\t\tdata-image-name=\"13310632_1017687958309466_4512435260526036857_n.jpg\"\n\t\t\tdata-title=\"13310632_1017687958309466_4512435260526036857_n\"\n\t\t\tdata-description=\"\"\n\t\t\tdata-image-slug=\"13310632_1017687958309466_4512435260526036857_n\"\n\t\t\t\t\t\t\t\t\t\t\t\t\t\t\t\t\t\t\t\tclass=\"ngg-simplelightbox\" rel=\"a61f861b36d32b24b47dbccc8b5114bf\">\n\t\t\t\t\t\t\t\t<img\n\t\t\t\t\ttitle=\"13310632_1017687958309466_4512435260526036857_n\"\n\t\t\t\t\talt=\"13310632_1017687958309466_4512435260526036857_n\"\n\t\t\t\t\tsrc=\"https:\/\/www.aclanester56.com\/velo\/wp-content\/gallery\/BZH-Piste\/thumbs\/thumbs_13310632_1017687958309466_4512435260526036857_n.jpg?t=1464471181\"\n\t\t\t\t\twidth=\"100\"\n\t\t\t\t\theight=\"100\"\n\t\t\t\t\tstyle=\"max-width:100%;\"\n\t\t\t\t\/>\n\t\t\t<\/a>\n\t\t<\/div>\n\t\t\t\t\t\t\t<\/div>\n\t\t\t\n\t\t\t\t<div id=\"ngg-image-2\" class=\"ngg-gallery-thumbnail-box\n\t\t\t\t\t\t\t\t\t\t\t\"\n\t\t\t>\n\t\t\t\t\t\t<div class=\"ngg-gallery-thumbnail\">\n\t\t<a href=\"https:\/\/www.aclanester56.com\/velo\/wp-content\/gallery\/BZH-Piste\/13260001_1017688271642768_1503716129203018256_n.jpg?t=1600983330\"\n\t\t\ttitle=\"\"\n\t\t\tdata-src=\"https:\/\/www.aclanester56.com\/velo\/wp-content\/gallery\/BZH-Piste\/13260001_1017688271642768_1503716129203018256_n.jpg?t=1600983330\"\n\t\t\tdata-thumbnail=\"https:\/\/www.aclanester56.com\/velo\/wp-content\/gallery\/BZH-Piste\/thumbs\/thumbs_13260001_1017688271642768_1503716129203018256_n.jpg?t=1600983330\"\n\t\t\tdata-image-id=\"10377\"\n\t\t\tdata-image-name=\"13260001_1017688271642768_1503716129203018256_n.jpg\"\n\t\t\tdata-title=\"13260001_1017688271642768_1503716129203018256_n\"\n\t\t\tdata-description=\"\"\n\t\t\tdata-image-slug=\"13260001_1017688271642768_1503716129203018256_n\"\n\t\t\t\t\t\t\t\t\t\t\t\t\t\t\t\t\t\t\t\tclass=\"ngg-simplelightbox\" rel=\"a61f861b36d32b24b47dbccc8b5114bf\">\n\t\t\t\t\t\t\t\t<img\n\t\t\t\t\ttitle=\"13260001_1017688271642768_1503716129203018256_n\"\n\t\t\t\t\talt=\"13260001_1017688271642768_1503716129203018256_n\"\n\t\t\t\t\tsrc=\"https:\/\/www.aclanester56.com\/velo\/wp-content\/gallery\/BZH-Piste\/thumbs\/thumbs_13260001_1017688271642768_1503716129203018256_n.jpg?t=1600983330\"\n\t\t\t\t\twidth=\"100\"\n\t\t\t\t\theight=\"100\"\n\t\t\t\t\tstyle=\"max-width:100%;\"\n\t\t\t\t\/>\n\t\t\t<\/a>\n\t\t<\/div>\n\t\t\t\t\t\t\t<\/div>\n\t\t\t\n\t\t\t\t<div id=\"ngg-image-3\" class=\"ngg-gallery-thumbnail-box\n\t\t\t\t\t\t\t\t\t\t\t\"\n\t\t\t>\n\t\t\t\t\t\t<div class=\"ngg-gallery-thumbnail\">\n\t\t<a href=\"https:\/\/www.aclanester56.com\/velo\/wp-content\/gallery\/BZH-Piste\/13319954_1017659221645673_3439884118429463043_n.jpg?t=1464471181\"\n\t\t\ttitle=\"\"\n\t\t\tdata-src=\"https:\/\/www.aclanester56.com\/velo\/wp-content\/gallery\/BZH-Piste\/13319954_1017659221645673_3439884118429463043_n.jpg?t=1464471181\"\n\t\t\tdata-thumbnail=\"https:\/\/www.aclanester56.com\/velo\/wp-content\/gallery\/BZH-Piste\/thumbs\/thumbs_13319954_1017659221645673_3439884118429463043_n.jpg?t=1464471181\"\n\t\t\tdata-image-id=\"10379\"\n\t\t\tdata-image-name=\"13319954_1017659221645673_3439884118429463043_n.jpg\"\n\t\t\tdata-title=\"13319954_1017659221645673_3439884118429463043_n\"\n\t\t\tdata-description=\"\"\n\t\t\tdata-image-slug=\"13319954_1017659221645673_3439884118429463043_n\"\n\t\t\t\t\t\t\t\t\t\t\t\t\t\t\t\t\t\t\t\tclass=\"ngg-simplelightbox\" rel=\"a61f861b36d32b24b47dbccc8b5114bf\">\n\t\t\t\t\t\t\t\t<img\n\t\t\t\t\ttitle=\"13319954_1017659221645673_3439884118429463043_n\"\n\t\t\t\t\talt=\"13319954_1017659221645673_3439884118429463043_n\"\n\t\t\t\t\tsrc=\"https:\/\/www.aclanester56.com\/velo\/wp-content\/gallery\/BZH-Piste\/thumbs\/thumbs_13319954_1017659221645673_3439884118429463043_n.jpg?t=1464471181\"\n\t\t\t\t\twidth=\"100\"\n\t\t\t\t\theight=\"100\"\n\t\t\t\t\tstyle=\"max-width:100%;\"\n\t\t\t\t\/>\n\t\t\t<\/a>\n\t\t<\/div>\n\t\t\t\t\t\t\t<\/div>\n\t\t\t\n\t\t\t\t<div id=\"ngg-image-4\" class=\"ngg-gallery-thumbnail-box\n\t\t\t\t\t\t\t\t\t\t\t\"\n\t\t\t>\n\t\t\t\t\t\t<div class=\"ngg-gallery-thumbnail\">\n\t\t<a href=\"https:\/\/www.aclanester56.com\/velo\/wp-content\/gallery\/BZH-Piste\/Pdium.jpg?t=1464471181\"\n\t\t\ttitle=\"\"\n\t\t\tdata-src=\"https:\/\/www.aclanester56.com\/velo\/wp-content\/gallery\/BZH-Piste\/Pdium.jpg?t=1464471181\"\n\t\t\tdata-thumbnail=\"https:\/\/www.aclanester56.com\/velo\/wp-content\/gallery\/BZH-Piste\/thumbs\/thumbs_Pdium.jpg?t=1464471181\"\n\t\t\tdata-image-id=\"10382\"\n\t\t\tdata-image-name=\"Pdium.jpg\"\n\t\t\tdata-title=\"Pdium\"\n\t\t\tdata-description=\"\"\n\t\t\tdata-image-slug=\"pdium\"\n\t\t\t\t\t\t\t\t\t\t\t\t\t\t\t\t\t\t\t\tclass=\"ngg-simplelightbox\" rel=\"a61f861b36d32b24b47dbccc8b5114bf\">\n\t\t\t\t\t\t\t\t<img\n\t\t\t\t\ttitle=\"Pdium\"\n\t\t\t\t\talt=\"Pdium\"\n\t\t\t\t\tsrc=\"https:\/\/www.aclanester56.com\/velo\/wp-content\/gallery\/BZH-Piste\/thumbs\/thumbs_Pdium.jpg?t=1464471181\"\n\t\t\t\t\twidth=\"100\"\n\t\t\t\t\theight=\"100\"\n\t\t\t\t\tstyle=\"max-width:100%;\"\n\t\t\t\t\/>\n\t\t\t<\/a>\n\t\t<\/div>\n\t\t\t\t\t\t\t<\/div>\n\t\t\t\n\t\t\t\t<div id=\"ngg-image-5\" class=\"ngg-gallery-thumbnail-box\n\t\t\t\t\t\t\t\t\t\t\t\"\n\t\t\t>\n\t\t\t\t\t\t<div class=\"ngg-gallery-thumbnail\">\n\t\t<a href=\"https:\/\/www.aclanester56.com\/velo\/wp-content\/gallery\/BZH-Piste\/BZH-Piste-3.jpg?t=1464471181\"\n\t\t\ttitle=\"\"\n\t\t\tdata-src=\"https:\/\/www.aclanester56.com\/velo\/wp-content\/gallery\/BZH-Piste\/BZH-Piste-3.jpg?t=1464471181\"\n\t\t\tdata-thumbnail=\"https:\/\/www.aclanester56.com\/velo\/wp-content\/gallery\/BZH-Piste\/thumbs\/thumbs_BZH-Piste-3.jpg?t=1464471181\"\n\t\t\tdata-image-id=\"10380\"\n\t\t\tdata-image-name=\"BZH-Piste-3.jpg\"\n\t\t\tdata-title=\"BZH Piste 3\"\n\t\t\tdata-description=\"\"\n\t\t\tdata-image-slug=\"bzh-piste-3\"\n\t\t\t\t\t\t\t\t\t\t\t\t\t\t\t\t\t\t\t\tclass=\"ngg-simplelightbox\" rel=\"a61f861b36d32b24b47dbccc8b5114bf\">\n\t\t\t\t\t\t\t\t<img\n\t\t\t\t\ttitle=\"BZH Piste 3\"\n\t\t\t\t\talt=\"BZH Piste 3\"\n\t\t\t\t\tsrc=\"https:\/\/www.aclanester56.com\/velo\/wp-content\/gallery\/BZH-Piste\/thumbs\/thumbs_BZH-Piste-3.jpg?t=1464471181\"\n\t\t\t\t\twidth=\"100\"\n\t\t\t\t\theight=\"100\"\n\t\t\t\t\tstyle=\"max-width:100%;\"\n\t\t\t\t\/>\n\t\t\t<\/a>\n\t\t<\/div>\n\t\t\t\t\t\t\t<\/div>\n\t\t\t\n\t\n\t<br style=\"clear: both\" \/>\n\n\t\n\t\t<div class=\"ngg-clear\"><\/div>\n\t<\/div>\n<\/p>\n<p style=\"text-align: justify;\"><span style=\"text-decoration: underline; color: #ff6600;\"><strong>Classements :<\/strong><\/span><\/p>\n<p><span style=\"text-decoration: underline;\"><strong>Poursuite par \u00e9quipes (Juniors) :<\/strong><\/span><br \/>\n<span style=\"color: #ff6600;\"><strong>1 AC LANESTER 56 (BALTENWECK Mewenn, AUDIC Dylan, PROT Gwenn, TEISSEIRE Cl\u00e9ment) 4:57,894<\/strong><\/span><br \/>\n2 EC LANDERNEAU (BIHAN Ewen, CALVES Guillaume, TESSEIRE Wladimir, SALAUN Alexandre) 5:03,695<br \/>\n<span style=\"color: #ff6600;\"><strong>3 AC LANESTER 56 (LE BAIL Hugo, LE CAM Brendan, LE CHENADEC Antoine, REVOLT LE BOUEDEC Johann) 5:03,429<\/strong><\/span><\/p>\n<p><span style=\"text-decoration: underline;\"><strong>Poursuite individuelle (19 Ans et +)<\/strong><\/span><br \/>\n1 SERO Yohann VC PAYS LORIENT 4:58,204<br \/>\n2 RIOU Alan TEAM PAYS DINAN 5:05,229<br \/>\n3 GUERNALEC\u00a0 Thibault TEAM PAYS DINAN 4:59,571<br \/>\n<span style=\"color: #ff6600;\"><strong>11 DUVAL Benjamin AC LANESTER 56 5:36,209<\/strong><\/span><\/p>\n<p><span style=\"text-decoration: underline;\"><strong>Course aux points (Juniors) :<\/strong><\/span><br \/>\n1 LE VIGOUROUX Baptiste VELOCE VANNETAIS 14<br \/>\n2 BIHAN Ewen EC LANDERNEAU 11<br \/>\n3 LE GALL Mathieu B.I.C. 2000 10<br \/>\n<span style=\"color: #ff6600;\"><strong>8 PROT Gwen AC LANESTER 56 5<\/strong><\/span><br \/>\n<span style=\"color: #ff6600;\"><strong>10 LE CAM Brendan AC LANESTER 56 2<\/strong><\/span><br \/>\n<span style=\"color: #ff6600;\"><strong>11 AUDIC Dylan AC LANESTER 56 1<\/strong><\/span><br \/>\n<span style=\"color: #ff6600;\"><strong>13 BALTENWECK Mewenn AC LANESTER 56 1<\/strong><\/span><br \/>\n<span style=\"color: #ff6600;\"><strong>16 TESSEIRE Cl\u00e9ment AC LANESTER 56 0<\/strong><\/span><\/p>\n<p><span style=\"text-decoration: underline;\"><strong>Course aux points (19 ans et+) :<\/strong><\/span><br \/>\n1GUERNALEC Thibault TEAM PAYS DINAN 43<br \/>\n2 MASSON Jonathan B.I.C. 2000 36<br \/>\n3 RIOU Alan TEAM PAYS DINAN 34<br \/>\n<span style=\"color: #ff6600;\"><strong>16 DUVAL Benjamin AC LANESTER 56<\/strong><\/span><\/p>\n<p><span style=\"text-decoration: underline;\"><strong>Am\u00e9ricaine (Juniors)<\/strong><\/span><br \/>\n1 VELOCE VANNETAIS (LE VIGOUROUX Baptiste, VINCE Alexis) 18 pts<br \/>\n2 B.I.C. 2000 (LESAGE Pierre, LE GALL Mathieu) 14 pts<br \/>\n<span style=\"color: #ff6600;\"><strong>3 AC LANESTER 56 (TESSEIRE Cl\u00e9ment, BALTENWECK Mewenn) 8 pts<\/strong><\/span><\/p>\n<p><span style=\"text-decoration: underline;\"><strong>Am\u00e9ricaine (Seniors) :<\/strong><\/span><br \/>\n1 TEAM PAYS DINAN (GUERNALEC Thibault, MANCHEC Gaetan) 14 pts<br \/>\n2 REDON OC (HOUSSIN Cl\u00e9ment, JOSSO Antoine) 15 pts + 1 TOUR<br \/>\n3 VC PAYS LORIENT (SERO Yohann, LHUMEAU\u00a0\u00a0 \u00a0S\u00e9bastien) 11 pts + 1 TOUR<br \/>\n<span style=\"color: #ff6600;\"><strong>5 AC LANESTER 56 (DUVAL Benjamin, REVOLT LE BOUEDEC Johann) 2 pts<\/strong><\/span><\/p>\n<p>&nbsp;<\/p>\n","protected":false},"excerpt":{"rendered":"","protected":false},"author":14,"featured_media":28482,"comment_status":"open","ping_status":"open","sticky":false,"template":"","format":"standard","meta":{"ngg_post_thumbnail":0,"footnotes":""},"categories":[5,74,21],"tags":[],"class_list":["post-28481","post","type-post","status-publish","format-standard","has-post-thumbnail","hentry","category-ac-lanester-56","category-piste","category-resultats-juniors"],"yoast_head":"<!-- This site is optimized with the Yoast SEO plugin v27.5 - https:\/\/yoast.com\/product\/yoast-seo-wordpress\/ -->\n<title>Un nouveau titre r\u00e9gional sur piste pour l&#039;AC Lanester 56 ! - Avenir Cycliste Lanester 56<\/title>\n<meta name=\"robots\" content=\"index, follow, max-snippet:-1, max-image-preview:large, max-video-preview:-1\" \/>\n<link rel=\"canonical\" href=\"https:\/\/www.aclanester56.com\/velo\/nouveau-titre-regional-piste-lac-lanester-56\/\" \/>\n<meta property=\"og:locale\" content=\"fr_FR\" \/>\n<meta property=\"og:type\" content=\"article\" \/>\n<meta property=\"og:title\" content=\"Un nouveau titre r\u00e9gional sur piste pour l&#039;AC Lanester 56 ! - Avenir Cycliste Lanester 56\" \/>\n<meta property=\"og:url\" content=\"https:\/\/www.aclanester56.com\/velo\/nouveau-titre-regional-piste-lac-lanester-56\/\" \/>\n<meta property=\"og:site_name\" content=\"Avenir Cycliste Lanester 56\" \/>\n<meta property=\"article:publisher\" content=\"https:\/\/www.facebook.com\/pages\/AC-Lanester-56\/190286300991242?fref=ts\" \/>\n<meta property=\"article:published_time\" content=\"2016-05-28T21:29:58+00:00\" \/>\n<meta property=\"article:modified_time\" content=\"2016-05-30T13:38:44+00:00\" \/>\n<meta property=\"og:image\" content=\"https:\/\/www.aclanester56.com\/velo\/wp-content\/uploads\/2016\/05\/BZH-Piste-3-Copie.jpg\" \/>\n\t<meta property=\"og:image:width\" content=\"880\" \/>\n\t<meta property=\"og:image:height\" content=\"451\" \/>\n\t<meta property=\"og:image:type\" content=\"image\/jpeg\" \/>\n<meta name=\"author\" content=\"Jean-Christophe\" \/>\n<meta name=\"twitter:label1\" content=\"\u00c9crit par\" \/>\n\t<meta name=\"twitter:data1\" content=\"Jean-Christophe\" \/>\n\t<meta name=\"twitter:label2\" content=\"Dur\u00e9e de lecture estim\u00e9e\" \/>\n\t<meta name=\"twitter:data2\" content=\"2 minutes\" \/>\n<script type=\"application\/ld+json\" class=\"yoast-schema-graph\">{\"@context\":\"https:\\\/\\\/schema.org\",\"@graph\":[{\"@type\":\"Article\",\"@id\":\"https:\\\/\\\/www.aclanester56.com\\\/velo\\\/nouveau-titre-regional-piste-lac-lanester-56\\\/#article\",\"isPartOf\":{\"@id\":\"https:\\\/\\\/www.aclanester56.com\\\/velo\\\/nouveau-titre-regional-piste-lac-lanester-56\\\/\"},\"author\":{\"name\":\"Jean-Christophe\",\"@id\":\"https:\\\/\\\/www.aclanester56.com\\\/velo\\\/#\\\/schema\\\/person\\\/ca2a44a5fd969e9dd846c72d3b33bc01\"},\"headline\":\"Un nouveau titre r\u00e9gional sur piste pour l&rsquo;AC Lanester 56 !\",\"datePublished\":\"2016-05-28T21:29:58+00:00\",\"dateModified\":\"2016-05-30T13:38:44+00:00\",\"mainEntityOfPage\":{\"@id\":\"https:\\\/\\\/www.aclanester56.com\\\/velo\\\/nouveau-titre-regional-piste-lac-lanester-56\\\/\"},\"wordCount\":424,\"commentCount\":0,\"publisher\":{\"@id\":\"https:\\\/\\\/www.aclanester56.com\\\/velo\\\/#organization\"},\"image\":{\"@id\":\"https:\\\/\\\/www.aclanester56.com\\\/velo\\\/nouveau-titre-regional-piste-lac-lanester-56\\\/#primaryimage\"},\"thumbnailUrl\":\"https:\\\/\\\/www.aclanester56.com\\\/velo\\\/wp-content\\\/uploads\\\/2016\\\/05\\\/BZH-Piste-3-Copie.jpg\",\"articleSection\":[\"AC LANESTER 56\",\"Piste\",\"R\u00e9sultats Juniors\"],\"inLanguage\":\"fr-FR\",\"potentialAction\":[{\"@type\":\"CommentAction\",\"name\":\"Comment\",\"target\":[\"https:\\\/\\\/www.aclanester56.com\\\/velo\\\/nouveau-titre-regional-piste-lac-lanester-56\\\/#respond\"]}]},{\"@type\":\"WebPage\",\"@id\":\"https:\\\/\\\/www.aclanester56.com\\\/velo\\\/nouveau-titre-regional-piste-lac-lanester-56\\\/\",\"url\":\"https:\\\/\\\/www.aclanester56.com\\\/velo\\\/nouveau-titre-regional-piste-lac-lanester-56\\\/\",\"name\":\"Un nouveau titre r\u00e9gional sur piste pour l'AC Lanester 56 ! - Avenir Cycliste Lanester 56\",\"isPartOf\":{\"@id\":\"https:\\\/\\\/www.aclanester56.com\\\/velo\\\/#website\"},\"primaryImageOfPage\":{\"@id\":\"https:\\\/\\\/www.aclanester56.com\\\/velo\\\/nouveau-titre-regional-piste-lac-lanester-56\\\/#primaryimage\"},\"image\":{\"@id\":\"https:\\\/\\\/www.aclanester56.com\\\/velo\\\/nouveau-titre-regional-piste-lac-lanester-56\\\/#primaryimage\"},\"thumbnailUrl\":\"https:\\\/\\\/www.aclanester56.com\\\/velo\\\/wp-content\\\/uploads\\\/2016\\\/05\\\/BZH-Piste-3-Copie.jpg\",\"datePublished\":\"2016-05-28T21:29:58+00:00\",\"dateModified\":\"2016-05-30T13:38:44+00:00\",\"inLanguage\":\"fr-FR\",\"potentialAction\":[{\"@type\":\"ReadAction\",\"target\":[\"https:\\\/\\\/www.aclanester56.com\\\/velo\\\/nouveau-titre-regional-piste-lac-lanester-56\\\/\"]}]},{\"@type\":\"ImageObject\",\"inLanguage\":\"fr-FR\",\"@id\":\"https:\\\/\\\/www.aclanester56.com\\\/velo\\\/nouveau-titre-regional-piste-lac-lanester-56\\\/#primaryimage\",\"url\":\"https:\\\/\\\/www.aclanester56.com\\\/velo\\\/wp-content\\\/uploads\\\/2016\\\/05\\\/BZH-Piste-3-Copie.jpg\",\"contentUrl\":\"https:\\\/\\\/www.aclanester56.com\\\/velo\\\/wp-content\\\/uploads\\\/2016\\\/05\\\/BZH-Piste-3-Copie.jpg\",\"width\":880,\"height\":451},{\"@type\":\"WebSite\",\"@id\":\"https:\\\/\\\/www.aclanester56.com\\\/velo\\\/#website\",\"url\":\"https:\\\/\\\/www.aclanester56.com\\\/velo\\\/\",\"name\":\"Avenir Cycliste Lanester 56\",\"description\":\"Club cycliste de l&#039;AC LANESTER 56\",\"publisher\":{\"@id\":\"https:\\\/\\\/www.aclanester56.com\\\/velo\\\/#organization\"},\"potentialAction\":[{\"@type\":\"SearchAction\",\"target\":{\"@type\":\"EntryPoint\",\"urlTemplate\":\"https:\\\/\\\/www.aclanester56.com\\\/velo\\\/?s={search_term_string}\"},\"query-input\":{\"@type\":\"PropertyValueSpecification\",\"valueRequired\":true,\"valueName\":\"search_term_string\"}}],\"inLanguage\":\"fr-FR\"},{\"@type\":\"Organization\",\"@id\":\"https:\\\/\\\/www.aclanester56.com\\\/velo\\\/#organization\",\"name\":\"Avenir Cycliste Lanester 56\",\"url\":\"https:\\\/\\\/www.aclanester56.com\\\/velo\\\/\",\"logo\":{\"@type\":\"ImageObject\",\"inLanguage\":\"fr-FR\",\"@id\":\"https:\\\/\\\/www.aclanester56.com\\\/velo\\\/#\\\/schema\\\/logo\\\/image\\\/\",\"url\":\"https:\\\/\\\/www.aclanester56.com\\\/velo\\\/wp-content\\\/uploads\\\/2013\\\/04\\\/logo-ACL.jpg\",\"contentUrl\":\"https:\\\/\\\/www.aclanester56.com\\\/velo\\\/wp-content\\\/uploads\\\/2013\\\/04\\\/logo-ACL.jpg\",\"width\":400,\"height\":334,\"caption\":\"Avenir Cycliste Lanester 56\"},\"image\":{\"@id\":\"https:\\\/\\\/www.aclanester56.com\\\/velo\\\/#\\\/schema\\\/logo\\\/image\\\/\"},\"sameAs\":[\"https:\\\/\\\/www.facebook.com\\\/pages\\\/AC-Lanester-56\\\/190286300991242?fref=ts\"]},{\"@type\":\"Person\",\"@id\":\"https:\\\/\\\/www.aclanester56.com\\\/velo\\\/#\\\/schema\\\/person\\\/ca2a44a5fd969e9dd846c72d3b33bc01\",\"name\":\"Jean-Christophe\",\"url\":\"https:\\\/\\\/www.aclanester56.com\\\/velo\\\/author\\\/jeanchristophe\\\/\"}]}<\/script>\n<!-- \/ Yoast SEO plugin. -->","yoast_head_json":{"title":"Un nouveau titre r\u00e9gional sur piste pour l'AC Lanester 56 ! - Avenir Cycliste Lanester 56","robots":{"index":"index","follow":"follow","max-snippet":"max-snippet:-1","max-image-preview":"max-image-preview:large","max-video-preview":"max-video-preview:-1"},"canonical":"https:\/\/www.aclanester56.com\/velo\/nouveau-titre-regional-piste-lac-lanester-56\/","og_locale":"fr_FR","og_type":"article","og_title":"Un nouveau titre r\u00e9gional sur piste pour l'AC Lanester 56 ! - Avenir Cycliste Lanester 56","og_url":"https:\/\/www.aclanester56.com\/velo\/nouveau-titre-regional-piste-lac-lanester-56\/","og_site_name":"Avenir Cycliste Lanester 56","article_publisher":"https:\/\/www.facebook.com\/pages\/AC-Lanester-56\/190286300991242?fref=ts","article_published_time":"2016-05-28T21:29:58+00:00","article_modified_time":"2016-05-30T13:38:44+00:00","og_image":[{"width":880,"height":451,"url":"https:\/\/www.aclanester56.com\/velo\/wp-content\/uploads\/2016\/05\/BZH-Piste-3-Copie.jpg","type":"image\/jpeg"}],"author":"Jean-Christophe","twitter_misc":{"\u00c9crit par":"Jean-Christophe","Dur\u00e9e de lecture estim\u00e9e":"2 minutes"},"schema":{"@context":"https:\/\/schema.org","@graph":[{"@type":"Article","@id":"https:\/\/www.aclanester56.com\/velo\/nouveau-titre-regional-piste-lac-lanester-56\/#article","isPartOf":{"@id":"https:\/\/www.aclanester56.com\/velo\/nouveau-titre-regional-piste-lac-lanester-56\/"},"author":{"name":"Jean-Christophe","@id":"https:\/\/www.aclanester56.com\/velo\/#\/schema\/person\/ca2a44a5fd969e9dd846c72d3b33bc01"},"headline":"Un nouveau titre r\u00e9gional sur piste pour l&rsquo;AC Lanester 56 !","datePublished":"2016-05-28T21:29:58+00:00","dateModified":"2016-05-30T13:38:44+00:00","mainEntityOfPage":{"@id":"https:\/\/www.aclanester56.com\/velo\/nouveau-titre-regional-piste-lac-lanester-56\/"},"wordCount":424,"commentCount":0,"publisher":{"@id":"https:\/\/www.aclanester56.com\/velo\/#organization"},"image":{"@id":"https:\/\/www.aclanester56.com\/velo\/nouveau-titre-regional-piste-lac-lanester-56\/#primaryimage"},"thumbnailUrl":"https:\/\/www.aclanester56.com\/velo\/wp-content\/uploads\/2016\/05\/BZH-Piste-3-Copie.jpg","articleSection":["AC LANESTER 56","Piste","R\u00e9sultats Juniors"],"inLanguage":"fr-FR","potentialAction":[{"@type":"CommentAction","name":"Comment","target":["https:\/\/www.aclanester56.com\/velo\/nouveau-titre-regional-piste-lac-lanester-56\/#respond"]}]},{"@type":"WebPage","@id":"https:\/\/www.aclanester56.com\/velo\/nouveau-titre-regional-piste-lac-lanester-56\/","url":"https:\/\/www.aclanester56.com\/velo\/nouveau-titre-regional-piste-lac-lanester-56\/","name":"Un nouveau titre r\u00e9gional sur piste pour l'AC Lanester 56 ! - Avenir Cycliste Lanester 56","isPartOf":{"@id":"https:\/\/www.aclanester56.com\/velo\/#website"},"primaryImageOfPage":{"@id":"https:\/\/www.aclanester56.com\/velo\/nouveau-titre-regional-piste-lac-lanester-56\/#primaryimage"},"image":{"@id":"https:\/\/www.aclanester56.com\/velo\/nouveau-titre-regional-piste-lac-lanester-56\/#primaryimage"},"thumbnailUrl":"https:\/\/www.aclanester56.com\/velo\/wp-content\/uploads\/2016\/05\/BZH-Piste-3-Copie.jpg","datePublished":"2016-05-28T21:29:58+00:00","dateModified":"2016-05-30T13:38:44+00:00","inLanguage":"fr-FR","potentialAction":[{"@type":"ReadAction","target":["https:\/\/www.aclanester56.com\/velo\/nouveau-titre-regional-piste-lac-lanester-56\/"]}]},{"@type":"ImageObject","inLanguage":"fr-FR","@id":"https:\/\/www.aclanester56.com\/velo\/nouveau-titre-regional-piste-lac-lanester-56\/#primaryimage","url":"https:\/\/www.aclanester56.com\/velo\/wp-content\/uploads\/2016\/05\/BZH-Piste-3-Copie.jpg","contentUrl":"https:\/\/www.aclanester56.com\/velo\/wp-content\/uploads\/2016\/05\/BZH-Piste-3-Copie.jpg","width":880,"height":451},{"@type":"WebSite","@id":"https:\/\/www.aclanester56.com\/velo\/#website","url":"https:\/\/www.aclanester56.com\/velo\/","name":"Avenir Cycliste Lanester 56","description":"Club cycliste de l&#039;AC LANESTER 56","publisher":{"@id":"https:\/\/www.aclanester56.com\/velo\/#organization"},"potentialAction":[{"@type":"SearchAction","target":{"@type":"EntryPoint","urlTemplate":"https:\/\/www.aclanester56.com\/velo\/?s={search_term_string}"},"query-input":{"@type":"PropertyValueSpecification","valueRequired":true,"valueName":"search_term_string"}}],"inLanguage":"fr-FR"},{"@type":"Organization","@id":"https:\/\/www.aclanester56.com\/velo\/#organization","name":"Avenir Cycliste Lanester 56","url":"https:\/\/www.aclanester56.com\/velo\/","logo":{"@type":"ImageObject","inLanguage":"fr-FR","@id":"https:\/\/www.aclanester56.com\/velo\/#\/schema\/logo\/image\/","url":"https:\/\/www.aclanester56.com\/velo\/wp-content\/uploads\/2013\/04\/logo-ACL.jpg","contentUrl":"https:\/\/www.aclanester56.com\/velo\/wp-content\/uploads\/2013\/04\/logo-ACL.jpg","width":400,"height":334,"caption":"Avenir Cycliste Lanester 56"},"image":{"@id":"https:\/\/www.aclanester56.com\/velo\/#\/schema\/logo\/image\/"},"sameAs":["https:\/\/www.facebook.com\/pages\/AC-Lanester-56\/190286300991242?fref=ts"]},{"@type":"Person","@id":"https:\/\/www.aclanester56.com\/velo\/#\/schema\/person\/ca2a44a5fd969e9dd846c72d3b33bc01","name":"Jean-Christophe","url":"https:\/\/www.aclanester56.com\/velo\/author\/jeanchristophe\/"}]}},"_links":{"self":[{"href":"https:\/\/www.aclanester56.com\/velo\/wp-json\/wp\/v2\/posts\/28481","targetHints":{"allow":["GET"]}}],"collection":[{"href":"https:\/\/www.aclanester56.com\/velo\/wp-json\/wp\/v2\/posts"}],"about":[{"href":"https:\/\/www.aclanester56.com\/velo\/wp-json\/wp\/v2\/types\/post"}],"author":[{"embeddable":true,"href":"https:\/\/www.aclanester56.com\/velo\/wp-json\/wp\/v2\/users\/14"}],"replies":[{"embeddable":true,"href":"https:\/\/www.aclanester56.com\/velo\/wp-json\/wp\/v2\/comments?post=28481"}],"version-history":[{"count":3,"href":"https:\/\/www.aclanester56.com\/velo\/wp-json\/wp\/v2\/posts\/28481\/revisions"}],"predecessor-version":[{"id":28545,"href":"https:\/\/www.aclanester56.com\/velo\/wp-json\/wp\/v2\/posts\/28481\/revisions\/28545"}],"wp:featuredmedia":[{"embeddable":true,"href":"https:\/\/www.aclanester56.com\/velo\/wp-json\/wp\/v2\/media\/28482"}],"wp:attachment":[{"href":"https:\/\/www.aclanester56.com\/velo\/wp-json\/wp\/v2\/media?parent=28481"}],"wp:term":[{"taxonomy":"category","embeddable":true,"href":"https:\/\/www.aclanester56.com\/velo\/wp-json\/wp\/v2\/categories?post=28481"},{"taxonomy":"post_tag","embeddable":true,"href":"https:\/\/www.aclanester56.com\/velo\/wp-json\/wp\/v2\/tags?post=28481"}],"curies":[{"name":"wp","href":"https:\/\/api.w.org\/{rel}","templated":true}]}}