{"id":28527,"date":"2016-05-29T22:06:12","date_gmt":"2016-05-29T21:06:12","guid":{"rendered":"http:\/\/www.aclanester56.com\/velo\/?p=28527"},"modified":"2016-05-30T14:21:11","modified_gmt":"2016-05-30T13:21:11","slug":"antoine-chenadec-victorieux-a-inguiniel","status":"publish","type":"post","link":"https:\/\/www.aclanester56.com\/velo\/antoine-chenadec-victorieux-a-inguiniel\/","title":{"rendered":"Antoine Le Chenadec victorieux sur l&rsquo;Inguinieloise !"},"content":{"rendered":"<p><!--more--><\/p>\n<p style=\"text-align: justify;\">M\u00e9daill\u00e9 de bronze sur le championnat de Bretagne de poursuite par \u00e9quipes hier \u00e0 Plouzan\u00e9, le junior 1 de l&rsquo;AC Lanester 56 Antoine Le Chenadec s&rsquo;est montr\u00e9 imp\u00e9rial cet apr\u00e8s-midi sur l&rsquo;exigent circuit d&rsquo;Inguiniel ! Le jeune coursier va-t-il remporter\u00a0la m\u00eame ann\u00e9e les deux \u00e9preuves d&rsquo;Inguiniel, doubl\u00e9 d\u00e9j\u00e0 r\u00e9alis\u00e9 il y a 4 ans par un autre Lanest\u00e9rien (voir <a href=\"http:\/\/www.aclanester56.com\/velo\/resultats-j-christophe-sagot-et-richard-meleuc-simposent\/\" target=\"_blank\">ici<\/a> et <a href=\"http:\/\/www.aclanester56.com\/velo\/jean-christophe-sagot-double-la-mise-a-inguiniel\/\" target=\"_blank\">ici<\/a>) ? Le d\u00e9fi est lanc\u00e9 ! \ud83d\ude42<\/p>\n<p style=\"text-align: justify;\">En Ecoles de Cyclisme, Alessandra Bianchino s&rsquo;est illustr\u00e9e \u00e9galement chez les poussins et a ainsi re\u00e7u les honneurs du podium ! Bravo !<\/p>\n<p><span style=\"text-decoration: underline;\"><span style=\"color: #ff6600;\"><strong>Photos de Val\u00e9rie Duval :<\/strong><\/span><\/span><\/p>\n<p><!-- default-view.php -->\n<div\n\tclass=\"ngg-galleryoverview default-view\n\t ngg-ajax-pagination-none\t\"\n\tid=\"ngg-gallery-5af50eb60712e29c828b6c812b44e6f6-1\"\n\tdata-nextgen-gallery-id=\"266\"\n\tdata-gallery-id=\"266\"\n\t\tdata-gallery-name=\"Inguiniel - 29-05-2016\"\n\t>\n\n\t\t<!-- Thumbnails -->\n\t\t\t\t<div id=\"ngg-image-0\" class=\"ngg-gallery-thumbnail-box\n\t\t\t\t\t\t\t\t\t\t\t\"\n\t\t\t>\n\t\t\t\t\t\t<div class=\"ngg-gallery-thumbnail\">\n\t\t<a href=\"https:\/\/www.aclanester56.com\/velo\/wp-content\/gallery\/Inguiniel---29-05-2016\/DSCN0874.JPG?t=1601004817\"\n\t\t\ttitle=\"\"\n\t\t\tdata-src=\"https:\/\/www.aclanester56.com\/velo\/wp-content\/gallery\/Inguiniel---29-05-2016\/DSCN0874.JPG?t=1601004817\"\n\t\t\tdata-thumbnail=\"https:\/\/www.aclanester56.com\/velo\/wp-content\/gallery\/Inguiniel---29-05-2016\/thumbs\/thumbs_DSCN0874.JPG?t=1601004817\"\n\t\t\tdata-image-id=\"10393\"\n\t\t\tdata-image-name=\"DSCN0874.JPG\"\n\t\t\tdata-title=\"DSCN0874\"\n\t\t\tdata-description=\"\"\n\t\t\tdata-image-slug=\"dscn0874\"\n\t\t\t\t\t\t\t\t\t\t\t\t\t\t\t\t\t\t\t\tclass=\"ngg-simplelightbox\" rel=\"5af50eb60712e29c828b6c812b44e6f6\">\n\t\t\t\t\t\t\t\t<img\n\t\t\t\t\ttitle=\"DSCN0874\"\n\t\t\t\t\talt=\"DSCN0874\"\n\t\t\t\t\tsrc=\"https:\/\/www.aclanester56.com\/velo\/wp-content\/gallery\/Inguiniel---29-05-2016\/thumbs\/thumbs_DSCN0874.JPG?t=1601004817\"\n\t\t\t\t\twidth=\"100\"\n\t\t\t\t\theight=\"100\"\n\t\t\t\t\tstyle=\"max-width:100%;\"\n\t\t\t\t\/>\n\t\t\t<\/a>\n\t\t<\/div>\n\t\t\t\t\t\t\t<\/div>\n\t\t\t\n\t\t\t\t<div id=\"ngg-image-1\" class=\"ngg-gallery-thumbnail-box\n\t\t\t\t\t\t\t\t\t\t\t\"\n\t\t\t>\n\t\t\t\t\t\t<div class=\"ngg-gallery-thumbnail\">\n\t\t<a href=\"https:\/\/www.aclanester56.com\/velo\/wp-content\/gallery\/Inguiniel---29-05-2016\/DSCN0875.JPG?t=1464555702\"\n\t\t\ttitle=\"\"\n\t\t\tdata-src=\"https:\/\/www.aclanester56.com\/velo\/wp-content\/gallery\/Inguiniel---29-05-2016\/DSCN0875.JPG?t=1464555702\"\n\t\t\tdata-thumbnail=\"https:\/\/www.aclanester56.com\/velo\/wp-content\/gallery\/Inguiniel---29-05-2016\/thumbs\/thumbs_DSCN0875.JPG?t=1464555702\"\n\t\t\tdata-image-id=\"10394\"\n\t\t\tdata-image-name=\"DSCN0875.JPG\"\n\t\t\tdata-title=\"DSCN0875\"\n\t\t\tdata-description=\"\"\n\t\t\tdata-image-slug=\"dscn0875\"\n\t\t\t\t\t\t\t\t\t\t\t\t\t\t\t\t\t\t\t\tclass=\"ngg-simplelightbox\" rel=\"5af50eb60712e29c828b6c812b44e6f6\">\n\t\t\t\t\t\t\t\t<img\n\t\t\t\t\ttitle=\"DSCN0875\"\n\t\t\t\t\talt=\"DSCN0875\"\n\t\t\t\t\tsrc=\"https:\/\/www.aclanester56.com\/velo\/wp-content\/gallery\/Inguiniel---29-05-2016\/thumbs\/thumbs_DSCN0875.JPG?t=1464555702\"\n\t\t\t\t\twidth=\"100\"\n\t\t\t\t\theight=\"100\"\n\t\t\t\t\tstyle=\"max-width:100%;\"\n\t\t\t\t\/>\n\t\t\t<\/a>\n\t\t<\/div>\n\t\t\t\t\t\t\t<\/div>\n\t\t\t\n\t\t\t\t<div id=\"ngg-image-2\" class=\"ngg-gallery-thumbnail-box\n\t\t\t\t\t\t\t\t\t\t\t\"\n\t\t\t>\n\t\t\t\t\t\t<div class=\"ngg-gallery-thumbnail\">\n\t\t<a href=\"https:\/\/www.aclanester56.com\/velo\/wp-content\/gallery\/Inguiniel---29-05-2016\/DSCN0928.JPG?t=1464555762\"\n\t\t\ttitle=\"\"\n\t\t\tdata-src=\"https:\/\/www.aclanester56.com\/velo\/wp-content\/gallery\/Inguiniel---29-05-2016\/DSCN0928.JPG?t=1464555762\"\n\t\t\tdata-thumbnail=\"https:\/\/www.aclanester56.com\/velo\/wp-content\/gallery\/Inguiniel---29-05-2016\/thumbs\/thumbs_DSCN0928.JPG?t=1464555762\"\n\t\t\tdata-image-id=\"10395\"\n\t\t\tdata-image-name=\"DSCN0928.JPG\"\n\t\t\tdata-title=\"DSCN0928\"\n\t\t\tdata-description=\"\"\n\t\t\tdata-image-slug=\"dscn0928\"\n\t\t\t\t\t\t\t\t\t\t\t\t\t\t\t\t\t\t\t\tclass=\"ngg-simplelightbox\" rel=\"5af50eb60712e29c828b6c812b44e6f6\">\n\t\t\t\t\t\t\t\t<img\n\t\t\t\t\ttitle=\"DSCN0928\"\n\t\t\t\t\talt=\"DSCN0928\"\n\t\t\t\t\tsrc=\"https:\/\/www.aclanester56.com\/velo\/wp-content\/gallery\/Inguiniel---29-05-2016\/thumbs\/thumbs_DSCN0928.JPG?t=1464555762\"\n\t\t\t\t\twidth=\"100\"\n\t\t\t\t\theight=\"100\"\n\t\t\t\t\tstyle=\"max-width:100%;\"\n\t\t\t\t\/>\n\t\t\t<\/a>\n\t\t<\/div>\n\t\t\t\t\t\t\t<\/div>\n\t\t\t\n\t\t\t\t<div id=\"ngg-image-3\" class=\"ngg-gallery-thumbnail-box\n\t\t\t\t\t\t\t\t\t\t\t\"\n\t\t\t>\n\t\t\t\t\t\t<div class=\"ngg-gallery-thumbnail\">\n\t\t<a href=\"https:\/\/www.aclanester56.com\/velo\/wp-content\/gallery\/Inguiniel---29-05-2016\/DSCN0941.JPG?t=1464555815\"\n\t\t\ttitle=\"\"\n\t\t\tdata-src=\"https:\/\/www.aclanester56.com\/velo\/wp-content\/gallery\/Inguiniel---29-05-2016\/DSCN0941.JPG?t=1464555815\"\n\t\t\tdata-thumbnail=\"https:\/\/www.aclanester56.com\/velo\/wp-content\/gallery\/Inguiniel---29-05-2016\/thumbs\/thumbs_DSCN0941.JPG?t=1464555815\"\n\t\t\tdata-image-id=\"10396\"\n\t\t\tdata-image-name=\"DSCN0941.JPG\"\n\t\t\tdata-title=\"DSCN0941\"\n\t\t\tdata-description=\"\"\n\t\t\tdata-image-slug=\"dscn0941\"\n\t\t\t\t\t\t\t\t\t\t\t\t\t\t\t\t\t\t\t\tclass=\"ngg-simplelightbox\" rel=\"5af50eb60712e29c828b6c812b44e6f6\">\n\t\t\t\t\t\t\t\t<img\n\t\t\t\t\ttitle=\"DSCN0941\"\n\t\t\t\t\talt=\"DSCN0941\"\n\t\t\t\t\tsrc=\"https:\/\/www.aclanester56.com\/velo\/wp-content\/gallery\/Inguiniel---29-05-2016\/thumbs\/thumbs_DSCN0941.JPG?t=1464555815\"\n\t\t\t\t\twidth=\"100\"\n\t\t\t\t\theight=\"100\"\n\t\t\t\t\tstyle=\"max-width:100%;\"\n\t\t\t\t\/>\n\t\t\t<\/a>\n\t\t<\/div>\n\t\t\t\t\t\t\t<\/div>\n\t\t\t\n\t\n\t<br style=\"clear: both\" \/>\n\n\t\n\t\t<div class=\"ngg-clear\"><\/div>\n\t<\/div>\n<\/p>\n<p><span style=\"text-decoration: underline; color: #ff6600;\"><strong>Classements :<\/strong><\/span><\/p>\n<p><span style=\"text-decoration: underline;\"><strong>3\u00e8me Cat et Juniors :<\/strong><\/span><br \/>\n<span style=\"color: #ff6600;\"><strong>1 LE CHENADEC Antoine AC LANESTER 56\u00a0\u00a0 \u00a0en 2h17<\/strong><\/span><br \/>\n2 LE CLEC`H Lomig VC QUINTINAIS \u00e0 2&Prime;<br \/>\n3 PERRET Gurvan\u00a0\u00a0 \u00a0EC QUEVENOISE \u00e0 10&Prime;<br \/>\n4 RIVALLAIN Hugo UC INGUINIEL \u00e0 10&Prime;<br \/>\n5 DECHENE Romain VELO CLUB DE SAVENAY \u00e0 10&Prime;<br \/>\n<span style=\"color: #ff6600;\"><strong>7 PROT Gwenn AC LANESTER 56 \u00e0 10&Prime;\u00a0\u00a0<\/strong> <\/span><\/p>\n<p><span style=\"text-decoration: underline;\"><strong>Cadets :<\/strong><\/span><br \/>\n1 DANIEL Jules UC QUIMPERLOISE<br \/>\n2 MICHELIN Antoine VC LANGUIDIC<br \/>\n3 LE LESLE Nicolas VC LANGUIDIC<br \/>\n4 TOMASSACCI Romain UC ALREENNE<br \/>\n5 PASCO\u00a0\u00a0 \u00a0Maxime UC INGUINIEL<br \/>\n<span style=\"color: #ff6600;\"><strong>11 CADORET Celestin AC LANESTER 56<\/strong><\/span><br \/>\n<span style=\"color: #ff6600;\"><strong>12 THOMAS Enzo AC LANESTER 56<\/strong><\/span><\/p>\n","protected":false},"excerpt":{"rendered":"","protected":false},"author":14,"featured_media":28539,"comment_status":"open","ping_status":"open","sticky":false,"template":"","format":"standard","meta":{"ngg_post_thumbnail":0,"footnotes":""},"categories":[5,24,21],"tags":[],"class_list":["post-28527","post","type-post","status-publish","format-standard","has-post-thumbnail","hentry","category-ac-lanester-56","category-resultats-ecole-de-cyclisme","category-resultats-juniors"],"yoast_head":"<!-- This site is optimized with the Yoast SEO plugin v27.5 - https:\/\/yoast.com\/product\/yoast-seo-wordpress\/ -->\n<title>Antoine Le Chenadec victorieux sur l&#039;Inguinieloise ! - Avenir Cycliste Lanester 56<\/title>\n<meta name=\"robots\" content=\"index, follow, max-snippet:-1, max-image-preview:large, max-video-preview:-1\" \/>\n<link rel=\"canonical\" href=\"https:\/\/www.aclanester56.com\/velo\/antoine-chenadec-victorieux-a-inguiniel\/\" \/>\n<meta property=\"og:locale\" content=\"fr_FR\" \/>\n<meta property=\"og:type\" content=\"article\" \/>\n<meta property=\"og:title\" content=\"Antoine Le Chenadec victorieux sur l&#039;Inguinieloise ! - Avenir Cycliste Lanester 56\" \/>\n<meta property=\"og:url\" content=\"https:\/\/www.aclanester56.com\/velo\/antoine-chenadec-victorieux-a-inguiniel\/\" \/>\n<meta property=\"og:site_name\" content=\"Avenir Cycliste Lanester 56\" \/>\n<meta property=\"article:publisher\" content=\"https:\/\/www.facebook.com\/pages\/AC-Lanester-56\/190286300991242?fref=ts\" \/>\n<meta property=\"article:published_time\" content=\"2016-05-29T21:06:12+00:00\" \/>\n<meta property=\"article:modified_time\" content=\"2016-05-30T13:21:11+00:00\" \/>\n<meta property=\"og:image\" content=\"https:\/\/www.aclanester56.com\/velo\/wp-content\/uploads\/2016\/05\/DSCN0928-Copie.jpg\" \/>\n\t<meta property=\"og:image:width\" content=\"880\" \/>\n\t<meta property=\"og:image:height\" content=\"450\" \/>\n\t<meta property=\"og:image:type\" content=\"image\/jpeg\" \/>\n<meta name=\"author\" content=\"Jean-Christophe\" \/>\n<meta name=\"twitter:label1\" content=\"\u00c9crit par\" \/>\n\t<meta name=\"twitter:data1\" content=\"Jean-Christophe\" \/>\n\t<meta name=\"twitter:label2\" content=\"Dur\u00e9e de lecture estim\u00e9e\" \/>\n\t<meta name=\"twitter:data2\" content=\"1 minute\" \/>\n<script type=\"application\/ld+json\" class=\"yoast-schema-graph\">{\"@context\":\"https:\\\/\\\/schema.org\",\"@graph\":[{\"@type\":\"Article\",\"@id\":\"https:\\\/\\\/www.aclanester56.com\\\/velo\\\/antoine-chenadec-victorieux-a-inguiniel\\\/#article\",\"isPartOf\":{\"@id\":\"https:\\\/\\\/www.aclanester56.com\\\/velo\\\/antoine-chenadec-victorieux-a-inguiniel\\\/\"},\"author\":{\"name\":\"Jean-Christophe\",\"@id\":\"https:\\\/\\\/www.aclanester56.com\\\/velo\\\/#\\\/schema\\\/person\\\/ca2a44a5fd969e9dd846c72d3b33bc01\"},\"headline\":\"Antoine Le Chenadec victorieux sur l&rsquo;Inguinieloise !\",\"datePublished\":\"2016-05-29T21:06:12+00:00\",\"dateModified\":\"2016-05-30T13:21:11+00:00\",\"mainEntityOfPage\":{\"@id\":\"https:\\\/\\\/www.aclanester56.com\\\/velo\\\/antoine-chenadec-victorieux-a-inguiniel\\\/\"},\"wordCount\":172,\"commentCount\":1,\"publisher\":{\"@id\":\"https:\\\/\\\/www.aclanester56.com\\\/velo\\\/#organization\"},\"image\":{\"@id\":\"https:\\\/\\\/www.aclanester56.com\\\/velo\\\/antoine-chenadec-victorieux-a-inguiniel\\\/#primaryimage\"},\"thumbnailUrl\":\"https:\\\/\\\/www.aclanester56.com\\\/velo\\\/wp-content\\\/uploads\\\/2016\\\/05\\\/DSCN0928-Copie.jpg\",\"articleSection\":[\"AC LANESTER 56\",\"R\u00e9sultats Ecole de cyclisme\",\"R\u00e9sultats Juniors\"],\"inLanguage\":\"fr-FR\",\"potentialAction\":[{\"@type\":\"CommentAction\",\"name\":\"Comment\",\"target\":[\"https:\\\/\\\/www.aclanester56.com\\\/velo\\\/antoine-chenadec-victorieux-a-inguiniel\\\/#respond\"]}]},{\"@type\":\"WebPage\",\"@id\":\"https:\\\/\\\/www.aclanester56.com\\\/velo\\\/antoine-chenadec-victorieux-a-inguiniel\\\/\",\"url\":\"https:\\\/\\\/www.aclanester56.com\\\/velo\\\/antoine-chenadec-victorieux-a-inguiniel\\\/\",\"name\":\"Antoine Le Chenadec victorieux sur l'Inguinieloise ! - Avenir Cycliste Lanester 56\",\"isPartOf\":{\"@id\":\"https:\\\/\\\/www.aclanester56.com\\\/velo\\\/#website\"},\"primaryImageOfPage\":{\"@id\":\"https:\\\/\\\/www.aclanester56.com\\\/velo\\\/antoine-chenadec-victorieux-a-inguiniel\\\/#primaryimage\"},\"image\":{\"@id\":\"https:\\\/\\\/www.aclanester56.com\\\/velo\\\/antoine-chenadec-victorieux-a-inguiniel\\\/#primaryimage\"},\"thumbnailUrl\":\"https:\\\/\\\/www.aclanester56.com\\\/velo\\\/wp-content\\\/uploads\\\/2016\\\/05\\\/DSCN0928-Copie.jpg\",\"datePublished\":\"2016-05-29T21:06:12+00:00\",\"dateModified\":\"2016-05-30T13:21:11+00:00\",\"inLanguage\":\"fr-FR\",\"potentialAction\":[{\"@type\":\"ReadAction\",\"target\":[\"https:\\\/\\\/www.aclanester56.com\\\/velo\\\/antoine-chenadec-victorieux-a-inguiniel\\\/\"]}]},{\"@type\":\"ImageObject\",\"inLanguage\":\"fr-FR\",\"@id\":\"https:\\\/\\\/www.aclanester56.com\\\/velo\\\/antoine-chenadec-victorieux-a-inguiniel\\\/#primaryimage\",\"url\":\"https:\\\/\\\/www.aclanester56.com\\\/velo\\\/wp-content\\\/uploads\\\/2016\\\/05\\\/DSCN0928-Copie.jpg\",\"contentUrl\":\"https:\\\/\\\/www.aclanester56.com\\\/velo\\\/wp-content\\\/uploads\\\/2016\\\/05\\\/DSCN0928-Copie.jpg\",\"width\":880,\"height\":450},{\"@type\":\"WebSite\",\"@id\":\"https:\\\/\\\/www.aclanester56.com\\\/velo\\\/#website\",\"url\":\"https:\\\/\\\/www.aclanester56.com\\\/velo\\\/\",\"name\":\"Avenir Cycliste Lanester 56\",\"description\":\"Club cycliste de l&#039;AC LANESTER 56\",\"publisher\":{\"@id\":\"https:\\\/\\\/www.aclanester56.com\\\/velo\\\/#organization\"},\"potentialAction\":[{\"@type\":\"SearchAction\",\"target\":{\"@type\":\"EntryPoint\",\"urlTemplate\":\"https:\\\/\\\/www.aclanester56.com\\\/velo\\\/?s={search_term_string}\"},\"query-input\":{\"@type\":\"PropertyValueSpecification\",\"valueRequired\":true,\"valueName\":\"search_term_string\"}}],\"inLanguage\":\"fr-FR\"},{\"@type\":\"Organization\",\"@id\":\"https:\\\/\\\/www.aclanester56.com\\\/velo\\\/#organization\",\"name\":\"Avenir Cycliste Lanester 56\",\"url\":\"https:\\\/\\\/www.aclanester56.com\\\/velo\\\/\",\"logo\":{\"@type\":\"ImageObject\",\"inLanguage\":\"fr-FR\",\"@id\":\"https:\\\/\\\/www.aclanester56.com\\\/velo\\\/#\\\/schema\\\/logo\\\/image\\\/\",\"url\":\"https:\\\/\\\/www.aclanester56.com\\\/velo\\\/wp-content\\\/uploads\\\/2013\\\/04\\\/logo-ACL.jpg\",\"contentUrl\":\"https:\\\/\\\/www.aclanester56.com\\\/velo\\\/wp-content\\\/uploads\\\/2013\\\/04\\\/logo-ACL.jpg\",\"width\":400,\"height\":334,\"caption\":\"Avenir Cycliste Lanester 56\"},\"image\":{\"@id\":\"https:\\\/\\\/www.aclanester56.com\\\/velo\\\/#\\\/schema\\\/logo\\\/image\\\/\"},\"sameAs\":[\"https:\\\/\\\/www.facebook.com\\\/pages\\\/AC-Lanester-56\\\/190286300991242?fref=ts\"]},{\"@type\":\"Person\",\"@id\":\"https:\\\/\\\/www.aclanester56.com\\\/velo\\\/#\\\/schema\\\/person\\\/ca2a44a5fd969e9dd846c72d3b33bc01\",\"name\":\"Jean-Christophe\",\"url\":\"https:\\\/\\\/www.aclanester56.com\\\/velo\\\/author\\\/jeanchristophe\\\/\"}]}<\/script>\n<!-- \/ Yoast SEO plugin. -->","yoast_head_json":{"title":"Antoine Le Chenadec victorieux sur l'Inguinieloise ! - Avenir Cycliste Lanester 56","robots":{"index":"index","follow":"follow","max-snippet":"max-snippet:-1","max-image-preview":"max-image-preview:large","max-video-preview":"max-video-preview:-1"},"canonical":"https:\/\/www.aclanester56.com\/velo\/antoine-chenadec-victorieux-a-inguiniel\/","og_locale":"fr_FR","og_type":"article","og_title":"Antoine Le Chenadec victorieux sur l'Inguinieloise ! - Avenir Cycliste Lanester 56","og_url":"https:\/\/www.aclanester56.com\/velo\/antoine-chenadec-victorieux-a-inguiniel\/","og_site_name":"Avenir Cycliste Lanester 56","article_publisher":"https:\/\/www.facebook.com\/pages\/AC-Lanester-56\/190286300991242?fref=ts","article_published_time":"2016-05-29T21:06:12+00:00","article_modified_time":"2016-05-30T13:21:11+00:00","og_image":[{"width":880,"height":450,"url":"https:\/\/www.aclanester56.com\/velo\/wp-content\/uploads\/2016\/05\/DSCN0928-Copie.jpg","type":"image\/jpeg"}],"author":"Jean-Christophe","twitter_misc":{"\u00c9crit par":"Jean-Christophe","Dur\u00e9e de lecture estim\u00e9e":"1 minute"},"schema":{"@context":"https:\/\/schema.org","@graph":[{"@type":"Article","@id":"https:\/\/www.aclanester56.com\/velo\/antoine-chenadec-victorieux-a-inguiniel\/#article","isPartOf":{"@id":"https:\/\/www.aclanester56.com\/velo\/antoine-chenadec-victorieux-a-inguiniel\/"},"author":{"name":"Jean-Christophe","@id":"https:\/\/www.aclanester56.com\/velo\/#\/schema\/person\/ca2a44a5fd969e9dd846c72d3b33bc01"},"headline":"Antoine Le Chenadec victorieux sur l&rsquo;Inguinieloise !","datePublished":"2016-05-29T21:06:12+00:00","dateModified":"2016-05-30T13:21:11+00:00","mainEntityOfPage":{"@id":"https:\/\/www.aclanester56.com\/velo\/antoine-chenadec-victorieux-a-inguiniel\/"},"wordCount":172,"commentCount":1,"publisher":{"@id":"https:\/\/www.aclanester56.com\/velo\/#organization"},"image":{"@id":"https:\/\/www.aclanester56.com\/velo\/antoine-chenadec-victorieux-a-inguiniel\/#primaryimage"},"thumbnailUrl":"https:\/\/www.aclanester56.com\/velo\/wp-content\/uploads\/2016\/05\/DSCN0928-Copie.jpg","articleSection":["AC LANESTER 56","R\u00e9sultats Ecole de cyclisme","R\u00e9sultats Juniors"],"inLanguage":"fr-FR","potentialAction":[{"@type":"CommentAction","name":"Comment","target":["https:\/\/www.aclanester56.com\/velo\/antoine-chenadec-victorieux-a-inguiniel\/#respond"]}]},{"@type":"WebPage","@id":"https:\/\/www.aclanester56.com\/velo\/antoine-chenadec-victorieux-a-inguiniel\/","url":"https:\/\/www.aclanester56.com\/velo\/antoine-chenadec-victorieux-a-inguiniel\/","name":"Antoine Le Chenadec victorieux sur l'Inguinieloise ! - Avenir Cycliste Lanester 56","isPartOf":{"@id":"https:\/\/www.aclanester56.com\/velo\/#website"},"primaryImageOfPage":{"@id":"https:\/\/www.aclanester56.com\/velo\/antoine-chenadec-victorieux-a-inguiniel\/#primaryimage"},"image":{"@id":"https:\/\/www.aclanester56.com\/velo\/antoine-chenadec-victorieux-a-inguiniel\/#primaryimage"},"thumbnailUrl":"https:\/\/www.aclanester56.com\/velo\/wp-content\/uploads\/2016\/05\/DSCN0928-Copie.jpg","datePublished":"2016-05-29T21:06:12+00:00","dateModified":"2016-05-30T13:21:11+00:00","inLanguage":"fr-FR","potentialAction":[{"@type":"ReadAction","target":["https:\/\/www.aclanester56.com\/velo\/antoine-chenadec-victorieux-a-inguiniel\/"]}]},{"@type":"ImageObject","inLanguage":"fr-FR","@id":"https:\/\/www.aclanester56.com\/velo\/antoine-chenadec-victorieux-a-inguiniel\/#primaryimage","url":"https:\/\/www.aclanester56.com\/velo\/wp-content\/uploads\/2016\/05\/DSCN0928-Copie.jpg","contentUrl":"https:\/\/www.aclanester56.com\/velo\/wp-content\/uploads\/2016\/05\/DSCN0928-Copie.jpg","width":880,"height":450},{"@type":"WebSite","@id":"https:\/\/www.aclanester56.com\/velo\/#website","url":"https:\/\/www.aclanester56.com\/velo\/","name":"Avenir Cycliste Lanester 56","description":"Club cycliste de l&#039;AC LANESTER 56","publisher":{"@id":"https:\/\/www.aclanester56.com\/velo\/#organization"},"potentialAction":[{"@type":"SearchAction","target":{"@type":"EntryPoint","urlTemplate":"https:\/\/www.aclanester56.com\/velo\/?s={search_term_string}"},"query-input":{"@type":"PropertyValueSpecification","valueRequired":true,"valueName":"search_term_string"}}],"inLanguage":"fr-FR"},{"@type":"Organization","@id":"https:\/\/www.aclanester56.com\/velo\/#organization","name":"Avenir Cycliste Lanester 56","url":"https:\/\/www.aclanester56.com\/velo\/","logo":{"@type":"ImageObject","inLanguage":"fr-FR","@id":"https:\/\/www.aclanester56.com\/velo\/#\/schema\/logo\/image\/","url":"https:\/\/www.aclanester56.com\/velo\/wp-content\/uploads\/2013\/04\/logo-ACL.jpg","contentUrl":"https:\/\/www.aclanester56.com\/velo\/wp-content\/uploads\/2013\/04\/logo-ACL.jpg","width":400,"height":334,"caption":"Avenir Cycliste Lanester 56"},"image":{"@id":"https:\/\/www.aclanester56.com\/velo\/#\/schema\/logo\/image\/"},"sameAs":["https:\/\/www.facebook.com\/pages\/AC-Lanester-56\/190286300991242?fref=ts"]},{"@type":"Person","@id":"https:\/\/www.aclanester56.com\/velo\/#\/schema\/person\/ca2a44a5fd969e9dd846c72d3b33bc01","name":"Jean-Christophe","url":"https:\/\/www.aclanester56.com\/velo\/author\/jeanchristophe\/"}]}},"_links":{"self":[{"href":"https:\/\/www.aclanester56.com\/velo\/wp-json\/wp\/v2\/posts\/28527","targetHints":{"allow":["GET"]}}],"collection":[{"href":"https:\/\/www.aclanester56.com\/velo\/wp-json\/wp\/v2\/posts"}],"about":[{"href":"https:\/\/www.aclanester56.com\/velo\/wp-json\/wp\/v2\/types\/post"}],"author":[{"embeddable":true,"href":"https:\/\/www.aclanester56.com\/velo\/wp-json\/wp\/v2\/users\/14"}],"replies":[{"embeddable":true,"href":"https:\/\/www.aclanester56.com\/velo\/wp-json\/wp\/v2\/comments?post=28527"}],"version-history":[{"count":3,"href":"https:\/\/www.aclanester56.com\/velo\/wp-json\/wp\/v2\/posts\/28527\/revisions"}],"predecessor-version":[{"id":28542,"href":"https:\/\/www.aclanester56.com\/velo\/wp-json\/wp\/v2\/posts\/28527\/revisions\/28542"}],"wp:featuredmedia":[{"embeddable":true,"href":"https:\/\/www.aclanester56.com\/velo\/wp-json\/wp\/v2\/media\/28539"}],"wp:attachment":[{"href":"https:\/\/www.aclanester56.com\/velo\/wp-json\/wp\/v2\/media?parent=28527"}],"wp:term":[{"taxonomy":"category","embeddable":true,"href":"https:\/\/www.aclanester56.com\/velo\/wp-json\/wp\/v2\/categories?post=28527"},{"taxonomy":"post_tag","embeddable":true,"href":"https:\/\/www.aclanester56.com\/velo\/wp-json\/wp\/v2\/tags?post=28527"}],"curies":[{"name":"wp","href":"https:\/\/api.w.org\/{rel}","templated":true}]}}