{"id":28557,"date":"2016-06-08T15:39:46","date_gmt":"2016-06-08T14:39:46","guid":{"rendered":"http:\/\/www.aclanester56.com\/velo\/?p=28557"},"modified":"2016-06-09T18:02:35","modified_gmt":"2016-06-09T17:02:35","slug":"tremorel-soen-le-bouedec-sur-le-podium","status":"publish","type":"post","link":"https:\/\/www.aclanester56.com\/velo\/tremorel-soen-le-bouedec-sur-le-podium\/","title":{"rendered":"Tr\u00e9morel : Soen Le Bou\u00ebdec sur le podium !"},"content":{"rendered":"<p><!--more--><\/p>\n<p><em>Photos : Gilles Le Bou\u00ebdec et Val\u00e9rie Duval.<\/em><\/p>\n<p><img loading=\"lazy\" decoding=\"async\" class=\"alignright size-full wp-image-28595\" src=\"http:\/\/www.aclanester56.com\/velo\/wp-content\/uploads\/2016\/06\/JunSenTremorel.jpg\" alt=\"JunSenTremorel\" width=\"640\" height=\"359\" srcset=\"https:\/\/www.aclanester56.com\/velo\/wp-content\/uploads\/2016\/06\/JunSenTremorel.jpg 640w, https:\/\/www.aclanester56.com\/velo\/wp-content\/uploads\/2016\/06\/JunSenTremorel-300x168.jpg 300w, https:\/\/www.aclanester56.com\/velo\/wp-content\/uploads\/2016\/06\/JunSenTremorel-600x337.jpg 600w, https:\/\/www.aclanester56.com\/velo\/wp-content\/uploads\/2016\/06\/JunSenTremorel-100x56.jpg 100w\" sizes=\"auto, (max-width: 640px) 100vw, 640px\" \/><\/p>\n<p style=\"text-align: justify;\">Apr\u00e8s l&rsquo;\u00e9preuve de Belle-Ile-en-Mer, le jeune Lanest\u00e9rien Soen Le Bou\u00ebdec est mont\u00e9 pour la 2\u00e8me fois de la saison sur le podium \u00e0 Tr\u00e9morel dimanche dernier, battu de peu pour la 2\u00e8me place. Soen n&rsquo;\u00e9tait pas peu fier que les encadrants et coureurs Juniors et Seniors pr\u00e9sents \u00e0 Tr\u00e9morel l&rsquo;aient encourag\u00e9 \u00e0 son passage !<\/p>\n<p style=\"text-align: justify;\">Chez les plus grands, ils \u00e9taient 7 coureurs de 17 ans et plus de l&rsquo;AC Lanester 56 \u00e0 participer \u00e0 cette \u00e9preuve en 2 demi-\u00e9tapes avec un contre-la-montre le matin o\u00f9 le champion de Bretagne du KM Mewen Baltenweck s&rsquo;est montr\u00e9 \u00e0 son avantage avec une belle 15\u00e8me place, et une course en circuit l&rsquo;apr\u00e8s-midi. Au classement g\u00e9n\u00e9ral, le junior 1 Johann Revolt Le Bou\u00e9dec r\u00e9alise une bonne performance en int\u00e9grant le top 20 !<\/p>\n<p><!-- default-view.php -->\n<div\n\tclass=\"ngg-galleryoverview default-view\n\t ngg-ajax-pagination-none\t\"\n\tid=\"ngg-gallery-0d02bcc1430cfd9a53598203f24c00cd-1\"\n\tdata-nextgen-gallery-id=\"267\"\n\tdata-gallery-id=\"267\"\n\t\tdata-gallery-name=\"Tr\u00e9morel - 05-06-2016\"\n\t>\n\n\t\t<!-- Thumbnails -->\n\t\t\t\t<div id=\"ngg-image-0\" class=\"ngg-gallery-thumbnail-box\n\t\t\t\t\t\t\t\t\t\t\t\"\n\t\t\t>\n\t\t\t\t\t\t<div class=\"ngg-gallery-thumbnail\">\n\t\t<a href=\"https:\/\/www.aclanester56.com\/velo\/wp-content\/gallery\/Tr%C3%A9morel---05-06-2016\/cliquez-sur-l-image_21492-3-grand.jpg?t=1601003286\"\n\t\t\ttitle=\"\"\n\t\t\tdata-src=\"https:\/\/www.aclanester56.com\/velo\/wp-content\/gallery\/Tr%C3%A9morel---05-06-2016\/cliquez-sur-l-image_21492-3-grand.jpg?t=1601003286\"\n\t\t\tdata-thumbnail=\"https:\/\/www.aclanester56.com\/velo\/wp-content\/gallery\/Tr%C3%A9morel---05-06-2016\/thumbs\/thumbs_cliquez-sur-l-image_21492-3-grand.jpg?t=1601003286\"\n\t\t\tdata-image-id=\"10397\"\n\t\t\tdata-image-name=\"cliquez-sur-l-image_21492-3-grand.jpg\"\n\t\t\tdata-title=\"cliquez-sur-l-image_21492-3-grand\"\n\t\t\tdata-description=\"\"\n\t\t\tdata-image-slug=\"cliquez-sur-l-image_21492-3-grand\"\n\t\t\t\t\t\t\t\t\t\t\t\t\t\t\t\t\t\t\t\tclass=\"ngg-simplelightbox\" rel=\"0d02bcc1430cfd9a53598203f24c00cd\">\n\t\t\t\t\t\t\t\t<img\n\t\t\t\t\ttitle=\"cliquez-sur-l-image_21492-3-grand\"\n\t\t\t\t\talt=\"cliquez-sur-l-image_21492-3-grand\"\n\t\t\t\t\tsrc=\"https:\/\/www.aclanester56.com\/velo\/wp-content\/gallery\/Tr%C3%A9morel---05-06-2016\/thumbs\/thumbs_cliquez-sur-l-image_21492-3-grand.jpg?t=1601003286\"\n\t\t\t\t\twidth=\"100\"\n\t\t\t\t\theight=\"100\"\n\t\t\t\t\tstyle=\"max-width:100%;\"\n\t\t\t\t\/>\n\t\t\t<\/a>\n\t\t<\/div>\n\t\t\t\t\t\t\t<\/div>\n\t\t\t\n\t\t\t\t<div id=\"ngg-image-1\" class=\"ngg-gallery-thumbnail-box\n\t\t\t\t\t\t\t\t\t\t\t\"\n\t\t\t>\n\t\t\t\t\t\t<div class=\"ngg-gallery-thumbnail\">\n\t\t<a href=\"https:\/\/www.aclanester56.com\/velo\/wp-content\/gallery\/Tr%C3%A9morel---05-06-2016\/IMG_20160605_133553.jpg?t=1465294740\"\n\t\t\ttitle=\"\"\n\t\t\tdata-src=\"https:\/\/www.aclanester56.com\/velo\/wp-content\/gallery\/Tr%C3%A9morel---05-06-2016\/IMG_20160605_133553.jpg?t=1465294740\"\n\t\t\tdata-thumbnail=\"https:\/\/www.aclanester56.com\/velo\/wp-content\/gallery\/Tr%C3%A9morel---05-06-2016\/thumbs\/thumbs_IMG_20160605_133553.jpg?t=1465294740\"\n\t\t\tdata-image-id=\"10398\"\n\t\t\tdata-image-name=\"IMG_20160605_133553.jpg\"\n\t\t\tdata-title=\"IMG_20160605_133553\"\n\t\t\tdata-description=\"\"\n\t\t\tdata-image-slug=\"img_20160605_133553\"\n\t\t\t\t\t\t\t\t\t\t\t\t\t\t\t\t\t\t\t\tclass=\"ngg-simplelightbox\" rel=\"0d02bcc1430cfd9a53598203f24c00cd\">\n\t\t\t\t\t\t\t\t<img\n\t\t\t\t\ttitle=\"IMG_20160605_133553\"\n\t\t\t\t\talt=\"IMG_20160605_133553\"\n\t\t\t\t\tsrc=\"https:\/\/www.aclanester56.com\/velo\/wp-content\/gallery\/Tr%C3%A9morel---05-06-2016\/thumbs\/thumbs_IMG_20160605_133553.jpg?t=1465294740\"\n\t\t\t\t\twidth=\"100\"\n\t\t\t\t\theight=\"100\"\n\t\t\t\t\tstyle=\"max-width:100%;\"\n\t\t\t\t\/>\n\t\t\t<\/a>\n\t\t<\/div>\n\t\t\t\t\t\t\t<\/div>\n\t\t\t\n\t\t\t\t<div id=\"ngg-image-2\" class=\"ngg-gallery-thumbnail-box\n\t\t\t\t\t\t\t\t\t\t\t\"\n\t\t\t>\n\t\t\t\t\t\t<div class=\"ngg-gallery-thumbnail\">\n\t\t<a href=\"https:\/\/www.aclanester56.com\/velo\/wp-content\/gallery\/Tr%C3%A9morel---05-06-2016\/IMG_20160605_133609.jpg?t=1465294765\"\n\t\t\ttitle=\"\"\n\t\t\tdata-src=\"https:\/\/www.aclanester56.com\/velo\/wp-content\/gallery\/Tr%C3%A9morel---05-06-2016\/IMG_20160605_133609.jpg?t=1465294765\"\n\t\t\tdata-thumbnail=\"https:\/\/www.aclanester56.com\/velo\/wp-content\/gallery\/Tr%C3%A9morel---05-06-2016\/thumbs\/thumbs_IMG_20160605_133609.jpg?t=1465294765\"\n\t\t\tdata-image-id=\"10399\"\n\t\t\tdata-image-name=\"IMG_20160605_133609.jpg\"\n\t\t\tdata-title=\"IMG_20160605_133609\"\n\t\t\tdata-description=\"\"\n\t\t\tdata-image-slug=\"img_20160605_133609\"\n\t\t\t\t\t\t\t\t\t\t\t\t\t\t\t\t\t\t\t\tclass=\"ngg-simplelightbox\" rel=\"0d02bcc1430cfd9a53598203f24c00cd\">\n\t\t\t\t\t\t\t\t<img\n\t\t\t\t\ttitle=\"IMG_20160605_133609\"\n\t\t\t\t\talt=\"IMG_20160605_133609\"\n\t\t\t\t\tsrc=\"https:\/\/www.aclanester56.com\/velo\/wp-content\/gallery\/Tr%C3%A9morel---05-06-2016\/thumbs\/thumbs_IMG_20160605_133609.jpg?t=1465294765\"\n\t\t\t\t\twidth=\"100\"\n\t\t\t\t\theight=\"100\"\n\t\t\t\t\tstyle=\"max-width:100%;\"\n\t\t\t\t\/>\n\t\t\t<\/a>\n\t\t<\/div>\n\t\t\t\t\t\t\t<\/div>\n\t\t\t\n\t\t\t\t<div id=\"ngg-image-3\" class=\"ngg-gallery-thumbnail-box\n\t\t\t\t\t\t\t\t\t\t\t\"\n\t\t\t>\n\t\t\t\t\t\t<div class=\"ngg-gallery-thumbnail\">\n\t\t<a href=\"https:\/\/www.aclanester56.com\/velo\/wp-content\/gallery\/Tr%C3%A9morel---05-06-2016\/IMG_20160605_133618.jpg?t=1465294791\"\n\t\t\ttitle=\"\"\n\t\t\tdata-src=\"https:\/\/www.aclanester56.com\/velo\/wp-content\/gallery\/Tr%C3%A9morel---05-06-2016\/IMG_20160605_133618.jpg?t=1465294791\"\n\t\t\tdata-thumbnail=\"https:\/\/www.aclanester56.com\/velo\/wp-content\/gallery\/Tr%C3%A9morel---05-06-2016\/thumbs\/thumbs_IMG_20160605_133618.jpg?t=1465294791\"\n\t\t\tdata-image-id=\"10400\"\n\t\t\tdata-image-name=\"IMG_20160605_133618.jpg\"\n\t\t\tdata-title=\"IMG_20160605_133618\"\n\t\t\tdata-description=\"\"\n\t\t\tdata-image-slug=\"img_20160605_133618\"\n\t\t\t\t\t\t\t\t\t\t\t\t\t\t\t\t\t\t\t\tclass=\"ngg-simplelightbox\" rel=\"0d02bcc1430cfd9a53598203f24c00cd\">\n\t\t\t\t\t\t\t\t<img\n\t\t\t\t\ttitle=\"IMG_20160605_133618\"\n\t\t\t\t\talt=\"IMG_20160605_133618\"\n\t\t\t\t\tsrc=\"https:\/\/www.aclanester56.com\/velo\/wp-content\/gallery\/Tr%C3%A9morel---05-06-2016\/thumbs\/thumbs_IMG_20160605_133618.jpg?t=1465294791\"\n\t\t\t\t\twidth=\"100\"\n\t\t\t\t\theight=\"100\"\n\t\t\t\t\tstyle=\"max-width:100%;\"\n\t\t\t\t\/>\n\t\t\t<\/a>\n\t\t<\/div>\n\t\t\t\t\t\t\t<\/div>\n\t\t\t\n\t\t\t\t<div id=\"ngg-image-4\" class=\"ngg-gallery-thumbnail-box\n\t\t\t\t\t\t\t\t\t\t\t\"\n\t\t\t>\n\t\t\t\t\t\t<div class=\"ngg-gallery-thumbnail\">\n\t\t<a href=\"https:\/\/www.aclanester56.com\/velo\/wp-content\/gallery\/Tr%C3%A9morel---05-06-2016\/IMG_20160605_134819.jpg?t=1465294818\"\n\t\t\ttitle=\"\"\n\t\t\tdata-src=\"https:\/\/www.aclanester56.com\/velo\/wp-content\/gallery\/Tr%C3%A9morel---05-06-2016\/IMG_20160605_134819.jpg?t=1465294818\"\n\t\t\tdata-thumbnail=\"https:\/\/www.aclanester56.com\/velo\/wp-content\/gallery\/Tr%C3%A9morel---05-06-2016\/thumbs\/thumbs_IMG_20160605_134819.jpg?t=1465294818\"\n\t\t\tdata-image-id=\"10401\"\n\t\t\tdata-image-name=\"IMG_20160605_134819.jpg\"\n\t\t\tdata-title=\"IMG_20160605_134819\"\n\t\t\tdata-description=\"\"\n\t\t\tdata-image-slug=\"img_20160605_134819\"\n\t\t\t\t\t\t\t\t\t\t\t\t\t\t\t\t\t\t\t\tclass=\"ngg-simplelightbox\" rel=\"0d02bcc1430cfd9a53598203f24c00cd\">\n\t\t\t\t\t\t\t\t<img\n\t\t\t\t\ttitle=\"IMG_20160605_134819\"\n\t\t\t\t\talt=\"IMG_20160605_134819\"\n\t\t\t\t\tsrc=\"https:\/\/www.aclanester56.com\/velo\/wp-content\/gallery\/Tr%C3%A9morel---05-06-2016\/thumbs\/thumbs_IMG_20160605_134819.jpg?t=1465294818\"\n\t\t\t\t\twidth=\"100\"\n\t\t\t\t\theight=\"100\"\n\t\t\t\t\tstyle=\"max-width:100%;\"\n\t\t\t\t\/>\n\t\t\t<\/a>\n\t\t<\/div>\n\t\t\t\t\t\t\t<\/div>\n\t\t\t\n\t\t\t\t<div id=\"ngg-image-5\" class=\"ngg-gallery-thumbnail-box\n\t\t\t\t\t\t\t\t\t\t\t\"\n\t\t\t>\n\t\t\t\t\t\t<div class=\"ngg-gallery-thumbnail\">\n\t\t<a href=\"https:\/\/www.aclanester56.com\/velo\/wp-content\/gallery\/Tr%C3%A9morel---05-06-2016\/IMG_20160605_134857.jpg?t=1465294850\"\n\t\t\ttitle=\"\"\n\t\t\tdata-src=\"https:\/\/www.aclanester56.com\/velo\/wp-content\/gallery\/Tr%C3%A9morel---05-06-2016\/IMG_20160605_134857.jpg?t=1465294850\"\n\t\t\tdata-thumbnail=\"https:\/\/www.aclanester56.com\/velo\/wp-content\/gallery\/Tr%C3%A9morel---05-06-2016\/thumbs\/thumbs_IMG_20160605_134857.jpg?t=1465294850\"\n\t\t\tdata-image-id=\"10402\"\n\t\t\tdata-image-name=\"IMG_20160605_134857.jpg\"\n\t\t\tdata-title=\"IMG_20160605_134857\"\n\t\t\tdata-description=\"\"\n\t\t\tdata-image-slug=\"img_20160605_134857\"\n\t\t\t\t\t\t\t\t\t\t\t\t\t\t\t\t\t\t\t\tclass=\"ngg-simplelightbox\" rel=\"0d02bcc1430cfd9a53598203f24c00cd\">\n\t\t\t\t\t\t\t\t<img\n\t\t\t\t\ttitle=\"IMG_20160605_134857\"\n\t\t\t\t\talt=\"IMG_20160605_134857\"\n\t\t\t\t\tsrc=\"https:\/\/www.aclanester56.com\/velo\/wp-content\/gallery\/Tr%C3%A9morel---05-06-2016\/thumbs\/thumbs_IMG_20160605_134857.jpg?t=1465294850\"\n\t\t\t\t\twidth=\"100\"\n\t\t\t\t\theight=\"100\"\n\t\t\t\t\tstyle=\"max-width:100%;\"\n\t\t\t\t\/>\n\t\t\t<\/a>\n\t\t<\/div>\n\t\t\t\t\t\t\t<\/div>\n\t\t\t\n\t\t\t\t<div id=\"ngg-image-6\" class=\"ngg-gallery-thumbnail-box\n\t\t\t\t\t\t\t\t\t\t\t\"\n\t\t\t>\n\t\t\t\t\t\t<div class=\"ngg-gallery-thumbnail\">\n\t\t<a href=\"https:\/\/www.aclanester56.com\/velo\/wp-content\/gallery\/Tr%C3%A9morel---05-06-2016\/IMG_20160605_134903.jpg?t=1465294881\"\n\t\t\ttitle=\"\"\n\t\t\tdata-src=\"https:\/\/www.aclanester56.com\/velo\/wp-content\/gallery\/Tr%C3%A9morel---05-06-2016\/IMG_20160605_134903.jpg?t=1465294881\"\n\t\t\tdata-thumbnail=\"https:\/\/www.aclanester56.com\/velo\/wp-content\/gallery\/Tr%C3%A9morel---05-06-2016\/thumbs\/thumbs_IMG_20160605_134903.jpg?t=1465294881\"\n\t\t\tdata-image-id=\"10403\"\n\t\t\tdata-image-name=\"IMG_20160605_134903.jpg\"\n\t\t\tdata-title=\"IMG_20160605_134903\"\n\t\t\tdata-description=\"\"\n\t\t\tdata-image-slug=\"img_20160605_134903\"\n\t\t\t\t\t\t\t\t\t\t\t\t\t\t\t\t\t\t\t\tclass=\"ngg-simplelightbox\" rel=\"0d02bcc1430cfd9a53598203f24c00cd\">\n\t\t\t\t\t\t\t\t<img\n\t\t\t\t\ttitle=\"IMG_20160605_134903\"\n\t\t\t\t\talt=\"IMG_20160605_134903\"\n\t\t\t\t\tsrc=\"https:\/\/www.aclanester56.com\/velo\/wp-content\/gallery\/Tr%C3%A9morel---05-06-2016\/thumbs\/thumbs_IMG_20160605_134903.jpg?t=1465294881\"\n\t\t\t\t\twidth=\"100\"\n\t\t\t\t\theight=\"100\"\n\t\t\t\t\tstyle=\"max-width:100%;\"\n\t\t\t\t\/>\n\t\t\t<\/a>\n\t\t<\/div>\n\t\t\t\t\t\t\t<\/div>\n\t\t\t\n\t\t\t\t<div id=\"ngg-image-7\" class=\"ngg-gallery-thumbnail-box\n\t\t\t\t\t\t\t\t\t\t\t\"\n\t\t\t>\n\t\t\t\t\t\t<div class=\"ngg-gallery-thumbnail\">\n\t\t<a href=\"https:\/\/www.aclanester56.com\/velo\/wp-content\/gallery\/Tr%C3%A9morel---05-06-2016\/IMG_20160605_150839.jpg?t=1465294918\"\n\t\t\ttitle=\"\"\n\t\t\tdata-src=\"https:\/\/www.aclanester56.com\/velo\/wp-content\/gallery\/Tr%C3%A9morel---05-06-2016\/IMG_20160605_150839.jpg?t=1465294918\"\n\t\t\tdata-thumbnail=\"https:\/\/www.aclanester56.com\/velo\/wp-content\/gallery\/Tr%C3%A9morel---05-06-2016\/thumbs\/thumbs_IMG_20160605_150839.jpg?t=1465294918\"\n\t\t\tdata-image-id=\"10404\"\n\t\t\tdata-image-name=\"IMG_20160605_150839.jpg\"\n\t\t\tdata-title=\"IMG_20160605_150839\"\n\t\t\tdata-description=\"\"\n\t\t\tdata-image-slug=\"img_20160605_150839\"\n\t\t\t\t\t\t\t\t\t\t\t\t\t\t\t\t\t\t\t\tclass=\"ngg-simplelightbox\" rel=\"0d02bcc1430cfd9a53598203f24c00cd\">\n\t\t\t\t\t\t\t\t<img\n\t\t\t\t\ttitle=\"IMG_20160605_150839\"\n\t\t\t\t\talt=\"IMG_20160605_150839\"\n\t\t\t\t\tsrc=\"https:\/\/www.aclanester56.com\/velo\/wp-content\/gallery\/Tr%C3%A9morel---05-06-2016\/thumbs\/thumbs_IMG_20160605_150839.jpg?t=1465294918\"\n\t\t\t\t\twidth=\"100\"\n\t\t\t\t\theight=\"100\"\n\t\t\t\t\tstyle=\"max-width:100%;\"\n\t\t\t\t\/>\n\t\t\t<\/a>\n\t\t<\/div>\n\t\t\t\t\t\t\t<\/div>\n\t\t\t\n\t\t\t\t<div id=\"ngg-image-8\" class=\"ngg-gallery-thumbnail-box\n\t\t\t\t\t\t\t\t\t\t\t\"\n\t\t\t>\n\t\t\t\t\t\t<div class=\"ngg-gallery-thumbnail\">\n\t\t<a href=\"https:\/\/www.aclanester56.com\/velo\/wp-content\/gallery\/Tr%C3%A9morel---05-06-2016\/IMG_20160605_150906.jpg?t=1465294951\"\n\t\t\ttitle=\"\"\n\t\t\tdata-src=\"https:\/\/www.aclanester56.com\/velo\/wp-content\/gallery\/Tr%C3%A9morel---05-06-2016\/IMG_20160605_150906.jpg?t=1465294951\"\n\t\t\tdata-thumbnail=\"https:\/\/www.aclanester56.com\/velo\/wp-content\/gallery\/Tr%C3%A9morel---05-06-2016\/thumbs\/thumbs_IMG_20160605_150906.jpg?t=1465294951\"\n\t\t\tdata-image-id=\"10405\"\n\t\t\tdata-image-name=\"IMG_20160605_150906.jpg\"\n\t\t\tdata-title=\"IMG_20160605_150906\"\n\t\t\tdata-description=\"\"\n\t\t\tdata-image-slug=\"img_20160605_150906\"\n\t\t\t\t\t\t\t\t\t\t\t\t\t\t\t\t\t\t\t\tclass=\"ngg-simplelightbox\" rel=\"0d02bcc1430cfd9a53598203f24c00cd\">\n\t\t\t\t\t\t\t\t<img\n\t\t\t\t\ttitle=\"IMG_20160605_150906\"\n\t\t\t\t\talt=\"IMG_20160605_150906\"\n\t\t\t\t\tsrc=\"https:\/\/www.aclanester56.com\/velo\/wp-content\/gallery\/Tr%C3%A9morel---05-06-2016\/thumbs\/thumbs_IMG_20160605_150906.jpg?t=1465294951\"\n\t\t\t\t\twidth=\"100\"\n\t\t\t\t\theight=\"100\"\n\t\t\t\t\tstyle=\"max-width:100%;\"\n\t\t\t\t\/>\n\t\t\t<\/a>\n\t\t<\/div>\n\t\t\t\t\t\t\t<\/div>\n\t\t\t\n\t\t\t\t<div id=\"ngg-image-9\" class=\"ngg-gallery-thumbnail-box\n\t\t\t\t\t\t\t\t\t\t\t\"\n\t\t\t>\n\t\t\t\t\t\t<div class=\"ngg-gallery-thumbnail\">\n\t\t<a href=\"https:\/\/www.aclanester56.com\/velo\/wp-content\/gallery\/Tr%C3%A9morel---05-06-2016\/IMG_20160605_150915.jpg?t=1465294993\"\n\t\t\ttitle=\"\"\n\t\t\tdata-src=\"https:\/\/www.aclanester56.com\/velo\/wp-content\/gallery\/Tr%C3%A9morel---05-06-2016\/IMG_20160605_150915.jpg?t=1465294993\"\n\t\t\tdata-thumbnail=\"https:\/\/www.aclanester56.com\/velo\/wp-content\/gallery\/Tr%C3%A9morel---05-06-2016\/thumbs\/thumbs_IMG_20160605_150915.jpg?t=1465294993\"\n\t\t\tdata-image-id=\"10406\"\n\t\t\tdata-image-name=\"IMG_20160605_150915.jpg\"\n\t\t\tdata-title=\"IMG_20160605_150915\"\n\t\t\tdata-description=\"\"\n\t\t\tdata-image-slug=\"img_20160605_150915\"\n\t\t\t\t\t\t\t\t\t\t\t\t\t\t\t\t\t\t\t\tclass=\"ngg-simplelightbox\" rel=\"0d02bcc1430cfd9a53598203f24c00cd\">\n\t\t\t\t\t\t\t\t<img\n\t\t\t\t\ttitle=\"IMG_20160605_150915\"\n\t\t\t\t\talt=\"IMG_20160605_150915\"\n\t\t\t\t\tsrc=\"https:\/\/www.aclanester56.com\/velo\/wp-content\/gallery\/Tr%C3%A9morel---05-06-2016\/thumbs\/thumbs_IMG_20160605_150915.jpg?t=1465294993\"\n\t\t\t\t\twidth=\"100\"\n\t\t\t\t\theight=\"100\"\n\t\t\t\t\tstyle=\"max-width:100%;\"\n\t\t\t\t\/>\n\t\t\t<\/a>\n\t\t<\/div>\n\t\t\t\t\t\t\t<\/div>\n\t\t\t\n\t\t\t\t<div id=\"ngg-image-10\" class=\"ngg-gallery-thumbnail-box\n\t\t\t\t\t\t\t\t\t\t\t\"\n\t\t\t>\n\t\t\t\t\t\t<div class=\"ngg-gallery-thumbnail\">\n\t\t<a href=\"https:\/\/www.aclanester56.com\/velo\/wp-content\/gallery\/Tr%C3%A9morel---05-06-2016\/IMG_20160605_150946.jpg?t=1465295029\"\n\t\t\ttitle=\"\"\n\t\t\tdata-src=\"https:\/\/www.aclanester56.com\/velo\/wp-content\/gallery\/Tr%C3%A9morel---05-06-2016\/IMG_20160605_150946.jpg?t=1465295029\"\n\t\t\tdata-thumbnail=\"https:\/\/www.aclanester56.com\/velo\/wp-content\/gallery\/Tr%C3%A9morel---05-06-2016\/thumbs\/thumbs_IMG_20160605_150946.jpg?t=1465295029\"\n\t\t\tdata-image-id=\"10407\"\n\t\t\tdata-image-name=\"IMG_20160605_150946.jpg\"\n\t\t\tdata-title=\"IMG_20160605_150946\"\n\t\t\tdata-description=\"\"\n\t\t\tdata-image-slug=\"img_20160605_150946\"\n\t\t\t\t\t\t\t\t\t\t\t\t\t\t\t\t\t\t\t\tclass=\"ngg-simplelightbox\" rel=\"0d02bcc1430cfd9a53598203f24c00cd\">\n\t\t\t\t\t\t\t\t<img\n\t\t\t\t\ttitle=\"IMG_20160605_150946\"\n\t\t\t\t\talt=\"IMG_20160605_150946\"\n\t\t\t\t\tsrc=\"https:\/\/www.aclanester56.com\/velo\/wp-content\/gallery\/Tr%C3%A9morel---05-06-2016\/thumbs\/thumbs_IMG_20160605_150946.jpg?t=1465295029\"\n\t\t\t\t\twidth=\"100\"\n\t\t\t\t\theight=\"100\"\n\t\t\t\t\tstyle=\"max-width:100%;\"\n\t\t\t\t\/>\n\t\t\t<\/a>\n\t\t<\/div>\n\t\t\t\t\t\t\t<\/div>\n\t\t\t\n\t\t\t\t<div id=\"ngg-image-11\" class=\"ngg-gallery-thumbnail-box\n\t\t\t\t\t\t\t\t\t\t\t\"\n\t\t\t>\n\t\t\t\t\t\t<div class=\"ngg-gallery-thumbnail\">\n\t\t<a href=\"https:\/\/www.aclanester56.com\/velo\/wp-content\/gallery\/Tr%C3%A9morel---05-06-2016\/IMG_20160605_150953.jpg?t=1465295064\"\n\t\t\ttitle=\"\"\n\t\t\tdata-src=\"https:\/\/www.aclanester56.com\/velo\/wp-content\/gallery\/Tr%C3%A9morel---05-06-2016\/IMG_20160605_150953.jpg?t=1465295064\"\n\t\t\tdata-thumbnail=\"https:\/\/www.aclanester56.com\/velo\/wp-content\/gallery\/Tr%C3%A9morel---05-06-2016\/thumbs\/thumbs_IMG_20160605_150953.jpg?t=1465295064\"\n\t\t\tdata-image-id=\"10408\"\n\t\t\tdata-image-name=\"IMG_20160605_150953.jpg\"\n\t\t\tdata-title=\"IMG_20160605_150953\"\n\t\t\tdata-description=\"\"\n\t\t\tdata-image-slug=\"img_20160605_150953\"\n\t\t\t\t\t\t\t\t\t\t\t\t\t\t\t\t\t\t\t\tclass=\"ngg-simplelightbox\" rel=\"0d02bcc1430cfd9a53598203f24c00cd\">\n\t\t\t\t\t\t\t\t<img\n\t\t\t\t\ttitle=\"IMG_20160605_150953\"\n\t\t\t\t\talt=\"IMG_20160605_150953\"\n\t\t\t\t\tsrc=\"https:\/\/www.aclanester56.com\/velo\/wp-content\/gallery\/Tr%C3%A9morel---05-06-2016\/thumbs\/thumbs_IMG_20160605_150953.jpg?t=1465295064\"\n\t\t\t\t\twidth=\"100\"\n\t\t\t\t\theight=\"100\"\n\t\t\t\t\tstyle=\"max-width:100%;\"\n\t\t\t\t\/>\n\t\t\t<\/a>\n\t\t<\/div>\n\t\t\t\t\t\t\t<\/div>\n\t\t\t\n\t\t\t\t<div id=\"ngg-image-12\" class=\"ngg-gallery-thumbnail-box\n\t\t\t\t\t\t\t\t\t\t\t\"\n\t\t\t>\n\t\t\t\t\t\t<div class=\"ngg-gallery-thumbnail\">\n\t\t<a href=\"https:\/\/www.aclanester56.com\/velo\/wp-content\/gallery\/Tr%C3%A9morel---05-06-2016\/IMG_20160605_151008.jpg?t=1465295088\"\n\t\t\ttitle=\"\"\n\t\t\tdata-src=\"https:\/\/www.aclanester56.com\/velo\/wp-content\/gallery\/Tr%C3%A9morel---05-06-2016\/IMG_20160605_151008.jpg?t=1465295088\"\n\t\t\tdata-thumbnail=\"https:\/\/www.aclanester56.com\/velo\/wp-content\/gallery\/Tr%C3%A9morel---05-06-2016\/thumbs\/thumbs_IMG_20160605_151008.jpg?t=1465295088\"\n\t\t\tdata-image-id=\"10409\"\n\t\t\tdata-image-name=\"IMG_20160605_151008.jpg\"\n\t\t\tdata-title=\"IMG_20160605_151008\"\n\t\t\tdata-description=\"\"\n\t\t\tdata-image-slug=\"img_20160605_151008\"\n\t\t\t\t\t\t\t\t\t\t\t\t\t\t\t\t\t\t\t\tclass=\"ngg-simplelightbox\" rel=\"0d02bcc1430cfd9a53598203f24c00cd\">\n\t\t\t\t\t\t\t\t<img\n\t\t\t\t\ttitle=\"IMG_20160605_151008\"\n\t\t\t\t\talt=\"IMG_20160605_151008\"\n\t\t\t\t\tsrc=\"https:\/\/www.aclanester56.com\/velo\/wp-content\/gallery\/Tr%C3%A9morel---05-06-2016\/thumbs\/thumbs_IMG_20160605_151008.jpg?t=1465295088\"\n\t\t\t\t\twidth=\"100\"\n\t\t\t\t\theight=\"100\"\n\t\t\t\t\tstyle=\"max-width:100%;\"\n\t\t\t\t\/>\n\t\t\t<\/a>\n\t\t<\/div>\n\t\t\t\t\t\t\t<\/div>\n\t\t\t\n\t\t\t\t<div id=\"ngg-image-13\" class=\"ngg-gallery-thumbnail-box\n\t\t\t\t\t\t\t\t\t\t\t\"\n\t\t\t>\n\t\t\t\t\t\t<div class=\"ngg-gallery-thumbnail\">\n\t\t<a href=\"https:\/\/www.aclanester56.com\/velo\/wp-content\/gallery\/Tr%C3%A9morel---05-06-2016\/IMG_20160605_151030.jpg?t=1465295112\"\n\t\t\ttitle=\"\"\n\t\t\tdata-src=\"https:\/\/www.aclanester56.com\/velo\/wp-content\/gallery\/Tr%C3%A9morel---05-06-2016\/IMG_20160605_151030.jpg?t=1465295112\"\n\t\t\tdata-thumbnail=\"https:\/\/www.aclanester56.com\/velo\/wp-content\/gallery\/Tr%C3%A9morel---05-06-2016\/thumbs\/thumbs_IMG_20160605_151030.jpg?t=1465295112\"\n\t\t\tdata-image-id=\"10410\"\n\t\t\tdata-image-name=\"IMG_20160605_151030.jpg\"\n\t\t\tdata-title=\"IMG_20160605_151030\"\n\t\t\tdata-description=\"\"\n\t\t\tdata-image-slug=\"img_20160605_151030\"\n\t\t\t\t\t\t\t\t\t\t\t\t\t\t\t\t\t\t\t\tclass=\"ngg-simplelightbox\" rel=\"0d02bcc1430cfd9a53598203f24c00cd\">\n\t\t\t\t\t\t\t\t<img\n\t\t\t\t\ttitle=\"IMG_20160605_151030\"\n\t\t\t\t\talt=\"IMG_20160605_151030\"\n\t\t\t\t\tsrc=\"https:\/\/www.aclanester56.com\/velo\/wp-content\/gallery\/Tr%C3%A9morel---05-06-2016\/thumbs\/thumbs_IMG_20160605_151030.jpg?t=1465295112\"\n\t\t\t\t\twidth=\"100\"\n\t\t\t\t\theight=\"100\"\n\t\t\t\t\tstyle=\"max-width:100%;\"\n\t\t\t\t\/>\n\t\t\t<\/a>\n\t\t<\/div>\n\t\t\t\t\t\t\t<\/div>\n\t\t\t\n\t\n\t<br style=\"clear: both\" \/>\n\n\t\n\t\t<div class=\"ngg-clear\"><\/div>\n\t<\/div>\n<\/p>\n<p><span style=\"text-decoration: underline;\"><strong>Classement pupilles :<\/strong><\/span><br \/>\n1 POIRIER\u00a0\u00a0 MAXIME CC MONCONTOUR<br \/>\n2 QUELLEUC\u00a0\u00a0 LUCAS VC MEVENNAIS<br \/>\n<span style=\"color: #ff6600;\"><strong>3 LE BOUEDEC\u00a0\u00a0 SOEN AC LANESTER 56<\/strong><\/span><\/p>\n<p><span style=\"text-decoration: underline;\"><strong>Classement CLM (3\u00e8me Cat &amp; Juniors) :<\/strong><\/span><br \/>\n<span style=\"color: #ff6600;\"><strong>15 Mewen Baltenweck AC LANESTER 56 9&rsquo;33\u00a0\u00bb<\/strong><\/span><br \/>\n<span style=\"color: #ff6600;\"><strong> 22 Johann Revolt Le Bou\u00e9dec AC LANESTER 56 9&rsquo;38\u00a0\u00bb<\/strong><\/span><br \/>\n<span style=\"color: #ff6600;\"><strong> 33 Benjamin Duval AC LANESTER 56 9&rsquo;44\u00a0\u00bb<\/strong><\/span><br \/>\n<span style=\"color: #ff6600;\"><strong> 36 Antoine Le Chenadec AC LANESTER 56 9&rsquo;46\u00a0\u00bb<\/strong><\/span><br \/>\n<span style=\"color: #ff6600;\"><strong> 45 Hugo Le Bail AC LANESTER 56 9&rsquo;52\u00a0\u00bb<\/strong><\/span><br \/>\n<span style=\"color: #ff6600;\"><strong> 57 Cl\u00e9ment Teisseire AC LANESTER 56 9&rsquo;59\u00a0\u00bb<\/strong><\/span><br \/>\n<span style=\"color: #ff6600;\"><strong> 64 Axel Justum AC LANESTER 56 10&rsquo;03\u00a0\u00bb<\/strong><\/span><\/p>\n<p><span style=\"text-decoration: underline;\"><strong>Classement g\u00e9n\u00e9ral final :<\/strong><\/span><br \/>\n1 REDONDO\u00a0\u00a0 BRUNO TEAM PAYS DE DINAN<br \/>\n2 DRANSART\u00a0\u00a0 MAXIME TEAM PAYS DE DINAN<br \/>\n3 GARNIER\u00a0\u00a0 RENAN UC NANTES ATLANTIQUE<br \/>\n<span style=\"color: #ff6600;\"><strong>20 REVOLT LE BOUEDEC\u00a0\u00a0 JOHANN AC LANESTER 56 \u00a0<\/strong><\/span><br \/>\n<span style=\"color: #ff6600;\"><strong>28 LE CHENADEC\u00a0\u00a0 ANTOINE AC LANESTER 56 <\/strong><\/span><br \/>\n<span style=\"color: #ff6600;\"><strong>42 TEISSEIRE\u00a0\u00a0 CLEMENT AC LANESTER 56 <\/strong><\/span><br \/>\n<span style=\"color: #ff6600;\"><strong>44 JUSTUM\u00a0\u00a0 AXEL AC LANESTER 56<\/strong> <\/span><\/p>\n","protected":false},"excerpt":{"rendered":"","protected":false},"author":14,"featured_media":28594,"comment_status":"open","ping_status":"open","sticky":false,"template":"","format":"standard","meta":{"ngg_post_thumbnail":0,"footnotes":""},"categories":[5,16,18,24,21],"tags":[],"class_list":["post-28557","post","type-post","status-publish","format-standard","has-post-thumbnail","hentry","category-ac-lanester-56","category-resultats","category-resultats-3eme-categorie","category-resultats-ecole-de-cyclisme","category-resultats-juniors"],"yoast_head":"<!-- This site is optimized with the Yoast SEO plugin v27.5 - https:\/\/yoast.com\/product\/yoast-seo-wordpress\/ -->\n<title>Tr\u00e9morel : Soen Le Bou\u00ebdec sur le podium ! - Avenir Cycliste Lanester 56<\/title>\n<meta name=\"robots\" content=\"index, follow, max-snippet:-1, max-image-preview:large, max-video-preview:-1\" \/>\n<link rel=\"canonical\" href=\"https:\/\/www.aclanester56.com\/velo\/tremorel-soen-le-bouedec-sur-le-podium\/\" \/>\n<meta property=\"og:locale\" content=\"fr_FR\" \/>\n<meta property=\"og:type\" content=\"article\" \/>\n<meta property=\"og:title\" content=\"Tr\u00e9morel : Soen Le Bou\u00ebdec sur le podium ! - Avenir Cycliste Lanester 56\" \/>\n<meta property=\"og:url\" content=\"https:\/\/www.aclanester56.com\/velo\/tremorel-soen-le-bouedec-sur-le-podium\/\" \/>\n<meta property=\"og:site_name\" content=\"Avenir Cycliste Lanester 56\" \/>\n<meta property=\"article:publisher\" content=\"https:\/\/www.facebook.com\/pages\/AC-Lanester-56\/190286300991242?fref=ts\" \/>\n<meta property=\"article:published_time\" content=\"2016-06-08T14:39:46+00:00\" \/>\n<meta property=\"article:modified_time\" content=\"2016-06-09T17:02:35+00:00\" \/>\n<meta property=\"og:image\" content=\"https:\/\/www.aclanester56.com\/velo\/wp-content\/uploads\/2016\/06\/IMG_20160605_151030-Copie.jpg\" \/>\n\t<meta property=\"og:image:width\" content=\"880\" \/>\n\t<meta property=\"og:image:height\" content=\"452\" \/>\n\t<meta property=\"og:image:type\" content=\"image\/jpeg\" \/>\n<meta name=\"author\" content=\"Jean-Christophe\" \/>\n<meta name=\"twitter:label1\" content=\"\u00c9crit par\" \/>\n\t<meta name=\"twitter:data1\" content=\"Jean-Christophe\" \/>\n\t<meta name=\"twitter:label2\" content=\"Dur\u00e9e de lecture estim\u00e9e\" \/>\n\t<meta name=\"twitter:data2\" content=\"1 minute\" \/>\n<script type=\"application\/ld+json\" class=\"yoast-schema-graph\">{\"@context\":\"https:\\\/\\\/schema.org\",\"@graph\":[{\"@type\":\"Article\",\"@id\":\"https:\\\/\\\/www.aclanester56.com\\\/velo\\\/tremorel-soen-le-bouedec-sur-le-podium\\\/#article\",\"isPartOf\":{\"@id\":\"https:\\\/\\\/www.aclanester56.com\\\/velo\\\/tremorel-soen-le-bouedec-sur-le-podium\\\/\"},\"author\":{\"name\":\"Jean-Christophe\",\"@id\":\"https:\\\/\\\/www.aclanester56.com\\\/velo\\\/#\\\/schema\\\/person\\\/ca2a44a5fd969e9dd846c72d3b33bc01\"},\"headline\":\"Tr\u00e9morel : Soen Le Bou\u00ebdec sur le podium !\",\"datePublished\":\"2016-06-08T14:39:46+00:00\",\"dateModified\":\"2016-06-09T17:02:35+00:00\",\"mainEntityOfPage\":{\"@id\":\"https:\\\/\\\/www.aclanester56.com\\\/velo\\\/tremorel-soen-le-bouedec-sur-le-podium\\\/\"},\"wordCount\":252,\"commentCount\":0,\"publisher\":{\"@id\":\"https:\\\/\\\/www.aclanester56.com\\\/velo\\\/#organization\"},\"image\":{\"@id\":\"https:\\\/\\\/www.aclanester56.com\\\/velo\\\/tremorel-soen-le-bouedec-sur-le-podium\\\/#primaryimage\"},\"thumbnailUrl\":\"https:\\\/\\\/www.aclanester56.com\\\/velo\\\/wp-content\\\/uploads\\\/2016\\\/06\\\/IMG_20160605_151030-Copie.jpg\",\"articleSection\":[\"AC LANESTER 56\",\"R\u00e9sultats\",\"R\u00e9sultats 3eme cat\u00e9gorie\",\"R\u00e9sultats Ecole de cyclisme\",\"R\u00e9sultats Juniors\"],\"inLanguage\":\"fr-FR\",\"potentialAction\":[{\"@type\":\"CommentAction\",\"name\":\"Comment\",\"target\":[\"https:\\\/\\\/www.aclanester56.com\\\/velo\\\/tremorel-soen-le-bouedec-sur-le-podium\\\/#respond\"]}]},{\"@type\":\"WebPage\",\"@id\":\"https:\\\/\\\/www.aclanester56.com\\\/velo\\\/tremorel-soen-le-bouedec-sur-le-podium\\\/\",\"url\":\"https:\\\/\\\/www.aclanester56.com\\\/velo\\\/tremorel-soen-le-bouedec-sur-le-podium\\\/\",\"name\":\"Tr\u00e9morel : Soen Le Bou\u00ebdec sur le podium ! - Avenir Cycliste Lanester 56\",\"isPartOf\":{\"@id\":\"https:\\\/\\\/www.aclanester56.com\\\/velo\\\/#website\"},\"primaryImageOfPage\":{\"@id\":\"https:\\\/\\\/www.aclanester56.com\\\/velo\\\/tremorel-soen-le-bouedec-sur-le-podium\\\/#primaryimage\"},\"image\":{\"@id\":\"https:\\\/\\\/www.aclanester56.com\\\/velo\\\/tremorel-soen-le-bouedec-sur-le-podium\\\/#primaryimage\"},\"thumbnailUrl\":\"https:\\\/\\\/www.aclanester56.com\\\/velo\\\/wp-content\\\/uploads\\\/2016\\\/06\\\/IMG_20160605_151030-Copie.jpg\",\"datePublished\":\"2016-06-08T14:39:46+00:00\",\"dateModified\":\"2016-06-09T17:02:35+00:00\",\"inLanguage\":\"fr-FR\",\"potentialAction\":[{\"@type\":\"ReadAction\",\"target\":[\"https:\\\/\\\/www.aclanester56.com\\\/velo\\\/tremorel-soen-le-bouedec-sur-le-podium\\\/\"]}]},{\"@type\":\"ImageObject\",\"inLanguage\":\"fr-FR\",\"@id\":\"https:\\\/\\\/www.aclanester56.com\\\/velo\\\/tremorel-soen-le-bouedec-sur-le-podium\\\/#primaryimage\",\"url\":\"https:\\\/\\\/www.aclanester56.com\\\/velo\\\/wp-content\\\/uploads\\\/2016\\\/06\\\/IMG_20160605_151030-Copie.jpg\",\"contentUrl\":\"https:\\\/\\\/www.aclanester56.com\\\/velo\\\/wp-content\\\/uploads\\\/2016\\\/06\\\/IMG_20160605_151030-Copie.jpg\",\"width\":880,\"height\":452,\"caption\":\"mde\"},{\"@type\":\"WebSite\",\"@id\":\"https:\\\/\\\/www.aclanester56.com\\\/velo\\\/#website\",\"url\":\"https:\\\/\\\/www.aclanester56.com\\\/velo\\\/\",\"name\":\"Avenir Cycliste Lanester 56\",\"description\":\"Club cycliste de l&#039;AC LANESTER 56\",\"publisher\":{\"@id\":\"https:\\\/\\\/www.aclanester56.com\\\/velo\\\/#organization\"},\"potentialAction\":[{\"@type\":\"SearchAction\",\"target\":{\"@type\":\"EntryPoint\",\"urlTemplate\":\"https:\\\/\\\/www.aclanester56.com\\\/velo\\\/?s={search_term_string}\"},\"query-input\":{\"@type\":\"PropertyValueSpecification\",\"valueRequired\":true,\"valueName\":\"search_term_string\"}}],\"inLanguage\":\"fr-FR\"},{\"@type\":\"Organization\",\"@id\":\"https:\\\/\\\/www.aclanester56.com\\\/velo\\\/#organization\",\"name\":\"Avenir Cycliste Lanester 56\",\"url\":\"https:\\\/\\\/www.aclanester56.com\\\/velo\\\/\",\"logo\":{\"@type\":\"ImageObject\",\"inLanguage\":\"fr-FR\",\"@id\":\"https:\\\/\\\/www.aclanester56.com\\\/velo\\\/#\\\/schema\\\/logo\\\/image\\\/\",\"url\":\"https:\\\/\\\/www.aclanester56.com\\\/velo\\\/wp-content\\\/uploads\\\/2013\\\/04\\\/logo-ACL.jpg\",\"contentUrl\":\"https:\\\/\\\/www.aclanester56.com\\\/velo\\\/wp-content\\\/uploads\\\/2013\\\/04\\\/logo-ACL.jpg\",\"width\":400,\"height\":334,\"caption\":\"Avenir Cycliste Lanester 56\"},\"image\":{\"@id\":\"https:\\\/\\\/www.aclanester56.com\\\/velo\\\/#\\\/schema\\\/logo\\\/image\\\/\"},\"sameAs\":[\"https:\\\/\\\/www.facebook.com\\\/pages\\\/AC-Lanester-56\\\/190286300991242?fref=ts\"]},{\"@type\":\"Person\",\"@id\":\"https:\\\/\\\/www.aclanester56.com\\\/velo\\\/#\\\/schema\\\/person\\\/ca2a44a5fd969e9dd846c72d3b33bc01\",\"name\":\"Jean-Christophe\",\"url\":\"https:\\\/\\\/www.aclanester56.com\\\/velo\\\/author\\\/jeanchristophe\\\/\"}]}<\/script>\n<!-- \/ Yoast SEO plugin. -->","yoast_head_json":{"title":"Tr\u00e9morel : Soen Le Bou\u00ebdec sur le podium ! - Avenir Cycliste Lanester 56","robots":{"index":"index","follow":"follow","max-snippet":"max-snippet:-1","max-image-preview":"max-image-preview:large","max-video-preview":"max-video-preview:-1"},"canonical":"https:\/\/www.aclanester56.com\/velo\/tremorel-soen-le-bouedec-sur-le-podium\/","og_locale":"fr_FR","og_type":"article","og_title":"Tr\u00e9morel : Soen Le Bou\u00ebdec sur le podium ! - Avenir Cycliste Lanester 56","og_url":"https:\/\/www.aclanester56.com\/velo\/tremorel-soen-le-bouedec-sur-le-podium\/","og_site_name":"Avenir Cycliste Lanester 56","article_publisher":"https:\/\/www.facebook.com\/pages\/AC-Lanester-56\/190286300991242?fref=ts","article_published_time":"2016-06-08T14:39:46+00:00","article_modified_time":"2016-06-09T17:02:35+00:00","og_image":[{"width":880,"height":452,"url":"https:\/\/www.aclanester56.com\/velo\/wp-content\/uploads\/2016\/06\/IMG_20160605_151030-Copie.jpg","type":"image\/jpeg"}],"author":"Jean-Christophe","twitter_misc":{"\u00c9crit par":"Jean-Christophe","Dur\u00e9e de lecture estim\u00e9e":"1 minute"},"schema":{"@context":"https:\/\/schema.org","@graph":[{"@type":"Article","@id":"https:\/\/www.aclanester56.com\/velo\/tremorel-soen-le-bouedec-sur-le-podium\/#article","isPartOf":{"@id":"https:\/\/www.aclanester56.com\/velo\/tremorel-soen-le-bouedec-sur-le-podium\/"},"author":{"name":"Jean-Christophe","@id":"https:\/\/www.aclanester56.com\/velo\/#\/schema\/person\/ca2a44a5fd969e9dd846c72d3b33bc01"},"headline":"Tr\u00e9morel : Soen Le Bou\u00ebdec sur le podium !","datePublished":"2016-06-08T14:39:46+00:00","dateModified":"2016-06-09T17:02:35+00:00","mainEntityOfPage":{"@id":"https:\/\/www.aclanester56.com\/velo\/tremorel-soen-le-bouedec-sur-le-podium\/"},"wordCount":252,"commentCount":0,"publisher":{"@id":"https:\/\/www.aclanester56.com\/velo\/#organization"},"image":{"@id":"https:\/\/www.aclanester56.com\/velo\/tremorel-soen-le-bouedec-sur-le-podium\/#primaryimage"},"thumbnailUrl":"https:\/\/www.aclanester56.com\/velo\/wp-content\/uploads\/2016\/06\/IMG_20160605_151030-Copie.jpg","articleSection":["AC LANESTER 56","R\u00e9sultats","R\u00e9sultats 3eme cat\u00e9gorie","R\u00e9sultats Ecole de cyclisme","R\u00e9sultats Juniors"],"inLanguage":"fr-FR","potentialAction":[{"@type":"CommentAction","name":"Comment","target":["https:\/\/www.aclanester56.com\/velo\/tremorel-soen-le-bouedec-sur-le-podium\/#respond"]}]},{"@type":"WebPage","@id":"https:\/\/www.aclanester56.com\/velo\/tremorel-soen-le-bouedec-sur-le-podium\/","url":"https:\/\/www.aclanester56.com\/velo\/tremorel-soen-le-bouedec-sur-le-podium\/","name":"Tr\u00e9morel : Soen Le Bou\u00ebdec sur le podium ! - Avenir Cycliste Lanester 56","isPartOf":{"@id":"https:\/\/www.aclanester56.com\/velo\/#website"},"primaryImageOfPage":{"@id":"https:\/\/www.aclanester56.com\/velo\/tremorel-soen-le-bouedec-sur-le-podium\/#primaryimage"},"image":{"@id":"https:\/\/www.aclanester56.com\/velo\/tremorel-soen-le-bouedec-sur-le-podium\/#primaryimage"},"thumbnailUrl":"https:\/\/www.aclanester56.com\/velo\/wp-content\/uploads\/2016\/06\/IMG_20160605_151030-Copie.jpg","datePublished":"2016-06-08T14:39:46+00:00","dateModified":"2016-06-09T17:02:35+00:00","inLanguage":"fr-FR","potentialAction":[{"@type":"ReadAction","target":["https:\/\/www.aclanester56.com\/velo\/tremorel-soen-le-bouedec-sur-le-podium\/"]}]},{"@type":"ImageObject","inLanguage":"fr-FR","@id":"https:\/\/www.aclanester56.com\/velo\/tremorel-soen-le-bouedec-sur-le-podium\/#primaryimage","url":"https:\/\/www.aclanester56.com\/velo\/wp-content\/uploads\/2016\/06\/IMG_20160605_151030-Copie.jpg","contentUrl":"https:\/\/www.aclanester56.com\/velo\/wp-content\/uploads\/2016\/06\/IMG_20160605_151030-Copie.jpg","width":880,"height":452,"caption":"mde"},{"@type":"WebSite","@id":"https:\/\/www.aclanester56.com\/velo\/#website","url":"https:\/\/www.aclanester56.com\/velo\/","name":"Avenir Cycliste Lanester 56","description":"Club cycliste de l&#039;AC LANESTER 56","publisher":{"@id":"https:\/\/www.aclanester56.com\/velo\/#organization"},"potentialAction":[{"@type":"SearchAction","target":{"@type":"EntryPoint","urlTemplate":"https:\/\/www.aclanester56.com\/velo\/?s={search_term_string}"},"query-input":{"@type":"PropertyValueSpecification","valueRequired":true,"valueName":"search_term_string"}}],"inLanguage":"fr-FR"},{"@type":"Organization","@id":"https:\/\/www.aclanester56.com\/velo\/#organization","name":"Avenir Cycliste Lanester 56","url":"https:\/\/www.aclanester56.com\/velo\/","logo":{"@type":"ImageObject","inLanguage":"fr-FR","@id":"https:\/\/www.aclanester56.com\/velo\/#\/schema\/logo\/image\/","url":"https:\/\/www.aclanester56.com\/velo\/wp-content\/uploads\/2013\/04\/logo-ACL.jpg","contentUrl":"https:\/\/www.aclanester56.com\/velo\/wp-content\/uploads\/2013\/04\/logo-ACL.jpg","width":400,"height":334,"caption":"Avenir Cycliste Lanester 56"},"image":{"@id":"https:\/\/www.aclanester56.com\/velo\/#\/schema\/logo\/image\/"},"sameAs":["https:\/\/www.facebook.com\/pages\/AC-Lanester-56\/190286300991242?fref=ts"]},{"@type":"Person","@id":"https:\/\/www.aclanester56.com\/velo\/#\/schema\/person\/ca2a44a5fd969e9dd846c72d3b33bc01","name":"Jean-Christophe","url":"https:\/\/www.aclanester56.com\/velo\/author\/jeanchristophe\/"}]}},"_links":{"self":[{"href":"https:\/\/www.aclanester56.com\/velo\/wp-json\/wp\/v2\/posts\/28557","targetHints":{"allow":["GET"]}}],"collection":[{"href":"https:\/\/www.aclanester56.com\/velo\/wp-json\/wp\/v2\/posts"}],"about":[{"href":"https:\/\/www.aclanester56.com\/velo\/wp-json\/wp\/v2\/types\/post"}],"author":[{"embeddable":true,"href":"https:\/\/www.aclanester56.com\/velo\/wp-json\/wp\/v2\/users\/14"}],"replies":[{"embeddable":true,"href":"https:\/\/www.aclanester56.com\/velo\/wp-json\/wp\/v2\/comments?post=28557"}],"version-history":[{"count":3,"href":"https:\/\/www.aclanester56.com\/velo\/wp-json\/wp\/v2\/posts\/28557\/revisions"}],"predecessor-version":[{"id":28609,"href":"https:\/\/www.aclanester56.com\/velo\/wp-json\/wp\/v2\/posts\/28557\/revisions\/28609"}],"wp:featuredmedia":[{"embeddable":true,"href":"https:\/\/www.aclanester56.com\/velo\/wp-json\/wp\/v2\/media\/28594"}],"wp:attachment":[{"href":"https:\/\/www.aclanester56.com\/velo\/wp-json\/wp\/v2\/media?parent=28557"}],"wp:term":[{"taxonomy":"category","embeddable":true,"href":"https:\/\/www.aclanester56.com\/velo\/wp-json\/wp\/v2\/categories?post=28557"},{"taxonomy":"post_tag","embeddable":true,"href":"https:\/\/www.aclanester56.com\/velo\/wp-json\/wp\/v2\/tags?post=28557"}],"curies":[{"name":"wp","href":"https:\/\/api.w.org\/{rel}","templated":true}]}}