{"id":28599,"date":"2016-06-23T16:35:47","date_gmt":"2016-06-23T15:35:47","guid":{"rendered":"http:\/\/www.aclanester56.com\/velo\/?p=28599"},"modified":"2016-06-27T15:28:54","modified_gmt":"2016-06-27T14:28:54","slug":"25eme-edition-grand-prix-de-ville-de-lanester-29-juin-2016","status":"publish","type":"post","link":"https:\/\/www.aclanester56.com\/velo\/25eme-edition-grand-prix-de-ville-de-lanester-29-juin-2016\/","title":{"rendered":"25\u00e8me \u00e9dition du Grand Prix de la Ville de Lanester le 29 juin 2016 !"},"content":{"rendered":"<p><!--more--><\/p>\n<p style=\"text-align: justify;\">La 25\u00e8me \u00e9dition du traditionnel Grand Prix Cycliste de la Ville de Lanester, organis\u00e9 par l\u2019AC Lanester 56 du pr\u00e9sident St\u00e9phane Le Crom et son \u00e9quipe, se d\u00e9roulera le mercredi 29 juin 2016. Cette \u00e9preuve disput\u00e9e en semi-nocturne et ouverte aux coureurs de 1\u00e8re, 2\u00e8me, 3\u00e8me cat\u00e9gories, Juniors et PC Open, s\u2019annonce une nouvelle fois spectaculaire, tant par le niveau des coureurs attendus que par la distribution des primes qui sera importante.<\/p>\n<div class=\"wp-caption alignright\" style=\"text-align: justify;\"><img loading=\"lazy\" decoding=\"async\" class=\"alignright size-full wp-image-28600\" src=\"http:\/\/www.aclanester56.com\/velo\/wp-content\/uploads\/2016\/06\/2015.png\" alt=\"GPV-Lanester-211\" width=\"504\" height=\"256\" \/><\/p>\n<p style=\"text-align: justify;\"><span style=\"color: #ff6600;\"><strong>De belles r\u00e9compenses aux animateurs et vainqueurs !<\/strong><\/span><\/p>\n<p style=\"text-align: justify;\">Le d\u00e9part du 25\u00e8me Grand Prix de la Ville de Lanester sera donn\u00e9 le mercredi 29 juin 2016 \u00e0 19H30. Le peloton s\u2019\u00e9lancera alors pour 99.2 Km (3.1 Km x 32 tours). L\u2019\u00e9preuve sera richement dot\u00e9e, avec pr\u00e8s de 4000 euros de prix, primes et lots, pris en charge par nos g\u00e9n\u00e9reux partenaires et qui seront distribu\u00e9s tout au long de l\u2019\u00e9preuve pour pimenter la course !<\/p>\n<p style=\"text-align: justify;\"><span style=\"color: #ff6600;\"><strong>Une f\u00eate devenue incontournable \u00e0 Lanester !<\/strong><\/span><br \/>\nLe speaker Eric J\u00e9go sera \u00e0 la baguette pour animer ce crit\u00e9rium avec la verve qu\u2019on lui conna\u00eet et faire de cette soir\u00e9e une belle f\u00eate ! Des stands de restauration et de\u00a0rafra\u00eechissement\u00a0seront propos\u00e9s sur place. L\u2019entr\u00e9e est gratuite et libre pour tous.<\/p>\n<\/div>\n<p style=\"text-align: justify;\"><span style=\"color: #ff6600;\"><strong>Qui pour succ\u00e9der \u00e0 Piotr Zielinski ?<\/strong><\/span><\/p>\n<p style=\"text-align: justify;\">L\u2019an pass\u00e9, c\u2019est Piotr Zielinski (VCP Lorient) qui s\u2019\u00e9tait impos\u00e9 pour la 2\u00e8me ann\u00e9e cons\u00e9cutive \u00e0 l\u2019issue d\u2019un finish\u00a0de folie devant ses\u00a0compagnons d\u2019\u00e9chapp\u00e9e parmi lesquels Steven Le Vessier (VC Pontivy) 2\u00e8me et Nicolas David (Hennebont Cyclisme) 3\u00e8me.\u00a0<a href=\"http:\/\/www.aclanester56.com\/velo\/grand-prix-de-ville-de-lanester-24-juin-2015\/\" target=\"_blank\">Retrouvez notre article sur l\u2019\u00e9dition 2015 en cliquant ici<\/a>. A qui le tour pour l\u2019\u00e9dition 2016 ?<\/p>\n<p style=\"text-align: justify;\">Rendez-vous mercredi 29 juin prochain sur l\u2019Avenue Fran\u00e7ois Mitterrand \u00e0 Lanester pour conna\u00eetre la r\u00e9ponse !<\/p>\n","protected":false},"excerpt":{"rendered":"","protected":false},"author":14,"featured_media":28606,"comment_status":"open","ping_status":"open","sticky":false,"template":"","format":"standard","meta":{"ngg_post_thumbnail":0,"footnotes":""},"categories":[9,7],"tags":[],"class_list":["post-28599","post","type-post","status-publish","format-standard","has-post-thumbnail","hentry","category-gp-de-la-ville","category-organisations"],"yoast_head":"<!-- This site is optimized with the Yoast SEO plugin v27.5 - https:\/\/yoast.com\/product\/yoast-seo-wordpress\/ -->\n<title>25\u00e8me \u00e9dition du Grand Prix de la Ville de Lanester le 29 juin 2016 ! - Avenir Cycliste Lanester 56<\/title>\n<meta name=\"robots\" content=\"index, follow, max-snippet:-1, max-image-preview:large, max-video-preview:-1\" \/>\n<link rel=\"canonical\" href=\"https:\/\/www.aclanester56.com\/velo\/25eme-edition-grand-prix-de-ville-de-lanester-29-juin-2016\/\" \/>\n<meta property=\"og:locale\" content=\"fr_FR\" \/>\n<meta property=\"og:type\" content=\"article\" \/>\n<meta property=\"og:title\" content=\"25\u00e8me \u00e9dition du Grand Prix de la Ville de Lanester le 29 juin 2016 ! - Avenir Cycliste Lanester 56\" \/>\n<meta property=\"og:url\" content=\"https:\/\/www.aclanester56.com\/velo\/25eme-edition-grand-prix-de-ville-de-lanester-29-juin-2016\/\" \/>\n<meta property=\"og:site_name\" content=\"Avenir Cycliste Lanester 56\" \/>\n<meta property=\"article:publisher\" content=\"https:\/\/www.facebook.com\/pages\/AC-Lanester-56\/190286300991242?fref=ts\" \/>\n<meta property=\"article:published_time\" content=\"2016-06-23T15:35:47+00:00\" \/>\n<meta property=\"article:modified_time\" content=\"2016-06-27T14:28:54+00:00\" \/>\n<meta property=\"og:image\" content=\"https:\/\/www.aclanester56.com\/velo\/wp-content\/uploads\/2016\/06\/GPV-2014-060.jpg\" \/>\n\t<meta property=\"og:image:width\" content=\"880\" \/>\n\t<meta property=\"og:image:height\" content=\"450\" \/>\n\t<meta property=\"og:image:type\" content=\"image\/jpeg\" \/>\n<meta name=\"author\" content=\"Jean-Christophe\" \/>\n<meta name=\"twitter:label1\" content=\"\u00c9crit par\" \/>\n\t<meta name=\"twitter:data1\" content=\"Jean-Christophe\" \/>\n\t<meta name=\"twitter:label2\" content=\"Dur\u00e9e de lecture estim\u00e9e\" \/>\n\t<meta name=\"twitter:data2\" content=\"1 minute\" \/>\n<script type=\"application\/ld+json\" class=\"yoast-schema-graph\">{\"@context\":\"https:\\\/\\\/schema.org\",\"@graph\":[{\"@type\":\"Article\",\"@id\":\"https:\\\/\\\/www.aclanester56.com\\\/velo\\\/25eme-edition-grand-prix-de-ville-de-lanester-29-juin-2016\\\/#article\",\"isPartOf\":{\"@id\":\"https:\\\/\\\/www.aclanester56.com\\\/velo\\\/25eme-edition-grand-prix-de-ville-de-lanester-29-juin-2016\\\/\"},\"author\":{\"name\":\"Jean-Christophe\",\"@id\":\"https:\\\/\\\/www.aclanester56.com\\\/velo\\\/#\\\/schema\\\/person\\\/ca2a44a5fd969e9dd846c72d3b33bc01\"},\"headline\":\"25\u00e8me \u00e9dition du Grand Prix de la Ville de Lanester le 29 juin 2016 !\",\"datePublished\":\"2016-06-23T15:35:47+00:00\",\"dateModified\":\"2016-06-27T14:28:54+00:00\",\"mainEntityOfPage\":{\"@id\":\"https:\\\/\\\/www.aclanester56.com\\\/velo\\\/25eme-edition-grand-prix-de-ville-de-lanester-29-juin-2016\\\/\"},\"wordCount\":309,\"commentCount\":1,\"publisher\":{\"@id\":\"https:\\\/\\\/www.aclanester56.com\\\/velo\\\/#organization\"},\"image\":{\"@id\":\"https:\\\/\\\/www.aclanester56.com\\\/velo\\\/25eme-edition-grand-prix-de-ville-de-lanester-29-juin-2016\\\/#primaryimage\"},\"thumbnailUrl\":\"https:\\\/\\\/www.aclanester56.com\\\/velo\\\/wp-content\\\/uploads\\\/2016\\\/06\\\/GPV-2014-060.jpg\",\"articleSection\":[\"Le GP de la Ville\",\"Les organisations\"],\"inLanguage\":\"fr-FR\",\"potentialAction\":[{\"@type\":\"CommentAction\",\"name\":\"Comment\",\"target\":[\"https:\\\/\\\/www.aclanester56.com\\\/velo\\\/25eme-edition-grand-prix-de-ville-de-lanester-29-juin-2016\\\/#respond\"]}]},{\"@type\":\"WebPage\",\"@id\":\"https:\\\/\\\/www.aclanester56.com\\\/velo\\\/25eme-edition-grand-prix-de-ville-de-lanester-29-juin-2016\\\/\",\"url\":\"https:\\\/\\\/www.aclanester56.com\\\/velo\\\/25eme-edition-grand-prix-de-ville-de-lanester-29-juin-2016\\\/\",\"name\":\"25\u00e8me \u00e9dition du Grand Prix de la Ville de Lanester le 29 juin 2016 ! - Avenir Cycliste Lanester 56\",\"isPartOf\":{\"@id\":\"https:\\\/\\\/www.aclanester56.com\\\/velo\\\/#website\"},\"primaryImageOfPage\":{\"@id\":\"https:\\\/\\\/www.aclanester56.com\\\/velo\\\/25eme-edition-grand-prix-de-ville-de-lanester-29-juin-2016\\\/#primaryimage\"},\"image\":{\"@id\":\"https:\\\/\\\/www.aclanester56.com\\\/velo\\\/25eme-edition-grand-prix-de-ville-de-lanester-29-juin-2016\\\/#primaryimage\"},\"thumbnailUrl\":\"https:\\\/\\\/www.aclanester56.com\\\/velo\\\/wp-content\\\/uploads\\\/2016\\\/06\\\/GPV-2014-060.jpg\",\"datePublished\":\"2016-06-23T15:35:47+00:00\",\"dateModified\":\"2016-06-27T14:28:54+00:00\",\"inLanguage\":\"fr-FR\",\"potentialAction\":[{\"@type\":\"ReadAction\",\"target\":[\"https:\\\/\\\/www.aclanester56.com\\\/velo\\\/25eme-edition-grand-prix-de-ville-de-lanester-29-juin-2016\\\/\"]}]},{\"@type\":\"ImageObject\",\"inLanguage\":\"fr-FR\",\"@id\":\"https:\\\/\\\/www.aclanester56.com\\\/velo\\\/25eme-edition-grand-prix-de-ville-de-lanester-29-juin-2016\\\/#primaryimage\",\"url\":\"https:\\\/\\\/www.aclanester56.com\\\/velo\\\/wp-content\\\/uploads\\\/2016\\\/06\\\/GPV-2014-060.jpg\",\"contentUrl\":\"https:\\\/\\\/www.aclanester56.com\\\/velo\\\/wp-content\\\/uploads\\\/2016\\\/06\\\/GPV-2014-060.jpg\",\"width\":880,\"height\":450},{\"@type\":\"WebSite\",\"@id\":\"https:\\\/\\\/www.aclanester56.com\\\/velo\\\/#website\",\"url\":\"https:\\\/\\\/www.aclanester56.com\\\/velo\\\/\",\"name\":\"Avenir Cycliste Lanester 56\",\"description\":\"Club cycliste de l&#039;AC LANESTER 56\",\"publisher\":{\"@id\":\"https:\\\/\\\/www.aclanester56.com\\\/velo\\\/#organization\"},\"potentialAction\":[{\"@type\":\"SearchAction\",\"target\":{\"@type\":\"EntryPoint\",\"urlTemplate\":\"https:\\\/\\\/www.aclanester56.com\\\/velo\\\/?s={search_term_string}\"},\"query-input\":{\"@type\":\"PropertyValueSpecification\",\"valueRequired\":true,\"valueName\":\"search_term_string\"}}],\"inLanguage\":\"fr-FR\"},{\"@type\":\"Organization\",\"@id\":\"https:\\\/\\\/www.aclanester56.com\\\/velo\\\/#organization\",\"name\":\"Avenir Cycliste Lanester 56\",\"url\":\"https:\\\/\\\/www.aclanester56.com\\\/velo\\\/\",\"logo\":{\"@type\":\"ImageObject\",\"inLanguage\":\"fr-FR\",\"@id\":\"https:\\\/\\\/www.aclanester56.com\\\/velo\\\/#\\\/schema\\\/logo\\\/image\\\/\",\"url\":\"https:\\\/\\\/www.aclanester56.com\\\/velo\\\/wp-content\\\/uploads\\\/2013\\\/04\\\/logo-ACL.jpg\",\"contentUrl\":\"https:\\\/\\\/www.aclanester56.com\\\/velo\\\/wp-content\\\/uploads\\\/2013\\\/04\\\/logo-ACL.jpg\",\"width\":400,\"height\":334,\"caption\":\"Avenir Cycliste Lanester 56\"},\"image\":{\"@id\":\"https:\\\/\\\/www.aclanester56.com\\\/velo\\\/#\\\/schema\\\/logo\\\/image\\\/\"},\"sameAs\":[\"https:\\\/\\\/www.facebook.com\\\/pages\\\/AC-Lanester-56\\\/190286300991242?fref=ts\"]},{\"@type\":\"Person\",\"@id\":\"https:\\\/\\\/www.aclanester56.com\\\/velo\\\/#\\\/schema\\\/person\\\/ca2a44a5fd969e9dd846c72d3b33bc01\",\"name\":\"Jean-Christophe\",\"url\":\"https:\\\/\\\/www.aclanester56.com\\\/velo\\\/author\\\/jeanchristophe\\\/\"}]}<\/script>\n<!-- \/ Yoast SEO plugin. -->","yoast_head_json":{"title":"25\u00e8me \u00e9dition du Grand Prix de la Ville de Lanester le 29 juin 2016 ! - Avenir Cycliste Lanester 56","robots":{"index":"index","follow":"follow","max-snippet":"max-snippet:-1","max-image-preview":"max-image-preview:large","max-video-preview":"max-video-preview:-1"},"canonical":"https:\/\/www.aclanester56.com\/velo\/25eme-edition-grand-prix-de-ville-de-lanester-29-juin-2016\/","og_locale":"fr_FR","og_type":"article","og_title":"25\u00e8me \u00e9dition du Grand Prix de la Ville de Lanester le 29 juin 2016 ! - Avenir Cycliste Lanester 56","og_url":"https:\/\/www.aclanester56.com\/velo\/25eme-edition-grand-prix-de-ville-de-lanester-29-juin-2016\/","og_site_name":"Avenir Cycliste Lanester 56","article_publisher":"https:\/\/www.facebook.com\/pages\/AC-Lanester-56\/190286300991242?fref=ts","article_published_time":"2016-06-23T15:35:47+00:00","article_modified_time":"2016-06-27T14:28:54+00:00","og_image":[{"width":880,"height":450,"url":"https:\/\/www.aclanester56.com\/velo\/wp-content\/uploads\/2016\/06\/GPV-2014-060.jpg","type":"image\/jpeg"}],"author":"Jean-Christophe","twitter_misc":{"\u00c9crit par":"Jean-Christophe","Dur\u00e9e de lecture estim\u00e9e":"1 minute"},"schema":{"@context":"https:\/\/schema.org","@graph":[{"@type":"Article","@id":"https:\/\/www.aclanester56.com\/velo\/25eme-edition-grand-prix-de-ville-de-lanester-29-juin-2016\/#article","isPartOf":{"@id":"https:\/\/www.aclanester56.com\/velo\/25eme-edition-grand-prix-de-ville-de-lanester-29-juin-2016\/"},"author":{"name":"Jean-Christophe","@id":"https:\/\/www.aclanester56.com\/velo\/#\/schema\/person\/ca2a44a5fd969e9dd846c72d3b33bc01"},"headline":"25\u00e8me \u00e9dition du Grand Prix de la Ville de Lanester le 29 juin 2016 !","datePublished":"2016-06-23T15:35:47+00:00","dateModified":"2016-06-27T14:28:54+00:00","mainEntityOfPage":{"@id":"https:\/\/www.aclanester56.com\/velo\/25eme-edition-grand-prix-de-ville-de-lanester-29-juin-2016\/"},"wordCount":309,"commentCount":1,"publisher":{"@id":"https:\/\/www.aclanester56.com\/velo\/#organization"},"image":{"@id":"https:\/\/www.aclanester56.com\/velo\/25eme-edition-grand-prix-de-ville-de-lanester-29-juin-2016\/#primaryimage"},"thumbnailUrl":"https:\/\/www.aclanester56.com\/velo\/wp-content\/uploads\/2016\/06\/GPV-2014-060.jpg","articleSection":["Le GP de la Ville","Les organisations"],"inLanguage":"fr-FR","potentialAction":[{"@type":"CommentAction","name":"Comment","target":["https:\/\/www.aclanester56.com\/velo\/25eme-edition-grand-prix-de-ville-de-lanester-29-juin-2016\/#respond"]}]},{"@type":"WebPage","@id":"https:\/\/www.aclanester56.com\/velo\/25eme-edition-grand-prix-de-ville-de-lanester-29-juin-2016\/","url":"https:\/\/www.aclanester56.com\/velo\/25eme-edition-grand-prix-de-ville-de-lanester-29-juin-2016\/","name":"25\u00e8me \u00e9dition du Grand Prix de la Ville de Lanester le 29 juin 2016 ! - Avenir Cycliste Lanester 56","isPartOf":{"@id":"https:\/\/www.aclanester56.com\/velo\/#website"},"primaryImageOfPage":{"@id":"https:\/\/www.aclanester56.com\/velo\/25eme-edition-grand-prix-de-ville-de-lanester-29-juin-2016\/#primaryimage"},"image":{"@id":"https:\/\/www.aclanester56.com\/velo\/25eme-edition-grand-prix-de-ville-de-lanester-29-juin-2016\/#primaryimage"},"thumbnailUrl":"https:\/\/www.aclanester56.com\/velo\/wp-content\/uploads\/2016\/06\/GPV-2014-060.jpg","datePublished":"2016-06-23T15:35:47+00:00","dateModified":"2016-06-27T14:28:54+00:00","inLanguage":"fr-FR","potentialAction":[{"@type":"ReadAction","target":["https:\/\/www.aclanester56.com\/velo\/25eme-edition-grand-prix-de-ville-de-lanester-29-juin-2016\/"]}]},{"@type":"ImageObject","inLanguage":"fr-FR","@id":"https:\/\/www.aclanester56.com\/velo\/25eme-edition-grand-prix-de-ville-de-lanester-29-juin-2016\/#primaryimage","url":"https:\/\/www.aclanester56.com\/velo\/wp-content\/uploads\/2016\/06\/GPV-2014-060.jpg","contentUrl":"https:\/\/www.aclanester56.com\/velo\/wp-content\/uploads\/2016\/06\/GPV-2014-060.jpg","width":880,"height":450},{"@type":"WebSite","@id":"https:\/\/www.aclanester56.com\/velo\/#website","url":"https:\/\/www.aclanester56.com\/velo\/","name":"Avenir Cycliste Lanester 56","description":"Club cycliste de l&#039;AC LANESTER 56","publisher":{"@id":"https:\/\/www.aclanester56.com\/velo\/#organization"},"potentialAction":[{"@type":"SearchAction","target":{"@type":"EntryPoint","urlTemplate":"https:\/\/www.aclanester56.com\/velo\/?s={search_term_string}"},"query-input":{"@type":"PropertyValueSpecification","valueRequired":true,"valueName":"search_term_string"}}],"inLanguage":"fr-FR"},{"@type":"Organization","@id":"https:\/\/www.aclanester56.com\/velo\/#organization","name":"Avenir Cycliste Lanester 56","url":"https:\/\/www.aclanester56.com\/velo\/","logo":{"@type":"ImageObject","inLanguage":"fr-FR","@id":"https:\/\/www.aclanester56.com\/velo\/#\/schema\/logo\/image\/","url":"https:\/\/www.aclanester56.com\/velo\/wp-content\/uploads\/2013\/04\/logo-ACL.jpg","contentUrl":"https:\/\/www.aclanester56.com\/velo\/wp-content\/uploads\/2013\/04\/logo-ACL.jpg","width":400,"height":334,"caption":"Avenir Cycliste Lanester 56"},"image":{"@id":"https:\/\/www.aclanester56.com\/velo\/#\/schema\/logo\/image\/"},"sameAs":["https:\/\/www.facebook.com\/pages\/AC-Lanester-56\/190286300991242?fref=ts"]},{"@type":"Person","@id":"https:\/\/www.aclanester56.com\/velo\/#\/schema\/person\/ca2a44a5fd969e9dd846c72d3b33bc01","name":"Jean-Christophe","url":"https:\/\/www.aclanester56.com\/velo\/author\/jeanchristophe\/"}]}},"_links":{"self":[{"href":"https:\/\/www.aclanester56.com\/velo\/wp-json\/wp\/v2\/posts\/28599","targetHints":{"allow":["GET"]}}],"collection":[{"href":"https:\/\/www.aclanester56.com\/velo\/wp-json\/wp\/v2\/posts"}],"about":[{"href":"https:\/\/www.aclanester56.com\/velo\/wp-json\/wp\/v2\/types\/post"}],"author":[{"embeddable":true,"href":"https:\/\/www.aclanester56.com\/velo\/wp-json\/wp\/v2\/users\/14"}],"replies":[{"embeddable":true,"href":"https:\/\/www.aclanester56.com\/velo\/wp-json\/wp\/v2\/comments?post=28599"}],"version-history":[{"count":3,"href":"https:\/\/www.aclanester56.com\/velo\/wp-json\/wp\/v2\/posts\/28599\/revisions"}],"predecessor-version":[{"id":28607,"href":"https:\/\/www.aclanester56.com\/velo\/wp-json\/wp\/v2\/posts\/28599\/revisions\/28607"}],"wp:featuredmedia":[{"embeddable":true,"href":"https:\/\/www.aclanester56.com\/velo\/wp-json\/wp\/v2\/media\/28606"}],"wp:attachment":[{"href":"https:\/\/www.aclanester56.com\/velo\/wp-json\/wp\/v2\/media?parent=28599"}],"wp:term":[{"taxonomy":"category","embeddable":true,"href":"https:\/\/www.aclanester56.com\/velo\/wp-json\/wp\/v2\/categories?post=28599"},{"taxonomy":"post_tag","embeddable":true,"href":"https:\/\/www.aclanester56.com\/velo\/wp-json\/wp\/v2\/tags?post=28599"}],"curies":[{"name":"wp","href":"https:\/\/api.w.org\/{rel}","templated":true}]}}