{"id":28610,"date":"2016-06-09T21:14:35","date_gmt":"2016-06-09T20:14:35","guid":{"rendered":"http:\/\/www.aclanester56.com\/velo\/?p=28610"},"modified":"2016-06-09T21:14:35","modified_gmt":"2016-06-09T20:14:35","slug":"nouvelles-de-mael-nivinou-tour-de-republique-democratique-congo","status":"publish","type":"post","link":"https:\/\/www.aclanester56.com\/velo\/nouvelles-de-mael-nivinou-tour-de-republique-democratique-congo\/","title":{"rendered":"Des nouvelles de Ma\u00ebl Nivinou sur le Tour de la R\u00e9publique D\u00e9mocratique du Congo !"},"content":{"rendered":"<p style=\"text-align: justify;\"><!--more-->Ma\u00ebl Nivinou, coureur de 2\u00e8me Cat\u00e9gorie \u00e0 l&rsquo;AC Lanester 56, participe en ce moment au Tour Cycliste International de la R\u00e9publique D\u00e9mocratique du Congo. Depuis ce lointain pays d&rsquo;Afrique, Ma\u00ebl garde quand m\u00eame une pens\u00e9e pour les licenci\u00e9s du club et vient de leur adresser un sympathique message :<\/p>\n<p style=\"text-align: justify;\">\u00ab\u00a0<strong><em>Bonjour l&rsquo;AC Lanester 56 !<\/em><\/strong><br \/>\n<strong><em>Quelques petites nouvelles du Tour de la RD Congo o\u00f9 tout se passe \u00e0 la mode africaine. D\u00e9but de tour difficile car niveau logistique, c&rsquo;\u00e9tait plut\u00f4t difficile, surtout avec les transbordements en avion. 5 de pr\u00e9vus et au final ,on n&rsquo;en a fait que un seul car deux \u00e9tapes ont \u00e9t\u00e9 annul\u00e9es. <\/em><\/strong><\/p>\n<p style=\"text-align: justify;\"><strong><em>Sur la 1\u00e8re \u00e9tape, on avait un circuit de 1,8km en crit\u00e9rium, qui a \u00e9t\u00e9\u00a0tr\u00e8s rapide, \u00e0 42km\/h de moyenne ! Au final, on gagne la course avec Alexis Tourtelot et on s&#8217;empare du maillot jaune. Moi je finis 19e \u00e0 cause d&rsquo;un probl\u00e8me de d\u00e9railleur et je n&rsquo;ai pu faire le sprint correctement. <\/em><\/strong><\/p>\n<p style=\"text-align: justify;\"><strong><em>La 2\u00e8me \u00e9tape \u00e9tait une course en ligne de 80km parcourue \u00e0 40km\/h de moyenne, avec un parcours assez vallonn\u00e9\u00a0et des routes en tr\u00e8s mauvais \u00e9tat,\u00a0parsem\u00e9s de trous dans la route et des ralentisseurs qui peuvent exploser un pneu si l&rsquo;on ne le passe pas correctement. Je me classe 8\u00e8me et on perd notre maillot jaune au profit d&rsquo;un Hollandais. Je me classe \u00e9galement 3\u00e8me au classement grimpeur. <\/em><\/strong><\/p>\n<p style=\"text-align: justify;\"><strong><em>3\u00e8me \u00e9tape : toujours une course en ligne allant de Kimpese vers Kinshasa soit 90km, je me classe 11\u00e8 et je reste toujours 3\u00e8me au g\u00e9n\u00e9ral des grimpeurs, apr\u00e8s avoir fini 2\u00e8me \u00e0 celui de cette \u00e9tape. Je suis actuellement 13\u00e8me au classement g\u00e9n\u00e9ral, j&rsquo;esp\u00e8re faire un top 10 au final. <\/em><\/strong><\/p>\n<p style=\"text-align: justify;\"><strong><em>Demain vendredi 4\u00e8me \u00e9tape avec un parcours qui grimpe, \u00e0 moi de briller !!!! <\/em><\/strong><\/p>\n<p style=\"text-align: justify;\"><strong><em>Je vous joins quelques petites photos dont une\u00a0avec le maillot et deux coureurs de l&rsquo;\u00e9quipe de la RD Congo, je pense \u00e0 Lanester m\u00eame\u00a0\u00e0 l&rsquo;autre bout de l&rsquo;Afrique !<\/em><\/strong><\/p>\n<p style=\"text-align: justify;\"><strong><em>Ma\u00ebl Nivinou, depuis Kinshasa autour d&rsquo;une bonne petite bi\u00e8re du pays (Tembo)<\/em><\/strong> \u00a0\u00bb<br \/>\n<!-- default-view.php -->\n<div\n\tclass=\"ngg-galleryoverview default-view\n\t ngg-ajax-pagination-none\t\"\n\tid=\"ngg-gallery-6f3778a576944f1c8e10db04fe69c70a-1\"\n\tdata-nextgen-gallery-id=\"268\"\n\tdata-gallery-id=\"268\"\n\t\tdata-gallery-name=\"Mael - Tour RDC 2016\"\n\t>\n\n\t\t<!-- Thumbnails -->\n\t\t\t\t<div id=\"ngg-image-0\" class=\"ngg-gallery-thumbnail-box\n\t\t\t\t\t\t\t\t\t\t\t\"\n\t\t\t>\n\t\t\t\t\t\t<div class=\"ngg-gallery-thumbnail\">\n\t\t<a href=\"https:\/\/www.aclanester56.com\/velo\/wp-content\/gallery\/Mael---Tour-RDC-2016\/unnamed.jpg?t=1600988370\"\n\t\t\ttitle=\"\"\n\t\t\tdata-src=\"https:\/\/www.aclanester56.com\/velo\/wp-content\/gallery\/Mael---Tour-RDC-2016\/unnamed.jpg?t=1600988370\"\n\t\t\tdata-thumbnail=\"https:\/\/www.aclanester56.com\/velo\/wp-content\/gallery\/Mael---Tour-RDC-2016\/thumbs\/thumbs_unnamed.jpg?t=1600988370\"\n\t\t\tdata-image-id=\"10411\"\n\t\t\tdata-image-name=\"unnamed.jpg\"\n\t\t\tdata-title=\"unnamed\"\n\t\t\tdata-description=\"\"\n\t\t\tdata-image-slug=\"unnamed\"\n\t\t\t\t\t\t\t\t\t\t\t\t\t\t\t\t\t\t\t\tclass=\"ngg-simplelightbox\" rel=\"6f3778a576944f1c8e10db04fe69c70a\">\n\t\t\t\t\t\t\t\t<img\n\t\t\t\t\ttitle=\"unnamed\"\n\t\t\t\t\talt=\"unnamed\"\n\t\t\t\t\tsrc=\"https:\/\/www.aclanester56.com\/velo\/wp-content\/gallery\/Mael---Tour-RDC-2016\/thumbs\/thumbs_unnamed.jpg?t=1600988370\"\n\t\t\t\t\twidth=\"100\"\n\t\t\t\t\theight=\"100\"\n\t\t\t\t\tstyle=\"max-width:100%;\"\n\t\t\t\t\/>\n\t\t\t<\/a>\n\t\t<\/div>\n\t\t\t\t\t\t\t<\/div>\n\t\t\t\n\t\t\t\t<div id=\"ngg-image-1\" class=\"ngg-gallery-thumbnail-box\n\t\t\t\t\t\t\t\t\t\t\t\"\n\t\t\t>\n\t\t\t\t\t\t<div class=\"ngg-gallery-thumbnail\">\n\t\t<a href=\"https:\/\/www.aclanester56.com\/velo\/wp-content\/gallery\/Mael---Tour-RDC-2016\/unnamed2.jpg?t=1465503220\"\n\t\t\ttitle=\"\"\n\t\t\tdata-src=\"https:\/\/www.aclanester56.com\/velo\/wp-content\/gallery\/Mael---Tour-RDC-2016\/unnamed2.jpg?t=1465503220\"\n\t\t\tdata-thumbnail=\"https:\/\/www.aclanester56.com\/velo\/wp-content\/gallery\/Mael---Tour-RDC-2016\/thumbs\/thumbs_unnamed2.jpg?t=1465503220\"\n\t\t\tdata-image-id=\"10412\"\n\t\t\tdata-image-name=\"unnamed2.jpg\"\n\t\t\tdata-title=\"unnamed2\"\n\t\t\tdata-description=\"\"\n\t\t\tdata-image-slug=\"unnamed2\"\n\t\t\t\t\t\t\t\t\t\t\t\t\t\t\t\t\t\t\t\tclass=\"ngg-simplelightbox\" rel=\"6f3778a576944f1c8e10db04fe69c70a\">\n\t\t\t\t\t\t\t\t<img\n\t\t\t\t\ttitle=\"unnamed2\"\n\t\t\t\t\talt=\"unnamed2\"\n\t\t\t\t\tsrc=\"https:\/\/www.aclanester56.com\/velo\/wp-content\/gallery\/Mael---Tour-RDC-2016\/thumbs\/thumbs_unnamed2.jpg?t=1465503220\"\n\t\t\t\t\twidth=\"100\"\n\t\t\t\t\theight=\"100\"\n\t\t\t\t\tstyle=\"max-width:100%;\"\n\t\t\t\t\/>\n\t\t\t<\/a>\n\t\t<\/div>\n\t\t\t\t\t\t\t<\/div>\n\t\t\t\n\t\t\t\t<div id=\"ngg-image-2\" class=\"ngg-gallery-thumbnail-box\n\t\t\t\t\t\t\t\t\t\t\t\"\n\t\t\t>\n\t\t\t\t\t\t<div class=\"ngg-gallery-thumbnail\">\n\t\t<a href=\"https:\/\/www.aclanester56.com\/velo\/wp-content\/gallery\/Mael---Tour-RDC-2016\/unnamed3.jpg?t=1465503226\"\n\t\t\ttitle=\"\"\n\t\t\tdata-src=\"https:\/\/www.aclanester56.com\/velo\/wp-content\/gallery\/Mael---Tour-RDC-2016\/unnamed3.jpg?t=1465503226\"\n\t\t\tdata-thumbnail=\"https:\/\/www.aclanester56.com\/velo\/wp-content\/gallery\/Mael---Tour-RDC-2016\/thumbs\/thumbs_unnamed3.jpg?t=1465503226\"\n\t\t\tdata-image-id=\"10413\"\n\t\t\tdata-image-name=\"unnamed3.jpg\"\n\t\t\tdata-title=\"unnamed3\"\n\t\t\tdata-description=\"\"\n\t\t\tdata-image-slug=\"unnamed3\"\n\t\t\t\t\t\t\t\t\t\t\t\t\t\t\t\t\t\t\t\tclass=\"ngg-simplelightbox\" rel=\"6f3778a576944f1c8e10db04fe69c70a\">\n\t\t\t\t\t\t\t\t<img\n\t\t\t\t\ttitle=\"unnamed3\"\n\t\t\t\t\talt=\"unnamed3\"\n\t\t\t\t\tsrc=\"https:\/\/www.aclanester56.com\/velo\/wp-content\/gallery\/Mael---Tour-RDC-2016\/thumbs\/thumbs_unnamed3.jpg?t=1465503226\"\n\t\t\t\t\twidth=\"100\"\n\t\t\t\t\theight=\"100\"\n\t\t\t\t\tstyle=\"max-width:100%;\"\n\t\t\t\t\/>\n\t\t\t<\/a>\n\t\t<\/div>\n\t\t\t\t\t\t\t<\/div>\n\t\t\t\n\t\n\t<br style=\"clear: both\" \/>\n\n\t\n\t\t<div class=\"ngg-clear\"><\/div>\n\t<\/div>\n<\/p>\n","protected":false},"excerpt":{"rendered":"","protected":false},"author":14,"featured_media":28611,"comment_status":"open","ping_status":"open","sticky":false,"template":"","format":"standard","meta":{"ngg_post_thumbnail":0,"footnotes":""},"categories":[5,19],"tags":[],"class_list":["post-28610","post","type-post","status-publish","format-standard","has-post-thumbnail","hentry","category-ac-lanester-56","category-resultats-2eme-categorie"],"yoast_head":"<!-- This site is optimized with the Yoast SEO plugin v27.5 - https:\/\/yoast.com\/product\/yoast-seo-wordpress\/ -->\n<title>Des nouvelles de Ma\u00ebl Nivinou sur le Tour de la R\u00e9publique D\u00e9mocratique du Congo ! - Avenir Cycliste Lanester 56<\/title>\n<meta name=\"robots\" content=\"index, follow, max-snippet:-1, max-image-preview:large, max-video-preview:-1\" \/>\n<link rel=\"canonical\" href=\"https:\/\/www.aclanester56.com\/velo\/nouvelles-de-mael-nivinou-tour-de-republique-democratique-congo\/\" \/>\n<meta property=\"og:locale\" content=\"fr_FR\" \/>\n<meta property=\"og:type\" content=\"article\" \/>\n<meta property=\"og:title\" content=\"Des nouvelles de Ma\u00ebl Nivinou sur le Tour de la R\u00e9publique D\u00e9mocratique du Congo ! - Avenir Cycliste Lanester 56\" \/>\n<meta property=\"og:url\" content=\"https:\/\/www.aclanester56.com\/velo\/nouvelles-de-mael-nivinou-tour-de-republique-democratique-congo\/\" \/>\n<meta property=\"og:site_name\" content=\"Avenir Cycliste Lanester 56\" \/>\n<meta property=\"article:publisher\" content=\"https:\/\/www.facebook.com\/pages\/AC-Lanester-56\/190286300991242?fref=ts\" \/>\n<meta property=\"article:published_time\" content=\"2016-06-09T20:14:35+00:00\" \/>\n<meta property=\"og:image\" content=\"https:\/\/www.aclanester56.com\/velo\/wp-content\/uploads\/2016\/06\/unnamed3-Copie.jpg\" \/>\n\t<meta property=\"og:image:width\" content=\"880\" \/>\n\t<meta property=\"og:image:height\" content=\"450\" \/>\n\t<meta property=\"og:image:type\" content=\"image\/jpeg\" \/>\n<meta name=\"author\" content=\"Jean-Christophe\" \/>\n<meta name=\"twitter:label1\" content=\"\u00c9crit par\" \/>\n\t<meta name=\"twitter:data1\" content=\"Jean-Christophe\" \/>\n\t<meta name=\"twitter:label2\" content=\"Dur\u00e9e de lecture estim\u00e9e\" \/>\n\t<meta name=\"twitter:data2\" content=\"2 minutes\" \/>\n<script type=\"application\/ld+json\" class=\"yoast-schema-graph\">{\"@context\":\"https:\\\/\\\/schema.org\",\"@graph\":[{\"@type\":\"Article\",\"@id\":\"https:\\\/\\\/www.aclanester56.com\\\/velo\\\/nouvelles-de-mael-nivinou-tour-de-republique-democratique-congo\\\/#article\",\"isPartOf\":{\"@id\":\"https:\\\/\\\/www.aclanester56.com\\\/velo\\\/nouvelles-de-mael-nivinou-tour-de-republique-democratique-congo\\\/\"},\"author\":{\"name\":\"Jean-Christophe\",\"@id\":\"https:\\\/\\\/www.aclanester56.com\\\/velo\\\/#\\\/schema\\\/person\\\/ca2a44a5fd969e9dd846c72d3b33bc01\"},\"headline\":\"Des nouvelles de Ma\u00ebl Nivinou sur le Tour de la R\u00e9publique D\u00e9mocratique du Congo !\",\"datePublished\":\"2016-06-09T20:14:35+00:00\",\"mainEntityOfPage\":{\"@id\":\"https:\\\/\\\/www.aclanester56.com\\\/velo\\\/nouvelles-de-mael-nivinou-tour-de-republique-democratique-congo\\\/\"},\"wordCount\":367,\"commentCount\":0,\"publisher\":{\"@id\":\"https:\\\/\\\/www.aclanester56.com\\\/velo\\\/#organization\"},\"image\":{\"@id\":\"https:\\\/\\\/www.aclanester56.com\\\/velo\\\/nouvelles-de-mael-nivinou-tour-de-republique-democratique-congo\\\/#primaryimage\"},\"thumbnailUrl\":\"https:\\\/\\\/www.aclanester56.com\\\/velo\\\/wp-content\\\/uploads\\\/2016\\\/06\\\/unnamed3-Copie.jpg\",\"articleSection\":[\"AC LANESTER 56\",\"R\u00e9sultats 2eme cat\u00e9gorie\"],\"inLanguage\":\"fr-FR\",\"potentialAction\":[{\"@type\":\"CommentAction\",\"name\":\"Comment\",\"target\":[\"https:\\\/\\\/www.aclanester56.com\\\/velo\\\/nouvelles-de-mael-nivinou-tour-de-republique-democratique-congo\\\/#respond\"]}]},{\"@type\":\"WebPage\",\"@id\":\"https:\\\/\\\/www.aclanester56.com\\\/velo\\\/nouvelles-de-mael-nivinou-tour-de-republique-democratique-congo\\\/\",\"url\":\"https:\\\/\\\/www.aclanester56.com\\\/velo\\\/nouvelles-de-mael-nivinou-tour-de-republique-democratique-congo\\\/\",\"name\":\"Des nouvelles de Ma\u00ebl Nivinou sur le Tour de la R\u00e9publique D\u00e9mocratique du Congo ! - Avenir Cycliste Lanester 56\",\"isPartOf\":{\"@id\":\"https:\\\/\\\/www.aclanester56.com\\\/velo\\\/#website\"},\"primaryImageOfPage\":{\"@id\":\"https:\\\/\\\/www.aclanester56.com\\\/velo\\\/nouvelles-de-mael-nivinou-tour-de-republique-democratique-congo\\\/#primaryimage\"},\"image\":{\"@id\":\"https:\\\/\\\/www.aclanester56.com\\\/velo\\\/nouvelles-de-mael-nivinou-tour-de-republique-democratique-congo\\\/#primaryimage\"},\"thumbnailUrl\":\"https:\\\/\\\/www.aclanester56.com\\\/velo\\\/wp-content\\\/uploads\\\/2016\\\/06\\\/unnamed3-Copie.jpg\",\"datePublished\":\"2016-06-09T20:14:35+00:00\",\"inLanguage\":\"fr-FR\",\"potentialAction\":[{\"@type\":\"ReadAction\",\"target\":[\"https:\\\/\\\/www.aclanester56.com\\\/velo\\\/nouvelles-de-mael-nivinou-tour-de-republique-democratique-congo\\\/\"]}]},{\"@type\":\"ImageObject\",\"inLanguage\":\"fr-FR\",\"@id\":\"https:\\\/\\\/www.aclanester56.com\\\/velo\\\/nouvelles-de-mael-nivinou-tour-de-republique-democratique-congo\\\/#primaryimage\",\"url\":\"https:\\\/\\\/www.aclanester56.com\\\/velo\\\/wp-content\\\/uploads\\\/2016\\\/06\\\/unnamed3-Copie.jpg\",\"contentUrl\":\"https:\\\/\\\/www.aclanester56.com\\\/velo\\\/wp-content\\\/uploads\\\/2016\\\/06\\\/unnamed3-Copie.jpg\",\"width\":880,\"height\":450},{\"@type\":\"WebSite\",\"@id\":\"https:\\\/\\\/www.aclanester56.com\\\/velo\\\/#website\",\"url\":\"https:\\\/\\\/www.aclanester56.com\\\/velo\\\/\",\"name\":\"Avenir Cycliste Lanester 56\",\"description\":\"Club cycliste de l&#039;AC LANESTER 56\",\"publisher\":{\"@id\":\"https:\\\/\\\/www.aclanester56.com\\\/velo\\\/#organization\"},\"potentialAction\":[{\"@type\":\"SearchAction\",\"target\":{\"@type\":\"EntryPoint\",\"urlTemplate\":\"https:\\\/\\\/www.aclanester56.com\\\/velo\\\/?s={search_term_string}\"},\"query-input\":{\"@type\":\"PropertyValueSpecification\",\"valueRequired\":true,\"valueName\":\"search_term_string\"}}],\"inLanguage\":\"fr-FR\"},{\"@type\":\"Organization\",\"@id\":\"https:\\\/\\\/www.aclanester56.com\\\/velo\\\/#organization\",\"name\":\"Avenir Cycliste Lanester 56\",\"url\":\"https:\\\/\\\/www.aclanester56.com\\\/velo\\\/\",\"logo\":{\"@type\":\"ImageObject\",\"inLanguage\":\"fr-FR\",\"@id\":\"https:\\\/\\\/www.aclanester56.com\\\/velo\\\/#\\\/schema\\\/logo\\\/image\\\/\",\"url\":\"https:\\\/\\\/www.aclanester56.com\\\/velo\\\/wp-content\\\/uploads\\\/2013\\\/04\\\/logo-ACL.jpg\",\"contentUrl\":\"https:\\\/\\\/www.aclanester56.com\\\/velo\\\/wp-content\\\/uploads\\\/2013\\\/04\\\/logo-ACL.jpg\",\"width\":400,\"height\":334,\"caption\":\"Avenir Cycliste Lanester 56\"},\"image\":{\"@id\":\"https:\\\/\\\/www.aclanester56.com\\\/velo\\\/#\\\/schema\\\/logo\\\/image\\\/\"},\"sameAs\":[\"https:\\\/\\\/www.facebook.com\\\/pages\\\/AC-Lanester-56\\\/190286300991242?fref=ts\"]},{\"@type\":\"Person\",\"@id\":\"https:\\\/\\\/www.aclanester56.com\\\/velo\\\/#\\\/schema\\\/person\\\/ca2a44a5fd969e9dd846c72d3b33bc01\",\"name\":\"Jean-Christophe\",\"url\":\"https:\\\/\\\/www.aclanester56.com\\\/velo\\\/author\\\/jeanchristophe\\\/\"}]}<\/script>\n<!-- \/ Yoast SEO plugin. -->","yoast_head_json":{"title":"Des nouvelles de Ma\u00ebl Nivinou sur le Tour de la R\u00e9publique D\u00e9mocratique du Congo ! - Avenir Cycliste Lanester 56","robots":{"index":"index","follow":"follow","max-snippet":"max-snippet:-1","max-image-preview":"max-image-preview:large","max-video-preview":"max-video-preview:-1"},"canonical":"https:\/\/www.aclanester56.com\/velo\/nouvelles-de-mael-nivinou-tour-de-republique-democratique-congo\/","og_locale":"fr_FR","og_type":"article","og_title":"Des nouvelles de Ma\u00ebl Nivinou sur le Tour de la R\u00e9publique D\u00e9mocratique du Congo ! - Avenir Cycliste Lanester 56","og_url":"https:\/\/www.aclanester56.com\/velo\/nouvelles-de-mael-nivinou-tour-de-republique-democratique-congo\/","og_site_name":"Avenir Cycliste Lanester 56","article_publisher":"https:\/\/www.facebook.com\/pages\/AC-Lanester-56\/190286300991242?fref=ts","article_published_time":"2016-06-09T20:14:35+00:00","og_image":[{"width":880,"height":450,"url":"https:\/\/www.aclanester56.com\/velo\/wp-content\/uploads\/2016\/06\/unnamed3-Copie.jpg","type":"image\/jpeg"}],"author":"Jean-Christophe","twitter_misc":{"\u00c9crit par":"Jean-Christophe","Dur\u00e9e de lecture estim\u00e9e":"2 minutes"},"schema":{"@context":"https:\/\/schema.org","@graph":[{"@type":"Article","@id":"https:\/\/www.aclanester56.com\/velo\/nouvelles-de-mael-nivinou-tour-de-republique-democratique-congo\/#article","isPartOf":{"@id":"https:\/\/www.aclanester56.com\/velo\/nouvelles-de-mael-nivinou-tour-de-republique-democratique-congo\/"},"author":{"name":"Jean-Christophe","@id":"https:\/\/www.aclanester56.com\/velo\/#\/schema\/person\/ca2a44a5fd969e9dd846c72d3b33bc01"},"headline":"Des nouvelles de Ma\u00ebl Nivinou sur le Tour de la R\u00e9publique D\u00e9mocratique du Congo !","datePublished":"2016-06-09T20:14:35+00:00","mainEntityOfPage":{"@id":"https:\/\/www.aclanester56.com\/velo\/nouvelles-de-mael-nivinou-tour-de-republique-democratique-congo\/"},"wordCount":367,"commentCount":0,"publisher":{"@id":"https:\/\/www.aclanester56.com\/velo\/#organization"},"image":{"@id":"https:\/\/www.aclanester56.com\/velo\/nouvelles-de-mael-nivinou-tour-de-republique-democratique-congo\/#primaryimage"},"thumbnailUrl":"https:\/\/www.aclanester56.com\/velo\/wp-content\/uploads\/2016\/06\/unnamed3-Copie.jpg","articleSection":["AC LANESTER 56","R\u00e9sultats 2eme cat\u00e9gorie"],"inLanguage":"fr-FR","potentialAction":[{"@type":"CommentAction","name":"Comment","target":["https:\/\/www.aclanester56.com\/velo\/nouvelles-de-mael-nivinou-tour-de-republique-democratique-congo\/#respond"]}]},{"@type":"WebPage","@id":"https:\/\/www.aclanester56.com\/velo\/nouvelles-de-mael-nivinou-tour-de-republique-democratique-congo\/","url":"https:\/\/www.aclanester56.com\/velo\/nouvelles-de-mael-nivinou-tour-de-republique-democratique-congo\/","name":"Des nouvelles de Ma\u00ebl Nivinou sur le Tour de la R\u00e9publique D\u00e9mocratique du Congo ! - Avenir Cycliste Lanester 56","isPartOf":{"@id":"https:\/\/www.aclanester56.com\/velo\/#website"},"primaryImageOfPage":{"@id":"https:\/\/www.aclanester56.com\/velo\/nouvelles-de-mael-nivinou-tour-de-republique-democratique-congo\/#primaryimage"},"image":{"@id":"https:\/\/www.aclanester56.com\/velo\/nouvelles-de-mael-nivinou-tour-de-republique-democratique-congo\/#primaryimage"},"thumbnailUrl":"https:\/\/www.aclanester56.com\/velo\/wp-content\/uploads\/2016\/06\/unnamed3-Copie.jpg","datePublished":"2016-06-09T20:14:35+00:00","inLanguage":"fr-FR","potentialAction":[{"@type":"ReadAction","target":["https:\/\/www.aclanester56.com\/velo\/nouvelles-de-mael-nivinou-tour-de-republique-democratique-congo\/"]}]},{"@type":"ImageObject","inLanguage":"fr-FR","@id":"https:\/\/www.aclanester56.com\/velo\/nouvelles-de-mael-nivinou-tour-de-republique-democratique-congo\/#primaryimage","url":"https:\/\/www.aclanester56.com\/velo\/wp-content\/uploads\/2016\/06\/unnamed3-Copie.jpg","contentUrl":"https:\/\/www.aclanester56.com\/velo\/wp-content\/uploads\/2016\/06\/unnamed3-Copie.jpg","width":880,"height":450},{"@type":"WebSite","@id":"https:\/\/www.aclanester56.com\/velo\/#website","url":"https:\/\/www.aclanester56.com\/velo\/","name":"Avenir Cycliste Lanester 56","description":"Club cycliste de l&#039;AC LANESTER 56","publisher":{"@id":"https:\/\/www.aclanester56.com\/velo\/#organization"},"potentialAction":[{"@type":"SearchAction","target":{"@type":"EntryPoint","urlTemplate":"https:\/\/www.aclanester56.com\/velo\/?s={search_term_string}"},"query-input":{"@type":"PropertyValueSpecification","valueRequired":true,"valueName":"search_term_string"}}],"inLanguage":"fr-FR"},{"@type":"Organization","@id":"https:\/\/www.aclanester56.com\/velo\/#organization","name":"Avenir Cycliste Lanester 56","url":"https:\/\/www.aclanester56.com\/velo\/","logo":{"@type":"ImageObject","inLanguage":"fr-FR","@id":"https:\/\/www.aclanester56.com\/velo\/#\/schema\/logo\/image\/","url":"https:\/\/www.aclanester56.com\/velo\/wp-content\/uploads\/2013\/04\/logo-ACL.jpg","contentUrl":"https:\/\/www.aclanester56.com\/velo\/wp-content\/uploads\/2013\/04\/logo-ACL.jpg","width":400,"height":334,"caption":"Avenir Cycliste Lanester 56"},"image":{"@id":"https:\/\/www.aclanester56.com\/velo\/#\/schema\/logo\/image\/"},"sameAs":["https:\/\/www.facebook.com\/pages\/AC-Lanester-56\/190286300991242?fref=ts"]},{"@type":"Person","@id":"https:\/\/www.aclanester56.com\/velo\/#\/schema\/person\/ca2a44a5fd969e9dd846c72d3b33bc01","name":"Jean-Christophe","url":"https:\/\/www.aclanester56.com\/velo\/author\/jeanchristophe\/"}]}},"_links":{"self":[{"href":"https:\/\/www.aclanester56.com\/velo\/wp-json\/wp\/v2\/posts\/28610","targetHints":{"allow":["GET"]}}],"collection":[{"href":"https:\/\/www.aclanester56.com\/velo\/wp-json\/wp\/v2\/posts"}],"about":[{"href":"https:\/\/www.aclanester56.com\/velo\/wp-json\/wp\/v2\/types\/post"}],"author":[{"embeddable":true,"href":"https:\/\/www.aclanester56.com\/velo\/wp-json\/wp\/v2\/users\/14"}],"replies":[{"embeddable":true,"href":"https:\/\/www.aclanester56.com\/velo\/wp-json\/wp\/v2\/comments?post=28610"}],"version-history":[{"count":1,"href":"https:\/\/www.aclanester56.com\/velo\/wp-json\/wp\/v2\/posts\/28610\/revisions"}],"predecessor-version":[{"id":28621,"href":"https:\/\/www.aclanester56.com\/velo\/wp-json\/wp\/v2\/posts\/28610\/revisions\/28621"}],"wp:featuredmedia":[{"embeddable":true,"href":"https:\/\/www.aclanester56.com\/velo\/wp-json\/wp\/v2\/media\/28611"}],"wp:attachment":[{"href":"https:\/\/www.aclanester56.com\/velo\/wp-json\/wp\/v2\/media?parent=28610"}],"wp:term":[{"taxonomy":"category","embeddable":true,"href":"https:\/\/www.aclanester56.com\/velo\/wp-json\/wp\/v2\/categories?post=28610"},{"taxonomy":"post_tag","embeddable":true,"href":"https:\/\/www.aclanester56.com\/velo\/wp-json\/wp\/v2\/tags?post=28610"}],"curies":[{"name":"wp","href":"https:\/\/api.w.org\/{rel}","templated":true}]}}