{"id":29995,"date":"2017-01-08T00:23:31","date_gmt":"2017-01-07T23:23:31","guid":{"rendered":"http:\/\/www.aclanester56.com\/velo\/?p=29995"},"modified":"2017-01-08T14:06:35","modified_gmt":"2017-01-08T13:06:35","slug":"1ere-manche-des-samedis-decouverte-de-la-piste-2017-les-classements","status":"publish","type":"post","link":"https:\/\/www.aclanester56.com\/velo\/1ere-manche-des-samedis-decouverte-de-la-piste-2017-les-classements\/","title":{"rendered":"1\u00e8re Manche des Samedis D\u00e9couverte de la Piste 2017 : les classements !"},"content":{"rendered":"<p><!--more--><\/p>\n<p style=\"text-align: justify;\"><em>Photo&nbsp;Val\u00e9rie Duval<\/em><\/p>\n<p style=\"text-align: justify;\">L\u2019AC LANESTER 56 a organis\u00e9 ce samedi la 1\u00e8re manche des Samedis D\u00e9couverte de la Piste 2017 sur l\u2019anneau cycliste G\u00e9rard Le Maguer. Ils \u00e9taient 36&nbsp;participants (participation plus faible que d&rsquo;habitude explicable par la concurrence d&rsquo;une autre \u00e9preuve \u00e0 proximit\u00e9, et du championnat de France de cyclo-cross \u00e0 Lanarvily), filles et gar\u00e7ons n\u00e9s en 2003, 2004, 2005 et 2006 \u00e0 s\u2019affronter sur des \u00e9preuves de scratch.&nbsp;Ceux-ci appartiennent aux clubs de l\u2019AC Lanester 56, le VC Belle-Ile, l\u2019UC Inguiniel, l\u2019UC Quimperl\u00e9, le VC Languidic, l\u2019EC Pluvignoise, l\u2019EC Qu\u00e9ven, Hennebont Cyclisme, le Leuc\u00e9mie Espoir Quimper&nbsp;et l&rsquo;UC Auray.<\/p>\n<p style=\"text-align: justify;\">Les jeunes Lanest\u00e9riens se sont particuli\u00e8rement illustr\u00e9s \u00e0 domicile puisque quatre repr\u00e9sentants sont mont\u00e9s sur le podium !<\/p>\n<p style=\"text-align: justify;\">Depuis l\u2019arr\u00eat des anciens \u00ab&nbsp;Samedis Populaires d\u2019Hiver de la Piste&nbsp;\u00bb, l\u2019AC LANESTER 56 pr\u00e9sid\u00e9 par St\u00e9phane Le Crom continue, sous l\u2019impulsion de Jean-Claude SAGOT,&nbsp;d\u2019organiser ces \u00e9preuves en partenariat avec les clubs voisins, pour permettre aux plus jeunes de d\u00e9couvrir la piste. La 2\u00e8me manche aura lieu le&nbsp;samedi 21 janvier avec des courses aux points, tandis que la finale se d\u00e9roulera sous forme d\u2019\u00e9liminatoires le samedi 4 f\u00e9vrier. Un classement g\u00e9n\u00e9ral sera \u00e9tabli \u00e0 l\u2019issue des trois manches et les vainqueurs seront r\u00e9compens\u00e9s. Comme l\u2019essentiel est avant tout de participer, les jeunes coureurs d\u00e9sireux de prendre part aux \u00e9preuves suivantes pourront bien entendu s\u2019y inscrire, m\u00eame s\u2019ils n\u2019\u00e9taient pas au d\u00e9part de cette 1\u00e8re manche !<\/p>\n<p style=\"text-align: justify;\">Retrouvez ci-dessous quelques&nbsp;photos de Val\u00e9rie Duval :<\/p>\n<p>ngg_shortcode_0_placeholder<span style=\"text-decoration: underline;\"><strong>Filles n\u00e9es en 2005\/2006 :<\/strong><\/span><br \/>\n1 LANGLO Maiwenn UC INGUINIEL 12 pts<br \/>\n2 LE SAUCE Candice UC QUIMPERLOISE 10 pts<\/p>\n<p><span style=\"text-decoration: underline;\"><strong>Filles n\u00e9es en 2003\/2004 :<\/strong><\/span><br \/>\n1 LANGLO Morgane UC INGUINIEL 12 pts<br \/>\n2 ESVAN Manuela UC QUIMPERLOISE 10 pts<\/p>\n<p><span style=\"text-decoration: underline;\"><strong>Gar\u00e7ons n\u00e9s en 2006 :<\/strong><\/span><br \/>\n1 LE BOUEDEC Soen AC LANESTER 56 12 pts<br \/>\n2 ABOUD Yanis VC BELLILOIS 10 pts<br \/>\n3 LOEZIC Louenn AC LANESTER 56 8 pts<br \/>\n4 BLANC-BIHAN Dylan AC LANESTER 56 7 pts<br \/>\n5 DREAN Mathis EC PLUVIGNOISE 6 pts<\/p>\n<p><span style=\"text-decoration: underline;\"><strong>Gar\u00e7ons n\u00e9s en 2005 :<\/strong><\/span><br \/>\n1 PERENNES Kilian LEUCEMIE ESPOIR 12 pts<br \/>\n2 LE CALVE Gautier AC LANESTER 56 10 pts<br \/>\n3 PORTUGAL Joris VC BELLILOIS 8 pts<br \/>\n4 BENOIST Tristan UC AURAY 7 pts<br \/>\n5 RAULT Th\u00e9o UC INGUINIEL 6 pts<br \/>\n6 ELIOT Kyllian VC LANGUIDIC 5 pts<br \/>\n7 JOSSO Meddy AC LANESTER 56 4 pts<br \/>\n8 PASCO Jonathan UC INGUINIEL 3 pts<br \/>\n9 LE CALVE Hugo UC QUIMPERLOISE 2 pts<br \/>\n10 UHEL-JUHEL Kylian AC LANESTER 56 1 pts<\/p>\n<p><span style=\"text-decoration: underline;\"><strong>Gar\u00e7ons n\u00e9s en 2004 :<\/strong><\/span><br \/>\n1 LANGLO Corentin UC INGUINIEL 12 pts<br \/>\n2 FOUILLEN Lucas VC LANGUIDIC 10 pts<br \/>\n3 LE GAL Baptiste HENNEBONT CYCLISME 8 pts<br \/>\n4 LUCAS Evan VC BELLILOIS 7 pts<br \/>\n5 LE BIDEAU Louis EC QUEVEN 6 pts<br \/>\n6 HUFFENUS Paul AC LANESTER 56 5 pts<\/p>\n<p><span style=\"text-decoration: underline;\"><strong>Gar\u00e7ons n\u00e9s en 2003 :<\/strong><\/span><br \/>\n1 LE HUITOUZE Eddy EC PLUVIGNOISE 12 pts<br \/>\n2 CARIOU Julian LEUCEMIE ESPOIR 10 pts<br \/>\n3 CADORET Th\u00e9otime AC LANESTER 56 8 pts<br \/>\n4 HAYES Max UC INGUINIEL 7 pts<br \/>\n5 MARTIN Elouann HENNEBONT CYCLISME 6 pts<br \/>\n6 LE SAUSSE Valentin AC LANESTER 56 5 pts<br \/>\n7 LE CLECH Malo AC LANESTER 56 4 pts<br \/>\n8 BUQUEN Jimilou VC LANGUIDIC 3 pts<br \/>\n9 MAZILLER Enzo VC BELLILOIS 2 pts<\/p>\n","protected":false},"excerpt":{"rendered":"","protected":false},"author":14,"featured_media":30097,"comment_status":"open","ping_status":"open","sticky":false,"template":"","format":"standard","meta":{"ngg_post_thumbnail":0,"footnotes":""},"categories":[5,7,37],"tags":[],"class_list":["post-29995","post","type-post","status-publish","format-standard","has-post-thumbnail","hentry","category-ac-lanester-56","category-organisations","category-samedi-decouverte"],"yoast_head":"<!-- This site is optimized with the Yoast SEO plugin v27.5 - https:\/\/yoast.com\/product\/yoast-seo-wordpress\/ -->\n<title>1\u00e8re Manche des Samedis D\u00e9couverte de la Piste 2017 : les classements ! - Avenir Cycliste Lanester 56<\/title>\n<meta name=\"robots\" content=\"index, follow, max-snippet:-1, max-image-preview:large, max-video-preview:-1\" \/>\n<link rel=\"canonical\" href=\"https:\/\/www.aclanester56.com\/velo\/1ere-manche-des-samedis-decouverte-de-la-piste-2017-les-classements\/\" \/>\n<meta property=\"og:locale\" content=\"fr_FR\" \/>\n<meta property=\"og:type\" content=\"article\" \/>\n<meta property=\"og:title\" content=\"1\u00e8re Manche des Samedis D\u00e9couverte de la Piste 2017 : les classements ! - Avenir Cycliste Lanester 56\" \/>\n<meta property=\"og:url\" content=\"https:\/\/www.aclanester56.com\/velo\/1ere-manche-des-samedis-decouverte-de-la-piste-2017-les-classements\/\" \/>\n<meta property=\"og:site_name\" content=\"Avenir Cycliste Lanester 56\" \/>\n<meta property=\"article:publisher\" content=\"https:\/\/www.facebook.com\/pages\/AC-Lanester-56\/190286300991242?fref=ts\" \/>\n<meta property=\"article:published_time\" content=\"2017-01-07T23:23:31+00:00\" \/>\n<meta property=\"article:modified_time\" content=\"2017-01-08T13:06:35+00:00\" \/>\n<meta property=\"og:image\" content=\"https:\/\/www.aclanester56.com\/velo\/wp-content\/uploads\/2017\/01\/DSCN9836-Copie.jpg\" \/>\n\t<meta property=\"og:image:width\" content=\"880\" \/>\n\t<meta property=\"og:image:height\" content=\"450\" \/>\n\t<meta property=\"og:image:type\" content=\"image\/jpeg\" \/>\n<meta name=\"author\" content=\"Jean-Christophe\" \/>\n<meta name=\"twitter:label1\" content=\"\u00c9crit par\" \/>\n\t<meta name=\"twitter:data1\" content=\"Jean-Christophe\" \/>\n\t<meta name=\"twitter:label2\" content=\"Dur\u00e9e de lecture estim\u00e9e\" \/>\n\t<meta name=\"twitter:data2\" content=\"3 minutes\" \/>\n<script type=\"application\/ld+json\" class=\"yoast-schema-graph\">{\"@context\":\"https:\\\/\\\/schema.org\",\"@graph\":[{\"@type\":\"Article\",\"@id\":\"https:\\\/\\\/www.aclanester56.com\\\/velo\\\/1ere-manche-des-samedis-decouverte-de-la-piste-2017-les-classements\\\/#article\",\"isPartOf\":{\"@id\":\"https:\\\/\\\/www.aclanester56.com\\\/velo\\\/1ere-manche-des-samedis-decouverte-de-la-piste-2017-les-classements\\\/\"},\"author\":{\"name\":\"Jean-Christophe\",\"@id\":\"https:\\\/\\\/www.aclanester56.com\\\/velo\\\/#\\\/schema\\\/person\\\/ca2a44a5fd969e9dd846c72d3b33bc01\"},\"headline\":\"1\u00e8re Manche des Samedis D\u00e9couverte de la Piste 2017 : les classements !\",\"datePublished\":\"2017-01-07T23:23:31+00:00\",\"dateModified\":\"2017-01-08T13:06:35+00:00\",\"mainEntityOfPage\":{\"@id\":\"https:\\\/\\\/www.aclanester56.com\\\/velo\\\/1ere-manche-des-samedis-decouverte-de-la-piste-2017-les-classements\\\/\"},\"wordCount\":554,\"commentCount\":0,\"publisher\":{\"@id\":\"https:\\\/\\\/www.aclanester56.com\\\/velo\\\/#organization\"},\"image\":{\"@id\":\"https:\\\/\\\/www.aclanester56.com\\\/velo\\\/1ere-manche-des-samedis-decouverte-de-la-piste-2017-les-classements\\\/#primaryimage\"},\"thumbnailUrl\":\"https:\\\/\\\/www.aclanester56.com\\\/velo\\\/wp-content\\\/uploads\\\/2017\\\/01\\\/DSCN9836-Copie.jpg\",\"articleSection\":[\"AC LANESTER 56\",\"Les organisations\",\"Samedi d\u00e9couverte\"],\"inLanguage\":\"fr-FR\",\"potentialAction\":[{\"@type\":\"CommentAction\",\"name\":\"Comment\",\"target\":[\"https:\\\/\\\/www.aclanester56.com\\\/velo\\\/1ere-manche-des-samedis-decouverte-de-la-piste-2017-les-classements\\\/#respond\"]}]},{\"@type\":\"WebPage\",\"@id\":\"https:\\\/\\\/www.aclanester56.com\\\/velo\\\/1ere-manche-des-samedis-decouverte-de-la-piste-2017-les-classements\\\/\",\"url\":\"https:\\\/\\\/www.aclanester56.com\\\/velo\\\/1ere-manche-des-samedis-decouverte-de-la-piste-2017-les-classements\\\/\",\"name\":\"1\u00e8re Manche des Samedis D\u00e9couverte de la Piste 2017 : les classements ! - Avenir Cycliste Lanester 56\",\"isPartOf\":{\"@id\":\"https:\\\/\\\/www.aclanester56.com\\\/velo\\\/#website\"},\"primaryImageOfPage\":{\"@id\":\"https:\\\/\\\/www.aclanester56.com\\\/velo\\\/1ere-manche-des-samedis-decouverte-de-la-piste-2017-les-classements\\\/#primaryimage\"},\"image\":{\"@id\":\"https:\\\/\\\/www.aclanester56.com\\\/velo\\\/1ere-manche-des-samedis-decouverte-de-la-piste-2017-les-classements\\\/#primaryimage\"},\"thumbnailUrl\":\"https:\\\/\\\/www.aclanester56.com\\\/velo\\\/wp-content\\\/uploads\\\/2017\\\/01\\\/DSCN9836-Copie.jpg\",\"datePublished\":\"2017-01-07T23:23:31+00:00\",\"dateModified\":\"2017-01-08T13:06:35+00:00\",\"inLanguage\":\"fr-FR\",\"potentialAction\":[{\"@type\":\"ReadAction\",\"target\":[\"https:\\\/\\\/www.aclanester56.com\\\/velo\\\/1ere-manche-des-samedis-decouverte-de-la-piste-2017-les-classements\\\/\"]}]},{\"@type\":\"ImageObject\",\"inLanguage\":\"fr-FR\",\"@id\":\"https:\\\/\\\/www.aclanester56.com\\\/velo\\\/1ere-manche-des-samedis-decouverte-de-la-piste-2017-les-classements\\\/#primaryimage\",\"url\":\"https:\\\/\\\/www.aclanester56.com\\\/velo\\\/wp-content\\\/uploads\\\/2017\\\/01\\\/DSCN9836-Copie.jpg\",\"contentUrl\":\"https:\\\/\\\/www.aclanester56.com\\\/velo\\\/wp-content\\\/uploads\\\/2017\\\/01\\\/DSCN9836-Copie.jpg\",\"width\":880,\"height\":450},{\"@type\":\"WebSite\",\"@id\":\"https:\\\/\\\/www.aclanester56.com\\\/velo\\\/#website\",\"url\":\"https:\\\/\\\/www.aclanester56.com\\\/velo\\\/\",\"name\":\"Avenir Cycliste Lanester 56\",\"description\":\"Club cycliste de l&#039;AC LANESTER 56\",\"publisher\":{\"@id\":\"https:\\\/\\\/www.aclanester56.com\\\/velo\\\/#organization\"},\"potentialAction\":[{\"@type\":\"SearchAction\",\"target\":{\"@type\":\"EntryPoint\",\"urlTemplate\":\"https:\\\/\\\/www.aclanester56.com\\\/velo\\\/?s={search_term_string}\"},\"query-input\":{\"@type\":\"PropertyValueSpecification\",\"valueRequired\":true,\"valueName\":\"search_term_string\"}}],\"inLanguage\":\"fr-FR\"},{\"@type\":\"Organization\",\"@id\":\"https:\\\/\\\/www.aclanester56.com\\\/velo\\\/#organization\",\"name\":\"Avenir Cycliste Lanester 56\",\"url\":\"https:\\\/\\\/www.aclanester56.com\\\/velo\\\/\",\"logo\":{\"@type\":\"ImageObject\",\"inLanguage\":\"fr-FR\",\"@id\":\"https:\\\/\\\/www.aclanester56.com\\\/velo\\\/#\\\/schema\\\/logo\\\/image\\\/\",\"url\":\"https:\\\/\\\/www.aclanester56.com\\\/velo\\\/wp-content\\\/uploads\\\/2013\\\/04\\\/logo-ACL.jpg\",\"contentUrl\":\"https:\\\/\\\/www.aclanester56.com\\\/velo\\\/wp-content\\\/uploads\\\/2013\\\/04\\\/logo-ACL.jpg\",\"width\":400,\"height\":334,\"caption\":\"Avenir Cycliste Lanester 56\"},\"image\":{\"@id\":\"https:\\\/\\\/www.aclanester56.com\\\/velo\\\/#\\\/schema\\\/logo\\\/image\\\/\"},\"sameAs\":[\"https:\\\/\\\/www.facebook.com\\\/pages\\\/AC-Lanester-56\\\/190286300991242?fref=ts\"]},{\"@type\":\"Person\",\"@id\":\"https:\\\/\\\/www.aclanester56.com\\\/velo\\\/#\\\/schema\\\/person\\\/ca2a44a5fd969e9dd846c72d3b33bc01\",\"name\":\"Jean-Christophe\",\"url\":\"https:\\\/\\\/www.aclanester56.com\\\/velo\\\/author\\\/jeanchristophe\\\/\"}]}<\/script>\n<!-- \/ Yoast SEO plugin. -->","yoast_head_json":{"title":"1\u00e8re Manche des Samedis D\u00e9couverte de la Piste 2017 : les classements ! - Avenir Cycliste Lanester 56","robots":{"index":"index","follow":"follow","max-snippet":"max-snippet:-1","max-image-preview":"max-image-preview:large","max-video-preview":"max-video-preview:-1"},"canonical":"https:\/\/www.aclanester56.com\/velo\/1ere-manche-des-samedis-decouverte-de-la-piste-2017-les-classements\/","og_locale":"fr_FR","og_type":"article","og_title":"1\u00e8re Manche des Samedis D\u00e9couverte de la Piste 2017 : les classements ! - Avenir Cycliste Lanester 56","og_url":"https:\/\/www.aclanester56.com\/velo\/1ere-manche-des-samedis-decouverte-de-la-piste-2017-les-classements\/","og_site_name":"Avenir Cycliste Lanester 56","article_publisher":"https:\/\/www.facebook.com\/pages\/AC-Lanester-56\/190286300991242?fref=ts","article_published_time":"2017-01-07T23:23:31+00:00","article_modified_time":"2017-01-08T13:06:35+00:00","og_image":[{"width":880,"height":450,"url":"https:\/\/www.aclanester56.com\/velo\/wp-content\/uploads\/2017\/01\/DSCN9836-Copie.jpg","type":"image\/jpeg"}],"author":"Jean-Christophe","twitter_misc":{"\u00c9crit par":"Jean-Christophe","Dur\u00e9e de lecture estim\u00e9e":"3 minutes"},"schema":{"@context":"https:\/\/schema.org","@graph":[{"@type":"Article","@id":"https:\/\/www.aclanester56.com\/velo\/1ere-manche-des-samedis-decouverte-de-la-piste-2017-les-classements\/#article","isPartOf":{"@id":"https:\/\/www.aclanester56.com\/velo\/1ere-manche-des-samedis-decouverte-de-la-piste-2017-les-classements\/"},"author":{"name":"Jean-Christophe","@id":"https:\/\/www.aclanester56.com\/velo\/#\/schema\/person\/ca2a44a5fd969e9dd846c72d3b33bc01"},"headline":"1\u00e8re Manche des Samedis D\u00e9couverte de la Piste 2017 : les classements !","datePublished":"2017-01-07T23:23:31+00:00","dateModified":"2017-01-08T13:06:35+00:00","mainEntityOfPage":{"@id":"https:\/\/www.aclanester56.com\/velo\/1ere-manche-des-samedis-decouverte-de-la-piste-2017-les-classements\/"},"wordCount":554,"commentCount":0,"publisher":{"@id":"https:\/\/www.aclanester56.com\/velo\/#organization"},"image":{"@id":"https:\/\/www.aclanester56.com\/velo\/1ere-manche-des-samedis-decouverte-de-la-piste-2017-les-classements\/#primaryimage"},"thumbnailUrl":"https:\/\/www.aclanester56.com\/velo\/wp-content\/uploads\/2017\/01\/DSCN9836-Copie.jpg","articleSection":["AC LANESTER 56","Les organisations","Samedi d\u00e9couverte"],"inLanguage":"fr-FR","potentialAction":[{"@type":"CommentAction","name":"Comment","target":["https:\/\/www.aclanester56.com\/velo\/1ere-manche-des-samedis-decouverte-de-la-piste-2017-les-classements\/#respond"]}]},{"@type":"WebPage","@id":"https:\/\/www.aclanester56.com\/velo\/1ere-manche-des-samedis-decouverte-de-la-piste-2017-les-classements\/","url":"https:\/\/www.aclanester56.com\/velo\/1ere-manche-des-samedis-decouverte-de-la-piste-2017-les-classements\/","name":"1\u00e8re Manche des Samedis D\u00e9couverte de la Piste 2017 : les classements ! - Avenir Cycliste Lanester 56","isPartOf":{"@id":"https:\/\/www.aclanester56.com\/velo\/#website"},"primaryImageOfPage":{"@id":"https:\/\/www.aclanester56.com\/velo\/1ere-manche-des-samedis-decouverte-de-la-piste-2017-les-classements\/#primaryimage"},"image":{"@id":"https:\/\/www.aclanester56.com\/velo\/1ere-manche-des-samedis-decouverte-de-la-piste-2017-les-classements\/#primaryimage"},"thumbnailUrl":"https:\/\/www.aclanester56.com\/velo\/wp-content\/uploads\/2017\/01\/DSCN9836-Copie.jpg","datePublished":"2017-01-07T23:23:31+00:00","dateModified":"2017-01-08T13:06:35+00:00","inLanguage":"fr-FR","potentialAction":[{"@type":"ReadAction","target":["https:\/\/www.aclanester56.com\/velo\/1ere-manche-des-samedis-decouverte-de-la-piste-2017-les-classements\/"]}]},{"@type":"ImageObject","inLanguage":"fr-FR","@id":"https:\/\/www.aclanester56.com\/velo\/1ere-manche-des-samedis-decouverte-de-la-piste-2017-les-classements\/#primaryimage","url":"https:\/\/www.aclanester56.com\/velo\/wp-content\/uploads\/2017\/01\/DSCN9836-Copie.jpg","contentUrl":"https:\/\/www.aclanester56.com\/velo\/wp-content\/uploads\/2017\/01\/DSCN9836-Copie.jpg","width":880,"height":450},{"@type":"WebSite","@id":"https:\/\/www.aclanester56.com\/velo\/#website","url":"https:\/\/www.aclanester56.com\/velo\/","name":"Avenir Cycliste Lanester 56","description":"Club cycliste de l&#039;AC LANESTER 56","publisher":{"@id":"https:\/\/www.aclanester56.com\/velo\/#organization"},"potentialAction":[{"@type":"SearchAction","target":{"@type":"EntryPoint","urlTemplate":"https:\/\/www.aclanester56.com\/velo\/?s={search_term_string}"},"query-input":{"@type":"PropertyValueSpecification","valueRequired":true,"valueName":"search_term_string"}}],"inLanguage":"fr-FR"},{"@type":"Organization","@id":"https:\/\/www.aclanester56.com\/velo\/#organization","name":"Avenir Cycliste Lanester 56","url":"https:\/\/www.aclanester56.com\/velo\/","logo":{"@type":"ImageObject","inLanguage":"fr-FR","@id":"https:\/\/www.aclanester56.com\/velo\/#\/schema\/logo\/image\/","url":"https:\/\/www.aclanester56.com\/velo\/wp-content\/uploads\/2013\/04\/logo-ACL.jpg","contentUrl":"https:\/\/www.aclanester56.com\/velo\/wp-content\/uploads\/2013\/04\/logo-ACL.jpg","width":400,"height":334,"caption":"Avenir Cycliste Lanester 56"},"image":{"@id":"https:\/\/www.aclanester56.com\/velo\/#\/schema\/logo\/image\/"},"sameAs":["https:\/\/www.facebook.com\/pages\/AC-Lanester-56\/190286300991242?fref=ts"]},{"@type":"Person","@id":"https:\/\/www.aclanester56.com\/velo\/#\/schema\/person\/ca2a44a5fd969e9dd846c72d3b33bc01","name":"Jean-Christophe","url":"https:\/\/www.aclanester56.com\/velo\/author\/jeanchristophe\/"}]}},"_links":{"self":[{"href":"https:\/\/www.aclanester56.com\/velo\/wp-json\/wp\/v2\/posts\/29995","targetHints":{"allow":["GET"]}}],"collection":[{"href":"https:\/\/www.aclanester56.com\/velo\/wp-json\/wp\/v2\/posts"}],"about":[{"href":"https:\/\/www.aclanester56.com\/velo\/wp-json\/wp\/v2\/types\/post"}],"author":[{"embeddable":true,"href":"https:\/\/www.aclanester56.com\/velo\/wp-json\/wp\/v2\/users\/14"}],"replies":[{"embeddable":true,"href":"https:\/\/www.aclanester56.com\/velo\/wp-json\/wp\/v2\/comments?post=29995"}],"version-history":[{"count":3,"href":"https:\/\/www.aclanester56.com\/velo\/wp-json\/wp\/v2\/posts\/29995\/revisions"}],"predecessor-version":[{"id":30098,"href":"https:\/\/www.aclanester56.com\/velo\/wp-json\/wp\/v2\/posts\/29995\/revisions\/30098"}],"wp:featuredmedia":[{"embeddable":true,"href":"https:\/\/www.aclanester56.com\/velo\/wp-json\/wp\/v2\/media\/30097"}],"wp:attachment":[{"href":"https:\/\/www.aclanester56.com\/velo\/wp-json\/wp\/v2\/media?parent=29995"}],"wp:term":[{"taxonomy":"category","embeddable":true,"href":"https:\/\/www.aclanester56.com\/velo\/wp-json\/wp\/v2\/categories?post=29995"},{"taxonomy":"post_tag","embeddable":true,"href":"https:\/\/www.aclanester56.com\/velo\/wp-json\/wp\/v2\/tags?post=29995"}],"curies":[{"name":"wp","href":"https:\/\/api.w.org\/{rel}","templated":true}]}}