{"id":3035,"date":"2010-06-07T07:50:04","date_gmt":"2010-06-07T06:50:04","guid":{"rendered":"http:\/\/www.aclanester56.com\/velo\/?p=3035"},"modified":"2010-06-07T07:50:04","modified_gmt":"2010-06-07T06:50:04","slug":"un-podium-au-championnat-de-bretagne","status":"publish","type":"post","link":"https:\/\/www.aclanester56.com\/velo\/un-podium-au-championnat-de-bretagne\/","title":{"rendered":"Un Podium au championnat de Bretagne"},"content":{"rendered":"<p>C&rsquo; est une nouvelle fois le prometteur Warren Barguil&#8230;<\/p>\n<p><!--more--><\/p>\n<p>C&rsquo; est une nouvelle fois le prometteur Warren Barguil, qui a pris la troisi\u00e8me place de la c\u00e9l\u00e8bre course du Ponthou.<\/p>\n<p>Nous avons pu assist\u00e9 \u00e0 une superbe \u00e9preuve hier au Ponthou, o\u00f9 la course est partis tambours battants.<\/p>\n<p>D\u00e8s  le premier tour, on retrouvait notre capitaine de route Yann Rault aux avant postes.<\/p>\n<p>Apr\u00e8s une bagarre intense d&rsquo;une cinquantaine de kilom\u00e8tres, douze hommes se d\u00e9tachent.<\/p>\n<p>On y retrouve pour l&rsquo;ACL 56, Warren et Vincent Guego,\u00a0 qui \u00a0\u00bb explosera \u00e0 deux tours de l&rsquo;arriv\u00e9e\u00a0\u00bb.<\/p>\n<p>Les coureurs de l&rsquo;\u00e9quipe Sojasun espoir-ACNC n&rsquo;ont pas rat\u00e9 leur Championnat de Bretagne.<\/p>\n<p>Ils d\u00e9crochent les deux premi\u00e8res places.<\/p>\n<p>En effet,Yann Guyot s&rsquo;impose devant Jean-Lou Paiani. Tous deux terminent en \u00e9chapp\u00e9e. A la troisi\u00e8me place on retrouve Warren Barguil (AC Lanester 56).<\/p>\n<p>Aur\u00e9ol\u00e9 du titre de champion de France\u00a0 juniors l&rsquo;ann\u00e9e derni\u00e8re,  Warren avait d\u00e9j\u00e0 confirm\u00e9 tout le d\u00e9but de saison chez les s\u00e9niors.<\/p>\n<p>Ce podium est en ad\u00e9quation avec sa s\u00e9lection en \u00e9quipe de France,\u00a0  pour participer au tour de Savoie du 17 au 20 juin prochain.<\/p>\n<p>A noter la douzi\u00e8me place de Yohann David, qui avait les jambes pour un meilleur r\u00e9sultat, mais qui a privil\u00e9gi\u00e9 l&rsquo;esprit d&rsquo;\u00e9quipe<\/p>\n<p>\nJean-Lou Paiani (Sojasun espoir-ACNC) endosse le maillot de champion de Bretagne espoir.<\/p>\n<p><strong>Omnipr\u00e9sent depuis trois ans, c&rsquo;est \u00e0 juste titre que Yann Guyot remporte ce titre de champion de Bretagne. <\/strong><br \/>\n<strong><br \/>\nClassement : <\/strong><br \/>\n1 GUYOT Yann Sojasun Espoir ACNC<br \/>\n2 PAIANI Jean Lou Sojasun Espoir ACNC<br \/>\n<span style=\"background-color: #ff6600\">3 BARGUIL Warren AC Lanester 56<\/span><br \/>\n4 DAVID Nicolas C\u00f4tes d&rsquo;Armor Cyclisme<br \/>\n5 LE GAC Laurent BIC 2000<br \/>\n6 MALLEGOL Florent C\u00f4tes d&rsquo;Armor Cyclisme<br \/>\n7 CLOAREC Mathieu UC Briochine<br \/>\n8 POUX Paul Sojasun Espoir ACNC<br \/>\n9 LEMASSON Micka\u00ebl Hennebont Cyclisme<br \/>\n10 GOUEDARD Simon VCP Lorient<br \/>\n11 MAHE Cl\u00e9ment C\u00f4tes d&rsquo;Armor Cyclisme<br \/>\n<span style=\"background-color: #ff6600\">12 DAVID Yoann AC Lanester 56<\/span><br \/>\n13 POILVET Ludovic UC Briochine<br \/>\n14 ROCHER Ga\u00ebtan VCP Lorient<br \/>\n15 JEGOU Julien C\u00f4tes d&rsquo;Armor Cyclisme<br \/>\n16 SIDANER Fabien C\u00f4tes d&rsquo;Armor Cyclisme<br \/>\n17 RAUD Guillaume AC Pays de Baud<br \/>\n18 ROUXEL Vincent UC Briochine<br \/>\n19 POULIZAC Ronan UC Briochine<br \/>\n20 TORTELIER Etienne Sojasun Espoir ACNC<br \/>\n21 PINOT Romain BIC 2000<br \/>\n22 LEBRETON St\u00e9phane US Chateaugiron<br \/>\n23 LE YONDRE Tristan OC Locmin\u00e9<br \/>\n24 LE BELLEC Ga\u00ebl C\u00f4tes d&rsquo;Armor Cyclisme<br \/>\n<span style=\"background-color: #ff6600\">25 LE CORRE William AC Lanester 56<\/span><\/p>\n","protected":false},"excerpt":{"rendered":"<p>C&rsquo; est une nouvelle fois le prometteur Warren Barguil&#8230;<\/p>\n","protected":false},"author":14,"featured_media":0,"comment_status":"open","ping_status":"open","sticky":false,"template":"","format":"standard","meta":{"ngg_post_thumbnail":0,"footnotes":""},"categories":[14,17],"tags":[],"class_list":["post-3035","post","type-post","status-publish","format-standard","hentry","category-actualites-dn","category-resultats-dn"],"yoast_head":"<!-- This site is optimized with the Yoast SEO plugin v27.5 - https:\/\/yoast.com\/product\/yoast-seo-wordpress\/ -->\n<title>Un Podium au championnat de Bretagne - Avenir Cycliste Lanester 56<\/title>\n<meta name=\"robots\" content=\"index, follow, max-snippet:-1, max-image-preview:large, max-video-preview:-1\" \/>\n<link rel=\"canonical\" href=\"https:\/\/www.aclanester56.com\/velo\/un-podium-au-championnat-de-bretagne\/\" \/>\n<meta property=\"og:locale\" content=\"fr_FR\" \/>\n<meta property=\"og:type\" content=\"article\" \/>\n<meta property=\"og:title\" content=\"Un Podium au championnat de Bretagne - Avenir Cycliste Lanester 56\" \/>\n<meta property=\"og:description\" content=\"C&rsquo; est une nouvelle fois le prometteur Warren Barguil&#8230;\" \/>\n<meta property=\"og:url\" content=\"https:\/\/www.aclanester56.com\/velo\/un-podium-au-championnat-de-bretagne\/\" \/>\n<meta property=\"og:site_name\" content=\"Avenir Cycliste Lanester 56\" \/>\n<meta property=\"article:publisher\" content=\"https:\/\/www.facebook.com\/pages\/AC-Lanester-56\/190286300991242?fref=ts\" \/>\n<meta property=\"article:published_time\" content=\"2010-06-07T06:50:04+00:00\" \/>\n<meta name=\"author\" content=\"Jean-Christophe\" \/>\n<meta name=\"twitter:label1\" content=\"\u00c9crit par\" \/>\n\t<meta name=\"twitter:data1\" content=\"Jean-Christophe\" \/>\n\t<meta name=\"twitter:label2\" content=\"Dur\u00e9e de lecture estim\u00e9e\" \/>\n\t<meta name=\"twitter:data2\" content=\"2 minutes\" \/>\n<script type=\"application\/ld+json\" class=\"yoast-schema-graph\">{\"@context\":\"https:\\\/\\\/schema.org\",\"@graph\":[{\"@type\":\"Article\",\"@id\":\"https:\\\/\\\/www.aclanester56.com\\\/velo\\\/un-podium-au-championnat-de-bretagne\\\/#article\",\"isPartOf\":{\"@id\":\"https:\\\/\\\/www.aclanester56.com\\\/velo\\\/un-podium-au-championnat-de-bretagne\\\/\"},\"author\":{\"name\":\"Jean-Christophe\",\"@id\":\"https:\\\/\\\/www.aclanester56.com\\\/velo\\\/#\\\/schema\\\/person\\\/ca2a44a5fd969e9dd846c72d3b33bc01\"},\"headline\":\"Un Podium au championnat de Bretagne\",\"datePublished\":\"2010-06-07T06:50:04+00:00\",\"mainEntityOfPage\":{\"@id\":\"https:\\\/\\\/www.aclanester56.com\\\/velo\\\/un-podium-au-championnat-de-bretagne\\\/\"},\"wordCount\":385,\"commentCount\":0,\"publisher\":{\"@id\":\"https:\\\/\\\/www.aclanester56.com\\\/velo\\\/#organization\"},\"articleSection\":[\"Actualit\u00e9s DN\",\"R\u00e9sultats DN\"],\"inLanguage\":\"fr-FR\",\"potentialAction\":[{\"@type\":\"CommentAction\",\"name\":\"Comment\",\"target\":[\"https:\\\/\\\/www.aclanester56.com\\\/velo\\\/un-podium-au-championnat-de-bretagne\\\/#respond\"]}]},{\"@type\":\"WebPage\",\"@id\":\"https:\\\/\\\/www.aclanester56.com\\\/velo\\\/un-podium-au-championnat-de-bretagne\\\/\",\"url\":\"https:\\\/\\\/www.aclanester56.com\\\/velo\\\/un-podium-au-championnat-de-bretagne\\\/\",\"name\":\"Un Podium au championnat de Bretagne - Avenir Cycliste Lanester 56\",\"isPartOf\":{\"@id\":\"https:\\\/\\\/www.aclanester56.com\\\/velo\\\/#website\"},\"datePublished\":\"2010-06-07T06:50:04+00:00\",\"inLanguage\":\"fr-FR\",\"potentialAction\":[{\"@type\":\"ReadAction\",\"target\":[\"https:\\\/\\\/www.aclanester56.com\\\/velo\\\/un-podium-au-championnat-de-bretagne\\\/\"]}]},{\"@type\":\"WebSite\",\"@id\":\"https:\\\/\\\/www.aclanester56.com\\\/velo\\\/#website\",\"url\":\"https:\\\/\\\/www.aclanester56.com\\\/velo\\\/\",\"name\":\"Avenir Cycliste Lanester 56\",\"description\":\"Club cycliste de l&#039;AC LANESTER 56\",\"publisher\":{\"@id\":\"https:\\\/\\\/www.aclanester56.com\\\/velo\\\/#organization\"},\"potentialAction\":[{\"@type\":\"SearchAction\",\"target\":{\"@type\":\"EntryPoint\",\"urlTemplate\":\"https:\\\/\\\/www.aclanester56.com\\\/velo\\\/?s={search_term_string}\"},\"query-input\":{\"@type\":\"PropertyValueSpecification\",\"valueRequired\":true,\"valueName\":\"search_term_string\"}}],\"inLanguage\":\"fr-FR\"},{\"@type\":\"Organization\",\"@id\":\"https:\\\/\\\/www.aclanester56.com\\\/velo\\\/#organization\",\"name\":\"Avenir Cycliste Lanester 56\",\"url\":\"https:\\\/\\\/www.aclanester56.com\\\/velo\\\/\",\"logo\":{\"@type\":\"ImageObject\",\"inLanguage\":\"fr-FR\",\"@id\":\"https:\\\/\\\/www.aclanester56.com\\\/velo\\\/#\\\/schema\\\/logo\\\/image\\\/\",\"url\":\"https:\\\/\\\/www.aclanester56.com\\\/velo\\\/wp-content\\\/uploads\\\/2013\\\/04\\\/logo-ACL.jpg\",\"contentUrl\":\"https:\\\/\\\/www.aclanester56.com\\\/velo\\\/wp-content\\\/uploads\\\/2013\\\/04\\\/logo-ACL.jpg\",\"width\":400,\"height\":334,\"caption\":\"Avenir Cycliste Lanester 56\"},\"image\":{\"@id\":\"https:\\\/\\\/www.aclanester56.com\\\/velo\\\/#\\\/schema\\\/logo\\\/image\\\/\"},\"sameAs\":[\"https:\\\/\\\/www.facebook.com\\\/pages\\\/AC-Lanester-56\\\/190286300991242?fref=ts\"]},{\"@type\":\"Person\",\"@id\":\"https:\\\/\\\/www.aclanester56.com\\\/velo\\\/#\\\/schema\\\/person\\\/ca2a44a5fd969e9dd846c72d3b33bc01\",\"name\":\"Jean-Christophe\",\"url\":\"https:\\\/\\\/www.aclanester56.com\\\/velo\\\/author\\\/jeanchristophe\\\/\"}]}<\/script>\n<!-- \/ Yoast SEO plugin. -->","yoast_head_json":{"title":"Un Podium au championnat de Bretagne - Avenir Cycliste Lanester 56","robots":{"index":"index","follow":"follow","max-snippet":"max-snippet:-1","max-image-preview":"max-image-preview:large","max-video-preview":"max-video-preview:-1"},"canonical":"https:\/\/www.aclanester56.com\/velo\/un-podium-au-championnat-de-bretagne\/","og_locale":"fr_FR","og_type":"article","og_title":"Un Podium au championnat de Bretagne - Avenir Cycliste Lanester 56","og_description":"C&rsquo; est une nouvelle fois le prometteur Warren Barguil&#8230;","og_url":"https:\/\/www.aclanester56.com\/velo\/un-podium-au-championnat-de-bretagne\/","og_site_name":"Avenir Cycliste Lanester 56","article_publisher":"https:\/\/www.facebook.com\/pages\/AC-Lanester-56\/190286300991242?fref=ts","article_published_time":"2010-06-07T06:50:04+00:00","author":"Jean-Christophe","twitter_misc":{"\u00c9crit par":"Jean-Christophe","Dur\u00e9e de lecture estim\u00e9e":"2 minutes"},"schema":{"@context":"https:\/\/schema.org","@graph":[{"@type":"Article","@id":"https:\/\/www.aclanester56.com\/velo\/un-podium-au-championnat-de-bretagne\/#article","isPartOf":{"@id":"https:\/\/www.aclanester56.com\/velo\/un-podium-au-championnat-de-bretagne\/"},"author":{"name":"Jean-Christophe","@id":"https:\/\/www.aclanester56.com\/velo\/#\/schema\/person\/ca2a44a5fd969e9dd846c72d3b33bc01"},"headline":"Un Podium au championnat de Bretagne","datePublished":"2010-06-07T06:50:04+00:00","mainEntityOfPage":{"@id":"https:\/\/www.aclanester56.com\/velo\/un-podium-au-championnat-de-bretagne\/"},"wordCount":385,"commentCount":0,"publisher":{"@id":"https:\/\/www.aclanester56.com\/velo\/#organization"},"articleSection":["Actualit\u00e9s DN","R\u00e9sultats DN"],"inLanguage":"fr-FR","potentialAction":[{"@type":"CommentAction","name":"Comment","target":["https:\/\/www.aclanester56.com\/velo\/un-podium-au-championnat-de-bretagne\/#respond"]}]},{"@type":"WebPage","@id":"https:\/\/www.aclanester56.com\/velo\/un-podium-au-championnat-de-bretagne\/","url":"https:\/\/www.aclanester56.com\/velo\/un-podium-au-championnat-de-bretagne\/","name":"Un Podium au championnat de Bretagne - Avenir Cycliste Lanester 56","isPartOf":{"@id":"https:\/\/www.aclanester56.com\/velo\/#website"},"datePublished":"2010-06-07T06:50:04+00:00","inLanguage":"fr-FR","potentialAction":[{"@type":"ReadAction","target":["https:\/\/www.aclanester56.com\/velo\/un-podium-au-championnat-de-bretagne\/"]}]},{"@type":"WebSite","@id":"https:\/\/www.aclanester56.com\/velo\/#website","url":"https:\/\/www.aclanester56.com\/velo\/","name":"Avenir Cycliste Lanester 56","description":"Club cycliste de l&#039;AC LANESTER 56","publisher":{"@id":"https:\/\/www.aclanester56.com\/velo\/#organization"},"potentialAction":[{"@type":"SearchAction","target":{"@type":"EntryPoint","urlTemplate":"https:\/\/www.aclanester56.com\/velo\/?s={search_term_string}"},"query-input":{"@type":"PropertyValueSpecification","valueRequired":true,"valueName":"search_term_string"}}],"inLanguage":"fr-FR"},{"@type":"Organization","@id":"https:\/\/www.aclanester56.com\/velo\/#organization","name":"Avenir Cycliste Lanester 56","url":"https:\/\/www.aclanester56.com\/velo\/","logo":{"@type":"ImageObject","inLanguage":"fr-FR","@id":"https:\/\/www.aclanester56.com\/velo\/#\/schema\/logo\/image\/","url":"https:\/\/www.aclanester56.com\/velo\/wp-content\/uploads\/2013\/04\/logo-ACL.jpg","contentUrl":"https:\/\/www.aclanester56.com\/velo\/wp-content\/uploads\/2013\/04\/logo-ACL.jpg","width":400,"height":334,"caption":"Avenir Cycliste Lanester 56"},"image":{"@id":"https:\/\/www.aclanester56.com\/velo\/#\/schema\/logo\/image\/"},"sameAs":["https:\/\/www.facebook.com\/pages\/AC-Lanester-56\/190286300991242?fref=ts"]},{"@type":"Person","@id":"https:\/\/www.aclanester56.com\/velo\/#\/schema\/person\/ca2a44a5fd969e9dd846c72d3b33bc01","name":"Jean-Christophe","url":"https:\/\/www.aclanester56.com\/velo\/author\/jeanchristophe\/"}]}},"_links":{"self":[{"href":"https:\/\/www.aclanester56.com\/velo\/wp-json\/wp\/v2\/posts\/3035","targetHints":{"allow":["GET"]}}],"collection":[{"href":"https:\/\/www.aclanester56.com\/velo\/wp-json\/wp\/v2\/posts"}],"about":[{"href":"https:\/\/www.aclanester56.com\/velo\/wp-json\/wp\/v2\/types\/post"}],"author":[{"embeddable":true,"href":"https:\/\/www.aclanester56.com\/velo\/wp-json\/wp\/v2\/users\/14"}],"replies":[{"embeddable":true,"href":"https:\/\/www.aclanester56.com\/velo\/wp-json\/wp\/v2\/comments?post=3035"}],"version-history":[{"count":0,"href":"https:\/\/www.aclanester56.com\/velo\/wp-json\/wp\/v2\/posts\/3035\/revisions"}],"wp:attachment":[{"href":"https:\/\/www.aclanester56.com\/velo\/wp-json\/wp\/v2\/media?parent=3035"}],"wp:term":[{"taxonomy":"category","embeddable":true,"href":"https:\/\/www.aclanester56.com\/velo\/wp-json\/wp\/v2\/categories?post=3035"},{"taxonomy":"post_tag","embeddable":true,"href":"https:\/\/www.aclanester56.com\/velo\/wp-json\/wp\/v2\/tags?post=3035"}],"curies":[{"name":"wp","href":"https:\/\/api.w.org\/{rel}","templated":true}]}}