{"id":3041,"date":"2010-06-08T07:25:26","date_gmt":"2010-06-08T06:25:26","guid":{"rendered":"http:\/\/www.aclanester56.com\/velo\/?p=3041"},"modified":"2010-06-08T07:25:26","modified_gmt":"2010-06-08T06:25:26","slug":"la-selection-bretonne-route-elites-pour-le-france-de-chantonnay-le-2606","status":"publish","type":"post","link":"https:\/\/www.aclanester56.com\/velo\/la-selection-bretonne-route-elites-pour-le-france-de-chantonnay-le-2606\/","title":{"rendered":"La s\u00e9lection bretonne route \u00e9lites pour le France de Chantonnay le 26\/06"},"content":{"rendered":"<p>Apr\u00e8s sa selection en \u00e9quipe de France \u00e9lite&#8230;<\/p>\n<p><!--more--><\/p>\n<p>Les bonnes nouvelles se suivent pour Warren.<\/p>\n<p>Suite \u00e0 son podium du championnat de Bretagne \u00e9lite, Warren se voit s\u00e9lectionn\u00e9 pour participer aux championnat \u00e9lites qui se d\u00e9rouleront \u00e0 Chantonny en Vend\u00e9e. Petite d\u00e9ception pour Yohann David, qui est tr\u00e8s motiv\u00e9 pour le faire et qui se voit rempla\u00e7ant&#8230;<\/p>\n<p>L&rsquo;\u00e9quipe \u00e9lites hommes sera compos\u00e9e de Warren Barguil (AC Lanester 56), Sylvain Cheval (BIC 2000), Mathieu Cloarec (UC Briochine), Simon Gou\u00e9dard (VCP Lorient), Laurent Le Gac (BIC 2000) et Ludovic Poilvet (UC Briochine).<\/p>\n<p>Rempla\u00e7ants  : Yoann David (AC Lanester 56), Micka\u00ebl Lemasson (Hennebont Cyclisme) et Vincent Rouxel (UC Briochine).<\/p>\n<p>Source Comit\u00e9 de Bretagne<\/p>\n","protected":false},"excerpt":{"rendered":"<p>Apr\u00e8s sa selection en \u00e9quipe de France \u00e9lite&#8230;<\/p>\n","protected":false},"author":14,"featured_media":0,"comment_status":"open","ping_status":"open","sticky":false,"template":"","format":"standard","meta":{"ngg_post_thumbnail":0,"footnotes":""},"categories":[5],"tags":[],"class_list":["post-3041","post","type-post","status-publish","format-standard","hentry","category-ac-lanester-56"],"yoast_head":"<!-- This site is optimized with the Yoast SEO plugin v27.4 - https:\/\/yoast.com\/product\/yoast-seo-wordpress\/ -->\n<title>La s\u00e9lection bretonne route \u00e9lites pour le France de Chantonnay le 26\/06 - Avenir Cycliste Lanester 56<\/title>\n<meta name=\"robots\" content=\"index, follow, max-snippet:-1, max-image-preview:large, max-video-preview:-1\" \/>\n<link rel=\"canonical\" href=\"https:\/\/www.aclanester56.com\/velo\/la-selection-bretonne-route-elites-pour-le-france-de-chantonnay-le-2606\/\" \/>\n<meta property=\"og:locale\" content=\"fr_FR\" \/>\n<meta property=\"og:type\" content=\"article\" \/>\n<meta property=\"og:title\" content=\"La s\u00e9lection bretonne route \u00e9lites pour le France de Chantonnay le 26\/06 - Avenir Cycliste Lanester 56\" \/>\n<meta property=\"og:description\" content=\"Apr\u00e8s sa selection en \u00e9quipe de France \u00e9lite&#8230;\" \/>\n<meta property=\"og:url\" content=\"https:\/\/www.aclanester56.com\/velo\/la-selection-bretonne-route-elites-pour-le-france-de-chantonnay-le-2606\/\" \/>\n<meta property=\"og:site_name\" content=\"Avenir Cycliste Lanester 56\" \/>\n<meta property=\"article:publisher\" content=\"https:\/\/www.facebook.com\/pages\/AC-Lanester-56\/190286300991242?fref=ts\" \/>\n<meta property=\"article:published_time\" content=\"2010-06-08T06:25:26+00:00\" \/>\n<meta name=\"author\" content=\"Jean-Christophe\" \/>\n<meta name=\"twitter:label1\" content=\"\u00c9crit par\" \/>\n\t<meta name=\"twitter:data1\" content=\"Jean-Christophe\" \/>\n\t<meta name=\"twitter:label2\" content=\"Dur\u00e9e de lecture estim\u00e9e\" \/>\n\t<meta name=\"twitter:data2\" content=\"1 minute\" \/>\n<script type=\"application\/ld+json\" class=\"yoast-schema-graph\">{\"@context\":\"https:\\\/\\\/schema.org\",\"@graph\":[{\"@type\":\"Article\",\"@id\":\"https:\\\/\\\/www.aclanester56.com\\\/velo\\\/la-selection-bretonne-route-elites-pour-le-france-de-chantonnay-le-2606\\\/#article\",\"isPartOf\":{\"@id\":\"https:\\\/\\\/www.aclanester56.com\\\/velo\\\/la-selection-bretonne-route-elites-pour-le-france-de-chantonnay-le-2606\\\/\"},\"author\":{\"name\":\"Jean-Christophe\",\"@id\":\"https:\\\/\\\/www.aclanester56.com\\\/velo\\\/#\\\/schema\\\/person\\\/ca2a44a5fd969e9dd846c72d3b33bc01\"},\"headline\":\"La s\u00e9lection bretonne route \u00e9lites pour le France de Chantonnay le 26\\\/06\",\"datePublished\":\"2010-06-08T06:25:26+00:00\",\"mainEntityOfPage\":{\"@id\":\"https:\\\/\\\/www.aclanester56.com\\\/velo\\\/la-selection-bretonne-route-elites-pour-le-france-de-chantonnay-le-2606\\\/\"},\"wordCount\":127,\"commentCount\":0,\"publisher\":{\"@id\":\"https:\\\/\\\/www.aclanester56.com\\\/velo\\\/#organization\"},\"articleSection\":[\"AC LANESTER 56\"],\"inLanguage\":\"fr-FR\",\"potentialAction\":[{\"@type\":\"CommentAction\",\"name\":\"Comment\",\"target\":[\"https:\\\/\\\/www.aclanester56.com\\\/velo\\\/la-selection-bretonne-route-elites-pour-le-france-de-chantonnay-le-2606\\\/#respond\"]}]},{\"@type\":\"WebPage\",\"@id\":\"https:\\\/\\\/www.aclanester56.com\\\/velo\\\/la-selection-bretonne-route-elites-pour-le-france-de-chantonnay-le-2606\\\/\",\"url\":\"https:\\\/\\\/www.aclanester56.com\\\/velo\\\/la-selection-bretonne-route-elites-pour-le-france-de-chantonnay-le-2606\\\/\",\"name\":\"La s\u00e9lection bretonne route \u00e9lites pour le France de Chantonnay le 26\\\/06 - Avenir Cycliste Lanester 56\",\"isPartOf\":{\"@id\":\"https:\\\/\\\/www.aclanester56.com\\\/velo\\\/#website\"},\"datePublished\":\"2010-06-08T06:25:26+00:00\",\"inLanguage\":\"fr-FR\",\"potentialAction\":[{\"@type\":\"ReadAction\",\"target\":[\"https:\\\/\\\/www.aclanester56.com\\\/velo\\\/la-selection-bretonne-route-elites-pour-le-france-de-chantonnay-le-2606\\\/\"]}]},{\"@type\":\"WebSite\",\"@id\":\"https:\\\/\\\/www.aclanester56.com\\\/velo\\\/#website\",\"url\":\"https:\\\/\\\/www.aclanester56.com\\\/velo\\\/\",\"name\":\"Avenir Cycliste Lanester 56\",\"description\":\"Club cycliste de l&#039;AC LANESTER 56\",\"publisher\":{\"@id\":\"https:\\\/\\\/www.aclanester56.com\\\/velo\\\/#organization\"},\"potentialAction\":[{\"@type\":\"SearchAction\",\"target\":{\"@type\":\"EntryPoint\",\"urlTemplate\":\"https:\\\/\\\/www.aclanester56.com\\\/velo\\\/?s={search_term_string}\"},\"query-input\":{\"@type\":\"PropertyValueSpecification\",\"valueRequired\":true,\"valueName\":\"search_term_string\"}}],\"inLanguage\":\"fr-FR\"},{\"@type\":\"Organization\",\"@id\":\"https:\\\/\\\/www.aclanester56.com\\\/velo\\\/#organization\",\"name\":\"Avenir Cycliste Lanester 56\",\"url\":\"https:\\\/\\\/www.aclanester56.com\\\/velo\\\/\",\"logo\":{\"@type\":\"ImageObject\",\"inLanguage\":\"fr-FR\",\"@id\":\"https:\\\/\\\/www.aclanester56.com\\\/velo\\\/#\\\/schema\\\/logo\\\/image\\\/\",\"url\":\"https:\\\/\\\/www.aclanester56.com\\\/velo\\\/wp-content\\\/uploads\\\/2013\\\/04\\\/logo-ACL.jpg\",\"contentUrl\":\"https:\\\/\\\/www.aclanester56.com\\\/velo\\\/wp-content\\\/uploads\\\/2013\\\/04\\\/logo-ACL.jpg\",\"width\":400,\"height\":334,\"caption\":\"Avenir Cycliste Lanester 56\"},\"image\":{\"@id\":\"https:\\\/\\\/www.aclanester56.com\\\/velo\\\/#\\\/schema\\\/logo\\\/image\\\/\"},\"sameAs\":[\"https:\\\/\\\/www.facebook.com\\\/pages\\\/AC-Lanester-56\\\/190286300991242?fref=ts\"]},{\"@type\":\"Person\",\"@id\":\"https:\\\/\\\/www.aclanester56.com\\\/velo\\\/#\\\/schema\\\/person\\\/ca2a44a5fd969e9dd846c72d3b33bc01\",\"name\":\"Jean-Christophe\",\"url\":\"https:\\\/\\\/www.aclanester56.com\\\/velo\\\/author\\\/jeanchristophe\\\/\"}]}<\/script>\n<!-- \/ Yoast SEO plugin. -->","yoast_head_json":{"title":"La s\u00e9lection bretonne route \u00e9lites pour le France de Chantonnay le 26\/06 - Avenir Cycliste Lanester 56","robots":{"index":"index","follow":"follow","max-snippet":"max-snippet:-1","max-image-preview":"max-image-preview:large","max-video-preview":"max-video-preview:-1"},"canonical":"https:\/\/www.aclanester56.com\/velo\/la-selection-bretonne-route-elites-pour-le-france-de-chantonnay-le-2606\/","og_locale":"fr_FR","og_type":"article","og_title":"La s\u00e9lection bretonne route \u00e9lites pour le France de Chantonnay le 26\/06 - Avenir Cycliste Lanester 56","og_description":"Apr\u00e8s sa selection en \u00e9quipe de France \u00e9lite&#8230;","og_url":"https:\/\/www.aclanester56.com\/velo\/la-selection-bretonne-route-elites-pour-le-france-de-chantonnay-le-2606\/","og_site_name":"Avenir Cycliste Lanester 56","article_publisher":"https:\/\/www.facebook.com\/pages\/AC-Lanester-56\/190286300991242?fref=ts","article_published_time":"2010-06-08T06:25:26+00:00","author":"Jean-Christophe","twitter_misc":{"\u00c9crit par":"Jean-Christophe","Dur\u00e9e de lecture estim\u00e9e":"1 minute"},"schema":{"@context":"https:\/\/schema.org","@graph":[{"@type":"Article","@id":"https:\/\/www.aclanester56.com\/velo\/la-selection-bretonne-route-elites-pour-le-france-de-chantonnay-le-2606\/#article","isPartOf":{"@id":"https:\/\/www.aclanester56.com\/velo\/la-selection-bretonne-route-elites-pour-le-france-de-chantonnay-le-2606\/"},"author":{"name":"Jean-Christophe","@id":"https:\/\/www.aclanester56.com\/velo\/#\/schema\/person\/ca2a44a5fd969e9dd846c72d3b33bc01"},"headline":"La s\u00e9lection bretonne route \u00e9lites pour le France de Chantonnay le 26\/06","datePublished":"2010-06-08T06:25:26+00:00","mainEntityOfPage":{"@id":"https:\/\/www.aclanester56.com\/velo\/la-selection-bretonne-route-elites-pour-le-france-de-chantonnay-le-2606\/"},"wordCount":127,"commentCount":0,"publisher":{"@id":"https:\/\/www.aclanester56.com\/velo\/#organization"},"articleSection":["AC LANESTER 56"],"inLanguage":"fr-FR","potentialAction":[{"@type":"CommentAction","name":"Comment","target":["https:\/\/www.aclanester56.com\/velo\/la-selection-bretonne-route-elites-pour-le-france-de-chantonnay-le-2606\/#respond"]}]},{"@type":"WebPage","@id":"https:\/\/www.aclanester56.com\/velo\/la-selection-bretonne-route-elites-pour-le-france-de-chantonnay-le-2606\/","url":"https:\/\/www.aclanester56.com\/velo\/la-selection-bretonne-route-elites-pour-le-france-de-chantonnay-le-2606\/","name":"La s\u00e9lection bretonne route \u00e9lites pour le France de Chantonnay le 26\/06 - Avenir Cycliste Lanester 56","isPartOf":{"@id":"https:\/\/www.aclanester56.com\/velo\/#website"},"datePublished":"2010-06-08T06:25:26+00:00","inLanguage":"fr-FR","potentialAction":[{"@type":"ReadAction","target":["https:\/\/www.aclanester56.com\/velo\/la-selection-bretonne-route-elites-pour-le-france-de-chantonnay-le-2606\/"]}]},{"@type":"WebSite","@id":"https:\/\/www.aclanester56.com\/velo\/#website","url":"https:\/\/www.aclanester56.com\/velo\/","name":"Avenir Cycliste Lanester 56","description":"Club cycliste de l&#039;AC LANESTER 56","publisher":{"@id":"https:\/\/www.aclanester56.com\/velo\/#organization"},"potentialAction":[{"@type":"SearchAction","target":{"@type":"EntryPoint","urlTemplate":"https:\/\/www.aclanester56.com\/velo\/?s={search_term_string}"},"query-input":{"@type":"PropertyValueSpecification","valueRequired":true,"valueName":"search_term_string"}}],"inLanguage":"fr-FR"},{"@type":"Organization","@id":"https:\/\/www.aclanester56.com\/velo\/#organization","name":"Avenir Cycliste Lanester 56","url":"https:\/\/www.aclanester56.com\/velo\/","logo":{"@type":"ImageObject","inLanguage":"fr-FR","@id":"https:\/\/www.aclanester56.com\/velo\/#\/schema\/logo\/image\/","url":"https:\/\/www.aclanester56.com\/velo\/wp-content\/uploads\/2013\/04\/logo-ACL.jpg","contentUrl":"https:\/\/www.aclanester56.com\/velo\/wp-content\/uploads\/2013\/04\/logo-ACL.jpg","width":400,"height":334,"caption":"Avenir Cycliste Lanester 56"},"image":{"@id":"https:\/\/www.aclanester56.com\/velo\/#\/schema\/logo\/image\/"},"sameAs":["https:\/\/www.facebook.com\/pages\/AC-Lanester-56\/190286300991242?fref=ts"]},{"@type":"Person","@id":"https:\/\/www.aclanester56.com\/velo\/#\/schema\/person\/ca2a44a5fd969e9dd846c72d3b33bc01","name":"Jean-Christophe","url":"https:\/\/www.aclanester56.com\/velo\/author\/jeanchristophe\/"}]}},"_links":{"self":[{"href":"https:\/\/www.aclanester56.com\/velo\/wp-json\/wp\/v2\/posts\/3041","targetHints":{"allow":["GET"]}}],"collection":[{"href":"https:\/\/www.aclanester56.com\/velo\/wp-json\/wp\/v2\/posts"}],"about":[{"href":"https:\/\/www.aclanester56.com\/velo\/wp-json\/wp\/v2\/types\/post"}],"author":[{"embeddable":true,"href":"https:\/\/www.aclanester56.com\/velo\/wp-json\/wp\/v2\/users\/14"}],"replies":[{"embeddable":true,"href":"https:\/\/www.aclanester56.com\/velo\/wp-json\/wp\/v2\/comments?post=3041"}],"version-history":[{"count":0,"href":"https:\/\/www.aclanester56.com\/velo\/wp-json\/wp\/v2\/posts\/3041\/revisions"}],"wp:attachment":[{"href":"https:\/\/www.aclanester56.com\/velo\/wp-json\/wp\/v2\/media?parent=3041"}],"wp:term":[{"taxonomy":"category","embeddable":true,"href":"https:\/\/www.aclanester56.com\/velo\/wp-json\/wp\/v2\/categories?post=3041"},{"taxonomy":"post_tag","embeddable":true,"href":"https:\/\/www.aclanester56.com\/velo\/wp-json\/wp\/v2\/tags?post=3041"}],"curies":[{"name":"wp","href":"https:\/\/api.w.org\/{rel}","templated":true}]}}