{"id":30575,"date":"2017-02-12T00:54:39","date_gmt":"2017-02-11T23:54:39","guid":{"rendered":"http:\/\/www.aclanester56.com\/velo\/?p=30575"},"modified":"2017-02-12T01:02:25","modified_gmt":"2017-02-12T00:02:25","slug":"finale-samedis-decouverte-de-piste-2017-classements","status":"publish","type":"post","link":"https:\/\/www.aclanester56.com\/velo\/finale-samedis-decouverte-de-piste-2017-classements\/","title":{"rendered":"Finale des Samedis D\u00e9couverte de la Piste 2017 : les classements !"},"content":{"rendered":"<p><!--more--><\/p>\n<p style=\"text-align: justify;\">La finale des Samedis D\u00e9couverte de la Piste s\u2019est d\u00e9roul\u00e9e ce samedi apr\u00e8s-midi sur l\u2019anneau cycliste G\u00e9rard Le Maguer \u00e0 Lanester, apr\u00e8s les deux manches disput\u00e9es en janvier.<\/p>\n<p style=\"text-align: justify;\">Ils \u00e9taient une quarantaine&nbsp;de filles et gar\u00e7ons n\u00e9s entre 2003 et 2006 \u00e0 s\u2019affronter sur des \u00e9preuves de de type \u00ab&nbsp;Eliminatoire \u00bb, offrant au public de tr\u00e8s belles bagarres. Les clubs locaux de l\u2019UC INGUINIEL, l\u2019EC QUEVEN, l\u2019ACP BAUD, le VC BELLE-ILE, l\u2019UC QUIMPERLE, le LEUCEMIE ESPOIR QUIMPER, l\u2019EC PLUVIGNOISE, le VC LANGUIDIC, l&rsquo;UC AURAY, HENNEBONT CYCLISME et l\u2019AC LANESTER 56 \u00e9taient repr\u00e9sent\u00e9s.&nbsp;<\/p>\n<p style=\"text-align: justify;\">Depuis l\u2019arr\u00eat des anciens \u00ab&nbsp;Samedis Populaires d\u2019Hiver de la Piste&nbsp;\u00bb, l\u2019AC LANESTER 56 continue, sous l\u2019impulsion de Jean-Claude SAGOT,&nbsp;d\u2019organiser ces \u00e9preuves en partenariat avec les clubs voisins, pour permettre aux plus jeunes de d\u00e9couvrir la piste. Un classement g\u00e9n\u00e9ral a \u00e9t\u00e9 \u00e9tabli \u00e0 l\u2019issue des trois manches (scratch, courses aux points et \u00e9liminatoires) et les vainqueurs ont \u00e9t\u00e9 r\u00e9compens\u00e9s.<\/p>\n<p style=\"text-align: justify;\">La c\u00e9r\u00e9monie protocolaire a \u00e9t\u00e9 l\u2019un des moments forts de la journ\u00e9e o\u00f9 l\u2019ensemble des concurrents&nbsp;ont \u00e9t\u00e9 r\u00e9compens\u00e9s. Le Pr\u00e9sident de l\u2019AC Lanester 56 St\u00e9phane Le Crom et Philippe Garaud, conseiller municipal charg\u00e9 de la proximit\u00e9 et repr\u00e9sentant Mme le Maire, ont f\u00e9licit\u00e9 tous les futurs champions.<\/p>\n<p style=\"text-align: justify;\">Bravo \u00e0 tous et rendez-vous au mois de janvier pour la 1\u00e8re manche de l\u2019\u00e9dition 2018 !<\/p>\n<p style=\"text-align: justify;\"><span style=\"text-decoration: underline; color: #ff6600;\"><strong>Photos de Val\u00e9rie Duval ci-dessous (puis les classements juste en-dessous&nbsp;!) :<\/strong><\/span><\/p>\n<p style=\"text-align: justify;\">&nbsp;<\/p>\nngg_shortcode_0_placeholder\n<p style=\"text-align: justify;\"><span style=\"text-decoration: underline; color: #ff6600;\"><strong>Classements Eliminatoire&nbsp;:<\/strong><\/span><\/p>\n<p><span style=\"text-decoration: underline;\"><strong>Filles n\u00e9es en 2005\/2006 :<\/strong><\/span><br \/>\n1 LANGLO Maiwenn UC INGUINIEL 12 pts<br \/>\n2 LE SAUCE Candice UC QUIMPERLOISE 10 pts<\/p>\n<p><span style=\"text-decoration: underline;\"><strong>Filles n\u00e9es en 2003\/2004 :<\/strong><\/span><br \/>\n1 GEGOUREL Elise ACP BAUD 12 pts<br \/>\n2 LANGLO Morgane UC INGUINIEL 10 pts<br \/>\n3 ESVAN Manuela UC QUIMPERLOISE 8 pts<\/p>\n<p><span style=\"text-decoration: underline;\"><strong>Gar\u00e7ons n\u00e9s en 2006 :<\/strong><\/span><br \/>\n1 ABOUD Yanis VC BELLILOIS 12 pts<br \/>\n2 LE BOUEDEC Soen AC LANESTER 56 10 pts<br \/>\n3 BLANC-BIHAN Dylan AC LANESTER 56 8 pts<br \/>\n4 LOEZIC Louenn AC LANESTER 56 7 pts<br \/>\n5 CHARRIER Dewi ACP BAUD 6 pts<\/p>\n<p><span style=\"text-decoration: underline;\"><strong>Gar\u00e7ons n\u00e9s en 2005 :<\/strong><\/span><br \/>\n1 PERENNES Kilian LEUCEMIE ESPOIR 12 pts<br \/>\n2 BENOIST Tristan UC AURAY 10 pts<br \/>\n3 PORTUGAL Joris VC BELLILOIS 8 pts<br \/>\n4 LE CALVE Gautier AC LANESTER 56 7 pts<br \/>\n5 RAULT Th\u00e9o UC INGUINIEL 6 pts<br \/>\n6 JOSSO Meddy AC LANESTER 56 5 pts<br \/>\n7 LE CALVE Hugo UC QUIMPERLOISE 4 pts<\/p>\n<p><span style=\"text-decoration: underline;\"><strong>Gar\u00e7ons n\u00e9s en 2004 :<\/strong><\/span><br \/>\n1 CHARRIER Houarno ACP BAUD 12 pts<br \/>\n2 LANGLO Corentin UC INGUINIEL 10 pts<br \/>\n3 LE GAL Baptiste HENNEBONT CYCLISME 8 pts<br \/>\n4 LE BIDEAU Louis EC QUEVEN 7 pts<br \/>\n5 FOUILLEN Lucas VC LANGUIDIC 6 pts<br \/>\n6 HUFFENUS Paul AC LANESTER 56 5 pts<\/p>\n<p><span style=\"text-decoration: underline;\"><strong>Gar\u00e7ons n\u00e9s en 2003 :<\/strong><\/span><br \/>\n1 LE HUITOUZE Eddy EC PLUVIGNOISE 12 pts<br \/>\n2 CARIOU Julian LEUCEMIE ESPOIR 10 pts<br \/>\n3 CADORET Th\u00e9otime AC LANESTER 56 8 pts<br \/>\n4 MOUELLIC Justin ACP BAUD 7 pts<br \/>\n5 LE CLECH Malo AC LANESTER 56 6 pts<br \/>\n6 LE SAUSSE Valentin AC LANESTER 56 5 pts<br \/>\n7 HAYES Max UC INGUINIEL 4 pts<br \/>\n8 MAZILLER Enzo VC BELLILOIS 3 pts<\/p>\n<p><span style=\"text-decoration: underline; color: #ff6600;\"><strong>Classement&nbsp;G\u00e9n\u00e9ral Final&nbsp;:<\/strong><\/span><\/p>\n<p><span style=\"text-decoration: underline;\"><strong>Filles n\u00e9es en 2005\/2006 :<\/strong><\/span><br \/>\n1 LANGLO Maiwenn UC INGUINIEL 36 pts (12 + 12 + 12)<br \/>\n2 LE SAUCE Candice UC QUIMPERLOISE 30 pts (10 + 10 + 10)<\/p>\n<p><span style=\"text-decoration: underline;\"><strong>Filles n\u00e9es en 2003\/2004 :<\/strong><\/span><br \/>\n1 LANGLO Morgane UC INGUINIEL 30 pts (12 + 8 + 10)<br \/>\n2 ESVAN Manuela UC QUIMPERLOISE 30 pts (10 + 12 + 8)<br \/>\n3 GEGOUREL Elise ACP BAUD 22 pts (0 + 10 + 12)<\/p>\n<p><span style=\"text-decoration: underline;\"><strong>Gar\u00e7ons n\u00e9s en 2006 :<\/strong><\/span><br \/>\n1 LE BOUEDEC Soen AC LANESTER 56 34 pts (12 + 12 + 10)<br \/>\n2 BLANC-BIHAN Dylan AC LANESTER 56 25 pts (7 + 10 + 8)<br \/>\n3 LOEZIC Louenn AC LANESTER 56 23 pts (8 + 8 + 7)<br \/>\n4 ABOUD Yanis VC BELLILOIS 22 pts (10 + 0 + 12)<br \/>\n5 CHARRIER Dewi ACP BAUD 13 pts (0 + 7 + 6)<br \/>\n6 DREAN Mathis EC PLUVIGNOISE 6 pts (6 + 0 + 0)<br \/>\n6 GREVELLEC Awen ACP BAUD 6 pts (0 + 6 + 0)<\/p>\n<p><span style=\"text-decoration: underline;\"><strong>Gar\u00e7ons n\u00e9s en 2005 :<\/strong><\/span><br \/>\n1 PERENNES Kilian LEUCEMIE ESPOIR 34 pts (12 + 10 + 12)<br \/>\n2 BENOIST Tristan UC AURAY 29 pts (7 + 12 + 10)<br \/>\n3 LE CALVE Gautier AC LANESTER 56 24 pts (10 + 7 + 7)<br \/>\n4 PORTUGAL Joris VC BELLILOIS 16 pts (8 + 0 + 8)<br \/>\n4 RAULT Th\u00e9o UC INGUINIEL 16 pts (6 + 4 + 6)<br \/>\n6 JOSSO Meddy AC LANESTER 56 14 pts (4 + 5 + 5)<br \/>\n7 ELIOT Kyllian VC LANGUIDIC 13 pts (5 + 8 + 0)<br \/>\n8 LE CALVE Hugo UC QUIMPERLOISE 8 pts (2 + 2 + 4)<br \/>\n9 PASCO Jonathan UC INGUINIEL 6 pts (3 + 3 + 0)<br \/>\n9 HERIQUET Nohan EC QUEVEN 6 pts (0 + 6 + 0)<br \/>\n11 UHEL-JUHEL Kylian AC LANESTER 56 2 pts (1 + 1 + 0)<\/p>\n<p><span style=\"text-decoration: underline;\"><strong>Gar\u00e7ons n\u00e9s en 2004 :<\/strong><\/span><br \/>\n1 LANGLO Corentin UC INGUINIEL 34 pts (12 + 12 + 10)<br \/>\n2 LE GAL Baptiste HENNEBONT CYCLISME 24 pts (8 + 8 + 8)<br \/>\n3 LE BIDEAU Louis EC QUEVEN 23 pts (6 + 10 + 7)<br \/>\n4 FOUILLEN Lucas VC LANGUIDIC 22 pts (10 + 6 + 6)<br \/>\n5 CHARRIER Houarno ACP BAUD 19 pts (0 + 7 + 12)<br \/>\n6 HUFFENUS Paul AC LANESTER 56 14 pts (5 + 4 + 5)<br \/>\n7 LUCAS Evan VC BELLILOIS 7 pts (7 + 0 + 0)<br \/>\n8 CONANEC Martin ACP BAUD 5 pts (0 + 5 + 0)<\/p>\n<p><span style=\"text-decoration: underline;\"><strong>Gar\u00e7ons n\u00e9s en 2003 :<\/strong><\/span><br \/>\n1 CARIOU Julian LEUCEMIE ESPOIR 32 pts (10 + 12 + 10)<br \/>\n2 LE HUITOUZE Eddy EC PLUVIGNOISE 24 pts (12 + 0 + 12)<br \/>\n3 CADORET Th\u00e9otime AC LANESTER 56 24 pts (8 + 8 + 8)<br \/>\n4 MOUELLIC Justin ACP BAUD 17 pts (0 + 10 + 7)<br \/>\n4&nbsp;LE CLECH Malo AC LANESTER 56 17 pts (4 + 7 + 6)<br \/>\n6 LE SAUSSE Valentin AC LANESTER 56 14 pts (5 + 4 + 5)<br \/>\n7 HAYES Max UC INGUINIEL 11 pts (7 + 0 + 4)<br \/>\n7 MARTIN Elouann HENNEBONT CYCLISME 11 pts (6 + 5 + 0)<br \/>\n9 GUILLOME Axel ACP BAUD 6 pts (0 + 6 + 0)<br \/>\n10 MAZILLER Enzo VC BELLILOIS 5 pts (2 + 0 + 3)<br \/>\n11 BUQUEN Jimilou VC LANGUIDIC 3 pts (3 + 0 + 0)<\/p>\n","protected":false},"excerpt":{"rendered":"","protected":false},"author":14,"featured_media":30622,"comment_status":"open","ping_status":"open","sticky":false,"template":"","format":"standard","meta":{"ngg_post_thumbnail":0,"footnotes":""},"categories":[5,7,74,24,37],"tags":[],"class_list":["post-30575","post","type-post","status-publish","format-standard","has-post-thumbnail","hentry","category-ac-lanester-56","category-organisations","category-piste","category-resultats-ecole-de-cyclisme","category-samedi-decouverte"],"yoast_head":"<!-- This site is optimized with the Yoast SEO plugin v27.5 - https:\/\/yoast.com\/product\/yoast-seo-wordpress\/ -->\n<title>Finale des Samedis D\u00e9couverte de la Piste 2017 : les classements ! - Avenir Cycliste Lanester 56<\/title>\n<meta name=\"robots\" content=\"index, follow, max-snippet:-1, max-image-preview:large, max-video-preview:-1\" \/>\n<link rel=\"canonical\" href=\"https:\/\/www.aclanester56.com\/velo\/finale-samedis-decouverte-de-piste-2017-classements\/\" \/>\n<meta property=\"og:locale\" content=\"fr_FR\" \/>\n<meta property=\"og:type\" content=\"article\" \/>\n<meta property=\"og:title\" content=\"Finale des Samedis D\u00e9couverte de la Piste 2017 : les classements ! - Avenir Cycliste Lanester 56\" \/>\n<meta property=\"og:url\" content=\"https:\/\/www.aclanester56.com\/velo\/finale-samedis-decouverte-de-piste-2017-classements\/\" \/>\n<meta property=\"og:site_name\" content=\"Avenir Cycliste Lanester 56\" \/>\n<meta property=\"article:publisher\" content=\"https:\/\/www.facebook.com\/pages\/AC-Lanester-56\/190286300991242?fref=ts\" \/>\n<meta property=\"article:published_time\" content=\"2017-02-11T23:54:39+00:00\" \/>\n<meta property=\"article:modified_time\" content=\"2017-02-12T00:02:25+00:00\" \/>\n<meta property=\"og:image\" content=\"https:\/\/www.aclanester56.com\/velo\/wp-content\/uploads\/2017\/02\/DSC_0256-Copie.jpg\" \/>\n\t<meta property=\"og:image:width\" content=\"880\" \/>\n\t<meta property=\"og:image:height\" content=\"450\" \/>\n\t<meta property=\"og:image:type\" content=\"image\/jpeg\" \/>\n<meta name=\"author\" content=\"Jean-Christophe\" \/>\n<meta name=\"twitter:label1\" content=\"\u00c9crit par\" \/>\n\t<meta name=\"twitter:data1\" content=\"Jean-Christophe\" \/>\n\t<meta name=\"twitter:label2\" content=\"Dur\u00e9e de lecture estim\u00e9e\" \/>\n\t<meta name=\"twitter:data2\" content=\"4 minutes\" \/>\n<script type=\"application\/ld+json\" class=\"yoast-schema-graph\">{\"@context\":\"https:\\\/\\\/schema.org\",\"@graph\":[{\"@type\":\"Article\",\"@id\":\"https:\\\/\\\/www.aclanester56.com\\\/velo\\\/finale-samedis-decouverte-de-piste-2017-classements\\\/#article\",\"isPartOf\":{\"@id\":\"https:\\\/\\\/www.aclanester56.com\\\/velo\\\/finale-samedis-decouverte-de-piste-2017-classements\\\/\"},\"author\":{\"name\":\"Jean-Christophe\",\"@id\":\"https:\\\/\\\/www.aclanester56.com\\\/velo\\\/#\\\/schema\\\/person\\\/ca2a44a5fd969e9dd846c72d3b33bc01\"},\"headline\":\"Finale des Samedis D\u00e9couverte de la Piste 2017 : les classements !\",\"datePublished\":\"2017-02-11T23:54:39+00:00\",\"dateModified\":\"2017-02-12T00:02:25+00:00\",\"mainEntityOfPage\":{\"@id\":\"https:\\\/\\\/www.aclanester56.com\\\/velo\\\/finale-samedis-decouverte-de-piste-2017-classements\\\/\"},\"wordCount\":790,\"commentCount\":0,\"publisher\":{\"@id\":\"https:\\\/\\\/www.aclanester56.com\\\/velo\\\/#organization\"},\"image\":{\"@id\":\"https:\\\/\\\/www.aclanester56.com\\\/velo\\\/finale-samedis-decouverte-de-piste-2017-classements\\\/#primaryimage\"},\"thumbnailUrl\":\"https:\\\/\\\/www.aclanester56.com\\\/velo\\\/wp-content\\\/uploads\\\/2017\\\/02\\\/DSC_0256-Copie.jpg\",\"articleSection\":[\"AC LANESTER 56\",\"Les organisations\",\"Piste\",\"R\u00e9sultats Ecole de cyclisme\",\"Samedi d\u00e9couverte\"],\"inLanguage\":\"fr-FR\",\"potentialAction\":[{\"@type\":\"CommentAction\",\"name\":\"Comment\",\"target\":[\"https:\\\/\\\/www.aclanester56.com\\\/velo\\\/finale-samedis-decouverte-de-piste-2017-classements\\\/#respond\"]}]},{\"@type\":\"WebPage\",\"@id\":\"https:\\\/\\\/www.aclanester56.com\\\/velo\\\/finale-samedis-decouverte-de-piste-2017-classements\\\/\",\"url\":\"https:\\\/\\\/www.aclanester56.com\\\/velo\\\/finale-samedis-decouverte-de-piste-2017-classements\\\/\",\"name\":\"Finale des Samedis D\u00e9couverte de la Piste 2017 : les classements ! - Avenir Cycliste Lanester 56\",\"isPartOf\":{\"@id\":\"https:\\\/\\\/www.aclanester56.com\\\/velo\\\/#website\"},\"primaryImageOfPage\":{\"@id\":\"https:\\\/\\\/www.aclanester56.com\\\/velo\\\/finale-samedis-decouverte-de-piste-2017-classements\\\/#primaryimage\"},\"image\":{\"@id\":\"https:\\\/\\\/www.aclanester56.com\\\/velo\\\/finale-samedis-decouverte-de-piste-2017-classements\\\/#primaryimage\"},\"thumbnailUrl\":\"https:\\\/\\\/www.aclanester56.com\\\/velo\\\/wp-content\\\/uploads\\\/2017\\\/02\\\/DSC_0256-Copie.jpg\",\"datePublished\":\"2017-02-11T23:54:39+00:00\",\"dateModified\":\"2017-02-12T00:02:25+00:00\",\"inLanguage\":\"fr-FR\",\"potentialAction\":[{\"@type\":\"ReadAction\",\"target\":[\"https:\\\/\\\/www.aclanester56.com\\\/velo\\\/finale-samedis-decouverte-de-piste-2017-classements\\\/\"]}]},{\"@type\":\"ImageObject\",\"inLanguage\":\"fr-FR\",\"@id\":\"https:\\\/\\\/www.aclanester56.com\\\/velo\\\/finale-samedis-decouverte-de-piste-2017-classements\\\/#primaryimage\",\"url\":\"https:\\\/\\\/www.aclanester56.com\\\/velo\\\/wp-content\\\/uploads\\\/2017\\\/02\\\/DSC_0256-Copie.jpg\",\"contentUrl\":\"https:\\\/\\\/www.aclanester56.com\\\/velo\\\/wp-content\\\/uploads\\\/2017\\\/02\\\/DSC_0256-Copie.jpg\",\"width\":880,\"height\":450},{\"@type\":\"WebSite\",\"@id\":\"https:\\\/\\\/www.aclanester56.com\\\/velo\\\/#website\",\"url\":\"https:\\\/\\\/www.aclanester56.com\\\/velo\\\/\",\"name\":\"Avenir Cycliste Lanester 56\",\"description\":\"Club cycliste de l&#039;AC LANESTER 56\",\"publisher\":{\"@id\":\"https:\\\/\\\/www.aclanester56.com\\\/velo\\\/#organization\"},\"potentialAction\":[{\"@type\":\"SearchAction\",\"target\":{\"@type\":\"EntryPoint\",\"urlTemplate\":\"https:\\\/\\\/www.aclanester56.com\\\/velo\\\/?s={search_term_string}\"},\"query-input\":{\"@type\":\"PropertyValueSpecification\",\"valueRequired\":true,\"valueName\":\"search_term_string\"}}],\"inLanguage\":\"fr-FR\"},{\"@type\":\"Organization\",\"@id\":\"https:\\\/\\\/www.aclanester56.com\\\/velo\\\/#organization\",\"name\":\"Avenir Cycliste Lanester 56\",\"url\":\"https:\\\/\\\/www.aclanester56.com\\\/velo\\\/\",\"logo\":{\"@type\":\"ImageObject\",\"inLanguage\":\"fr-FR\",\"@id\":\"https:\\\/\\\/www.aclanester56.com\\\/velo\\\/#\\\/schema\\\/logo\\\/image\\\/\",\"url\":\"https:\\\/\\\/www.aclanester56.com\\\/velo\\\/wp-content\\\/uploads\\\/2013\\\/04\\\/logo-ACL.jpg\",\"contentUrl\":\"https:\\\/\\\/www.aclanester56.com\\\/velo\\\/wp-content\\\/uploads\\\/2013\\\/04\\\/logo-ACL.jpg\",\"width\":400,\"height\":334,\"caption\":\"Avenir Cycliste Lanester 56\"},\"image\":{\"@id\":\"https:\\\/\\\/www.aclanester56.com\\\/velo\\\/#\\\/schema\\\/logo\\\/image\\\/\"},\"sameAs\":[\"https:\\\/\\\/www.facebook.com\\\/pages\\\/AC-Lanester-56\\\/190286300991242?fref=ts\"]},{\"@type\":\"Person\",\"@id\":\"https:\\\/\\\/www.aclanester56.com\\\/velo\\\/#\\\/schema\\\/person\\\/ca2a44a5fd969e9dd846c72d3b33bc01\",\"name\":\"Jean-Christophe\",\"url\":\"https:\\\/\\\/www.aclanester56.com\\\/velo\\\/author\\\/jeanchristophe\\\/\"}]}<\/script>\n<!-- \/ Yoast SEO plugin. -->","yoast_head_json":{"title":"Finale des Samedis D\u00e9couverte de la Piste 2017 : les classements ! - Avenir Cycliste Lanester 56","robots":{"index":"index","follow":"follow","max-snippet":"max-snippet:-1","max-image-preview":"max-image-preview:large","max-video-preview":"max-video-preview:-1"},"canonical":"https:\/\/www.aclanester56.com\/velo\/finale-samedis-decouverte-de-piste-2017-classements\/","og_locale":"fr_FR","og_type":"article","og_title":"Finale des Samedis D\u00e9couverte de la Piste 2017 : les classements ! - Avenir Cycliste Lanester 56","og_url":"https:\/\/www.aclanester56.com\/velo\/finale-samedis-decouverte-de-piste-2017-classements\/","og_site_name":"Avenir Cycliste Lanester 56","article_publisher":"https:\/\/www.facebook.com\/pages\/AC-Lanester-56\/190286300991242?fref=ts","article_published_time":"2017-02-11T23:54:39+00:00","article_modified_time":"2017-02-12T00:02:25+00:00","og_image":[{"width":880,"height":450,"url":"https:\/\/www.aclanester56.com\/velo\/wp-content\/uploads\/2017\/02\/DSC_0256-Copie.jpg","type":"image\/jpeg"}],"author":"Jean-Christophe","twitter_misc":{"\u00c9crit par":"Jean-Christophe","Dur\u00e9e de lecture estim\u00e9e":"4 minutes"},"schema":{"@context":"https:\/\/schema.org","@graph":[{"@type":"Article","@id":"https:\/\/www.aclanester56.com\/velo\/finale-samedis-decouverte-de-piste-2017-classements\/#article","isPartOf":{"@id":"https:\/\/www.aclanester56.com\/velo\/finale-samedis-decouverte-de-piste-2017-classements\/"},"author":{"name":"Jean-Christophe","@id":"https:\/\/www.aclanester56.com\/velo\/#\/schema\/person\/ca2a44a5fd969e9dd846c72d3b33bc01"},"headline":"Finale des Samedis D\u00e9couverte de la Piste 2017 : les classements !","datePublished":"2017-02-11T23:54:39+00:00","dateModified":"2017-02-12T00:02:25+00:00","mainEntityOfPage":{"@id":"https:\/\/www.aclanester56.com\/velo\/finale-samedis-decouverte-de-piste-2017-classements\/"},"wordCount":790,"commentCount":0,"publisher":{"@id":"https:\/\/www.aclanester56.com\/velo\/#organization"},"image":{"@id":"https:\/\/www.aclanester56.com\/velo\/finale-samedis-decouverte-de-piste-2017-classements\/#primaryimage"},"thumbnailUrl":"https:\/\/www.aclanester56.com\/velo\/wp-content\/uploads\/2017\/02\/DSC_0256-Copie.jpg","articleSection":["AC LANESTER 56","Les organisations","Piste","R\u00e9sultats Ecole de cyclisme","Samedi d\u00e9couverte"],"inLanguage":"fr-FR","potentialAction":[{"@type":"CommentAction","name":"Comment","target":["https:\/\/www.aclanester56.com\/velo\/finale-samedis-decouverte-de-piste-2017-classements\/#respond"]}]},{"@type":"WebPage","@id":"https:\/\/www.aclanester56.com\/velo\/finale-samedis-decouverte-de-piste-2017-classements\/","url":"https:\/\/www.aclanester56.com\/velo\/finale-samedis-decouverte-de-piste-2017-classements\/","name":"Finale des Samedis D\u00e9couverte de la Piste 2017 : les classements ! - Avenir Cycliste Lanester 56","isPartOf":{"@id":"https:\/\/www.aclanester56.com\/velo\/#website"},"primaryImageOfPage":{"@id":"https:\/\/www.aclanester56.com\/velo\/finale-samedis-decouverte-de-piste-2017-classements\/#primaryimage"},"image":{"@id":"https:\/\/www.aclanester56.com\/velo\/finale-samedis-decouverte-de-piste-2017-classements\/#primaryimage"},"thumbnailUrl":"https:\/\/www.aclanester56.com\/velo\/wp-content\/uploads\/2017\/02\/DSC_0256-Copie.jpg","datePublished":"2017-02-11T23:54:39+00:00","dateModified":"2017-02-12T00:02:25+00:00","inLanguage":"fr-FR","potentialAction":[{"@type":"ReadAction","target":["https:\/\/www.aclanester56.com\/velo\/finale-samedis-decouverte-de-piste-2017-classements\/"]}]},{"@type":"ImageObject","inLanguage":"fr-FR","@id":"https:\/\/www.aclanester56.com\/velo\/finale-samedis-decouverte-de-piste-2017-classements\/#primaryimage","url":"https:\/\/www.aclanester56.com\/velo\/wp-content\/uploads\/2017\/02\/DSC_0256-Copie.jpg","contentUrl":"https:\/\/www.aclanester56.com\/velo\/wp-content\/uploads\/2017\/02\/DSC_0256-Copie.jpg","width":880,"height":450},{"@type":"WebSite","@id":"https:\/\/www.aclanester56.com\/velo\/#website","url":"https:\/\/www.aclanester56.com\/velo\/","name":"Avenir Cycliste Lanester 56","description":"Club cycliste de l&#039;AC LANESTER 56","publisher":{"@id":"https:\/\/www.aclanester56.com\/velo\/#organization"},"potentialAction":[{"@type":"SearchAction","target":{"@type":"EntryPoint","urlTemplate":"https:\/\/www.aclanester56.com\/velo\/?s={search_term_string}"},"query-input":{"@type":"PropertyValueSpecification","valueRequired":true,"valueName":"search_term_string"}}],"inLanguage":"fr-FR"},{"@type":"Organization","@id":"https:\/\/www.aclanester56.com\/velo\/#organization","name":"Avenir Cycliste Lanester 56","url":"https:\/\/www.aclanester56.com\/velo\/","logo":{"@type":"ImageObject","inLanguage":"fr-FR","@id":"https:\/\/www.aclanester56.com\/velo\/#\/schema\/logo\/image\/","url":"https:\/\/www.aclanester56.com\/velo\/wp-content\/uploads\/2013\/04\/logo-ACL.jpg","contentUrl":"https:\/\/www.aclanester56.com\/velo\/wp-content\/uploads\/2013\/04\/logo-ACL.jpg","width":400,"height":334,"caption":"Avenir Cycliste Lanester 56"},"image":{"@id":"https:\/\/www.aclanester56.com\/velo\/#\/schema\/logo\/image\/"},"sameAs":["https:\/\/www.facebook.com\/pages\/AC-Lanester-56\/190286300991242?fref=ts"]},{"@type":"Person","@id":"https:\/\/www.aclanester56.com\/velo\/#\/schema\/person\/ca2a44a5fd969e9dd846c72d3b33bc01","name":"Jean-Christophe","url":"https:\/\/www.aclanester56.com\/velo\/author\/jeanchristophe\/"}]}},"_links":{"self":[{"href":"https:\/\/www.aclanester56.com\/velo\/wp-json\/wp\/v2\/posts\/30575","targetHints":{"allow":["GET"]}}],"collection":[{"href":"https:\/\/www.aclanester56.com\/velo\/wp-json\/wp\/v2\/posts"}],"about":[{"href":"https:\/\/www.aclanester56.com\/velo\/wp-json\/wp\/v2\/types\/post"}],"author":[{"embeddable":true,"href":"https:\/\/www.aclanester56.com\/velo\/wp-json\/wp\/v2\/users\/14"}],"replies":[{"embeddable":true,"href":"https:\/\/www.aclanester56.com\/velo\/wp-json\/wp\/v2\/comments?post=30575"}],"version-history":[{"count":3,"href":"https:\/\/www.aclanester56.com\/velo\/wp-json\/wp\/v2\/posts\/30575\/revisions"}],"predecessor-version":[{"id":30643,"href":"https:\/\/www.aclanester56.com\/velo\/wp-json\/wp\/v2\/posts\/30575\/revisions\/30643"}],"wp:featuredmedia":[{"embeddable":true,"href":"https:\/\/www.aclanester56.com\/velo\/wp-json\/wp\/v2\/media\/30622"}],"wp:attachment":[{"href":"https:\/\/www.aclanester56.com\/velo\/wp-json\/wp\/v2\/media?parent=30575"}],"wp:term":[{"taxonomy":"category","embeddable":true,"href":"https:\/\/www.aclanester56.com\/velo\/wp-json\/wp\/v2\/categories?post=30575"},{"taxonomy":"post_tag","embeddable":true,"href":"https:\/\/www.aclanester56.com\/velo\/wp-json\/wp\/v2\/tags?post=30575"}],"curies":[{"name":"wp","href":"https:\/\/api.w.org\/{rel}","templated":true}]}}