{"id":3080,"date":"2010-06-14T21:31:16","date_gmt":"2010-06-14T20:31:16","guid":{"rendered":"http:\/\/www.aclanester56.com\/velo\/?p=3080"},"modified":"2010-06-14T21:33:23","modified_gmt":"2010-06-14T20:33:23","slug":"ergue-gaberic-trophee-sebaco-juniors","status":"publish","type":"post","link":"https:\/\/www.aclanester56.com\/velo\/ergue-gaberic-trophee-sebaco-juniors\/","title":{"rendered":"Ergu\u00e9 Gaberic Troph\u00e9e S\u00e9baco Juniors"},"content":{"rendered":"<p>Le 29e troph\u00e9e S\u00e9baco juniors a \u00e9t\u00e9 domin\u00e9 par le coureur du v\u00e9lo sport plabennec, Olivier Le Gac.<\/p>\n<p><!--more--><\/p>\n<p>Le matin lors du contre la montre individuel bonne performance de nos juniors ,avec 3 dans les 20 premiers dans une \u00e9preuve tres relev\u00e9e avec 120 partants.<\/p>\n<p>Thomas Le Boucher 10e \u00a0\u00e0 \u00a026s \u00a0de Le Gac<\/p>\n<p>Anthony Mira 16e \u00e0 34s<\/p>\n<p>Gildas Le Priellec 19e \u00e0 40s<\/p>\n<p>Rodolphe Henry 43e \u00e0 57s<\/p>\n<p>Hemrick Siby 82e \u00e0 1&rsquo;32s<\/p>\n<p>L&rsquo;apres midi dans l&rsquo;\u00e9preuve en ligne un groupe de 14 coureurs s&rsquo;\u00e9chappe des le d\u00e9part.Ancun Lanest\u00e9rien ne figure dans le groupe.Thomas dans une contre attaque tentera un retour mais sans succes<\/p>\n<p>Un coureur reviendra seul\u00a0 sur le groupe de t\u00eate\u00a0\u00a0Olivier le Gac qui comblera un \u00e9cart de 1&rsquo;30\u00a0\u00bb. Le malchanceux\u00a0aura \u00e9t\u00e9 Anthony Mira qui cassera un rayon au moment de l&rsquo;attaque de Le Gac\u00a0.Il faudra changer la roue dans des conditions difficiles,en pleine bagare et sur un circuit tres difficile.Anthony reviendra\u00a0sur le peloton et resortira aussitot.Aurait il accompagn\u00e9 La Gac ?on ne le saura jamais.<\/p>\n<p>Thomas ,Gildas et Hemrick finiront dans le peloton .Mention \u00e0 Hemrick pour les progres \u00e9normes accomplis depuis le d\u00e9but de saison.<\/p>\n<p>Au classement Mozaic juniors Anthony n&rsquo;est plus leader mais rien n&rsquo;est perdu ils sont trois dans un mouchoir:<\/p>\n<p>Tassel Ronan :99 points<\/p>\n<p>Colas Vincent :98 points<\/p>\n<p>Mira Anthony: 96 points<\/p>\n<p>Le Gal Jordane: 85 points<\/p>\n<p><br class=\"spacer_\" \/><\/p>\n<p><br class=\"spacer_\" \/><\/p>\n","protected":false},"excerpt":{"rendered":"<p>Le 29e troph\u00e9e S\u00e9baco juniors a \u00e9t\u00e9 domin\u00e9 par le coureur du v\u00e9lo sport plabennec, Olivier Le Gac.<\/p>\n","protected":false},"author":14,"featured_media":0,"comment_status":"open","ping_status":"open","sticky":false,"template":"","format":"standard","meta":{"ngg_post_thumbnail":0,"footnotes":""},"categories":[5],"tags":[],"class_list":["post-3080","post","type-post","status-publish","format-standard","hentry","category-ac-lanester-56"],"yoast_head":"<!-- This site is optimized with the Yoast SEO plugin v27.5 - https:\/\/yoast.com\/product\/yoast-seo-wordpress\/ -->\n<title>Ergu\u00e9 Gaberic Troph\u00e9e S\u00e9baco Juniors - Avenir Cycliste Lanester 56<\/title>\n<meta name=\"robots\" content=\"index, follow, max-snippet:-1, max-image-preview:large, max-video-preview:-1\" \/>\n<link rel=\"canonical\" href=\"https:\/\/www.aclanester56.com\/velo\/ergue-gaberic-trophee-sebaco-juniors\/\" \/>\n<meta property=\"og:locale\" content=\"fr_FR\" \/>\n<meta property=\"og:type\" content=\"article\" \/>\n<meta property=\"og:title\" content=\"Ergu\u00e9 Gaberic Troph\u00e9e S\u00e9baco Juniors - Avenir Cycliste Lanester 56\" \/>\n<meta property=\"og:description\" content=\"Le 29e troph\u00e9e S\u00e9baco juniors a \u00e9t\u00e9 domin\u00e9 par le coureur du v\u00e9lo sport plabennec, Olivier Le Gac.\" \/>\n<meta property=\"og:url\" content=\"https:\/\/www.aclanester56.com\/velo\/ergue-gaberic-trophee-sebaco-juniors\/\" \/>\n<meta property=\"og:site_name\" content=\"Avenir Cycliste Lanester 56\" \/>\n<meta property=\"article:publisher\" content=\"https:\/\/www.facebook.com\/pages\/AC-Lanester-56\/190286300991242?fref=ts\" \/>\n<meta property=\"article:published_time\" content=\"2010-06-14T20:31:16+00:00\" \/>\n<meta property=\"article:modified_time\" content=\"2010-06-14T20:33:23+00:00\" \/>\n<meta name=\"author\" content=\"Jean-Christophe\" \/>\n<meta name=\"twitter:label1\" content=\"\u00c9crit par\" \/>\n\t<meta name=\"twitter:data1\" content=\"Jean-Christophe\" \/>\n\t<meta name=\"twitter:label2\" content=\"Dur\u00e9e de lecture estim\u00e9e\" \/>\n\t<meta name=\"twitter:data2\" content=\"1 minute\" \/>\n<script type=\"application\/ld+json\" class=\"yoast-schema-graph\">{\"@context\":\"https:\\\/\\\/schema.org\",\"@graph\":[{\"@type\":\"Article\",\"@id\":\"https:\\\/\\\/www.aclanester56.com\\\/velo\\\/ergue-gaberic-trophee-sebaco-juniors\\\/#article\",\"isPartOf\":{\"@id\":\"https:\\\/\\\/www.aclanester56.com\\\/velo\\\/ergue-gaberic-trophee-sebaco-juniors\\\/\"},\"author\":{\"name\":\"Jean-Christophe\",\"@id\":\"https:\\\/\\\/www.aclanester56.com\\\/velo\\\/#\\\/schema\\\/person\\\/ca2a44a5fd969e9dd846c72d3b33bc01\"},\"headline\":\"Ergu\u00e9 Gaberic Troph\u00e9e S\u00e9baco Juniors\",\"datePublished\":\"2010-06-14T20:31:16+00:00\",\"dateModified\":\"2010-06-14T20:33:23+00:00\",\"mainEntityOfPage\":{\"@id\":\"https:\\\/\\\/www.aclanester56.com\\\/velo\\\/ergue-gaberic-trophee-sebaco-juniors\\\/\"},\"wordCount\":240,\"commentCount\":0,\"publisher\":{\"@id\":\"https:\\\/\\\/www.aclanester56.com\\\/velo\\\/#organization\"},\"articleSection\":[\"AC LANESTER 56\"],\"inLanguage\":\"fr-FR\",\"potentialAction\":[{\"@type\":\"CommentAction\",\"name\":\"Comment\",\"target\":[\"https:\\\/\\\/www.aclanester56.com\\\/velo\\\/ergue-gaberic-trophee-sebaco-juniors\\\/#respond\"]}]},{\"@type\":\"WebPage\",\"@id\":\"https:\\\/\\\/www.aclanester56.com\\\/velo\\\/ergue-gaberic-trophee-sebaco-juniors\\\/\",\"url\":\"https:\\\/\\\/www.aclanester56.com\\\/velo\\\/ergue-gaberic-trophee-sebaco-juniors\\\/\",\"name\":\"Ergu\u00e9 Gaberic Troph\u00e9e S\u00e9baco Juniors - Avenir Cycliste Lanester 56\",\"isPartOf\":{\"@id\":\"https:\\\/\\\/www.aclanester56.com\\\/velo\\\/#website\"},\"datePublished\":\"2010-06-14T20:31:16+00:00\",\"dateModified\":\"2010-06-14T20:33:23+00:00\",\"inLanguage\":\"fr-FR\",\"potentialAction\":[{\"@type\":\"ReadAction\",\"target\":[\"https:\\\/\\\/www.aclanester56.com\\\/velo\\\/ergue-gaberic-trophee-sebaco-juniors\\\/\"]}]},{\"@type\":\"WebSite\",\"@id\":\"https:\\\/\\\/www.aclanester56.com\\\/velo\\\/#website\",\"url\":\"https:\\\/\\\/www.aclanester56.com\\\/velo\\\/\",\"name\":\"Avenir Cycliste Lanester 56\",\"description\":\"Club cycliste de l&#039;AC LANESTER 56\",\"publisher\":{\"@id\":\"https:\\\/\\\/www.aclanester56.com\\\/velo\\\/#organization\"},\"potentialAction\":[{\"@type\":\"SearchAction\",\"target\":{\"@type\":\"EntryPoint\",\"urlTemplate\":\"https:\\\/\\\/www.aclanester56.com\\\/velo\\\/?s={search_term_string}\"},\"query-input\":{\"@type\":\"PropertyValueSpecification\",\"valueRequired\":true,\"valueName\":\"search_term_string\"}}],\"inLanguage\":\"fr-FR\"},{\"@type\":\"Organization\",\"@id\":\"https:\\\/\\\/www.aclanester56.com\\\/velo\\\/#organization\",\"name\":\"Avenir Cycliste Lanester 56\",\"url\":\"https:\\\/\\\/www.aclanester56.com\\\/velo\\\/\",\"logo\":{\"@type\":\"ImageObject\",\"inLanguage\":\"fr-FR\",\"@id\":\"https:\\\/\\\/www.aclanester56.com\\\/velo\\\/#\\\/schema\\\/logo\\\/image\\\/\",\"url\":\"https:\\\/\\\/www.aclanester56.com\\\/velo\\\/wp-content\\\/uploads\\\/2013\\\/04\\\/logo-ACL.jpg\",\"contentUrl\":\"https:\\\/\\\/www.aclanester56.com\\\/velo\\\/wp-content\\\/uploads\\\/2013\\\/04\\\/logo-ACL.jpg\",\"width\":400,\"height\":334,\"caption\":\"Avenir Cycliste Lanester 56\"},\"image\":{\"@id\":\"https:\\\/\\\/www.aclanester56.com\\\/velo\\\/#\\\/schema\\\/logo\\\/image\\\/\"},\"sameAs\":[\"https:\\\/\\\/www.facebook.com\\\/pages\\\/AC-Lanester-56\\\/190286300991242?fref=ts\"]},{\"@type\":\"Person\",\"@id\":\"https:\\\/\\\/www.aclanester56.com\\\/velo\\\/#\\\/schema\\\/person\\\/ca2a44a5fd969e9dd846c72d3b33bc01\",\"name\":\"Jean-Christophe\",\"url\":\"https:\\\/\\\/www.aclanester56.com\\\/velo\\\/author\\\/jeanchristophe\\\/\"}]}<\/script>\n<!-- \/ Yoast SEO plugin. -->","yoast_head_json":{"title":"Ergu\u00e9 Gaberic Troph\u00e9e S\u00e9baco Juniors - Avenir Cycliste Lanester 56","robots":{"index":"index","follow":"follow","max-snippet":"max-snippet:-1","max-image-preview":"max-image-preview:large","max-video-preview":"max-video-preview:-1"},"canonical":"https:\/\/www.aclanester56.com\/velo\/ergue-gaberic-trophee-sebaco-juniors\/","og_locale":"fr_FR","og_type":"article","og_title":"Ergu\u00e9 Gaberic Troph\u00e9e S\u00e9baco Juniors - Avenir Cycliste Lanester 56","og_description":"Le 29e troph\u00e9e S\u00e9baco juniors a \u00e9t\u00e9 domin\u00e9 par le coureur du v\u00e9lo sport plabennec, Olivier Le Gac.","og_url":"https:\/\/www.aclanester56.com\/velo\/ergue-gaberic-trophee-sebaco-juniors\/","og_site_name":"Avenir Cycliste Lanester 56","article_publisher":"https:\/\/www.facebook.com\/pages\/AC-Lanester-56\/190286300991242?fref=ts","article_published_time":"2010-06-14T20:31:16+00:00","article_modified_time":"2010-06-14T20:33:23+00:00","author":"Jean-Christophe","twitter_misc":{"\u00c9crit par":"Jean-Christophe","Dur\u00e9e de lecture estim\u00e9e":"1 minute"},"schema":{"@context":"https:\/\/schema.org","@graph":[{"@type":"Article","@id":"https:\/\/www.aclanester56.com\/velo\/ergue-gaberic-trophee-sebaco-juniors\/#article","isPartOf":{"@id":"https:\/\/www.aclanester56.com\/velo\/ergue-gaberic-trophee-sebaco-juniors\/"},"author":{"name":"Jean-Christophe","@id":"https:\/\/www.aclanester56.com\/velo\/#\/schema\/person\/ca2a44a5fd969e9dd846c72d3b33bc01"},"headline":"Ergu\u00e9 Gaberic Troph\u00e9e S\u00e9baco Juniors","datePublished":"2010-06-14T20:31:16+00:00","dateModified":"2010-06-14T20:33:23+00:00","mainEntityOfPage":{"@id":"https:\/\/www.aclanester56.com\/velo\/ergue-gaberic-trophee-sebaco-juniors\/"},"wordCount":240,"commentCount":0,"publisher":{"@id":"https:\/\/www.aclanester56.com\/velo\/#organization"},"articleSection":["AC LANESTER 56"],"inLanguage":"fr-FR","potentialAction":[{"@type":"CommentAction","name":"Comment","target":["https:\/\/www.aclanester56.com\/velo\/ergue-gaberic-trophee-sebaco-juniors\/#respond"]}]},{"@type":"WebPage","@id":"https:\/\/www.aclanester56.com\/velo\/ergue-gaberic-trophee-sebaco-juniors\/","url":"https:\/\/www.aclanester56.com\/velo\/ergue-gaberic-trophee-sebaco-juniors\/","name":"Ergu\u00e9 Gaberic Troph\u00e9e S\u00e9baco Juniors - Avenir Cycliste Lanester 56","isPartOf":{"@id":"https:\/\/www.aclanester56.com\/velo\/#website"},"datePublished":"2010-06-14T20:31:16+00:00","dateModified":"2010-06-14T20:33:23+00:00","inLanguage":"fr-FR","potentialAction":[{"@type":"ReadAction","target":["https:\/\/www.aclanester56.com\/velo\/ergue-gaberic-trophee-sebaco-juniors\/"]}]},{"@type":"WebSite","@id":"https:\/\/www.aclanester56.com\/velo\/#website","url":"https:\/\/www.aclanester56.com\/velo\/","name":"Avenir Cycliste Lanester 56","description":"Club cycliste de l&#039;AC LANESTER 56","publisher":{"@id":"https:\/\/www.aclanester56.com\/velo\/#organization"},"potentialAction":[{"@type":"SearchAction","target":{"@type":"EntryPoint","urlTemplate":"https:\/\/www.aclanester56.com\/velo\/?s={search_term_string}"},"query-input":{"@type":"PropertyValueSpecification","valueRequired":true,"valueName":"search_term_string"}}],"inLanguage":"fr-FR"},{"@type":"Organization","@id":"https:\/\/www.aclanester56.com\/velo\/#organization","name":"Avenir Cycliste Lanester 56","url":"https:\/\/www.aclanester56.com\/velo\/","logo":{"@type":"ImageObject","inLanguage":"fr-FR","@id":"https:\/\/www.aclanester56.com\/velo\/#\/schema\/logo\/image\/","url":"https:\/\/www.aclanester56.com\/velo\/wp-content\/uploads\/2013\/04\/logo-ACL.jpg","contentUrl":"https:\/\/www.aclanester56.com\/velo\/wp-content\/uploads\/2013\/04\/logo-ACL.jpg","width":400,"height":334,"caption":"Avenir Cycliste Lanester 56"},"image":{"@id":"https:\/\/www.aclanester56.com\/velo\/#\/schema\/logo\/image\/"},"sameAs":["https:\/\/www.facebook.com\/pages\/AC-Lanester-56\/190286300991242?fref=ts"]},{"@type":"Person","@id":"https:\/\/www.aclanester56.com\/velo\/#\/schema\/person\/ca2a44a5fd969e9dd846c72d3b33bc01","name":"Jean-Christophe","url":"https:\/\/www.aclanester56.com\/velo\/author\/jeanchristophe\/"}]}},"_links":{"self":[{"href":"https:\/\/www.aclanester56.com\/velo\/wp-json\/wp\/v2\/posts\/3080","targetHints":{"allow":["GET"]}}],"collection":[{"href":"https:\/\/www.aclanester56.com\/velo\/wp-json\/wp\/v2\/posts"}],"about":[{"href":"https:\/\/www.aclanester56.com\/velo\/wp-json\/wp\/v2\/types\/post"}],"author":[{"embeddable":true,"href":"https:\/\/www.aclanester56.com\/velo\/wp-json\/wp\/v2\/users\/14"}],"replies":[{"embeddable":true,"href":"https:\/\/www.aclanester56.com\/velo\/wp-json\/wp\/v2\/comments?post=3080"}],"version-history":[{"count":0,"href":"https:\/\/www.aclanester56.com\/velo\/wp-json\/wp\/v2\/posts\/3080\/revisions"}],"wp:attachment":[{"href":"https:\/\/www.aclanester56.com\/velo\/wp-json\/wp\/v2\/media?parent=3080"}],"wp:term":[{"taxonomy":"category","embeddable":true,"href":"https:\/\/www.aclanester56.com\/velo\/wp-json\/wp\/v2\/categories?post=3080"},{"taxonomy":"post_tag","embeddable":true,"href":"https:\/\/www.aclanester56.com\/velo\/wp-json\/wp\/v2\/tags?post=3080"}],"curies":[{"name":"wp","href":"https:\/\/api.w.org\/{rel}","templated":true}]}}