{"id":31652,"date":"2017-03-07T20:34:19","date_gmt":"2017-03-07T19:34:19","guid":{"rendered":"http:\/\/www.aclanester56.com\/velo\/?p=31652"},"modified":"2017-03-11T11:25:20","modified_gmt":"2017-03-11T10:25:20","slug":"classements-3-4-mars-2017","status":"publish","type":"post","link":"https:\/\/www.aclanester56.com\/velo\/classements-3-4-mars-2017\/","title":{"rendered":"Classements du 3 au 4 mars 2017"},"content":{"rendered":"<p><!--more--><\/p>\n<p><em>Photo : Pascal Prot \u00e0 Gou\u00e9zec<\/em><\/p>\n<table width=\"862\">\n<tbody>\n<tr>\n<td colspan=\"3\" width=\"453\"><span style=\"color: #ff6600;\"><strong>samedi 4 mars 2017<\/strong><\/span><\/td>\n<td colspan=\"6\" width=\"409\"><span style=\"color: #ff6600;\"><strong>&#8211; TRESSIGNAUX (22)<\/strong><\/span><\/td>\n<\/tr>\n<tr>\n<td colspan=\"9\"><strong>Course d&rsquo;attente ETOILE DE TRESSIGNAUX<\/strong><\/td>\n<\/tr>\n<tr>\n<td colspan=\"9\"><strong>Course sur Route &#8211; Pass&rsquo;Cyclisme\/PC Open D1\/D2\/D3\/D4<\/strong><\/td>\n<\/tr>\n<tr>\n<td>CORLAY<\/td>\n<td>Eric<\/td>\n<td>Pass-Cyclisme D2<\/td>\n<td>3<\/td>\n<td><sup>\u00e8me<\/sup><\/td>\n<td>de la course<\/td>\n<td>1<\/td>\n<td><sup>er<\/sup><\/td>\n<td>de sa cat\u00e9gorie<\/td>\n<\/tr>\n<tr>\n<td>GUILBAUD<\/td>\n<td>Nicolas<\/td>\n<td>Pass-Cyclisme D2<\/td>\n<td>NON<\/td>\n<td>&nbsp;<\/td>\n<td>Class\u00e9<\/td>\n<td>&nbsp;<\/td>\n<td>&nbsp;<\/td>\n<td>&nbsp;<\/td>\n<\/tr>\n<tr>\n<td>MELEUC<\/td>\n<td>Richard<\/td>\n<td>Pass-Cyclisme D2<\/td>\n<td>NON<\/td>\n<td>&nbsp;<\/td>\n<td>Class\u00e9<\/td>\n<td>&nbsp;<\/td>\n<td>&nbsp;<\/td>\n<td>&nbsp;<\/td>\n<\/tr>\n<tr>\n<td colspan=\"3\"><span style=\"color: #ff6600;\"><strong>samedi 4 mars 2017<\/strong><\/span><\/td>\n<td colspan=\"6\"><span style=\"color: #ff6600;\"><strong>&#8211; TRESSIGNAUX (22)<\/strong><\/span><\/td>\n<\/tr>\n<tr>\n<td colspan=\"9\"><strong>ETOILE DE TRESSIGNAUX<\/strong><\/td>\n<\/tr>\n<tr>\n<td colspan=\"9\"><strong>Course sur Route &#8211; 1\u00e8re Cat\u00e9gorie\/2\u00e8me Cat\u00e9gorie\/3\u00e8me Cat\u00e9gorie\/Juniors<\/strong><\/td>\n<\/tr>\n<tr>\n<td>AUDIC<\/td>\n<td>Dylan<\/td>\n<td>Junior<\/td>\n<td>39<\/td>\n<td><sup>\u00e8me<\/sup><\/td>\n<td>de la course<\/td>\n<td>4<\/td>\n<td><sup>\u00e8me<\/sup><\/td>\n<td>de sa cat\u00e9gorie<\/td>\n<\/tr>\n<tr>\n<td>LE CAM<\/td>\n<td>Brendan<\/td>\n<td>Junior<\/td>\n<td>40<\/td>\n<td><sup>\u00e8me<\/sup><\/td>\n<td>de la course<\/td>\n<td>5<\/td>\n<td><sup>\u00e8me<\/sup><\/td>\n<td>de sa cat\u00e9gorie<\/td>\n<\/tr>\n<tr>\n<td>MOREAC<\/td>\n<td>Florian<\/td>\n<td>3\u00e8me Cat\u00e9gorie<\/td>\n<td>35<\/td>\n<td><sup>\u00e8me<\/sup><\/td>\n<td>de la course<\/td>\n<td>4<\/td>\n<td><sup>\u00e8me<\/sup><\/td>\n<td>de sa cat\u00e9gorie<\/td>\n<\/tr>\n<tr>\n<td>LE CROM<\/td>\n<td>Charles<\/td>\n<td>Junior<\/td>\n<td>NON<\/td>\n<td>&nbsp;<\/td>\n<td>Class\u00e9<\/td>\n<td>&nbsp;<\/td>\n<td>&nbsp;<\/td>\n<td>&nbsp;<\/td>\n<\/tr>\n<tr>\n<td colspan=\"3\"><span style=\"color: #ff6600;\"><strong>dimanche 5 mars 2017<\/strong><\/span><\/td>\n<td colspan=\"6\"><span style=\"color: #ff6600;\"><strong>&#8211; PLUMELEC (56)<\/strong><\/span><\/td>\n<\/tr>\n<tr>\n<td colspan=\"9\"><strong>Troph\u00e9e des Landes de Lanvaux<\/strong><\/td>\n<\/tr>\n<tr>\n<td colspan=\"9\"><strong>Course sur Route &#8211; 3\u00e8me Cat\u00e9gorie\/Juniors\/Pass&rsquo;Cyclisme<\/strong><\/td>\n<\/tr>\n<tr>\n<td>BALTENWECK<\/td>\n<td>Mewen<\/td>\n<td>3\u00e8me Cat\u00e9gorie<\/td>\n<td>NON<\/td>\n<td>&nbsp;<\/td>\n<td>Class\u00e9<\/td>\n<td>&nbsp;<\/td>\n<td>&nbsp;<\/td>\n<td>&nbsp;<\/td>\n<\/tr>\n<tr>\n<td>JUSTUM<\/td>\n<td>Axel<\/td>\n<td>Junior<\/td>\n<td>20<\/td>\n<td><sup>\u00e8me<\/sup><\/td>\n<td>de la course<\/td>\n<td>12<\/td>\n<td><sup>\u00e8me<\/sup><\/td>\n<td>de sa cat\u00e9gorie<\/td>\n<\/tr>\n<tr>\n<td>LE BAIL<\/td>\n<td>Hugo<\/td>\n<td>3\u00e8me Cat\u00e9gorie<\/td>\n<td>32<\/td>\n<td><sup>\u00e8me<\/sup><\/td>\n<td>de la course<\/td>\n<td>11<\/td>\n<td><sup>\u00e8me<\/sup><\/td>\n<td>de sa cat\u00e9gorie<\/td>\n<\/tr>\n<tr>\n<td>LE CHENADEC<\/td>\n<td>Antoine<\/td>\n<td>Junior<\/td>\n<td>21<\/td>\n<td><sup>\u00e8me<\/sup><\/td>\n<td>de la course<\/td>\n<td>13<\/td>\n<td><sup>\u00e8me<\/sup><\/td>\n<td>de sa cat\u00e9gorie<\/td>\n<\/tr>\n<tr>\n<td>SINNER<\/td>\n<td>Christophe<\/td>\n<td>3\u00e8me Cat\u00e9gorie<\/td>\n<td>NON<\/td>\n<td>&nbsp;<\/td>\n<td>Class\u00e9<\/td>\n<td>&nbsp;<\/td>\n<td>&nbsp;<\/td>\n<td>&nbsp;<\/td>\n<\/tr>\n<tr>\n<td>TESSEIRE<\/td>\n<td>Cl\u00e9ment<\/td>\n<td>Junior<\/td>\n<td>NON<\/td>\n<td>&nbsp;<\/td>\n<td>Class\u00e9<\/td>\n<td>&nbsp;<\/td>\n<td>&nbsp;<\/td>\n<td>&nbsp;<\/td>\n<\/tr>\n<tr>\n<td colspan=\"3\"><span style=\"color: #ff6600;\"><strong>dimanche 5 mars 2017<\/strong><\/span><\/td>\n<td colspan=\"6\"><span style=\"color: #ff6600;\"><strong>&#8211; CINTRE (35)<\/strong><\/span><\/td>\n<\/tr>\n<tr>\n<td colspan=\"9\"><strong>Troph\u00e9e de la Flume et de la Meu &#8211; Troph\u00e9e Marcel Blot<\/strong><\/td>\n<\/tr>\n<tr>\n<td colspan=\"9\"><strong>Course sur Route &#8211; Cadets<\/strong><\/td>\n<\/tr>\n<tr>\n<td>JEZEQUEL<\/td>\n<td>Meven<\/td>\n<td>Cadet<\/td>\n<td>NON<\/td>\n<td>&nbsp;<\/td>\n<td>Class\u00e9<\/td>\n<td>&nbsp;<\/td>\n<td>&nbsp;<\/td>\n<td>&nbsp;<\/td>\n<\/tr>\n<tr>\n<td>LE CHENADEC<\/td>\n<td>Ewen<\/td>\n<td>Cadet<\/td>\n<td>36<\/td>\n<td><sup>\u00e8me<\/sup><\/td>\n<td>de la course<\/td>\n<td>&nbsp;<\/td>\n<td>&nbsp;<\/td>\n<td>&nbsp;<\/td>\n<\/tr>\n<tr>\n<td>LE COZ<\/td>\n<td>Pierre<\/td>\n<td>Cadet<\/td>\n<td>NON<\/td>\n<td>&nbsp;<\/td>\n<td>Class\u00e9<\/td>\n<td>&nbsp;<\/td>\n<td>&nbsp;<\/td>\n<td>&nbsp;<\/td>\n<\/tr>\n<tr>\n<td>THOMAS<\/td>\n<td>Enzo<\/td>\n<td>Cadet<\/td>\n<td>35<\/td>\n<td><sup>\u00e8me<\/sup><\/td>\n<td>de la course<\/td>\n<td>&nbsp;<\/td>\n<td>&nbsp;<\/td>\n<td>&nbsp;<\/td>\n<\/tr>\n<tr>\n<td colspan=\"3\"><span style=\"color: #ff6600;\"><strong>dimanche 5 mars 2017<\/strong><\/span><\/td>\n<td colspan=\"6\"><span style=\"color: #ff6600;\"><strong>&#8211; GOUEZEC (29)<\/strong><\/span><\/td>\n<\/tr>\n<tr>\n<td colspan=\"9\"><strong>&nbsp;<\/strong><\/td>\n<\/tr>\n<tr>\n<td colspan=\"9\"><strong>Course sur Route &#8211; Ecole de Cyclisme<\/strong><\/td>\n<\/tr>\n<tr>\n<td>LOUSSOUARN<\/td>\n<td>Lucas<\/td>\n<td>Pupille 2<\/td>\n<td>14<\/td>\n<td><sup>\u00e8me<\/sup><\/td>\n<td>de la course<\/td>\n<td>&nbsp;<\/td>\n<td>&nbsp;<\/td>\n<td>&nbsp;<\/td>\n<\/tr>\n<tr>\n<td colspan=\"3\"><span style=\"color: #ff6600;\"><strong>dimanche 5 mars 2017<\/strong><\/span><\/td>\n<td colspan=\"6\"><span style=\"color: #ff6600;\"><strong>&#8211; GOUEZEC (29)<\/strong><\/span><\/td>\n<\/tr>\n<tr>\n<td colspan=\"9\"><strong>&nbsp;<\/strong><\/td>\n<\/tr>\n<tr>\n<td colspan=\"9\"><strong>Course sur Route &#8211; Minimes<\/strong><\/td>\n<\/tr>\n<tr>\n<td>CADORET<\/td>\n<td>Th\u00e9otime<\/td>\n<td>Minime<\/td>\n<td>6<\/td>\n<td><sup>\u00e8me<\/sup><\/td>\n<td>de la course<\/td>\n<td>&nbsp;<\/td>\n<td>&nbsp;<\/td>\n<td>&nbsp;<\/td>\n<\/tr>\n<tr>\n<td>LE CLEC&rsquo;H<\/td>\n<td>Malo<\/td>\n<td>Minime<\/td>\n<td>&nbsp;27<\/td>\n<td><sup>\u00e8me<\/sup><\/td>\n<td>de la course<\/td>\n<td>&nbsp;<\/td>\n<td>&nbsp;<\/td>\n<td>&nbsp;<\/td>\n<\/tr>\n<tr>\n<td colspan=\"3\"><span style=\"color: #ff6600;\"><strong>dimanche 5 mars 2017<\/strong><\/span><\/td>\n<td colspan=\"6\"><span style=\"color: #ff6600;\"><strong>&#8211; GOUEZEC (29)<\/strong><\/span><\/td>\n<\/tr>\n<tr>\n<td colspan=\"9\"><strong>&nbsp;<\/strong><\/td>\n<\/tr>\n<tr>\n<td colspan=\"9\"><strong>Course sur Route &#8211; Dames &#8211; Minimes \/ Cadettes<\/strong><\/td>\n<\/tr>\n<tr>\n<td>BURGAENTZLEN<\/td>\n<td>Eva<\/td>\n<td>Cadette<\/td>\n<td>12<\/td>\n<td><sup>\u00e8me<\/sup><\/td>\n<td>de la course<\/td>\n<td>10<\/td>\n<td><sup>\u00e8me<\/sup><\/td>\n<td>de sa cat\u00e9gorie<\/td>\n<\/tr>\n<tr>\n<td>CORLAY LE BARON<\/td>\n<td>Maeva<\/td>\n<td>Cadette<\/td>\n<td>5<\/td>\n<td><sup>\u00e8me<\/sup><\/td>\n<td>de la course<\/td>\n<td>&nbsp;<\/td>\n<td><sup>\u00e8me<\/sup><\/td>\n<td>de sa cat\u00e9gorie<\/td>\n<\/tr>\n<tr>\n<td>GODIVIER<\/td>\n<td>Sophie<\/td>\n<td>Cadette<\/td>\n<td>18<\/td>\n<td><sup>\u00e8me<\/sup><\/td>\n<td>de la course<\/td>\n<td>&nbsp;<\/td>\n<td><sup>\u00e8me<\/sup><\/td>\n<td>de sa cat\u00e9gorie<\/td>\n<\/tr>\n<tr>\n<td>PROT<\/td>\n<td>Servann<\/td>\n<td>Minime F<\/td>\n<td>11<\/td>\n<td><sup>\u00e8me<\/sup><\/td>\n<td>de la course<\/td>\n<td>2<\/td>\n<td><sup>\u00e8me<\/sup><\/td>\n<td>de sa cat\u00e9gorie<\/td>\n<\/tr>\n<\/tbody>\n<\/table>\n","protected":false},"excerpt":{"rendered":"","protected":false},"author":14,"featured_media":31653,"comment_status":"open","ping_status":"open","sticky":false,"template":"","format":"standard","meta":{"ngg_post_thumbnail":0,"footnotes":""},"categories":[5,18,22,24,21,23],"tags":[],"class_list":["post-31652","post","type-post","status-publish","format-standard","has-post-thumbnail","hentry","category-ac-lanester-56","category-resultats-3eme-categorie","category-resultats-cadets","category-resultats-ecole-de-cyclisme","category-resultats-juniors","category-resultats-minimes"],"yoast_head":"<!-- This site is optimized with the Yoast SEO plugin v27.5 - https:\/\/yoast.com\/product\/yoast-seo-wordpress\/ -->\n<title>Classements du 3 au 4 mars 2017 - Avenir Cycliste Lanester 56<\/title>\n<meta name=\"robots\" content=\"index, follow, max-snippet:-1, max-image-preview:large, max-video-preview:-1\" \/>\n<link rel=\"canonical\" href=\"https:\/\/www.aclanester56.com\/velo\/classements-3-4-mars-2017\/\" \/>\n<meta property=\"og:locale\" content=\"fr_FR\" \/>\n<meta property=\"og:type\" content=\"article\" \/>\n<meta property=\"og:title\" content=\"Classements du 3 au 4 mars 2017 - Avenir Cycliste Lanester 56\" \/>\n<meta property=\"og:url\" content=\"https:\/\/www.aclanester56.com\/velo\/classements-3-4-mars-2017\/\" \/>\n<meta property=\"og:site_name\" content=\"Avenir Cycliste Lanester 56\" \/>\n<meta property=\"article:publisher\" content=\"https:\/\/www.facebook.com\/pages\/AC-Lanester-56\/190286300991242?fref=ts\" \/>\n<meta property=\"article:published_time\" content=\"2017-03-07T19:34:19+00:00\" \/>\n<meta property=\"article:modified_time\" content=\"2017-03-11T10:25:20+00:00\" \/>\n<meta property=\"og:image\" content=\"https:\/\/www.aclanester56.com\/velo\/wp-content\/uploads\/2017\/03\/Gou\u00e9zec-Copie.jpg\" \/>\n\t<meta property=\"og:image:width\" content=\"880\" \/>\n\t<meta property=\"og:image:height\" content=\"450\" \/>\n\t<meta property=\"og:image:type\" content=\"image\/jpeg\" \/>\n<meta name=\"author\" content=\"Jean-Christophe\" \/>\n<meta name=\"twitter:label1\" content=\"\u00c9crit par\" \/>\n\t<meta name=\"twitter:data1\" content=\"Jean-Christophe\" \/>\n\t<meta name=\"twitter:label2\" content=\"Dur\u00e9e de lecture estim\u00e9e\" \/>\n\t<meta name=\"twitter:data2\" content=\"2 minutes\" \/>\n<script type=\"application\/ld+json\" class=\"yoast-schema-graph\">{\"@context\":\"https:\\\/\\\/schema.org\",\"@graph\":[{\"@type\":\"Article\",\"@id\":\"https:\\\/\\\/www.aclanester56.com\\\/velo\\\/classements-3-4-mars-2017\\\/#article\",\"isPartOf\":{\"@id\":\"https:\\\/\\\/www.aclanester56.com\\\/velo\\\/classements-3-4-mars-2017\\\/\"},\"author\":{\"name\":\"Jean-Christophe\",\"@id\":\"https:\\\/\\\/www.aclanester56.com\\\/velo\\\/#\\\/schema\\\/person\\\/ca2a44a5fd969e9dd846c72d3b33bc01\"},\"headline\":\"Classements du 3 au 4 mars 2017\",\"datePublished\":\"2017-03-07T19:34:19+00:00\",\"dateModified\":\"2017-03-11T10:25:20+00:00\",\"mainEntityOfPage\":{\"@id\":\"https:\\\/\\\/www.aclanester56.com\\\/velo\\\/classements-3-4-mars-2017\\\/\"},\"wordCount\":407,\"commentCount\":0,\"publisher\":{\"@id\":\"https:\\\/\\\/www.aclanester56.com\\\/velo\\\/#organization\"},\"image\":{\"@id\":\"https:\\\/\\\/www.aclanester56.com\\\/velo\\\/classements-3-4-mars-2017\\\/#primaryimage\"},\"thumbnailUrl\":\"https:\\\/\\\/www.aclanester56.com\\\/velo\\\/wp-content\\\/uploads\\\/2017\\\/03\\\/Gou\u00e9zec-Copie.jpg\",\"articleSection\":[\"AC LANESTER 56\",\"R\u00e9sultats 3eme cat\u00e9gorie\",\"R\u00e9sultats Cadets\",\"R\u00e9sultats Ecole de cyclisme\",\"R\u00e9sultats Juniors\",\"R\u00e9sultats Minimes\"],\"inLanguage\":\"fr-FR\",\"potentialAction\":[{\"@type\":\"CommentAction\",\"name\":\"Comment\",\"target\":[\"https:\\\/\\\/www.aclanester56.com\\\/velo\\\/classements-3-4-mars-2017\\\/#respond\"]}]},{\"@type\":\"WebPage\",\"@id\":\"https:\\\/\\\/www.aclanester56.com\\\/velo\\\/classements-3-4-mars-2017\\\/\",\"url\":\"https:\\\/\\\/www.aclanester56.com\\\/velo\\\/classements-3-4-mars-2017\\\/\",\"name\":\"Classements du 3 au 4 mars 2017 - Avenir Cycliste Lanester 56\",\"isPartOf\":{\"@id\":\"https:\\\/\\\/www.aclanester56.com\\\/velo\\\/#website\"},\"primaryImageOfPage\":{\"@id\":\"https:\\\/\\\/www.aclanester56.com\\\/velo\\\/classements-3-4-mars-2017\\\/#primaryimage\"},\"image\":{\"@id\":\"https:\\\/\\\/www.aclanester56.com\\\/velo\\\/classements-3-4-mars-2017\\\/#primaryimage\"},\"thumbnailUrl\":\"https:\\\/\\\/www.aclanester56.com\\\/velo\\\/wp-content\\\/uploads\\\/2017\\\/03\\\/Gou\u00e9zec-Copie.jpg\",\"datePublished\":\"2017-03-07T19:34:19+00:00\",\"dateModified\":\"2017-03-11T10:25:20+00:00\",\"inLanguage\":\"fr-FR\",\"potentialAction\":[{\"@type\":\"ReadAction\",\"target\":[\"https:\\\/\\\/www.aclanester56.com\\\/velo\\\/classements-3-4-mars-2017\\\/\"]}]},{\"@type\":\"ImageObject\",\"inLanguage\":\"fr-FR\",\"@id\":\"https:\\\/\\\/www.aclanester56.com\\\/velo\\\/classements-3-4-mars-2017\\\/#primaryimage\",\"url\":\"https:\\\/\\\/www.aclanester56.com\\\/velo\\\/wp-content\\\/uploads\\\/2017\\\/03\\\/Gou\u00e9zec-Copie.jpg\",\"contentUrl\":\"https:\\\/\\\/www.aclanester56.com\\\/velo\\\/wp-content\\\/uploads\\\/2017\\\/03\\\/Gou\u00e9zec-Copie.jpg\",\"width\":880,\"height\":450},{\"@type\":\"WebSite\",\"@id\":\"https:\\\/\\\/www.aclanester56.com\\\/velo\\\/#website\",\"url\":\"https:\\\/\\\/www.aclanester56.com\\\/velo\\\/\",\"name\":\"Avenir Cycliste Lanester 56\",\"description\":\"Club cycliste de l&#039;AC LANESTER 56\",\"publisher\":{\"@id\":\"https:\\\/\\\/www.aclanester56.com\\\/velo\\\/#organization\"},\"potentialAction\":[{\"@type\":\"SearchAction\",\"target\":{\"@type\":\"EntryPoint\",\"urlTemplate\":\"https:\\\/\\\/www.aclanester56.com\\\/velo\\\/?s={search_term_string}\"},\"query-input\":{\"@type\":\"PropertyValueSpecification\",\"valueRequired\":true,\"valueName\":\"search_term_string\"}}],\"inLanguage\":\"fr-FR\"},{\"@type\":\"Organization\",\"@id\":\"https:\\\/\\\/www.aclanester56.com\\\/velo\\\/#organization\",\"name\":\"Avenir Cycliste Lanester 56\",\"url\":\"https:\\\/\\\/www.aclanester56.com\\\/velo\\\/\",\"logo\":{\"@type\":\"ImageObject\",\"inLanguage\":\"fr-FR\",\"@id\":\"https:\\\/\\\/www.aclanester56.com\\\/velo\\\/#\\\/schema\\\/logo\\\/image\\\/\",\"url\":\"https:\\\/\\\/www.aclanester56.com\\\/velo\\\/wp-content\\\/uploads\\\/2013\\\/04\\\/logo-ACL.jpg\",\"contentUrl\":\"https:\\\/\\\/www.aclanester56.com\\\/velo\\\/wp-content\\\/uploads\\\/2013\\\/04\\\/logo-ACL.jpg\",\"width\":400,\"height\":334,\"caption\":\"Avenir Cycliste Lanester 56\"},\"image\":{\"@id\":\"https:\\\/\\\/www.aclanester56.com\\\/velo\\\/#\\\/schema\\\/logo\\\/image\\\/\"},\"sameAs\":[\"https:\\\/\\\/www.facebook.com\\\/pages\\\/AC-Lanester-56\\\/190286300991242?fref=ts\"]},{\"@type\":\"Person\",\"@id\":\"https:\\\/\\\/www.aclanester56.com\\\/velo\\\/#\\\/schema\\\/person\\\/ca2a44a5fd969e9dd846c72d3b33bc01\",\"name\":\"Jean-Christophe\",\"url\":\"https:\\\/\\\/www.aclanester56.com\\\/velo\\\/author\\\/jeanchristophe\\\/\"}]}<\/script>\n<!-- \/ Yoast SEO plugin. -->","yoast_head_json":{"title":"Classements du 3 au 4 mars 2017 - Avenir Cycliste Lanester 56","robots":{"index":"index","follow":"follow","max-snippet":"max-snippet:-1","max-image-preview":"max-image-preview:large","max-video-preview":"max-video-preview:-1"},"canonical":"https:\/\/www.aclanester56.com\/velo\/classements-3-4-mars-2017\/","og_locale":"fr_FR","og_type":"article","og_title":"Classements du 3 au 4 mars 2017 - Avenir Cycliste Lanester 56","og_url":"https:\/\/www.aclanester56.com\/velo\/classements-3-4-mars-2017\/","og_site_name":"Avenir Cycliste Lanester 56","article_publisher":"https:\/\/www.facebook.com\/pages\/AC-Lanester-56\/190286300991242?fref=ts","article_published_time":"2017-03-07T19:34:19+00:00","article_modified_time":"2017-03-11T10:25:20+00:00","og_image":[{"width":880,"height":450,"url":"https:\/\/www.aclanester56.com\/velo\/wp-content\/uploads\/2017\/03\/Gou\u00e9zec-Copie.jpg","type":"image\/jpeg"}],"author":"Jean-Christophe","twitter_misc":{"\u00c9crit par":"Jean-Christophe","Dur\u00e9e de lecture estim\u00e9e":"2 minutes"},"schema":{"@context":"https:\/\/schema.org","@graph":[{"@type":"Article","@id":"https:\/\/www.aclanester56.com\/velo\/classements-3-4-mars-2017\/#article","isPartOf":{"@id":"https:\/\/www.aclanester56.com\/velo\/classements-3-4-mars-2017\/"},"author":{"name":"Jean-Christophe","@id":"https:\/\/www.aclanester56.com\/velo\/#\/schema\/person\/ca2a44a5fd969e9dd846c72d3b33bc01"},"headline":"Classements du 3 au 4 mars 2017","datePublished":"2017-03-07T19:34:19+00:00","dateModified":"2017-03-11T10:25:20+00:00","mainEntityOfPage":{"@id":"https:\/\/www.aclanester56.com\/velo\/classements-3-4-mars-2017\/"},"wordCount":407,"commentCount":0,"publisher":{"@id":"https:\/\/www.aclanester56.com\/velo\/#organization"},"image":{"@id":"https:\/\/www.aclanester56.com\/velo\/classements-3-4-mars-2017\/#primaryimage"},"thumbnailUrl":"https:\/\/www.aclanester56.com\/velo\/wp-content\/uploads\/2017\/03\/Gou\u00e9zec-Copie.jpg","articleSection":["AC LANESTER 56","R\u00e9sultats 3eme cat\u00e9gorie","R\u00e9sultats Cadets","R\u00e9sultats Ecole de cyclisme","R\u00e9sultats Juniors","R\u00e9sultats Minimes"],"inLanguage":"fr-FR","potentialAction":[{"@type":"CommentAction","name":"Comment","target":["https:\/\/www.aclanester56.com\/velo\/classements-3-4-mars-2017\/#respond"]}]},{"@type":"WebPage","@id":"https:\/\/www.aclanester56.com\/velo\/classements-3-4-mars-2017\/","url":"https:\/\/www.aclanester56.com\/velo\/classements-3-4-mars-2017\/","name":"Classements du 3 au 4 mars 2017 - Avenir Cycliste Lanester 56","isPartOf":{"@id":"https:\/\/www.aclanester56.com\/velo\/#website"},"primaryImageOfPage":{"@id":"https:\/\/www.aclanester56.com\/velo\/classements-3-4-mars-2017\/#primaryimage"},"image":{"@id":"https:\/\/www.aclanester56.com\/velo\/classements-3-4-mars-2017\/#primaryimage"},"thumbnailUrl":"https:\/\/www.aclanester56.com\/velo\/wp-content\/uploads\/2017\/03\/Gou\u00e9zec-Copie.jpg","datePublished":"2017-03-07T19:34:19+00:00","dateModified":"2017-03-11T10:25:20+00:00","inLanguage":"fr-FR","potentialAction":[{"@type":"ReadAction","target":["https:\/\/www.aclanester56.com\/velo\/classements-3-4-mars-2017\/"]}]},{"@type":"ImageObject","inLanguage":"fr-FR","@id":"https:\/\/www.aclanester56.com\/velo\/classements-3-4-mars-2017\/#primaryimage","url":"https:\/\/www.aclanester56.com\/velo\/wp-content\/uploads\/2017\/03\/Gou\u00e9zec-Copie.jpg","contentUrl":"https:\/\/www.aclanester56.com\/velo\/wp-content\/uploads\/2017\/03\/Gou\u00e9zec-Copie.jpg","width":880,"height":450},{"@type":"WebSite","@id":"https:\/\/www.aclanester56.com\/velo\/#website","url":"https:\/\/www.aclanester56.com\/velo\/","name":"Avenir Cycliste Lanester 56","description":"Club cycliste de l&#039;AC LANESTER 56","publisher":{"@id":"https:\/\/www.aclanester56.com\/velo\/#organization"},"potentialAction":[{"@type":"SearchAction","target":{"@type":"EntryPoint","urlTemplate":"https:\/\/www.aclanester56.com\/velo\/?s={search_term_string}"},"query-input":{"@type":"PropertyValueSpecification","valueRequired":true,"valueName":"search_term_string"}}],"inLanguage":"fr-FR"},{"@type":"Organization","@id":"https:\/\/www.aclanester56.com\/velo\/#organization","name":"Avenir Cycliste Lanester 56","url":"https:\/\/www.aclanester56.com\/velo\/","logo":{"@type":"ImageObject","inLanguage":"fr-FR","@id":"https:\/\/www.aclanester56.com\/velo\/#\/schema\/logo\/image\/","url":"https:\/\/www.aclanester56.com\/velo\/wp-content\/uploads\/2013\/04\/logo-ACL.jpg","contentUrl":"https:\/\/www.aclanester56.com\/velo\/wp-content\/uploads\/2013\/04\/logo-ACL.jpg","width":400,"height":334,"caption":"Avenir Cycliste Lanester 56"},"image":{"@id":"https:\/\/www.aclanester56.com\/velo\/#\/schema\/logo\/image\/"},"sameAs":["https:\/\/www.facebook.com\/pages\/AC-Lanester-56\/190286300991242?fref=ts"]},{"@type":"Person","@id":"https:\/\/www.aclanester56.com\/velo\/#\/schema\/person\/ca2a44a5fd969e9dd846c72d3b33bc01","name":"Jean-Christophe","url":"https:\/\/www.aclanester56.com\/velo\/author\/jeanchristophe\/"}]}},"_links":{"self":[{"href":"https:\/\/www.aclanester56.com\/velo\/wp-json\/wp\/v2\/posts\/31652","targetHints":{"allow":["GET"]}}],"collection":[{"href":"https:\/\/www.aclanester56.com\/velo\/wp-json\/wp\/v2\/posts"}],"about":[{"href":"https:\/\/www.aclanester56.com\/velo\/wp-json\/wp\/v2\/types\/post"}],"author":[{"embeddable":true,"href":"https:\/\/www.aclanester56.com\/velo\/wp-json\/wp\/v2\/users\/14"}],"replies":[{"embeddable":true,"href":"https:\/\/www.aclanester56.com\/velo\/wp-json\/wp\/v2\/comments?post=31652"}],"version-history":[{"count":3,"href":"https:\/\/www.aclanester56.com\/velo\/wp-json\/wp\/v2\/posts\/31652\/revisions"}],"predecessor-version":[{"id":31679,"href":"https:\/\/www.aclanester56.com\/velo\/wp-json\/wp\/v2\/posts\/31652\/revisions\/31679"}],"wp:featuredmedia":[{"embeddable":true,"href":"https:\/\/www.aclanester56.com\/velo\/wp-json\/wp\/v2\/media\/31653"}],"wp:attachment":[{"href":"https:\/\/www.aclanester56.com\/velo\/wp-json\/wp\/v2\/media?parent=31652"}],"wp:term":[{"taxonomy":"category","embeddable":true,"href":"https:\/\/www.aclanester56.com\/velo\/wp-json\/wp\/v2\/categories?post=31652"},{"taxonomy":"post_tag","embeddable":true,"href":"https:\/\/www.aclanester56.com\/velo\/wp-json\/wp\/v2\/tags?post=31652"}],"curies":[{"name":"wp","href":"https:\/\/api.w.org\/{rel}","templated":true}]}}