{"id":31992,"date":"2017-03-17T21:13:33","date_gmt":"2017-03-17T20:13:33","guid":{"rendered":"https:\/\/www.aclanester56.com\/velo\/?p=31992"},"modified":"2017-03-17T21:13:33","modified_gmt":"2017-03-17T20:13:33","slug":"rendez-18-19-mars-2017","status":"publish","type":"post","link":"https:\/\/www.aclanester56.com\/velo\/rendez-18-19-mars-2017\/","title":{"rendered":"Les rendez-vous du 18 &#038; 19 Mars 2017"},"content":{"rendered":"<p><!--more--><\/p>\n<p><strong>Week end N\u00b05 :<\/strong><\/p>\n<p>Ce week end nous retrouverons nos coureurs sur plusieurs front !<\/p>\n<p style=\"text-align: left;\">\nTout d&rsquo;abord samedi 18 mars avec Ma\u00ebva Corlay Le Baron qui sera a Plestin Les Gr\u00e8ves (22) avec les minimes\/cadettes, ce samedi \u00e9galement Ma\u00ebl Nivinou d\u00e9butera sa saison dans la Manche au Tour du canton d&rsquo;Amigny en 2 \u00e8me cat\u00e9gorie.<\/p>\n<p>Dimanche 19 mars les juniors prendront part a leur deuxi\u00e8me f\u00e9d\u00e9ral avec la ronde du printemps (22) on aura la pr\u00e9sence Dylan Audic, Ewen Foussadier, Axel Justum, Brendan Le Cam, Antoine Le Chenadec et Cl\u00e9ment Tesseire, sur les courses d&rsquo;attente il y aura Th\u00e9otime Cadoret en minimes ainsi que C\u00e9lestin Cadoret et Ewen Le Chenadec en cadets.<\/p>\n<p>Malo Le Clec&rsquo;h sera pr\u00e9sent a Plouhinec (29) en minimes<\/p>\n<p>A Locmin\u00e9 (56) en 3 \u00e8me cat\u00e9gorie Eric Corlay, Hugo Le Bail, Charles Le Crom, Florian Mor\u00e9ac et Christophe Sinner seront en lice.<\/p>\n<p>A St Anne d&rsquo;Auray en \u00e9cole de cyclisme on retrouvera Mathis Le Terrien en pr\u00e9 licienci\u00e9s, Louison Chaillet Herve et Kaelig Le Douaron en poussins, No\u00e9 Cougoulat et Lucas Loussouarn en pupilles, Dylan Blanc Bihan, Soen Le Bouedec, Gautier Le Calv\u00e9, Louenn Loezic et Maylis Pontus, alors que la course 3 \u00e8me ca\u00e9gorie Mewen Baltenweck, Benjamin Duval, Nicolas Guilbaud, Beno\u00eet Le Bruchec et Alexandre Le Provost seont engag\u00e9s.<\/p>\n<p>Enfin a Gourin en pass&rsquo;cyclisme nous aurons la pr\u00e9sence Thibault Cosperec, Marc Danet et VIctor Le Crom.<\/p>\n<p>Cr\u00e9dit Photo : Marie Morgane Le Dunff.<\/p>\n","protected":false},"excerpt":{"rendered":"","protected":false},"author":17,"featured_media":31993,"comment_status":"open","ping_status":"open","sticky":false,"template":"","format":"standard","meta":{"ngg_post_thumbnail":0,"footnotes":""},"categories":[5],"tags":[],"class_list":["post-31992","post","type-post","status-publish","format-standard","has-post-thumbnail","hentry","category-ac-lanester-56"],"yoast_head":"<!-- This site is optimized with the Yoast SEO plugin v27.5 - https:\/\/yoast.com\/product\/yoast-seo-wordpress\/ -->\n<title>Les rendez-vous du 18 &amp; 19 Mars 2017 - Avenir Cycliste Lanester 56<\/title>\n<meta name=\"robots\" content=\"index, follow, max-snippet:-1, max-image-preview:large, max-video-preview:-1\" \/>\n<link rel=\"canonical\" href=\"https:\/\/www.aclanester56.com\/velo\/rendez-18-19-mars-2017\/\" \/>\n<meta property=\"og:locale\" content=\"fr_FR\" \/>\n<meta property=\"og:type\" content=\"article\" \/>\n<meta property=\"og:title\" content=\"Les rendez-vous du 18 &amp; 19 Mars 2017 - Avenir Cycliste Lanester 56\" \/>\n<meta property=\"og:url\" content=\"https:\/\/www.aclanester56.com\/velo\/rendez-18-19-mars-2017\/\" \/>\n<meta property=\"og:site_name\" content=\"Avenir Cycliste Lanester 56\" \/>\n<meta property=\"article:publisher\" content=\"https:\/\/www.facebook.com\/pages\/AC-Lanester-56\/190286300991242?fref=ts\" \/>\n<meta property=\"article:published_time\" content=\"2017-03-17T20:13:33+00:00\" \/>\n<meta property=\"og:image\" content=\"https:\/\/www.aclanester56.com\/velo\/wp-content\/uploads\/2017\/03\/week-end-5.jpg\" \/>\n\t<meta property=\"og:image:width\" content=\"1296\" \/>\n\t<meta property=\"og:image:height\" content=\"864\" \/>\n\t<meta property=\"og:image:type\" content=\"image\/jpeg\" \/>\n<meta name=\"author\" content=\"Benjamin DUVAL\" \/>\n<meta name=\"twitter:label1\" content=\"\u00c9crit par\" \/>\n\t<meta name=\"twitter:data1\" content=\"Benjamin DUVAL\" \/>\n\t<meta name=\"twitter:label2\" content=\"Dur\u00e9e de lecture estim\u00e9e\" \/>\n\t<meta name=\"twitter:data2\" content=\"1 minute\" \/>\n<script type=\"application\/ld+json\" class=\"yoast-schema-graph\">{\"@context\":\"https:\\\/\\\/schema.org\",\"@graph\":[{\"@type\":\"Article\",\"@id\":\"https:\\\/\\\/www.aclanester56.com\\\/velo\\\/rendez-18-19-mars-2017\\\/#article\",\"isPartOf\":{\"@id\":\"https:\\\/\\\/www.aclanester56.com\\\/velo\\\/rendez-18-19-mars-2017\\\/\"},\"author\":{\"name\":\"Benjamin DUVAL\",\"@id\":\"https:\\\/\\\/www.aclanester56.com\\\/velo\\\/#\\\/schema\\\/person\\\/759714f52da746d389b3a55e75a48790\"},\"headline\":\"Les rendez-vous du 18 &#038; 19 Mars 2017\",\"datePublished\":\"2017-03-17T20:13:33+00:00\",\"mainEntityOfPage\":{\"@id\":\"https:\\\/\\\/www.aclanester56.com\\\/velo\\\/rendez-18-19-mars-2017\\\/\"},\"wordCount\":251,\"commentCount\":0,\"publisher\":{\"@id\":\"https:\\\/\\\/www.aclanester56.com\\\/velo\\\/#organization\"},\"image\":{\"@id\":\"https:\\\/\\\/www.aclanester56.com\\\/velo\\\/rendez-18-19-mars-2017\\\/#primaryimage\"},\"thumbnailUrl\":\"https:\\\/\\\/www.aclanester56.com\\\/velo\\\/wp-content\\\/uploads\\\/2017\\\/03\\\/week-end-5.jpg\",\"articleSection\":[\"AC LANESTER 56\"],\"inLanguage\":\"fr-FR\",\"potentialAction\":[{\"@type\":\"CommentAction\",\"name\":\"Comment\",\"target\":[\"https:\\\/\\\/www.aclanester56.com\\\/velo\\\/rendez-18-19-mars-2017\\\/#respond\"]}]},{\"@type\":\"WebPage\",\"@id\":\"https:\\\/\\\/www.aclanester56.com\\\/velo\\\/rendez-18-19-mars-2017\\\/\",\"url\":\"https:\\\/\\\/www.aclanester56.com\\\/velo\\\/rendez-18-19-mars-2017\\\/\",\"name\":\"Les rendez-vous du 18 & 19 Mars 2017 - Avenir Cycliste Lanester 56\",\"isPartOf\":{\"@id\":\"https:\\\/\\\/www.aclanester56.com\\\/velo\\\/#website\"},\"primaryImageOfPage\":{\"@id\":\"https:\\\/\\\/www.aclanester56.com\\\/velo\\\/rendez-18-19-mars-2017\\\/#primaryimage\"},\"image\":{\"@id\":\"https:\\\/\\\/www.aclanester56.com\\\/velo\\\/rendez-18-19-mars-2017\\\/#primaryimage\"},\"thumbnailUrl\":\"https:\\\/\\\/www.aclanester56.com\\\/velo\\\/wp-content\\\/uploads\\\/2017\\\/03\\\/week-end-5.jpg\",\"datePublished\":\"2017-03-17T20:13:33+00:00\",\"inLanguage\":\"fr-FR\",\"potentialAction\":[{\"@type\":\"ReadAction\",\"target\":[\"https:\\\/\\\/www.aclanester56.com\\\/velo\\\/rendez-18-19-mars-2017\\\/\"]}]},{\"@type\":\"ImageObject\",\"inLanguage\":\"fr-FR\",\"@id\":\"https:\\\/\\\/www.aclanester56.com\\\/velo\\\/rendez-18-19-mars-2017\\\/#primaryimage\",\"url\":\"https:\\\/\\\/www.aclanester56.com\\\/velo\\\/wp-content\\\/uploads\\\/2017\\\/03\\\/week-end-5.jpg\",\"contentUrl\":\"https:\\\/\\\/www.aclanester56.com\\\/velo\\\/wp-content\\\/uploads\\\/2017\\\/03\\\/week-end-5.jpg\",\"width\":1296,\"height\":864},{\"@type\":\"WebSite\",\"@id\":\"https:\\\/\\\/www.aclanester56.com\\\/velo\\\/#website\",\"url\":\"https:\\\/\\\/www.aclanester56.com\\\/velo\\\/\",\"name\":\"Avenir Cycliste Lanester 56\",\"description\":\"Club cycliste de l&#039;AC LANESTER 56\",\"publisher\":{\"@id\":\"https:\\\/\\\/www.aclanester56.com\\\/velo\\\/#organization\"},\"potentialAction\":[{\"@type\":\"SearchAction\",\"target\":{\"@type\":\"EntryPoint\",\"urlTemplate\":\"https:\\\/\\\/www.aclanester56.com\\\/velo\\\/?s={search_term_string}\"},\"query-input\":{\"@type\":\"PropertyValueSpecification\",\"valueRequired\":true,\"valueName\":\"search_term_string\"}}],\"inLanguage\":\"fr-FR\"},{\"@type\":\"Organization\",\"@id\":\"https:\\\/\\\/www.aclanester56.com\\\/velo\\\/#organization\",\"name\":\"Avenir Cycliste Lanester 56\",\"url\":\"https:\\\/\\\/www.aclanester56.com\\\/velo\\\/\",\"logo\":{\"@type\":\"ImageObject\",\"inLanguage\":\"fr-FR\",\"@id\":\"https:\\\/\\\/www.aclanester56.com\\\/velo\\\/#\\\/schema\\\/logo\\\/image\\\/\",\"url\":\"https:\\\/\\\/www.aclanester56.com\\\/velo\\\/wp-content\\\/uploads\\\/2013\\\/04\\\/logo-ACL.jpg\",\"contentUrl\":\"https:\\\/\\\/www.aclanester56.com\\\/velo\\\/wp-content\\\/uploads\\\/2013\\\/04\\\/logo-ACL.jpg\",\"width\":400,\"height\":334,\"caption\":\"Avenir Cycliste Lanester 56\"},\"image\":{\"@id\":\"https:\\\/\\\/www.aclanester56.com\\\/velo\\\/#\\\/schema\\\/logo\\\/image\\\/\"},\"sameAs\":[\"https:\\\/\\\/www.facebook.com\\\/pages\\\/AC-Lanester-56\\\/190286300991242?fref=ts\"]},{\"@type\":\"Person\",\"@id\":\"https:\\\/\\\/www.aclanester56.com\\\/velo\\\/#\\\/schema\\\/person\\\/759714f52da746d389b3a55e75a48790\",\"name\":\"Benjamin DUVAL\",\"url\":\"https:\\\/\\\/www.aclanester56.com\\\/velo\\\/author\\\/benjamin\\\/\"}]}<\/script>\n<!-- \/ Yoast SEO plugin. -->","yoast_head_json":{"title":"Les rendez-vous du 18 & 19 Mars 2017 - Avenir Cycliste Lanester 56","robots":{"index":"index","follow":"follow","max-snippet":"max-snippet:-1","max-image-preview":"max-image-preview:large","max-video-preview":"max-video-preview:-1"},"canonical":"https:\/\/www.aclanester56.com\/velo\/rendez-18-19-mars-2017\/","og_locale":"fr_FR","og_type":"article","og_title":"Les rendez-vous du 18 & 19 Mars 2017 - Avenir Cycliste Lanester 56","og_url":"https:\/\/www.aclanester56.com\/velo\/rendez-18-19-mars-2017\/","og_site_name":"Avenir Cycliste Lanester 56","article_publisher":"https:\/\/www.facebook.com\/pages\/AC-Lanester-56\/190286300991242?fref=ts","article_published_time":"2017-03-17T20:13:33+00:00","og_image":[{"width":1296,"height":864,"url":"https:\/\/www.aclanester56.com\/velo\/wp-content\/uploads\/2017\/03\/week-end-5.jpg","type":"image\/jpeg"}],"author":"Benjamin DUVAL","twitter_misc":{"\u00c9crit par":"Benjamin DUVAL","Dur\u00e9e de lecture estim\u00e9e":"1 minute"},"schema":{"@context":"https:\/\/schema.org","@graph":[{"@type":"Article","@id":"https:\/\/www.aclanester56.com\/velo\/rendez-18-19-mars-2017\/#article","isPartOf":{"@id":"https:\/\/www.aclanester56.com\/velo\/rendez-18-19-mars-2017\/"},"author":{"name":"Benjamin DUVAL","@id":"https:\/\/www.aclanester56.com\/velo\/#\/schema\/person\/759714f52da746d389b3a55e75a48790"},"headline":"Les rendez-vous du 18 &#038; 19 Mars 2017","datePublished":"2017-03-17T20:13:33+00:00","mainEntityOfPage":{"@id":"https:\/\/www.aclanester56.com\/velo\/rendez-18-19-mars-2017\/"},"wordCount":251,"commentCount":0,"publisher":{"@id":"https:\/\/www.aclanester56.com\/velo\/#organization"},"image":{"@id":"https:\/\/www.aclanester56.com\/velo\/rendez-18-19-mars-2017\/#primaryimage"},"thumbnailUrl":"https:\/\/www.aclanester56.com\/velo\/wp-content\/uploads\/2017\/03\/week-end-5.jpg","articleSection":["AC LANESTER 56"],"inLanguage":"fr-FR","potentialAction":[{"@type":"CommentAction","name":"Comment","target":["https:\/\/www.aclanester56.com\/velo\/rendez-18-19-mars-2017\/#respond"]}]},{"@type":"WebPage","@id":"https:\/\/www.aclanester56.com\/velo\/rendez-18-19-mars-2017\/","url":"https:\/\/www.aclanester56.com\/velo\/rendez-18-19-mars-2017\/","name":"Les rendez-vous du 18 & 19 Mars 2017 - Avenir Cycliste Lanester 56","isPartOf":{"@id":"https:\/\/www.aclanester56.com\/velo\/#website"},"primaryImageOfPage":{"@id":"https:\/\/www.aclanester56.com\/velo\/rendez-18-19-mars-2017\/#primaryimage"},"image":{"@id":"https:\/\/www.aclanester56.com\/velo\/rendez-18-19-mars-2017\/#primaryimage"},"thumbnailUrl":"https:\/\/www.aclanester56.com\/velo\/wp-content\/uploads\/2017\/03\/week-end-5.jpg","datePublished":"2017-03-17T20:13:33+00:00","inLanguage":"fr-FR","potentialAction":[{"@type":"ReadAction","target":["https:\/\/www.aclanester56.com\/velo\/rendez-18-19-mars-2017\/"]}]},{"@type":"ImageObject","inLanguage":"fr-FR","@id":"https:\/\/www.aclanester56.com\/velo\/rendez-18-19-mars-2017\/#primaryimage","url":"https:\/\/www.aclanester56.com\/velo\/wp-content\/uploads\/2017\/03\/week-end-5.jpg","contentUrl":"https:\/\/www.aclanester56.com\/velo\/wp-content\/uploads\/2017\/03\/week-end-5.jpg","width":1296,"height":864},{"@type":"WebSite","@id":"https:\/\/www.aclanester56.com\/velo\/#website","url":"https:\/\/www.aclanester56.com\/velo\/","name":"Avenir Cycliste Lanester 56","description":"Club cycliste de l&#039;AC LANESTER 56","publisher":{"@id":"https:\/\/www.aclanester56.com\/velo\/#organization"},"potentialAction":[{"@type":"SearchAction","target":{"@type":"EntryPoint","urlTemplate":"https:\/\/www.aclanester56.com\/velo\/?s={search_term_string}"},"query-input":{"@type":"PropertyValueSpecification","valueRequired":true,"valueName":"search_term_string"}}],"inLanguage":"fr-FR"},{"@type":"Organization","@id":"https:\/\/www.aclanester56.com\/velo\/#organization","name":"Avenir Cycliste Lanester 56","url":"https:\/\/www.aclanester56.com\/velo\/","logo":{"@type":"ImageObject","inLanguage":"fr-FR","@id":"https:\/\/www.aclanester56.com\/velo\/#\/schema\/logo\/image\/","url":"https:\/\/www.aclanester56.com\/velo\/wp-content\/uploads\/2013\/04\/logo-ACL.jpg","contentUrl":"https:\/\/www.aclanester56.com\/velo\/wp-content\/uploads\/2013\/04\/logo-ACL.jpg","width":400,"height":334,"caption":"Avenir Cycliste Lanester 56"},"image":{"@id":"https:\/\/www.aclanester56.com\/velo\/#\/schema\/logo\/image\/"},"sameAs":["https:\/\/www.facebook.com\/pages\/AC-Lanester-56\/190286300991242?fref=ts"]},{"@type":"Person","@id":"https:\/\/www.aclanester56.com\/velo\/#\/schema\/person\/759714f52da746d389b3a55e75a48790","name":"Benjamin DUVAL","url":"https:\/\/www.aclanester56.com\/velo\/author\/benjamin\/"}]}},"_links":{"self":[{"href":"https:\/\/www.aclanester56.com\/velo\/wp-json\/wp\/v2\/posts\/31992","targetHints":{"allow":["GET"]}}],"collection":[{"href":"https:\/\/www.aclanester56.com\/velo\/wp-json\/wp\/v2\/posts"}],"about":[{"href":"https:\/\/www.aclanester56.com\/velo\/wp-json\/wp\/v2\/types\/post"}],"author":[{"embeddable":true,"href":"https:\/\/www.aclanester56.com\/velo\/wp-json\/wp\/v2\/users\/17"}],"replies":[{"embeddable":true,"href":"https:\/\/www.aclanester56.com\/velo\/wp-json\/wp\/v2\/comments?post=31992"}],"version-history":[{"count":1,"href":"https:\/\/www.aclanester56.com\/velo\/wp-json\/wp\/v2\/posts\/31992\/revisions"}],"predecessor-version":[{"id":31994,"href":"https:\/\/www.aclanester56.com\/velo\/wp-json\/wp\/v2\/posts\/31992\/revisions\/31994"}],"wp:featuredmedia":[{"embeddable":true,"href":"https:\/\/www.aclanester56.com\/velo\/wp-json\/wp\/v2\/media\/31993"}],"wp:attachment":[{"href":"https:\/\/www.aclanester56.com\/velo\/wp-json\/wp\/v2\/media?parent=31992"}],"wp:term":[{"taxonomy":"category","embeddable":true,"href":"https:\/\/www.aclanester56.com\/velo\/wp-json\/wp\/v2\/categories?post=31992"},{"taxonomy":"post_tag","embeddable":true,"href":"https:\/\/www.aclanester56.com\/velo\/wp-json\/wp\/v2\/tags?post=31992"}],"curies":[{"name":"wp","href":"https:\/\/api.w.org\/{rel}","templated":true}]}}