{"id":3210,"date":"2010-07-05T09:48:15","date_gmt":"2010-07-05T08:48:15","guid":{"rendered":"http:\/\/www.aclanester56.com\/velo\/?p=3210"},"modified":"2010-07-05T09:50:33","modified_gmt":"2010-07-05T08:50:33","slug":"warren-barguil-sur-le-challenge-national-espoirs","status":"publish","type":"post","link":"https:\/\/www.aclanester56.com\/velo\/warren-barguil-sur-le-challenge-national-espoirs\/","title":{"rendered":"Warren Barguil sur le challenge national espoirs"},"content":{"rendered":"<p>Le Lanest\u00e9rien Warren Barguil \u00e9tait s\u00e9lectionn\u00e9 en \u00e9quipe de Bretagne ce week-end pour participer \u00e0 la finale du challenge national r\u00e9serv\u00e9e aux coureurs espoirs. Rappelons que Warren, sortant des juniors, \u00e9tait ainsi l&rsquo;un des plus jeunes coureurs au d\u00e9part de cette \u00e9preuve, qui regroupe les meilleurs fran\u00e7ais et futurs champions de demain. Et Warren a \u00ab\u00a0mouill\u00e9 le maillot\u00a0\u00bb, comme on dit dans le jargon &#8230;<\/p>\n<p><!--more--><\/p>\n<p>Cette finale du challenge national espoirs avait pour cadre le Tour des Cantons de Mareuil &amp; Verteillac, sur les routes de Dordogne.<\/p>\n<p><span style=\"text-decoration: underline\"><strong>1\u00e8re \u00e9tape :<\/strong><\/span><strong> <\/strong>St F\u00e9lix-Mareuil &#8211; Mareuil-sur-Belle (139,5 kms)<\/p>\n<p>Apr\u00e8s un d\u00e9part tr\u00e8s rapide sous une grosse chaleur, les diff\u00e9rentes tentatives d&rsquo;\u00e9chapp\u00e9es ont toutes \u00e9t\u00e9 vou\u00e9es \u00e0 l&rsquo;\u00e9chec. Un groupe d&rsquo;une vingtaine d&rsquo;unit\u00e9s parvient enfin \u00e0 se d\u00e9gager du peloton, parmi lesquels 3 bretons dont Warren Barguil. Le proven\u00e7al T. Vaubourzeix s&rsquo;en allait seul et r\u00e9sistait jusqu&rsquo;au bout. Derri\u00e8re, Warren Barguil terminait \u00e0 une excellente 12\u00e8me place, apr\u00e8s avoir prot\u00e9g\u00e9 la fuite de ses co\u00e9quipiers de l&rsquo;\u00e9quipe de Bretagne.<\/p>\n<p><span style=\"text-decoration: underline\">Classement <\/span>:<\/p>\n<p>1 VAUBOURZEIX Thomas (Provence) les 139.6 km en 3h16&rsquo;16\u00a0\u00bb (moy. 42.677 km\/h)<\/p>\n<p>2\u00a0MALLEGOL Florent (Bretagne) \u00e0 9 \u00ab\u00a0<\/p>\n<p>3\u00a0TULIK Angelo (Pays Loire) \u00e0 9 \u00ab\u00a0<\/p>\n<p><span style=\"background-color: #ff6600\">12 BARGUIL Warren (Bretagne) \u00e0 23&Prime;<\/span><\/p>\n<p><br class=\"spacer_\" \/><\/p>\n<p><strong><span style=\"text-decoration: underline\">2\u00e8me \u00e9tape : <\/span><\/strong>CLM \u00e0 Ste-Croix-de-Mareuil (16.5 kms)<\/p>\n<p>Le contre-la-montre, sur un circuit relativement vallonn\u00e9, est remport\u00e9 par le breton F. Mall\u00e9gol, vainqueur il y a quelques jours seulement du Grand Prix de la Ville de Lanester. Warren termine \u00e0 la 34\u00e8me place. Mall\u00e9gol prenant le maillot de leader, l&rsquo;\u00e9quipe de Bretagne aura fort \u00e0 faire pour r\u00e9ussir \u00e0 le conserver \u00e0 l&rsquo;issue de la 3\u00e8me \u00e9tape qui se d\u00e9roulera l&rsquo;apr\u00e8s-midi.<\/p>\n<p><span style=\"text-decoration: underline\">Classement <\/span>:<\/p>\n<p>1 MALLEGOL Florent (Bretagne) les 16.5 km en 22&rsquo;31\u00a0\u00bb&rsquo; (moy : 43,967 kmh)<\/p>\n<p>2 PAILLOT Yoann (Poit-Char) \u00e0 0&rsquo;10\u00a0\u00bb<\/p>\n<p>3 TULIK Angelo (Pays Loire) \u00e0 0&rsquo;14\u00a0\u00bb<\/p>\n<p><span style=\"background-color: #ff6600\">34 BARGUIL Warren (Bretagne) \u00e0 1&rsquo;38<\/span><span style=\"background-color: #ff6600\">\u00ab\u00a0<\/span><\/p>\n<p><br class=\"spacer_\" \/><\/p>\n<p><span style=\"text-decoration: underline\"><strong>3\u00e8me \u00e9tape :<\/strong><\/span> La-Tour-Blanche &#8211; Verteillac (106 kms)<\/p>\n<p>D\u00e8s le premier km de la course, une \u00e9chapp\u00e9e de 7 \u00a0coureurs avec notamment le leader Mall\u00e9gol et le lanest\u00e9rien Warren Barguil prend ses distances avec le peloton. Cette \u00e9chapp\u00e9e sera la bonne avec le renfort de quelques coureurs revenus en t\u00eate de course. Warren en sera l&rsquo;un des grands animateurs, prot\u00e9geant le maillot de leader de son co\u00e9quipier de circonstance F. Mall\u00e9gol. Avec r\u00e9ussite, puisque m\u00eame si la victoire de l&rsquo;\u00e9tape revient au francilien R. Racault, le classement g\u00e9n\u00e9ral est remport\u00e9 par le breton F. Mall\u00e9gol. En plus d&rsquo;avoir aid\u00e9 son co\u00e9quipier Mall\u00e9gol \u00e0 conserver son maillot de leader, Warren r\u00e9alise une excellente prestation en terminant 18\u00e8me de l&rsquo;\u00e9tape et surtout \u00e0 la 7\u00e8me place du classement g\u00e9n\u00e9ral final ! A noter la remarquable performance de l&rsquo;\u00e9quipe de Bretagne qui place 3 coureurs dans les 7 premiers du classement g\u00e9n\u00e9ral.<\/p>\n<p><span style=\"text-decoration: underline\">Classement de la 3\u00e8me \u00e9tape:<\/span><\/p>\n<p>1 RACAULT Ronan (Ile de France) \u00a0les 106 km en 2h40&rsquo;42\u00a0\u00bb (moy : 39,577 kmh)<\/p>\n<p>2 ELISSONDE Kenny (Franche-Comt\u00e9) \u00e0 0&Prime;<\/p>\n<p>3 TORTELIER \u00c9tienne (Bretagne) \u00e0 0&Prime;<\/p>\n<p><span style=\"background-color: #ff6600\">18 BARGUIL Warren (Bretagne) \u00e0 32&Prime;<\/span><\/p>\n<p><br class=\"spacer_\" \/><\/p>\n<p><span style=\"text-decoration: underline\"><strong>Classement g\u00e9n\u00e9ral final :<\/strong><\/span><\/p>\n<p>1 MALLEGOL Florent (Bretagne) en 6h20&rsquo;10\u00a0\u00bb (Moy : 41,441 kmh)<\/p>\n<p>2 TULIK Angelo (Pays Loire) \u00e0 0&rsquo;14\u00a0\u00bb<\/p>\n<p>3 RACAULT Ronan (Ile de France) \u00e0 0&rsquo;25\u00a0\u00bb<\/p>\n<p><span style=\"background-color: #ff6600\">7 \u00a0BARGUIL Warren (Bretagne) \u00e0 1&rsquo;52\u00a0\u00bb<\/span><\/p>\n<p><br class=\"spacer_\" \/><\/p>\n<p>Au classement g\u00e9n\u00e9ral final du challenge national, Warren Barguil se place \u00e0 la 31\u00e8me place, en rappelant qu&rsquo;il n&rsquo;a particip\u00e9 qu&rsquo;\u00e0 la finale de ce challenge.<\/p>\n<p><span style=\"text-decoration: underline\">Classement final du challenge national espoirs :<\/span><\/p>\n<p>1 RACAULT Ronan (Ile de France) 80 pts<\/p>\n<p>2 TULIK Angelo (Pays Loire) \u00a077 pts<\/p>\n<p>3 BOUHANNI Nacer (Champ-Ard) \u00a066 pts<\/p>\n<p><span style=\"background-color: #ff6600\">31 BARGUIL Warren (Bretagne) 11 pts<\/span><\/p>\n<p><br class=\"spacer_\" \/><\/p>\n","protected":false},"excerpt":{"rendered":"<p>Le Lanest\u00e9rien Warren Barguil \u00e9tait s\u00e9lectionn\u00e9 en \u00e9quipe de Bretagne ce week-end pour participer \u00e0 la finale du challenge national [&hellip;]<\/p>\n","protected":false},"author":14,"featured_media":0,"comment_status":"open","ping_status":"open","sticky":false,"template":"","format":"standard","meta":{"ngg_post_thumbnail":0,"footnotes":""},"categories":[5],"tags":[],"class_list":["post-3210","post","type-post","status-publish","format-standard","hentry","category-ac-lanester-56"],"yoast_head":"<!-- This site is optimized with the Yoast SEO plugin v27.5 - https:\/\/yoast.com\/product\/yoast-seo-wordpress\/ -->\n<title>Warren Barguil sur le challenge national espoirs - Avenir Cycliste Lanester 56<\/title>\n<meta name=\"robots\" content=\"index, follow, max-snippet:-1, max-image-preview:large, max-video-preview:-1\" \/>\n<link rel=\"canonical\" href=\"https:\/\/www.aclanester56.com\/velo\/warren-barguil-sur-le-challenge-national-espoirs\/\" \/>\n<meta property=\"og:locale\" content=\"fr_FR\" \/>\n<meta property=\"og:type\" content=\"article\" \/>\n<meta property=\"og:title\" content=\"Warren Barguil sur le challenge national espoirs - Avenir Cycliste Lanester 56\" \/>\n<meta property=\"og:description\" content=\"Le Lanest\u00e9rien Warren Barguil \u00e9tait s\u00e9lectionn\u00e9 en \u00e9quipe de Bretagne ce week-end pour participer \u00e0 la finale du challenge national [&hellip;]\" \/>\n<meta property=\"og:url\" content=\"https:\/\/www.aclanester56.com\/velo\/warren-barguil-sur-le-challenge-national-espoirs\/\" \/>\n<meta property=\"og:site_name\" content=\"Avenir Cycliste Lanester 56\" \/>\n<meta property=\"article:publisher\" content=\"https:\/\/www.facebook.com\/pages\/AC-Lanester-56\/190286300991242?fref=ts\" \/>\n<meta property=\"article:published_time\" content=\"2010-07-05T08:48:15+00:00\" \/>\n<meta property=\"article:modified_time\" content=\"2010-07-05T08:50:33+00:00\" \/>\n<meta name=\"author\" content=\"Jean-Christophe\" \/>\n<meta name=\"twitter:label1\" content=\"\u00c9crit par\" \/>\n\t<meta name=\"twitter:data1\" content=\"Jean-Christophe\" \/>\n\t<meta name=\"twitter:label2\" content=\"Dur\u00e9e de lecture estim\u00e9e\" \/>\n\t<meta name=\"twitter:data2\" content=\"3 minutes\" \/>\n<script type=\"application\/ld+json\" class=\"yoast-schema-graph\">{\"@context\":\"https:\\\/\\\/schema.org\",\"@graph\":[{\"@type\":\"Article\",\"@id\":\"https:\\\/\\\/www.aclanester56.com\\\/velo\\\/warren-barguil-sur-le-challenge-national-espoirs\\\/#article\",\"isPartOf\":{\"@id\":\"https:\\\/\\\/www.aclanester56.com\\\/velo\\\/warren-barguil-sur-le-challenge-national-espoirs\\\/\"},\"author\":{\"name\":\"Jean-Christophe\",\"@id\":\"https:\\\/\\\/www.aclanester56.com\\\/velo\\\/#\\\/schema\\\/person\\\/ca2a44a5fd969e9dd846c72d3b33bc01\"},\"headline\":\"Warren Barguil sur le challenge national espoirs\",\"datePublished\":\"2010-07-05T08:48:15+00:00\",\"dateModified\":\"2010-07-05T08:50:33+00:00\",\"mainEntityOfPage\":{\"@id\":\"https:\\\/\\\/www.aclanester56.com\\\/velo\\\/warren-barguil-sur-le-challenge-national-espoirs\\\/\"},\"wordCount\":579,\"commentCount\":0,\"publisher\":{\"@id\":\"https:\\\/\\\/www.aclanester56.com\\\/velo\\\/#organization\"},\"articleSection\":[\"AC LANESTER 56\"],\"inLanguage\":\"fr-FR\",\"potentialAction\":[{\"@type\":\"CommentAction\",\"name\":\"Comment\",\"target\":[\"https:\\\/\\\/www.aclanester56.com\\\/velo\\\/warren-barguil-sur-le-challenge-national-espoirs\\\/#respond\"]}]},{\"@type\":\"WebPage\",\"@id\":\"https:\\\/\\\/www.aclanester56.com\\\/velo\\\/warren-barguil-sur-le-challenge-national-espoirs\\\/\",\"url\":\"https:\\\/\\\/www.aclanester56.com\\\/velo\\\/warren-barguil-sur-le-challenge-national-espoirs\\\/\",\"name\":\"Warren Barguil sur le challenge national espoirs - Avenir Cycliste Lanester 56\",\"isPartOf\":{\"@id\":\"https:\\\/\\\/www.aclanester56.com\\\/velo\\\/#website\"},\"datePublished\":\"2010-07-05T08:48:15+00:00\",\"dateModified\":\"2010-07-05T08:50:33+00:00\",\"inLanguage\":\"fr-FR\",\"potentialAction\":[{\"@type\":\"ReadAction\",\"target\":[\"https:\\\/\\\/www.aclanester56.com\\\/velo\\\/warren-barguil-sur-le-challenge-national-espoirs\\\/\"]}]},{\"@type\":\"WebSite\",\"@id\":\"https:\\\/\\\/www.aclanester56.com\\\/velo\\\/#website\",\"url\":\"https:\\\/\\\/www.aclanester56.com\\\/velo\\\/\",\"name\":\"Avenir Cycliste Lanester 56\",\"description\":\"Club cycliste de l&#039;AC LANESTER 56\",\"publisher\":{\"@id\":\"https:\\\/\\\/www.aclanester56.com\\\/velo\\\/#organization\"},\"potentialAction\":[{\"@type\":\"SearchAction\",\"target\":{\"@type\":\"EntryPoint\",\"urlTemplate\":\"https:\\\/\\\/www.aclanester56.com\\\/velo\\\/?s={search_term_string}\"},\"query-input\":{\"@type\":\"PropertyValueSpecification\",\"valueRequired\":true,\"valueName\":\"search_term_string\"}}],\"inLanguage\":\"fr-FR\"},{\"@type\":\"Organization\",\"@id\":\"https:\\\/\\\/www.aclanester56.com\\\/velo\\\/#organization\",\"name\":\"Avenir Cycliste Lanester 56\",\"url\":\"https:\\\/\\\/www.aclanester56.com\\\/velo\\\/\",\"logo\":{\"@type\":\"ImageObject\",\"inLanguage\":\"fr-FR\",\"@id\":\"https:\\\/\\\/www.aclanester56.com\\\/velo\\\/#\\\/schema\\\/logo\\\/image\\\/\",\"url\":\"https:\\\/\\\/www.aclanester56.com\\\/velo\\\/wp-content\\\/uploads\\\/2013\\\/04\\\/logo-ACL.jpg\",\"contentUrl\":\"https:\\\/\\\/www.aclanester56.com\\\/velo\\\/wp-content\\\/uploads\\\/2013\\\/04\\\/logo-ACL.jpg\",\"width\":400,\"height\":334,\"caption\":\"Avenir Cycliste Lanester 56\"},\"image\":{\"@id\":\"https:\\\/\\\/www.aclanester56.com\\\/velo\\\/#\\\/schema\\\/logo\\\/image\\\/\"},\"sameAs\":[\"https:\\\/\\\/www.facebook.com\\\/pages\\\/AC-Lanester-56\\\/190286300991242?fref=ts\"]},{\"@type\":\"Person\",\"@id\":\"https:\\\/\\\/www.aclanester56.com\\\/velo\\\/#\\\/schema\\\/person\\\/ca2a44a5fd969e9dd846c72d3b33bc01\",\"name\":\"Jean-Christophe\",\"url\":\"https:\\\/\\\/www.aclanester56.com\\\/velo\\\/author\\\/jeanchristophe\\\/\"}]}<\/script>\n<!-- \/ Yoast SEO plugin. -->","yoast_head_json":{"title":"Warren Barguil sur le challenge national espoirs - Avenir Cycliste Lanester 56","robots":{"index":"index","follow":"follow","max-snippet":"max-snippet:-1","max-image-preview":"max-image-preview:large","max-video-preview":"max-video-preview:-1"},"canonical":"https:\/\/www.aclanester56.com\/velo\/warren-barguil-sur-le-challenge-national-espoirs\/","og_locale":"fr_FR","og_type":"article","og_title":"Warren Barguil sur le challenge national espoirs - Avenir Cycliste Lanester 56","og_description":"Le Lanest\u00e9rien Warren Barguil \u00e9tait s\u00e9lectionn\u00e9 en \u00e9quipe de Bretagne ce week-end pour participer \u00e0 la finale du challenge national [&hellip;]","og_url":"https:\/\/www.aclanester56.com\/velo\/warren-barguil-sur-le-challenge-national-espoirs\/","og_site_name":"Avenir Cycliste Lanester 56","article_publisher":"https:\/\/www.facebook.com\/pages\/AC-Lanester-56\/190286300991242?fref=ts","article_published_time":"2010-07-05T08:48:15+00:00","article_modified_time":"2010-07-05T08:50:33+00:00","author":"Jean-Christophe","twitter_misc":{"\u00c9crit par":"Jean-Christophe","Dur\u00e9e de lecture estim\u00e9e":"3 minutes"},"schema":{"@context":"https:\/\/schema.org","@graph":[{"@type":"Article","@id":"https:\/\/www.aclanester56.com\/velo\/warren-barguil-sur-le-challenge-national-espoirs\/#article","isPartOf":{"@id":"https:\/\/www.aclanester56.com\/velo\/warren-barguil-sur-le-challenge-national-espoirs\/"},"author":{"name":"Jean-Christophe","@id":"https:\/\/www.aclanester56.com\/velo\/#\/schema\/person\/ca2a44a5fd969e9dd846c72d3b33bc01"},"headline":"Warren Barguil sur le challenge national espoirs","datePublished":"2010-07-05T08:48:15+00:00","dateModified":"2010-07-05T08:50:33+00:00","mainEntityOfPage":{"@id":"https:\/\/www.aclanester56.com\/velo\/warren-barguil-sur-le-challenge-national-espoirs\/"},"wordCount":579,"commentCount":0,"publisher":{"@id":"https:\/\/www.aclanester56.com\/velo\/#organization"},"articleSection":["AC LANESTER 56"],"inLanguage":"fr-FR","potentialAction":[{"@type":"CommentAction","name":"Comment","target":["https:\/\/www.aclanester56.com\/velo\/warren-barguil-sur-le-challenge-national-espoirs\/#respond"]}]},{"@type":"WebPage","@id":"https:\/\/www.aclanester56.com\/velo\/warren-barguil-sur-le-challenge-national-espoirs\/","url":"https:\/\/www.aclanester56.com\/velo\/warren-barguil-sur-le-challenge-national-espoirs\/","name":"Warren Barguil sur le challenge national espoirs - Avenir Cycliste Lanester 56","isPartOf":{"@id":"https:\/\/www.aclanester56.com\/velo\/#website"},"datePublished":"2010-07-05T08:48:15+00:00","dateModified":"2010-07-05T08:50:33+00:00","inLanguage":"fr-FR","potentialAction":[{"@type":"ReadAction","target":["https:\/\/www.aclanester56.com\/velo\/warren-barguil-sur-le-challenge-national-espoirs\/"]}]},{"@type":"WebSite","@id":"https:\/\/www.aclanester56.com\/velo\/#website","url":"https:\/\/www.aclanester56.com\/velo\/","name":"Avenir Cycliste Lanester 56","description":"Club cycliste de l&#039;AC LANESTER 56","publisher":{"@id":"https:\/\/www.aclanester56.com\/velo\/#organization"},"potentialAction":[{"@type":"SearchAction","target":{"@type":"EntryPoint","urlTemplate":"https:\/\/www.aclanester56.com\/velo\/?s={search_term_string}"},"query-input":{"@type":"PropertyValueSpecification","valueRequired":true,"valueName":"search_term_string"}}],"inLanguage":"fr-FR"},{"@type":"Organization","@id":"https:\/\/www.aclanester56.com\/velo\/#organization","name":"Avenir Cycliste Lanester 56","url":"https:\/\/www.aclanester56.com\/velo\/","logo":{"@type":"ImageObject","inLanguage":"fr-FR","@id":"https:\/\/www.aclanester56.com\/velo\/#\/schema\/logo\/image\/","url":"https:\/\/www.aclanester56.com\/velo\/wp-content\/uploads\/2013\/04\/logo-ACL.jpg","contentUrl":"https:\/\/www.aclanester56.com\/velo\/wp-content\/uploads\/2013\/04\/logo-ACL.jpg","width":400,"height":334,"caption":"Avenir Cycliste Lanester 56"},"image":{"@id":"https:\/\/www.aclanester56.com\/velo\/#\/schema\/logo\/image\/"},"sameAs":["https:\/\/www.facebook.com\/pages\/AC-Lanester-56\/190286300991242?fref=ts"]},{"@type":"Person","@id":"https:\/\/www.aclanester56.com\/velo\/#\/schema\/person\/ca2a44a5fd969e9dd846c72d3b33bc01","name":"Jean-Christophe","url":"https:\/\/www.aclanester56.com\/velo\/author\/jeanchristophe\/"}]}},"_links":{"self":[{"href":"https:\/\/www.aclanester56.com\/velo\/wp-json\/wp\/v2\/posts\/3210","targetHints":{"allow":["GET"]}}],"collection":[{"href":"https:\/\/www.aclanester56.com\/velo\/wp-json\/wp\/v2\/posts"}],"about":[{"href":"https:\/\/www.aclanester56.com\/velo\/wp-json\/wp\/v2\/types\/post"}],"author":[{"embeddable":true,"href":"https:\/\/www.aclanester56.com\/velo\/wp-json\/wp\/v2\/users\/14"}],"replies":[{"embeddable":true,"href":"https:\/\/www.aclanester56.com\/velo\/wp-json\/wp\/v2\/comments?post=3210"}],"version-history":[{"count":0,"href":"https:\/\/www.aclanester56.com\/velo\/wp-json\/wp\/v2\/posts\/3210\/revisions"}],"wp:attachment":[{"href":"https:\/\/www.aclanester56.com\/velo\/wp-json\/wp\/v2\/media?parent=3210"}],"wp:term":[{"taxonomy":"category","embeddable":true,"href":"https:\/\/www.aclanester56.com\/velo\/wp-json\/wp\/v2\/categories?post=3210"},{"taxonomy":"post_tag","embeddable":true,"href":"https:\/\/www.aclanester56.com\/velo\/wp-json\/wp\/v2\/tags?post=3210"}],"curies":[{"name":"wp","href":"https:\/\/api.w.org\/{rel}","templated":true}]}}