{"id":3227,"date":"2010-07-06T18:03:12","date_gmt":"2010-07-06T17:03:12","guid":{"rendered":"http:\/\/www.aclanester56.com\/velo\/?p=3227"},"modified":"2010-07-07T15:20:24","modified_gmt":"2010-07-07T14:20:24","slug":"reactions-de-warren-barguil-au-retour-du-challenge-national","status":"publish","type":"post","link":"https:\/\/www.aclanester56.com\/velo\/reactions-de-warren-barguil-au-retour-du-challenge-national\/","title":{"rendered":"R\u00e9actions de Warren Barguil au retour du challenge national &#8230;"},"content":{"rendered":"<div>Warren Barguil revient pour nous sur la finale du challenge national qu&rsquo;il a disput\u00e9 sous les couleurs de l&rsquo;\u00e9quipe de Bretagne le week-end dernier lors du Tour des Cantons de Mareuil &amp; Verteillac, une sorte de championnat de France par points regroupant les meilleurs espoirs fran\u00e7ais. Il y a fait plus que de la figuration, puisqu&rsquo;il a contribu\u00e9 au succ\u00e8s de son co\u00e9quipier de circonstance F. Mall\u00e9gol et a ramen\u00e9 \u00e9galement le classement par \u00e9quipes gr\u00e2ce \u00e0 la performance collective des Bretons.<\/div>\n<p><!--more--><\/p>\n<p><strong> <\/strong><\/p>\n<p><strong> <\/strong><\/p>\n<p><strong> <\/strong><\/p>\n<p><strong> <\/strong><\/p>\n<p><strong> <\/strong><\/p>\n<p><strong><\/p>\n<div>&#8211; Raconte-nous comment se sont d\u00e9roul\u00e9es chacune des \u00e9tapes du Tour des Cantons de Mareuil &amp; Verteillac pour toi &#8230;<\/div>\n<div><span style=\"font-weight: normal\">Warren : <\/span><span style=\"font-weight: normal\">Tout d&rsquo;abord, quand on est arriv\u00e9 \u00e0 Mareuil avec l&rsquo;\u00e9quipe de Bretagne, on a commenc\u00e9 par une sortie de d\u00e9contraction sur les petites routes du coin et sous une grosse chaleur, mais j&rsquo;\u00e9tais tellement \u00ab\u00a0coll\u00e9\u00a0\u00bb que j&rsquo;ai \u00e9t\u00e9 oblig\u00e9 de faire du \u00ab\u00a0derri\u00e8re voiture\u00a0\u00bb \u00e0 un moment pour rattraper mes camarades.<\/span><\/div>\n<div><span style=\"font-weight: normal\"><br \/>\n <\/span><\/div>\n<div><span style=\"font-weight: normal\"> <\/span><span style=\"font-weight: normal\">Sur la premi\u00e8re \u00e9tape, j&rsquo;ai eu beaucoup de mal \u00e0 me mettre dans la course. Un gros groupe est parti mais je l&rsquo;ai loup\u00e9. Heureusement, on est rentr\u00e9. Un autre groupe part ensuite, sans aucun bretons. On s&rsquo;est mis \u00e0 rouler tr\u00e8s fort derri\u00e8re et on est vite revenus. Puis, un groupe s&rsquo;\u00e9chappe avec Etienne (Tortelier). Sur le circuit final, dans une descente, je dis \u00e0 Mathieu (Cloarec) de prendre ma roue pour essayer de le faire rentrer devant. Je fais donc la descente \u00ab\u00a0\u00e0 bloc\u00a0\u00bb et on sort \u00e0 cinq. On rentre facilement sur la t\u00eate et le peloton est alors rel\u00e9gu\u00e9 \u00e0 1&rsquo;10\u00a0\u00bb. Mais devant, \u00e7a se regarde et on se fait finalement reprendre. Ca ressort \u00e0 nouveau avec Etienne (Tortelier) puis, au passage sur la ligne (NDLR : le circuit final faisait 20 kms \u00e0 parcourir \u00e0 3 reprises), j&rsquo;observe un rel\u00e2chement dans le peloton donc je ressors et on rentre sur la t\u00eate. Florent Mall\u00e9gol rentre sur nous et attaque \u00e0 4 kms de l&rsquo;arriv\u00e9e avec quelques coureurs. Derri\u00e8re, on a contr\u00f4l\u00e9 et j&rsquo;ai fait le sprint (Warren terminera 12\u00e8me de cette 1\u00e8re \u00e9tape). Cette \u00e9tape a \u00e9t\u00e9 rendue tr\u00e8s dure par les petites routes qui rendaient pas vraiment et la chaleur \u00e9touffante.<\/span><\/div>\n<div><span style=\"font-weight: normal\"><br \/>\n <\/span><\/div>\n<div><span style=\"font-weight: normal\">Sur la deuxi\u00e8me \u00e9tape pour le contre-la-montre, j&rsquo;ai eu un gros soucis car mon v\u00e9lo n&rsquo;est pas pass\u00e9 au contr\u00f4le des commissaires. Heureusement, je m&rsquo;\u00e9tais pr\u00e9sent\u00e9 10 minutes avant. J&rsquo;ai donc reculer ma selle avant d&rsquo;y retourner. Mais \u00e7a ne passait toujours pas &#8230; Je reviens avec la selle recul\u00e9e \u00e0 fond, quelques secondes seulement avant le d\u00e9part. Cela ne correspond pas du tout \u00e0 ma position mais cette fois, \u00e7a passe. Je suis parti assez \u00e9nerv\u00e9 par cette m\u00e9saventure et sans voiture suiveuse. Je n&rsquo;ai pas r\u00e9ussi \u00e0 me d\u00e9bloquer. En fait, je pensais faire un chrono pire que \u00e7a. Quand j&rsquo;ai vu mon temps, je me suis dit qu&rsquo;avec un v\u00e9lo bien r\u00e9gl\u00e9 et quelqu&rsquo;un derri\u00e8re pour m&rsquo;encourager, je pense honn\u00eatement que j&rsquo;aurais pu gagner une bonne trentaine de secondes, mais bon c&rsquo;est comme \u00e7a.<\/span><\/div>\n<div><span style=\"font-weight: normal\"><br \/>\n <\/span><\/div>\n<div><span style=\"font-weight: normal\">Au d\u00e9part de la troisi\u00e8me \u00e9tape, je n&rsquo;avais pas trop le moral \u00e0 cause de ma m\u00e9saventure du matin et puis j&rsquo;avais d\u00e9ja la t\u00eate \u00e0 la coupure que j&rsquo;allais observ\u00e9e d\u00e8s le soir m\u00eame. Le d\u00e9part fictif (NDLR : d\u00e9part neutralis\u00e9 par les commissaires jusqu&rsquo;au lieu du d\u00e9part r\u00e9el durant quelques kilom\u00e8tres et effectu\u00e9 \u00e0 faible allure) a \u00e9t\u00e9 tr\u00e8s rapide, la voiture ouvreuse roulant tr\u00e8s vite. Le peloton \u00e9tait en file indienne donc d\u00e8s le drapeau baiss\u00e9 pour le d\u00e9part r\u00e9el, Flo (Florent Mall\u00e9gol) et moi, on sort avec 5 autres coureurs. Au d\u00e9but, je passais mes relais normalement, sans appuyer plus fort que les autres, car je n&rsquo;\u00e9tais pas tr\u00e8s bien. Mais 20 kilom\u00e8tres plus tard, les autres membres de l&rsquo;\u00e9chapp\u00e9e n&rsquo;en pouvaient plus. Du coup, je me suis mis \u00e0 passer de longs relais, en montant quasiment toutes les bosses et en relan\u00e7ant en haut, pour prot\u00e9ger le maillot de leader de Florent (Mall\u00e9gol). Un moment, on poss\u00e8de 1&rsquo;30\u00a0\u00bb sur le peloton, mais l&rsquo;\u00e9cart redescend \u00e0 45&Prime; lorsque la voiture de Provence remonte le peloton. Je dis \u00e0 Florent de ne pas paniquer et finalement, un groupe nous rejoint en rentrant sur le circuit final avec Etienne (Tortelier). Etienne se met alors \u00e0 rouler \u00e0 son tour, vu qu&rsquo;il en avait gard\u00e9 sous la p\u00e9dale toute la journ\u00e9e, du fait qu&rsquo;on se trouvait devant avec Florent. A 1 tour et demie de l&rsquo;arriv\u00e9e, un groupe sort avec Etienne. Malheureusement, dans ce groupe, il y avait quelqu&rsquo;un de dangereux pour le classement g\u00e9n\u00e9ral et Etienne n&rsquo;\u00e9tait pas au courant. Ca a commenc\u00e9 \u00e0 sentir le roussi. Mais je voulais tellement qu&rsquo;on gagne le g\u00e9n\u00e9ral que, malgr\u00e9 tous les efforts que j&rsquo;avais fait dans la journ\u00e9e, je me suis compl\u00e8tement d\u00e9pouill\u00e9. Je ne fais pas une \u00ab\u00a0place\u00a0\u00bb au sprint mais je suis vraiment content car mes efforts de la journ\u00e9e n&rsquo;ont pas \u00e9t\u00e9 vains avec Flo (Florent Mall\u00e9gol) qui garde le maillot. Pour ma part, je remonte \u00e0 la 7\u00e8me place du classement g\u00e9n\u00e9ral, en ayant privil\u00e9gi\u00e9 l&rsquo;\u00e9quipe, ce qui ne me permet pas de me qualifier hors-quota pour le championnat de France.<\/span><\/div>\n<div><span style=\"font-weight: normal\"><br \/>\n <\/span><\/div>\n<div><span style=\"font-weight: normal\">Bilan : J&rsquo;ai vraiment eu de tr\u00e8s bonnes sensations sur cette \u00e9tape. Je pense que \u00e7a fait longtemps que je n&rsquo;avais pas autant \u00ab\u00a0march\u00e9\u00a0\u00bb, donc je suis tr\u00e8s satisfait et mon moral est excellent, juste avant d&rsquo;aborder une coupure pour r\u00e9cup\u00e9rer un peu.<\/span><\/div>\n<div><span style=\"font-weight: normal\"><br \/>\n <\/span><\/div>\n<div>&#8211; Comment s&rsquo;est pass\u00e9 ton int\u00e9gration dans l&rsquo;\u00e9quipe de Bretagne engag\u00e9e sur cette finale du challenge national ? Comment avaient \u00e9t\u00e9 r\u00e9parti les r\u00f4les de chacun avant le d\u00e9part ?<\/div>\n<div><span style=\"font-weight: normal\">Warren : En fait, dans l&rsquo;\u00e9quipe de Bretagne, on se connaissait d\u00e9ja bien, donc on ne peut pas vraiment parler d&rsquo;int\u00e9gration pour cette course. Il y avait Mathieu (Cloarec), un super \u00ab\u00a0pote\u00a0\u00bb, donc on a bien rigol\u00e9. Dans l&rsquo;\u00e9quipe, vu qu&rsquo;on est tous du m\u00eame niveau, nous n&rsquo;avions pas de r\u00f4les attitr\u00e9s, nous devions surtout \u00eatre pr\u00e9sents dans tous les \u00ab\u00a0coups\u00a0\u00bb. A la derni\u00e8re \u00e9tape, vu que Florent (Mall\u00e9gol) avait le maillot de leader, nos r\u00f4les \u00e9taient un peu plus d\u00e9finis.<\/span><\/div>\n<div><span style=\"font-weight: normal\"><br \/>\n <\/span><\/div>\n<div>&#8211; Il y a quelques semaines, tu as port\u00e9 le maillot de l&rsquo;\u00e9quipe de France lors du Tour des Pays de Savoie &#8230; Raconte nous un peu ton ressenti sur ta course, ton int\u00e9gration, &#8230;<\/div>\n<div><span style=\"font-weight: normal\">Warren : C&rsquo;\u00e9tait une course vraiment \u00ab\u00a0dure dure\u00a0\u00bb. Comme toutes les classes 2.2, \u00e7a roulait tr\u00e8s fort. Je me suis bien int\u00e9gr\u00e9, vu que je suis assez ouvert d&rsquo;esprit. Je suis tr\u00e8s d\u00e9\u00e7u d&rsquo;avoir d\u00fb abandonner dans l&rsquo;avant-derni\u00e8re \u00e9tape, mais je n&rsquo;en pouvais vraiment plus. Quand il fait 3\u00b0C et qu&rsquo;on est \u00ab\u00a0sec\u00a0\u00bb, \u00e7a ne pardonne pas ! Mais j&rsquo;esp\u00e8re int\u00e9grer l&rsquo;\u00e9quipe de France \u00e0 la fin de l&rsquo;ann\u00e9e &#8230;<\/span><\/div>\n<div><span style=\"font-weight: normal\"><br \/>\n <\/span><\/div>\n<div>&#8211; Tu as \u00e9t\u00e9 confront\u00e9 aux meilleurs espoirs fran\u00e7ais ce week-end, comment te situes-tu au niveau national, apr\u00e8s avoir \u00e9t\u00e9 au plus haut niveau national l&rsquo;an pass\u00e9 chez les juniors ?<\/div>\n<div><span style=\"font-weight: normal\">Warren : Par rapport aux meilleurs espoirs fran\u00e7ais, je pense devoir beaucoup travailler pour combler mes lacunes en contre-la-montre. Sinon, je pense avoir acquis le niveau et je suis capable de \u00ab\u00a0faire la course\u00a0\u00bb, donc c&rsquo;est vraiment bien.<\/span><\/div>\n<div><span style=\"font-weight: normal\"><br \/>\n <\/span><\/div>\n<div>&#8211; Quel est ton programme pour les semaines \u00e0 venir ?<\/div>\n<div><span style=\"font-weight: normal\">Warren : Mon programme pour les semaines \u00e0 venir : d&rsquo;abord une bonne coupure pour r\u00e9cup\u00e9rer du d\u00e9but de saison, ensuite j&rsquo;enchainerai avec le grand prix de la moisson, le Kreiz Breizh Elite, Montpinchon, la Mi-Aout Bretonne et j&rsquo;esp\u00e8re \u00eatre dans la s\u00e9lection bretonne pour le championnat de France car je vais tout faire pour \u00eatre au top niveau pour ce jour l\u00e0.<\/span><\/div>\n<div><span style=\"font-weight: normal\"><br \/>\n <\/span><\/div>\n<div><em>Remerciements \u00e0 Warren pour sa disponibilit\u00e9 pour r\u00e9pondre \u00e0 nos questions.<\/em><\/div>\n<p><\/strong><\/p>\n<p><br class=\"spacer_\" \/><\/p>\n<p><br class=\"spacer_\" \/><\/p>\n<p><br class=\"spacer_\" \/><\/p>\n<p><br class=\"spacer_\" \/><\/p>\n<p><br class=\"spacer_\" \/><\/p>\n<p><br class=\"spacer_\" \/><\/p>\n","protected":false},"excerpt":{"rendered":"<p>Warren Barguil revient pour nous sur la finale du challenge national qu&rsquo;il a disput\u00e9 sous les couleurs de l&rsquo;\u00e9quipe de [&hellip;]<\/p>\n","protected":false},"author":14,"featured_media":0,"comment_status":"open","ping_status":"open","sticky":false,"template":"","format":"standard","meta":{"ngg_post_thumbnail":0,"footnotes":""},"categories":[5],"tags":[],"class_list":["post-3227","post","type-post","status-publish","format-standard","hentry","category-ac-lanester-56"],"yoast_head":"<!-- This site is optimized with the Yoast SEO plugin v27.5 - https:\/\/yoast.com\/product\/yoast-seo-wordpress\/ -->\n<title>R\u00e9actions de Warren Barguil au retour du challenge national ... - Avenir Cycliste Lanester 56<\/title>\n<meta name=\"robots\" content=\"index, follow, max-snippet:-1, max-image-preview:large, max-video-preview:-1\" \/>\n<link rel=\"canonical\" href=\"https:\/\/www.aclanester56.com\/velo\/reactions-de-warren-barguil-au-retour-du-challenge-national\/\" \/>\n<meta property=\"og:locale\" content=\"fr_FR\" \/>\n<meta property=\"og:type\" content=\"article\" \/>\n<meta property=\"og:title\" content=\"R\u00e9actions de Warren Barguil au retour du challenge national ... - Avenir Cycliste Lanester 56\" \/>\n<meta property=\"og:description\" content=\"Warren Barguil revient pour nous sur la finale du challenge national qu&rsquo;il a disput\u00e9 sous les couleurs de l&rsquo;\u00e9quipe de [&hellip;]\" \/>\n<meta property=\"og:url\" content=\"https:\/\/www.aclanester56.com\/velo\/reactions-de-warren-barguil-au-retour-du-challenge-national\/\" \/>\n<meta property=\"og:site_name\" content=\"Avenir Cycliste Lanester 56\" \/>\n<meta property=\"article:publisher\" content=\"https:\/\/www.facebook.com\/pages\/AC-Lanester-56\/190286300991242?fref=ts\" \/>\n<meta property=\"article:published_time\" content=\"2010-07-06T17:03:12+00:00\" \/>\n<meta property=\"article:modified_time\" content=\"2010-07-07T14:20:24+00:00\" \/>\n<meta name=\"author\" content=\"Jean-Christophe\" \/>\n<meta name=\"twitter:label1\" content=\"\u00c9crit par\" \/>\n\t<meta name=\"twitter:data1\" content=\"Jean-Christophe\" \/>\n\t<meta name=\"twitter:label2\" content=\"Dur\u00e9e de lecture estim\u00e9e\" \/>\n\t<meta name=\"twitter:data2\" content=\"7 minutes\" \/>\n<script type=\"application\/ld+json\" class=\"yoast-schema-graph\">{\"@context\":\"https:\\\/\\\/schema.org\",\"@graph\":[{\"@type\":\"Article\",\"@id\":\"https:\\\/\\\/www.aclanester56.com\\\/velo\\\/reactions-de-warren-barguil-au-retour-du-challenge-national\\\/#article\",\"isPartOf\":{\"@id\":\"https:\\\/\\\/www.aclanester56.com\\\/velo\\\/reactions-de-warren-barguil-au-retour-du-challenge-national\\\/\"},\"author\":{\"name\":\"Jean-Christophe\",\"@id\":\"https:\\\/\\\/www.aclanester56.com\\\/velo\\\/#\\\/schema\\\/person\\\/ca2a44a5fd969e9dd846c72d3b33bc01\"},\"headline\":\"R\u00e9actions de Warren Barguil au retour du challenge national &#8230;\",\"datePublished\":\"2010-07-06T17:03:12+00:00\",\"dateModified\":\"2010-07-07T14:20:24+00:00\",\"mainEntityOfPage\":{\"@id\":\"https:\\\/\\\/www.aclanester56.com\\\/velo\\\/reactions-de-warren-barguil-au-retour-du-challenge-national\\\/\"},\"wordCount\":1347,\"commentCount\":0,\"publisher\":{\"@id\":\"https:\\\/\\\/www.aclanester56.com\\\/velo\\\/#organization\"},\"articleSection\":[\"AC LANESTER 56\"],\"inLanguage\":\"fr-FR\",\"potentialAction\":[{\"@type\":\"CommentAction\",\"name\":\"Comment\",\"target\":[\"https:\\\/\\\/www.aclanester56.com\\\/velo\\\/reactions-de-warren-barguil-au-retour-du-challenge-national\\\/#respond\"]}]},{\"@type\":\"WebPage\",\"@id\":\"https:\\\/\\\/www.aclanester56.com\\\/velo\\\/reactions-de-warren-barguil-au-retour-du-challenge-national\\\/\",\"url\":\"https:\\\/\\\/www.aclanester56.com\\\/velo\\\/reactions-de-warren-barguil-au-retour-du-challenge-national\\\/\",\"name\":\"R\u00e9actions de Warren Barguil au retour du challenge national ... - Avenir Cycliste Lanester 56\",\"isPartOf\":{\"@id\":\"https:\\\/\\\/www.aclanester56.com\\\/velo\\\/#website\"},\"datePublished\":\"2010-07-06T17:03:12+00:00\",\"dateModified\":\"2010-07-07T14:20:24+00:00\",\"inLanguage\":\"fr-FR\",\"potentialAction\":[{\"@type\":\"ReadAction\",\"target\":[\"https:\\\/\\\/www.aclanester56.com\\\/velo\\\/reactions-de-warren-barguil-au-retour-du-challenge-national\\\/\"]}]},{\"@type\":\"WebSite\",\"@id\":\"https:\\\/\\\/www.aclanester56.com\\\/velo\\\/#website\",\"url\":\"https:\\\/\\\/www.aclanester56.com\\\/velo\\\/\",\"name\":\"Avenir Cycliste Lanester 56\",\"description\":\"Club cycliste de l&#039;AC LANESTER 56\",\"publisher\":{\"@id\":\"https:\\\/\\\/www.aclanester56.com\\\/velo\\\/#organization\"},\"potentialAction\":[{\"@type\":\"SearchAction\",\"target\":{\"@type\":\"EntryPoint\",\"urlTemplate\":\"https:\\\/\\\/www.aclanester56.com\\\/velo\\\/?s={search_term_string}\"},\"query-input\":{\"@type\":\"PropertyValueSpecification\",\"valueRequired\":true,\"valueName\":\"search_term_string\"}}],\"inLanguage\":\"fr-FR\"},{\"@type\":\"Organization\",\"@id\":\"https:\\\/\\\/www.aclanester56.com\\\/velo\\\/#organization\",\"name\":\"Avenir Cycliste Lanester 56\",\"url\":\"https:\\\/\\\/www.aclanester56.com\\\/velo\\\/\",\"logo\":{\"@type\":\"ImageObject\",\"inLanguage\":\"fr-FR\",\"@id\":\"https:\\\/\\\/www.aclanester56.com\\\/velo\\\/#\\\/schema\\\/logo\\\/image\\\/\",\"url\":\"https:\\\/\\\/www.aclanester56.com\\\/velo\\\/wp-content\\\/uploads\\\/2013\\\/04\\\/logo-ACL.jpg\",\"contentUrl\":\"https:\\\/\\\/www.aclanester56.com\\\/velo\\\/wp-content\\\/uploads\\\/2013\\\/04\\\/logo-ACL.jpg\",\"width\":400,\"height\":334,\"caption\":\"Avenir Cycliste Lanester 56\"},\"image\":{\"@id\":\"https:\\\/\\\/www.aclanester56.com\\\/velo\\\/#\\\/schema\\\/logo\\\/image\\\/\"},\"sameAs\":[\"https:\\\/\\\/www.facebook.com\\\/pages\\\/AC-Lanester-56\\\/190286300991242?fref=ts\"]},{\"@type\":\"Person\",\"@id\":\"https:\\\/\\\/www.aclanester56.com\\\/velo\\\/#\\\/schema\\\/person\\\/ca2a44a5fd969e9dd846c72d3b33bc01\",\"name\":\"Jean-Christophe\",\"url\":\"https:\\\/\\\/www.aclanester56.com\\\/velo\\\/author\\\/jeanchristophe\\\/\"}]}<\/script>\n<!-- \/ Yoast SEO plugin. -->","yoast_head_json":{"title":"R\u00e9actions de Warren Barguil au retour du challenge national ... - Avenir Cycliste Lanester 56","robots":{"index":"index","follow":"follow","max-snippet":"max-snippet:-1","max-image-preview":"max-image-preview:large","max-video-preview":"max-video-preview:-1"},"canonical":"https:\/\/www.aclanester56.com\/velo\/reactions-de-warren-barguil-au-retour-du-challenge-national\/","og_locale":"fr_FR","og_type":"article","og_title":"R\u00e9actions de Warren Barguil au retour du challenge national ... - Avenir Cycliste Lanester 56","og_description":"Warren Barguil revient pour nous sur la finale du challenge national qu&rsquo;il a disput\u00e9 sous les couleurs de l&rsquo;\u00e9quipe de [&hellip;]","og_url":"https:\/\/www.aclanester56.com\/velo\/reactions-de-warren-barguil-au-retour-du-challenge-national\/","og_site_name":"Avenir Cycliste Lanester 56","article_publisher":"https:\/\/www.facebook.com\/pages\/AC-Lanester-56\/190286300991242?fref=ts","article_published_time":"2010-07-06T17:03:12+00:00","article_modified_time":"2010-07-07T14:20:24+00:00","author":"Jean-Christophe","twitter_misc":{"\u00c9crit par":"Jean-Christophe","Dur\u00e9e de lecture estim\u00e9e":"7 minutes"},"schema":{"@context":"https:\/\/schema.org","@graph":[{"@type":"Article","@id":"https:\/\/www.aclanester56.com\/velo\/reactions-de-warren-barguil-au-retour-du-challenge-national\/#article","isPartOf":{"@id":"https:\/\/www.aclanester56.com\/velo\/reactions-de-warren-barguil-au-retour-du-challenge-national\/"},"author":{"name":"Jean-Christophe","@id":"https:\/\/www.aclanester56.com\/velo\/#\/schema\/person\/ca2a44a5fd969e9dd846c72d3b33bc01"},"headline":"R\u00e9actions de Warren Barguil au retour du challenge national &#8230;","datePublished":"2010-07-06T17:03:12+00:00","dateModified":"2010-07-07T14:20:24+00:00","mainEntityOfPage":{"@id":"https:\/\/www.aclanester56.com\/velo\/reactions-de-warren-barguil-au-retour-du-challenge-national\/"},"wordCount":1347,"commentCount":0,"publisher":{"@id":"https:\/\/www.aclanester56.com\/velo\/#organization"},"articleSection":["AC LANESTER 56"],"inLanguage":"fr-FR","potentialAction":[{"@type":"CommentAction","name":"Comment","target":["https:\/\/www.aclanester56.com\/velo\/reactions-de-warren-barguil-au-retour-du-challenge-national\/#respond"]}]},{"@type":"WebPage","@id":"https:\/\/www.aclanester56.com\/velo\/reactions-de-warren-barguil-au-retour-du-challenge-national\/","url":"https:\/\/www.aclanester56.com\/velo\/reactions-de-warren-barguil-au-retour-du-challenge-national\/","name":"R\u00e9actions de Warren Barguil au retour du challenge national ... - Avenir Cycliste Lanester 56","isPartOf":{"@id":"https:\/\/www.aclanester56.com\/velo\/#website"},"datePublished":"2010-07-06T17:03:12+00:00","dateModified":"2010-07-07T14:20:24+00:00","inLanguage":"fr-FR","potentialAction":[{"@type":"ReadAction","target":["https:\/\/www.aclanester56.com\/velo\/reactions-de-warren-barguil-au-retour-du-challenge-national\/"]}]},{"@type":"WebSite","@id":"https:\/\/www.aclanester56.com\/velo\/#website","url":"https:\/\/www.aclanester56.com\/velo\/","name":"Avenir Cycliste Lanester 56","description":"Club cycliste de l&#039;AC LANESTER 56","publisher":{"@id":"https:\/\/www.aclanester56.com\/velo\/#organization"},"potentialAction":[{"@type":"SearchAction","target":{"@type":"EntryPoint","urlTemplate":"https:\/\/www.aclanester56.com\/velo\/?s={search_term_string}"},"query-input":{"@type":"PropertyValueSpecification","valueRequired":true,"valueName":"search_term_string"}}],"inLanguage":"fr-FR"},{"@type":"Organization","@id":"https:\/\/www.aclanester56.com\/velo\/#organization","name":"Avenir Cycliste Lanester 56","url":"https:\/\/www.aclanester56.com\/velo\/","logo":{"@type":"ImageObject","inLanguage":"fr-FR","@id":"https:\/\/www.aclanester56.com\/velo\/#\/schema\/logo\/image\/","url":"https:\/\/www.aclanester56.com\/velo\/wp-content\/uploads\/2013\/04\/logo-ACL.jpg","contentUrl":"https:\/\/www.aclanester56.com\/velo\/wp-content\/uploads\/2013\/04\/logo-ACL.jpg","width":400,"height":334,"caption":"Avenir Cycliste Lanester 56"},"image":{"@id":"https:\/\/www.aclanester56.com\/velo\/#\/schema\/logo\/image\/"},"sameAs":["https:\/\/www.facebook.com\/pages\/AC-Lanester-56\/190286300991242?fref=ts"]},{"@type":"Person","@id":"https:\/\/www.aclanester56.com\/velo\/#\/schema\/person\/ca2a44a5fd969e9dd846c72d3b33bc01","name":"Jean-Christophe","url":"https:\/\/www.aclanester56.com\/velo\/author\/jeanchristophe\/"}]}},"_links":{"self":[{"href":"https:\/\/www.aclanester56.com\/velo\/wp-json\/wp\/v2\/posts\/3227","targetHints":{"allow":["GET"]}}],"collection":[{"href":"https:\/\/www.aclanester56.com\/velo\/wp-json\/wp\/v2\/posts"}],"about":[{"href":"https:\/\/www.aclanester56.com\/velo\/wp-json\/wp\/v2\/types\/post"}],"author":[{"embeddable":true,"href":"https:\/\/www.aclanester56.com\/velo\/wp-json\/wp\/v2\/users\/14"}],"replies":[{"embeddable":true,"href":"https:\/\/www.aclanester56.com\/velo\/wp-json\/wp\/v2\/comments?post=3227"}],"version-history":[{"count":0,"href":"https:\/\/www.aclanester56.com\/velo\/wp-json\/wp\/v2\/posts\/3227\/revisions"}],"wp:attachment":[{"href":"https:\/\/www.aclanester56.com\/velo\/wp-json\/wp\/v2\/media?parent=3227"}],"wp:term":[{"taxonomy":"category","embeddable":true,"href":"https:\/\/www.aclanester56.com\/velo\/wp-json\/wp\/v2\/categories?post=3227"},{"taxonomy":"post_tag","embeddable":true,"href":"https:\/\/www.aclanester56.com\/velo\/wp-json\/wp\/v2\/tags?post=3227"}],"curies":[{"name":"wp","href":"https:\/\/api.w.org\/{rel}","templated":true}]}}