{"id":32299,"date":"2017-03-25T18:13:58","date_gmt":"2017-03-25T17:13:58","guid":{"rendered":"https:\/\/www.aclanester56.com\/velo\/?p=32299"},"modified":"2017-03-25T18:13:58","modified_gmt":"2017-03-25T17:13:58","slug":"rendez-26-mars-2017","status":"publish","type":"post","link":"https:\/\/www.aclanester56.com\/velo\/rendez-26-mars-2017\/","title":{"rendered":"Les rendez vous du 26 mars 2017"},"content":{"rendered":"<p><!--more--><\/p>\n<p>Week-end N\u00b06 :<\/p>\n<p>Demain nous retrouverons nos coureurs sur plusieurs courses.<\/p>\n<p>Tout d&rsquo;abord a Plouer sur rance on retrouvera Th\u00e9otime Cadoret en minimes et C\u00e9lestin Cadoret en Cadets.<\/p>\n<p>Troisi\u00e8me f\u00e9derale pour nos Juniors avec le Pen ar Bed avec un contre-la-montre le matin et une course en ligne l&rsquo;apr\u00e8s-midi l&rsquo;\u00e9quipe est compos\u00e9e de Ewen Foussadier, Brendan Le Cam, Antoine Le Chenadec, Charles Le Crom et Cl\u00e9ment Tesseire.<\/p>\n<p>A Gu\u00e9gon en attente des boucles gu\u00e9guonaises nous aurons Benjamin Duval, Hugo Le Bail, Beno\u00eet Le Bruchec, Florian Mor\u00e9ac et Christophe Sinner.<\/p>\n<p>A Auray nous retrouverons en \u00e9cole de cyclisme Mathis Le Terrien (Pr\u00e9 licenci\u00e9s), No\u00e9 Cougoulat (Pupilles), Meddy Josso, Soen Le Bouedec, Gautier Le Calv\u00e9 et Kylian Uhel Juhel (Benjamins), alors que en minimes Cyriac Jourbel, Malo Le Clec&rsquo;h, Mathieu Marly et Servann Prot seront pr\u00e9sents.<\/p>\n<p>Maeva Corlay Le Baron sera quand a elle a Fran\u00e7ois pour la seconde manche de la Route de l&rsquo;Ouest minimes\/cadettes avec la s\u00e9laction Morbihan.<\/p>\n<p>Enfin a Plescop nous tout d&rsquo;abord les cadets avec Meven J\u00e9z\u00e9quel, Ewen Le Chenadec, Pierre Le Coz, Pierre-Louis Le Pouezard, Julian Morel, et Enzo Thomas, alors que sur la course pass&rsquo;cyclisme on aura la pr\u00e9sence de Thibault Cosperec, Marc Danet, Victor Le Crom, Alexandre Le Provost et K\u00e9vin Legendre.<\/p>\n<p>Bonne Chance a tous les coureurs de l&rsquo;Ac Lanester 56 !<\/p>\n","protected":false},"excerpt":{"rendered":"","protected":false},"author":17,"featured_media":32300,"comment_status":"open","ping_status":"open","sticky":false,"template":"","format":"standard","meta":{"ngg_post_thumbnail":0,"footnotes":""},"categories":[5],"tags":[],"class_list":["post-32299","post","type-post","status-publish","format-standard","has-post-thumbnail","hentry","category-ac-lanester-56"],"yoast_head":"<!-- This site is optimized with the Yoast SEO plugin v27.5 - https:\/\/yoast.com\/product\/yoast-seo-wordpress\/ -->\n<title>Les rendez vous du 26 mars 2017 - Avenir Cycliste Lanester 56<\/title>\n<meta name=\"robots\" content=\"index, follow, max-snippet:-1, max-image-preview:large, max-video-preview:-1\" \/>\n<link rel=\"canonical\" href=\"https:\/\/www.aclanester56.com\/velo\/rendez-26-mars-2017\/\" \/>\n<meta property=\"og:locale\" content=\"fr_FR\" \/>\n<meta property=\"og:type\" content=\"article\" \/>\n<meta property=\"og:title\" content=\"Les rendez vous du 26 mars 2017 - Avenir Cycliste Lanester 56\" \/>\n<meta property=\"og:url\" content=\"https:\/\/www.aclanester56.com\/velo\/rendez-26-mars-2017\/\" \/>\n<meta property=\"og:site_name\" content=\"Avenir Cycliste Lanester 56\" \/>\n<meta property=\"article:publisher\" content=\"https:\/\/www.facebook.com\/pages\/AC-Lanester-56\/190286300991242?fref=ts\" \/>\n<meta property=\"article:published_time\" content=\"2017-03-25T17:13:58+00:00\" \/>\n<meta property=\"og:image\" content=\"https:\/\/www.aclanester56.com\/velo\/wp-content\/uploads\/2017\/03\/week-end-6.jpg\" \/>\n\t<meta property=\"og:image:width\" content=\"960\" \/>\n\t<meta property=\"og:image:height\" content=\"539\" \/>\n\t<meta property=\"og:image:type\" content=\"image\/jpeg\" \/>\n<meta name=\"author\" content=\"Benjamin DUVAL\" \/>\n<meta name=\"twitter:label1\" content=\"\u00c9crit par\" \/>\n\t<meta name=\"twitter:data1\" content=\"Benjamin DUVAL\" \/>\n\t<meta name=\"twitter:label2\" content=\"Dur\u00e9e de lecture estim\u00e9e\" \/>\n\t<meta name=\"twitter:data2\" content=\"1 minute\" \/>\n<script type=\"application\/ld+json\" class=\"yoast-schema-graph\">{\"@context\":\"https:\\\/\\\/schema.org\",\"@graph\":[{\"@type\":\"Article\",\"@id\":\"https:\\\/\\\/www.aclanester56.com\\\/velo\\\/rendez-26-mars-2017\\\/#article\",\"isPartOf\":{\"@id\":\"https:\\\/\\\/www.aclanester56.com\\\/velo\\\/rendez-26-mars-2017\\\/\"},\"author\":{\"name\":\"Benjamin DUVAL\",\"@id\":\"https:\\\/\\\/www.aclanester56.com\\\/velo\\\/#\\\/schema\\\/person\\\/759714f52da746d389b3a55e75a48790\"},\"headline\":\"Les rendez vous du 26 mars 2017\",\"datePublished\":\"2017-03-25T17:13:58+00:00\",\"mainEntityOfPage\":{\"@id\":\"https:\\\/\\\/www.aclanester56.com\\\/velo\\\/rendez-26-mars-2017\\\/\"},\"wordCount\":241,\"commentCount\":0,\"publisher\":{\"@id\":\"https:\\\/\\\/www.aclanester56.com\\\/velo\\\/#organization\"},\"image\":{\"@id\":\"https:\\\/\\\/www.aclanester56.com\\\/velo\\\/rendez-26-mars-2017\\\/#primaryimage\"},\"thumbnailUrl\":\"https:\\\/\\\/www.aclanester56.com\\\/velo\\\/wp-content\\\/uploads\\\/2017\\\/03\\\/week-end-6.jpg\",\"articleSection\":[\"AC LANESTER 56\"],\"inLanguage\":\"fr-FR\",\"potentialAction\":[{\"@type\":\"CommentAction\",\"name\":\"Comment\",\"target\":[\"https:\\\/\\\/www.aclanester56.com\\\/velo\\\/rendez-26-mars-2017\\\/#respond\"]}]},{\"@type\":\"WebPage\",\"@id\":\"https:\\\/\\\/www.aclanester56.com\\\/velo\\\/rendez-26-mars-2017\\\/\",\"url\":\"https:\\\/\\\/www.aclanester56.com\\\/velo\\\/rendez-26-mars-2017\\\/\",\"name\":\"Les rendez vous du 26 mars 2017 - Avenir Cycliste Lanester 56\",\"isPartOf\":{\"@id\":\"https:\\\/\\\/www.aclanester56.com\\\/velo\\\/#website\"},\"primaryImageOfPage\":{\"@id\":\"https:\\\/\\\/www.aclanester56.com\\\/velo\\\/rendez-26-mars-2017\\\/#primaryimage\"},\"image\":{\"@id\":\"https:\\\/\\\/www.aclanester56.com\\\/velo\\\/rendez-26-mars-2017\\\/#primaryimage\"},\"thumbnailUrl\":\"https:\\\/\\\/www.aclanester56.com\\\/velo\\\/wp-content\\\/uploads\\\/2017\\\/03\\\/week-end-6.jpg\",\"datePublished\":\"2017-03-25T17:13:58+00:00\",\"inLanguage\":\"fr-FR\",\"potentialAction\":[{\"@type\":\"ReadAction\",\"target\":[\"https:\\\/\\\/www.aclanester56.com\\\/velo\\\/rendez-26-mars-2017\\\/\"]}]},{\"@type\":\"ImageObject\",\"inLanguage\":\"fr-FR\",\"@id\":\"https:\\\/\\\/www.aclanester56.com\\\/velo\\\/rendez-26-mars-2017\\\/#primaryimage\",\"url\":\"https:\\\/\\\/www.aclanester56.com\\\/velo\\\/wp-content\\\/uploads\\\/2017\\\/03\\\/week-end-6.jpg\",\"contentUrl\":\"https:\\\/\\\/www.aclanester56.com\\\/velo\\\/wp-content\\\/uploads\\\/2017\\\/03\\\/week-end-6.jpg\",\"width\":960,\"height\":539},{\"@type\":\"WebSite\",\"@id\":\"https:\\\/\\\/www.aclanester56.com\\\/velo\\\/#website\",\"url\":\"https:\\\/\\\/www.aclanester56.com\\\/velo\\\/\",\"name\":\"Avenir Cycliste Lanester 56\",\"description\":\"Club cycliste de l&#039;AC LANESTER 56\",\"publisher\":{\"@id\":\"https:\\\/\\\/www.aclanester56.com\\\/velo\\\/#organization\"},\"potentialAction\":[{\"@type\":\"SearchAction\",\"target\":{\"@type\":\"EntryPoint\",\"urlTemplate\":\"https:\\\/\\\/www.aclanester56.com\\\/velo\\\/?s={search_term_string}\"},\"query-input\":{\"@type\":\"PropertyValueSpecification\",\"valueRequired\":true,\"valueName\":\"search_term_string\"}}],\"inLanguage\":\"fr-FR\"},{\"@type\":\"Organization\",\"@id\":\"https:\\\/\\\/www.aclanester56.com\\\/velo\\\/#organization\",\"name\":\"Avenir Cycliste Lanester 56\",\"url\":\"https:\\\/\\\/www.aclanester56.com\\\/velo\\\/\",\"logo\":{\"@type\":\"ImageObject\",\"inLanguage\":\"fr-FR\",\"@id\":\"https:\\\/\\\/www.aclanester56.com\\\/velo\\\/#\\\/schema\\\/logo\\\/image\\\/\",\"url\":\"https:\\\/\\\/www.aclanester56.com\\\/velo\\\/wp-content\\\/uploads\\\/2013\\\/04\\\/logo-ACL.jpg\",\"contentUrl\":\"https:\\\/\\\/www.aclanester56.com\\\/velo\\\/wp-content\\\/uploads\\\/2013\\\/04\\\/logo-ACL.jpg\",\"width\":400,\"height\":334,\"caption\":\"Avenir Cycliste Lanester 56\"},\"image\":{\"@id\":\"https:\\\/\\\/www.aclanester56.com\\\/velo\\\/#\\\/schema\\\/logo\\\/image\\\/\"},\"sameAs\":[\"https:\\\/\\\/www.facebook.com\\\/pages\\\/AC-Lanester-56\\\/190286300991242?fref=ts\"]},{\"@type\":\"Person\",\"@id\":\"https:\\\/\\\/www.aclanester56.com\\\/velo\\\/#\\\/schema\\\/person\\\/759714f52da746d389b3a55e75a48790\",\"name\":\"Benjamin DUVAL\",\"url\":\"https:\\\/\\\/www.aclanester56.com\\\/velo\\\/author\\\/benjamin\\\/\"}]}<\/script>\n<!-- \/ Yoast SEO plugin. -->","yoast_head_json":{"title":"Les rendez vous du 26 mars 2017 - Avenir Cycliste Lanester 56","robots":{"index":"index","follow":"follow","max-snippet":"max-snippet:-1","max-image-preview":"max-image-preview:large","max-video-preview":"max-video-preview:-1"},"canonical":"https:\/\/www.aclanester56.com\/velo\/rendez-26-mars-2017\/","og_locale":"fr_FR","og_type":"article","og_title":"Les rendez vous du 26 mars 2017 - Avenir Cycliste Lanester 56","og_url":"https:\/\/www.aclanester56.com\/velo\/rendez-26-mars-2017\/","og_site_name":"Avenir Cycliste Lanester 56","article_publisher":"https:\/\/www.facebook.com\/pages\/AC-Lanester-56\/190286300991242?fref=ts","article_published_time":"2017-03-25T17:13:58+00:00","og_image":[{"width":960,"height":539,"url":"https:\/\/www.aclanester56.com\/velo\/wp-content\/uploads\/2017\/03\/week-end-6.jpg","type":"image\/jpeg"}],"author":"Benjamin DUVAL","twitter_misc":{"\u00c9crit par":"Benjamin DUVAL","Dur\u00e9e de lecture estim\u00e9e":"1 minute"},"schema":{"@context":"https:\/\/schema.org","@graph":[{"@type":"Article","@id":"https:\/\/www.aclanester56.com\/velo\/rendez-26-mars-2017\/#article","isPartOf":{"@id":"https:\/\/www.aclanester56.com\/velo\/rendez-26-mars-2017\/"},"author":{"name":"Benjamin DUVAL","@id":"https:\/\/www.aclanester56.com\/velo\/#\/schema\/person\/759714f52da746d389b3a55e75a48790"},"headline":"Les rendez vous du 26 mars 2017","datePublished":"2017-03-25T17:13:58+00:00","mainEntityOfPage":{"@id":"https:\/\/www.aclanester56.com\/velo\/rendez-26-mars-2017\/"},"wordCount":241,"commentCount":0,"publisher":{"@id":"https:\/\/www.aclanester56.com\/velo\/#organization"},"image":{"@id":"https:\/\/www.aclanester56.com\/velo\/rendez-26-mars-2017\/#primaryimage"},"thumbnailUrl":"https:\/\/www.aclanester56.com\/velo\/wp-content\/uploads\/2017\/03\/week-end-6.jpg","articleSection":["AC LANESTER 56"],"inLanguage":"fr-FR","potentialAction":[{"@type":"CommentAction","name":"Comment","target":["https:\/\/www.aclanester56.com\/velo\/rendez-26-mars-2017\/#respond"]}]},{"@type":"WebPage","@id":"https:\/\/www.aclanester56.com\/velo\/rendez-26-mars-2017\/","url":"https:\/\/www.aclanester56.com\/velo\/rendez-26-mars-2017\/","name":"Les rendez vous du 26 mars 2017 - Avenir Cycliste Lanester 56","isPartOf":{"@id":"https:\/\/www.aclanester56.com\/velo\/#website"},"primaryImageOfPage":{"@id":"https:\/\/www.aclanester56.com\/velo\/rendez-26-mars-2017\/#primaryimage"},"image":{"@id":"https:\/\/www.aclanester56.com\/velo\/rendez-26-mars-2017\/#primaryimage"},"thumbnailUrl":"https:\/\/www.aclanester56.com\/velo\/wp-content\/uploads\/2017\/03\/week-end-6.jpg","datePublished":"2017-03-25T17:13:58+00:00","inLanguage":"fr-FR","potentialAction":[{"@type":"ReadAction","target":["https:\/\/www.aclanester56.com\/velo\/rendez-26-mars-2017\/"]}]},{"@type":"ImageObject","inLanguage":"fr-FR","@id":"https:\/\/www.aclanester56.com\/velo\/rendez-26-mars-2017\/#primaryimage","url":"https:\/\/www.aclanester56.com\/velo\/wp-content\/uploads\/2017\/03\/week-end-6.jpg","contentUrl":"https:\/\/www.aclanester56.com\/velo\/wp-content\/uploads\/2017\/03\/week-end-6.jpg","width":960,"height":539},{"@type":"WebSite","@id":"https:\/\/www.aclanester56.com\/velo\/#website","url":"https:\/\/www.aclanester56.com\/velo\/","name":"Avenir Cycliste Lanester 56","description":"Club cycliste de l&#039;AC LANESTER 56","publisher":{"@id":"https:\/\/www.aclanester56.com\/velo\/#organization"},"potentialAction":[{"@type":"SearchAction","target":{"@type":"EntryPoint","urlTemplate":"https:\/\/www.aclanester56.com\/velo\/?s={search_term_string}"},"query-input":{"@type":"PropertyValueSpecification","valueRequired":true,"valueName":"search_term_string"}}],"inLanguage":"fr-FR"},{"@type":"Organization","@id":"https:\/\/www.aclanester56.com\/velo\/#organization","name":"Avenir Cycliste Lanester 56","url":"https:\/\/www.aclanester56.com\/velo\/","logo":{"@type":"ImageObject","inLanguage":"fr-FR","@id":"https:\/\/www.aclanester56.com\/velo\/#\/schema\/logo\/image\/","url":"https:\/\/www.aclanester56.com\/velo\/wp-content\/uploads\/2013\/04\/logo-ACL.jpg","contentUrl":"https:\/\/www.aclanester56.com\/velo\/wp-content\/uploads\/2013\/04\/logo-ACL.jpg","width":400,"height":334,"caption":"Avenir Cycliste Lanester 56"},"image":{"@id":"https:\/\/www.aclanester56.com\/velo\/#\/schema\/logo\/image\/"},"sameAs":["https:\/\/www.facebook.com\/pages\/AC-Lanester-56\/190286300991242?fref=ts"]},{"@type":"Person","@id":"https:\/\/www.aclanester56.com\/velo\/#\/schema\/person\/759714f52da746d389b3a55e75a48790","name":"Benjamin DUVAL","url":"https:\/\/www.aclanester56.com\/velo\/author\/benjamin\/"}]}},"_links":{"self":[{"href":"https:\/\/www.aclanester56.com\/velo\/wp-json\/wp\/v2\/posts\/32299","targetHints":{"allow":["GET"]}}],"collection":[{"href":"https:\/\/www.aclanester56.com\/velo\/wp-json\/wp\/v2\/posts"}],"about":[{"href":"https:\/\/www.aclanester56.com\/velo\/wp-json\/wp\/v2\/types\/post"}],"author":[{"embeddable":true,"href":"https:\/\/www.aclanester56.com\/velo\/wp-json\/wp\/v2\/users\/17"}],"replies":[{"embeddable":true,"href":"https:\/\/www.aclanester56.com\/velo\/wp-json\/wp\/v2\/comments?post=32299"}],"version-history":[{"count":2,"href":"https:\/\/www.aclanester56.com\/velo\/wp-json\/wp\/v2\/posts\/32299\/revisions"}],"predecessor-version":[{"id":32302,"href":"https:\/\/www.aclanester56.com\/velo\/wp-json\/wp\/v2\/posts\/32299\/revisions\/32302"}],"wp:featuredmedia":[{"embeddable":true,"href":"https:\/\/www.aclanester56.com\/velo\/wp-json\/wp\/v2\/media\/32300"}],"wp:attachment":[{"href":"https:\/\/www.aclanester56.com\/velo\/wp-json\/wp\/v2\/media?parent=32299"}],"wp:term":[{"taxonomy":"category","embeddable":true,"href":"https:\/\/www.aclanester56.com\/velo\/wp-json\/wp\/v2\/categories?post=32299"},{"taxonomy":"post_tag","embeddable":true,"href":"https:\/\/www.aclanester56.com\/velo\/wp-json\/wp\/v2\/tags?post=32299"}],"curies":[{"name":"wp","href":"https:\/\/api.w.org\/{rel}","templated":true}]}}