{"id":32574,"date":"2017-03-31T19:20:06","date_gmt":"2017-03-31T18:20:06","guid":{"rendered":"https:\/\/www.aclanester56.com\/velo\/?p=32574"},"modified":"2017-03-31T19:20:06","modified_gmt":"2017-03-31T18:20:06","slug":"rendez-de-1-er-2-avril-2017","status":"publish","type":"post","link":"https:\/\/www.aclanester56.com\/velo\/rendez-de-1-er-2-avril-2017\/","title":{"rendered":"Les Rendez-vous de 1 er et 2 Avril 2017"},"content":{"rendered":"<p><!--more--><\/p>\n<p>Week-end N\u00b07 :<\/p>\n<p>Samedi c&rsquo;est la reprise de la piste ! A Plouay pour la premi\u00e8re manche de la coupe du conseil g\u00e9n\u00e9ral nous aurons chez les minimes Th\u00e9otime Cadoret et Malo Le Clec&rsquo;h, chez les cadets C\u00e9lestin Cadoret, Ewen Le Chenadec, Pierre Le Coz, Corentin Roy\u00e9 et Enzo Thomas alors que en Juniors\/Seniors il y aura Benjamin Duval, Brendan Le Cam, Andy Le Mouellic et Cl\u00e9ment Tesseire.<\/p>\n<p>Dimanche nous retrouverons Christophe Sinner sur la premi\u00e8re manche du challange Elle Isole a Mellac en 2 \u00e8me cat\u00e9gorie.<\/p>\n<p>Victor Le Crom sera quand a lui au d\u00e9part de St Gr\u00e9groire en Pass&rsquo;cyclime.<\/p>\n<p>A Colpo No\u00e9 Cougoulat (Pupilles), Meddy Josso et Gautier Le Calv\u00e9 (Benjamins) seront en lice ainsi que le junior Axel Justum prendra part \u00e0 la premi\u00e8re manche du troph\u00e9e Job Morvan en 2 \u00e8me cat\u00e9gorie.<\/p>\n<p>Deux de nos F\u00e9minines seront sur la 3 \u00e8me manche de la route de l&rsquo;Ouest \u00e0 St Gildas de Rhuys en la personne de Eva Burgaentzlen et Maeva Corlay Le Baron.<\/p>\n<p>La majeur partie de nos coureurs sera \u00e0 Languidic avec en minimes Th\u00e9otime Cadoret et Malo Le Clec&rsquo;h, en cadets Medhi Bachir, C\u00e9lestin Cadoret, Meven J\u00e9z\u00e9quel, Ewen Le Chenadec, Pierre Le Coz, Pierre-Louis Le Pouezard, Corentin Roy\u00e9 et Enzo Thomas.<\/p>\n<p>Sur la course en Ligne de Languidic en 3 \u00e8me cat\u00e9gorie pas moins de 13 coureurs avec Mewen Baltenweck, Eric Corlay, Marc Danet, Benjamin Duval, Nicolas Guilbaud, Hugo Le Bail, Beno\u00eet Le Bruchec, Brendan Le Cam, Antoine Le Chandec, Charles Le Crom, S\u00e9bastien Michon, Florian Mor\u00e9ac et Cl\u00e9ment Tesseire.<\/p>\n<p>Enfin en VTT cross country Louis Chandavoine sera au d\u00e9part du Championnat du Morbihan minimes \u00e0 Inguiniel.<\/p>\n<p>Bon courage a tous les courus de L&rsquo;Ac Lanester 56<\/p>\n","protected":false},"excerpt":{"rendered":"","protected":false},"author":17,"featured_media":32575,"comment_status":"open","ping_status":"open","sticky":false,"template":"","format":"standard","meta":{"ngg_post_thumbnail":0,"footnotes":""},"categories":[5],"tags":[],"class_list":["post-32574","post","type-post","status-publish","format-standard","has-post-thumbnail","hentry","category-ac-lanester-56"],"yoast_head":"<!-- This site is optimized with the Yoast SEO plugin v27.5 - https:\/\/yoast.com\/product\/yoast-seo-wordpress\/ -->\n<title>Les Rendez-vous de 1 er et 2 Avril 2017 - Avenir Cycliste Lanester 56<\/title>\n<meta name=\"robots\" content=\"index, follow, max-snippet:-1, max-image-preview:large, max-video-preview:-1\" \/>\n<link rel=\"canonical\" href=\"https:\/\/www.aclanester56.com\/velo\/rendez-de-1-er-2-avril-2017\/\" \/>\n<meta property=\"og:locale\" content=\"fr_FR\" \/>\n<meta property=\"og:type\" content=\"article\" \/>\n<meta property=\"og:title\" content=\"Les Rendez-vous de 1 er et 2 Avril 2017 - Avenir Cycliste Lanester 56\" \/>\n<meta property=\"og:url\" content=\"https:\/\/www.aclanester56.com\/velo\/rendez-de-1-er-2-avril-2017\/\" \/>\n<meta property=\"og:site_name\" content=\"Avenir Cycliste Lanester 56\" \/>\n<meta property=\"article:publisher\" content=\"https:\/\/www.facebook.com\/pages\/AC-Lanester-56\/190286300991242?fref=ts\" \/>\n<meta property=\"article:published_time\" content=\"2017-03-31T18:20:06+00:00\" \/>\n<meta property=\"og:image\" content=\"https:\/\/www.aclanester56.com\/velo\/wp-content\/uploads\/2017\/03\/Week-end-7.jpg\" \/>\n\t<meta property=\"og:image:width\" content=\"2048\" \/>\n\t<meta property=\"og:image:height\" content=\"1365\" \/>\n\t<meta property=\"og:image:type\" content=\"image\/jpeg\" \/>\n<meta name=\"author\" content=\"Benjamin DUVAL\" \/>\n<meta name=\"twitter:label1\" content=\"\u00c9crit par\" \/>\n\t<meta name=\"twitter:data1\" content=\"Benjamin DUVAL\" \/>\n\t<meta name=\"twitter:label2\" content=\"Dur\u00e9e de lecture estim\u00e9e\" \/>\n\t<meta name=\"twitter:data2\" content=\"1 minute\" \/>\n<script type=\"application\/ld+json\" class=\"yoast-schema-graph\">{\"@context\":\"https:\\\/\\\/schema.org\",\"@graph\":[{\"@type\":\"Article\",\"@id\":\"https:\\\/\\\/www.aclanester56.com\\\/velo\\\/rendez-de-1-er-2-avril-2017\\\/#article\",\"isPartOf\":{\"@id\":\"https:\\\/\\\/www.aclanester56.com\\\/velo\\\/rendez-de-1-er-2-avril-2017\\\/\"},\"author\":{\"name\":\"Benjamin DUVAL\",\"@id\":\"https:\\\/\\\/www.aclanester56.com\\\/velo\\\/#\\\/schema\\\/person\\\/759714f52da746d389b3a55e75a48790\"},\"headline\":\"Les Rendez-vous de 1 er et 2 Avril 2017\",\"datePublished\":\"2017-03-31T18:20:06+00:00\",\"mainEntityOfPage\":{\"@id\":\"https:\\\/\\\/www.aclanester56.com\\\/velo\\\/rendez-de-1-er-2-avril-2017\\\/\"},\"wordCount\":302,\"commentCount\":0,\"publisher\":{\"@id\":\"https:\\\/\\\/www.aclanester56.com\\\/velo\\\/#organization\"},\"image\":{\"@id\":\"https:\\\/\\\/www.aclanester56.com\\\/velo\\\/rendez-de-1-er-2-avril-2017\\\/#primaryimage\"},\"thumbnailUrl\":\"https:\\\/\\\/www.aclanester56.com\\\/velo\\\/wp-content\\\/uploads\\\/2017\\\/03\\\/Week-end-7.jpg\",\"articleSection\":[\"AC LANESTER 56\"],\"inLanguage\":\"fr-FR\",\"potentialAction\":[{\"@type\":\"CommentAction\",\"name\":\"Comment\",\"target\":[\"https:\\\/\\\/www.aclanester56.com\\\/velo\\\/rendez-de-1-er-2-avril-2017\\\/#respond\"]}]},{\"@type\":\"WebPage\",\"@id\":\"https:\\\/\\\/www.aclanester56.com\\\/velo\\\/rendez-de-1-er-2-avril-2017\\\/\",\"url\":\"https:\\\/\\\/www.aclanester56.com\\\/velo\\\/rendez-de-1-er-2-avril-2017\\\/\",\"name\":\"Les Rendez-vous de 1 er et 2 Avril 2017 - Avenir Cycliste Lanester 56\",\"isPartOf\":{\"@id\":\"https:\\\/\\\/www.aclanester56.com\\\/velo\\\/#website\"},\"primaryImageOfPage\":{\"@id\":\"https:\\\/\\\/www.aclanester56.com\\\/velo\\\/rendez-de-1-er-2-avril-2017\\\/#primaryimage\"},\"image\":{\"@id\":\"https:\\\/\\\/www.aclanester56.com\\\/velo\\\/rendez-de-1-er-2-avril-2017\\\/#primaryimage\"},\"thumbnailUrl\":\"https:\\\/\\\/www.aclanester56.com\\\/velo\\\/wp-content\\\/uploads\\\/2017\\\/03\\\/Week-end-7.jpg\",\"datePublished\":\"2017-03-31T18:20:06+00:00\",\"inLanguage\":\"fr-FR\",\"potentialAction\":[{\"@type\":\"ReadAction\",\"target\":[\"https:\\\/\\\/www.aclanester56.com\\\/velo\\\/rendez-de-1-er-2-avril-2017\\\/\"]}]},{\"@type\":\"ImageObject\",\"inLanguage\":\"fr-FR\",\"@id\":\"https:\\\/\\\/www.aclanester56.com\\\/velo\\\/rendez-de-1-er-2-avril-2017\\\/#primaryimage\",\"url\":\"https:\\\/\\\/www.aclanester56.com\\\/velo\\\/wp-content\\\/uploads\\\/2017\\\/03\\\/Week-end-7.jpg\",\"contentUrl\":\"https:\\\/\\\/www.aclanester56.com\\\/velo\\\/wp-content\\\/uploads\\\/2017\\\/03\\\/Week-end-7.jpg\",\"width\":2048,\"height\":1365},{\"@type\":\"WebSite\",\"@id\":\"https:\\\/\\\/www.aclanester56.com\\\/velo\\\/#website\",\"url\":\"https:\\\/\\\/www.aclanester56.com\\\/velo\\\/\",\"name\":\"Avenir Cycliste Lanester 56\",\"description\":\"Club cycliste de l&#039;AC LANESTER 56\",\"publisher\":{\"@id\":\"https:\\\/\\\/www.aclanester56.com\\\/velo\\\/#organization\"},\"potentialAction\":[{\"@type\":\"SearchAction\",\"target\":{\"@type\":\"EntryPoint\",\"urlTemplate\":\"https:\\\/\\\/www.aclanester56.com\\\/velo\\\/?s={search_term_string}\"},\"query-input\":{\"@type\":\"PropertyValueSpecification\",\"valueRequired\":true,\"valueName\":\"search_term_string\"}}],\"inLanguage\":\"fr-FR\"},{\"@type\":\"Organization\",\"@id\":\"https:\\\/\\\/www.aclanester56.com\\\/velo\\\/#organization\",\"name\":\"Avenir Cycliste Lanester 56\",\"url\":\"https:\\\/\\\/www.aclanester56.com\\\/velo\\\/\",\"logo\":{\"@type\":\"ImageObject\",\"inLanguage\":\"fr-FR\",\"@id\":\"https:\\\/\\\/www.aclanester56.com\\\/velo\\\/#\\\/schema\\\/logo\\\/image\\\/\",\"url\":\"https:\\\/\\\/www.aclanester56.com\\\/velo\\\/wp-content\\\/uploads\\\/2013\\\/04\\\/logo-ACL.jpg\",\"contentUrl\":\"https:\\\/\\\/www.aclanester56.com\\\/velo\\\/wp-content\\\/uploads\\\/2013\\\/04\\\/logo-ACL.jpg\",\"width\":400,\"height\":334,\"caption\":\"Avenir Cycliste Lanester 56\"},\"image\":{\"@id\":\"https:\\\/\\\/www.aclanester56.com\\\/velo\\\/#\\\/schema\\\/logo\\\/image\\\/\"},\"sameAs\":[\"https:\\\/\\\/www.facebook.com\\\/pages\\\/AC-Lanester-56\\\/190286300991242?fref=ts\"]},{\"@type\":\"Person\",\"@id\":\"https:\\\/\\\/www.aclanester56.com\\\/velo\\\/#\\\/schema\\\/person\\\/759714f52da746d389b3a55e75a48790\",\"name\":\"Benjamin DUVAL\",\"url\":\"https:\\\/\\\/www.aclanester56.com\\\/velo\\\/author\\\/benjamin\\\/\"}]}<\/script>\n<!-- \/ Yoast SEO plugin. -->","yoast_head_json":{"title":"Les Rendez-vous de 1 er et 2 Avril 2017 - Avenir Cycliste Lanester 56","robots":{"index":"index","follow":"follow","max-snippet":"max-snippet:-1","max-image-preview":"max-image-preview:large","max-video-preview":"max-video-preview:-1"},"canonical":"https:\/\/www.aclanester56.com\/velo\/rendez-de-1-er-2-avril-2017\/","og_locale":"fr_FR","og_type":"article","og_title":"Les Rendez-vous de 1 er et 2 Avril 2017 - Avenir Cycliste Lanester 56","og_url":"https:\/\/www.aclanester56.com\/velo\/rendez-de-1-er-2-avril-2017\/","og_site_name":"Avenir Cycliste Lanester 56","article_publisher":"https:\/\/www.facebook.com\/pages\/AC-Lanester-56\/190286300991242?fref=ts","article_published_time":"2017-03-31T18:20:06+00:00","og_image":[{"width":2048,"height":1365,"url":"https:\/\/www.aclanester56.com\/velo\/wp-content\/uploads\/2017\/03\/Week-end-7.jpg","type":"image\/jpeg"}],"author":"Benjamin DUVAL","twitter_misc":{"\u00c9crit par":"Benjamin DUVAL","Dur\u00e9e de lecture estim\u00e9e":"1 minute"},"schema":{"@context":"https:\/\/schema.org","@graph":[{"@type":"Article","@id":"https:\/\/www.aclanester56.com\/velo\/rendez-de-1-er-2-avril-2017\/#article","isPartOf":{"@id":"https:\/\/www.aclanester56.com\/velo\/rendez-de-1-er-2-avril-2017\/"},"author":{"name":"Benjamin DUVAL","@id":"https:\/\/www.aclanester56.com\/velo\/#\/schema\/person\/759714f52da746d389b3a55e75a48790"},"headline":"Les Rendez-vous de 1 er et 2 Avril 2017","datePublished":"2017-03-31T18:20:06+00:00","mainEntityOfPage":{"@id":"https:\/\/www.aclanester56.com\/velo\/rendez-de-1-er-2-avril-2017\/"},"wordCount":302,"commentCount":0,"publisher":{"@id":"https:\/\/www.aclanester56.com\/velo\/#organization"},"image":{"@id":"https:\/\/www.aclanester56.com\/velo\/rendez-de-1-er-2-avril-2017\/#primaryimage"},"thumbnailUrl":"https:\/\/www.aclanester56.com\/velo\/wp-content\/uploads\/2017\/03\/Week-end-7.jpg","articleSection":["AC LANESTER 56"],"inLanguage":"fr-FR","potentialAction":[{"@type":"CommentAction","name":"Comment","target":["https:\/\/www.aclanester56.com\/velo\/rendez-de-1-er-2-avril-2017\/#respond"]}]},{"@type":"WebPage","@id":"https:\/\/www.aclanester56.com\/velo\/rendez-de-1-er-2-avril-2017\/","url":"https:\/\/www.aclanester56.com\/velo\/rendez-de-1-er-2-avril-2017\/","name":"Les Rendez-vous de 1 er et 2 Avril 2017 - Avenir Cycliste Lanester 56","isPartOf":{"@id":"https:\/\/www.aclanester56.com\/velo\/#website"},"primaryImageOfPage":{"@id":"https:\/\/www.aclanester56.com\/velo\/rendez-de-1-er-2-avril-2017\/#primaryimage"},"image":{"@id":"https:\/\/www.aclanester56.com\/velo\/rendez-de-1-er-2-avril-2017\/#primaryimage"},"thumbnailUrl":"https:\/\/www.aclanester56.com\/velo\/wp-content\/uploads\/2017\/03\/Week-end-7.jpg","datePublished":"2017-03-31T18:20:06+00:00","inLanguage":"fr-FR","potentialAction":[{"@type":"ReadAction","target":["https:\/\/www.aclanester56.com\/velo\/rendez-de-1-er-2-avril-2017\/"]}]},{"@type":"ImageObject","inLanguage":"fr-FR","@id":"https:\/\/www.aclanester56.com\/velo\/rendez-de-1-er-2-avril-2017\/#primaryimage","url":"https:\/\/www.aclanester56.com\/velo\/wp-content\/uploads\/2017\/03\/Week-end-7.jpg","contentUrl":"https:\/\/www.aclanester56.com\/velo\/wp-content\/uploads\/2017\/03\/Week-end-7.jpg","width":2048,"height":1365},{"@type":"WebSite","@id":"https:\/\/www.aclanester56.com\/velo\/#website","url":"https:\/\/www.aclanester56.com\/velo\/","name":"Avenir Cycliste Lanester 56","description":"Club cycliste de l&#039;AC LANESTER 56","publisher":{"@id":"https:\/\/www.aclanester56.com\/velo\/#organization"},"potentialAction":[{"@type":"SearchAction","target":{"@type":"EntryPoint","urlTemplate":"https:\/\/www.aclanester56.com\/velo\/?s={search_term_string}"},"query-input":{"@type":"PropertyValueSpecification","valueRequired":true,"valueName":"search_term_string"}}],"inLanguage":"fr-FR"},{"@type":"Organization","@id":"https:\/\/www.aclanester56.com\/velo\/#organization","name":"Avenir Cycliste Lanester 56","url":"https:\/\/www.aclanester56.com\/velo\/","logo":{"@type":"ImageObject","inLanguage":"fr-FR","@id":"https:\/\/www.aclanester56.com\/velo\/#\/schema\/logo\/image\/","url":"https:\/\/www.aclanester56.com\/velo\/wp-content\/uploads\/2013\/04\/logo-ACL.jpg","contentUrl":"https:\/\/www.aclanester56.com\/velo\/wp-content\/uploads\/2013\/04\/logo-ACL.jpg","width":400,"height":334,"caption":"Avenir Cycliste Lanester 56"},"image":{"@id":"https:\/\/www.aclanester56.com\/velo\/#\/schema\/logo\/image\/"},"sameAs":["https:\/\/www.facebook.com\/pages\/AC-Lanester-56\/190286300991242?fref=ts"]},{"@type":"Person","@id":"https:\/\/www.aclanester56.com\/velo\/#\/schema\/person\/759714f52da746d389b3a55e75a48790","name":"Benjamin DUVAL","url":"https:\/\/www.aclanester56.com\/velo\/author\/benjamin\/"}]}},"_links":{"self":[{"href":"https:\/\/www.aclanester56.com\/velo\/wp-json\/wp\/v2\/posts\/32574","targetHints":{"allow":["GET"]}}],"collection":[{"href":"https:\/\/www.aclanester56.com\/velo\/wp-json\/wp\/v2\/posts"}],"about":[{"href":"https:\/\/www.aclanester56.com\/velo\/wp-json\/wp\/v2\/types\/post"}],"author":[{"embeddable":true,"href":"https:\/\/www.aclanester56.com\/velo\/wp-json\/wp\/v2\/users\/17"}],"replies":[{"embeddable":true,"href":"https:\/\/www.aclanester56.com\/velo\/wp-json\/wp\/v2\/comments?post=32574"}],"version-history":[{"count":1,"href":"https:\/\/www.aclanester56.com\/velo\/wp-json\/wp\/v2\/posts\/32574\/revisions"}],"predecessor-version":[{"id":32576,"href":"https:\/\/www.aclanester56.com\/velo\/wp-json\/wp\/v2\/posts\/32574\/revisions\/32576"}],"wp:featuredmedia":[{"embeddable":true,"href":"https:\/\/www.aclanester56.com\/velo\/wp-json\/wp\/v2\/media\/32575"}],"wp:attachment":[{"href":"https:\/\/www.aclanester56.com\/velo\/wp-json\/wp\/v2\/media?parent=32574"}],"wp:term":[{"taxonomy":"category","embeddable":true,"href":"https:\/\/www.aclanester56.com\/velo\/wp-json\/wp\/v2\/categories?post=32574"},{"taxonomy":"post_tag","embeddable":true,"href":"https:\/\/www.aclanester56.com\/velo\/wp-json\/wp\/v2\/tags?post=32574"}],"curies":[{"name":"wp","href":"https:\/\/api.w.org\/{rel}","templated":true}]}}