{"id":3260,"date":"2010-07-12T09:00:45","date_gmt":"2010-07-12T08:00:45","guid":{"rendered":"http:\/\/www.aclanester56.com\/velo\/?p=3260"},"modified":"2010-07-15T14:10:15","modified_gmt":"2010-07-15T13:10:15","slug":"nicolas-primas-vice-champion-de-bretagne-minimes","status":"publish","type":"post","link":"https:\/\/www.aclanester56.com\/velo\/nicolas-primas-vice-champion-de-bretagne-minimes\/","title":{"rendered":"Championnat de Bretagne de l&rsquo;Avenir : Nicolas Primas vice-champion minimes !"},"content":{"rendered":"<p>Les championnats de Bretagne de l&rsquo;Avenir se disputaient hier \u00e0 Maure-de-Bretagne, en Ile-et-Vilaine.<\/p>\n<p><br class=\"spacer_\" \/><\/p>\n<div id=\"attachment_3269\" style=\"width: 310px\" class=\"wp-caption alignleft\"><a rel=\"attachment wp-att-3269\" href=\"http:\/\/www.aclanester56.com\/velo\/2010\/07\/12\/nicolas-primas-vice-champion-de-bretagne-minimes\/bretagne-velo-004\/\"><img loading=\"lazy\" decoding=\"async\" aria-describedby=\"caption-attachment-3269\" class=\"size-medium wp-image-3269\" src=\"http:\/\/www.aclanester56.com\/velo\/wp-content\/uploads\/2010\/07\/bretagne-velo-004-300x225.jpg\" alt=\"\" width=\"300\" height=\"225\" srcset=\"https:\/\/www.aclanester56.com\/velo\/wp-content\/uploads\/2010\/07\/bretagne-velo-004-300x225.jpg 300w, https:\/\/www.aclanester56.com\/velo\/wp-content\/uploads\/2010\/07\/bretagne-velo-004.jpg 800w\" sizes=\"auto, (max-width: 300px) 100vw, 300px\" \/><\/a><p id=\"caption-attachment-3269\" class=\"wp-caption-text\">Les cadets Lanest\u00e9riens au d\u00e9part du championnat de Bretagne<\/p><\/div>\n<p><br class=\"spacer_\" \/><\/p>\n<p><br class=\"spacer_\" \/><\/p>\n<p><!--more--><\/p>\n<p>Apr\u00e8s son titre de champion du Morbihan conquis il y a quelques jours, Nicolas Primas (AC Lanester 56) r\u00e9alise encore une tr\u00e8s belle performance en terminant \u00e0 la seconde place du championnat de Bretagne minimes ! Alors qu&rsquo;\u00e0 200m de la ligne d&rsquo;arriv\u00e9e, il \u00e9tait compl\u00e8tement enferm\u00e9 pour le lancement du sprint, il n&rsquo;a r\u00e9ussi \u00e0 se d\u00e9gager qu&rsquo;\u00e0 100m de la ligne, pour venir \u00ab\u00a0mourir\u00a0\u00bb \u00e0 quelques centim\u00e8tres du vainqueur, le mo\u00eblannais Lannurien. Il confirme ainsi, comme lors de ses pr\u00e9c\u00e9dentes sorties, qu&rsquo;il est bien un des meilleurs bretons dans sa cat\u00e9gorie ! Le club de l&rsquo;AC Lanester 56 \u00e9tait \u00e9galement repr\u00e9sent\u00e9 par d&rsquo;autres jeunes dans cette course des minimes : Vincent Teirlynck, toujours plac\u00e9 aux avant-postes pendant la course a malheureusement \u00e9t\u00e9 victime d&rsquo;une chute dans le dernier tour. Sa d\u00e9ception \u00e9tait d&rsquo;autant plus grande qu&rsquo;un podium \u00e9tait \u00e0 sa port\u00e9e. Les progr\u00e8s r\u00e9guliers de Kevin Le Gal lui permettent d&rsquo;obtenir une belle 30\u00e8me place et lui laissent envisager de belles perspectives, d\u00e8s l&rsquo;an prochain, chez les cadets. Thibault Seveno et Thibault Morvan se sont montr\u00e9s un peu moins \u00e0 l&rsquo;aise dans le peloton, mais ont montr\u00e9 qu&rsquo;ils font eux aussi r\u00e9guli\u00e8rement d&rsquo;\u00e9normes progr\u00e8s.<\/p>\n<p>Chez les cadets, la course s&rsquo;est termin\u00e9e \u00e9galement au sprint massif et a \u00e9t\u00e9 remport\u00e9e par le castelnaudais Arnaud Th\u00e9bault. Du c\u00f4t\u00e9 de nos jeunes Lanest\u00e9riens, Pierre Hol\u00e9 termine 22\u00e8me, Melvyn Le Hen 30\u00e8me alors que Thomas Josso a \u00e9t\u00e9 d\u00e9croch\u00e9 dans le dernier tour. Rappelons que ces trois coureurs ne sont qu&rsquo;en premi\u00e8re ann\u00e9e cadet ! La confrontation au gratin breton de la cat\u00e9gorie \u00a0est sans nul doute un excellent apprentissage pour l&rsquo;ann\u00e9e prochaine. Il est important de noter que la moyenne de l&rsquo;\u00e9preuve a \u00e9t\u00e9 de 40 km\/h sur les 77 kms de course !<\/p>\n<p>Dans la cat\u00e9gorie des Juniors, en l&rsquo;absence du \u00ab\u00a0crack\u00a0\u00bb en Bretagne Olivier Le Gac, le d\u00e9part a \u00e9t\u00e9 tr\u00e8s rapide et les Lanest\u00e9riens ont manqu\u00e9 la premi\u00e8re \u00e9chapp\u00e9e du jour. Anthony Mira et Thomas Le Boucher r\u00e9ussiront tout de m\u00eame \u00e0 revenir gr\u00e2ce \u00e0 une contre-attaque, portant la t\u00eate de course \u00e0 une vingtaine d&rsquo;unit\u00e9s. Gildas Le Priellec, Heimrick Siby et Jeremy Mebon suivent dans le peloton, duquel s&rsquo;extirpe Rodolphe Henry, qui va r\u00e9aliser une belle poursuite derri\u00e8re les \u00e9chapp\u00e9s. Thomas Le Boucher cr\u00e8ve \u00e0 trois tours de l&rsquo;arriv\u00e9e. Le rouleur lanest\u00e9rien avait pourtant bien pr\u00e9par\u00e9 ce rendez-vous et cela constitue une vraie d\u00e9ception pour lui&#8230; Anthony Mira, isol\u00e9 apr\u00e8s la m\u00e9saventure de Thomas, se battra jusqu&rsquo;au bout, mais ne pourra faire mieux que 13\u00e8me. Comme les autres favoris (Le Lavandier, Le Gal, Colas, Cam,&#8230;), il a d\u00fb s&rsquo;incliner sur ce circuit relativement roulant face \u00e0 de bons outsiders, le titre revennant au mo\u00eblannais Nicolas Janvier, double champion de France sur piste dans la semaine.<\/p>\n<p><strong>Classement minimes :<\/strong><\/p>\n<p>1 Maxime Lannurien (AC Mo\u00eblanais) ;<\/p>\n<p><span style=\"background-color: #ff6600\">2 Nicolas Primas (AC Lanester 56)<\/span><\/p>\n<p>3 Mathieu Nestour (UCP Plouay)<\/p>\n<p>4 Kylian Foulgoc (AC Mo\u00eblanais)<\/p>\n<p>5 Laurent Vit (VSP Lamballe)<\/p>\n<p><br class=\"spacer_\" \/><\/p>\n<p><strong>Classement cadets :<\/strong><\/p>\n<p>1 Arnaud Th\u00e9bault (Sojasun espoir ACNC)<\/p>\n<p>2 Nicolas Le Caroff (UC Carhaisienne)<\/p>\n<p>3 Thibault Lagadec\u00a0(Moelan Cyclo Club Pays des Avens)<strong> <\/strong><\/p>\n<p>4 Corentin \u00a0Moquet (OCC Cessonnais)<\/p>\n<p>5 Jordan Le Goff (CC Moncontour)<\/p>\n<p><br class=\"spacer_\" \/><\/p>\n<p><strong>Classement juniors :<\/strong><\/p>\n<p>1 Nicolas Janvier (Moelan Cyclo Club Pays des Avens)<\/p>\n<p>2 Quentin Guillaumot (VSP Lamballe)<\/p>\n<p>3 Benoit\u00a0\u00a0Orvoen (UC Quimperl\u00e9)<\/p>\n<p>4 Vincent\u00a0\u00a0Colas (VSP Lamballe)<\/p>\n<p>5 Yann Le Burel (UC Quimperl\u00e9)<\/p>\n","protected":false},"excerpt":{"rendered":"<p>Les championnats de Bretagne de l&rsquo;Avenir se disputaient hier \u00e0 Maure-de-Bretagne, en Ile-et-Vilaine.<\/p>\n","protected":false},"author":14,"featured_media":3269,"comment_status":"open","ping_status":"open","sticky":false,"template":"","format":"standard","meta":{"ngg_post_thumbnail":0,"footnotes":""},"categories":[5],"tags":[],"class_list":["post-3260","post","type-post","status-publish","format-standard","has-post-thumbnail","hentry","category-ac-lanester-56"],"yoast_head":"<!-- This site is optimized with the Yoast SEO plugin v27.5 - https:\/\/yoast.com\/product\/yoast-seo-wordpress\/ -->\n<title>Championnat de Bretagne de l&#039;Avenir : Nicolas Primas vice-champion minimes ! - Avenir Cycliste Lanester 56<\/title>\n<meta name=\"robots\" content=\"index, follow, max-snippet:-1, max-image-preview:large, max-video-preview:-1\" \/>\n<link rel=\"canonical\" href=\"https:\/\/www.aclanester56.com\/velo\/nicolas-primas-vice-champion-de-bretagne-minimes\/\" \/>\n<meta property=\"og:locale\" content=\"fr_FR\" \/>\n<meta property=\"og:type\" content=\"article\" \/>\n<meta property=\"og:title\" content=\"Championnat de Bretagne de l&#039;Avenir : Nicolas Primas vice-champion minimes ! - Avenir Cycliste Lanester 56\" \/>\n<meta property=\"og:description\" content=\"Les championnats de Bretagne de l&rsquo;Avenir se disputaient hier \u00e0 Maure-de-Bretagne, en Ile-et-Vilaine.\" \/>\n<meta property=\"og:url\" content=\"https:\/\/www.aclanester56.com\/velo\/nicolas-primas-vice-champion-de-bretagne-minimes\/\" \/>\n<meta property=\"og:site_name\" content=\"Avenir Cycliste Lanester 56\" \/>\n<meta property=\"article:publisher\" content=\"https:\/\/www.facebook.com\/pages\/AC-Lanester-56\/190286300991242?fref=ts\" \/>\n<meta property=\"article:published_time\" content=\"2010-07-12T08:00:45+00:00\" \/>\n<meta property=\"article:modified_time\" content=\"2010-07-15T13:10:15+00:00\" \/>\n<meta property=\"og:image\" content=\"https:\/\/www.aclanester56.com\/velo\/wp-content\/uploads\/2010\/07\/bretagne-velo-004.jpg\" \/>\n\t<meta property=\"og:image:width\" content=\"800\" \/>\n\t<meta property=\"og:image:height\" content=\"600\" \/>\n\t<meta property=\"og:image:type\" content=\"image\/jpeg\" \/>\n<meta name=\"author\" content=\"Jean-Christophe\" \/>\n<meta name=\"twitter:label1\" content=\"\u00c9crit par\" \/>\n\t<meta name=\"twitter:data1\" content=\"Jean-Christophe\" \/>\n\t<meta name=\"twitter:label2\" content=\"Dur\u00e9e de lecture estim\u00e9e\" \/>\n\t<meta name=\"twitter:data2\" content=\"3 minutes\" \/>\n<script type=\"application\/ld+json\" class=\"yoast-schema-graph\">{\"@context\":\"https:\\\/\\\/schema.org\",\"@graph\":[{\"@type\":\"Article\",\"@id\":\"https:\\\/\\\/www.aclanester56.com\\\/velo\\\/nicolas-primas-vice-champion-de-bretagne-minimes\\\/#article\",\"isPartOf\":{\"@id\":\"https:\\\/\\\/www.aclanester56.com\\\/velo\\\/nicolas-primas-vice-champion-de-bretagne-minimes\\\/\"},\"author\":{\"name\":\"Jean-Christophe\",\"@id\":\"https:\\\/\\\/www.aclanester56.com\\\/velo\\\/#\\\/schema\\\/person\\\/ca2a44a5fd969e9dd846c72d3b33bc01\"},\"headline\":\"Championnat de Bretagne de l&rsquo;Avenir : Nicolas Primas vice-champion minimes !\",\"datePublished\":\"2010-07-12T08:00:45+00:00\",\"dateModified\":\"2010-07-15T13:10:15+00:00\",\"mainEntityOfPage\":{\"@id\":\"https:\\\/\\\/www.aclanester56.com\\\/velo\\\/nicolas-primas-vice-champion-de-bretagne-minimes\\\/\"},\"wordCount\":617,\"commentCount\":0,\"publisher\":{\"@id\":\"https:\\\/\\\/www.aclanester56.com\\\/velo\\\/#organization\"},\"image\":{\"@id\":\"https:\\\/\\\/www.aclanester56.com\\\/velo\\\/nicolas-primas-vice-champion-de-bretagne-minimes\\\/#primaryimage\"},\"thumbnailUrl\":\"https:\\\/\\\/www.aclanester56.com\\\/velo\\\/wp-content\\\/uploads\\\/2010\\\/07\\\/bretagne-velo-004.jpg\",\"articleSection\":[\"AC LANESTER 56\"],\"inLanguage\":\"fr-FR\",\"potentialAction\":[{\"@type\":\"CommentAction\",\"name\":\"Comment\",\"target\":[\"https:\\\/\\\/www.aclanester56.com\\\/velo\\\/nicolas-primas-vice-champion-de-bretagne-minimes\\\/#respond\"]}]},{\"@type\":\"WebPage\",\"@id\":\"https:\\\/\\\/www.aclanester56.com\\\/velo\\\/nicolas-primas-vice-champion-de-bretagne-minimes\\\/\",\"url\":\"https:\\\/\\\/www.aclanester56.com\\\/velo\\\/nicolas-primas-vice-champion-de-bretagne-minimes\\\/\",\"name\":\"Championnat de Bretagne de l'Avenir : Nicolas Primas vice-champion minimes ! - Avenir Cycliste Lanester 56\",\"isPartOf\":{\"@id\":\"https:\\\/\\\/www.aclanester56.com\\\/velo\\\/#website\"},\"primaryImageOfPage\":{\"@id\":\"https:\\\/\\\/www.aclanester56.com\\\/velo\\\/nicolas-primas-vice-champion-de-bretagne-minimes\\\/#primaryimage\"},\"image\":{\"@id\":\"https:\\\/\\\/www.aclanester56.com\\\/velo\\\/nicolas-primas-vice-champion-de-bretagne-minimes\\\/#primaryimage\"},\"thumbnailUrl\":\"https:\\\/\\\/www.aclanester56.com\\\/velo\\\/wp-content\\\/uploads\\\/2010\\\/07\\\/bretagne-velo-004.jpg\",\"datePublished\":\"2010-07-12T08:00:45+00:00\",\"dateModified\":\"2010-07-15T13:10:15+00:00\",\"inLanguage\":\"fr-FR\",\"potentialAction\":[{\"@type\":\"ReadAction\",\"target\":[\"https:\\\/\\\/www.aclanester56.com\\\/velo\\\/nicolas-primas-vice-champion-de-bretagne-minimes\\\/\"]}]},{\"@type\":\"ImageObject\",\"inLanguage\":\"fr-FR\",\"@id\":\"https:\\\/\\\/www.aclanester56.com\\\/velo\\\/nicolas-primas-vice-champion-de-bretagne-minimes\\\/#primaryimage\",\"url\":\"https:\\\/\\\/www.aclanester56.com\\\/velo\\\/wp-content\\\/uploads\\\/2010\\\/07\\\/bretagne-velo-004.jpg\",\"contentUrl\":\"https:\\\/\\\/www.aclanester56.com\\\/velo\\\/wp-content\\\/uploads\\\/2010\\\/07\\\/bretagne-velo-004.jpg\",\"width\":800,\"height\":600,\"caption\":\"Les cadets Lanest\u00e9riens au d\u00e9part du championnat de Bretagne\"},{\"@type\":\"WebSite\",\"@id\":\"https:\\\/\\\/www.aclanester56.com\\\/velo\\\/#website\",\"url\":\"https:\\\/\\\/www.aclanester56.com\\\/velo\\\/\",\"name\":\"Avenir Cycliste Lanester 56\",\"description\":\"Club cycliste de l&#039;AC LANESTER 56\",\"publisher\":{\"@id\":\"https:\\\/\\\/www.aclanester56.com\\\/velo\\\/#organization\"},\"potentialAction\":[{\"@type\":\"SearchAction\",\"target\":{\"@type\":\"EntryPoint\",\"urlTemplate\":\"https:\\\/\\\/www.aclanester56.com\\\/velo\\\/?s={search_term_string}\"},\"query-input\":{\"@type\":\"PropertyValueSpecification\",\"valueRequired\":true,\"valueName\":\"search_term_string\"}}],\"inLanguage\":\"fr-FR\"},{\"@type\":\"Organization\",\"@id\":\"https:\\\/\\\/www.aclanester56.com\\\/velo\\\/#organization\",\"name\":\"Avenir Cycliste Lanester 56\",\"url\":\"https:\\\/\\\/www.aclanester56.com\\\/velo\\\/\",\"logo\":{\"@type\":\"ImageObject\",\"inLanguage\":\"fr-FR\",\"@id\":\"https:\\\/\\\/www.aclanester56.com\\\/velo\\\/#\\\/schema\\\/logo\\\/image\\\/\",\"url\":\"https:\\\/\\\/www.aclanester56.com\\\/velo\\\/wp-content\\\/uploads\\\/2013\\\/04\\\/logo-ACL.jpg\",\"contentUrl\":\"https:\\\/\\\/www.aclanester56.com\\\/velo\\\/wp-content\\\/uploads\\\/2013\\\/04\\\/logo-ACL.jpg\",\"width\":400,\"height\":334,\"caption\":\"Avenir Cycliste Lanester 56\"},\"image\":{\"@id\":\"https:\\\/\\\/www.aclanester56.com\\\/velo\\\/#\\\/schema\\\/logo\\\/image\\\/\"},\"sameAs\":[\"https:\\\/\\\/www.facebook.com\\\/pages\\\/AC-Lanester-56\\\/190286300991242?fref=ts\"]},{\"@type\":\"Person\",\"@id\":\"https:\\\/\\\/www.aclanester56.com\\\/velo\\\/#\\\/schema\\\/person\\\/ca2a44a5fd969e9dd846c72d3b33bc01\",\"name\":\"Jean-Christophe\",\"url\":\"https:\\\/\\\/www.aclanester56.com\\\/velo\\\/author\\\/jeanchristophe\\\/\"}]}<\/script>\n<!-- \/ Yoast SEO plugin. -->","yoast_head_json":{"title":"Championnat de Bretagne de l'Avenir : Nicolas Primas vice-champion minimes ! - Avenir Cycliste Lanester 56","robots":{"index":"index","follow":"follow","max-snippet":"max-snippet:-1","max-image-preview":"max-image-preview:large","max-video-preview":"max-video-preview:-1"},"canonical":"https:\/\/www.aclanester56.com\/velo\/nicolas-primas-vice-champion-de-bretagne-minimes\/","og_locale":"fr_FR","og_type":"article","og_title":"Championnat de Bretagne de l'Avenir : Nicolas Primas vice-champion minimes ! - Avenir Cycliste Lanester 56","og_description":"Les championnats de Bretagne de l&rsquo;Avenir se disputaient hier \u00e0 Maure-de-Bretagne, en Ile-et-Vilaine.","og_url":"https:\/\/www.aclanester56.com\/velo\/nicolas-primas-vice-champion-de-bretagne-minimes\/","og_site_name":"Avenir Cycliste Lanester 56","article_publisher":"https:\/\/www.facebook.com\/pages\/AC-Lanester-56\/190286300991242?fref=ts","article_published_time":"2010-07-12T08:00:45+00:00","article_modified_time":"2010-07-15T13:10:15+00:00","og_image":[{"width":800,"height":600,"url":"https:\/\/www.aclanester56.com\/velo\/wp-content\/uploads\/2010\/07\/bretagne-velo-004.jpg","type":"image\/jpeg"}],"author":"Jean-Christophe","twitter_misc":{"\u00c9crit par":"Jean-Christophe","Dur\u00e9e de lecture estim\u00e9e":"3 minutes"},"schema":{"@context":"https:\/\/schema.org","@graph":[{"@type":"Article","@id":"https:\/\/www.aclanester56.com\/velo\/nicolas-primas-vice-champion-de-bretagne-minimes\/#article","isPartOf":{"@id":"https:\/\/www.aclanester56.com\/velo\/nicolas-primas-vice-champion-de-bretagne-minimes\/"},"author":{"name":"Jean-Christophe","@id":"https:\/\/www.aclanester56.com\/velo\/#\/schema\/person\/ca2a44a5fd969e9dd846c72d3b33bc01"},"headline":"Championnat de Bretagne de l&rsquo;Avenir : Nicolas Primas vice-champion minimes !","datePublished":"2010-07-12T08:00:45+00:00","dateModified":"2010-07-15T13:10:15+00:00","mainEntityOfPage":{"@id":"https:\/\/www.aclanester56.com\/velo\/nicolas-primas-vice-champion-de-bretagne-minimes\/"},"wordCount":617,"commentCount":0,"publisher":{"@id":"https:\/\/www.aclanester56.com\/velo\/#organization"},"image":{"@id":"https:\/\/www.aclanester56.com\/velo\/nicolas-primas-vice-champion-de-bretagne-minimes\/#primaryimage"},"thumbnailUrl":"https:\/\/www.aclanester56.com\/velo\/wp-content\/uploads\/2010\/07\/bretagne-velo-004.jpg","articleSection":["AC LANESTER 56"],"inLanguage":"fr-FR","potentialAction":[{"@type":"CommentAction","name":"Comment","target":["https:\/\/www.aclanester56.com\/velo\/nicolas-primas-vice-champion-de-bretagne-minimes\/#respond"]}]},{"@type":"WebPage","@id":"https:\/\/www.aclanester56.com\/velo\/nicolas-primas-vice-champion-de-bretagne-minimes\/","url":"https:\/\/www.aclanester56.com\/velo\/nicolas-primas-vice-champion-de-bretagne-minimes\/","name":"Championnat de Bretagne de l'Avenir : Nicolas Primas vice-champion minimes ! - Avenir Cycliste Lanester 56","isPartOf":{"@id":"https:\/\/www.aclanester56.com\/velo\/#website"},"primaryImageOfPage":{"@id":"https:\/\/www.aclanester56.com\/velo\/nicolas-primas-vice-champion-de-bretagne-minimes\/#primaryimage"},"image":{"@id":"https:\/\/www.aclanester56.com\/velo\/nicolas-primas-vice-champion-de-bretagne-minimes\/#primaryimage"},"thumbnailUrl":"https:\/\/www.aclanester56.com\/velo\/wp-content\/uploads\/2010\/07\/bretagne-velo-004.jpg","datePublished":"2010-07-12T08:00:45+00:00","dateModified":"2010-07-15T13:10:15+00:00","inLanguage":"fr-FR","potentialAction":[{"@type":"ReadAction","target":["https:\/\/www.aclanester56.com\/velo\/nicolas-primas-vice-champion-de-bretagne-minimes\/"]}]},{"@type":"ImageObject","inLanguage":"fr-FR","@id":"https:\/\/www.aclanester56.com\/velo\/nicolas-primas-vice-champion-de-bretagne-minimes\/#primaryimage","url":"https:\/\/www.aclanester56.com\/velo\/wp-content\/uploads\/2010\/07\/bretagne-velo-004.jpg","contentUrl":"https:\/\/www.aclanester56.com\/velo\/wp-content\/uploads\/2010\/07\/bretagne-velo-004.jpg","width":800,"height":600,"caption":"Les cadets Lanest\u00e9riens au d\u00e9part du championnat de Bretagne"},{"@type":"WebSite","@id":"https:\/\/www.aclanester56.com\/velo\/#website","url":"https:\/\/www.aclanester56.com\/velo\/","name":"Avenir Cycliste Lanester 56","description":"Club cycliste de l&#039;AC LANESTER 56","publisher":{"@id":"https:\/\/www.aclanester56.com\/velo\/#organization"},"potentialAction":[{"@type":"SearchAction","target":{"@type":"EntryPoint","urlTemplate":"https:\/\/www.aclanester56.com\/velo\/?s={search_term_string}"},"query-input":{"@type":"PropertyValueSpecification","valueRequired":true,"valueName":"search_term_string"}}],"inLanguage":"fr-FR"},{"@type":"Organization","@id":"https:\/\/www.aclanester56.com\/velo\/#organization","name":"Avenir Cycliste Lanester 56","url":"https:\/\/www.aclanester56.com\/velo\/","logo":{"@type":"ImageObject","inLanguage":"fr-FR","@id":"https:\/\/www.aclanester56.com\/velo\/#\/schema\/logo\/image\/","url":"https:\/\/www.aclanester56.com\/velo\/wp-content\/uploads\/2013\/04\/logo-ACL.jpg","contentUrl":"https:\/\/www.aclanester56.com\/velo\/wp-content\/uploads\/2013\/04\/logo-ACL.jpg","width":400,"height":334,"caption":"Avenir Cycliste Lanester 56"},"image":{"@id":"https:\/\/www.aclanester56.com\/velo\/#\/schema\/logo\/image\/"},"sameAs":["https:\/\/www.facebook.com\/pages\/AC-Lanester-56\/190286300991242?fref=ts"]},{"@type":"Person","@id":"https:\/\/www.aclanester56.com\/velo\/#\/schema\/person\/ca2a44a5fd969e9dd846c72d3b33bc01","name":"Jean-Christophe","url":"https:\/\/www.aclanester56.com\/velo\/author\/jeanchristophe\/"}]}},"_links":{"self":[{"href":"https:\/\/www.aclanester56.com\/velo\/wp-json\/wp\/v2\/posts\/3260","targetHints":{"allow":["GET"]}}],"collection":[{"href":"https:\/\/www.aclanester56.com\/velo\/wp-json\/wp\/v2\/posts"}],"about":[{"href":"https:\/\/www.aclanester56.com\/velo\/wp-json\/wp\/v2\/types\/post"}],"author":[{"embeddable":true,"href":"https:\/\/www.aclanester56.com\/velo\/wp-json\/wp\/v2\/users\/14"}],"replies":[{"embeddable":true,"href":"https:\/\/www.aclanester56.com\/velo\/wp-json\/wp\/v2\/comments?post=3260"}],"version-history":[{"count":0,"href":"https:\/\/www.aclanester56.com\/velo\/wp-json\/wp\/v2\/posts\/3260\/revisions"}],"wp:featuredmedia":[{"embeddable":true,"href":"https:\/\/www.aclanester56.com\/velo\/wp-json\/wp\/v2\/media\/3269"}],"wp:attachment":[{"href":"https:\/\/www.aclanester56.com\/velo\/wp-json\/wp\/v2\/media?parent=3260"}],"wp:term":[{"taxonomy":"category","embeddable":true,"href":"https:\/\/www.aclanester56.com\/velo\/wp-json\/wp\/v2\/categories?post=3260"},{"taxonomy":"post_tag","embeddable":true,"href":"https:\/\/www.aclanester56.com\/velo\/wp-json\/wp\/v2\/tags?post=3260"}],"curies":[{"name":"wp","href":"https:\/\/api.w.org\/{rel}","templated":true}]}}