{"id":33026,"date":"2017-04-14T20:32:54","date_gmt":"2017-04-14T19:32:54","guid":{"rendered":"https:\/\/www.aclanester56.com\/velo\/?p=33026"},"modified":"2017-04-14T20:32:54","modified_gmt":"2017-04-14T19:32:54","slug":"rendez-14-15-avril-2017","status":"publish","type":"post","link":"https:\/\/www.aclanester56.com\/velo\/rendez-14-15-avril-2017\/","title":{"rendered":"Les Rendez-vous du 14 &#038; 15 Avril 2017"},"content":{"rendered":"<p><!--more--><\/p>\n<p>Week end N\u00b09 :<\/p>\n<p>Avant le circuit des jeunes ce dimanche, demain a concarneau le cabellou en 3 \u00e8me cat Richard Meleuc sera au d\u00e9part tandis que sur la piste de Plouay on retrouvera Brendan Le Cam et Cl\u00e9ment Tesseire en juniors ainsi que Mewen Baltenweck, Benjamin Duval, Andy Le Mouellic et Tony Le Tellier pour les championnats du Morbihan de poursuite individuelle, vitesse individuelle et course aux points !<\/p>\n<p>Dimanche donc le 5 \u00e8me circuit des jeunes ou pour les \u00e9coles de cyclisme Matis Le Terrien (pr\u00e9 licienc\u00e9s), Adam Carret, Louison Chaillet Herve, Oscar Dugue, Pauline Jaffre, Quentin Le Beller, Kaelig Le Douaron et Adrien Mahe (poussins), Jules Bilien, No\u00e9 Cougoulat, Leonie Jaffre, Lucas Loussouarn et Malo Rivalain Le Gac (pupilles), Jules Bilen, Dylan Blanc Bihan, Meddy Josso, Cl\u00e9ment Le Borgne, Soen Le Bouedec, Gautier Le Bouedec, Louenn Loezic, Maylis Pontus et Kylian Uhel Juhel (Benjamins)<\/p>\n<p>En Minimes Th\u00e9otime Cadoret, Paul Huffenus, Cyriac Jourbel, Tristan Le Bris et Mathieu Marly seront pr\u00e9sents.<\/p>\n<p>Chez les cadets, une \u00e9quipe au grand complet avec Medhi Bachir, C\u00e9lestin Cadoret, Meven J\u00e9z\u00e9quel, Ewen Le Chenadec, Pierre Le Coz, Pierre Louis Le Pouezard, Julian Morel, Corentin Roy\u00e9 et Enzo Thomas.<\/p>\n","protected":false},"excerpt":{"rendered":"","protected":false},"author":17,"featured_media":33027,"comment_status":"open","ping_status":"open","sticky":false,"template":"","format":"standard","meta":{"ngg_post_thumbnail":0,"footnotes":""},"categories":[5],"tags":[],"class_list":["post-33026","post","type-post","status-publish","format-standard","has-post-thumbnail","hentry","category-ac-lanester-56"],"yoast_head":"<!-- This site is optimized with the Yoast SEO plugin v27.4 - https:\/\/yoast.com\/product\/yoast-seo-wordpress\/ -->\n<title>Les Rendez-vous du 14 &amp; 15 Avril 2017 - Avenir Cycliste Lanester 56<\/title>\n<meta name=\"robots\" content=\"index, follow, max-snippet:-1, max-image-preview:large, max-video-preview:-1\" \/>\n<link rel=\"canonical\" href=\"https:\/\/www.aclanester56.com\/velo\/rendez-14-15-avril-2017\/\" \/>\n<meta property=\"og:locale\" content=\"fr_FR\" \/>\n<meta property=\"og:type\" content=\"article\" \/>\n<meta property=\"og:title\" content=\"Les Rendez-vous du 14 &amp; 15 Avril 2017 - Avenir Cycliste Lanester 56\" \/>\n<meta property=\"og:url\" content=\"https:\/\/www.aclanester56.com\/velo\/rendez-14-15-avril-2017\/\" \/>\n<meta property=\"og:site_name\" content=\"Avenir Cycliste Lanester 56\" \/>\n<meta property=\"article:publisher\" content=\"https:\/\/www.facebook.com\/pages\/AC-Lanester-56\/190286300991242?fref=ts\" \/>\n<meta property=\"article:published_time\" content=\"2017-04-14T19:32:54+00:00\" \/>\n<meta property=\"og:image\" content=\"https:\/\/www.aclanester56.com\/velo\/wp-content\/uploads\/2017\/04\/week-end-9.jpg\" \/>\n\t<meta property=\"og:image:width\" content=\"626\" \/>\n\t<meta property=\"og:image:height\" content=\"960\" \/>\n\t<meta property=\"og:image:type\" content=\"image\/jpeg\" \/>\n<meta name=\"author\" content=\"Benjamin DUVAL\" \/>\n<meta name=\"twitter:label1\" content=\"\u00c9crit par\" \/>\n\t<meta name=\"twitter:data1\" content=\"Benjamin DUVAL\" \/>\n\t<meta name=\"twitter:label2\" content=\"Dur\u00e9e de lecture estim\u00e9e\" \/>\n\t<meta name=\"twitter:data2\" content=\"1 minute\" \/>\n<script type=\"application\/ld+json\" class=\"yoast-schema-graph\">{\"@context\":\"https:\\\/\\\/schema.org\",\"@graph\":[{\"@type\":\"Article\",\"@id\":\"https:\\\/\\\/www.aclanester56.com\\\/velo\\\/rendez-14-15-avril-2017\\\/#article\",\"isPartOf\":{\"@id\":\"https:\\\/\\\/www.aclanester56.com\\\/velo\\\/rendez-14-15-avril-2017\\\/\"},\"author\":{\"name\":\"Benjamin DUVAL\",\"@id\":\"https:\\\/\\\/www.aclanester56.com\\\/velo\\\/#\\\/schema\\\/person\\\/759714f52da746d389b3a55e75a48790\"},\"headline\":\"Les Rendez-vous du 14 &#038; 15 Avril 2017\",\"datePublished\":\"2017-04-14T19:32:54+00:00\",\"mainEntityOfPage\":{\"@id\":\"https:\\\/\\\/www.aclanester56.com\\\/velo\\\/rendez-14-15-avril-2017\\\/\"},\"wordCount\":204,\"commentCount\":0,\"publisher\":{\"@id\":\"https:\\\/\\\/www.aclanester56.com\\\/velo\\\/#organization\"},\"image\":{\"@id\":\"https:\\\/\\\/www.aclanester56.com\\\/velo\\\/rendez-14-15-avril-2017\\\/#primaryimage\"},\"thumbnailUrl\":\"https:\\\/\\\/www.aclanester56.com\\\/velo\\\/wp-content\\\/uploads\\\/2017\\\/04\\\/week-end-9.jpg\",\"articleSection\":[\"AC LANESTER 56\"],\"inLanguage\":\"fr-FR\",\"potentialAction\":[{\"@type\":\"CommentAction\",\"name\":\"Comment\",\"target\":[\"https:\\\/\\\/www.aclanester56.com\\\/velo\\\/rendez-14-15-avril-2017\\\/#respond\"]}]},{\"@type\":\"WebPage\",\"@id\":\"https:\\\/\\\/www.aclanester56.com\\\/velo\\\/rendez-14-15-avril-2017\\\/\",\"url\":\"https:\\\/\\\/www.aclanester56.com\\\/velo\\\/rendez-14-15-avril-2017\\\/\",\"name\":\"Les Rendez-vous du 14 & 15 Avril 2017 - Avenir Cycliste Lanester 56\",\"isPartOf\":{\"@id\":\"https:\\\/\\\/www.aclanester56.com\\\/velo\\\/#website\"},\"primaryImageOfPage\":{\"@id\":\"https:\\\/\\\/www.aclanester56.com\\\/velo\\\/rendez-14-15-avril-2017\\\/#primaryimage\"},\"image\":{\"@id\":\"https:\\\/\\\/www.aclanester56.com\\\/velo\\\/rendez-14-15-avril-2017\\\/#primaryimage\"},\"thumbnailUrl\":\"https:\\\/\\\/www.aclanester56.com\\\/velo\\\/wp-content\\\/uploads\\\/2017\\\/04\\\/week-end-9.jpg\",\"datePublished\":\"2017-04-14T19:32:54+00:00\",\"inLanguage\":\"fr-FR\",\"potentialAction\":[{\"@type\":\"ReadAction\",\"target\":[\"https:\\\/\\\/www.aclanester56.com\\\/velo\\\/rendez-14-15-avril-2017\\\/\"]}]},{\"@type\":\"ImageObject\",\"inLanguage\":\"fr-FR\",\"@id\":\"https:\\\/\\\/www.aclanester56.com\\\/velo\\\/rendez-14-15-avril-2017\\\/#primaryimage\",\"url\":\"https:\\\/\\\/www.aclanester56.com\\\/velo\\\/wp-content\\\/uploads\\\/2017\\\/04\\\/week-end-9.jpg\",\"contentUrl\":\"https:\\\/\\\/www.aclanester56.com\\\/velo\\\/wp-content\\\/uploads\\\/2017\\\/04\\\/week-end-9.jpg\",\"width\":626,\"height\":960},{\"@type\":\"WebSite\",\"@id\":\"https:\\\/\\\/www.aclanester56.com\\\/velo\\\/#website\",\"url\":\"https:\\\/\\\/www.aclanester56.com\\\/velo\\\/\",\"name\":\"Avenir Cycliste Lanester 56\",\"description\":\"Club cycliste de l&#039;AC LANESTER 56\",\"publisher\":{\"@id\":\"https:\\\/\\\/www.aclanester56.com\\\/velo\\\/#organization\"},\"potentialAction\":[{\"@type\":\"SearchAction\",\"target\":{\"@type\":\"EntryPoint\",\"urlTemplate\":\"https:\\\/\\\/www.aclanester56.com\\\/velo\\\/?s={search_term_string}\"},\"query-input\":{\"@type\":\"PropertyValueSpecification\",\"valueRequired\":true,\"valueName\":\"search_term_string\"}}],\"inLanguage\":\"fr-FR\"},{\"@type\":\"Organization\",\"@id\":\"https:\\\/\\\/www.aclanester56.com\\\/velo\\\/#organization\",\"name\":\"Avenir Cycliste Lanester 56\",\"url\":\"https:\\\/\\\/www.aclanester56.com\\\/velo\\\/\",\"logo\":{\"@type\":\"ImageObject\",\"inLanguage\":\"fr-FR\",\"@id\":\"https:\\\/\\\/www.aclanester56.com\\\/velo\\\/#\\\/schema\\\/logo\\\/image\\\/\",\"url\":\"https:\\\/\\\/www.aclanester56.com\\\/velo\\\/wp-content\\\/uploads\\\/2013\\\/04\\\/logo-ACL.jpg\",\"contentUrl\":\"https:\\\/\\\/www.aclanester56.com\\\/velo\\\/wp-content\\\/uploads\\\/2013\\\/04\\\/logo-ACL.jpg\",\"width\":400,\"height\":334,\"caption\":\"Avenir Cycliste Lanester 56\"},\"image\":{\"@id\":\"https:\\\/\\\/www.aclanester56.com\\\/velo\\\/#\\\/schema\\\/logo\\\/image\\\/\"},\"sameAs\":[\"https:\\\/\\\/www.facebook.com\\\/pages\\\/AC-Lanester-56\\\/190286300991242?fref=ts\"]},{\"@type\":\"Person\",\"@id\":\"https:\\\/\\\/www.aclanester56.com\\\/velo\\\/#\\\/schema\\\/person\\\/759714f52da746d389b3a55e75a48790\",\"name\":\"Benjamin DUVAL\",\"url\":\"https:\\\/\\\/www.aclanester56.com\\\/velo\\\/author\\\/benjamin\\\/\"}]}<\/script>\n<!-- \/ Yoast SEO plugin. -->","yoast_head_json":{"title":"Les Rendez-vous du 14 & 15 Avril 2017 - Avenir Cycliste Lanester 56","robots":{"index":"index","follow":"follow","max-snippet":"max-snippet:-1","max-image-preview":"max-image-preview:large","max-video-preview":"max-video-preview:-1"},"canonical":"https:\/\/www.aclanester56.com\/velo\/rendez-14-15-avril-2017\/","og_locale":"fr_FR","og_type":"article","og_title":"Les Rendez-vous du 14 & 15 Avril 2017 - Avenir Cycliste Lanester 56","og_url":"https:\/\/www.aclanester56.com\/velo\/rendez-14-15-avril-2017\/","og_site_name":"Avenir Cycliste Lanester 56","article_publisher":"https:\/\/www.facebook.com\/pages\/AC-Lanester-56\/190286300991242?fref=ts","article_published_time":"2017-04-14T19:32:54+00:00","og_image":[{"width":626,"height":960,"url":"https:\/\/www.aclanester56.com\/velo\/wp-content\/uploads\/2017\/04\/week-end-9.jpg","type":"image\/jpeg"}],"author":"Benjamin DUVAL","twitter_misc":{"\u00c9crit par":"Benjamin DUVAL","Dur\u00e9e de lecture estim\u00e9e":"1 minute"},"schema":{"@context":"https:\/\/schema.org","@graph":[{"@type":"Article","@id":"https:\/\/www.aclanester56.com\/velo\/rendez-14-15-avril-2017\/#article","isPartOf":{"@id":"https:\/\/www.aclanester56.com\/velo\/rendez-14-15-avril-2017\/"},"author":{"name":"Benjamin DUVAL","@id":"https:\/\/www.aclanester56.com\/velo\/#\/schema\/person\/759714f52da746d389b3a55e75a48790"},"headline":"Les Rendez-vous du 14 &#038; 15 Avril 2017","datePublished":"2017-04-14T19:32:54+00:00","mainEntityOfPage":{"@id":"https:\/\/www.aclanester56.com\/velo\/rendez-14-15-avril-2017\/"},"wordCount":204,"commentCount":0,"publisher":{"@id":"https:\/\/www.aclanester56.com\/velo\/#organization"},"image":{"@id":"https:\/\/www.aclanester56.com\/velo\/rendez-14-15-avril-2017\/#primaryimage"},"thumbnailUrl":"https:\/\/www.aclanester56.com\/velo\/wp-content\/uploads\/2017\/04\/week-end-9.jpg","articleSection":["AC LANESTER 56"],"inLanguage":"fr-FR","potentialAction":[{"@type":"CommentAction","name":"Comment","target":["https:\/\/www.aclanester56.com\/velo\/rendez-14-15-avril-2017\/#respond"]}]},{"@type":"WebPage","@id":"https:\/\/www.aclanester56.com\/velo\/rendez-14-15-avril-2017\/","url":"https:\/\/www.aclanester56.com\/velo\/rendez-14-15-avril-2017\/","name":"Les Rendez-vous du 14 & 15 Avril 2017 - Avenir Cycliste Lanester 56","isPartOf":{"@id":"https:\/\/www.aclanester56.com\/velo\/#website"},"primaryImageOfPage":{"@id":"https:\/\/www.aclanester56.com\/velo\/rendez-14-15-avril-2017\/#primaryimage"},"image":{"@id":"https:\/\/www.aclanester56.com\/velo\/rendez-14-15-avril-2017\/#primaryimage"},"thumbnailUrl":"https:\/\/www.aclanester56.com\/velo\/wp-content\/uploads\/2017\/04\/week-end-9.jpg","datePublished":"2017-04-14T19:32:54+00:00","inLanguage":"fr-FR","potentialAction":[{"@type":"ReadAction","target":["https:\/\/www.aclanester56.com\/velo\/rendez-14-15-avril-2017\/"]}]},{"@type":"ImageObject","inLanguage":"fr-FR","@id":"https:\/\/www.aclanester56.com\/velo\/rendez-14-15-avril-2017\/#primaryimage","url":"https:\/\/www.aclanester56.com\/velo\/wp-content\/uploads\/2017\/04\/week-end-9.jpg","contentUrl":"https:\/\/www.aclanester56.com\/velo\/wp-content\/uploads\/2017\/04\/week-end-9.jpg","width":626,"height":960},{"@type":"WebSite","@id":"https:\/\/www.aclanester56.com\/velo\/#website","url":"https:\/\/www.aclanester56.com\/velo\/","name":"Avenir Cycliste Lanester 56","description":"Club cycliste de l&#039;AC LANESTER 56","publisher":{"@id":"https:\/\/www.aclanester56.com\/velo\/#organization"},"potentialAction":[{"@type":"SearchAction","target":{"@type":"EntryPoint","urlTemplate":"https:\/\/www.aclanester56.com\/velo\/?s={search_term_string}"},"query-input":{"@type":"PropertyValueSpecification","valueRequired":true,"valueName":"search_term_string"}}],"inLanguage":"fr-FR"},{"@type":"Organization","@id":"https:\/\/www.aclanester56.com\/velo\/#organization","name":"Avenir Cycliste Lanester 56","url":"https:\/\/www.aclanester56.com\/velo\/","logo":{"@type":"ImageObject","inLanguage":"fr-FR","@id":"https:\/\/www.aclanester56.com\/velo\/#\/schema\/logo\/image\/","url":"https:\/\/www.aclanester56.com\/velo\/wp-content\/uploads\/2013\/04\/logo-ACL.jpg","contentUrl":"https:\/\/www.aclanester56.com\/velo\/wp-content\/uploads\/2013\/04\/logo-ACL.jpg","width":400,"height":334,"caption":"Avenir Cycliste Lanester 56"},"image":{"@id":"https:\/\/www.aclanester56.com\/velo\/#\/schema\/logo\/image\/"},"sameAs":["https:\/\/www.facebook.com\/pages\/AC-Lanester-56\/190286300991242?fref=ts"]},{"@type":"Person","@id":"https:\/\/www.aclanester56.com\/velo\/#\/schema\/person\/759714f52da746d389b3a55e75a48790","name":"Benjamin DUVAL","url":"https:\/\/www.aclanester56.com\/velo\/author\/benjamin\/"}]}},"_links":{"self":[{"href":"https:\/\/www.aclanester56.com\/velo\/wp-json\/wp\/v2\/posts\/33026","targetHints":{"allow":["GET"]}}],"collection":[{"href":"https:\/\/www.aclanester56.com\/velo\/wp-json\/wp\/v2\/posts"}],"about":[{"href":"https:\/\/www.aclanester56.com\/velo\/wp-json\/wp\/v2\/types\/post"}],"author":[{"embeddable":true,"href":"https:\/\/www.aclanester56.com\/velo\/wp-json\/wp\/v2\/users\/17"}],"replies":[{"embeddable":true,"href":"https:\/\/www.aclanester56.com\/velo\/wp-json\/wp\/v2\/comments?post=33026"}],"version-history":[{"count":1,"href":"https:\/\/www.aclanester56.com\/velo\/wp-json\/wp\/v2\/posts\/33026\/revisions"}],"predecessor-version":[{"id":33028,"href":"https:\/\/www.aclanester56.com\/velo\/wp-json\/wp\/v2\/posts\/33026\/revisions\/33028"}],"wp:featuredmedia":[{"embeddable":true,"href":"https:\/\/www.aclanester56.com\/velo\/wp-json\/wp\/v2\/media\/33027"}],"wp:attachment":[{"href":"https:\/\/www.aclanester56.com\/velo\/wp-json\/wp\/v2\/media?parent=33026"}],"wp:term":[{"taxonomy":"category","embeddable":true,"href":"https:\/\/www.aclanester56.com\/velo\/wp-json\/wp\/v2\/categories?post=33026"},{"taxonomy":"post_tag","embeddable":true,"href":"https:\/\/www.aclanester56.com\/velo\/wp-json\/wp\/v2\/tags?post=33026"}],"curies":[{"name":"wp","href":"https:\/\/api.w.org\/{rel}","templated":true}]}}