{"id":33029,"date":"2017-04-16T22:47:26","date_gmt":"2017-04-16T21:47:26","guid":{"rendered":"https:\/\/www.aclanester56.com\/velo\/?p=33029"},"modified":"2017-04-16T22:47:26","modified_gmt":"2017-04-16T21:47:26","slug":"5eme-circuit-jeunes-a-lanester-classements","status":"publish","type":"post","link":"https:\/\/www.aclanester56.com\/velo\/5eme-circuit-jeunes-a-lanester-classements\/","title":{"rendered":"5\u00e8me Circuit des Jeunes \u00e0 Lanester : les classements !"},"content":{"rendered":"<p><!--more--><\/p>\n<p><strong>Classements du 5\u00e8me Circuit des Jeunes \u00e0 Lanester :<\/strong><\/p>\n<p><span style=\"text-decoration: underline;\">Pr\u00e9-licenci\u00e9s :<\/span><br \/>\n1 LE TERRIEN Matis AC LANESTER 56<br \/>\n2 LE SCIELLOUR Titouan UC INGUINIEL<br \/>\n3 THETIOT Edgar VELOCE VANNETAIS CYCL.<br \/>\n4 LE SCIELLOUR Valentin UC INGUINIEL<br \/>\n5 CAMBAUD PINON Oscar OC LOCMINE<br \/>\n6 INQUEL Elouan OC LOCMINE<br \/>\n7 TREHIN Merwen EC PLUVIGNOISE<br \/>\n8 ROUILLON Lilwenn UC ALREENNE<\/p>\n<p><span style=\"text-decoration: underline;\">Poussins<\/span> :<br \/>\n1 CARIOU Yanis LEUCEMIE ESPOIR<br \/>\n2 CAMBAUD PINON Leon OC LOCMINE<br \/>\n3 HERIQUET MANOE EC QUEVENOISE<br \/>\n4 DUGUE Oscar AC LANESTER 56<br \/>\n5 ROUILLON Mael UC ALREENNE<br \/>\n6 MOUREAU Pierre HENNEBONT CYCLISME<br \/>\n7 DELALANDE Leo OC LOCMINE<br \/>\n8 LE ROCH Corentin OC LOCMINE<br \/>\n9 ELIOT Mael VC LANGUIDIC<br \/>\n10 MORICE Ewen UC ALREENNE<br \/>\n11 LE DOUAIRON Kaelig AC LANESTER 56<br \/>\n12 HARNOIS Augustin VC PONTIVYEN<br \/>\n13 JEGO Youena AC PAYS DE BAUD<br \/>\n14 LE BELLER Quentin AC LANESTER 56<br \/>\n15 JAFFRE Pauline AC LANESTER 56<br \/>\n16 LAHAYE Thais EC PAYS GUICHEN<\/p>\n<p><span style=\"text-decoration: underline;\">Pupilles<\/span> :<br \/>\n1 CHEDALEUX Nolan REDON OC<br \/>\n2 CUSHWAY Rafe VELOCE VANNETAIS CYCL.<br \/>\n3 DELPRAT L\u00e9o UC DU MORTAINAIS<br \/>\n4 BELLANGER Matheo UC PAYS DE JOSSELIN<br \/>\n5 CAMBAUD PINON Mario OC LOCMINE<br \/>\n6 PERESSE Alan EC PLUVIGNOISE<br \/>\n7 NICOLAS Axel UC QUIMPERLOISE<br \/>\n8 MOUREAU Gabriel VC BELLILOIS<br \/>\n9 LE DEVEHAT Yoann EC QUEVENOISE<br \/>\n10 DREANO Clara OC LOCMINE<br \/>\n11 MARCHAND Antonin UC ALREENNE<br \/>\n12 PHILIPPE Eva EC QUEVENOISE<br \/>\n13 CONANEC Ines AC PAYS DE BAUD<br \/>\n14 LE CAVIL Kenza EC QUEVENOISE<br \/>\n15 KEROUEDAN Quentin OC LOCMINE<br \/>\n16 PARIS Romain REDON OC<br \/>\n17 OLIERIC Manon VC BELLILOIS<br \/>\n18 LE GALL Ya&amp;#279;L VC BELLILOIS<br \/>\n19 LE DEVEHAT Chlo\u00e9 EC QUEVENOISE<br \/>\n20 THOMAZO QUENTIN Nolan VELOCE VANNETAIS CYCL.<br \/>\n21 LOUSSOUARN Thomas ACP BAUD<br \/>\n22 HOURMAN Mateo EC PLUVIGNOISE<br \/>\n23 LOUSSOUARN Lucas AC LANESTER 56<br \/>\n24 LE DOENOR Louis VC LANGUIDIC<br \/>\n25 RIVALAIN LE GAC Malo AC LANESTER 56<br \/>\n26 JAFFRE Leonie AC LANESTER 56<br \/>\n27 RIO Lorine UC ALREENNE<br \/>\n28 GROSSI Elven AC PAYS DE BAUD<br \/>\n29 PASCO Coralie UC INGUINIEL<br \/>\n30 LE MAO Kameron HENNEBONT CYCLISME<br \/>\n31 DELAHAYE Logan VC LANGUIDIC<\/p>\n<p><span style=\"text-decoration: underline;\">Benjamins<\/span> :<br \/>\n1 KLEWAIS Tristan OC LOCMINE<br \/>\n2 BELLANGER Alexis UC PAYS DE JOSSELIN<br \/>\n3 LE GUILLANT Mathis UC ALREENNE<br \/>\n4 PRIGENT Ga\u00ebl VC CLICHY SOUS BOIS<br \/>\n5 LE HENANF Hugo OC LOCMINE<br \/>\n6 DELALANDE Nino OC LOCMINE<br \/>\n7 JOSSO Meddy AC LANESTER 56<br \/>\n8 HERIQUET Nohan EC QUEVENOISE<br \/>\n9 ELIOT Kyllian VC LANGUIDIC<br \/>\n10 RAULT Heneo UC INGUINIEL<br \/>\n11 DANO Hugo VELOCE VANNETAIS CYCL.<br \/>\n12 RUELLO Hugo UC ALREENNE<br \/>\n13 SINIC Noam HENNEBONT CYCLISME<br \/>\n14 LEBOCEY Antoine VELOCE VANNETAIS CYCL.<br \/>\n15 ABOUD Yanis VC BELLILOIS<br \/>\n16 TERTRAIS Johanne KER BARRES VTT<br \/>\n17 UHEL JUHEL Kylian AC LANESTER 56<br \/>\n18 LE ROCH Elouan OC LOCMINE<br \/>\n19 RIO Yvann UC ALREENNE<br \/>\n20 SOUVERAIN Tao VC BELLILOIS<br \/>\n21 MORICE Theo UC ALREENNE<br \/>\n22 BLANC BIHAN Dylan AC LANESTER 56<br \/>\n23 BETHON Oceane VS SCAEROIS<br \/>\n24 LANGLO Maiwenn UC INGUINIEL<br \/>\n25 LE CALVE Hugo UC QUIMPERLOISE<br \/>\n26 LE GOIC Theo UC ALREENNE<br \/>\n27 LE BOUEDEC Soen AC LANESTER 56<br \/>\n28 LE MAO Enzo HENNEBONT CYCLISME<br \/>\n29 PASCO Jonathan UC INGUINIEL<br \/>\n30 DUBOS Victor UC ALREENNE<br \/>\n31 LE FERRAND Louison VC PONTIVYEN<br \/>\n32 CHARRIER Dewi AC PAYS DE BAUD<br \/>\n33 LORHO Enzo UC ALREENNE<br \/>\n34 PONTUS Maylis AC LANESTER 56<br \/>\n35 JEGO Gabriel AC PAYS DE BAUD<br \/>\n36 HUSSARD Killian VC CHAVAGNAIS<br \/>\n37 LEHO Fantine VC PAYS DE LOUDEAC<br \/>\n38 LE BORGNE Cl\u00e9ment AC LANESTER 56<br \/>\n39 CHEREL Maxime VC PONTIVYEN<\/p>\n<p><span style=\"text-decoration: underline;\">Minimes<\/span> :<br \/>\n1 GERMAIN Kylian EC QUEVENOISE M2<br \/>\n2 CADORET Theotime AC LANESTER 56 M2<br \/>\n3 CARIOU Julian LEUCEMIE ESPOIR M2<br \/>\n4 LE FERRAND Guillian VC PONTIVYEN M2<br \/>\n5 CUSHWAY Maximilian VELOCE VANNETAIS CYCL. M1<br \/>\n6 MOREL Gauthier BREST IROISE CYCL.2000 M2<br \/>\n7 LE TUTOUR Gurvan UC ALREENNE M2<br \/>\n8 DELALANDE Basile OC LOCMINE M1<br \/>\n9 BERTIN Lucas EC QUEVENOISE M2<br \/>\n10 BERNARD Paul UCK DE VANNES M2<br \/>\n11 MOUELLIC Justin AC PAYS DE BAUD M2<br \/>\n12 LE MER Quentin EC PLUVIGNOISE M2<br \/>\n13 GUILLOME Axel AC PAYS DE BAUD M2<br \/>\n14 CONANEC Martin AC PAYS DE BAUD M1<br \/>\n15 PERROT Titouan UC QUIMPERLOISE M2<br \/>\n16 HOUDU Leo VC PAYS DE LOUDEAC M2<br \/>\n17 GUIGO Youwan UC QUIMPERLOISE M2<br \/>\n18 LE NADAN Kenan UC QUIMPERLOISE M1<br \/>\n19 PERRON Mael VC PONTIVYEN M2<br \/>\n20 LE DEZ Mael VS SCAEROIS M2<br \/>\n21 RUELLO Antoine UC ALREENNE M2<br \/>\n22 MARTIN Nathan OC LOCMINE M2<br \/>\n23 NICOLAS Lucas UC QUIMPERLOISE M2<br \/>\n24 MALRY Mathieu AC LANESTER 56 M2<br \/>\n25 LE HENANF Matheo OC LOCMINE M1<br \/>\n26 COGARD Corentin UC PAYS DE JOSSELIN M2<br \/>\n27 CHARRIER Houarno AC PAYS DE BAUD M1<br \/>\n28 LAFOSSE Dorian HENNEBONT CYCLISME M1<br \/>\n29 MARREC Alan VS SCAEROIS M1<br \/>\n30 JOUBREL Cyriac AC LANESTER 56 M2<br \/>\n31 CHRISTIEN Clement EC QUEVENOISE M2<br \/>\n32 LE GAL Baptiste HENNEBONT CYCLISME M1<br \/>\n33 BARRE Mathieu CC BIGOUDEN M1<br \/>\n34 TERTRAIS Axelle KER BARRES VTT M2<br \/>\n35 DE GRAEVE Killian VELOCE VANNETAIS CYCL. M1<br \/>\n36 LE BRIS Tristan AC LANESTER 56 M2<br \/>\n37 LE BIDEAU Louis EC QUEVENOISE M1<br \/>\n38 PRIGENT Killian VC CLICHY SOUS BOIS M2<br \/>\n39 LUCAS Evan VC BELLILOIS M1<br \/>\n40 MC KAY Shane AC LANESTER 56 M1<br \/>\n41 LESGO Mathias UC PAYS DE JOSSELIN M2<br \/>\n42 CHANSON Enzo VELOCE VANNETAIS CYCL. M2<br \/>\n43 BIHAN Ethan UC QUIMPERLOISE M1<\/p>\n<p><span style=\"text-decoration: underline;\">Cadets<\/span> :<br \/>\n1 LE LESLE Nicolas VC LANGUIDIC C2<br \/>\n2 JARNO Paul EC PLUVIGNOISE C2<br \/>\n3 WEISS Theo CDC C\u00d4TES-D&rsquo;ARMOR DE LA FFC C2<br \/>\n4 THOMAS Enzo AC LANESTER 56 C2<br \/>\n5 PASCO Maxime UC INGUINIEL C2<br \/>\n6 DRUMEL Alexis VC PONTIVYEN C2<br \/>\n7 CADORET Celestin AC LANESTER 56 C2<br \/>\n8 MICHELIN Antoine VC LANGUIDIC C2<br \/>\n9 LE CHENADEC Ewen AC LANESTER 56 C2<br \/>\n10 MADELAINE Viktor HENNEBONT CYCLISME C2<br \/>\n11 BARRE Alan CC BIGOUDEN C2<br \/>\n12 LE MOUEL Alan VC PONTIVYEN C2<br \/>\n13 GLEONEC Julien VS QUIMPEROIS C2<br \/>\n14 LE MOING Maxime VC PONTIVYEN C2<br \/>\n15 ROUSSEAU Mathis EC QUEVENOISE C2<br \/>\n16 LE POUEZARD Pierre Louis AC LANESTER 56 C2<br \/>\n17 OLLIERO Clement EC PLUVIGNOISE C2<br \/>\n18 CHAUVEL Alexandre CC VITREEN C1<br \/>\n19 CHENAIS Clement UC INGUINIEL C2<br \/>\n20 ROYE Corentin AC LANESTER 56 C2<br \/>\n21 JEHANNO Valentin OC LOCMINE C1<br \/>\n22 HOCINE Lucas VELOCE VANNETAIS CYCL. C2<br \/>\n23 ROUSSEL Benjamin EC QUEVENOISE C1<br \/>\n24 LE PUIL Etienne US PONTCHATELAINE C1<br \/>\n25 FLEGEAU Florian HENNEBONT CYCLISME C1<br \/>\n26 JOSSO Simon VELOCE VANNETAIS CYCL. C2<br \/>\n27 CONANEC Lucas AC PAYS DE BAUD C1<br \/>\n28 PASCO Florian UC INGUINIEL C1<br \/>\n29 SCOTTO DI VETTINO Theo OC LOCMINE C1<br \/>\n30 MORICE Hugo UC ALREENNE C1<br \/>\n31 LE PALLEC Enzo EC PLUVIGNOISE<br \/>\n32 MOREL Julian AC LANESTER 56 C2<br \/>\n33 LE FLOCH Pacome UC ALREENNE C1<br \/>\n34 HILIOU Titouan VS SCAEROIS C1<\/p>\n","protected":false},"excerpt":{"rendered":"","protected":false},"author":14,"featured_media":33031,"comment_status":"open","ping_status":"open","sticky":false,"template":"","format":"standard","meta":{"ngg_post_thumbnail":0,"footnotes":""},"categories":[5,47,7],"tags":[],"class_list":["post-33029","post","type-post","status-publish","format-standard","has-post-thumbnail","hentry","category-ac-lanester-56","category-circuit-des-jeunes","category-organisations"],"yoast_head":"<!-- This site is optimized with the Yoast SEO plugin v27.4 - https:\/\/yoast.com\/product\/yoast-seo-wordpress\/ -->\n<title>5\u00e8me Circuit des Jeunes \u00e0 Lanester : les classements ! - Avenir Cycliste Lanester 56<\/title>\n<meta name=\"robots\" content=\"index, follow, max-snippet:-1, max-image-preview:large, max-video-preview:-1\" \/>\n<link rel=\"canonical\" href=\"https:\/\/www.aclanester56.com\/velo\/5eme-circuit-jeunes-a-lanester-classements\/\" \/>\n<meta property=\"og:locale\" content=\"fr_FR\" \/>\n<meta property=\"og:type\" content=\"article\" \/>\n<meta property=\"og:title\" content=\"5\u00e8me Circuit des Jeunes \u00e0 Lanester : les classements ! - Avenir Cycliste Lanester 56\" \/>\n<meta property=\"og:url\" content=\"https:\/\/www.aclanester56.com\/velo\/5eme-circuit-jeunes-a-lanester-classements\/\" \/>\n<meta property=\"og:site_name\" content=\"Avenir Cycliste Lanester 56\" \/>\n<meta property=\"article:publisher\" content=\"https:\/\/www.facebook.com\/pages\/AC-Lanester-56\/190286300991242?fref=ts\" \/>\n<meta property=\"article:published_time\" content=\"2017-04-16T21:47:26+00:00\" \/>\n<meta property=\"og:image\" content=\"https:\/\/www.aclanester56.com\/velo\/wp-content\/uploads\/2017\/04\/CDJ-Pupilles-2017-Copie.jpg\" \/>\n\t<meta property=\"og:image:width\" content=\"880\" \/>\n\t<meta property=\"og:image:height\" content=\"450\" \/>\n\t<meta property=\"og:image:type\" content=\"image\/jpeg\" \/>\n<meta name=\"author\" content=\"Jean-Christophe\" \/>\n<meta name=\"twitter:label1\" content=\"\u00c9crit par\" \/>\n\t<meta name=\"twitter:data1\" content=\"Jean-Christophe\" \/>\n\t<meta name=\"twitter:label2\" content=\"Dur\u00e9e de lecture estim\u00e9e\" \/>\n\t<meta name=\"twitter:data2\" content=\"4 minutes\" \/>\n<script type=\"application\/ld+json\" class=\"yoast-schema-graph\">{\"@context\":\"https:\\\/\\\/schema.org\",\"@graph\":[{\"@type\":\"Article\",\"@id\":\"https:\\\/\\\/www.aclanester56.com\\\/velo\\\/5eme-circuit-jeunes-a-lanester-classements\\\/#article\",\"isPartOf\":{\"@id\":\"https:\\\/\\\/www.aclanester56.com\\\/velo\\\/5eme-circuit-jeunes-a-lanester-classements\\\/\"},\"author\":{\"name\":\"Jean-Christophe\",\"@id\":\"https:\\\/\\\/www.aclanester56.com\\\/velo\\\/#\\\/schema\\\/person\\\/ca2a44a5fd969e9dd846c72d3b33bc01\"},\"headline\":\"5\u00e8me Circuit des Jeunes \u00e0 Lanester : les classements !\",\"datePublished\":\"2017-04-16T21:47:26+00:00\",\"mainEntityOfPage\":{\"@id\":\"https:\\\/\\\/www.aclanester56.com\\\/velo\\\/5eme-circuit-jeunes-a-lanester-classements\\\/\"},\"wordCount\":894,\"commentCount\":0,\"publisher\":{\"@id\":\"https:\\\/\\\/www.aclanester56.com\\\/velo\\\/#organization\"},\"image\":{\"@id\":\"https:\\\/\\\/www.aclanester56.com\\\/velo\\\/5eme-circuit-jeunes-a-lanester-classements\\\/#primaryimage\"},\"thumbnailUrl\":\"https:\\\/\\\/www.aclanester56.com\\\/velo\\\/wp-content\\\/uploads\\\/2017\\\/04\\\/CDJ-Pupilles-2017-Copie.jpg\",\"articleSection\":[\"AC LANESTER 56\",\"Le circuit des Jeunes\",\"Les organisations\"],\"inLanguage\":\"fr-FR\",\"potentialAction\":[{\"@type\":\"CommentAction\",\"name\":\"Comment\",\"target\":[\"https:\\\/\\\/www.aclanester56.com\\\/velo\\\/5eme-circuit-jeunes-a-lanester-classements\\\/#respond\"]}]},{\"@type\":\"WebPage\",\"@id\":\"https:\\\/\\\/www.aclanester56.com\\\/velo\\\/5eme-circuit-jeunes-a-lanester-classements\\\/\",\"url\":\"https:\\\/\\\/www.aclanester56.com\\\/velo\\\/5eme-circuit-jeunes-a-lanester-classements\\\/\",\"name\":\"5\u00e8me Circuit des Jeunes \u00e0 Lanester : les classements ! - Avenir Cycliste Lanester 56\",\"isPartOf\":{\"@id\":\"https:\\\/\\\/www.aclanester56.com\\\/velo\\\/#website\"},\"primaryImageOfPage\":{\"@id\":\"https:\\\/\\\/www.aclanester56.com\\\/velo\\\/5eme-circuit-jeunes-a-lanester-classements\\\/#primaryimage\"},\"image\":{\"@id\":\"https:\\\/\\\/www.aclanester56.com\\\/velo\\\/5eme-circuit-jeunes-a-lanester-classements\\\/#primaryimage\"},\"thumbnailUrl\":\"https:\\\/\\\/www.aclanester56.com\\\/velo\\\/wp-content\\\/uploads\\\/2017\\\/04\\\/CDJ-Pupilles-2017-Copie.jpg\",\"datePublished\":\"2017-04-16T21:47:26+00:00\",\"inLanguage\":\"fr-FR\",\"potentialAction\":[{\"@type\":\"ReadAction\",\"target\":[\"https:\\\/\\\/www.aclanester56.com\\\/velo\\\/5eme-circuit-jeunes-a-lanester-classements\\\/\"]}]},{\"@type\":\"ImageObject\",\"inLanguage\":\"fr-FR\",\"@id\":\"https:\\\/\\\/www.aclanester56.com\\\/velo\\\/5eme-circuit-jeunes-a-lanester-classements\\\/#primaryimage\",\"url\":\"https:\\\/\\\/www.aclanester56.com\\\/velo\\\/wp-content\\\/uploads\\\/2017\\\/04\\\/CDJ-Pupilles-2017-Copie.jpg\",\"contentUrl\":\"https:\\\/\\\/www.aclanester56.com\\\/velo\\\/wp-content\\\/uploads\\\/2017\\\/04\\\/CDJ-Pupilles-2017-Copie.jpg\",\"width\":880,\"height\":450},{\"@type\":\"WebSite\",\"@id\":\"https:\\\/\\\/www.aclanester56.com\\\/velo\\\/#website\",\"url\":\"https:\\\/\\\/www.aclanester56.com\\\/velo\\\/\",\"name\":\"Avenir Cycliste Lanester 56\",\"description\":\"Club cycliste de l&#039;AC LANESTER 56\",\"publisher\":{\"@id\":\"https:\\\/\\\/www.aclanester56.com\\\/velo\\\/#organization\"},\"potentialAction\":[{\"@type\":\"SearchAction\",\"target\":{\"@type\":\"EntryPoint\",\"urlTemplate\":\"https:\\\/\\\/www.aclanester56.com\\\/velo\\\/?s={search_term_string}\"},\"query-input\":{\"@type\":\"PropertyValueSpecification\",\"valueRequired\":true,\"valueName\":\"search_term_string\"}}],\"inLanguage\":\"fr-FR\"},{\"@type\":\"Organization\",\"@id\":\"https:\\\/\\\/www.aclanester56.com\\\/velo\\\/#organization\",\"name\":\"Avenir Cycliste Lanester 56\",\"url\":\"https:\\\/\\\/www.aclanester56.com\\\/velo\\\/\",\"logo\":{\"@type\":\"ImageObject\",\"inLanguage\":\"fr-FR\",\"@id\":\"https:\\\/\\\/www.aclanester56.com\\\/velo\\\/#\\\/schema\\\/logo\\\/image\\\/\",\"url\":\"https:\\\/\\\/www.aclanester56.com\\\/velo\\\/wp-content\\\/uploads\\\/2013\\\/04\\\/logo-ACL.jpg\",\"contentUrl\":\"https:\\\/\\\/www.aclanester56.com\\\/velo\\\/wp-content\\\/uploads\\\/2013\\\/04\\\/logo-ACL.jpg\",\"width\":400,\"height\":334,\"caption\":\"Avenir Cycliste Lanester 56\"},\"image\":{\"@id\":\"https:\\\/\\\/www.aclanester56.com\\\/velo\\\/#\\\/schema\\\/logo\\\/image\\\/\"},\"sameAs\":[\"https:\\\/\\\/www.facebook.com\\\/pages\\\/AC-Lanester-56\\\/190286300991242?fref=ts\"]},{\"@type\":\"Person\",\"@id\":\"https:\\\/\\\/www.aclanester56.com\\\/velo\\\/#\\\/schema\\\/person\\\/ca2a44a5fd969e9dd846c72d3b33bc01\",\"name\":\"Jean-Christophe\",\"url\":\"https:\\\/\\\/www.aclanester56.com\\\/velo\\\/author\\\/jeanchristophe\\\/\"}]}<\/script>\n<!-- \/ Yoast SEO plugin. -->","yoast_head_json":{"title":"5\u00e8me Circuit des Jeunes \u00e0 Lanester : les classements ! - Avenir Cycliste Lanester 56","robots":{"index":"index","follow":"follow","max-snippet":"max-snippet:-1","max-image-preview":"max-image-preview:large","max-video-preview":"max-video-preview:-1"},"canonical":"https:\/\/www.aclanester56.com\/velo\/5eme-circuit-jeunes-a-lanester-classements\/","og_locale":"fr_FR","og_type":"article","og_title":"5\u00e8me Circuit des Jeunes \u00e0 Lanester : les classements ! - Avenir Cycliste Lanester 56","og_url":"https:\/\/www.aclanester56.com\/velo\/5eme-circuit-jeunes-a-lanester-classements\/","og_site_name":"Avenir Cycliste Lanester 56","article_publisher":"https:\/\/www.facebook.com\/pages\/AC-Lanester-56\/190286300991242?fref=ts","article_published_time":"2017-04-16T21:47:26+00:00","og_image":[{"width":880,"height":450,"url":"https:\/\/www.aclanester56.com\/velo\/wp-content\/uploads\/2017\/04\/CDJ-Pupilles-2017-Copie.jpg","type":"image\/jpeg"}],"author":"Jean-Christophe","twitter_misc":{"\u00c9crit par":"Jean-Christophe","Dur\u00e9e de lecture estim\u00e9e":"4 minutes"},"schema":{"@context":"https:\/\/schema.org","@graph":[{"@type":"Article","@id":"https:\/\/www.aclanester56.com\/velo\/5eme-circuit-jeunes-a-lanester-classements\/#article","isPartOf":{"@id":"https:\/\/www.aclanester56.com\/velo\/5eme-circuit-jeunes-a-lanester-classements\/"},"author":{"name":"Jean-Christophe","@id":"https:\/\/www.aclanester56.com\/velo\/#\/schema\/person\/ca2a44a5fd969e9dd846c72d3b33bc01"},"headline":"5\u00e8me Circuit des Jeunes \u00e0 Lanester : les classements !","datePublished":"2017-04-16T21:47:26+00:00","mainEntityOfPage":{"@id":"https:\/\/www.aclanester56.com\/velo\/5eme-circuit-jeunes-a-lanester-classements\/"},"wordCount":894,"commentCount":0,"publisher":{"@id":"https:\/\/www.aclanester56.com\/velo\/#organization"},"image":{"@id":"https:\/\/www.aclanester56.com\/velo\/5eme-circuit-jeunes-a-lanester-classements\/#primaryimage"},"thumbnailUrl":"https:\/\/www.aclanester56.com\/velo\/wp-content\/uploads\/2017\/04\/CDJ-Pupilles-2017-Copie.jpg","articleSection":["AC LANESTER 56","Le circuit des Jeunes","Les organisations"],"inLanguage":"fr-FR","potentialAction":[{"@type":"CommentAction","name":"Comment","target":["https:\/\/www.aclanester56.com\/velo\/5eme-circuit-jeunes-a-lanester-classements\/#respond"]}]},{"@type":"WebPage","@id":"https:\/\/www.aclanester56.com\/velo\/5eme-circuit-jeunes-a-lanester-classements\/","url":"https:\/\/www.aclanester56.com\/velo\/5eme-circuit-jeunes-a-lanester-classements\/","name":"5\u00e8me Circuit des Jeunes \u00e0 Lanester : les classements ! - Avenir Cycliste Lanester 56","isPartOf":{"@id":"https:\/\/www.aclanester56.com\/velo\/#website"},"primaryImageOfPage":{"@id":"https:\/\/www.aclanester56.com\/velo\/5eme-circuit-jeunes-a-lanester-classements\/#primaryimage"},"image":{"@id":"https:\/\/www.aclanester56.com\/velo\/5eme-circuit-jeunes-a-lanester-classements\/#primaryimage"},"thumbnailUrl":"https:\/\/www.aclanester56.com\/velo\/wp-content\/uploads\/2017\/04\/CDJ-Pupilles-2017-Copie.jpg","datePublished":"2017-04-16T21:47:26+00:00","inLanguage":"fr-FR","potentialAction":[{"@type":"ReadAction","target":["https:\/\/www.aclanester56.com\/velo\/5eme-circuit-jeunes-a-lanester-classements\/"]}]},{"@type":"ImageObject","inLanguage":"fr-FR","@id":"https:\/\/www.aclanester56.com\/velo\/5eme-circuit-jeunes-a-lanester-classements\/#primaryimage","url":"https:\/\/www.aclanester56.com\/velo\/wp-content\/uploads\/2017\/04\/CDJ-Pupilles-2017-Copie.jpg","contentUrl":"https:\/\/www.aclanester56.com\/velo\/wp-content\/uploads\/2017\/04\/CDJ-Pupilles-2017-Copie.jpg","width":880,"height":450},{"@type":"WebSite","@id":"https:\/\/www.aclanester56.com\/velo\/#website","url":"https:\/\/www.aclanester56.com\/velo\/","name":"Avenir Cycliste Lanester 56","description":"Club cycliste de l&#039;AC LANESTER 56","publisher":{"@id":"https:\/\/www.aclanester56.com\/velo\/#organization"},"potentialAction":[{"@type":"SearchAction","target":{"@type":"EntryPoint","urlTemplate":"https:\/\/www.aclanester56.com\/velo\/?s={search_term_string}"},"query-input":{"@type":"PropertyValueSpecification","valueRequired":true,"valueName":"search_term_string"}}],"inLanguage":"fr-FR"},{"@type":"Organization","@id":"https:\/\/www.aclanester56.com\/velo\/#organization","name":"Avenir Cycliste Lanester 56","url":"https:\/\/www.aclanester56.com\/velo\/","logo":{"@type":"ImageObject","inLanguage":"fr-FR","@id":"https:\/\/www.aclanester56.com\/velo\/#\/schema\/logo\/image\/","url":"https:\/\/www.aclanester56.com\/velo\/wp-content\/uploads\/2013\/04\/logo-ACL.jpg","contentUrl":"https:\/\/www.aclanester56.com\/velo\/wp-content\/uploads\/2013\/04\/logo-ACL.jpg","width":400,"height":334,"caption":"Avenir Cycliste Lanester 56"},"image":{"@id":"https:\/\/www.aclanester56.com\/velo\/#\/schema\/logo\/image\/"},"sameAs":["https:\/\/www.facebook.com\/pages\/AC-Lanester-56\/190286300991242?fref=ts"]},{"@type":"Person","@id":"https:\/\/www.aclanester56.com\/velo\/#\/schema\/person\/ca2a44a5fd969e9dd846c72d3b33bc01","name":"Jean-Christophe","url":"https:\/\/www.aclanester56.com\/velo\/author\/jeanchristophe\/"}]}},"_links":{"self":[{"href":"https:\/\/www.aclanester56.com\/velo\/wp-json\/wp\/v2\/posts\/33029","targetHints":{"allow":["GET"]}}],"collection":[{"href":"https:\/\/www.aclanester56.com\/velo\/wp-json\/wp\/v2\/posts"}],"about":[{"href":"https:\/\/www.aclanester56.com\/velo\/wp-json\/wp\/v2\/types\/post"}],"author":[{"embeddable":true,"href":"https:\/\/www.aclanester56.com\/velo\/wp-json\/wp\/v2\/users\/14"}],"replies":[{"embeddable":true,"href":"https:\/\/www.aclanester56.com\/velo\/wp-json\/wp\/v2\/comments?post=33029"}],"version-history":[{"count":3,"href":"https:\/\/www.aclanester56.com\/velo\/wp-json\/wp\/v2\/posts\/33029\/revisions"}],"predecessor-version":[{"id":33033,"href":"https:\/\/www.aclanester56.com\/velo\/wp-json\/wp\/v2\/posts\/33029\/revisions\/33033"}],"wp:featuredmedia":[{"embeddable":true,"href":"https:\/\/www.aclanester56.com\/velo\/wp-json\/wp\/v2\/media\/33031"}],"wp:attachment":[{"href":"https:\/\/www.aclanester56.com\/velo\/wp-json\/wp\/v2\/media?parent=33029"}],"wp:term":[{"taxonomy":"category","embeddable":true,"href":"https:\/\/www.aclanester56.com\/velo\/wp-json\/wp\/v2\/categories?post=33029"},{"taxonomy":"post_tag","embeddable":true,"href":"https:\/\/www.aclanester56.com\/velo\/wp-json\/wp\/v2\/tags?post=33029"}],"curies":[{"name":"wp","href":"https:\/\/api.w.org\/{rel}","templated":true}]}}