{"id":3338,"date":"2010-07-23T10:51:50","date_gmt":"2010-07-23T09:51:50","guid":{"rendered":"http:\/\/www.aclanester56.com\/velo\/?p=3338"},"modified":"2010-07-27T05:54:02","modified_gmt":"2010-07-27T04:54:02","slug":"les-lanesteriens-sur-le-kreiz-breizh-elites-ce-week-end","status":"publish","type":"post","link":"https:\/\/www.aclanester56.com\/velo\/les-lanesteriens-sur-le-kreiz-breizh-elites-ce-week-end\/","title":{"rendered":"Les Lanest\u00e9riens sur le Kreiz Breizh Elites ce week-end"},"content":{"rendered":"<p>Demain, les coureurs de l&rsquo;ACL56 seront pr\u00e9sents au d\u00e9part du Kreiz Breizh Elites, course internationale UCI 2.2 ch\u00e8re \u00e0 Alain BANIEL, qui sera disput\u00e9 sur 4 \u00e9tapes sur les difficiles routes du centre-Bretagne. L&rsquo;\u00e9quipe align\u00e9e est compos\u00e9e de Yann RAULT, Yoann DAVID, Warren BARGUIL, Vincent GUEZENNEC, Matthieu GAULTIER et Vincent RAGOT. Malgr\u00e9 une opposition tr\u00e8s relev\u00e9e, ces coureurs en forme peuvent n\u00e9anmoins avoir de l\u00e9gitimes ambitions.<\/p>\n<p><!--more--><\/p>\n<p><br class=\"spacer_\" \/><\/p>\n<p>Parmi les \u00e9quipes engag\u00e9es, on retrouve notamment les \u00e9quipes BRETAGNE-SCHULLER avec Lilian JEGOU (3 participations au Tour de France) et Johan LE BON (champion du monde Juniors 2008), BEVEREN 2000 (vivier de la formation Pro Tour QUICK STEP) avec les excellents Julien VERMOTE, Sven JODTS et Jarl SALOMEIN, SUNWEB-PROJOB avec les cyclo-crossman belges Klaas VANTORNOUT et Sven VANTHOURENHOUT, et l&rsquo;\u00e9quipe RABOBANK CONTINENTAL (\u00e9quipe r\u00e9serve de la formation Pro Tour RABOBANK) avec les tr\u00e8s rapides Boy VAN POPPEL et Coen VERMELTFOORT, mais aussi les impressionnants Martijn KEIZER et Jetse BOL. \u00a0En plus des \u00e9quipes belges et hollandaises, on retrouvera \u00e9galement des \u00e9quipes\u00a0allemandes,\u00a0norv\u00e9giennes, danoises, japonaises\u00a0et cor\u00e9ennes. Mais les clubs amateurs fran\u00e7ais repr\u00e9senteront \u00e9galement une solide opposition avec le VC LA POMME MARSEILLE qui se d\u00e9place avec sa meilleure \u00e9quipe et le BLOIS CAC 41 avec ses jumeaux SAMOKHALOV.<\/p>\n<p><br class=\"spacer_\" \/><\/p>\n<p>1\u00e8re \u00e9tape (samedi 24 juillet) : CALANHEL &#8211; PLOURAY (167.5 kms) sur des routes tr\u00e8s vallonn\u00e9es<\/p>\n<p>2\u00e8me \u00e9tape (dimanche 25 juillet matin) : CLEDEN-POHER &#8211; CARHAIX (96.1 kms) avec la mont\u00e9e du Huelgoat et la longue mont\u00e9e vers Carhaix \u00e0 effectuer \u00e0 5 reprises lors du circuit final.<\/p>\n<p>3\u00e8me \u00e9tape (dimanche 25 juillet apr\u00e8s-midi) : PLOUGUERNEVEL &#8211; PLOERDUT (102.4 kms) avec la mont\u00e9e de Perret et surtout la redoutable c\u00f4te de Mur-de-Bretagne<\/p>\n<p>4\u00e8me \u00e9tape (lundi 26 juillet) : CARHAIX &#8211; ROSTRENEN (169.3 kms) avec la difficile mont\u00e9e de Perret et enfin l&rsquo;escalade du Miniou \u00e0 7 reprises qui servira de juge de paix pour la victoire finale<\/p>\n<p><br class=\"spacer_\" \/><\/p>\n<p>Nous essaierons de vous tenir au courant du comportement de nos coureurs lanest\u00e9riens au fil des \u00e9tapes de ce Kreiz Breizh Elites.<\/p>\n<p><br class=\"spacer_\" \/><\/p>\n<p><br class=\"spacer_\" \/><\/p>\n","protected":false},"excerpt":{"rendered":"<p>Demain, les coureurs de l&rsquo;ACL56 seront pr\u00e9sents au d\u00e9part du Kreiz Breizh Elites, course internationale UCI 2.2 ch\u00e8re \u00e0 Alain [&hellip;]<\/p>\n","protected":false},"author":14,"featured_media":0,"comment_status":"open","ping_status":"open","sticky":false,"template":"","format":"standard","meta":{"ngg_post_thumbnail":0,"footnotes":""},"categories":[14],"tags":[],"class_list":["post-3338","post","type-post","status-publish","format-standard","hentry","category-actualites-dn"],"yoast_head":"<!-- This site is optimized with the Yoast SEO plugin v27.5 - https:\/\/yoast.com\/product\/yoast-seo-wordpress\/ -->\n<title>Les Lanest\u00e9riens sur le Kreiz Breizh Elites ce week-end - Avenir Cycliste Lanester 56<\/title>\n<meta name=\"robots\" content=\"index, follow, max-snippet:-1, max-image-preview:large, max-video-preview:-1\" \/>\n<link rel=\"canonical\" href=\"https:\/\/www.aclanester56.com\/velo\/les-lanesteriens-sur-le-kreiz-breizh-elites-ce-week-end\/\" \/>\n<meta property=\"og:locale\" content=\"fr_FR\" \/>\n<meta property=\"og:type\" content=\"article\" \/>\n<meta property=\"og:title\" content=\"Les Lanest\u00e9riens sur le Kreiz Breizh Elites ce week-end - Avenir Cycliste Lanester 56\" \/>\n<meta property=\"og:description\" content=\"Demain, les coureurs de l&rsquo;ACL56 seront pr\u00e9sents au d\u00e9part du Kreiz Breizh Elites, course internationale UCI 2.2 ch\u00e8re \u00e0 Alain [&hellip;]\" \/>\n<meta property=\"og:url\" content=\"https:\/\/www.aclanester56.com\/velo\/les-lanesteriens-sur-le-kreiz-breizh-elites-ce-week-end\/\" \/>\n<meta property=\"og:site_name\" content=\"Avenir Cycliste Lanester 56\" \/>\n<meta property=\"article:publisher\" content=\"https:\/\/www.facebook.com\/pages\/AC-Lanester-56\/190286300991242?fref=ts\" \/>\n<meta property=\"article:published_time\" content=\"2010-07-23T09:51:50+00:00\" \/>\n<meta property=\"article:modified_time\" content=\"2010-07-27T04:54:02+00:00\" \/>\n<meta name=\"author\" content=\"Jean-Christophe\" \/>\n<meta name=\"twitter:label1\" content=\"\u00c9crit par\" \/>\n\t<meta name=\"twitter:data1\" content=\"Jean-Christophe\" \/>\n\t<meta name=\"twitter:label2\" content=\"Dur\u00e9e de lecture estim\u00e9e\" \/>\n\t<meta name=\"twitter:data2\" content=\"2 minutes\" \/>\n<script type=\"application\/ld+json\" class=\"yoast-schema-graph\">{\"@context\":\"https:\\\/\\\/schema.org\",\"@graph\":[{\"@type\":\"Article\",\"@id\":\"https:\\\/\\\/www.aclanester56.com\\\/velo\\\/les-lanesteriens-sur-le-kreiz-breizh-elites-ce-week-end\\\/#article\",\"isPartOf\":{\"@id\":\"https:\\\/\\\/www.aclanester56.com\\\/velo\\\/les-lanesteriens-sur-le-kreiz-breizh-elites-ce-week-end\\\/\"},\"author\":{\"name\":\"Jean-Christophe\",\"@id\":\"https:\\\/\\\/www.aclanester56.com\\\/velo\\\/#\\\/schema\\\/person\\\/ca2a44a5fd969e9dd846c72d3b33bc01\"},\"headline\":\"Les Lanest\u00e9riens sur le Kreiz Breizh Elites ce week-end\",\"datePublished\":\"2010-07-23T09:51:50+00:00\",\"dateModified\":\"2010-07-27T04:54:02+00:00\",\"mainEntityOfPage\":{\"@id\":\"https:\\\/\\\/www.aclanester56.com\\\/velo\\\/les-lanesteriens-sur-le-kreiz-breizh-elites-ce-week-end\\\/\"},\"wordCount\":348,\"commentCount\":0,\"publisher\":{\"@id\":\"https:\\\/\\\/www.aclanester56.com\\\/velo\\\/#organization\"},\"articleSection\":[\"Actualit\u00e9s DN\"],\"inLanguage\":\"fr-FR\",\"potentialAction\":[{\"@type\":\"CommentAction\",\"name\":\"Comment\",\"target\":[\"https:\\\/\\\/www.aclanester56.com\\\/velo\\\/les-lanesteriens-sur-le-kreiz-breizh-elites-ce-week-end\\\/#respond\"]}]},{\"@type\":\"WebPage\",\"@id\":\"https:\\\/\\\/www.aclanester56.com\\\/velo\\\/les-lanesteriens-sur-le-kreiz-breizh-elites-ce-week-end\\\/\",\"url\":\"https:\\\/\\\/www.aclanester56.com\\\/velo\\\/les-lanesteriens-sur-le-kreiz-breizh-elites-ce-week-end\\\/\",\"name\":\"Les Lanest\u00e9riens sur le Kreiz Breizh Elites ce week-end - Avenir Cycliste Lanester 56\",\"isPartOf\":{\"@id\":\"https:\\\/\\\/www.aclanester56.com\\\/velo\\\/#website\"},\"datePublished\":\"2010-07-23T09:51:50+00:00\",\"dateModified\":\"2010-07-27T04:54:02+00:00\",\"inLanguage\":\"fr-FR\",\"potentialAction\":[{\"@type\":\"ReadAction\",\"target\":[\"https:\\\/\\\/www.aclanester56.com\\\/velo\\\/les-lanesteriens-sur-le-kreiz-breizh-elites-ce-week-end\\\/\"]}]},{\"@type\":\"WebSite\",\"@id\":\"https:\\\/\\\/www.aclanester56.com\\\/velo\\\/#website\",\"url\":\"https:\\\/\\\/www.aclanester56.com\\\/velo\\\/\",\"name\":\"Avenir Cycliste Lanester 56\",\"description\":\"Club cycliste de l&#039;AC LANESTER 56\",\"publisher\":{\"@id\":\"https:\\\/\\\/www.aclanester56.com\\\/velo\\\/#organization\"},\"potentialAction\":[{\"@type\":\"SearchAction\",\"target\":{\"@type\":\"EntryPoint\",\"urlTemplate\":\"https:\\\/\\\/www.aclanester56.com\\\/velo\\\/?s={search_term_string}\"},\"query-input\":{\"@type\":\"PropertyValueSpecification\",\"valueRequired\":true,\"valueName\":\"search_term_string\"}}],\"inLanguage\":\"fr-FR\"},{\"@type\":\"Organization\",\"@id\":\"https:\\\/\\\/www.aclanester56.com\\\/velo\\\/#organization\",\"name\":\"Avenir Cycliste Lanester 56\",\"url\":\"https:\\\/\\\/www.aclanester56.com\\\/velo\\\/\",\"logo\":{\"@type\":\"ImageObject\",\"inLanguage\":\"fr-FR\",\"@id\":\"https:\\\/\\\/www.aclanester56.com\\\/velo\\\/#\\\/schema\\\/logo\\\/image\\\/\",\"url\":\"https:\\\/\\\/www.aclanester56.com\\\/velo\\\/wp-content\\\/uploads\\\/2013\\\/04\\\/logo-ACL.jpg\",\"contentUrl\":\"https:\\\/\\\/www.aclanester56.com\\\/velo\\\/wp-content\\\/uploads\\\/2013\\\/04\\\/logo-ACL.jpg\",\"width\":400,\"height\":334,\"caption\":\"Avenir Cycliste Lanester 56\"},\"image\":{\"@id\":\"https:\\\/\\\/www.aclanester56.com\\\/velo\\\/#\\\/schema\\\/logo\\\/image\\\/\"},\"sameAs\":[\"https:\\\/\\\/www.facebook.com\\\/pages\\\/AC-Lanester-56\\\/190286300991242?fref=ts\"]},{\"@type\":\"Person\",\"@id\":\"https:\\\/\\\/www.aclanester56.com\\\/velo\\\/#\\\/schema\\\/person\\\/ca2a44a5fd969e9dd846c72d3b33bc01\",\"name\":\"Jean-Christophe\",\"url\":\"https:\\\/\\\/www.aclanester56.com\\\/velo\\\/author\\\/jeanchristophe\\\/\"}]}<\/script>\n<!-- \/ Yoast SEO plugin. -->","yoast_head_json":{"title":"Les Lanest\u00e9riens sur le Kreiz Breizh Elites ce week-end - Avenir Cycliste Lanester 56","robots":{"index":"index","follow":"follow","max-snippet":"max-snippet:-1","max-image-preview":"max-image-preview:large","max-video-preview":"max-video-preview:-1"},"canonical":"https:\/\/www.aclanester56.com\/velo\/les-lanesteriens-sur-le-kreiz-breizh-elites-ce-week-end\/","og_locale":"fr_FR","og_type":"article","og_title":"Les Lanest\u00e9riens sur le Kreiz Breizh Elites ce week-end - Avenir Cycliste Lanester 56","og_description":"Demain, les coureurs de l&rsquo;ACL56 seront pr\u00e9sents au d\u00e9part du Kreiz Breizh Elites, course internationale UCI 2.2 ch\u00e8re \u00e0 Alain [&hellip;]","og_url":"https:\/\/www.aclanester56.com\/velo\/les-lanesteriens-sur-le-kreiz-breizh-elites-ce-week-end\/","og_site_name":"Avenir Cycliste Lanester 56","article_publisher":"https:\/\/www.facebook.com\/pages\/AC-Lanester-56\/190286300991242?fref=ts","article_published_time":"2010-07-23T09:51:50+00:00","article_modified_time":"2010-07-27T04:54:02+00:00","author":"Jean-Christophe","twitter_misc":{"\u00c9crit par":"Jean-Christophe","Dur\u00e9e de lecture estim\u00e9e":"2 minutes"},"schema":{"@context":"https:\/\/schema.org","@graph":[{"@type":"Article","@id":"https:\/\/www.aclanester56.com\/velo\/les-lanesteriens-sur-le-kreiz-breizh-elites-ce-week-end\/#article","isPartOf":{"@id":"https:\/\/www.aclanester56.com\/velo\/les-lanesteriens-sur-le-kreiz-breizh-elites-ce-week-end\/"},"author":{"name":"Jean-Christophe","@id":"https:\/\/www.aclanester56.com\/velo\/#\/schema\/person\/ca2a44a5fd969e9dd846c72d3b33bc01"},"headline":"Les Lanest\u00e9riens sur le Kreiz Breizh Elites ce week-end","datePublished":"2010-07-23T09:51:50+00:00","dateModified":"2010-07-27T04:54:02+00:00","mainEntityOfPage":{"@id":"https:\/\/www.aclanester56.com\/velo\/les-lanesteriens-sur-le-kreiz-breizh-elites-ce-week-end\/"},"wordCount":348,"commentCount":0,"publisher":{"@id":"https:\/\/www.aclanester56.com\/velo\/#organization"},"articleSection":["Actualit\u00e9s DN"],"inLanguage":"fr-FR","potentialAction":[{"@type":"CommentAction","name":"Comment","target":["https:\/\/www.aclanester56.com\/velo\/les-lanesteriens-sur-le-kreiz-breizh-elites-ce-week-end\/#respond"]}]},{"@type":"WebPage","@id":"https:\/\/www.aclanester56.com\/velo\/les-lanesteriens-sur-le-kreiz-breizh-elites-ce-week-end\/","url":"https:\/\/www.aclanester56.com\/velo\/les-lanesteriens-sur-le-kreiz-breizh-elites-ce-week-end\/","name":"Les Lanest\u00e9riens sur le Kreiz Breizh Elites ce week-end - Avenir Cycliste Lanester 56","isPartOf":{"@id":"https:\/\/www.aclanester56.com\/velo\/#website"},"datePublished":"2010-07-23T09:51:50+00:00","dateModified":"2010-07-27T04:54:02+00:00","inLanguage":"fr-FR","potentialAction":[{"@type":"ReadAction","target":["https:\/\/www.aclanester56.com\/velo\/les-lanesteriens-sur-le-kreiz-breizh-elites-ce-week-end\/"]}]},{"@type":"WebSite","@id":"https:\/\/www.aclanester56.com\/velo\/#website","url":"https:\/\/www.aclanester56.com\/velo\/","name":"Avenir Cycliste Lanester 56","description":"Club cycliste de l&#039;AC LANESTER 56","publisher":{"@id":"https:\/\/www.aclanester56.com\/velo\/#organization"},"potentialAction":[{"@type":"SearchAction","target":{"@type":"EntryPoint","urlTemplate":"https:\/\/www.aclanester56.com\/velo\/?s={search_term_string}"},"query-input":{"@type":"PropertyValueSpecification","valueRequired":true,"valueName":"search_term_string"}}],"inLanguage":"fr-FR"},{"@type":"Organization","@id":"https:\/\/www.aclanester56.com\/velo\/#organization","name":"Avenir Cycliste Lanester 56","url":"https:\/\/www.aclanester56.com\/velo\/","logo":{"@type":"ImageObject","inLanguage":"fr-FR","@id":"https:\/\/www.aclanester56.com\/velo\/#\/schema\/logo\/image\/","url":"https:\/\/www.aclanester56.com\/velo\/wp-content\/uploads\/2013\/04\/logo-ACL.jpg","contentUrl":"https:\/\/www.aclanester56.com\/velo\/wp-content\/uploads\/2013\/04\/logo-ACL.jpg","width":400,"height":334,"caption":"Avenir Cycliste Lanester 56"},"image":{"@id":"https:\/\/www.aclanester56.com\/velo\/#\/schema\/logo\/image\/"},"sameAs":["https:\/\/www.facebook.com\/pages\/AC-Lanester-56\/190286300991242?fref=ts"]},{"@type":"Person","@id":"https:\/\/www.aclanester56.com\/velo\/#\/schema\/person\/ca2a44a5fd969e9dd846c72d3b33bc01","name":"Jean-Christophe","url":"https:\/\/www.aclanester56.com\/velo\/author\/jeanchristophe\/"}]}},"_links":{"self":[{"href":"https:\/\/www.aclanester56.com\/velo\/wp-json\/wp\/v2\/posts\/3338","targetHints":{"allow":["GET"]}}],"collection":[{"href":"https:\/\/www.aclanester56.com\/velo\/wp-json\/wp\/v2\/posts"}],"about":[{"href":"https:\/\/www.aclanester56.com\/velo\/wp-json\/wp\/v2\/types\/post"}],"author":[{"embeddable":true,"href":"https:\/\/www.aclanester56.com\/velo\/wp-json\/wp\/v2\/users\/14"}],"replies":[{"embeddable":true,"href":"https:\/\/www.aclanester56.com\/velo\/wp-json\/wp\/v2\/comments?post=3338"}],"version-history":[{"count":0,"href":"https:\/\/www.aclanester56.com\/velo\/wp-json\/wp\/v2\/posts\/3338\/revisions"}],"wp:attachment":[{"href":"https:\/\/www.aclanester56.com\/velo\/wp-json\/wp\/v2\/media?parent=3338"}],"wp:term":[{"taxonomy":"category","embeddable":true,"href":"https:\/\/www.aclanester56.com\/velo\/wp-json\/wp\/v2\/categories?post=3338"},{"taxonomy":"post_tag","embeddable":true,"href":"https:\/\/www.aclanester56.com\/velo\/wp-json\/wp\/v2\/tags?post=3338"}],"curies":[{"name":"wp","href":"https:\/\/api.w.org\/{rel}","templated":true}]}}