{"id":3350,"date":"2010-07-24T19:43:11","date_gmt":"2010-07-24T18:43:11","guid":{"rendered":"http:\/\/www.aclanester56.com\/velo\/?p=3350"},"modified":"2010-07-27T05:49:38","modified_gmt":"2010-07-27T04:49:38","slug":"1ere-etape-du-kreiz-breizh-elites","status":"publish","type":"post","link":"https:\/\/www.aclanester56.com\/velo\/1ere-etape-du-kreiz-breizh-elites\/","title":{"rendered":"1\u00e8re \u00e9tape du Kreiz Breizh Elites"},"content":{"rendered":"<p>Le Kreiz Breizh Elites s&rsquo;est \u00e9lanc\u00e9 aujourd&rsquo;hui avec la premi\u00e8re \u00e9tape disput\u00e9e entre Calanhel(29) et Plouray(56), sur 167 kms. Six coureurs de l&rsquo;ACL 56 \u00e9taient au d\u00e9part, pr\u00eats \u00e0 en d\u00e9coudre avec des \u00e9quipes de renomm\u00e9e internationale.<\/p>\n<p><!--more--><\/p>\n<div>Malgr\u00e9 des attaques incessantes depuis le d\u00e9part de Calanhel, aucune \u00e9chapp\u00e9e n&rsquo;a r\u00e9ussi \u00e0 prendre du champ par rapport au peloton. Du c\u00f4t\u00e9 des Lanest\u00e9riens, Yoann DAVID a bien tent\u00e9 une sortie en solitaire \u00e0 l&rsquo;occasion du classement des grimpeurs \u00e0 Pl\u00e9vin, avant d&rsquo;\u00eatre rejoint par six autres coureurs, mais cette \u00e9chapp\u00e9e ne durera qu&rsquo;une dizaine de kilom\u00e8tres. L&rsquo;\u00e9chapp\u00e9e principale de la journ\u00e9e partira quelques kilom\u00e8tres plus tard, avec 4 hommes. Il s&rsquo;agit du costarmoricain Nicolas DAVID ( fr\u00e8re de Yoann), du marseillais\u00a0<span style=\"color: #ffffff;line-height: normal;font-size: small\">Thomas Vaubourzeix, du danois <\/span><span style=\"color: #ffffff;line-height: normal;font-size: small\">Troels Vinther et du japonais <\/span><span style=\"color: #000000;line-height: normal;border-collapse: collapse\"><span style=\"font-size: small\"><span style=\"color: #ffffff\">Shinichi Fukushima. <\/span><\/span><\/span>Derri\u00e8re, au 124\u00e8me kilomtre, lors de la terrible ascension de Bot-Co\u00ebt, un contre d&rsquo;une trentaine de coureurs se dessine, mais la crevaison de Coen VERMELFOORT, l&rsquo;un des leaders de la RABOBANK, sonne le glas de ce groupe. Sur le circuit final de Plouray, alors que le peloton semble revenir \u00e0 vive allure sur les quatre hommes de t\u00eate, tout le monde se regarde un peu et cela profite aux 3 rescap\u00e9s de l&rsquo;\u00e9chapp\u00e9e du jour qui conserveront quelques secondes sur le gros de la troupe. Les six coureurs Lanest\u00e9riens finissent dans le peloton et conservent donc chacun leur chance de bien figurer au classement g\u00e9n\u00e9ral.<\/div>\n<div><span style=\"color: #ffffff;line-height: normal;font-size: small\"> <\/span><\/div>\n<div><span style=\"color: #ffffff;line-height: normal;font-size: small\"> <\/span><\/div>\n<p><br class=\"spacer_\" \/><\/p>\n<div>Demain matin, la seconde \u00e9tape se d\u00e9roulera entre Cleden-Poher et Carhaix sur 96.1 kms.<\/div>\n<p><br class=\"spacer_\" \/><\/p>\n<div><span style=\"font-size: small\"><strong><span style=\"text-decoration: underline\">Classement :<\/span><\/strong> <\/span><\/div>\n<div><span style=\"color: #000000;line-height: normal\"><span style=\"font-size: small\"><span style=\"color: #ffffff\">1 Thomas Vaubourzeix (VC La Pomme Marseille) les 167.5 kms en 3H52&rsquo;43\u00a0\u00bb (moyenne : 43.186 km\/h)<br \/>\n 2 Troels Vinther (Glud &amp; Marstrand) \u00e0 0&Prime;<br \/>\n 3 Nicolas David (C\u00f4tes d&rsquo;Armor Cyclisme) \u00e0 0&Prime;<br \/>\n 4\u00a0Coen Vermeltfoort (Rabobank CT) \u00e0 2&Prime;<br \/>\n 5 Laurent Pichon (Bretagne-Schuller) \u00e0 2&Prime;<br \/>\n 6 Patrick Bercz (Team Seven Stones) \u00e0 2&Prime;<br \/>\n 7 Roy Hegreberg (Sparebanken Vest-Ridley) \u00e0 2&Prime;<br \/>\n 8 Peter Schulting (Cyclingteam Jo Piels) \u00e0 2&Prime;<br \/>\n 9 Sven Vanthourenhout (Sunweb-Revor) \u00e0 2&Prime; <br \/>\n 10 Lilian J\u00e9gou (Bretagne-Schuller) \u00e0 2&Prime;<br \/>\n <span style=\"background-color: #ff6600\">55 Warren Barguil (AC Lanester 56) \u00e0 2&Prime;<\/span><br \/>\n <span style=\"background-color: #ff6600\">71 Yann Rault (AC Lanester 56) \u00e0 2&Prime;<\/span><br \/>\n <span style=\"background-color: #ff6600\">96 Vincent Guezennec (AC Lanester 56) \u00e0 2&Prime;<\/span><br \/>\n <span style=\"background-color: #ff6600\">116 Matthieu Gaultier (AC Lanester 56) \u00e0 2&Prime;<\/span><br \/>\n <span style=\"background-color: #ff6600\">128 Vincent Ragot (AC Lanester 56) \u00e0 2&Prime;<\/span><br \/>\n <span style=\"background-color: #ff6600\">137 Yoann David (AC Lanester 56) \u00e0 2&Prime;<\/span><\/p>\n<p><br class=\"spacer_\" \/><\/p>\n<p><br class=\"spacer_\" \/><\/p>\n<p><br class=\"spacer_\" \/><\/p>\n<p><br class=\"spacer_\" \/><\/p>\n<p><br class=\"spacer_\" \/><\/p>\n<p><\/span><\/span><\/span><\/div>\n<div><span style=\"color: #000000;line-height: normal\"><span style=\"font-size: small\"><span style=\"color: #ffffff\"><br \/>\n <\/span><\/span><\/span><\/div>\n","protected":false},"excerpt":{"rendered":"<p>Le Kreiz Breizh Elites s&rsquo;est \u00e9lanc\u00e9 aujourd&rsquo;hui avec la premi\u00e8re \u00e9tape disput\u00e9e entre Calanhel(29) et Plouray(56), sur 167 kms. Six [&hellip;]<\/p>\n","protected":false},"author":14,"featured_media":0,"comment_status":"open","ping_status":"open","sticky":false,"template":"","format":"standard","meta":{"ngg_post_thumbnail":0,"footnotes":""},"categories":[14,17],"tags":[],"class_list":["post-3350","post","type-post","status-publish","format-standard","hentry","category-actualites-dn","category-resultats-dn"],"yoast_head":"<!-- This site is optimized with the Yoast SEO plugin v27.5 - https:\/\/yoast.com\/product\/yoast-seo-wordpress\/ -->\n<title>1\u00e8re \u00e9tape du Kreiz Breizh Elites - Avenir Cycliste Lanester 56<\/title>\n<meta name=\"robots\" content=\"index, follow, max-snippet:-1, max-image-preview:large, max-video-preview:-1\" \/>\n<link rel=\"canonical\" href=\"https:\/\/www.aclanester56.com\/velo\/1ere-etape-du-kreiz-breizh-elites\/\" \/>\n<meta property=\"og:locale\" content=\"fr_FR\" \/>\n<meta property=\"og:type\" content=\"article\" \/>\n<meta property=\"og:title\" content=\"1\u00e8re \u00e9tape du Kreiz Breizh Elites - Avenir Cycliste Lanester 56\" \/>\n<meta property=\"og:description\" content=\"Le Kreiz Breizh Elites s&rsquo;est \u00e9lanc\u00e9 aujourd&rsquo;hui avec la premi\u00e8re \u00e9tape disput\u00e9e entre Calanhel(29) et Plouray(56), sur 167 kms. Six [&hellip;]\" \/>\n<meta property=\"og:url\" content=\"https:\/\/www.aclanester56.com\/velo\/1ere-etape-du-kreiz-breizh-elites\/\" \/>\n<meta property=\"og:site_name\" content=\"Avenir Cycliste Lanester 56\" \/>\n<meta property=\"article:publisher\" content=\"https:\/\/www.facebook.com\/pages\/AC-Lanester-56\/190286300991242?fref=ts\" \/>\n<meta property=\"article:published_time\" content=\"2010-07-24T18:43:11+00:00\" \/>\n<meta property=\"article:modified_time\" content=\"2010-07-27T04:49:38+00:00\" \/>\n<meta name=\"author\" content=\"Jean-Christophe\" \/>\n<meta name=\"twitter:label1\" content=\"\u00c9crit par\" \/>\n\t<meta name=\"twitter:data1\" content=\"Jean-Christophe\" \/>\n\t<meta name=\"twitter:label2\" content=\"Dur\u00e9e de lecture estim\u00e9e\" \/>\n\t<meta name=\"twitter:data2\" content=\"2 minutes\" \/>\n<script type=\"application\/ld+json\" class=\"yoast-schema-graph\">{\"@context\":\"https:\\\/\\\/schema.org\",\"@graph\":[{\"@type\":\"Article\",\"@id\":\"https:\\\/\\\/www.aclanester56.com\\\/velo\\\/1ere-etape-du-kreiz-breizh-elites\\\/#article\",\"isPartOf\":{\"@id\":\"https:\\\/\\\/www.aclanester56.com\\\/velo\\\/1ere-etape-du-kreiz-breizh-elites\\\/\"},\"author\":{\"name\":\"Jean-Christophe\",\"@id\":\"https:\\\/\\\/www.aclanester56.com\\\/velo\\\/#\\\/schema\\\/person\\\/ca2a44a5fd969e9dd846c72d3b33bc01\"},\"headline\":\"1\u00e8re \u00e9tape du Kreiz Breizh Elites\",\"datePublished\":\"2010-07-24T18:43:11+00:00\",\"dateModified\":\"2010-07-27T04:49:38+00:00\",\"mainEntityOfPage\":{\"@id\":\"https:\\\/\\\/www.aclanester56.com\\\/velo\\\/1ere-etape-du-kreiz-breizh-elites\\\/\"},\"wordCount\":353,\"commentCount\":0,\"publisher\":{\"@id\":\"https:\\\/\\\/www.aclanester56.com\\\/velo\\\/#organization\"},\"articleSection\":[\"Actualit\u00e9s DN\",\"R\u00e9sultats DN\"],\"inLanguage\":\"fr-FR\",\"potentialAction\":[{\"@type\":\"CommentAction\",\"name\":\"Comment\",\"target\":[\"https:\\\/\\\/www.aclanester56.com\\\/velo\\\/1ere-etape-du-kreiz-breizh-elites\\\/#respond\"]}]},{\"@type\":\"WebPage\",\"@id\":\"https:\\\/\\\/www.aclanester56.com\\\/velo\\\/1ere-etape-du-kreiz-breizh-elites\\\/\",\"url\":\"https:\\\/\\\/www.aclanester56.com\\\/velo\\\/1ere-etape-du-kreiz-breizh-elites\\\/\",\"name\":\"1\u00e8re \u00e9tape du Kreiz Breizh Elites - Avenir Cycliste Lanester 56\",\"isPartOf\":{\"@id\":\"https:\\\/\\\/www.aclanester56.com\\\/velo\\\/#website\"},\"datePublished\":\"2010-07-24T18:43:11+00:00\",\"dateModified\":\"2010-07-27T04:49:38+00:00\",\"inLanguage\":\"fr-FR\",\"potentialAction\":[{\"@type\":\"ReadAction\",\"target\":[\"https:\\\/\\\/www.aclanester56.com\\\/velo\\\/1ere-etape-du-kreiz-breizh-elites\\\/\"]}]},{\"@type\":\"WebSite\",\"@id\":\"https:\\\/\\\/www.aclanester56.com\\\/velo\\\/#website\",\"url\":\"https:\\\/\\\/www.aclanester56.com\\\/velo\\\/\",\"name\":\"Avenir Cycliste Lanester 56\",\"description\":\"Club cycliste de l&#039;AC LANESTER 56\",\"publisher\":{\"@id\":\"https:\\\/\\\/www.aclanester56.com\\\/velo\\\/#organization\"},\"potentialAction\":[{\"@type\":\"SearchAction\",\"target\":{\"@type\":\"EntryPoint\",\"urlTemplate\":\"https:\\\/\\\/www.aclanester56.com\\\/velo\\\/?s={search_term_string}\"},\"query-input\":{\"@type\":\"PropertyValueSpecification\",\"valueRequired\":true,\"valueName\":\"search_term_string\"}}],\"inLanguage\":\"fr-FR\"},{\"@type\":\"Organization\",\"@id\":\"https:\\\/\\\/www.aclanester56.com\\\/velo\\\/#organization\",\"name\":\"Avenir Cycliste Lanester 56\",\"url\":\"https:\\\/\\\/www.aclanester56.com\\\/velo\\\/\",\"logo\":{\"@type\":\"ImageObject\",\"inLanguage\":\"fr-FR\",\"@id\":\"https:\\\/\\\/www.aclanester56.com\\\/velo\\\/#\\\/schema\\\/logo\\\/image\\\/\",\"url\":\"https:\\\/\\\/www.aclanester56.com\\\/velo\\\/wp-content\\\/uploads\\\/2013\\\/04\\\/logo-ACL.jpg\",\"contentUrl\":\"https:\\\/\\\/www.aclanester56.com\\\/velo\\\/wp-content\\\/uploads\\\/2013\\\/04\\\/logo-ACL.jpg\",\"width\":400,\"height\":334,\"caption\":\"Avenir Cycliste Lanester 56\"},\"image\":{\"@id\":\"https:\\\/\\\/www.aclanester56.com\\\/velo\\\/#\\\/schema\\\/logo\\\/image\\\/\"},\"sameAs\":[\"https:\\\/\\\/www.facebook.com\\\/pages\\\/AC-Lanester-56\\\/190286300991242?fref=ts\"]},{\"@type\":\"Person\",\"@id\":\"https:\\\/\\\/www.aclanester56.com\\\/velo\\\/#\\\/schema\\\/person\\\/ca2a44a5fd969e9dd846c72d3b33bc01\",\"name\":\"Jean-Christophe\",\"url\":\"https:\\\/\\\/www.aclanester56.com\\\/velo\\\/author\\\/jeanchristophe\\\/\"}]}<\/script>\n<!-- \/ Yoast SEO plugin. -->","yoast_head_json":{"title":"1\u00e8re \u00e9tape du Kreiz Breizh Elites - Avenir Cycliste Lanester 56","robots":{"index":"index","follow":"follow","max-snippet":"max-snippet:-1","max-image-preview":"max-image-preview:large","max-video-preview":"max-video-preview:-1"},"canonical":"https:\/\/www.aclanester56.com\/velo\/1ere-etape-du-kreiz-breizh-elites\/","og_locale":"fr_FR","og_type":"article","og_title":"1\u00e8re \u00e9tape du Kreiz Breizh Elites - Avenir Cycliste Lanester 56","og_description":"Le Kreiz Breizh Elites s&rsquo;est \u00e9lanc\u00e9 aujourd&rsquo;hui avec la premi\u00e8re \u00e9tape disput\u00e9e entre Calanhel(29) et Plouray(56), sur 167 kms. Six [&hellip;]","og_url":"https:\/\/www.aclanester56.com\/velo\/1ere-etape-du-kreiz-breizh-elites\/","og_site_name":"Avenir Cycliste Lanester 56","article_publisher":"https:\/\/www.facebook.com\/pages\/AC-Lanester-56\/190286300991242?fref=ts","article_published_time":"2010-07-24T18:43:11+00:00","article_modified_time":"2010-07-27T04:49:38+00:00","author":"Jean-Christophe","twitter_misc":{"\u00c9crit par":"Jean-Christophe","Dur\u00e9e de lecture estim\u00e9e":"2 minutes"},"schema":{"@context":"https:\/\/schema.org","@graph":[{"@type":"Article","@id":"https:\/\/www.aclanester56.com\/velo\/1ere-etape-du-kreiz-breizh-elites\/#article","isPartOf":{"@id":"https:\/\/www.aclanester56.com\/velo\/1ere-etape-du-kreiz-breizh-elites\/"},"author":{"name":"Jean-Christophe","@id":"https:\/\/www.aclanester56.com\/velo\/#\/schema\/person\/ca2a44a5fd969e9dd846c72d3b33bc01"},"headline":"1\u00e8re \u00e9tape du Kreiz Breizh Elites","datePublished":"2010-07-24T18:43:11+00:00","dateModified":"2010-07-27T04:49:38+00:00","mainEntityOfPage":{"@id":"https:\/\/www.aclanester56.com\/velo\/1ere-etape-du-kreiz-breizh-elites\/"},"wordCount":353,"commentCount":0,"publisher":{"@id":"https:\/\/www.aclanester56.com\/velo\/#organization"},"articleSection":["Actualit\u00e9s DN","R\u00e9sultats DN"],"inLanguage":"fr-FR","potentialAction":[{"@type":"CommentAction","name":"Comment","target":["https:\/\/www.aclanester56.com\/velo\/1ere-etape-du-kreiz-breizh-elites\/#respond"]}]},{"@type":"WebPage","@id":"https:\/\/www.aclanester56.com\/velo\/1ere-etape-du-kreiz-breizh-elites\/","url":"https:\/\/www.aclanester56.com\/velo\/1ere-etape-du-kreiz-breizh-elites\/","name":"1\u00e8re \u00e9tape du Kreiz Breizh Elites - Avenir Cycliste Lanester 56","isPartOf":{"@id":"https:\/\/www.aclanester56.com\/velo\/#website"},"datePublished":"2010-07-24T18:43:11+00:00","dateModified":"2010-07-27T04:49:38+00:00","inLanguage":"fr-FR","potentialAction":[{"@type":"ReadAction","target":["https:\/\/www.aclanester56.com\/velo\/1ere-etape-du-kreiz-breizh-elites\/"]}]},{"@type":"WebSite","@id":"https:\/\/www.aclanester56.com\/velo\/#website","url":"https:\/\/www.aclanester56.com\/velo\/","name":"Avenir Cycliste Lanester 56","description":"Club cycliste de l&#039;AC LANESTER 56","publisher":{"@id":"https:\/\/www.aclanester56.com\/velo\/#organization"},"potentialAction":[{"@type":"SearchAction","target":{"@type":"EntryPoint","urlTemplate":"https:\/\/www.aclanester56.com\/velo\/?s={search_term_string}"},"query-input":{"@type":"PropertyValueSpecification","valueRequired":true,"valueName":"search_term_string"}}],"inLanguage":"fr-FR"},{"@type":"Organization","@id":"https:\/\/www.aclanester56.com\/velo\/#organization","name":"Avenir Cycliste Lanester 56","url":"https:\/\/www.aclanester56.com\/velo\/","logo":{"@type":"ImageObject","inLanguage":"fr-FR","@id":"https:\/\/www.aclanester56.com\/velo\/#\/schema\/logo\/image\/","url":"https:\/\/www.aclanester56.com\/velo\/wp-content\/uploads\/2013\/04\/logo-ACL.jpg","contentUrl":"https:\/\/www.aclanester56.com\/velo\/wp-content\/uploads\/2013\/04\/logo-ACL.jpg","width":400,"height":334,"caption":"Avenir Cycliste Lanester 56"},"image":{"@id":"https:\/\/www.aclanester56.com\/velo\/#\/schema\/logo\/image\/"},"sameAs":["https:\/\/www.facebook.com\/pages\/AC-Lanester-56\/190286300991242?fref=ts"]},{"@type":"Person","@id":"https:\/\/www.aclanester56.com\/velo\/#\/schema\/person\/ca2a44a5fd969e9dd846c72d3b33bc01","name":"Jean-Christophe","url":"https:\/\/www.aclanester56.com\/velo\/author\/jeanchristophe\/"}]}},"_links":{"self":[{"href":"https:\/\/www.aclanester56.com\/velo\/wp-json\/wp\/v2\/posts\/3350","targetHints":{"allow":["GET"]}}],"collection":[{"href":"https:\/\/www.aclanester56.com\/velo\/wp-json\/wp\/v2\/posts"}],"about":[{"href":"https:\/\/www.aclanester56.com\/velo\/wp-json\/wp\/v2\/types\/post"}],"author":[{"embeddable":true,"href":"https:\/\/www.aclanester56.com\/velo\/wp-json\/wp\/v2\/users\/14"}],"replies":[{"embeddable":true,"href":"https:\/\/www.aclanester56.com\/velo\/wp-json\/wp\/v2\/comments?post=3350"}],"version-history":[{"count":0,"href":"https:\/\/www.aclanester56.com\/velo\/wp-json\/wp\/v2\/posts\/3350\/revisions"}],"wp:attachment":[{"href":"https:\/\/www.aclanester56.com\/velo\/wp-json\/wp\/v2\/media?parent=3350"}],"wp:term":[{"taxonomy":"category","embeddable":true,"href":"https:\/\/www.aclanester56.com\/velo\/wp-json\/wp\/v2\/categories?post=3350"},{"taxonomy":"post_tag","embeddable":true,"href":"https:\/\/www.aclanester56.com\/velo\/wp-json\/wp\/v2\/tags?post=3350"}],"curies":[{"name":"wp","href":"https:\/\/api.w.org\/{rel}","templated":true}]}}