{"id":3359,"date":"2010-07-25T19:51:50","date_gmt":"2010-07-25T18:51:50","guid":{"rendered":"http:\/\/www.aclanester56.com\/velo\/?p=3359"},"modified":"2010-07-27T05:48:30","modified_gmt":"2010-07-27T04:48:30","slug":"2eme-etape-du-kreiz-breizh-elites","status":"publish","type":"post","link":"https:\/\/www.aclanester56.com\/velo\/2eme-etape-du-kreiz-breizh-elites\/","title":{"rendered":"2\u00e8me \u00e9tape du Kreiz Breizh Elites"},"content":{"rendered":"<p>La deuxi\u00e8me \u00e9tape du Kreiz Breizh Elites 2010 se d\u00e9roulait ce matin entre Cleden-Poher et Carhaix, sur une distance de 96.1 kms.<\/p>\n<p><!--more--><\/p>\n<p><br class=\"spacer_\" \/><\/p>\n<p>Cette courte \u00e9tape a \u00e9t\u00e9 men\u00e9e d\u00e8s le d\u00e9part, tambour battant. Le lanest\u00e9rien Warren Barguil a \u00e9t\u00e9 de tous les coups. D&rsquo;abord dans une \u00e9chapp\u00e9e de 5 coureurs, puis dans le groupe de dix-sept avec tous les cadors du peloton avec son comp\u00e8re Yoann David. Contraint de laisser filer le marseillais Antomarchi et le coureur de Sojasun Paiani, il sortait en contre avec Christophe Laborie et Johan Le Bon, avec lesquels il allait se disputer la 3\u00e8me place de l&rsquo;\u00e9tape.<\/p>\n<p><span style=\"text-decoration: underline\"><strong>Classement de la 2\u00e8me \u00e9tape :<\/strong><\/span><\/p>\n<p>1 ANTOMARCHI Julien LPM les 96.100km en 2:12:36. (Moy : 43.484 km\/h)<br \/>\n 2 PAIANI Jean-Lou SOJ<br \/>\n 3 LABORIE Christophe SOJ 12.<br \/>\n <span style=\"background-color: #ff6600\">4 BARGUIL Warren ACL 18<\/span>.<br \/>\n 5 LE BON Johan BSC 18.<br \/>\n 6 PICHON Laurent \u00a0BSC 30.<br \/>\n 7 JEGOU Lilian \u00a0BSC 30.<br \/>\n 8 VANTHOURENHOUT Sven SUN 30.<br \/>\n 9 CHEVAL Sylvain BIC 30.<br \/>\n 10 PREMONT Christophe PCW 30.<br \/>\n <span style=\"background-color: #ff6600\">65 GUEZENNEC Vincent ACL 30<\/span>.<br \/>\n <span style=\"background-color: #ff6600\">90 RAULT Yann ACL 30<\/span>.<br \/>\n <span style=\"background-color: #ff6600\">99 RAGOT Vincent ACL 30<\/span>.<br \/>\n <span style=\"background-color: #ff6600\">105 GAULTIER Matthieu ACL 30<\/span>.<br \/>\n <span style=\"background-color: #ff6600\">128 DAVID Yoann ACL 1:07<\/span><\/p>\n<p><br class=\"spacer_\" \/><\/p>\n<p><span style=\"text-decoration: underline\"><strong>Classement g\u00e9n\u00e9ral provisoire :<\/strong><\/span><strong> <\/strong><\/p>\n<p>1 142 PAIANI Jean-Lou SOJ 6:05:21. (Moy : 43.294 km\/h)<br \/>\n 2 133 ANTOMARCHI Julien LPM<br \/>\n 3 140 LABORIE Christophe SOJ 12.<br \/>\n <span style=\"background-color: #ff6600\">4 63 BARGUIL Warren ACL 18<\/span>.<br \/>\n 5 5 LE BON Johan BSC 18.<br \/>\n 6 155 VINTHER Troels GLU 28.<br \/>\n 7 137 VAUBOURZEIX Thomas LPM 28.<br \/>\n 8 91 DAVID Nicolas CMM 28.<br \/>\n 9 6 PICHON Laurent BSC 30.<br \/>\n 10 3 JEGOU Lilian BSC 30.<br \/>\n <span style=\"background-color: #ff6600\">79 GUEZENNEC Vincent ACL 30<\/span>.<br \/>\n <span style=\"background-color: #ff6600\">81 61 RAULT Yann ACL 30.<\/span><br \/>\n <span style=\"background-color: #ff6600\">101 65 GAULTIER Matthieu ACL 30.<\/span><br \/>\n <span style=\"background-color: #ff6600\">104 66 RAGOT Vincent ACL 30.<\/span><br \/>\n <span style=\"background-color: #ff6600\">125 62 DAVID Yoann ACL 1:07<\/span><\/p>\n<p><br class=\"spacer_\" \/><\/p>\n<p><br class=\"spacer_\" \/><\/p>\n","protected":false},"excerpt":{"rendered":"<p>La deuxi\u00e8me \u00e9tape du Kreiz Breizh Elites 2010 se d\u00e9roulait ce matin entre Cleden-Poher et Carhaix, sur une distance de [&hellip;]<\/p>\n","protected":false},"author":14,"featured_media":0,"comment_status":"open","ping_status":"open","sticky":false,"template":"","format":"standard","meta":{"ngg_post_thumbnail":0,"footnotes":""},"categories":[14,17],"tags":[],"class_list":["post-3359","post","type-post","status-publish","format-standard","hentry","category-actualites-dn","category-resultats-dn"],"yoast_head":"<!-- This site is optimized with the Yoast SEO plugin v27.5 - https:\/\/yoast.com\/product\/yoast-seo-wordpress\/ -->\n<title>2\u00e8me \u00e9tape du Kreiz Breizh Elites - Avenir Cycliste Lanester 56<\/title>\n<meta name=\"robots\" content=\"index, follow, max-snippet:-1, max-image-preview:large, max-video-preview:-1\" \/>\n<link rel=\"canonical\" href=\"https:\/\/www.aclanester56.com\/velo\/2eme-etape-du-kreiz-breizh-elites\/\" \/>\n<meta property=\"og:locale\" content=\"fr_FR\" \/>\n<meta property=\"og:type\" content=\"article\" \/>\n<meta property=\"og:title\" content=\"2\u00e8me \u00e9tape du Kreiz Breizh Elites - Avenir Cycliste Lanester 56\" \/>\n<meta property=\"og:description\" content=\"La deuxi\u00e8me \u00e9tape du Kreiz Breizh Elites 2010 se d\u00e9roulait ce matin entre Cleden-Poher et Carhaix, sur une distance de [&hellip;]\" \/>\n<meta property=\"og:url\" content=\"https:\/\/www.aclanester56.com\/velo\/2eme-etape-du-kreiz-breizh-elites\/\" \/>\n<meta property=\"og:site_name\" content=\"Avenir Cycliste Lanester 56\" \/>\n<meta property=\"article:publisher\" content=\"https:\/\/www.facebook.com\/pages\/AC-Lanester-56\/190286300991242?fref=ts\" \/>\n<meta property=\"article:published_time\" content=\"2010-07-25T18:51:50+00:00\" \/>\n<meta property=\"article:modified_time\" content=\"2010-07-27T04:48:30+00:00\" \/>\n<meta name=\"author\" content=\"Jean-Christophe\" \/>\n<meta name=\"twitter:label1\" content=\"\u00c9crit par\" \/>\n\t<meta name=\"twitter:data1\" content=\"Jean-Christophe\" \/>\n\t<meta name=\"twitter:label2\" content=\"Dur\u00e9e de lecture estim\u00e9e\" \/>\n\t<meta name=\"twitter:data2\" content=\"1 minute\" \/>\n<script type=\"application\/ld+json\" class=\"yoast-schema-graph\">{\"@context\":\"https:\\\/\\\/schema.org\",\"@graph\":[{\"@type\":\"Article\",\"@id\":\"https:\\\/\\\/www.aclanester56.com\\\/velo\\\/2eme-etape-du-kreiz-breizh-elites\\\/#article\",\"isPartOf\":{\"@id\":\"https:\\\/\\\/www.aclanester56.com\\\/velo\\\/2eme-etape-du-kreiz-breizh-elites\\\/\"},\"author\":{\"name\":\"Jean-Christophe\",\"@id\":\"https:\\\/\\\/www.aclanester56.com\\\/velo\\\/#\\\/schema\\\/person\\\/ca2a44a5fd969e9dd846c72d3b33bc01\"},\"headline\":\"2\u00e8me \u00e9tape du Kreiz Breizh Elites\",\"datePublished\":\"2010-07-25T18:51:50+00:00\",\"dateModified\":\"2010-07-27T04:48:30+00:00\",\"mainEntityOfPage\":{\"@id\":\"https:\\\/\\\/www.aclanester56.com\\\/velo\\\/2eme-etape-du-kreiz-breizh-elites\\\/\"},\"wordCount\":225,\"commentCount\":0,\"publisher\":{\"@id\":\"https:\\\/\\\/www.aclanester56.com\\\/velo\\\/#organization\"},\"articleSection\":[\"Actualit\u00e9s DN\",\"R\u00e9sultats DN\"],\"inLanguage\":\"fr-FR\",\"potentialAction\":[{\"@type\":\"CommentAction\",\"name\":\"Comment\",\"target\":[\"https:\\\/\\\/www.aclanester56.com\\\/velo\\\/2eme-etape-du-kreiz-breizh-elites\\\/#respond\"]}]},{\"@type\":\"WebPage\",\"@id\":\"https:\\\/\\\/www.aclanester56.com\\\/velo\\\/2eme-etape-du-kreiz-breizh-elites\\\/\",\"url\":\"https:\\\/\\\/www.aclanester56.com\\\/velo\\\/2eme-etape-du-kreiz-breizh-elites\\\/\",\"name\":\"2\u00e8me \u00e9tape du Kreiz Breizh Elites - Avenir Cycliste Lanester 56\",\"isPartOf\":{\"@id\":\"https:\\\/\\\/www.aclanester56.com\\\/velo\\\/#website\"},\"datePublished\":\"2010-07-25T18:51:50+00:00\",\"dateModified\":\"2010-07-27T04:48:30+00:00\",\"inLanguage\":\"fr-FR\",\"potentialAction\":[{\"@type\":\"ReadAction\",\"target\":[\"https:\\\/\\\/www.aclanester56.com\\\/velo\\\/2eme-etape-du-kreiz-breizh-elites\\\/\"]}]},{\"@type\":\"WebSite\",\"@id\":\"https:\\\/\\\/www.aclanester56.com\\\/velo\\\/#website\",\"url\":\"https:\\\/\\\/www.aclanester56.com\\\/velo\\\/\",\"name\":\"Avenir Cycliste Lanester 56\",\"description\":\"Club cycliste de l&#039;AC LANESTER 56\",\"publisher\":{\"@id\":\"https:\\\/\\\/www.aclanester56.com\\\/velo\\\/#organization\"},\"potentialAction\":[{\"@type\":\"SearchAction\",\"target\":{\"@type\":\"EntryPoint\",\"urlTemplate\":\"https:\\\/\\\/www.aclanester56.com\\\/velo\\\/?s={search_term_string}\"},\"query-input\":{\"@type\":\"PropertyValueSpecification\",\"valueRequired\":true,\"valueName\":\"search_term_string\"}}],\"inLanguage\":\"fr-FR\"},{\"@type\":\"Organization\",\"@id\":\"https:\\\/\\\/www.aclanester56.com\\\/velo\\\/#organization\",\"name\":\"Avenir Cycliste Lanester 56\",\"url\":\"https:\\\/\\\/www.aclanester56.com\\\/velo\\\/\",\"logo\":{\"@type\":\"ImageObject\",\"inLanguage\":\"fr-FR\",\"@id\":\"https:\\\/\\\/www.aclanester56.com\\\/velo\\\/#\\\/schema\\\/logo\\\/image\\\/\",\"url\":\"https:\\\/\\\/www.aclanester56.com\\\/velo\\\/wp-content\\\/uploads\\\/2013\\\/04\\\/logo-ACL.jpg\",\"contentUrl\":\"https:\\\/\\\/www.aclanester56.com\\\/velo\\\/wp-content\\\/uploads\\\/2013\\\/04\\\/logo-ACL.jpg\",\"width\":400,\"height\":334,\"caption\":\"Avenir Cycliste Lanester 56\"},\"image\":{\"@id\":\"https:\\\/\\\/www.aclanester56.com\\\/velo\\\/#\\\/schema\\\/logo\\\/image\\\/\"},\"sameAs\":[\"https:\\\/\\\/www.facebook.com\\\/pages\\\/AC-Lanester-56\\\/190286300991242?fref=ts\"]},{\"@type\":\"Person\",\"@id\":\"https:\\\/\\\/www.aclanester56.com\\\/velo\\\/#\\\/schema\\\/person\\\/ca2a44a5fd969e9dd846c72d3b33bc01\",\"name\":\"Jean-Christophe\",\"url\":\"https:\\\/\\\/www.aclanester56.com\\\/velo\\\/author\\\/jeanchristophe\\\/\"}]}<\/script>\n<!-- \/ Yoast SEO plugin. -->","yoast_head_json":{"title":"2\u00e8me \u00e9tape du Kreiz Breizh Elites - Avenir Cycliste Lanester 56","robots":{"index":"index","follow":"follow","max-snippet":"max-snippet:-1","max-image-preview":"max-image-preview:large","max-video-preview":"max-video-preview:-1"},"canonical":"https:\/\/www.aclanester56.com\/velo\/2eme-etape-du-kreiz-breizh-elites\/","og_locale":"fr_FR","og_type":"article","og_title":"2\u00e8me \u00e9tape du Kreiz Breizh Elites - Avenir Cycliste Lanester 56","og_description":"La deuxi\u00e8me \u00e9tape du Kreiz Breizh Elites 2010 se d\u00e9roulait ce matin entre Cleden-Poher et Carhaix, sur une distance de [&hellip;]","og_url":"https:\/\/www.aclanester56.com\/velo\/2eme-etape-du-kreiz-breizh-elites\/","og_site_name":"Avenir Cycliste Lanester 56","article_publisher":"https:\/\/www.facebook.com\/pages\/AC-Lanester-56\/190286300991242?fref=ts","article_published_time":"2010-07-25T18:51:50+00:00","article_modified_time":"2010-07-27T04:48:30+00:00","author":"Jean-Christophe","twitter_misc":{"\u00c9crit par":"Jean-Christophe","Dur\u00e9e de lecture estim\u00e9e":"1 minute"},"schema":{"@context":"https:\/\/schema.org","@graph":[{"@type":"Article","@id":"https:\/\/www.aclanester56.com\/velo\/2eme-etape-du-kreiz-breizh-elites\/#article","isPartOf":{"@id":"https:\/\/www.aclanester56.com\/velo\/2eme-etape-du-kreiz-breizh-elites\/"},"author":{"name":"Jean-Christophe","@id":"https:\/\/www.aclanester56.com\/velo\/#\/schema\/person\/ca2a44a5fd969e9dd846c72d3b33bc01"},"headline":"2\u00e8me \u00e9tape du Kreiz Breizh Elites","datePublished":"2010-07-25T18:51:50+00:00","dateModified":"2010-07-27T04:48:30+00:00","mainEntityOfPage":{"@id":"https:\/\/www.aclanester56.com\/velo\/2eme-etape-du-kreiz-breizh-elites\/"},"wordCount":225,"commentCount":0,"publisher":{"@id":"https:\/\/www.aclanester56.com\/velo\/#organization"},"articleSection":["Actualit\u00e9s DN","R\u00e9sultats DN"],"inLanguage":"fr-FR","potentialAction":[{"@type":"CommentAction","name":"Comment","target":["https:\/\/www.aclanester56.com\/velo\/2eme-etape-du-kreiz-breizh-elites\/#respond"]}]},{"@type":"WebPage","@id":"https:\/\/www.aclanester56.com\/velo\/2eme-etape-du-kreiz-breizh-elites\/","url":"https:\/\/www.aclanester56.com\/velo\/2eme-etape-du-kreiz-breizh-elites\/","name":"2\u00e8me \u00e9tape du Kreiz Breizh Elites - Avenir Cycliste Lanester 56","isPartOf":{"@id":"https:\/\/www.aclanester56.com\/velo\/#website"},"datePublished":"2010-07-25T18:51:50+00:00","dateModified":"2010-07-27T04:48:30+00:00","inLanguage":"fr-FR","potentialAction":[{"@type":"ReadAction","target":["https:\/\/www.aclanester56.com\/velo\/2eme-etape-du-kreiz-breizh-elites\/"]}]},{"@type":"WebSite","@id":"https:\/\/www.aclanester56.com\/velo\/#website","url":"https:\/\/www.aclanester56.com\/velo\/","name":"Avenir Cycliste Lanester 56","description":"Club cycliste de l&#039;AC LANESTER 56","publisher":{"@id":"https:\/\/www.aclanester56.com\/velo\/#organization"},"potentialAction":[{"@type":"SearchAction","target":{"@type":"EntryPoint","urlTemplate":"https:\/\/www.aclanester56.com\/velo\/?s={search_term_string}"},"query-input":{"@type":"PropertyValueSpecification","valueRequired":true,"valueName":"search_term_string"}}],"inLanguage":"fr-FR"},{"@type":"Organization","@id":"https:\/\/www.aclanester56.com\/velo\/#organization","name":"Avenir Cycliste Lanester 56","url":"https:\/\/www.aclanester56.com\/velo\/","logo":{"@type":"ImageObject","inLanguage":"fr-FR","@id":"https:\/\/www.aclanester56.com\/velo\/#\/schema\/logo\/image\/","url":"https:\/\/www.aclanester56.com\/velo\/wp-content\/uploads\/2013\/04\/logo-ACL.jpg","contentUrl":"https:\/\/www.aclanester56.com\/velo\/wp-content\/uploads\/2013\/04\/logo-ACL.jpg","width":400,"height":334,"caption":"Avenir Cycliste Lanester 56"},"image":{"@id":"https:\/\/www.aclanester56.com\/velo\/#\/schema\/logo\/image\/"},"sameAs":["https:\/\/www.facebook.com\/pages\/AC-Lanester-56\/190286300991242?fref=ts"]},{"@type":"Person","@id":"https:\/\/www.aclanester56.com\/velo\/#\/schema\/person\/ca2a44a5fd969e9dd846c72d3b33bc01","name":"Jean-Christophe","url":"https:\/\/www.aclanester56.com\/velo\/author\/jeanchristophe\/"}]}},"_links":{"self":[{"href":"https:\/\/www.aclanester56.com\/velo\/wp-json\/wp\/v2\/posts\/3359","targetHints":{"allow":["GET"]}}],"collection":[{"href":"https:\/\/www.aclanester56.com\/velo\/wp-json\/wp\/v2\/posts"}],"about":[{"href":"https:\/\/www.aclanester56.com\/velo\/wp-json\/wp\/v2\/types\/post"}],"author":[{"embeddable":true,"href":"https:\/\/www.aclanester56.com\/velo\/wp-json\/wp\/v2\/users\/14"}],"replies":[{"embeddable":true,"href":"https:\/\/www.aclanester56.com\/velo\/wp-json\/wp\/v2\/comments?post=3359"}],"version-history":[{"count":0,"href":"https:\/\/www.aclanester56.com\/velo\/wp-json\/wp\/v2\/posts\/3359\/revisions"}],"wp:attachment":[{"href":"https:\/\/www.aclanester56.com\/velo\/wp-json\/wp\/v2\/media?parent=3359"}],"wp:term":[{"taxonomy":"category","embeddable":true,"href":"https:\/\/www.aclanester56.com\/velo\/wp-json\/wp\/v2\/categories?post=3359"},{"taxonomy":"post_tag","embeddable":true,"href":"https:\/\/www.aclanester56.com\/velo\/wp-json\/wp\/v2\/tags?post=3359"}],"curies":[{"name":"wp","href":"https:\/\/api.w.org\/{rel}","templated":true}]}}