{"id":3387,"date":"2010-07-26T16:47:47","date_gmt":"2010-07-26T15:47:47","guid":{"rendered":"http:\/\/www.aclanester56.com\/velo\/?p=3387"},"modified":"2010-07-28T08:52:54","modified_gmt":"2010-07-28T07:52:54","slug":"4eme-etape-du-kreiz-breizh-elites","status":"publish","type":"post","link":"https:\/\/www.aclanester56.com\/velo\/4eme-etape-du-kreiz-breizh-elites\/","title":{"rendered":"4\u00e8me \u00e9tape du Kreiz Breizh Elites : Vincent Ragot 2\u00e8me au classement g\u00e9n\u00e9ral final !"},"content":{"rendered":"<div>La quatri\u00e8me et derni\u00e8re \u00e9tape du Kreiz Breizh Elite se d\u00e9roulait ce lundi apr\u00e8s-midi, entre Carhaix et Rostrenen, sur les pentes du c\u00e9l\u00e8bre circuit du Miniou o\u00f9 \u00e9tait jug\u00e9e l&rsquo;arriv\u00e9e apr\u00e8s 169.3 kms sur des routes tr\u00e8s vallonn\u00e9es.<\/div>\n<div id=\"attachment_3445\" style=\"width: 310px\" class=\"wp-caption alignleft\"><a rel=\"attachment wp-att-3445\" href=\"http:\/\/www.aclanester56.com\/velo\/2010\/07\/26\/4eme-etape-du-kreiz-breizh-elites\/photo_v_ragot_kbe2010\/\"><img loading=\"lazy\" decoding=\"async\" aria-describedby=\"caption-attachment-3445\" class=\"size-medium wp-image-3445 \" src=\"http:\/\/www.aclanester56.com\/velo\/wp-content\/uploads\/2010\/07\/photo_V_Ragot_KBE2010-300x222.jpg\" alt=\"\" width=\"300\" height=\"222\" srcset=\"https:\/\/www.aclanester56.com\/velo\/wp-content\/uploads\/2010\/07\/photo_V_Ragot_KBE2010-300x222.jpg 300w, https:\/\/www.aclanester56.com\/velo\/wp-content\/uploads\/2010\/07\/photo_V_Ragot_KBE2010.jpg 720w\" sizes=\"auto, (max-width: 300px) 100vw, 300px\" \/><\/a><p id=\"caption-attachment-3445\" class=\"wp-caption-text\">Vincent Ragot (AC Lanester 56), 2\u00e8me du Kreiz Breizh Elites 2010, course par \u00e9tapes internationale UCI 2.2 (photo Bruno Perrel)<\/p><\/div>\n<p><!--more--><\/p>\n<div>A l&rsquo;image des pr\u00e9c\u00e9dentes \u00e9tapes, le d\u00e9part a \u00e9t\u00e9 une nouvelle fois extr\u00eamement rapide. Cette \u00e9tape repr\u00e9sente la derni\u00e8re chance pour ces \u00e9quipes de niveau international de briller. Rappelons que le lanest\u00e9rien Vincent Ragot (AC Lanester 56) \u00e9tait 2\u00e8me au classement g\u00e9n\u00e9ral \u00e0 seulement 12&Prime; du professionnel Johan Le Bon, avant d&rsquo;aborder cette ultime \u00e9tape. Malgr\u00e9 des tentatives incessantes, aucune \u00e9chapp\u00e9e n&rsquo;arrivera \u00e0 prendre du champ, jusqu&rsquo;au 55\u00e8me kilom\u00e8tre environ, o\u00f9 une quinzaine d&rsquo;hommes r\u00e9ussit \u00e0 prendre la poudre d&rsquo;escampette. Parmi eux, il y a beaucoup de bons coureurs \u00e9trangers mais \u00e9galement l&rsquo;infatigable attaquant Warren Barguil pour l&rsquo;AC Lanester 56, \u00ab\u00a0fid\u00e8le au poste\u00a0\u00bb dixit son entra\u00eeneur Rodolphe Henry. L&rsquo;\u00e9quipe Bretagne-Schuller du leader du classement g\u00e9n\u00e9ral leur a laiss\u00e9 jusqu&rsquo;\u00e0 2 minutes d&rsquo;avance avant de grapiller du temps juste avant d&rsquo;arriver sur le circuit final. L&rsquo;\u00e9cart fond alors rapidement et le groupe de t\u00eate explose, mais \u00e0 une trentaine de kilom\u00e8tres de l&rsquo;arriv\u00e9e, tous les coureurs \u00e9chapp\u00e9s se font reprendre.<\/div>\n<p><br class=\"spacer_\" \/><\/p>\n<div>Le duo Guyot-David allait r\u00e9aliser un joli petit num\u00e9ro, bient\u00f4t rejoint par les jumeaux Samokhvalov. Derri\u00e8re, \u00e0 3 tours de l&rsquo;arriv\u00e9e, le leader Johan Le Bon \u00e9tait en difficult\u00e9 dans ce qu&rsquo;il restait du peloton et le lanest\u00e9rien Vincent Ragot devenait leader virtuel de l&rsquo;\u00e9preuve &#8230; Mais, ramen\u00e9 par ses co\u00e9quipiers, Le Bon arrivait \u00e0 revenir ! Le quatuor de t\u00eate se fera reprendre \u00e0 quelques centaines de m\u00e8tres de la ligne d&rsquo;arriv\u00e9e et c&rsquo;est au sprint dans la tr\u00e8s s\u00e9v\u00e8re rampe du Miniou que s&rsquo;imposait le hollandais Boy Van Poppel (Rabobank) devant Laurent Pichon (Bretagne-Schuller).\u00a0Une chute \u00e0 2 kms de l&rsquo;arriv\u00e9e a failli co\u00fbter tr\u00e8s cher \u00e0 Vincent Ragot, mais il arrivait tout de m\u00eame \u00e0 recoller in-extremis aux poursuivants.<\/div>\n<p><br class=\"spacer_\" \/><\/p>\n<div>Du c\u00f4t\u00e9 du classement g\u00e9n\u00e9ral final, Johan Le Bon (Bretagne-Schuller) remporte donc ce magnifique Kreiz Breizh Elites 2010, et c\u00f4t\u00e9 lanest\u00e9rien, l&rsquo;excellente nouvelle vient de Vincent Ragot, qui r\u00e9alise une remarquable performance en terminant deuxi\u00e8me de cette \u00e9preuve internationale face \u00e0 une redoutable concurrence !<\/div>\n<p><br class=\"spacer_\" \/><\/p>\n<p><em><strong>Remerciements \u00e0 Bruno PERREL pour ses magnifiques photos !<\/strong><\/em><\/p>\n<p><br class=\"spacer_\" \/><\/p>\n<p><strong><span style=\"text-decoration: underline\">Classement de la 4\u00e8me \u00e9tape :<\/span><\/strong><\/p>\n<p>1 VAN POPPEL Boy RB3 les 170.400 km en 4h05&rsquo;25\u00a0\u00bb (moy. 41.660 km\/h)<br \/>\n 2 PICHON Laurent \u00a0BSC<br \/>\n 3 VINTHER Troels GLU<br \/>\n 4 LABORIE Christophe SOJ<br \/>\n 5 DENIS K\u00e9vin \u00a0TVR<br \/>\n 6 DEVILLERS Gilles PCW<br \/>\n 7 FONSECA Armindo CMM<br \/>\n 8 CHEVAL Sylvain BIC<br \/>\n 9 SIGNEGO Alessio PPO<br \/>\n 10 SCHULTING Peter \u00a0CJP<br \/>\n <span style=\"background-color: #ff6600\">44 RAGOT Vincent ACL 14<\/span><br \/>\n <span style=\"background-color: #ff6600\">70 GUEZENNEC Vincent ACL 1:3<\/span><span style=\"background-color: #ff6600\">4<\/span><br \/>\n <span style=\"background-color: #ff6600\">73 BARGUIL Warren ACL 1:47<\/span><br \/>\n <span style=\"background-color: #ff6600\">77 RAULT Yann ACL 2:17<\/span><\/p>\n<div><span style=\"text-decoration: underline\"><strong>Classement g\u00e9n\u00e9ral final : <\/strong><\/span><\/div>\n<div>1 LE BON Johan BSC les 536.4 km en 12h42&rsquo;31&rsquo; (moy. 42.226 km\/h)<\/div>\n<div><span style=\"background-color: #ff6600\">2 RAGOT Vincent ACL 26<\/span><br \/>\n 3 PAIANI Jean-Lou SOJ 2:00<br \/>\n 4 ANTOMARCHI Julien LPM 2:00<br \/>\n 5 VINTHER Troels GLU 2:28<br \/>\n 6 PICHON Laurent BSC 2:30<br \/>\n 7 DEVILLERS Gilles PCW 2:30<br \/>\n 8 DENIS K\u00e9vin \u00a0TVR 2:30<br \/>\n 9 FONSECA Armindo CMM 2:30<br \/>\n 10 SIGNEGO Alessio PPO 2:30<br \/>\n <span style=\"background-color: #ff6600\">29 RAULT Yann ACL 7:27<\/span><br \/>\n <span style=\"background-color: #ff6600\">71 GUEZENNEC Vincent ACL 13:50<\/span><br \/>\n <span style=\"background-color: #ff6600\">72 BARGUIL Warren ACL 13:51<\/span><\/div>\n<p><br class=\"spacer_\" \/><\/p>\n<p><strong><span style=\"text-decoration: underline\">Classement du meilleur grimpeur :<\/span><\/strong><\/p>\n<p>1 KEIZER Martijn RB3 20 pts<br \/>\n 2 FUKUSHIMA Shinichi GEU 17<br \/>\n 3 SAMOKHVALOV Dmitry CAC 10<br \/>\n <span style=\"background-color: #ff6600\">4 BARGUIL Warren ACL 8<\/span><br \/>\n 5 GUYOT Yann SOJ 6<\/p>\n<p><br class=\"spacer_\" \/><\/p>\n<p><strong><span style=\"text-decoration: underline\">Classement g\u00e9n\u00e9ral au points :<\/span><\/strong><br \/>\n 1 PICHON Laurent BSC 72 pts<br \/>\n 2 VINTHER Troels GLU 54<br \/>\n 3 LE BON Johan BSC 51<br \/>\n 4 ANTOMARCHI Julien LPM 41<br \/>\n 5 PAIANI Jean-Lou SOJ 35<br \/>\n <span style=\"background-color: #ff6600\">7 RAGOT Vincent ACL 28<\/span><br \/>\n <span style=\"background-color: #ff6600\">11 BARGUIL Warren ACL 24<\/span><\/p>\n<p><br class=\"spacer_\" \/><\/p>\n<p><strong><span style=\"text-decoration: underline\">Classement g\u00e9n\u00e9ral par \u00e9quipe :<\/span><\/strong><br \/>\n 1 Bretagne-Schuller 227<br \/>\n 2 Sojasun espoir-ACNC 226<br \/>\n 3 Rabobank Continental 350<br \/>\n 4 C\u00f4tes d&rsquo;Armor Cyclisme 333<br \/>\n 5 Cycling Team Nippo 451<br \/>\n <span style=\"background-color: #ff6600\">6 AC Lanester 56 653<\/span><br \/>\n 7 Albi V\u00e9lo Sport 519<br \/>\n 8 Sparebanken Vest-Ridley 392<br \/>\n 9 Team Seven Stones 669<br \/>\n 10 Line Lloyd Footwear Cycling 563<br \/>\n 11 Beveren 2000 480<br \/>\n 12 Glud &amp; Marstrand LR0 490<br \/>\n 13 BIC 2000 429<br \/>\n 14 Cyclingteam Jo Piels 453<br \/>\n 15 Geumsan Ginseng Asia 612<br \/>\n 16 Sunweb-Revor 535<br \/>\n 17 Union Cycliste Briochine 824<br \/>\n 18 Saint Cyr Tours 37 Cyclisme\u00a0725<br \/>\n 19 New Heebra Lombarden 617<\/p>\n<p><br class=\"spacer_\" \/><\/p>\n<p><br class=\"spacer_\" \/><\/p>\n","protected":false},"excerpt":{"rendered":"<p>La quatri\u00e8me et derni\u00e8re \u00e9tape du Kreiz Breizh Elite se d\u00e9roulait ce lundi apr\u00e8s-midi, entre Carhaix et Rostrenen, sur les [&hellip;]<\/p>\n","protected":false},"author":14,"featured_media":3445,"comment_status":"open","ping_status":"open","sticky":false,"template":"","format":"standard","meta":{"ngg_post_thumbnail":0,"footnotes":""},"categories":[14,17],"tags":[],"class_list":["post-3387","post","type-post","status-publish","format-standard","has-post-thumbnail","hentry","category-actualites-dn","category-resultats-dn"],"yoast_head":"<!-- This site is optimized with the Yoast SEO plugin v27.5 - https:\/\/yoast.com\/product\/yoast-seo-wordpress\/ -->\n<title>4\u00e8me \u00e9tape du Kreiz Breizh Elites : Vincent Ragot 2\u00e8me au classement g\u00e9n\u00e9ral final ! - Avenir Cycliste Lanester 56<\/title>\n<meta name=\"robots\" content=\"index, follow, max-snippet:-1, max-image-preview:large, max-video-preview:-1\" \/>\n<link rel=\"canonical\" href=\"https:\/\/www.aclanester56.com\/velo\/4eme-etape-du-kreiz-breizh-elites\/\" \/>\n<meta property=\"og:locale\" content=\"fr_FR\" \/>\n<meta property=\"og:type\" content=\"article\" \/>\n<meta property=\"og:title\" content=\"4\u00e8me \u00e9tape du Kreiz Breizh Elites : Vincent Ragot 2\u00e8me au classement g\u00e9n\u00e9ral final ! - Avenir Cycliste Lanester 56\" \/>\n<meta property=\"og:description\" content=\"La quatri\u00e8me et derni\u00e8re \u00e9tape du Kreiz Breizh Elite se d\u00e9roulait ce lundi apr\u00e8s-midi, entre Carhaix et Rostrenen, sur les [&hellip;]\" \/>\n<meta property=\"og:url\" content=\"https:\/\/www.aclanester56.com\/velo\/4eme-etape-du-kreiz-breizh-elites\/\" \/>\n<meta property=\"og:site_name\" content=\"Avenir Cycliste Lanester 56\" \/>\n<meta property=\"article:publisher\" content=\"https:\/\/www.facebook.com\/pages\/AC-Lanester-56\/190286300991242?fref=ts\" \/>\n<meta property=\"article:published_time\" content=\"2010-07-26T15:47:47+00:00\" \/>\n<meta property=\"article:modified_time\" content=\"2010-07-28T07:52:54+00:00\" \/>\n<meta property=\"og:image\" content=\"https:\/\/www.aclanester56.com\/velo\/wp-content\/uploads\/2010\/07\/photo_V_Ragot_KBE2010.jpg\" \/>\n\t<meta property=\"og:image:width\" content=\"720\" \/>\n\t<meta property=\"og:image:height\" content=\"533\" \/>\n\t<meta property=\"og:image:type\" content=\"image\/jpeg\" \/>\n<meta name=\"author\" content=\"Jean-Christophe\" \/>\n<meta name=\"twitter:label1\" content=\"\u00c9crit par\" \/>\n\t<meta name=\"twitter:data1\" content=\"Jean-Christophe\" \/>\n\t<meta name=\"twitter:label2\" content=\"Dur\u00e9e de lecture estim\u00e9e\" \/>\n\t<meta name=\"twitter:data2\" content=\"3 minutes\" \/>\n<script type=\"application\/ld+json\" class=\"yoast-schema-graph\">{\"@context\":\"https:\\\/\\\/schema.org\",\"@graph\":[{\"@type\":\"Article\",\"@id\":\"https:\\\/\\\/www.aclanester56.com\\\/velo\\\/4eme-etape-du-kreiz-breizh-elites\\\/#article\",\"isPartOf\":{\"@id\":\"https:\\\/\\\/www.aclanester56.com\\\/velo\\\/4eme-etape-du-kreiz-breizh-elites\\\/\"},\"author\":{\"name\":\"Jean-Christophe\",\"@id\":\"https:\\\/\\\/www.aclanester56.com\\\/velo\\\/#\\\/schema\\\/person\\\/ca2a44a5fd969e9dd846c72d3b33bc01\"},\"headline\":\"4\u00e8me \u00e9tape du Kreiz Breizh Elites : Vincent Ragot 2\u00e8me au classement g\u00e9n\u00e9ral final !\",\"datePublished\":\"2010-07-26T15:47:47+00:00\",\"dateModified\":\"2010-07-28T07:52:54+00:00\",\"mainEntityOfPage\":{\"@id\":\"https:\\\/\\\/www.aclanester56.com\\\/velo\\\/4eme-etape-du-kreiz-breizh-elites\\\/\"},\"wordCount\":664,\"commentCount\":1,\"publisher\":{\"@id\":\"https:\\\/\\\/www.aclanester56.com\\\/velo\\\/#organization\"},\"image\":{\"@id\":\"https:\\\/\\\/www.aclanester56.com\\\/velo\\\/4eme-etape-du-kreiz-breizh-elites\\\/#primaryimage\"},\"thumbnailUrl\":\"https:\\\/\\\/www.aclanester56.com\\\/velo\\\/wp-content\\\/uploads\\\/2010\\\/07\\\/photo_V_Ragot_KBE2010.jpg\",\"articleSection\":[\"Actualit\u00e9s DN\",\"R\u00e9sultats DN\"],\"inLanguage\":\"fr-FR\",\"potentialAction\":[{\"@type\":\"CommentAction\",\"name\":\"Comment\",\"target\":[\"https:\\\/\\\/www.aclanester56.com\\\/velo\\\/4eme-etape-du-kreiz-breizh-elites\\\/#respond\"]}]},{\"@type\":\"WebPage\",\"@id\":\"https:\\\/\\\/www.aclanester56.com\\\/velo\\\/4eme-etape-du-kreiz-breizh-elites\\\/\",\"url\":\"https:\\\/\\\/www.aclanester56.com\\\/velo\\\/4eme-etape-du-kreiz-breizh-elites\\\/\",\"name\":\"4\u00e8me \u00e9tape du Kreiz Breizh Elites : Vincent Ragot 2\u00e8me au classement g\u00e9n\u00e9ral final ! - Avenir Cycliste Lanester 56\",\"isPartOf\":{\"@id\":\"https:\\\/\\\/www.aclanester56.com\\\/velo\\\/#website\"},\"primaryImageOfPage\":{\"@id\":\"https:\\\/\\\/www.aclanester56.com\\\/velo\\\/4eme-etape-du-kreiz-breizh-elites\\\/#primaryimage\"},\"image\":{\"@id\":\"https:\\\/\\\/www.aclanester56.com\\\/velo\\\/4eme-etape-du-kreiz-breizh-elites\\\/#primaryimage\"},\"thumbnailUrl\":\"https:\\\/\\\/www.aclanester56.com\\\/velo\\\/wp-content\\\/uploads\\\/2010\\\/07\\\/photo_V_Ragot_KBE2010.jpg\",\"datePublished\":\"2010-07-26T15:47:47+00:00\",\"dateModified\":\"2010-07-28T07:52:54+00:00\",\"inLanguage\":\"fr-FR\",\"potentialAction\":[{\"@type\":\"ReadAction\",\"target\":[\"https:\\\/\\\/www.aclanester56.com\\\/velo\\\/4eme-etape-du-kreiz-breizh-elites\\\/\"]}]},{\"@type\":\"ImageObject\",\"inLanguage\":\"fr-FR\",\"@id\":\"https:\\\/\\\/www.aclanester56.com\\\/velo\\\/4eme-etape-du-kreiz-breizh-elites\\\/#primaryimage\",\"url\":\"https:\\\/\\\/www.aclanester56.com\\\/velo\\\/wp-content\\\/uploads\\\/2010\\\/07\\\/photo_V_Ragot_KBE2010.jpg\",\"contentUrl\":\"https:\\\/\\\/www.aclanester56.com\\\/velo\\\/wp-content\\\/uploads\\\/2010\\\/07\\\/photo_V_Ragot_KBE2010.jpg\",\"width\":720,\"height\":533,\"caption\":\"Vincent Ragot (AC Lanester 56), 2\u00e8me du Kreiz Breizh Elites 2010, course par \u00e9tapes internationale UCI 2.2\"},{\"@type\":\"WebSite\",\"@id\":\"https:\\\/\\\/www.aclanester56.com\\\/velo\\\/#website\",\"url\":\"https:\\\/\\\/www.aclanester56.com\\\/velo\\\/\",\"name\":\"Avenir Cycliste Lanester 56\",\"description\":\"Club cycliste de l&#039;AC LANESTER 56\",\"publisher\":{\"@id\":\"https:\\\/\\\/www.aclanester56.com\\\/velo\\\/#organization\"},\"potentialAction\":[{\"@type\":\"SearchAction\",\"target\":{\"@type\":\"EntryPoint\",\"urlTemplate\":\"https:\\\/\\\/www.aclanester56.com\\\/velo\\\/?s={search_term_string}\"},\"query-input\":{\"@type\":\"PropertyValueSpecification\",\"valueRequired\":true,\"valueName\":\"search_term_string\"}}],\"inLanguage\":\"fr-FR\"},{\"@type\":\"Organization\",\"@id\":\"https:\\\/\\\/www.aclanester56.com\\\/velo\\\/#organization\",\"name\":\"Avenir Cycliste Lanester 56\",\"url\":\"https:\\\/\\\/www.aclanester56.com\\\/velo\\\/\",\"logo\":{\"@type\":\"ImageObject\",\"inLanguage\":\"fr-FR\",\"@id\":\"https:\\\/\\\/www.aclanester56.com\\\/velo\\\/#\\\/schema\\\/logo\\\/image\\\/\",\"url\":\"https:\\\/\\\/www.aclanester56.com\\\/velo\\\/wp-content\\\/uploads\\\/2013\\\/04\\\/logo-ACL.jpg\",\"contentUrl\":\"https:\\\/\\\/www.aclanester56.com\\\/velo\\\/wp-content\\\/uploads\\\/2013\\\/04\\\/logo-ACL.jpg\",\"width\":400,\"height\":334,\"caption\":\"Avenir Cycliste Lanester 56\"},\"image\":{\"@id\":\"https:\\\/\\\/www.aclanester56.com\\\/velo\\\/#\\\/schema\\\/logo\\\/image\\\/\"},\"sameAs\":[\"https:\\\/\\\/www.facebook.com\\\/pages\\\/AC-Lanester-56\\\/190286300991242?fref=ts\"]},{\"@type\":\"Person\",\"@id\":\"https:\\\/\\\/www.aclanester56.com\\\/velo\\\/#\\\/schema\\\/person\\\/ca2a44a5fd969e9dd846c72d3b33bc01\",\"name\":\"Jean-Christophe\",\"url\":\"https:\\\/\\\/www.aclanester56.com\\\/velo\\\/author\\\/jeanchristophe\\\/\"}]}<\/script>\n<!-- \/ Yoast SEO plugin. -->","yoast_head_json":{"title":"4\u00e8me \u00e9tape du Kreiz Breizh Elites : Vincent Ragot 2\u00e8me au classement g\u00e9n\u00e9ral final ! - Avenir Cycliste Lanester 56","robots":{"index":"index","follow":"follow","max-snippet":"max-snippet:-1","max-image-preview":"max-image-preview:large","max-video-preview":"max-video-preview:-1"},"canonical":"https:\/\/www.aclanester56.com\/velo\/4eme-etape-du-kreiz-breizh-elites\/","og_locale":"fr_FR","og_type":"article","og_title":"4\u00e8me \u00e9tape du Kreiz Breizh Elites : Vincent Ragot 2\u00e8me au classement g\u00e9n\u00e9ral final ! - Avenir Cycliste Lanester 56","og_description":"La quatri\u00e8me et derni\u00e8re \u00e9tape du Kreiz Breizh Elite se d\u00e9roulait ce lundi apr\u00e8s-midi, entre Carhaix et Rostrenen, sur les [&hellip;]","og_url":"https:\/\/www.aclanester56.com\/velo\/4eme-etape-du-kreiz-breizh-elites\/","og_site_name":"Avenir Cycliste Lanester 56","article_publisher":"https:\/\/www.facebook.com\/pages\/AC-Lanester-56\/190286300991242?fref=ts","article_published_time":"2010-07-26T15:47:47+00:00","article_modified_time":"2010-07-28T07:52:54+00:00","og_image":[{"width":720,"height":533,"url":"https:\/\/www.aclanester56.com\/velo\/wp-content\/uploads\/2010\/07\/photo_V_Ragot_KBE2010.jpg","type":"image\/jpeg"}],"author":"Jean-Christophe","twitter_misc":{"\u00c9crit par":"Jean-Christophe","Dur\u00e9e de lecture estim\u00e9e":"3 minutes"},"schema":{"@context":"https:\/\/schema.org","@graph":[{"@type":"Article","@id":"https:\/\/www.aclanester56.com\/velo\/4eme-etape-du-kreiz-breizh-elites\/#article","isPartOf":{"@id":"https:\/\/www.aclanester56.com\/velo\/4eme-etape-du-kreiz-breizh-elites\/"},"author":{"name":"Jean-Christophe","@id":"https:\/\/www.aclanester56.com\/velo\/#\/schema\/person\/ca2a44a5fd969e9dd846c72d3b33bc01"},"headline":"4\u00e8me \u00e9tape du Kreiz Breizh Elites : Vincent Ragot 2\u00e8me au classement g\u00e9n\u00e9ral final !","datePublished":"2010-07-26T15:47:47+00:00","dateModified":"2010-07-28T07:52:54+00:00","mainEntityOfPage":{"@id":"https:\/\/www.aclanester56.com\/velo\/4eme-etape-du-kreiz-breizh-elites\/"},"wordCount":664,"commentCount":1,"publisher":{"@id":"https:\/\/www.aclanester56.com\/velo\/#organization"},"image":{"@id":"https:\/\/www.aclanester56.com\/velo\/4eme-etape-du-kreiz-breizh-elites\/#primaryimage"},"thumbnailUrl":"https:\/\/www.aclanester56.com\/velo\/wp-content\/uploads\/2010\/07\/photo_V_Ragot_KBE2010.jpg","articleSection":["Actualit\u00e9s DN","R\u00e9sultats DN"],"inLanguage":"fr-FR","potentialAction":[{"@type":"CommentAction","name":"Comment","target":["https:\/\/www.aclanester56.com\/velo\/4eme-etape-du-kreiz-breizh-elites\/#respond"]}]},{"@type":"WebPage","@id":"https:\/\/www.aclanester56.com\/velo\/4eme-etape-du-kreiz-breizh-elites\/","url":"https:\/\/www.aclanester56.com\/velo\/4eme-etape-du-kreiz-breizh-elites\/","name":"4\u00e8me \u00e9tape du Kreiz Breizh Elites : Vincent Ragot 2\u00e8me au classement g\u00e9n\u00e9ral final ! - Avenir Cycliste Lanester 56","isPartOf":{"@id":"https:\/\/www.aclanester56.com\/velo\/#website"},"primaryImageOfPage":{"@id":"https:\/\/www.aclanester56.com\/velo\/4eme-etape-du-kreiz-breizh-elites\/#primaryimage"},"image":{"@id":"https:\/\/www.aclanester56.com\/velo\/4eme-etape-du-kreiz-breizh-elites\/#primaryimage"},"thumbnailUrl":"https:\/\/www.aclanester56.com\/velo\/wp-content\/uploads\/2010\/07\/photo_V_Ragot_KBE2010.jpg","datePublished":"2010-07-26T15:47:47+00:00","dateModified":"2010-07-28T07:52:54+00:00","inLanguage":"fr-FR","potentialAction":[{"@type":"ReadAction","target":["https:\/\/www.aclanester56.com\/velo\/4eme-etape-du-kreiz-breizh-elites\/"]}]},{"@type":"ImageObject","inLanguage":"fr-FR","@id":"https:\/\/www.aclanester56.com\/velo\/4eme-etape-du-kreiz-breizh-elites\/#primaryimage","url":"https:\/\/www.aclanester56.com\/velo\/wp-content\/uploads\/2010\/07\/photo_V_Ragot_KBE2010.jpg","contentUrl":"https:\/\/www.aclanester56.com\/velo\/wp-content\/uploads\/2010\/07\/photo_V_Ragot_KBE2010.jpg","width":720,"height":533,"caption":"Vincent Ragot (AC Lanester 56), 2\u00e8me du Kreiz Breizh Elites 2010, course par \u00e9tapes internationale UCI 2.2"},{"@type":"WebSite","@id":"https:\/\/www.aclanester56.com\/velo\/#website","url":"https:\/\/www.aclanester56.com\/velo\/","name":"Avenir Cycliste Lanester 56","description":"Club cycliste de l&#039;AC LANESTER 56","publisher":{"@id":"https:\/\/www.aclanester56.com\/velo\/#organization"},"potentialAction":[{"@type":"SearchAction","target":{"@type":"EntryPoint","urlTemplate":"https:\/\/www.aclanester56.com\/velo\/?s={search_term_string}"},"query-input":{"@type":"PropertyValueSpecification","valueRequired":true,"valueName":"search_term_string"}}],"inLanguage":"fr-FR"},{"@type":"Organization","@id":"https:\/\/www.aclanester56.com\/velo\/#organization","name":"Avenir Cycliste Lanester 56","url":"https:\/\/www.aclanester56.com\/velo\/","logo":{"@type":"ImageObject","inLanguage":"fr-FR","@id":"https:\/\/www.aclanester56.com\/velo\/#\/schema\/logo\/image\/","url":"https:\/\/www.aclanester56.com\/velo\/wp-content\/uploads\/2013\/04\/logo-ACL.jpg","contentUrl":"https:\/\/www.aclanester56.com\/velo\/wp-content\/uploads\/2013\/04\/logo-ACL.jpg","width":400,"height":334,"caption":"Avenir Cycliste Lanester 56"},"image":{"@id":"https:\/\/www.aclanester56.com\/velo\/#\/schema\/logo\/image\/"},"sameAs":["https:\/\/www.facebook.com\/pages\/AC-Lanester-56\/190286300991242?fref=ts"]},{"@type":"Person","@id":"https:\/\/www.aclanester56.com\/velo\/#\/schema\/person\/ca2a44a5fd969e9dd846c72d3b33bc01","name":"Jean-Christophe","url":"https:\/\/www.aclanester56.com\/velo\/author\/jeanchristophe\/"}]}},"_links":{"self":[{"href":"https:\/\/www.aclanester56.com\/velo\/wp-json\/wp\/v2\/posts\/3387","targetHints":{"allow":["GET"]}}],"collection":[{"href":"https:\/\/www.aclanester56.com\/velo\/wp-json\/wp\/v2\/posts"}],"about":[{"href":"https:\/\/www.aclanester56.com\/velo\/wp-json\/wp\/v2\/types\/post"}],"author":[{"embeddable":true,"href":"https:\/\/www.aclanester56.com\/velo\/wp-json\/wp\/v2\/users\/14"}],"replies":[{"embeddable":true,"href":"https:\/\/www.aclanester56.com\/velo\/wp-json\/wp\/v2\/comments?post=3387"}],"version-history":[{"count":0,"href":"https:\/\/www.aclanester56.com\/velo\/wp-json\/wp\/v2\/posts\/3387\/revisions"}],"wp:featuredmedia":[{"embeddable":true,"href":"https:\/\/www.aclanester56.com\/velo\/wp-json\/wp\/v2\/media\/3445"}],"wp:attachment":[{"href":"https:\/\/www.aclanester56.com\/velo\/wp-json\/wp\/v2\/media?parent=3387"}],"wp:term":[{"taxonomy":"category","embeddable":true,"href":"https:\/\/www.aclanester56.com\/velo\/wp-json\/wp\/v2\/categories?post=3387"},{"taxonomy":"post_tag","embeddable":true,"href":"https:\/\/www.aclanester56.com\/velo\/wp-json\/wp\/v2\/tags?post=3387"}],"curies":[{"name":"wp","href":"https:\/\/api.w.org\/{rel}","templated":true}]}}