{"id":34193,"date":"2017-05-05T16:24:13","date_gmt":"2017-05-05T15:24:13","guid":{"rendered":"https:\/\/www.aclanester56.com\/velo\/?p=34193"},"modified":"2017-05-09T15:50:48","modified_gmt":"2017-05-09T14:50:48","slug":"rendez-67-8-mai","status":"publish","type":"post","link":"https:\/\/www.aclanester56.com\/velo\/rendez-67-8-mai\/","title":{"rendered":"Les rendez-vous des 6, 7 et 8 mai"},"content":{"rendered":"<p><!--more--><br \/>\nEncore un week end de 3 jours pour les coureurs de l&rsquo;Ac Lanester 56.<\/p>\n<p>Ce samedi au v\u00e9lodrome de Manehouarn a Plouay pour la 1 \u00e8re manche de la coupe du conseil g\u00e9n\u00e9ral qui avait \u00e9t\u00e9 suite au mauvais temps, on y retrouvera Th\u00e9otime Cadoret en minimes Karl &amp; Norbert Chandavoine, Benjamin Duval, Brendan Le Cam, Andy Le Mouellic et Cl\u00e9ment Teisseire et Juniors\/Seniors.<\/p>\n<p>Dimanche on retrouvera tout d&rsquo;abord au Drennec Lucas &amp; Leonie Loussouarn en \u00e9cole de cyclisme et Malo Le Clec&rsquo;h en minimes<\/p>\n<p>Au Tr\u00e9voux en 3 \u00e8me cat\u00e9gorie, Marc Danet, Benjamin Duval, Hugo Le Bail, Beno\u00eet Le Bruchec, Mathieu Le Gal, Andy Le Mouellic, Florian Mor\u00e9ac, Christophe Sinner et Cl\u00e9ment Teisseire une belle \u00e9quipe donc !<\/p>\n<p>Maeva Corlay Le Baron sera quand \u00e0 elle sur le championnat du Morbihan minimes\/cadettes a Ste Marie.<\/p>\n<p>A Penvins en Sarzeau Nicolas Guilbaud et Didier Le Ker seront pr\u00e9sent en Pass&rsquo;Cylisme ainsi que Mewen Baltenweck en 3 \u00e8me cat\u00e9gorie.<\/p>\n<p>Lundi \u00e0 Rosporden nous retrouverons Matis Le Terrien en pr\u00e9 licenci\u00e9s, Kaelig Le Douaron en Pupilles et Meddy Josso en Benjamin.<\/p>\n<p>A La Chapelle Janson un rendez vous important pour les cadets et les juniors sur le championnat Bretagne du contre la montre par \u00e9quipes avec une \u00e9quipe Cadet compos\u00e9e C\u00e9lestin Cadoret, Ewen Le Chenadec, Pierre Louis Le Pouezard et Enzo Thomas, tandis que l&rsquo;\u00e9quipe juniors sera compos\u00e9e de Ewen Foussadier, Brendan Le Cam, Charles Le Crom et Cl\u00e9ment Teissiere.<\/p>\n<p>Enfin a Plumelin en pass&rsquo;cyclisme nous aurons Thibault Cosperec et Alexandre Le Provost, en 2 \u00e8me cat\u00e9gorie pour la finale du troph\u00e9e Job Morvan Hugo Le Bail et Florian Mor\u00e9ac seront au d\u00e9part !<\/p>\n","protected":false},"excerpt":{"rendered":"","protected":false},"author":17,"featured_media":34194,"comment_status":"open","ping_status":"open","sticky":false,"template":"","format":"standard","meta":{"ngg_post_thumbnail":0,"footnotes":""},"categories":[5],"tags":[],"class_list":["post-34193","post","type-post","status-publish","format-standard","has-post-thumbnail","hentry","category-ac-lanester-56"],"yoast_head":"<!-- This site is optimized with the Yoast SEO plugin v27.5 - https:\/\/yoast.com\/product\/yoast-seo-wordpress\/ -->\n<title>Les rendez-vous des 6, 7 et 8 mai - Avenir Cycliste Lanester 56<\/title>\n<meta name=\"robots\" content=\"index, follow, max-snippet:-1, max-image-preview:large, max-video-preview:-1\" \/>\n<link rel=\"canonical\" href=\"https:\/\/www.aclanester56.com\/velo\/rendez-67-8-mai\/\" \/>\n<meta property=\"og:locale\" content=\"fr_FR\" \/>\n<meta property=\"og:type\" content=\"article\" \/>\n<meta property=\"og:title\" content=\"Les rendez-vous des 6, 7 et 8 mai - Avenir Cycliste Lanester 56\" \/>\n<meta property=\"og:url\" content=\"https:\/\/www.aclanester56.com\/velo\/rendez-67-8-mai\/\" \/>\n<meta property=\"og:site_name\" content=\"Avenir Cycliste Lanester 56\" \/>\n<meta property=\"article:publisher\" content=\"https:\/\/www.facebook.com\/pages\/AC-Lanester-56\/190286300991242?fref=ts\" \/>\n<meta property=\"article:published_time\" content=\"2017-05-05T15:24:13+00:00\" \/>\n<meta property=\"article:modified_time\" content=\"2017-05-09T14:50:48+00:00\" \/>\n<meta property=\"og:image\" content=\"https:\/\/www.aclanester56.com\/velo\/wp-content\/uploads\/2017\/05\/week-end-12.jpg\" \/>\n\t<meta property=\"og:image:width\" content=\"1152\" \/>\n\t<meta property=\"og:image:height\" content=\"768\" \/>\n\t<meta property=\"og:image:type\" content=\"image\/jpeg\" \/>\n<meta name=\"author\" content=\"Benjamin DUVAL\" \/>\n<meta name=\"twitter:label1\" content=\"\u00c9crit par\" \/>\n\t<meta name=\"twitter:data1\" content=\"Benjamin DUVAL\" \/>\n\t<meta name=\"twitter:label2\" content=\"Dur\u00e9e de lecture estim\u00e9e\" \/>\n\t<meta name=\"twitter:data2\" content=\"1 minute\" \/>\n<script type=\"application\/ld+json\" class=\"yoast-schema-graph\">{\"@context\":\"https:\\\/\\\/schema.org\",\"@graph\":[{\"@type\":\"Article\",\"@id\":\"https:\\\/\\\/www.aclanester56.com\\\/velo\\\/rendez-67-8-mai\\\/#article\",\"isPartOf\":{\"@id\":\"https:\\\/\\\/www.aclanester56.com\\\/velo\\\/rendez-67-8-mai\\\/\"},\"author\":{\"name\":\"Benjamin DUVAL\",\"@id\":\"https:\\\/\\\/www.aclanester56.com\\\/velo\\\/#\\\/schema\\\/person\\\/759714f52da746d389b3a55e75a48790\"},\"headline\":\"Les rendez-vous des 6, 7 et 8 mai\",\"datePublished\":\"2017-05-05T15:24:13+00:00\",\"dateModified\":\"2017-05-09T14:50:48+00:00\",\"mainEntityOfPage\":{\"@id\":\"https:\\\/\\\/www.aclanester56.com\\\/velo\\\/rendez-67-8-mai\\\/\"},\"wordCount\":291,\"commentCount\":0,\"publisher\":{\"@id\":\"https:\\\/\\\/www.aclanester56.com\\\/velo\\\/#organization\"},\"image\":{\"@id\":\"https:\\\/\\\/www.aclanester56.com\\\/velo\\\/rendez-67-8-mai\\\/#primaryimage\"},\"thumbnailUrl\":\"https:\\\/\\\/www.aclanester56.com\\\/velo\\\/wp-content\\\/uploads\\\/2017\\\/05\\\/week-end-12.jpg\",\"articleSection\":[\"AC LANESTER 56\"],\"inLanguage\":\"fr-FR\",\"potentialAction\":[{\"@type\":\"CommentAction\",\"name\":\"Comment\",\"target\":[\"https:\\\/\\\/www.aclanester56.com\\\/velo\\\/rendez-67-8-mai\\\/#respond\"]}]},{\"@type\":\"WebPage\",\"@id\":\"https:\\\/\\\/www.aclanester56.com\\\/velo\\\/rendez-67-8-mai\\\/\",\"url\":\"https:\\\/\\\/www.aclanester56.com\\\/velo\\\/rendez-67-8-mai\\\/\",\"name\":\"Les rendez-vous des 6, 7 et 8 mai - Avenir Cycliste Lanester 56\",\"isPartOf\":{\"@id\":\"https:\\\/\\\/www.aclanester56.com\\\/velo\\\/#website\"},\"primaryImageOfPage\":{\"@id\":\"https:\\\/\\\/www.aclanester56.com\\\/velo\\\/rendez-67-8-mai\\\/#primaryimage\"},\"image\":{\"@id\":\"https:\\\/\\\/www.aclanester56.com\\\/velo\\\/rendez-67-8-mai\\\/#primaryimage\"},\"thumbnailUrl\":\"https:\\\/\\\/www.aclanester56.com\\\/velo\\\/wp-content\\\/uploads\\\/2017\\\/05\\\/week-end-12.jpg\",\"datePublished\":\"2017-05-05T15:24:13+00:00\",\"dateModified\":\"2017-05-09T14:50:48+00:00\",\"inLanguage\":\"fr-FR\",\"potentialAction\":[{\"@type\":\"ReadAction\",\"target\":[\"https:\\\/\\\/www.aclanester56.com\\\/velo\\\/rendez-67-8-mai\\\/\"]}]},{\"@type\":\"ImageObject\",\"inLanguage\":\"fr-FR\",\"@id\":\"https:\\\/\\\/www.aclanester56.com\\\/velo\\\/rendez-67-8-mai\\\/#primaryimage\",\"url\":\"https:\\\/\\\/www.aclanester56.com\\\/velo\\\/wp-content\\\/uploads\\\/2017\\\/05\\\/week-end-12.jpg\",\"contentUrl\":\"https:\\\/\\\/www.aclanester56.com\\\/velo\\\/wp-content\\\/uploads\\\/2017\\\/05\\\/week-end-12.jpg\",\"width\":1152,\"height\":768},{\"@type\":\"WebSite\",\"@id\":\"https:\\\/\\\/www.aclanester56.com\\\/velo\\\/#website\",\"url\":\"https:\\\/\\\/www.aclanester56.com\\\/velo\\\/\",\"name\":\"Avenir Cycliste Lanester 56\",\"description\":\"Club cycliste de l&#039;AC LANESTER 56\",\"publisher\":{\"@id\":\"https:\\\/\\\/www.aclanester56.com\\\/velo\\\/#organization\"},\"potentialAction\":[{\"@type\":\"SearchAction\",\"target\":{\"@type\":\"EntryPoint\",\"urlTemplate\":\"https:\\\/\\\/www.aclanester56.com\\\/velo\\\/?s={search_term_string}\"},\"query-input\":{\"@type\":\"PropertyValueSpecification\",\"valueRequired\":true,\"valueName\":\"search_term_string\"}}],\"inLanguage\":\"fr-FR\"},{\"@type\":\"Organization\",\"@id\":\"https:\\\/\\\/www.aclanester56.com\\\/velo\\\/#organization\",\"name\":\"Avenir Cycliste Lanester 56\",\"url\":\"https:\\\/\\\/www.aclanester56.com\\\/velo\\\/\",\"logo\":{\"@type\":\"ImageObject\",\"inLanguage\":\"fr-FR\",\"@id\":\"https:\\\/\\\/www.aclanester56.com\\\/velo\\\/#\\\/schema\\\/logo\\\/image\\\/\",\"url\":\"https:\\\/\\\/www.aclanester56.com\\\/velo\\\/wp-content\\\/uploads\\\/2013\\\/04\\\/logo-ACL.jpg\",\"contentUrl\":\"https:\\\/\\\/www.aclanester56.com\\\/velo\\\/wp-content\\\/uploads\\\/2013\\\/04\\\/logo-ACL.jpg\",\"width\":400,\"height\":334,\"caption\":\"Avenir Cycliste Lanester 56\"},\"image\":{\"@id\":\"https:\\\/\\\/www.aclanester56.com\\\/velo\\\/#\\\/schema\\\/logo\\\/image\\\/\"},\"sameAs\":[\"https:\\\/\\\/www.facebook.com\\\/pages\\\/AC-Lanester-56\\\/190286300991242?fref=ts\"]},{\"@type\":\"Person\",\"@id\":\"https:\\\/\\\/www.aclanester56.com\\\/velo\\\/#\\\/schema\\\/person\\\/759714f52da746d389b3a55e75a48790\",\"name\":\"Benjamin DUVAL\",\"url\":\"https:\\\/\\\/www.aclanester56.com\\\/velo\\\/author\\\/benjamin\\\/\"}]}<\/script>\n<!-- \/ Yoast SEO plugin. -->","yoast_head_json":{"title":"Les rendez-vous des 6, 7 et 8 mai - Avenir Cycliste Lanester 56","robots":{"index":"index","follow":"follow","max-snippet":"max-snippet:-1","max-image-preview":"max-image-preview:large","max-video-preview":"max-video-preview:-1"},"canonical":"https:\/\/www.aclanester56.com\/velo\/rendez-67-8-mai\/","og_locale":"fr_FR","og_type":"article","og_title":"Les rendez-vous des 6, 7 et 8 mai - Avenir Cycliste Lanester 56","og_url":"https:\/\/www.aclanester56.com\/velo\/rendez-67-8-mai\/","og_site_name":"Avenir Cycliste Lanester 56","article_publisher":"https:\/\/www.facebook.com\/pages\/AC-Lanester-56\/190286300991242?fref=ts","article_published_time":"2017-05-05T15:24:13+00:00","article_modified_time":"2017-05-09T14:50:48+00:00","og_image":[{"width":1152,"height":768,"url":"https:\/\/www.aclanester56.com\/velo\/wp-content\/uploads\/2017\/05\/week-end-12.jpg","type":"image\/jpeg"}],"author":"Benjamin DUVAL","twitter_misc":{"\u00c9crit par":"Benjamin DUVAL","Dur\u00e9e de lecture estim\u00e9e":"1 minute"},"schema":{"@context":"https:\/\/schema.org","@graph":[{"@type":"Article","@id":"https:\/\/www.aclanester56.com\/velo\/rendez-67-8-mai\/#article","isPartOf":{"@id":"https:\/\/www.aclanester56.com\/velo\/rendez-67-8-mai\/"},"author":{"name":"Benjamin DUVAL","@id":"https:\/\/www.aclanester56.com\/velo\/#\/schema\/person\/759714f52da746d389b3a55e75a48790"},"headline":"Les rendez-vous des 6, 7 et 8 mai","datePublished":"2017-05-05T15:24:13+00:00","dateModified":"2017-05-09T14:50:48+00:00","mainEntityOfPage":{"@id":"https:\/\/www.aclanester56.com\/velo\/rendez-67-8-mai\/"},"wordCount":291,"commentCount":0,"publisher":{"@id":"https:\/\/www.aclanester56.com\/velo\/#organization"},"image":{"@id":"https:\/\/www.aclanester56.com\/velo\/rendez-67-8-mai\/#primaryimage"},"thumbnailUrl":"https:\/\/www.aclanester56.com\/velo\/wp-content\/uploads\/2017\/05\/week-end-12.jpg","articleSection":["AC LANESTER 56"],"inLanguage":"fr-FR","potentialAction":[{"@type":"CommentAction","name":"Comment","target":["https:\/\/www.aclanester56.com\/velo\/rendez-67-8-mai\/#respond"]}]},{"@type":"WebPage","@id":"https:\/\/www.aclanester56.com\/velo\/rendez-67-8-mai\/","url":"https:\/\/www.aclanester56.com\/velo\/rendez-67-8-mai\/","name":"Les rendez-vous des 6, 7 et 8 mai - Avenir Cycliste Lanester 56","isPartOf":{"@id":"https:\/\/www.aclanester56.com\/velo\/#website"},"primaryImageOfPage":{"@id":"https:\/\/www.aclanester56.com\/velo\/rendez-67-8-mai\/#primaryimage"},"image":{"@id":"https:\/\/www.aclanester56.com\/velo\/rendez-67-8-mai\/#primaryimage"},"thumbnailUrl":"https:\/\/www.aclanester56.com\/velo\/wp-content\/uploads\/2017\/05\/week-end-12.jpg","datePublished":"2017-05-05T15:24:13+00:00","dateModified":"2017-05-09T14:50:48+00:00","inLanguage":"fr-FR","potentialAction":[{"@type":"ReadAction","target":["https:\/\/www.aclanester56.com\/velo\/rendez-67-8-mai\/"]}]},{"@type":"ImageObject","inLanguage":"fr-FR","@id":"https:\/\/www.aclanester56.com\/velo\/rendez-67-8-mai\/#primaryimage","url":"https:\/\/www.aclanester56.com\/velo\/wp-content\/uploads\/2017\/05\/week-end-12.jpg","contentUrl":"https:\/\/www.aclanester56.com\/velo\/wp-content\/uploads\/2017\/05\/week-end-12.jpg","width":1152,"height":768},{"@type":"WebSite","@id":"https:\/\/www.aclanester56.com\/velo\/#website","url":"https:\/\/www.aclanester56.com\/velo\/","name":"Avenir Cycliste Lanester 56","description":"Club cycliste de l&#039;AC LANESTER 56","publisher":{"@id":"https:\/\/www.aclanester56.com\/velo\/#organization"},"potentialAction":[{"@type":"SearchAction","target":{"@type":"EntryPoint","urlTemplate":"https:\/\/www.aclanester56.com\/velo\/?s={search_term_string}"},"query-input":{"@type":"PropertyValueSpecification","valueRequired":true,"valueName":"search_term_string"}}],"inLanguage":"fr-FR"},{"@type":"Organization","@id":"https:\/\/www.aclanester56.com\/velo\/#organization","name":"Avenir Cycliste Lanester 56","url":"https:\/\/www.aclanester56.com\/velo\/","logo":{"@type":"ImageObject","inLanguage":"fr-FR","@id":"https:\/\/www.aclanester56.com\/velo\/#\/schema\/logo\/image\/","url":"https:\/\/www.aclanester56.com\/velo\/wp-content\/uploads\/2013\/04\/logo-ACL.jpg","contentUrl":"https:\/\/www.aclanester56.com\/velo\/wp-content\/uploads\/2013\/04\/logo-ACL.jpg","width":400,"height":334,"caption":"Avenir Cycliste Lanester 56"},"image":{"@id":"https:\/\/www.aclanester56.com\/velo\/#\/schema\/logo\/image\/"},"sameAs":["https:\/\/www.facebook.com\/pages\/AC-Lanester-56\/190286300991242?fref=ts"]},{"@type":"Person","@id":"https:\/\/www.aclanester56.com\/velo\/#\/schema\/person\/759714f52da746d389b3a55e75a48790","name":"Benjamin DUVAL","url":"https:\/\/www.aclanester56.com\/velo\/author\/benjamin\/"}]}},"_links":{"self":[{"href":"https:\/\/www.aclanester56.com\/velo\/wp-json\/wp\/v2\/posts\/34193","targetHints":{"allow":["GET"]}}],"collection":[{"href":"https:\/\/www.aclanester56.com\/velo\/wp-json\/wp\/v2\/posts"}],"about":[{"href":"https:\/\/www.aclanester56.com\/velo\/wp-json\/wp\/v2\/types\/post"}],"author":[{"embeddable":true,"href":"https:\/\/www.aclanester56.com\/velo\/wp-json\/wp\/v2\/users\/17"}],"replies":[{"embeddable":true,"href":"https:\/\/www.aclanester56.com\/velo\/wp-json\/wp\/v2\/comments?post=34193"}],"version-history":[{"count":2,"href":"https:\/\/www.aclanester56.com\/velo\/wp-json\/wp\/v2\/posts\/34193\/revisions"}],"predecessor-version":[{"id":34375,"href":"https:\/\/www.aclanester56.com\/velo\/wp-json\/wp\/v2\/posts\/34193\/revisions\/34375"}],"wp:featuredmedia":[{"embeddable":true,"href":"https:\/\/www.aclanester56.com\/velo\/wp-json\/wp\/v2\/media\/34194"}],"wp:attachment":[{"href":"https:\/\/www.aclanester56.com\/velo\/wp-json\/wp\/v2\/media?parent=34193"}],"wp:term":[{"taxonomy":"category","embeddable":true,"href":"https:\/\/www.aclanester56.com\/velo\/wp-json\/wp\/v2\/categories?post=34193"},{"taxonomy":"post_tag","embeddable":true,"href":"https:\/\/www.aclanester56.com\/velo\/wp-json\/wp\/v2\/tags?post=34193"}],"curies":[{"name":"wp","href":"https:\/\/api.w.org\/{rel}","templated":true}]}}