{"id":3510,"date":"2010-07-29T07:21:10","date_gmt":"2010-07-29T06:21:10","guid":{"rendered":"http:\/\/www.aclanester56.com\/velo\/?p=3510"},"modified":"2010-07-29T07:21:10","modified_gmt":"2010-07-29T06:21:10","slug":"vincent-ragot-3eme-a-saint-lo-manche","status":"publish","type":"post","link":"https:\/\/www.aclanester56.com\/velo\/vincent-ragot-3eme-a-saint-lo-manche\/","title":{"rendered":"Vincent Ragot 3\u00e8me \u00e0 Saint-L\u00f4 (Manche)"},"content":{"rendered":"<p>Le Lanest\u00e9rien Vincent RAGOT, d\u00e9ja 2\u00e8me du Kreiz Breizh Elites international qui s&rsquo;est termin\u00e9 lundi, est de nouveau mont\u00e9 sur un podium \u00e0 l&rsquo;occasion du Circuit des Remparts disput\u00e9 en semi-nocturne \u00e0 Saint-L\u00f4, dans la Manche, avec une opposition relev\u00e9e.<\/p>\n<p><!--more--><\/p>\n<p><br class=\"spacer_\" \/><\/p>\n<p>Il est devanc\u00e9 par l&rsquo;ancien professionnel Pierre DRANCOURT et le Rouennais Christopher DA SOUZA.<\/p>\n<p><br class=\"spacer_\" \/><\/p>\n<p><span style=\"text-decoration: underline\"><strong>Classement :<\/strong><\/span><\/p>\n<p>1\u00a0DRANCOURT\u00a0Pierre (ESG DOUAI) les 82 km en 1h56&prime;\u00a0<br \/>\n2\u00a0DE SOUZA\u00a0Christopher (VC ROUEN 76) \u00a0<br \/>\n3\u00a0RAGOT\u00a0Vincent (AC LANESTER 56)<br \/>\n4\u00a0GUAY\u00a0Julien (CC NOGENT )\u00a0<br \/>\n5\u00a0MARTINEZ\u00a0Pablo (COLLOTO CC) \u00a0<br \/>\n6\u00a0OHMURA\u00a0Yutaka (ES LITTRY)\u00a0<br \/>\n7\u00a0BIHEL\u00a0C\u00e9sar (AUBER 93) \u00a0<br \/>\n8\u00a0PATOUX\u00a0Cyrille (VC ROUEN 76) \u00a0<br \/>\n9\u00a0OLEJNIK\u00a0Michal (USSA PAVILLY BARENTIN) \u00a0<br \/>\n10\u00a0BINET\u00a0Alexandre (VC AVRANCHES)<\/p>\n","protected":false},"excerpt":{"rendered":"<p>Le Lanest\u00e9rien Vincent RAGOT, d\u00e9ja 2\u00e8me du Kreiz Breizh Elites international qui s&rsquo;est termin\u00e9 lundi, est de nouveau mont\u00e9 sur [&hellip;]<\/p>\n","protected":false},"author":14,"featured_media":0,"comment_status":"open","ping_status":"open","sticky":false,"template":"","format":"standard","meta":{"ngg_post_thumbnail":0,"footnotes":""},"categories":[5],"tags":[],"class_list":["post-3510","post","type-post","status-publish","format-standard","hentry","category-ac-lanester-56"],"yoast_head":"<!-- This site is optimized with the Yoast SEO plugin v27.5 - https:\/\/yoast.com\/product\/yoast-seo-wordpress\/ -->\n<title>Vincent Ragot 3\u00e8me \u00e0 Saint-L\u00f4 (Manche) - Avenir Cycliste Lanester 56<\/title>\n<meta name=\"robots\" content=\"index, follow, max-snippet:-1, max-image-preview:large, max-video-preview:-1\" \/>\n<link rel=\"canonical\" href=\"https:\/\/www.aclanester56.com\/velo\/vincent-ragot-3eme-a-saint-lo-manche\/\" \/>\n<meta property=\"og:locale\" content=\"fr_FR\" \/>\n<meta property=\"og:type\" content=\"article\" \/>\n<meta property=\"og:title\" content=\"Vincent Ragot 3\u00e8me \u00e0 Saint-L\u00f4 (Manche) - Avenir Cycliste Lanester 56\" \/>\n<meta property=\"og:description\" content=\"Le Lanest\u00e9rien Vincent RAGOT, d\u00e9ja 2\u00e8me du Kreiz Breizh Elites international qui s&rsquo;est termin\u00e9 lundi, est de nouveau mont\u00e9 sur [&hellip;]\" \/>\n<meta property=\"og:url\" content=\"https:\/\/www.aclanester56.com\/velo\/vincent-ragot-3eme-a-saint-lo-manche\/\" \/>\n<meta property=\"og:site_name\" content=\"Avenir Cycliste Lanester 56\" \/>\n<meta property=\"article:publisher\" content=\"https:\/\/www.facebook.com\/pages\/AC-Lanester-56\/190286300991242?fref=ts\" \/>\n<meta property=\"article:published_time\" content=\"2010-07-29T06:21:10+00:00\" \/>\n<meta name=\"author\" content=\"Jean-Christophe\" \/>\n<meta name=\"twitter:label1\" content=\"\u00c9crit par\" \/>\n\t<meta name=\"twitter:data1\" content=\"Jean-Christophe\" \/>\n\t<meta name=\"twitter:label2\" content=\"Dur\u00e9e de lecture estim\u00e9e\" \/>\n\t<meta name=\"twitter:data2\" content=\"1 minute\" \/>\n<script type=\"application\/ld+json\" class=\"yoast-schema-graph\">{\"@context\":\"https:\\\/\\\/schema.org\",\"@graph\":[{\"@type\":\"Article\",\"@id\":\"https:\\\/\\\/www.aclanester56.com\\\/velo\\\/vincent-ragot-3eme-a-saint-lo-manche\\\/#article\",\"isPartOf\":{\"@id\":\"https:\\\/\\\/www.aclanester56.com\\\/velo\\\/vincent-ragot-3eme-a-saint-lo-manche\\\/\"},\"author\":{\"name\":\"Jean-Christophe\",\"@id\":\"https:\\\/\\\/www.aclanester56.com\\\/velo\\\/#\\\/schema\\\/person\\\/ca2a44a5fd969e9dd846c72d3b33bc01\"},\"headline\":\"Vincent Ragot 3\u00e8me \u00e0 Saint-L\u00f4 (Manche)\",\"datePublished\":\"2010-07-29T06:21:10+00:00\",\"mainEntityOfPage\":{\"@id\":\"https:\\\/\\\/www.aclanester56.com\\\/velo\\\/vincent-ragot-3eme-a-saint-lo-manche\\\/\"},\"wordCount\":108,\"commentCount\":0,\"publisher\":{\"@id\":\"https:\\\/\\\/www.aclanester56.com\\\/velo\\\/#organization\"},\"articleSection\":[\"AC LANESTER 56\"],\"inLanguage\":\"fr-FR\",\"potentialAction\":[{\"@type\":\"CommentAction\",\"name\":\"Comment\",\"target\":[\"https:\\\/\\\/www.aclanester56.com\\\/velo\\\/vincent-ragot-3eme-a-saint-lo-manche\\\/#respond\"]}]},{\"@type\":\"WebPage\",\"@id\":\"https:\\\/\\\/www.aclanester56.com\\\/velo\\\/vincent-ragot-3eme-a-saint-lo-manche\\\/\",\"url\":\"https:\\\/\\\/www.aclanester56.com\\\/velo\\\/vincent-ragot-3eme-a-saint-lo-manche\\\/\",\"name\":\"Vincent Ragot 3\u00e8me \u00e0 Saint-L\u00f4 (Manche) - Avenir Cycliste Lanester 56\",\"isPartOf\":{\"@id\":\"https:\\\/\\\/www.aclanester56.com\\\/velo\\\/#website\"},\"datePublished\":\"2010-07-29T06:21:10+00:00\",\"inLanguage\":\"fr-FR\",\"potentialAction\":[{\"@type\":\"ReadAction\",\"target\":[\"https:\\\/\\\/www.aclanester56.com\\\/velo\\\/vincent-ragot-3eme-a-saint-lo-manche\\\/\"]}]},{\"@type\":\"WebSite\",\"@id\":\"https:\\\/\\\/www.aclanester56.com\\\/velo\\\/#website\",\"url\":\"https:\\\/\\\/www.aclanester56.com\\\/velo\\\/\",\"name\":\"Avenir Cycliste Lanester 56\",\"description\":\"Club cycliste de l&#039;AC LANESTER 56\",\"publisher\":{\"@id\":\"https:\\\/\\\/www.aclanester56.com\\\/velo\\\/#organization\"},\"potentialAction\":[{\"@type\":\"SearchAction\",\"target\":{\"@type\":\"EntryPoint\",\"urlTemplate\":\"https:\\\/\\\/www.aclanester56.com\\\/velo\\\/?s={search_term_string}\"},\"query-input\":{\"@type\":\"PropertyValueSpecification\",\"valueRequired\":true,\"valueName\":\"search_term_string\"}}],\"inLanguage\":\"fr-FR\"},{\"@type\":\"Organization\",\"@id\":\"https:\\\/\\\/www.aclanester56.com\\\/velo\\\/#organization\",\"name\":\"Avenir Cycliste Lanester 56\",\"url\":\"https:\\\/\\\/www.aclanester56.com\\\/velo\\\/\",\"logo\":{\"@type\":\"ImageObject\",\"inLanguage\":\"fr-FR\",\"@id\":\"https:\\\/\\\/www.aclanester56.com\\\/velo\\\/#\\\/schema\\\/logo\\\/image\\\/\",\"url\":\"https:\\\/\\\/www.aclanester56.com\\\/velo\\\/wp-content\\\/uploads\\\/2013\\\/04\\\/logo-ACL.jpg\",\"contentUrl\":\"https:\\\/\\\/www.aclanester56.com\\\/velo\\\/wp-content\\\/uploads\\\/2013\\\/04\\\/logo-ACL.jpg\",\"width\":400,\"height\":334,\"caption\":\"Avenir Cycliste Lanester 56\"},\"image\":{\"@id\":\"https:\\\/\\\/www.aclanester56.com\\\/velo\\\/#\\\/schema\\\/logo\\\/image\\\/\"},\"sameAs\":[\"https:\\\/\\\/www.facebook.com\\\/pages\\\/AC-Lanester-56\\\/190286300991242?fref=ts\"]},{\"@type\":\"Person\",\"@id\":\"https:\\\/\\\/www.aclanester56.com\\\/velo\\\/#\\\/schema\\\/person\\\/ca2a44a5fd969e9dd846c72d3b33bc01\",\"name\":\"Jean-Christophe\",\"url\":\"https:\\\/\\\/www.aclanester56.com\\\/velo\\\/author\\\/jeanchristophe\\\/\"}]}<\/script>\n<!-- \/ Yoast SEO plugin. -->","yoast_head_json":{"title":"Vincent Ragot 3\u00e8me \u00e0 Saint-L\u00f4 (Manche) - Avenir Cycliste Lanester 56","robots":{"index":"index","follow":"follow","max-snippet":"max-snippet:-1","max-image-preview":"max-image-preview:large","max-video-preview":"max-video-preview:-1"},"canonical":"https:\/\/www.aclanester56.com\/velo\/vincent-ragot-3eme-a-saint-lo-manche\/","og_locale":"fr_FR","og_type":"article","og_title":"Vincent Ragot 3\u00e8me \u00e0 Saint-L\u00f4 (Manche) - Avenir Cycliste Lanester 56","og_description":"Le Lanest\u00e9rien Vincent RAGOT, d\u00e9ja 2\u00e8me du Kreiz Breizh Elites international qui s&rsquo;est termin\u00e9 lundi, est de nouveau mont\u00e9 sur [&hellip;]","og_url":"https:\/\/www.aclanester56.com\/velo\/vincent-ragot-3eme-a-saint-lo-manche\/","og_site_name":"Avenir Cycliste Lanester 56","article_publisher":"https:\/\/www.facebook.com\/pages\/AC-Lanester-56\/190286300991242?fref=ts","article_published_time":"2010-07-29T06:21:10+00:00","author":"Jean-Christophe","twitter_misc":{"\u00c9crit par":"Jean-Christophe","Dur\u00e9e de lecture estim\u00e9e":"1 minute"},"schema":{"@context":"https:\/\/schema.org","@graph":[{"@type":"Article","@id":"https:\/\/www.aclanester56.com\/velo\/vincent-ragot-3eme-a-saint-lo-manche\/#article","isPartOf":{"@id":"https:\/\/www.aclanester56.com\/velo\/vincent-ragot-3eme-a-saint-lo-manche\/"},"author":{"name":"Jean-Christophe","@id":"https:\/\/www.aclanester56.com\/velo\/#\/schema\/person\/ca2a44a5fd969e9dd846c72d3b33bc01"},"headline":"Vincent Ragot 3\u00e8me \u00e0 Saint-L\u00f4 (Manche)","datePublished":"2010-07-29T06:21:10+00:00","mainEntityOfPage":{"@id":"https:\/\/www.aclanester56.com\/velo\/vincent-ragot-3eme-a-saint-lo-manche\/"},"wordCount":108,"commentCount":0,"publisher":{"@id":"https:\/\/www.aclanester56.com\/velo\/#organization"},"articleSection":["AC LANESTER 56"],"inLanguage":"fr-FR","potentialAction":[{"@type":"CommentAction","name":"Comment","target":["https:\/\/www.aclanester56.com\/velo\/vincent-ragot-3eme-a-saint-lo-manche\/#respond"]}]},{"@type":"WebPage","@id":"https:\/\/www.aclanester56.com\/velo\/vincent-ragot-3eme-a-saint-lo-manche\/","url":"https:\/\/www.aclanester56.com\/velo\/vincent-ragot-3eme-a-saint-lo-manche\/","name":"Vincent Ragot 3\u00e8me \u00e0 Saint-L\u00f4 (Manche) - Avenir Cycliste Lanester 56","isPartOf":{"@id":"https:\/\/www.aclanester56.com\/velo\/#website"},"datePublished":"2010-07-29T06:21:10+00:00","inLanguage":"fr-FR","potentialAction":[{"@type":"ReadAction","target":["https:\/\/www.aclanester56.com\/velo\/vincent-ragot-3eme-a-saint-lo-manche\/"]}]},{"@type":"WebSite","@id":"https:\/\/www.aclanester56.com\/velo\/#website","url":"https:\/\/www.aclanester56.com\/velo\/","name":"Avenir Cycliste Lanester 56","description":"Club cycliste de l&#039;AC LANESTER 56","publisher":{"@id":"https:\/\/www.aclanester56.com\/velo\/#organization"},"potentialAction":[{"@type":"SearchAction","target":{"@type":"EntryPoint","urlTemplate":"https:\/\/www.aclanester56.com\/velo\/?s={search_term_string}"},"query-input":{"@type":"PropertyValueSpecification","valueRequired":true,"valueName":"search_term_string"}}],"inLanguage":"fr-FR"},{"@type":"Organization","@id":"https:\/\/www.aclanester56.com\/velo\/#organization","name":"Avenir Cycliste Lanester 56","url":"https:\/\/www.aclanester56.com\/velo\/","logo":{"@type":"ImageObject","inLanguage":"fr-FR","@id":"https:\/\/www.aclanester56.com\/velo\/#\/schema\/logo\/image\/","url":"https:\/\/www.aclanester56.com\/velo\/wp-content\/uploads\/2013\/04\/logo-ACL.jpg","contentUrl":"https:\/\/www.aclanester56.com\/velo\/wp-content\/uploads\/2013\/04\/logo-ACL.jpg","width":400,"height":334,"caption":"Avenir Cycliste Lanester 56"},"image":{"@id":"https:\/\/www.aclanester56.com\/velo\/#\/schema\/logo\/image\/"},"sameAs":["https:\/\/www.facebook.com\/pages\/AC-Lanester-56\/190286300991242?fref=ts"]},{"@type":"Person","@id":"https:\/\/www.aclanester56.com\/velo\/#\/schema\/person\/ca2a44a5fd969e9dd846c72d3b33bc01","name":"Jean-Christophe","url":"https:\/\/www.aclanester56.com\/velo\/author\/jeanchristophe\/"}]}},"_links":{"self":[{"href":"https:\/\/www.aclanester56.com\/velo\/wp-json\/wp\/v2\/posts\/3510","targetHints":{"allow":["GET"]}}],"collection":[{"href":"https:\/\/www.aclanester56.com\/velo\/wp-json\/wp\/v2\/posts"}],"about":[{"href":"https:\/\/www.aclanester56.com\/velo\/wp-json\/wp\/v2\/types\/post"}],"author":[{"embeddable":true,"href":"https:\/\/www.aclanester56.com\/velo\/wp-json\/wp\/v2\/users\/14"}],"replies":[{"embeddable":true,"href":"https:\/\/www.aclanester56.com\/velo\/wp-json\/wp\/v2\/comments?post=3510"}],"version-history":[{"count":0,"href":"https:\/\/www.aclanester56.com\/velo\/wp-json\/wp\/v2\/posts\/3510\/revisions"}],"wp:attachment":[{"href":"https:\/\/www.aclanester56.com\/velo\/wp-json\/wp\/v2\/media?parent=3510"}],"wp:term":[{"taxonomy":"category","embeddable":true,"href":"https:\/\/www.aclanester56.com\/velo\/wp-json\/wp\/v2\/categories?post=3510"},{"taxonomy":"post_tag","embeddable":true,"href":"https:\/\/www.aclanester56.com\/velo\/wp-json\/wp\/v2\/tags?post=3510"}],"curies":[{"name":"wp","href":"https:\/\/api.w.org\/{rel}","templated":true}]}}