{"id":3512,"date":"2010-07-29T07:58:06","date_gmt":"2010-07-29T06:58:06","guid":{"rendered":"http:\/\/www.aclanester56.com\/velo\/?p=3512"},"modified":"2010-07-29T11:20:04","modified_gmt":"2010-07-29T10:20:04","slug":"50eme-ronde-des-korrigans-a-camors","status":"publish","type":"post","link":"https:\/\/www.aclanester56.com\/velo\/50eme-ronde-des-korrigans-a-camors\/","title":{"rendered":"50\u00e8me Ronde des Korrigans \u00e0 Camors"},"content":{"rendered":"<p>La 50\u00e8me \u00e9dition de la Ronde des Korrigans, traditionnel crit\u00e9rium d&rsquo;apr\u00e8s-Tour de France, s&rsquo;est d\u00e9roul\u00e9 hier soir \u00e0 Camors, en pr\u00e9sence des principaux acteurs fran\u00e7ais du dernier Tour de France. Trois Lanest\u00e9riens \u00e9taient \u00e9galement au d\u00e9part de cette course de gala. Une foule tr\u00e8s nombreuse est venue voir ces coureurs en action.<\/p>\n<div id=\"attachment_3513\" style=\"width: 310px\" class=\"wp-caption alignleft\"><a rel=\"attachment wp-att-3513\" href=\"http:\/\/www.aclanester56.com\/velo\/2010\/07\/29\/50eme-ronde-des-korrigans-a-camors\/rz_600__actu_3041_5326\/\"><img loading=\"lazy\" decoding=\"async\" aria-describedby=\"caption-attachment-3513\" class=\"size-medium wp-image-3513 \" src=\"http:\/\/www.aclanester56.com\/velo\/wp-content\/uploads\/2010\/07\/rz_600__actu_3041_5326-300x256.jpg\" alt=\"\" width=\"300\" height=\"256\" srcset=\"https:\/\/www.aclanester56.com\/velo\/wp-content\/uploads\/2010\/07\/rz_600__actu_3041_5326-300x256.jpg 300w, https:\/\/www.aclanester56.com\/velo\/wp-content\/uploads\/2010\/07\/rz_600__actu_3041_5326.jpg 600w\" sizes=\"auto, (max-width: 300px) 100vw, 300px\" \/><\/a><p id=\"caption-attachment-3513\" class=\"wp-caption-text\">Warren BARGUIL (AC Lanester 56) \u00e9chapp\u00e9 avec le meilleur grimpeur du Tour de France 2010 et le futur retrait\u00e9 Christophe MOREAU<\/p><\/div>\n<p><!--more--><\/p>\n<p><br class=\"spacer_\" \/><\/p>\n<p>Thomas VOECKLER, Anthony CHARTEAU, Christophe RIBLON, Christophe MOREAU ou encore Beno\u00eet VAUGRENARD ont r\u00e9gal\u00e9 le public et les coureurs Lanest\u00e9riens se sont fait plaisir \u00e0 leurs c\u00f4t\u00e9s. Warren BARGUIL, Yoann DAVID et Mathieu BOULO (qui portait les couleurs de la formation professionnelle Roubaix Lille Metropole) ont anim\u00e9 cette course de gala. Au final, c&rsquo;est le meilleur grimpeur du Tour de France 2010 Anthony CHARTEAU (qui portait le maillot \u00e0 pois pour l&rsquo;occasion) qui l&#8217;emportait devant Christophe MOREAU et Jimmy CASPER. Warren BARGUIL est premier amateur et termine 6\u00e8me.<\/p>\n<p><br class=\"spacer_\" \/><\/p>\n<p><br class=\"spacer_\" \/><\/p>\n<p><br class=\"spacer_\" \/><\/p>\n<p><br class=\"spacer_\" \/><\/p>\n<p><br class=\"spacer_\" \/><\/p>\n<p><br class=\"spacer_\" \/><\/p>\n<p><span style=\"text-decoration: underline\"><strong> <\/strong><\/span><\/p>\n<p><span style=\"text-decoration: underline\"><\/p>\n<div id=\"attachment_3529\" style=\"width: 310px\" class=\"wp-caption alignright\"><a rel=\"attachment wp-att-3529\" href=\"http:\/\/www.aclanester56.com\/velo\/2010\/07\/29\/50eme-ronde-des-korrigans-a-camors\/rz_600__actu_3042_5332\/\"><img loading=\"lazy\" decoding=\"async\" aria-describedby=\"caption-attachment-3529\" class=\"size-medium wp-image-3529\" src=\"http:\/\/www.aclanester56.com\/velo\/wp-content\/uploads\/2010\/07\/rz_600__actu_3042_5332-300x298.jpg\" alt=\"\" width=\"300\" height=\"298\" srcset=\"https:\/\/www.aclanester56.com\/velo\/wp-content\/uploads\/2010\/07\/rz_600__actu_3042_5332-300x298.jpg 300w, https:\/\/www.aclanester56.com\/velo\/wp-content\/uploads\/2010\/07\/rz_600__actu_3042_5332-150x150.jpg 150w, https:\/\/www.aclanester56.com\/velo\/wp-content\/uploads\/2010\/07\/rz_600__actu_3042_5332.jpg 600w\" sizes=\"auto, (max-width: 300px) 100vw, 300px\" \/><\/a><p id=\"caption-attachment-3529\" class=\"wp-caption-text\">Yoann DAVID entre 2 cor\u00e9ens de Ginseng Asia<\/p><\/div>\n<p>Classement :<\/span><\/p>\n<p>1\u00a0CHARTEAU Anthony (BBOX BOUYGUES TELECOM)<br \/>\n 2\u00a0MOREAU Christophe (CAISSE D EPARGNE)<br \/>\n 3\u00a0CASPER Jimmy (SAUR SOJASSUN)<br \/>\n 4\u00a0GAUTIER Cyril (BBOX BOUYGUES TELECOM)<br \/>\n 5\u00a0VAUGRENARD Benoit (LA FRANCAISE DES JEUX)<br \/>\n <span style=\"background-color: #ff6600\">6\u00a0BARGUIL Warren (AC LANESTER 56)<\/span><br \/>\n 7\u00a0PICHON Laurent (BRETAGNE SCHULLER)<br \/>\n 8\u00a0HALLEGUEN Mathieu (BRETAGNE SCHULLER)<br \/>\n 9\u00a0YOO Kihong (GEUMSAN GINSENG)<br \/>\n 10\u00a0KRIVSTOV Yuri (AG2R LA MONDIALE)<br \/>\n <span style=\"background-color: #ff6600\">22\u00a0BOULO Mathieu (ROUBAIX LILLE)<\/span><br \/>\n 23\u00a0RIBLON Christophe (AG2R LA MONDIALE)<br \/>\n 25\u00a0HINAULT S\u00e9bastien (AG2R LA MONDIALE)<br \/>\n 28\u00a0VOECKLER Thomas (BBOX BOUYGUES TELECOM)<br \/>\n 29\u00a0MONDORY Lloyd (AG2R LA MONDIALE)<br \/>\n 33\u00a0MONIER Damien (COFIDIS)<br \/>\n <span style=\"background-color: #ff6600\">34\u00a0DAVID Yoann (AC LANESTER 56)<\/span><\/p>\n<p><br class=\"spacer_\" \/><\/p>\n<p><em><strong>Photos publi\u00e9es avec l&rsquo;autorisation du service communication du Comit\u00e9 de Bretagne &#8211; www.bretagne-cyclisme.com<\/strong><\/em><\/p>\n<p><br class=\"spacer_\" \/><\/p>\n<p><br class=\"spacer_\" \/><\/p>\n","protected":false},"excerpt":{"rendered":"<p>La 50\u00e8me \u00e9dition de la Ronde des Korrigans, traditionnel crit\u00e9rium d&rsquo;apr\u00e8s-Tour de France, s&rsquo;est d\u00e9roul\u00e9 hier soir \u00e0 Camors, en [&hellip;]<\/p>\n","protected":false},"author":14,"featured_media":3513,"comment_status":"open","ping_status":"open","sticky":false,"template":"","format":"standard","meta":{"ngg_post_thumbnail":0,"footnotes":""},"categories":[5],"tags":[],"class_list":["post-3512","post","type-post","status-publish","format-standard","has-post-thumbnail","hentry","category-ac-lanester-56"],"yoast_head":"<!-- This site is optimized with the Yoast SEO plugin v27.5 - https:\/\/yoast.com\/product\/yoast-seo-wordpress\/ -->\n<title>50\u00e8me Ronde des Korrigans \u00e0 Camors - Avenir Cycliste Lanester 56<\/title>\n<meta name=\"robots\" content=\"index, follow, max-snippet:-1, max-image-preview:large, max-video-preview:-1\" \/>\n<link rel=\"canonical\" href=\"https:\/\/www.aclanester56.com\/velo\/50eme-ronde-des-korrigans-a-camors\/\" \/>\n<meta property=\"og:locale\" content=\"fr_FR\" \/>\n<meta property=\"og:type\" content=\"article\" \/>\n<meta property=\"og:title\" content=\"50\u00e8me Ronde des Korrigans \u00e0 Camors - Avenir Cycliste Lanester 56\" \/>\n<meta property=\"og:description\" content=\"La 50\u00e8me \u00e9dition de la Ronde des Korrigans, traditionnel crit\u00e9rium d&rsquo;apr\u00e8s-Tour de France, s&rsquo;est d\u00e9roul\u00e9 hier soir \u00e0 Camors, en [&hellip;]\" \/>\n<meta property=\"og:url\" content=\"https:\/\/www.aclanester56.com\/velo\/50eme-ronde-des-korrigans-a-camors\/\" \/>\n<meta property=\"og:site_name\" content=\"Avenir Cycliste Lanester 56\" \/>\n<meta property=\"article:publisher\" content=\"https:\/\/www.facebook.com\/pages\/AC-Lanester-56\/190286300991242?fref=ts\" \/>\n<meta property=\"article:published_time\" content=\"2010-07-29T06:58:06+00:00\" \/>\n<meta property=\"article:modified_time\" content=\"2010-07-29T10:20:04+00:00\" \/>\n<meta property=\"og:image\" content=\"https:\/\/www.aclanester56.com\/velo\/wp-content\/uploads\/2010\/07\/rz_600__actu_3041_5326.jpg\" \/>\n\t<meta property=\"og:image:width\" content=\"600\" \/>\n\t<meta property=\"og:image:height\" content=\"513\" \/>\n\t<meta property=\"og:image:type\" content=\"image\/jpeg\" \/>\n<meta name=\"author\" content=\"Jean-Christophe\" \/>\n<meta name=\"twitter:label1\" content=\"\u00c9crit par\" \/>\n\t<meta name=\"twitter:data1\" content=\"Jean-Christophe\" \/>\n\t<meta name=\"twitter:label2\" content=\"Dur\u00e9e de lecture estim\u00e9e\" \/>\n\t<meta name=\"twitter:data2\" content=\"1 minute\" \/>\n<script type=\"application\/ld+json\" class=\"yoast-schema-graph\">{\"@context\":\"https:\\\/\\\/schema.org\",\"@graph\":[{\"@type\":\"Article\",\"@id\":\"https:\\\/\\\/www.aclanester56.com\\\/velo\\\/50eme-ronde-des-korrigans-a-camors\\\/#article\",\"isPartOf\":{\"@id\":\"https:\\\/\\\/www.aclanester56.com\\\/velo\\\/50eme-ronde-des-korrigans-a-camors\\\/\"},\"author\":{\"name\":\"Jean-Christophe\",\"@id\":\"https:\\\/\\\/www.aclanester56.com\\\/velo\\\/#\\\/schema\\\/person\\\/ca2a44a5fd969e9dd846c72d3b33bc01\"},\"headline\":\"50\u00e8me Ronde des Korrigans \u00e0 Camors\",\"datePublished\":\"2010-07-29T06:58:06+00:00\",\"dateModified\":\"2010-07-29T10:20:04+00:00\",\"mainEntityOfPage\":{\"@id\":\"https:\\\/\\\/www.aclanester56.com\\\/velo\\\/50eme-ronde-des-korrigans-a-camors\\\/\"},\"wordCount\":296,\"commentCount\":1,\"publisher\":{\"@id\":\"https:\\\/\\\/www.aclanester56.com\\\/velo\\\/#organization\"},\"image\":{\"@id\":\"https:\\\/\\\/www.aclanester56.com\\\/velo\\\/50eme-ronde-des-korrigans-a-camors\\\/#primaryimage\"},\"thumbnailUrl\":\"https:\\\/\\\/www.aclanester56.com\\\/velo\\\/wp-content\\\/uploads\\\/2010\\\/07\\\/rz_600__actu_3041_5326.jpg\",\"articleSection\":[\"AC LANESTER 56\"],\"inLanguage\":\"fr-FR\",\"potentialAction\":[{\"@type\":\"CommentAction\",\"name\":\"Comment\",\"target\":[\"https:\\\/\\\/www.aclanester56.com\\\/velo\\\/50eme-ronde-des-korrigans-a-camors\\\/#respond\"]}]},{\"@type\":\"WebPage\",\"@id\":\"https:\\\/\\\/www.aclanester56.com\\\/velo\\\/50eme-ronde-des-korrigans-a-camors\\\/\",\"url\":\"https:\\\/\\\/www.aclanester56.com\\\/velo\\\/50eme-ronde-des-korrigans-a-camors\\\/\",\"name\":\"50\u00e8me Ronde des Korrigans \u00e0 Camors - Avenir Cycliste Lanester 56\",\"isPartOf\":{\"@id\":\"https:\\\/\\\/www.aclanester56.com\\\/velo\\\/#website\"},\"primaryImageOfPage\":{\"@id\":\"https:\\\/\\\/www.aclanester56.com\\\/velo\\\/50eme-ronde-des-korrigans-a-camors\\\/#primaryimage\"},\"image\":{\"@id\":\"https:\\\/\\\/www.aclanester56.com\\\/velo\\\/50eme-ronde-des-korrigans-a-camors\\\/#primaryimage\"},\"thumbnailUrl\":\"https:\\\/\\\/www.aclanester56.com\\\/velo\\\/wp-content\\\/uploads\\\/2010\\\/07\\\/rz_600__actu_3041_5326.jpg\",\"datePublished\":\"2010-07-29T06:58:06+00:00\",\"dateModified\":\"2010-07-29T10:20:04+00:00\",\"inLanguage\":\"fr-FR\",\"potentialAction\":[{\"@type\":\"ReadAction\",\"target\":[\"https:\\\/\\\/www.aclanester56.com\\\/velo\\\/50eme-ronde-des-korrigans-a-camors\\\/\"]}]},{\"@type\":\"ImageObject\",\"inLanguage\":\"fr-FR\",\"@id\":\"https:\\\/\\\/www.aclanester56.com\\\/velo\\\/50eme-ronde-des-korrigans-a-camors\\\/#primaryimage\",\"url\":\"https:\\\/\\\/www.aclanester56.com\\\/velo\\\/wp-content\\\/uploads\\\/2010\\\/07\\\/rz_600__actu_3041_5326.jpg\",\"contentUrl\":\"https:\\\/\\\/www.aclanester56.com\\\/velo\\\/wp-content\\\/uploads\\\/2010\\\/07\\\/rz_600__actu_3041_5326.jpg\",\"width\":600,\"height\":513,\"caption\":\"Warren BARGUIL (AC Lanester 56) \u00e9chapp\u00e9 avec le meilleur grimpeur du Tour de France 2010 et Christophe MOREAU\"},{\"@type\":\"WebSite\",\"@id\":\"https:\\\/\\\/www.aclanester56.com\\\/velo\\\/#website\",\"url\":\"https:\\\/\\\/www.aclanester56.com\\\/velo\\\/\",\"name\":\"Avenir Cycliste Lanester 56\",\"description\":\"Club cycliste de l&#039;AC LANESTER 56\",\"publisher\":{\"@id\":\"https:\\\/\\\/www.aclanester56.com\\\/velo\\\/#organization\"},\"potentialAction\":[{\"@type\":\"SearchAction\",\"target\":{\"@type\":\"EntryPoint\",\"urlTemplate\":\"https:\\\/\\\/www.aclanester56.com\\\/velo\\\/?s={search_term_string}\"},\"query-input\":{\"@type\":\"PropertyValueSpecification\",\"valueRequired\":true,\"valueName\":\"search_term_string\"}}],\"inLanguage\":\"fr-FR\"},{\"@type\":\"Organization\",\"@id\":\"https:\\\/\\\/www.aclanester56.com\\\/velo\\\/#organization\",\"name\":\"Avenir Cycliste Lanester 56\",\"url\":\"https:\\\/\\\/www.aclanester56.com\\\/velo\\\/\",\"logo\":{\"@type\":\"ImageObject\",\"inLanguage\":\"fr-FR\",\"@id\":\"https:\\\/\\\/www.aclanester56.com\\\/velo\\\/#\\\/schema\\\/logo\\\/image\\\/\",\"url\":\"https:\\\/\\\/www.aclanester56.com\\\/velo\\\/wp-content\\\/uploads\\\/2013\\\/04\\\/logo-ACL.jpg\",\"contentUrl\":\"https:\\\/\\\/www.aclanester56.com\\\/velo\\\/wp-content\\\/uploads\\\/2013\\\/04\\\/logo-ACL.jpg\",\"width\":400,\"height\":334,\"caption\":\"Avenir Cycliste Lanester 56\"},\"image\":{\"@id\":\"https:\\\/\\\/www.aclanester56.com\\\/velo\\\/#\\\/schema\\\/logo\\\/image\\\/\"},\"sameAs\":[\"https:\\\/\\\/www.facebook.com\\\/pages\\\/AC-Lanester-56\\\/190286300991242?fref=ts\"]},{\"@type\":\"Person\",\"@id\":\"https:\\\/\\\/www.aclanester56.com\\\/velo\\\/#\\\/schema\\\/person\\\/ca2a44a5fd969e9dd846c72d3b33bc01\",\"name\":\"Jean-Christophe\",\"url\":\"https:\\\/\\\/www.aclanester56.com\\\/velo\\\/author\\\/jeanchristophe\\\/\"}]}<\/script>\n<!-- \/ Yoast SEO plugin. -->","yoast_head_json":{"title":"50\u00e8me Ronde des Korrigans \u00e0 Camors - Avenir Cycliste Lanester 56","robots":{"index":"index","follow":"follow","max-snippet":"max-snippet:-1","max-image-preview":"max-image-preview:large","max-video-preview":"max-video-preview:-1"},"canonical":"https:\/\/www.aclanester56.com\/velo\/50eme-ronde-des-korrigans-a-camors\/","og_locale":"fr_FR","og_type":"article","og_title":"50\u00e8me Ronde des Korrigans \u00e0 Camors - Avenir Cycliste Lanester 56","og_description":"La 50\u00e8me \u00e9dition de la Ronde des Korrigans, traditionnel crit\u00e9rium d&rsquo;apr\u00e8s-Tour de France, s&rsquo;est d\u00e9roul\u00e9 hier soir \u00e0 Camors, en [&hellip;]","og_url":"https:\/\/www.aclanester56.com\/velo\/50eme-ronde-des-korrigans-a-camors\/","og_site_name":"Avenir Cycliste Lanester 56","article_publisher":"https:\/\/www.facebook.com\/pages\/AC-Lanester-56\/190286300991242?fref=ts","article_published_time":"2010-07-29T06:58:06+00:00","article_modified_time":"2010-07-29T10:20:04+00:00","og_image":[{"width":600,"height":513,"url":"https:\/\/www.aclanester56.com\/velo\/wp-content\/uploads\/2010\/07\/rz_600__actu_3041_5326.jpg","type":"image\/jpeg"}],"author":"Jean-Christophe","twitter_misc":{"\u00c9crit par":"Jean-Christophe","Dur\u00e9e de lecture estim\u00e9e":"1 minute"},"schema":{"@context":"https:\/\/schema.org","@graph":[{"@type":"Article","@id":"https:\/\/www.aclanester56.com\/velo\/50eme-ronde-des-korrigans-a-camors\/#article","isPartOf":{"@id":"https:\/\/www.aclanester56.com\/velo\/50eme-ronde-des-korrigans-a-camors\/"},"author":{"name":"Jean-Christophe","@id":"https:\/\/www.aclanester56.com\/velo\/#\/schema\/person\/ca2a44a5fd969e9dd846c72d3b33bc01"},"headline":"50\u00e8me Ronde des Korrigans \u00e0 Camors","datePublished":"2010-07-29T06:58:06+00:00","dateModified":"2010-07-29T10:20:04+00:00","mainEntityOfPage":{"@id":"https:\/\/www.aclanester56.com\/velo\/50eme-ronde-des-korrigans-a-camors\/"},"wordCount":296,"commentCount":1,"publisher":{"@id":"https:\/\/www.aclanester56.com\/velo\/#organization"},"image":{"@id":"https:\/\/www.aclanester56.com\/velo\/50eme-ronde-des-korrigans-a-camors\/#primaryimage"},"thumbnailUrl":"https:\/\/www.aclanester56.com\/velo\/wp-content\/uploads\/2010\/07\/rz_600__actu_3041_5326.jpg","articleSection":["AC LANESTER 56"],"inLanguage":"fr-FR","potentialAction":[{"@type":"CommentAction","name":"Comment","target":["https:\/\/www.aclanester56.com\/velo\/50eme-ronde-des-korrigans-a-camors\/#respond"]}]},{"@type":"WebPage","@id":"https:\/\/www.aclanester56.com\/velo\/50eme-ronde-des-korrigans-a-camors\/","url":"https:\/\/www.aclanester56.com\/velo\/50eme-ronde-des-korrigans-a-camors\/","name":"50\u00e8me Ronde des Korrigans \u00e0 Camors - Avenir Cycliste Lanester 56","isPartOf":{"@id":"https:\/\/www.aclanester56.com\/velo\/#website"},"primaryImageOfPage":{"@id":"https:\/\/www.aclanester56.com\/velo\/50eme-ronde-des-korrigans-a-camors\/#primaryimage"},"image":{"@id":"https:\/\/www.aclanester56.com\/velo\/50eme-ronde-des-korrigans-a-camors\/#primaryimage"},"thumbnailUrl":"https:\/\/www.aclanester56.com\/velo\/wp-content\/uploads\/2010\/07\/rz_600__actu_3041_5326.jpg","datePublished":"2010-07-29T06:58:06+00:00","dateModified":"2010-07-29T10:20:04+00:00","inLanguage":"fr-FR","potentialAction":[{"@type":"ReadAction","target":["https:\/\/www.aclanester56.com\/velo\/50eme-ronde-des-korrigans-a-camors\/"]}]},{"@type":"ImageObject","inLanguage":"fr-FR","@id":"https:\/\/www.aclanester56.com\/velo\/50eme-ronde-des-korrigans-a-camors\/#primaryimage","url":"https:\/\/www.aclanester56.com\/velo\/wp-content\/uploads\/2010\/07\/rz_600__actu_3041_5326.jpg","contentUrl":"https:\/\/www.aclanester56.com\/velo\/wp-content\/uploads\/2010\/07\/rz_600__actu_3041_5326.jpg","width":600,"height":513,"caption":"Warren BARGUIL (AC Lanester 56) \u00e9chapp\u00e9 avec le meilleur grimpeur du Tour de France 2010 et Christophe MOREAU"},{"@type":"WebSite","@id":"https:\/\/www.aclanester56.com\/velo\/#website","url":"https:\/\/www.aclanester56.com\/velo\/","name":"Avenir Cycliste Lanester 56","description":"Club cycliste de l&#039;AC LANESTER 56","publisher":{"@id":"https:\/\/www.aclanester56.com\/velo\/#organization"},"potentialAction":[{"@type":"SearchAction","target":{"@type":"EntryPoint","urlTemplate":"https:\/\/www.aclanester56.com\/velo\/?s={search_term_string}"},"query-input":{"@type":"PropertyValueSpecification","valueRequired":true,"valueName":"search_term_string"}}],"inLanguage":"fr-FR"},{"@type":"Organization","@id":"https:\/\/www.aclanester56.com\/velo\/#organization","name":"Avenir Cycliste Lanester 56","url":"https:\/\/www.aclanester56.com\/velo\/","logo":{"@type":"ImageObject","inLanguage":"fr-FR","@id":"https:\/\/www.aclanester56.com\/velo\/#\/schema\/logo\/image\/","url":"https:\/\/www.aclanester56.com\/velo\/wp-content\/uploads\/2013\/04\/logo-ACL.jpg","contentUrl":"https:\/\/www.aclanester56.com\/velo\/wp-content\/uploads\/2013\/04\/logo-ACL.jpg","width":400,"height":334,"caption":"Avenir Cycliste Lanester 56"},"image":{"@id":"https:\/\/www.aclanester56.com\/velo\/#\/schema\/logo\/image\/"},"sameAs":["https:\/\/www.facebook.com\/pages\/AC-Lanester-56\/190286300991242?fref=ts"]},{"@type":"Person","@id":"https:\/\/www.aclanester56.com\/velo\/#\/schema\/person\/ca2a44a5fd969e9dd846c72d3b33bc01","name":"Jean-Christophe","url":"https:\/\/www.aclanester56.com\/velo\/author\/jeanchristophe\/"}]}},"_links":{"self":[{"href":"https:\/\/www.aclanester56.com\/velo\/wp-json\/wp\/v2\/posts\/3512","targetHints":{"allow":["GET"]}}],"collection":[{"href":"https:\/\/www.aclanester56.com\/velo\/wp-json\/wp\/v2\/posts"}],"about":[{"href":"https:\/\/www.aclanester56.com\/velo\/wp-json\/wp\/v2\/types\/post"}],"author":[{"embeddable":true,"href":"https:\/\/www.aclanester56.com\/velo\/wp-json\/wp\/v2\/users\/14"}],"replies":[{"embeddable":true,"href":"https:\/\/www.aclanester56.com\/velo\/wp-json\/wp\/v2\/comments?post=3512"}],"version-history":[{"count":0,"href":"https:\/\/www.aclanester56.com\/velo\/wp-json\/wp\/v2\/posts\/3512\/revisions"}],"wp:featuredmedia":[{"embeddable":true,"href":"https:\/\/www.aclanester56.com\/velo\/wp-json\/wp\/v2\/media\/3513"}],"wp:attachment":[{"href":"https:\/\/www.aclanester56.com\/velo\/wp-json\/wp\/v2\/media?parent=3512"}],"wp:term":[{"taxonomy":"category","embeddable":true,"href":"https:\/\/www.aclanester56.com\/velo\/wp-json\/wp\/v2\/categories?post=3512"},{"taxonomy":"post_tag","embeddable":true,"href":"https:\/\/www.aclanester56.com\/velo\/wp-json\/wp\/v2\/tags?post=3512"}],"curies":[{"name":"wp","href":"https:\/\/api.w.org\/{rel}","templated":true}]}}