{"id":35261,"date":"2017-06-29T09:15:15","date_gmt":"2017-06-29T07:15:15","guid":{"rendered":"https:\/\/www.aclanester56.com\/velo\/?p=35261"},"modified":"2017-06-29T09:15:15","modified_gmt":"2017-06-29T07:15:15","slug":"grand-prix-cycliste-de-la-ville-de-lanester-2017-classement","status":"publish","type":"post","link":"https:\/\/www.aclanester56.com\/velo\/grand-prix-cycliste-de-la-ville-de-lanester-2017-classement\/","title":{"rendered":"Grand Prix Cycliste de la Ville de Lanester 2017 : classement"},"content":{"rendered":"<p><!--more--><\/p>\n<p><em>Photo Bruno Perrel (Page Facebook : <a href=\"https:\/\/fr-fr.facebook.com\/Capture.Evenements.Photographe\/\" target=\"_blank\" rel=\"noopener\">https:\/\/fr-fr.facebook.com\/Capture.Evenements.Photographe\/<\/a>)<\/em><\/p>\n<p><span style=\"text-decoration: underline;\"><strong>Classement du 26\u00e8me Grand Prix Cycliste de la Ville de Lanester :<\/strong><\/span><\/p>\n<p>1 ZIELINSKI Piotr VC PAYS DE LORIENT 1\u00e8re les 99,2 km en 2h17&rsquo;10\u00a0\u00bb (moy. 43,39 km\/h)<br \/>\n2 DANIEL Aur\u00e9lien TEAM PAYS DE DINAN 1\u00e8re \u00a0\u00bb&nbsp; &nbsp;<br \/>\n3 CHOPIN David TEAM BRICQUEBEC COTENTIN 1\u00e8re \u00a0\u00bb&nbsp; &nbsp;<br \/>\n4 POILVET Ludovic HENNEBONT CYCLISME 1\u00e8re \u00a0\u00bb&nbsp;&nbsp; &nbsp;<br \/>\n5 DAVID Nicolas CREUSE OXYGENE GUERET 1\u00e8re \u00a0\u00bb&nbsp;&nbsp; &nbsp;<br \/>\n6 GUERNALEC Thibault TEAM PAYS DE DINAN 1\u00e8re \u00a0\u00bb&nbsp; &nbsp;<br \/>\n7 RIOU Alan TEAM PAYS DE DINAN 1\u00e8re 01:00&nbsp; &nbsp;<br \/>\n8 LOREAU Antoine VC PAYS DE LORIENT 1\u00e8re \u00a0\u00bb&nbsp; &nbsp;<br \/>\n9 BOIVIN Ma\u00ebl VC PAYS DE LOUDEAC 1\u00e8re \u00a0\u00bb&nbsp; &nbsp;<br \/>\n10 WILLIAMS Rhys ROAD DEVELOPMENT PROGRAM 1\u00e8re \u00a0\u00bb&nbsp; &nbsp;<br \/>\n11 BARON Elouan CHARVIEU CHAVAGNEUX IC 1\u00e8re \u00a0\u00bb&nbsp; &nbsp;<br \/>\n12 POISSON Damien VC PAYS DE LOUDEAC 1\u00e8re \u00a0\u00bb&nbsp; &nbsp;<br \/>\n13 FLEGEO Baptiste TEAM FYBOLIA-BERTIN LOCMINE 1\u00e8re \u00a0\u00bb&nbsp;&nbsp; &nbsp;<br \/>\n14 BARRETT Jack HENNEBONT CYCLISME 2e \u00a0\u00bb&nbsp;&nbsp; &nbsp;<br \/>\n15 LECLERCQ Julien VC PAYS DE LOUDEAC 2e \u00a0\u00bb&nbsp; &nbsp;<br \/>\n16 LE VIGOUROUX Baptiste VELOCE VANNETAIS CYCLISME Junior J2 \u00a0\u00bb &nbsp;<br \/>\n17 BLAGDEN Oliver ROAD DEVELOPMENT PROGRAM 1\u00e8re \u00a0\u00bb&nbsp; &nbsp;<br \/>\n18 MOELO Brann UC QUIMPERLOISE Junior J2 \u00a0\u00bb&nbsp; &nbsp;<br \/>\n19 LE BARBIER Lo\u00efc HENNEBONT CYCLISME 2e \u00a0\u00bb&nbsp; &nbsp;<br \/>\n20 PROD&rsquo;HOMME Antoine TEAM FYBOLIA-BERTIN LOCMINE 1\u00e8re \u00a0\u00bb&nbsp;&nbsp; &nbsp;<br \/>\n21 CHRISTOPHER Patrick ROAD DEVELOPMENT PROGRAM 1\u00e8re \u00a0\u00bb&nbsp; &nbsp;<br \/>\n22 LE MONTAGNER Maxime CREUSE OXYGENE GUERET 1\u00e8re \u00a0\u00bb&nbsp; &nbsp;<br \/>\n23 HERVO Gautier TRO BRO ORGANISATION 2e \u00a0\u00bb&nbsp; &nbsp;<br \/>\n24 TANGUY Sylvain VC PAYS DE LORIENT 2e \u00a0\u00bb&nbsp; &nbsp;<br \/>\n25 ROBIC Thomas RUN BIKE CLUB 56 2e \u00a0\u00bb&nbsp; &nbsp;<br \/>\n26 GUIMARD Benoit VC PAYS DE LORIENT 1\u00e8re \u00a0\u00bb&nbsp; &nbsp;<br \/>\n27 SINNER Christophe AC LANESTER 56 3e \u00a0\u00bb&nbsp; &nbsp;<br \/>\n28 THOMAS Iwan UC QUIMPERLOISE 2e \u00a0\u00bb&nbsp;&nbsp; &nbsp;<br \/>\n29 VIGNES Cedric CC ERGUE GABERIC 3e \u00a0\u00bb&nbsp; &nbsp;<br \/>\n30 LE BEAUDOUR Jeff VC CHATEAULINOIS 2e \u00a0\u00bb&nbsp; &nbsp;<br \/>\n31 LE HUITOUZE Julien HENNEBONT CYCLISME 1\u00e8re \u00a0\u00bb&nbsp; &nbsp;<br \/>\n32 TRAVERS Vincent TEAM PAYS DE DINAN 1\u00e8re \u00a0\u00bb&nbsp; &nbsp;<br \/>\n33 COQUEN Guillaume TEAM FYBOLIA-BERTIN LOCMINE 1\u00e8re \u00a0\u00bb&nbsp;&nbsp; &nbsp;<br \/>\n34 TATARD Nicolas REDON OC 2e \u00a0\u00bb&nbsp;&nbsp; &nbsp;<br \/>\n35 BERET Lionel VELOCE VANNETAIS CYCLISME 2e \u00a0\u00bb&nbsp; &nbsp;<br \/>\n36 NEVO Gwena\u00ebl UC BRIOCHINE 2e \u00a0\u00bb&nbsp;&nbsp; &nbsp;<br \/>\n37 BRENTERCH Erwan LAVAL CYCLISME 53 1\u00e8re \u00a0\u00bb&nbsp; &nbsp;<br \/>\n38 MASSE Cyrille CC ERGUE GABERIC 2e \u00a0\u00bb&nbsp; &nbsp;<br \/>\n39 ETIENNE Kylian EC QUEVENOISE 1\u00e8re \u00a0\u00bb&nbsp;&nbsp; &nbsp;<br \/>\n40 LE BRETON J\u00e9r\u00f4me TEAM PAYS DE DINAN 1\u00e8re \u00a0\u00bb &nbsp;<br \/>\n41 BIENFAIT Vincent VC PAYS DE LORIENT 1\u00e8re \u00a0\u00bb&nbsp; &nbsp;<br \/>\n42 HALLEGUEN Mathieu VC PAYS DE LORIENT 1\u00e8re \u00a0\u00bb&nbsp; &nbsp;<br \/>\n43 POULIZAC Ronan VC PAYS DE LOUDEAC 1\u00e8re \u00a0\u00bb&nbsp;&nbsp;<\/p>\n<div><span style=\"text-decoration: underline;\"><strong>Meilleur animateur :<\/strong><\/span> GUERNALEC Thibault TEAM PAYS DE DINAN<\/div>\n<div><span style=\"text-decoration: underline;\"><strong>Meilleur junior :<\/strong><\/span> LE VIGOUROUX Baptiste VELOCE VANNETAIS CYCL.<\/div>\n","protected":false},"excerpt":{"rendered":"","protected":false},"author":14,"featured_media":35263,"comment_status":"open","ping_status":"open","sticky":false,"template":"","format":"standard","meta":{"ngg_post_thumbnail":0,"footnotes":""},"categories":[5],"tags":[],"class_list":["post-35261","post","type-post","status-publish","format-standard","has-post-thumbnail","hentry","category-ac-lanester-56"],"yoast_head":"<!-- This site is optimized with the Yoast SEO plugin v27.5 - https:\/\/yoast.com\/product\/yoast-seo-wordpress\/ -->\n<title>Grand Prix Cycliste de la Ville de Lanester 2017 : classement - Avenir Cycliste Lanester 56<\/title>\n<meta name=\"robots\" content=\"index, follow, max-snippet:-1, max-image-preview:large, max-video-preview:-1\" \/>\n<link rel=\"canonical\" href=\"https:\/\/www.aclanester56.com\/velo\/grand-prix-cycliste-de-la-ville-de-lanester-2017-classement\/\" \/>\n<meta property=\"og:locale\" content=\"fr_FR\" \/>\n<meta property=\"og:type\" content=\"article\" \/>\n<meta property=\"og:title\" content=\"Grand Prix Cycliste de la Ville de Lanester 2017 : classement - Avenir Cycliste Lanester 56\" \/>\n<meta property=\"og:url\" content=\"https:\/\/www.aclanester56.com\/velo\/grand-prix-cycliste-de-la-ville-de-lanester-2017-classement\/\" \/>\n<meta property=\"og:site_name\" content=\"Avenir Cycliste Lanester 56\" \/>\n<meta property=\"article:publisher\" content=\"https:\/\/www.facebook.com\/pages\/AC-Lanester-56\/190286300991242?fref=ts\" \/>\n<meta property=\"article:published_time\" content=\"2017-06-29T07:15:15+00:00\" \/>\n<meta property=\"og:image\" content=\"https:\/\/www.aclanester56.com\/velo\/wp-content\/uploads\/2017\/06\/FB_IMG_1498720051735-Copie.jpg\" \/>\n\t<meta property=\"og:image:width\" content=\"880\" \/>\n\t<meta property=\"og:image:height\" content=\"450\" \/>\n\t<meta property=\"og:image:type\" content=\"image\/jpeg\" \/>\n<meta name=\"author\" content=\"Jean-Christophe\" \/>\n<meta name=\"twitter:label1\" content=\"\u00c9crit par\" \/>\n\t<meta name=\"twitter:data1\" content=\"Jean-Christophe\" \/>\n\t<meta name=\"twitter:label2\" content=\"Dur\u00e9e de lecture estim\u00e9e\" \/>\n\t<meta name=\"twitter:data2\" content=\"2 minutes\" \/>\n<script type=\"application\/ld+json\" class=\"yoast-schema-graph\">{\"@context\":\"https:\\\/\\\/schema.org\",\"@graph\":[{\"@type\":\"Article\",\"@id\":\"https:\\\/\\\/www.aclanester56.com\\\/velo\\\/grand-prix-cycliste-de-la-ville-de-lanester-2017-classement\\\/#article\",\"isPartOf\":{\"@id\":\"https:\\\/\\\/www.aclanester56.com\\\/velo\\\/grand-prix-cycliste-de-la-ville-de-lanester-2017-classement\\\/\"},\"author\":{\"name\":\"Jean-Christophe\",\"@id\":\"https:\\\/\\\/www.aclanester56.com\\\/velo\\\/#\\\/schema\\\/person\\\/ca2a44a5fd969e9dd846c72d3b33bc01\"},\"headline\":\"Grand Prix Cycliste de la Ville de Lanester 2017 : classement\",\"datePublished\":\"2017-06-29T07:15:15+00:00\",\"mainEntityOfPage\":{\"@id\":\"https:\\\/\\\/www.aclanester56.com\\\/velo\\\/grand-prix-cycliste-de-la-ville-de-lanester-2017-classement\\\/\"},\"wordCount\":465,\"commentCount\":1,\"publisher\":{\"@id\":\"https:\\\/\\\/www.aclanester56.com\\\/velo\\\/#organization\"},\"image\":{\"@id\":\"https:\\\/\\\/www.aclanester56.com\\\/velo\\\/grand-prix-cycliste-de-la-ville-de-lanester-2017-classement\\\/#primaryimage\"},\"thumbnailUrl\":\"https:\\\/\\\/www.aclanester56.com\\\/velo\\\/wp-content\\\/uploads\\\/2017\\\/06\\\/FB_IMG_1498720051735-Copie.jpg\",\"articleSection\":[\"AC LANESTER 56\"],\"inLanguage\":\"fr-FR\",\"potentialAction\":[{\"@type\":\"CommentAction\",\"name\":\"Comment\",\"target\":[\"https:\\\/\\\/www.aclanester56.com\\\/velo\\\/grand-prix-cycliste-de-la-ville-de-lanester-2017-classement\\\/#respond\"]}]},{\"@type\":\"WebPage\",\"@id\":\"https:\\\/\\\/www.aclanester56.com\\\/velo\\\/grand-prix-cycliste-de-la-ville-de-lanester-2017-classement\\\/\",\"url\":\"https:\\\/\\\/www.aclanester56.com\\\/velo\\\/grand-prix-cycliste-de-la-ville-de-lanester-2017-classement\\\/\",\"name\":\"Grand Prix Cycliste de la Ville de Lanester 2017 : classement - Avenir Cycliste Lanester 56\",\"isPartOf\":{\"@id\":\"https:\\\/\\\/www.aclanester56.com\\\/velo\\\/#website\"},\"primaryImageOfPage\":{\"@id\":\"https:\\\/\\\/www.aclanester56.com\\\/velo\\\/grand-prix-cycliste-de-la-ville-de-lanester-2017-classement\\\/#primaryimage\"},\"image\":{\"@id\":\"https:\\\/\\\/www.aclanester56.com\\\/velo\\\/grand-prix-cycliste-de-la-ville-de-lanester-2017-classement\\\/#primaryimage\"},\"thumbnailUrl\":\"https:\\\/\\\/www.aclanester56.com\\\/velo\\\/wp-content\\\/uploads\\\/2017\\\/06\\\/FB_IMG_1498720051735-Copie.jpg\",\"datePublished\":\"2017-06-29T07:15:15+00:00\",\"inLanguage\":\"fr-FR\",\"potentialAction\":[{\"@type\":\"ReadAction\",\"target\":[\"https:\\\/\\\/www.aclanester56.com\\\/velo\\\/grand-prix-cycliste-de-la-ville-de-lanester-2017-classement\\\/\"]}]},{\"@type\":\"ImageObject\",\"inLanguage\":\"fr-FR\",\"@id\":\"https:\\\/\\\/www.aclanester56.com\\\/velo\\\/grand-prix-cycliste-de-la-ville-de-lanester-2017-classement\\\/#primaryimage\",\"url\":\"https:\\\/\\\/www.aclanester56.com\\\/velo\\\/wp-content\\\/uploads\\\/2017\\\/06\\\/FB_IMG_1498720051735-Copie.jpg\",\"contentUrl\":\"https:\\\/\\\/www.aclanester56.com\\\/velo\\\/wp-content\\\/uploads\\\/2017\\\/06\\\/FB_IMG_1498720051735-Copie.jpg\",\"width\":880,\"height\":450},{\"@type\":\"WebSite\",\"@id\":\"https:\\\/\\\/www.aclanester56.com\\\/velo\\\/#website\",\"url\":\"https:\\\/\\\/www.aclanester56.com\\\/velo\\\/\",\"name\":\"Avenir Cycliste Lanester 56\",\"description\":\"Club cycliste de l&#039;AC LANESTER 56\",\"publisher\":{\"@id\":\"https:\\\/\\\/www.aclanester56.com\\\/velo\\\/#organization\"},\"potentialAction\":[{\"@type\":\"SearchAction\",\"target\":{\"@type\":\"EntryPoint\",\"urlTemplate\":\"https:\\\/\\\/www.aclanester56.com\\\/velo\\\/?s={search_term_string}\"},\"query-input\":{\"@type\":\"PropertyValueSpecification\",\"valueRequired\":true,\"valueName\":\"search_term_string\"}}],\"inLanguage\":\"fr-FR\"},{\"@type\":\"Organization\",\"@id\":\"https:\\\/\\\/www.aclanester56.com\\\/velo\\\/#organization\",\"name\":\"Avenir Cycliste Lanester 56\",\"url\":\"https:\\\/\\\/www.aclanester56.com\\\/velo\\\/\",\"logo\":{\"@type\":\"ImageObject\",\"inLanguage\":\"fr-FR\",\"@id\":\"https:\\\/\\\/www.aclanester56.com\\\/velo\\\/#\\\/schema\\\/logo\\\/image\\\/\",\"url\":\"https:\\\/\\\/www.aclanester56.com\\\/velo\\\/wp-content\\\/uploads\\\/2013\\\/04\\\/logo-ACL.jpg\",\"contentUrl\":\"https:\\\/\\\/www.aclanester56.com\\\/velo\\\/wp-content\\\/uploads\\\/2013\\\/04\\\/logo-ACL.jpg\",\"width\":400,\"height\":334,\"caption\":\"Avenir Cycliste Lanester 56\"},\"image\":{\"@id\":\"https:\\\/\\\/www.aclanester56.com\\\/velo\\\/#\\\/schema\\\/logo\\\/image\\\/\"},\"sameAs\":[\"https:\\\/\\\/www.facebook.com\\\/pages\\\/AC-Lanester-56\\\/190286300991242?fref=ts\"]},{\"@type\":\"Person\",\"@id\":\"https:\\\/\\\/www.aclanester56.com\\\/velo\\\/#\\\/schema\\\/person\\\/ca2a44a5fd969e9dd846c72d3b33bc01\",\"name\":\"Jean-Christophe\",\"url\":\"https:\\\/\\\/www.aclanester56.com\\\/velo\\\/author\\\/jeanchristophe\\\/\"}]}<\/script>\n<!-- \/ Yoast SEO plugin. -->","yoast_head_json":{"title":"Grand Prix Cycliste de la Ville de Lanester 2017 : classement - Avenir Cycliste Lanester 56","robots":{"index":"index","follow":"follow","max-snippet":"max-snippet:-1","max-image-preview":"max-image-preview:large","max-video-preview":"max-video-preview:-1"},"canonical":"https:\/\/www.aclanester56.com\/velo\/grand-prix-cycliste-de-la-ville-de-lanester-2017-classement\/","og_locale":"fr_FR","og_type":"article","og_title":"Grand Prix Cycliste de la Ville de Lanester 2017 : classement - Avenir Cycliste Lanester 56","og_url":"https:\/\/www.aclanester56.com\/velo\/grand-prix-cycliste-de-la-ville-de-lanester-2017-classement\/","og_site_name":"Avenir Cycliste Lanester 56","article_publisher":"https:\/\/www.facebook.com\/pages\/AC-Lanester-56\/190286300991242?fref=ts","article_published_time":"2017-06-29T07:15:15+00:00","og_image":[{"width":880,"height":450,"url":"https:\/\/www.aclanester56.com\/velo\/wp-content\/uploads\/2017\/06\/FB_IMG_1498720051735-Copie.jpg","type":"image\/jpeg"}],"author":"Jean-Christophe","twitter_misc":{"\u00c9crit par":"Jean-Christophe","Dur\u00e9e de lecture estim\u00e9e":"2 minutes"},"schema":{"@context":"https:\/\/schema.org","@graph":[{"@type":"Article","@id":"https:\/\/www.aclanester56.com\/velo\/grand-prix-cycliste-de-la-ville-de-lanester-2017-classement\/#article","isPartOf":{"@id":"https:\/\/www.aclanester56.com\/velo\/grand-prix-cycliste-de-la-ville-de-lanester-2017-classement\/"},"author":{"name":"Jean-Christophe","@id":"https:\/\/www.aclanester56.com\/velo\/#\/schema\/person\/ca2a44a5fd969e9dd846c72d3b33bc01"},"headline":"Grand Prix Cycliste de la Ville de Lanester 2017 : classement","datePublished":"2017-06-29T07:15:15+00:00","mainEntityOfPage":{"@id":"https:\/\/www.aclanester56.com\/velo\/grand-prix-cycliste-de-la-ville-de-lanester-2017-classement\/"},"wordCount":465,"commentCount":1,"publisher":{"@id":"https:\/\/www.aclanester56.com\/velo\/#organization"},"image":{"@id":"https:\/\/www.aclanester56.com\/velo\/grand-prix-cycliste-de-la-ville-de-lanester-2017-classement\/#primaryimage"},"thumbnailUrl":"https:\/\/www.aclanester56.com\/velo\/wp-content\/uploads\/2017\/06\/FB_IMG_1498720051735-Copie.jpg","articleSection":["AC LANESTER 56"],"inLanguage":"fr-FR","potentialAction":[{"@type":"CommentAction","name":"Comment","target":["https:\/\/www.aclanester56.com\/velo\/grand-prix-cycliste-de-la-ville-de-lanester-2017-classement\/#respond"]}]},{"@type":"WebPage","@id":"https:\/\/www.aclanester56.com\/velo\/grand-prix-cycliste-de-la-ville-de-lanester-2017-classement\/","url":"https:\/\/www.aclanester56.com\/velo\/grand-prix-cycliste-de-la-ville-de-lanester-2017-classement\/","name":"Grand Prix Cycliste de la Ville de Lanester 2017 : classement - Avenir Cycliste Lanester 56","isPartOf":{"@id":"https:\/\/www.aclanester56.com\/velo\/#website"},"primaryImageOfPage":{"@id":"https:\/\/www.aclanester56.com\/velo\/grand-prix-cycliste-de-la-ville-de-lanester-2017-classement\/#primaryimage"},"image":{"@id":"https:\/\/www.aclanester56.com\/velo\/grand-prix-cycliste-de-la-ville-de-lanester-2017-classement\/#primaryimage"},"thumbnailUrl":"https:\/\/www.aclanester56.com\/velo\/wp-content\/uploads\/2017\/06\/FB_IMG_1498720051735-Copie.jpg","datePublished":"2017-06-29T07:15:15+00:00","inLanguage":"fr-FR","potentialAction":[{"@type":"ReadAction","target":["https:\/\/www.aclanester56.com\/velo\/grand-prix-cycliste-de-la-ville-de-lanester-2017-classement\/"]}]},{"@type":"ImageObject","inLanguage":"fr-FR","@id":"https:\/\/www.aclanester56.com\/velo\/grand-prix-cycliste-de-la-ville-de-lanester-2017-classement\/#primaryimage","url":"https:\/\/www.aclanester56.com\/velo\/wp-content\/uploads\/2017\/06\/FB_IMG_1498720051735-Copie.jpg","contentUrl":"https:\/\/www.aclanester56.com\/velo\/wp-content\/uploads\/2017\/06\/FB_IMG_1498720051735-Copie.jpg","width":880,"height":450},{"@type":"WebSite","@id":"https:\/\/www.aclanester56.com\/velo\/#website","url":"https:\/\/www.aclanester56.com\/velo\/","name":"Avenir Cycliste Lanester 56","description":"Club cycliste de l&#039;AC LANESTER 56","publisher":{"@id":"https:\/\/www.aclanester56.com\/velo\/#organization"},"potentialAction":[{"@type":"SearchAction","target":{"@type":"EntryPoint","urlTemplate":"https:\/\/www.aclanester56.com\/velo\/?s={search_term_string}"},"query-input":{"@type":"PropertyValueSpecification","valueRequired":true,"valueName":"search_term_string"}}],"inLanguage":"fr-FR"},{"@type":"Organization","@id":"https:\/\/www.aclanester56.com\/velo\/#organization","name":"Avenir Cycliste Lanester 56","url":"https:\/\/www.aclanester56.com\/velo\/","logo":{"@type":"ImageObject","inLanguage":"fr-FR","@id":"https:\/\/www.aclanester56.com\/velo\/#\/schema\/logo\/image\/","url":"https:\/\/www.aclanester56.com\/velo\/wp-content\/uploads\/2013\/04\/logo-ACL.jpg","contentUrl":"https:\/\/www.aclanester56.com\/velo\/wp-content\/uploads\/2013\/04\/logo-ACL.jpg","width":400,"height":334,"caption":"Avenir Cycliste Lanester 56"},"image":{"@id":"https:\/\/www.aclanester56.com\/velo\/#\/schema\/logo\/image\/"},"sameAs":["https:\/\/www.facebook.com\/pages\/AC-Lanester-56\/190286300991242?fref=ts"]},{"@type":"Person","@id":"https:\/\/www.aclanester56.com\/velo\/#\/schema\/person\/ca2a44a5fd969e9dd846c72d3b33bc01","name":"Jean-Christophe","url":"https:\/\/www.aclanester56.com\/velo\/author\/jeanchristophe\/"}]}},"_links":{"self":[{"href":"https:\/\/www.aclanester56.com\/velo\/wp-json\/wp\/v2\/posts\/35261","targetHints":{"allow":["GET"]}}],"collection":[{"href":"https:\/\/www.aclanester56.com\/velo\/wp-json\/wp\/v2\/posts"}],"about":[{"href":"https:\/\/www.aclanester56.com\/velo\/wp-json\/wp\/v2\/types\/post"}],"author":[{"embeddable":true,"href":"https:\/\/www.aclanester56.com\/velo\/wp-json\/wp\/v2\/users\/14"}],"replies":[{"embeddable":true,"href":"https:\/\/www.aclanester56.com\/velo\/wp-json\/wp\/v2\/comments?post=35261"}],"version-history":[{"count":1,"href":"https:\/\/www.aclanester56.com\/velo\/wp-json\/wp\/v2\/posts\/35261\/revisions"}],"predecessor-version":[{"id":35264,"href":"https:\/\/www.aclanester56.com\/velo\/wp-json\/wp\/v2\/posts\/35261\/revisions\/35264"}],"wp:featuredmedia":[{"embeddable":true,"href":"https:\/\/www.aclanester56.com\/velo\/wp-json\/wp\/v2\/media\/35263"}],"wp:attachment":[{"href":"https:\/\/www.aclanester56.com\/velo\/wp-json\/wp\/v2\/media?parent=35261"}],"wp:term":[{"taxonomy":"category","embeddable":true,"href":"https:\/\/www.aclanester56.com\/velo\/wp-json\/wp\/v2\/categories?post=35261"},{"taxonomy":"post_tag","embeddable":true,"href":"https:\/\/www.aclanester56.com\/velo\/wp-json\/wp\/v2\/tags?post=35261"}],"curies":[{"name":"wp","href":"https:\/\/api.w.org\/{rel}","templated":true}]}}