{"id":3565,"date":"2010-08-06T08:32:51","date_gmt":"2010-08-06T07:32:51","guid":{"rendered":"http:\/\/www.aclanester56.com\/velo\/?p=3565"},"modified":"2010-08-06T08:37:12","modified_gmt":"2010-08-06T07:37:12","slug":"grand-prix-du-port-de-peche-a-lorient","status":"publish","type":"post","link":"https:\/\/www.aclanester56.com\/velo\/grand-prix-du-port-de-peche-a-lorient\/","title":{"rendered":"Grand-Prix du Port de p\u00eache \u00e0 Lorient"},"content":{"rendered":"<p>Le traditionnel Grand Prix du Port de p\u00eache de Lorient -Souvenir Xavier Louarne s&rsquo;est d\u00e9roul\u00e9 hier soir, en pr\u00e9lude \u00e0 l&rsquo;ouverture du Festival Interceltique. Cette course \u00e9tait r\u00e9serv\u00e9e aux coureurs \u00e9lite Open, 1\u00e8re &amp; 2\u00e8me cat\u00e9gorie et s&rsquo;est disput\u00e9e sur une distance de 95.7 kms, en semi-nocturne, sur un circuit extr\u00eamement roulant.<\/p>\n<p><!--more--><\/p>\n<p><br class=\"spacer_\" \/><\/p>\n<p>Suite \u00e0 une chute survenue au 3\u00e8me tour, treize hommes se d\u00e9tachaient. Le \u00ab\u00a0grand-breton\u00a0\u00bb Alastair CARR (AC Lanester 56), qui revient d\u00e9cid\u00e9ment en bonne forme apr\u00e8s son accident de ski cet hiver, a r\u00e9ussi \u00e0 accrocher le bon wagon. A noter que Matthieu BOULO, professionnel chez Roubaix-Lille-M\u00e9tropole, mais toujours licenci\u00e9 \u00e0 l&rsquo;AC Lanester 56, faisait \u00e9galement partie de la bonne \u00e9chapp\u00e9e. A l&rsquo;arriv\u00e9e, c&rsquo;est le costarmoricain M. LE MONTAGNER qui l&#8217;emportait au sprint devant le polonais P. ZIELINSKI et le pontivyen S. LE VESSIER.<\/p>\n<p><br class=\"spacer_\" \/><\/p>\n<p><strong><span style=\"text-decoration: underline\">Classement :<\/span><\/strong><\/p>\n<p>1\u00a0\u00a0LE MONTAGNER Maxime (Cotes d&rsquo;Armor &#8211; Marie Morin)<br \/>\n 2\u00a0\u00a0ZIELINSKI Piotr (Velo Club Pays de Lorient)<br \/>\n 3\u00a0\u00a0LE VESSIER Steven (VC Pontivyen)<br \/>\n 4\u00a0HALLEGUEN Mathieu (Bretagne Schuller)<br \/>\n 5\u00a0\u00a0BERET Lionel (VC Pontivyen)<br \/>\n 6\u00a0\u00a0SIMON Gwena\u00ebl (BIC 2000)<br \/>\n 7\u00a0\u00a0PINOT Romain (BIC 2000)<br \/>\n 8\u00a0\u00a0LORIC J\u00e9r\u00e9my (Hennebont Cyclisme)<br \/>\n 9\u00a0\u00a0LE MONTAGNER Benjamin (UC Briochine)<br \/>\n <span style=\"background-color: #ff6600\">10\u00a0\u00a0CARR Alastair (AC LANESTER 56)<\/span><br \/>\n 13\u00a0BOULO Matthieu (Roubaix Lille M\u00e9tropole)<\/p>\n<p><br class=\"spacer_\" \/><\/p>\n","protected":false},"excerpt":{"rendered":"<p>Le traditionnel Grand Prix du Port de p\u00eache de Lorient -Souvenir Xavier Louarne s&rsquo;est d\u00e9roul\u00e9 hier soir, en pr\u00e9lude \u00e0 [&hellip;]<\/p>\n","protected":false},"author":14,"featured_media":0,"comment_status":"open","ping_status":"open","sticky":false,"template":"","format":"standard","meta":{"ngg_post_thumbnail":0,"footnotes":""},"categories":[5],"tags":[],"class_list":["post-3565","post","type-post","status-publish","format-standard","hentry","category-ac-lanester-56"],"yoast_head":"<!-- This site is optimized with the Yoast SEO plugin v27.4 - https:\/\/yoast.com\/product\/yoast-seo-wordpress\/ -->\n<title>Grand-Prix du Port de p\u00eache \u00e0 Lorient - Avenir Cycliste Lanester 56<\/title>\n<meta name=\"robots\" content=\"index, follow, max-snippet:-1, max-image-preview:large, max-video-preview:-1\" \/>\n<link rel=\"canonical\" href=\"https:\/\/www.aclanester56.com\/velo\/grand-prix-du-port-de-peche-a-lorient\/\" \/>\n<meta property=\"og:locale\" content=\"fr_FR\" \/>\n<meta property=\"og:type\" content=\"article\" \/>\n<meta property=\"og:title\" content=\"Grand-Prix du Port de p\u00eache \u00e0 Lorient - Avenir Cycliste Lanester 56\" \/>\n<meta property=\"og:description\" content=\"Le traditionnel Grand Prix du Port de p\u00eache de Lorient -Souvenir Xavier Louarne s&rsquo;est d\u00e9roul\u00e9 hier soir, en pr\u00e9lude \u00e0 [&hellip;]\" \/>\n<meta property=\"og:url\" content=\"https:\/\/www.aclanester56.com\/velo\/grand-prix-du-port-de-peche-a-lorient\/\" \/>\n<meta property=\"og:site_name\" content=\"Avenir Cycliste Lanester 56\" \/>\n<meta property=\"article:publisher\" content=\"https:\/\/www.facebook.com\/pages\/AC-Lanester-56\/190286300991242?fref=ts\" \/>\n<meta property=\"article:published_time\" content=\"2010-08-06T07:32:51+00:00\" \/>\n<meta property=\"article:modified_time\" content=\"2010-08-06T07:37:12+00:00\" \/>\n<meta name=\"author\" content=\"Jean-Christophe\" \/>\n<meta name=\"twitter:label1\" content=\"\u00c9crit par\" \/>\n\t<meta name=\"twitter:data1\" content=\"Jean-Christophe\" \/>\n\t<meta name=\"twitter:label2\" content=\"Dur\u00e9e de lecture estim\u00e9e\" \/>\n\t<meta name=\"twitter:data2\" content=\"1 minute\" \/>\n<script type=\"application\/ld+json\" class=\"yoast-schema-graph\">{\"@context\":\"https:\\\/\\\/schema.org\",\"@graph\":[{\"@type\":\"Article\",\"@id\":\"https:\\\/\\\/www.aclanester56.com\\\/velo\\\/grand-prix-du-port-de-peche-a-lorient\\\/#article\",\"isPartOf\":{\"@id\":\"https:\\\/\\\/www.aclanester56.com\\\/velo\\\/grand-prix-du-port-de-peche-a-lorient\\\/\"},\"author\":{\"name\":\"Jean-Christophe\",\"@id\":\"https:\\\/\\\/www.aclanester56.com\\\/velo\\\/#\\\/schema\\\/person\\\/ca2a44a5fd969e9dd846c72d3b33bc01\"},\"headline\":\"Grand-Prix du Port de p\u00eache \u00e0 Lorient\",\"datePublished\":\"2010-08-06T07:32:51+00:00\",\"dateModified\":\"2010-08-06T07:37:12+00:00\",\"mainEntityOfPage\":{\"@id\":\"https:\\\/\\\/www.aclanester56.com\\\/velo\\\/grand-prix-du-port-de-peche-a-lorient\\\/\"},\"wordCount\":209,\"commentCount\":0,\"publisher\":{\"@id\":\"https:\\\/\\\/www.aclanester56.com\\\/velo\\\/#organization\"},\"articleSection\":[\"AC LANESTER 56\"],\"inLanguage\":\"fr-FR\",\"potentialAction\":[{\"@type\":\"CommentAction\",\"name\":\"Comment\",\"target\":[\"https:\\\/\\\/www.aclanester56.com\\\/velo\\\/grand-prix-du-port-de-peche-a-lorient\\\/#respond\"]}]},{\"@type\":\"WebPage\",\"@id\":\"https:\\\/\\\/www.aclanester56.com\\\/velo\\\/grand-prix-du-port-de-peche-a-lorient\\\/\",\"url\":\"https:\\\/\\\/www.aclanester56.com\\\/velo\\\/grand-prix-du-port-de-peche-a-lorient\\\/\",\"name\":\"Grand-Prix du Port de p\u00eache \u00e0 Lorient - Avenir Cycliste Lanester 56\",\"isPartOf\":{\"@id\":\"https:\\\/\\\/www.aclanester56.com\\\/velo\\\/#website\"},\"datePublished\":\"2010-08-06T07:32:51+00:00\",\"dateModified\":\"2010-08-06T07:37:12+00:00\",\"inLanguage\":\"fr-FR\",\"potentialAction\":[{\"@type\":\"ReadAction\",\"target\":[\"https:\\\/\\\/www.aclanester56.com\\\/velo\\\/grand-prix-du-port-de-peche-a-lorient\\\/\"]}]},{\"@type\":\"WebSite\",\"@id\":\"https:\\\/\\\/www.aclanester56.com\\\/velo\\\/#website\",\"url\":\"https:\\\/\\\/www.aclanester56.com\\\/velo\\\/\",\"name\":\"Avenir Cycliste Lanester 56\",\"description\":\"Club cycliste de l&#039;AC LANESTER 56\",\"publisher\":{\"@id\":\"https:\\\/\\\/www.aclanester56.com\\\/velo\\\/#organization\"},\"potentialAction\":[{\"@type\":\"SearchAction\",\"target\":{\"@type\":\"EntryPoint\",\"urlTemplate\":\"https:\\\/\\\/www.aclanester56.com\\\/velo\\\/?s={search_term_string}\"},\"query-input\":{\"@type\":\"PropertyValueSpecification\",\"valueRequired\":true,\"valueName\":\"search_term_string\"}}],\"inLanguage\":\"fr-FR\"},{\"@type\":\"Organization\",\"@id\":\"https:\\\/\\\/www.aclanester56.com\\\/velo\\\/#organization\",\"name\":\"Avenir Cycliste Lanester 56\",\"url\":\"https:\\\/\\\/www.aclanester56.com\\\/velo\\\/\",\"logo\":{\"@type\":\"ImageObject\",\"inLanguage\":\"fr-FR\",\"@id\":\"https:\\\/\\\/www.aclanester56.com\\\/velo\\\/#\\\/schema\\\/logo\\\/image\\\/\",\"url\":\"https:\\\/\\\/www.aclanester56.com\\\/velo\\\/wp-content\\\/uploads\\\/2013\\\/04\\\/logo-ACL.jpg\",\"contentUrl\":\"https:\\\/\\\/www.aclanester56.com\\\/velo\\\/wp-content\\\/uploads\\\/2013\\\/04\\\/logo-ACL.jpg\",\"width\":400,\"height\":334,\"caption\":\"Avenir Cycliste Lanester 56\"},\"image\":{\"@id\":\"https:\\\/\\\/www.aclanester56.com\\\/velo\\\/#\\\/schema\\\/logo\\\/image\\\/\"},\"sameAs\":[\"https:\\\/\\\/www.facebook.com\\\/pages\\\/AC-Lanester-56\\\/190286300991242?fref=ts\"]},{\"@type\":\"Person\",\"@id\":\"https:\\\/\\\/www.aclanester56.com\\\/velo\\\/#\\\/schema\\\/person\\\/ca2a44a5fd969e9dd846c72d3b33bc01\",\"name\":\"Jean-Christophe\",\"url\":\"https:\\\/\\\/www.aclanester56.com\\\/velo\\\/author\\\/jeanchristophe\\\/\"}]}<\/script>\n<!-- \/ Yoast SEO plugin. -->","yoast_head_json":{"title":"Grand-Prix du Port de p\u00eache \u00e0 Lorient - Avenir Cycliste Lanester 56","robots":{"index":"index","follow":"follow","max-snippet":"max-snippet:-1","max-image-preview":"max-image-preview:large","max-video-preview":"max-video-preview:-1"},"canonical":"https:\/\/www.aclanester56.com\/velo\/grand-prix-du-port-de-peche-a-lorient\/","og_locale":"fr_FR","og_type":"article","og_title":"Grand-Prix du Port de p\u00eache \u00e0 Lorient - Avenir Cycliste Lanester 56","og_description":"Le traditionnel Grand Prix du Port de p\u00eache de Lorient -Souvenir Xavier Louarne s&rsquo;est d\u00e9roul\u00e9 hier soir, en pr\u00e9lude \u00e0 [&hellip;]","og_url":"https:\/\/www.aclanester56.com\/velo\/grand-prix-du-port-de-peche-a-lorient\/","og_site_name":"Avenir Cycliste Lanester 56","article_publisher":"https:\/\/www.facebook.com\/pages\/AC-Lanester-56\/190286300991242?fref=ts","article_published_time":"2010-08-06T07:32:51+00:00","article_modified_time":"2010-08-06T07:37:12+00:00","author":"Jean-Christophe","twitter_misc":{"\u00c9crit par":"Jean-Christophe","Dur\u00e9e de lecture estim\u00e9e":"1 minute"},"schema":{"@context":"https:\/\/schema.org","@graph":[{"@type":"Article","@id":"https:\/\/www.aclanester56.com\/velo\/grand-prix-du-port-de-peche-a-lorient\/#article","isPartOf":{"@id":"https:\/\/www.aclanester56.com\/velo\/grand-prix-du-port-de-peche-a-lorient\/"},"author":{"name":"Jean-Christophe","@id":"https:\/\/www.aclanester56.com\/velo\/#\/schema\/person\/ca2a44a5fd969e9dd846c72d3b33bc01"},"headline":"Grand-Prix du Port de p\u00eache \u00e0 Lorient","datePublished":"2010-08-06T07:32:51+00:00","dateModified":"2010-08-06T07:37:12+00:00","mainEntityOfPage":{"@id":"https:\/\/www.aclanester56.com\/velo\/grand-prix-du-port-de-peche-a-lorient\/"},"wordCount":209,"commentCount":0,"publisher":{"@id":"https:\/\/www.aclanester56.com\/velo\/#organization"},"articleSection":["AC LANESTER 56"],"inLanguage":"fr-FR","potentialAction":[{"@type":"CommentAction","name":"Comment","target":["https:\/\/www.aclanester56.com\/velo\/grand-prix-du-port-de-peche-a-lorient\/#respond"]}]},{"@type":"WebPage","@id":"https:\/\/www.aclanester56.com\/velo\/grand-prix-du-port-de-peche-a-lorient\/","url":"https:\/\/www.aclanester56.com\/velo\/grand-prix-du-port-de-peche-a-lorient\/","name":"Grand-Prix du Port de p\u00eache \u00e0 Lorient - Avenir Cycliste Lanester 56","isPartOf":{"@id":"https:\/\/www.aclanester56.com\/velo\/#website"},"datePublished":"2010-08-06T07:32:51+00:00","dateModified":"2010-08-06T07:37:12+00:00","inLanguage":"fr-FR","potentialAction":[{"@type":"ReadAction","target":["https:\/\/www.aclanester56.com\/velo\/grand-prix-du-port-de-peche-a-lorient\/"]}]},{"@type":"WebSite","@id":"https:\/\/www.aclanester56.com\/velo\/#website","url":"https:\/\/www.aclanester56.com\/velo\/","name":"Avenir Cycliste Lanester 56","description":"Club cycliste de l&#039;AC LANESTER 56","publisher":{"@id":"https:\/\/www.aclanester56.com\/velo\/#organization"},"potentialAction":[{"@type":"SearchAction","target":{"@type":"EntryPoint","urlTemplate":"https:\/\/www.aclanester56.com\/velo\/?s={search_term_string}"},"query-input":{"@type":"PropertyValueSpecification","valueRequired":true,"valueName":"search_term_string"}}],"inLanguage":"fr-FR"},{"@type":"Organization","@id":"https:\/\/www.aclanester56.com\/velo\/#organization","name":"Avenir Cycliste Lanester 56","url":"https:\/\/www.aclanester56.com\/velo\/","logo":{"@type":"ImageObject","inLanguage":"fr-FR","@id":"https:\/\/www.aclanester56.com\/velo\/#\/schema\/logo\/image\/","url":"https:\/\/www.aclanester56.com\/velo\/wp-content\/uploads\/2013\/04\/logo-ACL.jpg","contentUrl":"https:\/\/www.aclanester56.com\/velo\/wp-content\/uploads\/2013\/04\/logo-ACL.jpg","width":400,"height":334,"caption":"Avenir Cycliste Lanester 56"},"image":{"@id":"https:\/\/www.aclanester56.com\/velo\/#\/schema\/logo\/image\/"},"sameAs":["https:\/\/www.facebook.com\/pages\/AC-Lanester-56\/190286300991242?fref=ts"]},{"@type":"Person","@id":"https:\/\/www.aclanester56.com\/velo\/#\/schema\/person\/ca2a44a5fd969e9dd846c72d3b33bc01","name":"Jean-Christophe","url":"https:\/\/www.aclanester56.com\/velo\/author\/jeanchristophe\/"}]}},"_links":{"self":[{"href":"https:\/\/www.aclanester56.com\/velo\/wp-json\/wp\/v2\/posts\/3565","targetHints":{"allow":["GET"]}}],"collection":[{"href":"https:\/\/www.aclanester56.com\/velo\/wp-json\/wp\/v2\/posts"}],"about":[{"href":"https:\/\/www.aclanester56.com\/velo\/wp-json\/wp\/v2\/types\/post"}],"author":[{"embeddable":true,"href":"https:\/\/www.aclanester56.com\/velo\/wp-json\/wp\/v2\/users\/14"}],"replies":[{"embeddable":true,"href":"https:\/\/www.aclanester56.com\/velo\/wp-json\/wp\/v2\/comments?post=3565"}],"version-history":[{"count":0,"href":"https:\/\/www.aclanester56.com\/velo\/wp-json\/wp\/v2\/posts\/3565\/revisions"}],"wp:attachment":[{"href":"https:\/\/www.aclanester56.com\/velo\/wp-json\/wp\/v2\/media?parent=3565"}],"wp:term":[{"taxonomy":"category","embeddable":true,"href":"https:\/\/www.aclanester56.com\/velo\/wp-json\/wp\/v2\/categories?post=3565"},{"taxonomy":"post_tag","embeddable":true,"href":"https:\/\/www.aclanester56.com\/velo\/wp-json\/wp\/v2\/tags?post=3565"}],"curies":[{"name":"wp","href":"https:\/\/api.w.org\/{rel}","templated":true}]}}