{"id":3592,"date":"2010-08-09T08:44:53","date_gmt":"2010-08-09T07:44:53","guid":{"rendered":"http:\/\/www.aclanester56.com\/velo\/?p=3592"},"modified":"2010-08-09T08:48:44","modified_gmt":"2010-08-09T07:48:44","slug":"grand-prix-de-la-saint-laurent-juniors-a-montpinchon","status":"publish","type":"post","link":"https:\/\/www.aclanester56.com\/velo\/grand-prix-de-la-saint-laurent-juniors-a-montpinchon\/","title":{"rendered":"Grand Prix de la Saint Laurent Juniors \u00e0 Montpinchon"},"content":{"rendered":"<p>Apr\u00e8s la course espoirs disput\u00e9e samedi \u00e0 Montpinchon (Manche) et le formidable succ\u00e8s du lanest\u00e9rien Warren Barguil, place aux juniors ce dimanche qui avaient \u00e0 parcourir 109.6 kms du tr\u00e8s difficile circuit normand.<\/p>\n<p><!--more--><\/p>\n<p><br class=\"spacer_\" \/><\/p>\n<p>Sur les tr\u00e8s rudes pentes du circuit, notre \u00a0rouleur lanest\u00e9rien Thomas LE BOUCHER a montr\u00e9 les grosses capacit\u00e9s dont il dispose en terminant \u00e0 une belle 12\u00e8me place dans un contexte relev\u00e9. Anthony MIRA, qui termine au passage 2\u00e8me du classement du meilleur grimpeur, figure \u00e9galement dans le top 20. Heimrick SIBY, junior 1, termine 58\u00e8me et a surtout emmagasin\u00e9 une bonne exp\u00e9rience pour la prochaine saison.<\/p>\n<p><br class=\"spacer_\" \/><\/p>\n<p><span style=\"text-decoration: underline\"><strong>Classement :<\/strong><\/span><\/p>\n<p>1\u00a0GOUGEARD\u00a0Alexis (USSA PAVILLY BARENTIN) J1\u00a0les 109,6 km en 2h49&rsquo;05\u00a0\u00bb<br \/>\n2\u00a0BRIARD\u00a0Etienne (UC NANTES ATLANTIQUE) J2\u00a0<br \/>\n3\u00a0COLAS\u00a0Vincent (SEL COTES D&rsquo;ARMOR) J2\u00a0<br \/>\n4\u00a0DELAPLACE\u00a0C\u00e9dric (AS TOURLAVILLE) J2\u00a0<br \/>\n5\u00a0LE LAVANDIER\u00a0Mathieu (SEL MORBIHAN) J2\u00a0<br \/>\n6\u00a0QUESNEL\u00a0Amaury (UC NANTES ATLANTIQUE) J2\u00a0<br \/>\n7\u00a0RIOU\u00a0Nicolas (SEL SARTHE) J1\u00a0<br \/>\n8\u00a0HARDY\u00a0Ronan (SEL SARTHE) J2\u00a0<br \/>\n9\u00a0GUILLAUMOT\u00a0Quentin (SEL COTES D&rsquo;ARMOR) J2\u00a0<br \/>\n10\u00a0THEVENOT\u00a0Guillaume (EC CH\u00c2TEAU D&rsquo;OLONNES) J1\u00a0<br \/>\n<span style=\"background-color: #ff6600\">12\u00a0LE BOUCHER\u00a0Thomas (AC LANESTER 56) J2 <\/span><br \/>\n<span style=\"background-color: #ff6600\">20\u00a0MIRA\u00a0Anthony (AC LANESTER 56) J2 <\/span><br \/>\n<span style=\"background-color: #ff6600\">58\u00a0SIBY\u00a0Heimrick (AC LANESTER 56) J1<\/span><\/p>\n<p><br class=\"spacer_\" \/><\/p>\n","protected":false},"excerpt":{"rendered":"<p>Apr\u00e8s la course espoirs disput\u00e9e samedi \u00e0 Montpinchon (Manche) et le formidable succ\u00e8s du lanest\u00e9rien Warren Barguil, place aux juniors [&hellip;]<\/p>\n","protected":false},"author":14,"featured_media":0,"comment_status":"open","ping_status":"open","sticky":false,"template":"","format":"standard","meta":{"ngg_post_thumbnail":0,"footnotes":""},"categories":[5,16,21],"tags":[],"class_list":["post-3592","post","type-post","status-publish","format-standard","hentry","category-ac-lanester-56","category-resultats","category-resultats-juniors"],"yoast_head":"<!-- This site is optimized with the Yoast SEO plugin v27.5 - https:\/\/yoast.com\/product\/yoast-seo-wordpress\/ -->\n<title>Grand Prix de la Saint Laurent Juniors \u00e0 Montpinchon - Avenir Cycliste Lanester 56<\/title>\n<meta name=\"robots\" content=\"index, follow, max-snippet:-1, max-image-preview:large, max-video-preview:-1\" \/>\n<link rel=\"canonical\" href=\"https:\/\/www.aclanester56.com\/velo\/grand-prix-de-la-saint-laurent-juniors-a-montpinchon\/\" \/>\n<meta property=\"og:locale\" content=\"fr_FR\" \/>\n<meta property=\"og:type\" content=\"article\" \/>\n<meta property=\"og:title\" content=\"Grand Prix de la Saint Laurent Juniors \u00e0 Montpinchon - Avenir Cycliste Lanester 56\" \/>\n<meta property=\"og:description\" content=\"Apr\u00e8s la course espoirs disput\u00e9e samedi \u00e0 Montpinchon (Manche) et le formidable succ\u00e8s du lanest\u00e9rien Warren Barguil, place aux juniors [&hellip;]\" \/>\n<meta property=\"og:url\" content=\"https:\/\/www.aclanester56.com\/velo\/grand-prix-de-la-saint-laurent-juniors-a-montpinchon\/\" \/>\n<meta property=\"og:site_name\" content=\"Avenir Cycliste Lanester 56\" \/>\n<meta property=\"article:publisher\" content=\"https:\/\/www.facebook.com\/pages\/AC-Lanester-56\/190286300991242?fref=ts\" \/>\n<meta property=\"article:published_time\" content=\"2010-08-09T07:44:53+00:00\" \/>\n<meta property=\"article:modified_time\" content=\"2010-08-09T07:48:44+00:00\" \/>\n<meta name=\"author\" content=\"Jean-Christophe\" \/>\n<meta name=\"twitter:label1\" content=\"\u00c9crit par\" \/>\n\t<meta name=\"twitter:data1\" content=\"Jean-Christophe\" \/>\n\t<meta name=\"twitter:label2\" content=\"Dur\u00e9e de lecture estim\u00e9e\" \/>\n\t<meta name=\"twitter:data2\" content=\"1 minute\" \/>\n<script type=\"application\/ld+json\" class=\"yoast-schema-graph\">{\"@context\":\"https:\\\/\\\/schema.org\",\"@graph\":[{\"@type\":\"Article\",\"@id\":\"https:\\\/\\\/www.aclanester56.com\\\/velo\\\/grand-prix-de-la-saint-laurent-juniors-a-montpinchon\\\/#article\",\"isPartOf\":{\"@id\":\"https:\\\/\\\/www.aclanester56.com\\\/velo\\\/grand-prix-de-la-saint-laurent-juniors-a-montpinchon\\\/\"},\"author\":{\"name\":\"Jean-Christophe\",\"@id\":\"https:\\\/\\\/www.aclanester56.com\\\/velo\\\/#\\\/schema\\\/person\\\/ca2a44a5fd969e9dd846c72d3b33bc01\"},\"headline\":\"Grand Prix de la Saint Laurent Juniors \u00e0 Montpinchon\",\"datePublished\":\"2010-08-09T07:44:53+00:00\",\"dateModified\":\"2010-08-09T07:48:44+00:00\",\"mainEntityOfPage\":{\"@id\":\"https:\\\/\\\/www.aclanester56.com\\\/velo\\\/grand-prix-de-la-saint-laurent-juniors-a-montpinchon\\\/\"},\"wordCount\":192,\"commentCount\":0,\"publisher\":{\"@id\":\"https:\\\/\\\/www.aclanester56.com\\\/velo\\\/#organization\"},\"articleSection\":[\"AC LANESTER 56\",\"R\u00e9sultats\",\"R\u00e9sultats Juniors\"],\"inLanguage\":\"fr-FR\",\"potentialAction\":[{\"@type\":\"CommentAction\",\"name\":\"Comment\",\"target\":[\"https:\\\/\\\/www.aclanester56.com\\\/velo\\\/grand-prix-de-la-saint-laurent-juniors-a-montpinchon\\\/#respond\"]}]},{\"@type\":\"WebPage\",\"@id\":\"https:\\\/\\\/www.aclanester56.com\\\/velo\\\/grand-prix-de-la-saint-laurent-juniors-a-montpinchon\\\/\",\"url\":\"https:\\\/\\\/www.aclanester56.com\\\/velo\\\/grand-prix-de-la-saint-laurent-juniors-a-montpinchon\\\/\",\"name\":\"Grand Prix de la Saint Laurent Juniors \u00e0 Montpinchon - Avenir Cycliste Lanester 56\",\"isPartOf\":{\"@id\":\"https:\\\/\\\/www.aclanester56.com\\\/velo\\\/#website\"},\"datePublished\":\"2010-08-09T07:44:53+00:00\",\"dateModified\":\"2010-08-09T07:48:44+00:00\",\"inLanguage\":\"fr-FR\",\"potentialAction\":[{\"@type\":\"ReadAction\",\"target\":[\"https:\\\/\\\/www.aclanester56.com\\\/velo\\\/grand-prix-de-la-saint-laurent-juniors-a-montpinchon\\\/\"]}]},{\"@type\":\"WebSite\",\"@id\":\"https:\\\/\\\/www.aclanester56.com\\\/velo\\\/#website\",\"url\":\"https:\\\/\\\/www.aclanester56.com\\\/velo\\\/\",\"name\":\"Avenir Cycliste Lanester 56\",\"description\":\"Club cycliste de l&#039;AC LANESTER 56\",\"publisher\":{\"@id\":\"https:\\\/\\\/www.aclanester56.com\\\/velo\\\/#organization\"},\"potentialAction\":[{\"@type\":\"SearchAction\",\"target\":{\"@type\":\"EntryPoint\",\"urlTemplate\":\"https:\\\/\\\/www.aclanester56.com\\\/velo\\\/?s={search_term_string}\"},\"query-input\":{\"@type\":\"PropertyValueSpecification\",\"valueRequired\":true,\"valueName\":\"search_term_string\"}}],\"inLanguage\":\"fr-FR\"},{\"@type\":\"Organization\",\"@id\":\"https:\\\/\\\/www.aclanester56.com\\\/velo\\\/#organization\",\"name\":\"Avenir Cycliste Lanester 56\",\"url\":\"https:\\\/\\\/www.aclanester56.com\\\/velo\\\/\",\"logo\":{\"@type\":\"ImageObject\",\"inLanguage\":\"fr-FR\",\"@id\":\"https:\\\/\\\/www.aclanester56.com\\\/velo\\\/#\\\/schema\\\/logo\\\/image\\\/\",\"url\":\"https:\\\/\\\/www.aclanester56.com\\\/velo\\\/wp-content\\\/uploads\\\/2013\\\/04\\\/logo-ACL.jpg\",\"contentUrl\":\"https:\\\/\\\/www.aclanester56.com\\\/velo\\\/wp-content\\\/uploads\\\/2013\\\/04\\\/logo-ACL.jpg\",\"width\":400,\"height\":334,\"caption\":\"Avenir Cycliste Lanester 56\"},\"image\":{\"@id\":\"https:\\\/\\\/www.aclanester56.com\\\/velo\\\/#\\\/schema\\\/logo\\\/image\\\/\"},\"sameAs\":[\"https:\\\/\\\/www.facebook.com\\\/pages\\\/AC-Lanester-56\\\/190286300991242?fref=ts\"]},{\"@type\":\"Person\",\"@id\":\"https:\\\/\\\/www.aclanester56.com\\\/velo\\\/#\\\/schema\\\/person\\\/ca2a44a5fd969e9dd846c72d3b33bc01\",\"name\":\"Jean-Christophe\",\"url\":\"https:\\\/\\\/www.aclanester56.com\\\/velo\\\/author\\\/jeanchristophe\\\/\"}]}<\/script>\n<!-- \/ Yoast SEO plugin. -->","yoast_head_json":{"title":"Grand Prix de la Saint Laurent Juniors \u00e0 Montpinchon - Avenir Cycliste Lanester 56","robots":{"index":"index","follow":"follow","max-snippet":"max-snippet:-1","max-image-preview":"max-image-preview:large","max-video-preview":"max-video-preview:-1"},"canonical":"https:\/\/www.aclanester56.com\/velo\/grand-prix-de-la-saint-laurent-juniors-a-montpinchon\/","og_locale":"fr_FR","og_type":"article","og_title":"Grand Prix de la Saint Laurent Juniors \u00e0 Montpinchon - Avenir Cycliste Lanester 56","og_description":"Apr\u00e8s la course espoirs disput\u00e9e samedi \u00e0 Montpinchon (Manche) et le formidable succ\u00e8s du lanest\u00e9rien Warren Barguil, place aux juniors [&hellip;]","og_url":"https:\/\/www.aclanester56.com\/velo\/grand-prix-de-la-saint-laurent-juniors-a-montpinchon\/","og_site_name":"Avenir Cycliste Lanester 56","article_publisher":"https:\/\/www.facebook.com\/pages\/AC-Lanester-56\/190286300991242?fref=ts","article_published_time":"2010-08-09T07:44:53+00:00","article_modified_time":"2010-08-09T07:48:44+00:00","author":"Jean-Christophe","twitter_misc":{"\u00c9crit par":"Jean-Christophe","Dur\u00e9e de lecture estim\u00e9e":"1 minute"},"schema":{"@context":"https:\/\/schema.org","@graph":[{"@type":"Article","@id":"https:\/\/www.aclanester56.com\/velo\/grand-prix-de-la-saint-laurent-juniors-a-montpinchon\/#article","isPartOf":{"@id":"https:\/\/www.aclanester56.com\/velo\/grand-prix-de-la-saint-laurent-juniors-a-montpinchon\/"},"author":{"name":"Jean-Christophe","@id":"https:\/\/www.aclanester56.com\/velo\/#\/schema\/person\/ca2a44a5fd969e9dd846c72d3b33bc01"},"headline":"Grand Prix de la Saint Laurent Juniors \u00e0 Montpinchon","datePublished":"2010-08-09T07:44:53+00:00","dateModified":"2010-08-09T07:48:44+00:00","mainEntityOfPage":{"@id":"https:\/\/www.aclanester56.com\/velo\/grand-prix-de-la-saint-laurent-juniors-a-montpinchon\/"},"wordCount":192,"commentCount":0,"publisher":{"@id":"https:\/\/www.aclanester56.com\/velo\/#organization"},"articleSection":["AC LANESTER 56","R\u00e9sultats","R\u00e9sultats Juniors"],"inLanguage":"fr-FR","potentialAction":[{"@type":"CommentAction","name":"Comment","target":["https:\/\/www.aclanester56.com\/velo\/grand-prix-de-la-saint-laurent-juniors-a-montpinchon\/#respond"]}]},{"@type":"WebPage","@id":"https:\/\/www.aclanester56.com\/velo\/grand-prix-de-la-saint-laurent-juniors-a-montpinchon\/","url":"https:\/\/www.aclanester56.com\/velo\/grand-prix-de-la-saint-laurent-juniors-a-montpinchon\/","name":"Grand Prix de la Saint Laurent Juniors \u00e0 Montpinchon - Avenir Cycliste Lanester 56","isPartOf":{"@id":"https:\/\/www.aclanester56.com\/velo\/#website"},"datePublished":"2010-08-09T07:44:53+00:00","dateModified":"2010-08-09T07:48:44+00:00","inLanguage":"fr-FR","potentialAction":[{"@type":"ReadAction","target":["https:\/\/www.aclanester56.com\/velo\/grand-prix-de-la-saint-laurent-juniors-a-montpinchon\/"]}]},{"@type":"WebSite","@id":"https:\/\/www.aclanester56.com\/velo\/#website","url":"https:\/\/www.aclanester56.com\/velo\/","name":"Avenir Cycliste Lanester 56","description":"Club cycliste de l&#039;AC LANESTER 56","publisher":{"@id":"https:\/\/www.aclanester56.com\/velo\/#organization"},"potentialAction":[{"@type":"SearchAction","target":{"@type":"EntryPoint","urlTemplate":"https:\/\/www.aclanester56.com\/velo\/?s={search_term_string}"},"query-input":{"@type":"PropertyValueSpecification","valueRequired":true,"valueName":"search_term_string"}}],"inLanguage":"fr-FR"},{"@type":"Organization","@id":"https:\/\/www.aclanester56.com\/velo\/#organization","name":"Avenir Cycliste Lanester 56","url":"https:\/\/www.aclanester56.com\/velo\/","logo":{"@type":"ImageObject","inLanguage":"fr-FR","@id":"https:\/\/www.aclanester56.com\/velo\/#\/schema\/logo\/image\/","url":"https:\/\/www.aclanester56.com\/velo\/wp-content\/uploads\/2013\/04\/logo-ACL.jpg","contentUrl":"https:\/\/www.aclanester56.com\/velo\/wp-content\/uploads\/2013\/04\/logo-ACL.jpg","width":400,"height":334,"caption":"Avenir Cycliste Lanester 56"},"image":{"@id":"https:\/\/www.aclanester56.com\/velo\/#\/schema\/logo\/image\/"},"sameAs":["https:\/\/www.facebook.com\/pages\/AC-Lanester-56\/190286300991242?fref=ts"]},{"@type":"Person","@id":"https:\/\/www.aclanester56.com\/velo\/#\/schema\/person\/ca2a44a5fd969e9dd846c72d3b33bc01","name":"Jean-Christophe","url":"https:\/\/www.aclanester56.com\/velo\/author\/jeanchristophe\/"}]}},"_links":{"self":[{"href":"https:\/\/www.aclanester56.com\/velo\/wp-json\/wp\/v2\/posts\/3592","targetHints":{"allow":["GET"]}}],"collection":[{"href":"https:\/\/www.aclanester56.com\/velo\/wp-json\/wp\/v2\/posts"}],"about":[{"href":"https:\/\/www.aclanester56.com\/velo\/wp-json\/wp\/v2\/types\/post"}],"author":[{"embeddable":true,"href":"https:\/\/www.aclanester56.com\/velo\/wp-json\/wp\/v2\/users\/14"}],"replies":[{"embeddable":true,"href":"https:\/\/www.aclanester56.com\/velo\/wp-json\/wp\/v2\/comments?post=3592"}],"version-history":[{"count":0,"href":"https:\/\/www.aclanester56.com\/velo\/wp-json\/wp\/v2\/posts\/3592\/revisions"}],"wp:attachment":[{"href":"https:\/\/www.aclanester56.com\/velo\/wp-json\/wp\/v2\/media?parent=3592"}],"wp:term":[{"taxonomy":"category","embeddable":true,"href":"https:\/\/www.aclanester56.com\/velo\/wp-json\/wp\/v2\/categories?post=3592"},{"taxonomy":"post_tag","embeddable":true,"href":"https:\/\/www.aclanester56.com\/velo\/wp-json\/wp\/v2\/tags?post=3592"}],"curies":[{"name":"wp","href":"https:\/\/api.w.org\/{rel}","templated":true}]}}