{"id":36143,"date":"2017-08-30T10:17:48","date_gmt":"2017-08-30T08:17:48","guid":{"rendered":"https:\/\/www.aclanester56.com\/velo\/?p=36143"},"modified":"2017-09-04T10:18:08","modified_gmt":"2017-09-04T08:18:08","slug":"5-juniors-lanesteriens-selection-departementale-gp-de-plouay","status":"publish","type":"post","link":"https:\/\/www.aclanester56.com\/velo\/5-juniors-lanesteriens-selection-departementale-gp-de-plouay\/","title":{"rendered":"5 Juniors lanest\u00e9riens en s\u00e9lection d\u00e9partementale sur le GP de Plouay !"},"content":{"rendered":"<p><!--more--><\/p>\n<p style=\"text-align: justify;\">Cinq Juniors de l&rsquo;AC Lanester 56 ont \u00e9t\u00e9 retenus en s\u00e9lection du Morbihan pour participer samedi dernier au Grand Prix de Plouay Juniors. Axel Justum, Brendan Le Cam, Antoine Le Chenadec, Charles Le Crom et Cl\u00e9ment Teisseire faisaient partie de la s\u00e9lection et ont bien d\u00e9fendu les couleurs morbihannaises pendant toute la course avant de c\u00e9der l\u00e9g\u00e8rement dans le final. Ewen Foussadier \u00e9tait \u00e9galement au d\u00e9part de l&rsquo;\u00e9preuve, qu&rsquo;il a \u00e9galement termin\u00e9 sans \u00eatre class\u00e9 malheureusement.<\/p>\n<p><span style=\"text-decoration: underline;\"><strong>Classement :<\/strong><\/span><\/p>\n<p>1 LE PENNEC Gu\u00e9rand UC ALREENNE<br \/>\n2 GOULET Florian VELO SPORT VALLETAIS<br \/>\n3 TAILLANDIER Axel VC PAYS DE LOUDEAC<br \/>\n<span style=\"color: #ff6600;\"><strong>21 JUSTUM Axel CD56 &#8211; AC LANESTER 56<\/strong><\/span><br \/>\n<span style=\"color: #ff6600;\"><strong>22 LE CAM Brendan CD56 &#8211; AC LANESTER 56<\/strong><\/span><br \/>\n<span style=\"color: #ff6600;\"><strong>26 LE CROM Charles CD56 &#8211; AC LANESTER 56<\/strong><\/span><br \/>\n<span style=\"color: #ff6600;\"><strong>41 LE CHENADEC Antoine CD56 &#8211; AC LANESTER 56<\/strong><\/span><\/p>\nngg_shortcode_0_placeholder\n","protected":false},"excerpt":{"rendered":"","protected":false},"author":14,"featured_media":36172,"comment_status":"open","ping_status":"open","sticky":false,"template":"","format":"standard","meta":{"ngg_post_thumbnail":0,"footnotes":""},"categories":[5,21],"tags":[],"class_list":["post-36143","post","type-post","status-publish","format-standard","has-post-thumbnail","hentry","category-ac-lanester-56","category-resultats-juniors"],"yoast_head":"<!-- This site is optimized with the Yoast SEO plugin v27.4 - https:\/\/yoast.com\/product\/yoast-seo-wordpress\/ -->\n<title>5 Juniors lanest\u00e9riens en s\u00e9lection d\u00e9partementale sur le GP de Plouay ! - Avenir Cycliste Lanester 56<\/title>\n<meta name=\"robots\" content=\"index, follow, max-snippet:-1, max-image-preview:large, max-video-preview:-1\" \/>\n<link rel=\"canonical\" href=\"https:\/\/www.aclanester56.com\/velo\/5-juniors-lanesteriens-selection-departementale-gp-de-plouay\/\" \/>\n<meta property=\"og:locale\" content=\"fr_FR\" \/>\n<meta property=\"og:type\" content=\"article\" \/>\n<meta property=\"og:title\" content=\"5 Juniors lanest\u00e9riens en s\u00e9lection d\u00e9partementale sur le GP de Plouay ! - Avenir Cycliste Lanester 56\" \/>\n<meta property=\"og:url\" content=\"https:\/\/www.aclanester56.com\/velo\/5-juniors-lanesteriens-selection-departementale-gp-de-plouay\/\" \/>\n<meta property=\"og:site_name\" content=\"Avenir Cycliste Lanester 56\" \/>\n<meta property=\"article:publisher\" content=\"https:\/\/www.facebook.com\/pages\/AC-Lanester-56\/190286300991242?fref=ts\" \/>\n<meta property=\"article:published_time\" content=\"2017-08-30T08:17:48+00:00\" \/>\n<meta property=\"article:modified_time\" content=\"2017-09-04T08:18:08+00:00\" \/>\n<meta property=\"og:image\" content=\"https:\/\/www.aclanester56.com\/velo\/wp-content\/uploads\/2017\/09\/sans-titre-Copie.png\" \/>\n\t<meta property=\"og:image:width\" content=\"880\" \/>\n\t<meta property=\"og:image:height\" content=\"450\" \/>\n\t<meta property=\"og:image:type\" content=\"image\/png\" \/>\n<meta name=\"author\" content=\"Jean-Christophe\" \/>\n<meta name=\"twitter:label1\" content=\"\u00c9crit par\" \/>\n\t<meta name=\"twitter:data1\" content=\"Jean-Christophe\" \/>\n\t<meta name=\"twitter:label2\" content=\"Dur\u00e9e de lecture estim\u00e9e\" \/>\n\t<meta name=\"twitter:data2\" content=\"1 minute\" \/>\n<script type=\"application\/ld+json\" class=\"yoast-schema-graph\">{\"@context\":\"https:\\\/\\\/schema.org\",\"@graph\":[{\"@type\":\"Article\",\"@id\":\"https:\\\/\\\/www.aclanester56.com\\\/velo\\\/5-juniors-lanesteriens-selection-departementale-gp-de-plouay\\\/#article\",\"isPartOf\":{\"@id\":\"https:\\\/\\\/www.aclanester56.com\\\/velo\\\/5-juniors-lanesteriens-selection-departementale-gp-de-plouay\\\/\"},\"author\":{\"name\":\"Jean-Christophe\",\"@id\":\"https:\\\/\\\/www.aclanester56.com\\\/velo\\\/#\\\/schema\\\/person\\\/ca2a44a5fd969e9dd846c72d3b33bc01\"},\"headline\":\"5 Juniors lanest\u00e9riens en s\u00e9lection d\u00e9partementale sur le GP de Plouay !\",\"datePublished\":\"2017-08-30T08:17:48+00:00\",\"dateModified\":\"2017-09-04T08:18:08+00:00\",\"mainEntityOfPage\":{\"@id\":\"https:\\\/\\\/www.aclanester56.com\\\/velo\\\/5-juniors-lanesteriens-selection-departementale-gp-de-plouay\\\/\"},\"wordCount\":197,\"commentCount\":0,\"publisher\":{\"@id\":\"https:\\\/\\\/www.aclanester56.com\\\/velo\\\/#organization\"},\"image\":{\"@id\":\"https:\\\/\\\/www.aclanester56.com\\\/velo\\\/5-juniors-lanesteriens-selection-departementale-gp-de-plouay\\\/#primaryimage\"},\"thumbnailUrl\":\"https:\\\/\\\/www.aclanester56.com\\\/velo\\\/wp-content\\\/uploads\\\/2017\\\/09\\\/sans-titre-Copie.png\",\"articleSection\":[\"AC LANESTER 56\",\"R\u00e9sultats Juniors\"],\"inLanguage\":\"fr-FR\",\"potentialAction\":[{\"@type\":\"CommentAction\",\"name\":\"Comment\",\"target\":[\"https:\\\/\\\/www.aclanester56.com\\\/velo\\\/5-juniors-lanesteriens-selection-departementale-gp-de-plouay\\\/#respond\"]}]},{\"@type\":\"WebPage\",\"@id\":\"https:\\\/\\\/www.aclanester56.com\\\/velo\\\/5-juniors-lanesteriens-selection-departementale-gp-de-plouay\\\/\",\"url\":\"https:\\\/\\\/www.aclanester56.com\\\/velo\\\/5-juniors-lanesteriens-selection-departementale-gp-de-plouay\\\/\",\"name\":\"5 Juniors lanest\u00e9riens en s\u00e9lection d\u00e9partementale sur le GP de Plouay ! - Avenir Cycliste Lanester 56\",\"isPartOf\":{\"@id\":\"https:\\\/\\\/www.aclanester56.com\\\/velo\\\/#website\"},\"primaryImageOfPage\":{\"@id\":\"https:\\\/\\\/www.aclanester56.com\\\/velo\\\/5-juniors-lanesteriens-selection-departementale-gp-de-plouay\\\/#primaryimage\"},\"image\":{\"@id\":\"https:\\\/\\\/www.aclanester56.com\\\/velo\\\/5-juniors-lanesteriens-selection-departementale-gp-de-plouay\\\/#primaryimage\"},\"thumbnailUrl\":\"https:\\\/\\\/www.aclanester56.com\\\/velo\\\/wp-content\\\/uploads\\\/2017\\\/09\\\/sans-titre-Copie.png\",\"datePublished\":\"2017-08-30T08:17:48+00:00\",\"dateModified\":\"2017-09-04T08:18:08+00:00\",\"inLanguage\":\"fr-FR\",\"potentialAction\":[{\"@type\":\"ReadAction\",\"target\":[\"https:\\\/\\\/www.aclanester56.com\\\/velo\\\/5-juniors-lanesteriens-selection-departementale-gp-de-plouay\\\/\"]}]},{\"@type\":\"ImageObject\",\"inLanguage\":\"fr-FR\",\"@id\":\"https:\\\/\\\/www.aclanester56.com\\\/velo\\\/5-juniors-lanesteriens-selection-departementale-gp-de-plouay\\\/#primaryimage\",\"url\":\"https:\\\/\\\/www.aclanester56.com\\\/velo\\\/wp-content\\\/uploads\\\/2017\\\/09\\\/sans-titre-Copie.png\",\"contentUrl\":\"https:\\\/\\\/www.aclanester56.com\\\/velo\\\/wp-content\\\/uploads\\\/2017\\\/09\\\/sans-titre-Copie.png\",\"width\":880,\"height\":450},{\"@type\":\"WebSite\",\"@id\":\"https:\\\/\\\/www.aclanester56.com\\\/velo\\\/#website\",\"url\":\"https:\\\/\\\/www.aclanester56.com\\\/velo\\\/\",\"name\":\"Avenir Cycliste Lanester 56\",\"description\":\"Club cycliste de l&#039;AC LANESTER 56\",\"publisher\":{\"@id\":\"https:\\\/\\\/www.aclanester56.com\\\/velo\\\/#organization\"},\"potentialAction\":[{\"@type\":\"SearchAction\",\"target\":{\"@type\":\"EntryPoint\",\"urlTemplate\":\"https:\\\/\\\/www.aclanester56.com\\\/velo\\\/?s={search_term_string}\"},\"query-input\":{\"@type\":\"PropertyValueSpecification\",\"valueRequired\":true,\"valueName\":\"search_term_string\"}}],\"inLanguage\":\"fr-FR\"},{\"@type\":\"Organization\",\"@id\":\"https:\\\/\\\/www.aclanester56.com\\\/velo\\\/#organization\",\"name\":\"Avenir Cycliste Lanester 56\",\"url\":\"https:\\\/\\\/www.aclanester56.com\\\/velo\\\/\",\"logo\":{\"@type\":\"ImageObject\",\"inLanguage\":\"fr-FR\",\"@id\":\"https:\\\/\\\/www.aclanester56.com\\\/velo\\\/#\\\/schema\\\/logo\\\/image\\\/\",\"url\":\"https:\\\/\\\/www.aclanester56.com\\\/velo\\\/wp-content\\\/uploads\\\/2013\\\/04\\\/logo-ACL.jpg\",\"contentUrl\":\"https:\\\/\\\/www.aclanester56.com\\\/velo\\\/wp-content\\\/uploads\\\/2013\\\/04\\\/logo-ACL.jpg\",\"width\":400,\"height\":334,\"caption\":\"Avenir Cycliste Lanester 56\"},\"image\":{\"@id\":\"https:\\\/\\\/www.aclanester56.com\\\/velo\\\/#\\\/schema\\\/logo\\\/image\\\/\"},\"sameAs\":[\"https:\\\/\\\/www.facebook.com\\\/pages\\\/AC-Lanester-56\\\/190286300991242?fref=ts\"]},{\"@type\":\"Person\",\"@id\":\"https:\\\/\\\/www.aclanester56.com\\\/velo\\\/#\\\/schema\\\/person\\\/ca2a44a5fd969e9dd846c72d3b33bc01\",\"name\":\"Jean-Christophe\",\"url\":\"https:\\\/\\\/www.aclanester56.com\\\/velo\\\/author\\\/jeanchristophe\\\/\"}]}<\/script>\n<!-- \/ Yoast SEO plugin. -->","yoast_head_json":{"title":"5 Juniors lanest\u00e9riens en s\u00e9lection d\u00e9partementale sur le GP de Plouay ! - Avenir Cycliste Lanester 56","robots":{"index":"index","follow":"follow","max-snippet":"max-snippet:-1","max-image-preview":"max-image-preview:large","max-video-preview":"max-video-preview:-1"},"canonical":"https:\/\/www.aclanester56.com\/velo\/5-juniors-lanesteriens-selection-departementale-gp-de-plouay\/","og_locale":"fr_FR","og_type":"article","og_title":"5 Juniors lanest\u00e9riens en s\u00e9lection d\u00e9partementale sur le GP de Plouay ! - Avenir Cycliste Lanester 56","og_url":"https:\/\/www.aclanester56.com\/velo\/5-juniors-lanesteriens-selection-departementale-gp-de-plouay\/","og_site_name":"Avenir Cycliste Lanester 56","article_publisher":"https:\/\/www.facebook.com\/pages\/AC-Lanester-56\/190286300991242?fref=ts","article_published_time":"2017-08-30T08:17:48+00:00","article_modified_time":"2017-09-04T08:18:08+00:00","og_image":[{"width":880,"height":450,"url":"https:\/\/www.aclanester56.com\/velo\/wp-content\/uploads\/2017\/09\/sans-titre-Copie.png","type":"image\/png"}],"author":"Jean-Christophe","twitter_misc":{"\u00c9crit par":"Jean-Christophe","Dur\u00e9e de lecture estim\u00e9e":"1 minute"},"schema":{"@context":"https:\/\/schema.org","@graph":[{"@type":"Article","@id":"https:\/\/www.aclanester56.com\/velo\/5-juniors-lanesteriens-selection-departementale-gp-de-plouay\/#article","isPartOf":{"@id":"https:\/\/www.aclanester56.com\/velo\/5-juniors-lanesteriens-selection-departementale-gp-de-plouay\/"},"author":{"name":"Jean-Christophe","@id":"https:\/\/www.aclanester56.com\/velo\/#\/schema\/person\/ca2a44a5fd969e9dd846c72d3b33bc01"},"headline":"5 Juniors lanest\u00e9riens en s\u00e9lection d\u00e9partementale sur le GP de Plouay !","datePublished":"2017-08-30T08:17:48+00:00","dateModified":"2017-09-04T08:18:08+00:00","mainEntityOfPage":{"@id":"https:\/\/www.aclanester56.com\/velo\/5-juniors-lanesteriens-selection-departementale-gp-de-plouay\/"},"wordCount":197,"commentCount":0,"publisher":{"@id":"https:\/\/www.aclanester56.com\/velo\/#organization"},"image":{"@id":"https:\/\/www.aclanester56.com\/velo\/5-juniors-lanesteriens-selection-departementale-gp-de-plouay\/#primaryimage"},"thumbnailUrl":"https:\/\/www.aclanester56.com\/velo\/wp-content\/uploads\/2017\/09\/sans-titre-Copie.png","articleSection":["AC LANESTER 56","R\u00e9sultats Juniors"],"inLanguage":"fr-FR","potentialAction":[{"@type":"CommentAction","name":"Comment","target":["https:\/\/www.aclanester56.com\/velo\/5-juniors-lanesteriens-selection-departementale-gp-de-plouay\/#respond"]}]},{"@type":"WebPage","@id":"https:\/\/www.aclanester56.com\/velo\/5-juniors-lanesteriens-selection-departementale-gp-de-plouay\/","url":"https:\/\/www.aclanester56.com\/velo\/5-juniors-lanesteriens-selection-departementale-gp-de-plouay\/","name":"5 Juniors lanest\u00e9riens en s\u00e9lection d\u00e9partementale sur le GP de Plouay ! - Avenir Cycliste Lanester 56","isPartOf":{"@id":"https:\/\/www.aclanester56.com\/velo\/#website"},"primaryImageOfPage":{"@id":"https:\/\/www.aclanester56.com\/velo\/5-juniors-lanesteriens-selection-departementale-gp-de-plouay\/#primaryimage"},"image":{"@id":"https:\/\/www.aclanester56.com\/velo\/5-juniors-lanesteriens-selection-departementale-gp-de-plouay\/#primaryimage"},"thumbnailUrl":"https:\/\/www.aclanester56.com\/velo\/wp-content\/uploads\/2017\/09\/sans-titre-Copie.png","datePublished":"2017-08-30T08:17:48+00:00","dateModified":"2017-09-04T08:18:08+00:00","inLanguage":"fr-FR","potentialAction":[{"@type":"ReadAction","target":["https:\/\/www.aclanester56.com\/velo\/5-juniors-lanesteriens-selection-departementale-gp-de-plouay\/"]}]},{"@type":"ImageObject","inLanguage":"fr-FR","@id":"https:\/\/www.aclanester56.com\/velo\/5-juniors-lanesteriens-selection-departementale-gp-de-plouay\/#primaryimage","url":"https:\/\/www.aclanester56.com\/velo\/wp-content\/uploads\/2017\/09\/sans-titre-Copie.png","contentUrl":"https:\/\/www.aclanester56.com\/velo\/wp-content\/uploads\/2017\/09\/sans-titre-Copie.png","width":880,"height":450},{"@type":"WebSite","@id":"https:\/\/www.aclanester56.com\/velo\/#website","url":"https:\/\/www.aclanester56.com\/velo\/","name":"Avenir Cycliste Lanester 56","description":"Club cycliste de l&#039;AC LANESTER 56","publisher":{"@id":"https:\/\/www.aclanester56.com\/velo\/#organization"},"potentialAction":[{"@type":"SearchAction","target":{"@type":"EntryPoint","urlTemplate":"https:\/\/www.aclanester56.com\/velo\/?s={search_term_string}"},"query-input":{"@type":"PropertyValueSpecification","valueRequired":true,"valueName":"search_term_string"}}],"inLanguage":"fr-FR"},{"@type":"Organization","@id":"https:\/\/www.aclanester56.com\/velo\/#organization","name":"Avenir Cycliste Lanester 56","url":"https:\/\/www.aclanester56.com\/velo\/","logo":{"@type":"ImageObject","inLanguage":"fr-FR","@id":"https:\/\/www.aclanester56.com\/velo\/#\/schema\/logo\/image\/","url":"https:\/\/www.aclanester56.com\/velo\/wp-content\/uploads\/2013\/04\/logo-ACL.jpg","contentUrl":"https:\/\/www.aclanester56.com\/velo\/wp-content\/uploads\/2013\/04\/logo-ACL.jpg","width":400,"height":334,"caption":"Avenir Cycliste Lanester 56"},"image":{"@id":"https:\/\/www.aclanester56.com\/velo\/#\/schema\/logo\/image\/"},"sameAs":["https:\/\/www.facebook.com\/pages\/AC-Lanester-56\/190286300991242?fref=ts"]},{"@type":"Person","@id":"https:\/\/www.aclanester56.com\/velo\/#\/schema\/person\/ca2a44a5fd969e9dd846c72d3b33bc01","name":"Jean-Christophe","url":"https:\/\/www.aclanester56.com\/velo\/author\/jeanchristophe\/"}]}},"_links":{"self":[{"href":"https:\/\/www.aclanester56.com\/velo\/wp-json\/wp\/v2\/posts\/36143","targetHints":{"allow":["GET"]}}],"collection":[{"href":"https:\/\/www.aclanester56.com\/velo\/wp-json\/wp\/v2\/posts"}],"about":[{"href":"https:\/\/www.aclanester56.com\/velo\/wp-json\/wp\/v2\/types\/post"}],"author":[{"embeddable":true,"href":"https:\/\/www.aclanester56.com\/velo\/wp-json\/wp\/v2\/users\/14"}],"replies":[{"embeddable":true,"href":"https:\/\/www.aclanester56.com\/velo\/wp-json\/wp\/v2\/comments?post=36143"}],"version-history":[{"count":2,"href":"https:\/\/www.aclanester56.com\/velo\/wp-json\/wp\/v2\/posts\/36143\/revisions"}],"predecessor-version":[{"id":36174,"href":"https:\/\/www.aclanester56.com\/velo\/wp-json\/wp\/v2\/posts\/36143\/revisions\/36174"}],"wp:featuredmedia":[{"embeddable":true,"href":"https:\/\/www.aclanester56.com\/velo\/wp-json\/wp\/v2\/media\/36172"}],"wp:attachment":[{"href":"https:\/\/www.aclanester56.com\/velo\/wp-json\/wp\/v2\/media?parent=36143"}],"wp:term":[{"taxonomy":"category","embeddable":true,"href":"https:\/\/www.aclanester56.com\/velo\/wp-json\/wp\/v2\/categories?post=36143"},{"taxonomy":"post_tag","embeddable":true,"href":"https:\/\/www.aclanester56.com\/velo\/wp-json\/wp\/v2\/tags?post=36143"}],"curies":[{"name":"wp","href":"https:\/\/api.w.org\/{rel}","templated":true}]}}