{"id":36175,"date":"2017-09-01T17:00:40","date_gmt":"2017-09-01T15:00:40","guid":{"rendered":"https:\/\/www.aclanester56.com\/velo\/?p=36175"},"modified":"2017-09-05T17:04:49","modified_gmt":"2017-09-05T15:04:49","slug":"les-freres-chandavoine-23eme-et-35eme-du-championnat-du-monde-master-de-clm","status":"publish","type":"post","link":"https:\/\/www.aclanester56.com\/velo\/les-freres-chandavoine-23eme-et-35eme-du-championnat-du-monde-master-de-clm\/","title":{"rendered":"Les fr\u00e8res Chandavoine 23\u00e8me et 35\u00e8me du championnat du monde Master de CLM !"},"content":{"rendered":"<p><!--more--><\/p>\n<div id=\"attachment_36177\" style=\"width: 410px\" class=\"wp-caption alignright\"><img loading=\"lazy\" decoding=\"async\" aria-describedby=\"caption-attachment-36177\" class=\"size-large wp-image-36177\" src=\"https:\/\/www.aclanester56.com\/velo\/wp-content\/uploads\/2017\/09\/DSC_0138-800x533.jpg\" alt=\"\" height=\"267\" width=\"400\" srcset=\"https:\/\/www.aclanester56.com\/velo\/wp-content\/uploads\/2017\/09\/DSC_0138-800x533.jpg 800w, https:\/\/www.aclanester56.com\/velo\/wp-content\/uploads\/2017\/09\/DSC_0138-300x200.jpg 300w, https:\/\/www.aclanester56.com\/velo\/wp-content\/uploads\/2017\/09\/DSC_0138-768x512.jpg 768w, https:\/\/www.aclanester56.com\/velo\/wp-content\/uploads\/2017\/09\/DSC_0138-675x450.jpg 675w, https:\/\/www.aclanester56.com\/velo\/wp-content\/uploads\/2017\/09\/DSC_0138-600x400.jpg 600w, https:\/\/www.aclanester56.com\/velo\/wp-content\/uploads\/2017\/09\/DSC_0138-100x67.jpg 100w\" sizes=\"auto, (max-width: 400px) 100vw, 400px\" \/><p id=\"caption-attachment-36177\" class=\"wp-caption-text\">Karl au d\u00e9part du mondial de CLM<\/p><\/div>\n<p style=\"text-align: justify;\">Suite \u00e0 leur qualification gagn\u00e9e sur l&rsquo;Albigeoise disput\u00e9e en mai dernier (<a href=\"https:\/\/www.aclanester56.com\/velo\/karl-chandavoine-qualifie-championnat-monde-masters-de-clm\/\" target=\"_blank\" rel=\"noopener\">lire ici<\/a>), les coureurs de l&rsquo;AC Lanester 56 Karl et Norbert Chandavoine ont particip\u00e9 fin ao\u00fbt au championnat du monde Masters du contre-la-montre individuel \u00e0 Albi.<\/p>\n<p style=\"text-align: justify;\">Sous une chaleur \u00e9touffante, Norbert termine 35\u00e8me du mondial en Master 2 (35-39 ans) et Karl finit 23\u00e8me en Master 3 (40-44 ans). \u00ab\u00a0<em><strong>C&rsquo;\u00e9tait une belle aventure mais une \u00e9preuve difficile en raison de fortes chaleurs et du niveau tr\u00e8s \u00e9lev\u00e9 de la concurrence : il va falloir s&rsquo;am\u00e9liorer si l&rsquo;on souhaite grimper dans le classement \u00e0 l&rsquo;avenir !<\/strong><\/em>\u00ab\u00a0, expliquait Karl \u00e0 son retour.<\/p>\n<p style=\"text-align: justify;\">Bravo aux deux rouleurs lanest\u00e9riens !<\/p>\n<p><span style=\"text-decoration: underline;\"><strong>Masters 2 :<\/strong><\/span><br \/>\n1 SCHWEIZER ANDREAS 00:30:09 SWITZERLAND<br \/>\n2 SMITH MATTHEW 00:30:20 UNITED KINGDOM<br \/>\n3 MEZURE TONY 00:30:34 FRANCE<br \/>\n<span style=\"color: #ff6600;\"><strong>35 CHANDAVOINE NORBERT AC LANESTER 56 00:34:01 FRANCE<\/strong><\/span><\/p>\n<p><span style=\"text-decoration: underline;\"><strong>Masters 3 :<\/strong><\/span><br \/>\n1 PLOUHINEC SAMUEL Team Peltrax-CSD 00:29:31 FRANCE<br \/>\n2 DUMONT MATHIEU 00:30:21 FRANCE<br \/>\n3 ELLINGSEN JONE 00:30:42 NORWAY<br \/>\n<span style=\"color: #ff6600;\"><strong>23 CHANDAVOINE KARL AC LANESTER 56 00:32:41 FRANCE<\/strong><\/span><\/p>\nngg_shortcode_0_placeholder\n","protected":false},"excerpt":{"rendered":"","protected":false},"author":14,"featured_media":36176,"comment_status":"open","ping_status":"open","sticky":false,"template":"","format":"standard","meta":{"ngg_post_thumbnail":0,"footnotes":""},"categories":[5,19],"tags":[],"class_list":["post-36175","post","type-post","status-publish","format-standard","has-post-thumbnail","hentry","category-ac-lanester-56","category-resultats-2eme-categorie"],"yoast_head":"<!-- This site is optimized with the Yoast SEO plugin v27.5 - https:\/\/yoast.com\/product\/yoast-seo-wordpress\/ -->\n<title>Les fr\u00e8res Chandavoine 23\u00e8me et 35\u00e8me du championnat du monde Master de CLM ! - Avenir Cycliste Lanester 56<\/title>\n<meta name=\"robots\" content=\"index, follow, max-snippet:-1, max-image-preview:large, max-video-preview:-1\" \/>\n<link rel=\"canonical\" href=\"https:\/\/www.aclanester56.com\/velo\/les-freres-chandavoine-23eme-et-35eme-du-championnat-du-monde-master-de-clm\/\" \/>\n<meta property=\"og:locale\" content=\"fr_FR\" \/>\n<meta property=\"og:type\" content=\"article\" \/>\n<meta property=\"og:title\" content=\"Les fr\u00e8res Chandavoine 23\u00e8me et 35\u00e8me du championnat du monde Master de CLM ! - Avenir Cycliste Lanester 56\" \/>\n<meta property=\"og:url\" content=\"https:\/\/www.aclanester56.com\/velo\/les-freres-chandavoine-23eme-et-35eme-du-championnat-du-monde-master-de-clm\/\" \/>\n<meta property=\"og:site_name\" content=\"Avenir Cycliste Lanester 56\" \/>\n<meta property=\"article:publisher\" content=\"https:\/\/www.facebook.com\/pages\/AC-Lanester-56\/190286300991242?fref=ts\" \/>\n<meta property=\"article:published_time\" content=\"2017-09-01T15:00:40+00:00\" \/>\n<meta property=\"article:modified_time\" content=\"2017-09-05T15:04:49+00:00\" \/>\n<meta property=\"og:image\" content=\"https:\/\/www.aclanester56.com\/velo\/wp-content\/uploads\/2017\/09\/DSC_0156-Copie.jpg\" \/>\n\t<meta property=\"og:image:width\" content=\"880\" \/>\n\t<meta property=\"og:image:height\" content=\"450\" \/>\n\t<meta property=\"og:image:type\" content=\"image\/jpeg\" \/>\n<meta name=\"author\" content=\"Jean-Christophe\" \/>\n<meta name=\"twitter:label1\" content=\"\u00c9crit par\" \/>\n\t<meta name=\"twitter:data1\" content=\"Jean-Christophe\" \/>\n\t<meta name=\"twitter:label2\" content=\"Dur\u00e9e de lecture estim\u00e9e\" \/>\n\t<meta name=\"twitter:data2\" content=\"1 minute\" \/>\n<script type=\"application\/ld+json\" class=\"yoast-schema-graph\">{\"@context\":\"https:\\\/\\\/schema.org\",\"@graph\":[{\"@type\":\"Article\",\"@id\":\"https:\\\/\\\/www.aclanester56.com\\\/velo\\\/les-freres-chandavoine-23eme-et-35eme-du-championnat-du-monde-master-de-clm\\\/#article\",\"isPartOf\":{\"@id\":\"https:\\\/\\\/www.aclanester56.com\\\/velo\\\/les-freres-chandavoine-23eme-et-35eme-du-championnat-du-monde-master-de-clm\\\/\"},\"author\":{\"name\":\"Jean-Christophe\",\"@id\":\"https:\\\/\\\/www.aclanester56.com\\\/velo\\\/#\\\/schema\\\/person\\\/ca2a44a5fd969e9dd846c72d3b33bc01\"},\"headline\":\"Les fr\u00e8res Chandavoine 23\u00e8me et 35\u00e8me du championnat du monde Master de CLM !\",\"datePublished\":\"2017-09-01T15:00:40+00:00\",\"dateModified\":\"2017-09-05T15:04:49+00:00\",\"mainEntityOfPage\":{\"@id\":\"https:\\\/\\\/www.aclanester56.com\\\/velo\\\/les-freres-chandavoine-23eme-et-35eme-du-championnat-du-monde-master-de-clm\\\/\"},\"wordCount\":208,\"commentCount\":0,\"publisher\":{\"@id\":\"https:\\\/\\\/www.aclanester56.com\\\/velo\\\/#organization\"},\"image\":{\"@id\":\"https:\\\/\\\/www.aclanester56.com\\\/velo\\\/les-freres-chandavoine-23eme-et-35eme-du-championnat-du-monde-master-de-clm\\\/#primaryimage\"},\"thumbnailUrl\":\"https:\\\/\\\/www.aclanester56.com\\\/velo\\\/wp-content\\\/uploads\\\/2017\\\/09\\\/DSC_0156-Copie.jpg\",\"articleSection\":[\"AC LANESTER 56\",\"R\u00e9sultats 2eme cat\u00e9gorie\"],\"inLanguage\":\"fr-FR\",\"potentialAction\":[{\"@type\":\"CommentAction\",\"name\":\"Comment\",\"target\":[\"https:\\\/\\\/www.aclanester56.com\\\/velo\\\/les-freres-chandavoine-23eme-et-35eme-du-championnat-du-monde-master-de-clm\\\/#respond\"]}]},{\"@type\":\"WebPage\",\"@id\":\"https:\\\/\\\/www.aclanester56.com\\\/velo\\\/les-freres-chandavoine-23eme-et-35eme-du-championnat-du-monde-master-de-clm\\\/\",\"url\":\"https:\\\/\\\/www.aclanester56.com\\\/velo\\\/les-freres-chandavoine-23eme-et-35eme-du-championnat-du-monde-master-de-clm\\\/\",\"name\":\"Les fr\u00e8res Chandavoine 23\u00e8me et 35\u00e8me du championnat du monde Master de CLM ! - Avenir Cycliste Lanester 56\",\"isPartOf\":{\"@id\":\"https:\\\/\\\/www.aclanester56.com\\\/velo\\\/#website\"},\"primaryImageOfPage\":{\"@id\":\"https:\\\/\\\/www.aclanester56.com\\\/velo\\\/les-freres-chandavoine-23eme-et-35eme-du-championnat-du-monde-master-de-clm\\\/#primaryimage\"},\"image\":{\"@id\":\"https:\\\/\\\/www.aclanester56.com\\\/velo\\\/les-freres-chandavoine-23eme-et-35eme-du-championnat-du-monde-master-de-clm\\\/#primaryimage\"},\"thumbnailUrl\":\"https:\\\/\\\/www.aclanester56.com\\\/velo\\\/wp-content\\\/uploads\\\/2017\\\/09\\\/DSC_0156-Copie.jpg\",\"datePublished\":\"2017-09-01T15:00:40+00:00\",\"dateModified\":\"2017-09-05T15:04:49+00:00\",\"inLanguage\":\"fr-FR\",\"potentialAction\":[{\"@type\":\"ReadAction\",\"target\":[\"https:\\\/\\\/www.aclanester56.com\\\/velo\\\/les-freres-chandavoine-23eme-et-35eme-du-championnat-du-monde-master-de-clm\\\/\"]}]},{\"@type\":\"ImageObject\",\"inLanguage\":\"fr-FR\",\"@id\":\"https:\\\/\\\/www.aclanester56.com\\\/velo\\\/les-freres-chandavoine-23eme-et-35eme-du-championnat-du-monde-master-de-clm\\\/#primaryimage\",\"url\":\"https:\\\/\\\/www.aclanester56.com\\\/velo\\\/wp-content\\\/uploads\\\/2017\\\/09\\\/DSC_0156-Copie.jpg\",\"contentUrl\":\"https:\\\/\\\/www.aclanester56.com\\\/velo\\\/wp-content\\\/uploads\\\/2017\\\/09\\\/DSC_0156-Copie.jpg\",\"width\":880,\"height\":450},{\"@type\":\"WebSite\",\"@id\":\"https:\\\/\\\/www.aclanester56.com\\\/velo\\\/#website\",\"url\":\"https:\\\/\\\/www.aclanester56.com\\\/velo\\\/\",\"name\":\"Avenir Cycliste Lanester 56\",\"description\":\"Club cycliste de l&#039;AC LANESTER 56\",\"publisher\":{\"@id\":\"https:\\\/\\\/www.aclanester56.com\\\/velo\\\/#organization\"},\"potentialAction\":[{\"@type\":\"SearchAction\",\"target\":{\"@type\":\"EntryPoint\",\"urlTemplate\":\"https:\\\/\\\/www.aclanester56.com\\\/velo\\\/?s={search_term_string}\"},\"query-input\":{\"@type\":\"PropertyValueSpecification\",\"valueRequired\":true,\"valueName\":\"search_term_string\"}}],\"inLanguage\":\"fr-FR\"},{\"@type\":\"Organization\",\"@id\":\"https:\\\/\\\/www.aclanester56.com\\\/velo\\\/#organization\",\"name\":\"Avenir Cycliste Lanester 56\",\"url\":\"https:\\\/\\\/www.aclanester56.com\\\/velo\\\/\",\"logo\":{\"@type\":\"ImageObject\",\"inLanguage\":\"fr-FR\",\"@id\":\"https:\\\/\\\/www.aclanester56.com\\\/velo\\\/#\\\/schema\\\/logo\\\/image\\\/\",\"url\":\"https:\\\/\\\/www.aclanester56.com\\\/velo\\\/wp-content\\\/uploads\\\/2013\\\/04\\\/logo-ACL.jpg\",\"contentUrl\":\"https:\\\/\\\/www.aclanester56.com\\\/velo\\\/wp-content\\\/uploads\\\/2013\\\/04\\\/logo-ACL.jpg\",\"width\":400,\"height\":334,\"caption\":\"Avenir Cycliste Lanester 56\"},\"image\":{\"@id\":\"https:\\\/\\\/www.aclanester56.com\\\/velo\\\/#\\\/schema\\\/logo\\\/image\\\/\"},\"sameAs\":[\"https:\\\/\\\/www.facebook.com\\\/pages\\\/AC-Lanester-56\\\/190286300991242?fref=ts\"]},{\"@type\":\"Person\",\"@id\":\"https:\\\/\\\/www.aclanester56.com\\\/velo\\\/#\\\/schema\\\/person\\\/ca2a44a5fd969e9dd846c72d3b33bc01\",\"name\":\"Jean-Christophe\",\"url\":\"https:\\\/\\\/www.aclanester56.com\\\/velo\\\/author\\\/jeanchristophe\\\/\"}]}<\/script>\n<!-- \/ Yoast SEO plugin. -->","yoast_head_json":{"title":"Les fr\u00e8res Chandavoine 23\u00e8me et 35\u00e8me du championnat du monde Master de CLM ! - Avenir Cycliste Lanester 56","robots":{"index":"index","follow":"follow","max-snippet":"max-snippet:-1","max-image-preview":"max-image-preview:large","max-video-preview":"max-video-preview:-1"},"canonical":"https:\/\/www.aclanester56.com\/velo\/les-freres-chandavoine-23eme-et-35eme-du-championnat-du-monde-master-de-clm\/","og_locale":"fr_FR","og_type":"article","og_title":"Les fr\u00e8res Chandavoine 23\u00e8me et 35\u00e8me du championnat du monde Master de CLM ! - Avenir Cycliste Lanester 56","og_url":"https:\/\/www.aclanester56.com\/velo\/les-freres-chandavoine-23eme-et-35eme-du-championnat-du-monde-master-de-clm\/","og_site_name":"Avenir Cycliste Lanester 56","article_publisher":"https:\/\/www.facebook.com\/pages\/AC-Lanester-56\/190286300991242?fref=ts","article_published_time":"2017-09-01T15:00:40+00:00","article_modified_time":"2017-09-05T15:04:49+00:00","og_image":[{"width":880,"height":450,"url":"https:\/\/www.aclanester56.com\/velo\/wp-content\/uploads\/2017\/09\/DSC_0156-Copie.jpg","type":"image\/jpeg"}],"author":"Jean-Christophe","twitter_misc":{"\u00c9crit par":"Jean-Christophe","Dur\u00e9e de lecture estim\u00e9e":"1 minute"},"schema":{"@context":"https:\/\/schema.org","@graph":[{"@type":"Article","@id":"https:\/\/www.aclanester56.com\/velo\/les-freres-chandavoine-23eme-et-35eme-du-championnat-du-monde-master-de-clm\/#article","isPartOf":{"@id":"https:\/\/www.aclanester56.com\/velo\/les-freres-chandavoine-23eme-et-35eme-du-championnat-du-monde-master-de-clm\/"},"author":{"name":"Jean-Christophe","@id":"https:\/\/www.aclanester56.com\/velo\/#\/schema\/person\/ca2a44a5fd969e9dd846c72d3b33bc01"},"headline":"Les fr\u00e8res Chandavoine 23\u00e8me et 35\u00e8me du championnat du monde Master de CLM !","datePublished":"2017-09-01T15:00:40+00:00","dateModified":"2017-09-05T15:04:49+00:00","mainEntityOfPage":{"@id":"https:\/\/www.aclanester56.com\/velo\/les-freres-chandavoine-23eme-et-35eme-du-championnat-du-monde-master-de-clm\/"},"wordCount":208,"commentCount":0,"publisher":{"@id":"https:\/\/www.aclanester56.com\/velo\/#organization"},"image":{"@id":"https:\/\/www.aclanester56.com\/velo\/les-freres-chandavoine-23eme-et-35eme-du-championnat-du-monde-master-de-clm\/#primaryimage"},"thumbnailUrl":"https:\/\/www.aclanester56.com\/velo\/wp-content\/uploads\/2017\/09\/DSC_0156-Copie.jpg","articleSection":["AC LANESTER 56","R\u00e9sultats 2eme cat\u00e9gorie"],"inLanguage":"fr-FR","potentialAction":[{"@type":"CommentAction","name":"Comment","target":["https:\/\/www.aclanester56.com\/velo\/les-freres-chandavoine-23eme-et-35eme-du-championnat-du-monde-master-de-clm\/#respond"]}]},{"@type":"WebPage","@id":"https:\/\/www.aclanester56.com\/velo\/les-freres-chandavoine-23eme-et-35eme-du-championnat-du-monde-master-de-clm\/","url":"https:\/\/www.aclanester56.com\/velo\/les-freres-chandavoine-23eme-et-35eme-du-championnat-du-monde-master-de-clm\/","name":"Les fr\u00e8res Chandavoine 23\u00e8me et 35\u00e8me du championnat du monde Master de CLM ! - Avenir Cycliste Lanester 56","isPartOf":{"@id":"https:\/\/www.aclanester56.com\/velo\/#website"},"primaryImageOfPage":{"@id":"https:\/\/www.aclanester56.com\/velo\/les-freres-chandavoine-23eme-et-35eme-du-championnat-du-monde-master-de-clm\/#primaryimage"},"image":{"@id":"https:\/\/www.aclanester56.com\/velo\/les-freres-chandavoine-23eme-et-35eme-du-championnat-du-monde-master-de-clm\/#primaryimage"},"thumbnailUrl":"https:\/\/www.aclanester56.com\/velo\/wp-content\/uploads\/2017\/09\/DSC_0156-Copie.jpg","datePublished":"2017-09-01T15:00:40+00:00","dateModified":"2017-09-05T15:04:49+00:00","inLanguage":"fr-FR","potentialAction":[{"@type":"ReadAction","target":["https:\/\/www.aclanester56.com\/velo\/les-freres-chandavoine-23eme-et-35eme-du-championnat-du-monde-master-de-clm\/"]}]},{"@type":"ImageObject","inLanguage":"fr-FR","@id":"https:\/\/www.aclanester56.com\/velo\/les-freres-chandavoine-23eme-et-35eme-du-championnat-du-monde-master-de-clm\/#primaryimage","url":"https:\/\/www.aclanester56.com\/velo\/wp-content\/uploads\/2017\/09\/DSC_0156-Copie.jpg","contentUrl":"https:\/\/www.aclanester56.com\/velo\/wp-content\/uploads\/2017\/09\/DSC_0156-Copie.jpg","width":880,"height":450},{"@type":"WebSite","@id":"https:\/\/www.aclanester56.com\/velo\/#website","url":"https:\/\/www.aclanester56.com\/velo\/","name":"Avenir Cycliste Lanester 56","description":"Club cycliste de l&#039;AC LANESTER 56","publisher":{"@id":"https:\/\/www.aclanester56.com\/velo\/#organization"},"potentialAction":[{"@type":"SearchAction","target":{"@type":"EntryPoint","urlTemplate":"https:\/\/www.aclanester56.com\/velo\/?s={search_term_string}"},"query-input":{"@type":"PropertyValueSpecification","valueRequired":true,"valueName":"search_term_string"}}],"inLanguage":"fr-FR"},{"@type":"Organization","@id":"https:\/\/www.aclanester56.com\/velo\/#organization","name":"Avenir Cycliste Lanester 56","url":"https:\/\/www.aclanester56.com\/velo\/","logo":{"@type":"ImageObject","inLanguage":"fr-FR","@id":"https:\/\/www.aclanester56.com\/velo\/#\/schema\/logo\/image\/","url":"https:\/\/www.aclanester56.com\/velo\/wp-content\/uploads\/2013\/04\/logo-ACL.jpg","contentUrl":"https:\/\/www.aclanester56.com\/velo\/wp-content\/uploads\/2013\/04\/logo-ACL.jpg","width":400,"height":334,"caption":"Avenir Cycliste Lanester 56"},"image":{"@id":"https:\/\/www.aclanester56.com\/velo\/#\/schema\/logo\/image\/"},"sameAs":["https:\/\/www.facebook.com\/pages\/AC-Lanester-56\/190286300991242?fref=ts"]},{"@type":"Person","@id":"https:\/\/www.aclanester56.com\/velo\/#\/schema\/person\/ca2a44a5fd969e9dd846c72d3b33bc01","name":"Jean-Christophe","url":"https:\/\/www.aclanester56.com\/velo\/author\/jeanchristophe\/"}]}},"_links":{"self":[{"href":"https:\/\/www.aclanester56.com\/velo\/wp-json\/wp\/v2\/posts\/36175","targetHints":{"allow":["GET"]}}],"collection":[{"href":"https:\/\/www.aclanester56.com\/velo\/wp-json\/wp\/v2\/posts"}],"about":[{"href":"https:\/\/www.aclanester56.com\/velo\/wp-json\/wp\/v2\/types\/post"}],"author":[{"embeddable":true,"href":"https:\/\/www.aclanester56.com\/velo\/wp-json\/wp\/v2\/users\/14"}],"replies":[{"embeddable":true,"href":"https:\/\/www.aclanester56.com\/velo\/wp-json\/wp\/v2\/comments?post=36175"}],"version-history":[{"count":3,"href":"https:\/\/www.aclanester56.com\/velo\/wp-json\/wp\/v2\/posts\/36175\/revisions"}],"predecessor-version":[{"id":36187,"href":"https:\/\/www.aclanester56.com\/velo\/wp-json\/wp\/v2\/posts\/36175\/revisions\/36187"}],"wp:featuredmedia":[{"embeddable":true,"href":"https:\/\/www.aclanester56.com\/velo\/wp-json\/wp\/v2\/media\/36176"}],"wp:attachment":[{"href":"https:\/\/www.aclanester56.com\/velo\/wp-json\/wp\/v2\/media?parent=36175"}],"wp:term":[{"taxonomy":"category","embeddable":true,"href":"https:\/\/www.aclanester56.com\/velo\/wp-json\/wp\/v2\/categories?post=36175"},{"taxonomy":"post_tag","embeddable":true,"href":"https:\/\/www.aclanester56.com\/velo\/wp-json\/wp\/v2\/tags?post=36175"}],"curies":[{"name":"wp","href":"https:\/\/api.w.org\/{rel}","templated":true}]}}