{"id":36218,"date":"2017-09-08T16:07:08","date_gmt":"2017-09-08T14:07:08","guid":{"rendered":"https:\/\/www.aclanester56.com\/velo\/?p=36218"},"modified":"2017-09-15T16:07:34","modified_gmt":"2017-09-15T14:07:34","slug":"tour-morbihan-juniors-brendan-cam-2eme","status":"publish","type":"post","link":"https:\/\/www.aclanester56.com\/velo\/tour-morbihan-juniors-brendan-cam-2eme\/","title":{"rendered":"Tour du Morbihan Juniors : Brendan Le Cam 2\u00e8me !"},"content":{"rendered":"<p><!--more--><\/p>\n<p><em>Photo : Ouest-France<\/em><\/p>\n<p style=\"text-align: justify;\">L&rsquo;\u00e9quipe Juniors de l&rsquo;AC Lanester 56 s&rsquo;est particuli\u00e8rement illustr\u00e9e sur le 29\u00e8me Tour du Morbihan Juniors \u00e0 Langroix Hennebont. Brendan Le Cam prend une excellente 2\u00e8me place, Antoine Le Chenadec est 10\u00e8me, Axel Justum 30\u00e8me, Charles Le Crom 50\u00e8me et Cl\u00e9ment Teisseire 56\u00e8me.<\/p>\n<p style=\"text-align: justify;\">Jean-Marc Morvan \u00e9tait satisfait du comportement des troupes sur cette belle classique de fin de saison face aux meilleurs Fran\u00e7ais. Les coureurs de l&rsquo;AC Lanester 56 ont fait preuve d&rsquo;un temp\u00e9rament de \u00ab\u00a0guerriers\u00a0\u00bb, les conditions climatiques ayant \u00e9t\u00e9 ex\u00e9crables. L&rsquo;\u00e9quipe Juniors disputera le 17 septembre la derni\u00e8re \u00e9preuve f\u00e9d\u00e9rale de la saison \u00e0 l&rsquo;occasion de la fl\u00e8che Pl\u00e9dranaise.<\/p>\n<p><span style=\"text-decoration: underline;\"><strong>Classement :<\/strong><\/span><br \/>\n1 GUERNALEC Victor VC CHATEAULINOIS Junior les 107,2 km en 2h44&rsquo;33\u00a0\u00bb (moy. 39,08 km\/h)<br \/>\n<span style=\"color: #ff6600;\"><strong>2 LE CAM Brendan AC LANESTER 56 Junior \u00a0\u00bb<\/strong> <\/span><br \/>\n3 GUENNEUGUES Erwann UC ALREENNE Junior \u00a0\u00bb<br \/>\n4 RIO Maxime AC LEONARDE Junior \u00a0\u00bb<br \/>\n5 DOHERTY Aaron NICOLAS ROCHE PERFORMANCE TEAM Junior \u00a0\u00bb<br \/>\n6 MAERTENS Gauthier UC BRIOCHINE Junior 01:15<br \/>\n7 TAILLANDIER Axel VC PAYS DE LOUDEAC Junior \u00a0\u00bb<br \/>\n8 SILLIAU Nicolas UC PAYS DE MORLAIX Junior 02:09<br \/>\n9 MUGUET Corentin AC LEONARDE Junior \u00a0\u00bb<br \/>\n<span style=\"color: #ff6600;\"><strong>10 LE CHENADEC Antoine AC LANESTER 56 Junior 02:18 <\/strong><\/span><br \/>\n<span style=\"color: #ff6600;\"><strong>30 JUSTUM Axel AC LANESTER 56 Junior 03:44 <\/strong><\/span><br \/>\n<span style=\"color: #ff6600;\"><strong>50 LE CROM Charles AC LANESTER 56 Junior 04:15 <\/strong><\/span><br \/>\n<span style=\"color: #ff6600;\"><strong>56 TEISSEIRE Clement AC LANESTER 56 Junior 04:52<\/strong><\/span><\/p>\n","protected":false},"excerpt":{"rendered":"","protected":false},"author":14,"featured_media":36219,"comment_status":"open","ping_status":"open","sticky":false,"template":"","format":"standard","meta":{"ngg_post_thumbnail":0,"footnotes":""},"categories":[5,21],"tags":[],"class_list":["post-36218","post","type-post","status-publish","format-standard","has-post-thumbnail","hentry","category-ac-lanester-56","category-resultats-juniors"],"yoast_head":"<!-- This site is optimized with the Yoast SEO plugin v27.5 - https:\/\/yoast.com\/product\/yoast-seo-wordpress\/ -->\n<title>Tour du Morbihan Juniors : Brendan Le Cam 2\u00e8me ! - Avenir Cycliste Lanester 56<\/title>\n<meta name=\"robots\" content=\"index, follow, max-snippet:-1, max-image-preview:large, max-video-preview:-1\" \/>\n<link rel=\"canonical\" href=\"https:\/\/www.aclanester56.com\/velo\/tour-morbihan-juniors-brendan-cam-2eme\/\" \/>\n<meta property=\"og:locale\" content=\"fr_FR\" \/>\n<meta property=\"og:type\" content=\"article\" \/>\n<meta property=\"og:title\" content=\"Tour du Morbihan Juniors : Brendan Le Cam 2\u00e8me ! - Avenir Cycliste Lanester 56\" \/>\n<meta property=\"og:url\" content=\"https:\/\/www.aclanester56.com\/velo\/tour-morbihan-juniors-brendan-cam-2eme\/\" \/>\n<meta property=\"og:site_name\" content=\"Avenir Cycliste Lanester 56\" \/>\n<meta property=\"article:publisher\" content=\"https:\/\/www.facebook.com\/pages\/AC-Lanester-56\/190286300991242?fref=ts\" \/>\n<meta property=\"article:published_time\" content=\"2017-09-08T14:07:08+00:00\" \/>\n<meta property=\"article:modified_time\" content=\"2017-09-15T14:07:34+00:00\" \/>\n<meta property=\"og:image\" content=\"https:\/\/www.aclanester56.com\/velo\/wp-content\/uploads\/2017\/09\/hennebont-la-pluie-gache-la-fete-du-tour-du-morbihan-juniors.jpg\" \/>\n\t<meta property=\"og:image:width\" content=\"880\" \/>\n\t<meta property=\"og:image:height\" content=\"450\" \/>\n\t<meta property=\"og:image:type\" content=\"image\/jpeg\" \/>\n<meta name=\"author\" content=\"Jean-Christophe\" \/>\n<meta name=\"twitter:label1\" content=\"\u00c9crit par\" \/>\n\t<meta name=\"twitter:data1\" content=\"Jean-Christophe\" \/>\n\t<meta name=\"twitter:label2\" content=\"Dur\u00e9e de lecture estim\u00e9e\" \/>\n\t<meta name=\"twitter:data2\" content=\"1 minute\" \/>\n<script type=\"application\/ld+json\" class=\"yoast-schema-graph\">{\"@context\":\"https:\\\/\\\/schema.org\",\"@graph\":[{\"@type\":\"Article\",\"@id\":\"https:\\\/\\\/www.aclanester56.com\\\/velo\\\/tour-morbihan-juniors-brendan-cam-2eme\\\/#article\",\"isPartOf\":{\"@id\":\"https:\\\/\\\/www.aclanester56.com\\\/velo\\\/tour-morbihan-juniors-brendan-cam-2eme\\\/\"},\"author\":{\"name\":\"Jean-Christophe\",\"@id\":\"https:\\\/\\\/www.aclanester56.com\\\/velo\\\/#\\\/schema\\\/person\\\/ca2a44a5fd969e9dd846c72d3b33bc01\"},\"headline\":\"Tour du Morbihan Juniors : Brendan Le Cam 2\u00e8me !\",\"datePublished\":\"2017-09-08T14:07:08+00:00\",\"dateModified\":\"2017-09-15T14:07:34+00:00\",\"mainEntityOfPage\":{\"@id\":\"https:\\\/\\\/www.aclanester56.com\\\/velo\\\/tour-morbihan-juniors-brendan-cam-2eme\\\/\"},\"wordCount\":209,\"commentCount\":0,\"publisher\":{\"@id\":\"https:\\\/\\\/www.aclanester56.com\\\/velo\\\/#organization\"},\"image\":{\"@id\":\"https:\\\/\\\/www.aclanester56.com\\\/velo\\\/tour-morbihan-juniors-brendan-cam-2eme\\\/#primaryimage\"},\"thumbnailUrl\":\"https:\\\/\\\/www.aclanester56.com\\\/velo\\\/wp-content\\\/uploads\\\/2017\\\/09\\\/hennebont-la-pluie-gache-la-fete-du-tour-du-morbihan-juniors.jpg\",\"articleSection\":[\"AC LANESTER 56\",\"R\u00e9sultats Juniors\"],\"inLanguage\":\"fr-FR\",\"potentialAction\":[{\"@type\":\"CommentAction\",\"name\":\"Comment\",\"target\":[\"https:\\\/\\\/www.aclanester56.com\\\/velo\\\/tour-morbihan-juniors-brendan-cam-2eme\\\/#respond\"]}]},{\"@type\":\"WebPage\",\"@id\":\"https:\\\/\\\/www.aclanester56.com\\\/velo\\\/tour-morbihan-juniors-brendan-cam-2eme\\\/\",\"url\":\"https:\\\/\\\/www.aclanester56.com\\\/velo\\\/tour-morbihan-juniors-brendan-cam-2eme\\\/\",\"name\":\"Tour du Morbihan Juniors : Brendan Le Cam 2\u00e8me ! - Avenir Cycliste Lanester 56\",\"isPartOf\":{\"@id\":\"https:\\\/\\\/www.aclanester56.com\\\/velo\\\/#website\"},\"primaryImageOfPage\":{\"@id\":\"https:\\\/\\\/www.aclanester56.com\\\/velo\\\/tour-morbihan-juniors-brendan-cam-2eme\\\/#primaryimage\"},\"image\":{\"@id\":\"https:\\\/\\\/www.aclanester56.com\\\/velo\\\/tour-morbihan-juniors-brendan-cam-2eme\\\/#primaryimage\"},\"thumbnailUrl\":\"https:\\\/\\\/www.aclanester56.com\\\/velo\\\/wp-content\\\/uploads\\\/2017\\\/09\\\/hennebont-la-pluie-gache-la-fete-du-tour-du-morbihan-juniors.jpg\",\"datePublished\":\"2017-09-08T14:07:08+00:00\",\"dateModified\":\"2017-09-15T14:07:34+00:00\",\"inLanguage\":\"fr-FR\",\"potentialAction\":[{\"@type\":\"ReadAction\",\"target\":[\"https:\\\/\\\/www.aclanester56.com\\\/velo\\\/tour-morbihan-juniors-brendan-cam-2eme\\\/\"]}]},{\"@type\":\"ImageObject\",\"inLanguage\":\"fr-FR\",\"@id\":\"https:\\\/\\\/www.aclanester56.com\\\/velo\\\/tour-morbihan-juniors-brendan-cam-2eme\\\/#primaryimage\",\"url\":\"https:\\\/\\\/www.aclanester56.com\\\/velo\\\/wp-content\\\/uploads\\\/2017\\\/09\\\/hennebont-la-pluie-gache-la-fete-du-tour-du-morbihan-juniors.jpg\",\"contentUrl\":\"https:\\\/\\\/www.aclanester56.com\\\/velo\\\/wp-content\\\/uploads\\\/2017\\\/09\\\/hennebont-la-pluie-gache-la-fete-du-tour-du-morbihan-juniors.jpg\",\"width\":880,\"height\":450},{\"@type\":\"WebSite\",\"@id\":\"https:\\\/\\\/www.aclanester56.com\\\/velo\\\/#website\",\"url\":\"https:\\\/\\\/www.aclanester56.com\\\/velo\\\/\",\"name\":\"Avenir Cycliste Lanester 56\",\"description\":\"Club cycliste de l&#039;AC LANESTER 56\",\"publisher\":{\"@id\":\"https:\\\/\\\/www.aclanester56.com\\\/velo\\\/#organization\"},\"potentialAction\":[{\"@type\":\"SearchAction\",\"target\":{\"@type\":\"EntryPoint\",\"urlTemplate\":\"https:\\\/\\\/www.aclanester56.com\\\/velo\\\/?s={search_term_string}\"},\"query-input\":{\"@type\":\"PropertyValueSpecification\",\"valueRequired\":true,\"valueName\":\"search_term_string\"}}],\"inLanguage\":\"fr-FR\"},{\"@type\":\"Organization\",\"@id\":\"https:\\\/\\\/www.aclanester56.com\\\/velo\\\/#organization\",\"name\":\"Avenir Cycliste Lanester 56\",\"url\":\"https:\\\/\\\/www.aclanester56.com\\\/velo\\\/\",\"logo\":{\"@type\":\"ImageObject\",\"inLanguage\":\"fr-FR\",\"@id\":\"https:\\\/\\\/www.aclanester56.com\\\/velo\\\/#\\\/schema\\\/logo\\\/image\\\/\",\"url\":\"https:\\\/\\\/www.aclanester56.com\\\/velo\\\/wp-content\\\/uploads\\\/2013\\\/04\\\/logo-ACL.jpg\",\"contentUrl\":\"https:\\\/\\\/www.aclanester56.com\\\/velo\\\/wp-content\\\/uploads\\\/2013\\\/04\\\/logo-ACL.jpg\",\"width\":400,\"height\":334,\"caption\":\"Avenir Cycliste Lanester 56\"},\"image\":{\"@id\":\"https:\\\/\\\/www.aclanester56.com\\\/velo\\\/#\\\/schema\\\/logo\\\/image\\\/\"},\"sameAs\":[\"https:\\\/\\\/www.facebook.com\\\/pages\\\/AC-Lanester-56\\\/190286300991242?fref=ts\"]},{\"@type\":\"Person\",\"@id\":\"https:\\\/\\\/www.aclanester56.com\\\/velo\\\/#\\\/schema\\\/person\\\/ca2a44a5fd969e9dd846c72d3b33bc01\",\"name\":\"Jean-Christophe\",\"url\":\"https:\\\/\\\/www.aclanester56.com\\\/velo\\\/author\\\/jeanchristophe\\\/\"}]}<\/script>\n<!-- \/ Yoast SEO plugin. -->","yoast_head_json":{"title":"Tour du Morbihan Juniors : Brendan Le Cam 2\u00e8me ! - Avenir Cycliste Lanester 56","robots":{"index":"index","follow":"follow","max-snippet":"max-snippet:-1","max-image-preview":"max-image-preview:large","max-video-preview":"max-video-preview:-1"},"canonical":"https:\/\/www.aclanester56.com\/velo\/tour-morbihan-juniors-brendan-cam-2eme\/","og_locale":"fr_FR","og_type":"article","og_title":"Tour du Morbihan Juniors : Brendan Le Cam 2\u00e8me ! - Avenir Cycliste Lanester 56","og_url":"https:\/\/www.aclanester56.com\/velo\/tour-morbihan-juniors-brendan-cam-2eme\/","og_site_name":"Avenir Cycliste Lanester 56","article_publisher":"https:\/\/www.facebook.com\/pages\/AC-Lanester-56\/190286300991242?fref=ts","article_published_time":"2017-09-08T14:07:08+00:00","article_modified_time":"2017-09-15T14:07:34+00:00","og_image":[{"width":880,"height":450,"url":"https:\/\/www.aclanester56.com\/velo\/wp-content\/uploads\/2017\/09\/hennebont-la-pluie-gache-la-fete-du-tour-du-morbihan-juniors.jpg","type":"image\/jpeg"}],"author":"Jean-Christophe","twitter_misc":{"\u00c9crit par":"Jean-Christophe","Dur\u00e9e de lecture estim\u00e9e":"1 minute"},"schema":{"@context":"https:\/\/schema.org","@graph":[{"@type":"Article","@id":"https:\/\/www.aclanester56.com\/velo\/tour-morbihan-juniors-brendan-cam-2eme\/#article","isPartOf":{"@id":"https:\/\/www.aclanester56.com\/velo\/tour-morbihan-juniors-brendan-cam-2eme\/"},"author":{"name":"Jean-Christophe","@id":"https:\/\/www.aclanester56.com\/velo\/#\/schema\/person\/ca2a44a5fd969e9dd846c72d3b33bc01"},"headline":"Tour du Morbihan Juniors : Brendan Le Cam 2\u00e8me !","datePublished":"2017-09-08T14:07:08+00:00","dateModified":"2017-09-15T14:07:34+00:00","mainEntityOfPage":{"@id":"https:\/\/www.aclanester56.com\/velo\/tour-morbihan-juniors-brendan-cam-2eme\/"},"wordCount":209,"commentCount":0,"publisher":{"@id":"https:\/\/www.aclanester56.com\/velo\/#organization"},"image":{"@id":"https:\/\/www.aclanester56.com\/velo\/tour-morbihan-juniors-brendan-cam-2eme\/#primaryimage"},"thumbnailUrl":"https:\/\/www.aclanester56.com\/velo\/wp-content\/uploads\/2017\/09\/hennebont-la-pluie-gache-la-fete-du-tour-du-morbihan-juniors.jpg","articleSection":["AC LANESTER 56","R\u00e9sultats Juniors"],"inLanguage":"fr-FR","potentialAction":[{"@type":"CommentAction","name":"Comment","target":["https:\/\/www.aclanester56.com\/velo\/tour-morbihan-juniors-brendan-cam-2eme\/#respond"]}]},{"@type":"WebPage","@id":"https:\/\/www.aclanester56.com\/velo\/tour-morbihan-juniors-brendan-cam-2eme\/","url":"https:\/\/www.aclanester56.com\/velo\/tour-morbihan-juniors-brendan-cam-2eme\/","name":"Tour du Morbihan Juniors : Brendan Le Cam 2\u00e8me ! - Avenir Cycliste Lanester 56","isPartOf":{"@id":"https:\/\/www.aclanester56.com\/velo\/#website"},"primaryImageOfPage":{"@id":"https:\/\/www.aclanester56.com\/velo\/tour-morbihan-juniors-brendan-cam-2eme\/#primaryimage"},"image":{"@id":"https:\/\/www.aclanester56.com\/velo\/tour-morbihan-juniors-brendan-cam-2eme\/#primaryimage"},"thumbnailUrl":"https:\/\/www.aclanester56.com\/velo\/wp-content\/uploads\/2017\/09\/hennebont-la-pluie-gache-la-fete-du-tour-du-morbihan-juniors.jpg","datePublished":"2017-09-08T14:07:08+00:00","dateModified":"2017-09-15T14:07:34+00:00","inLanguage":"fr-FR","potentialAction":[{"@type":"ReadAction","target":["https:\/\/www.aclanester56.com\/velo\/tour-morbihan-juniors-brendan-cam-2eme\/"]}]},{"@type":"ImageObject","inLanguage":"fr-FR","@id":"https:\/\/www.aclanester56.com\/velo\/tour-morbihan-juniors-brendan-cam-2eme\/#primaryimage","url":"https:\/\/www.aclanester56.com\/velo\/wp-content\/uploads\/2017\/09\/hennebont-la-pluie-gache-la-fete-du-tour-du-morbihan-juniors.jpg","contentUrl":"https:\/\/www.aclanester56.com\/velo\/wp-content\/uploads\/2017\/09\/hennebont-la-pluie-gache-la-fete-du-tour-du-morbihan-juniors.jpg","width":880,"height":450},{"@type":"WebSite","@id":"https:\/\/www.aclanester56.com\/velo\/#website","url":"https:\/\/www.aclanester56.com\/velo\/","name":"Avenir Cycliste Lanester 56","description":"Club cycliste de l&#039;AC LANESTER 56","publisher":{"@id":"https:\/\/www.aclanester56.com\/velo\/#organization"},"potentialAction":[{"@type":"SearchAction","target":{"@type":"EntryPoint","urlTemplate":"https:\/\/www.aclanester56.com\/velo\/?s={search_term_string}"},"query-input":{"@type":"PropertyValueSpecification","valueRequired":true,"valueName":"search_term_string"}}],"inLanguage":"fr-FR"},{"@type":"Organization","@id":"https:\/\/www.aclanester56.com\/velo\/#organization","name":"Avenir Cycliste Lanester 56","url":"https:\/\/www.aclanester56.com\/velo\/","logo":{"@type":"ImageObject","inLanguage":"fr-FR","@id":"https:\/\/www.aclanester56.com\/velo\/#\/schema\/logo\/image\/","url":"https:\/\/www.aclanester56.com\/velo\/wp-content\/uploads\/2013\/04\/logo-ACL.jpg","contentUrl":"https:\/\/www.aclanester56.com\/velo\/wp-content\/uploads\/2013\/04\/logo-ACL.jpg","width":400,"height":334,"caption":"Avenir Cycliste Lanester 56"},"image":{"@id":"https:\/\/www.aclanester56.com\/velo\/#\/schema\/logo\/image\/"},"sameAs":["https:\/\/www.facebook.com\/pages\/AC-Lanester-56\/190286300991242?fref=ts"]},{"@type":"Person","@id":"https:\/\/www.aclanester56.com\/velo\/#\/schema\/person\/ca2a44a5fd969e9dd846c72d3b33bc01","name":"Jean-Christophe","url":"https:\/\/www.aclanester56.com\/velo\/author\/jeanchristophe\/"}]}},"_links":{"self":[{"href":"https:\/\/www.aclanester56.com\/velo\/wp-json\/wp\/v2\/posts\/36218","targetHints":{"allow":["GET"]}}],"collection":[{"href":"https:\/\/www.aclanester56.com\/velo\/wp-json\/wp\/v2\/posts"}],"about":[{"href":"https:\/\/www.aclanester56.com\/velo\/wp-json\/wp\/v2\/types\/post"}],"author":[{"embeddable":true,"href":"https:\/\/www.aclanester56.com\/velo\/wp-json\/wp\/v2\/users\/14"}],"replies":[{"embeddable":true,"href":"https:\/\/www.aclanester56.com\/velo\/wp-json\/wp\/v2\/comments?post=36218"}],"version-history":[{"count":1,"href":"https:\/\/www.aclanester56.com\/velo\/wp-json\/wp\/v2\/posts\/36218\/revisions"}],"predecessor-version":[{"id":36220,"href":"https:\/\/www.aclanester56.com\/velo\/wp-json\/wp\/v2\/posts\/36218\/revisions\/36220"}],"wp:featuredmedia":[{"embeddable":true,"href":"https:\/\/www.aclanester56.com\/velo\/wp-json\/wp\/v2\/media\/36219"}],"wp:attachment":[{"href":"https:\/\/www.aclanester56.com\/velo\/wp-json\/wp\/v2\/media?parent=36218"}],"wp:term":[{"taxonomy":"category","embeddable":true,"href":"https:\/\/www.aclanester56.com\/velo\/wp-json\/wp\/v2\/categories?post=36218"},{"taxonomy":"post_tag","embeddable":true,"href":"https:\/\/www.aclanester56.com\/velo\/wp-json\/wp\/v2\/tags?post=36218"}],"curies":[{"name":"wp","href":"https:\/\/api.w.org\/{rel}","templated":true}]}}