{"id":3634,"date":"2010-08-11T12:51:51","date_gmt":"2010-08-11T11:51:51","guid":{"rendered":"http:\/\/www.aclanester56.com\/velo\/?p=3634"},"modified":"2010-08-11T13:26:32","modified_gmt":"2010-08-11T12:26:32","slug":"lacl-56-sur-la-mi-aout-en-bretagne","status":"publish","type":"post","link":"https:\/\/www.aclanester56.com\/velo\/lacl-56-sur-la-mi-aout-en-bretagne\/","title":{"rendered":"L&rsquo;ACL 56 sur la \u00ab\u00a0Mi-Ao\u00fbt en Bretagne\u00a0\u00bb"},"content":{"rendered":"<div id=\"attachment_3637\" style=\"width: 310px\" class=\"wp-caption alignleft\"><a rel=\"attachment wp-att-3637\" href=\"http:\/\/www.aclanester56.com\/velo\/2010\/08\/11\/lacl-56-sur-la-mi-aout-en-bretagne\/acl_clmequipe_essor\/\"><img loading=\"lazy\" decoding=\"async\" aria-describedby=\"caption-attachment-3637\" class=\"size-medium wp-image-3637\" src=\"http:\/\/www.aclanester56.com\/velo\/wp-content\/uploads\/2010\/08\/acl_clmequipe_essor-300x200.jpg\" alt=\"\" width=\"300\" height=\"200\" srcset=\"https:\/\/www.aclanester56.com\/velo\/wp-content\/uploads\/2010\/08\/acl_clmequipe_essor-300x200.jpg 300w, https:\/\/www.aclanester56.com\/velo\/wp-content\/uploads\/2010\/08\/acl_clmequipe_essor.jpg 720w\" sizes=\"auto, (max-width: 300px) 100vw, 300px\" \/><\/a><p id=\"caption-attachment-3637\" class=\"wp-caption-text\">Yann Rault, Kevin Sadoudi, Warren Barguil et Yoann David seront au d\u00e9part de la Mi-Ao\u00fbt en Bretagne demain (photo Bruno Perrel)<\/p><\/div>\n<p>Et oui, on ne parle plus de la \u00ab\u00a0Mi-Ao\u00fbt Bretonne\u00a0\u00bb, mais d\u00e9sormais de la \u00ab\u00a0Mi-Ao\u00fbt en Bretagne\u00a0\u00bb ! Cette \u00e9preuve internationale class\u00e9e 2.2 se disputera sur 4 \u00e9tapes \u00e0 partir de demain. Rodolphe Henry alignera une \u00e9quipe de six coureurs sur cette course d&rsquo;un niveau encore une fois tr\u00e8s relev\u00e9.<\/p>\n<p><!--more--><\/p>\n<p><br class=\"spacer_\" \/><\/p>\n<p>En effet, on note la pr\u00e9sence d&rsquo;\u00e9quipes professionnelles comme Cofidis (avec notamment le fameux belge Jens Keukeleire vainqueur de trois classiques flandriennes en d\u00e9but de saison), Bretagne-Schuller (avec Lilian Jegou et l&rsquo;ancien champion du monde juniors Johan Le Bon), Joker-Bianchi (\u00e9quipe norv\u00e9gienne o\u00f9 a \u00e9t\u00e9 r\u00e9v\u00e9l\u00e9 le fameux Edvald Boasson-Hagen) et surtout l&rsquo;\u00e9quipe BKCP-Powerplus avec son impressionnante armada de cyclo-crossman (Niels Albert, champion du monde de cyclo-cross\u00a0\u00e9lites 2009, Arnaud Jouffroy, champion du monde de cyclo-cross espoirs 2010, Enrico Franzoi, ancien de la Liquigas, Philipp Walsleben, champion du monde de cyclo-cross espoirs 2009, etc.). L&rsquo;\u00e9quipe nationale de Grande-bretagne sera \u00e9galement pr\u00e9sente, ainsi que les Japonais de Team Bridgestone-Anchor, les Cor\u00e9ens de Geusan Ginseng Asia, les Britanniques de Rapha Condor &#8211; Sharp, les Espagnols de Burgos 2016-Castilla y Leon, les N\u00e9erlandais de Van Vliet-EBH Elshof, les Su\u00e9dois du Team Sprocket, les Grecs de SP Tableware, les Belges de Qin Cycling Team ou encore les Canadiens de Spidertech powered.<\/p>\n<p>C\u00f4t\u00e9 Lanest\u00e9rien, Vincent Ragot, apr\u00e8s son excellente 2\u00e8me place au Kreiz Breizh Elites (\u00e9preuve internationale UCI 2.2) et sa r\u00e9cente victoire \u00e0 Pl\u00e9n\u00e9e-Jugon, devrait avoir des arguments \u00e0 faire valoir. Il sera accompagn\u00e9 de Warren Barguil, victorieux samedi dernier sur le difficile circuit de Montpinchon, de Yann Rault, qui revient en grande condition, de Yoann David, r\u00e9cent vainqueur \u00e0 Henvic, \u00a0de Kevin Sadoudi, victorieux \u00e0 Loud\u00e9ac il y a un mois, et de Vincent Guezennec, qui va retrouver des \u00e9quipes qu&rsquo;il a rencontr\u00e9 lors de sa participation au Tour de Bretagne, en d\u00e9but d&rsquo;ann\u00e9e.<\/p>\n<p>La Mi-Ao\u00fbt en Bretagne fera \u00e9tape dans le pays de Lorient samedi prochain. N&rsquo;h\u00e9sitez pas y \u00e0 aller encourager nos coureurs !<\/p>\n<p><br class=\"spacer_\" \/><\/p>\n<p><span style=\"text-decoration: underline\"><strong>Les \u00e9tapes :<\/strong><\/span><\/p>\n<p>&#8211; 1\u00e8re \u00e9tape : Plouec du Trieux &#8211; Pontrieux (170 kms) le 12 ao\u00fbt<\/p>\n<p>&#8211; 2\u00e8me \u00e9tape : Scrignac &#8211; Ploullaen (180 kms) le 13 ao\u00fbt<\/p>\n<p>&#8211; 3\u00e8me \u00e9tape : Pont-Scorff &#8211; Cl\u00e9guer (183 kms) \u00a0le 14 ao\u00fbt<\/p>\n<p>&#8211; 4\u00e8me \u00e9tape : Guerlesquin -Guerlesquin (175kms) \u00a0le 15 ao\u00fbt<\/p>\n<p><br class=\"spacer_\" \/><\/p>\n<p><strong><em> Remerciements \u00e0 Bruno Perrel pour sa magnifique photo lors du contre-la-montre par \u00e9quipe de l&rsquo;Essor Breton !<\/em><\/strong><\/p>\n<p><br class=\"spacer_\" \/><\/p>\n","protected":false},"excerpt":{"rendered":"<p>Et oui, on ne parle plus de la \u00ab\u00a0Mi-Ao\u00fbt Bretonne\u00a0\u00bb, mais d\u00e9sormais de la \u00ab\u00a0Mi-Ao\u00fbt en Bretagne\u00a0\u00bb ! Cette \u00e9preuve [&hellip;]<\/p>\n","protected":false},"author":14,"featured_media":3637,"comment_status":"open","ping_status":"open","sticky":false,"template":"","format":"standard","meta":{"ngg_post_thumbnail":0,"footnotes":""},"categories":[5,14],"tags":[],"class_list":["post-3634","post","type-post","status-publish","format-standard","has-post-thumbnail","hentry","category-ac-lanester-56","category-actualites-dn"],"yoast_head":"<!-- This site is optimized with the Yoast SEO plugin v27.5 - https:\/\/yoast.com\/product\/yoast-seo-wordpress\/ -->\n<title>L&#039;ACL 56 sur la &quot;Mi-Ao\u00fbt en Bretagne&quot; - Avenir Cycliste Lanester 56<\/title>\n<meta name=\"robots\" content=\"index, follow, max-snippet:-1, max-image-preview:large, max-video-preview:-1\" \/>\n<link rel=\"canonical\" href=\"https:\/\/www.aclanester56.com\/velo\/lacl-56-sur-la-mi-aout-en-bretagne\/\" \/>\n<meta property=\"og:locale\" content=\"fr_FR\" \/>\n<meta property=\"og:type\" content=\"article\" \/>\n<meta property=\"og:title\" content=\"L&#039;ACL 56 sur la &quot;Mi-Ao\u00fbt en Bretagne&quot; - Avenir Cycliste Lanester 56\" \/>\n<meta property=\"og:description\" content=\"Et oui, on ne parle plus de la \u00ab\u00a0Mi-Ao\u00fbt Bretonne\u00a0\u00bb, mais d\u00e9sormais de la \u00ab\u00a0Mi-Ao\u00fbt en Bretagne\u00a0\u00bb ! Cette \u00e9preuve [&hellip;]\" \/>\n<meta property=\"og:url\" content=\"https:\/\/www.aclanester56.com\/velo\/lacl-56-sur-la-mi-aout-en-bretagne\/\" \/>\n<meta property=\"og:site_name\" content=\"Avenir Cycliste Lanester 56\" \/>\n<meta property=\"article:publisher\" content=\"https:\/\/www.facebook.com\/pages\/AC-Lanester-56\/190286300991242?fref=ts\" \/>\n<meta property=\"article:published_time\" content=\"2010-08-11T11:51:51+00:00\" \/>\n<meta property=\"article:modified_time\" content=\"2010-08-11T12:26:32+00:00\" \/>\n<meta property=\"og:image\" content=\"https:\/\/www.aclanester56.com\/velo\/wp-content\/uploads\/2010\/08\/acl_clmequipe_essor.jpg\" \/>\n\t<meta property=\"og:image:width\" content=\"720\" \/>\n\t<meta property=\"og:image:height\" content=\"480\" \/>\n\t<meta property=\"og:image:type\" content=\"image\/jpeg\" \/>\n<meta name=\"author\" content=\"Jean-Christophe\" \/>\n<meta name=\"twitter:label1\" content=\"\u00c9crit par\" \/>\n\t<meta name=\"twitter:data1\" content=\"Jean-Christophe\" \/>\n\t<meta name=\"twitter:label2\" content=\"Dur\u00e9e de lecture estim\u00e9e\" \/>\n\t<meta name=\"twitter:data2\" content=\"2 minutes\" \/>\n<script type=\"application\/ld+json\" class=\"yoast-schema-graph\">{\"@context\":\"https:\\\/\\\/schema.org\",\"@graph\":[{\"@type\":\"Article\",\"@id\":\"https:\\\/\\\/www.aclanester56.com\\\/velo\\\/lacl-56-sur-la-mi-aout-en-bretagne\\\/#article\",\"isPartOf\":{\"@id\":\"https:\\\/\\\/www.aclanester56.com\\\/velo\\\/lacl-56-sur-la-mi-aout-en-bretagne\\\/\"},\"author\":{\"name\":\"Jean-Christophe\",\"@id\":\"https:\\\/\\\/www.aclanester56.com\\\/velo\\\/#\\\/schema\\\/person\\\/ca2a44a5fd969e9dd846c72d3b33bc01\"},\"headline\":\"L&rsquo;ACL 56 sur la \u00ab\u00a0Mi-Ao\u00fbt en Bretagne\u00a0\u00bb\",\"datePublished\":\"2010-08-11T11:51:51+00:00\",\"dateModified\":\"2010-08-11T12:26:32+00:00\",\"mainEntityOfPage\":{\"@id\":\"https:\\\/\\\/www.aclanester56.com\\\/velo\\\/lacl-56-sur-la-mi-aout-en-bretagne\\\/\"},\"wordCount\":435,\"commentCount\":0,\"publisher\":{\"@id\":\"https:\\\/\\\/www.aclanester56.com\\\/velo\\\/#organization\"},\"image\":{\"@id\":\"https:\\\/\\\/www.aclanester56.com\\\/velo\\\/lacl-56-sur-la-mi-aout-en-bretagne\\\/#primaryimage\"},\"thumbnailUrl\":\"https:\\\/\\\/www.aclanester56.com\\\/velo\\\/wp-content\\\/uploads\\\/2010\\\/08\\\/acl_clmequipe_essor.jpg\",\"articleSection\":[\"AC LANESTER 56\",\"Actualit\u00e9s DN\"],\"inLanguage\":\"fr-FR\",\"potentialAction\":[{\"@type\":\"CommentAction\",\"name\":\"Comment\",\"target\":[\"https:\\\/\\\/www.aclanester56.com\\\/velo\\\/lacl-56-sur-la-mi-aout-en-bretagne\\\/#respond\"]}]},{\"@type\":\"WebPage\",\"@id\":\"https:\\\/\\\/www.aclanester56.com\\\/velo\\\/lacl-56-sur-la-mi-aout-en-bretagne\\\/\",\"url\":\"https:\\\/\\\/www.aclanester56.com\\\/velo\\\/lacl-56-sur-la-mi-aout-en-bretagne\\\/\",\"name\":\"L'ACL 56 sur la \\\"Mi-Ao\u00fbt en Bretagne\\\" - Avenir Cycliste Lanester 56\",\"isPartOf\":{\"@id\":\"https:\\\/\\\/www.aclanester56.com\\\/velo\\\/#website\"},\"primaryImageOfPage\":{\"@id\":\"https:\\\/\\\/www.aclanester56.com\\\/velo\\\/lacl-56-sur-la-mi-aout-en-bretagne\\\/#primaryimage\"},\"image\":{\"@id\":\"https:\\\/\\\/www.aclanester56.com\\\/velo\\\/lacl-56-sur-la-mi-aout-en-bretagne\\\/#primaryimage\"},\"thumbnailUrl\":\"https:\\\/\\\/www.aclanester56.com\\\/velo\\\/wp-content\\\/uploads\\\/2010\\\/08\\\/acl_clmequipe_essor.jpg\",\"datePublished\":\"2010-08-11T11:51:51+00:00\",\"dateModified\":\"2010-08-11T12:26:32+00:00\",\"inLanguage\":\"fr-FR\",\"potentialAction\":[{\"@type\":\"ReadAction\",\"target\":[\"https:\\\/\\\/www.aclanester56.com\\\/velo\\\/lacl-56-sur-la-mi-aout-en-bretagne\\\/\"]}]},{\"@type\":\"ImageObject\",\"inLanguage\":\"fr-FR\",\"@id\":\"https:\\\/\\\/www.aclanester56.com\\\/velo\\\/lacl-56-sur-la-mi-aout-en-bretagne\\\/#primaryimage\",\"url\":\"https:\\\/\\\/www.aclanester56.com\\\/velo\\\/wp-content\\\/uploads\\\/2010\\\/08\\\/acl_clmequipe_essor.jpg\",\"contentUrl\":\"https:\\\/\\\/www.aclanester56.com\\\/velo\\\/wp-content\\\/uploads\\\/2010\\\/08\\\/acl_clmequipe_essor.jpg\",\"width\":720,\"height\":480,\"caption\":\"Yann Rault, Kevin Sadoudi, Warren Barguil et Yoann David seront au d\u00e9part de la Mi-Ao\u00fbt en Bretagne demain\"},{\"@type\":\"WebSite\",\"@id\":\"https:\\\/\\\/www.aclanester56.com\\\/velo\\\/#website\",\"url\":\"https:\\\/\\\/www.aclanester56.com\\\/velo\\\/\",\"name\":\"Avenir Cycliste Lanester 56\",\"description\":\"Club cycliste de l&#039;AC LANESTER 56\",\"publisher\":{\"@id\":\"https:\\\/\\\/www.aclanester56.com\\\/velo\\\/#organization\"},\"potentialAction\":[{\"@type\":\"SearchAction\",\"target\":{\"@type\":\"EntryPoint\",\"urlTemplate\":\"https:\\\/\\\/www.aclanester56.com\\\/velo\\\/?s={search_term_string}\"},\"query-input\":{\"@type\":\"PropertyValueSpecification\",\"valueRequired\":true,\"valueName\":\"search_term_string\"}}],\"inLanguage\":\"fr-FR\"},{\"@type\":\"Organization\",\"@id\":\"https:\\\/\\\/www.aclanester56.com\\\/velo\\\/#organization\",\"name\":\"Avenir Cycliste Lanester 56\",\"url\":\"https:\\\/\\\/www.aclanester56.com\\\/velo\\\/\",\"logo\":{\"@type\":\"ImageObject\",\"inLanguage\":\"fr-FR\",\"@id\":\"https:\\\/\\\/www.aclanester56.com\\\/velo\\\/#\\\/schema\\\/logo\\\/image\\\/\",\"url\":\"https:\\\/\\\/www.aclanester56.com\\\/velo\\\/wp-content\\\/uploads\\\/2013\\\/04\\\/logo-ACL.jpg\",\"contentUrl\":\"https:\\\/\\\/www.aclanester56.com\\\/velo\\\/wp-content\\\/uploads\\\/2013\\\/04\\\/logo-ACL.jpg\",\"width\":400,\"height\":334,\"caption\":\"Avenir Cycliste Lanester 56\"},\"image\":{\"@id\":\"https:\\\/\\\/www.aclanester56.com\\\/velo\\\/#\\\/schema\\\/logo\\\/image\\\/\"},\"sameAs\":[\"https:\\\/\\\/www.facebook.com\\\/pages\\\/AC-Lanester-56\\\/190286300991242?fref=ts\"]},{\"@type\":\"Person\",\"@id\":\"https:\\\/\\\/www.aclanester56.com\\\/velo\\\/#\\\/schema\\\/person\\\/ca2a44a5fd969e9dd846c72d3b33bc01\",\"name\":\"Jean-Christophe\",\"url\":\"https:\\\/\\\/www.aclanester56.com\\\/velo\\\/author\\\/jeanchristophe\\\/\"}]}<\/script>\n<!-- \/ Yoast SEO plugin. -->","yoast_head_json":{"title":"L'ACL 56 sur la \"Mi-Ao\u00fbt en Bretagne\" - Avenir Cycliste Lanester 56","robots":{"index":"index","follow":"follow","max-snippet":"max-snippet:-1","max-image-preview":"max-image-preview:large","max-video-preview":"max-video-preview:-1"},"canonical":"https:\/\/www.aclanester56.com\/velo\/lacl-56-sur-la-mi-aout-en-bretagne\/","og_locale":"fr_FR","og_type":"article","og_title":"L'ACL 56 sur la \"Mi-Ao\u00fbt en Bretagne\" - Avenir Cycliste Lanester 56","og_description":"Et oui, on ne parle plus de la \u00ab\u00a0Mi-Ao\u00fbt Bretonne\u00a0\u00bb, mais d\u00e9sormais de la \u00ab\u00a0Mi-Ao\u00fbt en Bretagne\u00a0\u00bb ! Cette \u00e9preuve [&hellip;]","og_url":"https:\/\/www.aclanester56.com\/velo\/lacl-56-sur-la-mi-aout-en-bretagne\/","og_site_name":"Avenir Cycliste Lanester 56","article_publisher":"https:\/\/www.facebook.com\/pages\/AC-Lanester-56\/190286300991242?fref=ts","article_published_time":"2010-08-11T11:51:51+00:00","article_modified_time":"2010-08-11T12:26:32+00:00","og_image":[{"width":720,"height":480,"url":"https:\/\/www.aclanester56.com\/velo\/wp-content\/uploads\/2010\/08\/acl_clmequipe_essor.jpg","type":"image\/jpeg"}],"author":"Jean-Christophe","twitter_misc":{"\u00c9crit par":"Jean-Christophe","Dur\u00e9e de lecture estim\u00e9e":"2 minutes"},"schema":{"@context":"https:\/\/schema.org","@graph":[{"@type":"Article","@id":"https:\/\/www.aclanester56.com\/velo\/lacl-56-sur-la-mi-aout-en-bretagne\/#article","isPartOf":{"@id":"https:\/\/www.aclanester56.com\/velo\/lacl-56-sur-la-mi-aout-en-bretagne\/"},"author":{"name":"Jean-Christophe","@id":"https:\/\/www.aclanester56.com\/velo\/#\/schema\/person\/ca2a44a5fd969e9dd846c72d3b33bc01"},"headline":"L&rsquo;ACL 56 sur la \u00ab\u00a0Mi-Ao\u00fbt en Bretagne\u00a0\u00bb","datePublished":"2010-08-11T11:51:51+00:00","dateModified":"2010-08-11T12:26:32+00:00","mainEntityOfPage":{"@id":"https:\/\/www.aclanester56.com\/velo\/lacl-56-sur-la-mi-aout-en-bretagne\/"},"wordCount":435,"commentCount":0,"publisher":{"@id":"https:\/\/www.aclanester56.com\/velo\/#organization"},"image":{"@id":"https:\/\/www.aclanester56.com\/velo\/lacl-56-sur-la-mi-aout-en-bretagne\/#primaryimage"},"thumbnailUrl":"https:\/\/www.aclanester56.com\/velo\/wp-content\/uploads\/2010\/08\/acl_clmequipe_essor.jpg","articleSection":["AC LANESTER 56","Actualit\u00e9s DN"],"inLanguage":"fr-FR","potentialAction":[{"@type":"CommentAction","name":"Comment","target":["https:\/\/www.aclanester56.com\/velo\/lacl-56-sur-la-mi-aout-en-bretagne\/#respond"]}]},{"@type":"WebPage","@id":"https:\/\/www.aclanester56.com\/velo\/lacl-56-sur-la-mi-aout-en-bretagne\/","url":"https:\/\/www.aclanester56.com\/velo\/lacl-56-sur-la-mi-aout-en-bretagne\/","name":"L'ACL 56 sur la \"Mi-Ao\u00fbt en Bretagne\" - Avenir Cycliste Lanester 56","isPartOf":{"@id":"https:\/\/www.aclanester56.com\/velo\/#website"},"primaryImageOfPage":{"@id":"https:\/\/www.aclanester56.com\/velo\/lacl-56-sur-la-mi-aout-en-bretagne\/#primaryimage"},"image":{"@id":"https:\/\/www.aclanester56.com\/velo\/lacl-56-sur-la-mi-aout-en-bretagne\/#primaryimage"},"thumbnailUrl":"https:\/\/www.aclanester56.com\/velo\/wp-content\/uploads\/2010\/08\/acl_clmequipe_essor.jpg","datePublished":"2010-08-11T11:51:51+00:00","dateModified":"2010-08-11T12:26:32+00:00","inLanguage":"fr-FR","potentialAction":[{"@type":"ReadAction","target":["https:\/\/www.aclanester56.com\/velo\/lacl-56-sur-la-mi-aout-en-bretagne\/"]}]},{"@type":"ImageObject","inLanguage":"fr-FR","@id":"https:\/\/www.aclanester56.com\/velo\/lacl-56-sur-la-mi-aout-en-bretagne\/#primaryimage","url":"https:\/\/www.aclanester56.com\/velo\/wp-content\/uploads\/2010\/08\/acl_clmequipe_essor.jpg","contentUrl":"https:\/\/www.aclanester56.com\/velo\/wp-content\/uploads\/2010\/08\/acl_clmequipe_essor.jpg","width":720,"height":480,"caption":"Yann Rault, Kevin Sadoudi, Warren Barguil et Yoann David seront au d\u00e9part de la Mi-Ao\u00fbt en Bretagne demain"},{"@type":"WebSite","@id":"https:\/\/www.aclanester56.com\/velo\/#website","url":"https:\/\/www.aclanester56.com\/velo\/","name":"Avenir Cycliste Lanester 56","description":"Club cycliste de l&#039;AC LANESTER 56","publisher":{"@id":"https:\/\/www.aclanester56.com\/velo\/#organization"},"potentialAction":[{"@type":"SearchAction","target":{"@type":"EntryPoint","urlTemplate":"https:\/\/www.aclanester56.com\/velo\/?s={search_term_string}"},"query-input":{"@type":"PropertyValueSpecification","valueRequired":true,"valueName":"search_term_string"}}],"inLanguage":"fr-FR"},{"@type":"Organization","@id":"https:\/\/www.aclanester56.com\/velo\/#organization","name":"Avenir Cycliste Lanester 56","url":"https:\/\/www.aclanester56.com\/velo\/","logo":{"@type":"ImageObject","inLanguage":"fr-FR","@id":"https:\/\/www.aclanester56.com\/velo\/#\/schema\/logo\/image\/","url":"https:\/\/www.aclanester56.com\/velo\/wp-content\/uploads\/2013\/04\/logo-ACL.jpg","contentUrl":"https:\/\/www.aclanester56.com\/velo\/wp-content\/uploads\/2013\/04\/logo-ACL.jpg","width":400,"height":334,"caption":"Avenir Cycliste Lanester 56"},"image":{"@id":"https:\/\/www.aclanester56.com\/velo\/#\/schema\/logo\/image\/"},"sameAs":["https:\/\/www.facebook.com\/pages\/AC-Lanester-56\/190286300991242?fref=ts"]},{"@type":"Person","@id":"https:\/\/www.aclanester56.com\/velo\/#\/schema\/person\/ca2a44a5fd969e9dd846c72d3b33bc01","name":"Jean-Christophe","url":"https:\/\/www.aclanester56.com\/velo\/author\/jeanchristophe\/"}]}},"_links":{"self":[{"href":"https:\/\/www.aclanester56.com\/velo\/wp-json\/wp\/v2\/posts\/3634","targetHints":{"allow":["GET"]}}],"collection":[{"href":"https:\/\/www.aclanester56.com\/velo\/wp-json\/wp\/v2\/posts"}],"about":[{"href":"https:\/\/www.aclanester56.com\/velo\/wp-json\/wp\/v2\/types\/post"}],"author":[{"embeddable":true,"href":"https:\/\/www.aclanester56.com\/velo\/wp-json\/wp\/v2\/users\/14"}],"replies":[{"embeddable":true,"href":"https:\/\/www.aclanester56.com\/velo\/wp-json\/wp\/v2\/comments?post=3634"}],"version-history":[{"count":0,"href":"https:\/\/www.aclanester56.com\/velo\/wp-json\/wp\/v2\/posts\/3634\/revisions"}],"wp:featuredmedia":[{"embeddable":true,"href":"https:\/\/www.aclanester56.com\/velo\/wp-json\/wp\/v2\/media\/3637"}],"wp:attachment":[{"href":"https:\/\/www.aclanester56.com\/velo\/wp-json\/wp\/v2\/media?parent=3634"}],"wp:term":[{"taxonomy":"category","embeddable":true,"href":"https:\/\/www.aclanester56.com\/velo\/wp-json\/wp\/v2\/categories?post=3634"},{"taxonomy":"post_tag","embeddable":true,"href":"https:\/\/www.aclanester56.com\/velo\/wp-json\/wp\/v2\/tags?post=3634"}],"curies":[{"name":"wp","href":"https:\/\/api.w.org\/{rel}","templated":true}]}}