{"id":36747,"date":"2018-01-13T21:44:42","date_gmt":"2018-01-13T19:44:42","guid":{"rendered":"https:\/\/www.aclanester56.com\/velo\/?p=36747"},"modified":"2018-01-15T12:35:43","modified_gmt":"2018-01-15T10:35:43","slug":"1ere-manche-samedis-pop-2018-classements","status":"publish","type":"post","link":"https:\/\/www.aclanester56.com\/velo\/1ere-manche-samedis-pop-2018-classements\/","title":{"rendered":"1\u00e8re Manche des Samedis Pop&rsquo; 2018 : les classements !"},"content":{"rendered":"<p><!--more--><\/p>\n<p style=\"text-align: justify;\">L\u2019AC LANESTER 56 a organis\u00e9 ce samedi la 1\u00e8re manche des Samedis Pop&rsquo; 2018 sur l\u2019anneau cycliste G\u00e9rard Le Maguer. Ils \u00e9taient 66 participants, filles et gar\u00e7ons n\u00e9s en 2004, 2005, 2006 et 2007 \u00e0 s\u2019affronter sur des \u00e9preuves de scratch.&nbsp;Ceux-ci appartiennent aux clubs de l\u2019AC Lanester 56, le VC Belle-Ile, l\u2019UC Inguiniel, l\u2019UC Quimperl\u00e9, le VC Languidic, l\u2019EC Pluvignoise, l\u2019EC Qu\u00e9ven, Hennebont Cyclisme,&nbsp;le VC Pontivy, l&rsquo;UC Auray, l&rsquo;OC Locmin\u00e9 et le VS Quimper. Le public a pu vibrer au son des commentaires de Thierry et Antoine, qui ont form\u00e9 un excellent duo au micro ! Le bon vin chaud servi par Marie-Claire et Christine a \u00e9galement \u00e9t\u00e9 appr\u00e9ci\u00e9 des spectateurs, d&rsquo;autant plus que la temp\u00e9rature \u00e9tait tr\u00e8s basse.<\/p>\n<p style=\"text-align: justify;\">Depuis l\u2019arr\u00eat des anciens \u00ab&nbsp;Samedis Populaires d\u2019Hiver de la Piste&nbsp;\u00bb, l\u2019AC LANESTER 56 pr\u00e9sid\u00e9 par St\u00e9phane Le Crom continue, sous l\u2019impulsion de Jean-Claude SAGOT,&nbsp;d\u2019organiser ces \u00e9preuves en partenariat avec les clubs voisins, pour permettre aux plus jeunes de d\u00e9couvrir la piste. La 2\u00e8me manche aura lieu le&nbsp;samedi 27 janvier avec des courses aux points, tandis que la finale se d\u00e9roulera sous forme d\u2019\u00e9liminatoires le samedi 10 f\u00e9vrier. Un classement g\u00e9n\u00e9ral sera \u00e9tabli \u00e0 l\u2019issue des trois manches et les vainqueurs seront r\u00e9compens\u00e9s.<\/p>\n<p style=\"text-align: justify;\">Comme l\u2019essentiel est avant tout de participer, les jeunes coureurs d\u00e9sireux de prendre part aux \u00e9preuves suivantes pourront bien entendu s\u2019y inscrire, m\u00eame s\u2019ils n\u2019\u00e9taient pas au d\u00e9part de cette 1\u00e8re manche ! Petite nouveaut\u00e9 pour cette \u00e9dition 2018, les vainqueurs de la 1\u00e8re manche porteront un maillot distinctif de leader sur la 2\u00e8me manche !<\/p>\n<p>Merci \u00e0 Michel Le Douairon pour les photos !<\/p>\nngg_shortcode_0_placeholder\n<p><span style=\"text-decoration: underline; color: #ff6600;\"><strong>Classements<\/strong><\/span><\/p>\n<p><span style=\"text-decoration: underline;\"><strong>Filles n\u00e9es en 2007 et 2006 :<\/strong> <\/span><br \/>\n1 DREANO Clara OC LOCMINE 12 pts<br \/>\n2 LANGLO Ma\u00efwenn UC INGUINIEL 10 pts<br \/>\n3 PHILIPPE Eva EC QUEVEN 8 pts<br \/>\n4 JAFFRE L\u00e9onie AC LANESTER 56 7 pts<br \/>\n5 OLIERIC Manon VC BELLILOIS 6 pts<\/p>\n<p><span style=\"text-decoration: underline;\"><strong>Filles n\u00e9es en 2005 et 2004 :<\/strong> <\/span><br \/>\n1 STEVANT Maud VC PONTIVY 12 pts<br \/>\n2 ESVAN Manuela UC QUIMPERLOISE 10 pts<br \/>\n3 LE CAM L\u00e9ane VC PONTIVY 8 pts<br \/>\n4 PARCHEMIN Nolwen AC PAYS DE BAUD 7 pts<\/p>\n<p><span style=\"text-decoration: underline;\"><strong>Gar\u00e7ons n\u00e9s en 2007 :<\/strong><\/span><br \/>\n1 KERBARH Yanis AC PAYS DE BAUD 12 pts<br \/>\n2 LE GUILLOUX Evan AC PAYS DE BAUD 10 pts<br \/>\n3 JAN Ewen AC PAYS DE BAUD 8 pts<br \/>\n4 PERESSE Alan EC PLUVIGNOISE 7 pts<br \/>\n5 LE DEVEHAT Yoann EC QUEVEN 6 pts<br \/>\n6 LAREUR Alexandre EC QUEVEN 5 pts<br \/>\n7 LOUSSOUARN Lucas AC LANESTER 56 4 pts<br \/>\n8 MIGNOT Guillaume EC PLUVIGNOISE 3 pts<br \/>\n9 RIO Ewen VC LANGUIDIC 2 pts<br \/>\n10 CHATELAIN Gabriel EC PLUVIGNOISE 1 pt<br \/>\n10 GICQUEL Titouan EC PLUVIGNOISE 1 pt<br \/>\n10 HOURMAN Mateo EC PLUVIGNOISE 1 pt<br \/>\n10 LE GALL Ya\u00ebl VC BELLILOIS 1 pt<\/p>\n<p><span style=\"text-decoration: underline;\"><strong>Gar\u00e7ons n\u00e9s en 2006 :<\/strong><\/span><br \/>\n1 OLIVIERO Etienne OC LOCMINE 12 pts<br \/>\n2 LE BOUEDEC Soen AC LANESTER 56 10 pts<br \/>\n3 CHARRIER Dewi AC PAYS DE BAUD 8 pts<br \/>\n4 LE GOIC Th\u00e9o UC ALREENNE 7 pts<br \/>\n5 ABOUD Yanis VC BELLILOIS 6 pts<br \/>\n6 LE GUENNEC Mathias VC PONTIVY 5 pts<br \/>\n7 LE FERRAND Louison VC PONTIVY 4 pts<br \/>\n8 LOEZIC Louenn AC LANESTER 56 3 pts<br \/>\n9 CADIC Yoann VC PONTIVY 2 pts<br \/>\n10 BIGOIN Nathan AC LANESTER 56 1 pt<br \/>\n10 BILIEN Lilian AC LANESTER 56 1 pt<br \/>\n10 BLANC-BIHAN Dylan AC LANESTER 56 1 pt<br \/>\n10 GREVELLEC Awen AC PAYS DE BAUD 1 pt<br \/>\n10 LE BORGNE Cl\u00e9ment AC LANESTER 56 1 pt<br \/>\n10 LE BOUEDEC Julian HENNEBONT CYCLISME 1 pt<br \/>\n10 LE MAO Enzo HENNEBONT CYCLISME 1 pt<br \/>\n10 LE QUERE Malo VC PONTIVY 1 pt<br \/>\n10 PERRIN Cl\u00e9ment VC PONTIVY 1 pt<\/p>\n<p><span style=\"text-decoration: underline;\"><strong>Gar\u00e7ons n\u00e9s en 2005 :<\/strong> <\/span><br \/>\n1 PERENNES Kilian VS QUIMPER 12 pts<br \/>\n2 BENOIST Tristan UC ALREENNE 10 pts<br \/>\n3 JOSSO Meddy AC LANESTER 56 8 pts<br \/>\n4 SINIC Noam UC INGUINIEL 7 pts<br \/>\n5 ELIOT Kyllian VC LANGUIDIC 6 pts<br \/>\n6 HERIQUET Nohan EC QUEVEN 5 pts<br \/>\n7 PORTUGAL Joris VC BELLILOIS 4 pts<br \/>\n8 LE CALVE Gautier AC LANESTER 56 3 pts<br \/>\n9 UHEL-JUHEL Kylian AC LANESTER 56 2 pts<br \/>\n10 CHEREL Maxime VC PONTIVY 1 pt<br \/>\n10 LE BIGOT Alexandre VC PONTIVY 1 pt<br \/>\n10 LE CALVE Hugo UC QUIMPERLOISE 1 pt<br \/>\n10 LE PRIOL Valentin EC QUEVEN 6 pts<br \/>\n10 LEVEQUE Alexandre AC PAYS DE BAUD 1 pt<br \/>\n10 MEALLET Alban AC PAYS DE BAUD 1 pt<br \/>\n10 MORICE Th\u00e9o UC ALREENNE 1 pt<br \/>\n10 RIEUX Kylian AC PAYS DE BAUD 1 pt<\/p>\n<p><span style=\"text-decoration: underline;\"><strong>Gar\u00e7ons n\u00e9s en 2004 :<\/strong> <\/span><br \/>\n1 CHARRIER Houarno AC PAYS DE BAUD 12 pts<br \/>\n2 CONANEC Martin AC PAYS DE BAUD 10 pts<br \/>\n3 FOUILLEN Lucas VC LANGUIDIC 8 pts<br \/>\n4 LAFOSSE Dorian UC INGUINIEL 7 pts<br \/>\n5 LANGLO Corentin UC INGUINIEL 6 pts<br \/>\n6 LE COSSEC Rapha\u00ebl VC LANGUIDIC 5 pts<br \/>\n7 HUFFENUS Paul AC LANESTER 56 4 pts<br \/>\n8 LE BIDEAU Louis EC QUEVEN 3 pts<br \/>\n9 PHILIPPE Esteban EC QUEVEN 2 pts<\/p>\n<p>&nbsp;<\/p>\n","protected":false},"excerpt":{"rendered":"","protected":false},"author":14,"featured_media":36748,"comment_status":"open","ping_status":"open","sticky":false,"template":"","format":"standard","meta":{"ngg_post_thumbnail":0,"footnotes":""},"categories":[5,7,37],"tags":[],"class_list":["post-36747","post","type-post","status-publish","format-standard","has-post-thumbnail","hentry","category-ac-lanester-56","category-organisations","category-samedi-decouverte"],"yoast_head":"<!-- This site is optimized with the Yoast SEO plugin v27.5 - https:\/\/yoast.com\/product\/yoast-seo-wordpress\/ -->\n<title>1\u00e8re Manche des Samedis Pop&#039; 2018 : les classements ! - Avenir Cycliste Lanester 56<\/title>\n<meta name=\"robots\" content=\"index, follow, max-snippet:-1, max-image-preview:large, max-video-preview:-1\" \/>\n<link rel=\"canonical\" href=\"https:\/\/www.aclanester56.com\/velo\/1ere-manche-samedis-pop-2018-classements\/\" \/>\n<meta property=\"og:locale\" content=\"fr_FR\" \/>\n<meta property=\"og:type\" content=\"article\" \/>\n<meta property=\"og:title\" content=\"1\u00e8re Manche des Samedis Pop&#039; 2018 : les classements ! - Avenir Cycliste Lanester 56\" \/>\n<meta property=\"og:url\" content=\"https:\/\/www.aclanester56.com\/velo\/1ere-manche-samedis-pop-2018-classements\/\" \/>\n<meta property=\"og:site_name\" content=\"Avenir Cycliste Lanester 56\" \/>\n<meta property=\"article:publisher\" content=\"https:\/\/www.facebook.com\/pages\/AC-Lanester-56\/190286300991242?fref=ts\" \/>\n<meta property=\"article:published_time\" content=\"2018-01-13T19:44:42+00:00\" \/>\n<meta property=\"article:modified_time\" content=\"2018-01-15T10:35:43+00:00\" \/>\n<meta property=\"og:image\" content=\"https:\/\/www.aclanester56.com\/velo\/wp-content\/uploads\/2018\/01\/LES-SAMEDIS-POP-agenda-Copie.png\" \/>\n\t<meta property=\"og:image:width\" content=\"880\" \/>\n\t<meta property=\"og:image:height\" content=\"450\" \/>\n\t<meta property=\"og:image:type\" content=\"image\/png\" \/>\n<meta name=\"author\" content=\"Jean-Christophe\" \/>\n<meta name=\"twitter:label1\" content=\"\u00c9crit par\" \/>\n\t<meta name=\"twitter:data1\" content=\"Jean-Christophe\" \/>\n\t<meta name=\"twitter:label2\" content=\"Dur\u00e9e de lecture estim\u00e9e\" \/>\n\t<meta name=\"twitter:data2\" content=\"4 minutes\" \/>\n<script type=\"application\/ld+json\" class=\"yoast-schema-graph\">{\"@context\":\"https:\\\/\\\/schema.org\",\"@graph\":[{\"@type\":\"Article\",\"@id\":\"https:\\\/\\\/www.aclanester56.com\\\/velo\\\/1ere-manche-samedis-pop-2018-classements\\\/#article\",\"isPartOf\":{\"@id\":\"https:\\\/\\\/www.aclanester56.com\\\/velo\\\/1ere-manche-samedis-pop-2018-classements\\\/\"},\"author\":{\"name\":\"Jean-Christophe\",\"@id\":\"https:\\\/\\\/www.aclanester56.com\\\/velo\\\/#\\\/schema\\\/person\\\/ca2a44a5fd969e9dd846c72d3b33bc01\"},\"headline\":\"1\u00e8re Manche des Samedis Pop&rsquo; 2018 : les classements !\",\"datePublished\":\"2018-01-13T19:44:42+00:00\",\"dateModified\":\"2018-01-15T10:35:43+00:00\",\"mainEntityOfPage\":{\"@id\":\"https:\\\/\\\/www.aclanester56.com\\\/velo\\\/1ere-manche-samedis-pop-2018-classements\\\/\"},\"wordCount\":769,\"commentCount\":0,\"publisher\":{\"@id\":\"https:\\\/\\\/www.aclanester56.com\\\/velo\\\/#organization\"},\"image\":{\"@id\":\"https:\\\/\\\/www.aclanester56.com\\\/velo\\\/1ere-manche-samedis-pop-2018-classements\\\/#primaryimage\"},\"thumbnailUrl\":\"https:\\\/\\\/www.aclanester56.com\\\/velo\\\/wp-content\\\/uploads\\\/2018\\\/01\\\/LES-SAMEDIS-POP-agenda-Copie.png\",\"articleSection\":[\"AC LANESTER 56\",\"Les organisations\",\"Samedi d\u00e9couverte\"],\"inLanguage\":\"fr-FR\",\"potentialAction\":[{\"@type\":\"CommentAction\",\"name\":\"Comment\",\"target\":[\"https:\\\/\\\/www.aclanester56.com\\\/velo\\\/1ere-manche-samedis-pop-2018-classements\\\/#respond\"]}]},{\"@type\":\"WebPage\",\"@id\":\"https:\\\/\\\/www.aclanester56.com\\\/velo\\\/1ere-manche-samedis-pop-2018-classements\\\/\",\"url\":\"https:\\\/\\\/www.aclanester56.com\\\/velo\\\/1ere-manche-samedis-pop-2018-classements\\\/\",\"name\":\"1\u00e8re Manche des Samedis Pop' 2018 : les classements ! - Avenir Cycliste Lanester 56\",\"isPartOf\":{\"@id\":\"https:\\\/\\\/www.aclanester56.com\\\/velo\\\/#website\"},\"primaryImageOfPage\":{\"@id\":\"https:\\\/\\\/www.aclanester56.com\\\/velo\\\/1ere-manche-samedis-pop-2018-classements\\\/#primaryimage\"},\"image\":{\"@id\":\"https:\\\/\\\/www.aclanester56.com\\\/velo\\\/1ere-manche-samedis-pop-2018-classements\\\/#primaryimage\"},\"thumbnailUrl\":\"https:\\\/\\\/www.aclanester56.com\\\/velo\\\/wp-content\\\/uploads\\\/2018\\\/01\\\/LES-SAMEDIS-POP-agenda-Copie.png\",\"datePublished\":\"2018-01-13T19:44:42+00:00\",\"dateModified\":\"2018-01-15T10:35:43+00:00\",\"inLanguage\":\"fr-FR\",\"potentialAction\":[{\"@type\":\"ReadAction\",\"target\":[\"https:\\\/\\\/www.aclanester56.com\\\/velo\\\/1ere-manche-samedis-pop-2018-classements\\\/\"]}]},{\"@type\":\"ImageObject\",\"inLanguage\":\"fr-FR\",\"@id\":\"https:\\\/\\\/www.aclanester56.com\\\/velo\\\/1ere-manche-samedis-pop-2018-classements\\\/#primaryimage\",\"url\":\"https:\\\/\\\/www.aclanester56.com\\\/velo\\\/wp-content\\\/uploads\\\/2018\\\/01\\\/LES-SAMEDIS-POP-agenda-Copie.png\",\"contentUrl\":\"https:\\\/\\\/www.aclanester56.com\\\/velo\\\/wp-content\\\/uploads\\\/2018\\\/01\\\/LES-SAMEDIS-POP-agenda-Copie.png\",\"width\":880,\"height\":450},{\"@type\":\"WebSite\",\"@id\":\"https:\\\/\\\/www.aclanester56.com\\\/velo\\\/#website\",\"url\":\"https:\\\/\\\/www.aclanester56.com\\\/velo\\\/\",\"name\":\"Avenir Cycliste Lanester 56\",\"description\":\"Club cycliste de l&#039;AC LANESTER 56\",\"publisher\":{\"@id\":\"https:\\\/\\\/www.aclanester56.com\\\/velo\\\/#organization\"},\"potentialAction\":[{\"@type\":\"SearchAction\",\"target\":{\"@type\":\"EntryPoint\",\"urlTemplate\":\"https:\\\/\\\/www.aclanester56.com\\\/velo\\\/?s={search_term_string}\"},\"query-input\":{\"@type\":\"PropertyValueSpecification\",\"valueRequired\":true,\"valueName\":\"search_term_string\"}}],\"inLanguage\":\"fr-FR\"},{\"@type\":\"Organization\",\"@id\":\"https:\\\/\\\/www.aclanester56.com\\\/velo\\\/#organization\",\"name\":\"Avenir Cycliste Lanester 56\",\"url\":\"https:\\\/\\\/www.aclanester56.com\\\/velo\\\/\",\"logo\":{\"@type\":\"ImageObject\",\"inLanguage\":\"fr-FR\",\"@id\":\"https:\\\/\\\/www.aclanester56.com\\\/velo\\\/#\\\/schema\\\/logo\\\/image\\\/\",\"url\":\"https:\\\/\\\/www.aclanester56.com\\\/velo\\\/wp-content\\\/uploads\\\/2013\\\/04\\\/logo-ACL.jpg\",\"contentUrl\":\"https:\\\/\\\/www.aclanester56.com\\\/velo\\\/wp-content\\\/uploads\\\/2013\\\/04\\\/logo-ACL.jpg\",\"width\":400,\"height\":334,\"caption\":\"Avenir Cycliste Lanester 56\"},\"image\":{\"@id\":\"https:\\\/\\\/www.aclanester56.com\\\/velo\\\/#\\\/schema\\\/logo\\\/image\\\/\"},\"sameAs\":[\"https:\\\/\\\/www.facebook.com\\\/pages\\\/AC-Lanester-56\\\/190286300991242?fref=ts\"]},{\"@type\":\"Person\",\"@id\":\"https:\\\/\\\/www.aclanester56.com\\\/velo\\\/#\\\/schema\\\/person\\\/ca2a44a5fd969e9dd846c72d3b33bc01\",\"name\":\"Jean-Christophe\",\"url\":\"https:\\\/\\\/www.aclanester56.com\\\/velo\\\/author\\\/jeanchristophe\\\/\"}]}<\/script>\n<!-- \/ Yoast SEO plugin. -->","yoast_head_json":{"title":"1\u00e8re Manche des Samedis Pop' 2018 : les classements ! - Avenir Cycliste Lanester 56","robots":{"index":"index","follow":"follow","max-snippet":"max-snippet:-1","max-image-preview":"max-image-preview:large","max-video-preview":"max-video-preview:-1"},"canonical":"https:\/\/www.aclanester56.com\/velo\/1ere-manche-samedis-pop-2018-classements\/","og_locale":"fr_FR","og_type":"article","og_title":"1\u00e8re Manche des Samedis Pop' 2018 : les classements ! - Avenir Cycliste Lanester 56","og_url":"https:\/\/www.aclanester56.com\/velo\/1ere-manche-samedis-pop-2018-classements\/","og_site_name":"Avenir Cycliste Lanester 56","article_publisher":"https:\/\/www.facebook.com\/pages\/AC-Lanester-56\/190286300991242?fref=ts","article_published_time":"2018-01-13T19:44:42+00:00","article_modified_time":"2018-01-15T10:35:43+00:00","og_image":[{"width":880,"height":450,"url":"https:\/\/www.aclanester56.com\/velo\/wp-content\/uploads\/2018\/01\/LES-SAMEDIS-POP-agenda-Copie.png","type":"image\/png"}],"author":"Jean-Christophe","twitter_misc":{"\u00c9crit par":"Jean-Christophe","Dur\u00e9e de lecture estim\u00e9e":"4 minutes"},"schema":{"@context":"https:\/\/schema.org","@graph":[{"@type":"Article","@id":"https:\/\/www.aclanester56.com\/velo\/1ere-manche-samedis-pop-2018-classements\/#article","isPartOf":{"@id":"https:\/\/www.aclanester56.com\/velo\/1ere-manche-samedis-pop-2018-classements\/"},"author":{"name":"Jean-Christophe","@id":"https:\/\/www.aclanester56.com\/velo\/#\/schema\/person\/ca2a44a5fd969e9dd846c72d3b33bc01"},"headline":"1\u00e8re Manche des Samedis Pop&rsquo; 2018 : les classements !","datePublished":"2018-01-13T19:44:42+00:00","dateModified":"2018-01-15T10:35:43+00:00","mainEntityOfPage":{"@id":"https:\/\/www.aclanester56.com\/velo\/1ere-manche-samedis-pop-2018-classements\/"},"wordCount":769,"commentCount":0,"publisher":{"@id":"https:\/\/www.aclanester56.com\/velo\/#organization"},"image":{"@id":"https:\/\/www.aclanester56.com\/velo\/1ere-manche-samedis-pop-2018-classements\/#primaryimage"},"thumbnailUrl":"https:\/\/www.aclanester56.com\/velo\/wp-content\/uploads\/2018\/01\/LES-SAMEDIS-POP-agenda-Copie.png","articleSection":["AC LANESTER 56","Les organisations","Samedi d\u00e9couverte"],"inLanguage":"fr-FR","potentialAction":[{"@type":"CommentAction","name":"Comment","target":["https:\/\/www.aclanester56.com\/velo\/1ere-manche-samedis-pop-2018-classements\/#respond"]}]},{"@type":"WebPage","@id":"https:\/\/www.aclanester56.com\/velo\/1ere-manche-samedis-pop-2018-classements\/","url":"https:\/\/www.aclanester56.com\/velo\/1ere-manche-samedis-pop-2018-classements\/","name":"1\u00e8re Manche des Samedis Pop' 2018 : les classements ! - Avenir Cycliste Lanester 56","isPartOf":{"@id":"https:\/\/www.aclanester56.com\/velo\/#website"},"primaryImageOfPage":{"@id":"https:\/\/www.aclanester56.com\/velo\/1ere-manche-samedis-pop-2018-classements\/#primaryimage"},"image":{"@id":"https:\/\/www.aclanester56.com\/velo\/1ere-manche-samedis-pop-2018-classements\/#primaryimage"},"thumbnailUrl":"https:\/\/www.aclanester56.com\/velo\/wp-content\/uploads\/2018\/01\/LES-SAMEDIS-POP-agenda-Copie.png","datePublished":"2018-01-13T19:44:42+00:00","dateModified":"2018-01-15T10:35:43+00:00","inLanguage":"fr-FR","potentialAction":[{"@type":"ReadAction","target":["https:\/\/www.aclanester56.com\/velo\/1ere-manche-samedis-pop-2018-classements\/"]}]},{"@type":"ImageObject","inLanguage":"fr-FR","@id":"https:\/\/www.aclanester56.com\/velo\/1ere-manche-samedis-pop-2018-classements\/#primaryimage","url":"https:\/\/www.aclanester56.com\/velo\/wp-content\/uploads\/2018\/01\/LES-SAMEDIS-POP-agenda-Copie.png","contentUrl":"https:\/\/www.aclanester56.com\/velo\/wp-content\/uploads\/2018\/01\/LES-SAMEDIS-POP-agenda-Copie.png","width":880,"height":450},{"@type":"WebSite","@id":"https:\/\/www.aclanester56.com\/velo\/#website","url":"https:\/\/www.aclanester56.com\/velo\/","name":"Avenir Cycliste Lanester 56","description":"Club cycliste de l&#039;AC LANESTER 56","publisher":{"@id":"https:\/\/www.aclanester56.com\/velo\/#organization"},"potentialAction":[{"@type":"SearchAction","target":{"@type":"EntryPoint","urlTemplate":"https:\/\/www.aclanester56.com\/velo\/?s={search_term_string}"},"query-input":{"@type":"PropertyValueSpecification","valueRequired":true,"valueName":"search_term_string"}}],"inLanguage":"fr-FR"},{"@type":"Organization","@id":"https:\/\/www.aclanester56.com\/velo\/#organization","name":"Avenir Cycliste Lanester 56","url":"https:\/\/www.aclanester56.com\/velo\/","logo":{"@type":"ImageObject","inLanguage":"fr-FR","@id":"https:\/\/www.aclanester56.com\/velo\/#\/schema\/logo\/image\/","url":"https:\/\/www.aclanester56.com\/velo\/wp-content\/uploads\/2013\/04\/logo-ACL.jpg","contentUrl":"https:\/\/www.aclanester56.com\/velo\/wp-content\/uploads\/2013\/04\/logo-ACL.jpg","width":400,"height":334,"caption":"Avenir Cycliste Lanester 56"},"image":{"@id":"https:\/\/www.aclanester56.com\/velo\/#\/schema\/logo\/image\/"},"sameAs":["https:\/\/www.facebook.com\/pages\/AC-Lanester-56\/190286300991242?fref=ts"]},{"@type":"Person","@id":"https:\/\/www.aclanester56.com\/velo\/#\/schema\/person\/ca2a44a5fd969e9dd846c72d3b33bc01","name":"Jean-Christophe","url":"https:\/\/www.aclanester56.com\/velo\/author\/jeanchristophe\/"}]}},"_links":{"self":[{"href":"https:\/\/www.aclanester56.com\/velo\/wp-json\/wp\/v2\/posts\/36747","targetHints":{"allow":["GET"]}}],"collection":[{"href":"https:\/\/www.aclanester56.com\/velo\/wp-json\/wp\/v2\/posts"}],"about":[{"href":"https:\/\/www.aclanester56.com\/velo\/wp-json\/wp\/v2\/types\/post"}],"author":[{"embeddable":true,"href":"https:\/\/www.aclanester56.com\/velo\/wp-json\/wp\/v2\/users\/14"}],"replies":[{"embeddable":true,"href":"https:\/\/www.aclanester56.com\/velo\/wp-json\/wp\/v2\/comments?post=36747"}],"version-history":[{"count":3,"href":"https:\/\/www.aclanester56.com\/velo\/wp-json\/wp\/v2\/posts\/36747\/revisions"}],"predecessor-version":[{"id":36790,"href":"https:\/\/www.aclanester56.com\/velo\/wp-json\/wp\/v2\/posts\/36747\/revisions\/36790"}],"wp:featuredmedia":[{"embeddable":true,"href":"https:\/\/www.aclanester56.com\/velo\/wp-json\/wp\/v2\/media\/36748"}],"wp:attachment":[{"href":"https:\/\/www.aclanester56.com\/velo\/wp-json\/wp\/v2\/media?parent=36747"}],"wp:term":[{"taxonomy":"category","embeddable":true,"href":"https:\/\/www.aclanester56.com\/velo\/wp-json\/wp\/v2\/categories?post=36747"},{"taxonomy":"post_tag","embeddable":true,"href":"https:\/\/www.aclanester56.com\/velo\/wp-json\/wp\/v2\/tags?post=36747"}],"curies":[{"name":"wp","href":"https:\/\/api.w.org\/{rel}","templated":true}]}}