{"id":3678,"date":"2010-08-13T23:23:42","date_gmt":"2010-08-13T22:23:42","guid":{"rendered":"http:\/\/www.aclanester56.com\/velo\/?p=3678"},"modified":"2010-12-30T13:48:55","modified_gmt":"2010-12-30T12:48:55","slug":"2eme-etape-de-la-mi-aout-en-bretagne","status":"publish","type":"post","link":"https:\/\/www.aclanester56.com\/velo\/2eme-etape-de-la-mi-aout-en-bretagne\/","title":{"rendered":"2\u00e8me \u00e9tape de la Mi-Ao\u00fbt en Bretagne"},"content":{"rendered":"<p>La 2\u00e8me \u00e9tape de la Mi-Aout en Bretagne s&rsquo;est disput\u00e9e aujourd&rsquo;hui \u00e0 Poullaouen, dans le Finist\u00e8re, sur une distance de 175 kms.<\/p>\n<p><!--more--><\/p>\n<p><br class=\"spacer_\" \/><\/p>\n<div id=\"attachment_3679\" style=\"width: 310px\" class=\"wp-caption alignleft\"><a rel=\"attachment wp-att-3679\" href=\"http:\/\/www.aclanester56.com\/velo\/2010\/08\/13\/2eme-etape-de-la-mi-aout-en-bretagne\/rz_600__actu_3104_5455\/\"><img loading=\"lazy\" decoding=\"async\" aria-describedby=\"caption-attachment-3679\" class=\"size-medium wp-image-3679\" src=\"http:\/\/www.aclanester56.com\/velo\/wp-content\/uploads\/2010\/08\/rz_600__actu_3104_5455-300x242.jpg\" alt=\"\" width=\"300\" height=\"242\" srcset=\"https:\/\/www.aclanester56.com\/velo\/wp-content\/uploads\/2010\/08\/rz_600__actu_3104_5455-300x242.jpg 300w, https:\/\/www.aclanester56.com\/velo\/wp-content\/uploads\/2010\/08\/rz_600__actu_3104_5455.jpg 600w\" sizes=\"auto, (max-width: 300px) 100vw, 300px\" \/><\/a><p id=\"caption-attachment-3679\" class=\"wp-caption-text\">Warren Barguil (AC Lanester 56) n&#039;est pas pass\u00e9 loin de la victoire aujourd&#039;hui<\/p><\/div>\n<p>D\u00e8s le 10\u00e8me kilom\u00e8tre, 6 coureurs r\u00e9ussissent \u00e0 fausser compagnie au peloton. Le lanest\u00e9rien Warren Barguil r\u00e9ussit \u00e0 revenir sur la t\u00eate avec le professionnel Guillaume Blot (Cofidis). Ils sont donc 8, puis 11 coureurs en t\u00eate quelques kilom\u00e8tres plus tard. Le peloton, contrairement \u00e0 l&rsquo;\u00e9tape d&rsquo;hier, ne va pas laisser beaucoup de champ aux hommes de t\u00eate, puisqu&rsquo;ils compteront au maximum 4 minutes d&rsquo;avance. En arrivant sur le circuit final, l&rsquo;\u00e9cart fond irr\u00e9m\u00e9diablement. Le groupe de t\u00eate commence alors \u00e0 ne plus s&rsquo;entendre et est secou\u00e9 par plusieurs attaques. Du c\u00f4t\u00e9 de l&rsquo;AC Lanester 56, on ne se laisse pas pi\u00e9ger et Warren Barguil est pr\u00e9sent dans tous les coups. A cause de cette m\u00e9sentente \u00e0 l&rsquo;avant, quelques coureurs du peloton arrivent \u00e0 revenir sur eux. A 15 kms de l&rsquo;arriv\u00e9e, Jean-Luc Delpech, professionnel chez Bretagne-Schuller, attaque, bient\u00f4t imit\u00e9 par Warren Barguil (AC Lanester 56). Les deux hommes vont r\u00e9ussir un formidable num\u00e9ro en r\u00e9sistant \u00e0 leurs poursuivants jusqu&rsquo;\u00e0 4kms de l&rsquo;arriv\u00e9e o\u00f9 ils sont repris par les derniers survivants de l&rsquo;\u00e9chapp\u00e9e. La victoire se joue donc au sprint et c&rsquo;est Maxime Renault (Sojasun Espoirs) qui surprend Shinichi Fukushima (Geumsan Ginseng Asia) et Jean-Luc Delpech (Bretagne-Schuller). Le valeureux Warren Barguil, malgr\u00e9 tous ses efforts, r\u00e9ussit \u00e0 accrocher une belle 5\u00e8me place sur cette course internationale.<\/p>\n<p><br class=\"spacer_\" \/><\/p>\n<p>Retrouvez un reportage vid\u00e9o du T\u00e9l\u00e9gramme <a href=\"http:\/\/videos.letelegramme.com\/player.php?sig=iLyROoaf8hAG\">en cliquant ici<\/a>.<\/p>\n<p><br class=\"spacer_\" \/><\/p>\n<p>Demain, la 3\u00e8me \u00e9tape s&rsquo;\u00e9lancera de Pont-Scorff pour r\u00e9aliser, dans un premier temps, 6 tours d&rsquo;un circuit de 14 kms passant Queven, Gestel et Pont-Scorff, pour ensuite, batailler sur le circuit final de 10 kms \u00e0 Cl\u00e9guer \u00e0 parcourir \u00e0 9 reprises. N&rsquo;h\u00e9sitez donc pas \u00e0 aller applaudir et encourager nos coureurs demain, sur cette course internationale !<\/p>\n<p><br class=\"spacer_\" \/><\/p>\n<p><span style=\"text-decoration: underline\"><strong>Classement :<\/strong><\/span><\/p>\n<p>1 RENAULT Maxime Sojasun Esp les 175 km en 4h15&rsquo;41\u00a0\u00bb (moy. 41,066 km\/h)<br \/>\n2 FUKUSHIMA Shinichi GGA \u00e0 0<br \/>\n3 DELPECH Jean-Luc BSC \u00e0 0<br \/>\n4 LALOUETTE K\u00e9vin Aus Pavilly \u00e0 0<br \/>\n<span style=\"background-color: #ff6600\">5 BARGUIL Warren AC Lanester 56\u00a0\u00e0 2<\/span><br \/>\n6 HOUSE Kristian RCS \u00e0 2<br \/>\n7 Mc LAUGHLIN Ronan SKT \u00e0 6<br \/>\n8 LANCON Fran\u00e7ois Brest Iroise \u00e0 6<br \/>\n9 VALENTIN Tristan COF \u00e0 8<br \/>\n10 TIERNAN-LOCK Jonatha RCS \u00e0 8<br \/>\n<span style=\"background-color: #ff6600\">64 SADOUDI K\u00e9vin AC Lanester 56 \u00e0 55<\/span><br \/>\n<span style=\"background-color: #ff6600\">76 GUEZENNEC Vincent AC Lanester 56\u00a0\u00e0 55<\/span><br \/>\n<span style=\"background-color: #ff6600\">86 RAGOT Vincent AC Lanester 56\u00a0\u00e0 55<\/span><\/p>\n<p><br class=\"spacer_\" \/><\/p>\n<p><em><strong>Remerciements au service communication du comit\u00e9 de Bretagne www.bretagne-cyclisme.com pour la photo.<\/strong><\/em><\/p>\n<p><br class=\"spacer_\" \/><\/p>\n","protected":false},"excerpt":{"rendered":"<p>La 2\u00e8me \u00e9tape de la Mi-Aout en Bretagne s&rsquo;est disput\u00e9e aujourd&rsquo;hui \u00e0 Poullaouen, dans le Finist\u00e8re, sur une distance de [&hellip;]<\/p>\n","protected":false},"author":14,"featured_media":3679,"comment_status":"open","ping_status":"open","sticky":false,"template":"","format":"standard","meta":{"ngg_post_thumbnail":0,"footnotes":""},"categories":[5,16,17],"tags":[],"class_list":["post-3678","post","type-post","status-publish","format-standard","has-post-thumbnail","hentry","category-ac-lanester-56","category-resultats","category-resultats-dn"],"yoast_head":"<!-- This site is optimized with the Yoast SEO plugin v27.5 - https:\/\/yoast.com\/product\/yoast-seo-wordpress\/ -->\n<title>2\u00e8me \u00e9tape de la Mi-Ao\u00fbt en Bretagne - Avenir Cycliste Lanester 56<\/title>\n<meta name=\"robots\" content=\"index, follow, max-snippet:-1, max-image-preview:large, max-video-preview:-1\" \/>\n<link rel=\"canonical\" href=\"https:\/\/www.aclanester56.com\/velo\/2eme-etape-de-la-mi-aout-en-bretagne\/\" \/>\n<meta property=\"og:locale\" content=\"fr_FR\" \/>\n<meta property=\"og:type\" content=\"article\" \/>\n<meta property=\"og:title\" content=\"2\u00e8me \u00e9tape de la Mi-Ao\u00fbt en Bretagne - Avenir Cycliste Lanester 56\" \/>\n<meta property=\"og:description\" content=\"La 2\u00e8me \u00e9tape de la Mi-Aout en Bretagne s&rsquo;est disput\u00e9e aujourd&rsquo;hui \u00e0 Poullaouen, dans le Finist\u00e8re, sur une distance de [&hellip;]\" \/>\n<meta property=\"og:url\" content=\"https:\/\/www.aclanester56.com\/velo\/2eme-etape-de-la-mi-aout-en-bretagne\/\" \/>\n<meta property=\"og:site_name\" content=\"Avenir Cycliste Lanester 56\" \/>\n<meta property=\"article:publisher\" content=\"https:\/\/www.facebook.com\/pages\/AC-Lanester-56\/190286300991242?fref=ts\" \/>\n<meta property=\"article:published_time\" content=\"2010-08-13T22:23:42+00:00\" \/>\n<meta property=\"article:modified_time\" content=\"2010-12-30T12:48:55+00:00\" \/>\n<meta property=\"og:image\" content=\"https:\/\/www.aclanester56.com\/velo\/wp-content\/uploads\/2010\/08\/rz_600__actu_3104_5455.jpg\" \/>\n\t<meta property=\"og:image:width\" content=\"600\" \/>\n\t<meta property=\"og:image:height\" content=\"484\" \/>\n\t<meta property=\"og:image:type\" content=\"image\/jpeg\" \/>\n<meta name=\"author\" content=\"Jean-Christophe\" \/>\n<meta name=\"twitter:label1\" content=\"\u00c9crit par\" \/>\n\t<meta name=\"twitter:data1\" content=\"Jean-Christophe\" \/>\n\t<meta name=\"twitter:label2\" content=\"Dur\u00e9e de lecture estim\u00e9e\" \/>\n\t<meta name=\"twitter:data2\" content=\"2 minutes\" \/>\n<script type=\"application\/ld+json\" class=\"yoast-schema-graph\">{\"@context\":\"https:\\\/\\\/schema.org\",\"@graph\":[{\"@type\":\"Article\",\"@id\":\"https:\\\/\\\/www.aclanester56.com\\\/velo\\\/2eme-etape-de-la-mi-aout-en-bretagne\\\/#article\",\"isPartOf\":{\"@id\":\"https:\\\/\\\/www.aclanester56.com\\\/velo\\\/2eme-etape-de-la-mi-aout-en-bretagne\\\/\"},\"author\":{\"name\":\"Jean-Christophe\",\"@id\":\"https:\\\/\\\/www.aclanester56.com\\\/velo\\\/#\\\/schema\\\/person\\\/ca2a44a5fd969e9dd846c72d3b33bc01\"},\"headline\":\"2\u00e8me \u00e9tape de la Mi-Ao\u00fbt en Bretagne\",\"datePublished\":\"2010-08-13T22:23:42+00:00\",\"dateModified\":\"2010-12-30T12:48:55+00:00\",\"mainEntityOfPage\":{\"@id\":\"https:\\\/\\\/www.aclanester56.com\\\/velo\\\/2eme-etape-de-la-mi-aout-en-bretagne\\\/\"},\"wordCount\":418,\"commentCount\":0,\"publisher\":{\"@id\":\"https:\\\/\\\/www.aclanester56.com\\\/velo\\\/#organization\"},\"image\":{\"@id\":\"https:\\\/\\\/www.aclanester56.com\\\/velo\\\/2eme-etape-de-la-mi-aout-en-bretagne\\\/#primaryimage\"},\"thumbnailUrl\":\"https:\\\/\\\/www.aclanester56.com\\\/velo\\\/wp-content\\\/uploads\\\/2010\\\/08\\\/rz_600__actu_3104_5455.jpg\",\"articleSection\":[\"AC LANESTER 56\",\"R\u00e9sultats\",\"R\u00e9sultats DN\"],\"inLanguage\":\"fr-FR\",\"potentialAction\":[{\"@type\":\"CommentAction\",\"name\":\"Comment\",\"target\":[\"https:\\\/\\\/www.aclanester56.com\\\/velo\\\/2eme-etape-de-la-mi-aout-en-bretagne\\\/#respond\"]}]},{\"@type\":\"WebPage\",\"@id\":\"https:\\\/\\\/www.aclanester56.com\\\/velo\\\/2eme-etape-de-la-mi-aout-en-bretagne\\\/\",\"url\":\"https:\\\/\\\/www.aclanester56.com\\\/velo\\\/2eme-etape-de-la-mi-aout-en-bretagne\\\/\",\"name\":\"2\u00e8me \u00e9tape de la Mi-Ao\u00fbt en Bretagne - Avenir Cycliste Lanester 56\",\"isPartOf\":{\"@id\":\"https:\\\/\\\/www.aclanester56.com\\\/velo\\\/#website\"},\"primaryImageOfPage\":{\"@id\":\"https:\\\/\\\/www.aclanester56.com\\\/velo\\\/2eme-etape-de-la-mi-aout-en-bretagne\\\/#primaryimage\"},\"image\":{\"@id\":\"https:\\\/\\\/www.aclanester56.com\\\/velo\\\/2eme-etape-de-la-mi-aout-en-bretagne\\\/#primaryimage\"},\"thumbnailUrl\":\"https:\\\/\\\/www.aclanester56.com\\\/velo\\\/wp-content\\\/uploads\\\/2010\\\/08\\\/rz_600__actu_3104_5455.jpg\",\"datePublished\":\"2010-08-13T22:23:42+00:00\",\"dateModified\":\"2010-12-30T12:48:55+00:00\",\"inLanguage\":\"fr-FR\",\"potentialAction\":[{\"@type\":\"ReadAction\",\"target\":[\"https:\\\/\\\/www.aclanester56.com\\\/velo\\\/2eme-etape-de-la-mi-aout-en-bretagne\\\/\"]}]},{\"@type\":\"ImageObject\",\"inLanguage\":\"fr-FR\",\"@id\":\"https:\\\/\\\/www.aclanester56.com\\\/velo\\\/2eme-etape-de-la-mi-aout-en-bretagne\\\/#primaryimage\",\"url\":\"https:\\\/\\\/www.aclanester56.com\\\/velo\\\/wp-content\\\/uploads\\\/2010\\\/08\\\/rz_600__actu_3104_5455.jpg\",\"contentUrl\":\"https:\\\/\\\/www.aclanester56.com\\\/velo\\\/wp-content\\\/uploads\\\/2010\\\/08\\\/rz_600__actu_3104_5455.jpg\",\"width\":600,\"height\":484,\"caption\":\"Warren Barguil (AC Lanester 56) n'est pas pass\u00e9 loin de la victoire aujourd'hui\"},{\"@type\":\"WebSite\",\"@id\":\"https:\\\/\\\/www.aclanester56.com\\\/velo\\\/#website\",\"url\":\"https:\\\/\\\/www.aclanester56.com\\\/velo\\\/\",\"name\":\"Avenir Cycliste Lanester 56\",\"description\":\"Club cycliste de l&#039;AC LANESTER 56\",\"publisher\":{\"@id\":\"https:\\\/\\\/www.aclanester56.com\\\/velo\\\/#organization\"},\"potentialAction\":[{\"@type\":\"SearchAction\",\"target\":{\"@type\":\"EntryPoint\",\"urlTemplate\":\"https:\\\/\\\/www.aclanester56.com\\\/velo\\\/?s={search_term_string}\"},\"query-input\":{\"@type\":\"PropertyValueSpecification\",\"valueRequired\":true,\"valueName\":\"search_term_string\"}}],\"inLanguage\":\"fr-FR\"},{\"@type\":\"Organization\",\"@id\":\"https:\\\/\\\/www.aclanester56.com\\\/velo\\\/#organization\",\"name\":\"Avenir Cycliste Lanester 56\",\"url\":\"https:\\\/\\\/www.aclanester56.com\\\/velo\\\/\",\"logo\":{\"@type\":\"ImageObject\",\"inLanguage\":\"fr-FR\",\"@id\":\"https:\\\/\\\/www.aclanester56.com\\\/velo\\\/#\\\/schema\\\/logo\\\/image\\\/\",\"url\":\"https:\\\/\\\/www.aclanester56.com\\\/velo\\\/wp-content\\\/uploads\\\/2013\\\/04\\\/logo-ACL.jpg\",\"contentUrl\":\"https:\\\/\\\/www.aclanester56.com\\\/velo\\\/wp-content\\\/uploads\\\/2013\\\/04\\\/logo-ACL.jpg\",\"width\":400,\"height\":334,\"caption\":\"Avenir Cycliste Lanester 56\"},\"image\":{\"@id\":\"https:\\\/\\\/www.aclanester56.com\\\/velo\\\/#\\\/schema\\\/logo\\\/image\\\/\"},\"sameAs\":[\"https:\\\/\\\/www.facebook.com\\\/pages\\\/AC-Lanester-56\\\/190286300991242?fref=ts\"]},{\"@type\":\"Person\",\"@id\":\"https:\\\/\\\/www.aclanester56.com\\\/velo\\\/#\\\/schema\\\/person\\\/ca2a44a5fd969e9dd846c72d3b33bc01\",\"name\":\"Jean-Christophe\",\"url\":\"https:\\\/\\\/www.aclanester56.com\\\/velo\\\/author\\\/jeanchristophe\\\/\"}]}<\/script>\n<!-- \/ Yoast SEO plugin. -->","yoast_head_json":{"title":"2\u00e8me \u00e9tape de la Mi-Ao\u00fbt en Bretagne - Avenir Cycliste Lanester 56","robots":{"index":"index","follow":"follow","max-snippet":"max-snippet:-1","max-image-preview":"max-image-preview:large","max-video-preview":"max-video-preview:-1"},"canonical":"https:\/\/www.aclanester56.com\/velo\/2eme-etape-de-la-mi-aout-en-bretagne\/","og_locale":"fr_FR","og_type":"article","og_title":"2\u00e8me \u00e9tape de la Mi-Ao\u00fbt en Bretagne - Avenir Cycliste Lanester 56","og_description":"La 2\u00e8me \u00e9tape de la Mi-Aout en Bretagne s&rsquo;est disput\u00e9e aujourd&rsquo;hui \u00e0 Poullaouen, dans le Finist\u00e8re, sur une distance de [&hellip;]","og_url":"https:\/\/www.aclanester56.com\/velo\/2eme-etape-de-la-mi-aout-en-bretagne\/","og_site_name":"Avenir Cycliste Lanester 56","article_publisher":"https:\/\/www.facebook.com\/pages\/AC-Lanester-56\/190286300991242?fref=ts","article_published_time":"2010-08-13T22:23:42+00:00","article_modified_time":"2010-12-30T12:48:55+00:00","og_image":[{"width":600,"height":484,"url":"https:\/\/www.aclanester56.com\/velo\/wp-content\/uploads\/2010\/08\/rz_600__actu_3104_5455.jpg","type":"image\/jpeg"}],"author":"Jean-Christophe","twitter_misc":{"\u00c9crit par":"Jean-Christophe","Dur\u00e9e de lecture estim\u00e9e":"2 minutes"},"schema":{"@context":"https:\/\/schema.org","@graph":[{"@type":"Article","@id":"https:\/\/www.aclanester56.com\/velo\/2eme-etape-de-la-mi-aout-en-bretagne\/#article","isPartOf":{"@id":"https:\/\/www.aclanester56.com\/velo\/2eme-etape-de-la-mi-aout-en-bretagne\/"},"author":{"name":"Jean-Christophe","@id":"https:\/\/www.aclanester56.com\/velo\/#\/schema\/person\/ca2a44a5fd969e9dd846c72d3b33bc01"},"headline":"2\u00e8me \u00e9tape de la Mi-Ao\u00fbt en Bretagne","datePublished":"2010-08-13T22:23:42+00:00","dateModified":"2010-12-30T12:48:55+00:00","mainEntityOfPage":{"@id":"https:\/\/www.aclanester56.com\/velo\/2eme-etape-de-la-mi-aout-en-bretagne\/"},"wordCount":418,"commentCount":0,"publisher":{"@id":"https:\/\/www.aclanester56.com\/velo\/#organization"},"image":{"@id":"https:\/\/www.aclanester56.com\/velo\/2eme-etape-de-la-mi-aout-en-bretagne\/#primaryimage"},"thumbnailUrl":"https:\/\/www.aclanester56.com\/velo\/wp-content\/uploads\/2010\/08\/rz_600__actu_3104_5455.jpg","articleSection":["AC LANESTER 56","R\u00e9sultats","R\u00e9sultats DN"],"inLanguage":"fr-FR","potentialAction":[{"@type":"CommentAction","name":"Comment","target":["https:\/\/www.aclanester56.com\/velo\/2eme-etape-de-la-mi-aout-en-bretagne\/#respond"]}]},{"@type":"WebPage","@id":"https:\/\/www.aclanester56.com\/velo\/2eme-etape-de-la-mi-aout-en-bretagne\/","url":"https:\/\/www.aclanester56.com\/velo\/2eme-etape-de-la-mi-aout-en-bretagne\/","name":"2\u00e8me \u00e9tape de la Mi-Ao\u00fbt en Bretagne - Avenir Cycliste Lanester 56","isPartOf":{"@id":"https:\/\/www.aclanester56.com\/velo\/#website"},"primaryImageOfPage":{"@id":"https:\/\/www.aclanester56.com\/velo\/2eme-etape-de-la-mi-aout-en-bretagne\/#primaryimage"},"image":{"@id":"https:\/\/www.aclanester56.com\/velo\/2eme-etape-de-la-mi-aout-en-bretagne\/#primaryimage"},"thumbnailUrl":"https:\/\/www.aclanester56.com\/velo\/wp-content\/uploads\/2010\/08\/rz_600__actu_3104_5455.jpg","datePublished":"2010-08-13T22:23:42+00:00","dateModified":"2010-12-30T12:48:55+00:00","inLanguage":"fr-FR","potentialAction":[{"@type":"ReadAction","target":["https:\/\/www.aclanester56.com\/velo\/2eme-etape-de-la-mi-aout-en-bretagne\/"]}]},{"@type":"ImageObject","inLanguage":"fr-FR","@id":"https:\/\/www.aclanester56.com\/velo\/2eme-etape-de-la-mi-aout-en-bretagne\/#primaryimage","url":"https:\/\/www.aclanester56.com\/velo\/wp-content\/uploads\/2010\/08\/rz_600__actu_3104_5455.jpg","contentUrl":"https:\/\/www.aclanester56.com\/velo\/wp-content\/uploads\/2010\/08\/rz_600__actu_3104_5455.jpg","width":600,"height":484,"caption":"Warren Barguil (AC Lanester 56) n'est pas pass\u00e9 loin de la victoire aujourd'hui"},{"@type":"WebSite","@id":"https:\/\/www.aclanester56.com\/velo\/#website","url":"https:\/\/www.aclanester56.com\/velo\/","name":"Avenir Cycliste Lanester 56","description":"Club cycliste de l&#039;AC LANESTER 56","publisher":{"@id":"https:\/\/www.aclanester56.com\/velo\/#organization"},"potentialAction":[{"@type":"SearchAction","target":{"@type":"EntryPoint","urlTemplate":"https:\/\/www.aclanester56.com\/velo\/?s={search_term_string}"},"query-input":{"@type":"PropertyValueSpecification","valueRequired":true,"valueName":"search_term_string"}}],"inLanguage":"fr-FR"},{"@type":"Organization","@id":"https:\/\/www.aclanester56.com\/velo\/#organization","name":"Avenir Cycliste Lanester 56","url":"https:\/\/www.aclanester56.com\/velo\/","logo":{"@type":"ImageObject","inLanguage":"fr-FR","@id":"https:\/\/www.aclanester56.com\/velo\/#\/schema\/logo\/image\/","url":"https:\/\/www.aclanester56.com\/velo\/wp-content\/uploads\/2013\/04\/logo-ACL.jpg","contentUrl":"https:\/\/www.aclanester56.com\/velo\/wp-content\/uploads\/2013\/04\/logo-ACL.jpg","width":400,"height":334,"caption":"Avenir Cycliste Lanester 56"},"image":{"@id":"https:\/\/www.aclanester56.com\/velo\/#\/schema\/logo\/image\/"},"sameAs":["https:\/\/www.facebook.com\/pages\/AC-Lanester-56\/190286300991242?fref=ts"]},{"@type":"Person","@id":"https:\/\/www.aclanester56.com\/velo\/#\/schema\/person\/ca2a44a5fd969e9dd846c72d3b33bc01","name":"Jean-Christophe","url":"https:\/\/www.aclanester56.com\/velo\/author\/jeanchristophe\/"}]}},"_links":{"self":[{"href":"https:\/\/www.aclanester56.com\/velo\/wp-json\/wp\/v2\/posts\/3678","targetHints":{"allow":["GET"]}}],"collection":[{"href":"https:\/\/www.aclanester56.com\/velo\/wp-json\/wp\/v2\/posts"}],"about":[{"href":"https:\/\/www.aclanester56.com\/velo\/wp-json\/wp\/v2\/types\/post"}],"author":[{"embeddable":true,"href":"https:\/\/www.aclanester56.com\/velo\/wp-json\/wp\/v2\/users\/14"}],"replies":[{"embeddable":true,"href":"https:\/\/www.aclanester56.com\/velo\/wp-json\/wp\/v2\/comments?post=3678"}],"version-history":[{"count":0,"href":"https:\/\/www.aclanester56.com\/velo\/wp-json\/wp\/v2\/posts\/3678\/revisions"}],"wp:featuredmedia":[{"embeddable":true,"href":"https:\/\/www.aclanester56.com\/velo\/wp-json\/wp\/v2\/media\/3679"}],"wp:attachment":[{"href":"https:\/\/www.aclanester56.com\/velo\/wp-json\/wp\/v2\/media?parent=3678"}],"wp:term":[{"taxonomy":"category","embeddable":true,"href":"https:\/\/www.aclanester56.com\/velo\/wp-json\/wp\/v2\/categories?post=3678"},{"taxonomy":"post_tag","embeddable":true,"href":"https:\/\/www.aclanester56.com\/velo\/wp-json\/wp\/v2\/tags?post=3678"}],"curies":[{"name":"wp","href":"https:\/\/api.w.org\/{rel}","templated":true}]}}