{"id":3697,"date":"2010-08-16T09:00:04","date_gmt":"2010-08-16T08:00:04","guid":{"rendered":"http:\/\/www.aclanester56.com\/velo\/?p=3697"},"modified":"2010-09-03T15:14:00","modified_gmt":"2010-09-03T14:14:00","slug":"les-juniors-lanesteriens-sur-la-ronde-des-vallees-internationale-a-hemonstoir","status":"publish","type":"post","link":"https:\/\/www.aclanester56.com\/velo\/les-juniors-lanesteriens-sur-la-ronde-des-vallees-internationale-a-hemonstoir\/","title":{"rendered":"Les juniors lanest\u00e9riens sur la Ronde des Vall\u00e9es internationale \u00e0 H\u00e9monstoir"},"content":{"rendered":"<p>La Ronde des Vall\u00e9es s&rsquo;est d\u00e9roul\u00e9e ce dimanche \u00e0 H\u00e9monstoir, dans les C\u00f4tes d&rsquo;Armor. Cette \u00e9preuve internationale s&rsquo;est disput\u00e9e sur 2 \u00e9tapes et le niveau des coureurs pr\u00e9sents au d\u00e9part \u00e9tait extr\u00eamement relev\u00e9. On notait, en effet, la pr\u00e9sence du champion du monde Olivier Le Gac, mais aussi de plusieurs pensionnaires de l&rsquo;\u00e9quipe de France juniors, de la totalit\u00e9 de l&rsquo;\u00e9quipe de Bretagne qui participera en fin de semaine au championnat de France de l&rsquo;Avenir, et beaucoup d&rsquo;\u00e9trangers comme des Belges et des Canadiens &#8230; L&rsquo;\u00e9quipe de l&rsquo;AC Lanester 56 comptait 4 coureurs au d\u00e9part et \u00e9tait encadr\u00e9e par Jean-Marc Morvan et Davy Le Ker.<\/p>\n<p><!--more--><\/p>\n<p><br class=\"spacer_\" \/><\/p>\n<p>La premi\u00e8re \u00e9tape consistait en un contre-la-montre individuel de 9.2 kms disput\u00e9 ce dimanche matin. La victoire revient au bourguignon Sebastien Bergeret, membre de l&rsquo;\u00e9quipe de France. Le Lanest\u00e9rien Anthony Mira r\u00e9alise un bon contre-la-montre, puisqu&rsquo;il termine 17\u00e8me \u00e0 39&Prime; du premier. Bon chrono \u00e9galement pour Gildas Le Priellec qui termine 57\u00e8me \u00e0 1&rsquo;21\u00a0\u00bb. Thomas Le Boucher a \u00e9t\u00e9 malchanceux sur cette premi\u00e8re \u00e9tape puisqu&rsquo;il a perdu presque une minute sur une crevaison de la roue arri\u00e8re, mais \u00e9tait vraiment costaud puisqu&rsquo;il ne conc\u00e8de que 1&rsquo;35\u00a0\u00bb au premier. Heimrick Siby termine 93\u00e8me \u00e0 2&rsquo;02 sur ce difficile parcours.<\/p>\n<p><strong><span style=\"text-decoration: underline\">Classement :<\/span><\/strong><\/p>\n<p>1\u00a0BERGERET S\u00e9bastien\u00a0Bourgogne les 9.2 kms en 13&rsquo;05\u00a0\u00bb<br \/>\n 2\u00a0THEVENEZ Geoffrey\u00a0Comit\u00e9 Champagne\u00a0\u00e0\u00a000:06<br \/>\n 3\u00a0CAM Maxime\u00a0UC Briochine\u00a0\u00e0\u00a000:14<br \/>\n 4\u00a0COLAS Vincent\u00a0Comit\u00e9 Cotes d&rsquo;Armor 1\u00a0\u00e0\u00a000:16<br \/>\n 5\u00a0BRIARD Etienne\u00a0Mixte 1\u00a0\u00e0\u00a0mt<br \/>\n 6\u00a0GUYOT Romain\u00a0Angers cyclisme\u00a0\u00e0\u00a000:17<br \/>\n 7\u00a0LE ROUX Romain\u00a0Comit\u00e9 Finist\u00e8re\u00a0\u00e0\u00a000:23<br \/>\n 8\u00a0DELAPLACE C\u00e9dric\u00a0AS Tourlaville Cyclisme\u00a0\u00e0\u00a000:29<br \/>\n 9\u00a0LE GROS Adrien\u00a0Argenteuil val de seine 95\u00a0\u00e0\u00a000:31<br \/>\n 10\u00a0LE GAC Olivier\u00a0Comit\u00e9 Finist\u00e8re\u00a0\u00e0\u00a000:34<br \/>\n <span style=\"background-color: #ff6600\">17\u00a0MIRA Anthony\u00a0AC Lanester 56\u00a0\u00e0\u00a000:39<\/span><br \/>\n <span style=\"background-color: #ff6600\">57\u00a0LE PRIELEC Gildas\u00a0AC Lanester 56\u00a0\u00e0\u00a0<span style=\"background-color: #ff6600\">m<\/span><\/span><span style=\"background-color: #ff6600\">t<\/span><br \/>\n <span style=\"background-color: #ff6600\">68\u00a0LE BOUCHER Thomas\u00a0AC Lanester 56\u00a0\u00e0\u00a001:35<\/span><br \/>\n <span style=\"background-color: #ff6600\">93\u00a0SIBY Heimrick\u00a0AC Lanester 56\u00a0\u00e0\u00a002:02<\/span><\/p>\n<p><br class=\"spacer_\" \/><\/p>\n<p>La deuxi\u00e8me \u00e9tape se disputait l&rsquo;apr\u00e8s-midi sur une course en ligne relativement difficile de 120.1 kms. \u00a0Le d\u00e9part est tr\u00e8s rapide et un groupe de 9 coureurs prennent l&rsquo;avantage d\u00e8s le 12\u00e8me kilom\u00e8tre de course. 6 coureurs parviennent \u00e0 revenir sur la t\u00eate au 63\u00e8me kilom\u00e8tre. Malheureusement, les juniors de l&rsquo;AC Lanester 56 n&rsquo;ont pas r\u00e9ussi \u00e0 int\u00e9grer cette \u00e9chapp\u00e9e de 15 coureurs. La grosse bagarre a lieu dans la deuxi\u00e8me ascension de la journ\u00e9e, comptant pour le classement du meilleur grimpeur. \u00a0Apr\u00e8s la crevaison de Thomas le matin, c&rsquo;est Anthony Mira qui doit changer de roue sur bris de rayon au plus mauvais moment de la course. \u00ab\u00a0La poisse \u00ab\u00a0, selon les mots de Jean-Marc Morvan. Heureusement, Anthony reviendra rapidement dans le peloton. Pour donner une id\u00e9e de l&rsquo;allure de cette \u00e9preuve, plus de 41 kms ont \u00e9t\u00e9 parcourus dans la 2\u00e8me heure de course ! Juste avant d&rsquo;entrer sur le circuit final, un regroupement de 28 coureurs s&rsquo;op\u00e8re en t\u00eate de course : Anthony Mira figure dans ce groupe. Apr\u00e8s les 5 tours de circuit final qui ont \u00e9t\u00e9 tr\u00e8s anim\u00e9es par des attaques incessantes, ce sont finalement 31 coureurs qui se sont pr\u00e9senter group\u00e9s \u00e0 l&rsquo;arriv\u00e9e et c&rsquo;est le finist\u00e9rien Geoffrey Millour qui l&#8217;emportait. Anthony termine 19\u00e8me. Les trois autre coureurs de l&rsquo;AC Lanester 56 \u00a0terminent honorablement dans le peloton : Heimrick Siby 65\u00e8me, Thomas Le Boucher 66\u00e8me et Gildas Le Priellec 67\u00e8me. \u00a0Au g\u00e9n\u00e9ral, Anthony Mira figure \u00e0 une belle 15\u00e8me place.<\/p>\n<p><span style=\"text-decoration: underline\"><strong>Classement de la 2\u00e8me \u00e9tape :<\/strong><\/span><\/p>\n<p>1\u00a0MILLOUR Geoffrey\u00a0Comit\u00e9 Finist\u00e8re\u00a0\u00a0<br \/>\n2\u00a0MARTIN Guillaume\u00a0Selection Manche\u00a0\u00a0<br \/>\n3\u00a0DUPE Bastien\u00a0Angers cyclisme\u00a0\u00a0<br \/>\n4\u00a0HARDY Ronan\u00a0Mixte 2 Sabl\u00e9 Conlie 72\u00a0\u00a0<br \/>\n5\u00a0BLANCHON Luc\u00a0Argenteuil val de seine 95\u00a0\u00a0<br \/>\n6\u00a0CALLAOU Yvan\u00a0Auvergne\u00a0\u00a0<br \/>\n7\u00a0COLAS Vincent\u00a0Comit\u00e9 Cotes d&rsquo;Armor 1\u00a0\u00a0<br \/>\n8\u00a0LE GAC Olivier\u00a0Comit\u00e9 Finist\u00e8re\u00a0\u00a0<br \/>\n9\u00a0YSSAAD Yannis\u00a0Argenteuil val de seine 95\u00a0\u00a0<br \/>\n10\u00a0EYSKENS Jeroen\u00a0Young museeuw test team\u00a0\u00a0<br \/>\n<span style=\"background-color: #ff6600\">19\u00a0MIRA Anthony\u00a0AC Lanester 56<\/span> <br \/>\n<span style=\"background-color: #ff6600\">65\u00a0SIBY Heimrick\u00a0AC Lanester 56<\/span> <br \/>\n<span style=\"background-color: #ff6600\">66\u00a0LE BOUCHER Thomas\u00a0AC Lanester 56<\/span> <br \/>\n<span style=\"background-color: #ff6600\">67\u00a0LE PRIELEC Gildas\u00a0AC Lanester 56<\/span><\/p>\n<p><br class=\"spacer_\" \/><\/p>\n<p><span style=\"text-decoration: underline\"><strong>Classement g\u00e9n\u00e9ral final :<\/strong><\/span><\/p>\n<p>1\u00a0BERGERET S\u00e9bastien\u00a0Bourgogne\u00a03:13:16<br \/>\n2\u00a0CAM Maxime\u00a0UC Briochine\u00a03:13:30<br \/>\n3\u00a0COLAS Vincent\u00a0Comit\u00e9 Cotes d&rsquo;Armor 1\u00a03:13:32<br \/>\n4\u00a0BRIARD Etienne\u00a0Mixte 1\u00a03:13:32<br \/>\n5\u00a0GUYOT Romain\u00a0Angers Cyclisme\u00a03:13:33<br \/>\n6\u00a0LE ROUX Romain\u00a0Comit\u00e9 Finist\u00e8re\u00a03:13:39<br \/>\n7\u00a0DELAPLACE C\u00e9dric\u00a0AS Tourlaville Cyclisme\u00a03:13:45<br \/>\n8\u00a0LE GROS Adrien\u00a0Argenteuil val de seine 95\u00a03:13:47<br \/>\n9\u00a0LE GAC Olivier\u00a0Comit\u00e9 Finist\u00e8re\u00a03:13:50<br \/>\n10\u00a0DAHL Kris\u00a0Canada\u00a03:13:50<br \/>\n<span style=\"background-color: #ff6600\">15\u00a0MIRA Anthony\u00a0AC Lanester 56\u00a03:13:55<\/span><br \/>\n<span style=\"background-color: #ff6600\">63\u00a0LE PRIELEC Gildas\u00a0AC Lanester 56\u00a03:20:15<\/span><br \/>\n<span style=\"background-color: #ff6600\">70\u00a0LE BOUCHER Thomas\u00a0AC Lanester 56\u00a03:20:29<\/span><br \/>\n<span style=\"background-color: #ff6600\">78\u00a0SIBY Heimrick\u00a0AC Lanester 56\u00a03:20:56<\/span><\/p>\n<p><br class=\"spacer_\" \/><\/p>\n","protected":false},"excerpt":{"rendered":"<p>La Ronde des Vall\u00e9es s&rsquo;est d\u00e9roul\u00e9e ce dimanche \u00e0 H\u00e9monstoir, dans les C\u00f4tes d&rsquo;Armor. Cette \u00e9preuve internationale s&rsquo;est disput\u00e9e sur [&hellip;]<\/p>\n","protected":false},"author":14,"featured_media":0,"comment_status":"open","ping_status":"open","sticky":false,"template":"","format":"standard","meta":{"ngg_post_thumbnail":0,"footnotes":""},"categories":[5,16,21],"tags":[],"class_list":["post-3697","post","type-post","status-publish","format-standard","hentry","category-ac-lanester-56","category-resultats","category-resultats-juniors"],"yoast_head":"<!-- This site is optimized with the Yoast SEO plugin v27.5 - https:\/\/yoast.com\/product\/yoast-seo-wordpress\/ -->\n<title>Les juniors lanest\u00e9riens sur la Ronde des Vall\u00e9es internationale \u00e0 H\u00e9monstoir - Avenir Cycliste Lanester 56<\/title>\n<meta name=\"robots\" content=\"index, follow, max-snippet:-1, max-image-preview:large, max-video-preview:-1\" \/>\n<link rel=\"canonical\" href=\"https:\/\/www.aclanester56.com\/velo\/les-juniors-lanesteriens-sur-la-ronde-des-vallees-internationale-a-hemonstoir\/\" \/>\n<meta property=\"og:locale\" content=\"fr_FR\" \/>\n<meta property=\"og:type\" content=\"article\" \/>\n<meta property=\"og:title\" content=\"Les juniors lanest\u00e9riens sur la Ronde des Vall\u00e9es internationale \u00e0 H\u00e9monstoir - Avenir Cycliste Lanester 56\" \/>\n<meta property=\"og:description\" content=\"La Ronde des Vall\u00e9es s&rsquo;est d\u00e9roul\u00e9e ce dimanche \u00e0 H\u00e9monstoir, dans les C\u00f4tes d&rsquo;Armor. Cette \u00e9preuve internationale s&rsquo;est disput\u00e9e sur [&hellip;]\" \/>\n<meta property=\"og:url\" content=\"https:\/\/www.aclanester56.com\/velo\/les-juniors-lanesteriens-sur-la-ronde-des-vallees-internationale-a-hemonstoir\/\" \/>\n<meta property=\"og:site_name\" content=\"Avenir Cycliste Lanester 56\" \/>\n<meta property=\"article:publisher\" content=\"https:\/\/www.facebook.com\/pages\/AC-Lanester-56\/190286300991242?fref=ts\" \/>\n<meta property=\"article:published_time\" content=\"2010-08-16T08:00:04+00:00\" \/>\n<meta property=\"article:modified_time\" content=\"2010-09-03T14:14:00+00:00\" \/>\n<meta name=\"author\" content=\"Jean-Christophe\" \/>\n<meta name=\"twitter:label1\" content=\"\u00c9crit par\" \/>\n\t<meta name=\"twitter:data1\" content=\"Jean-Christophe\" \/>\n\t<meta name=\"twitter:label2\" content=\"Dur\u00e9e de lecture estim\u00e9e\" \/>\n\t<meta name=\"twitter:data2\" content=\"3 minutes\" \/>\n<script type=\"application\/ld+json\" class=\"yoast-schema-graph\">{\"@context\":\"https:\\\/\\\/schema.org\",\"@graph\":[{\"@type\":\"Article\",\"@id\":\"https:\\\/\\\/www.aclanester56.com\\\/velo\\\/les-juniors-lanesteriens-sur-la-ronde-des-vallees-internationale-a-hemonstoir\\\/#article\",\"isPartOf\":{\"@id\":\"https:\\\/\\\/www.aclanester56.com\\\/velo\\\/les-juniors-lanesteriens-sur-la-ronde-des-vallees-internationale-a-hemonstoir\\\/\"},\"author\":{\"name\":\"Jean-Christophe\",\"@id\":\"https:\\\/\\\/www.aclanester56.com\\\/velo\\\/#\\\/schema\\\/person\\\/ca2a44a5fd969e9dd846c72d3b33bc01\"},\"headline\":\"Les juniors lanest\u00e9riens sur la Ronde des Vall\u00e9es internationale \u00e0 H\u00e9monstoir\",\"datePublished\":\"2010-08-16T08:00:04+00:00\",\"dateModified\":\"2010-09-03T14:14:00+00:00\",\"mainEntityOfPage\":{\"@id\":\"https:\\\/\\\/www.aclanester56.com\\\/velo\\\/les-juniors-lanesteriens-sur-la-ronde-des-vallees-internationale-a-hemonstoir\\\/\"},\"wordCount\":702,\"commentCount\":0,\"publisher\":{\"@id\":\"https:\\\/\\\/www.aclanester56.com\\\/velo\\\/#organization\"},\"articleSection\":[\"AC LANESTER 56\",\"R\u00e9sultats\",\"R\u00e9sultats Juniors\"],\"inLanguage\":\"fr-FR\",\"potentialAction\":[{\"@type\":\"CommentAction\",\"name\":\"Comment\",\"target\":[\"https:\\\/\\\/www.aclanester56.com\\\/velo\\\/les-juniors-lanesteriens-sur-la-ronde-des-vallees-internationale-a-hemonstoir\\\/#respond\"]}]},{\"@type\":\"WebPage\",\"@id\":\"https:\\\/\\\/www.aclanester56.com\\\/velo\\\/les-juniors-lanesteriens-sur-la-ronde-des-vallees-internationale-a-hemonstoir\\\/\",\"url\":\"https:\\\/\\\/www.aclanester56.com\\\/velo\\\/les-juniors-lanesteriens-sur-la-ronde-des-vallees-internationale-a-hemonstoir\\\/\",\"name\":\"Les juniors lanest\u00e9riens sur la Ronde des Vall\u00e9es internationale \u00e0 H\u00e9monstoir - Avenir Cycliste Lanester 56\",\"isPartOf\":{\"@id\":\"https:\\\/\\\/www.aclanester56.com\\\/velo\\\/#website\"},\"datePublished\":\"2010-08-16T08:00:04+00:00\",\"dateModified\":\"2010-09-03T14:14:00+00:00\",\"inLanguage\":\"fr-FR\",\"potentialAction\":[{\"@type\":\"ReadAction\",\"target\":[\"https:\\\/\\\/www.aclanester56.com\\\/velo\\\/les-juniors-lanesteriens-sur-la-ronde-des-vallees-internationale-a-hemonstoir\\\/\"]}]},{\"@type\":\"WebSite\",\"@id\":\"https:\\\/\\\/www.aclanester56.com\\\/velo\\\/#website\",\"url\":\"https:\\\/\\\/www.aclanester56.com\\\/velo\\\/\",\"name\":\"Avenir Cycliste Lanester 56\",\"description\":\"Club cycliste de l&#039;AC LANESTER 56\",\"publisher\":{\"@id\":\"https:\\\/\\\/www.aclanester56.com\\\/velo\\\/#organization\"},\"potentialAction\":[{\"@type\":\"SearchAction\",\"target\":{\"@type\":\"EntryPoint\",\"urlTemplate\":\"https:\\\/\\\/www.aclanester56.com\\\/velo\\\/?s={search_term_string}\"},\"query-input\":{\"@type\":\"PropertyValueSpecification\",\"valueRequired\":true,\"valueName\":\"search_term_string\"}}],\"inLanguage\":\"fr-FR\"},{\"@type\":\"Organization\",\"@id\":\"https:\\\/\\\/www.aclanester56.com\\\/velo\\\/#organization\",\"name\":\"Avenir Cycliste Lanester 56\",\"url\":\"https:\\\/\\\/www.aclanester56.com\\\/velo\\\/\",\"logo\":{\"@type\":\"ImageObject\",\"inLanguage\":\"fr-FR\",\"@id\":\"https:\\\/\\\/www.aclanester56.com\\\/velo\\\/#\\\/schema\\\/logo\\\/image\\\/\",\"url\":\"https:\\\/\\\/www.aclanester56.com\\\/velo\\\/wp-content\\\/uploads\\\/2013\\\/04\\\/logo-ACL.jpg\",\"contentUrl\":\"https:\\\/\\\/www.aclanester56.com\\\/velo\\\/wp-content\\\/uploads\\\/2013\\\/04\\\/logo-ACL.jpg\",\"width\":400,\"height\":334,\"caption\":\"Avenir Cycliste Lanester 56\"},\"image\":{\"@id\":\"https:\\\/\\\/www.aclanester56.com\\\/velo\\\/#\\\/schema\\\/logo\\\/image\\\/\"},\"sameAs\":[\"https:\\\/\\\/www.facebook.com\\\/pages\\\/AC-Lanester-56\\\/190286300991242?fref=ts\"]},{\"@type\":\"Person\",\"@id\":\"https:\\\/\\\/www.aclanester56.com\\\/velo\\\/#\\\/schema\\\/person\\\/ca2a44a5fd969e9dd846c72d3b33bc01\",\"name\":\"Jean-Christophe\",\"url\":\"https:\\\/\\\/www.aclanester56.com\\\/velo\\\/author\\\/jeanchristophe\\\/\"}]}<\/script>\n<!-- \/ Yoast SEO plugin. -->","yoast_head_json":{"title":"Les juniors lanest\u00e9riens sur la Ronde des Vall\u00e9es internationale \u00e0 H\u00e9monstoir - Avenir Cycliste Lanester 56","robots":{"index":"index","follow":"follow","max-snippet":"max-snippet:-1","max-image-preview":"max-image-preview:large","max-video-preview":"max-video-preview:-1"},"canonical":"https:\/\/www.aclanester56.com\/velo\/les-juniors-lanesteriens-sur-la-ronde-des-vallees-internationale-a-hemonstoir\/","og_locale":"fr_FR","og_type":"article","og_title":"Les juniors lanest\u00e9riens sur la Ronde des Vall\u00e9es internationale \u00e0 H\u00e9monstoir - Avenir Cycliste Lanester 56","og_description":"La Ronde des Vall\u00e9es s&rsquo;est d\u00e9roul\u00e9e ce dimanche \u00e0 H\u00e9monstoir, dans les C\u00f4tes d&rsquo;Armor. Cette \u00e9preuve internationale s&rsquo;est disput\u00e9e sur [&hellip;]","og_url":"https:\/\/www.aclanester56.com\/velo\/les-juniors-lanesteriens-sur-la-ronde-des-vallees-internationale-a-hemonstoir\/","og_site_name":"Avenir Cycliste Lanester 56","article_publisher":"https:\/\/www.facebook.com\/pages\/AC-Lanester-56\/190286300991242?fref=ts","article_published_time":"2010-08-16T08:00:04+00:00","article_modified_time":"2010-09-03T14:14:00+00:00","author":"Jean-Christophe","twitter_misc":{"\u00c9crit par":"Jean-Christophe","Dur\u00e9e de lecture estim\u00e9e":"3 minutes"},"schema":{"@context":"https:\/\/schema.org","@graph":[{"@type":"Article","@id":"https:\/\/www.aclanester56.com\/velo\/les-juniors-lanesteriens-sur-la-ronde-des-vallees-internationale-a-hemonstoir\/#article","isPartOf":{"@id":"https:\/\/www.aclanester56.com\/velo\/les-juniors-lanesteriens-sur-la-ronde-des-vallees-internationale-a-hemonstoir\/"},"author":{"name":"Jean-Christophe","@id":"https:\/\/www.aclanester56.com\/velo\/#\/schema\/person\/ca2a44a5fd969e9dd846c72d3b33bc01"},"headline":"Les juniors lanest\u00e9riens sur la Ronde des Vall\u00e9es internationale \u00e0 H\u00e9monstoir","datePublished":"2010-08-16T08:00:04+00:00","dateModified":"2010-09-03T14:14:00+00:00","mainEntityOfPage":{"@id":"https:\/\/www.aclanester56.com\/velo\/les-juniors-lanesteriens-sur-la-ronde-des-vallees-internationale-a-hemonstoir\/"},"wordCount":702,"commentCount":0,"publisher":{"@id":"https:\/\/www.aclanester56.com\/velo\/#organization"},"articleSection":["AC LANESTER 56","R\u00e9sultats","R\u00e9sultats Juniors"],"inLanguage":"fr-FR","potentialAction":[{"@type":"CommentAction","name":"Comment","target":["https:\/\/www.aclanester56.com\/velo\/les-juniors-lanesteriens-sur-la-ronde-des-vallees-internationale-a-hemonstoir\/#respond"]}]},{"@type":"WebPage","@id":"https:\/\/www.aclanester56.com\/velo\/les-juniors-lanesteriens-sur-la-ronde-des-vallees-internationale-a-hemonstoir\/","url":"https:\/\/www.aclanester56.com\/velo\/les-juniors-lanesteriens-sur-la-ronde-des-vallees-internationale-a-hemonstoir\/","name":"Les juniors lanest\u00e9riens sur la Ronde des Vall\u00e9es internationale \u00e0 H\u00e9monstoir - Avenir Cycliste Lanester 56","isPartOf":{"@id":"https:\/\/www.aclanester56.com\/velo\/#website"},"datePublished":"2010-08-16T08:00:04+00:00","dateModified":"2010-09-03T14:14:00+00:00","inLanguage":"fr-FR","potentialAction":[{"@type":"ReadAction","target":["https:\/\/www.aclanester56.com\/velo\/les-juniors-lanesteriens-sur-la-ronde-des-vallees-internationale-a-hemonstoir\/"]}]},{"@type":"WebSite","@id":"https:\/\/www.aclanester56.com\/velo\/#website","url":"https:\/\/www.aclanester56.com\/velo\/","name":"Avenir Cycliste Lanester 56","description":"Club cycliste de l&#039;AC LANESTER 56","publisher":{"@id":"https:\/\/www.aclanester56.com\/velo\/#organization"},"potentialAction":[{"@type":"SearchAction","target":{"@type":"EntryPoint","urlTemplate":"https:\/\/www.aclanester56.com\/velo\/?s={search_term_string}"},"query-input":{"@type":"PropertyValueSpecification","valueRequired":true,"valueName":"search_term_string"}}],"inLanguage":"fr-FR"},{"@type":"Organization","@id":"https:\/\/www.aclanester56.com\/velo\/#organization","name":"Avenir Cycliste Lanester 56","url":"https:\/\/www.aclanester56.com\/velo\/","logo":{"@type":"ImageObject","inLanguage":"fr-FR","@id":"https:\/\/www.aclanester56.com\/velo\/#\/schema\/logo\/image\/","url":"https:\/\/www.aclanester56.com\/velo\/wp-content\/uploads\/2013\/04\/logo-ACL.jpg","contentUrl":"https:\/\/www.aclanester56.com\/velo\/wp-content\/uploads\/2013\/04\/logo-ACL.jpg","width":400,"height":334,"caption":"Avenir Cycliste Lanester 56"},"image":{"@id":"https:\/\/www.aclanester56.com\/velo\/#\/schema\/logo\/image\/"},"sameAs":["https:\/\/www.facebook.com\/pages\/AC-Lanester-56\/190286300991242?fref=ts"]},{"@type":"Person","@id":"https:\/\/www.aclanester56.com\/velo\/#\/schema\/person\/ca2a44a5fd969e9dd846c72d3b33bc01","name":"Jean-Christophe","url":"https:\/\/www.aclanester56.com\/velo\/author\/jeanchristophe\/"}]}},"_links":{"self":[{"href":"https:\/\/www.aclanester56.com\/velo\/wp-json\/wp\/v2\/posts\/3697","targetHints":{"allow":["GET"]}}],"collection":[{"href":"https:\/\/www.aclanester56.com\/velo\/wp-json\/wp\/v2\/posts"}],"about":[{"href":"https:\/\/www.aclanester56.com\/velo\/wp-json\/wp\/v2\/types\/post"}],"author":[{"embeddable":true,"href":"https:\/\/www.aclanester56.com\/velo\/wp-json\/wp\/v2\/users\/14"}],"replies":[{"embeddable":true,"href":"https:\/\/www.aclanester56.com\/velo\/wp-json\/wp\/v2\/comments?post=3697"}],"version-history":[{"count":0,"href":"https:\/\/www.aclanester56.com\/velo\/wp-json\/wp\/v2\/posts\/3697\/revisions"}],"wp:attachment":[{"href":"https:\/\/www.aclanester56.com\/velo\/wp-json\/wp\/v2\/media?parent=3697"}],"wp:term":[{"taxonomy":"category","embeddable":true,"href":"https:\/\/www.aclanester56.com\/velo\/wp-json\/wp\/v2\/categories?post=3697"},{"taxonomy":"post_tag","embeddable":true,"href":"https:\/\/www.aclanester56.com\/velo\/wp-json\/wp\/v2\/tags?post=3697"}],"curies":[{"name":"wp","href":"https:\/\/api.w.org\/{rel}","templated":true}]}}